{"id":11869,"date":"2012-06-07T22:12:08","date_gmt":"2012-06-07T21:12:08","guid":{"rendered":"http:\/\/www.fjala.info\/?p=3161"},"modified":"2012-06-07T22:12:08","modified_gmt":"2012-06-07T21:12:08","slug":"pa-tvsh-dhe-kkrt-te-pavarur-nuk-ka-mjedis-ku-media-te-jete-e-lire","status":"publish","type":"post","link":"https:\/\/fjala.info\/2009-2015\/pa-tvsh-dhe-kkrt-te-pavarur-nuk-ka-mjedis-ku-media-te-jete-e-lire\/","title":{"rendered":"\u201cPa TVSH dhe KKRT t\u00eb pavarur nuk ka mjedis ku media t\u00eb jet\u00eb e lir\u00eb\u201d"},"content":{"rendered":"<p><img decoding=\"async\" class=\"alignright size-thumbnail wp-image-7236\" title=\"OSCE - takim p\u00ebr medien\" src=\"http:\/\/www.fjala.info\/2012\/osce_takim_media.jpg\" alt=\"\" width=\"300\" \/> <strong>TemA<\/strong>, <em>7 Qershor 2012<\/em><\/p>\n<p>P\u00ebrfaq\u00ebsuesja e OSBE-s\u00eb p\u00ebr Lirin\u00eb e Medias, Dunja Mijatovi\u00e7, n\u00eb tre dit\u00eb q\u00ebndrimi n\u00eb Tiran\u00eb ka p\u00ebrs\u00ebritur me forc\u00eb disa mesazhe, q\u00eb p\u00ebrfaq\u00ebsuesi i OSBE n\u00eb Tiran\u00eb, Eugen Volfart, nuk i ka z\u00ebn\u00eb ndonj\u00ebher\u00eb n\u00eb goj\u00eb. N\u00eb fund t\u00eb vizit\u00ebs s\u00eb saj n\u00eb Shqip\u00ebri, Mijatovi\u00e7 doli p\u00ebrpara mediave me nj\u00eb deklarat\u00eb p\u00ebr shtyp. S\u00ebrish shum\u00eb televizione kan\u00eb theksuar faktin se ajo po shprehet kund\u00ebr dh\u00ebnies s\u00eb reklamave shtet\u00ebrore vet\u00ebm p\u00ebr mediat pran\u00eb qeveris\u00eb. Por Mijatovi\u00e7 ka p\u00ebrcjell\u00eb edhe mesazhe t\u00eb tjera.<\/p>\n<p>\u201cMoszbatimi i plot\u00eb i ligjeve p\u00ebr median, presioni ekonomik, klientelizmi dhe partishm\u00ebria e pronar\u00ebve t\u00eb mediave, si dhe kushtet e k\u00ebqija t\u00eb pun\u00ebs p\u00ebr gazetar\u00ebt (shumica e t\u00eb cil\u00ebve punoj\u00eb pa kontrat\u00eb), nj\u00eb transmetues publik dhe nj\u00eb rregullues transmetimesh t\u00eb dob\u00ebt e me v\u00ebshtir\u00ebsi t\u00eb m\u00ebdha financiare, si dhe fusha e parregulluar e transmetimeve dixhitale jan\u00eb sfidat m\u00eb t\u00eb m\u00ebdha, ve\u00e7an\u00ebrisht p\u00ebr gazetarin\u00eb investiguese n\u00eb Shqip\u00ebri,\u201d tha Mijatovi\u00e7.<\/p>\n<p>Sipas saj, n\u00ebse nuk ka nj\u00eb TVSH dhe KKRT t\u00eb pavarur, nuk ka mjedis p\u00ebr media t\u00eb lir\u00eb. \u201cPa nj\u00eb transmetues publik dhe nj\u00eb rregullues transmetimesh t\u00eb pavarur politikisht dhe financiarisht do t\u00eb jet\u00eb e pamundur t\u00eb krijohet nj\u00eb mjedis kur media t\u00eb jet\u00eb e lir\u00eb dhe e gjall\u00eb. \u00cbsht\u00eb nevoja t\u00eb reformohet RTSH-ja, si dhe KKRT-ja, n\u00eb m\u00ebnyr\u00eb q\u00eb ato t\u00eb mbrohen nga ndikimi politik si dhe t\u00eb sigurojn\u00eb financimin e tyre, ve\u00e7an\u00ebrisht tani kur Shqip\u00ebria po i drejtohet dixhitalizimit\u201d, tha Mijatovi\u00e7.<\/p>\n<p>Mijatovi\u00e7 mir\u00ebpriti vendimin e koh\u00ebve t\u00eb fundit p\u00ebr t\u00eb hequr d\u00ebnimin me burg p\u00ebr akuzat p\u00ebr shpifje nga Kodi Penal i Shqip\u00ebris\u00eb, si dhe gatishm\u00ebrin\u00eb e shprehur t\u00eb qeveris\u00eb p\u00ebr t\u00eb shkuar akoma m\u00eb tej e p\u00ebr ta depenalizuar plot\u00ebsisht shpifjen s\u00eb shpejti.<\/p>\n<p>\u201cGjithashtu, ligji p\u00ebr t\u00eb drejt\u00ebn e informimit p\u00ebr dokumentet zyrtare duhet t\u00eb zbatohet n\u00eb m\u00ebnyr\u00eb t\u00eb plot\u00eb,\u201d tha ajo.<\/p>\n<p>Mijatovi\u00e7 theksoi r\u00ebnd\u00ebsin\u00eb q\u00eb ka interneti i hapur dhe e lavd\u00ebroi Shqip\u00ebrin\u00eb q\u00eb vazhdon ta mbaj\u00eb t\u00eb lir\u00eb mjedisin online.<\/p>\n","protected":false},"excerpt":{"rendered":"<p>TemA, 7 Qershor 2012 P\u00ebrfaq\u00ebsuesja e OSBE-s\u00eb p\u00ebr Lirin\u00eb e Medias, Dunja Mijatovi\u00e7, n\u00eb tre dit\u00eb q\u00ebndrimi n\u00eb Tiran\u00eb ka p\u00ebrs\u00ebritur me forc\u00eb disa mesazhe, q\u00eb p\u00ebrfaq\u00ebsuesi i OSBE n\u00eb Tiran\u00eb, Eugen Volfart, nuk i ka z\u00ebn\u00eb ndonj\u00ebher\u00eb n\u00eb goj\u00eb. N\u00eb fund t\u00eb vizit\u00ebs s\u00eb saj n\u00eb Shqip\u00ebri, Mijatovi\u00e7 doli p\u00ebrpara mediave me nj\u00eb deklarat\u00eb [&hellip;]<\/p>\n","protected":false},"author":1,"featured_media":0,"comment_status":"open","ping_status":"closed","sticky":false,"template":"","format":"standard","meta":{"footnotes":""},"categories":[2,5],"tags":[],"class_list":{"0":"post-11869","1":"post","2":"type-post","3":"status-publish","4":"format-standard","6":"category-artikuj","7":"category-lajme"},"yoast_head":"<!-- This site is optimized with the Yoast SEO plugin v27.4 - https:\/\/yoast.com\/product\/yoast-seo-wordpress\/ -->\n<title>\u201cPa TVSH dhe KKRT t\u00eb pavarur nuk ka mjedis ku media t\u00eb jet\u00eb e lir\u00eb\u201d - FjALA e LIR\u00cb - Arkivi<\/title>\n<meta name=\"robots\" content=\"index, follow, max-snippet:-1, max-image-preview:large, max-video-preview:-1\" \/>\n<link rel=\"canonical\" href=\"https:\/\/fjala.info\/2009-2015\/pa-tvsh-dhe-kkrt-te-pavarur-nuk-ka-mjedis-ku-media-te-jete-e-lire\/\" \/>\n<meta property=\"og:locale\" content=\"sq_AL\" \/>\n<meta property=\"og:type\" content=\"article\" \/>\n<meta property=\"og:title\" content=\"\u201cPa TVSH dhe KKRT t\u00eb pavarur nuk ka mjedis ku media t\u00eb jet\u00eb e lir\u00eb\u201d - FjALA e LIR\u00cb - Arkivi\" \/>\n<meta property=\"og:description\" content=\"TemA, 7 Qershor 2012 P\u00ebrfaq\u00ebsuesja e OSBE-s\u00eb p\u00ebr Lirin\u00eb e Medias, Dunja Mijatovi\u00e7, n\u00eb tre dit\u00eb q\u00ebndrimi n\u00eb Tiran\u00eb ka p\u00ebrs\u00ebritur me forc\u00eb disa mesazhe, q\u00eb p\u00ebrfaq\u00ebsuesi i OSBE n\u00eb Tiran\u00eb, Eugen Volfart, nuk i ka z\u00ebn\u00eb ndonj\u00ebher\u00eb n\u00eb goj\u00eb. N\u00eb fund t\u00eb vizit\u00ebs s\u00eb saj n\u00eb Shqip\u00ebri, Mijatovi\u00e7 doli p\u00ebrpara mediave me nj\u00eb deklarat\u00eb [&hellip;]\" \/>\n<meta property=\"og:url\" content=\"https:\/\/fjala.info\/2009-2015\/pa-tvsh-dhe-kkrt-te-pavarur-nuk-ka-mjedis-ku-media-te-jete-e-lire\/\" \/>\n<meta property=\"og:site_name\" content=\"FjALA e LIR\u00cb - Arkivi\" \/>\n<meta property=\"article:published_time\" content=\"2012-06-07T21:12:08+00:00\" \/>\n<meta property=\"og:image\" content=\"http:\/\/www.fjala.info\/2012\/osce_takim_media.jpg\" \/>\n<meta name=\"author\" content=\"admin\" \/>\n<meta name=\"twitter:card\" content=\"summary_large_image\" \/>\n<meta name=\"twitter:label1\" content=\"Written by\" \/>\n\t<meta name=\"twitter:data1\" content=\"admin\" \/>\n\t<meta name=\"twitter:label2\" content=\"Est. reading time\" \/>\n\t<meta name=\"twitter:data2\" content=\"2 minutes\" \/>\n<script type=\"application\/ld+json\" class=\"yoast-schema-graph\">{\"@context\":\"https:\\\/\\\/schema.org\",\"@graph\":[{\"@type\":\"Article\",\"@id\":\"https:\\\/\\\/fjala.info\\\/2009-2015\\\/pa-tvsh-dhe-kkrt-te-pavarur-nuk-ka-mjedis-ku-media-te-jete-e-lire\\\/#article\",\"isPartOf\":{\"@id\":\"https:\\\/\\\/fjala.info\\\/2009-2015\\\/pa-tvsh-dhe-kkrt-te-pavarur-nuk-ka-mjedis-ku-media-te-jete-e-lire\\\/\"},\"author\":{\"name\":\"admin\",\"@id\":\"https:\\\/\\\/fjala.info\\\/2009-2015\\\/#\\\/schema\\\/person\\\/3aa1163ef05469c496fc94e77611ada2\"},\"headline\":\"\u201cPa TVSH dhe KKRT t\u00eb pavarur nuk ka mjedis ku media t\u00eb jet\u00eb e lir\u00eb\u201d\",\"datePublished\":\"2012-06-07T21:12:08+00:00\",\"mainEntityOfPage\":{\"@id\":\"https:\\\/\\\/fjala.info\\\/2009-2015\\\/pa-tvsh-dhe-kkrt-te-pavarur-nuk-ka-mjedis-ku-media-te-jete-e-lire\\\/\"},\"wordCount\":394,\"commentCount\":0,\"publisher\":{\"@id\":\"https:\\\/\\\/fjala.info\\\/2009-2015\\\/#organization\"},\"image\":{\"@id\":\"https:\\\/\\\/fjala.info\\\/2009-2015\\\/pa-tvsh-dhe-kkrt-te-pavarur-nuk-ka-mjedis-ku-media-te-jete-e-lire\\\/#primaryimage\"},\"thumbnailUrl\":\"http:\\\/\\\/www.fjala.info\\\/2012\\\/osce_takim_media.jpg\",\"articleSection\":[\"Artikuj\",\"Lajme\"],\"inLanguage\":\"sq-AL\",\"potentialAction\":[{\"@type\":\"CommentAction\",\"name\":\"Comment\",\"target\":[\"https:\\\/\\\/fjala.info\\\/2009-2015\\\/pa-tvsh-dhe-kkrt-te-pavarur-nuk-ka-mjedis-ku-media-te-jete-e-lire\\\/#respond\"]}]},{\"@type\":\"WebPage\",\"@id\":\"https:\\\/\\\/fjala.info\\\/2009-2015\\\/pa-tvsh-dhe-kkrt-te-pavarur-nuk-ka-mjedis-ku-media-te-jete-e-lire\\\/\",\"url\":\"https:\\\/\\\/fjala.info\\\/2009-2015\\\/pa-tvsh-dhe-kkrt-te-pavarur-nuk-ka-mjedis-ku-media-te-jete-e-lire\\\/\",\"name\":\"\u201cPa TVSH dhe KKRT t\u00eb pavarur nuk ka mjedis ku media t\u00eb jet\u00eb e lir\u00eb\u201d - FjALA e LIR\u00cb - Arkivi\",\"isPartOf\":{\"@id\":\"https:\\\/\\\/fjala.info\\\/2009-2015\\\/#website\"},\"primaryImageOfPage\":{\"@id\":\"https:\\\/\\\/fjala.info\\\/2009-2015\\\/pa-tvsh-dhe-kkrt-te-pavarur-nuk-ka-mjedis-ku-media-te-jete-e-lire\\\/#primaryimage\"},\"image\":{\"@id\":\"https:\\\/\\\/fjala.info\\\/2009-2015\\\/pa-tvsh-dhe-kkrt-te-pavarur-nuk-ka-mjedis-ku-media-te-jete-e-lire\\\/#primaryimage\"},\"thumbnailUrl\":\"http:\\\/\\\/www.fjala.info\\\/2012\\\/osce_takim_media.jpg\",\"datePublished\":\"2012-06-07T21:12:08+00:00\",\"breadcrumb\":{\"@id\":\"https:\\\/\\\/fjala.info\\\/2009-2015\\\/pa-tvsh-dhe-kkrt-te-pavarur-nuk-ka-mjedis-ku-media-te-jete-e-lire\\\/#breadcrumb\"},\"inLanguage\":\"sq-AL\",\"potentialAction\":[{\"@type\":\"ReadAction\",\"target\":[\"https:\\\/\\\/fjala.info\\\/2009-2015\\\/pa-tvsh-dhe-kkrt-te-pavarur-nuk-ka-mjedis-ku-media-te-jete-e-lire\\\/\"]}]},{\"@type\":\"ImageObject\",\"inLanguage\":\"sq-AL\",\"@id\":\"https:\\\/\\\/fjala.info\\\/2009-2015\\\/pa-tvsh-dhe-kkrt-te-pavarur-nuk-ka-mjedis-ku-media-te-jete-e-lire\\\/#primaryimage\",\"url\":\"http:\\\/\\\/www.fjala.info\\\/2012\\\/osce_takim_media.jpg\",\"contentUrl\":\"http:\\\/\\\/www.fjala.info\\\/2012\\\/osce_takim_media.jpg\"},{\"@type\":\"BreadcrumbList\",\"@id\":\"https:\\\/\\\/fjala.info\\\/2009-2015\\\/pa-tvsh-dhe-kkrt-te-pavarur-nuk-ka-mjedis-ku-media-te-jete-e-lire\\\/#breadcrumb\",\"itemListElement\":[{\"@type\":\"ListItem\",\"position\":1,\"name\":\"Home\",\"item\":\"https:\\\/\\\/fjala.info\\\/2009-2015\\\/\"},{\"@type\":\"ListItem\",\"position\":2,\"name\":\"\u201cPa TVSH dhe KKRT t\u00eb pavarur nuk ka mjedis ku media t\u00eb jet\u00eb e lir\u00eb\u201d\"}]},{\"@type\":\"WebSite\",\"@id\":\"https:\\\/\\\/fjala.info\\\/2009-2015\\\/#website\",\"url\":\"https:\\\/\\\/fjala.info\\\/2009-2015\\\/\",\"name\":\"FjALA e LIR\u00cb - Arkivi\",\"description\":\"Arkivi 2009-2015\",\"publisher\":{\"@id\":\"https:\\\/\\\/fjala.info\\\/2009-2015\\\/#organization\"},\"potentialAction\":[{\"@type\":\"SearchAction\",\"target\":{\"@type\":\"EntryPoint\",\"urlTemplate\":\"https:\\\/\\\/fjala.info\\\/2009-2015\\\/?s={search_term_string}\"},\"query-input\":{\"@type\":\"PropertyValueSpecification\",\"valueRequired\":true,\"valueName\":\"search_term_string\"}}],\"inLanguage\":\"sq-AL\"},{\"@type\":\"Organization\",\"@id\":\"https:\\\/\\\/fjala.info\\\/2009-2015\\\/#organization\",\"name\":\"FjALA e LIR\u00cb - Arkivi\",\"url\":\"https:\\\/\\\/fjala.info\\\/2009-2015\\\/\",\"logo\":{\"@type\":\"ImageObject\",\"inLanguage\":\"sq-AL\",\"@id\":\"https:\\\/\\\/fjala.info\\\/2009-2015\\\/#\\\/schema\\\/logo\\\/image\\\/\",\"url\":\"\",\"contentUrl\":\"\",\"caption\":\"FjALA e LIR\u00cb - Arkivi\"},\"image\":{\"@id\":\"https:\\\/\\\/fjala.info\\\/2009-2015\\\/#\\\/schema\\\/logo\\\/image\\\/\"}},{\"@type\":\"Person\",\"@id\":\"https:\\\/\\\/fjala.info\\\/2009-2015\\\/#\\\/schema\\\/person\\\/3aa1163ef05469c496fc94e77611ada2\",\"name\":\"admin\",\"image\":{\"@type\":\"ImageObject\",\"inLanguage\":\"sq-AL\",\"@id\":\"https:\\\/\\\/fjala.info\\\/2009-2015\\\/wp-content\\\/uploads\\\/2012\\\/02\\\/arben_cokaj-120x150.jpg\",\"url\":\"https:\\\/\\\/fjala.info\\\/2009-2015\\\/wp-content\\\/uploads\\\/2012\\\/02\\\/arben_cokaj-120x150.jpg\",\"contentUrl\":\"https:\\\/\\\/fjala.info\\\/2009-2015\\\/wp-content\\\/uploads\\\/2012\\\/02\\\/arben_cokaj-120x150.jpg\",\"caption\":\"admin\"},\"description\":\"Admin, Fjala e Lir\u00eb\",\"sameAs\":[\"https:\\\/\\\/fjala.info\\\/\"],\"url\":\"https:\\\/\\\/fjala.info\\\/2009-2015\\\/author\\\/admin\\\/\"}]}<\/script>\n<!-- \/ Yoast SEO plugin. -->","yoast_head_json":{"title":"\u201cPa TVSH dhe KKRT t\u00eb pavarur nuk ka mjedis ku media t\u00eb jet\u00eb e lir\u00eb\u201d - FjALA e LIR\u00cb - Arkivi","robots":{"index":"index","follow":"follow","max-snippet":"max-snippet:-1","max-image-preview":"max-image-preview:large","max-video-preview":"max-video-preview:-1"},"canonical":"https:\/\/fjala.info\/2009-2015\/pa-tvsh-dhe-kkrt-te-pavarur-nuk-ka-mjedis-ku-media-te-jete-e-lire\/","og_locale":"sq_AL","og_type":"article","og_title":"\u201cPa TVSH dhe KKRT t\u00eb pavarur nuk ka mjedis ku media t\u00eb jet\u00eb e lir\u00eb\u201d - FjALA e LIR\u00cb - Arkivi","og_description":"TemA, 7 Qershor 2012 P\u00ebrfaq\u00ebsuesja e OSBE-s\u00eb p\u00ebr Lirin\u00eb e Medias, Dunja Mijatovi\u00e7, n\u00eb tre dit\u00eb q\u00ebndrimi n\u00eb Tiran\u00eb ka p\u00ebrs\u00ebritur me forc\u00eb disa mesazhe, q\u00eb p\u00ebrfaq\u00ebsuesi i OSBE n\u00eb Tiran\u00eb, Eugen Volfart, nuk i ka z\u00ebn\u00eb ndonj\u00ebher\u00eb n\u00eb goj\u00eb. N\u00eb fund t\u00eb vizit\u00ebs s\u00eb saj n\u00eb Shqip\u00ebri, Mijatovi\u00e7 doli p\u00ebrpara mediave me nj\u00eb deklarat\u00eb [&hellip;]","og_url":"https:\/\/fjala.info\/2009-2015\/pa-tvsh-dhe-kkrt-te-pavarur-nuk-ka-mjedis-ku-media-te-jete-e-lire\/","og_site_name":"FjALA e LIR\u00cb - Arkivi","article_published_time":"2012-06-07T21:12:08+00:00","og_image":[{"url":"http:\/\/www.fjala.info\/2012\/osce_takim_media.jpg","type":"","width":"","height":""}],"author":"admin","twitter_card":"summary_large_image","twitter_misc":{"Written by":"admin","Est. reading time":"2 minutes"},"schema":{"@context":"https:\/\/schema.org","@graph":[{"@type":"Article","@id":"https:\/\/fjala.info\/2009-2015\/pa-tvsh-dhe-kkrt-te-pavarur-nuk-ka-mjedis-ku-media-te-jete-e-lire\/#article","isPartOf":{"@id":"https:\/\/fjala.info\/2009-2015\/pa-tvsh-dhe-kkrt-te-pavarur-nuk-ka-mjedis-ku-media-te-jete-e-lire\/"},"author":{"name":"admin","@id":"https:\/\/fjala.info\/2009-2015\/#\/schema\/person\/3aa1163ef05469c496fc94e77611ada2"},"headline":"\u201cPa TVSH dhe KKRT t\u00eb pavarur nuk ka mjedis ku media t\u00eb jet\u00eb e lir\u00eb\u201d","datePublished":"2012-06-07T21:12:08+00:00","mainEntityOfPage":{"@id":"https:\/\/fjala.info\/2009-2015\/pa-tvsh-dhe-kkrt-te-pavarur-nuk-ka-mjedis-ku-media-te-jete-e-lire\/"},"wordCount":394,"commentCount":0,"publisher":{"@id":"https:\/\/fjala.info\/2009-2015\/#organization"},"image":{"@id":"https:\/\/fjala.info\/2009-2015\/pa-tvsh-dhe-kkrt-te-pavarur-nuk-ka-mjedis-ku-media-te-jete-e-lire\/#primaryimage"},"thumbnailUrl":"http:\/\/www.fjala.info\/2012\/osce_takim_media.jpg","articleSection":["Artikuj","Lajme"],"inLanguage":"sq-AL","potentialAction":[{"@type":"CommentAction","name":"Comment","target":["https:\/\/fjala.info\/2009-2015\/pa-tvsh-dhe-kkrt-te-pavarur-nuk-ka-mjedis-ku-media-te-jete-e-lire\/#respond"]}]},{"@type":"WebPage","@id":"https:\/\/fjala.info\/2009-2015\/pa-tvsh-dhe-kkrt-te-pavarur-nuk-ka-mjedis-ku-media-te-jete-e-lire\/","url":"https:\/\/fjala.info\/2009-2015\/pa-tvsh-dhe-kkrt-te-pavarur-nuk-ka-mjedis-ku-media-te-jete-e-lire\/","name":"\u201cPa TVSH dhe KKRT t\u00eb pavarur nuk ka mjedis ku media t\u00eb jet\u00eb e lir\u00eb\u201d - FjALA e LIR\u00cb - Arkivi","isPartOf":{"@id":"https:\/\/fjala.info\/2009-2015\/#website"},"primaryImageOfPage":{"@id":"https:\/\/fjala.info\/2009-2015\/pa-tvsh-dhe-kkrt-te-pavarur-nuk-ka-mjedis-ku-media-te-jete-e-lire\/#primaryimage"},"image":{"@id":"https:\/\/fjala.info\/2009-2015\/pa-tvsh-dhe-kkrt-te-pavarur-nuk-ka-mjedis-ku-media-te-jete-e-lire\/#primaryimage"},"thumbnailUrl":"http:\/\/www.fjala.info\/2012\/osce_takim_media.jpg","datePublished":"2012-06-07T21:12:08+00:00","breadcrumb":{"@id":"https:\/\/fjala.info\/2009-2015\/pa-tvsh-dhe-kkrt-te-pavarur-nuk-ka-mjedis-ku-media-te-jete-e-lire\/#breadcrumb"},"inLanguage":"sq-AL","potentialAction":[{"@type":"ReadAction","target":["https:\/\/fjala.info\/2009-2015\/pa-tvsh-dhe-kkrt-te-pavarur-nuk-ka-mjedis-ku-media-te-jete-e-lire\/"]}]},{"@type":"ImageObject","inLanguage":"sq-AL","@id":"https:\/\/fjala.info\/2009-2015\/pa-tvsh-dhe-kkrt-te-pavarur-nuk-ka-mjedis-ku-media-te-jete-e-lire\/#primaryimage","url":"http:\/\/www.fjala.info\/2012\/osce_takim_media.jpg","contentUrl":"http:\/\/www.fjala.info\/2012\/osce_takim_media.jpg"},{"@type":"BreadcrumbList","@id":"https:\/\/fjala.info\/2009-2015\/pa-tvsh-dhe-kkrt-te-pavarur-nuk-ka-mjedis-ku-media-te-jete-e-lire\/#breadcrumb","itemListElement":[{"@type":"ListItem","position":1,"name":"Home","item":"https:\/\/fjala.info\/2009-2015\/"},{"@type":"ListItem","position":2,"name":"\u201cPa TVSH dhe KKRT t\u00eb pavarur nuk ka mjedis ku media t\u00eb jet\u00eb e lir\u00eb\u201d"}]},{"@type":"WebSite","@id":"https:\/\/fjala.info\/2009-2015\/#website","url":"https:\/\/fjala.info\/2009-2015\/","name":"FjALA e LIR\u00cb - Arkivi","description":"Arkivi 2009-2015","publisher":{"@id":"https:\/\/fjala.info\/2009-2015\/#organization"},"potentialAction":[{"@type":"SearchAction","target":{"@type":"EntryPoint","urlTemplate":"https:\/\/fjala.info\/2009-2015\/?s={search_term_string}"},"query-input":{"@type":"PropertyValueSpecification","valueRequired":true,"valueName":"search_term_string"}}],"inLanguage":"sq-AL"},{"@type":"Organization","@id":"https:\/\/fjala.info\/2009-2015\/#organization","name":"FjALA e LIR\u00cb - Arkivi","url":"https:\/\/fjala.info\/2009-2015\/","logo":{"@type":"ImageObject","inLanguage":"sq-AL","@id":"https:\/\/fjala.info\/2009-2015\/#\/schema\/logo\/image\/","url":"","contentUrl":"","caption":"FjALA e LIR\u00cb - Arkivi"},"image":{"@id":"https:\/\/fjala.info\/2009-2015\/#\/schema\/logo\/image\/"}},{"@type":"Person","@id":"https:\/\/fjala.info\/2009-2015\/#\/schema\/person\/3aa1163ef05469c496fc94e77611ada2","name":"admin","image":{"@type":"ImageObject","inLanguage":"sq-AL","@id":"https:\/\/fjala.info\/2009-2015\/wp-content\/uploads\/2012\/02\/arben_cokaj-120x150.jpg","url":"https:\/\/fjala.info\/2009-2015\/wp-content\/uploads\/2012\/02\/arben_cokaj-120x150.jpg","contentUrl":"https:\/\/fjala.info\/2009-2015\/wp-content\/uploads\/2012\/02\/arben_cokaj-120x150.jpg","caption":"admin"},"description":"Admin, Fjala e Lir\u00eb","sameAs":["https:\/\/fjala.info\/"],"url":"https:\/\/fjala.info\/2009-2015\/author\/admin\/"}]}},"_links":{"self":[{"href":"https:\/\/fjala.info\/2009-2015\/wp-json\/wp\/v2\/posts\/11869","targetHints":{"allow":["GET"]}}],"collection":[{"href":"https:\/\/fjala.info\/2009-2015\/wp-json\/wp\/v2\/posts"}],"about":[{"href":"https:\/\/fjala.info\/2009-2015\/wp-json\/wp\/v2\/types\/post"}],"author":[{"embeddable":true,"href":"https:\/\/fjala.info\/2009-2015\/wp-json\/wp\/v2\/users\/1"}],"replies":[{"embeddable":true,"href":"https:\/\/fjala.info\/2009-2015\/wp-json\/wp\/v2\/comments?post=11869"}],"version-history":[{"count":0,"href":"https:\/\/fjala.info\/2009-2015\/wp-json\/wp\/v2\/posts\/11869\/revisions"}],"wp:attachment":[{"href":"https:\/\/fjala.info\/2009-2015\/wp-json\/wp\/v2\/media?parent=11869"}],"wp:term":[{"taxonomy":"category","embeddable":true,"href":"https:\/\/fjala.info\/2009-2015\/wp-json\/wp\/v2\/categories?post=11869"},{"taxonomy":"post_tag","embeddable":true,"href":"https:\/\/fjala.info\/2009-2015\/wp-json\/wp\/v2\/tags?post=11869"}],"curies":[{"name":"wp","href":"https:\/\/api.w.org\/{rel}","templated":true}]}}