{"id":11853,"date":"2012-06-01T23:38:04","date_gmt":"2012-06-01T22:38:04","guid":{"rendered":"http:\/\/www.fjala.info\/?p=3059"},"modified":"2012-06-01T23:38:04","modified_gmt":"2012-06-01T22:38:04","slug":"konference-nderkombetare-per-fan-s-nolin","status":"publish","type":"post","link":"https:\/\/fjala.info\/2009-2015\/konference-nderkombetare-per-fan-s-nolin\/","title":{"rendered":"KONFERENC\u00cb ND\u00cbRKOMB\u00cbTARE P\u00cbR FAN S. NOLIN"},"content":{"rendered":"<p><img decoding=\"async\" class=\"alignright size-thumbnail wp-image-7236\" title=\"Arjan Th. Kall\u00e7o\" src=\"http:\/\/www.shkoder.net\/images\/fjala\/2011\/arjan_kallco.jpg\" alt=\"\" width=\"150\" \/> <strong>Arjan Th. Kall\u00e7o<\/strong><\/p>\n<p>Nuk ka dyshim q\u00eb Fan Noli \u00ebsht\u00eb nj\u00eb prej figurave m\u00eb t\u00eb r\u00ebnd\u00ebsishme t\u00eb historis\u00eb s\u00eb Shqip\u00ebris\u00eb, bile edhe m\u00eb i r\u00ebnd\u00ebsishmi, pasi g\u00ebrsheton n\u00eb vetvete njeriun diplomat, poltikan, prift, p\u00ebrkthyes, shkrimtar, eseist, poet. Nuk ka figur\u00eb t\u00eb till\u00eb n\u00eb historin\u00eb ton\u00eb q\u00eb t\u00eb ket\u00eb k\u00ebt\u00eb gjith\u00ebp\u00ebrfshirje n\u00eb veprimtarin\u00eb e tij dhe bashk\u00ebjetojn\u00eb me t\u00eb n\u00eb m\u00ebnyr\u00ebn m\u00eb t\u00eb qart\u00eb dhe me nj\u00eb lidhje t\u00eb pandar\u00eb, ashtu si vet\u00eb Noli q\u00eb edhe pse jetoi n\u00eb m\u00ebrgim, nuk rreshti s\u00eb punuari p\u00ebr atdheun e vet. N\u00eb k\u00ebt\u00eb pik\u00eb t\u00eb gjith\u00eb jan\u00eb dakort dhe nuk ka asnj\u00eb tez\u00eb tjet\u00ebr q\u00eb ta kund\u00ebrshtoj\u00eb, ve\u00e7 disa teori\u00e7ka t\u00eb shtrembra q\u00eb lind\u00ebn pas viteve \u201990 n\u00eb uraganin e shkat\u00ebrrimit t\u00eb gjith\u00e7kaje q\u00eb ishte krijuar nga brezat dhe rishikimit turkoshak t\u00eb historis\u00eb q\u00eb sot m\u00eb shum\u00eb se kurr\u00eb ka z\u00ebn\u00eb rrenj\u00eb tek xhuxh\u00ebt e revizionimit t\u00eb histories, q\u00eb nuk mund t\u00eb maten kurr\u00eb me vigan\u00ebt e mendimit dhe p\u00ebrparimit t\u00eb vendit.<\/p>\n<p>N\u00eb datat 30-31 maj u mbajt n\u00eb Universitetin e Kor\u00e7\u00ebs pik\u00ebrisht n\u00eb p\u00ebrkim me dat\u00eblindjen e Nolit, nj\u00eb konferenc\u00eb me rastin e 130 vjetorit t\u00eb lindjes dhe 100 vjetorin e Pavar\u00ebsis\u00eb son\u00eb komb\u00ebtare.<br \/>\nN\u00eb dit\u00ebn e par\u00eb u p\u00ebrurua n\u00eb nj\u00eb nga mjediset e universitetit busti i Nolit q\u00eb do ta zbukuroj\u00eb edhe m\u00eb shum\u00eb figur\u00ebn e tij n\u00eb k\u00ebt\u00eb vit jubilar. N\u00eb sall\u00ebn e amfiteatrit n\u00eb nj\u00eb senac\u00eb plenare hapi siparin konferenca n\u00eb t\u00eb cil\u00ebn mor\u00ebn pjes\u00eb studiues nga universitete t\u00eb vendit dhe t\u00eb huaja, nga institucionet e shkenc\u00ebs shqiptare, por edhe t\u00eb shqiptar\u00ebve nga Kosova, Maqedonia, arb\u00ebresh\u00ebt e Italis\u00eb etj.<br \/>\nN\u00eb fjal\u00ebn e hapjes Dekani i Fakultetit t\u00eb Edukimit dhe Filologjis\u00eb, Ali Jashari, u shpreh se Universiteti i Kor\u00e7\u00ebs mban emrin e Nolit dhe kjo ka r\u00ebnd\u00ebsi p\u00ebr vlerat dhe momentin n\u00eb t\u00eb cilin mbahet. R\u00ebnd\u00ebsin\u00eb e saj e tregon edhe fakti q\u00eb marrin pjes\u00eb 115 kumtues nga 14 universitete dhe institucione shkencore si dhe nj\u00eb prej studiuesve m\u00eb t\u00eb shquar nolian\u00eb, Nasho Jorgaqi.<\/p>\n<p>Rektori Gjergji Mero e quajti konferenc\u00ebn nj\u00eb eveniment t\u00eb shquar p\u00ebr universitetin dhe mbar\u00eb shqiptar\u00ebt. Noli \u00ebsht\u00eb nj\u00eb prej figurave m\u00eb t\u00eb m\u00ebdha t\u00eb kombit, pasi \u00ebsht\u00eb shkrimtar, p\u00ebrkthyes, patriot, eseist. Nga kjo konferenc\u00eb duhet t\u00eb nxjerrim n\u00eb drit\u00eb pun\u00eb e Nolit, por edhe t\u00eb patriot\u00ebve t\u00eb tjer\u00eb q\u00eb punuan p\u00ebr zgjimin e vet\u00ebdijes komb\u00ebtare. Universiteti e ka nder dhe detyr\u00eb, duke q\u00ebn\u00eb nism\u00ebtar i konferenc\u00ebs, n\u00eb kuadrin e ngjarjeve t\u00eb m\u00ebdha t\u00eb 100 vjetorit t\u00eb Pavar\u00ebsis\u00eb, prandaj duhen nxjerr\u00eb vlerat e larta patriotike t\u00eb dijetar\u00ebve t\u00eb shquar shqiptar\u00eb.<br \/>\nStudiuesi Jorgo Bulo e quajti Nolin smbol i liberatorit q\u00eb sfidon konjukturat e \u00e7do kohe. Morali i mesazhit i kap\u00ebrcen caqet e koh\u00ebs.<br \/>\nM\u00eb pas u shfaq nj\u00eb dokumentar mbi jet\u00ebn e Nolit.<br \/>\nStudiuesi Nasho Jorgaqi e vler\u00ebsoi lart figur\u00ebn e nolit si i pari q\u00eb b\u00ebri t\u00eb mundur futjen e Shqip\u00ebris\u00eb n\u00eb Lidhjen e Kombeve. Mesazhi i Nolit se do t\u00eb kem nj\u00eb z\u00eb dhe do ta p\u00ebrdor p\u00ebr paqen jan\u00eb fjal\u00ebt m\u00eb t\u00eb vyera t\u00eb k\u00ebsaj figure. Kontributi i tij del n\u00eb lidhjet q\u00eb Shqip\u00ebria pati me Amerik\u00ebn dhe p\u00ebrkrahja e kauz\u00ebs son\u00eb komb\u00ebtare. Noli shkroi shum\u00eb artikuj dhe n\u00eb shum\u00eb takime me personalitete t\u00eb bot\u00ebs ai e mbrojti Shqip\u00ebrin\u00eb. Gazeta Adriatike ishte pasqyra e ideve t\u00eb tij. N\u00eb vitin 1922 ai e quajti nder t\u00eb madh q\u00eb ishte firm\u00ebtari i vendosjes s\u00eb marr\u00ebdh\u00ebnieve diplomatike me Shqip\u00ebrin\u00eb. Fjalimi i tij n\u00eb parlamentin shqipatr \u00ebsht\u00eb nga m\u00eb t\u00eb fuqishmit q\u00eb ka njohur historia jon\u00eb. Veprimtaria e tij pas lufte synon njohjen politike t\u00eb Shqip\u00ebris\u00eb, si njohja e rezistenc\u00ebs s\u00eb popullit shqiptar gjat\u00eb luft\u00ebs. Edhe n\u00eb vitet e m\u00ebvonshme treguan se k\u00ebshillat e tij ishin t\u00eb drejta, por nuk u d\u00ebgjuan nga autoritetet shqipatre t\u00eb koh\u00ebs. Her\u00ebn e fundit q\u00eb ai loboi p\u00ebr Shqip\u00ebrin\u00eb ishin ndihmat q\u00eb Amerika do t\u2019i jepte vendit, por ato u refuzuan dhe m\u00eb pas u zhvillua nj\u00eb propogand\u00eb e gjer\u00eb ndaj tyre.<br \/>\nStudiuesja tjet\u00ebr Floresha Dado u ndal n\u00eb rrug\u00ebn e let\u00ebrsis\u00eb pas viteve \u201990 dhe p\u00ebrfshirjen e autor\u00ebve t\u00eb p\u00ebrjashtuar dhe trajtimi i tyre \u00ebsht\u00eb i v\u00ebshtir\u00eb, prandaj i kushtohet r\u00ebnd\u00ebsi vlerave si kategori estetike dhe historike. P\u00ebr Nolin theksoi se vepra dhe veprimtaria e tij si struktur\u00eb \u00ebsht\u00eb e q\u00ebndrueshme dhe e pranueshme nga t\u00eb gjith\u00eb kritik\u00ebt. Historia e let\u00ebrsis\u00eb v\u00ebshtron fush\u00ebn dhe kriteret, reflekton realitetet dhe jo thjesht i pasqyron ato.<br \/>\nImzot Johani e quajti Nolin si figura m\u00eb e fuqishme dhe m\u00eb e njohur p\u00ebr Kish\u00ebn ortodokse shqiptare dhe lidhjet i ka tek f\u00ebmij\u00ebria e tij, kur kisha ishte institucioni q\u00eb kishte rolin kryesor n\u00eb shoq\u00ebri. Noli u ngrit mbi koh\u00ebn e tij dhe si intelektual apo k\u00ebrkues u ndikua, por fara e tij nuk u tha. Besimi \u00ebsht\u00eb k\u00ebrkim dhe Noli ishte k\u00ebrkues. Noli e ka deklaruar vet\u00eb se feja ishte puna e jet\u00ebs s\u00eb tij dhe dashuria e par\u00eb \u00ebsht\u00eb kisha. Ai \u00ebsht\u00eb ati i Kish\u00ebs autoqefale shqiptare.<br \/>\nPas kumtesave student\u00ebt e Fakultetit t\u00eb edukimit n\u00eb nj\u00eb veprimtari artistike i soll\u00ebn konferenc\u00ebs nj\u00eb atmosfer\u00eb tjet\u00ebr, at\u00eb q\u00eb i duhet sot vendit n\u00eb Festimet e 100 vjetorit t\u00eb Pavar\u00ebsis\u00eb.<br \/>\nN\u00eb dit\u00ebn e dyt\u00eb u vijua me kumtesat n\u00eb seksione ku u soll i gjith\u00eb kontributi i Nolit p\u00ebr Shqip\u00ebrin\u00eb, gjuh\u00ebn, let\u00ebrsin\u00eb, historin\u00eb, kritik\u00ebn.<\/p>\n","protected":false},"excerpt":{"rendered":"<p>Arjan Th. Kall\u00e7o Nuk ka dyshim q\u00eb Fan Noli \u00ebsht\u00eb nj\u00eb prej figurave m\u00eb t\u00eb r\u00ebnd\u00ebsishme t\u00eb historis\u00eb s\u00eb Shqip\u00ebris\u00eb, bile edhe m\u00eb i r\u00ebnd\u00ebsishmi, pasi g\u00ebrsheton n\u00eb vetvete njeriun diplomat, poltikan, prift, p\u00ebrkthyes, shkrimtar, eseist, poet. Nuk ka figur\u00eb t\u00eb till\u00eb n\u00eb historin\u00eb ton\u00eb q\u00eb t\u00eb ket\u00eb k\u00ebt\u00eb gjith\u00ebp\u00ebrfshirje n\u00eb veprimtarin\u00eb e tij dhe [&hellip;]<\/p>\n","protected":false},"author":1,"featured_media":0,"comment_status":"open","ping_status":"closed","sticky":false,"template":"","format":"standard","meta":{"footnotes":""},"categories":[2,7],"tags":[],"class_list":{"0":"post-11853","1":"post","2":"type-post","3":"status-publish","4":"format-standard","6":"category-artikuj","7":"category-letersi"},"yoast_head":"<!-- This site is optimized with the Yoast SEO plugin v27.4 - https:\/\/yoast.com\/product\/yoast-seo-wordpress\/ -->\n<title>KONFERENC\u00cb ND\u00cbRKOMB\u00cbTARE P\u00cbR FAN S. NOLIN - FjALA e LIR\u00cb - Arkivi<\/title>\n<meta name=\"robots\" content=\"index, follow, max-snippet:-1, max-image-preview:large, max-video-preview:-1\" \/>\n<link rel=\"canonical\" href=\"https:\/\/fjala.info\/2009-2015\/konference-nderkombetare-per-fan-s-nolin\/\" \/>\n<meta property=\"og:locale\" content=\"sq_AL\" \/>\n<meta property=\"og:type\" content=\"article\" \/>\n<meta property=\"og:title\" content=\"KONFERENC\u00cb ND\u00cbRKOMB\u00cbTARE P\u00cbR FAN S. NOLIN - FjALA e LIR\u00cb - Arkivi\" \/>\n<meta property=\"og:description\" content=\"Arjan Th. Kall\u00e7o Nuk ka dyshim q\u00eb Fan Noli \u00ebsht\u00eb nj\u00eb prej figurave m\u00eb t\u00eb r\u00ebnd\u00ebsishme t\u00eb historis\u00eb s\u00eb Shqip\u00ebris\u00eb, bile edhe m\u00eb i r\u00ebnd\u00ebsishmi, pasi g\u00ebrsheton n\u00eb vetvete njeriun diplomat, poltikan, prift, p\u00ebrkthyes, shkrimtar, eseist, poet. Nuk ka figur\u00eb t\u00eb till\u00eb n\u00eb historin\u00eb ton\u00eb q\u00eb t\u00eb ket\u00eb k\u00ebt\u00eb gjith\u00ebp\u00ebrfshirje n\u00eb veprimtarin\u00eb e tij dhe [&hellip;]\" \/>\n<meta property=\"og:url\" content=\"https:\/\/fjala.info\/2009-2015\/konference-nderkombetare-per-fan-s-nolin\/\" \/>\n<meta property=\"og:site_name\" content=\"FjALA e LIR\u00cb - Arkivi\" \/>\n<meta property=\"article:published_time\" content=\"2012-06-01T22:38:04+00:00\" \/>\n<meta property=\"og:image\" content=\"http:\/\/www.shkoder.net\/images\/fjala\/2011\/arjan_kallco.jpg\" \/>\n<meta name=\"author\" content=\"admin\" \/>\n<meta name=\"twitter:card\" content=\"summary_large_image\" \/>\n<meta name=\"twitter:label1\" content=\"Written by\" \/>\n\t<meta name=\"twitter:data1\" content=\"admin\" \/>\n\t<meta name=\"twitter:label2\" content=\"Est. reading time\" \/>\n\t<meta name=\"twitter:data2\" content=\"5 minutes\" \/>\n<script type=\"application\/ld+json\" class=\"yoast-schema-graph\">{\"@context\":\"https:\\\/\\\/schema.org\",\"@graph\":[{\"@type\":\"Article\",\"@id\":\"https:\\\/\\\/fjala.info\\\/2009-2015\\\/konference-nderkombetare-per-fan-s-nolin\\\/#article\",\"isPartOf\":{\"@id\":\"https:\\\/\\\/fjala.info\\\/2009-2015\\\/konference-nderkombetare-per-fan-s-nolin\\\/\"},\"author\":{\"name\":\"admin\",\"@id\":\"https:\\\/\\\/fjala.info\\\/2009-2015\\\/#\\\/schema\\\/person\\\/3aa1163ef05469c496fc94e77611ada2\"},\"headline\":\"KONFERENC\u00cb ND\u00cbRKOMB\u00cbTARE P\u00cbR FAN S. NOLIN\",\"datePublished\":\"2012-06-01T22:38:04+00:00\",\"mainEntityOfPage\":{\"@id\":\"https:\\\/\\\/fjala.info\\\/2009-2015\\\/konference-nderkombetare-per-fan-s-nolin\\\/\"},\"wordCount\":992,\"commentCount\":0,\"publisher\":{\"@id\":\"https:\\\/\\\/fjala.info\\\/2009-2015\\\/#organization\"},\"image\":{\"@id\":\"https:\\\/\\\/fjala.info\\\/2009-2015\\\/konference-nderkombetare-per-fan-s-nolin\\\/#primaryimage\"},\"thumbnailUrl\":\"http:\\\/\\\/www.shkoder.net\\\/images\\\/fjala\\\/2011\\\/arjan_kallco.jpg\",\"articleSection\":[\"Artikuj\",\"Let\u00ebrsi\"],\"inLanguage\":\"sq-AL\",\"potentialAction\":[{\"@type\":\"CommentAction\",\"name\":\"Comment\",\"target\":[\"https:\\\/\\\/fjala.info\\\/2009-2015\\\/konference-nderkombetare-per-fan-s-nolin\\\/#respond\"]}]},{\"@type\":\"WebPage\",\"@id\":\"https:\\\/\\\/fjala.info\\\/2009-2015\\\/konference-nderkombetare-per-fan-s-nolin\\\/\",\"url\":\"https:\\\/\\\/fjala.info\\\/2009-2015\\\/konference-nderkombetare-per-fan-s-nolin\\\/\",\"name\":\"KONFERENC\u00cb ND\u00cbRKOMB\u00cbTARE P\u00cbR FAN S. NOLIN - FjALA e LIR\u00cb - Arkivi\",\"isPartOf\":{\"@id\":\"https:\\\/\\\/fjala.info\\\/2009-2015\\\/#website\"},\"primaryImageOfPage\":{\"@id\":\"https:\\\/\\\/fjala.info\\\/2009-2015\\\/konference-nderkombetare-per-fan-s-nolin\\\/#primaryimage\"},\"image\":{\"@id\":\"https:\\\/\\\/fjala.info\\\/2009-2015\\\/konference-nderkombetare-per-fan-s-nolin\\\/#primaryimage\"},\"thumbnailUrl\":\"http:\\\/\\\/www.shkoder.net\\\/images\\\/fjala\\\/2011\\\/arjan_kallco.jpg\",\"datePublished\":\"2012-06-01T22:38:04+00:00\",\"breadcrumb\":{\"@id\":\"https:\\\/\\\/fjala.info\\\/2009-2015\\\/konference-nderkombetare-per-fan-s-nolin\\\/#breadcrumb\"},\"inLanguage\":\"sq-AL\",\"potentialAction\":[{\"@type\":\"ReadAction\",\"target\":[\"https:\\\/\\\/fjala.info\\\/2009-2015\\\/konference-nderkombetare-per-fan-s-nolin\\\/\"]}]},{\"@type\":\"ImageObject\",\"inLanguage\":\"sq-AL\",\"@id\":\"https:\\\/\\\/fjala.info\\\/2009-2015\\\/konference-nderkombetare-per-fan-s-nolin\\\/#primaryimage\",\"url\":\"http:\\\/\\\/www.shkoder.net\\\/images\\\/fjala\\\/2011\\\/arjan_kallco.jpg\",\"contentUrl\":\"http:\\\/\\\/www.shkoder.net\\\/images\\\/fjala\\\/2011\\\/arjan_kallco.jpg\"},{\"@type\":\"BreadcrumbList\",\"@id\":\"https:\\\/\\\/fjala.info\\\/2009-2015\\\/konference-nderkombetare-per-fan-s-nolin\\\/#breadcrumb\",\"itemListElement\":[{\"@type\":\"ListItem\",\"position\":1,\"name\":\"Home\",\"item\":\"https:\\\/\\\/fjala.info\\\/2009-2015\\\/\"},{\"@type\":\"ListItem\",\"position\":2,\"name\":\"KONFERENC\u00cb ND\u00cbRKOMB\u00cbTARE P\u00cbR FAN S. NOLIN\"}]},{\"@type\":\"WebSite\",\"@id\":\"https:\\\/\\\/fjala.info\\\/2009-2015\\\/#website\",\"url\":\"https:\\\/\\\/fjala.info\\\/2009-2015\\\/\",\"name\":\"FjALA e LIR\u00cb - Arkivi\",\"description\":\"Arkivi 2009-2015\",\"publisher\":{\"@id\":\"https:\\\/\\\/fjala.info\\\/2009-2015\\\/#organization\"},\"potentialAction\":[{\"@type\":\"SearchAction\",\"target\":{\"@type\":\"EntryPoint\",\"urlTemplate\":\"https:\\\/\\\/fjala.info\\\/2009-2015\\\/?s={search_term_string}\"},\"query-input\":{\"@type\":\"PropertyValueSpecification\",\"valueRequired\":true,\"valueName\":\"search_term_string\"}}],\"inLanguage\":\"sq-AL\"},{\"@type\":\"Organization\",\"@id\":\"https:\\\/\\\/fjala.info\\\/2009-2015\\\/#organization\",\"name\":\"FjALA e LIR\u00cb - Arkivi\",\"url\":\"https:\\\/\\\/fjala.info\\\/2009-2015\\\/\",\"logo\":{\"@type\":\"ImageObject\",\"inLanguage\":\"sq-AL\",\"@id\":\"https:\\\/\\\/fjala.info\\\/2009-2015\\\/#\\\/schema\\\/logo\\\/image\\\/\",\"url\":\"\",\"contentUrl\":\"\",\"caption\":\"FjALA e LIR\u00cb - Arkivi\"},\"image\":{\"@id\":\"https:\\\/\\\/fjala.info\\\/2009-2015\\\/#\\\/schema\\\/logo\\\/image\\\/\"}},{\"@type\":\"Person\",\"@id\":\"https:\\\/\\\/fjala.info\\\/2009-2015\\\/#\\\/schema\\\/person\\\/3aa1163ef05469c496fc94e77611ada2\",\"name\":\"admin\",\"image\":{\"@type\":\"ImageObject\",\"inLanguage\":\"sq-AL\",\"@id\":\"https:\\\/\\\/fjala.info\\\/2009-2015\\\/wp-content\\\/uploads\\\/2012\\\/02\\\/arben_cokaj-120x150.jpg\",\"url\":\"https:\\\/\\\/fjala.info\\\/2009-2015\\\/wp-content\\\/uploads\\\/2012\\\/02\\\/arben_cokaj-120x150.jpg\",\"contentUrl\":\"https:\\\/\\\/fjala.info\\\/2009-2015\\\/wp-content\\\/uploads\\\/2012\\\/02\\\/arben_cokaj-120x150.jpg\",\"caption\":\"admin\"},\"description\":\"Admin, Fjala e Lir\u00eb\",\"sameAs\":[\"https:\\\/\\\/fjala.info\\\/\"],\"url\":\"https:\\\/\\\/fjala.info\\\/2009-2015\\\/author\\\/admin\\\/\"}]}<\/script>\n<!-- \/ Yoast SEO plugin. -->","yoast_head_json":{"title":"KONFERENC\u00cb ND\u00cbRKOMB\u00cbTARE P\u00cbR FAN S. NOLIN - FjALA e LIR\u00cb - Arkivi","robots":{"index":"index","follow":"follow","max-snippet":"max-snippet:-1","max-image-preview":"max-image-preview:large","max-video-preview":"max-video-preview:-1"},"canonical":"https:\/\/fjala.info\/2009-2015\/konference-nderkombetare-per-fan-s-nolin\/","og_locale":"sq_AL","og_type":"article","og_title":"KONFERENC\u00cb ND\u00cbRKOMB\u00cbTARE P\u00cbR FAN S. NOLIN - FjALA e LIR\u00cb - Arkivi","og_description":"Arjan Th. Kall\u00e7o Nuk ka dyshim q\u00eb Fan Noli \u00ebsht\u00eb nj\u00eb prej figurave m\u00eb t\u00eb r\u00ebnd\u00ebsishme t\u00eb historis\u00eb s\u00eb Shqip\u00ebris\u00eb, bile edhe m\u00eb i r\u00ebnd\u00ebsishmi, pasi g\u00ebrsheton n\u00eb vetvete njeriun diplomat, poltikan, prift, p\u00ebrkthyes, shkrimtar, eseist, poet. Nuk ka figur\u00eb t\u00eb till\u00eb n\u00eb historin\u00eb ton\u00eb q\u00eb t\u00eb ket\u00eb k\u00ebt\u00eb gjith\u00ebp\u00ebrfshirje n\u00eb veprimtarin\u00eb e tij dhe [&hellip;]","og_url":"https:\/\/fjala.info\/2009-2015\/konference-nderkombetare-per-fan-s-nolin\/","og_site_name":"FjALA e LIR\u00cb - Arkivi","article_published_time":"2012-06-01T22:38:04+00:00","og_image":[{"url":"http:\/\/www.shkoder.net\/images\/fjala\/2011\/arjan_kallco.jpg","type":"","width":"","height":""}],"author":"admin","twitter_card":"summary_large_image","twitter_misc":{"Written by":"admin","Est. reading time":"5 minutes"},"schema":{"@context":"https:\/\/schema.org","@graph":[{"@type":"Article","@id":"https:\/\/fjala.info\/2009-2015\/konference-nderkombetare-per-fan-s-nolin\/#article","isPartOf":{"@id":"https:\/\/fjala.info\/2009-2015\/konference-nderkombetare-per-fan-s-nolin\/"},"author":{"name":"admin","@id":"https:\/\/fjala.info\/2009-2015\/#\/schema\/person\/3aa1163ef05469c496fc94e77611ada2"},"headline":"KONFERENC\u00cb ND\u00cbRKOMB\u00cbTARE P\u00cbR FAN S. NOLIN","datePublished":"2012-06-01T22:38:04+00:00","mainEntityOfPage":{"@id":"https:\/\/fjala.info\/2009-2015\/konference-nderkombetare-per-fan-s-nolin\/"},"wordCount":992,"commentCount":0,"publisher":{"@id":"https:\/\/fjala.info\/2009-2015\/#organization"},"image":{"@id":"https:\/\/fjala.info\/2009-2015\/konference-nderkombetare-per-fan-s-nolin\/#primaryimage"},"thumbnailUrl":"http:\/\/www.shkoder.net\/images\/fjala\/2011\/arjan_kallco.jpg","articleSection":["Artikuj","Let\u00ebrsi"],"inLanguage":"sq-AL","potentialAction":[{"@type":"CommentAction","name":"Comment","target":["https:\/\/fjala.info\/2009-2015\/konference-nderkombetare-per-fan-s-nolin\/#respond"]}]},{"@type":"WebPage","@id":"https:\/\/fjala.info\/2009-2015\/konference-nderkombetare-per-fan-s-nolin\/","url":"https:\/\/fjala.info\/2009-2015\/konference-nderkombetare-per-fan-s-nolin\/","name":"KONFERENC\u00cb ND\u00cbRKOMB\u00cbTARE P\u00cbR FAN S. NOLIN - FjALA e LIR\u00cb - Arkivi","isPartOf":{"@id":"https:\/\/fjala.info\/2009-2015\/#website"},"primaryImageOfPage":{"@id":"https:\/\/fjala.info\/2009-2015\/konference-nderkombetare-per-fan-s-nolin\/#primaryimage"},"image":{"@id":"https:\/\/fjala.info\/2009-2015\/konference-nderkombetare-per-fan-s-nolin\/#primaryimage"},"thumbnailUrl":"http:\/\/www.shkoder.net\/images\/fjala\/2011\/arjan_kallco.jpg","datePublished":"2012-06-01T22:38:04+00:00","breadcrumb":{"@id":"https:\/\/fjala.info\/2009-2015\/konference-nderkombetare-per-fan-s-nolin\/#breadcrumb"},"inLanguage":"sq-AL","potentialAction":[{"@type":"ReadAction","target":["https:\/\/fjala.info\/2009-2015\/konference-nderkombetare-per-fan-s-nolin\/"]}]},{"@type":"ImageObject","inLanguage":"sq-AL","@id":"https:\/\/fjala.info\/2009-2015\/konference-nderkombetare-per-fan-s-nolin\/#primaryimage","url":"http:\/\/www.shkoder.net\/images\/fjala\/2011\/arjan_kallco.jpg","contentUrl":"http:\/\/www.shkoder.net\/images\/fjala\/2011\/arjan_kallco.jpg"},{"@type":"BreadcrumbList","@id":"https:\/\/fjala.info\/2009-2015\/konference-nderkombetare-per-fan-s-nolin\/#breadcrumb","itemListElement":[{"@type":"ListItem","position":1,"name":"Home","item":"https:\/\/fjala.info\/2009-2015\/"},{"@type":"ListItem","position":2,"name":"KONFERENC\u00cb ND\u00cbRKOMB\u00cbTARE P\u00cbR FAN S. NOLIN"}]},{"@type":"WebSite","@id":"https:\/\/fjala.info\/2009-2015\/#website","url":"https:\/\/fjala.info\/2009-2015\/","name":"FjALA e LIR\u00cb - Arkivi","description":"Arkivi 2009-2015","publisher":{"@id":"https:\/\/fjala.info\/2009-2015\/#organization"},"potentialAction":[{"@type":"SearchAction","target":{"@type":"EntryPoint","urlTemplate":"https:\/\/fjala.info\/2009-2015\/?s={search_term_string}"},"query-input":{"@type":"PropertyValueSpecification","valueRequired":true,"valueName":"search_term_string"}}],"inLanguage":"sq-AL"},{"@type":"Organization","@id":"https:\/\/fjala.info\/2009-2015\/#organization","name":"FjALA e LIR\u00cb - Arkivi","url":"https:\/\/fjala.info\/2009-2015\/","logo":{"@type":"ImageObject","inLanguage":"sq-AL","@id":"https:\/\/fjala.info\/2009-2015\/#\/schema\/logo\/image\/","url":"","contentUrl":"","caption":"FjALA e LIR\u00cb - Arkivi"},"image":{"@id":"https:\/\/fjala.info\/2009-2015\/#\/schema\/logo\/image\/"}},{"@type":"Person","@id":"https:\/\/fjala.info\/2009-2015\/#\/schema\/person\/3aa1163ef05469c496fc94e77611ada2","name":"admin","image":{"@type":"ImageObject","inLanguage":"sq-AL","@id":"https:\/\/fjala.info\/2009-2015\/wp-content\/uploads\/2012\/02\/arben_cokaj-120x150.jpg","url":"https:\/\/fjala.info\/2009-2015\/wp-content\/uploads\/2012\/02\/arben_cokaj-120x150.jpg","contentUrl":"https:\/\/fjala.info\/2009-2015\/wp-content\/uploads\/2012\/02\/arben_cokaj-120x150.jpg","caption":"admin"},"description":"Admin, Fjala e Lir\u00eb","sameAs":["https:\/\/fjala.info\/"],"url":"https:\/\/fjala.info\/2009-2015\/author\/admin\/"}]}},"_links":{"self":[{"href":"https:\/\/fjala.info\/2009-2015\/wp-json\/wp\/v2\/posts\/11853","targetHints":{"allow":["GET"]}}],"collection":[{"href":"https:\/\/fjala.info\/2009-2015\/wp-json\/wp\/v2\/posts"}],"about":[{"href":"https:\/\/fjala.info\/2009-2015\/wp-json\/wp\/v2\/types\/post"}],"author":[{"embeddable":true,"href":"https:\/\/fjala.info\/2009-2015\/wp-json\/wp\/v2\/users\/1"}],"replies":[{"embeddable":true,"href":"https:\/\/fjala.info\/2009-2015\/wp-json\/wp\/v2\/comments?post=11853"}],"version-history":[{"count":0,"href":"https:\/\/fjala.info\/2009-2015\/wp-json\/wp\/v2\/posts\/11853\/revisions"}],"wp:attachment":[{"href":"https:\/\/fjala.info\/2009-2015\/wp-json\/wp\/v2\/media?parent=11853"}],"wp:term":[{"taxonomy":"category","embeddable":true,"href":"https:\/\/fjala.info\/2009-2015\/wp-json\/wp\/v2\/categories?post=11853"},{"taxonomy":"post_tag","embeddable":true,"href":"https:\/\/fjala.info\/2009-2015\/wp-json\/wp\/v2\/tags?post=11853"}],"curies":[{"name":"wp","href":"https:\/\/api.w.org\/{rel}","templated":true}]}}