{"id":11852,"date":"2012-05-29T06:25:16","date_gmt":"2012-05-29T05:25:16","guid":{"rendered":"http:\/\/www.fjala.info\/?p=3008"},"modified":"2012-05-29T06:25:16","modified_gmt":"2012-05-29T05:25:16","slug":"a-duhen-kontrolluar-nxenesit-tane","status":"publish","type":"post","link":"https:\/\/fjala.info\/2009-2015\/a-duhen-kontrolluar-nxenesit-tane\/","title":{"rendered":"A duhen kontrolluar nx\u00ebn\u00ebsit tan\u00eb?"},"content":{"rendered":"<p><img decoding=\"async\" class=\"alignright size-thumbnail wp-image-7236\" title=\"Arjan Kall\u00e7o\" src=\"http:\/\/www.shkoder.net\/images\/fjala\/2011\/arjan_kallco.jpg\" alt=\"\" width=\"150\" \/> <strong>Arjan Kall\u00e7o<\/strong><\/p>\n<p>Do t\u00eb ishte mir\u00eb sikur edhe tek ne disa nisma si kjo m\u00eb e fundit amerikane t\u00eb gjente zbatim edhe n\u00eb shkollat tona, ose t\u00eb pakt\u00ebn n\u00eb ato shkolla ku ka koh\u00eb q\u00eb rinia, n\u00eb vend q\u00eb t\u00eb jet\u00eb pjes\u00eb aktive e m\u00ebsimit \u00e7do dit\u00eb, e humb koh\u00ebn kot rrug\u00ebve apo kafeneve duke rufitur nj\u00eb kafe apo duke pir\u00eb cigare. Nuk \u00ebsht\u00eb m\u00eb \u00e7udi p\u00ebr ask\u00ebnd q\u00eb t\u00eb rinjt\u00eb sapo dalin nga klasat, p\u00ebr t\u00eb mos folur p\u00ebr student\u00ebt, marrin guximin q\u00eb ta ndezin at\u00eb brenda mjediseve t\u00eb shkoll\u00ebs.<\/p>\n<p>M\u00eb pas nj\u00eb pjes\u00eb e tyre nuk dihet se ku e kalojn\u00eb dit\u00ebn, duke u b\u00ebr\u00eb rrezik i mundshm\u00eb p\u00ebr drog\u00ebn apo fenomene t\u00eb tjera q\u00eb po e mbytin shoq\u00ebrin\u00eb shqiptare. Tek sa zhvillohen veprimtari t\u00eb shumta kulturore n\u00eb Kor\u00e7\u00eb, t\u00eb pakt\u00eb jan\u00eb ata q\u00eb i ndjekin rregullisht ato, p\u00ebr t\u00eb mos th\u00ebn\u00eb fare. N\u00eb dy veprimtarit\u00eb e fundit nj\u00eb promovim libri dhe n\u00ebj concert n\u00eb dy institucione t\u00eb kultur\u00ebs, pjes\u00ebmarrja e tyre ishte pothuaj e pap\u00ebrfillshme. T\u00eb rinjt\u00eb e sot\u00ebm hasin n\u00eb v\u00ebshtir\u00ebsi t\u00eb shumta q\u00eb lidhen me formimin tyre kulturor jasht\u00eb mjediseve t\u00eb shkoll\u00ebs.<\/p>\n<p>Edhe pse ftohen shpesh n\u00eb veprimtarit\u00eb kulturore, duket se v\u00ebmendja e tyre \u00ebsht\u00eb e gjitha e lidhur me net\u00eborket q\u00eb \u201cpo e marrin n\u00eb qaf\u00eb\u201d shumic\u00ebn e tyre. N\u00eb shkoll\u00ebn shqiptare ka koh\u00eb q\u00eb nuk ka m\u00eb v\u00ebmendje p\u00ebr k\u00ebt\u00eb problem, pasi \u00ebsht\u00eb e mjaftueshme pjes\u00ebmarrja n\u00eb m\u00ebsime. Se \u00e7far\u00eb b\u00ebn nx\u00ebn\u00ebsi m\u00eb pas duket se mbetet vet\u00ebm detyr\u00eb e familjes dhe jo e shoq\u00ebris\u00eb. Nj\u00eb shoq\u00ebri e molepsur nuk mund ta kthej\u00eb kurr\u00eb p\u00ebrq\u00ebndrimin maksimal t\u00eb saj tek brezi i ri dhe problematik\u00eb e tyre, pasi mendohet m\u00eb shum\u00eb p\u00ebr gj\u00ebra t\u00eb tjera dhe k\u00ebtu nj\u00eb rol tep\u00ebr negative po luan politika.<\/p>\n<p>Nx\u00ebn\u00ebsit do t\u2019i shoh\u00ebsh pjes\u00ebmarr\u00ebs n\u00eb fushatat elektorale, \u00ebsht\u00eb m\u00eb e leht\u00eb t\u2019i manipulosh n\u00eb to, sesa t\u00eb pretendosh nj\u00eb formim sa m\u00eb t\u00eb plot\u00eb t\u00eb tyre. Shembujt e shumt\u00eb t\u00eb kronikave t\u00eb p\u00ebrditshme n\u00eb ekrane apo gazeta jan\u00eb d\u00ebshmia m\u00eb e mir\u00eb e keqp\u00ebrdorimit t\u00eb synimeve ndaj tyre. Ndoshta \u00ebsht\u00eb momenti tep\u00ebr delikat q\u00eb n\u00eb vend t\u2019i mbushim shkollat me kompjutera dhe internet pa kurr\u00ebfar\u00eb kontrolli dhe t\u00eb gjejm\u00eb nj\u00eb m\u00ebnyr\u00eb q\u00eb s\u00eb pari t\u2019i edukojm\u00eb q\u00eb ta konsiderojn\u00eb shkoll\u00ebn nj\u00eb vend kun \u00eb mosh\u00ebn e tyre detyrimisht duhet frekuentuar.<\/p>\n<p>Pyetjes se a duhen kontrolluar f\u00ebmij\u00ebt, un\u00eb mendoj se \u00ebsht\u00eb mir\u00eb q\u00eb t\u00eb gjith\u00eb t\u2019i p\u00ebrgjigjemi pozitivisht Po, pasi realizojm\u00eb nj\u00eb prej synimeve t\u00eb shkoll\u00ebs q\u00eb \u00ebsht\u00eb edukimi i tyre me disiplin\u00ebn e saj dhe detyrat q\u00eb ka \u00e7do nx\u00ebn\u00ebs q\u00eb t\u00eb m\u00ebsoj\u00eb, bile sa m\u00eb shum\u00eb. M\u00eb pas kur ta kemi siguruar k\u00ebt\u00eb, mund t\u2019i dedikohemi teknologjis\u00eb s\u00eb informacionit q\u00eb edhe at\u00eb ta marrin t\u00eb duhur dhe n\u00eb koh\u00ebn e duhur. Nj\u00eb shoq\u00ebri pa disiplinimin e elementit ky\u00e7 t\u00eb formimit, nuk mund t\u00eb ec\u00eb para, sado reforma q\u00eb t\u00eb nd\u00ebrmerren nga qeverit\u00eb t\u00eb cilat nuk do t\u00eb jen\u00eb gj\u00eb tjet\u00ebr vet\u00ebm flluska sapuni t\u00eb rastit. Reformimi i baz\u00ebs s\u00eb shkoll\u00eb sipas modeleve tep\u00ebr tolerante apo pjes\u00ebmarr\u00ebse n\u00eb t\u00eb, duket se nuk po i pranon edhe vet\u00eb vendi m\u00eb tolerant q\u00eb mund t\u00eb njihet si Amerika.<\/p>\n<p>Nuk ka nevoj\u00eb m\u00eb p\u00ebr apel. Mjafton t\u00eb kontrollosh n\u00eb nj\u00eb ekran q\u00eb t\u00eb m\u00ebsosh n\u00ebse nj\u00eb nx\u00ebn\u00ebs \u00ebsht\u00eb n\u00eb shkoll\u00eb dhe ku gjendet sakt\u00ebsisht Brenda saj. Risia mb\u00ebrrin nga Teksasi, ku shkollat do t\u00eb adoptojn\u00eb nj\u00eb system t\u00eb gjetjes automatic lidhur me pranin\u00eb e nx\u00ebn\u00ebsve gjat\u00eb or\u00ebve t\u00eb m\u00ebsimit, e gjitha kjo e bazuar tek p\u00ebrdorimi I radiofrekuencave. N\u00eb Konten\u00eb e Bexarit nx\u00ebn\u00ebsit do t\u00eb ken\u00eb n\u00eb dispozicion nj\u00eb mikro\u00e7ip t\u00eb pajisur me anten\u00eb \u2013 tag \u2013 q\u00eb transmeton informacione tek nj\u00eb mekaniz\u00ebm leximi.<\/p>\n<p>Teknologjia \u00ebsht\u00eb e aft\u00eb t\u00eb b\u00ebj\u00eb tage p\u00ebr student\u00ebt : tregojn\u00eb hyrjen n\u00eb shkoll\u00eb, pranin\u00eb n\u00eb m\u00ebsime dhe vendndodhjen e tyre Brenda kompleksit shkollor. Ideator\u00ebt e programit sigurojn\u00eb se b\u00ebhet fjal\u00eb p\u00ebr nj\u00eb metod\u00eb q\u00eb do t\u2019i b\u00ebj\u00eb shkollat m\u00eb t\u00eb sigurta, por kjo k\u00ebrkon shtimin e fondeve shtet\u00ebrore. Me k\u00ebt\u00eb shpresohet q\u00eb t\u00eb luftohen mungesat n\u00eb shkoll\u00eb dhe t\u00eb merren burime sa m\u00eb t\u00eb m\u00ebdha nga shteti, meq\u00eb shkollat financohen n\u00eb baz\u00eb t\u00eb p\u00ebrqindjes s\u00eb frekuentimit.<\/p>\n<p>P\u00ebr momentin b\u00ebhet fjal\u00eb p\u00ebr nj\u00eb projekt pilot q\u00eb p\u00ebrfshin dy shkolla; John Jay High School e la Anson Jones Middle School dhe 6 mij\u00eb nx\u00ebn\u00ebsit, duke i shtuar edhe ata me aft\u00ebsi t\u00eb kufizuara. Po t\u00eb ket\u00eb p\u00ebrgjigje positive, programi do t\u00eb zgjerohet n\u00eb t\u00eb gjitha shkollat e rrethit me nj\u00eb num\u00ebr t\u00eb madh deri n\u00eb 100 mij\u00eb nx\u00ebn\u00ebs. Nj\u00eb mas\u00eb kjo q\u00eb ka miratimin e prind\u00ebrve, pasi duan t\u00eb din\u00eb se ku jan\u00eb f\u00ebmij\u00ebt e tyre gjat\u00eb gjith\u00eb dit\u00ebs. Por ka edhe nj\u00eb problem q\u00eb shkon ndesh me jet\u00ebn private t\u00eb nx\u00ebn\u00ebsve: a respektohet ajo? Secila shkoll\u00eb edhe mund ta diskutoj\u00eb k\u00ebt\u00eb problem, por jam i mendimit se nuk mund t\u00eb flitet p\u00ebr jet\u00ebn private t\u00eb nx\u00ebn\u00ebsve n\u00eb shkoll\u00eb. \u00c7do gj\u00eb ka koh\u00ebn e vet.<\/p>\n<p>*) <em>Pedagog i Gjuh\u00ebs Italiane Universiteti Fan S. Noli Kor\u00e7\u00eb<\/em><\/p>\n","protected":false},"excerpt":{"rendered":"<p>Arjan Kall\u00e7o Do t\u00eb ishte mir\u00eb sikur edhe tek ne disa nisma si kjo m\u00eb e fundit amerikane t\u00eb gjente zbatim edhe n\u00eb shkollat tona, ose t\u00eb pakt\u00ebn n\u00eb ato shkolla ku ka koh\u00eb q\u00eb rinia, n\u00eb vend q\u00eb t\u00eb jet\u00eb pjes\u00eb aktive e m\u00ebsimit \u00e7do dit\u00eb, e humb koh\u00ebn kot rrug\u00ebve apo kafeneve duke [&hellip;]<\/p>\n","protected":false},"author":1,"featured_media":0,"comment_status":"open","ping_status":"closed","sticky":false,"template":"","format":"standard","meta":{"footnotes":""},"categories":[2],"tags":[],"class_list":{"0":"post-11852","1":"post","2":"type-post","3":"status-publish","4":"format-standard","6":"category-artikuj"},"yoast_head":"<!-- This site is optimized with the Yoast SEO plugin v27.4 - https:\/\/yoast.com\/product\/yoast-seo-wordpress\/ -->\n<title>A duhen kontrolluar nx\u00ebn\u00ebsit tan\u00eb? - FjALA e LIR\u00cb - Arkivi<\/title>\n<meta name=\"robots\" content=\"index, follow, max-snippet:-1, max-image-preview:large, max-video-preview:-1\" \/>\n<link rel=\"canonical\" href=\"https:\/\/fjala.info\/2009-2015\/a-duhen-kontrolluar-nxenesit-tane\/\" \/>\n<meta property=\"og:locale\" content=\"sq_AL\" \/>\n<meta property=\"og:type\" content=\"article\" \/>\n<meta property=\"og:title\" content=\"A duhen kontrolluar nx\u00ebn\u00ebsit tan\u00eb? - FjALA e LIR\u00cb - Arkivi\" \/>\n<meta property=\"og:description\" content=\"Arjan Kall\u00e7o Do t\u00eb ishte mir\u00eb sikur edhe tek ne disa nisma si kjo m\u00eb e fundit amerikane t\u00eb gjente zbatim edhe n\u00eb shkollat tona, ose t\u00eb pakt\u00ebn n\u00eb ato shkolla ku ka koh\u00eb q\u00eb rinia, n\u00eb vend q\u00eb t\u00eb jet\u00eb pjes\u00eb aktive e m\u00ebsimit \u00e7do dit\u00eb, e humb koh\u00ebn kot rrug\u00ebve apo kafeneve duke [&hellip;]\" \/>\n<meta property=\"og:url\" content=\"https:\/\/fjala.info\/2009-2015\/a-duhen-kontrolluar-nxenesit-tane\/\" \/>\n<meta property=\"og:site_name\" content=\"FjALA e LIR\u00cb - Arkivi\" \/>\n<meta property=\"article:published_time\" content=\"2012-05-29T05:25:16+00:00\" \/>\n<meta property=\"og:image\" content=\"http:\/\/www.shkoder.net\/images\/fjala\/2011\/arjan_kallco.jpg\" \/>\n<meta name=\"author\" content=\"admin\" \/>\n<meta name=\"twitter:card\" content=\"summary_large_image\" \/>\n<meta name=\"twitter:label1\" content=\"Written by\" \/>\n\t<meta name=\"twitter:data1\" content=\"admin\" \/>\n\t<meta name=\"twitter:label2\" content=\"Est. reading time\" \/>\n\t<meta name=\"twitter:data2\" content=\"5 minutes\" \/>\n<script type=\"application\/ld+json\" class=\"yoast-schema-graph\">{\"@context\":\"https:\\\/\\\/schema.org\",\"@graph\":[{\"@type\":\"Article\",\"@id\":\"https:\\\/\\\/fjala.info\\\/2009-2015\\\/a-duhen-kontrolluar-nxenesit-tane\\\/#article\",\"isPartOf\":{\"@id\":\"https:\\\/\\\/fjala.info\\\/2009-2015\\\/a-duhen-kontrolluar-nxenesit-tane\\\/\"},\"author\":{\"name\":\"admin\",\"@id\":\"https:\\\/\\\/fjala.info\\\/2009-2015\\\/#\\\/schema\\\/person\\\/3aa1163ef05469c496fc94e77611ada2\"},\"headline\":\"A duhen kontrolluar nx\u00ebn\u00ebsit tan\u00eb?\",\"datePublished\":\"2012-05-29T05:25:16+00:00\",\"mainEntityOfPage\":{\"@id\":\"https:\\\/\\\/fjala.info\\\/2009-2015\\\/a-duhen-kontrolluar-nxenesit-tane\\\/\"},\"wordCount\":955,\"commentCount\":0,\"publisher\":{\"@id\":\"https:\\\/\\\/fjala.info\\\/2009-2015\\\/#organization\"},\"image\":{\"@id\":\"https:\\\/\\\/fjala.info\\\/2009-2015\\\/a-duhen-kontrolluar-nxenesit-tane\\\/#primaryimage\"},\"thumbnailUrl\":\"http:\\\/\\\/www.shkoder.net\\\/images\\\/fjala\\\/2011\\\/arjan_kallco.jpg\",\"articleSection\":[\"Artikuj\"],\"inLanguage\":\"sq-AL\",\"potentialAction\":[{\"@type\":\"CommentAction\",\"name\":\"Comment\",\"target\":[\"https:\\\/\\\/fjala.info\\\/2009-2015\\\/a-duhen-kontrolluar-nxenesit-tane\\\/#respond\"]}]},{\"@type\":\"WebPage\",\"@id\":\"https:\\\/\\\/fjala.info\\\/2009-2015\\\/a-duhen-kontrolluar-nxenesit-tane\\\/\",\"url\":\"https:\\\/\\\/fjala.info\\\/2009-2015\\\/a-duhen-kontrolluar-nxenesit-tane\\\/\",\"name\":\"A duhen kontrolluar nx\u00ebn\u00ebsit tan\u00eb? - FjALA e LIR\u00cb - Arkivi\",\"isPartOf\":{\"@id\":\"https:\\\/\\\/fjala.info\\\/2009-2015\\\/#website\"},\"primaryImageOfPage\":{\"@id\":\"https:\\\/\\\/fjala.info\\\/2009-2015\\\/a-duhen-kontrolluar-nxenesit-tane\\\/#primaryimage\"},\"image\":{\"@id\":\"https:\\\/\\\/fjala.info\\\/2009-2015\\\/a-duhen-kontrolluar-nxenesit-tane\\\/#primaryimage\"},\"thumbnailUrl\":\"http:\\\/\\\/www.shkoder.net\\\/images\\\/fjala\\\/2011\\\/arjan_kallco.jpg\",\"datePublished\":\"2012-05-29T05:25:16+00:00\",\"breadcrumb\":{\"@id\":\"https:\\\/\\\/fjala.info\\\/2009-2015\\\/a-duhen-kontrolluar-nxenesit-tane\\\/#breadcrumb\"},\"inLanguage\":\"sq-AL\",\"potentialAction\":[{\"@type\":\"ReadAction\",\"target\":[\"https:\\\/\\\/fjala.info\\\/2009-2015\\\/a-duhen-kontrolluar-nxenesit-tane\\\/\"]}]},{\"@type\":\"ImageObject\",\"inLanguage\":\"sq-AL\",\"@id\":\"https:\\\/\\\/fjala.info\\\/2009-2015\\\/a-duhen-kontrolluar-nxenesit-tane\\\/#primaryimage\",\"url\":\"http:\\\/\\\/www.shkoder.net\\\/images\\\/fjala\\\/2011\\\/arjan_kallco.jpg\",\"contentUrl\":\"http:\\\/\\\/www.shkoder.net\\\/images\\\/fjala\\\/2011\\\/arjan_kallco.jpg\"},{\"@type\":\"BreadcrumbList\",\"@id\":\"https:\\\/\\\/fjala.info\\\/2009-2015\\\/a-duhen-kontrolluar-nxenesit-tane\\\/#breadcrumb\",\"itemListElement\":[{\"@type\":\"ListItem\",\"position\":1,\"name\":\"Home\",\"item\":\"https:\\\/\\\/fjala.info\\\/2009-2015\\\/\"},{\"@type\":\"ListItem\",\"position\":2,\"name\":\"A duhen kontrolluar nx\u00ebn\u00ebsit tan\u00eb?\"}]},{\"@type\":\"WebSite\",\"@id\":\"https:\\\/\\\/fjala.info\\\/2009-2015\\\/#website\",\"url\":\"https:\\\/\\\/fjala.info\\\/2009-2015\\\/\",\"name\":\"FjALA e LIR\u00cb - Arkivi\",\"description\":\"Arkivi 2009-2015\",\"publisher\":{\"@id\":\"https:\\\/\\\/fjala.info\\\/2009-2015\\\/#organization\"},\"potentialAction\":[{\"@type\":\"SearchAction\",\"target\":{\"@type\":\"EntryPoint\",\"urlTemplate\":\"https:\\\/\\\/fjala.info\\\/2009-2015\\\/?s={search_term_string}\"},\"query-input\":{\"@type\":\"PropertyValueSpecification\",\"valueRequired\":true,\"valueName\":\"search_term_string\"}}],\"inLanguage\":\"sq-AL\"},{\"@type\":\"Organization\",\"@id\":\"https:\\\/\\\/fjala.info\\\/2009-2015\\\/#organization\",\"name\":\"FjALA e LIR\u00cb - Arkivi\",\"url\":\"https:\\\/\\\/fjala.info\\\/2009-2015\\\/\",\"logo\":{\"@type\":\"ImageObject\",\"inLanguage\":\"sq-AL\",\"@id\":\"https:\\\/\\\/fjala.info\\\/2009-2015\\\/#\\\/schema\\\/logo\\\/image\\\/\",\"url\":\"\",\"contentUrl\":\"\",\"caption\":\"FjALA e LIR\u00cb - Arkivi\"},\"image\":{\"@id\":\"https:\\\/\\\/fjala.info\\\/2009-2015\\\/#\\\/schema\\\/logo\\\/image\\\/\"}},{\"@type\":\"Person\",\"@id\":\"https:\\\/\\\/fjala.info\\\/2009-2015\\\/#\\\/schema\\\/person\\\/3aa1163ef05469c496fc94e77611ada2\",\"name\":\"admin\",\"image\":{\"@type\":\"ImageObject\",\"inLanguage\":\"sq-AL\",\"@id\":\"https:\\\/\\\/fjala.info\\\/2009-2015\\\/wp-content\\\/uploads\\\/2012\\\/02\\\/arben_cokaj-120x150.jpg\",\"url\":\"https:\\\/\\\/fjala.info\\\/2009-2015\\\/wp-content\\\/uploads\\\/2012\\\/02\\\/arben_cokaj-120x150.jpg\",\"contentUrl\":\"https:\\\/\\\/fjala.info\\\/2009-2015\\\/wp-content\\\/uploads\\\/2012\\\/02\\\/arben_cokaj-120x150.jpg\",\"caption\":\"admin\"},\"description\":\"Admin, Fjala e Lir\u00eb\",\"sameAs\":[\"https:\\\/\\\/fjala.info\\\/\"],\"url\":\"https:\\\/\\\/fjala.info\\\/2009-2015\\\/author\\\/admin\\\/\"}]}<\/script>\n<!-- \/ Yoast SEO plugin. -->","yoast_head_json":{"title":"A duhen kontrolluar nx\u00ebn\u00ebsit tan\u00eb? - FjALA e LIR\u00cb - Arkivi","robots":{"index":"index","follow":"follow","max-snippet":"max-snippet:-1","max-image-preview":"max-image-preview:large","max-video-preview":"max-video-preview:-1"},"canonical":"https:\/\/fjala.info\/2009-2015\/a-duhen-kontrolluar-nxenesit-tane\/","og_locale":"sq_AL","og_type":"article","og_title":"A duhen kontrolluar nx\u00ebn\u00ebsit tan\u00eb? - FjALA e LIR\u00cb - Arkivi","og_description":"Arjan Kall\u00e7o Do t\u00eb ishte mir\u00eb sikur edhe tek ne disa nisma si kjo m\u00eb e fundit amerikane t\u00eb gjente zbatim edhe n\u00eb shkollat tona, ose t\u00eb pakt\u00ebn n\u00eb ato shkolla ku ka koh\u00eb q\u00eb rinia, n\u00eb vend q\u00eb t\u00eb jet\u00eb pjes\u00eb aktive e m\u00ebsimit \u00e7do dit\u00eb, e humb koh\u00ebn kot rrug\u00ebve apo kafeneve duke [&hellip;]","og_url":"https:\/\/fjala.info\/2009-2015\/a-duhen-kontrolluar-nxenesit-tane\/","og_site_name":"FjALA e LIR\u00cb - Arkivi","article_published_time":"2012-05-29T05:25:16+00:00","og_image":[{"url":"http:\/\/www.shkoder.net\/images\/fjala\/2011\/arjan_kallco.jpg","type":"","width":"","height":""}],"author":"admin","twitter_card":"summary_large_image","twitter_misc":{"Written by":"admin","Est. reading time":"5 minutes"},"schema":{"@context":"https:\/\/schema.org","@graph":[{"@type":"Article","@id":"https:\/\/fjala.info\/2009-2015\/a-duhen-kontrolluar-nxenesit-tane\/#article","isPartOf":{"@id":"https:\/\/fjala.info\/2009-2015\/a-duhen-kontrolluar-nxenesit-tane\/"},"author":{"name":"admin","@id":"https:\/\/fjala.info\/2009-2015\/#\/schema\/person\/3aa1163ef05469c496fc94e77611ada2"},"headline":"A duhen kontrolluar nx\u00ebn\u00ebsit tan\u00eb?","datePublished":"2012-05-29T05:25:16+00:00","mainEntityOfPage":{"@id":"https:\/\/fjala.info\/2009-2015\/a-duhen-kontrolluar-nxenesit-tane\/"},"wordCount":955,"commentCount":0,"publisher":{"@id":"https:\/\/fjala.info\/2009-2015\/#organization"},"image":{"@id":"https:\/\/fjala.info\/2009-2015\/a-duhen-kontrolluar-nxenesit-tane\/#primaryimage"},"thumbnailUrl":"http:\/\/www.shkoder.net\/images\/fjala\/2011\/arjan_kallco.jpg","articleSection":["Artikuj"],"inLanguage":"sq-AL","potentialAction":[{"@type":"CommentAction","name":"Comment","target":["https:\/\/fjala.info\/2009-2015\/a-duhen-kontrolluar-nxenesit-tane\/#respond"]}]},{"@type":"WebPage","@id":"https:\/\/fjala.info\/2009-2015\/a-duhen-kontrolluar-nxenesit-tane\/","url":"https:\/\/fjala.info\/2009-2015\/a-duhen-kontrolluar-nxenesit-tane\/","name":"A duhen kontrolluar nx\u00ebn\u00ebsit tan\u00eb? - FjALA e LIR\u00cb - Arkivi","isPartOf":{"@id":"https:\/\/fjala.info\/2009-2015\/#website"},"primaryImageOfPage":{"@id":"https:\/\/fjala.info\/2009-2015\/a-duhen-kontrolluar-nxenesit-tane\/#primaryimage"},"image":{"@id":"https:\/\/fjala.info\/2009-2015\/a-duhen-kontrolluar-nxenesit-tane\/#primaryimage"},"thumbnailUrl":"http:\/\/www.shkoder.net\/images\/fjala\/2011\/arjan_kallco.jpg","datePublished":"2012-05-29T05:25:16+00:00","breadcrumb":{"@id":"https:\/\/fjala.info\/2009-2015\/a-duhen-kontrolluar-nxenesit-tane\/#breadcrumb"},"inLanguage":"sq-AL","potentialAction":[{"@type":"ReadAction","target":["https:\/\/fjala.info\/2009-2015\/a-duhen-kontrolluar-nxenesit-tane\/"]}]},{"@type":"ImageObject","inLanguage":"sq-AL","@id":"https:\/\/fjala.info\/2009-2015\/a-duhen-kontrolluar-nxenesit-tane\/#primaryimage","url":"http:\/\/www.shkoder.net\/images\/fjala\/2011\/arjan_kallco.jpg","contentUrl":"http:\/\/www.shkoder.net\/images\/fjala\/2011\/arjan_kallco.jpg"},{"@type":"BreadcrumbList","@id":"https:\/\/fjala.info\/2009-2015\/a-duhen-kontrolluar-nxenesit-tane\/#breadcrumb","itemListElement":[{"@type":"ListItem","position":1,"name":"Home","item":"https:\/\/fjala.info\/2009-2015\/"},{"@type":"ListItem","position":2,"name":"A duhen kontrolluar nx\u00ebn\u00ebsit tan\u00eb?"}]},{"@type":"WebSite","@id":"https:\/\/fjala.info\/2009-2015\/#website","url":"https:\/\/fjala.info\/2009-2015\/","name":"FjALA e LIR\u00cb - Arkivi","description":"Arkivi 2009-2015","publisher":{"@id":"https:\/\/fjala.info\/2009-2015\/#organization"},"potentialAction":[{"@type":"SearchAction","target":{"@type":"EntryPoint","urlTemplate":"https:\/\/fjala.info\/2009-2015\/?s={search_term_string}"},"query-input":{"@type":"PropertyValueSpecification","valueRequired":true,"valueName":"search_term_string"}}],"inLanguage":"sq-AL"},{"@type":"Organization","@id":"https:\/\/fjala.info\/2009-2015\/#organization","name":"FjALA e LIR\u00cb - Arkivi","url":"https:\/\/fjala.info\/2009-2015\/","logo":{"@type":"ImageObject","inLanguage":"sq-AL","@id":"https:\/\/fjala.info\/2009-2015\/#\/schema\/logo\/image\/","url":"","contentUrl":"","caption":"FjALA e LIR\u00cb - Arkivi"},"image":{"@id":"https:\/\/fjala.info\/2009-2015\/#\/schema\/logo\/image\/"}},{"@type":"Person","@id":"https:\/\/fjala.info\/2009-2015\/#\/schema\/person\/3aa1163ef05469c496fc94e77611ada2","name":"admin","image":{"@type":"ImageObject","inLanguage":"sq-AL","@id":"https:\/\/fjala.info\/2009-2015\/wp-content\/uploads\/2012\/02\/arben_cokaj-120x150.jpg","url":"https:\/\/fjala.info\/2009-2015\/wp-content\/uploads\/2012\/02\/arben_cokaj-120x150.jpg","contentUrl":"https:\/\/fjala.info\/2009-2015\/wp-content\/uploads\/2012\/02\/arben_cokaj-120x150.jpg","caption":"admin"},"description":"Admin, Fjala e Lir\u00eb","sameAs":["https:\/\/fjala.info\/"],"url":"https:\/\/fjala.info\/2009-2015\/author\/admin\/"}]}},"_links":{"self":[{"href":"https:\/\/fjala.info\/2009-2015\/wp-json\/wp\/v2\/posts\/11852","targetHints":{"allow":["GET"]}}],"collection":[{"href":"https:\/\/fjala.info\/2009-2015\/wp-json\/wp\/v2\/posts"}],"about":[{"href":"https:\/\/fjala.info\/2009-2015\/wp-json\/wp\/v2\/types\/post"}],"author":[{"embeddable":true,"href":"https:\/\/fjala.info\/2009-2015\/wp-json\/wp\/v2\/users\/1"}],"replies":[{"embeddable":true,"href":"https:\/\/fjala.info\/2009-2015\/wp-json\/wp\/v2\/comments?post=11852"}],"version-history":[{"count":0,"href":"https:\/\/fjala.info\/2009-2015\/wp-json\/wp\/v2\/posts\/11852\/revisions"}],"wp:attachment":[{"href":"https:\/\/fjala.info\/2009-2015\/wp-json\/wp\/v2\/media?parent=11852"}],"wp:term":[{"taxonomy":"category","embeddable":true,"href":"https:\/\/fjala.info\/2009-2015\/wp-json\/wp\/v2\/categories?post=11852"},{"taxonomy":"post_tag","embeddable":true,"href":"https:\/\/fjala.info\/2009-2015\/wp-json\/wp\/v2\/tags?post=11852"}],"curies":[{"name":"wp","href":"https:\/\/api.w.org\/{rel}","templated":true}]}}