{"id":11850,"date":"2012-05-27T21:48:19","date_gmt":"2012-05-27T20:48:19","guid":{"rendered":"http:\/\/www.fjala.info\/?p=3001"},"modified":"2012-05-27T21:48:19","modified_gmt":"2012-05-27T20:48:19","slug":"ata-qe-punojne-per-atdheun-e-tyre-i-njeh-populli-heret-ose-vone","status":"publish","type":"post","link":"https:\/\/fjala.info\/2009-2015\/ata-qe-punojne-per-atdheun-e-tyre-i-njeh-populli-heret-ose-vone\/","title":{"rendered":"Ata q\u00eb punojn\u00eb p\u00ebr atdheun e tyre i njeh populli heret ose von\u00eb"},"content":{"rendered":"<p><img decoding=\"async\" class=\"alignright size-thumbnail wp-image-7236\" title=\"Miradije Gashi\" src=\"http:\/\/www.shkoder.net\/2012\/miradije_gashi2.jpg\" alt=\"\" width=\"150\" \/> Nga <strong>Miradije Gashi<\/strong>, <em>Stuttgart<\/em><\/p>\n<p>N\u00eb periudha shum\u00eb t\u00eb r\u00ebnda t\u00eb jet\u00ebs son\u00eb komb\u00ebtare kudo q\u00eb jetuam e vepruam, jo t\u00eb gjith\u00eb deshmuam atdhetarizem sikurse jo t\u00eb gjith\u00eb jemi t\u00eb prirur p\u00ebr p\u00ebr\u00e7arje e urrejtje! M\u00ebnyra se si e luajm\u00eb rolin ton\u00eb n\u00eb ndonj\u00eb moment t\u00eb caktuar, sado arsye t\u00eb kemi p\u00ebr t\u2019u ndjer\u00eb mir\u00eb me kultur\u00ebn ton\u00eb, asgj\u00eb nuk po reflekton se kemi ndryshuar n\u00eb vlerat dhe sjelljet e p\u00ebrdit\u00ebshm\u00ebris\u00eb son\u00eb nacionale. Ekziston nj\u00eb mendim se ne jemi njer\u00ebz t\u00eb mir\u00eb, jemi trima e atdhetar\u00eb, por gjithnj\u00eb e m\u00eb shum\u00eb v\u00ebrej se urrejtja e naiviteti \u00ebsht\u00eb nj\u00eb emet\u00eb e jona gjenetike! Verb\u00ebria e egoizmit te tepruar mes nesh s\u2019dot\u00eb ket\u00eb m\u00eb tej vend p\u00ebr justifikim! E gjith\u00eb kjo ndoshta \u00ebsht\u00eb kontradiktore por mjerisht \u00ebsht\u00eb nj\u00eb realitet.<\/p>\n<p>Njeriu atdhetar, njeriu i kulturuar, njeriu i civilizuar, njeriu i arsimuar dhe njeriu i ngritur ne pikpamje intelektuale e komb\u00ebtare nuk do t\u2018i lejoj vetes dhe nuk dot\u00eb bie kurr\u00eb ne nivele t\u00eb ulta destruktive. N\u00eb rrug\u00ebtimin ton\u00eb jasht\u00eb atdheut dhe ne trazimet e shpirtit kurbet\u00e7ar nuk ke se si t\u00eb mos befasohesh kur sot \u00ebsht\u00eb ardh\u00eb nj\u00eb koh\u00eb n\u00eb t\u00eb cil\u00ebn njer\u00ebzit e zgjuar e t\u00eb urt\u00eb po p\u00ebrbuzen nga qyqaret q\u00eb pretendojn\u00eb e praktikojn\u00eb metoda vulgare, urryese, shpif\u00ebse prapa shpine vet\u00ebm sepse u b\u00ebn hije. Vall\u00eb rrezaton vlera t\u00eb sinqerta kjo dukuri ? Un\u00eb mendoj se k\u00ebto jan\u00eb marifete dhe hipokrizira tonat tipike! Thon\u00eb m\u00eb shum\u00eb skuqu para vetes sesa para t\u00eb tjer\u00ebve! Nj\u00eb mij\u00eb fjal\u00eb t\u00eb bukura nuk vlejn\u00eb, sa nj\u00eb veper e mir\u00eb q\u00eb e shohim me sy tan\u00eb. <\/p>\n<p>Mendjet e ndritura q\u00ebndrojn\u00eb mbi urrejtjen, mbi grindjen, mbi m\u00ebrin\u00eb mbi tiranik\u00ebt, mbi ziliqar\u00ebt etj. A duhet respektuar sot njeri-tjetrin? Un\u00eb them atdheun e bashkatdhetarin duhet nderuar nga zemra dhe arsyeja sepse populli shqiptar ka vuajtur shum\u00eb, ka rezistuar shum\u00eb, ka dh\u00ebn\u00eb trima shum\u00eb! \u00c7do brez shqiptar\u00ebsh u \u00ebsht\u00eb mir\u00ebnjoh\u00ebs atyre q\u00eb shum\u00eb b\u00ebn\u00eb p\u00ebr kauzen komb\u00ebtare. Shikoni se si disa intelektual b\u00ebjn\u00eb misione humanitare punojn\u00eb m\u00eb zem\u00ebrgjer\u00ebsi p\u00ebr t\u00eb arritur dhe p\u00ebr t\u00eb ndryshuar di\u00e7ka p\u00ebr t\u00eb mir\u00eb, duke ndier p\u00ebrgjegj\u00ebsi p\u00ebr t\u00eb ardhmen e brezave q\u00eb vijn\u00eb, duke e kthyer n\u00eb nj\u00eb mesazh men\u00e7urin\u00eb dhe af\u00ebrin\u00eb e njer\u00ebzve t\u00eb kombit ton\u00eb . V\u00ebrtet\u00eb krenohesh kur t\u00eb gjith\u00eb punojn\u00eb p\u00ebr lul\u00ebzimin dhe begatimin e kombit. <\/p>\n<p>Tashti vendi yn\u00eb duhet t\u00eb k\u00ebt\u00eb tjet\u00ebr kuptim, tjet\u00ebr mentalitet dhe tjet\u00ebr kultur\u00eb . Le t\u00eb tregohemi t\u00eb pakt\u00ebn nj\u00eb her\u00eb popull i nd\u00ebrgjegj\u00ebsuar e jo i p\u00ebr\u00e7ar\u00eb! Ata q\u00eb punojn\u00eb p\u00ebr popull p\u00ebr vend, ata i njeh populli her\u00ebt ose von\u00eb, sepse ata ndri\u00e7ojn\u00eb shpirt kristal, pavar\u00ebsisht bindjeve dhe besimit q\u00eb kemi individualisht p\u00ebr t\u2019u krahasuar me t\u00eb tjer\u00ebt kur \u00ebsht\u00eb fjala p\u00ebr virtyte t\u00eb m\u00ebdha komb\u00ebtare sepse t\u00eb q\u00ebn\u00ebt atdhetar do t\u00eb thot\u00eb t\u00eb jesh dy her\u00eb njer\u00ebzor, do t\u00eb thot\u00eb t\u00eb jesh intelektual e vizionar i pavdekur. <\/p>\n<p>Vler\u00ebsoj shum\u00eb realitetin e jet\u00ebs, duroj shum\u00eb padrejt\u00ebsin\u00eb, dhe fal e toleroj shum\u00eb. Ky \u00ebsht\u00eb ideali im dhe k\u00ebshtu do t\u00eb jem gjer n\u00eb \u00e7astin e fundit kur t\u2019i them lamtumir\u00eb atdheut tim. Vet\u00ebdija e k\u00ebtij fakti m\u00eb cakton q\u00ebllimin e jet\u00ebs, dhe m\u00eb p\u00ebrkufizon ne radhen e par\u00eb si intelektuale. Por jo edhe kur shikoj zot\u00ebrinj t\u00eb institucioneve tona se si, shtir\u00ebn kinse b\u00ebn\u00eb k\u00ebt\u00eb e b\u00ebn\u00eb at\u00eb, vet\u00ebm p\u00ebr tu dukur ne media m\u00eb pretendime tjera t\u2018pa merituara. P\u00ebrve\u00e7 zem\u00ebrimit q\u00eb ndjej si m\u00ebrgimtare kam ar\u00ebsye t\u00eb ve\u00e7ant\u00eb t\u00eb interesohem p\u00ebr hallin kudo ku ka shqiptar\u00eb dhe kam bindjen se disa gj\u00ebra kan\u00eb kaluar kufijt\u00eb e nj\u00eb padrejt\u00ebsie! <\/p>\n<p>Nga bisedat tona kolegiale m\u00ebsuam se institucionet e Republik\u00ebs s\u00eb Kosov\u00ebs kan\u00eb vendosur te dergojn\u00eb intelektual p\u00ebr t\u2019i pun\u00ebsuar neper p\u00ebrfaq\u00ebsit\u00eb diplomatike shqiptare ne vendet europiane! Pozitat q\u00eb mbani Ju zot\u00ebrinj, kan\u00eb goditur r\u00ebnd intelektualet e diaspores shqiptare! Ju shum\u00eb mir\u00eb e dini se jasht\u00eb Kosoves jetojn\u00eb njer\u00ebz t\u00eb diplomuar, t\u00eb merituar, shkenctar\u00eb, t\u00eb perndjekur politikisht t\u00eb cil\u00ebt bredhin akoma rrug\u00ebve t\u00eb metropoleve t\u00eb \u201cBot\u00ebs s\u00eb Madhe\u201c e te mallkuar p\u00ebr nj\u00eb vend pune! Un\u00eb pyes kryesuesit e Republik\u00ebs s\u00eb Kosoves, \u00ebsht\u00eb ne rregull kjo q\u00eb po ndodh\u00eb me Diaspor\u00ebn Shqiptare? P\u00ebr mendimin tim kjo \u00ebsht\u00eb injoruese, madje rradhitet ndjesh\u00ebm si breng\u00eb n\u00eb shpirtin e intelektualve q\u00eb jetojn\u00eb e veprojn\u00eb jasht\u00eb vendit, kjo \u00ebsht\u00eb madje edhe m\u00eb teper se skandaloze! <\/p>\n<p>K\u00ebto dukuri nuk jane gjera te rastesishme k\u00ebto jan\u00eb gj\u00ebra irrituese te planifikuara dhe zgjojn\u00eb emocione inferioriteti. Ky shqet\u00ebsim i p\u00ebrbashk\u00ebt duhet t\u00eb na preokupoj\u00eb t\u00eb gjith\u00ebve.Tani m\u00ebrgimtar\u00eb te nderuar, dhimbjen mjekojeni me shpres\u00eb se dijet tona dikur kurorezuar me diploma univerzitare e posuniverzitare, po na shkelen e vorrosen me injorime e anashkalime nga zot\u00ebrinjet e m\u00ebdh\u00ebnj t\u00eb M\u00ebm\u00ebdheut duke i mbuluar k\u00ebshtu vendet ky\u00e7e te pun\u00ebs me familjar\u00eb d.m.th. nepotizmi vazhdon n\u00eb d\u00ebm t\u00eb shtetit dhe kombit. <\/p>\n<p>Kryesia kosovare dhe elita e vetelavdeve q\u00eb hiqen si shum\u00eb atdhetar\u00eb nuk do i kap\u00ebrcejn\u00eb dot krizat psikolgjike pa krijimin e nj\u00eb strukture t\u00ebr\u00ebsisht inteligjente dhe intelektuale ne ndertimin e prespektivave reale dhe hap\u00ebsirave t\u00eb reja p\u00ebr t\u2018filluar efektin e duhur pozitiv e transparent ndaj popullit t\u00eb shum\u00ebvuajtur t\u00eb vendit. Ne nj\u00eb zhvillim ka\u00e7 dinamik te bot\u00ebs moderrne q\u00eb kap\u00ebrcen kufijt\u00eb e zhvillimi teknik, vetem mendjet e zgjuara t\u00eb shkenctar\u00ebve te rinj munden disi t\u00eb reflektojn\u00eb me aktualitetin e kohes e t\u00eb b\u00ebjn\u00eb ndoshta m\u00eb shpresuar ne kthesat e rimek\u00ebmbjes komb\u00ebtare nese ua lironi rrug\u00ebn Ju zot\u00ebrinj!<\/p>\n","protected":false},"excerpt":{"rendered":"<p>Nga Miradije Gashi, Stuttgart N\u00eb periudha shum\u00eb t\u00eb r\u00ebnda t\u00eb jet\u00ebs son\u00eb komb\u00ebtare kudo q\u00eb jetuam e vepruam, jo t\u00eb gjith\u00eb deshmuam atdhetarizem sikurse jo t\u00eb gjith\u00eb jemi t\u00eb prirur p\u00ebr p\u00ebr\u00e7arje e urrejtje! M\u00ebnyra se si e luajm\u00eb rolin ton\u00eb n\u00eb ndonj\u00eb moment t\u00eb caktuar, sado arsye t\u00eb kemi p\u00ebr t\u2019u ndjer\u00eb mir\u00eb me [&hellip;]<\/p>\n","protected":false},"author":1,"featured_media":0,"comment_status":"open","ping_status":"closed","sticky":false,"template":"","format":"standard","meta":{"footnotes":""},"categories":[2],"tags":[],"class_list":{"0":"post-11850","1":"post","2":"type-post","3":"status-publish","4":"format-standard","6":"category-artikuj"},"yoast_head":"<!-- This site is optimized with the Yoast SEO plugin v27.4 - https:\/\/yoast.com\/product\/yoast-seo-wordpress\/ -->\n<title>Ata q\u00eb punojn\u00eb p\u00ebr atdheun e tyre i njeh populli heret ose von\u00eb - FjALA e LIR\u00cb - Arkivi<\/title>\n<meta name=\"robots\" content=\"index, follow, max-snippet:-1, max-image-preview:large, max-video-preview:-1\" \/>\n<link rel=\"canonical\" href=\"https:\/\/fjala.info\/2009-2015\/ata-qe-punojne-per-atdheun-e-tyre-i-njeh-populli-heret-ose-vone\/\" \/>\n<meta property=\"og:locale\" content=\"sq_AL\" \/>\n<meta property=\"og:type\" content=\"article\" \/>\n<meta property=\"og:title\" content=\"Ata q\u00eb punojn\u00eb p\u00ebr atdheun e tyre i njeh populli heret ose von\u00eb - FjALA e LIR\u00cb - Arkivi\" \/>\n<meta property=\"og:description\" content=\"Nga Miradije Gashi, Stuttgart N\u00eb periudha shum\u00eb t\u00eb r\u00ebnda t\u00eb jet\u00ebs son\u00eb komb\u00ebtare kudo q\u00eb jetuam e vepruam, jo t\u00eb gjith\u00eb deshmuam atdhetarizem sikurse jo t\u00eb gjith\u00eb jemi t\u00eb prirur p\u00ebr p\u00ebr\u00e7arje e urrejtje! M\u00ebnyra se si e luajm\u00eb rolin ton\u00eb n\u00eb ndonj\u00eb moment t\u00eb caktuar, sado arsye t\u00eb kemi p\u00ebr t\u2019u ndjer\u00eb mir\u00eb me [&hellip;]\" \/>\n<meta property=\"og:url\" content=\"https:\/\/fjala.info\/2009-2015\/ata-qe-punojne-per-atdheun-e-tyre-i-njeh-populli-heret-ose-vone\/\" \/>\n<meta property=\"og:site_name\" content=\"FjALA e LIR\u00cb - Arkivi\" \/>\n<meta property=\"article:published_time\" content=\"2012-05-27T20:48:19+00:00\" \/>\n<meta property=\"og:image\" content=\"http:\/\/www.shkoder.net\/2012\/miradije_gashi2.jpg\" \/>\n<meta name=\"author\" content=\"admin\" \/>\n<meta name=\"twitter:card\" content=\"summary_large_image\" \/>\n<meta name=\"twitter:label1\" content=\"Written by\" \/>\n\t<meta name=\"twitter:data1\" content=\"admin\" \/>\n\t<meta name=\"twitter:label2\" content=\"Est. reading time\" \/>\n\t<meta name=\"twitter:data2\" content=\"5 minutes\" \/>\n<script type=\"application\/ld+json\" class=\"yoast-schema-graph\">{\"@context\":\"https:\\\/\\\/schema.org\",\"@graph\":[{\"@type\":\"Article\",\"@id\":\"https:\\\/\\\/fjala.info\\\/2009-2015\\\/ata-qe-punojne-per-atdheun-e-tyre-i-njeh-populli-heret-ose-vone\\\/#article\",\"isPartOf\":{\"@id\":\"https:\\\/\\\/fjala.info\\\/2009-2015\\\/ata-qe-punojne-per-atdheun-e-tyre-i-njeh-populli-heret-ose-vone\\\/\"},\"author\":{\"name\":\"admin\",\"@id\":\"https:\\\/\\\/fjala.info\\\/2009-2015\\\/#\\\/schema\\\/person\\\/3aa1163ef05469c496fc94e77611ada2\"},\"headline\":\"Ata q\u00eb punojn\u00eb p\u00ebr atdheun e tyre i njeh populli heret ose von\u00eb\",\"datePublished\":\"2012-05-27T20:48:19+00:00\",\"mainEntityOfPage\":{\"@id\":\"https:\\\/\\\/fjala.info\\\/2009-2015\\\/ata-qe-punojne-per-atdheun-e-tyre-i-njeh-populli-heret-ose-vone\\\/\"},\"wordCount\":1041,\"commentCount\":0,\"publisher\":{\"@id\":\"https:\\\/\\\/fjala.info\\\/2009-2015\\\/#organization\"},\"image\":{\"@id\":\"https:\\\/\\\/fjala.info\\\/2009-2015\\\/ata-qe-punojne-per-atdheun-e-tyre-i-njeh-populli-heret-ose-vone\\\/#primaryimage\"},\"thumbnailUrl\":\"http:\\\/\\\/www.shkoder.net\\\/2012\\\/miradije_gashi2.jpg\",\"articleSection\":[\"Artikuj\"],\"inLanguage\":\"sq-AL\",\"potentialAction\":[{\"@type\":\"CommentAction\",\"name\":\"Comment\",\"target\":[\"https:\\\/\\\/fjala.info\\\/2009-2015\\\/ata-qe-punojne-per-atdheun-e-tyre-i-njeh-populli-heret-ose-vone\\\/#respond\"]}]},{\"@type\":\"WebPage\",\"@id\":\"https:\\\/\\\/fjala.info\\\/2009-2015\\\/ata-qe-punojne-per-atdheun-e-tyre-i-njeh-populli-heret-ose-vone\\\/\",\"url\":\"https:\\\/\\\/fjala.info\\\/2009-2015\\\/ata-qe-punojne-per-atdheun-e-tyre-i-njeh-populli-heret-ose-vone\\\/\",\"name\":\"Ata q\u00eb punojn\u00eb p\u00ebr atdheun e tyre i njeh populli heret ose von\u00eb - FjALA e LIR\u00cb - Arkivi\",\"isPartOf\":{\"@id\":\"https:\\\/\\\/fjala.info\\\/2009-2015\\\/#website\"},\"primaryImageOfPage\":{\"@id\":\"https:\\\/\\\/fjala.info\\\/2009-2015\\\/ata-qe-punojne-per-atdheun-e-tyre-i-njeh-populli-heret-ose-vone\\\/#primaryimage\"},\"image\":{\"@id\":\"https:\\\/\\\/fjala.info\\\/2009-2015\\\/ata-qe-punojne-per-atdheun-e-tyre-i-njeh-populli-heret-ose-vone\\\/#primaryimage\"},\"thumbnailUrl\":\"http:\\\/\\\/www.shkoder.net\\\/2012\\\/miradije_gashi2.jpg\",\"datePublished\":\"2012-05-27T20:48:19+00:00\",\"breadcrumb\":{\"@id\":\"https:\\\/\\\/fjala.info\\\/2009-2015\\\/ata-qe-punojne-per-atdheun-e-tyre-i-njeh-populli-heret-ose-vone\\\/#breadcrumb\"},\"inLanguage\":\"sq-AL\",\"potentialAction\":[{\"@type\":\"ReadAction\",\"target\":[\"https:\\\/\\\/fjala.info\\\/2009-2015\\\/ata-qe-punojne-per-atdheun-e-tyre-i-njeh-populli-heret-ose-vone\\\/\"]}]},{\"@type\":\"ImageObject\",\"inLanguage\":\"sq-AL\",\"@id\":\"https:\\\/\\\/fjala.info\\\/2009-2015\\\/ata-qe-punojne-per-atdheun-e-tyre-i-njeh-populli-heret-ose-vone\\\/#primaryimage\",\"url\":\"http:\\\/\\\/www.shkoder.net\\\/2012\\\/miradije_gashi2.jpg\",\"contentUrl\":\"http:\\\/\\\/www.shkoder.net\\\/2012\\\/miradije_gashi2.jpg\"},{\"@type\":\"BreadcrumbList\",\"@id\":\"https:\\\/\\\/fjala.info\\\/2009-2015\\\/ata-qe-punojne-per-atdheun-e-tyre-i-njeh-populli-heret-ose-vone\\\/#breadcrumb\",\"itemListElement\":[{\"@type\":\"ListItem\",\"position\":1,\"name\":\"Home\",\"item\":\"https:\\\/\\\/fjala.info\\\/2009-2015\\\/\"},{\"@type\":\"ListItem\",\"position\":2,\"name\":\"Ata q\u00eb punojn\u00eb p\u00ebr atdheun e tyre i njeh populli heret ose von\u00eb\"}]},{\"@type\":\"WebSite\",\"@id\":\"https:\\\/\\\/fjala.info\\\/2009-2015\\\/#website\",\"url\":\"https:\\\/\\\/fjala.info\\\/2009-2015\\\/\",\"name\":\"FjALA e LIR\u00cb - Arkivi\",\"description\":\"Arkivi 2009-2015\",\"publisher\":{\"@id\":\"https:\\\/\\\/fjala.info\\\/2009-2015\\\/#organization\"},\"potentialAction\":[{\"@type\":\"SearchAction\",\"target\":{\"@type\":\"EntryPoint\",\"urlTemplate\":\"https:\\\/\\\/fjala.info\\\/2009-2015\\\/?s={search_term_string}\"},\"query-input\":{\"@type\":\"PropertyValueSpecification\",\"valueRequired\":true,\"valueName\":\"search_term_string\"}}],\"inLanguage\":\"sq-AL\"},{\"@type\":\"Organization\",\"@id\":\"https:\\\/\\\/fjala.info\\\/2009-2015\\\/#organization\",\"name\":\"FjALA e LIR\u00cb - Arkivi\",\"url\":\"https:\\\/\\\/fjala.info\\\/2009-2015\\\/\",\"logo\":{\"@type\":\"ImageObject\",\"inLanguage\":\"sq-AL\",\"@id\":\"https:\\\/\\\/fjala.info\\\/2009-2015\\\/#\\\/schema\\\/logo\\\/image\\\/\",\"url\":\"\",\"contentUrl\":\"\",\"caption\":\"FjALA e LIR\u00cb - Arkivi\"},\"image\":{\"@id\":\"https:\\\/\\\/fjala.info\\\/2009-2015\\\/#\\\/schema\\\/logo\\\/image\\\/\"}},{\"@type\":\"Person\",\"@id\":\"https:\\\/\\\/fjala.info\\\/2009-2015\\\/#\\\/schema\\\/person\\\/3aa1163ef05469c496fc94e77611ada2\",\"name\":\"admin\",\"image\":{\"@type\":\"ImageObject\",\"inLanguage\":\"sq-AL\",\"@id\":\"https:\\\/\\\/fjala.info\\\/2009-2015\\\/wp-content\\\/uploads\\\/2012\\\/02\\\/arben_cokaj-120x150.jpg\",\"url\":\"https:\\\/\\\/fjala.info\\\/2009-2015\\\/wp-content\\\/uploads\\\/2012\\\/02\\\/arben_cokaj-120x150.jpg\",\"contentUrl\":\"https:\\\/\\\/fjala.info\\\/2009-2015\\\/wp-content\\\/uploads\\\/2012\\\/02\\\/arben_cokaj-120x150.jpg\",\"caption\":\"admin\"},\"description\":\"Admin, Fjala e Lir\u00eb\",\"sameAs\":[\"https:\\\/\\\/fjala.info\\\/\"],\"url\":\"https:\\\/\\\/fjala.info\\\/2009-2015\\\/author\\\/admin\\\/\"}]}<\/script>\n<!-- \/ Yoast SEO plugin. -->","yoast_head_json":{"title":"Ata q\u00eb punojn\u00eb p\u00ebr atdheun e tyre i njeh populli heret ose von\u00eb - FjALA e LIR\u00cb - Arkivi","robots":{"index":"index","follow":"follow","max-snippet":"max-snippet:-1","max-image-preview":"max-image-preview:large","max-video-preview":"max-video-preview:-1"},"canonical":"https:\/\/fjala.info\/2009-2015\/ata-qe-punojne-per-atdheun-e-tyre-i-njeh-populli-heret-ose-vone\/","og_locale":"sq_AL","og_type":"article","og_title":"Ata q\u00eb punojn\u00eb p\u00ebr atdheun e tyre i njeh populli heret ose von\u00eb - FjALA e LIR\u00cb - Arkivi","og_description":"Nga Miradije Gashi, Stuttgart N\u00eb periudha shum\u00eb t\u00eb r\u00ebnda t\u00eb jet\u00ebs son\u00eb komb\u00ebtare kudo q\u00eb jetuam e vepruam, jo t\u00eb gjith\u00eb deshmuam atdhetarizem sikurse jo t\u00eb gjith\u00eb jemi t\u00eb prirur p\u00ebr p\u00ebr\u00e7arje e urrejtje! M\u00ebnyra se si e luajm\u00eb rolin ton\u00eb n\u00eb ndonj\u00eb moment t\u00eb caktuar, sado arsye t\u00eb kemi p\u00ebr t\u2019u ndjer\u00eb mir\u00eb me [&hellip;]","og_url":"https:\/\/fjala.info\/2009-2015\/ata-qe-punojne-per-atdheun-e-tyre-i-njeh-populli-heret-ose-vone\/","og_site_name":"FjALA e LIR\u00cb - Arkivi","article_published_time":"2012-05-27T20:48:19+00:00","og_image":[{"url":"http:\/\/www.shkoder.net\/2012\/miradije_gashi2.jpg","type":"","width":"","height":""}],"author":"admin","twitter_card":"summary_large_image","twitter_misc":{"Written by":"admin","Est. reading time":"5 minutes"},"schema":{"@context":"https:\/\/schema.org","@graph":[{"@type":"Article","@id":"https:\/\/fjala.info\/2009-2015\/ata-qe-punojne-per-atdheun-e-tyre-i-njeh-populli-heret-ose-vone\/#article","isPartOf":{"@id":"https:\/\/fjala.info\/2009-2015\/ata-qe-punojne-per-atdheun-e-tyre-i-njeh-populli-heret-ose-vone\/"},"author":{"name":"admin","@id":"https:\/\/fjala.info\/2009-2015\/#\/schema\/person\/3aa1163ef05469c496fc94e77611ada2"},"headline":"Ata q\u00eb punojn\u00eb p\u00ebr atdheun e tyre i njeh populli heret ose von\u00eb","datePublished":"2012-05-27T20:48:19+00:00","mainEntityOfPage":{"@id":"https:\/\/fjala.info\/2009-2015\/ata-qe-punojne-per-atdheun-e-tyre-i-njeh-populli-heret-ose-vone\/"},"wordCount":1041,"commentCount":0,"publisher":{"@id":"https:\/\/fjala.info\/2009-2015\/#organization"},"image":{"@id":"https:\/\/fjala.info\/2009-2015\/ata-qe-punojne-per-atdheun-e-tyre-i-njeh-populli-heret-ose-vone\/#primaryimage"},"thumbnailUrl":"http:\/\/www.shkoder.net\/2012\/miradije_gashi2.jpg","articleSection":["Artikuj"],"inLanguage":"sq-AL","potentialAction":[{"@type":"CommentAction","name":"Comment","target":["https:\/\/fjala.info\/2009-2015\/ata-qe-punojne-per-atdheun-e-tyre-i-njeh-populli-heret-ose-vone\/#respond"]}]},{"@type":"WebPage","@id":"https:\/\/fjala.info\/2009-2015\/ata-qe-punojne-per-atdheun-e-tyre-i-njeh-populli-heret-ose-vone\/","url":"https:\/\/fjala.info\/2009-2015\/ata-qe-punojne-per-atdheun-e-tyre-i-njeh-populli-heret-ose-vone\/","name":"Ata q\u00eb punojn\u00eb p\u00ebr atdheun e tyre i njeh populli heret ose von\u00eb - FjALA e LIR\u00cb - Arkivi","isPartOf":{"@id":"https:\/\/fjala.info\/2009-2015\/#website"},"primaryImageOfPage":{"@id":"https:\/\/fjala.info\/2009-2015\/ata-qe-punojne-per-atdheun-e-tyre-i-njeh-populli-heret-ose-vone\/#primaryimage"},"image":{"@id":"https:\/\/fjala.info\/2009-2015\/ata-qe-punojne-per-atdheun-e-tyre-i-njeh-populli-heret-ose-vone\/#primaryimage"},"thumbnailUrl":"http:\/\/www.shkoder.net\/2012\/miradije_gashi2.jpg","datePublished":"2012-05-27T20:48:19+00:00","breadcrumb":{"@id":"https:\/\/fjala.info\/2009-2015\/ata-qe-punojne-per-atdheun-e-tyre-i-njeh-populli-heret-ose-vone\/#breadcrumb"},"inLanguage":"sq-AL","potentialAction":[{"@type":"ReadAction","target":["https:\/\/fjala.info\/2009-2015\/ata-qe-punojne-per-atdheun-e-tyre-i-njeh-populli-heret-ose-vone\/"]}]},{"@type":"ImageObject","inLanguage":"sq-AL","@id":"https:\/\/fjala.info\/2009-2015\/ata-qe-punojne-per-atdheun-e-tyre-i-njeh-populli-heret-ose-vone\/#primaryimage","url":"http:\/\/www.shkoder.net\/2012\/miradije_gashi2.jpg","contentUrl":"http:\/\/www.shkoder.net\/2012\/miradije_gashi2.jpg"},{"@type":"BreadcrumbList","@id":"https:\/\/fjala.info\/2009-2015\/ata-qe-punojne-per-atdheun-e-tyre-i-njeh-populli-heret-ose-vone\/#breadcrumb","itemListElement":[{"@type":"ListItem","position":1,"name":"Home","item":"https:\/\/fjala.info\/2009-2015\/"},{"@type":"ListItem","position":2,"name":"Ata q\u00eb punojn\u00eb p\u00ebr atdheun e tyre i njeh populli heret ose von\u00eb"}]},{"@type":"WebSite","@id":"https:\/\/fjala.info\/2009-2015\/#website","url":"https:\/\/fjala.info\/2009-2015\/","name":"FjALA e LIR\u00cb - Arkivi","description":"Arkivi 2009-2015","publisher":{"@id":"https:\/\/fjala.info\/2009-2015\/#organization"},"potentialAction":[{"@type":"SearchAction","target":{"@type":"EntryPoint","urlTemplate":"https:\/\/fjala.info\/2009-2015\/?s={search_term_string}"},"query-input":{"@type":"PropertyValueSpecification","valueRequired":true,"valueName":"search_term_string"}}],"inLanguage":"sq-AL"},{"@type":"Organization","@id":"https:\/\/fjala.info\/2009-2015\/#organization","name":"FjALA e LIR\u00cb - Arkivi","url":"https:\/\/fjala.info\/2009-2015\/","logo":{"@type":"ImageObject","inLanguage":"sq-AL","@id":"https:\/\/fjala.info\/2009-2015\/#\/schema\/logo\/image\/","url":"","contentUrl":"","caption":"FjALA e LIR\u00cb - Arkivi"},"image":{"@id":"https:\/\/fjala.info\/2009-2015\/#\/schema\/logo\/image\/"}},{"@type":"Person","@id":"https:\/\/fjala.info\/2009-2015\/#\/schema\/person\/3aa1163ef05469c496fc94e77611ada2","name":"admin","image":{"@type":"ImageObject","inLanguage":"sq-AL","@id":"https:\/\/fjala.info\/2009-2015\/wp-content\/uploads\/2012\/02\/arben_cokaj-120x150.jpg","url":"https:\/\/fjala.info\/2009-2015\/wp-content\/uploads\/2012\/02\/arben_cokaj-120x150.jpg","contentUrl":"https:\/\/fjala.info\/2009-2015\/wp-content\/uploads\/2012\/02\/arben_cokaj-120x150.jpg","caption":"admin"},"description":"Admin, Fjala e Lir\u00eb","sameAs":["https:\/\/fjala.info\/"],"url":"https:\/\/fjala.info\/2009-2015\/author\/admin\/"}]}},"_links":{"self":[{"href":"https:\/\/fjala.info\/2009-2015\/wp-json\/wp\/v2\/posts\/11850","targetHints":{"allow":["GET"]}}],"collection":[{"href":"https:\/\/fjala.info\/2009-2015\/wp-json\/wp\/v2\/posts"}],"about":[{"href":"https:\/\/fjala.info\/2009-2015\/wp-json\/wp\/v2\/types\/post"}],"author":[{"embeddable":true,"href":"https:\/\/fjala.info\/2009-2015\/wp-json\/wp\/v2\/users\/1"}],"replies":[{"embeddable":true,"href":"https:\/\/fjala.info\/2009-2015\/wp-json\/wp\/v2\/comments?post=11850"}],"version-history":[{"count":0,"href":"https:\/\/fjala.info\/2009-2015\/wp-json\/wp\/v2\/posts\/11850\/revisions"}],"wp:attachment":[{"href":"https:\/\/fjala.info\/2009-2015\/wp-json\/wp\/v2\/media?parent=11850"}],"wp:term":[{"taxonomy":"category","embeddable":true,"href":"https:\/\/fjala.info\/2009-2015\/wp-json\/wp\/v2\/categories?post=11850"},{"taxonomy":"post_tag","embeddable":true,"href":"https:\/\/fjala.info\/2009-2015\/wp-json\/wp\/v2\/tags?post=11850"}],"curies":[{"name":"wp","href":"https:\/\/api.w.org\/{rel}","templated":true}]}}