{"id":11849,"date":"2012-05-27T14:30:11","date_gmt":"2012-05-27T13:30:11","guid":{"rendered":"http:\/\/www.fjala.info\/?p=2994"},"modified":"2012-05-27T14:30:11","modified_gmt":"2012-05-27T13:30:11","slug":"deshton-takimi-pd-ps-ruci-propozon-4-pika-patozi-ps-kerkon-rrezimin-e-qeverise","status":"publish","type":"post","link":"https:\/\/fjala.info\/2009-2015\/deshton-takimi-pd-ps-ruci-propozon-4-pika-patozi-ps-kerkon-rrezimin-e-qeverise\/","title":{"rendered":"D\u00ebshton takimi PD-PS. Ru\u00e7i propozon 4 pika, Patozi: PS k\u00ebrkon rr\u00ebzimin e qeveris\u00eb"},"content":{"rendered":"<p><img decoding=\"async\" class=\"alignright size-thumbnail wp-image-7236\" title=\"Ru\u00e7i - Patozi\" src=\"http:\/\/www.fjala.info\/2012\/ruci_patozi.jpg\" alt=\"\" width=\"300\" \/> <strong>TemA Online<\/strong>, <em>27 Maj 2012<\/em><\/p>\n<p>Tryeza e par\u00eb mes dy p\u00ebrfaq\u00ebsuesve negociator nga dy partit\u00eb e m\u00ebdha p\u00ebr zgjedhjen e Presidentit nuk ka sjell\u00eb asnj\u00eb produkt konkret. Takimi i mbajtur rreth or\u00ebs 11:00 midis dy krer\u00ebve te grupeve parlamentare t\u00eb Partis\u00eb Demokratike dhe Socialiste, Astrit Patozi dhe Gramoz Ru\u00e7i ka sjell\u00eb n\u00eb tyez\u00eb nj\u00eb plan propozimi kat\u00ebpik\u00ebsh q\u00eb mendohet t\u00eb shqyrtohet nga nj\u00eb tryez\u00eb e p\u00ebrgjithshme mes krer\u00ebve t\u00eb t\u00eb gjitha partive politike n\u00eb vend. Nj\u00eb fakt i till\u00eb \u00ebsht\u00eb b\u00ebr\u00eb i ditur p\u00ebr mediat nga zoti. Ruci, i cili e la t\u00eb kuptohet si nj\u00eb verdikt p\u00ebrfundimtar te PS, n\u00eb pritje t\u00eb p\u00ebrgjigjes nga PD.<\/p>\n<p>\u201cSic e pat\u00eb Rona e coi Shqip\u00ebrin\u00eb n\u00eb vendin e pest\u00eb, klasa politike e ka radhitur n\u00eb vendin e fundit. Student\u00ebt jan\u00eb n\u00eb sezon propovimesh dhe 99% I marrin q\u00eb n\u00eb sezonin e par\u00eb, klasa politike ka sezonin e tret\u00eb k\u00ebt\u00eb vit p\u00ebr marrjen e statusit kandidat.<\/p>\n<p>Partner\u00ebt nd\u00ebrkomb\u00ebtar\u00eb na kan\u00eb v\u00ebn\u00eb disa kushte p\u00ebr t\u00eb mos ngel n\u00eb klas\u00eb, PS p\u00ebrmes t\u00eb mandatuarve t\u00eb tij propozoi nj\u00ebplan konkret, t\u00eb thirret nj\u00eb tryez\u00eb e gjith\u00eb krer\u00ebve parlamentar\u00eb q\u00eb: T\u00eb finalizoj\u00eb dhe miratoj\u00eb reform\u00ebn zgjedhore; reform\u00ebn parlamentare; formul\u00ebn p\u00ebr ndryshime kushtetuese p\u00ebr heqjen e gjith\u00eb imuniteteve; t\u00eb finalizoj\u00eb nj\u00eb proces dhe t\u00eb miratoj\u00eb q\u00eb n\u00eb raundin e par\u00eb nj\u00eb President t\u00eb gjith\u00eb pranuar nga t\u00eb gjitha pal\u00ebt. Q\u00ebllimi q\u00eb ka PS p\u00ebrfshihet n\u00eb propozimin q\u00eb b\u00ebh\u00ebt n\u00eb tryez\u00ebn e negociatave, n\u00eb 100 vjet shtet t\u00eb sjellim statusin e vendit kandidat. Mosthirrja e tryez\u00ebs do t\u00eb ishte nj\u00eb ogur i keq p\u00ebr shqiptar\u00ebt dhe nj\u00eb lajm i keq p\u00ebr nd\u00ebrkomb\u00ebtar\u00ebt\u201d &#8211; tha ai.<\/p>\n<p>Nga ana e tij i mandatuari i PD, Astrit Patozi e ka konsideruar tryez\u00ebn e sotme nj\u00eb d\u00ebshtim dhe nj\u00eb kurth t\u00eb radh\u00ebs nga kryesocialisti Edi Rama. Ai tha se takimi mori nj\u00eb rrug\u00eb t\u00eb papritur, pasi sipas tij, \u201cne kemi shkuar p\u00ebr t\u00eb negociuar p\u00ebr Presidentin e Republik\u00eb, nd\u00ebrkoh\u00eb q\u00eb pala tjet\u00ebr kishte ardhur n\u00eb takim me platform\u00ebn e editorialit t\u00eb Edi Ram\u00ebs, e cila \u00ebsht\u00eb nj\u00eb platform\u00eb bllokuese.\u201d<\/p>\n<p>\u201cPD si forc\u00eb e maxhoranc\u00ebs ka hyr\u00eb n\u00eb k\u00ebt\u00eb proces jo p\u00ebr t\u00eb zgjedhur rrug\u00ebn m\u00eb t\u00eb shkurt\u00ebr, pas at\u00eb e ka, por p\u00ebr t`i dh\u00ebn\u00eb vendit nj\u00eb President sa m\u00eb konsensual, duke patur parasysh edhe vler\u00ebn q\u00eb ka n\u00eb nj\u00eb rast t\u00eb till\u00eb.Nj\u00eb president konsensual \u00ebsht\u00eb plot\u00ebsisht i mundsh\u00ebm n\u00ebse PS nuk ka q\u00ebllime t\u00eb tjera, p\u00ebr t\u00eb rr\u00ebzuar qeverin\u00eb. Tri pikat e tjera t\u00eb propozuara nga PS, nuk kan\u00eb lidhje me procesin e zgjedhjes se Presidentit, por politika bllokuese e Ram\u00ebs k\u00ebrkon t`i lidh\u00eb q\u00ebllimisht k\u00ebto \u00e7\u00ebshtje bashk\u00eb\u201d u shpreh Patozi.<\/p>\n<p>Vet\u00ebm dy dit\u00eb m\u00eb par\u00eb, Astrit Patozi iu drejtua me nj\u00eb let\u00ebr publike homologut t\u00eb tij socialist, Gramoz Ru\u00e7i ku e ftonte n\u00eb nj\u00eb takim konsultativ p\u00ebr Presidentin.<br \/>\nKuvendi i Shqip\u00ebris\u00eb do t\u00eb mbaj\u00eb m\u00eb 30 maj votimin e par\u00eb p\u00ebr Presidentin e ri.<\/p>\n","protected":false},"excerpt":{"rendered":"<p>TemA Online, 27 Maj 2012 Tryeza e par\u00eb mes dy p\u00ebrfaq\u00ebsuesve negociator nga dy partit\u00eb e m\u00ebdha p\u00ebr zgjedhjen e Presidentit nuk ka sjell\u00eb asnj\u00eb produkt konkret. Takimi i mbajtur rreth or\u00ebs 11:00 midis dy krer\u00ebve te grupeve parlamentare t\u00eb Partis\u00eb Demokratike dhe Socialiste, Astrit Patozi dhe Gramoz Ru\u00e7i ka sjell\u00eb n\u00eb tyez\u00eb nj\u00eb plan [&hellip;]<\/p>\n","protected":false},"author":1,"featured_media":0,"comment_status":"open","ping_status":"closed","sticky":false,"template":"","format":"standard","meta":{"footnotes":""},"categories":[2,5],"tags":[],"class_list":{"0":"post-11849","1":"post","2":"type-post","3":"status-publish","4":"format-standard","6":"category-artikuj","7":"category-lajme"},"yoast_head":"<!-- This site is optimized with the Yoast SEO plugin v27.4 - https:\/\/yoast.com\/product\/yoast-seo-wordpress\/ -->\n<title>D\u00ebshton takimi PD-PS. Ru\u00e7i propozon 4 pika, Patozi: PS k\u00ebrkon rr\u00ebzimin e qeveris\u00eb - FjALA e LIR\u00cb - Arkivi<\/title>\n<meta name=\"robots\" content=\"index, follow, max-snippet:-1, max-image-preview:large, max-video-preview:-1\" \/>\n<link rel=\"canonical\" href=\"https:\/\/fjala.info\/2009-2015\/deshton-takimi-pd-ps-ruci-propozon-4-pika-patozi-ps-kerkon-rrezimin-e-qeverise\/\" \/>\n<meta property=\"og:locale\" content=\"sq_AL\" \/>\n<meta property=\"og:type\" content=\"article\" \/>\n<meta property=\"og:title\" content=\"D\u00ebshton takimi PD-PS. Ru\u00e7i propozon 4 pika, Patozi: PS k\u00ebrkon rr\u00ebzimin e qeveris\u00eb - FjALA e LIR\u00cb - Arkivi\" \/>\n<meta property=\"og:description\" content=\"TemA Online, 27 Maj 2012 Tryeza e par\u00eb mes dy p\u00ebrfaq\u00ebsuesve negociator nga dy partit\u00eb e m\u00ebdha p\u00ebr zgjedhjen e Presidentit nuk ka sjell\u00eb asnj\u00eb produkt konkret. Takimi i mbajtur rreth or\u00ebs 11:00 midis dy krer\u00ebve te grupeve parlamentare t\u00eb Partis\u00eb Demokratike dhe Socialiste, Astrit Patozi dhe Gramoz Ru\u00e7i ka sjell\u00eb n\u00eb tyez\u00eb nj\u00eb plan [&hellip;]\" \/>\n<meta property=\"og:url\" content=\"https:\/\/fjala.info\/2009-2015\/deshton-takimi-pd-ps-ruci-propozon-4-pika-patozi-ps-kerkon-rrezimin-e-qeverise\/\" \/>\n<meta property=\"og:site_name\" content=\"FjALA e LIR\u00cb - Arkivi\" \/>\n<meta property=\"article:published_time\" content=\"2012-05-27T13:30:11+00:00\" \/>\n<meta property=\"og:image\" content=\"http:\/\/www.fjala.info\/2012\/ruci_patozi.jpg\" \/>\n<meta name=\"author\" content=\"admin\" \/>\n<meta name=\"twitter:card\" content=\"summary_large_image\" \/>\n<meta name=\"twitter:label1\" content=\"Written by\" \/>\n\t<meta name=\"twitter:data1\" content=\"admin\" \/>\n\t<meta name=\"twitter:label2\" content=\"Est. reading time\" \/>\n\t<meta name=\"twitter:data2\" content=\"3 minutes\" \/>\n<script type=\"application\/ld+json\" class=\"yoast-schema-graph\">{\"@context\":\"https:\\\/\\\/schema.org\",\"@graph\":[{\"@type\":\"Article\",\"@id\":\"https:\\\/\\\/fjala.info\\\/2009-2015\\\/deshton-takimi-pd-ps-ruci-propozon-4-pika-patozi-ps-kerkon-rrezimin-e-qeverise\\\/#article\",\"isPartOf\":{\"@id\":\"https:\\\/\\\/fjala.info\\\/2009-2015\\\/deshton-takimi-pd-ps-ruci-propozon-4-pika-patozi-ps-kerkon-rrezimin-e-qeverise\\\/\"},\"author\":{\"name\":\"admin\",\"@id\":\"https:\\\/\\\/fjala.info\\\/2009-2015\\\/#\\\/schema\\\/person\\\/3aa1163ef05469c496fc94e77611ada2\"},\"headline\":\"D\u00ebshton takimi PD-PS. Ru\u00e7i propozon 4 pika, Patozi: PS k\u00ebrkon rr\u00ebzimin e qeveris\u00eb\",\"datePublished\":\"2012-05-27T13:30:11+00:00\",\"mainEntityOfPage\":{\"@id\":\"https:\\\/\\\/fjala.info\\\/2009-2015\\\/deshton-takimi-pd-ps-ruci-propozon-4-pika-patozi-ps-kerkon-rrezimin-e-qeverise\\\/\"},\"wordCount\":565,\"commentCount\":0,\"publisher\":{\"@id\":\"https:\\\/\\\/fjala.info\\\/2009-2015\\\/#organization\"},\"image\":{\"@id\":\"https:\\\/\\\/fjala.info\\\/2009-2015\\\/deshton-takimi-pd-ps-ruci-propozon-4-pika-patozi-ps-kerkon-rrezimin-e-qeverise\\\/#primaryimage\"},\"thumbnailUrl\":\"http:\\\/\\\/www.fjala.info\\\/2012\\\/ruci_patozi.jpg\",\"articleSection\":[\"Artikuj\",\"Lajme\"],\"inLanguage\":\"sq-AL\",\"potentialAction\":[{\"@type\":\"CommentAction\",\"name\":\"Comment\",\"target\":[\"https:\\\/\\\/fjala.info\\\/2009-2015\\\/deshton-takimi-pd-ps-ruci-propozon-4-pika-patozi-ps-kerkon-rrezimin-e-qeverise\\\/#respond\"]}]},{\"@type\":\"WebPage\",\"@id\":\"https:\\\/\\\/fjala.info\\\/2009-2015\\\/deshton-takimi-pd-ps-ruci-propozon-4-pika-patozi-ps-kerkon-rrezimin-e-qeverise\\\/\",\"url\":\"https:\\\/\\\/fjala.info\\\/2009-2015\\\/deshton-takimi-pd-ps-ruci-propozon-4-pika-patozi-ps-kerkon-rrezimin-e-qeverise\\\/\",\"name\":\"D\u00ebshton takimi PD-PS. Ru\u00e7i propozon 4 pika, Patozi: PS k\u00ebrkon rr\u00ebzimin e qeveris\u00eb - FjALA e LIR\u00cb - Arkivi\",\"isPartOf\":{\"@id\":\"https:\\\/\\\/fjala.info\\\/2009-2015\\\/#website\"},\"primaryImageOfPage\":{\"@id\":\"https:\\\/\\\/fjala.info\\\/2009-2015\\\/deshton-takimi-pd-ps-ruci-propozon-4-pika-patozi-ps-kerkon-rrezimin-e-qeverise\\\/#primaryimage\"},\"image\":{\"@id\":\"https:\\\/\\\/fjala.info\\\/2009-2015\\\/deshton-takimi-pd-ps-ruci-propozon-4-pika-patozi-ps-kerkon-rrezimin-e-qeverise\\\/#primaryimage\"},\"thumbnailUrl\":\"http:\\\/\\\/www.fjala.info\\\/2012\\\/ruci_patozi.jpg\",\"datePublished\":\"2012-05-27T13:30:11+00:00\",\"breadcrumb\":{\"@id\":\"https:\\\/\\\/fjala.info\\\/2009-2015\\\/deshton-takimi-pd-ps-ruci-propozon-4-pika-patozi-ps-kerkon-rrezimin-e-qeverise\\\/#breadcrumb\"},\"inLanguage\":\"sq-AL\",\"potentialAction\":[{\"@type\":\"ReadAction\",\"target\":[\"https:\\\/\\\/fjala.info\\\/2009-2015\\\/deshton-takimi-pd-ps-ruci-propozon-4-pika-patozi-ps-kerkon-rrezimin-e-qeverise\\\/\"]}]},{\"@type\":\"ImageObject\",\"inLanguage\":\"sq-AL\",\"@id\":\"https:\\\/\\\/fjala.info\\\/2009-2015\\\/deshton-takimi-pd-ps-ruci-propozon-4-pika-patozi-ps-kerkon-rrezimin-e-qeverise\\\/#primaryimage\",\"url\":\"http:\\\/\\\/www.fjala.info\\\/2012\\\/ruci_patozi.jpg\",\"contentUrl\":\"http:\\\/\\\/www.fjala.info\\\/2012\\\/ruci_patozi.jpg\"},{\"@type\":\"BreadcrumbList\",\"@id\":\"https:\\\/\\\/fjala.info\\\/2009-2015\\\/deshton-takimi-pd-ps-ruci-propozon-4-pika-patozi-ps-kerkon-rrezimin-e-qeverise\\\/#breadcrumb\",\"itemListElement\":[{\"@type\":\"ListItem\",\"position\":1,\"name\":\"Home\",\"item\":\"https:\\\/\\\/fjala.info\\\/2009-2015\\\/\"},{\"@type\":\"ListItem\",\"position\":2,\"name\":\"D\u00ebshton takimi PD-PS. Ru\u00e7i propozon 4 pika, Patozi: PS k\u00ebrkon rr\u00ebzimin e qeveris\u00eb\"}]},{\"@type\":\"WebSite\",\"@id\":\"https:\\\/\\\/fjala.info\\\/2009-2015\\\/#website\",\"url\":\"https:\\\/\\\/fjala.info\\\/2009-2015\\\/\",\"name\":\"FjALA e LIR\u00cb - Arkivi\",\"description\":\"Arkivi 2009-2015\",\"publisher\":{\"@id\":\"https:\\\/\\\/fjala.info\\\/2009-2015\\\/#organization\"},\"potentialAction\":[{\"@type\":\"SearchAction\",\"target\":{\"@type\":\"EntryPoint\",\"urlTemplate\":\"https:\\\/\\\/fjala.info\\\/2009-2015\\\/?s={search_term_string}\"},\"query-input\":{\"@type\":\"PropertyValueSpecification\",\"valueRequired\":true,\"valueName\":\"search_term_string\"}}],\"inLanguage\":\"sq-AL\"},{\"@type\":\"Organization\",\"@id\":\"https:\\\/\\\/fjala.info\\\/2009-2015\\\/#organization\",\"name\":\"FjALA e LIR\u00cb - Arkivi\",\"url\":\"https:\\\/\\\/fjala.info\\\/2009-2015\\\/\",\"logo\":{\"@type\":\"ImageObject\",\"inLanguage\":\"sq-AL\",\"@id\":\"https:\\\/\\\/fjala.info\\\/2009-2015\\\/#\\\/schema\\\/logo\\\/image\\\/\",\"url\":\"\",\"contentUrl\":\"\",\"caption\":\"FjALA e LIR\u00cb - Arkivi\"},\"image\":{\"@id\":\"https:\\\/\\\/fjala.info\\\/2009-2015\\\/#\\\/schema\\\/logo\\\/image\\\/\"}},{\"@type\":\"Person\",\"@id\":\"https:\\\/\\\/fjala.info\\\/2009-2015\\\/#\\\/schema\\\/person\\\/3aa1163ef05469c496fc94e77611ada2\",\"name\":\"admin\",\"image\":{\"@type\":\"ImageObject\",\"inLanguage\":\"sq-AL\",\"@id\":\"https:\\\/\\\/fjala.info\\\/2009-2015\\\/wp-content\\\/uploads\\\/2012\\\/02\\\/arben_cokaj-120x150.jpg\",\"url\":\"https:\\\/\\\/fjala.info\\\/2009-2015\\\/wp-content\\\/uploads\\\/2012\\\/02\\\/arben_cokaj-120x150.jpg\",\"contentUrl\":\"https:\\\/\\\/fjala.info\\\/2009-2015\\\/wp-content\\\/uploads\\\/2012\\\/02\\\/arben_cokaj-120x150.jpg\",\"caption\":\"admin\"},\"description\":\"Admin, Fjala e Lir\u00eb\",\"sameAs\":[\"https:\\\/\\\/fjala.info\\\/\"],\"url\":\"https:\\\/\\\/fjala.info\\\/2009-2015\\\/author\\\/admin\\\/\"}]}<\/script>\n<!-- \/ Yoast SEO plugin. -->","yoast_head_json":{"title":"D\u00ebshton takimi PD-PS. Ru\u00e7i propozon 4 pika, Patozi: PS k\u00ebrkon rr\u00ebzimin e qeveris\u00eb - FjALA e LIR\u00cb - Arkivi","robots":{"index":"index","follow":"follow","max-snippet":"max-snippet:-1","max-image-preview":"max-image-preview:large","max-video-preview":"max-video-preview:-1"},"canonical":"https:\/\/fjala.info\/2009-2015\/deshton-takimi-pd-ps-ruci-propozon-4-pika-patozi-ps-kerkon-rrezimin-e-qeverise\/","og_locale":"sq_AL","og_type":"article","og_title":"D\u00ebshton takimi PD-PS. Ru\u00e7i propozon 4 pika, Patozi: PS k\u00ebrkon rr\u00ebzimin e qeveris\u00eb - FjALA e LIR\u00cb - Arkivi","og_description":"TemA Online, 27 Maj 2012 Tryeza e par\u00eb mes dy p\u00ebrfaq\u00ebsuesve negociator nga dy partit\u00eb e m\u00ebdha p\u00ebr zgjedhjen e Presidentit nuk ka sjell\u00eb asnj\u00eb produkt konkret. Takimi i mbajtur rreth or\u00ebs 11:00 midis dy krer\u00ebve te grupeve parlamentare t\u00eb Partis\u00eb Demokratike dhe Socialiste, Astrit Patozi dhe Gramoz Ru\u00e7i ka sjell\u00eb n\u00eb tyez\u00eb nj\u00eb plan [&hellip;]","og_url":"https:\/\/fjala.info\/2009-2015\/deshton-takimi-pd-ps-ruci-propozon-4-pika-patozi-ps-kerkon-rrezimin-e-qeverise\/","og_site_name":"FjALA e LIR\u00cb - Arkivi","article_published_time":"2012-05-27T13:30:11+00:00","og_image":[{"url":"http:\/\/www.fjala.info\/2012\/ruci_patozi.jpg","type":"","width":"","height":""}],"author":"admin","twitter_card":"summary_large_image","twitter_misc":{"Written by":"admin","Est. reading time":"3 minutes"},"schema":{"@context":"https:\/\/schema.org","@graph":[{"@type":"Article","@id":"https:\/\/fjala.info\/2009-2015\/deshton-takimi-pd-ps-ruci-propozon-4-pika-patozi-ps-kerkon-rrezimin-e-qeverise\/#article","isPartOf":{"@id":"https:\/\/fjala.info\/2009-2015\/deshton-takimi-pd-ps-ruci-propozon-4-pika-patozi-ps-kerkon-rrezimin-e-qeverise\/"},"author":{"name":"admin","@id":"https:\/\/fjala.info\/2009-2015\/#\/schema\/person\/3aa1163ef05469c496fc94e77611ada2"},"headline":"D\u00ebshton takimi PD-PS. Ru\u00e7i propozon 4 pika, Patozi: PS k\u00ebrkon rr\u00ebzimin e qeveris\u00eb","datePublished":"2012-05-27T13:30:11+00:00","mainEntityOfPage":{"@id":"https:\/\/fjala.info\/2009-2015\/deshton-takimi-pd-ps-ruci-propozon-4-pika-patozi-ps-kerkon-rrezimin-e-qeverise\/"},"wordCount":565,"commentCount":0,"publisher":{"@id":"https:\/\/fjala.info\/2009-2015\/#organization"},"image":{"@id":"https:\/\/fjala.info\/2009-2015\/deshton-takimi-pd-ps-ruci-propozon-4-pika-patozi-ps-kerkon-rrezimin-e-qeverise\/#primaryimage"},"thumbnailUrl":"http:\/\/www.fjala.info\/2012\/ruci_patozi.jpg","articleSection":["Artikuj","Lajme"],"inLanguage":"sq-AL","potentialAction":[{"@type":"CommentAction","name":"Comment","target":["https:\/\/fjala.info\/2009-2015\/deshton-takimi-pd-ps-ruci-propozon-4-pika-patozi-ps-kerkon-rrezimin-e-qeverise\/#respond"]}]},{"@type":"WebPage","@id":"https:\/\/fjala.info\/2009-2015\/deshton-takimi-pd-ps-ruci-propozon-4-pika-patozi-ps-kerkon-rrezimin-e-qeverise\/","url":"https:\/\/fjala.info\/2009-2015\/deshton-takimi-pd-ps-ruci-propozon-4-pika-patozi-ps-kerkon-rrezimin-e-qeverise\/","name":"D\u00ebshton takimi PD-PS. Ru\u00e7i propozon 4 pika, Patozi: PS k\u00ebrkon rr\u00ebzimin e qeveris\u00eb - FjALA e LIR\u00cb - Arkivi","isPartOf":{"@id":"https:\/\/fjala.info\/2009-2015\/#website"},"primaryImageOfPage":{"@id":"https:\/\/fjala.info\/2009-2015\/deshton-takimi-pd-ps-ruci-propozon-4-pika-patozi-ps-kerkon-rrezimin-e-qeverise\/#primaryimage"},"image":{"@id":"https:\/\/fjala.info\/2009-2015\/deshton-takimi-pd-ps-ruci-propozon-4-pika-patozi-ps-kerkon-rrezimin-e-qeverise\/#primaryimage"},"thumbnailUrl":"http:\/\/www.fjala.info\/2012\/ruci_patozi.jpg","datePublished":"2012-05-27T13:30:11+00:00","breadcrumb":{"@id":"https:\/\/fjala.info\/2009-2015\/deshton-takimi-pd-ps-ruci-propozon-4-pika-patozi-ps-kerkon-rrezimin-e-qeverise\/#breadcrumb"},"inLanguage":"sq-AL","potentialAction":[{"@type":"ReadAction","target":["https:\/\/fjala.info\/2009-2015\/deshton-takimi-pd-ps-ruci-propozon-4-pika-patozi-ps-kerkon-rrezimin-e-qeverise\/"]}]},{"@type":"ImageObject","inLanguage":"sq-AL","@id":"https:\/\/fjala.info\/2009-2015\/deshton-takimi-pd-ps-ruci-propozon-4-pika-patozi-ps-kerkon-rrezimin-e-qeverise\/#primaryimage","url":"http:\/\/www.fjala.info\/2012\/ruci_patozi.jpg","contentUrl":"http:\/\/www.fjala.info\/2012\/ruci_patozi.jpg"},{"@type":"BreadcrumbList","@id":"https:\/\/fjala.info\/2009-2015\/deshton-takimi-pd-ps-ruci-propozon-4-pika-patozi-ps-kerkon-rrezimin-e-qeverise\/#breadcrumb","itemListElement":[{"@type":"ListItem","position":1,"name":"Home","item":"https:\/\/fjala.info\/2009-2015\/"},{"@type":"ListItem","position":2,"name":"D\u00ebshton takimi PD-PS. Ru\u00e7i propozon 4 pika, Patozi: PS k\u00ebrkon rr\u00ebzimin e qeveris\u00eb"}]},{"@type":"WebSite","@id":"https:\/\/fjala.info\/2009-2015\/#website","url":"https:\/\/fjala.info\/2009-2015\/","name":"FjALA e LIR\u00cb - Arkivi","description":"Arkivi 2009-2015","publisher":{"@id":"https:\/\/fjala.info\/2009-2015\/#organization"},"potentialAction":[{"@type":"SearchAction","target":{"@type":"EntryPoint","urlTemplate":"https:\/\/fjala.info\/2009-2015\/?s={search_term_string}"},"query-input":{"@type":"PropertyValueSpecification","valueRequired":true,"valueName":"search_term_string"}}],"inLanguage":"sq-AL"},{"@type":"Organization","@id":"https:\/\/fjala.info\/2009-2015\/#organization","name":"FjALA e LIR\u00cb - Arkivi","url":"https:\/\/fjala.info\/2009-2015\/","logo":{"@type":"ImageObject","inLanguage":"sq-AL","@id":"https:\/\/fjala.info\/2009-2015\/#\/schema\/logo\/image\/","url":"","contentUrl":"","caption":"FjALA e LIR\u00cb - Arkivi"},"image":{"@id":"https:\/\/fjala.info\/2009-2015\/#\/schema\/logo\/image\/"}},{"@type":"Person","@id":"https:\/\/fjala.info\/2009-2015\/#\/schema\/person\/3aa1163ef05469c496fc94e77611ada2","name":"admin","image":{"@type":"ImageObject","inLanguage":"sq-AL","@id":"https:\/\/fjala.info\/2009-2015\/wp-content\/uploads\/2012\/02\/arben_cokaj-120x150.jpg","url":"https:\/\/fjala.info\/2009-2015\/wp-content\/uploads\/2012\/02\/arben_cokaj-120x150.jpg","contentUrl":"https:\/\/fjala.info\/2009-2015\/wp-content\/uploads\/2012\/02\/arben_cokaj-120x150.jpg","caption":"admin"},"description":"Admin, Fjala e Lir\u00eb","sameAs":["https:\/\/fjala.info\/"],"url":"https:\/\/fjala.info\/2009-2015\/author\/admin\/"}]}},"_links":{"self":[{"href":"https:\/\/fjala.info\/2009-2015\/wp-json\/wp\/v2\/posts\/11849","targetHints":{"allow":["GET"]}}],"collection":[{"href":"https:\/\/fjala.info\/2009-2015\/wp-json\/wp\/v2\/posts"}],"about":[{"href":"https:\/\/fjala.info\/2009-2015\/wp-json\/wp\/v2\/types\/post"}],"author":[{"embeddable":true,"href":"https:\/\/fjala.info\/2009-2015\/wp-json\/wp\/v2\/users\/1"}],"replies":[{"embeddable":true,"href":"https:\/\/fjala.info\/2009-2015\/wp-json\/wp\/v2\/comments?post=11849"}],"version-history":[{"count":0,"href":"https:\/\/fjala.info\/2009-2015\/wp-json\/wp\/v2\/posts\/11849\/revisions"}],"wp:attachment":[{"href":"https:\/\/fjala.info\/2009-2015\/wp-json\/wp\/v2\/media?parent=11849"}],"wp:term":[{"taxonomy":"category","embeddable":true,"href":"https:\/\/fjala.info\/2009-2015\/wp-json\/wp\/v2\/categories?post=11849"},{"taxonomy":"post_tag","embeddable":true,"href":"https:\/\/fjala.info\/2009-2015\/wp-json\/wp\/v2\/tags?post=11849"}],"curies":[{"name":"wp","href":"https:\/\/api.w.org\/{rel}","templated":true}]}}