{"id":11848,"date":"2012-05-27T10:22:53","date_gmt":"2012-05-27T09:22:53","guid":{"rendered":"http:\/\/www.fjala.info\/?p=2992"},"modified":"2012-05-27T10:22:53","modified_gmt":"2012-05-27T09:22:53","slug":"rama-do-ta-largojme-berishen-si-kryeminister","status":"publish","type":"post","link":"https:\/\/fjala.info\/2009-2015\/rama-do-ta-largojme-berishen-si-kryeminister\/","title":{"rendered":"Rama: Do ta largojm\u00eb Berish\u00ebn si Kryeminist\u00ebr"},"content":{"rendered":"<p><img decoding=\"async\" class=\"alignright size-thumbnail wp-image-7236\" title=\"Berisha - Rama\" src=\"http:\/\/www.fjala.info\/2012\/berisha_rama.jpg\" alt=\"\" width=\"300\" \/> <strong>Ru\u00e7i, para takimit me Patozin: Do t\u00eb m\u00ebsoni q\u00ebndrimin ton\u00eb<\/strong><\/p>\n<p>Nd\u00ebrsa Sali Berisha nuk e do n\u00eb tryez\u00eb Edi Ram\u00ebn, p\u00ebr t\u00eb negociuar p\u00ebr presidentin e ardhsh\u00ebm, kreu i PS-s\u00eb ka b\u00ebr\u00eb t\u00eb ditur dje planin e opozit\u00ebs shqiptare p\u00ebr t\u00eb larguar Sali Berish\u00ebn nga posti i Kryeministrit para zgjedhjeve t\u00eb ardhshme. Q\u00ebndrimi i Ram\u00ebs ka ardhur pik\u00ebrisht pas pranimit t\u00eb PS-s\u00eb p\u00ebr t\u2019u takuar me delegacionin e mazhoranc\u00ebs sot paradite n\u00eb Kryesin\u00eb e Kuvendit. Me an\u00eb t\u00eb nj\u00eb editoriali q\u00eb ka shp\u00ebrndar\u00eb n\u00eb blogun e tij, Edi Rama ka b\u00ebr\u00eb t\u00eb ditur se opozita shqiptare do t\u00eb bashkohet me \u201ck\u00ebdo\u201d, me kusht q\u00eb t\u00eb largoj\u00eb Berish\u00ebn nga posti i kreut t\u00eb qeveris\u00eb pasi, sipas tij, nuk ka zgjidhje tjet\u00ebr.<\/p>\n<p><strong>Rama<\/strong><\/p>\n<p>N\u00eb editorialin e tij me titull \u201cKremtimi i pavar\u00ebsis\u00eb si dram\u00eb dhe si komenti\u201d, lideri i opozit\u00ebs shqiptare, Edi Rama, thekson se \u201cp\u00ebr Shqip\u00ebrin\u00eb e mbetur tri her\u00eb jasht\u00eb Europ\u00ebs, nj\u00eb gj\u00eb \u00ebsht\u00eb e sigurt: asgj\u00eb s\u2019do t\u00eb jet\u00eb m\u00eb nj\u00ebsoj n\u00eb Shqip\u00ebri kur t\u00eb largohet nga qendra e sken\u00ebs s\u00eb historis\u00eb s\u00eb k\u00ebtij vendi, ky personazh jasht\u00ebhistorik p\u00ebr Europ\u00ebn, p\u00ebr Ballkanin e p\u00ebr vet\u00eb Shqip\u00ebrin\u00eb e vitit 2012. E n\u00eb k\u00ebto kushte e vetmja m\u00ebnyr\u00eb p\u00ebr ta kremtuar dit\u00ebn e pavar\u00ebsis\u00eb, pa e ngr\u00ebn\u00eb t\u00ebr\u00eb turpin e k\u00ebtij viti me buk\u00ebn e d\u00ebshtimeve t\u00eb shkaktuara p\u00ebr hir t\u00eb pushtetit d\u00ebmsjell\u00ebs e qesharak t\u00eb k\u00ebtij personazhi, \u00ebsht\u00eb q\u00eb ky njeri t\u00eb mos jet\u00eb m\u00eb Kryeminist\u00ebr kur t\u00eb gdhihet 28 N\u00ebntori e t\u00eb k\u00ebndohet himni komb\u00ebtar\u201d.<\/p>\n<p>Por si do ta realizoj\u00eb opozita q\u00ebllimin e saj p\u00ebr t\u00eb larguar Berish\u00ebn nga qeveria. Me mocion mosbesimi n\u00eb Parlament? Edi Rama nuk e b\u00ebn t\u00eb qart\u00eb n\u00eb editorialin e tij, por m\u00eb posht\u00eb shton: \u201cQoft\u00eb edhe vet\u00ebm kjo, nuk \u00ebsht\u00eb nj\u00eb arsye e vog\u00ebl p\u00ebr ta shkulur nj\u00eb or\u00eb e m\u00eb par\u00eb q\u00eb aty, duke bashkuar \u00e7do forc\u00eb e \u00e7do vot\u00eb t\u00eb mundshme, pa humbur koh\u00eb, duke menduar se sa ia vlen apo nuk ia vlen bashkimi me k\u00ebdo qoft\u00eb p\u00ebr t\u00eb qeverisur vitin e ardhsh\u00ebm\u201d.<\/p>\n<p>Gjith\u00e7ka duket e qart\u00eb dhe e p\u00ebrcaktuar: opozita nuk do t\u00eb hyj\u00eb m\u00eb n\u00eb negociata p\u00ebr ndryshimin e Kodit Zgjedhor me k\u00ebto rrethana. \u201cMe nj\u00eb reform\u00eb zgjedhore t\u00eb minuar haptazi p\u00ebr t\u00eb p\u00ebrs\u00ebritur avazin e vjet\u00ebr e me nj\u00eb president t\u00eb zgjedhur p\u00ebr t\u00eb garantuar jo Shqip\u00ebrin\u00eb po vetveten, ai na ka ftuar t\u00eb zgjedhim: ose ta largojm\u00eb p\u00ebrpara se sa Shqip\u00ebria t\u00eb hyj\u00eb n\u00eb zgjedhje, ose t\u00eb presim se si do t\u2019i vjedh\u00eb p\u00ebrs\u00ebri zgjedhjet e do ta b\u00ebj\u00eb shkrumb \u00ebndrr\u00ebn e Shqip\u00ebris\u00eb Europiane. Kush ka sy le t\u00eb shikoj\u00eb e kush ka vesh\u00eb le t\u00eb d\u00ebgjoj\u00eb\u201d, e mbyll Edi Rama shkrimin e tij.<\/p>\n<p><strong>Patozi dhe Ru\u00e7i, Negociatat<\/strong><\/p>\n<p>Edhe pse opozita e ka b\u00ebr\u00eb t\u00eb ditur q\u00ebllimin e saj, konfirmohet se sot paradite do t\u00eb zhvillohen negociatat formale nd\u00ebrmjet kreut t\u00eb grupit parlamentar t\u00eb Partis\u00eb Demokratike, Astrit Patozi, dhe homologut t\u00eb tij t\u00eb Partis\u00eb Socialiste, Gramoz Ru\u00e7i, p\u00ebr zgjedhjen e Presidentit t\u00eb ri t\u00eb Republik\u00ebs. Duke folur p\u00ebr \u201cShqip\u201d n\u00ebp\u00ebrmjet telefonit, Ru\u00e7i deklaroi se gjith\u00e7ka do t\u00eb b\u00ebhet e ditur nga takimi i sot\u00ebm dhe se opozita e ka b\u00ebr\u00eb t\u00eb qart\u00eb q\u00ebndrimin se k\u00ebrkon nj\u00eb proces p\u00ebr presidentin dhe nuk do t\u00eb flas\u00eb p\u00ebr emra. Por nd\u00ebrsa Berisha e ka m\u00ebnjanuar Ram\u00ebn nga negociatat, Ru\u00e7i do t\u00eb shkoj\u00eb sot me nj\u00eb kart\u00eb m\u00eb shum\u00eb, kur kreu i partis\u00eb s\u00eb tij ka b\u00ebr\u00eb t\u00eb qart\u00eb q\u00ebndrimin politik se jo thjesht nuk do t\u00eb takohet me Berish\u00ebn, por do t\u00eb bashkoj\u00eb votat n\u00eb Parlament p\u00ebr t\u00eb shkarkuar Kryeministrin aktual. Shkurt, parashikohen negociata m\u00eb shum\u00eb se t\u00eb nxehta, t\u00eb tensionuara.<\/p>\n<blockquote><p><em><br \/>\nRama: \u201cAi na ka ftuar t\u00eb zgjedhim: ose ta largojm\u00eb p\u00ebrpara se sa Shqip\u00ebria t\u00eb hyj\u00eb n\u00eb zgjedhje, ose t\u00eb presim se si do t\u2019i vjedh\u00eb p\u00ebrs\u00ebri zgjedhjet\u201d<\/em><\/p>\n<p>Bashkimi: Edi Rama b\u00ebn t\u00eb ditur n\u00eb editorialin e tij t\u00eb botuar mbr\u00ebm\u00eb, se do t\u00eb bashkoj\u00eb \u201c\u00e7do vot\u00eb t\u00eb mundshme\u201d p\u00ebr t\u00eb rrezuar qeverin\u00eb \u201cBerisha\u201d<\/p>\n<p>Ru\u00e7i: Kryetari i grupit parlamentar t\u00eb PS-s\u00eb, Gramoz Ru\u00e7i, deklaroi se do t\u00eb b\u00ebj\u00eb t\u00eb ditur sot q\u00ebndrimin pas takimit me kolegun e tij t\u00eb PD-s\u00eb<\/p>\n<p>Mocioni: Q\u00eb t\u00eb rr\u00ebzohet qeveria n\u00eb Kuvend duhet q\u00eb nj\u00eb grup deputet\u00ebsh, p\u00ebrve\u00e7 se t\u00eb paraqes\u00eb mocionin e mosbesimit, do t\u00eb duhet t\u00eb paraqes\u00eb kandidatin alternativ<\/p>\n<p>PD-ja, s\u00eb bashku me Mediun dhe dy deputet\u00ebt e PDIU-s\u00eb n\u00eb Parlament, arrin t\u00eb ket\u00eb vet\u00ebm 69 deputet\u00eb<\/p>\n<p>Opozita, n\u00ebse merr me vete votat e LSI-s\u00eb dhe t\u00eb deputet\u00ebve t\u00eb pavarur, arrin 71 deputet\u00eb<\/p><\/blockquote>\n","protected":false},"excerpt":{"rendered":"<p>Ru\u00e7i, para takimit me Patozin: Do t\u00eb m\u00ebsoni q\u00ebndrimin ton\u00eb Nd\u00ebrsa Sali Berisha nuk e do n\u00eb tryez\u00eb Edi Ram\u00ebn, p\u00ebr t\u00eb negociuar p\u00ebr presidentin e ardhsh\u00ebm, kreu i PS-s\u00eb ka b\u00ebr\u00eb t\u00eb ditur dje planin e opozit\u00ebs shqiptare p\u00ebr t\u00eb larguar Sali Berish\u00ebn nga posti i Kryeministrit para zgjedhjeve t\u00eb ardhshme. Q\u00ebndrimi i Ram\u00ebs [&hellip;]<\/p>\n","protected":false},"author":1,"featured_media":0,"comment_status":"open","ping_status":"closed","sticky":false,"template":"","format":"standard","meta":{"footnotes":""},"categories":[2],"tags":[],"class_list":{"0":"post-11848","1":"post","2":"type-post","3":"status-publish","4":"format-standard","6":"category-artikuj"},"yoast_head":"<!-- This site is optimized with the Yoast SEO plugin v27.4 - https:\/\/yoast.com\/product\/yoast-seo-wordpress\/ -->\n<title>Rama: Do ta largojm\u00eb Berish\u00ebn si Kryeminist\u00ebr - FjALA e LIR\u00cb - Arkivi<\/title>\n<meta name=\"robots\" content=\"index, follow, max-snippet:-1, max-image-preview:large, max-video-preview:-1\" \/>\n<link rel=\"canonical\" href=\"https:\/\/fjala.info\/2009-2015\/rama-do-ta-largojme-berishen-si-kryeminister\/\" \/>\n<meta property=\"og:locale\" content=\"sq_AL\" \/>\n<meta property=\"og:type\" content=\"article\" \/>\n<meta property=\"og:title\" content=\"Rama: Do ta largojm\u00eb Berish\u00ebn si Kryeminist\u00ebr - FjALA e LIR\u00cb - Arkivi\" \/>\n<meta property=\"og:description\" content=\"Ru\u00e7i, para takimit me Patozin: Do t\u00eb m\u00ebsoni q\u00ebndrimin ton\u00eb Nd\u00ebrsa Sali Berisha nuk e do n\u00eb tryez\u00eb Edi Ram\u00ebn, p\u00ebr t\u00eb negociuar p\u00ebr presidentin e ardhsh\u00ebm, kreu i PS-s\u00eb ka b\u00ebr\u00eb t\u00eb ditur dje planin e opozit\u00ebs shqiptare p\u00ebr t\u00eb larguar Sali Berish\u00ebn nga posti i Kryeministrit para zgjedhjeve t\u00eb ardhshme. Q\u00ebndrimi i Ram\u00ebs [&hellip;]\" \/>\n<meta property=\"og:url\" content=\"https:\/\/fjala.info\/2009-2015\/rama-do-ta-largojme-berishen-si-kryeminister\/\" \/>\n<meta property=\"og:site_name\" content=\"FjALA e LIR\u00cb - Arkivi\" \/>\n<meta property=\"article:published_time\" content=\"2012-05-27T09:22:53+00:00\" \/>\n<meta property=\"og:image\" content=\"http:\/\/www.fjala.info\/2012\/berisha_rama.jpg\" \/>\n<meta name=\"author\" content=\"admin\" \/>\n<meta name=\"twitter:card\" content=\"summary_large_image\" \/>\n<meta name=\"twitter:label1\" content=\"Written by\" \/>\n\t<meta name=\"twitter:data1\" content=\"admin\" \/>\n\t<meta name=\"twitter:label2\" content=\"Est. reading time\" \/>\n\t<meta name=\"twitter:data2\" content=\"4 minutes\" \/>\n<script type=\"application\/ld+json\" class=\"yoast-schema-graph\">{\"@context\":\"https:\\\/\\\/schema.org\",\"@graph\":[{\"@type\":\"Article\",\"@id\":\"https:\\\/\\\/fjala.info\\\/2009-2015\\\/rama-do-ta-largojme-berishen-si-kryeminister\\\/#article\",\"isPartOf\":{\"@id\":\"https:\\\/\\\/fjala.info\\\/2009-2015\\\/rama-do-ta-largojme-berishen-si-kryeminister\\\/\"},\"author\":{\"name\":\"admin\",\"@id\":\"https:\\\/\\\/fjala.info\\\/2009-2015\\\/#\\\/schema\\\/person\\\/3aa1163ef05469c496fc94e77611ada2\"},\"headline\":\"Rama: Do ta largojm\u00eb Berish\u00ebn si Kryeminist\u00ebr\",\"datePublished\":\"2012-05-27T09:22:53+00:00\",\"mainEntityOfPage\":{\"@id\":\"https:\\\/\\\/fjala.info\\\/2009-2015\\\/rama-do-ta-largojme-berishen-si-kryeminister\\\/\"},\"wordCount\":869,\"commentCount\":0,\"publisher\":{\"@id\":\"https:\\\/\\\/fjala.info\\\/2009-2015\\\/#organization\"},\"image\":{\"@id\":\"https:\\\/\\\/fjala.info\\\/2009-2015\\\/rama-do-ta-largojme-berishen-si-kryeminister\\\/#primaryimage\"},\"thumbnailUrl\":\"http:\\\/\\\/www.fjala.info\\\/2012\\\/berisha_rama.jpg\",\"articleSection\":[\"Artikuj\"],\"inLanguage\":\"sq-AL\",\"potentialAction\":[{\"@type\":\"CommentAction\",\"name\":\"Comment\",\"target\":[\"https:\\\/\\\/fjala.info\\\/2009-2015\\\/rama-do-ta-largojme-berishen-si-kryeminister\\\/#respond\"]}]},{\"@type\":\"WebPage\",\"@id\":\"https:\\\/\\\/fjala.info\\\/2009-2015\\\/rama-do-ta-largojme-berishen-si-kryeminister\\\/\",\"url\":\"https:\\\/\\\/fjala.info\\\/2009-2015\\\/rama-do-ta-largojme-berishen-si-kryeminister\\\/\",\"name\":\"Rama: Do ta largojm\u00eb Berish\u00ebn si Kryeminist\u00ebr - FjALA e LIR\u00cb - Arkivi\",\"isPartOf\":{\"@id\":\"https:\\\/\\\/fjala.info\\\/2009-2015\\\/#website\"},\"primaryImageOfPage\":{\"@id\":\"https:\\\/\\\/fjala.info\\\/2009-2015\\\/rama-do-ta-largojme-berishen-si-kryeminister\\\/#primaryimage\"},\"image\":{\"@id\":\"https:\\\/\\\/fjala.info\\\/2009-2015\\\/rama-do-ta-largojme-berishen-si-kryeminister\\\/#primaryimage\"},\"thumbnailUrl\":\"http:\\\/\\\/www.fjala.info\\\/2012\\\/berisha_rama.jpg\",\"datePublished\":\"2012-05-27T09:22:53+00:00\",\"breadcrumb\":{\"@id\":\"https:\\\/\\\/fjala.info\\\/2009-2015\\\/rama-do-ta-largojme-berishen-si-kryeminister\\\/#breadcrumb\"},\"inLanguage\":\"sq-AL\",\"potentialAction\":[{\"@type\":\"ReadAction\",\"target\":[\"https:\\\/\\\/fjala.info\\\/2009-2015\\\/rama-do-ta-largojme-berishen-si-kryeminister\\\/\"]}]},{\"@type\":\"ImageObject\",\"inLanguage\":\"sq-AL\",\"@id\":\"https:\\\/\\\/fjala.info\\\/2009-2015\\\/rama-do-ta-largojme-berishen-si-kryeminister\\\/#primaryimage\",\"url\":\"http:\\\/\\\/www.fjala.info\\\/2012\\\/berisha_rama.jpg\",\"contentUrl\":\"http:\\\/\\\/www.fjala.info\\\/2012\\\/berisha_rama.jpg\"},{\"@type\":\"BreadcrumbList\",\"@id\":\"https:\\\/\\\/fjala.info\\\/2009-2015\\\/rama-do-ta-largojme-berishen-si-kryeminister\\\/#breadcrumb\",\"itemListElement\":[{\"@type\":\"ListItem\",\"position\":1,\"name\":\"Home\",\"item\":\"https:\\\/\\\/fjala.info\\\/2009-2015\\\/\"},{\"@type\":\"ListItem\",\"position\":2,\"name\":\"Rama: Do ta largojm\u00eb Berish\u00ebn si Kryeminist\u00ebr\"}]},{\"@type\":\"WebSite\",\"@id\":\"https:\\\/\\\/fjala.info\\\/2009-2015\\\/#website\",\"url\":\"https:\\\/\\\/fjala.info\\\/2009-2015\\\/\",\"name\":\"FjALA e LIR\u00cb - Arkivi\",\"description\":\"Arkivi 2009-2015\",\"publisher\":{\"@id\":\"https:\\\/\\\/fjala.info\\\/2009-2015\\\/#organization\"},\"potentialAction\":[{\"@type\":\"SearchAction\",\"target\":{\"@type\":\"EntryPoint\",\"urlTemplate\":\"https:\\\/\\\/fjala.info\\\/2009-2015\\\/?s={search_term_string}\"},\"query-input\":{\"@type\":\"PropertyValueSpecification\",\"valueRequired\":true,\"valueName\":\"search_term_string\"}}],\"inLanguage\":\"sq-AL\"},{\"@type\":\"Organization\",\"@id\":\"https:\\\/\\\/fjala.info\\\/2009-2015\\\/#organization\",\"name\":\"FjALA e LIR\u00cb - Arkivi\",\"url\":\"https:\\\/\\\/fjala.info\\\/2009-2015\\\/\",\"logo\":{\"@type\":\"ImageObject\",\"inLanguage\":\"sq-AL\",\"@id\":\"https:\\\/\\\/fjala.info\\\/2009-2015\\\/#\\\/schema\\\/logo\\\/image\\\/\",\"url\":\"\",\"contentUrl\":\"\",\"caption\":\"FjALA e LIR\u00cb - Arkivi\"},\"image\":{\"@id\":\"https:\\\/\\\/fjala.info\\\/2009-2015\\\/#\\\/schema\\\/logo\\\/image\\\/\"}},{\"@type\":\"Person\",\"@id\":\"https:\\\/\\\/fjala.info\\\/2009-2015\\\/#\\\/schema\\\/person\\\/3aa1163ef05469c496fc94e77611ada2\",\"name\":\"admin\",\"image\":{\"@type\":\"ImageObject\",\"inLanguage\":\"sq-AL\",\"@id\":\"https:\\\/\\\/fjala.info\\\/2009-2015\\\/wp-content\\\/uploads\\\/2012\\\/02\\\/arben_cokaj-120x150.jpg\",\"url\":\"https:\\\/\\\/fjala.info\\\/2009-2015\\\/wp-content\\\/uploads\\\/2012\\\/02\\\/arben_cokaj-120x150.jpg\",\"contentUrl\":\"https:\\\/\\\/fjala.info\\\/2009-2015\\\/wp-content\\\/uploads\\\/2012\\\/02\\\/arben_cokaj-120x150.jpg\",\"caption\":\"admin\"},\"description\":\"Admin, Fjala e Lir\u00eb\",\"sameAs\":[\"https:\\\/\\\/fjala.info\\\/\"],\"url\":\"https:\\\/\\\/fjala.info\\\/2009-2015\\\/author\\\/admin\\\/\"}]}<\/script>\n<!-- \/ Yoast SEO plugin. -->","yoast_head_json":{"title":"Rama: Do ta largojm\u00eb Berish\u00ebn si Kryeminist\u00ebr - FjALA e LIR\u00cb - Arkivi","robots":{"index":"index","follow":"follow","max-snippet":"max-snippet:-1","max-image-preview":"max-image-preview:large","max-video-preview":"max-video-preview:-1"},"canonical":"https:\/\/fjala.info\/2009-2015\/rama-do-ta-largojme-berishen-si-kryeminister\/","og_locale":"sq_AL","og_type":"article","og_title":"Rama: Do ta largojm\u00eb Berish\u00ebn si Kryeminist\u00ebr - FjALA e LIR\u00cb - Arkivi","og_description":"Ru\u00e7i, para takimit me Patozin: Do t\u00eb m\u00ebsoni q\u00ebndrimin ton\u00eb Nd\u00ebrsa Sali Berisha nuk e do n\u00eb tryez\u00eb Edi Ram\u00ebn, p\u00ebr t\u00eb negociuar p\u00ebr presidentin e ardhsh\u00ebm, kreu i PS-s\u00eb ka b\u00ebr\u00eb t\u00eb ditur dje planin e opozit\u00ebs shqiptare p\u00ebr t\u00eb larguar Sali Berish\u00ebn nga posti i Kryeministrit para zgjedhjeve t\u00eb ardhshme. Q\u00ebndrimi i Ram\u00ebs [&hellip;]","og_url":"https:\/\/fjala.info\/2009-2015\/rama-do-ta-largojme-berishen-si-kryeminister\/","og_site_name":"FjALA e LIR\u00cb - Arkivi","article_published_time":"2012-05-27T09:22:53+00:00","og_image":[{"url":"http:\/\/www.fjala.info\/2012\/berisha_rama.jpg","type":"","width":"","height":""}],"author":"admin","twitter_card":"summary_large_image","twitter_misc":{"Written by":"admin","Est. reading time":"4 minutes"},"schema":{"@context":"https:\/\/schema.org","@graph":[{"@type":"Article","@id":"https:\/\/fjala.info\/2009-2015\/rama-do-ta-largojme-berishen-si-kryeminister\/#article","isPartOf":{"@id":"https:\/\/fjala.info\/2009-2015\/rama-do-ta-largojme-berishen-si-kryeminister\/"},"author":{"name":"admin","@id":"https:\/\/fjala.info\/2009-2015\/#\/schema\/person\/3aa1163ef05469c496fc94e77611ada2"},"headline":"Rama: Do ta largojm\u00eb Berish\u00ebn si Kryeminist\u00ebr","datePublished":"2012-05-27T09:22:53+00:00","mainEntityOfPage":{"@id":"https:\/\/fjala.info\/2009-2015\/rama-do-ta-largojme-berishen-si-kryeminister\/"},"wordCount":869,"commentCount":0,"publisher":{"@id":"https:\/\/fjala.info\/2009-2015\/#organization"},"image":{"@id":"https:\/\/fjala.info\/2009-2015\/rama-do-ta-largojme-berishen-si-kryeminister\/#primaryimage"},"thumbnailUrl":"http:\/\/www.fjala.info\/2012\/berisha_rama.jpg","articleSection":["Artikuj"],"inLanguage":"sq-AL","potentialAction":[{"@type":"CommentAction","name":"Comment","target":["https:\/\/fjala.info\/2009-2015\/rama-do-ta-largojme-berishen-si-kryeminister\/#respond"]}]},{"@type":"WebPage","@id":"https:\/\/fjala.info\/2009-2015\/rama-do-ta-largojme-berishen-si-kryeminister\/","url":"https:\/\/fjala.info\/2009-2015\/rama-do-ta-largojme-berishen-si-kryeminister\/","name":"Rama: Do ta largojm\u00eb Berish\u00ebn si Kryeminist\u00ebr - FjALA e LIR\u00cb - Arkivi","isPartOf":{"@id":"https:\/\/fjala.info\/2009-2015\/#website"},"primaryImageOfPage":{"@id":"https:\/\/fjala.info\/2009-2015\/rama-do-ta-largojme-berishen-si-kryeminister\/#primaryimage"},"image":{"@id":"https:\/\/fjala.info\/2009-2015\/rama-do-ta-largojme-berishen-si-kryeminister\/#primaryimage"},"thumbnailUrl":"http:\/\/www.fjala.info\/2012\/berisha_rama.jpg","datePublished":"2012-05-27T09:22:53+00:00","breadcrumb":{"@id":"https:\/\/fjala.info\/2009-2015\/rama-do-ta-largojme-berishen-si-kryeminister\/#breadcrumb"},"inLanguage":"sq-AL","potentialAction":[{"@type":"ReadAction","target":["https:\/\/fjala.info\/2009-2015\/rama-do-ta-largojme-berishen-si-kryeminister\/"]}]},{"@type":"ImageObject","inLanguage":"sq-AL","@id":"https:\/\/fjala.info\/2009-2015\/rama-do-ta-largojme-berishen-si-kryeminister\/#primaryimage","url":"http:\/\/www.fjala.info\/2012\/berisha_rama.jpg","contentUrl":"http:\/\/www.fjala.info\/2012\/berisha_rama.jpg"},{"@type":"BreadcrumbList","@id":"https:\/\/fjala.info\/2009-2015\/rama-do-ta-largojme-berishen-si-kryeminister\/#breadcrumb","itemListElement":[{"@type":"ListItem","position":1,"name":"Home","item":"https:\/\/fjala.info\/2009-2015\/"},{"@type":"ListItem","position":2,"name":"Rama: Do ta largojm\u00eb Berish\u00ebn si Kryeminist\u00ebr"}]},{"@type":"WebSite","@id":"https:\/\/fjala.info\/2009-2015\/#website","url":"https:\/\/fjala.info\/2009-2015\/","name":"FjALA e LIR\u00cb - Arkivi","description":"Arkivi 2009-2015","publisher":{"@id":"https:\/\/fjala.info\/2009-2015\/#organization"},"potentialAction":[{"@type":"SearchAction","target":{"@type":"EntryPoint","urlTemplate":"https:\/\/fjala.info\/2009-2015\/?s={search_term_string}"},"query-input":{"@type":"PropertyValueSpecification","valueRequired":true,"valueName":"search_term_string"}}],"inLanguage":"sq-AL"},{"@type":"Organization","@id":"https:\/\/fjala.info\/2009-2015\/#organization","name":"FjALA e LIR\u00cb - Arkivi","url":"https:\/\/fjala.info\/2009-2015\/","logo":{"@type":"ImageObject","inLanguage":"sq-AL","@id":"https:\/\/fjala.info\/2009-2015\/#\/schema\/logo\/image\/","url":"","contentUrl":"","caption":"FjALA e LIR\u00cb - Arkivi"},"image":{"@id":"https:\/\/fjala.info\/2009-2015\/#\/schema\/logo\/image\/"}},{"@type":"Person","@id":"https:\/\/fjala.info\/2009-2015\/#\/schema\/person\/3aa1163ef05469c496fc94e77611ada2","name":"admin","image":{"@type":"ImageObject","inLanguage":"sq-AL","@id":"https:\/\/fjala.info\/2009-2015\/wp-content\/uploads\/2012\/02\/arben_cokaj-120x150.jpg","url":"https:\/\/fjala.info\/2009-2015\/wp-content\/uploads\/2012\/02\/arben_cokaj-120x150.jpg","contentUrl":"https:\/\/fjala.info\/2009-2015\/wp-content\/uploads\/2012\/02\/arben_cokaj-120x150.jpg","caption":"admin"},"description":"Admin, Fjala e Lir\u00eb","sameAs":["https:\/\/fjala.info\/"],"url":"https:\/\/fjala.info\/2009-2015\/author\/admin\/"}]}},"_links":{"self":[{"href":"https:\/\/fjala.info\/2009-2015\/wp-json\/wp\/v2\/posts\/11848","targetHints":{"allow":["GET"]}}],"collection":[{"href":"https:\/\/fjala.info\/2009-2015\/wp-json\/wp\/v2\/posts"}],"about":[{"href":"https:\/\/fjala.info\/2009-2015\/wp-json\/wp\/v2\/types\/post"}],"author":[{"embeddable":true,"href":"https:\/\/fjala.info\/2009-2015\/wp-json\/wp\/v2\/users\/1"}],"replies":[{"embeddable":true,"href":"https:\/\/fjala.info\/2009-2015\/wp-json\/wp\/v2\/comments?post=11848"}],"version-history":[{"count":0,"href":"https:\/\/fjala.info\/2009-2015\/wp-json\/wp\/v2\/posts\/11848\/revisions"}],"wp:attachment":[{"href":"https:\/\/fjala.info\/2009-2015\/wp-json\/wp\/v2\/media?parent=11848"}],"wp:term":[{"taxonomy":"category","embeddable":true,"href":"https:\/\/fjala.info\/2009-2015\/wp-json\/wp\/v2\/categories?post=11848"},{"taxonomy":"post_tag","embeddable":true,"href":"https:\/\/fjala.info\/2009-2015\/wp-json\/wp\/v2\/tags?post=11848"}],"curies":[{"name":"wp","href":"https:\/\/api.w.org\/{rel}","templated":true}]}}