{"id":11845,"date":"2012-05-25T21:56:12","date_gmt":"2012-05-25T20:56:12","guid":{"rendered":"http:\/\/www.fjala.info\/?p=2964"},"modified":"2012-05-25T21:56:12","modified_gmt":"2012-05-25T20:56:12","slug":"intervista-ambasadori-danez-nga-emri-i-presidentit-varet-integrimi-evropian","status":"publish","type":"post","link":"https:\/\/fjala.info\/2009-2015\/intervista-ambasadori-danez-nga-emri-i-presidentit-varet-integrimi-evropian\/","title":{"rendered":"INTERVISTA\/ Ambasadori danez: Nga emri i presidentit varet integrimi evropian"},"content":{"rendered":"<p><img decoding=\"async\" class=\"alignright size-thumbnail wp-image-7236\" title=\"Ambasadori danez\" src=\"http:\/\/www.fjala.info\/2012\/ambasadori_danez.jpg\" alt=\"\" width=\"200\" \/> <strong>TemA<\/strong>, <em>25 Maj 2012<\/em><\/p>\n<p><em>Kur kan\u00eb mbetur edhe 5 dit\u00eb nga votimi i par\u00eb n\u00eb Parlament p\u00ebr t\u00eb zgjedhur Presidentin e ri t\u00eb Republik\u00ebs, n\u00eb nj\u00eb intervist\u00eb p\u00ebr Top Channel ambasadori Damimark\u00ebs n\u00eb Tiran\u00eb Karsten Ankjaer Jensen shprehet se 5 vitet e ardhshme t\u00eb integrimit europian t\u00eb Shqip\u00ebris\u00eb lidhen ngusht\u00ebsisht me personin q\u00eb do t\u00eb zgjedhin politikan\u00ebt shqiptar\u00eb.<\/em><\/p>\n<p>Bisedoi: <strong>Muhamet Veliu<\/strong><\/p>\n<p><strong>Zoti ambasador, vendi juaj \u00ebsht\u00eb duke drejtuar presidenc\u00ebn e BE. Do t\u00eb doja t\u2019ju pyes n\u00eb lidhje me zhvillimet e fundit politike n\u00eb Shqip\u00ebri q\u00eb lidhen me mos finalizimin e reform\u00ebs zgjedhore dhe asaj parlamentare, nd\u00ebrkoh\u00eb q\u00eb pat\u00ebm nj\u00eb deklarat\u00eb nga komisioneri Stefan Fyle, i cili vuri si afat dat\u00ebn 24 maj.<\/strong><\/p>\n<p>Shpreh keqardhjen p\u00ebr k\u00ebt\u00eb, pasi ka mbetur pak koh\u00eb p\u00ebr Shqip\u00ebrin\u00eb deri n\u00eb progres raportin e ardhsh\u00ebm nga ku komisioneri do t\u00eb propozoj\u00eb ose jo p\u00ebr marrjen e statusit t\u00eb vendit kandidat. Pra ka mbetur pak koh\u00eb n\u00eb p\u00ebrmbushjen e prioriteteve. Un\u00eb personalisht, dhe shum\u00eb prej koleg\u00ebve t\u00eb mi shprehim keqardhje q\u00eb ky afat nuk u p\u00ebrmbush. Kjo t\u00eb b\u00ebn t\u00eb mendosh n\u00ebse klasa politike shqiptare me sinqeritet do t\u00eb p\u00ebrmbush\u00eb aspiratat e popullit t\u00eb tyre p\u00ebr t\u2019ju bashkuar BE-s. Ata humb\u00ebn mund\u00ebsin\u00eb t\u00eb p\u00ebrfundonin reformat brenda k\u00ebtij afati, por ku i dihet, mbase ata vendosin t\u00eb merren vesh, t\u00eb gjejn\u00eb nj\u00eb kompromis sonte apo nes\u00ebr. N\u00ebse e b\u00ebjn\u00eb k\u00ebt\u00eb nuk do t\u00eb jet\u00eb fundi i bot\u00ebs. Dua ta theksoj. Ka mbetur shum\u00eb pak koh\u00eb p\u00ebr ta b\u00ebr\u00eb k\u00ebt\u00eb.<\/p>\n<p><strong>M\u00eb 30 maj parlamenti do t\u2019i drejtohet votimit t\u00eb par\u00eb p\u00ebr t\u00eb zgjedhur presidentin e ri. Cila \u00ebsht\u00eb pik\u00ebpamja juaj p\u00ebr procesin e deritanish\u00ebm?<\/strong><\/p>\n<p>Procesi deri m\u00eb tani ka qen\u00eb kryesisht n\u00eb media dhe emisione t\u00eb ndryshme televizive. Un\u00eb mendoj se gj\u00ebja m\u00eb e r\u00ebnd\u00ebsishme \u00ebsht\u00eb personi. Ajo q\u00eb merr nj\u00eb r\u00ebnd\u00ebsi t\u00eb ve\u00e7ant\u00eb \u00ebsht\u00eb se cilin person do t\u00eb zgjedhin politikan\u00ebt shqiptar\u00eb. Shqip\u00ebria \u00ebsht\u00eb p\u00ebrball\u00eb nj\u00eb mund\u00ebsie p\u00ebr t\u00eb d\u00ebrguar dy mesazhe. I pari: q\u00eb ata kan\u00eb ngecur tek e shkuara politike ose jan\u00eb duke pare nga e ardhmja.<\/p>\n<p>E shikoj si me shum\u00eb r\u00ebnd\u00ebsi se cilin person ata do t\u00eb zgjedhin. Ai do t\u00eb jet\u00eb fytyra apo imazhi i Shqip\u00ebris\u00eb p\u00ebr pes\u00eb vitet e ardhshme, q\u00eb jan\u00eb vendimtare p\u00ebr t\u00eb ardhmen e Shqip\u00ebris\u00eb drejt proceseve integruese. Dhe prandaj ky person do t\u00eb jet\u00eb imazhi i shqiptar\u00ebve t\u00eb ndersh\u00ebm dhe pun\u00ebtor\u00eb, t\u00eb cil\u00ebt ne duam t\u2019i shohim si pjes\u00eb e Europ\u00ebs. Ose do t\u00eb jet\u00eb fytyra apo i mazhit i asaj q\u00eb edhe mund t\u00eb shkoj\u00eb keq me politik\u00ebn shqiptare, t\u00eb cil\u00ebn ne n\u00eb asnj\u00eb m\u00ebnyr\u00eb nuk duam ta importojm\u00eb n\u00eb Europ\u00eb. Prandaj \u00ebsht\u00eb nj\u00eb zgjedhje e r\u00ebnd\u00ebsishme ajo \u00e7far\u00eb pritet t\u00eb vije nga politikan\u00ebt. Kjo pasi ose do ta bekoj\u00eb dhe k\u00ebnaqe Shqip\u00ebrin\u00eb, ose do t\u00eb q\u00ebndroj\u00eb si nj\u00eb hije e keqe p\u00ebr 5 vitet e ardhshme. <\/p>\n<p>Prandaj e p\u00ebrs\u00ebris. \u00cbsht\u00eb nj\u00eb zgjedhje vendimtare. N\u00ebse b\u00ebhet zgjedhja e gabuar, kjo nuk do t\u00eb ndihmoj\u00eb Shqip\u00ebrin\u00eb drejt integrimit europian. Integrimi do t\u00eb ndodh\u00eb her\u00ebt a von\u00eb. Pra \u00ebsht\u00eb \u00e7\u00ebshtje kohe, por n\u00ebse ju zgjidhni nj\u00eb president q\u00eb do t\u00eb kthehet n\u00eb nj\u00eb penges\u00eb p\u00ebr integrimin, ky proces do t\u00eb marr\u00eb m\u00eb shum\u00eb koh\u00eb duke menduar se sa i r\u00ebnd\u00ebsish\u00ebm \u00ebsht\u00eb ky vit, kur kremtohet 100 vjetori pavar\u00ebsis\u00eb. Zgjedhja e presidentit mbart nj\u00eb di\u00e7ka sinjifikative. Shpresoj q\u00eb politikan\u00ebt shqiptar\u00eb do t\u00eb plot\u00ebsojn\u00eb detyrat e saj duke i g\u00ebzuar shqiptar\u00ebt me marrjen e statusit t\u00eb vendit kandidat.<\/p>\n<p><strong>Komuniteti nd\u00ebrkomb\u00ebtar n\u00eb m\u00ebnyr\u00eb t\u00eb p\u00ebrs\u00ebritur \u00ebsht\u00eb shprehur p\u00ebr nj\u00eb president konsensual, por qartas shikojm\u00eb kryeministrin Berisha, i cili thot\u00eb se presidenti duhet t\u00eb jet\u00eb nga radh\u00ebt e PD. Kjo k\u00ebmb\u00ebngulje e kryeministrit mos vall\u00eb \u00ebsht\u00eb nj\u00eb devijim nga apeli q\u00eb keni b\u00ebr\u00eb p\u00ebr nj\u00eb president konsensual?<\/strong><\/p>\n<p>Jo. Jan\u00eb dy gj\u00ebra. Nj\u00eb president konsensual do t\u00eb d\u00ebrgoj\u00eb sinjale t\u00eb forta n\u00eb Europ\u00eb se politikan\u00ebt shqiptar\u00eb e kan\u00eb t\u00eb mundur t\u00eb punojn\u00eb p\u00ebr nj\u00eb q\u00ebllim t\u00eb p\u00ebrbashk\u00ebt. Merr r\u00ebnd\u00ebsi se cilin person ata do t\u00eb zgjedhin duke p\u00ebrdorur kompromisin. N\u00ebse \u00ebsht\u00eb nj\u00eb person q\u00eb d\u00ebrgon sinjale se Shqip\u00ebria ka mbetur tek e shkuara, at\u00ebher\u00eb kjo nuk do ta ndihmoj\u00eb integrimin. N\u00ebse ai do t\u00eb tregoj\u00eb se q\u00ebndron nga ana e s\u00eb ardhmes s\u00eb Shqip\u00ebris\u00eb, at\u00ebher\u00eb kjo do ta ndihmonte integrimin. Do jet\u00eb nj\u00eb hap pozitiv n\u00ebse deputetet do t\u00eb vendosin p\u00ebr nj\u00eb kandidat me standarde t\u00eb larta dhe do t\u00eb demonstrojn\u00eb unitetin e Shqip\u00ebris\u00eb duke \u00e7uar sinjale pozitive t\u00eb dyanshme si n\u00eb Shqip\u00ebri ashtu edhe n\u00eb Bruksel. Por natyrisht nuk do t\u00eb d\u00ebrgohet nj\u00eb mesazh pozitiv n\u00ebse presidenti zgjidhet me 71 vota. Ky nuk do t\u00eb jet\u00eb nj\u00eb mesazh i mir\u00eb nga parlamenti. Duhet t\u00eb kemi parasysh faktin se kjo \u00ebsht\u00eb nj\u00eb zgjedhje q\u00eb zgjat 5 vjet.<\/p>\n<p><strong>Sa i d\u00ebmsh\u00ebm \u00ebsht\u00eb p\u00ebr imazhin e Shqip\u00ebris\u00eb raporti i djesh\u00ebm i Departamentit t\u00eb Shtetit ku n\u00ebnvizohen \u00e7\u00ebshtje si ato t\u00eb zgjedhjeve lokale t\u00eb 8 Majit, ngjarjet e 21 janarit dhe korrupsioni?<\/strong><\/p>\n<p>Nuk e kam lexuar t\u00eb gjith\u00eb raportin, por vet\u00ebm nj\u00eb p\u00ebrmbledhje t\u00eb tij. Ajo q\u00eb reflektohet n\u00eb raport jan\u00eb ekzakt\u00ebsisht \u00e7\u00ebshtjet q\u00eb jan\u00eb kthyer n\u00eb probleme p\u00ebr integrimin europian. Ato duhet t\u00eb zgjidhen n\u00eb m\u00ebnyr\u00ebn e demonstrimit t\u00eb standardeve demokratike dhe shpirtit europian.<\/p>\n","protected":false},"excerpt":{"rendered":"<p>TemA, 25 Maj 2012 Kur kan\u00eb mbetur edhe 5 dit\u00eb nga votimi i par\u00eb n\u00eb Parlament p\u00ebr t\u00eb zgjedhur Presidentin e ri t\u00eb Republik\u00ebs, n\u00eb nj\u00eb intervist\u00eb p\u00ebr Top Channel ambasadori Damimark\u00ebs n\u00eb Tiran\u00eb Karsten Ankjaer Jensen shprehet se 5 vitet e ardhshme t\u00eb integrimit europian t\u00eb Shqip\u00ebris\u00eb lidhen ngusht\u00ebsisht me personin q\u00eb do t\u00eb [&hellip;]<\/p>\n","protected":false},"author":1,"featured_media":0,"comment_status":"open","ping_status":"closed","sticky":false,"template":"","format":"standard","meta":{"footnotes":""},"categories":[2,4],"tags":[],"class_list":{"0":"post-11845","1":"post","2":"type-post","3":"status-publish","4":"format-standard","6":"category-artikuj","7":"category-intervista"},"yoast_head":"<!-- This site is optimized with the Yoast SEO plugin v27.4 - https:\/\/yoast.com\/product\/yoast-seo-wordpress\/ -->\n<title>INTERVISTA\/ Ambasadori danez: Nga emri i presidentit varet integrimi evropian - FjALA e LIR\u00cb - Arkivi<\/title>\n<meta name=\"robots\" content=\"index, follow, max-snippet:-1, max-image-preview:large, max-video-preview:-1\" \/>\n<link rel=\"canonical\" href=\"https:\/\/fjala.info\/2009-2015\/intervista-ambasadori-danez-nga-emri-i-presidentit-varet-integrimi-evropian\/\" \/>\n<meta property=\"og:locale\" content=\"sq_AL\" \/>\n<meta property=\"og:type\" content=\"article\" \/>\n<meta property=\"og:title\" content=\"INTERVISTA\/ Ambasadori danez: Nga emri i presidentit varet integrimi evropian - FjALA e LIR\u00cb - Arkivi\" \/>\n<meta property=\"og:description\" content=\"TemA, 25 Maj 2012 Kur kan\u00eb mbetur edhe 5 dit\u00eb nga votimi i par\u00eb n\u00eb Parlament p\u00ebr t\u00eb zgjedhur Presidentin e ri t\u00eb Republik\u00ebs, n\u00eb nj\u00eb intervist\u00eb p\u00ebr Top Channel ambasadori Damimark\u00ebs n\u00eb Tiran\u00eb Karsten Ankjaer Jensen shprehet se 5 vitet e ardhshme t\u00eb integrimit europian t\u00eb Shqip\u00ebris\u00eb lidhen ngusht\u00ebsisht me personin q\u00eb do t\u00eb [&hellip;]\" \/>\n<meta property=\"og:url\" content=\"https:\/\/fjala.info\/2009-2015\/intervista-ambasadori-danez-nga-emri-i-presidentit-varet-integrimi-evropian\/\" \/>\n<meta property=\"og:site_name\" content=\"FjALA e LIR\u00cb - Arkivi\" \/>\n<meta property=\"article:published_time\" content=\"2012-05-25T20:56:12+00:00\" \/>\n<meta property=\"og:image\" content=\"http:\/\/www.fjala.info\/2012\/ambasadori_danez.jpg\" \/>\n<meta name=\"author\" content=\"admin\" \/>\n<meta name=\"twitter:card\" content=\"summary_large_image\" \/>\n<meta name=\"twitter:label1\" content=\"Written by\" \/>\n\t<meta name=\"twitter:data1\" content=\"admin\" \/>\n\t<meta name=\"twitter:label2\" content=\"Est. reading time\" \/>\n\t<meta name=\"twitter:data2\" content=\"5 minutes\" \/>\n<script type=\"application\/ld+json\" class=\"yoast-schema-graph\">{\"@context\":\"https:\\\/\\\/schema.org\",\"@graph\":[{\"@type\":\"Article\",\"@id\":\"https:\\\/\\\/fjala.info\\\/2009-2015\\\/intervista-ambasadori-danez-nga-emri-i-presidentit-varet-integrimi-evropian\\\/#article\",\"isPartOf\":{\"@id\":\"https:\\\/\\\/fjala.info\\\/2009-2015\\\/intervista-ambasadori-danez-nga-emri-i-presidentit-varet-integrimi-evropian\\\/\"},\"author\":{\"name\":\"admin\",\"@id\":\"https:\\\/\\\/fjala.info\\\/2009-2015\\\/#\\\/schema\\\/person\\\/3aa1163ef05469c496fc94e77611ada2\"},\"headline\":\"INTERVISTA\\\/ Ambasadori danez: Nga emri i presidentit varet integrimi evropian\",\"datePublished\":\"2012-05-25T20:56:12+00:00\",\"mainEntityOfPage\":{\"@id\":\"https:\\\/\\\/fjala.info\\\/2009-2015\\\/intervista-ambasadori-danez-nga-emri-i-presidentit-varet-integrimi-evropian\\\/\"},\"wordCount\":980,\"commentCount\":0,\"publisher\":{\"@id\":\"https:\\\/\\\/fjala.info\\\/2009-2015\\\/#organization\"},\"image\":{\"@id\":\"https:\\\/\\\/fjala.info\\\/2009-2015\\\/intervista-ambasadori-danez-nga-emri-i-presidentit-varet-integrimi-evropian\\\/#primaryimage\"},\"thumbnailUrl\":\"http:\\\/\\\/www.fjala.info\\\/2012\\\/ambasadori_danez.jpg\",\"articleSection\":[\"Artikuj\",\"Intervista\"],\"inLanguage\":\"sq-AL\",\"potentialAction\":[{\"@type\":\"CommentAction\",\"name\":\"Comment\",\"target\":[\"https:\\\/\\\/fjala.info\\\/2009-2015\\\/intervista-ambasadori-danez-nga-emri-i-presidentit-varet-integrimi-evropian\\\/#respond\"]}]},{\"@type\":\"WebPage\",\"@id\":\"https:\\\/\\\/fjala.info\\\/2009-2015\\\/intervista-ambasadori-danez-nga-emri-i-presidentit-varet-integrimi-evropian\\\/\",\"url\":\"https:\\\/\\\/fjala.info\\\/2009-2015\\\/intervista-ambasadori-danez-nga-emri-i-presidentit-varet-integrimi-evropian\\\/\",\"name\":\"INTERVISTA\\\/ Ambasadori danez: Nga emri i presidentit varet integrimi evropian - FjALA e LIR\u00cb - Arkivi\",\"isPartOf\":{\"@id\":\"https:\\\/\\\/fjala.info\\\/2009-2015\\\/#website\"},\"primaryImageOfPage\":{\"@id\":\"https:\\\/\\\/fjala.info\\\/2009-2015\\\/intervista-ambasadori-danez-nga-emri-i-presidentit-varet-integrimi-evropian\\\/#primaryimage\"},\"image\":{\"@id\":\"https:\\\/\\\/fjala.info\\\/2009-2015\\\/intervista-ambasadori-danez-nga-emri-i-presidentit-varet-integrimi-evropian\\\/#primaryimage\"},\"thumbnailUrl\":\"http:\\\/\\\/www.fjala.info\\\/2012\\\/ambasadori_danez.jpg\",\"datePublished\":\"2012-05-25T20:56:12+00:00\",\"breadcrumb\":{\"@id\":\"https:\\\/\\\/fjala.info\\\/2009-2015\\\/intervista-ambasadori-danez-nga-emri-i-presidentit-varet-integrimi-evropian\\\/#breadcrumb\"},\"inLanguage\":\"sq-AL\",\"potentialAction\":[{\"@type\":\"ReadAction\",\"target\":[\"https:\\\/\\\/fjala.info\\\/2009-2015\\\/intervista-ambasadori-danez-nga-emri-i-presidentit-varet-integrimi-evropian\\\/\"]}]},{\"@type\":\"ImageObject\",\"inLanguage\":\"sq-AL\",\"@id\":\"https:\\\/\\\/fjala.info\\\/2009-2015\\\/intervista-ambasadori-danez-nga-emri-i-presidentit-varet-integrimi-evropian\\\/#primaryimage\",\"url\":\"http:\\\/\\\/www.fjala.info\\\/2012\\\/ambasadori_danez.jpg\",\"contentUrl\":\"http:\\\/\\\/www.fjala.info\\\/2012\\\/ambasadori_danez.jpg\"},{\"@type\":\"BreadcrumbList\",\"@id\":\"https:\\\/\\\/fjala.info\\\/2009-2015\\\/intervista-ambasadori-danez-nga-emri-i-presidentit-varet-integrimi-evropian\\\/#breadcrumb\",\"itemListElement\":[{\"@type\":\"ListItem\",\"position\":1,\"name\":\"Home\",\"item\":\"https:\\\/\\\/fjala.info\\\/2009-2015\\\/\"},{\"@type\":\"ListItem\",\"position\":2,\"name\":\"INTERVISTA\\\/ Ambasadori danez: Nga emri i presidentit varet integrimi evropian\"}]},{\"@type\":\"WebSite\",\"@id\":\"https:\\\/\\\/fjala.info\\\/2009-2015\\\/#website\",\"url\":\"https:\\\/\\\/fjala.info\\\/2009-2015\\\/\",\"name\":\"FjALA e LIR\u00cb - Arkivi\",\"description\":\"Arkivi 2009-2015\",\"publisher\":{\"@id\":\"https:\\\/\\\/fjala.info\\\/2009-2015\\\/#organization\"},\"potentialAction\":[{\"@type\":\"SearchAction\",\"target\":{\"@type\":\"EntryPoint\",\"urlTemplate\":\"https:\\\/\\\/fjala.info\\\/2009-2015\\\/?s={search_term_string}\"},\"query-input\":{\"@type\":\"PropertyValueSpecification\",\"valueRequired\":true,\"valueName\":\"search_term_string\"}}],\"inLanguage\":\"sq-AL\"},{\"@type\":\"Organization\",\"@id\":\"https:\\\/\\\/fjala.info\\\/2009-2015\\\/#organization\",\"name\":\"FjALA e LIR\u00cb - Arkivi\",\"url\":\"https:\\\/\\\/fjala.info\\\/2009-2015\\\/\",\"logo\":{\"@type\":\"ImageObject\",\"inLanguage\":\"sq-AL\",\"@id\":\"https:\\\/\\\/fjala.info\\\/2009-2015\\\/#\\\/schema\\\/logo\\\/image\\\/\",\"url\":\"\",\"contentUrl\":\"\",\"caption\":\"FjALA e LIR\u00cb - Arkivi\"},\"image\":{\"@id\":\"https:\\\/\\\/fjala.info\\\/2009-2015\\\/#\\\/schema\\\/logo\\\/image\\\/\"}},{\"@type\":\"Person\",\"@id\":\"https:\\\/\\\/fjala.info\\\/2009-2015\\\/#\\\/schema\\\/person\\\/3aa1163ef05469c496fc94e77611ada2\",\"name\":\"admin\",\"image\":{\"@type\":\"ImageObject\",\"inLanguage\":\"sq-AL\",\"@id\":\"https:\\\/\\\/fjala.info\\\/2009-2015\\\/wp-content\\\/uploads\\\/2012\\\/02\\\/arben_cokaj-120x150.jpg\",\"url\":\"https:\\\/\\\/fjala.info\\\/2009-2015\\\/wp-content\\\/uploads\\\/2012\\\/02\\\/arben_cokaj-120x150.jpg\",\"contentUrl\":\"https:\\\/\\\/fjala.info\\\/2009-2015\\\/wp-content\\\/uploads\\\/2012\\\/02\\\/arben_cokaj-120x150.jpg\",\"caption\":\"admin\"},\"description\":\"Admin, Fjala e Lir\u00eb\",\"sameAs\":[\"https:\\\/\\\/fjala.info\\\/\"],\"url\":\"https:\\\/\\\/fjala.info\\\/2009-2015\\\/author\\\/admin\\\/\"}]}<\/script>\n<!-- \/ Yoast SEO plugin. -->","yoast_head_json":{"title":"INTERVISTA\/ Ambasadori danez: Nga emri i presidentit varet integrimi evropian - FjALA e LIR\u00cb - Arkivi","robots":{"index":"index","follow":"follow","max-snippet":"max-snippet:-1","max-image-preview":"max-image-preview:large","max-video-preview":"max-video-preview:-1"},"canonical":"https:\/\/fjala.info\/2009-2015\/intervista-ambasadori-danez-nga-emri-i-presidentit-varet-integrimi-evropian\/","og_locale":"sq_AL","og_type":"article","og_title":"INTERVISTA\/ Ambasadori danez: Nga emri i presidentit varet integrimi evropian - FjALA e LIR\u00cb - Arkivi","og_description":"TemA, 25 Maj 2012 Kur kan\u00eb mbetur edhe 5 dit\u00eb nga votimi i par\u00eb n\u00eb Parlament p\u00ebr t\u00eb zgjedhur Presidentin e ri t\u00eb Republik\u00ebs, n\u00eb nj\u00eb intervist\u00eb p\u00ebr Top Channel ambasadori Damimark\u00ebs n\u00eb Tiran\u00eb Karsten Ankjaer Jensen shprehet se 5 vitet e ardhshme t\u00eb integrimit europian t\u00eb Shqip\u00ebris\u00eb lidhen ngusht\u00ebsisht me personin q\u00eb do t\u00eb [&hellip;]","og_url":"https:\/\/fjala.info\/2009-2015\/intervista-ambasadori-danez-nga-emri-i-presidentit-varet-integrimi-evropian\/","og_site_name":"FjALA e LIR\u00cb - Arkivi","article_published_time":"2012-05-25T20:56:12+00:00","og_image":[{"url":"http:\/\/www.fjala.info\/2012\/ambasadori_danez.jpg","type":"","width":"","height":""}],"author":"admin","twitter_card":"summary_large_image","twitter_misc":{"Written by":"admin","Est. reading time":"5 minutes"},"schema":{"@context":"https:\/\/schema.org","@graph":[{"@type":"Article","@id":"https:\/\/fjala.info\/2009-2015\/intervista-ambasadori-danez-nga-emri-i-presidentit-varet-integrimi-evropian\/#article","isPartOf":{"@id":"https:\/\/fjala.info\/2009-2015\/intervista-ambasadori-danez-nga-emri-i-presidentit-varet-integrimi-evropian\/"},"author":{"name":"admin","@id":"https:\/\/fjala.info\/2009-2015\/#\/schema\/person\/3aa1163ef05469c496fc94e77611ada2"},"headline":"INTERVISTA\/ Ambasadori danez: Nga emri i presidentit varet integrimi evropian","datePublished":"2012-05-25T20:56:12+00:00","mainEntityOfPage":{"@id":"https:\/\/fjala.info\/2009-2015\/intervista-ambasadori-danez-nga-emri-i-presidentit-varet-integrimi-evropian\/"},"wordCount":980,"commentCount":0,"publisher":{"@id":"https:\/\/fjala.info\/2009-2015\/#organization"},"image":{"@id":"https:\/\/fjala.info\/2009-2015\/intervista-ambasadori-danez-nga-emri-i-presidentit-varet-integrimi-evropian\/#primaryimage"},"thumbnailUrl":"http:\/\/www.fjala.info\/2012\/ambasadori_danez.jpg","articleSection":["Artikuj","Intervista"],"inLanguage":"sq-AL","potentialAction":[{"@type":"CommentAction","name":"Comment","target":["https:\/\/fjala.info\/2009-2015\/intervista-ambasadori-danez-nga-emri-i-presidentit-varet-integrimi-evropian\/#respond"]}]},{"@type":"WebPage","@id":"https:\/\/fjala.info\/2009-2015\/intervista-ambasadori-danez-nga-emri-i-presidentit-varet-integrimi-evropian\/","url":"https:\/\/fjala.info\/2009-2015\/intervista-ambasadori-danez-nga-emri-i-presidentit-varet-integrimi-evropian\/","name":"INTERVISTA\/ Ambasadori danez: Nga emri i presidentit varet integrimi evropian - FjALA e LIR\u00cb - Arkivi","isPartOf":{"@id":"https:\/\/fjala.info\/2009-2015\/#website"},"primaryImageOfPage":{"@id":"https:\/\/fjala.info\/2009-2015\/intervista-ambasadori-danez-nga-emri-i-presidentit-varet-integrimi-evropian\/#primaryimage"},"image":{"@id":"https:\/\/fjala.info\/2009-2015\/intervista-ambasadori-danez-nga-emri-i-presidentit-varet-integrimi-evropian\/#primaryimage"},"thumbnailUrl":"http:\/\/www.fjala.info\/2012\/ambasadori_danez.jpg","datePublished":"2012-05-25T20:56:12+00:00","breadcrumb":{"@id":"https:\/\/fjala.info\/2009-2015\/intervista-ambasadori-danez-nga-emri-i-presidentit-varet-integrimi-evropian\/#breadcrumb"},"inLanguage":"sq-AL","potentialAction":[{"@type":"ReadAction","target":["https:\/\/fjala.info\/2009-2015\/intervista-ambasadori-danez-nga-emri-i-presidentit-varet-integrimi-evropian\/"]}]},{"@type":"ImageObject","inLanguage":"sq-AL","@id":"https:\/\/fjala.info\/2009-2015\/intervista-ambasadori-danez-nga-emri-i-presidentit-varet-integrimi-evropian\/#primaryimage","url":"http:\/\/www.fjala.info\/2012\/ambasadori_danez.jpg","contentUrl":"http:\/\/www.fjala.info\/2012\/ambasadori_danez.jpg"},{"@type":"BreadcrumbList","@id":"https:\/\/fjala.info\/2009-2015\/intervista-ambasadori-danez-nga-emri-i-presidentit-varet-integrimi-evropian\/#breadcrumb","itemListElement":[{"@type":"ListItem","position":1,"name":"Home","item":"https:\/\/fjala.info\/2009-2015\/"},{"@type":"ListItem","position":2,"name":"INTERVISTA\/ Ambasadori danez: Nga emri i presidentit varet integrimi evropian"}]},{"@type":"WebSite","@id":"https:\/\/fjala.info\/2009-2015\/#website","url":"https:\/\/fjala.info\/2009-2015\/","name":"FjALA e LIR\u00cb - Arkivi","description":"Arkivi 2009-2015","publisher":{"@id":"https:\/\/fjala.info\/2009-2015\/#organization"},"potentialAction":[{"@type":"SearchAction","target":{"@type":"EntryPoint","urlTemplate":"https:\/\/fjala.info\/2009-2015\/?s={search_term_string}"},"query-input":{"@type":"PropertyValueSpecification","valueRequired":true,"valueName":"search_term_string"}}],"inLanguage":"sq-AL"},{"@type":"Organization","@id":"https:\/\/fjala.info\/2009-2015\/#organization","name":"FjALA e LIR\u00cb - Arkivi","url":"https:\/\/fjala.info\/2009-2015\/","logo":{"@type":"ImageObject","inLanguage":"sq-AL","@id":"https:\/\/fjala.info\/2009-2015\/#\/schema\/logo\/image\/","url":"","contentUrl":"","caption":"FjALA e LIR\u00cb - Arkivi"},"image":{"@id":"https:\/\/fjala.info\/2009-2015\/#\/schema\/logo\/image\/"}},{"@type":"Person","@id":"https:\/\/fjala.info\/2009-2015\/#\/schema\/person\/3aa1163ef05469c496fc94e77611ada2","name":"admin","image":{"@type":"ImageObject","inLanguage":"sq-AL","@id":"https:\/\/fjala.info\/2009-2015\/wp-content\/uploads\/2012\/02\/arben_cokaj-120x150.jpg","url":"https:\/\/fjala.info\/2009-2015\/wp-content\/uploads\/2012\/02\/arben_cokaj-120x150.jpg","contentUrl":"https:\/\/fjala.info\/2009-2015\/wp-content\/uploads\/2012\/02\/arben_cokaj-120x150.jpg","caption":"admin"},"description":"Admin, Fjala e Lir\u00eb","sameAs":["https:\/\/fjala.info\/"],"url":"https:\/\/fjala.info\/2009-2015\/author\/admin\/"}]}},"_links":{"self":[{"href":"https:\/\/fjala.info\/2009-2015\/wp-json\/wp\/v2\/posts\/11845","targetHints":{"allow":["GET"]}}],"collection":[{"href":"https:\/\/fjala.info\/2009-2015\/wp-json\/wp\/v2\/posts"}],"about":[{"href":"https:\/\/fjala.info\/2009-2015\/wp-json\/wp\/v2\/types\/post"}],"author":[{"embeddable":true,"href":"https:\/\/fjala.info\/2009-2015\/wp-json\/wp\/v2\/users\/1"}],"replies":[{"embeddable":true,"href":"https:\/\/fjala.info\/2009-2015\/wp-json\/wp\/v2\/comments?post=11845"}],"version-history":[{"count":0,"href":"https:\/\/fjala.info\/2009-2015\/wp-json\/wp\/v2\/posts\/11845\/revisions"}],"wp:attachment":[{"href":"https:\/\/fjala.info\/2009-2015\/wp-json\/wp\/v2\/media?parent=11845"}],"wp:term":[{"taxonomy":"category","embeddable":true,"href":"https:\/\/fjala.info\/2009-2015\/wp-json\/wp\/v2\/categories?post=11845"},{"taxonomy":"post_tag","embeddable":true,"href":"https:\/\/fjala.info\/2009-2015\/wp-json\/wp\/v2\/tags?post=11845"}],"curies":[{"name":"wp","href":"https:\/\/api.w.org\/{rel}","templated":true}]}}