{"id":11844,"date":"2012-05-25T21:53:23","date_gmt":"2012-05-25T20:53:23","guid":{"rendered":"http:\/\/www.fjala.info\/?p=2962"},"modified":"2012-05-25T21:53:23","modified_gmt":"2012-05-25T20:53:23","slug":"brace-nuk-mbetet-gje-tjeter-vecse-rrezimi-me-cdo-kusht-i-berishes","status":"publish","type":"post","link":"https:\/\/fjala.info\/2009-2015\/brace-nuk-mbetet-gje-tjeter-vecse-rrezimi-me-cdo-kusht-i-berishes\/","title":{"rendered":"Bra\u00e7e: Nuk mbetet gj\u00eb tjet\u00ebr ve\u00e7se rr\u00ebzimi me \u00e7do kusht i Berish\u00ebs"},"content":{"rendered":"<p><img decoding=\"async\" class=\"alignright size-thumbnail wp-image-7236\" title=\"Berisha\" src=\"http:\/\/www.fjala.info\/2012\/berisha_ngerdheshet.jpg\" alt=\"\" width=\"300\" \/> <strong>TemA Online<\/strong>, <em>25 Maj 2012<\/em><\/p>\n<p>Deputeti socialist, Erion Bra\u00e7e, ka reaguar n\u00eb lidhje me takimet e sotme t\u00eb Berish\u00ebs p\u00ebr presidentin dhe refuzimin p\u00ebr t\u00eb mos takuar kreun e PS-s\u00eb, Edi Rama. Sipas Bra\u00e7es, n\u00ebse Berisha nuk takon Ram\u00ebn, nuk duhet t\u00eb ket\u00eb negociata p\u00ebr presidentin e ri. Bra\u00e7e shprehet se Berisha po p\u00ebrpiqet q\u00eb t\u00eb zgjedh\u00eb n\u00eb m\u00ebnyr\u00eb t\u00eb dhunsh\u00ebm nj\u00eb president partiak dhe p\u00ebr k\u00ebt\u00eb arsye duhet t\u00eb ndalet me \u00e7do kusht. Madje edhe me rr\u00ebzimin e tij nga pushteti.<\/p>\n<p>\u201cSali Berisha ka vendosur ta zgjedh\u00eb presidentin vet\u00eb. Me \u201cforcat e veta\u201d. N\u00eb m\u00ebnyr\u00eb t\u00eb nj\u00ebanshme, n\u00eb kund\u00ebrshtim me frym\u00ebn kushtetuese.<\/p>\n<p>Pra, pa Partin\u00eb Socialiste! Madje, dhe pa diskutuar fare me t\u00eb.<\/p>\n<p>Sali Berisha ka th\u00ebn\u00eb sot se \u201cnuk takohem me Edi Ram\u00ebn p\u00ebr Presidentin e ri\u201d.<\/p>\n<p>Ka sugjeruar se dy vart\u00ebsit e tij, Astrit Patozi dhe Edmond Spaho mund t\u00eb takohen me dy p\u00ebrfaq\u00ebsues t\u00eb PS!<\/p>\n<p>JO, FALEMINDERIT!<\/p>\n<p>M\u00eb thon\u00eb se Berisha refuzon takimin me kryetarin e PS, Edi Rama p\u00ebr shkak t\u00eb \u201c21 janarit\u201d. Kulmi. Vras\u00ebsi refuzon.<\/p>\n<p>Ky nuk \u00ebsht\u00eb proces politik gjith\u00ebp\u00ebrfshir\u00ebs. L\u00ebr\u00eb pastaj serioz, transparent dhe i ndersh\u00ebm.<\/p>\n<p>As fare n\u00ebn frym\u00ebn e Kushtetut\u00ebs dhe nuk mund t\u00eb arrij\u00eb kurr\u00eb n\u00eb nj\u00eb president si \u201cp\u00ebrfaq\u00ebsues i unitetit t\u00eb kombit\u201d. President t\u00eb Partis\u00eb Demokratike mbase.<\/p>\n<p>Berisha po shkon drejt zgjedhjes s\u00eb dhunshme partiake t\u00eb presidentit.<\/p>\n<p>Ky duhet t\u00eb ndalur me \u00e7do kusht. Pse jo, duhet rr\u00ebzuar me \u00e7do kusht\u201d, shprehet deputeti socialist.<\/p>\n","protected":false},"excerpt":{"rendered":"<p>TemA Online, 25 Maj 2012 Deputeti socialist, Erion Bra\u00e7e, ka reaguar n\u00eb lidhje me takimet e sotme t\u00eb Berish\u00ebs p\u00ebr presidentin dhe refuzimin p\u00ebr t\u00eb mos takuar kreun e PS-s\u00eb, Edi Rama. Sipas Bra\u00e7es, n\u00ebse Berisha nuk takon Ram\u00ebn, nuk duhet t\u00eb ket\u00eb negociata p\u00ebr presidentin e ri. Bra\u00e7e shprehet se Berisha po p\u00ebrpiqet q\u00eb [&hellip;]<\/p>\n","protected":false},"author":1,"featured_media":0,"comment_status":"open","ping_status":"closed","sticky":false,"template":"","format":"standard","meta":{"footnotes":""},"categories":[2],"tags":[],"class_list":{"0":"post-11844","1":"post","2":"type-post","3":"status-publish","4":"format-standard","6":"category-artikuj"},"yoast_head":"<!-- This site is optimized with the Yoast SEO plugin v27.4 - https:\/\/yoast.com\/product\/yoast-seo-wordpress\/ -->\n<title>Bra\u00e7e: Nuk mbetet gj\u00eb tjet\u00ebr ve\u00e7se rr\u00ebzimi me \u00e7do kusht i Berish\u00ebs - FjALA e LIR\u00cb - Arkivi<\/title>\n<meta name=\"robots\" content=\"index, follow, max-snippet:-1, max-image-preview:large, max-video-preview:-1\" \/>\n<link rel=\"canonical\" href=\"https:\/\/fjala.info\/2009-2015\/brace-nuk-mbetet-gje-tjeter-vecse-rrezimi-me-cdo-kusht-i-berishes\/\" \/>\n<meta property=\"og:locale\" content=\"sq_AL\" \/>\n<meta property=\"og:type\" content=\"article\" \/>\n<meta property=\"og:title\" content=\"Bra\u00e7e: Nuk mbetet gj\u00eb tjet\u00ebr ve\u00e7se rr\u00ebzimi me \u00e7do kusht i Berish\u00ebs - FjALA e LIR\u00cb - Arkivi\" \/>\n<meta property=\"og:description\" content=\"TemA Online, 25 Maj 2012 Deputeti socialist, Erion Bra\u00e7e, ka reaguar n\u00eb lidhje me takimet e sotme t\u00eb Berish\u00ebs p\u00ebr presidentin dhe refuzimin p\u00ebr t\u00eb mos takuar kreun e PS-s\u00eb, Edi Rama. Sipas Bra\u00e7es, n\u00ebse Berisha nuk takon Ram\u00ebn, nuk duhet t\u00eb ket\u00eb negociata p\u00ebr presidentin e ri. Bra\u00e7e shprehet se Berisha po p\u00ebrpiqet q\u00eb [&hellip;]\" \/>\n<meta property=\"og:url\" content=\"https:\/\/fjala.info\/2009-2015\/brace-nuk-mbetet-gje-tjeter-vecse-rrezimi-me-cdo-kusht-i-berishes\/\" \/>\n<meta property=\"og:site_name\" content=\"FjALA e LIR\u00cb - Arkivi\" \/>\n<meta property=\"article:published_time\" content=\"2012-05-25T20:53:23+00:00\" \/>\n<meta property=\"og:image\" content=\"http:\/\/www.fjala.info\/2012\/berisha_ngerdheshet.jpg\" \/>\n<meta name=\"author\" content=\"admin\" \/>\n<meta name=\"twitter:card\" content=\"summary_large_image\" \/>\n<meta name=\"twitter:label1\" content=\"Written by\" \/>\n\t<meta name=\"twitter:data1\" content=\"admin\" \/>\n\t<meta name=\"twitter:label2\" content=\"Est. reading time\" \/>\n\t<meta name=\"twitter:data2\" content=\"1 minute\" \/>\n<script type=\"application\/ld+json\" class=\"yoast-schema-graph\">{\"@context\":\"https:\\\/\\\/schema.org\",\"@graph\":[{\"@type\":\"Article\",\"@id\":\"https:\\\/\\\/fjala.info\\\/2009-2015\\\/brace-nuk-mbetet-gje-tjeter-vecse-rrezimi-me-cdo-kusht-i-berishes\\\/#article\",\"isPartOf\":{\"@id\":\"https:\\\/\\\/fjala.info\\\/2009-2015\\\/brace-nuk-mbetet-gje-tjeter-vecse-rrezimi-me-cdo-kusht-i-berishes\\\/\"},\"author\":{\"name\":\"admin\",\"@id\":\"https:\\\/\\\/fjala.info\\\/2009-2015\\\/#\\\/schema\\\/person\\\/3aa1163ef05469c496fc94e77611ada2\"},\"headline\":\"Bra\u00e7e: Nuk mbetet gj\u00eb tjet\u00ebr ve\u00e7se rr\u00ebzimi me \u00e7do kusht i Berish\u00ebs\",\"datePublished\":\"2012-05-25T20:53:23+00:00\",\"mainEntityOfPage\":{\"@id\":\"https:\\\/\\\/fjala.info\\\/2009-2015\\\/brace-nuk-mbetet-gje-tjeter-vecse-rrezimi-me-cdo-kusht-i-berishes\\\/\"},\"wordCount\":289,\"commentCount\":1,\"publisher\":{\"@id\":\"https:\\\/\\\/fjala.info\\\/2009-2015\\\/#organization\"},\"image\":{\"@id\":\"https:\\\/\\\/fjala.info\\\/2009-2015\\\/brace-nuk-mbetet-gje-tjeter-vecse-rrezimi-me-cdo-kusht-i-berishes\\\/#primaryimage\"},\"thumbnailUrl\":\"http:\\\/\\\/www.fjala.info\\\/2012\\\/berisha_ngerdheshet.jpg\",\"articleSection\":[\"Artikuj\"],\"inLanguage\":\"sq-AL\",\"potentialAction\":[{\"@type\":\"CommentAction\",\"name\":\"Comment\",\"target\":[\"https:\\\/\\\/fjala.info\\\/2009-2015\\\/brace-nuk-mbetet-gje-tjeter-vecse-rrezimi-me-cdo-kusht-i-berishes\\\/#respond\"]}]},{\"@type\":\"WebPage\",\"@id\":\"https:\\\/\\\/fjala.info\\\/2009-2015\\\/brace-nuk-mbetet-gje-tjeter-vecse-rrezimi-me-cdo-kusht-i-berishes\\\/\",\"url\":\"https:\\\/\\\/fjala.info\\\/2009-2015\\\/brace-nuk-mbetet-gje-tjeter-vecse-rrezimi-me-cdo-kusht-i-berishes\\\/\",\"name\":\"Bra\u00e7e: Nuk mbetet gj\u00eb tjet\u00ebr ve\u00e7se rr\u00ebzimi me \u00e7do kusht i Berish\u00ebs - FjALA e LIR\u00cb - Arkivi\",\"isPartOf\":{\"@id\":\"https:\\\/\\\/fjala.info\\\/2009-2015\\\/#website\"},\"primaryImageOfPage\":{\"@id\":\"https:\\\/\\\/fjala.info\\\/2009-2015\\\/brace-nuk-mbetet-gje-tjeter-vecse-rrezimi-me-cdo-kusht-i-berishes\\\/#primaryimage\"},\"image\":{\"@id\":\"https:\\\/\\\/fjala.info\\\/2009-2015\\\/brace-nuk-mbetet-gje-tjeter-vecse-rrezimi-me-cdo-kusht-i-berishes\\\/#primaryimage\"},\"thumbnailUrl\":\"http:\\\/\\\/www.fjala.info\\\/2012\\\/berisha_ngerdheshet.jpg\",\"datePublished\":\"2012-05-25T20:53:23+00:00\",\"breadcrumb\":{\"@id\":\"https:\\\/\\\/fjala.info\\\/2009-2015\\\/brace-nuk-mbetet-gje-tjeter-vecse-rrezimi-me-cdo-kusht-i-berishes\\\/#breadcrumb\"},\"inLanguage\":\"sq-AL\",\"potentialAction\":[{\"@type\":\"ReadAction\",\"target\":[\"https:\\\/\\\/fjala.info\\\/2009-2015\\\/brace-nuk-mbetet-gje-tjeter-vecse-rrezimi-me-cdo-kusht-i-berishes\\\/\"]}]},{\"@type\":\"ImageObject\",\"inLanguage\":\"sq-AL\",\"@id\":\"https:\\\/\\\/fjala.info\\\/2009-2015\\\/brace-nuk-mbetet-gje-tjeter-vecse-rrezimi-me-cdo-kusht-i-berishes\\\/#primaryimage\",\"url\":\"http:\\\/\\\/www.fjala.info\\\/2012\\\/berisha_ngerdheshet.jpg\",\"contentUrl\":\"http:\\\/\\\/www.fjala.info\\\/2012\\\/berisha_ngerdheshet.jpg\"},{\"@type\":\"BreadcrumbList\",\"@id\":\"https:\\\/\\\/fjala.info\\\/2009-2015\\\/brace-nuk-mbetet-gje-tjeter-vecse-rrezimi-me-cdo-kusht-i-berishes\\\/#breadcrumb\",\"itemListElement\":[{\"@type\":\"ListItem\",\"position\":1,\"name\":\"Home\",\"item\":\"https:\\\/\\\/fjala.info\\\/2009-2015\\\/\"},{\"@type\":\"ListItem\",\"position\":2,\"name\":\"Bra\u00e7e: Nuk mbetet gj\u00eb tjet\u00ebr ve\u00e7se rr\u00ebzimi me \u00e7do kusht i Berish\u00ebs\"}]},{\"@type\":\"WebSite\",\"@id\":\"https:\\\/\\\/fjala.info\\\/2009-2015\\\/#website\",\"url\":\"https:\\\/\\\/fjala.info\\\/2009-2015\\\/\",\"name\":\"FjALA e LIR\u00cb - Arkivi\",\"description\":\"Arkivi 2009-2015\",\"publisher\":{\"@id\":\"https:\\\/\\\/fjala.info\\\/2009-2015\\\/#organization\"},\"potentialAction\":[{\"@type\":\"SearchAction\",\"target\":{\"@type\":\"EntryPoint\",\"urlTemplate\":\"https:\\\/\\\/fjala.info\\\/2009-2015\\\/?s={search_term_string}\"},\"query-input\":{\"@type\":\"PropertyValueSpecification\",\"valueRequired\":true,\"valueName\":\"search_term_string\"}}],\"inLanguage\":\"sq-AL\"},{\"@type\":\"Organization\",\"@id\":\"https:\\\/\\\/fjala.info\\\/2009-2015\\\/#organization\",\"name\":\"FjALA e LIR\u00cb - Arkivi\",\"url\":\"https:\\\/\\\/fjala.info\\\/2009-2015\\\/\",\"logo\":{\"@type\":\"ImageObject\",\"inLanguage\":\"sq-AL\",\"@id\":\"https:\\\/\\\/fjala.info\\\/2009-2015\\\/#\\\/schema\\\/logo\\\/image\\\/\",\"url\":\"\",\"contentUrl\":\"\",\"caption\":\"FjALA e LIR\u00cb - Arkivi\"},\"image\":{\"@id\":\"https:\\\/\\\/fjala.info\\\/2009-2015\\\/#\\\/schema\\\/logo\\\/image\\\/\"}},{\"@type\":\"Person\",\"@id\":\"https:\\\/\\\/fjala.info\\\/2009-2015\\\/#\\\/schema\\\/person\\\/3aa1163ef05469c496fc94e77611ada2\",\"name\":\"admin\",\"image\":{\"@type\":\"ImageObject\",\"inLanguage\":\"sq-AL\",\"@id\":\"https:\\\/\\\/fjala.info\\\/2009-2015\\\/wp-content\\\/uploads\\\/2012\\\/02\\\/arben_cokaj-120x150.jpg\",\"url\":\"https:\\\/\\\/fjala.info\\\/2009-2015\\\/wp-content\\\/uploads\\\/2012\\\/02\\\/arben_cokaj-120x150.jpg\",\"contentUrl\":\"https:\\\/\\\/fjala.info\\\/2009-2015\\\/wp-content\\\/uploads\\\/2012\\\/02\\\/arben_cokaj-120x150.jpg\",\"caption\":\"admin\"},\"description\":\"Admin, Fjala e Lir\u00eb\",\"sameAs\":[\"https:\\\/\\\/fjala.info\\\/\"],\"url\":\"https:\\\/\\\/fjala.info\\\/2009-2015\\\/author\\\/admin\\\/\"}]}<\/script>\n<!-- \/ Yoast SEO plugin. -->","yoast_head_json":{"title":"Bra\u00e7e: Nuk mbetet gj\u00eb tjet\u00ebr ve\u00e7se rr\u00ebzimi me \u00e7do kusht i Berish\u00ebs - FjALA e LIR\u00cb - Arkivi","robots":{"index":"index","follow":"follow","max-snippet":"max-snippet:-1","max-image-preview":"max-image-preview:large","max-video-preview":"max-video-preview:-1"},"canonical":"https:\/\/fjala.info\/2009-2015\/brace-nuk-mbetet-gje-tjeter-vecse-rrezimi-me-cdo-kusht-i-berishes\/","og_locale":"sq_AL","og_type":"article","og_title":"Bra\u00e7e: Nuk mbetet gj\u00eb tjet\u00ebr ve\u00e7se rr\u00ebzimi me \u00e7do kusht i Berish\u00ebs - FjALA e LIR\u00cb - Arkivi","og_description":"TemA Online, 25 Maj 2012 Deputeti socialist, Erion Bra\u00e7e, ka reaguar n\u00eb lidhje me takimet e sotme t\u00eb Berish\u00ebs p\u00ebr presidentin dhe refuzimin p\u00ebr t\u00eb mos takuar kreun e PS-s\u00eb, Edi Rama. Sipas Bra\u00e7es, n\u00ebse Berisha nuk takon Ram\u00ebn, nuk duhet t\u00eb ket\u00eb negociata p\u00ebr presidentin e ri. Bra\u00e7e shprehet se Berisha po p\u00ebrpiqet q\u00eb [&hellip;]","og_url":"https:\/\/fjala.info\/2009-2015\/brace-nuk-mbetet-gje-tjeter-vecse-rrezimi-me-cdo-kusht-i-berishes\/","og_site_name":"FjALA e LIR\u00cb - Arkivi","article_published_time":"2012-05-25T20:53:23+00:00","og_image":[{"url":"http:\/\/www.fjala.info\/2012\/berisha_ngerdheshet.jpg","type":"","width":"","height":""}],"author":"admin","twitter_card":"summary_large_image","twitter_misc":{"Written by":"admin","Est. reading time":"1 minute"},"schema":{"@context":"https:\/\/schema.org","@graph":[{"@type":"Article","@id":"https:\/\/fjala.info\/2009-2015\/brace-nuk-mbetet-gje-tjeter-vecse-rrezimi-me-cdo-kusht-i-berishes\/#article","isPartOf":{"@id":"https:\/\/fjala.info\/2009-2015\/brace-nuk-mbetet-gje-tjeter-vecse-rrezimi-me-cdo-kusht-i-berishes\/"},"author":{"name":"admin","@id":"https:\/\/fjala.info\/2009-2015\/#\/schema\/person\/3aa1163ef05469c496fc94e77611ada2"},"headline":"Bra\u00e7e: Nuk mbetet gj\u00eb tjet\u00ebr ve\u00e7se rr\u00ebzimi me \u00e7do kusht i Berish\u00ebs","datePublished":"2012-05-25T20:53:23+00:00","mainEntityOfPage":{"@id":"https:\/\/fjala.info\/2009-2015\/brace-nuk-mbetet-gje-tjeter-vecse-rrezimi-me-cdo-kusht-i-berishes\/"},"wordCount":289,"commentCount":1,"publisher":{"@id":"https:\/\/fjala.info\/2009-2015\/#organization"},"image":{"@id":"https:\/\/fjala.info\/2009-2015\/brace-nuk-mbetet-gje-tjeter-vecse-rrezimi-me-cdo-kusht-i-berishes\/#primaryimage"},"thumbnailUrl":"http:\/\/www.fjala.info\/2012\/berisha_ngerdheshet.jpg","articleSection":["Artikuj"],"inLanguage":"sq-AL","potentialAction":[{"@type":"CommentAction","name":"Comment","target":["https:\/\/fjala.info\/2009-2015\/brace-nuk-mbetet-gje-tjeter-vecse-rrezimi-me-cdo-kusht-i-berishes\/#respond"]}]},{"@type":"WebPage","@id":"https:\/\/fjala.info\/2009-2015\/brace-nuk-mbetet-gje-tjeter-vecse-rrezimi-me-cdo-kusht-i-berishes\/","url":"https:\/\/fjala.info\/2009-2015\/brace-nuk-mbetet-gje-tjeter-vecse-rrezimi-me-cdo-kusht-i-berishes\/","name":"Bra\u00e7e: Nuk mbetet gj\u00eb tjet\u00ebr ve\u00e7se rr\u00ebzimi me \u00e7do kusht i Berish\u00ebs - FjALA e LIR\u00cb - Arkivi","isPartOf":{"@id":"https:\/\/fjala.info\/2009-2015\/#website"},"primaryImageOfPage":{"@id":"https:\/\/fjala.info\/2009-2015\/brace-nuk-mbetet-gje-tjeter-vecse-rrezimi-me-cdo-kusht-i-berishes\/#primaryimage"},"image":{"@id":"https:\/\/fjala.info\/2009-2015\/brace-nuk-mbetet-gje-tjeter-vecse-rrezimi-me-cdo-kusht-i-berishes\/#primaryimage"},"thumbnailUrl":"http:\/\/www.fjala.info\/2012\/berisha_ngerdheshet.jpg","datePublished":"2012-05-25T20:53:23+00:00","breadcrumb":{"@id":"https:\/\/fjala.info\/2009-2015\/brace-nuk-mbetet-gje-tjeter-vecse-rrezimi-me-cdo-kusht-i-berishes\/#breadcrumb"},"inLanguage":"sq-AL","potentialAction":[{"@type":"ReadAction","target":["https:\/\/fjala.info\/2009-2015\/brace-nuk-mbetet-gje-tjeter-vecse-rrezimi-me-cdo-kusht-i-berishes\/"]}]},{"@type":"ImageObject","inLanguage":"sq-AL","@id":"https:\/\/fjala.info\/2009-2015\/brace-nuk-mbetet-gje-tjeter-vecse-rrezimi-me-cdo-kusht-i-berishes\/#primaryimage","url":"http:\/\/www.fjala.info\/2012\/berisha_ngerdheshet.jpg","contentUrl":"http:\/\/www.fjala.info\/2012\/berisha_ngerdheshet.jpg"},{"@type":"BreadcrumbList","@id":"https:\/\/fjala.info\/2009-2015\/brace-nuk-mbetet-gje-tjeter-vecse-rrezimi-me-cdo-kusht-i-berishes\/#breadcrumb","itemListElement":[{"@type":"ListItem","position":1,"name":"Home","item":"https:\/\/fjala.info\/2009-2015\/"},{"@type":"ListItem","position":2,"name":"Bra\u00e7e: Nuk mbetet gj\u00eb tjet\u00ebr ve\u00e7se rr\u00ebzimi me \u00e7do kusht i Berish\u00ebs"}]},{"@type":"WebSite","@id":"https:\/\/fjala.info\/2009-2015\/#website","url":"https:\/\/fjala.info\/2009-2015\/","name":"FjALA e LIR\u00cb - Arkivi","description":"Arkivi 2009-2015","publisher":{"@id":"https:\/\/fjala.info\/2009-2015\/#organization"},"potentialAction":[{"@type":"SearchAction","target":{"@type":"EntryPoint","urlTemplate":"https:\/\/fjala.info\/2009-2015\/?s={search_term_string}"},"query-input":{"@type":"PropertyValueSpecification","valueRequired":true,"valueName":"search_term_string"}}],"inLanguage":"sq-AL"},{"@type":"Organization","@id":"https:\/\/fjala.info\/2009-2015\/#organization","name":"FjALA e LIR\u00cb - Arkivi","url":"https:\/\/fjala.info\/2009-2015\/","logo":{"@type":"ImageObject","inLanguage":"sq-AL","@id":"https:\/\/fjala.info\/2009-2015\/#\/schema\/logo\/image\/","url":"","contentUrl":"","caption":"FjALA e LIR\u00cb - Arkivi"},"image":{"@id":"https:\/\/fjala.info\/2009-2015\/#\/schema\/logo\/image\/"}},{"@type":"Person","@id":"https:\/\/fjala.info\/2009-2015\/#\/schema\/person\/3aa1163ef05469c496fc94e77611ada2","name":"admin","image":{"@type":"ImageObject","inLanguage":"sq-AL","@id":"https:\/\/fjala.info\/2009-2015\/wp-content\/uploads\/2012\/02\/arben_cokaj-120x150.jpg","url":"https:\/\/fjala.info\/2009-2015\/wp-content\/uploads\/2012\/02\/arben_cokaj-120x150.jpg","contentUrl":"https:\/\/fjala.info\/2009-2015\/wp-content\/uploads\/2012\/02\/arben_cokaj-120x150.jpg","caption":"admin"},"description":"Admin, Fjala e Lir\u00eb","sameAs":["https:\/\/fjala.info\/"],"url":"https:\/\/fjala.info\/2009-2015\/author\/admin\/"}]}},"_links":{"self":[{"href":"https:\/\/fjala.info\/2009-2015\/wp-json\/wp\/v2\/posts\/11844","targetHints":{"allow":["GET"]}}],"collection":[{"href":"https:\/\/fjala.info\/2009-2015\/wp-json\/wp\/v2\/posts"}],"about":[{"href":"https:\/\/fjala.info\/2009-2015\/wp-json\/wp\/v2\/types\/post"}],"author":[{"embeddable":true,"href":"https:\/\/fjala.info\/2009-2015\/wp-json\/wp\/v2\/users\/1"}],"replies":[{"embeddable":true,"href":"https:\/\/fjala.info\/2009-2015\/wp-json\/wp\/v2\/comments?post=11844"}],"version-history":[{"count":0,"href":"https:\/\/fjala.info\/2009-2015\/wp-json\/wp\/v2\/posts\/11844\/revisions"}],"wp:attachment":[{"href":"https:\/\/fjala.info\/2009-2015\/wp-json\/wp\/v2\/media?parent=11844"}],"wp:term":[{"taxonomy":"category","embeddable":true,"href":"https:\/\/fjala.info\/2009-2015\/wp-json\/wp\/v2\/categories?post=11844"},{"taxonomy":"post_tag","embeddable":true,"href":"https:\/\/fjala.info\/2009-2015\/wp-json\/wp\/v2\/tags?post=11844"}],"curies":[{"name":"wp","href":"https:\/\/api.w.org\/{rel}","templated":true}]}}