{"id":11842,"date":"2012-05-25T21:37:39","date_gmt":"2012-05-25T20:37:39","guid":{"rendered":"http:\/\/www.fjala.info\/?p=2958"},"modified":"2012-05-25T21:37:39","modified_gmt":"2012-05-25T20:37:39","slug":"topi-nese-do-doja-e-bllokoja-berishen-ai-u-hakmor-ndaj-perkrahesve-te-mi","status":"publish","type":"post","link":"https:\/\/fjala.info\/2009-2015\/topi-nese-do-doja-e-bllokoja-berishen-ai-u-hakmor-ndaj-perkrahesve-te-mi\/","title":{"rendered":"Topi: N\u00ebse do doja, e bllokoja Berish\u00ebn. Ai u hakmor ndaj p\u00ebrkrah\u00ebsve t\u00eb mi"},"content":{"rendered":"<p><img decoding=\"async\" class=\"alignleft size-thumbnail wp-image-7236\" title=\"Bamir Topi\" src=\"http:\/\/www.fjala.info\/2012\/bamir_topi1.jpg\" alt=\"\" width=\"200\" \/> <strong>TemA<\/strong>, <em>25 Maj 2012<\/em><\/p>\n<p><em>Presidenti tha se drejtuesit e PD dhe PS jan\u00eb personat m\u00eb autokrat\u00eb. Kryetari i shtetit tha se n\u00eb institucione ka njer\u00ebz q\u00eb kan\u00eb qen\u00eb bashk\u00ebpun\u00ebtor\u00eb t\u00eb Sigurimit t\u00eb Shtetit. Ai vler\u00ebsoi figur\u00ebn e Ina Ram\u00ebs dhe deklaroi se mb\u00ebshtet nj\u00eb president q\u00eb del nga nj\u00eb shumic\u00eb m\u00eb e madhe se ajo qeveris\u00ebse<\/em><\/p>\n<p><em>Presidenti Bamir Topi, duke folur p\u00ebr Alfred Pez\u00ebn n\u00eb Vizion Plus, tha se po t\u00eb donte, e bllokonte Berish\u00ebn me at\u00eb q\u00eb njihej si pakica bllokuese. B\u00ebhet fjal\u00eb p\u00ebr periudh\u00ebn kur u miratuan ndryshimet kushtetuese.<\/em><\/p>\n<p>\u201c<em>N\u00eb rast se do kisha tentuar, ai do kishte qen\u00eb i bllokuar. Por n\u00eb sjelljen time kurrsesi nuk ka pasur intencione t\u00eb k\u00ebsaj natyre. T\u00eb gjitha pozicionimet e mia ka qen\u00eb p\u00ebr diskutime t\u00eb hapura p\u00ebr ndryshimet kushtetuese. Por pash\u00eb q\u00eb kishte nj\u00eb vullnet t\u00eb gjer\u00eb t\u00eb mazhoranc\u00ebs dhe t\u00eb opozit\u00ebs ndaj e firmosa menj\u00ebher\u00eb dekretin. T\u00eb dy kryetar\u00ebt e partive praktikisht sot jan\u00eb personat m\u00eb autokrat\u00eb. Ka rrezik t\u00eb thon\u00eb nj\u00eb dit\u00eb se nuk ke t\u00eb drejt\u00eb t\u00eb marr\u00ebsh aj\u00ebr, se ne e kemi n\u00eb dor\u00eb. Ishte nj\u00eb marr\u00ebveshje e pamoralshme mes dy njer\u00ebzish. Sot e k\u00ebsaj dite, nj\u00eb njeri q\u00eb u fut me amatoriz\u00ebm t\u00eb plot\u00eb dhe sot ngre duart e thot\u00eb b\u00ebra gabim, e tjetri q\u00eb p\u00ebrfiton nga amatorizmi, i kan\u00eb marr\u00eb frym\u00ebn partive t\u00eb vogla dhe kan\u00eb dominanc\u00eb absolute<\/em>,\u201d tha Topi.<\/p>\n<p>I pyetur p\u00ebr heqjen e njer\u00ebzve t\u00eb tij nga listat e kandidat\u00ebve n\u00eb zgjedhjet e vitit 2009, Topi tha se konfirmon at\u00eb n\u00ebntekst t\u00eb gazetarit, q\u00eb Berisha u hakmor ndaj tij.<\/p>\n<p>\u201c<em>Ashtu sikurse e keni n\u00eb n\u00ebntekst. Nuk ka mund\u00ebsi q\u00eb njer\u00ebz q\u00eb kan\u00eb qen\u00eb kontributor\u00eb t\u00eb r\u00ebnd\u00ebsish\u00ebm n\u00eb sistemin mazhoritar, q\u00eb kan\u00eb influenc\u00eb t\u00eb drejtp\u00ebrdrejte me statur\u00ebn individuale, kan\u00eb t\u00eb drejt\u00eb t\u00eb vazhdojn\u00eb edhe kur listat jan\u00eb t\u00eb kryetarit<\/em>,\u201d tha Topi.<\/p>\n<p>Presidenti, duke folur p\u00ebr kryeprokuroren, tha: \u201cIna Rama ka qen\u00eb nj\u00eb propozim i imi, absolutisht i imi. P\u00ebrshtypjet ishin shum\u00eb pozitive nga njer\u00ebzit q\u00eb e kishin njohur n\u00eb jet\u00ebn profesionale. Un\u00eb them se ka qen\u00eb zgjedhje racionale, p\u00ebr t\u00eb cil\u00ebn jam i g\u00ebzuar v\u00ebrtet.\u201d<\/p>\n<p>Duke komentuar \u00e7\u00ebshtjen e G\u00ebrdecit, Topi tha: \u201cMbledhja e menj\u00ebhershme e K\u00ebshillit t\u00eb Siguris\u00eb mendoj se ka qen\u00eb reagimi i duhur p\u00ebr situat\u00ebn. Keqardhje q\u00eb ende nuk \u00ebsht\u00eb dh\u00ebn\u00eb verdikti dhe nuk ka p\u00ebrfunduar si proces gjyq\u00ebsor. Procesi u zgjat p\u00ebr shkak t\u00eb procedurave, loj\u00ebrave. Di q\u00eb ka qen\u00eb nj\u00eb proces i mundimsh\u00ebm.\u201d<\/p>\n<p>Presidenti u shpreh se ka qen\u00eb dhe \u00ebsht\u00eb p\u00ebr hapjen e dosjeve. Ai akuzoi se n\u00eb institucione ka zyrtar\u00eb q\u00eb kan\u00eb qen\u00eb bashk\u00ebpun\u00ebtor\u00eb t\u00eb Sigurimit. \u201cKam qen\u00eb i vendosur p\u00ebr ta k\u00ebrkuar vazhdimisht hapjen e dosjeve. Kam qen\u00eb n\u00ebnshkrues i nj\u00eb drafti me zotin Majko.<\/p>\n<p>Por n\u00eb Kuvend erdhi nj\u00eb ligj ku nuk ishte filozofia p\u00ebr t\u00eb cil\u00ebn kishim luftuar. Kam mbajtur nj\u00eb q\u00ebndrim konform ekspertiz\u00ebs nd\u00ebrkomb\u00ebtare. Njer\u00ebz q\u00eb jan\u00eb sot n\u00eb institucione, kan\u00eb damk\u00ebn e bashk\u00ebpun\u00ebtor\u00ebve t\u00eb Sigurimit t\u00eb Shtetit. Njer\u00ebzit e din\u00eb mir\u00eb se Shqip\u00ebria nuk \u00ebsht\u00eb vend i madh,\u201d tha Topi.<\/p>\n<p>Duke komentuar zgjedhjen e tij n\u00eb vitin 2007 dhe vot\u00ebn e disa deputet\u00ebve t\u00eb PS, Topi tha: \u201cUn\u00eb q\u00eb sigurisht nuk e kam pasur n\u00eb dor\u00eb procesin e zgjedhjes. Procesi ka qen\u00eb brenda normave kushtetuese. Un\u00eb mund t\u00eb gjykohem pas mbarimit t\u00eb mandatit, n\u00ebse ushtrimi \u00ebsht\u00eb b\u00ebr\u00eb sikurse ka qen\u00eb fryma kushtetuese. Un\u00eb kam qen\u00eb koherent n\u00eb deklaratat e mia. Pozicioni i p\u00ebrkrah\u00ebsve t\u00eb Nanos ka qen\u00eb i r\u00ebnd\u00ebsish\u00ebm p\u00ebr ta b\u00ebr\u00eb vendin me president. Un\u00eb personalisht nuk kam negociuar me Nanon at\u00ebher\u00eb. Un\u00eb i jam mir\u00ebnjoh\u00ebs Nanos, por ai kontribuoi n\u00eb at\u00eb koh\u00eb p\u00ebr t\u00eb b\u00ebr\u00eb Shqip\u00ebrin\u00eb me president dhe p\u00ebr t\u00eb mos kaluar n\u00eb kriz\u00eb.\u201d<\/p>\n<p>Presidenti komentoi gjat\u00eb edhe zgjedhjen e presidentit t\u00eb ri, duke th\u00ebn\u00eb se ishte p\u00ebr nj\u00eb president q\u00eb zgjidhet me m\u00eb shum\u00eb se 71 deputet\u00eb.<\/p>\n<p>\u201cMendoj se procesi i p\u00ebrzgjedhjes s\u00eb presidentit \u00ebsht\u00eb n\u00eb rrug\u00eb normale, kushtetuese. Mesa di un\u00eb dje \u00ebsht\u00eb mbledhur Konferenca e Kryetar\u00ebve, brenda afatit kushtetues. Un\u00eb nuk mund t\u00eb futem n\u00eb paragjykime se nuk jam pjes\u00eb e bisedimeve. Jam i prirur se procesi do ec\u00eb n\u00eb rrug\u00eb p\u00ebrgjith\u00ebsisht normale.<\/p>\n<p>Un\u00eb besoj se termi m\u00eb i drejt\u00eb q\u00eb \u00ebsht\u00eb p\u00ebrdorur \u00ebsht\u00eb presidenti m\u00eb shum\u00eb se i nj\u00eb mazhorance politike. Mund t\u00eb jet\u00eb edhe president i PD, askush nuk ka t\u00eb drejt\u00eb t\u00eb gjykoj\u00eb n\u00eb k\u00ebt\u00eb m\u00ebnyr\u00eb. N\u00eb rast se nj\u00eb figur\u00eb nga PD do g\u00ebzonte nj\u00eb konsensus m\u00eb shum\u00eb se koalicioni q\u00eb \u00ebsht\u00eb n\u00eb pushtet, at\u00ebher\u00eb merrte kuptimin e nj\u00eb presidenti m\u00eb shum\u00eb se mazhoranca politike. Un\u00eb personalisht do t\u00eb isha p\u00ebr nj\u00eb president me mb\u00ebshtetje t\u00eb gjer\u00eb. Natyrisht t\u00eb ket\u00eb mb\u00ebshtetjen e opozit\u00ebs,\u201d tha Topi.<\/p>\n<p>\u201cN\u00eb k\u00ebndv\u00ebshtrimin tim presidenti duhet t\u00eb jet\u00eb politik, por jo detyrimisht duhet t\u00eb jet\u00eb politik. Kur them se duhet t\u00eb jet\u00eb politik, kam bindjen se pasi vet\u00eb situata \u00ebsht\u00eb e till\u00eb, se edhe kur presidenti ka pasur nj\u00eb begraund politik, kan\u00eb qen\u00eb t\u00eb tjer\u00ebt q\u00eb e kan\u00eb sulmuar politikisht dhe e kan\u00eb futur n\u00eb nj\u00eb situat\u00eb kur i \u00ebsht\u00eb dashur t\u00eb abuzoj\u00eb politikisht. Mendoj se nj\u00eb njeri me eksperienc\u00eb e administron n\u00eb m\u00ebnyr\u00eb m\u00eb profesionale institucionin. Kjo nuk do t\u00eb thot\u00eb se nj\u00eb person i ardhur nga rrethet akademike nuk do jet\u00eb n\u00eb gjendje ta b\u00ebj\u00eb k\u00ebt\u00eb gj\u00eb,\u201d vijoi m\u00eb tej ai.<\/p>\n<p>Presidenti Topi komentoi s\u00ebrish vot\u00ebn e tij m\u00eb 8 maj, t\u00eb vendosur n\u00eb kontekstin e raportit t\u00eb DASH, q\u00eb shprehej se \u00ebsht\u00eb minuar e drejta p\u00ebr t\u00eb nd\u00ebrruar qeverin\u00eb me vot\u00eb.<\/p>\n<p>\u201cKur nuk garantohet vota e presidentit. N\u00eb momentin e par\u00eb u ekstraktua vet\u00ebm nj\u00eb vot\u00eb dhe kjo ishte vota e presidentit. Kur doli vendimi i gjykat\u00ebs p\u00ebr t\u00eb hapur kutit\u00eb, doli q\u00eb n\u00eb kutin\u00eb ku ishte b\u00ebr\u00eb i nj\u00ebjti gabim, diku kishte pes\u00eb vota t\u00eb hedhura gabim, nd\u00ebrsa n\u00eb at\u00eb kuti ishte vota e presidentit. Pra \u00ebsht\u00eb vet\u00eb KQZ q\u00eb ka mbajtur q\u00ebndrim zyrtar. Vota \u00ebsht\u00eb e fsheht\u00eb, duhet t\u00eb jet\u00eb e fsheht\u00eb dhe aq m\u00eb shum\u00eb kur b\u00ebhet me nj\u00eb q\u00ebllim politik, q\u00eb \u00ebsht\u00eb i d\u00ebnuesh\u00ebm,\u201d tha Topi.<\/p>\n<p>Duke komentuar deklarat\u00ebn e Berish\u00ebs se ai ka ndryshuar zon\u00ebn e tij zgjedhore, Topi tha: \u201cN\u00eb historin\u00eb e zgjedhjeve shqiptare jam deputeti m\u00eb i votuar, me gati 10 mij\u00eb vota. N\u00eb rast se ka nj\u00eb l\u00ebvizje n\u00ebp\u00ebr zona t\u00eb caktuara, sigurisht \u00ebsht\u00eb s\u00eb pari nj\u00eb vullnet i kryesis\u00eb s\u00eb nj\u00eb partie t\u00eb caktuar. Un\u00eb jam m\u00ebsuar t\u00eb kandidoj nga zonat e thella malore dhe n\u00eb zona t\u00eb v\u00ebshtira me dominanc\u00eb t\u00eb majt\u00eb. Her\u00ebn e fundit kam konkurruar n\u00eb lagjen time t\u00eb vjet\u00ebr.\u201d<\/p>\n<p>I pyetur n\u00ebse ka synuar ndonj\u00ebher\u00eb postin e kreut t\u00eb PD, ai tha: \u201cNuk e kam synuar asnj\u00ebher\u00eb postin e kryetarit t\u00eb PD. Nuk e kam tharmin e karrierizmit n\u00eb vetvete.\u201d<\/p>\n","protected":false},"excerpt":{"rendered":"<p>TemA, 25 Maj 2012 Presidenti tha se drejtuesit e PD dhe PS jan\u00eb personat m\u00eb autokrat\u00eb. Kryetari i shtetit tha se n\u00eb institucione ka njer\u00ebz q\u00eb kan\u00eb qen\u00eb bashk\u00ebpun\u00ebtor\u00eb t\u00eb Sigurimit t\u00eb Shtetit. Ai vler\u00ebsoi figur\u00ebn e Ina Ram\u00ebs dhe deklaroi se mb\u00ebshtet nj\u00eb president q\u00eb del nga nj\u00eb shumic\u00eb m\u00eb e madhe se ajo [&hellip;]<\/p>\n","protected":false},"author":1,"featured_media":0,"comment_status":"open","ping_status":"closed","sticky":false,"template":"","format":"standard","meta":{"footnotes":""},"categories":[2],"tags":[],"class_list":{"0":"post-11842","1":"post","2":"type-post","3":"status-publish","4":"format-standard","6":"category-artikuj"},"yoast_head":"<!-- This site is optimized with the Yoast SEO plugin v27.4 - https:\/\/yoast.com\/product\/yoast-seo-wordpress\/ -->\n<title>Topi: N\u00ebse do doja, e bllokoja Berish\u00ebn. Ai u hakmor ndaj p\u00ebrkrah\u00ebsve t\u00eb mi - FjALA e LIR\u00cb - Arkivi<\/title>\n<meta name=\"robots\" content=\"index, follow, max-snippet:-1, max-image-preview:large, max-video-preview:-1\" \/>\n<link rel=\"canonical\" href=\"https:\/\/fjala.info\/2009-2015\/topi-nese-do-doja-e-bllokoja-berishen-ai-u-hakmor-ndaj-perkrahesve-te-mi\/\" \/>\n<meta property=\"og:locale\" content=\"sq_AL\" \/>\n<meta property=\"og:type\" content=\"article\" \/>\n<meta property=\"og:title\" content=\"Topi: N\u00ebse do doja, e bllokoja Berish\u00ebn. Ai u hakmor ndaj p\u00ebrkrah\u00ebsve t\u00eb mi - FjALA e LIR\u00cb - Arkivi\" \/>\n<meta property=\"og:description\" content=\"TemA, 25 Maj 2012 Presidenti tha se drejtuesit e PD dhe PS jan\u00eb personat m\u00eb autokrat\u00eb. Kryetari i shtetit tha se n\u00eb institucione ka njer\u00ebz q\u00eb kan\u00eb qen\u00eb bashk\u00ebpun\u00ebtor\u00eb t\u00eb Sigurimit t\u00eb Shtetit. Ai vler\u00ebsoi figur\u00ebn e Ina Ram\u00ebs dhe deklaroi se mb\u00ebshtet nj\u00eb president q\u00eb del nga nj\u00eb shumic\u00eb m\u00eb e madhe se ajo [&hellip;]\" \/>\n<meta property=\"og:url\" content=\"https:\/\/fjala.info\/2009-2015\/topi-nese-do-doja-e-bllokoja-berishen-ai-u-hakmor-ndaj-perkrahesve-te-mi\/\" \/>\n<meta property=\"og:site_name\" content=\"FjALA e LIR\u00cb - Arkivi\" \/>\n<meta property=\"article:published_time\" content=\"2012-05-25T20:37:39+00:00\" \/>\n<meta property=\"og:image\" content=\"http:\/\/www.fjala.info\/2012\/bamir_topi1.jpg\" \/>\n<meta name=\"author\" content=\"admin\" \/>\n<meta name=\"twitter:card\" content=\"summary_large_image\" \/>\n<meta name=\"twitter:label1\" content=\"Written by\" \/>\n\t<meta name=\"twitter:data1\" content=\"admin\" \/>\n\t<meta name=\"twitter:label2\" content=\"Est. reading time\" \/>\n\t<meta name=\"twitter:data2\" content=\"6 minutes\" \/>\n<script type=\"application\/ld+json\" class=\"yoast-schema-graph\">{\"@context\":\"https:\\\/\\\/schema.org\",\"@graph\":[{\"@type\":\"Article\",\"@id\":\"https:\\\/\\\/fjala.info\\\/2009-2015\\\/topi-nese-do-doja-e-bllokoja-berishen-ai-u-hakmor-ndaj-perkrahesve-te-mi\\\/#article\",\"isPartOf\":{\"@id\":\"https:\\\/\\\/fjala.info\\\/2009-2015\\\/topi-nese-do-doja-e-bllokoja-berishen-ai-u-hakmor-ndaj-perkrahesve-te-mi\\\/\"},\"author\":{\"name\":\"admin\",\"@id\":\"https:\\\/\\\/fjala.info\\\/2009-2015\\\/#\\\/schema\\\/person\\\/3aa1163ef05469c496fc94e77611ada2\"},\"headline\":\"Topi: N\u00ebse do doja, e bllokoja Berish\u00ebn. Ai u hakmor ndaj p\u00ebrkrah\u00ebsve t\u00eb mi\",\"datePublished\":\"2012-05-25T20:37:39+00:00\",\"mainEntityOfPage\":{\"@id\":\"https:\\\/\\\/fjala.info\\\/2009-2015\\\/topi-nese-do-doja-e-bllokoja-berishen-ai-u-hakmor-ndaj-perkrahesve-te-mi\\\/\"},\"wordCount\":1247,\"commentCount\":3,\"publisher\":{\"@id\":\"https:\\\/\\\/fjala.info\\\/2009-2015\\\/#organization\"},\"image\":{\"@id\":\"https:\\\/\\\/fjala.info\\\/2009-2015\\\/topi-nese-do-doja-e-bllokoja-berishen-ai-u-hakmor-ndaj-perkrahesve-te-mi\\\/#primaryimage\"},\"thumbnailUrl\":\"http:\\\/\\\/www.fjala.info\\\/2012\\\/bamir_topi1.jpg\",\"articleSection\":[\"Artikuj\"],\"inLanguage\":\"sq-AL\",\"potentialAction\":[{\"@type\":\"CommentAction\",\"name\":\"Comment\",\"target\":[\"https:\\\/\\\/fjala.info\\\/2009-2015\\\/topi-nese-do-doja-e-bllokoja-berishen-ai-u-hakmor-ndaj-perkrahesve-te-mi\\\/#respond\"]}]},{\"@type\":\"WebPage\",\"@id\":\"https:\\\/\\\/fjala.info\\\/2009-2015\\\/topi-nese-do-doja-e-bllokoja-berishen-ai-u-hakmor-ndaj-perkrahesve-te-mi\\\/\",\"url\":\"https:\\\/\\\/fjala.info\\\/2009-2015\\\/topi-nese-do-doja-e-bllokoja-berishen-ai-u-hakmor-ndaj-perkrahesve-te-mi\\\/\",\"name\":\"Topi: N\u00ebse do doja, e bllokoja Berish\u00ebn. Ai u hakmor ndaj p\u00ebrkrah\u00ebsve t\u00eb mi - FjALA e LIR\u00cb - Arkivi\",\"isPartOf\":{\"@id\":\"https:\\\/\\\/fjala.info\\\/2009-2015\\\/#website\"},\"primaryImageOfPage\":{\"@id\":\"https:\\\/\\\/fjala.info\\\/2009-2015\\\/topi-nese-do-doja-e-bllokoja-berishen-ai-u-hakmor-ndaj-perkrahesve-te-mi\\\/#primaryimage\"},\"image\":{\"@id\":\"https:\\\/\\\/fjala.info\\\/2009-2015\\\/topi-nese-do-doja-e-bllokoja-berishen-ai-u-hakmor-ndaj-perkrahesve-te-mi\\\/#primaryimage\"},\"thumbnailUrl\":\"http:\\\/\\\/www.fjala.info\\\/2012\\\/bamir_topi1.jpg\",\"datePublished\":\"2012-05-25T20:37:39+00:00\",\"breadcrumb\":{\"@id\":\"https:\\\/\\\/fjala.info\\\/2009-2015\\\/topi-nese-do-doja-e-bllokoja-berishen-ai-u-hakmor-ndaj-perkrahesve-te-mi\\\/#breadcrumb\"},\"inLanguage\":\"sq-AL\",\"potentialAction\":[{\"@type\":\"ReadAction\",\"target\":[\"https:\\\/\\\/fjala.info\\\/2009-2015\\\/topi-nese-do-doja-e-bllokoja-berishen-ai-u-hakmor-ndaj-perkrahesve-te-mi\\\/\"]}]},{\"@type\":\"ImageObject\",\"inLanguage\":\"sq-AL\",\"@id\":\"https:\\\/\\\/fjala.info\\\/2009-2015\\\/topi-nese-do-doja-e-bllokoja-berishen-ai-u-hakmor-ndaj-perkrahesve-te-mi\\\/#primaryimage\",\"url\":\"http:\\\/\\\/www.fjala.info\\\/2012\\\/bamir_topi1.jpg\",\"contentUrl\":\"http:\\\/\\\/www.fjala.info\\\/2012\\\/bamir_topi1.jpg\"},{\"@type\":\"BreadcrumbList\",\"@id\":\"https:\\\/\\\/fjala.info\\\/2009-2015\\\/topi-nese-do-doja-e-bllokoja-berishen-ai-u-hakmor-ndaj-perkrahesve-te-mi\\\/#breadcrumb\",\"itemListElement\":[{\"@type\":\"ListItem\",\"position\":1,\"name\":\"Home\",\"item\":\"https:\\\/\\\/fjala.info\\\/2009-2015\\\/\"},{\"@type\":\"ListItem\",\"position\":2,\"name\":\"Topi: N\u00ebse do doja, e bllokoja Berish\u00ebn. Ai u hakmor ndaj p\u00ebrkrah\u00ebsve t\u00eb mi\"}]},{\"@type\":\"WebSite\",\"@id\":\"https:\\\/\\\/fjala.info\\\/2009-2015\\\/#website\",\"url\":\"https:\\\/\\\/fjala.info\\\/2009-2015\\\/\",\"name\":\"FjALA e LIR\u00cb - Arkivi\",\"description\":\"Arkivi 2009-2015\",\"publisher\":{\"@id\":\"https:\\\/\\\/fjala.info\\\/2009-2015\\\/#organization\"},\"potentialAction\":[{\"@type\":\"SearchAction\",\"target\":{\"@type\":\"EntryPoint\",\"urlTemplate\":\"https:\\\/\\\/fjala.info\\\/2009-2015\\\/?s={search_term_string}\"},\"query-input\":{\"@type\":\"PropertyValueSpecification\",\"valueRequired\":true,\"valueName\":\"search_term_string\"}}],\"inLanguage\":\"sq-AL\"},{\"@type\":\"Organization\",\"@id\":\"https:\\\/\\\/fjala.info\\\/2009-2015\\\/#organization\",\"name\":\"FjALA e LIR\u00cb - Arkivi\",\"url\":\"https:\\\/\\\/fjala.info\\\/2009-2015\\\/\",\"logo\":{\"@type\":\"ImageObject\",\"inLanguage\":\"sq-AL\",\"@id\":\"https:\\\/\\\/fjala.info\\\/2009-2015\\\/#\\\/schema\\\/logo\\\/image\\\/\",\"url\":\"\",\"contentUrl\":\"\",\"caption\":\"FjALA e LIR\u00cb - Arkivi\"},\"image\":{\"@id\":\"https:\\\/\\\/fjala.info\\\/2009-2015\\\/#\\\/schema\\\/logo\\\/image\\\/\"}},{\"@type\":\"Person\",\"@id\":\"https:\\\/\\\/fjala.info\\\/2009-2015\\\/#\\\/schema\\\/person\\\/3aa1163ef05469c496fc94e77611ada2\",\"name\":\"admin\",\"image\":{\"@type\":\"ImageObject\",\"inLanguage\":\"sq-AL\",\"@id\":\"https:\\\/\\\/fjala.info\\\/2009-2015\\\/wp-content\\\/uploads\\\/2012\\\/02\\\/arben_cokaj-120x150.jpg\",\"url\":\"https:\\\/\\\/fjala.info\\\/2009-2015\\\/wp-content\\\/uploads\\\/2012\\\/02\\\/arben_cokaj-120x150.jpg\",\"contentUrl\":\"https:\\\/\\\/fjala.info\\\/2009-2015\\\/wp-content\\\/uploads\\\/2012\\\/02\\\/arben_cokaj-120x150.jpg\",\"caption\":\"admin\"},\"description\":\"Admin, Fjala e Lir\u00eb\",\"sameAs\":[\"https:\\\/\\\/fjala.info\\\/\"],\"url\":\"https:\\\/\\\/fjala.info\\\/2009-2015\\\/author\\\/admin\\\/\"}]}<\/script>\n<!-- \/ Yoast SEO plugin. -->","yoast_head_json":{"title":"Topi: N\u00ebse do doja, e bllokoja Berish\u00ebn. Ai u hakmor ndaj p\u00ebrkrah\u00ebsve t\u00eb mi - FjALA e LIR\u00cb - Arkivi","robots":{"index":"index","follow":"follow","max-snippet":"max-snippet:-1","max-image-preview":"max-image-preview:large","max-video-preview":"max-video-preview:-1"},"canonical":"https:\/\/fjala.info\/2009-2015\/topi-nese-do-doja-e-bllokoja-berishen-ai-u-hakmor-ndaj-perkrahesve-te-mi\/","og_locale":"sq_AL","og_type":"article","og_title":"Topi: N\u00ebse do doja, e bllokoja Berish\u00ebn. Ai u hakmor ndaj p\u00ebrkrah\u00ebsve t\u00eb mi - FjALA e LIR\u00cb - Arkivi","og_description":"TemA, 25 Maj 2012 Presidenti tha se drejtuesit e PD dhe PS jan\u00eb personat m\u00eb autokrat\u00eb. Kryetari i shtetit tha se n\u00eb institucione ka njer\u00ebz q\u00eb kan\u00eb qen\u00eb bashk\u00ebpun\u00ebtor\u00eb t\u00eb Sigurimit t\u00eb Shtetit. Ai vler\u00ebsoi figur\u00ebn e Ina Ram\u00ebs dhe deklaroi se mb\u00ebshtet nj\u00eb president q\u00eb del nga nj\u00eb shumic\u00eb m\u00eb e madhe se ajo [&hellip;]","og_url":"https:\/\/fjala.info\/2009-2015\/topi-nese-do-doja-e-bllokoja-berishen-ai-u-hakmor-ndaj-perkrahesve-te-mi\/","og_site_name":"FjALA e LIR\u00cb - Arkivi","article_published_time":"2012-05-25T20:37:39+00:00","og_image":[{"url":"http:\/\/www.fjala.info\/2012\/bamir_topi1.jpg","type":"","width":"","height":""}],"author":"admin","twitter_card":"summary_large_image","twitter_misc":{"Written by":"admin","Est. reading time":"6 minutes"},"schema":{"@context":"https:\/\/schema.org","@graph":[{"@type":"Article","@id":"https:\/\/fjala.info\/2009-2015\/topi-nese-do-doja-e-bllokoja-berishen-ai-u-hakmor-ndaj-perkrahesve-te-mi\/#article","isPartOf":{"@id":"https:\/\/fjala.info\/2009-2015\/topi-nese-do-doja-e-bllokoja-berishen-ai-u-hakmor-ndaj-perkrahesve-te-mi\/"},"author":{"name":"admin","@id":"https:\/\/fjala.info\/2009-2015\/#\/schema\/person\/3aa1163ef05469c496fc94e77611ada2"},"headline":"Topi: N\u00ebse do doja, e bllokoja Berish\u00ebn. Ai u hakmor ndaj p\u00ebrkrah\u00ebsve t\u00eb mi","datePublished":"2012-05-25T20:37:39+00:00","mainEntityOfPage":{"@id":"https:\/\/fjala.info\/2009-2015\/topi-nese-do-doja-e-bllokoja-berishen-ai-u-hakmor-ndaj-perkrahesve-te-mi\/"},"wordCount":1247,"commentCount":3,"publisher":{"@id":"https:\/\/fjala.info\/2009-2015\/#organization"},"image":{"@id":"https:\/\/fjala.info\/2009-2015\/topi-nese-do-doja-e-bllokoja-berishen-ai-u-hakmor-ndaj-perkrahesve-te-mi\/#primaryimage"},"thumbnailUrl":"http:\/\/www.fjala.info\/2012\/bamir_topi1.jpg","articleSection":["Artikuj"],"inLanguage":"sq-AL","potentialAction":[{"@type":"CommentAction","name":"Comment","target":["https:\/\/fjala.info\/2009-2015\/topi-nese-do-doja-e-bllokoja-berishen-ai-u-hakmor-ndaj-perkrahesve-te-mi\/#respond"]}]},{"@type":"WebPage","@id":"https:\/\/fjala.info\/2009-2015\/topi-nese-do-doja-e-bllokoja-berishen-ai-u-hakmor-ndaj-perkrahesve-te-mi\/","url":"https:\/\/fjala.info\/2009-2015\/topi-nese-do-doja-e-bllokoja-berishen-ai-u-hakmor-ndaj-perkrahesve-te-mi\/","name":"Topi: N\u00ebse do doja, e bllokoja Berish\u00ebn. Ai u hakmor ndaj p\u00ebrkrah\u00ebsve t\u00eb mi - FjALA e LIR\u00cb - Arkivi","isPartOf":{"@id":"https:\/\/fjala.info\/2009-2015\/#website"},"primaryImageOfPage":{"@id":"https:\/\/fjala.info\/2009-2015\/topi-nese-do-doja-e-bllokoja-berishen-ai-u-hakmor-ndaj-perkrahesve-te-mi\/#primaryimage"},"image":{"@id":"https:\/\/fjala.info\/2009-2015\/topi-nese-do-doja-e-bllokoja-berishen-ai-u-hakmor-ndaj-perkrahesve-te-mi\/#primaryimage"},"thumbnailUrl":"http:\/\/www.fjala.info\/2012\/bamir_topi1.jpg","datePublished":"2012-05-25T20:37:39+00:00","breadcrumb":{"@id":"https:\/\/fjala.info\/2009-2015\/topi-nese-do-doja-e-bllokoja-berishen-ai-u-hakmor-ndaj-perkrahesve-te-mi\/#breadcrumb"},"inLanguage":"sq-AL","potentialAction":[{"@type":"ReadAction","target":["https:\/\/fjala.info\/2009-2015\/topi-nese-do-doja-e-bllokoja-berishen-ai-u-hakmor-ndaj-perkrahesve-te-mi\/"]}]},{"@type":"ImageObject","inLanguage":"sq-AL","@id":"https:\/\/fjala.info\/2009-2015\/topi-nese-do-doja-e-bllokoja-berishen-ai-u-hakmor-ndaj-perkrahesve-te-mi\/#primaryimage","url":"http:\/\/www.fjala.info\/2012\/bamir_topi1.jpg","contentUrl":"http:\/\/www.fjala.info\/2012\/bamir_topi1.jpg"},{"@type":"BreadcrumbList","@id":"https:\/\/fjala.info\/2009-2015\/topi-nese-do-doja-e-bllokoja-berishen-ai-u-hakmor-ndaj-perkrahesve-te-mi\/#breadcrumb","itemListElement":[{"@type":"ListItem","position":1,"name":"Home","item":"https:\/\/fjala.info\/2009-2015\/"},{"@type":"ListItem","position":2,"name":"Topi: N\u00ebse do doja, e bllokoja Berish\u00ebn. Ai u hakmor ndaj p\u00ebrkrah\u00ebsve t\u00eb mi"}]},{"@type":"WebSite","@id":"https:\/\/fjala.info\/2009-2015\/#website","url":"https:\/\/fjala.info\/2009-2015\/","name":"FjALA e LIR\u00cb - Arkivi","description":"Arkivi 2009-2015","publisher":{"@id":"https:\/\/fjala.info\/2009-2015\/#organization"},"potentialAction":[{"@type":"SearchAction","target":{"@type":"EntryPoint","urlTemplate":"https:\/\/fjala.info\/2009-2015\/?s={search_term_string}"},"query-input":{"@type":"PropertyValueSpecification","valueRequired":true,"valueName":"search_term_string"}}],"inLanguage":"sq-AL"},{"@type":"Organization","@id":"https:\/\/fjala.info\/2009-2015\/#organization","name":"FjALA e LIR\u00cb - Arkivi","url":"https:\/\/fjala.info\/2009-2015\/","logo":{"@type":"ImageObject","inLanguage":"sq-AL","@id":"https:\/\/fjala.info\/2009-2015\/#\/schema\/logo\/image\/","url":"","contentUrl":"","caption":"FjALA e LIR\u00cb - Arkivi"},"image":{"@id":"https:\/\/fjala.info\/2009-2015\/#\/schema\/logo\/image\/"}},{"@type":"Person","@id":"https:\/\/fjala.info\/2009-2015\/#\/schema\/person\/3aa1163ef05469c496fc94e77611ada2","name":"admin","image":{"@type":"ImageObject","inLanguage":"sq-AL","@id":"https:\/\/fjala.info\/2009-2015\/wp-content\/uploads\/2012\/02\/arben_cokaj-120x150.jpg","url":"https:\/\/fjala.info\/2009-2015\/wp-content\/uploads\/2012\/02\/arben_cokaj-120x150.jpg","contentUrl":"https:\/\/fjala.info\/2009-2015\/wp-content\/uploads\/2012\/02\/arben_cokaj-120x150.jpg","caption":"admin"},"description":"Admin, Fjala e Lir\u00eb","sameAs":["https:\/\/fjala.info\/"],"url":"https:\/\/fjala.info\/2009-2015\/author\/admin\/"}]}},"_links":{"self":[{"href":"https:\/\/fjala.info\/2009-2015\/wp-json\/wp\/v2\/posts\/11842","targetHints":{"allow":["GET"]}}],"collection":[{"href":"https:\/\/fjala.info\/2009-2015\/wp-json\/wp\/v2\/posts"}],"about":[{"href":"https:\/\/fjala.info\/2009-2015\/wp-json\/wp\/v2\/types\/post"}],"author":[{"embeddable":true,"href":"https:\/\/fjala.info\/2009-2015\/wp-json\/wp\/v2\/users\/1"}],"replies":[{"embeddable":true,"href":"https:\/\/fjala.info\/2009-2015\/wp-json\/wp\/v2\/comments?post=11842"}],"version-history":[{"count":0,"href":"https:\/\/fjala.info\/2009-2015\/wp-json\/wp\/v2\/posts\/11842\/revisions"}],"wp:attachment":[{"href":"https:\/\/fjala.info\/2009-2015\/wp-json\/wp\/v2\/media?parent=11842"}],"wp:term":[{"taxonomy":"category","embeddable":true,"href":"https:\/\/fjala.info\/2009-2015\/wp-json\/wp\/v2\/categories?post=11842"},{"taxonomy":"post_tag","embeddable":true,"href":"https:\/\/fjala.info\/2009-2015\/wp-json\/wp\/v2\/tags?post=11842"}],"curies":[{"name":"wp","href":"https:\/\/api.w.org\/{rel}","templated":true}]}}