{"id":11838,"date":"2012-05-24T18:11:12","date_gmt":"2012-05-24T17:11:12","guid":{"rendered":"http:\/\/www.fjala.info\/?p=2932"},"modified":"2012-05-24T18:11:12","modified_gmt":"2012-05-24T17:11:12","slug":"lajm-i-fundit-shuplaka-e-dash-ne-shqiperi-eshte-minuar-e-drejta-per-te-ndryshuar-qeverisjen-me-vote","status":"publish","type":"post","link":"https:\/\/fjala.info\/2009-2015\/lajm-i-fundit-shuplaka-e-dash-ne-shqiperi-eshte-minuar-e-drejta-per-te-ndryshuar-qeverisjen-me-vote\/","title":{"rendered":"LAJM I FUNDIT\/ Shuplaka e DASH: N\u00eb Shqip\u00ebri \u00ebsht\u00eb minuar e drejta p\u00ebr t\u00eb ndryshuar qeverisjen me vot\u00eb"},"content":{"rendered":"<p><img decoding=\"async\" class=\"alignright size-thumbnail wp-image-7236\" title=\"Berisha - Clinton\" src=\"http:\/\/www.fjala.info\/2012\/berisha_clinton.jpg\" alt=\"\" width=\"300\" \/> <strong>TemA<\/strong>, <em>24 Maj 2012<\/em><\/p>\n<p>Departamenti Amerikan i Shtetit ka publikuar raportin e vitit 2011 p\u00ebr t\u00eb drejtat e njeriut, duke hedhur hije t\u00eb forta dyshimi mbi m\u00ebnyr\u00ebn se si b\u00ebhen zgjedhjet n\u00eb vendin ton\u00eb.<\/p>\n<p>\u201cKorrupsioni n\u00eb t\u00eb gjitha deg\u00ebt e qeveris\u00eb dhe ve\u00e7an\u00ebrisht brenda sistemit gjyq\u00ebsor, mbetet nj\u00eb problem serioz. Nj\u00eb ambient elektoral i polarizuar ndjesh\u00ebm, i karakterizuar nga incidente me mashtrime dhe nj\u00eb num\u00ebrim kontrovers i votave ka minuar t\u00eb drejt\u00ebn e qytetar\u00ebve p\u00ebr t\u00eb ndryshuar lirsh\u00ebm qeverin\u00eb e tyre,\u201d thuhet n\u00eb raport.<\/p>\n<p>\u201cVendimi i KQZ p\u00ebr t\u00eb rr\u00ebzuar rezultatin fillestar n\u00eb gar\u00ebn p\u00ebr kryebashkiak n\u00eb Tiran\u00eb u perceptua gjer\u00ebsisht si nj\u00eb vendim partizan dhe minoi besimin tek pavar\u00ebsia dhe paanshm\u00ebria e KQZ,\u201d vijon raporti.<\/p>\n<p>Edhe pse nuk p\u00ebrmendet n\u00eb raport rasti i Ilir Met\u00ebs, s\u00ebrish thuhet se zyrtar\u00ebt e lart\u00eb me pushtet shpallen t\u00eb pafajsh\u00ebm, nd\u00ebrkoh\u00eb q\u00eb d\u00ebnohen peshqit e vegj\u00ebl.<\/p>\n<p>\u201cQeveria jo gjithmon\u00eb ka marr\u00eb hapa p\u00ebr t\u00eb proceduar zyrtar\u00ebt q\u00eb kan\u00eb kryer abuzime. Shum\u00eb zyrtar\u00eb t\u00eb qeveris\u00eb kan\u00eb imunitet nga hetimi dhe ata me interesa t\u00eb fuqishme biznesi shpesh jan\u00eb n\u00eb gjendje q\u00eb t\u00eb shmangin procedimin. Disa zyrtar\u00eb t\u00eb nivelit t\u00eb ul\u00ebt jan\u00eb nd\u00ebshkuar p\u00ebr abuzim, por pand\u00ebshkueshm\u00ebria e policis\u00eb p\u00ebr abuzimet fizike vazhdon t\u00eb mbetet\u201d.<\/p>\n<p><strong>21 janari<\/strong><\/p>\n<p>N\u00eb raportin e Departamentit t\u00eb Shtetit thuhet se hetimi p\u00ebr 21 janarin po ec\u00ebn ngadal\u00eb dhe nuk ka asnj\u00eb t\u00eb d\u00ebnuar nga qeveria apo Garda.<\/p>\n<p>\u201cM\u00eb 21 janar, Garda Republikane q\u00eblloi mbi protestuesit gjat\u00eb nj\u00eb proteste t\u00eb dhunshme t\u00eb opozit\u00ebs tek kryeministria. Kat\u00ebr protestues u vran\u00eb gjat\u00eb demonstrat\u00ebs. Prokuroria e P\u00ebrgjithshme hapi nj\u00eb hetim p\u00ebr vrasjet. Hetimi eci ngadal\u00eb. N\u00eb fund t\u00eb vitit, asnj\u00eb zyrtar i qeveris\u00eb apo i Gard\u00ebs s\u00eb Republik\u00ebs nuk ishte paditur p\u00ebr rolin e tyre n\u00eb k\u00ebto vrasje,\u201d thuhet n\u00eb raport.<\/p>\n<p>Po ashtu n\u00eb pjes\u00ebn e medias, citohen rastet e dhun\u00ebs ndaj gazetar\u00ebve m\u00eb 21 janar.<\/p>\n<p>\u201cM\u00eb 21 janar, gazetari Ened Janina i gazet\u00ebs Shekulli u rrah nga policia. Sipas Janin\u00ebs, p\u00ebr k\u00ebt\u00eb \u00e7\u00ebshtje nisi nj\u00eb hetim, por ai nuk u thirr kurr\u00eb t\u00eb d\u00ebshmoj\u00eb s\u00ebrish. Po at\u00eb dit\u00eb, reporteri Fatos Mahmutaj u g\u00ebrvisht nga nj\u00eb plumb q\u00eb vrau personin q\u00eb kishte ngjitur. Mahmutaj tha se mori k\u00ebrc\u00ebnime me vdekje pas deklaratave t\u00eb tij dhe u largua nga vendi. Ai mori azil politik n\u00eb Belgjik\u00eb.<\/p>\n<p>Reporteri Artan Hoxha transmetoi pamje t\u00eb protest\u00ebs s\u00eb 21 janarit, ku dukej se si u vra nj\u00eb protestues. Hoxha thot\u00eb se kat\u00ebr dit\u00eb pas transmetimit, djalit t\u00eb tij 10- vje\u00e7ar iu dor\u00ebzua nj\u00eb zarf me tre plumba.<\/p>\n<p>Nuk ka pasur raportime se qeveria ka nd\u00ebrmarr\u00eb ndonj\u00eb veprim p\u00ebr t\u00eb ruajtur sigurin\u00eb e medias ose p\u00ebr t\u00eb siguruar q\u00eb personat q\u00eb kan\u00eb sulmuar gazetar\u00ebt t\u00eb hetohen,\u201d thuhet n\u00eb raport.<\/p>\n<p><strong>Policia<\/strong><\/p>\n<p>N\u00eb raportin e DASH thuhet se policia nuk e zbaton ligjin n\u00eb m\u00ebnyr\u00eb t\u00eb barabart\u00eb.<\/p>\n<p>\u201cZyrtar\u00ebt e policis\u00eb nuk e zbatojn\u00eb ligjin n\u00eb m\u00ebnyr\u00eb t\u00eb barabart\u00eb dhe lidhjet politike ose kriminale ndikojn\u00eb n\u00eb zbatimin e ligjit.\u201d<\/p>\n<p>N\u00eb raport thuhet se kan\u00eb vijuar vrasjet p\u00ebr gjakmarrje dhe hakmarrje, ku jan\u00eb p\u00ebrfshir\u00eb shpesh edhe grupe kriminale.<\/p>\n<p>\u201cKa pasur pes\u00eb vrasje p\u00ebr gjakmarrje gjat\u00eb vitit,\u201d thuhet n\u00eb raport.<\/p>\n<p><strong>Gjykatat<\/strong><\/p>\n<p>Sa i p\u00ebrket gjykatave, n\u00eb raport thuhet se \u00ebsht\u00eb shum\u00eb e v\u00ebshtir\u00eb t\u00eb hetohen gjykat\u00ebsit.<\/p>\n<p>\u201cShum\u00eb pak gjykat\u00ebs jan\u00eb proceduar p\u00ebr korrupsion p\u00ebr shkak se hetimet penale duhet t\u00eb mbeten sekrete, t\u00eb pakt\u00ebn n\u00eb fillim, n\u00eb m\u00ebnyr\u00eb q\u00eb t\u00eb jen\u00eb t\u00eb suksesshme.\u201d<\/p>\n<p>\u201cShum\u00eb t\u00eb dyshuar lihen n\u00eb arrest sht\u00ebpie, shpesh me k\u00ebrkes\u00ebn e tyre p\u00ebr shkak se kur t\u00eb d\u00ebnohen, marrin kredit\u00eb nga kjo koh\u00eb. Arresti n\u00eb sht\u00ebpi nuk monitorohet dhe t\u00eb dyshuarit l\u00ebvizin lirsh\u00ebm jasht\u00eb sht\u00ebpis\u00eb,\u201d vijon raporti.<\/p>\n<p>Po ashtu preket edhe \u00e7\u00ebshtja e em\u00ebrimeve n\u00eb shkall\u00ebt e larta t\u00eb gjyq\u00ebsorit. \u201cPolitizimi i em\u00ebrimeve n\u00eb Gjykat\u00ebn e Lart\u00eb dhe n\u00eb at\u00eb Kushtetuese k\u00ebrc\u00ebnon t\u00eb minoj\u00eb pavar\u00ebsin\u00eb dhe integritetin e k\u00ebtyre gjykatave.\u201d<\/p>\n<p><strong>Korrupsioni<\/strong><\/p>\n<p>N\u00eb raport thuhet se korrupsioni n\u00eb ekzekutiv \u00ebsht\u00eb shum\u00eb i p\u00ebrhapur.<\/p>\n<p>\u201cSistemi edukativ \u00ebsht\u00eb i korruptuar dhe zyrtar\u00ebt ndonj\u00ebher\u00eb k\u00ebrkojn\u00eb ryshfet nga student\u00ebt p\u00ebr tu regjistruar ose p\u00ebr t\u00eb kaluar provimet. Mjek\u00ebt dhe stafi mjek\u00ebsor k\u00ebrkojn\u00eb shpesh pagesa p\u00ebr t\u00eb siguruar at\u00eb q\u00eb shteti thot\u00eb se e jep falas.<\/p>\n<p>Ashtu si n\u00eb sektor\u00eb t\u00eb tjer\u00eb, t\u00eb pandehurit e profilit t\u00eb lart\u00eb zakonisht shpallen t\u00eb pafajsh\u00ebm, madje edhe kur provat jan\u00eb bind\u00ebse. Nd\u00ebrkoh\u00eb q\u00eb zyrtar\u00ebt e vegj\u00ebl procedohen dhe shpesh d\u00ebnohen p\u00ebr korrupsion, hetimi i zyrtar\u00ebve t\u00eb lart\u00eb mbetet problematik,\u201d thuhet n\u00eb raport.<\/p>\n<p><strong>Dhuna<\/strong><\/p>\n<p>-Dhuna n\u00eb familje kund\u00ebr femrave, p\u00ebrfshi abuzimin n\u00eb martes\u00eb, mbetet nj\u00eb problem serioz. Ka pasur 1779 raste t\u00eb dhun\u00ebs s\u00eb raportuar ku p\u00ebrfshihen femra dhe 402 raste ku p\u00ebrfshihen meshkuj.<\/p>\n<p>-Ligji ndalon ngacmimet seksuale, por zyrtar\u00ebt shum\u00eb rrall\u00eb e zbatojn\u00eb at\u00eb.<\/p>\n<p>-Abuzimi me f\u00ebmij\u00ebt, p\u00ebrfshi abuzimin seksual, ndodh, por viktimat e raportojn\u00eb shum\u00eb rrall\u00eb.<\/p>\n<p>-Pavar\u00ebsisht se ligji mb\u00ebshtet t\u00eb drejtat e grupit LGBT, sjellja homofobike mbetet. Ka pasur raportime t\u00eb ngacmimeve nga policia p\u00ebr personat LGBT dhe p\u00ebr brutalitet t\u00eb policis\u00eb ndaj punonj\u00ebseve t\u00eb seksit transgjinore.<\/p>\n","protected":false},"excerpt":{"rendered":"<p>TemA, 24 Maj 2012 Departamenti Amerikan i Shtetit ka publikuar raportin e vitit 2011 p\u00ebr t\u00eb drejtat e njeriut, duke hedhur hije t\u00eb forta dyshimi mbi m\u00ebnyr\u00ebn se si b\u00ebhen zgjedhjet n\u00eb vendin ton\u00eb. \u201cKorrupsioni n\u00eb t\u00eb gjitha deg\u00ebt e qeveris\u00eb dhe ve\u00e7an\u00ebrisht brenda sistemit gjyq\u00ebsor, mbetet nj\u00eb problem serioz. Nj\u00eb ambient elektoral i polarizuar [&hellip;]<\/p>\n","protected":false},"author":1,"featured_media":0,"comment_status":"open","ping_status":"closed","sticky":false,"template":"","format":"standard","meta":{"footnotes":""},"categories":[2],"tags":[],"class_list":{"0":"post-11838","1":"post","2":"type-post","3":"status-publish","4":"format-standard","6":"category-artikuj"},"yoast_head":"<!-- This site is optimized with the Yoast SEO plugin v27.4 - https:\/\/yoast.com\/product\/yoast-seo-wordpress\/ -->\n<title>LAJM I FUNDIT\/ Shuplaka e DASH: N\u00eb Shqip\u00ebri \u00ebsht\u00eb minuar e drejta p\u00ebr t\u00eb ndryshuar qeverisjen me vot\u00eb - FjALA e LIR\u00cb - Arkivi<\/title>\n<meta name=\"robots\" content=\"index, follow, max-snippet:-1, max-image-preview:large, max-video-preview:-1\" \/>\n<link rel=\"canonical\" href=\"https:\/\/fjala.info\/2009-2015\/lajm-i-fundit-shuplaka-e-dash-ne-shqiperi-eshte-minuar-e-drejta-per-te-ndryshuar-qeverisjen-me-vote\/\" \/>\n<meta property=\"og:locale\" content=\"sq_AL\" \/>\n<meta property=\"og:type\" content=\"article\" \/>\n<meta property=\"og:title\" content=\"LAJM I FUNDIT\/ Shuplaka e DASH: N\u00eb Shqip\u00ebri \u00ebsht\u00eb minuar e drejta p\u00ebr t\u00eb ndryshuar qeverisjen me vot\u00eb - FjALA e LIR\u00cb - Arkivi\" \/>\n<meta property=\"og:description\" content=\"TemA, 24 Maj 2012 Departamenti Amerikan i Shtetit ka publikuar raportin e vitit 2011 p\u00ebr t\u00eb drejtat e njeriut, duke hedhur hije t\u00eb forta dyshimi mbi m\u00ebnyr\u00ebn se si b\u00ebhen zgjedhjet n\u00eb vendin ton\u00eb. \u201cKorrupsioni n\u00eb t\u00eb gjitha deg\u00ebt e qeveris\u00eb dhe ve\u00e7an\u00ebrisht brenda sistemit gjyq\u00ebsor, mbetet nj\u00eb problem serioz. Nj\u00eb ambient elektoral i polarizuar [&hellip;]\" \/>\n<meta property=\"og:url\" content=\"https:\/\/fjala.info\/2009-2015\/lajm-i-fundit-shuplaka-e-dash-ne-shqiperi-eshte-minuar-e-drejta-per-te-ndryshuar-qeverisjen-me-vote\/\" \/>\n<meta property=\"og:site_name\" content=\"FjALA e LIR\u00cb - Arkivi\" \/>\n<meta property=\"article:published_time\" content=\"2012-05-24T17:11:12+00:00\" \/>\n<meta property=\"og:image\" content=\"http:\/\/www.fjala.info\/2012\/berisha_clinton.jpg\" \/>\n<meta name=\"author\" content=\"admin\" \/>\n<meta name=\"twitter:card\" content=\"summary_large_image\" \/>\n<meta name=\"twitter:label1\" content=\"Written by\" \/>\n\t<meta name=\"twitter:data1\" content=\"admin\" \/>\n\t<meta name=\"twitter:label2\" content=\"Est. reading time\" \/>\n\t<meta name=\"twitter:data2\" content=\"5 minutes\" \/>\n<script type=\"application\/ld+json\" class=\"yoast-schema-graph\">{\"@context\":\"https:\\\/\\\/schema.org\",\"@graph\":[{\"@type\":\"Article\",\"@id\":\"https:\\\/\\\/fjala.info\\\/2009-2015\\\/lajm-i-fundit-shuplaka-e-dash-ne-shqiperi-eshte-minuar-e-drejta-per-te-ndryshuar-qeverisjen-me-vote\\\/#article\",\"isPartOf\":{\"@id\":\"https:\\\/\\\/fjala.info\\\/2009-2015\\\/lajm-i-fundit-shuplaka-e-dash-ne-shqiperi-eshte-minuar-e-drejta-per-te-ndryshuar-qeverisjen-me-vote\\\/\"},\"author\":{\"name\":\"admin\",\"@id\":\"https:\\\/\\\/fjala.info\\\/2009-2015\\\/#\\\/schema\\\/person\\\/3aa1163ef05469c496fc94e77611ada2\"},\"headline\":\"LAJM I FUNDIT\\\/ Shuplaka e DASH: N\u00eb Shqip\u00ebri \u00ebsht\u00eb minuar e drejta p\u00ebr t\u00eb ndryshuar qeverisjen me vot\u00eb\",\"datePublished\":\"2012-05-24T17:11:12+00:00\",\"mainEntityOfPage\":{\"@id\":\"https:\\\/\\\/fjala.info\\\/2009-2015\\\/lajm-i-fundit-shuplaka-e-dash-ne-shqiperi-eshte-minuar-e-drejta-per-te-ndryshuar-qeverisjen-me-vote\\\/\"},\"wordCount\":942,\"commentCount\":0,\"publisher\":{\"@id\":\"https:\\\/\\\/fjala.info\\\/2009-2015\\\/#organization\"},\"image\":{\"@id\":\"https:\\\/\\\/fjala.info\\\/2009-2015\\\/lajm-i-fundit-shuplaka-e-dash-ne-shqiperi-eshte-minuar-e-drejta-per-te-ndryshuar-qeverisjen-me-vote\\\/#primaryimage\"},\"thumbnailUrl\":\"http:\\\/\\\/www.fjala.info\\\/2012\\\/berisha_clinton.jpg\",\"articleSection\":[\"Artikuj\"],\"inLanguage\":\"sq-AL\",\"potentialAction\":[{\"@type\":\"CommentAction\",\"name\":\"Comment\",\"target\":[\"https:\\\/\\\/fjala.info\\\/2009-2015\\\/lajm-i-fundit-shuplaka-e-dash-ne-shqiperi-eshte-minuar-e-drejta-per-te-ndryshuar-qeverisjen-me-vote\\\/#respond\"]}]},{\"@type\":\"WebPage\",\"@id\":\"https:\\\/\\\/fjala.info\\\/2009-2015\\\/lajm-i-fundit-shuplaka-e-dash-ne-shqiperi-eshte-minuar-e-drejta-per-te-ndryshuar-qeverisjen-me-vote\\\/\",\"url\":\"https:\\\/\\\/fjala.info\\\/2009-2015\\\/lajm-i-fundit-shuplaka-e-dash-ne-shqiperi-eshte-minuar-e-drejta-per-te-ndryshuar-qeverisjen-me-vote\\\/\",\"name\":\"LAJM I FUNDIT\\\/ Shuplaka e DASH: N\u00eb Shqip\u00ebri \u00ebsht\u00eb minuar e drejta p\u00ebr t\u00eb ndryshuar qeverisjen me vot\u00eb - FjALA e LIR\u00cb - Arkivi\",\"isPartOf\":{\"@id\":\"https:\\\/\\\/fjala.info\\\/2009-2015\\\/#website\"},\"primaryImageOfPage\":{\"@id\":\"https:\\\/\\\/fjala.info\\\/2009-2015\\\/lajm-i-fundit-shuplaka-e-dash-ne-shqiperi-eshte-minuar-e-drejta-per-te-ndryshuar-qeverisjen-me-vote\\\/#primaryimage\"},\"image\":{\"@id\":\"https:\\\/\\\/fjala.info\\\/2009-2015\\\/lajm-i-fundit-shuplaka-e-dash-ne-shqiperi-eshte-minuar-e-drejta-per-te-ndryshuar-qeverisjen-me-vote\\\/#primaryimage\"},\"thumbnailUrl\":\"http:\\\/\\\/www.fjala.info\\\/2012\\\/berisha_clinton.jpg\",\"datePublished\":\"2012-05-24T17:11:12+00:00\",\"breadcrumb\":{\"@id\":\"https:\\\/\\\/fjala.info\\\/2009-2015\\\/lajm-i-fundit-shuplaka-e-dash-ne-shqiperi-eshte-minuar-e-drejta-per-te-ndryshuar-qeverisjen-me-vote\\\/#breadcrumb\"},\"inLanguage\":\"sq-AL\",\"potentialAction\":[{\"@type\":\"ReadAction\",\"target\":[\"https:\\\/\\\/fjala.info\\\/2009-2015\\\/lajm-i-fundit-shuplaka-e-dash-ne-shqiperi-eshte-minuar-e-drejta-per-te-ndryshuar-qeverisjen-me-vote\\\/\"]}]},{\"@type\":\"ImageObject\",\"inLanguage\":\"sq-AL\",\"@id\":\"https:\\\/\\\/fjala.info\\\/2009-2015\\\/lajm-i-fundit-shuplaka-e-dash-ne-shqiperi-eshte-minuar-e-drejta-per-te-ndryshuar-qeverisjen-me-vote\\\/#primaryimage\",\"url\":\"http:\\\/\\\/www.fjala.info\\\/2012\\\/berisha_clinton.jpg\",\"contentUrl\":\"http:\\\/\\\/www.fjala.info\\\/2012\\\/berisha_clinton.jpg\"},{\"@type\":\"BreadcrumbList\",\"@id\":\"https:\\\/\\\/fjala.info\\\/2009-2015\\\/lajm-i-fundit-shuplaka-e-dash-ne-shqiperi-eshte-minuar-e-drejta-per-te-ndryshuar-qeverisjen-me-vote\\\/#breadcrumb\",\"itemListElement\":[{\"@type\":\"ListItem\",\"position\":1,\"name\":\"Home\",\"item\":\"https:\\\/\\\/fjala.info\\\/2009-2015\\\/\"},{\"@type\":\"ListItem\",\"position\":2,\"name\":\"LAJM I FUNDIT\\\/ Shuplaka e DASH: N\u00eb Shqip\u00ebri \u00ebsht\u00eb minuar e drejta p\u00ebr t\u00eb ndryshuar qeverisjen me vot\u00eb\"}]},{\"@type\":\"WebSite\",\"@id\":\"https:\\\/\\\/fjala.info\\\/2009-2015\\\/#website\",\"url\":\"https:\\\/\\\/fjala.info\\\/2009-2015\\\/\",\"name\":\"FjALA e LIR\u00cb - Arkivi\",\"description\":\"Arkivi 2009-2015\",\"publisher\":{\"@id\":\"https:\\\/\\\/fjala.info\\\/2009-2015\\\/#organization\"},\"potentialAction\":[{\"@type\":\"SearchAction\",\"target\":{\"@type\":\"EntryPoint\",\"urlTemplate\":\"https:\\\/\\\/fjala.info\\\/2009-2015\\\/?s={search_term_string}\"},\"query-input\":{\"@type\":\"PropertyValueSpecification\",\"valueRequired\":true,\"valueName\":\"search_term_string\"}}],\"inLanguage\":\"sq-AL\"},{\"@type\":\"Organization\",\"@id\":\"https:\\\/\\\/fjala.info\\\/2009-2015\\\/#organization\",\"name\":\"FjALA e LIR\u00cb - Arkivi\",\"url\":\"https:\\\/\\\/fjala.info\\\/2009-2015\\\/\",\"logo\":{\"@type\":\"ImageObject\",\"inLanguage\":\"sq-AL\",\"@id\":\"https:\\\/\\\/fjala.info\\\/2009-2015\\\/#\\\/schema\\\/logo\\\/image\\\/\",\"url\":\"\",\"contentUrl\":\"\",\"caption\":\"FjALA e LIR\u00cb - Arkivi\"},\"image\":{\"@id\":\"https:\\\/\\\/fjala.info\\\/2009-2015\\\/#\\\/schema\\\/logo\\\/image\\\/\"}},{\"@type\":\"Person\",\"@id\":\"https:\\\/\\\/fjala.info\\\/2009-2015\\\/#\\\/schema\\\/person\\\/3aa1163ef05469c496fc94e77611ada2\",\"name\":\"admin\",\"image\":{\"@type\":\"ImageObject\",\"inLanguage\":\"sq-AL\",\"@id\":\"https:\\\/\\\/fjala.info\\\/2009-2015\\\/wp-content\\\/uploads\\\/2012\\\/02\\\/arben_cokaj-120x150.jpg\",\"url\":\"https:\\\/\\\/fjala.info\\\/2009-2015\\\/wp-content\\\/uploads\\\/2012\\\/02\\\/arben_cokaj-120x150.jpg\",\"contentUrl\":\"https:\\\/\\\/fjala.info\\\/2009-2015\\\/wp-content\\\/uploads\\\/2012\\\/02\\\/arben_cokaj-120x150.jpg\",\"caption\":\"admin\"},\"description\":\"Admin, Fjala e Lir\u00eb\",\"sameAs\":[\"https:\\\/\\\/fjala.info\\\/\"],\"url\":\"https:\\\/\\\/fjala.info\\\/2009-2015\\\/author\\\/admin\\\/\"}]}<\/script>\n<!-- \/ Yoast SEO plugin. -->","yoast_head_json":{"title":"LAJM I FUNDIT\/ Shuplaka e DASH: N\u00eb Shqip\u00ebri \u00ebsht\u00eb minuar e drejta p\u00ebr t\u00eb ndryshuar qeverisjen me vot\u00eb - FjALA e LIR\u00cb - Arkivi","robots":{"index":"index","follow":"follow","max-snippet":"max-snippet:-1","max-image-preview":"max-image-preview:large","max-video-preview":"max-video-preview:-1"},"canonical":"https:\/\/fjala.info\/2009-2015\/lajm-i-fundit-shuplaka-e-dash-ne-shqiperi-eshte-minuar-e-drejta-per-te-ndryshuar-qeverisjen-me-vote\/","og_locale":"sq_AL","og_type":"article","og_title":"LAJM I FUNDIT\/ Shuplaka e DASH: N\u00eb Shqip\u00ebri \u00ebsht\u00eb minuar e drejta p\u00ebr t\u00eb ndryshuar qeverisjen me vot\u00eb - FjALA e LIR\u00cb - Arkivi","og_description":"TemA, 24 Maj 2012 Departamenti Amerikan i Shtetit ka publikuar raportin e vitit 2011 p\u00ebr t\u00eb drejtat e njeriut, duke hedhur hije t\u00eb forta dyshimi mbi m\u00ebnyr\u00ebn se si b\u00ebhen zgjedhjet n\u00eb vendin ton\u00eb. \u201cKorrupsioni n\u00eb t\u00eb gjitha deg\u00ebt e qeveris\u00eb dhe ve\u00e7an\u00ebrisht brenda sistemit gjyq\u00ebsor, mbetet nj\u00eb problem serioz. Nj\u00eb ambient elektoral i polarizuar [&hellip;]","og_url":"https:\/\/fjala.info\/2009-2015\/lajm-i-fundit-shuplaka-e-dash-ne-shqiperi-eshte-minuar-e-drejta-per-te-ndryshuar-qeverisjen-me-vote\/","og_site_name":"FjALA e LIR\u00cb - Arkivi","article_published_time":"2012-05-24T17:11:12+00:00","og_image":[{"url":"http:\/\/www.fjala.info\/2012\/berisha_clinton.jpg","type":"","width":"","height":""}],"author":"admin","twitter_card":"summary_large_image","twitter_misc":{"Written by":"admin","Est. reading time":"5 minutes"},"schema":{"@context":"https:\/\/schema.org","@graph":[{"@type":"Article","@id":"https:\/\/fjala.info\/2009-2015\/lajm-i-fundit-shuplaka-e-dash-ne-shqiperi-eshte-minuar-e-drejta-per-te-ndryshuar-qeverisjen-me-vote\/#article","isPartOf":{"@id":"https:\/\/fjala.info\/2009-2015\/lajm-i-fundit-shuplaka-e-dash-ne-shqiperi-eshte-minuar-e-drejta-per-te-ndryshuar-qeverisjen-me-vote\/"},"author":{"name":"admin","@id":"https:\/\/fjala.info\/2009-2015\/#\/schema\/person\/3aa1163ef05469c496fc94e77611ada2"},"headline":"LAJM I FUNDIT\/ Shuplaka e DASH: N\u00eb Shqip\u00ebri \u00ebsht\u00eb minuar e drejta p\u00ebr t\u00eb ndryshuar qeverisjen me vot\u00eb","datePublished":"2012-05-24T17:11:12+00:00","mainEntityOfPage":{"@id":"https:\/\/fjala.info\/2009-2015\/lajm-i-fundit-shuplaka-e-dash-ne-shqiperi-eshte-minuar-e-drejta-per-te-ndryshuar-qeverisjen-me-vote\/"},"wordCount":942,"commentCount":0,"publisher":{"@id":"https:\/\/fjala.info\/2009-2015\/#organization"},"image":{"@id":"https:\/\/fjala.info\/2009-2015\/lajm-i-fundit-shuplaka-e-dash-ne-shqiperi-eshte-minuar-e-drejta-per-te-ndryshuar-qeverisjen-me-vote\/#primaryimage"},"thumbnailUrl":"http:\/\/www.fjala.info\/2012\/berisha_clinton.jpg","articleSection":["Artikuj"],"inLanguage":"sq-AL","potentialAction":[{"@type":"CommentAction","name":"Comment","target":["https:\/\/fjala.info\/2009-2015\/lajm-i-fundit-shuplaka-e-dash-ne-shqiperi-eshte-minuar-e-drejta-per-te-ndryshuar-qeverisjen-me-vote\/#respond"]}]},{"@type":"WebPage","@id":"https:\/\/fjala.info\/2009-2015\/lajm-i-fundit-shuplaka-e-dash-ne-shqiperi-eshte-minuar-e-drejta-per-te-ndryshuar-qeverisjen-me-vote\/","url":"https:\/\/fjala.info\/2009-2015\/lajm-i-fundit-shuplaka-e-dash-ne-shqiperi-eshte-minuar-e-drejta-per-te-ndryshuar-qeverisjen-me-vote\/","name":"LAJM I FUNDIT\/ Shuplaka e DASH: N\u00eb Shqip\u00ebri \u00ebsht\u00eb minuar e drejta p\u00ebr t\u00eb ndryshuar qeverisjen me vot\u00eb - FjALA e LIR\u00cb - Arkivi","isPartOf":{"@id":"https:\/\/fjala.info\/2009-2015\/#website"},"primaryImageOfPage":{"@id":"https:\/\/fjala.info\/2009-2015\/lajm-i-fundit-shuplaka-e-dash-ne-shqiperi-eshte-minuar-e-drejta-per-te-ndryshuar-qeverisjen-me-vote\/#primaryimage"},"image":{"@id":"https:\/\/fjala.info\/2009-2015\/lajm-i-fundit-shuplaka-e-dash-ne-shqiperi-eshte-minuar-e-drejta-per-te-ndryshuar-qeverisjen-me-vote\/#primaryimage"},"thumbnailUrl":"http:\/\/www.fjala.info\/2012\/berisha_clinton.jpg","datePublished":"2012-05-24T17:11:12+00:00","breadcrumb":{"@id":"https:\/\/fjala.info\/2009-2015\/lajm-i-fundit-shuplaka-e-dash-ne-shqiperi-eshte-minuar-e-drejta-per-te-ndryshuar-qeverisjen-me-vote\/#breadcrumb"},"inLanguage":"sq-AL","potentialAction":[{"@type":"ReadAction","target":["https:\/\/fjala.info\/2009-2015\/lajm-i-fundit-shuplaka-e-dash-ne-shqiperi-eshte-minuar-e-drejta-per-te-ndryshuar-qeverisjen-me-vote\/"]}]},{"@type":"ImageObject","inLanguage":"sq-AL","@id":"https:\/\/fjala.info\/2009-2015\/lajm-i-fundit-shuplaka-e-dash-ne-shqiperi-eshte-minuar-e-drejta-per-te-ndryshuar-qeverisjen-me-vote\/#primaryimage","url":"http:\/\/www.fjala.info\/2012\/berisha_clinton.jpg","contentUrl":"http:\/\/www.fjala.info\/2012\/berisha_clinton.jpg"},{"@type":"BreadcrumbList","@id":"https:\/\/fjala.info\/2009-2015\/lajm-i-fundit-shuplaka-e-dash-ne-shqiperi-eshte-minuar-e-drejta-per-te-ndryshuar-qeverisjen-me-vote\/#breadcrumb","itemListElement":[{"@type":"ListItem","position":1,"name":"Home","item":"https:\/\/fjala.info\/2009-2015\/"},{"@type":"ListItem","position":2,"name":"LAJM I FUNDIT\/ Shuplaka e DASH: N\u00eb Shqip\u00ebri \u00ebsht\u00eb minuar e drejta p\u00ebr t\u00eb ndryshuar qeverisjen me vot\u00eb"}]},{"@type":"WebSite","@id":"https:\/\/fjala.info\/2009-2015\/#website","url":"https:\/\/fjala.info\/2009-2015\/","name":"FjALA e LIR\u00cb - Arkivi","description":"Arkivi 2009-2015","publisher":{"@id":"https:\/\/fjala.info\/2009-2015\/#organization"},"potentialAction":[{"@type":"SearchAction","target":{"@type":"EntryPoint","urlTemplate":"https:\/\/fjala.info\/2009-2015\/?s={search_term_string}"},"query-input":{"@type":"PropertyValueSpecification","valueRequired":true,"valueName":"search_term_string"}}],"inLanguage":"sq-AL"},{"@type":"Organization","@id":"https:\/\/fjala.info\/2009-2015\/#organization","name":"FjALA e LIR\u00cb - Arkivi","url":"https:\/\/fjala.info\/2009-2015\/","logo":{"@type":"ImageObject","inLanguage":"sq-AL","@id":"https:\/\/fjala.info\/2009-2015\/#\/schema\/logo\/image\/","url":"","contentUrl":"","caption":"FjALA e LIR\u00cb - Arkivi"},"image":{"@id":"https:\/\/fjala.info\/2009-2015\/#\/schema\/logo\/image\/"}},{"@type":"Person","@id":"https:\/\/fjala.info\/2009-2015\/#\/schema\/person\/3aa1163ef05469c496fc94e77611ada2","name":"admin","image":{"@type":"ImageObject","inLanguage":"sq-AL","@id":"https:\/\/fjala.info\/2009-2015\/wp-content\/uploads\/2012\/02\/arben_cokaj-120x150.jpg","url":"https:\/\/fjala.info\/2009-2015\/wp-content\/uploads\/2012\/02\/arben_cokaj-120x150.jpg","contentUrl":"https:\/\/fjala.info\/2009-2015\/wp-content\/uploads\/2012\/02\/arben_cokaj-120x150.jpg","caption":"admin"},"description":"Admin, Fjala e Lir\u00eb","sameAs":["https:\/\/fjala.info\/"],"url":"https:\/\/fjala.info\/2009-2015\/author\/admin\/"}]}},"_links":{"self":[{"href":"https:\/\/fjala.info\/2009-2015\/wp-json\/wp\/v2\/posts\/11838","targetHints":{"allow":["GET"]}}],"collection":[{"href":"https:\/\/fjala.info\/2009-2015\/wp-json\/wp\/v2\/posts"}],"about":[{"href":"https:\/\/fjala.info\/2009-2015\/wp-json\/wp\/v2\/types\/post"}],"author":[{"embeddable":true,"href":"https:\/\/fjala.info\/2009-2015\/wp-json\/wp\/v2\/users\/1"}],"replies":[{"embeddable":true,"href":"https:\/\/fjala.info\/2009-2015\/wp-json\/wp\/v2\/comments?post=11838"}],"version-history":[{"count":0,"href":"https:\/\/fjala.info\/2009-2015\/wp-json\/wp\/v2\/posts\/11838\/revisions"}],"wp:attachment":[{"href":"https:\/\/fjala.info\/2009-2015\/wp-json\/wp\/v2\/media?parent=11838"}],"wp:term":[{"taxonomy":"category","embeddable":true,"href":"https:\/\/fjala.info\/2009-2015\/wp-json\/wp\/v2\/categories?post=11838"},{"taxonomy":"post_tag","embeddable":true,"href":"https:\/\/fjala.info\/2009-2015\/wp-json\/wp\/v2\/tags?post=11838"}],"curies":[{"name":"wp","href":"https:\/\/api.w.org\/{rel}","templated":true}]}}