{"id":11836,"date":"2012-05-21T21:39:02","date_gmt":"2012-05-21T20:39:02","guid":{"rendered":"http:\/\/www.fjala.info\/?p=2894"},"modified":"2012-05-21T21:39:02","modified_gmt":"2012-05-21T20:39:02","slug":"dossier-aksidenti-ne-te-njejtin-vend-para-23-vitesh-mori-23-jete-njerezish","status":"publish","type":"post","link":"https:\/\/fjala.info\/2009-2015\/dossier-aksidenti-ne-te-njejtin-vend-para-23-vitesh-mori-23-jete-njerezish\/","title":{"rendered":"DOSSIER\/ Aksidenti n\u00eb t\u00eb nj\u00ebjtin vend para 23 vitesh mori 23 jet\u00eb njer\u00ebzish"},"content":{"rendered":"<p><img decoding=\"async\" class=\"alignright size-thumbnail wp-image-7236\" title=\"Aksident - Himar\u00eb 1989\" src=\"http:\/\/www.fjala.info\/2012\/aksident_himare89.jpg\" alt=\"\" width=\"300\" \/> <strong>TemA<\/strong>, <em>21 Maj 2012<\/em><\/p>\n<p>N\u00eb fund t\u00eb n\u00ebntorit 1989, nj\u00eb aksident i r\u00ebnd\u00eb ndodhi n\u00eb zon\u00ebn ku ndodhi edhe aksidenti i sot\u00ebm. Edhe at\u00ebher\u00eb ishin student\u00eb q\u00eb po udh\u00ebtonin n\u00eb autobus. Nga aksidenti pati dy t\u00eb vdekur, por tragjedia u r\u00ebndua kur dy helikopter\u00eb q\u00eb erdh\u00ebn p\u00ebr t\u00eb marr\u00eb t\u00eb plagosurit u rr\u00ebzuan p\u00ebr shkak t\u00eb motit t\u00eb keq.<\/p>\n<p>Nj\u00eb raport u p\u00ebrgatit nga Ministria e Brendshme. Raporti \u00ebsht\u00eb publikuar s\u00eb fundmi nga Panorama. N\u00eb raport thuhet se autobusi kishte b\u00ebr\u00eb kontrollet teknike p\u00ebrpara se t\u00eb nisej dhe nuk kishte pasur probleme. Por aksidenti erdhi si pasoj\u00eb e nj\u00eb defekti n\u00eb sistemin e frenimit. Nd\u00ebrkoh\u00eb n\u00eb raport thuhet se shkak p\u00ebr rr\u00ebzimin e helikopter\u00ebve ishte moti i keq, mokoordinimi pasi zona e Himar\u00ebs nuk ishte e mbuluar me radiond\u00ebrlidhje dhe mostrajnimi i helikopter\u00ebve.<\/p>\n<p>M\u00eb posht\u00eb pjes\u00eb nga raporti:<\/p>\n<p>\u201cN\u00eb dat\u00ebn 22.11.1989 autobusi tip prodhim i Shkodr\u00ebs i Institutit t\u00eb Lart\u00eb Bujq\u00ebsor, q\u00eb drejtohej nga shoferi Ali Omuri, \u00ebsht\u00eb nisur nga Himara n\u00eb drejtim t\u00eb qytetit t\u00eb Sarand\u00ebs rreth or\u00ebs 13.00. N\u00eb autobus ndodheshin 3 pedagog\u00eb t\u00eb asaj shkolle, 14 student\u00eb t\u00eb kursit t\u00eb pem\u00ebtaris\u00eb, si dhe nj\u00eb ushtar pasagjer. N\u00eb or\u00ebn 14:00 n\u00eb af\u00ebrsi t\u00eb fshatit Kudh\u00ebs, ku rruga \u00ebsht\u00eb dishez\u00eb e theksuar, 100 met\u00ebr para nj\u00eb kthese t\u00eb fort\u00eb, shoferi ka b\u00ebrtitur duke th\u00ebn\u00eb: \u201cU mor\u00ebm n\u00eb qaf\u00eb\u201d. Nd\u00ebrkoh\u00eb makina ka rritur s\u00eb tep\u00ebrmi shpejt\u00ebsin\u00eb. N\u00eb kthes\u00eb shoferi nuk mundi t\u00eb manovroj\u00eb, del jasht\u00eb rrug\u00ebs duke b\u00ebr\u00eb disa rrotullime. U shkaktua vdekja e vet\u00eb shoferit dhe e studentit Albert Smoka. \u00cbsht\u00eb shkaktuar dhe plagosja e personave t\u00eb tjer\u00eb.<\/p>\n<p>Fillimisht t\u00eb d\u00ebmtuarve u \u00ebsht\u00eb dh\u00ebn\u00eb ndihm\u00eb prej nj\u00eb reparti ushtarak aty af\u00ebr e fshatar\u00ebt p\u00ebrreth dhe jan\u00eb d\u00ebrguar menj\u00ebher\u00eb n\u00eb spitalin e qytetit t\u00eb Himar\u00ebs. Prej aty \u00ebsht\u00eb k\u00ebrkuar ndihm\u00eb e specializuar mjek\u00ebsore n\u00eb rreth.<\/p>\n<p>P\u00ebr t\u2019iu ardhur n\u00eb ndihm\u00eb t\u00eb d\u00ebmtuarve r\u00ebnd\u00eb, nga Tirana jan\u00eb d\u00ebrguar dy helikopter\u00eb: MJ-6=44 i drejtuar nga komandanti Vangjel Postoli, piloti Tafil Agaj dhe teknik mekaniku, Pandeli Xhumba, dhe MJ-6-50 i drejtuar nga komandanti Agron Galanxhi, piloti Veledin Resuli dhe teknik mekaniku, Enver Haka. N\u00eb bordin e tyre kishin edhe ekipin e mjek\u00ebve t\u00eb spitalit nr. 2 n\u00eb Tiran\u00eb, t\u00eb p\u00ebrb\u00ebr\u00eb nga Agim Qarri, Kujtim Hysi, Dionis Maku\u00e7i, Zana Floqi si dhe ndihm\u00ebsmjekja Dhurata Leka.<\/p>\n<p>N\u00eb or\u00ebn 16:00 kan\u00eb mb\u00ebrritur n\u00eb qytetin e Himar\u00ebs ku jan\u00eb pritur nga personeli i sh\u00ebrbimit sh\u00ebndet\u00ebsor t\u00eb k\u00ebtij qyteti, nga komandanti dhe komisari i brigad\u00ebs s\u00eb Himar\u00ebs dhe komisari i brigad\u00ebs s\u00eb n\u00ebndet\u00ebseve. Ekipi mjek\u00ebsor i Tiran\u00ebs ka konkluduar q\u00eb (p\u00ebr t\u00eb plagosurit) t\u00eb ve\u00e7oheshin ata q\u00eb ishin n\u00eb gjendje shum\u00eb t\u00eb r\u00ebnd\u00eb dhe q\u00eb u duhej dh\u00ebn\u00eb ndihma mjek\u00ebsore n\u00eb Tiran\u00eb.<\/p>\n<p>Fillimisht pilot\u00ebt kan\u00eb diskutuar me nj\u00ebri-tjetrin p\u00ebr v\u00ebshtir\u00ebsit\u00eb e kthimit, pasi po err\u00ebsohej dhe koha kishte mjegull t\u00eb dendur, e cila ishte e rrezikshme p\u00ebr nj\u00eb udh\u00ebtim normal. Pasi kan\u00eb m\u00ebsuar keq\u00ebsimin e gjendjes s\u00eb tre t\u00eb plagosurve, kan\u00eb vendosur t\u00eb fluturojn\u00eb p\u00ebr n\u00eb Tiran\u00eb. Kan\u00eb hedhur n\u00eb hart\u00eb rrug\u00eb-kalimin e kthimit, q\u00eb do t\u00eb b\u00ebhej gjat\u00eb bregut t\u00eb detit p\u00ebr t\u00eb dal\u00eb te ishulli i Sazanit e m\u00eb tej n\u00eb Tiran\u00eb. <\/p>\n<p>Pastaj dhan\u00eb urdh\u00ebr q\u00eb t\u00eb tet\u00eb t\u00eb plagosurit m\u00eb r\u00ebnd\u00eb t\u00eb b\u00ebheshin gati p\u00ebr fluturim. N\u00eb helikopterin e par\u00eb me ekuipazh, t\u00eb drejtuar nga oficeri Agron Galanxhi, kan\u00eb hipur t\u00eb d\u00ebmtuarit Thoma Plasa, Ilirjana Brahimi, Taip Lla\u00e7i, Xhelal Ndreu t\u00eb shoq\u00ebruar nga mjek\u00ebt Agim Qarri dhe Dionis Mako\u00e7i. N\u00eb helikopterin e dyt\u00eb t\u00eb drejtuar nga oficeri Vangjel Postoli kan\u00eb hipur t\u00eb d\u00ebmtuarit Misto Shumeli, Elida Hyseni, Donika Ferra, Zef Suli t\u00eb shoq\u00ebruar nga personeli mjek\u00ebsor me mjek\u00ebt Kujtim Hysi, Zana Floqi, Dhurata Leka si dhe nga mjeku Nafail Metollari dhe ndihm\u00ebsmjeku Piro Kuko t\u00eb qytetit t\u00eb Himar\u00ebs.<\/p>\n<p>N\u00eb or\u00ebn 18:20 \u00ebsht\u00eb nisur p\u00ebr fluturim helikopteri i drejtuar nga Agron Galanxhi, duke marr\u00eb drejtimin e bregut t\u00eb detit. Pas tre minutash \u00ebsht\u00eb ngritur p\u00ebr fluturim helikopteri i drejtuar nga Vangjel Postoli, i cili fillimisht mori drejtimin p\u00ebr nga Saranda, pastaj kthehet dhe merr drejtimin e fshatit Vuno, duke b\u00ebr\u00eb nj\u00eb fluturim t\u00eb \u00e7orientuar, ndryshe nga kursi i kthimit. <\/p>\n<p>Rreth or\u00ebs 19:00 \u00ebsht\u00eb p\u00ebrplasur me malin mbi Vuno, duke shkaktuar vdekjen e t\u00eb gjith\u00eb personave q\u00eb ishin n\u00eb t\u00eb si dhe shkat\u00ebrrimin e plot\u00eb t\u00eb helikopterit. Po rreth k\u00ebsaj ore, nga nj\u00eb repart ushtarak n\u00eb af\u00ebrsi t\u00eb Llogaras\u00eb \u00ebsht\u00eb d\u00ebgjuar nj\u00eb e p\u00ebrplasur e fort\u00eb n\u00eb shpatin e malit, e shoq\u00ebruar me nj\u00eb flak\u00eb t\u00eb madhe. Nga k\u00ebrkimet e b\u00ebra pas 14 or\u00ebve, n\u00eb dat\u00ebn 23.11.1989, n\u00eb k\u00ebt\u00eb vend u gjet\u00ebn helikopteri i shkat\u00ebrruar plot\u00ebsisht dhe t\u00eb gjith\u00eb personat q\u00eb ishin n\u00eb t\u00eb, t\u00eb vdekur.<\/p>\n<p>Nga p\u00ebrplasja e tyre gjet\u00ebn vdekjen 21 persona dhe u shkaktua nj\u00eb d\u00ebm material 11.267.120 lek\u00eb.\u201d <\/p>\n","protected":false},"excerpt":{"rendered":"<p>TemA, 21 Maj 2012 N\u00eb fund t\u00eb n\u00ebntorit 1989, nj\u00eb aksident i r\u00ebnd\u00eb ndodhi n\u00eb zon\u00ebn ku ndodhi edhe aksidenti i sot\u00ebm. Edhe at\u00ebher\u00eb ishin student\u00eb q\u00eb po udh\u00ebtonin n\u00eb autobus. Nga aksidenti pati dy t\u00eb vdekur, por tragjedia u r\u00ebndua kur dy helikopter\u00eb q\u00eb erdh\u00ebn p\u00ebr t\u00eb marr\u00eb t\u00eb plagosurit u rr\u00ebzuan p\u00ebr shkak [&hellip;]<\/p>\n","protected":false},"author":1,"featured_media":0,"comment_status":"open","ping_status":"closed","sticky":false,"template":"","format":"standard","meta":{"footnotes":""},"categories":[2],"tags":[],"class_list":{"0":"post-11836","1":"post","2":"type-post","3":"status-publish","4":"format-standard","6":"category-artikuj"},"yoast_head":"<!-- This site is optimized with the Yoast SEO plugin v27.4 - https:\/\/yoast.com\/product\/yoast-seo-wordpress\/ -->\n<title>DOSSIER\/ Aksidenti n\u00eb t\u00eb nj\u00ebjtin vend para 23 vitesh mori 23 jet\u00eb njer\u00ebzish - FjALA e LIR\u00cb - Arkivi<\/title>\n<meta name=\"robots\" content=\"index, follow, max-snippet:-1, max-image-preview:large, max-video-preview:-1\" \/>\n<link rel=\"canonical\" href=\"https:\/\/fjala.info\/2009-2015\/dossier-aksidenti-ne-te-njejtin-vend-para-23-vitesh-mori-23-jete-njerezish\/\" \/>\n<meta property=\"og:locale\" content=\"sq_AL\" \/>\n<meta property=\"og:type\" content=\"article\" \/>\n<meta property=\"og:title\" content=\"DOSSIER\/ Aksidenti n\u00eb t\u00eb nj\u00ebjtin vend para 23 vitesh mori 23 jet\u00eb njer\u00ebzish - FjALA e LIR\u00cb - Arkivi\" \/>\n<meta property=\"og:description\" content=\"TemA, 21 Maj 2012 N\u00eb fund t\u00eb n\u00ebntorit 1989, nj\u00eb aksident i r\u00ebnd\u00eb ndodhi n\u00eb zon\u00ebn ku ndodhi edhe aksidenti i sot\u00ebm. Edhe at\u00ebher\u00eb ishin student\u00eb q\u00eb po udh\u00ebtonin n\u00eb autobus. Nga aksidenti pati dy t\u00eb vdekur, por tragjedia u r\u00ebndua kur dy helikopter\u00eb q\u00eb erdh\u00ebn p\u00ebr t\u00eb marr\u00eb t\u00eb plagosurit u rr\u00ebzuan p\u00ebr shkak [&hellip;]\" \/>\n<meta property=\"og:url\" content=\"https:\/\/fjala.info\/2009-2015\/dossier-aksidenti-ne-te-njejtin-vend-para-23-vitesh-mori-23-jete-njerezish\/\" \/>\n<meta property=\"og:site_name\" content=\"FjALA e LIR\u00cb - Arkivi\" \/>\n<meta property=\"article:published_time\" content=\"2012-05-21T20:39:02+00:00\" \/>\n<meta property=\"og:image\" content=\"http:\/\/www.fjala.info\/2012\/aksident_himare89.jpg\" \/>\n<meta name=\"author\" content=\"admin\" \/>\n<meta name=\"twitter:card\" content=\"summary_large_image\" \/>\n<meta name=\"twitter:label1\" content=\"Written by\" \/>\n\t<meta name=\"twitter:data1\" content=\"admin\" \/>\n\t<meta name=\"twitter:label2\" content=\"Est. reading time\" \/>\n\t<meta name=\"twitter:data2\" content=\"4 minutes\" \/>\n<script type=\"application\/ld+json\" class=\"yoast-schema-graph\">{\"@context\":\"https:\\\/\\\/schema.org\",\"@graph\":[{\"@type\":\"Article\",\"@id\":\"https:\\\/\\\/fjala.info\\\/2009-2015\\\/dossier-aksidenti-ne-te-njejtin-vend-para-23-vitesh-mori-23-jete-njerezish\\\/#article\",\"isPartOf\":{\"@id\":\"https:\\\/\\\/fjala.info\\\/2009-2015\\\/dossier-aksidenti-ne-te-njejtin-vend-para-23-vitesh-mori-23-jete-njerezish\\\/\"},\"author\":{\"name\":\"admin\",\"@id\":\"https:\\\/\\\/fjala.info\\\/2009-2015\\\/#\\\/schema\\\/person\\\/3aa1163ef05469c496fc94e77611ada2\"},\"headline\":\"DOSSIER\\\/ Aksidenti n\u00eb t\u00eb nj\u00ebjtin vend para 23 vitesh mori 23 jet\u00eb njer\u00ebzish\",\"datePublished\":\"2012-05-21T20:39:02+00:00\",\"mainEntityOfPage\":{\"@id\":\"https:\\\/\\\/fjala.info\\\/2009-2015\\\/dossier-aksidenti-ne-te-njejtin-vend-para-23-vitesh-mori-23-jete-njerezish\\\/\"},\"wordCount\":893,\"commentCount\":0,\"publisher\":{\"@id\":\"https:\\\/\\\/fjala.info\\\/2009-2015\\\/#organization\"},\"image\":{\"@id\":\"https:\\\/\\\/fjala.info\\\/2009-2015\\\/dossier-aksidenti-ne-te-njejtin-vend-para-23-vitesh-mori-23-jete-njerezish\\\/#primaryimage\"},\"thumbnailUrl\":\"http:\\\/\\\/www.fjala.info\\\/2012\\\/aksident_himare89.jpg\",\"articleSection\":[\"Artikuj\"],\"inLanguage\":\"sq-AL\",\"potentialAction\":[{\"@type\":\"CommentAction\",\"name\":\"Comment\",\"target\":[\"https:\\\/\\\/fjala.info\\\/2009-2015\\\/dossier-aksidenti-ne-te-njejtin-vend-para-23-vitesh-mori-23-jete-njerezish\\\/#respond\"]}]},{\"@type\":\"WebPage\",\"@id\":\"https:\\\/\\\/fjala.info\\\/2009-2015\\\/dossier-aksidenti-ne-te-njejtin-vend-para-23-vitesh-mori-23-jete-njerezish\\\/\",\"url\":\"https:\\\/\\\/fjala.info\\\/2009-2015\\\/dossier-aksidenti-ne-te-njejtin-vend-para-23-vitesh-mori-23-jete-njerezish\\\/\",\"name\":\"DOSSIER\\\/ Aksidenti n\u00eb t\u00eb nj\u00ebjtin vend para 23 vitesh mori 23 jet\u00eb njer\u00ebzish - FjALA e LIR\u00cb - Arkivi\",\"isPartOf\":{\"@id\":\"https:\\\/\\\/fjala.info\\\/2009-2015\\\/#website\"},\"primaryImageOfPage\":{\"@id\":\"https:\\\/\\\/fjala.info\\\/2009-2015\\\/dossier-aksidenti-ne-te-njejtin-vend-para-23-vitesh-mori-23-jete-njerezish\\\/#primaryimage\"},\"image\":{\"@id\":\"https:\\\/\\\/fjala.info\\\/2009-2015\\\/dossier-aksidenti-ne-te-njejtin-vend-para-23-vitesh-mori-23-jete-njerezish\\\/#primaryimage\"},\"thumbnailUrl\":\"http:\\\/\\\/www.fjala.info\\\/2012\\\/aksident_himare89.jpg\",\"datePublished\":\"2012-05-21T20:39:02+00:00\",\"breadcrumb\":{\"@id\":\"https:\\\/\\\/fjala.info\\\/2009-2015\\\/dossier-aksidenti-ne-te-njejtin-vend-para-23-vitesh-mori-23-jete-njerezish\\\/#breadcrumb\"},\"inLanguage\":\"sq-AL\",\"potentialAction\":[{\"@type\":\"ReadAction\",\"target\":[\"https:\\\/\\\/fjala.info\\\/2009-2015\\\/dossier-aksidenti-ne-te-njejtin-vend-para-23-vitesh-mori-23-jete-njerezish\\\/\"]}]},{\"@type\":\"ImageObject\",\"inLanguage\":\"sq-AL\",\"@id\":\"https:\\\/\\\/fjala.info\\\/2009-2015\\\/dossier-aksidenti-ne-te-njejtin-vend-para-23-vitesh-mori-23-jete-njerezish\\\/#primaryimage\",\"url\":\"http:\\\/\\\/www.fjala.info\\\/2012\\\/aksident_himare89.jpg\",\"contentUrl\":\"http:\\\/\\\/www.fjala.info\\\/2012\\\/aksident_himare89.jpg\"},{\"@type\":\"BreadcrumbList\",\"@id\":\"https:\\\/\\\/fjala.info\\\/2009-2015\\\/dossier-aksidenti-ne-te-njejtin-vend-para-23-vitesh-mori-23-jete-njerezish\\\/#breadcrumb\",\"itemListElement\":[{\"@type\":\"ListItem\",\"position\":1,\"name\":\"Home\",\"item\":\"https:\\\/\\\/fjala.info\\\/2009-2015\\\/\"},{\"@type\":\"ListItem\",\"position\":2,\"name\":\"DOSSIER\\\/ Aksidenti n\u00eb t\u00eb nj\u00ebjtin vend para 23 vitesh mori 23 jet\u00eb njer\u00ebzish\"}]},{\"@type\":\"WebSite\",\"@id\":\"https:\\\/\\\/fjala.info\\\/2009-2015\\\/#website\",\"url\":\"https:\\\/\\\/fjala.info\\\/2009-2015\\\/\",\"name\":\"FjALA e LIR\u00cb - Arkivi\",\"description\":\"Arkivi 2009-2015\",\"publisher\":{\"@id\":\"https:\\\/\\\/fjala.info\\\/2009-2015\\\/#organization\"},\"potentialAction\":[{\"@type\":\"SearchAction\",\"target\":{\"@type\":\"EntryPoint\",\"urlTemplate\":\"https:\\\/\\\/fjala.info\\\/2009-2015\\\/?s={search_term_string}\"},\"query-input\":{\"@type\":\"PropertyValueSpecification\",\"valueRequired\":true,\"valueName\":\"search_term_string\"}}],\"inLanguage\":\"sq-AL\"},{\"@type\":\"Organization\",\"@id\":\"https:\\\/\\\/fjala.info\\\/2009-2015\\\/#organization\",\"name\":\"FjALA e LIR\u00cb - Arkivi\",\"url\":\"https:\\\/\\\/fjala.info\\\/2009-2015\\\/\",\"logo\":{\"@type\":\"ImageObject\",\"inLanguage\":\"sq-AL\",\"@id\":\"https:\\\/\\\/fjala.info\\\/2009-2015\\\/#\\\/schema\\\/logo\\\/image\\\/\",\"url\":\"\",\"contentUrl\":\"\",\"caption\":\"FjALA e LIR\u00cb - Arkivi\"},\"image\":{\"@id\":\"https:\\\/\\\/fjala.info\\\/2009-2015\\\/#\\\/schema\\\/logo\\\/image\\\/\"}},{\"@type\":\"Person\",\"@id\":\"https:\\\/\\\/fjala.info\\\/2009-2015\\\/#\\\/schema\\\/person\\\/3aa1163ef05469c496fc94e77611ada2\",\"name\":\"admin\",\"image\":{\"@type\":\"ImageObject\",\"inLanguage\":\"sq-AL\",\"@id\":\"https:\\\/\\\/fjala.info\\\/2009-2015\\\/wp-content\\\/uploads\\\/2012\\\/02\\\/arben_cokaj-120x150.jpg\",\"url\":\"https:\\\/\\\/fjala.info\\\/2009-2015\\\/wp-content\\\/uploads\\\/2012\\\/02\\\/arben_cokaj-120x150.jpg\",\"contentUrl\":\"https:\\\/\\\/fjala.info\\\/2009-2015\\\/wp-content\\\/uploads\\\/2012\\\/02\\\/arben_cokaj-120x150.jpg\",\"caption\":\"admin\"},\"description\":\"Admin, Fjala e Lir\u00eb\",\"sameAs\":[\"https:\\\/\\\/fjala.info\\\/\"],\"url\":\"https:\\\/\\\/fjala.info\\\/2009-2015\\\/author\\\/admin\\\/\"}]}<\/script>\n<!-- \/ Yoast SEO plugin. -->","yoast_head_json":{"title":"DOSSIER\/ Aksidenti n\u00eb t\u00eb nj\u00ebjtin vend para 23 vitesh mori 23 jet\u00eb njer\u00ebzish - FjALA e LIR\u00cb - Arkivi","robots":{"index":"index","follow":"follow","max-snippet":"max-snippet:-1","max-image-preview":"max-image-preview:large","max-video-preview":"max-video-preview:-1"},"canonical":"https:\/\/fjala.info\/2009-2015\/dossier-aksidenti-ne-te-njejtin-vend-para-23-vitesh-mori-23-jete-njerezish\/","og_locale":"sq_AL","og_type":"article","og_title":"DOSSIER\/ Aksidenti n\u00eb t\u00eb nj\u00ebjtin vend para 23 vitesh mori 23 jet\u00eb njer\u00ebzish - FjALA e LIR\u00cb - Arkivi","og_description":"TemA, 21 Maj 2012 N\u00eb fund t\u00eb n\u00ebntorit 1989, nj\u00eb aksident i r\u00ebnd\u00eb ndodhi n\u00eb zon\u00ebn ku ndodhi edhe aksidenti i sot\u00ebm. Edhe at\u00ebher\u00eb ishin student\u00eb q\u00eb po udh\u00ebtonin n\u00eb autobus. Nga aksidenti pati dy t\u00eb vdekur, por tragjedia u r\u00ebndua kur dy helikopter\u00eb q\u00eb erdh\u00ebn p\u00ebr t\u00eb marr\u00eb t\u00eb plagosurit u rr\u00ebzuan p\u00ebr shkak [&hellip;]","og_url":"https:\/\/fjala.info\/2009-2015\/dossier-aksidenti-ne-te-njejtin-vend-para-23-vitesh-mori-23-jete-njerezish\/","og_site_name":"FjALA e LIR\u00cb - Arkivi","article_published_time":"2012-05-21T20:39:02+00:00","og_image":[{"url":"http:\/\/www.fjala.info\/2012\/aksident_himare89.jpg","type":"","width":"","height":""}],"author":"admin","twitter_card":"summary_large_image","twitter_misc":{"Written by":"admin","Est. reading time":"4 minutes"},"schema":{"@context":"https:\/\/schema.org","@graph":[{"@type":"Article","@id":"https:\/\/fjala.info\/2009-2015\/dossier-aksidenti-ne-te-njejtin-vend-para-23-vitesh-mori-23-jete-njerezish\/#article","isPartOf":{"@id":"https:\/\/fjala.info\/2009-2015\/dossier-aksidenti-ne-te-njejtin-vend-para-23-vitesh-mori-23-jete-njerezish\/"},"author":{"name":"admin","@id":"https:\/\/fjala.info\/2009-2015\/#\/schema\/person\/3aa1163ef05469c496fc94e77611ada2"},"headline":"DOSSIER\/ Aksidenti n\u00eb t\u00eb nj\u00ebjtin vend para 23 vitesh mori 23 jet\u00eb njer\u00ebzish","datePublished":"2012-05-21T20:39:02+00:00","mainEntityOfPage":{"@id":"https:\/\/fjala.info\/2009-2015\/dossier-aksidenti-ne-te-njejtin-vend-para-23-vitesh-mori-23-jete-njerezish\/"},"wordCount":893,"commentCount":0,"publisher":{"@id":"https:\/\/fjala.info\/2009-2015\/#organization"},"image":{"@id":"https:\/\/fjala.info\/2009-2015\/dossier-aksidenti-ne-te-njejtin-vend-para-23-vitesh-mori-23-jete-njerezish\/#primaryimage"},"thumbnailUrl":"http:\/\/www.fjala.info\/2012\/aksident_himare89.jpg","articleSection":["Artikuj"],"inLanguage":"sq-AL","potentialAction":[{"@type":"CommentAction","name":"Comment","target":["https:\/\/fjala.info\/2009-2015\/dossier-aksidenti-ne-te-njejtin-vend-para-23-vitesh-mori-23-jete-njerezish\/#respond"]}]},{"@type":"WebPage","@id":"https:\/\/fjala.info\/2009-2015\/dossier-aksidenti-ne-te-njejtin-vend-para-23-vitesh-mori-23-jete-njerezish\/","url":"https:\/\/fjala.info\/2009-2015\/dossier-aksidenti-ne-te-njejtin-vend-para-23-vitesh-mori-23-jete-njerezish\/","name":"DOSSIER\/ Aksidenti n\u00eb t\u00eb nj\u00ebjtin vend para 23 vitesh mori 23 jet\u00eb njer\u00ebzish - FjALA e LIR\u00cb - Arkivi","isPartOf":{"@id":"https:\/\/fjala.info\/2009-2015\/#website"},"primaryImageOfPage":{"@id":"https:\/\/fjala.info\/2009-2015\/dossier-aksidenti-ne-te-njejtin-vend-para-23-vitesh-mori-23-jete-njerezish\/#primaryimage"},"image":{"@id":"https:\/\/fjala.info\/2009-2015\/dossier-aksidenti-ne-te-njejtin-vend-para-23-vitesh-mori-23-jete-njerezish\/#primaryimage"},"thumbnailUrl":"http:\/\/www.fjala.info\/2012\/aksident_himare89.jpg","datePublished":"2012-05-21T20:39:02+00:00","breadcrumb":{"@id":"https:\/\/fjala.info\/2009-2015\/dossier-aksidenti-ne-te-njejtin-vend-para-23-vitesh-mori-23-jete-njerezish\/#breadcrumb"},"inLanguage":"sq-AL","potentialAction":[{"@type":"ReadAction","target":["https:\/\/fjala.info\/2009-2015\/dossier-aksidenti-ne-te-njejtin-vend-para-23-vitesh-mori-23-jete-njerezish\/"]}]},{"@type":"ImageObject","inLanguage":"sq-AL","@id":"https:\/\/fjala.info\/2009-2015\/dossier-aksidenti-ne-te-njejtin-vend-para-23-vitesh-mori-23-jete-njerezish\/#primaryimage","url":"http:\/\/www.fjala.info\/2012\/aksident_himare89.jpg","contentUrl":"http:\/\/www.fjala.info\/2012\/aksident_himare89.jpg"},{"@type":"BreadcrumbList","@id":"https:\/\/fjala.info\/2009-2015\/dossier-aksidenti-ne-te-njejtin-vend-para-23-vitesh-mori-23-jete-njerezish\/#breadcrumb","itemListElement":[{"@type":"ListItem","position":1,"name":"Home","item":"https:\/\/fjala.info\/2009-2015\/"},{"@type":"ListItem","position":2,"name":"DOSSIER\/ Aksidenti n\u00eb t\u00eb nj\u00ebjtin vend para 23 vitesh mori 23 jet\u00eb njer\u00ebzish"}]},{"@type":"WebSite","@id":"https:\/\/fjala.info\/2009-2015\/#website","url":"https:\/\/fjala.info\/2009-2015\/","name":"FjALA e LIR\u00cb - Arkivi","description":"Arkivi 2009-2015","publisher":{"@id":"https:\/\/fjala.info\/2009-2015\/#organization"},"potentialAction":[{"@type":"SearchAction","target":{"@type":"EntryPoint","urlTemplate":"https:\/\/fjala.info\/2009-2015\/?s={search_term_string}"},"query-input":{"@type":"PropertyValueSpecification","valueRequired":true,"valueName":"search_term_string"}}],"inLanguage":"sq-AL"},{"@type":"Organization","@id":"https:\/\/fjala.info\/2009-2015\/#organization","name":"FjALA e LIR\u00cb - Arkivi","url":"https:\/\/fjala.info\/2009-2015\/","logo":{"@type":"ImageObject","inLanguage":"sq-AL","@id":"https:\/\/fjala.info\/2009-2015\/#\/schema\/logo\/image\/","url":"","contentUrl":"","caption":"FjALA e LIR\u00cb - Arkivi"},"image":{"@id":"https:\/\/fjala.info\/2009-2015\/#\/schema\/logo\/image\/"}},{"@type":"Person","@id":"https:\/\/fjala.info\/2009-2015\/#\/schema\/person\/3aa1163ef05469c496fc94e77611ada2","name":"admin","image":{"@type":"ImageObject","inLanguage":"sq-AL","@id":"https:\/\/fjala.info\/2009-2015\/wp-content\/uploads\/2012\/02\/arben_cokaj-120x150.jpg","url":"https:\/\/fjala.info\/2009-2015\/wp-content\/uploads\/2012\/02\/arben_cokaj-120x150.jpg","contentUrl":"https:\/\/fjala.info\/2009-2015\/wp-content\/uploads\/2012\/02\/arben_cokaj-120x150.jpg","caption":"admin"},"description":"Admin, Fjala e Lir\u00eb","sameAs":["https:\/\/fjala.info\/"],"url":"https:\/\/fjala.info\/2009-2015\/author\/admin\/"}]}},"_links":{"self":[{"href":"https:\/\/fjala.info\/2009-2015\/wp-json\/wp\/v2\/posts\/11836","targetHints":{"allow":["GET"]}}],"collection":[{"href":"https:\/\/fjala.info\/2009-2015\/wp-json\/wp\/v2\/posts"}],"about":[{"href":"https:\/\/fjala.info\/2009-2015\/wp-json\/wp\/v2\/types\/post"}],"author":[{"embeddable":true,"href":"https:\/\/fjala.info\/2009-2015\/wp-json\/wp\/v2\/users\/1"}],"replies":[{"embeddable":true,"href":"https:\/\/fjala.info\/2009-2015\/wp-json\/wp\/v2\/comments?post=11836"}],"version-history":[{"count":0,"href":"https:\/\/fjala.info\/2009-2015\/wp-json\/wp\/v2\/posts\/11836\/revisions"}],"wp:attachment":[{"href":"https:\/\/fjala.info\/2009-2015\/wp-json\/wp\/v2\/media?parent=11836"}],"wp:term":[{"taxonomy":"category","embeddable":true,"href":"https:\/\/fjala.info\/2009-2015\/wp-json\/wp\/v2\/categories?post=11836"},{"taxonomy":"post_tag","embeddable":true,"href":"https:\/\/fjala.info\/2009-2015\/wp-json\/wp\/v2\/tags?post=11836"}],"curies":[{"name":"wp","href":"https:\/\/api.w.org\/{rel}","templated":true}]}}