{"id":11835,"date":"2012-05-21T22:37:10","date_gmt":"2012-05-21T21:37:10","guid":{"rendered":"http:\/\/www.fjala.info\/?p=2892"},"modified":"2012-05-21T22:37:10","modified_gmt":"2012-05-21T21:37:10","slug":"nikoliq-nje-shans-per-kosoven","status":"publish","type":"post","link":"https:\/\/fjala.info\/2009-2015\/nikoliq-nje-shans-per-kosoven\/","title":{"rendered":"Nikoliq \u2013 nj\u00eb shans p\u00ebr Kosov\u00ebn?"},"content":{"rendered":"<p><img decoding=\"async\" class=\"alignright size-thumbnail wp-image-7236\" title=\"Beq\u00eb Cufaj\" src=\"http:\/\/www.shkoder.net\/images\/fjala\/beqe_cufaj.jpg\" alt=\"\" width=\"150\" \/> Nga <strong>Beq\u00eb Cufaj<\/strong>, <em>21 Maj 2012 <\/em><\/p>\n<p>N\u00ebse n\u00eb Serbi kishim p\u00ebr gati nj\u00eb vit nj\u00eb fushat\u00eb paraelektorale m\u00eb tep\u00ebr se t\u00eb m\u00ebrzitshme dhe sidomos muajin e fundit, kur n\u00eb k\u00ebt\u00eb shtet u mbajt\u00ebn tri pal\u00eb zgjedhje, t\u00eb cilat t\u00eb vetmen befasi e kishin faktin q\u00eb Daqi\u00e7i i SPS-s\u00eb, sidomos n\u00eb krah t\u00eb maltretimit e burgosjes, posht\u00ebrimit dhe fyerjes q\u00eb shqiptar\u00ebve t\u00eb Lugin\u00ebs, por edhe diaspor\u00ebs s\u00eb Kosov\u00ebs u b\u00ebnte duke i burgosur a shikanuar, del q\u00eb sidomos pjesa e fundit e zgjedhjeve presidenciale n\u00eb k\u00ebt\u00eb vend t\u00eb sjell\u00eb nj\u00eb ndryshim tejet t\u00eb madh n\u00eb jet\u00ebn politike serbe.<\/p>\n<p>Zgjedhja e Tomislav Nikoliqit p\u00ebr kryetar t\u00eb Serbis\u00eb n\u00eb nj\u00eb form\u00eb a tjetr\u00ebn \u00ebsht\u00eb nj\u00eb befasi e madhe. Edhe pse ende nuk ishte plot\u00ebsisht e qart\u00eb n\u00ebse Tadiqi do t\u00eb fitonte, megjithat\u00eb ishin ato 10.000 vota m\u00eb shum\u00eb nga rundi i par\u00eb q\u00eb b\u00ebnin t\u00eb shpresohej q\u00eb pak a shum\u00eb jo vet\u00ebm sa do t\u00eb shtonte p\u00ebrpar\u00ebsin\u00eb e tij.<\/p>\n<p>Kjo mund t\u00eb thuhet edhe p\u00ebr faktin q\u00eb ishte sidomos Daqi\u00e7i ai q\u00eb an\u00ebtar\u00ebt dhe simpatizant\u00ebt e SPS-s\u00eb i ftoi q\u00eb vot\u00ebn e tyre k\u00ebt\u00eb her\u00eb t\u2019ia jepnin Boris Tadiqit. N\u00ebse kjo ishte vet\u00ebm nj\u00eb loj\u00eb e Sllob\u00ebs s\u00eb vog\u00ebl nuk e dim\u00eb dhe nuk do t\u00eb duhej edhe aq t\u00eb na interesonte. Ashtu si\u00e7 nuk do t\u00eb duhej t\u00eb na brengos\u00eb se kush me k\u00eb do t\u00eb b\u00ebj\u00eb qeverin\u00eb e ardhshme n\u00eb Beograd.<\/p>\n<p>Fakt \u00ebsht\u00eb q\u00eb n\u00eb k\u00ebt\u00eb loj\u00eb, pas humbjes s\u00eb Tadiqit, tashm\u00eb \u00ebsht\u00eb s\u00ebrish Daqi\u00e7i ai q\u00eb do ta ket\u00eb fjal\u00ebn kryesore. Sepse \u201cNaprednjak\u00ebt\u201d e Nikoliqit kan\u00eb shumic\u00ebn e votave n\u00eb parlament, gj\u00eb q\u00eb e kishin edhe n\u00eb mandatin e kaluar, por koalicioni mes DS-s\u00eb dhe SPS-s\u00eb qe b\u00ebr\u00eb me iz\u00ebn e presdientit Tadiq dhe ishte m\u00ebse stabil sa u p\u00ebrket numrave n\u00eb parlamentin serb s\u00eb paku.<\/p>\n<p>Tashti dhe sot, kur p\u00ebr kryetar t\u00eb Serbis\u00eb u zgjodh Tomislav Nikoliq, askush nuk do t\u00eb befasohet as t\u00eb protestoj\u00eb n\u00ebse edhe ky, pik\u00ebrisht sikurse Tadiqi n\u00eb vitin 2008, do t\u2019u thot\u00eb serb\u00ebve q\u00eb si i pari i vendit ka t\u00eb drejt\u00ebn (edhe m\u00eb t\u00eb madhe) q\u00eb paritis\u00eb me votat m\u00eb t\u00eb shumta t\u2019i jap\u00eb t\u00eb drejt\u00ebn t\u00eb filloj\u00eb me bisedimet p\u00ebr formimin e qeveris\u00eb s\u00eb re serbe.<\/p>\n<p>M\u00eb e r\u00ebnd\u00ebsishmja \u00ebsht\u00eb q\u00eb fytyra e t\u00eb parit t\u00eb shtetit serb nga sot nuk do t\u00eb jet\u00eb m\u00eb e nj\u00ebjta. Pasojat do t\u00eb shihen dhe do t\u00eb dihen prej sot dhe n\u00eb pes\u00eb vjet\u00ebt n\u00eb vijim.<\/p>\n<p>Politika serbe do t\u00eb ndryshoj\u00eb kur Serbia \u00ebsht\u00eb n\u00eb pyetje, marr\u00ebdh\u00ebniet e saj me Bashkimin Evropian, SHBA-t\u00eb dhe Kosov\u00ebn. Edhe pse Nikoliq dhe partia e tij me muaj e vite jan\u00eb betuar q\u00eb nuk do t\u00eb ndryshojn\u00eb kursin proeuropian t\u00eb Beogradit duhet t\u00eb jemi m\u00ebse kurioz\u00eb se si ai do t\u2019i rezistoj\u00eb survejimit m\u00ebse rigoroz q\u00eb qendrat e m\u00ebdha t\u00eb vendosjes do t\u2019i b\u00ebjn\u00eb.<\/p>\n<p>Nd\u00ebrlidhur me k\u00ebt\u00eb, edhe kur Kosova \u00ebsht\u00eb n\u00eb pyetje, Nikoliq nuk do ta ndryshoj\u00eb politik\u00ebn e tij t\u00eb mosnjohjes dhe mospranimit t\u00eb shtetit t\u00eb ri. Por duhet par\u00eb n\u00ebse Nikoliq do ta mbaj\u00eb premtimin e tij q\u00eb do t\u00eb v\u00ebr\u00eb nj\u00eb pik\u00ebpyetje t\u00eb madhe rezultatet e negociatave mes Brukselit e Prishtin\u00ebs. Q\u00eb i bie se do ta l\u00ebr\u00eb pa pun\u00eb Borislav Stefanoviqin dhe me k\u00ebt\u00eb edhe Edita Tahirin. Sepse do t\u00eb provoj\u00eb q\u00eb nivelin e bisedimeve ta ngrej\u00eb nga teknike n\u00eb politike.<\/p>\n<p>K\u00ebtu Kosova do t\u00eb duhej t\u00eb shihte nj\u00eb shans t\u00eb saj. Sepse qendrat e vendosjes ia njohin t\u00eb kaluar\u00ebn nacionaliste Nikoliqit dhe do t\u00eb k\u00ebrkojn\u00eb nga ai q\u00eb t\u00eb p\u00ebrkrah\u00eb at\u00eb q\u00eb \u00ebsht\u00eb arritur. Para s\u00eb gjithash do t\u00eb insistojn\u00eb n\u00eb \u201cplot\u00ebsimin\u201d dhe \u201cjet\u00ebsimin\u201d e marr\u00ebveshjeve t\u00eb Prishtin\u00ebs dhe Beogadit.<\/p>\n<p>Zgjedhja e Nikoliqit \u00ebsht\u00eb nj\u00eb shans p\u00ebr Kosov\u00ebn dhe Prishtin\u00ebn n\u00ebse dhe sidomos kur kjo e fundit do ta kuptoj\u00eb q\u00eb nuk \u00ebsht\u00eb Beogradi ai q\u00eb b\u00ebn politik\u00ebn e Kosov\u00ebs p\u00ebr Kosov\u00ebn, por duhet t\u00eb jet\u00eb Prishtina ajo q\u00eb vendos dialog dhe rregullon pun\u00ebt n\u00eb territorin e vet.<\/p>\n<p>N\u00ebse Qeveria e Kosov\u00ebs dhe kreu i saj Hashim Tha\u00e7i do ta kuptojn\u00eb dhe arrijn\u00eb t\u00eb hartojn\u00eb nj\u00eb strategji t\u00eb re pas k\u00ebtij ndryshimi? S\u2019e besoj. Sepse kan\u00eb pun\u00eb m\u00eb t\u00eb men\u00e7ura. Jan\u00eb duke e \u201ckruar\u201d me Brukselin dhe \u00e7do mbr\u00ebmje e \u00e7do m\u00ebngjes, ministrat e ministrit\u00eb e tij po na tregojn\u00eb se si jan\u00eb p\u00ebrgjigjur her\u00eb n\u00eb \u201c16\u201d pyetje e her\u00eb n\u00eb \u201cpyet\u00ebsorin\u201d e Brukselit.<\/p>\n<p>Vet\u00ebm ky detaj makab\u00ebr tregon p\u00ebr at\u00eb se sa miope dhe e paaft\u00eb \u00ebsht\u00eb kjo kast\u00eb politike q\u00eb qeveris\u00eb. Ish-\u00e7etnik\u00ebt e Nikoliqit jan\u00eb n\u00eb pushtet dhe Prishtina do t\u00eb duhej k\u00ebt\u00eb ta shihte si shans p\u00ebr t\u00eb punuar dhe afruar me Brukselin. Por ja q\u00eb k\u00ebto koh\u00eb e k\u00ebto dit\u00eb Hashim Tha\u00e7i i ka shpallur luft\u00eb (verbale!) Brukselit!<\/p>\n","protected":false},"excerpt":{"rendered":"<p>Nga Beq\u00eb Cufaj, 21 Maj 2012 N\u00ebse n\u00eb Serbi kishim p\u00ebr gati nj\u00eb vit nj\u00eb fushat\u00eb paraelektorale m\u00eb tep\u00ebr se t\u00eb m\u00ebrzitshme dhe sidomos muajin e fundit, kur n\u00eb k\u00ebt\u00eb shtet u mbajt\u00ebn tri pal\u00eb zgjedhje, t\u00eb cilat t\u00eb vetmen befasi e kishin faktin q\u00eb Daqi\u00e7i i SPS-s\u00eb, sidomos n\u00eb krah t\u00eb maltretimit e burgosjes, [&hellip;]<\/p>\n","protected":false},"author":1,"featured_media":0,"comment_status":"open","ping_status":"closed","sticky":false,"template":"","format":"standard","meta":{"footnotes":""},"categories":[2],"tags":[],"class_list":{"0":"post-11835","1":"post","2":"type-post","3":"status-publish","4":"format-standard","6":"category-artikuj"},"yoast_head":"<!-- This site is optimized with the Yoast SEO plugin v27.4 - https:\/\/yoast.com\/product\/yoast-seo-wordpress\/ -->\n<title>Nikoliq \u2013 nj\u00eb shans p\u00ebr Kosov\u00ebn? - FjALA e LIR\u00cb - Arkivi<\/title>\n<meta name=\"robots\" content=\"index, follow, max-snippet:-1, max-image-preview:large, max-video-preview:-1\" \/>\n<link rel=\"canonical\" href=\"https:\/\/fjala.info\/2009-2015\/nikoliq-nje-shans-per-kosoven\/\" \/>\n<meta property=\"og:locale\" content=\"sq_AL\" \/>\n<meta property=\"og:type\" content=\"article\" \/>\n<meta property=\"og:title\" content=\"Nikoliq \u2013 nj\u00eb shans p\u00ebr Kosov\u00ebn? - FjALA e LIR\u00cb - Arkivi\" \/>\n<meta property=\"og:description\" content=\"Nga Beq\u00eb Cufaj, 21 Maj 2012 N\u00ebse n\u00eb Serbi kishim p\u00ebr gati nj\u00eb vit nj\u00eb fushat\u00eb paraelektorale m\u00eb tep\u00ebr se t\u00eb m\u00ebrzitshme dhe sidomos muajin e fundit, kur n\u00eb k\u00ebt\u00eb shtet u mbajt\u00ebn tri pal\u00eb zgjedhje, t\u00eb cilat t\u00eb vetmen befasi e kishin faktin q\u00eb Daqi\u00e7i i SPS-s\u00eb, sidomos n\u00eb krah t\u00eb maltretimit e burgosjes, [&hellip;]\" \/>\n<meta property=\"og:url\" content=\"https:\/\/fjala.info\/2009-2015\/nikoliq-nje-shans-per-kosoven\/\" \/>\n<meta property=\"og:site_name\" content=\"FjALA e LIR\u00cb - Arkivi\" \/>\n<meta property=\"article:published_time\" content=\"2012-05-21T21:37:10+00:00\" \/>\n<meta property=\"og:image\" content=\"http:\/\/www.shkoder.net\/images\/fjala\/beqe_cufaj.jpg\" \/>\n<meta name=\"author\" content=\"admin\" \/>\n<meta name=\"twitter:card\" content=\"summary_large_image\" \/>\n<meta name=\"twitter:label1\" content=\"Written by\" \/>\n\t<meta name=\"twitter:data1\" content=\"admin\" \/>\n\t<meta name=\"twitter:label2\" content=\"Est. reading time\" \/>\n\t<meta name=\"twitter:data2\" content=\"4 minutes\" \/>\n<script type=\"application\/ld+json\" class=\"yoast-schema-graph\">{\"@context\":\"https:\\\/\\\/schema.org\",\"@graph\":[{\"@type\":\"Article\",\"@id\":\"https:\\\/\\\/fjala.info\\\/2009-2015\\\/nikoliq-nje-shans-per-kosoven\\\/#article\",\"isPartOf\":{\"@id\":\"https:\\\/\\\/fjala.info\\\/2009-2015\\\/nikoliq-nje-shans-per-kosoven\\\/\"},\"author\":{\"name\":\"admin\",\"@id\":\"https:\\\/\\\/fjala.info\\\/2009-2015\\\/#\\\/schema\\\/person\\\/3aa1163ef05469c496fc94e77611ada2\"},\"headline\":\"Nikoliq \u2013 nj\u00eb shans p\u00ebr Kosov\u00ebn?\",\"datePublished\":\"2012-05-21T21:37:10+00:00\",\"mainEntityOfPage\":{\"@id\":\"https:\\\/\\\/fjala.info\\\/2009-2015\\\/nikoliq-nje-shans-per-kosoven\\\/\"},\"wordCount\":886,\"commentCount\":0,\"publisher\":{\"@id\":\"https:\\\/\\\/fjala.info\\\/2009-2015\\\/#organization\"},\"image\":{\"@id\":\"https:\\\/\\\/fjala.info\\\/2009-2015\\\/nikoliq-nje-shans-per-kosoven\\\/#primaryimage\"},\"thumbnailUrl\":\"http:\\\/\\\/www.shkoder.net\\\/images\\\/fjala\\\/beqe_cufaj.jpg\",\"articleSection\":[\"Artikuj\"],\"inLanguage\":\"sq-AL\",\"potentialAction\":[{\"@type\":\"CommentAction\",\"name\":\"Comment\",\"target\":[\"https:\\\/\\\/fjala.info\\\/2009-2015\\\/nikoliq-nje-shans-per-kosoven\\\/#respond\"]}]},{\"@type\":\"WebPage\",\"@id\":\"https:\\\/\\\/fjala.info\\\/2009-2015\\\/nikoliq-nje-shans-per-kosoven\\\/\",\"url\":\"https:\\\/\\\/fjala.info\\\/2009-2015\\\/nikoliq-nje-shans-per-kosoven\\\/\",\"name\":\"Nikoliq \u2013 nj\u00eb shans p\u00ebr Kosov\u00ebn? - FjALA e LIR\u00cb - Arkivi\",\"isPartOf\":{\"@id\":\"https:\\\/\\\/fjala.info\\\/2009-2015\\\/#website\"},\"primaryImageOfPage\":{\"@id\":\"https:\\\/\\\/fjala.info\\\/2009-2015\\\/nikoliq-nje-shans-per-kosoven\\\/#primaryimage\"},\"image\":{\"@id\":\"https:\\\/\\\/fjala.info\\\/2009-2015\\\/nikoliq-nje-shans-per-kosoven\\\/#primaryimage\"},\"thumbnailUrl\":\"http:\\\/\\\/www.shkoder.net\\\/images\\\/fjala\\\/beqe_cufaj.jpg\",\"datePublished\":\"2012-05-21T21:37:10+00:00\",\"breadcrumb\":{\"@id\":\"https:\\\/\\\/fjala.info\\\/2009-2015\\\/nikoliq-nje-shans-per-kosoven\\\/#breadcrumb\"},\"inLanguage\":\"sq-AL\",\"potentialAction\":[{\"@type\":\"ReadAction\",\"target\":[\"https:\\\/\\\/fjala.info\\\/2009-2015\\\/nikoliq-nje-shans-per-kosoven\\\/\"]}]},{\"@type\":\"ImageObject\",\"inLanguage\":\"sq-AL\",\"@id\":\"https:\\\/\\\/fjala.info\\\/2009-2015\\\/nikoliq-nje-shans-per-kosoven\\\/#primaryimage\",\"url\":\"http:\\\/\\\/www.shkoder.net\\\/images\\\/fjala\\\/beqe_cufaj.jpg\",\"contentUrl\":\"http:\\\/\\\/www.shkoder.net\\\/images\\\/fjala\\\/beqe_cufaj.jpg\"},{\"@type\":\"BreadcrumbList\",\"@id\":\"https:\\\/\\\/fjala.info\\\/2009-2015\\\/nikoliq-nje-shans-per-kosoven\\\/#breadcrumb\",\"itemListElement\":[{\"@type\":\"ListItem\",\"position\":1,\"name\":\"Home\",\"item\":\"https:\\\/\\\/fjala.info\\\/2009-2015\\\/\"},{\"@type\":\"ListItem\",\"position\":2,\"name\":\"Nikoliq \u2013 nj\u00eb shans p\u00ebr Kosov\u00ebn?\"}]},{\"@type\":\"WebSite\",\"@id\":\"https:\\\/\\\/fjala.info\\\/2009-2015\\\/#website\",\"url\":\"https:\\\/\\\/fjala.info\\\/2009-2015\\\/\",\"name\":\"FjALA e LIR\u00cb - Arkivi\",\"description\":\"Arkivi 2009-2015\",\"publisher\":{\"@id\":\"https:\\\/\\\/fjala.info\\\/2009-2015\\\/#organization\"},\"potentialAction\":[{\"@type\":\"SearchAction\",\"target\":{\"@type\":\"EntryPoint\",\"urlTemplate\":\"https:\\\/\\\/fjala.info\\\/2009-2015\\\/?s={search_term_string}\"},\"query-input\":{\"@type\":\"PropertyValueSpecification\",\"valueRequired\":true,\"valueName\":\"search_term_string\"}}],\"inLanguage\":\"sq-AL\"},{\"@type\":\"Organization\",\"@id\":\"https:\\\/\\\/fjala.info\\\/2009-2015\\\/#organization\",\"name\":\"FjALA e LIR\u00cb - Arkivi\",\"url\":\"https:\\\/\\\/fjala.info\\\/2009-2015\\\/\",\"logo\":{\"@type\":\"ImageObject\",\"inLanguage\":\"sq-AL\",\"@id\":\"https:\\\/\\\/fjala.info\\\/2009-2015\\\/#\\\/schema\\\/logo\\\/image\\\/\",\"url\":\"\",\"contentUrl\":\"\",\"caption\":\"FjALA e LIR\u00cb - Arkivi\"},\"image\":{\"@id\":\"https:\\\/\\\/fjala.info\\\/2009-2015\\\/#\\\/schema\\\/logo\\\/image\\\/\"}},{\"@type\":\"Person\",\"@id\":\"https:\\\/\\\/fjala.info\\\/2009-2015\\\/#\\\/schema\\\/person\\\/3aa1163ef05469c496fc94e77611ada2\",\"name\":\"admin\",\"image\":{\"@type\":\"ImageObject\",\"inLanguage\":\"sq-AL\",\"@id\":\"https:\\\/\\\/fjala.info\\\/2009-2015\\\/wp-content\\\/uploads\\\/2012\\\/02\\\/arben_cokaj-120x150.jpg\",\"url\":\"https:\\\/\\\/fjala.info\\\/2009-2015\\\/wp-content\\\/uploads\\\/2012\\\/02\\\/arben_cokaj-120x150.jpg\",\"contentUrl\":\"https:\\\/\\\/fjala.info\\\/2009-2015\\\/wp-content\\\/uploads\\\/2012\\\/02\\\/arben_cokaj-120x150.jpg\",\"caption\":\"admin\"},\"description\":\"Admin, Fjala e Lir\u00eb\",\"sameAs\":[\"https:\\\/\\\/fjala.info\\\/\"],\"url\":\"https:\\\/\\\/fjala.info\\\/2009-2015\\\/author\\\/admin\\\/\"}]}<\/script>\n<!-- \/ Yoast SEO plugin. -->","yoast_head_json":{"title":"Nikoliq \u2013 nj\u00eb shans p\u00ebr Kosov\u00ebn? - FjALA e LIR\u00cb - Arkivi","robots":{"index":"index","follow":"follow","max-snippet":"max-snippet:-1","max-image-preview":"max-image-preview:large","max-video-preview":"max-video-preview:-1"},"canonical":"https:\/\/fjala.info\/2009-2015\/nikoliq-nje-shans-per-kosoven\/","og_locale":"sq_AL","og_type":"article","og_title":"Nikoliq \u2013 nj\u00eb shans p\u00ebr Kosov\u00ebn? - FjALA e LIR\u00cb - Arkivi","og_description":"Nga Beq\u00eb Cufaj, 21 Maj 2012 N\u00ebse n\u00eb Serbi kishim p\u00ebr gati nj\u00eb vit nj\u00eb fushat\u00eb paraelektorale m\u00eb tep\u00ebr se t\u00eb m\u00ebrzitshme dhe sidomos muajin e fundit, kur n\u00eb k\u00ebt\u00eb shtet u mbajt\u00ebn tri pal\u00eb zgjedhje, t\u00eb cilat t\u00eb vetmen befasi e kishin faktin q\u00eb Daqi\u00e7i i SPS-s\u00eb, sidomos n\u00eb krah t\u00eb maltretimit e burgosjes, [&hellip;]","og_url":"https:\/\/fjala.info\/2009-2015\/nikoliq-nje-shans-per-kosoven\/","og_site_name":"FjALA e LIR\u00cb - Arkivi","article_published_time":"2012-05-21T21:37:10+00:00","og_image":[{"url":"http:\/\/www.shkoder.net\/images\/fjala\/beqe_cufaj.jpg","type":"","width":"","height":""}],"author":"admin","twitter_card":"summary_large_image","twitter_misc":{"Written by":"admin","Est. reading time":"4 minutes"},"schema":{"@context":"https:\/\/schema.org","@graph":[{"@type":"Article","@id":"https:\/\/fjala.info\/2009-2015\/nikoliq-nje-shans-per-kosoven\/#article","isPartOf":{"@id":"https:\/\/fjala.info\/2009-2015\/nikoliq-nje-shans-per-kosoven\/"},"author":{"name":"admin","@id":"https:\/\/fjala.info\/2009-2015\/#\/schema\/person\/3aa1163ef05469c496fc94e77611ada2"},"headline":"Nikoliq \u2013 nj\u00eb shans p\u00ebr Kosov\u00ebn?","datePublished":"2012-05-21T21:37:10+00:00","mainEntityOfPage":{"@id":"https:\/\/fjala.info\/2009-2015\/nikoliq-nje-shans-per-kosoven\/"},"wordCount":886,"commentCount":0,"publisher":{"@id":"https:\/\/fjala.info\/2009-2015\/#organization"},"image":{"@id":"https:\/\/fjala.info\/2009-2015\/nikoliq-nje-shans-per-kosoven\/#primaryimage"},"thumbnailUrl":"http:\/\/www.shkoder.net\/images\/fjala\/beqe_cufaj.jpg","articleSection":["Artikuj"],"inLanguage":"sq-AL","potentialAction":[{"@type":"CommentAction","name":"Comment","target":["https:\/\/fjala.info\/2009-2015\/nikoliq-nje-shans-per-kosoven\/#respond"]}]},{"@type":"WebPage","@id":"https:\/\/fjala.info\/2009-2015\/nikoliq-nje-shans-per-kosoven\/","url":"https:\/\/fjala.info\/2009-2015\/nikoliq-nje-shans-per-kosoven\/","name":"Nikoliq \u2013 nj\u00eb shans p\u00ebr Kosov\u00ebn? - FjALA e LIR\u00cb - Arkivi","isPartOf":{"@id":"https:\/\/fjala.info\/2009-2015\/#website"},"primaryImageOfPage":{"@id":"https:\/\/fjala.info\/2009-2015\/nikoliq-nje-shans-per-kosoven\/#primaryimage"},"image":{"@id":"https:\/\/fjala.info\/2009-2015\/nikoliq-nje-shans-per-kosoven\/#primaryimage"},"thumbnailUrl":"http:\/\/www.shkoder.net\/images\/fjala\/beqe_cufaj.jpg","datePublished":"2012-05-21T21:37:10+00:00","breadcrumb":{"@id":"https:\/\/fjala.info\/2009-2015\/nikoliq-nje-shans-per-kosoven\/#breadcrumb"},"inLanguage":"sq-AL","potentialAction":[{"@type":"ReadAction","target":["https:\/\/fjala.info\/2009-2015\/nikoliq-nje-shans-per-kosoven\/"]}]},{"@type":"ImageObject","inLanguage":"sq-AL","@id":"https:\/\/fjala.info\/2009-2015\/nikoliq-nje-shans-per-kosoven\/#primaryimage","url":"http:\/\/www.shkoder.net\/images\/fjala\/beqe_cufaj.jpg","contentUrl":"http:\/\/www.shkoder.net\/images\/fjala\/beqe_cufaj.jpg"},{"@type":"BreadcrumbList","@id":"https:\/\/fjala.info\/2009-2015\/nikoliq-nje-shans-per-kosoven\/#breadcrumb","itemListElement":[{"@type":"ListItem","position":1,"name":"Home","item":"https:\/\/fjala.info\/2009-2015\/"},{"@type":"ListItem","position":2,"name":"Nikoliq \u2013 nj\u00eb shans p\u00ebr Kosov\u00ebn?"}]},{"@type":"WebSite","@id":"https:\/\/fjala.info\/2009-2015\/#website","url":"https:\/\/fjala.info\/2009-2015\/","name":"FjALA e LIR\u00cb - Arkivi","description":"Arkivi 2009-2015","publisher":{"@id":"https:\/\/fjala.info\/2009-2015\/#organization"},"potentialAction":[{"@type":"SearchAction","target":{"@type":"EntryPoint","urlTemplate":"https:\/\/fjala.info\/2009-2015\/?s={search_term_string}"},"query-input":{"@type":"PropertyValueSpecification","valueRequired":true,"valueName":"search_term_string"}}],"inLanguage":"sq-AL"},{"@type":"Organization","@id":"https:\/\/fjala.info\/2009-2015\/#organization","name":"FjALA e LIR\u00cb - Arkivi","url":"https:\/\/fjala.info\/2009-2015\/","logo":{"@type":"ImageObject","inLanguage":"sq-AL","@id":"https:\/\/fjala.info\/2009-2015\/#\/schema\/logo\/image\/","url":"","contentUrl":"","caption":"FjALA e LIR\u00cb - Arkivi"},"image":{"@id":"https:\/\/fjala.info\/2009-2015\/#\/schema\/logo\/image\/"}},{"@type":"Person","@id":"https:\/\/fjala.info\/2009-2015\/#\/schema\/person\/3aa1163ef05469c496fc94e77611ada2","name":"admin","image":{"@type":"ImageObject","inLanguage":"sq-AL","@id":"https:\/\/fjala.info\/2009-2015\/wp-content\/uploads\/2012\/02\/arben_cokaj-120x150.jpg","url":"https:\/\/fjala.info\/2009-2015\/wp-content\/uploads\/2012\/02\/arben_cokaj-120x150.jpg","contentUrl":"https:\/\/fjala.info\/2009-2015\/wp-content\/uploads\/2012\/02\/arben_cokaj-120x150.jpg","caption":"admin"},"description":"Admin, Fjala e Lir\u00eb","sameAs":["https:\/\/fjala.info\/"],"url":"https:\/\/fjala.info\/2009-2015\/author\/admin\/"}]}},"_links":{"self":[{"href":"https:\/\/fjala.info\/2009-2015\/wp-json\/wp\/v2\/posts\/11835","targetHints":{"allow":["GET"]}}],"collection":[{"href":"https:\/\/fjala.info\/2009-2015\/wp-json\/wp\/v2\/posts"}],"about":[{"href":"https:\/\/fjala.info\/2009-2015\/wp-json\/wp\/v2\/types\/post"}],"author":[{"embeddable":true,"href":"https:\/\/fjala.info\/2009-2015\/wp-json\/wp\/v2\/users\/1"}],"replies":[{"embeddable":true,"href":"https:\/\/fjala.info\/2009-2015\/wp-json\/wp\/v2\/comments?post=11835"}],"version-history":[{"count":0,"href":"https:\/\/fjala.info\/2009-2015\/wp-json\/wp\/v2\/posts\/11835\/revisions"}],"wp:attachment":[{"href":"https:\/\/fjala.info\/2009-2015\/wp-json\/wp\/v2\/media?parent=11835"}],"wp:term":[{"taxonomy":"category","embeddable":true,"href":"https:\/\/fjala.info\/2009-2015\/wp-json\/wp\/v2\/categories?post=11835"},{"taxonomy":"post_tag","embeddable":true,"href":"https:\/\/fjala.info\/2009-2015\/wp-json\/wp\/v2\/tags?post=11835"}],"curies":[{"name":"wp","href":"https:\/\/api.w.org\/{rel}","templated":true}]}}