{"id":11834,"date":"2012-05-21T22:28:07","date_gmt":"2012-05-21T21:28:07","guid":{"rendered":"http:\/\/www.fjala.info\/?p=2888"},"modified":"2012-05-21T22:28:07","modified_gmt":"2012-05-21T21:28:07","slug":"kultura-e-vdekjes-dhe-media","status":"publish","type":"post","link":"https:\/\/fjala.info\/2009-2015\/kultura-e-vdekjes-dhe-media\/","title":{"rendered":"Kultura e vdekjes dhe media!"},"content":{"rendered":"<p><img decoding=\"async\" class=\"alignright size-thumbnail wp-image-7236\" title=\"Aksident n\u00eb Himar\u00eb\" src=\"http:\/\/www.fjala.info\/2012\/autobuzi_himare.jpg\" alt=\"\" width=\"300\" \/> <strong>Tema<\/strong>, <em>21 Maj 2012<\/em><\/p>\n<p>Aksidenti i Himar\u00ebs \u00ebsht\u00eb nga ato ngjarje q\u00eb t\u00eb l\u00eb pa fjal\u00eb. Ka disa momente kur media, dhe ndoshta gazetar\u00eb t\u00eb rast\u00ebsish\u00ebm q\u00eb u bie t\u00eb jen\u00eb n\u00eb pun\u00eb ato momente, marrin pesh\u00ebn e p\u00ebrgjegj\u00ebsis\u00eb q\u00eb media duhet t\u00eb ket\u00eb para opinionit publik n\u00eb raste t\u00eb tilla.<\/p>\n<p>Media shqiptare, por dhe shoq\u00ebria n\u00eb t\u00ebr\u00ebsi, ka nj\u00eb problem me kultur\u00ebn e vdekjes dhe lajme t\u00eb tilla shokuese. T\u00eb gjith\u00ebve na mungon nj\u00eb sjellje profesionist\u00ebsh q\u00eb si gazetar\u00eb t\u00eb mos jemi pjes\u00eb e korit q\u00eb vajton, por e njer\u00ebzve q\u00eb informojn\u00eb dhe q\u00eb ndikojm\u00eb me informimin n\u00eb sqarimin e asaj q\u00eb ka ndodhur dhe asaj q\u00eb po b\u00ebhet. Transmetimet televizive t\u00eb momenteve t\u00eb para ishin thuajse t\u00eb neveritshme. Reporter\u00ebt e gjendur n\u00eb turnin e dyt\u00eb raportonin sikur po transmetonin ndonj\u00eb ndeshje futbolli, nd\u00ebrkoh\u00eb q\u00eb prodhuan boll konfuzion dhe me shifrat e jet\u00ebve t\u00eb humbura.<\/p>\n<p>Disa televizione t\u00eb m\u00ebdha vazhduan t\u00eb transmetonin muzik\u00eb apo emisionet e programuara pa b\u00ebr\u00eb asnj\u00eb gjest n\u00eb respekt t\u00eb shikuesve p\u00ebr t\u2019i informuar ata. T\u00eb tjera media kopjonin nj\u00ebra- tjetr\u00ebn dhe u b\u00ebn\u00eb bezdis\u00ebse me fjal\u00ebn \u201cekskluzive\u201d, a thua zoti e shkaktoi tragjedin\u00eb p\u00ebr tu l\u00ebvduar ata q\u00eb kopjonin pamjet e nj\u00ebri- tjetrit. I vetmi gazetar q\u00eb filmoi n\u00eb vendngjarje, dhe ai p\u00ebr arsye shum\u00eb personale, pasi po kalonte aty, ishte Stavri Marko, dhe ai u citua vet\u00ebm nga gazeta Tema, e cila i mori raportet, si dhe nga CNN, q\u00eb po ashtu mori fotot e publikuara tek Tema me emrin e tij.<\/p>\n<p>Nj\u00eb kultur\u00eb abuziviste me nj\u00eb ngjarje p\u00ebr t\u00eb cil\u00ebn nuk kishim faj pse nuk ishim atje ku ndodhi, por kishim faj q\u00eb rrihnim gjoksin nga Tirana, kush e dinte m\u00eb mir\u00eb \u00e7\u2019kishte ndodhur. Nga ana tjet\u00ebr, dhe kur raportohej p\u00ebr zhvillimet e m\u00ebtejme nga spitalet, m\u00eb s\u00eb shumti raportohej se kush politikan shkoi p\u00ebr vizit\u00eb apo kush ngush\u00eblloi, se sa p\u00ebr gjendjen kritike t\u00eb studenteve t\u00eb l\u00ebnduara. Biles dhe lajmet p\u00ebr vdekjen e studentes s\u00eb 12-t\u00eb, media e dha duke cituar Nishanin dhe jo drejtorin e spitalit.<\/p>\n<p>Mang\u00ebsi e madhe \u00ebsht\u00eb dhe m\u00ebnyra se si reagon shoq\u00ebria. T\u00eb gjith\u00eb i kap trishtimi dhe d\u00ebshira p\u00ebr t\u00eb ngush\u00eblluar, por nd\u00ebrkoh\u00eb ka shum\u00eb pak iniciativa me t\u00eb v\u00ebrtet\u00eb ngush\u00eblluese si\u00e7 mund t\u00eb jen\u00eb dhurimi i gjakut, organizmi p\u00ebr tu q\u00ebndruar af\u00ebr familjeve t\u00eb viktimave, respekti p\u00ebr viktimat dhe solemniteti i kumtimit t\u00eb lajmeve p\u00ebr ikjen e tyre nga kjo jet\u00eb.<\/p>\n<p>N\u00ebse media do t\u00eb fokusohej m\u00eb shum\u00eb n\u00eb k\u00ebto aspekte, natyrisht q\u00eb do ta b\u00ebnte shoq\u00ebrin\u00eb m\u00eb pak depresive dhe do t\u00eb ndihmonte paksa m\u00eb shum\u00eb p\u00ebr t\u00eb zbutur dhimbjen e familjar\u00ebve. Fokusimi tek gjaku, pamjet horror, nxitimi p\u00ebr t\u00eb th\u00ebn\u00eb kush e gjeti i pari, sa vdiq\u00ebn dhe cil\u00ebt ministra arrit\u00ebn t\u00eb par\u00ebt n\u00eb vendngjarje, \u00ebsht\u00eb nj\u00eb dimension i friksh\u00ebm i munges\u00ebs s\u00eb fort\u00eb q\u00eb kemi si shoq\u00ebri p\u00ebr kultur\u00ebn e vdekjes dhe respektin ndaj viktimave.<\/p>\n<p>Nj\u00eb problem i madh ngelet raporti nga vendngjarja p\u00ebr shkaqet e aksidentit. Ministri Olldashi thot\u00eb se rruga aty \u00ebsht\u00eb ende e re dhe n\u00eb t\u00eb v\u00ebrtet\u00eb ka vet\u00ebm tre vjet q\u00eb \u00ebsht\u00eb rind\u00ebrtuar. P\u00ebr t\u00eb gjith\u00eb ata q\u00eb e sjellin nd\u00ebrmend vendin ku \u00ebsht\u00eb rr\u00ebzuar, kemi parasysh standardet e ul\u00ebta t\u00eb projektit t\u00eb rrug\u00ebs n\u00eb at\u00eb pjes\u00eb, tat\u00ebpjet\u00ebn me kthes\u00eb t\u00eb fort\u00eb nd\u00ebrsa zbret p\u00ebr tek ura dhe mbajt\u00ebset thuajse inekzistente t\u00eb rrug\u00ebs.<\/p>\n<p>\u00cbsht\u00eb interesant fakti q\u00eb autobusi duke zbritur ka qen\u00eb jo nga krahu i humner\u00ebs, por nga krahu i mbrojtur i rrug\u00ebs dhe duhet t\u00eb ket\u00eb pasur nj\u00eb shkak madhor q\u00eb ka humbur kontrollin. Dhe n\u00eb k\u00ebt\u00eb rast dyshimet e forta drejtohen tek gjendja teknike e autobus\u00ebve q\u00eb nisen p\u00ebr ekskursione me f\u00ebmij\u00eb dhe student\u00eb, t\u00eb cil\u00ebt n\u00eb shum\u00eb raste jan\u00eb kthyer n\u00eb biznese ilegale t\u00eb sekser\u00ebve t\u00eb shkollave q\u00eb porosisin autobus\u00eb t\u00eb lir\u00eb p\u00ebr 50 euro m\u00eb shum\u00eb n\u00eb xhepat e tyre.<\/p>\n<p>Aksidente t\u00eb tilla tragjike duhen kthyer n\u00eb momente t\u00eb forta reflektimi jo vet\u00ebm p\u00ebr t\u00eb zbutur dhimbjen e familjar\u00ebve dhe p\u00ebr t\u00eb orientuar shoq\u00ebrin\u00eb drejt solidaritetit, por dhe p\u00ebr t\u00eb b\u00ebr\u00eb reforma t\u00eb thella n\u00eb politikat e komunikacionit dhe sidomos n\u00eb rregullore t\u00eb rrepta t\u00eb transportit publik t\u00eb f\u00ebmij\u00ebve, nx\u00ebn\u00ebsve dhe student\u00ebve, sa i p\u00ebrket kushteve teknike t\u00eb mjeteve q\u00eb udh\u00ebtojn\u00eb.<\/p>\n<p>Rrept\u00ebsia me t\u00eb cil\u00ebn duhet t\u00eb kontrollohet nj\u00eb autobus q\u00eb transporton f\u00ebmij\u00eb, nx\u00ebn\u00ebs dhe student\u00eb duhet doemos t\u00eb jet\u00eb e standardit m\u00eb t\u00eb lart\u00eb dhe shofer\u00ebt q\u00eb licencohen p\u00ebr udh\u00ebtime t\u00eb tilla duhet t\u00eb jen\u00eb t\u00eb standardit t\u00eb lart\u00eb. Pistat m\u00eb e mundshme e atij aksidenti p\u00ebrve\u00e7 standardit t\u00eb dob\u00ebt t\u00eb rrug\u00ebs \u00ebsht\u00eb gjendja teknike e autobusit dhe ndoshta aft\u00ebsit\u00eb njer\u00ebzore t\u00eb shoferit. Dhe kjo \u00ebsht\u00eb pasoj\u00eb e pap\u00ebrgjegjshm\u00ebris\u00eb q\u00eb ne si shoq\u00ebri kemi p\u00ebr jet\u00ebn e qytetar\u00ebve tan\u00eb.<\/p>\n<p>Ngjarja e Himar\u00ebs p\u00ebrs\u00ebriti tragjedin\u00eb e 22 viteve m\u00eb par\u00eb af\u00ebr atij vendi, ku nj\u00eb autobus me student\u00eb dhe pedagog\u00eb t\u00eb Institutit Bujq\u00ebsor t\u00eb Kamz\u00ebs humb\u00ebn jet\u00ebn s\u00eb bashku me dy helikopter\u00ebt q\u00eb u shkuan n\u00eb ndihm\u00eb. Edhe at\u00ebher\u00eb Shqip\u00ebria u shokua nga p\u00ebrmasa e tragjedis\u00eb, por 22 vite m\u00eb pas, shum\u00eb pak m\u00ebsime kemi nxjerr\u00eb se si t\u00eb p\u00ebrballemi me tragjedi t\u00eb tilla dhe mbi t\u00eb gjitha si t\u2019i shmangim ato.<\/p>\n","protected":false},"excerpt":{"rendered":"<p>Tema, 21 Maj 2012 Aksidenti i Himar\u00ebs \u00ebsht\u00eb nga ato ngjarje q\u00eb t\u00eb l\u00eb pa fjal\u00eb. Ka disa momente kur media, dhe ndoshta gazetar\u00eb t\u00eb rast\u00ebsish\u00ebm q\u00eb u bie t\u00eb jen\u00eb n\u00eb pun\u00eb ato momente, marrin pesh\u00ebn e p\u00ebrgjegj\u00ebsis\u00eb q\u00eb media duhet t\u00eb ket\u00eb para opinionit publik n\u00eb raste t\u00eb tilla. Media shqiptare, por dhe [&hellip;]<\/p>\n","protected":false},"author":1,"featured_media":0,"comment_status":"open","ping_status":"closed","sticky":false,"template":"","format":"standard","meta":{"footnotes":""},"categories":[2],"tags":[],"class_list":{"0":"post-11834","1":"post","2":"type-post","3":"status-publish","4":"format-standard","6":"category-artikuj"},"yoast_head":"<!-- This site is optimized with the Yoast SEO plugin v27.4 - https:\/\/yoast.com\/product\/yoast-seo-wordpress\/ -->\n<title>Kultura e vdekjes dhe media! - FjALA e LIR\u00cb - Arkivi<\/title>\n<meta name=\"robots\" content=\"index, follow, max-snippet:-1, max-image-preview:large, max-video-preview:-1\" \/>\n<link rel=\"canonical\" href=\"https:\/\/fjala.info\/2009-2015\/kultura-e-vdekjes-dhe-media\/\" \/>\n<meta property=\"og:locale\" content=\"sq_AL\" \/>\n<meta property=\"og:type\" content=\"article\" \/>\n<meta property=\"og:title\" content=\"Kultura e vdekjes dhe media! - FjALA e LIR\u00cb - Arkivi\" \/>\n<meta property=\"og:description\" content=\"Tema, 21 Maj 2012 Aksidenti i Himar\u00ebs \u00ebsht\u00eb nga ato ngjarje q\u00eb t\u00eb l\u00eb pa fjal\u00eb. Ka disa momente kur media, dhe ndoshta gazetar\u00eb t\u00eb rast\u00ebsish\u00ebm q\u00eb u bie t\u00eb jen\u00eb n\u00eb pun\u00eb ato momente, marrin pesh\u00ebn e p\u00ebrgjegj\u00ebsis\u00eb q\u00eb media duhet t\u00eb ket\u00eb para opinionit publik n\u00eb raste t\u00eb tilla. Media shqiptare, por dhe [&hellip;]\" \/>\n<meta property=\"og:url\" content=\"https:\/\/fjala.info\/2009-2015\/kultura-e-vdekjes-dhe-media\/\" \/>\n<meta property=\"og:site_name\" content=\"FjALA e LIR\u00cb - Arkivi\" \/>\n<meta property=\"article:published_time\" content=\"2012-05-21T21:28:07+00:00\" \/>\n<meta property=\"og:image\" content=\"http:\/\/www.fjala.info\/2012\/autobuzi_himare.jpg\" \/>\n<meta name=\"author\" content=\"admin\" \/>\n<meta name=\"twitter:card\" content=\"summary_large_image\" \/>\n<meta name=\"twitter:label1\" content=\"Written by\" \/>\n\t<meta name=\"twitter:data1\" content=\"admin\" \/>\n\t<meta name=\"twitter:label2\" content=\"Est. reading time\" \/>\n\t<meta name=\"twitter:data2\" content=\"5 minutes\" \/>\n<script type=\"application\/ld+json\" class=\"yoast-schema-graph\">{\"@context\":\"https:\\\/\\\/schema.org\",\"@graph\":[{\"@type\":\"Article\",\"@id\":\"https:\\\/\\\/fjala.info\\\/2009-2015\\\/kultura-e-vdekjes-dhe-media\\\/#article\",\"isPartOf\":{\"@id\":\"https:\\\/\\\/fjala.info\\\/2009-2015\\\/kultura-e-vdekjes-dhe-media\\\/\"},\"author\":{\"name\":\"admin\",\"@id\":\"https:\\\/\\\/fjala.info\\\/2009-2015\\\/#\\\/schema\\\/person\\\/3aa1163ef05469c496fc94e77611ada2\"},\"headline\":\"Kultura e vdekjes dhe media!\",\"datePublished\":\"2012-05-21T21:28:07+00:00\",\"mainEntityOfPage\":{\"@id\":\"https:\\\/\\\/fjala.info\\\/2009-2015\\\/kultura-e-vdekjes-dhe-media\\\/\"},\"wordCount\":985,\"commentCount\":0,\"publisher\":{\"@id\":\"https:\\\/\\\/fjala.info\\\/2009-2015\\\/#organization\"},\"image\":{\"@id\":\"https:\\\/\\\/fjala.info\\\/2009-2015\\\/kultura-e-vdekjes-dhe-media\\\/#primaryimage\"},\"thumbnailUrl\":\"http:\\\/\\\/www.fjala.info\\\/2012\\\/autobuzi_himare.jpg\",\"articleSection\":[\"Artikuj\"],\"inLanguage\":\"sq-AL\",\"potentialAction\":[{\"@type\":\"CommentAction\",\"name\":\"Comment\",\"target\":[\"https:\\\/\\\/fjala.info\\\/2009-2015\\\/kultura-e-vdekjes-dhe-media\\\/#respond\"]}]},{\"@type\":\"WebPage\",\"@id\":\"https:\\\/\\\/fjala.info\\\/2009-2015\\\/kultura-e-vdekjes-dhe-media\\\/\",\"url\":\"https:\\\/\\\/fjala.info\\\/2009-2015\\\/kultura-e-vdekjes-dhe-media\\\/\",\"name\":\"Kultura e vdekjes dhe media! - FjALA e LIR\u00cb - Arkivi\",\"isPartOf\":{\"@id\":\"https:\\\/\\\/fjala.info\\\/2009-2015\\\/#website\"},\"primaryImageOfPage\":{\"@id\":\"https:\\\/\\\/fjala.info\\\/2009-2015\\\/kultura-e-vdekjes-dhe-media\\\/#primaryimage\"},\"image\":{\"@id\":\"https:\\\/\\\/fjala.info\\\/2009-2015\\\/kultura-e-vdekjes-dhe-media\\\/#primaryimage\"},\"thumbnailUrl\":\"http:\\\/\\\/www.fjala.info\\\/2012\\\/autobuzi_himare.jpg\",\"datePublished\":\"2012-05-21T21:28:07+00:00\",\"breadcrumb\":{\"@id\":\"https:\\\/\\\/fjala.info\\\/2009-2015\\\/kultura-e-vdekjes-dhe-media\\\/#breadcrumb\"},\"inLanguage\":\"sq-AL\",\"potentialAction\":[{\"@type\":\"ReadAction\",\"target\":[\"https:\\\/\\\/fjala.info\\\/2009-2015\\\/kultura-e-vdekjes-dhe-media\\\/\"]}]},{\"@type\":\"ImageObject\",\"inLanguage\":\"sq-AL\",\"@id\":\"https:\\\/\\\/fjala.info\\\/2009-2015\\\/kultura-e-vdekjes-dhe-media\\\/#primaryimage\",\"url\":\"http:\\\/\\\/www.fjala.info\\\/2012\\\/autobuzi_himare.jpg\",\"contentUrl\":\"http:\\\/\\\/www.fjala.info\\\/2012\\\/autobuzi_himare.jpg\"},{\"@type\":\"BreadcrumbList\",\"@id\":\"https:\\\/\\\/fjala.info\\\/2009-2015\\\/kultura-e-vdekjes-dhe-media\\\/#breadcrumb\",\"itemListElement\":[{\"@type\":\"ListItem\",\"position\":1,\"name\":\"Home\",\"item\":\"https:\\\/\\\/fjala.info\\\/2009-2015\\\/\"},{\"@type\":\"ListItem\",\"position\":2,\"name\":\"Kultura e vdekjes dhe media!\"}]},{\"@type\":\"WebSite\",\"@id\":\"https:\\\/\\\/fjala.info\\\/2009-2015\\\/#website\",\"url\":\"https:\\\/\\\/fjala.info\\\/2009-2015\\\/\",\"name\":\"FjALA e LIR\u00cb - Arkivi\",\"description\":\"Arkivi 2009-2015\",\"publisher\":{\"@id\":\"https:\\\/\\\/fjala.info\\\/2009-2015\\\/#organization\"},\"potentialAction\":[{\"@type\":\"SearchAction\",\"target\":{\"@type\":\"EntryPoint\",\"urlTemplate\":\"https:\\\/\\\/fjala.info\\\/2009-2015\\\/?s={search_term_string}\"},\"query-input\":{\"@type\":\"PropertyValueSpecification\",\"valueRequired\":true,\"valueName\":\"search_term_string\"}}],\"inLanguage\":\"sq-AL\"},{\"@type\":\"Organization\",\"@id\":\"https:\\\/\\\/fjala.info\\\/2009-2015\\\/#organization\",\"name\":\"FjALA e LIR\u00cb - Arkivi\",\"url\":\"https:\\\/\\\/fjala.info\\\/2009-2015\\\/\",\"logo\":{\"@type\":\"ImageObject\",\"inLanguage\":\"sq-AL\",\"@id\":\"https:\\\/\\\/fjala.info\\\/2009-2015\\\/#\\\/schema\\\/logo\\\/image\\\/\",\"url\":\"\",\"contentUrl\":\"\",\"caption\":\"FjALA e LIR\u00cb - Arkivi\"},\"image\":{\"@id\":\"https:\\\/\\\/fjala.info\\\/2009-2015\\\/#\\\/schema\\\/logo\\\/image\\\/\"}},{\"@type\":\"Person\",\"@id\":\"https:\\\/\\\/fjala.info\\\/2009-2015\\\/#\\\/schema\\\/person\\\/3aa1163ef05469c496fc94e77611ada2\",\"name\":\"admin\",\"image\":{\"@type\":\"ImageObject\",\"inLanguage\":\"sq-AL\",\"@id\":\"https:\\\/\\\/fjala.info\\\/2009-2015\\\/wp-content\\\/uploads\\\/2012\\\/02\\\/arben_cokaj-120x150.jpg\",\"url\":\"https:\\\/\\\/fjala.info\\\/2009-2015\\\/wp-content\\\/uploads\\\/2012\\\/02\\\/arben_cokaj-120x150.jpg\",\"contentUrl\":\"https:\\\/\\\/fjala.info\\\/2009-2015\\\/wp-content\\\/uploads\\\/2012\\\/02\\\/arben_cokaj-120x150.jpg\",\"caption\":\"admin\"},\"description\":\"Admin, Fjala e Lir\u00eb\",\"sameAs\":[\"https:\\\/\\\/fjala.info\\\/\"],\"url\":\"https:\\\/\\\/fjala.info\\\/2009-2015\\\/author\\\/admin\\\/\"}]}<\/script>\n<!-- \/ Yoast SEO plugin. -->","yoast_head_json":{"title":"Kultura e vdekjes dhe media! - FjALA e LIR\u00cb - Arkivi","robots":{"index":"index","follow":"follow","max-snippet":"max-snippet:-1","max-image-preview":"max-image-preview:large","max-video-preview":"max-video-preview:-1"},"canonical":"https:\/\/fjala.info\/2009-2015\/kultura-e-vdekjes-dhe-media\/","og_locale":"sq_AL","og_type":"article","og_title":"Kultura e vdekjes dhe media! - FjALA e LIR\u00cb - Arkivi","og_description":"Tema, 21 Maj 2012 Aksidenti i Himar\u00ebs \u00ebsht\u00eb nga ato ngjarje q\u00eb t\u00eb l\u00eb pa fjal\u00eb. Ka disa momente kur media, dhe ndoshta gazetar\u00eb t\u00eb rast\u00ebsish\u00ebm q\u00eb u bie t\u00eb jen\u00eb n\u00eb pun\u00eb ato momente, marrin pesh\u00ebn e p\u00ebrgjegj\u00ebsis\u00eb q\u00eb media duhet t\u00eb ket\u00eb para opinionit publik n\u00eb raste t\u00eb tilla. Media shqiptare, por dhe [&hellip;]","og_url":"https:\/\/fjala.info\/2009-2015\/kultura-e-vdekjes-dhe-media\/","og_site_name":"FjALA e LIR\u00cb - Arkivi","article_published_time":"2012-05-21T21:28:07+00:00","og_image":[{"url":"http:\/\/www.fjala.info\/2012\/autobuzi_himare.jpg","type":"","width":"","height":""}],"author":"admin","twitter_card":"summary_large_image","twitter_misc":{"Written by":"admin","Est. reading time":"5 minutes"},"schema":{"@context":"https:\/\/schema.org","@graph":[{"@type":"Article","@id":"https:\/\/fjala.info\/2009-2015\/kultura-e-vdekjes-dhe-media\/#article","isPartOf":{"@id":"https:\/\/fjala.info\/2009-2015\/kultura-e-vdekjes-dhe-media\/"},"author":{"name":"admin","@id":"https:\/\/fjala.info\/2009-2015\/#\/schema\/person\/3aa1163ef05469c496fc94e77611ada2"},"headline":"Kultura e vdekjes dhe media!","datePublished":"2012-05-21T21:28:07+00:00","mainEntityOfPage":{"@id":"https:\/\/fjala.info\/2009-2015\/kultura-e-vdekjes-dhe-media\/"},"wordCount":985,"commentCount":0,"publisher":{"@id":"https:\/\/fjala.info\/2009-2015\/#organization"},"image":{"@id":"https:\/\/fjala.info\/2009-2015\/kultura-e-vdekjes-dhe-media\/#primaryimage"},"thumbnailUrl":"http:\/\/www.fjala.info\/2012\/autobuzi_himare.jpg","articleSection":["Artikuj"],"inLanguage":"sq-AL","potentialAction":[{"@type":"CommentAction","name":"Comment","target":["https:\/\/fjala.info\/2009-2015\/kultura-e-vdekjes-dhe-media\/#respond"]}]},{"@type":"WebPage","@id":"https:\/\/fjala.info\/2009-2015\/kultura-e-vdekjes-dhe-media\/","url":"https:\/\/fjala.info\/2009-2015\/kultura-e-vdekjes-dhe-media\/","name":"Kultura e vdekjes dhe media! - FjALA e LIR\u00cb - Arkivi","isPartOf":{"@id":"https:\/\/fjala.info\/2009-2015\/#website"},"primaryImageOfPage":{"@id":"https:\/\/fjala.info\/2009-2015\/kultura-e-vdekjes-dhe-media\/#primaryimage"},"image":{"@id":"https:\/\/fjala.info\/2009-2015\/kultura-e-vdekjes-dhe-media\/#primaryimage"},"thumbnailUrl":"http:\/\/www.fjala.info\/2012\/autobuzi_himare.jpg","datePublished":"2012-05-21T21:28:07+00:00","breadcrumb":{"@id":"https:\/\/fjala.info\/2009-2015\/kultura-e-vdekjes-dhe-media\/#breadcrumb"},"inLanguage":"sq-AL","potentialAction":[{"@type":"ReadAction","target":["https:\/\/fjala.info\/2009-2015\/kultura-e-vdekjes-dhe-media\/"]}]},{"@type":"ImageObject","inLanguage":"sq-AL","@id":"https:\/\/fjala.info\/2009-2015\/kultura-e-vdekjes-dhe-media\/#primaryimage","url":"http:\/\/www.fjala.info\/2012\/autobuzi_himare.jpg","contentUrl":"http:\/\/www.fjala.info\/2012\/autobuzi_himare.jpg"},{"@type":"BreadcrumbList","@id":"https:\/\/fjala.info\/2009-2015\/kultura-e-vdekjes-dhe-media\/#breadcrumb","itemListElement":[{"@type":"ListItem","position":1,"name":"Home","item":"https:\/\/fjala.info\/2009-2015\/"},{"@type":"ListItem","position":2,"name":"Kultura e vdekjes dhe media!"}]},{"@type":"WebSite","@id":"https:\/\/fjala.info\/2009-2015\/#website","url":"https:\/\/fjala.info\/2009-2015\/","name":"FjALA e LIR\u00cb - Arkivi","description":"Arkivi 2009-2015","publisher":{"@id":"https:\/\/fjala.info\/2009-2015\/#organization"},"potentialAction":[{"@type":"SearchAction","target":{"@type":"EntryPoint","urlTemplate":"https:\/\/fjala.info\/2009-2015\/?s={search_term_string}"},"query-input":{"@type":"PropertyValueSpecification","valueRequired":true,"valueName":"search_term_string"}}],"inLanguage":"sq-AL"},{"@type":"Organization","@id":"https:\/\/fjala.info\/2009-2015\/#organization","name":"FjALA e LIR\u00cb - Arkivi","url":"https:\/\/fjala.info\/2009-2015\/","logo":{"@type":"ImageObject","inLanguage":"sq-AL","@id":"https:\/\/fjala.info\/2009-2015\/#\/schema\/logo\/image\/","url":"","contentUrl":"","caption":"FjALA e LIR\u00cb - Arkivi"},"image":{"@id":"https:\/\/fjala.info\/2009-2015\/#\/schema\/logo\/image\/"}},{"@type":"Person","@id":"https:\/\/fjala.info\/2009-2015\/#\/schema\/person\/3aa1163ef05469c496fc94e77611ada2","name":"admin","image":{"@type":"ImageObject","inLanguage":"sq-AL","@id":"https:\/\/fjala.info\/2009-2015\/wp-content\/uploads\/2012\/02\/arben_cokaj-120x150.jpg","url":"https:\/\/fjala.info\/2009-2015\/wp-content\/uploads\/2012\/02\/arben_cokaj-120x150.jpg","contentUrl":"https:\/\/fjala.info\/2009-2015\/wp-content\/uploads\/2012\/02\/arben_cokaj-120x150.jpg","caption":"admin"},"description":"Admin, Fjala e Lir\u00eb","sameAs":["https:\/\/fjala.info\/"],"url":"https:\/\/fjala.info\/2009-2015\/author\/admin\/"}]}},"_links":{"self":[{"href":"https:\/\/fjala.info\/2009-2015\/wp-json\/wp\/v2\/posts\/11834","targetHints":{"allow":["GET"]}}],"collection":[{"href":"https:\/\/fjala.info\/2009-2015\/wp-json\/wp\/v2\/posts"}],"about":[{"href":"https:\/\/fjala.info\/2009-2015\/wp-json\/wp\/v2\/types\/post"}],"author":[{"embeddable":true,"href":"https:\/\/fjala.info\/2009-2015\/wp-json\/wp\/v2\/users\/1"}],"replies":[{"embeddable":true,"href":"https:\/\/fjala.info\/2009-2015\/wp-json\/wp\/v2\/comments?post=11834"}],"version-history":[{"count":0,"href":"https:\/\/fjala.info\/2009-2015\/wp-json\/wp\/v2\/posts\/11834\/revisions"}],"wp:attachment":[{"href":"https:\/\/fjala.info\/2009-2015\/wp-json\/wp\/v2\/media?parent=11834"}],"wp:term":[{"taxonomy":"category","embeddable":true,"href":"https:\/\/fjala.info\/2009-2015\/wp-json\/wp\/v2\/categories?post=11834"},{"taxonomy":"post_tag","embeddable":true,"href":"https:\/\/fjala.info\/2009-2015\/wp-json\/wp\/v2\/tags?post=11834"}],"curies":[{"name":"wp","href":"https:\/\/api.w.org\/{rel}","templated":true}]}}