{"id":11832,"date":"2012-05-20T21:06:36","date_gmt":"2012-05-20T20:06:36","guid":{"rendered":"http:\/\/www.fjala.info\/?p=2842"},"modified":"2012-05-20T21:06:36","modified_gmt":"2012-05-20T20:06:36","slug":"qe-te-fitoje-shqiperia","status":"publish","type":"post","link":"https:\/\/fjala.info\/2009-2015\/qe-te-fitoje-shqiperia\/","title":{"rendered":"Q\u00eb t\u00eb fitoj\u00eb Shqip\u00ebria"},"content":{"rendered":"<p><strong>Mitat Shuli<\/strong><\/p>\n<p>N\u00eb mediat tona iu m\u00ebshua faktit q\u00eb Topi dhe Berisha k\u00ebto dit\u00eb t\u00eb dy n\u00eb Amerik\u00eb, p\u00ebr takime t\u00eb r\u00ebnd\u00ebsishme nd\u00ebrkomb\u00ebtare, evitojn\u00eb nj\u00ebri tetrin. Pra nuk do ti shohim bashke as n\u00eb samitin e NATO s as n\u00eb seancat e OKB s\u00eb. Pamje apo fotografi m\u00eb t\u00eb sakt\u00eb p\u00ebr t\u00eb na paraqitur realitetin politik shqiptar zor se gjen. Ky \u00ebsht\u00eb spektakli miserab\u00ebl q\u00eb pushteti, konceptimi Berishist i tij dhe v\u00ebnia n\u00eb praktik\u00eb e tij prej s\u00eb ashtuquajtur\u00ebs mazhoranc\u00eb i ofrojn\u00eb bot\u00ebs mbar\u00eb n\u00eb nj\u00ebqindvjetorin ton\u00eb t\u00eb pavar\u00ebsis\u00eb.<\/p>\n<p>Provoni t\u00eb imagjinoni q\u00eb ftes\u00ebs n\u00eb nj\u00eb dark\u00eb ,gosti apo das\u00ebm familja Topi apo Berisha ti p\u00ebrgjigjej n\u00eb t\u00eb nj\u00ebjt\u00ebn m\u00ebnyr\u00eb\u2026.. Me t\u00eb marr\u00eb ftes\u00ebn drejtuar \u00e7iftit\u2026 sejcili prej tyre do nisej rr\u00ebmbimthi p\u00ebr t\u00eb mb\u00ebrritur i pari sepse burri apo gruaja m\u00eb pak e shpejt\u00eb nuk do vinte k\u00ebmb\u00eb aty pa u larguar tjetri \u2026. e mund t\u00eb ndodh\u00eb q\u00eb t\u00eb kthehesh n\u00eb sht\u00ebpi sepse nuk mund t\u00eb shkosh kur dasma apo gostia ka mbaruar dhe duket se ky esht\u00eb rasti i Topit n\u00eb samitin e Nato s<br \/>\nQ\u00eb raportet mes tyre jan\u00eb thyer k\u00ebt\u00eb e di \u00e7dokush e q\u00eb me Berish\u00ebn askush nuk mund t\u00eb ket\u00eb marredhenie istituzionale dhe k\u00ebt\u00eb e di \u00e7dokush e megjithat\u00eb\u2026.. Meriton ky vend, ky popull n\u00eb k\u00ebt\u00eb nj\u00ebqindvjetor spektaklin e turpsh\u00ebm ku presidenti dhe kryeministri nuk \u201cflasin\u201d me njeri tjetrin?<\/p>\n<p>E dim\u00eb q\u00eb edhe po ti shihnim bashk\u00eb asgj\u00eb nuk do t\u00eb ndryshonte\u2026., i kemi par\u00eb edhe bashk\u00eb apo jo?Por do ishte mir\u00eb q\u00eb t\u00eb pakt\u00ebn p\u00ebr protokoll, p\u00ebr syt\u00eb e bot\u00ebs dhe ato q\u00eb d\u00ebgjojm\u00eb p\u00ebrdit\u00eb nga politikan\u00ebt tan\u00eb q\u00eb po b\u00ebhen cop\u00eb \u201cp\u00ebr hir t\u00eb integrimit Evropian\u201d n\u00eb \u201c kuadrin e nj\u00ebqindvjetorit\u201d dy p\u00ebrfaq\u00ebsuesit m\u00eb t\u00eb lart\u00eb t\u00eb shtetit ti shihnim bashk\u00eb n\u00ebp\u00ebr istitucionet nd\u00ebrkomb\u00ebtare duk\u00eb u p\u00ebrpjekur opo b\u00ebr\u00eb sikur p\u00ebrfaq\u00ebsojn\u00eb aspiratat,p\u00ebrpjekjet dhe preokupimet e nj\u00eb vendi t\u00eb vog\u00ebl e me halle shum\u00eb n\u00eb nj\u00eb koh\u00eb t\u00eb v\u00ebshtir\u00eb.<\/p>\n<p><strong>Presidenti i ri <\/strong><br \/>\nN\u00eb k\u00ebto dit\u00eb kryefjala n\u00eb politik\u00ebn \u00ebsht\u00eb zgjedhja e Presidentit t\u00eb ri t\u00eb republik\u00ebsku.Ky debat ka p\u00ebrfshir\u00eb protagonist\u00ebt politik\u00eb, mediat, ambasador\u00ebt e huaj n\u00eb Tiran\u00eb, v\u00ebzhgues vendas dhe t\u00eb huaj. Nj\u00eb debat i r\u00ebnd\u00ebsish\u00ebm ky pasi s\u00eb pari do t\u00eb thot\u00eb autoriteti num\u00ebr nj\u00eb i shtetit shqiptar,<br \/>\ne dyta kalibri dhe besueshmeria e figur\u00ebs s\u00eb Presidentit b\u00ebhen gjithnj\u00eb e m\u00eb t\u00eb r\u00ebnd\u00ebsish\u00ebm n\u00eb momentin aktual kur kriza ekonomike dhe kriza e besimit ndaj politik\u00ebs jan\u00eb duke u thelluar,<br \/>\ndhe e treta ng\u00ebr\u00e7i, konflikti istitucional ku evitimi dhe shmangia e nj\u00ebri tjetrit \u00ebsht\u00eb vet\u00ebm nj\u00eb episod i raporteve midis institucioneve t\u00eb tjera dhe Kryeministrit, me fjal\u00eb t\u00eb tjera situata politike aktuale shqiptare e b\u00ebn kulminante k\u00ebt\u00eb zgjedhje, situat\u00eb q\u00eb i rrit temperatur\u00ebn nj\u00eb pro\u00e7esi normal p\u00ebr \u00e7do demokraci.<\/p>\n<p>Frika e nj\u00eb pjese t\u00eb madhe t\u00eb opinionit publik, opozit\u00ebs dhe mjaft personaliteteve \u00ebsht\u00eb se Berisha( tashm\u00eb \u00ebsht\u00eb n\u00eb stilin e tij ) do mundohet t\u00eb shtjer\u00eb n\u00eb dor\u00eb institucionin e Presidentit e lidhur kjo ngusht\u00eb me t\u00eb ardhmen e protagonistit num\u00ebr nj\u00eb t\u00eb politik\u00ebs shqiptare p\u00ebr m\u00eb se nj\u00ebzet vjet.<\/p>\n<p>Nj\u00eb qeveri dhe nj\u00eb psedo shumic\u00eb e pap\u00ebrgjegjshme mbajt\u00ebn larg opinionin popullor duke i mbyllur der\u00ebn atij. Do ish n\u00eb interesin e kujtdo edhe t\u00eb shumic\u00ebs q\u00eb Presidenti t\u00eb jet\u00eb sa m\u00eb konsensual, jo vet\u00ebm politik por edhe popullor.<\/p>\n<p>Do ish mir\u00eb q\u00eb ky debat t\u00eb isht\u00eb b\u00ebr\u00eb duke p\u00ebrfshir\u00eb sa m\u00eb shum\u00eb njer\u00ebz e duke b\u00ebr\u00eb publike vlerat,cil\u00ebsit\u00eb dhe personalitetet .Nj\u00eb gar\u00eb p\u00ebr m\u00eb t\u00eb mirin President t\u00eb vendit n\u00eb nj\u00ebqind vjetorin e pavar\u00ebsis\u00eb.Personalitetet nuk na mungojn\u00eb.<\/p>\n<p>Nd\u00ebrsa duhet t\u00eb presim t\u00eb kthehet \u201cgang\u00ebsteri\u201d Kryeminist\u00ebr nga \u00c7ikago p\u00ebr t\u00eb filluar spektakli i radh\u00ebs n\u00eb kuvendin e drejtuar prej Zhelesin\u00ebs. Nuk meriton ky popull t\u00eb p\u00ebrfillet, ti merret mendim t\u00eb marr\u00eb frym\u00eb qet\u00eb e t\u00eb merret me problemet e m\u00ebdha pun\u00ebsimi n\u00eb r\u00ebnie, ekonomia e rr\u00ebnuar, sh\u00ebndet\u00ebsia e shkallmuar, arsimi i azgj\u00ebsuar (universiteti me fam\u00eb bot\u00ebrore Kristal \u00ebsht\u00eb prova m\u00eb e fundit) etj?<\/p>\n<p><strong>The main problem<\/strong>.<br \/>\nDuke shkruar k\u00ebto radh\u00eb b\u00ebsoj q\u00eb kushdo ka t\u00eb qart\u00eb pozicionin tim,llogoren time .Do ishte mir\u00eb t\u00eb mos flitej me k\u00ebt\u00eb gjuh\u00eb n\u00eb dymij\u00ebedymb\u00ebdhjet\u00ebn por nuk ndihem me faj,dhe nuk jam i vetmi.Besoj q\u00eb ndoshta jo t\u00eb gjitha fajet jan\u00eb t\u00eb Berish\u00ebs por si minimum shumica e fajeve jan\u00eb t\u00eb Tijat.<br \/>\nJemi nj\u00eb v\u00ebnd ku nj\u00eb e treta e popullsis\u00eb \u00ebsht\u00eb n\u00eb emigracion dhe sot jeton midis dilem\u00ebs s\u00eb papun\u00ebsis\u00eb n\u00eb Greqi apo Itali dhe kthimit n\u00eb nj\u00eb vend q\u00eb nuk i do dhe nuk ka asgj\u00eb tu ofroj\u00eb.<\/p>\n<p>Papun\u00ebsia \u00ebsht\u00eb sinonimi i k\u00ebtij v\u00ebndi ku shteti ska b\u00ebr\u00eb asgj\u00eb dhe gjith\u00e7ka \u00ebsht\u00eb rezultat i mundit dhe sakrific\u00ebs individuale t\u00eb shqiptar\u00ebve n\u00eb k\u00ebto vite.Vendi ku nj\u00eb pjes\u00eb e popullsis\u00eb jeton duke g\u00ebrmuar \u2026p\u00ebr skrap.Hekuri i monizmit \u00ebsht\u00eb buka e dit\u00ebs p\u00ebr nj\u00eb pjes\u00eb t\u00eb popullsis\u00eb .Ashtu si pasurit\u00eb komb\u00ebtare po zgjatin agonin\u00eb e qeveris\u00eb. Po nes\u00ebr?<\/p>\n<p>Pak koh\u00eb m\u00eb par\u00eb nj\u00eb 13vje\u00e7ar vdiq pasi ra megjith\u00eb nj\u00eb cop\u00eb hekur q\u00eb po mundohej ti merrte kamionit me skrap n\u00eb ecje mu perpara dogan\u00ebs n\u00eb Elbasan. Pamja e t\u00eb papun\u00ebve tek Kalaja apo dogana n\u00eb Elbasan,e nj\u00ebjt\u00eb me ato t\u00eb Tiran\u00ebs, Durr\u00ebsit dhe \u00e7do qyteti tjet\u00ebr flet m\u00eb mir\u00eb se gjith\u00e7ka p\u00ebr \u201cshqip\u00ebrin\u00eb turistike\u201de at\u00eb \u201cdixhitale\u201d t\u00eb Berish\u00ebs .P\u00ebrralla,flluska sapuni nj\u00ebsoj si ajo me \u201csuperfuqin\u00eb b\u00ebrthamore\u201d tashm\u00eb harruar bashk\u00eb me \u201cmikun me mikun m\u00eb t\u00eb madh t\u00eb shqiptar\u00ebve\u201d Silvio Berluskonin nga Kryeministri.<\/p>\n<p>Pra n\u00ebse nuk \u00ebsht\u00eb problemi i vet\u00ebm, Berisha sot \u00ebsht\u00eb pik\u00ebrisht problemi m\u00eb i madh p\u00ebr shqiptar\u00ebt.N\u00eb nj\u00eb vend tjet\u00ebr t\u00eb gjitha forcat politike do binin dakort t\u00eb b\u00ebnin front t\u00eb p\u00ebrbashk\u00ebt si hap i par\u00eb p\u00ebr normalizimin dhe demokratizimin e politik\u00ebs sa m\u00eb par\u00eb. Rreziku \u00ebsht\u00eb i madh dhe koha vrapon e problemet vet\u00ebm shtohen.<\/p>\n<p>Italia dhe Greqia duhet t\u00eb na sh\u00ebrbejn\u00eb si m\u00ebsim jo vet\u00ebm n\u00eb aspektin ekonomik ku hyn r\u00ebnd\u00ebsia e rregullave dhe zbatimi i ligjit, lufta ndaj korrupsionit dhe trasparenza si element\u00eb themelor\u00eb t\u00eb menaxhimit t\u00eb burimeve dhe mbar\u00ebvajtjes ekonomike ,por edhe n\u00eb aspektin politik.Greqia po shkon p\u00ebrs\u00ebri n\u00eb zgjedhje me partit\u00eb kryesore q\u00eb humbasin p\u00ebr her\u00eb t\u00eb par\u00eb pozicionin dominues n\u00eb politik\u00eb.<\/p>\n<p>N\u00eb nj\u00eb kriz\u00eb pa kthim \u00ebsht\u00eb tashm\u00eb e djathta Berluskoniane (PDL) dhe aleatja e saj Lega Nord n\u00eb Italin\u00eb fqinje.N\u00eb zgjedhjet vendore t\u00eb k\u00ebtyre dit\u00ebve PDL e Lega dol\u00ebn t\u00eb gjymtuara,nganj\u00ebher\u00eb me rezultate turp\u00ebruese prej 4 deri n\u00eb 13% n\u00eb mjaft comuna.E gjitha kjo e lidhur jo vet\u00ebm me reagimin ndaj Berluskonizmit por edhe me kriz\u00ebn e politik\u00ebs n\u00eb p\u00ebrgjith\u00ebsi dhe munges\u00ebn e besimit tek partit\u00eb tradizionale par\u00eb tashm\u00eb nga publiku si pjes\u00eb e t\u00eb nj\u00ebjtit sistem.<br \/>\nK\u00ebshtu shpjegohet lindja dhe suksesi i partive t\u00eb reja shpesh t\u00eb quajtura apo vet\u00ebem\u00ebruara si antisistem dhe kund\u00ebrpolitik\u00eb.<\/p>\n<p>Ne nuk jemi t\u00eb imunizuar dhe arsyet e mosbesimit ndaj politik\u00ebs shqiptare jan\u00eb t\u00eb m\u00ebdha. Do ishte n\u00eb t\u00eb mir\u00ebn e klas\u00ebs politike t\u00eb kuptonte momentin e v\u00ebshtir\u00eb dhe sfidat e m\u00ebdha .T\u00eb b\u00ebnte nj\u00eb zgjedhje t\u00eb mir\u00eb e t\u00eb painteresuar n\u00eb zgjedhjen e Presidentit do ja leht\u00ebsonte disi barr\u00ebn e fajeve n\u00eb sy t\u00eb popullit t\u00eb vet.Nj\u00eb zgjedhje jo me logjik\u00ebn e vetkonservimit dhe vegjetimit por nj\u00eb zgjedhje ku t\u00eb fitojn\u00eb qytetar\u00ebt,t\u00eb fitoj\u00eb Shqip\u00ebria.<\/p>\n","protected":false},"excerpt":{"rendered":"<p>Mitat Shuli N\u00eb mediat tona iu m\u00ebshua faktit q\u00eb Topi dhe Berisha k\u00ebto dit\u00eb t\u00eb dy n\u00eb Amerik\u00eb, p\u00ebr takime t\u00eb r\u00ebnd\u00ebsishme nd\u00ebrkomb\u00ebtare, evitojn\u00eb nj\u00ebri tetrin. Pra nuk do ti shohim bashke as n\u00eb samitin e NATO s as n\u00eb seancat e OKB s\u00eb. Pamje apo fotografi m\u00eb t\u00eb sakt\u00eb p\u00ebr t\u00eb na paraqitur realitetin [&hellip;]<\/p>\n","protected":false},"author":1,"featured_media":0,"comment_status":"open","ping_status":"closed","sticky":false,"template":"","format":"standard","meta":{"footnotes":""},"categories":[2],"tags":[],"class_list":{"0":"post-11832","1":"post","2":"type-post","3":"status-publish","4":"format-standard","6":"category-artikuj"},"yoast_head":"<!-- This site is optimized with the Yoast SEO plugin v27.4 - https:\/\/yoast.com\/product\/yoast-seo-wordpress\/ -->\n<title>Q\u00eb t\u00eb fitoj\u00eb Shqip\u00ebria - FjALA e LIR\u00cb - Arkivi<\/title>\n<meta name=\"robots\" content=\"index, follow, max-snippet:-1, max-image-preview:large, max-video-preview:-1\" \/>\n<link rel=\"canonical\" href=\"https:\/\/fjala.info\/2009-2015\/qe-te-fitoje-shqiperia\/\" \/>\n<meta property=\"og:locale\" content=\"sq_AL\" \/>\n<meta property=\"og:type\" content=\"article\" \/>\n<meta property=\"og:title\" content=\"Q\u00eb t\u00eb fitoj\u00eb Shqip\u00ebria - FjALA e LIR\u00cb - Arkivi\" \/>\n<meta property=\"og:description\" content=\"Mitat Shuli N\u00eb mediat tona iu m\u00ebshua faktit q\u00eb Topi dhe Berisha k\u00ebto dit\u00eb t\u00eb dy n\u00eb Amerik\u00eb, p\u00ebr takime t\u00eb r\u00ebnd\u00ebsishme nd\u00ebrkomb\u00ebtare, evitojn\u00eb nj\u00ebri tetrin. Pra nuk do ti shohim bashke as n\u00eb samitin e NATO s as n\u00eb seancat e OKB s\u00eb. Pamje apo fotografi m\u00eb t\u00eb sakt\u00eb p\u00ebr t\u00eb na paraqitur realitetin [&hellip;]\" \/>\n<meta property=\"og:url\" content=\"https:\/\/fjala.info\/2009-2015\/qe-te-fitoje-shqiperia\/\" \/>\n<meta property=\"og:site_name\" content=\"FjALA e LIR\u00cb - Arkivi\" \/>\n<meta property=\"article:published_time\" content=\"2012-05-20T20:06:36+00:00\" \/>\n<meta name=\"author\" content=\"admin\" \/>\n<meta name=\"twitter:card\" content=\"summary_large_image\" \/>\n<meta name=\"twitter:label1\" content=\"Written by\" \/>\n\t<meta name=\"twitter:data1\" content=\"admin\" \/>\n\t<meta name=\"twitter:label2\" content=\"Est. reading time\" \/>\n\t<meta name=\"twitter:data2\" content=\"7 minutes\" \/>\n<script type=\"application\/ld+json\" class=\"yoast-schema-graph\">{\"@context\":\"https:\\\/\\\/schema.org\",\"@graph\":[{\"@type\":\"Article\",\"@id\":\"https:\\\/\\\/fjala.info\\\/2009-2015\\\/qe-te-fitoje-shqiperia\\\/#article\",\"isPartOf\":{\"@id\":\"https:\\\/\\\/fjala.info\\\/2009-2015\\\/qe-te-fitoje-shqiperia\\\/\"},\"author\":{\"name\":\"admin\",\"@id\":\"https:\\\/\\\/fjala.info\\\/2009-2015\\\/#\\\/schema\\\/person\\\/3aa1163ef05469c496fc94e77611ada2\"},\"headline\":\"Q\u00eb t\u00eb fitoj\u00eb Shqip\u00ebria\",\"datePublished\":\"2012-05-20T20:06:36+00:00\",\"mainEntityOfPage\":{\"@id\":\"https:\\\/\\\/fjala.info\\\/2009-2015\\\/qe-te-fitoje-shqiperia\\\/\"},\"wordCount\":1384,\"commentCount\":0,\"publisher\":{\"@id\":\"https:\\\/\\\/fjala.info\\\/2009-2015\\\/#organization\"},\"articleSection\":[\"Artikuj\"],\"inLanguage\":\"sq-AL\",\"potentialAction\":[{\"@type\":\"CommentAction\",\"name\":\"Comment\",\"target\":[\"https:\\\/\\\/fjala.info\\\/2009-2015\\\/qe-te-fitoje-shqiperia\\\/#respond\"]}]},{\"@type\":\"WebPage\",\"@id\":\"https:\\\/\\\/fjala.info\\\/2009-2015\\\/qe-te-fitoje-shqiperia\\\/\",\"url\":\"https:\\\/\\\/fjala.info\\\/2009-2015\\\/qe-te-fitoje-shqiperia\\\/\",\"name\":\"Q\u00eb t\u00eb fitoj\u00eb Shqip\u00ebria - FjALA e LIR\u00cb - Arkivi\",\"isPartOf\":{\"@id\":\"https:\\\/\\\/fjala.info\\\/2009-2015\\\/#website\"},\"datePublished\":\"2012-05-20T20:06:36+00:00\",\"breadcrumb\":{\"@id\":\"https:\\\/\\\/fjala.info\\\/2009-2015\\\/qe-te-fitoje-shqiperia\\\/#breadcrumb\"},\"inLanguage\":\"sq-AL\",\"potentialAction\":[{\"@type\":\"ReadAction\",\"target\":[\"https:\\\/\\\/fjala.info\\\/2009-2015\\\/qe-te-fitoje-shqiperia\\\/\"]}]},{\"@type\":\"BreadcrumbList\",\"@id\":\"https:\\\/\\\/fjala.info\\\/2009-2015\\\/qe-te-fitoje-shqiperia\\\/#breadcrumb\",\"itemListElement\":[{\"@type\":\"ListItem\",\"position\":1,\"name\":\"Home\",\"item\":\"https:\\\/\\\/fjala.info\\\/2009-2015\\\/\"},{\"@type\":\"ListItem\",\"position\":2,\"name\":\"Q\u00eb t\u00eb fitoj\u00eb Shqip\u00ebria\"}]},{\"@type\":\"WebSite\",\"@id\":\"https:\\\/\\\/fjala.info\\\/2009-2015\\\/#website\",\"url\":\"https:\\\/\\\/fjala.info\\\/2009-2015\\\/\",\"name\":\"FjALA e LIR\u00cb - Arkivi\",\"description\":\"Arkivi 2009-2015\",\"publisher\":{\"@id\":\"https:\\\/\\\/fjala.info\\\/2009-2015\\\/#organization\"},\"potentialAction\":[{\"@type\":\"SearchAction\",\"target\":{\"@type\":\"EntryPoint\",\"urlTemplate\":\"https:\\\/\\\/fjala.info\\\/2009-2015\\\/?s={search_term_string}\"},\"query-input\":{\"@type\":\"PropertyValueSpecification\",\"valueRequired\":true,\"valueName\":\"search_term_string\"}}],\"inLanguage\":\"sq-AL\"},{\"@type\":\"Organization\",\"@id\":\"https:\\\/\\\/fjala.info\\\/2009-2015\\\/#organization\",\"name\":\"FjALA e LIR\u00cb - Arkivi\",\"url\":\"https:\\\/\\\/fjala.info\\\/2009-2015\\\/\",\"logo\":{\"@type\":\"ImageObject\",\"inLanguage\":\"sq-AL\",\"@id\":\"https:\\\/\\\/fjala.info\\\/2009-2015\\\/#\\\/schema\\\/logo\\\/image\\\/\",\"url\":\"\",\"contentUrl\":\"\",\"caption\":\"FjALA e LIR\u00cb - Arkivi\"},\"image\":{\"@id\":\"https:\\\/\\\/fjala.info\\\/2009-2015\\\/#\\\/schema\\\/logo\\\/image\\\/\"}},{\"@type\":\"Person\",\"@id\":\"https:\\\/\\\/fjala.info\\\/2009-2015\\\/#\\\/schema\\\/person\\\/3aa1163ef05469c496fc94e77611ada2\",\"name\":\"admin\",\"image\":{\"@type\":\"ImageObject\",\"inLanguage\":\"sq-AL\",\"@id\":\"https:\\\/\\\/fjala.info\\\/2009-2015\\\/wp-content\\\/uploads\\\/2012\\\/02\\\/arben_cokaj-120x150.jpg\",\"url\":\"https:\\\/\\\/fjala.info\\\/2009-2015\\\/wp-content\\\/uploads\\\/2012\\\/02\\\/arben_cokaj-120x150.jpg\",\"contentUrl\":\"https:\\\/\\\/fjala.info\\\/2009-2015\\\/wp-content\\\/uploads\\\/2012\\\/02\\\/arben_cokaj-120x150.jpg\",\"caption\":\"admin\"},\"description\":\"Admin, Fjala e Lir\u00eb\",\"sameAs\":[\"https:\\\/\\\/fjala.info\\\/\"],\"url\":\"https:\\\/\\\/fjala.info\\\/2009-2015\\\/author\\\/admin\\\/\"}]}<\/script>\n<!-- \/ Yoast SEO plugin. -->","yoast_head_json":{"title":"Q\u00eb t\u00eb fitoj\u00eb Shqip\u00ebria - FjALA e LIR\u00cb - Arkivi","robots":{"index":"index","follow":"follow","max-snippet":"max-snippet:-1","max-image-preview":"max-image-preview:large","max-video-preview":"max-video-preview:-1"},"canonical":"https:\/\/fjala.info\/2009-2015\/qe-te-fitoje-shqiperia\/","og_locale":"sq_AL","og_type":"article","og_title":"Q\u00eb t\u00eb fitoj\u00eb Shqip\u00ebria - FjALA e LIR\u00cb - Arkivi","og_description":"Mitat Shuli N\u00eb mediat tona iu m\u00ebshua faktit q\u00eb Topi dhe Berisha k\u00ebto dit\u00eb t\u00eb dy n\u00eb Amerik\u00eb, p\u00ebr takime t\u00eb r\u00ebnd\u00ebsishme nd\u00ebrkomb\u00ebtare, evitojn\u00eb nj\u00ebri tetrin. Pra nuk do ti shohim bashke as n\u00eb samitin e NATO s as n\u00eb seancat e OKB s\u00eb. Pamje apo fotografi m\u00eb t\u00eb sakt\u00eb p\u00ebr t\u00eb na paraqitur realitetin [&hellip;]","og_url":"https:\/\/fjala.info\/2009-2015\/qe-te-fitoje-shqiperia\/","og_site_name":"FjALA e LIR\u00cb - Arkivi","article_published_time":"2012-05-20T20:06:36+00:00","author":"admin","twitter_card":"summary_large_image","twitter_misc":{"Written by":"admin","Est. reading time":"7 minutes"},"schema":{"@context":"https:\/\/schema.org","@graph":[{"@type":"Article","@id":"https:\/\/fjala.info\/2009-2015\/qe-te-fitoje-shqiperia\/#article","isPartOf":{"@id":"https:\/\/fjala.info\/2009-2015\/qe-te-fitoje-shqiperia\/"},"author":{"name":"admin","@id":"https:\/\/fjala.info\/2009-2015\/#\/schema\/person\/3aa1163ef05469c496fc94e77611ada2"},"headline":"Q\u00eb t\u00eb fitoj\u00eb Shqip\u00ebria","datePublished":"2012-05-20T20:06:36+00:00","mainEntityOfPage":{"@id":"https:\/\/fjala.info\/2009-2015\/qe-te-fitoje-shqiperia\/"},"wordCount":1384,"commentCount":0,"publisher":{"@id":"https:\/\/fjala.info\/2009-2015\/#organization"},"articleSection":["Artikuj"],"inLanguage":"sq-AL","potentialAction":[{"@type":"CommentAction","name":"Comment","target":["https:\/\/fjala.info\/2009-2015\/qe-te-fitoje-shqiperia\/#respond"]}]},{"@type":"WebPage","@id":"https:\/\/fjala.info\/2009-2015\/qe-te-fitoje-shqiperia\/","url":"https:\/\/fjala.info\/2009-2015\/qe-te-fitoje-shqiperia\/","name":"Q\u00eb t\u00eb fitoj\u00eb Shqip\u00ebria - FjALA e LIR\u00cb - Arkivi","isPartOf":{"@id":"https:\/\/fjala.info\/2009-2015\/#website"},"datePublished":"2012-05-20T20:06:36+00:00","breadcrumb":{"@id":"https:\/\/fjala.info\/2009-2015\/qe-te-fitoje-shqiperia\/#breadcrumb"},"inLanguage":"sq-AL","potentialAction":[{"@type":"ReadAction","target":["https:\/\/fjala.info\/2009-2015\/qe-te-fitoje-shqiperia\/"]}]},{"@type":"BreadcrumbList","@id":"https:\/\/fjala.info\/2009-2015\/qe-te-fitoje-shqiperia\/#breadcrumb","itemListElement":[{"@type":"ListItem","position":1,"name":"Home","item":"https:\/\/fjala.info\/2009-2015\/"},{"@type":"ListItem","position":2,"name":"Q\u00eb t\u00eb fitoj\u00eb Shqip\u00ebria"}]},{"@type":"WebSite","@id":"https:\/\/fjala.info\/2009-2015\/#website","url":"https:\/\/fjala.info\/2009-2015\/","name":"FjALA e LIR\u00cb - Arkivi","description":"Arkivi 2009-2015","publisher":{"@id":"https:\/\/fjala.info\/2009-2015\/#organization"},"potentialAction":[{"@type":"SearchAction","target":{"@type":"EntryPoint","urlTemplate":"https:\/\/fjala.info\/2009-2015\/?s={search_term_string}"},"query-input":{"@type":"PropertyValueSpecification","valueRequired":true,"valueName":"search_term_string"}}],"inLanguage":"sq-AL"},{"@type":"Organization","@id":"https:\/\/fjala.info\/2009-2015\/#organization","name":"FjALA e LIR\u00cb - Arkivi","url":"https:\/\/fjala.info\/2009-2015\/","logo":{"@type":"ImageObject","inLanguage":"sq-AL","@id":"https:\/\/fjala.info\/2009-2015\/#\/schema\/logo\/image\/","url":"","contentUrl":"","caption":"FjALA e LIR\u00cb - Arkivi"},"image":{"@id":"https:\/\/fjala.info\/2009-2015\/#\/schema\/logo\/image\/"}},{"@type":"Person","@id":"https:\/\/fjala.info\/2009-2015\/#\/schema\/person\/3aa1163ef05469c496fc94e77611ada2","name":"admin","image":{"@type":"ImageObject","inLanguage":"sq-AL","@id":"https:\/\/fjala.info\/2009-2015\/wp-content\/uploads\/2012\/02\/arben_cokaj-120x150.jpg","url":"https:\/\/fjala.info\/2009-2015\/wp-content\/uploads\/2012\/02\/arben_cokaj-120x150.jpg","contentUrl":"https:\/\/fjala.info\/2009-2015\/wp-content\/uploads\/2012\/02\/arben_cokaj-120x150.jpg","caption":"admin"},"description":"Admin, Fjala e Lir\u00eb","sameAs":["https:\/\/fjala.info\/"],"url":"https:\/\/fjala.info\/2009-2015\/author\/admin\/"}]}},"_links":{"self":[{"href":"https:\/\/fjala.info\/2009-2015\/wp-json\/wp\/v2\/posts\/11832","targetHints":{"allow":["GET"]}}],"collection":[{"href":"https:\/\/fjala.info\/2009-2015\/wp-json\/wp\/v2\/posts"}],"about":[{"href":"https:\/\/fjala.info\/2009-2015\/wp-json\/wp\/v2\/types\/post"}],"author":[{"embeddable":true,"href":"https:\/\/fjala.info\/2009-2015\/wp-json\/wp\/v2\/users\/1"}],"replies":[{"embeddable":true,"href":"https:\/\/fjala.info\/2009-2015\/wp-json\/wp\/v2\/comments?post=11832"}],"version-history":[{"count":0,"href":"https:\/\/fjala.info\/2009-2015\/wp-json\/wp\/v2\/posts\/11832\/revisions"}],"wp:attachment":[{"href":"https:\/\/fjala.info\/2009-2015\/wp-json\/wp\/v2\/media?parent=11832"}],"wp:term":[{"taxonomy":"category","embeddable":true,"href":"https:\/\/fjala.info\/2009-2015\/wp-json\/wp\/v2\/categories?post=11832"},{"taxonomy":"post_tag","embeddable":true,"href":"https:\/\/fjala.info\/2009-2015\/wp-json\/wp\/v2\/tags?post=11832"}],"curies":[{"name":"wp","href":"https:\/\/api.w.org\/{rel}","templated":true}]}}