{"id":11831,"date":"2012-05-19T07:37:12","date_gmt":"2012-05-19T06:37:12","guid":{"rendered":"http:\/\/fjala.shkoder.net\/?p=2830"},"modified":"2012-05-19T07:37:12","modified_gmt":"2012-05-19T06:37:12","slug":"skandali-kontrata-nje-30-vjecar-bullgar-bleu-gjirin-e-kakomese","status":"publish","type":"post","link":"https:\/\/fjala.info\/2009-2015\/skandali-kontrata-nje-30-vjecar-bullgar-bleu-gjirin-e-kakomese\/","title":{"rendered":"Skandali: Kontrata, nj\u00eb 30-vje\u00e7ar bullgar bleu gjirin e Kakomes\u00eb"},"content":{"rendered":"<p><img decoding=\"async\" class=\"alignright size-thumbnail wp-image-7236\" title=\"Jeko Petkov Kolev\" src=\"http:\/\/www.shkoder.net\/2012\/jeko_petkov_kolev.jpg\" alt=\"\" width=\"300\" \/> TIRAN\u00cb &#8211; Nj\u00eb shtetas bullgar 30-vje\u00e7ar \u00ebsht\u00eb bler\u00ebsi zyrtar i 290 mij\u00eb metrave tok\u00eb n\u00eb Gjirin e Kakomes\u00eb. N\u00eb kontrat\u00ebn e shitjes q\u00eb mban dat\u00ebn 23 mars 2012 mes zyr\u00ebs s\u00eb ALUIZN-it, p\u00ebrfaq\u00ebsuar nga ish-drejtori Shaban Memia, bler\u00ebsi \u201cRiviera Kakome\u201d p\u00ebrfaq\u00ebsohet nga shtetasi Jeko Petkov Kolev, i dat\u00eblindjes 1982. Kolev shfaqet t\u00eb p\u00ebrfaq\u00ebsues i Dhom\u00ebs s\u00eb Tregtis\u00eb dhe Industris\u00eb Bullgaro-Shqiptare, nj\u00eb shoqate jofitimprur\u00ebse, regjistruar pran\u00eb Gjykat\u00ebs s\u00eb Rrethit Gjyq\u00ebsor Tiran\u00eb, me nr. Vendimi 2701, dat\u00eb 07\/12\/2009. Kolev \u00ebsht\u00eb aty an\u00ebtar i Bordit Drejtues, bashk\u00eb me shtetasit e tjer\u00eb bashk\u00ebpatriot\u00eb: Bozhidar Mihaylov Todorov; Petyo Petkov Toshev dhe Martin Danovsky.<\/p>\n<p>Zyrtarisht b\u00ebjn\u00eb sh\u00ebrbime ligjore p\u00ebr biznes n\u00eb Shqip\u00ebri deri te dh\u00ebnia e licencave p\u00ebr nd\u00ebrtim, p\u00ebr import, transport, shp\u00ebrndarjen e ila\u00e7eve, p\u00ebrgatitje t\u00eb dokumentacionit p\u00ebr t\u00eb marr\u00eb pjes\u00eb n\u00eb tenderat p\u00ebr projektet e sektor\u00ebve t\u00eb ndrysh\u00ebm t\u00eb ekonomis\u00eb shqiptare, ku investitor \u00ebsht\u00eb shteti shqiptar, Komisionit Evropian, Banka Bot\u00ebrore, Banka Evropiane p\u00ebr Rind\u00ebrtim dhe Zhvillim dhe institucioneve t\u00eb tjera dhe donator\u00eb te tjere t\u00eb pranish\u00ebm n\u00eb Shqip\u00ebri. Selin\u00eb e ka n\u00eb Tiran\u00eb, n\u00eb katin e 14 t\u00eb Kullat Binjake p\u00ebrball\u00eb selis\u00eb s\u00eb qeveris\u00eb shqiptare. Numrat e kontaktit nuk t\u00eb ndihmojn\u00eb, madje numri celular nuk ekziston.<\/p>\n<p>(<em>Shkrimin e plot\u00eb e lexoni n\u00eb numrin e sot\u00ebm t\u00eb Shqiptarja.com<\/em>)<\/p>\n<p>(aq\/shqiptarja.com)<\/p>\n","protected":false},"excerpt":{"rendered":"<p>TIRAN\u00cb &#8211; Nj\u00eb shtetas bullgar 30-vje\u00e7ar \u00ebsht\u00eb bler\u00ebsi zyrtar i 290 mij\u00eb metrave tok\u00eb n\u00eb Gjirin e Kakomes\u00eb. N\u00eb kontrat\u00ebn e shitjes q\u00eb mban dat\u00ebn 23 mars 2012 mes zyr\u00ebs s\u00eb ALUIZN-it, p\u00ebrfaq\u00ebsuar nga ish-drejtori Shaban Memia, bler\u00ebsi \u201cRiviera Kakome\u201d p\u00ebrfaq\u00ebsohet nga shtetasi Jeko Petkov Kolev, i dat\u00eblindjes 1982. Kolev shfaqet t\u00eb p\u00ebrfaq\u00ebsues i Dhom\u00ebs [&hellip;]<\/p>\n","protected":false},"author":1,"featured_media":0,"comment_status":"open","ping_status":"closed","sticky":false,"template":"","format":"standard","meta":{"footnotes":""},"categories":[5],"tags":[],"class_list":{"0":"post-11831","1":"post","2":"type-post","3":"status-publish","4":"format-standard","6":"category-lajme"},"yoast_head":"<!-- This site is optimized with the Yoast SEO plugin v27.4 - https:\/\/yoast.com\/product\/yoast-seo-wordpress\/ -->\n<title>Skandali: Kontrata, nj\u00eb 30-vje\u00e7ar bullgar bleu gjirin e Kakomes\u00eb - FjALA e LIR\u00cb - Arkivi<\/title>\n<meta name=\"robots\" content=\"index, follow, max-snippet:-1, max-image-preview:large, max-video-preview:-1\" \/>\n<link rel=\"canonical\" href=\"https:\/\/fjala.info\/2009-2015\/skandali-kontrata-nje-30-vjecar-bullgar-bleu-gjirin-e-kakomese\/\" \/>\n<meta property=\"og:locale\" content=\"sq_AL\" \/>\n<meta property=\"og:type\" content=\"article\" \/>\n<meta property=\"og:title\" content=\"Skandali: Kontrata, nj\u00eb 30-vje\u00e7ar bullgar bleu gjirin e Kakomes\u00eb - FjALA e LIR\u00cb - Arkivi\" \/>\n<meta property=\"og:description\" content=\"TIRAN\u00cb &#8211; Nj\u00eb shtetas bullgar 30-vje\u00e7ar \u00ebsht\u00eb bler\u00ebsi zyrtar i 290 mij\u00eb metrave tok\u00eb n\u00eb Gjirin e Kakomes\u00eb. N\u00eb kontrat\u00ebn e shitjes q\u00eb mban dat\u00ebn 23 mars 2012 mes zyr\u00ebs s\u00eb ALUIZN-it, p\u00ebrfaq\u00ebsuar nga ish-drejtori Shaban Memia, bler\u00ebsi \u201cRiviera Kakome\u201d p\u00ebrfaq\u00ebsohet nga shtetasi Jeko Petkov Kolev, i dat\u00eblindjes 1982. Kolev shfaqet t\u00eb p\u00ebrfaq\u00ebsues i Dhom\u00ebs [&hellip;]\" \/>\n<meta property=\"og:url\" content=\"https:\/\/fjala.info\/2009-2015\/skandali-kontrata-nje-30-vjecar-bullgar-bleu-gjirin-e-kakomese\/\" \/>\n<meta property=\"og:site_name\" content=\"FjALA e LIR\u00cb - Arkivi\" \/>\n<meta property=\"article:published_time\" content=\"2012-05-19T06:37:12+00:00\" \/>\n<meta property=\"og:image\" content=\"http:\/\/www.shkoder.net\/2012\/jeko_petkov_kolev.jpg\" \/>\n<meta name=\"author\" content=\"admin\" \/>\n<meta name=\"twitter:card\" content=\"summary_large_image\" \/>\n<meta name=\"twitter:label1\" content=\"Written by\" \/>\n\t<meta name=\"twitter:data1\" content=\"admin\" \/>\n\t<meta name=\"twitter:label2\" content=\"Est. reading time\" \/>\n\t<meta name=\"twitter:data2\" content=\"1 minute\" \/>\n<script type=\"application\/ld+json\" class=\"yoast-schema-graph\">{\"@context\":\"https:\\\/\\\/schema.org\",\"@graph\":[{\"@type\":\"Article\",\"@id\":\"https:\\\/\\\/fjala.info\\\/2009-2015\\\/skandali-kontrata-nje-30-vjecar-bullgar-bleu-gjirin-e-kakomese\\\/#article\",\"isPartOf\":{\"@id\":\"https:\\\/\\\/fjala.info\\\/2009-2015\\\/skandali-kontrata-nje-30-vjecar-bullgar-bleu-gjirin-e-kakomese\\\/\"},\"author\":{\"name\":\"admin\",\"@id\":\"https:\\\/\\\/fjala.info\\\/2009-2015\\\/#\\\/schema\\\/person\\\/3aa1163ef05469c496fc94e77611ada2\"},\"headline\":\"Skandali: Kontrata, nj\u00eb 30-vje\u00e7ar bullgar bleu gjirin e Kakomes\u00eb\",\"datePublished\":\"2012-05-19T06:37:12+00:00\",\"mainEntityOfPage\":{\"@id\":\"https:\\\/\\\/fjala.info\\\/2009-2015\\\/skandali-kontrata-nje-30-vjecar-bullgar-bleu-gjirin-e-kakomese\\\/\"},\"wordCount\":251,\"commentCount\":0,\"publisher\":{\"@id\":\"https:\\\/\\\/fjala.info\\\/2009-2015\\\/#organization\"},\"image\":{\"@id\":\"https:\\\/\\\/fjala.info\\\/2009-2015\\\/skandali-kontrata-nje-30-vjecar-bullgar-bleu-gjirin-e-kakomese\\\/#primaryimage\"},\"thumbnailUrl\":\"http:\\\/\\\/www.shkoder.net\\\/2012\\\/jeko_petkov_kolev.jpg\",\"articleSection\":[\"Lajme\"],\"inLanguage\":\"sq-AL\",\"potentialAction\":[{\"@type\":\"CommentAction\",\"name\":\"Comment\",\"target\":[\"https:\\\/\\\/fjala.info\\\/2009-2015\\\/skandali-kontrata-nje-30-vjecar-bullgar-bleu-gjirin-e-kakomese\\\/#respond\"]}]},{\"@type\":\"WebPage\",\"@id\":\"https:\\\/\\\/fjala.info\\\/2009-2015\\\/skandali-kontrata-nje-30-vjecar-bullgar-bleu-gjirin-e-kakomese\\\/\",\"url\":\"https:\\\/\\\/fjala.info\\\/2009-2015\\\/skandali-kontrata-nje-30-vjecar-bullgar-bleu-gjirin-e-kakomese\\\/\",\"name\":\"Skandali: Kontrata, nj\u00eb 30-vje\u00e7ar bullgar bleu gjirin e Kakomes\u00eb - FjALA e LIR\u00cb - Arkivi\",\"isPartOf\":{\"@id\":\"https:\\\/\\\/fjala.info\\\/2009-2015\\\/#website\"},\"primaryImageOfPage\":{\"@id\":\"https:\\\/\\\/fjala.info\\\/2009-2015\\\/skandali-kontrata-nje-30-vjecar-bullgar-bleu-gjirin-e-kakomese\\\/#primaryimage\"},\"image\":{\"@id\":\"https:\\\/\\\/fjala.info\\\/2009-2015\\\/skandali-kontrata-nje-30-vjecar-bullgar-bleu-gjirin-e-kakomese\\\/#primaryimage\"},\"thumbnailUrl\":\"http:\\\/\\\/www.shkoder.net\\\/2012\\\/jeko_petkov_kolev.jpg\",\"datePublished\":\"2012-05-19T06:37:12+00:00\",\"breadcrumb\":{\"@id\":\"https:\\\/\\\/fjala.info\\\/2009-2015\\\/skandali-kontrata-nje-30-vjecar-bullgar-bleu-gjirin-e-kakomese\\\/#breadcrumb\"},\"inLanguage\":\"sq-AL\",\"potentialAction\":[{\"@type\":\"ReadAction\",\"target\":[\"https:\\\/\\\/fjala.info\\\/2009-2015\\\/skandali-kontrata-nje-30-vjecar-bullgar-bleu-gjirin-e-kakomese\\\/\"]}]},{\"@type\":\"ImageObject\",\"inLanguage\":\"sq-AL\",\"@id\":\"https:\\\/\\\/fjala.info\\\/2009-2015\\\/skandali-kontrata-nje-30-vjecar-bullgar-bleu-gjirin-e-kakomese\\\/#primaryimage\",\"url\":\"http:\\\/\\\/www.shkoder.net\\\/2012\\\/jeko_petkov_kolev.jpg\",\"contentUrl\":\"http:\\\/\\\/www.shkoder.net\\\/2012\\\/jeko_petkov_kolev.jpg\"},{\"@type\":\"BreadcrumbList\",\"@id\":\"https:\\\/\\\/fjala.info\\\/2009-2015\\\/skandali-kontrata-nje-30-vjecar-bullgar-bleu-gjirin-e-kakomese\\\/#breadcrumb\",\"itemListElement\":[{\"@type\":\"ListItem\",\"position\":1,\"name\":\"Home\",\"item\":\"https:\\\/\\\/fjala.info\\\/2009-2015\\\/\"},{\"@type\":\"ListItem\",\"position\":2,\"name\":\"Skandali: Kontrata, nj\u00eb 30-vje\u00e7ar bullgar bleu gjirin e Kakomes\u00eb\"}]},{\"@type\":\"WebSite\",\"@id\":\"https:\\\/\\\/fjala.info\\\/2009-2015\\\/#website\",\"url\":\"https:\\\/\\\/fjala.info\\\/2009-2015\\\/\",\"name\":\"FjALA e LIR\u00cb - Arkivi\",\"description\":\"Arkivi 2009-2015\",\"publisher\":{\"@id\":\"https:\\\/\\\/fjala.info\\\/2009-2015\\\/#organization\"},\"potentialAction\":[{\"@type\":\"SearchAction\",\"target\":{\"@type\":\"EntryPoint\",\"urlTemplate\":\"https:\\\/\\\/fjala.info\\\/2009-2015\\\/?s={search_term_string}\"},\"query-input\":{\"@type\":\"PropertyValueSpecification\",\"valueRequired\":true,\"valueName\":\"search_term_string\"}}],\"inLanguage\":\"sq-AL\"},{\"@type\":\"Organization\",\"@id\":\"https:\\\/\\\/fjala.info\\\/2009-2015\\\/#organization\",\"name\":\"FjALA e LIR\u00cb - Arkivi\",\"url\":\"https:\\\/\\\/fjala.info\\\/2009-2015\\\/\",\"logo\":{\"@type\":\"ImageObject\",\"inLanguage\":\"sq-AL\",\"@id\":\"https:\\\/\\\/fjala.info\\\/2009-2015\\\/#\\\/schema\\\/logo\\\/image\\\/\",\"url\":\"\",\"contentUrl\":\"\",\"caption\":\"FjALA e LIR\u00cb - Arkivi\"},\"image\":{\"@id\":\"https:\\\/\\\/fjala.info\\\/2009-2015\\\/#\\\/schema\\\/logo\\\/image\\\/\"}},{\"@type\":\"Person\",\"@id\":\"https:\\\/\\\/fjala.info\\\/2009-2015\\\/#\\\/schema\\\/person\\\/3aa1163ef05469c496fc94e77611ada2\",\"name\":\"admin\",\"image\":{\"@type\":\"ImageObject\",\"inLanguage\":\"sq-AL\",\"@id\":\"https:\\\/\\\/fjala.info\\\/2009-2015\\\/wp-content\\\/uploads\\\/2012\\\/02\\\/arben_cokaj-120x150.jpg\",\"url\":\"https:\\\/\\\/fjala.info\\\/2009-2015\\\/wp-content\\\/uploads\\\/2012\\\/02\\\/arben_cokaj-120x150.jpg\",\"contentUrl\":\"https:\\\/\\\/fjala.info\\\/2009-2015\\\/wp-content\\\/uploads\\\/2012\\\/02\\\/arben_cokaj-120x150.jpg\",\"caption\":\"admin\"},\"description\":\"Admin, Fjala e Lir\u00eb\",\"sameAs\":[\"https:\\\/\\\/fjala.info\\\/\"],\"url\":\"https:\\\/\\\/fjala.info\\\/2009-2015\\\/author\\\/admin\\\/\"}]}<\/script>\n<!-- \/ Yoast SEO plugin. -->","yoast_head_json":{"title":"Skandali: Kontrata, nj\u00eb 30-vje\u00e7ar bullgar bleu gjirin e Kakomes\u00eb - FjALA e LIR\u00cb - Arkivi","robots":{"index":"index","follow":"follow","max-snippet":"max-snippet:-1","max-image-preview":"max-image-preview:large","max-video-preview":"max-video-preview:-1"},"canonical":"https:\/\/fjala.info\/2009-2015\/skandali-kontrata-nje-30-vjecar-bullgar-bleu-gjirin-e-kakomese\/","og_locale":"sq_AL","og_type":"article","og_title":"Skandali: Kontrata, nj\u00eb 30-vje\u00e7ar bullgar bleu gjirin e Kakomes\u00eb - FjALA e LIR\u00cb - Arkivi","og_description":"TIRAN\u00cb &#8211; Nj\u00eb shtetas bullgar 30-vje\u00e7ar \u00ebsht\u00eb bler\u00ebsi zyrtar i 290 mij\u00eb metrave tok\u00eb n\u00eb Gjirin e Kakomes\u00eb. N\u00eb kontrat\u00ebn e shitjes q\u00eb mban dat\u00ebn 23 mars 2012 mes zyr\u00ebs s\u00eb ALUIZN-it, p\u00ebrfaq\u00ebsuar nga ish-drejtori Shaban Memia, bler\u00ebsi \u201cRiviera Kakome\u201d p\u00ebrfaq\u00ebsohet nga shtetasi Jeko Petkov Kolev, i dat\u00eblindjes 1982. Kolev shfaqet t\u00eb p\u00ebrfaq\u00ebsues i Dhom\u00ebs [&hellip;]","og_url":"https:\/\/fjala.info\/2009-2015\/skandali-kontrata-nje-30-vjecar-bullgar-bleu-gjirin-e-kakomese\/","og_site_name":"FjALA e LIR\u00cb - Arkivi","article_published_time":"2012-05-19T06:37:12+00:00","og_image":[{"url":"http:\/\/www.shkoder.net\/2012\/jeko_petkov_kolev.jpg","type":"","width":"","height":""}],"author":"admin","twitter_card":"summary_large_image","twitter_misc":{"Written by":"admin","Est. reading time":"1 minute"},"schema":{"@context":"https:\/\/schema.org","@graph":[{"@type":"Article","@id":"https:\/\/fjala.info\/2009-2015\/skandali-kontrata-nje-30-vjecar-bullgar-bleu-gjirin-e-kakomese\/#article","isPartOf":{"@id":"https:\/\/fjala.info\/2009-2015\/skandali-kontrata-nje-30-vjecar-bullgar-bleu-gjirin-e-kakomese\/"},"author":{"name":"admin","@id":"https:\/\/fjala.info\/2009-2015\/#\/schema\/person\/3aa1163ef05469c496fc94e77611ada2"},"headline":"Skandali: Kontrata, nj\u00eb 30-vje\u00e7ar bullgar bleu gjirin e Kakomes\u00eb","datePublished":"2012-05-19T06:37:12+00:00","mainEntityOfPage":{"@id":"https:\/\/fjala.info\/2009-2015\/skandali-kontrata-nje-30-vjecar-bullgar-bleu-gjirin-e-kakomese\/"},"wordCount":251,"commentCount":0,"publisher":{"@id":"https:\/\/fjala.info\/2009-2015\/#organization"},"image":{"@id":"https:\/\/fjala.info\/2009-2015\/skandali-kontrata-nje-30-vjecar-bullgar-bleu-gjirin-e-kakomese\/#primaryimage"},"thumbnailUrl":"http:\/\/www.shkoder.net\/2012\/jeko_petkov_kolev.jpg","articleSection":["Lajme"],"inLanguage":"sq-AL","potentialAction":[{"@type":"CommentAction","name":"Comment","target":["https:\/\/fjala.info\/2009-2015\/skandali-kontrata-nje-30-vjecar-bullgar-bleu-gjirin-e-kakomese\/#respond"]}]},{"@type":"WebPage","@id":"https:\/\/fjala.info\/2009-2015\/skandali-kontrata-nje-30-vjecar-bullgar-bleu-gjirin-e-kakomese\/","url":"https:\/\/fjala.info\/2009-2015\/skandali-kontrata-nje-30-vjecar-bullgar-bleu-gjirin-e-kakomese\/","name":"Skandali: Kontrata, nj\u00eb 30-vje\u00e7ar bullgar bleu gjirin e Kakomes\u00eb - FjALA e LIR\u00cb - Arkivi","isPartOf":{"@id":"https:\/\/fjala.info\/2009-2015\/#website"},"primaryImageOfPage":{"@id":"https:\/\/fjala.info\/2009-2015\/skandali-kontrata-nje-30-vjecar-bullgar-bleu-gjirin-e-kakomese\/#primaryimage"},"image":{"@id":"https:\/\/fjala.info\/2009-2015\/skandali-kontrata-nje-30-vjecar-bullgar-bleu-gjirin-e-kakomese\/#primaryimage"},"thumbnailUrl":"http:\/\/www.shkoder.net\/2012\/jeko_petkov_kolev.jpg","datePublished":"2012-05-19T06:37:12+00:00","breadcrumb":{"@id":"https:\/\/fjala.info\/2009-2015\/skandali-kontrata-nje-30-vjecar-bullgar-bleu-gjirin-e-kakomese\/#breadcrumb"},"inLanguage":"sq-AL","potentialAction":[{"@type":"ReadAction","target":["https:\/\/fjala.info\/2009-2015\/skandali-kontrata-nje-30-vjecar-bullgar-bleu-gjirin-e-kakomese\/"]}]},{"@type":"ImageObject","inLanguage":"sq-AL","@id":"https:\/\/fjala.info\/2009-2015\/skandali-kontrata-nje-30-vjecar-bullgar-bleu-gjirin-e-kakomese\/#primaryimage","url":"http:\/\/www.shkoder.net\/2012\/jeko_petkov_kolev.jpg","contentUrl":"http:\/\/www.shkoder.net\/2012\/jeko_petkov_kolev.jpg"},{"@type":"BreadcrumbList","@id":"https:\/\/fjala.info\/2009-2015\/skandali-kontrata-nje-30-vjecar-bullgar-bleu-gjirin-e-kakomese\/#breadcrumb","itemListElement":[{"@type":"ListItem","position":1,"name":"Home","item":"https:\/\/fjala.info\/2009-2015\/"},{"@type":"ListItem","position":2,"name":"Skandali: Kontrata, nj\u00eb 30-vje\u00e7ar bullgar bleu gjirin e Kakomes\u00eb"}]},{"@type":"WebSite","@id":"https:\/\/fjala.info\/2009-2015\/#website","url":"https:\/\/fjala.info\/2009-2015\/","name":"FjALA e LIR\u00cb - Arkivi","description":"Arkivi 2009-2015","publisher":{"@id":"https:\/\/fjala.info\/2009-2015\/#organization"},"potentialAction":[{"@type":"SearchAction","target":{"@type":"EntryPoint","urlTemplate":"https:\/\/fjala.info\/2009-2015\/?s={search_term_string}"},"query-input":{"@type":"PropertyValueSpecification","valueRequired":true,"valueName":"search_term_string"}}],"inLanguage":"sq-AL"},{"@type":"Organization","@id":"https:\/\/fjala.info\/2009-2015\/#organization","name":"FjALA e LIR\u00cb - Arkivi","url":"https:\/\/fjala.info\/2009-2015\/","logo":{"@type":"ImageObject","inLanguage":"sq-AL","@id":"https:\/\/fjala.info\/2009-2015\/#\/schema\/logo\/image\/","url":"","contentUrl":"","caption":"FjALA e LIR\u00cb - Arkivi"},"image":{"@id":"https:\/\/fjala.info\/2009-2015\/#\/schema\/logo\/image\/"}},{"@type":"Person","@id":"https:\/\/fjala.info\/2009-2015\/#\/schema\/person\/3aa1163ef05469c496fc94e77611ada2","name":"admin","image":{"@type":"ImageObject","inLanguage":"sq-AL","@id":"https:\/\/fjala.info\/2009-2015\/wp-content\/uploads\/2012\/02\/arben_cokaj-120x150.jpg","url":"https:\/\/fjala.info\/2009-2015\/wp-content\/uploads\/2012\/02\/arben_cokaj-120x150.jpg","contentUrl":"https:\/\/fjala.info\/2009-2015\/wp-content\/uploads\/2012\/02\/arben_cokaj-120x150.jpg","caption":"admin"},"description":"Admin, Fjala e Lir\u00eb","sameAs":["https:\/\/fjala.info\/"],"url":"https:\/\/fjala.info\/2009-2015\/author\/admin\/"}]}},"_links":{"self":[{"href":"https:\/\/fjala.info\/2009-2015\/wp-json\/wp\/v2\/posts\/11831","targetHints":{"allow":["GET"]}}],"collection":[{"href":"https:\/\/fjala.info\/2009-2015\/wp-json\/wp\/v2\/posts"}],"about":[{"href":"https:\/\/fjala.info\/2009-2015\/wp-json\/wp\/v2\/types\/post"}],"author":[{"embeddable":true,"href":"https:\/\/fjala.info\/2009-2015\/wp-json\/wp\/v2\/users\/1"}],"replies":[{"embeddable":true,"href":"https:\/\/fjala.info\/2009-2015\/wp-json\/wp\/v2\/comments?post=11831"}],"version-history":[{"count":0,"href":"https:\/\/fjala.info\/2009-2015\/wp-json\/wp\/v2\/posts\/11831\/revisions"}],"wp:attachment":[{"href":"https:\/\/fjala.info\/2009-2015\/wp-json\/wp\/v2\/media?parent=11831"}],"wp:term":[{"taxonomy":"category","embeddable":true,"href":"https:\/\/fjala.info\/2009-2015\/wp-json\/wp\/v2\/categories?post=11831"},{"taxonomy":"post_tag","embeddable":true,"href":"https:\/\/fjala.info\/2009-2015\/wp-json\/wp\/v2\/tags?post=11831"}],"curies":[{"name":"wp","href":"https:\/\/api.w.org\/{rel}","templated":true}]}}