{"id":11829,"date":"2012-05-18T22:13:09","date_gmt":"2012-05-18T21:13:09","guid":{"rendered":"http:\/\/fjala.shkoder.net\/?p=2817"},"modified":"2012-05-18T22:13:09","modified_gmt":"2012-05-18T21:13:09","slug":"reagon-myslym-pashaj-ligji-per-kufijte-detare-serish-antikushtetues","status":"publish","type":"post","link":"https:\/\/fjala.info\/2009-2015\/reagon-myslym-pashaj-ligji-per-kufijte-detare-serish-antikushtetues\/","title":{"rendered":"Reagon Myslym Pashaj: Ligji p\u00ebr kufijt\u00eb detar\u00eb, s\u00ebrish antikushtetues"},"content":{"rendered":"<p><img decoding=\"async\" class=\"alignright size-thumbnail wp-image-7236\" title=\"Myslym Pasha\" src=\"http:\/\/www.shkoder.net\/images\/fjala\/2010\/myslym_pasha.jpg\" alt=\"\" width=\"200\" \/> <strong>TemA Online<\/strong>, <em>18 Maj 2012<\/em><\/p>\n<p>Koloneli Myslym Pashaj, i cili b\u00ebri betej\u00ebn p\u00ebr anulimin e Marr\u00ebveshjes s\u00eb Kufijve Detar\u00eb me Greqin\u00eb, ka reaguar ndaj ligjit t\u00eb ri p\u00ebr kufijt\u00eb detar\u00eb, q\u00eb po diskutohet n\u00eb parlament, dhe shpreh rezervat e tij p\u00ebr ambiguitetet q\u00eb ai lejon, t\u00eb cilat cenojn\u00eb Kushtetut\u00ebn e Shqip\u00ebris\u00eb.<\/p>\n<p>N\u00eb nj\u00eb deklarat\u00eb p\u00ebr shtyp, Pashaj i b\u00ebn apel \u201cspecialist\u00ebve gjeograf\u00eb dhe ligjor\u00eb, studiuesve t\u00eb Akademis\u00eb s\u00eb Shkencave, Institutit t\u00eb Gjeoshkencave, Departamenteve t\u00eb Gjeografis\u00eb t\u00eb Universitetit t\u00eb Tiran\u00ebs, t\u00eb s\u00eb Drejt\u00ebs Nd\u00ebrkomb\u00ebtare dhe Detare, student\u00ebve t\u00eb gjeodezis\u00eb, hartografis\u00eb, gjeomatematik\u00ebs, t\u00eb demonstrojn\u00eb ndaj k\u00ebtij ligji t\u00eb hartuar n\u00eb kund\u00ebrshtim me Kushtetut\u00ebn e Shqip\u00ebris\u00eb.\u201d<\/p>\n<p>\u201cKy \u00ebsht\u00eb nj\u00eb alarm i v\u00ebrtet\u00eb, nj\u00eb kamban\u00eb p\u00ebr vesh\u00ebt e shqiptar\u00ebve se sa posht\u00eb kan\u00eb r\u00ebn\u00eb institucionet, studiuesit dhe ligjv\u00ebn\u00ebsit e k\u00ebtij shteti n\u00eb njohjen e Shqip\u00ebris\u00eb s\u00eb tyre, se sa pap\u00ebrgjegjshm\u00ebri skajore shp\u00ebrfaqin kuvendar\u00ebt ligjor\u00eb dhe ata t\u00eb siguris\u00eb komb\u00ebtare teksa risjellin nj\u00eb ligj t\u00eb till\u00eb, q\u00eb \u00ebsht\u00eb nj\u00eb njoll\u00eb turpi. Deti Jon i shqiptar\u00ebve nuk mbaron deri tek Kepi i Sarand\u00ebs or kuvendar\u00eb! Nuk ka as \u201cKep t\u00eb Sarand\u00ebs\u201d dhe ju keni b\u00ebr\u00eb nj\u00eb shkelje t\u00eb r\u00ebnd\u00eb n\u00eb p\u00ebrshkrimin e Uj\u00ebrave t\u00eb Brendshme duke ia hapur der\u00ebn e detit p\u00ebr negocime t\u00eb reja shtetit fqinj, gjersa na keni bashkuar nj\u00eb vij\u00eb t\u00eb drejt\u00eb Kepin e Qefalit e Kepin e Sarand\u00ebs.<\/p>\n<p>Po m\u00eb tej pse nuk keni shkuar? Kush iu ka penguar!?<\/p>\n<p>Vijat bazore q\u00eb keni p\u00ebrcaktuar e kan\u00eb nxjerr\u00eb n\u00eb treg detin e shqiptar\u00ebve.<\/p>\n<p>T\u00eb gjith\u00eb, pika (1) dhe (2) e nenit 3, jan\u00eb t\u00eb pasakta n\u00eb terma ligjor\u00eb nd\u00ebrkomb\u00ebtar\u00eb dhe nuk japin \u201cvij\u00ebn bazore\u201d, t\u00eb cil\u00ebn duhet ta p\u00ebrkufizoj\u00eb Ligji Detar i Brendsh\u00ebm. Nuk mund t\u00eb ket\u00eb kufij pa nj\u00eb vij\u00eb bazore t\u00eb sakt\u00eb. P\u00ebrfytyroni se \u00ebsht\u00eb l\u00ebn\u00eb edhe em\u00ebrtimi \u201c\u2026i kufirit shqiptaro-jugosllav (Mali i Zi) \u201cme nj\u00eb shtrirje q\u00eb s\u2019mund t\u00eb kuptohet dot.<\/p>\n<p>Ky ligj nuk duhet t\u00eb kaloj\u00eb n\u00eb Parlament mbasi ai nuk ka p\u00ebrkufizuar vijat bazore, em\u00ebrtimet e sakta t\u00eb kepeve, koordinatat e sakt\u00eb t\u00eb vij\u00ebdrejtave baz\u00eb nga nis matja dhe llogaritje e vij\u00ebs s\u00eb mesme t\u00eb Ngushtes\u00ebs s\u00eb Korfuzit, e cila p\u00ebr t\u00eb dy shtetet \u00ebsht\u00eb brenda 12 md (miljeve detare) \u00e7ka ka t\u00eb b\u00ebj\u00eb edhe me m\u00ebvet\u00ebsin\u00eb territoriale t\u00eb t\u00eb dy vendeve fqinj\u00eb. Em\u00ebrtimet q\u00eb jan\u00eb dh\u00ebn\u00eb, jan\u00eb \u00e7\u2019orientime t\u00eb m\u00ebdha e t\u00eb duken sikur i kan\u00eb hartuar ata q\u00eb nuk kan\u00eb qen\u00eb kurr\u00eb n\u00eb k\u00ebt\u00eb vend dhe jo specialist\u00eb shqiptar\u00eb. Nuk jan\u00eb ndar\u00eb gjiret q\u00eb p\u00ebrmbushin kushtin gjeometrik si gjiri i Tetranisit as Kanali i Butrintit etj.\u201d<\/p>\n<p>Nd\u00ebrkoh\u00eb Aleanca KuqeZi kund\u00ebrshton me \u201ct\u00eb nj\u00ebjtin intensitet dhe skandalin e radh\u00ebs s\u00eb kuvendar\u00ebve t\u00eb Shqip\u00ebris\u00eb, t\u00eb cil\u00ebt nuk u mjaftuan m\u00eb nj\u00eb vit skandal dhe rr\u00ebzimin q\u00eb Gjykata Kushtetuese i b\u00ebri afer\u00ebs s\u00eb politik\u00ebs s\u00eb gjunj\u00ebzuar shqiptare ndaj asaj helene. Ky kuvend dhe k\u00ebta kuvendar v\u00ebrtetojn\u00eb dit\u00ebpasdite se nuk jan\u00eb asgj\u00eb m\u00eb shum\u00eb se sa hara\u00e7e t\u00eb presionit grek.\u201d<\/p>\n","protected":false},"excerpt":{"rendered":"<p>TemA Online, 18 Maj 2012 Koloneli Myslym Pashaj, i cili b\u00ebri betej\u00ebn p\u00ebr anulimin e Marr\u00ebveshjes s\u00eb Kufijve Detar\u00eb me Greqin\u00eb, ka reaguar ndaj ligjit t\u00eb ri p\u00ebr kufijt\u00eb detar\u00eb, q\u00eb po diskutohet n\u00eb parlament, dhe shpreh rezervat e tij p\u00ebr ambiguitetet q\u00eb ai lejon, t\u00eb cilat cenojn\u00eb Kushtetut\u00ebn e Shqip\u00ebris\u00eb. N\u00eb nj\u00eb deklarat\u00eb p\u00ebr [&hellip;]<\/p>\n","protected":false},"author":1,"featured_media":0,"comment_status":"open","ping_status":"closed","sticky":false,"template":"","format":"standard","meta":{"footnotes":""},"categories":[2],"tags":[],"class_list":{"0":"post-11829","1":"post","2":"type-post","3":"status-publish","4":"format-standard","6":"category-artikuj"},"yoast_head":"<!-- This site is optimized with the Yoast SEO plugin v27.4 - https:\/\/yoast.com\/product\/yoast-seo-wordpress\/ -->\n<title>Reagon Myslym Pashaj: Ligji p\u00ebr kufijt\u00eb detar\u00eb, s\u00ebrish antikushtetues - FjALA e LIR\u00cb - Arkivi<\/title>\n<meta name=\"robots\" content=\"index, follow, max-snippet:-1, max-image-preview:large, max-video-preview:-1\" \/>\n<link rel=\"canonical\" href=\"https:\/\/fjala.info\/2009-2015\/reagon-myslym-pashaj-ligji-per-kufijte-detare-serish-antikushtetues\/\" \/>\n<meta property=\"og:locale\" content=\"sq_AL\" \/>\n<meta property=\"og:type\" content=\"article\" \/>\n<meta property=\"og:title\" content=\"Reagon Myslym Pashaj: Ligji p\u00ebr kufijt\u00eb detar\u00eb, s\u00ebrish antikushtetues - FjALA e LIR\u00cb - Arkivi\" \/>\n<meta property=\"og:description\" content=\"TemA Online, 18 Maj 2012 Koloneli Myslym Pashaj, i cili b\u00ebri betej\u00ebn p\u00ebr anulimin e Marr\u00ebveshjes s\u00eb Kufijve Detar\u00eb me Greqin\u00eb, ka reaguar ndaj ligjit t\u00eb ri p\u00ebr kufijt\u00eb detar\u00eb, q\u00eb po diskutohet n\u00eb parlament, dhe shpreh rezervat e tij p\u00ebr ambiguitetet q\u00eb ai lejon, t\u00eb cilat cenojn\u00eb Kushtetut\u00ebn e Shqip\u00ebris\u00eb. N\u00eb nj\u00eb deklarat\u00eb p\u00ebr [&hellip;]\" \/>\n<meta property=\"og:url\" content=\"https:\/\/fjala.info\/2009-2015\/reagon-myslym-pashaj-ligji-per-kufijte-detare-serish-antikushtetues\/\" \/>\n<meta property=\"og:site_name\" content=\"FjALA e LIR\u00cb - Arkivi\" \/>\n<meta property=\"article:published_time\" content=\"2012-05-18T21:13:09+00:00\" \/>\n<meta property=\"og:image\" content=\"http:\/\/www.shkoder.net\/images\/fjala\/2010\/myslym_pasha.jpg\" \/>\n<meta name=\"author\" content=\"admin\" \/>\n<meta name=\"twitter:card\" content=\"summary_large_image\" \/>\n<meta name=\"twitter:label1\" content=\"Written by\" \/>\n\t<meta name=\"twitter:data1\" content=\"admin\" \/>\n\t<meta name=\"twitter:label2\" content=\"Est. reading time\" \/>\n\t<meta name=\"twitter:data2\" content=\"3 minutes\" \/>\n<script type=\"application\/ld+json\" class=\"yoast-schema-graph\">{\"@context\":\"https:\\\/\\\/schema.org\",\"@graph\":[{\"@type\":\"Article\",\"@id\":\"https:\\\/\\\/fjala.info\\\/2009-2015\\\/reagon-myslym-pashaj-ligji-per-kufijte-detare-serish-antikushtetues\\\/#article\",\"isPartOf\":{\"@id\":\"https:\\\/\\\/fjala.info\\\/2009-2015\\\/reagon-myslym-pashaj-ligji-per-kufijte-detare-serish-antikushtetues\\\/\"},\"author\":{\"name\":\"admin\",\"@id\":\"https:\\\/\\\/fjala.info\\\/2009-2015\\\/#\\\/schema\\\/person\\\/3aa1163ef05469c496fc94e77611ada2\"},\"headline\":\"Reagon Myslym Pashaj: Ligji p\u00ebr kufijt\u00eb detar\u00eb, s\u00ebrish antikushtetues\",\"datePublished\":\"2012-05-18T21:13:09+00:00\",\"mainEntityOfPage\":{\"@id\":\"https:\\\/\\\/fjala.info\\\/2009-2015\\\/reagon-myslym-pashaj-ligji-per-kufijte-detare-serish-antikushtetues\\\/\"},\"wordCount\":562,\"commentCount\":0,\"publisher\":{\"@id\":\"https:\\\/\\\/fjala.info\\\/2009-2015\\\/#organization\"},\"image\":{\"@id\":\"https:\\\/\\\/fjala.info\\\/2009-2015\\\/reagon-myslym-pashaj-ligji-per-kufijte-detare-serish-antikushtetues\\\/#primaryimage\"},\"thumbnailUrl\":\"http:\\\/\\\/www.shkoder.net\\\/images\\\/fjala\\\/2010\\\/myslym_pasha.jpg\",\"articleSection\":[\"Artikuj\"],\"inLanguage\":\"sq-AL\",\"potentialAction\":[{\"@type\":\"CommentAction\",\"name\":\"Comment\",\"target\":[\"https:\\\/\\\/fjala.info\\\/2009-2015\\\/reagon-myslym-pashaj-ligji-per-kufijte-detare-serish-antikushtetues\\\/#respond\"]}]},{\"@type\":\"WebPage\",\"@id\":\"https:\\\/\\\/fjala.info\\\/2009-2015\\\/reagon-myslym-pashaj-ligji-per-kufijte-detare-serish-antikushtetues\\\/\",\"url\":\"https:\\\/\\\/fjala.info\\\/2009-2015\\\/reagon-myslym-pashaj-ligji-per-kufijte-detare-serish-antikushtetues\\\/\",\"name\":\"Reagon Myslym Pashaj: Ligji p\u00ebr kufijt\u00eb detar\u00eb, s\u00ebrish antikushtetues - FjALA e LIR\u00cb - Arkivi\",\"isPartOf\":{\"@id\":\"https:\\\/\\\/fjala.info\\\/2009-2015\\\/#website\"},\"primaryImageOfPage\":{\"@id\":\"https:\\\/\\\/fjala.info\\\/2009-2015\\\/reagon-myslym-pashaj-ligji-per-kufijte-detare-serish-antikushtetues\\\/#primaryimage\"},\"image\":{\"@id\":\"https:\\\/\\\/fjala.info\\\/2009-2015\\\/reagon-myslym-pashaj-ligji-per-kufijte-detare-serish-antikushtetues\\\/#primaryimage\"},\"thumbnailUrl\":\"http:\\\/\\\/www.shkoder.net\\\/images\\\/fjala\\\/2010\\\/myslym_pasha.jpg\",\"datePublished\":\"2012-05-18T21:13:09+00:00\",\"breadcrumb\":{\"@id\":\"https:\\\/\\\/fjala.info\\\/2009-2015\\\/reagon-myslym-pashaj-ligji-per-kufijte-detare-serish-antikushtetues\\\/#breadcrumb\"},\"inLanguage\":\"sq-AL\",\"potentialAction\":[{\"@type\":\"ReadAction\",\"target\":[\"https:\\\/\\\/fjala.info\\\/2009-2015\\\/reagon-myslym-pashaj-ligji-per-kufijte-detare-serish-antikushtetues\\\/\"]}]},{\"@type\":\"ImageObject\",\"inLanguage\":\"sq-AL\",\"@id\":\"https:\\\/\\\/fjala.info\\\/2009-2015\\\/reagon-myslym-pashaj-ligji-per-kufijte-detare-serish-antikushtetues\\\/#primaryimage\",\"url\":\"http:\\\/\\\/www.shkoder.net\\\/images\\\/fjala\\\/2010\\\/myslym_pasha.jpg\",\"contentUrl\":\"http:\\\/\\\/www.shkoder.net\\\/images\\\/fjala\\\/2010\\\/myslym_pasha.jpg\"},{\"@type\":\"BreadcrumbList\",\"@id\":\"https:\\\/\\\/fjala.info\\\/2009-2015\\\/reagon-myslym-pashaj-ligji-per-kufijte-detare-serish-antikushtetues\\\/#breadcrumb\",\"itemListElement\":[{\"@type\":\"ListItem\",\"position\":1,\"name\":\"Home\",\"item\":\"https:\\\/\\\/fjala.info\\\/2009-2015\\\/\"},{\"@type\":\"ListItem\",\"position\":2,\"name\":\"Reagon Myslym Pashaj: Ligji p\u00ebr kufijt\u00eb detar\u00eb, s\u00ebrish antikushtetues\"}]},{\"@type\":\"WebSite\",\"@id\":\"https:\\\/\\\/fjala.info\\\/2009-2015\\\/#website\",\"url\":\"https:\\\/\\\/fjala.info\\\/2009-2015\\\/\",\"name\":\"FjALA e LIR\u00cb - Arkivi\",\"description\":\"Arkivi 2009-2015\",\"publisher\":{\"@id\":\"https:\\\/\\\/fjala.info\\\/2009-2015\\\/#organization\"},\"potentialAction\":[{\"@type\":\"SearchAction\",\"target\":{\"@type\":\"EntryPoint\",\"urlTemplate\":\"https:\\\/\\\/fjala.info\\\/2009-2015\\\/?s={search_term_string}\"},\"query-input\":{\"@type\":\"PropertyValueSpecification\",\"valueRequired\":true,\"valueName\":\"search_term_string\"}}],\"inLanguage\":\"sq-AL\"},{\"@type\":\"Organization\",\"@id\":\"https:\\\/\\\/fjala.info\\\/2009-2015\\\/#organization\",\"name\":\"FjALA e LIR\u00cb - Arkivi\",\"url\":\"https:\\\/\\\/fjala.info\\\/2009-2015\\\/\",\"logo\":{\"@type\":\"ImageObject\",\"inLanguage\":\"sq-AL\",\"@id\":\"https:\\\/\\\/fjala.info\\\/2009-2015\\\/#\\\/schema\\\/logo\\\/image\\\/\",\"url\":\"\",\"contentUrl\":\"\",\"caption\":\"FjALA e LIR\u00cb - Arkivi\"},\"image\":{\"@id\":\"https:\\\/\\\/fjala.info\\\/2009-2015\\\/#\\\/schema\\\/logo\\\/image\\\/\"}},{\"@type\":\"Person\",\"@id\":\"https:\\\/\\\/fjala.info\\\/2009-2015\\\/#\\\/schema\\\/person\\\/3aa1163ef05469c496fc94e77611ada2\",\"name\":\"admin\",\"image\":{\"@type\":\"ImageObject\",\"inLanguage\":\"sq-AL\",\"@id\":\"https:\\\/\\\/fjala.info\\\/2009-2015\\\/wp-content\\\/uploads\\\/2012\\\/02\\\/arben_cokaj-120x150.jpg\",\"url\":\"https:\\\/\\\/fjala.info\\\/2009-2015\\\/wp-content\\\/uploads\\\/2012\\\/02\\\/arben_cokaj-120x150.jpg\",\"contentUrl\":\"https:\\\/\\\/fjala.info\\\/2009-2015\\\/wp-content\\\/uploads\\\/2012\\\/02\\\/arben_cokaj-120x150.jpg\",\"caption\":\"admin\"},\"description\":\"Admin, Fjala e Lir\u00eb\",\"sameAs\":[\"https:\\\/\\\/fjala.info\\\/\"],\"url\":\"https:\\\/\\\/fjala.info\\\/2009-2015\\\/author\\\/admin\\\/\"}]}<\/script>\n<!-- \/ Yoast SEO plugin. -->","yoast_head_json":{"title":"Reagon Myslym Pashaj: Ligji p\u00ebr kufijt\u00eb detar\u00eb, s\u00ebrish antikushtetues - FjALA e LIR\u00cb - Arkivi","robots":{"index":"index","follow":"follow","max-snippet":"max-snippet:-1","max-image-preview":"max-image-preview:large","max-video-preview":"max-video-preview:-1"},"canonical":"https:\/\/fjala.info\/2009-2015\/reagon-myslym-pashaj-ligji-per-kufijte-detare-serish-antikushtetues\/","og_locale":"sq_AL","og_type":"article","og_title":"Reagon Myslym Pashaj: Ligji p\u00ebr kufijt\u00eb detar\u00eb, s\u00ebrish antikushtetues - FjALA e LIR\u00cb - Arkivi","og_description":"TemA Online, 18 Maj 2012 Koloneli Myslym Pashaj, i cili b\u00ebri betej\u00ebn p\u00ebr anulimin e Marr\u00ebveshjes s\u00eb Kufijve Detar\u00eb me Greqin\u00eb, ka reaguar ndaj ligjit t\u00eb ri p\u00ebr kufijt\u00eb detar\u00eb, q\u00eb po diskutohet n\u00eb parlament, dhe shpreh rezervat e tij p\u00ebr ambiguitetet q\u00eb ai lejon, t\u00eb cilat cenojn\u00eb Kushtetut\u00ebn e Shqip\u00ebris\u00eb. N\u00eb nj\u00eb deklarat\u00eb p\u00ebr [&hellip;]","og_url":"https:\/\/fjala.info\/2009-2015\/reagon-myslym-pashaj-ligji-per-kufijte-detare-serish-antikushtetues\/","og_site_name":"FjALA e LIR\u00cb - Arkivi","article_published_time":"2012-05-18T21:13:09+00:00","og_image":[{"url":"http:\/\/www.shkoder.net\/images\/fjala\/2010\/myslym_pasha.jpg","type":"","width":"","height":""}],"author":"admin","twitter_card":"summary_large_image","twitter_misc":{"Written by":"admin","Est. reading time":"3 minutes"},"schema":{"@context":"https:\/\/schema.org","@graph":[{"@type":"Article","@id":"https:\/\/fjala.info\/2009-2015\/reagon-myslym-pashaj-ligji-per-kufijte-detare-serish-antikushtetues\/#article","isPartOf":{"@id":"https:\/\/fjala.info\/2009-2015\/reagon-myslym-pashaj-ligji-per-kufijte-detare-serish-antikushtetues\/"},"author":{"name":"admin","@id":"https:\/\/fjala.info\/2009-2015\/#\/schema\/person\/3aa1163ef05469c496fc94e77611ada2"},"headline":"Reagon Myslym Pashaj: Ligji p\u00ebr kufijt\u00eb detar\u00eb, s\u00ebrish antikushtetues","datePublished":"2012-05-18T21:13:09+00:00","mainEntityOfPage":{"@id":"https:\/\/fjala.info\/2009-2015\/reagon-myslym-pashaj-ligji-per-kufijte-detare-serish-antikushtetues\/"},"wordCount":562,"commentCount":0,"publisher":{"@id":"https:\/\/fjala.info\/2009-2015\/#organization"},"image":{"@id":"https:\/\/fjala.info\/2009-2015\/reagon-myslym-pashaj-ligji-per-kufijte-detare-serish-antikushtetues\/#primaryimage"},"thumbnailUrl":"http:\/\/www.shkoder.net\/images\/fjala\/2010\/myslym_pasha.jpg","articleSection":["Artikuj"],"inLanguage":"sq-AL","potentialAction":[{"@type":"CommentAction","name":"Comment","target":["https:\/\/fjala.info\/2009-2015\/reagon-myslym-pashaj-ligji-per-kufijte-detare-serish-antikushtetues\/#respond"]}]},{"@type":"WebPage","@id":"https:\/\/fjala.info\/2009-2015\/reagon-myslym-pashaj-ligji-per-kufijte-detare-serish-antikushtetues\/","url":"https:\/\/fjala.info\/2009-2015\/reagon-myslym-pashaj-ligji-per-kufijte-detare-serish-antikushtetues\/","name":"Reagon Myslym Pashaj: Ligji p\u00ebr kufijt\u00eb detar\u00eb, s\u00ebrish antikushtetues - FjALA e LIR\u00cb - Arkivi","isPartOf":{"@id":"https:\/\/fjala.info\/2009-2015\/#website"},"primaryImageOfPage":{"@id":"https:\/\/fjala.info\/2009-2015\/reagon-myslym-pashaj-ligji-per-kufijte-detare-serish-antikushtetues\/#primaryimage"},"image":{"@id":"https:\/\/fjala.info\/2009-2015\/reagon-myslym-pashaj-ligji-per-kufijte-detare-serish-antikushtetues\/#primaryimage"},"thumbnailUrl":"http:\/\/www.shkoder.net\/images\/fjala\/2010\/myslym_pasha.jpg","datePublished":"2012-05-18T21:13:09+00:00","breadcrumb":{"@id":"https:\/\/fjala.info\/2009-2015\/reagon-myslym-pashaj-ligji-per-kufijte-detare-serish-antikushtetues\/#breadcrumb"},"inLanguage":"sq-AL","potentialAction":[{"@type":"ReadAction","target":["https:\/\/fjala.info\/2009-2015\/reagon-myslym-pashaj-ligji-per-kufijte-detare-serish-antikushtetues\/"]}]},{"@type":"ImageObject","inLanguage":"sq-AL","@id":"https:\/\/fjala.info\/2009-2015\/reagon-myslym-pashaj-ligji-per-kufijte-detare-serish-antikushtetues\/#primaryimage","url":"http:\/\/www.shkoder.net\/images\/fjala\/2010\/myslym_pasha.jpg","contentUrl":"http:\/\/www.shkoder.net\/images\/fjala\/2010\/myslym_pasha.jpg"},{"@type":"BreadcrumbList","@id":"https:\/\/fjala.info\/2009-2015\/reagon-myslym-pashaj-ligji-per-kufijte-detare-serish-antikushtetues\/#breadcrumb","itemListElement":[{"@type":"ListItem","position":1,"name":"Home","item":"https:\/\/fjala.info\/2009-2015\/"},{"@type":"ListItem","position":2,"name":"Reagon Myslym Pashaj: Ligji p\u00ebr kufijt\u00eb detar\u00eb, s\u00ebrish antikushtetues"}]},{"@type":"WebSite","@id":"https:\/\/fjala.info\/2009-2015\/#website","url":"https:\/\/fjala.info\/2009-2015\/","name":"FjALA e LIR\u00cb - Arkivi","description":"Arkivi 2009-2015","publisher":{"@id":"https:\/\/fjala.info\/2009-2015\/#organization"},"potentialAction":[{"@type":"SearchAction","target":{"@type":"EntryPoint","urlTemplate":"https:\/\/fjala.info\/2009-2015\/?s={search_term_string}"},"query-input":{"@type":"PropertyValueSpecification","valueRequired":true,"valueName":"search_term_string"}}],"inLanguage":"sq-AL"},{"@type":"Organization","@id":"https:\/\/fjala.info\/2009-2015\/#organization","name":"FjALA e LIR\u00cb - Arkivi","url":"https:\/\/fjala.info\/2009-2015\/","logo":{"@type":"ImageObject","inLanguage":"sq-AL","@id":"https:\/\/fjala.info\/2009-2015\/#\/schema\/logo\/image\/","url":"","contentUrl":"","caption":"FjALA e LIR\u00cb - Arkivi"},"image":{"@id":"https:\/\/fjala.info\/2009-2015\/#\/schema\/logo\/image\/"}},{"@type":"Person","@id":"https:\/\/fjala.info\/2009-2015\/#\/schema\/person\/3aa1163ef05469c496fc94e77611ada2","name":"admin","image":{"@type":"ImageObject","inLanguage":"sq-AL","@id":"https:\/\/fjala.info\/2009-2015\/wp-content\/uploads\/2012\/02\/arben_cokaj-120x150.jpg","url":"https:\/\/fjala.info\/2009-2015\/wp-content\/uploads\/2012\/02\/arben_cokaj-120x150.jpg","contentUrl":"https:\/\/fjala.info\/2009-2015\/wp-content\/uploads\/2012\/02\/arben_cokaj-120x150.jpg","caption":"admin"},"description":"Admin, Fjala e Lir\u00eb","sameAs":["https:\/\/fjala.info\/"],"url":"https:\/\/fjala.info\/2009-2015\/author\/admin\/"}]}},"_links":{"self":[{"href":"https:\/\/fjala.info\/2009-2015\/wp-json\/wp\/v2\/posts\/11829","targetHints":{"allow":["GET"]}}],"collection":[{"href":"https:\/\/fjala.info\/2009-2015\/wp-json\/wp\/v2\/posts"}],"about":[{"href":"https:\/\/fjala.info\/2009-2015\/wp-json\/wp\/v2\/types\/post"}],"author":[{"embeddable":true,"href":"https:\/\/fjala.info\/2009-2015\/wp-json\/wp\/v2\/users\/1"}],"replies":[{"embeddable":true,"href":"https:\/\/fjala.info\/2009-2015\/wp-json\/wp\/v2\/comments?post=11829"}],"version-history":[{"count":0,"href":"https:\/\/fjala.info\/2009-2015\/wp-json\/wp\/v2\/posts\/11829\/revisions"}],"wp:attachment":[{"href":"https:\/\/fjala.info\/2009-2015\/wp-json\/wp\/v2\/media?parent=11829"}],"wp:term":[{"taxonomy":"category","embeddable":true,"href":"https:\/\/fjala.info\/2009-2015\/wp-json\/wp\/v2\/categories?post=11829"},{"taxonomy":"post_tag","embeddable":true,"href":"https:\/\/fjala.info\/2009-2015\/wp-json\/wp\/v2\/tags?post=11829"}],"curies":[{"name":"wp","href":"https:\/\/api.w.org\/{rel}","templated":true}]}}