{"id":11828,"date":"2012-05-18T22:01:19","date_gmt":"2012-05-18T21:01:19","guid":{"rendered":"http:\/\/fjala.shkoder.net\/?p=2815"},"modified":"2012-05-18T22:01:19","modified_gmt":"2012-05-18T21:01:19","slug":"lemonde-zbulon-anen-e-panjohur-te-xhavit-halitit","status":"publish","type":"post","link":"https:\/\/fjala.info\/2009-2015\/lemonde-zbulon-anen-e-panjohur-te-xhavit-halitit\/","title":{"rendered":"\u201cLeMonde\u201d zbulon \u201can\u00ebn e panjohur\u201d t\u00eb Xhavit Halitit"},"content":{"rendered":"<p><img decoding=\"async\" class=\"alignright size-thumbnail wp-image-7236\" title=\"Xhavit Haliti\" src=\"http:\/\/www.shkoder.net\/2012\/xhavit_haliti.jpg\" alt=\"\" width=\"200\" \/> <em>Paris, 23 janar 2011<\/em> \u2013 Nj\u00eb tjet\u00ebr shkrim negativ p\u00ebr Kosov\u00ebn. K\u00ebsaj radhe \u00ebsht\u00eb blogu i gazet\u00ebs s\u00eb njohur franceze, \u201cLe Monde\u201d q\u00eb boton nj\u00eb shkrim p\u00ebr Xhavit Halitin, bazuar n\u00eb nj\u00eb raport t\u00eb sh\u00ebrbimit inteligjent t\u00eb KFOR-it t\u00eb vitit 2004, ku flet p\u00ebr natyr\u00ebn e rrezikshme t\u00eb Halitit, lidhjet e tij me SHIK-un, krimin dhe afera t\u00eb tjera, shkruan Indeksonline.<\/p>\n<p>Blogu \u201cFytyra tjet\u00ebr e Kosov\u00ebs\u201d shpjegon se sh\u00ebrbimi inteligjent i KFOR-it ishte fokusuar shum\u00eb n\u00eb aktivitetet e t\u00eb fort\u00ebve t\u00eb Kosov\u00ebs, nd\u00ebrsa Xhavit Haliti, ishte nj\u00ebri prej tyre, si ish-themelues i U\u00c7K-s\u00eb dhe drejtues i lart\u00eb i PDK-s\u00eb.<br \/>\n\u201cSot \u00ebsht\u00eb nj\u00eb biznesmen i fort\u00eb, an\u00ebtar i partis\u00eb s\u00eb Hashim Tha\u00e7it, dhe an\u00ebtar i kryesis\u00eb s\u00eb parlamentit\u201d, shkruan blogu.<\/p>\n<p>Por, bazuar n\u00eb k\u00ebt\u00eb dokument, Xhavit Haliti i njohur si \u201cZeka\u201d, ka edhe an\u00ebn tjet\u00ebr: nj\u00ebri prej sponsor\u00ebve t\u00eb mafis\u00eb kosovare, q\u00eb gjithashtu ka nj\u00eb ndikim t\u00eb madh n\u00eb politik\u00eb. Dhe nuk \u00ebsht\u00eb i vetmi p\u00ebr k\u00ebt\u00eb rol t\u00eb dyfisht\u00eb n\u00eb elit\u00ebn politike kosovare, e dominuar nga ish-lider\u00eb t\u00eb U\u00c7K-s\u00eb dhe t\u00eb sh\u00ebrbimeve t\u00eb ndryshme sekrete.<\/p>\n<p>Bashk\u00ebsia nd\u00ebrkomb\u00ebtare, shkruan m\u00eb tej gazeta, \u00ebsht\u00eb informuar vazhdimisht edhe n\u00eb detaje p\u00ebr \u201can\u00ebn e err\u00ebt\u201d t\u00eb t\u00eb fort\u00ebve t\u00eb U\u00c7K-s\u00eb. S\u00eb paku, jan\u00eb zyrtar\u00ebt e inteligjenc\u00ebs q\u00eb nuk kan\u00eb kurrfar\u00eb dyshimi p\u00ebr aktivitetet e tyre ku shumica e lider\u00ebve t\u00eb Kosov\u00ebs jan\u00eb t\u00eb ky\u00e7ur: t\u00eb gjitha llojet e trafikimit, komplote, krim t\u00eb organizuar t\u00eb lidhur edhe me rajonin, reketim, frik\u00ebsim likuidim t\u00eb kund\u00ebrshtar\u00ebve etj.<\/p>\n<p>Shkrimi m\u00eb tej hedh hije dyshime p\u00ebr v\u00ebrtet\u00ebsin\u00eb e provave t\u00eb Dick Martyt se U\u00c7K-ja ka trafikuar organe n\u00eb 1999, por faktet e tjera q\u00eb i lidh ata me krimin e pasluft\u00ebs ekzistojn\u00eb.<br \/>\n\u201cN\u00ebse jemi p\u00ebr t\u2019i besuar raportit t\u00eb sh\u00ebrbimit inteligjent t\u00eb KFOR-it n\u00eb vitin 2004 (informata q\u00eb jan\u00eb p\u00ebrfshir\u00eb edhe n\u00eb nj\u00eb analiz\u00eb tjet\u00ebr t\u00eb sh\u00ebrbimit gjerman muaj m\u00eb von\u00eb), Haliti shfaqet i nd\u00ebrlidhur me shum\u00eb rrug\u00eb si Zvic\u00ebr, Prishtin\u00eb e Shqip\u00ebri\u201d, shkruan blogu.<\/p>\n<p>N\u00eb raportin e inteligjenc\u00ebs s\u00eb KFOR-it, thuhet se \u00ebsht\u00eb i lidhur me kafe \u201cDubrovnik\u201d (Dardania, Prishtin\u00eb); Hotel Theranda, Prizren. I lidhur me grupet ku i takon shpesh n\u00eb restorantin Thana, nd\u00ebrmjet Pej\u00ebs dhe Prishtin\u00ebs. An\u00ebtar i bordit t\u00eb Petrol Company, nj\u00ebri prej lider\u00ebve kryesor kriminal n\u00eb Kosov\u00eb; ka shum\u00eb dyqane dhe restorante n\u00eb Pej\u00eb; s\u00eb fundi \u00ebsht\u00eb raportuar se \u00ebsht\u00eb an\u00ebtar i SHIK-ut.<\/p>\n<p>N\u00eb k\u00ebt\u00eb shkrim, t\u00eb publikuar n\u00eb blogun e gazet\u00ebs \u201cLe Monde\u201d, ku botohen pjes\u00eb t\u00eb raportit t\u00eb KFOR-it, theksohet se \u201cKa fjal\u00eb q\u00eb thon\u00eb se ai kishte lidhje edhe me UDB-n\u00eb (sh\u00ebrbimi sekret serb), ku i informoi ata p\u00ebr destinimin e arm\u00ebve p\u00ebr FARK-un (fraksion ky i lidhur me Ibrahim Rugov\u00ebn). Ai ishte i lidhur me frik\u00ebsimin e an\u00ebtar\u00ebve t\u00eb LDK-s\u00eb p\u00ebrmes SHIK-ut. Thuhet t\u00eb jet\u00eb nj\u00eb multi-milioner. Fondi \u201cVendlindja Th\u00ebrret\u201d \u00ebsht\u00eb menaxhuar pothuajse prej tij. I p\u00ebrfshir\u00eb shum\u00eb n\u00eb prostitucion, trafkim arm\u00ebsh, drog\u00eb dhe gjithashtu me naft\u00eb. \u00cbsht\u00eb i lidhur me Fatos Nanon. Ai e mb\u00ebshtet financiarisht Hashim Tha\u00e7in dhe merret me financat e PDK-s\u00eb\u201d, thuhet n\u00eb raportet e KFOR-it t\u00eb botuara n\u00eb blogun e gazet\u00ebs franceze.<\/p>\n<p>(shkrimi i plot\u00eb n\u00eb Blog t\u00eb LeMonde:http:\/\/balkans.blog.lemonde.fr\/2011\/01\/17\/lautre-visage-du-kosovo\/)<\/p>\n","protected":false},"excerpt":{"rendered":"<p>Paris, 23 janar 2011 \u2013 Nj\u00eb tjet\u00ebr shkrim negativ p\u00ebr Kosov\u00ebn. K\u00ebsaj radhe \u00ebsht\u00eb blogu i gazet\u00ebs s\u00eb njohur franceze, \u201cLe Monde\u201d q\u00eb boton nj\u00eb shkrim p\u00ebr Xhavit Halitin, bazuar n\u00eb nj\u00eb raport t\u00eb sh\u00ebrbimit inteligjent t\u00eb KFOR-it t\u00eb vitit 2004, ku flet p\u00ebr natyr\u00ebn e rrezikshme t\u00eb Halitit, lidhjet e tij me SHIK-un, krimin [&hellip;]<\/p>\n","protected":false},"author":1,"featured_media":0,"comment_status":"open","ping_status":"closed","sticky":false,"template":"","format":"standard","meta":{"footnotes":""},"categories":[2],"tags":[],"class_list":{"0":"post-11828","1":"post","2":"type-post","3":"status-publish","4":"format-standard","6":"category-artikuj"},"yoast_head":"<!-- This site is optimized with the Yoast SEO plugin v27.4 - https:\/\/yoast.com\/product\/yoast-seo-wordpress\/ -->\n<title>\u201cLeMonde\u201d zbulon \u201can\u00ebn e panjohur\u201d t\u00eb Xhavit Halitit - FjALA e LIR\u00cb - Arkivi<\/title>\n<meta name=\"robots\" content=\"index, follow, max-snippet:-1, max-image-preview:large, max-video-preview:-1\" \/>\n<link rel=\"canonical\" href=\"https:\/\/fjala.info\/2009-2015\/lemonde-zbulon-anen-e-panjohur-te-xhavit-halitit\/\" \/>\n<meta property=\"og:locale\" content=\"sq_AL\" \/>\n<meta property=\"og:type\" content=\"article\" \/>\n<meta property=\"og:title\" content=\"\u201cLeMonde\u201d zbulon \u201can\u00ebn e panjohur\u201d t\u00eb Xhavit Halitit - FjALA e LIR\u00cb - Arkivi\" \/>\n<meta property=\"og:description\" content=\"Paris, 23 janar 2011 \u2013 Nj\u00eb tjet\u00ebr shkrim negativ p\u00ebr Kosov\u00ebn. K\u00ebsaj radhe \u00ebsht\u00eb blogu i gazet\u00ebs s\u00eb njohur franceze, \u201cLe Monde\u201d q\u00eb boton nj\u00eb shkrim p\u00ebr Xhavit Halitin, bazuar n\u00eb nj\u00eb raport t\u00eb sh\u00ebrbimit inteligjent t\u00eb KFOR-it t\u00eb vitit 2004, ku flet p\u00ebr natyr\u00ebn e rrezikshme t\u00eb Halitit, lidhjet e tij me SHIK-un, krimin [&hellip;]\" \/>\n<meta property=\"og:url\" content=\"https:\/\/fjala.info\/2009-2015\/lemonde-zbulon-anen-e-panjohur-te-xhavit-halitit\/\" \/>\n<meta property=\"og:site_name\" content=\"FjALA e LIR\u00cb - Arkivi\" \/>\n<meta property=\"article:published_time\" content=\"2012-05-18T21:01:19+00:00\" \/>\n<meta property=\"og:image\" content=\"http:\/\/www.shkoder.net\/2012\/xhavit_haliti.jpg\" \/>\n<meta name=\"author\" content=\"admin\" \/>\n<meta name=\"twitter:card\" content=\"summary_large_image\" \/>\n<meta name=\"twitter:label1\" content=\"Written by\" \/>\n\t<meta name=\"twitter:data1\" content=\"admin\" \/>\n\t<meta name=\"twitter:label2\" content=\"Est. reading time\" \/>\n\t<meta name=\"twitter:data2\" content=\"3 minutes\" \/>\n<script type=\"application\/ld+json\" class=\"yoast-schema-graph\">{\"@context\":\"https:\\\/\\\/schema.org\",\"@graph\":[{\"@type\":\"Article\",\"@id\":\"https:\\\/\\\/fjala.info\\\/2009-2015\\\/lemonde-zbulon-anen-e-panjohur-te-xhavit-halitit\\\/#article\",\"isPartOf\":{\"@id\":\"https:\\\/\\\/fjala.info\\\/2009-2015\\\/lemonde-zbulon-anen-e-panjohur-te-xhavit-halitit\\\/\"},\"author\":{\"name\":\"admin\",\"@id\":\"https:\\\/\\\/fjala.info\\\/2009-2015\\\/#\\\/schema\\\/person\\\/3aa1163ef05469c496fc94e77611ada2\"},\"headline\":\"\u201cLeMonde\u201d zbulon \u201can\u00ebn e panjohur\u201d t\u00eb Xhavit Halitit\",\"datePublished\":\"2012-05-18T21:01:19+00:00\",\"mainEntityOfPage\":{\"@id\":\"https:\\\/\\\/fjala.info\\\/2009-2015\\\/lemonde-zbulon-anen-e-panjohur-te-xhavit-halitit\\\/\"},\"wordCount\":600,\"commentCount\":0,\"publisher\":{\"@id\":\"https:\\\/\\\/fjala.info\\\/2009-2015\\\/#organization\"},\"image\":{\"@id\":\"https:\\\/\\\/fjala.info\\\/2009-2015\\\/lemonde-zbulon-anen-e-panjohur-te-xhavit-halitit\\\/#primaryimage\"},\"thumbnailUrl\":\"http:\\\/\\\/www.shkoder.net\\\/2012\\\/xhavit_haliti.jpg\",\"articleSection\":[\"Artikuj\"],\"inLanguage\":\"sq-AL\",\"potentialAction\":[{\"@type\":\"CommentAction\",\"name\":\"Comment\",\"target\":[\"https:\\\/\\\/fjala.info\\\/2009-2015\\\/lemonde-zbulon-anen-e-panjohur-te-xhavit-halitit\\\/#respond\"]}]},{\"@type\":\"WebPage\",\"@id\":\"https:\\\/\\\/fjala.info\\\/2009-2015\\\/lemonde-zbulon-anen-e-panjohur-te-xhavit-halitit\\\/\",\"url\":\"https:\\\/\\\/fjala.info\\\/2009-2015\\\/lemonde-zbulon-anen-e-panjohur-te-xhavit-halitit\\\/\",\"name\":\"\u201cLeMonde\u201d zbulon \u201can\u00ebn e panjohur\u201d t\u00eb Xhavit Halitit - FjALA e LIR\u00cb - Arkivi\",\"isPartOf\":{\"@id\":\"https:\\\/\\\/fjala.info\\\/2009-2015\\\/#website\"},\"primaryImageOfPage\":{\"@id\":\"https:\\\/\\\/fjala.info\\\/2009-2015\\\/lemonde-zbulon-anen-e-panjohur-te-xhavit-halitit\\\/#primaryimage\"},\"image\":{\"@id\":\"https:\\\/\\\/fjala.info\\\/2009-2015\\\/lemonde-zbulon-anen-e-panjohur-te-xhavit-halitit\\\/#primaryimage\"},\"thumbnailUrl\":\"http:\\\/\\\/www.shkoder.net\\\/2012\\\/xhavit_haliti.jpg\",\"datePublished\":\"2012-05-18T21:01:19+00:00\",\"breadcrumb\":{\"@id\":\"https:\\\/\\\/fjala.info\\\/2009-2015\\\/lemonde-zbulon-anen-e-panjohur-te-xhavit-halitit\\\/#breadcrumb\"},\"inLanguage\":\"sq-AL\",\"potentialAction\":[{\"@type\":\"ReadAction\",\"target\":[\"https:\\\/\\\/fjala.info\\\/2009-2015\\\/lemonde-zbulon-anen-e-panjohur-te-xhavit-halitit\\\/\"]}]},{\"@type\":\"ImageObject\",\"inLanguage\":\"sq-AL\",\"@id\":\"https:\\\/\\\/fjala.info\\\/2009-2015\\\/lemonde-zbulon-anen-e-panjohur-te-xhavit-halitit\\\/#primaryimage\",\"url\":\"http:\\\/\\\/www.shkoder.net\\\/2012\\\/xhavit_haliti.jpg\",\"contentUrl\":\"http:\\\/\\\/www.shkoder.net\\\/2012\\\/xhavit_haliti.jpg\"},{\"@type\":\"BreadcrumbList\",\"@id\":\"https:\\\/\\\/fjala.info\\\/2009-2015\\\/lemonde-zbulon-anen-e-panjohur-te-xhavit-halitit\\\/#breadcrumb\",\"itemListElement\":[{\"@type\":\"ListItem\",\"position\":1,\"name\":\"Home\",\"item\":\"https:\\\/\\\/fjala.info\\\/2009-2015\\\/\"},{\"@type\":\"ListItem\",\"position\":2,\"name\":\"\u201cLeMonde\u201d zbulon \u201can\u00ebn e panjohur\u201d t\u00eb Xhavit Halitit\"}]},{\"@type\":\"WebSite\",\"@id\":\"https:\\\/\\\/fjala.info\\\/2009-2015\\\/#website\",\"url\":\"https:\\\/\\\/fjala.info\\\/2009-2015\\\/\",\"name\":\"FjALA e LIR\u00cb - Arkivi\",\"description\":\"Arkivi 2009-2015\",\"publisher\":{\"@id\":\"https:\\\/\\\/fjala.info\\\/2009-2015\\\/#organization\"},\"potentialAction\":[{\"@type\":\"SearchAction\",\"target\":{\"@type\":\"EntryPoint\",\"urlTemplate\":\"https:\\\/\\\/fjala.info\\\/2009-2015\\\/?s={search_term_string}\"},\"query-input\":{\"@type\":\"PropertyValueSpecification\",\"valueRequired\":true,\"valueName\":\"search_term_string\"}}],\"inLanguage\":\"sq-AL\"},{\"@type\":\"Organization\",\"@id\":\"https:\\\/\\\/fjala.info\\\/2009-2015\\\/#organization\",\"name\":\"FjALA e LIR\u00cb - Arkivi\",\"url\":\"https:\\\/\\\/fjala.info\\\/2009-2015\\\/\",\"logo\":{\"@type\":\"ImageObject\",\"inLanguage\":\"sq-AL\",\"@id\":\"https:\\\/\\\/fjala.info\\\/2009-2015\\\/#\\\/schema\\\/logo\\\/image\\\/\",\"url\":\"\",\"contentUrl\":\"\",\"caption\":\"FjALA e LIR\u00cb - Arkivi\"},\"image\":{\"@id\":\"https:\\\/\\\/fjala.info\\\/2009-2015\\\/#\\\/schema\\\/logo\\\/image\\\/\"}},{\"@type\":\"Person\",\"@id\":\"https:\\\/\\\/fjala.info\\\/2009-2015\\\/#\\\/schema\\\/person\\\/3aa1163ef05469c496fc94e77611ada2\",\"name\":\"admin\",\"image\":{\"@type\":\"ImageObject\",\"inLanguage\":\"sq-AL\",\"@id\":\"https:\\\/\\\/fjala.info\\\/2009-2015\\\/wp-content\\\/uploads\\\/2012\\\/02\\\/arben_cokaj-120x150.jpg\",\"url\":\"https:\\\/\\\/fjala.info\\\/2009-2015\\\/wp-content\\\/uploads\\\/2012\\\/02\\\/arben_cokaj-120x150.jpg\",\"contentUrl\":\"https:\\\/\\\/fjala.info\\\/2009-2015\\\/wp-content\\\/uploads\\\/2012\\\/02\\\/arben_cokaj-120x150.jpg\",\"caption\":\"admin\"},\"description\":\"Admin, Fjala e Lir\u00eb\",\"sameAs\":[\"https:\\\/\\\/fjala.info\\\/\"],\"url\":\"https:\\\/\\\/fjala.info\\\/2009-2015\\\/author\\\/admin\\\/\"}]}<\/script>\n<!-- \/ Yoast SEO plugin. -->","yoast_head_json":{"title":"\u201cLeMonde\u201d zbulon \u201can\u00ebn e panjohur\u201d t\u00eb Xhavit Halitit - FjALA e LIR\u00cb - Arkivi","robots":{"index":"index","follow":"follow","max-snippet":"max-snippet:-1","max-image-preview":"max-image-preview:large","max-video-preview":"max-video-preview:-1"},"canonical":"https:\/\/fjala.info\/2009-2015\/lemonde-zbulon-anen-e-panjohur-te-xhavit-halitit\/","og_locale":"sq_AL","og_type":"article","og_title":"\u201cLeMonde\u201d zbulon \u201can\u00ebn e panjohur\u201d t\u00eb Xhavit Halitit - FjALA e LIR\u00cb - Arkivi","og_description":"Paris, 23 janar 2011 \u2013 Nj\u00eb tjet\u00ebr shkrim negativ p\u00ebr Kosov\u00ebn. K\u00ebsaj radhe \u00ebsht\u00eb blogu i gazet\u00ebs s\u00eb njohur franceze, \u201cLe Monde\u201d q\u00eb boton nj\u00eb shkrim p\u00ebr Xhavit Halitin, bazuar n\u00eb nj\u00eb raport t\u00eb sh\u00ebrbimit inteligjent t\u00eb KFOR-it t\u00eb vitit 2004, ku flet p\u00ebr natyr\u00ebn e rrezikshme t\u00eb Halitit, lidhjet e tij me SHIK-un, krimin [&hellip;]","og_url":"https:\/\/fjala.info\/2009-2015\/lemonde-zbulon-anen-e-panjohur-te-xhavit-halitit\/","og_site_name":"FjALA e LIR\u00cb - Arkivi","article_published_time":"2012-05-18T21:01:19+00:00","og_image":[{"url":"http:\/\/www.shkoder.net\/2012\/xhavit_haliti.jpg","type":"","width":"","height":""}],"author":"admin","twitter_card":"summary_large_image","twitter_misc":{"Written by":"admin","Est. reading time":"3 minutes"},"schema":{"@context":"https:\/\/schema.org","@graph":[{"@type":"Article","@id":"https:\/\/fjala.info\/2009-2015\/lemonde-zbulon-anen-e-panjohur-te-xhavit-halitit\/#article","isPartOf":{"@id":"https:\/\/fjala.info\/2009-2015\/lemonde-zbulon-anen-e-panjohur-te-xhavit-halitit\/"},"author":{"name":"admin","@id":"https:\/\/fjala.info\/2009-2015\/#\/schema\/person\/3aa1163ef05469c496fc94e77611ada2"},"headline":"\u201cLeMonde\u201d zbulon \u201can\u00ebn e panjohur\u201d t\u00eb Xhavit Halitit","datePublished":"2012-05-18T21:01:19+00:00","mainEntityOfPage":{"@id":"https:\/\/fjala.info\/2009-2015\/lemonde-zbulon-anen-e-panjohur-te-xhavit-halitit\/"},"wordCount":600,"commentCount":0,"publisher":{"@id":"https:\/\/fjala.info\/2009-2015\/#organization"},"image":{"@id":"https:\/\/fjala.info\/2009-2015\/lemonde-zbulon-anen-e-panjohur-te-xhavit-halitit\/#primaryimage"},"thumbnailUrl":"http:\/\/www.shkoder.net\/2012\/xhavit_haliti.jpg","articleSection":["Artikuj"],"inLanguage":"sq-AL","potentialAction":[{"@type":"CommentAction","name":"Comment","target":["https:\/\/fjala.info\/2009-2015\/lemonde-zbulon-anen-e-panjohur-te-xhavit-halitit\/#respond"]}]},{"@type":"WebPage","@id":"https:\/\/fjala.info\/2009-2015\/lemonde-zbulon-anen-e-panjohur-te-xhavit-halitit\/","url":"https:\/\/fjala.info\/2009-2015\/lemonde-zbulon-anen-e-panjohur-te-xhavit-halitit\/","name":"\u201cLeMonde\u201d zbulon \u201can\u00ebn e panjohur\u201d t\u00eb Xhavit Halitit - FjALA e LIR\u00cb - Arkivi","isPartOf":{"@id":"https:\/\/fjala.info\/2009-2015\/#website"},"primaryImageOfPage":{"@id":"https:\/\/fjala.info\/2009-2015\/lemonde-zbulon-anen-e-panjohur-te-xhavit-halitit\/#primaryimage"},"image":{"@id":"https:\/\/fjala.info\/2009-2015\/lemonde-zbulon-anen-e-panjohur-te-xhavit-halitit\/#primaryimage"},"thumbnailUrl":"http:\/\/www.shkoder.net\/2012\/xhavit_haliti.jpg","datePublished":"2012-05-18T21:01:19+00:00","breadcrumb":{"@id":"https:\/\/fjala.info\/2009-2015\/lemonde-zbulon-anen-e-panjohur-te-xhavit-halitit\/#breadcrumb"},"inLanguage":"sq-AL","potentialAction":[{"@type":"ReadAction","target":["https:\/\/fjala.info\/2009-2015\/lemonde-zbulon-anen-e-panjohur-te-xhavit-halitit\/"]}]},{"@type":"ImageObject","inLanguage":"sq-AL","@id":"https:\/\/fjala.info\/2009-2015\/lemonde-zbulon-anen-e-panjohur-te-xhavit-halitit\/#primaryimage","url":"http:\/\/www.shkoder.net\/2012\/xhavit_haliti.jpg","contentUrl":"http:\/\/www.shkoder.net\/2012\/xhavit_haliti.jpg"},{"@type":"BreadcrumbList","@id":"https:\/\/fjala.info\/2009-2015\/lemonde-zbulon-anen-e-panjohur-te-xhavit-halitit\/#breadcrumb","itemListElement":[{"@type":"ListItem","position":1,"name":"Home","item":"https:\/\/fjala.info\/2009-2015\/"},{"@type":"ListItem","position":2,"name":"\u201cLeMonde\u201d zbulon \u201can\u00ebn e panjohur\u201d t\u00eb Xhavit Halitit"}]},{"@type":"WebSite","@id":"https:\/\/fjala.info\/2009-2015\/#website","url":"https:\/\/fjala.info\/2009-2015\/","name":"FjALA e LIR\u00cb - Arkivi","description":"Arkivi 2009-2015","publisher":{"@id":"https:\/\/fjala.info\/2009-2015\/#organization"},"potentialAction":[{"@type":"SearchAction","target":{"@type":"EntryPoint","urlTemplate":"https:\/\/fjala.info\/2009-2015\/?s={search_term_string}"},"query-input":{"@type":"PropertyValueSpecification","valueRequired":true,"valueName":"search_term_string"}}],"inLanguage":"sq-AL"},{"@type":"Organization","@id":"https:\/\/fjala.info\/2009-2015\/#organization","name":"FjALA e LIR\u00cb - Arkivi","url":"https:\/\/fjala.info\/2009-2015\/","logo":{"@type":"ImageObject","inLanguage":"sq-AL","@id":"https:\/\/fjala.info\/2009-2015\/#\/schema\/logo\/image\/","url":"","contentUrl":"","caption":"FjALA e LIR\u00cb - Arkivi"},"image":{"@id":"https:\/\/fjala.info\/2009-2015\/#\/schema\/logo\/image\/"}},{"@type":"Person","@id":"https:\/\/fjala.info\/2009-2015\/#\/schema\/person\/3aa1163ef05469c496fc94e77611ada2","name":"admin","image":{"@type":"ImageObject","inLanguage":"sq-AL","@id":"https:\/\/fjala.info\/2009-2015\/wp-content\/uploads\/2012\/02\/arben_cokaj-120x150.jpg","url":"https:\/\/fjala.info\/2009-2015\/wp-content\/uploads\/2012\/02\/arben_cokaj-120x150.jpg","contentUrl":"https:\/\/fjala.info\/2009-2015\/wp-content\/uploads\/2012\/02\/arben_cokaj-120x150.jpg","caption":"admin"},"description":"Admin, Fjala e Lir\u00eb","sameAs":["https:\/\/fjala.info\/"],"url":"https:\/\/fjala.info\/2009-2015\/author\/admin\/"}]}},"_links":{"self":[{"href":"https:\/\/fjala.info\/2009-2015\/wp-json\/wp\/v2\/posts\/11828","targetHints":{"allow":["GET"]}}],"collection":[{"href":"https:\/\/fjala.info\/2009-2015\/wp-json\/wp\/v2\/posts"}],"about":[{"href":"https:\/\/fjala.info\/2009-2015\/wp-json\/wp\/v2\/types\/post"}],"author":[{"embeddable":true,"href":"https:\/\/fjala.info\/2009-2015\/wp-json\/wp\/v2\/users\/1"}],"replies":[{"embeddable":true,"href":"https:\/\/fjala.info\/2009-2015\/wp-json\/wp\/v2\/comments?post=11828"}],"version-history":[{"count":0,"href":"https:\/\/fjala.info\/2009-2015\/wp-json\/wp\/v2\/posts\/11828\/revisions"}],"wp:attachment":[{"href":"https:\/\/fjala.info\/2009-2015\/wp-json\/wp\/v2\/media?parent=11828"}],"wp:term":[{"taxonomy":"category","embeddable":true,"href":"https:\/\/fjala.info\/2009-2015\/wp-json\/wp\/v2\/categories?post=11828"},{"taxonomy":"post_tag","embeddable":true,"href":"https:\/\/fjala.info\/2009-2015\/wp-json\/wp\/v2\/tags?post=11828"}],"curies":[{"name":"wp","href":"https:\/\/api.w.org\/{rel}","templated":true}]}}