{"id":11827,"date":"2012-05-17T22:28:59","date_gmt":"2012-05-17T21:28:59","guid":{"rendered":"http:\/\/fjala.shkoder.net\/?p=2811"},"modified":"2012-05-17T22:28:59","modified_gmt":"2012-05-17T21:28:59","slug":"nje-pacavure-patriotizmi","status":"publish","type":"post","link":"https:\/\/fjala.info\/2009-2015\/nje-pacavure-patriotizmi\/","title":{"rendered":"Nj\u00eb pa\u00e7avure patriotizmi"},"content":{"rendered":"<p><img decoding=\"async\" class=\"alignright size-thumbnail wp-image-7236\" title=\"Mero Baze\" src=\"http:\/\/www.shkoder.net\/images\/fjala\/mero_baze1.jpg\" alt=\"\" width=\"150\" \/> Nga <strong>Mero Baze<\/strong>, <em>17 Maj 2012<\/em><\/p>\n<p>Nuk m\u00eb kishte shkuar mendja q\u00eb kemi pasur abetare t\u00eb ndryshme me Kosov\u00ebn. P\u00ebr m\u00eb tep\u00ebr nuk e kisha menduar kurr\u00eb q\u00eb nj\u00eb sht\u00ebpi botuese, e lidhur me Genc Pollon n\u00eb Tiran\u00eb, dhe nj\u00eb sht\u00ebpi botuese, e lidhur nuk di me k\u00eb nga Kosova, do t\u00eb sillnin nj\u00eb dit\u00eb historike p\u00ebr Hashim Tha\u00e7in dhe Sali Berish\u00ebn n\u00eb Prizren, duke botuar nj\u00eb abetare t\u00eb p\u00ebrbashk\u00ebt. Me nj\u00eb retorik\u00eb banale patriotike, me nj\u00eb ngutje p\u00ebr tu dukur patriot\u00eb, dhe me nj\u00eb varf\u00ebri t\u00eb skajshme fantazie p\u00ebr t\u00eb gjetur ndonj\u00eb arsye p\u00ebr ta ilustruar k\u00ebt\u00eb d\u00ebshir\u00eb, ata u mblodh\u00ebn n\u00eb Prizren p\u00ebr t\u00eb festuar p\u00ebr nj\u00eb lib\u00ebr thuajse pa\u00e7avure, q\u00eb i thon\u00eb abetare e p\u00ebrbashk\u00ebt Shqip\u00ebri- Kosov\u00eb. Po, po, nj\u00eb lib\u00ebr pa\u00e7avure.<\/p>\n<p>S\u00eb pari, hipokrizia me k\u00ebt\u00eb pa\u00e7avure fillon qysh tek koncepti. Shqip\u00ebria ka liberalizuar tregun e librave shkollor\u00eb, ka futur shum\u00eb tekste alternativ\u00eb, ka disa lloje abetaresh dhe librash leximi, disa lloje librash historie, deri tek ata m\u00eb skandaloz\u00ebt q\u00eb e \u00e7ojn\u00eb kufirin grek n\u00eb Shkumbin, apo Lezh\u00eb, nga ata q\u00eb shpallin Jozefin\u00ebn gruan e dyt\u00eb m\u00eb t\u00eb madhe pas N\u00ebn\u00ebn Terez\u00ebs dhe t\u00eb tjer\u00eb si ata q\u00eb shpallin Sali Berish\u00ebn njeriun e shekullit.<\/p>\n<p>Me gjith\u00eb k\u00ebto \u00e7iban\u00eb mediokriteti, q\u00eb mbijn\u00eb p\u00ebr shkak t\u00eb reformave gjysmake q\u00eb ne kemi prodhuar n\u00eb arsim, prap\u00ebseprap\u00eb ne kemi nj\u00eb realitet arsimor n\u00eb Shqip\u00ebri, q\u00eb bazohet mbi tekstet alternative. Ministrat tan\u00eb t\u00eb arsimit, nj\u00ebri m\u00eb gjysmak se tjetri, n\u00eb fakt ishin partizan\u00eb t\u00eb liberalizmit t\u00eb teksteve dhe centralizmit t\u00eb tregut t\u00eb tyre pasi aty i nxirrnin lek\u00ebt. Nj\u00eb shtet serioz mund t\u00eb kishte unifikuar tekstet, s\u00eb paku t\u00eb arsimit fillor, dhe t\u00eb liberalizonte shitjen e tyre, por k\u00ebshtu nuk do fitonin lek ministrat. Sidoqoft\u00eb le t\u00eb mbetemi tek realiteti yn\u00eb, realiteti i Kosov\u00ebs dhe realiteti i Prizrenit.<\/p>\n<p>Shqip\u00ebria i ka liberalizuar tekstet, q\u00eb nga abetarja deri tek historia e Shqip\u00ebris\u00eb. Kosova po ashtu. Ideja q\u00eb midis Shqip\u00ebris\u00eb dhe Kosov\u00ebs t\u00eb ekzistojn\u00eb dhe tekste unike t\u00eb p\u00ebrbashk\u00ebta, \u00ebsht\u00eb qesharake nga pik\u00ebpamja kulturore, por dhe hipokrite nga pik\u00ebpamja e modelit funksional n\u00eb Shqip\u00ebri dhe Kosov\u00eb. \u00cbsht\u00eb di\u00e7ka q\u00eb nuk ekziston. Abetaret e Shqip\u00ebris\u00eb dhe abetaret e Kosov\u00ebs jan\u00eb n\u00eb duart e nx\u00ebn\u00ebsve shqiptar\u00eb, nd\u00ebrsa abetarja e Prizrenit vlen vet\u00ebm p\u00ebr nj\u00eb drek\u00eb patriotike shqiptare me qebap turq dhe piskavica sllave n\u00eb Prizren dhe asgj\u00eb m\u00eb shum\u00eb.<\/p>\n<p>S\u00eb dyti, Shqip\u00ebria dhe Kosova ka shum\u00eb gj\u00ebra p\u00ebr t\u00eb bashkuar n\u00ebse duan t\u00eb funksionojn\u00eb si shoq\u00ebri t\u00eb hapura me nj\u00ebra- tjetr\u00ebn dhe si treg i p\u00ebrbashk\u00ebt. Kan\u00eb infrastruktur\u00ebn e energjis\u00eb elektrike. Jo m\u00eb larg se nj\u00eb muaj m\u00eb par\u00eb, Sali Berisha anuloi nj\u00eb tender t\u00eb financuar nga Banka Gjermane p\u00ebr Zhvillim, e cila do t\u00eb lidh\u00eb Kosov\u00ebn me Shqip\u00ebrin\u00eb me linj\u00eb intekonjeksioni p\u00ebr eksport- importin e energjis\u00eb elektrike.<\/p>\n<p>Sali Berisha e anuloi jasht\u00eb t\u00eb gjith\u00eb rregullave, vet\u00ebm pse financuesi gjerman shpalli fitues nj\u00eb kompani serioze dhe jo nj\u00eb serbo- boshnjak, sekser t\u00eb Familjes s\u00eb Sali Berish\u00ebs. Mjaftoi kaq q\u00eb ky njeri, i cili b\u00ebn sikur ekzaltohet p\u00ebr abetaren, t\u2019i vinte viz\u00eb t\u00eb kuqe bashkimit real energjetik t\u00eb Shqip\u00ebris\u00eb me Kosov\u00ebn. \u00cbsht\u00eb fyese q\u00eb t\u00eb b\u00ebsh betej\u00eb q\u00eb nj\u00eb serb t\u00eb fitoj miliarda nga linja e intekonjeksionit dhe t\u00eb g\u00ebzohesh q\u00eb n\u00eb Prizren ke \u00e7uar disa abetare falas p\u00ebr nj\u00eb shkoll\u00eb fillore. Kot jeni munduar! Kaq mund ta b\u00ebnin dhe serb\u00ebt e interkonjeksionit p\u00ebr bamir\u00ebsi.<\/p>\n<p>Shqip\u00ebria me Kosov\u00ebn mund t\u00eb reformojn\u00eb politikat e tyre t\u00eb nd\u00ebrsjella doganore. T\u00eb kap t\u00eb qar\u00ebt n\u00eb vjesht\u00eb t\u00eb shikosh rrushin e Suharek\u00ebs dhe Rahovecit ndan\u00eb rrug\u00ebs q\u00eb kalbet, vet\u00ebm se Ridvan Bode nuk e lejon t\u00eb futet n\u00eb Shqip\u00ebri, dhe patatet e Shishtavecit t\u00eb kalben n\u00eb Kuk\u00ebs vet\u00ebm se Hashim Tha\u00e7i s\u2019i lejon t\u00eb futen n\u00eb Kosov\u00eb.<\/p>\n<p>Mund t\u00eb b\u00ebjn\u00eb ndonj\u00eb gjest n\u00eb k\u00ebt\u00eb drejtim t\u2019ua b\u00ebjn\u00eb s\u00eb paku m\u00eb t\u00eb leht\u00eb jet\u00ebn banor\u00ebve t\u00eb Kuk\u00ebsit dhe t\u00eb Prizrenit duke mos u marr\u00eb taksa dhe p\u00ebr dhuratat e dasmave q\u00eb i \u00e7ojn\u00eb nj\u00ebri- tjetrit. Mund t\u00eb shikojn\u00eb mund\u00ebsin\u00eb e funksionimit t\u00eb sistemit t\u00eb taks\u00eb- tatimeve mes dy vendeve dhe njohjes reciproke p\u00ebr t\u00eb leht\u00ebsuar taksimin e dyfisht\u00eb q\u00eb ndodh n\u00eb disa veprimtari prodhuese dhe k\u00ebshtu do t\u00eb b\u00ebnin m\u00eb shum\u00eb partner\u00eb n\u00eb biznes mes shqiptar\u00ebve t\u00eb Shqip\u00ebris\u00eb dhe atyre t\u00eb Kosov\u00ebs.<\/p>\n<p>Mund t\u00eb b\u00ebnin t\u00eb dy shtetet nj\u00eb fond p\u00ebr student\u00eb t\u00eb shk\u00eblqyer t\u00eb Shqip\u00ebris\u00eb dhe Kosov\u00ebs dhe t\u00eb jepnin bursa p\u00ebr ta n\u00eb Prishtin\u00eb dhe Tiran\u00eb n\u00eb universitetet cil\u00ebsore respektive. Mundet q\u00eb nj\u00eb student i Kosov\u00ebs, q\u00eb do t\u00eb studioj\u00eb n\u00eb Shqip\u00ebri, t\u00eb kompensohet nga qeveria e Kosov\u00ebs duke ia kthyer atij mbrapsht kontributin e familjes s\u00eb tij n\u00eb taksat p\u00ebr arsimin dhe me ato para t\u00eb studioj\u00eb n\u00eb Shqip\u00ebri, dhe e kund\u00ebrta, nj\u00eb student shqiptar q\u00eb do t\u00eb studioj\u00eb n\u00eb Kosov\u00eb. Mund t\u00eb jen\u00eb ministrat shqiptar\u00eb dhe ata kosovar\u00eb m\u00eb t\u00eb hapur dhe t\u00eb ndersh\u00ebm n\u00eb tender\u00ebt publik\u00eb dhe kompani respektive t\u00eb punojn\u00eb n\u00eb t\u00eb dy vendet n\u00eb pun\u00ebt publike.<\/p>\n<p>Mund t\u00eb heqin monopolet e Lul\u00ebzim Bash\u00ebs n\u00eb fluturimet ajrore dhe t\u00eb ringren\u00eb nj\u00eb linj\u00eb me flamurin zyrtar shqiptar q\u00eb t\u00eb fluturoj\u00eb Tiran\u00eb-Prishtin\u00eb, pasi akoma nuk e kemi. Por mbi t\u00eb gjitha ta liberalizojn\u00eb k\u00ebt\u00eb biznes, pasi tregu punon m\u00eb mir\u00eb se mendja e ndryshkur e tyre. Nuk dua ta zgjas m\u00eb tej list\u00ebn e pafundme t\u00eb pun\u00ebve t\u00eb p\u00ebrbashk\u00ebta q\u00eb mund t\u00eb b\u00ebjn\u00eb k\u00ebta dy kryeministra. E vetmja pun\u00eb e padobishme e tyre, biles qesharake, \u00ebsht\u00eb ekzaltimi p\u00ebr nj\u00eb pa\u00e7avure q\u00eb e quajn\u00eb abetare t\u00eb p\u00ebrbashk\u00ebt historike. Ajo \u00ebsht\u00eb nj\u00eb tallje e madhe, q\u00eb nuk e han\u00eb as kalamajt\u00eb q\u00eb kishin dje fest\u00ebn e abetares.<\/p>\n<p>S\u00eb treti, pash\u00eb nj\u00eb makth t\u00eb madh p\u00ebr tu dukur doemos patriot\u00eb tek t\u00eb dy kryeministrat! \u00c7far\u00eb u ka ndodhur vall\u00eb? T\u00eb jen\u00eb trembur nga rritja e val\u00ebs s\u00eb patriotizmit n\u00eb Shqip\u00ebri dhe Kosov\u00eb kund\u00ebr pazareve t\u00eb tyre? T\u00eb ken\u00eb plan t\u00eb nisin nj\u00eb konflikt me Evrop\u00ebn ngaq\u00eb nuk plot\u00ebsojn\u00eb dot standardet q\u00eb ajo k\u00ebrkon? Mos duan t\u00eb na mbushin mendjen se ne meritojm\u00eb k\u00ebta udh\u00ebheq\u00ebs dhe jo Per\u00ebndimin? I g\u00ebnjen mendja. Po t\u00eb mos ishte nj\u00eb patrioti modest dhe i papun\u00eb si Myslym Pasha, sot Sali Berisha do t\u2019i kishte falur Greqis\u00eb 250 km katror det.<\/p>\n<p>Tashm\u00eb po detyrohet dhe vet\u00eb t\u00eb t\u00ebrhiqet nga ajo dhurat\u00eb, por shija e hidhur e njeriut tin\u00ebzar q\u00eb shet dhe atdheun p\u00ebr karrige t\u00eb tij, mbeti. Koha e turp\u00ebroi. Greqin\u00eb e fort\u00eb q\u00eb ai kishte frik\u00eb, tashm\u00eb po e shohim me brek\u00eb n\u00ebp\u00ebr k\u00ebmb\u00eb, n\u00ebn deliret e njer\u00ebzve t\u00eb rrug\u00ebs dhe ekstremist\u00ebve antiper\u00ebndimor\u00eb. Tashm\u00eb atje as nuk ke kujt t\u2019i servilosesh. Frika se dhe shqiptar\u00ebt do t\u00eb plasaritin pushtetin fallco t\u00eb \u201cbaballar\u00ebve t\u00eb Kombit\u201d, duket se po i b\u00ebn \u201cpatriot\u00eb akshami\u201d n\u00eb Prizren.<\/p>\n<p>Abetarja e patriotizmit t\u00eb tyre nuk \u00ebsht\u00eb e mjaftueshme q\u00eb ata t\u00eb marrin d\u00ebftes\u00ebn e pjekuris\u00eb si patriot\u00eb shqiptar\u00eb dhe sh\u00ebrb\u00ebtor\u00eb t\u00eb k\u00ebtij vendi. E v\u00ebrteta \u00ebsht\u00eb se ata e ndjejn\u00eb se di\u00e7ka i kan\u00eb borxh k\u00ebtij vendi dhe k\u00ebsaj shoq\u00ebrie dhe po vrapojn\u00eb t\u00eb alarmuar t\u00eb shfaqen me nj\u00eb send t\u00eb pavler\u00eb n\u00eb duar, me nj\u00eb bashkim artificial dialektesh dhe mend\u00ebsish kulturore, me nj\u00eb bashkim artificial tekstesh q\u00eb ngjan si nj\u00eb lug\u00eb supe, q\u00eb sapo e g\u00eblltit, e vjell p\u00ebrs\u00ebri. E sigurt \u00ebsht\u00eb se k\u00ebta njer\u00ebz as na bashkojn\u00eb dot me zor dhe as na ndajn\u00eb dot me zor nga nj\u00ebri-tjetri.<\/p>\n<p>Shqip\u00ebria dhe Kosova do t\u00eb zhvillohen ose jo, p\u00ebr shkak t\u00eb vlerave t\u00eb tyre dhe jo p\u00ebr shkak t\u00eb udh\u00ebheq\u00ebsve t\u00eb tyre. Diversiteti mes tyre \u00ebsht\u00eb pasuri dhe bashkimi artificial i vlerave \u00ebsht\u00eb varf\u00ebri. L\u00ebreni f\u00ebmij\u00ebt e Kosov\u00ebs t\u00eb m\u00ebsojn\u00eb me abetaret e tyre dhe ata t\u00eb Shqip\u00ebris\u00eb me abetaret e tyre. Shqip m\u00ebsojn\u00eb t\u00eb dy pal\u00ebt dhe u mjafton p\u00ebr t\u00eb kuptuar sa pak shqiptar\u00eb jan\u00eb ata, q\u00eb duan t\u00eb mbulojn\u00eb hendeqet e hapura mes Shqip\u00ebris\u00eb dhe Kosov\u00ebs p\u00ebrmes qindra miliona eurove q\u00eb shkojn\u00eb p\u00ebr serb\u00ebt, me letra abetaresh pa vler\u00eb.<\/p>\n","protected":false},"excerpt":{"rendered":"<p>Nga Mero Baze, 17 Maj 2012 Nuk m\u00eb kishte shkuar mendja q\u00eb kemi pasur abetare t\u00eb ndryshme me Kosov\u00ebn. P\u00ebr m\u00eb tep\u00ebr nuk e kisha menduar kurr\u00eb q\u00eb nj\u00eb sht\u00ebpi botuese, e lidhur me Genc Pollon n\u00eb Tiran\u00eb, dhe nj\u00eb sht\u00ebpi botuese, e lidhur nuk di me k\u00eb nga Kosova, do t\u00eb sillnin nj\u00eb dit\u00eb [&hellip;]<\/p>\n","protected":false},"author":1,"featured_media":0,"comment_status":"open","ping_status":"closed","sticky":false,"template":"","format":"standard","meta":{"footnotes":""},"categories":[2],"tags":[],"class_list":{"0":"post-11827","1":"post","2":"type-post","3":"status-publish","4":"format-standard","6":"category-artikuj"},"yoast_head":"<!-- This site is optimized with the Yoast SEO plugin v27.4 - https:\/\/yoast.com\/product\/yoast-seo-wordpress\/ -->\n<title>Nj\u00eb pa\u00e7avure patriotizmi - FjALA e LIR\u00cb - Arkivi<\/title>\n<meta name=\"robots\" content=\"index, follow, max-snippet:-1, max-image-preview:large, max-video-preview:-1\" \/>\n<link rel=\"canonical\" href=\"https:\/\/fjala.info\/2009-2015\/nje-pacavure-patriotizmi\/\" \/>\n<meta property=\"og:locale\" content=\"sq_AL\" \/>\n<meta property=\"og:type\" content=\"article\" \/>\n<meta property=\"og:title\" content=\"Nj\u00eb pa\u00e7avure patriotizmi - FjALA e LIR\u00cb - Arkivi\" \/>\n<meta property=\"og:description\" content=\"Nga Mero Baze, 17 Maj 2012 Nuk m\u00eb kishte shkuar mendja q\u00eb kemi pasur abetare t\u00eb ndryshme me Kosov\u00ebn. P\u00ebr m\u00eb tep\u00ebr nuk e kisha menduar kurr\u00eb q\u00eb nj\u00eb sht\u00ebpi botuese, e lidhur me Genc Pollon n\u00eb Tiran\u00eb, dhe nj\u00eb sht\u00ebpi botuese, e lidhur nuk di me k\u00eb nga Kosova, do t\u00eb sillnin nj\u00eb dit\u00eb [&hellip;]\" \/>\n<meta property=\"og:url\" content=\"https:\/\/fjala.info\/2009-2015\/nje-pacavure-patriotizmi\/\" \/>\n<meta property=\"og:site_name\" content=\"FjALA e LIR\u00cb - Arkivi\" \/>\n<meta property=\"article:published_time\" content=\"2012-05-17T21:28:59+00:00\" \/>\n<meta property=\"og:image\" content=\"http:\/\/www.shkoder.net\/images\/fjala\/mero_baze1.jpg\" \/>\n<meta name=\"author\" content=\"admin\" \/>\n<meta name=\"twitter:card\" content=\"summary_large_image\" \/>\n<meta name=\"twitter:label1\" content=\"Written by\" \/>\n\t<meta name=\"twitter:data1\" content=\"admin\" \/>\n\t<meta name=\"twitter:label2\" content=\"Est. reading time\" \/>\n\t<meta name=\"twitter:data2\" content=\"7 minutes\" \/>\n<script type=\"application\/ld+json\" class=\"yoast-schema-graph\">{\"@context\":\"https:\\\/\\\/schema.org\",\"@graph\":[{\"@type\":\"Article\",\"@id\":\"https:\\\/\\\/fjala.info\\\/2009-2015\\\/nje-pacavure-patriotizmi\\\/#article\",\"isPartOf\":{\"@id\":\"https:\\\/\\\/fjala.info\\\/2009-2015\\\/nje-pacavure-patriotizmi\\\/\"},\"author\":{\"name\":\"admin\",\"@id\":\"https:\\\/\\\/fjala.info\\\/2009-2015\\\/#\\\/schema\\\/person\\\/3aa1163ef05469c496fc94e77611ada2\"},\"headline\":\"Nj\u00eb pa\u00e7avure patriotizmi\",\"datePublished\":\"2012-05-17T21:28:59+00:00\",\"mainEntityOfPage\":{\"@id\":\"https:\\\/\\\/fjala.info\\\/2009-2015\\\/nje-pacavure-patriotizmi\\\/\"},\"wordCount\":1498,\"commentCount\":0,\"publisher\":{\"@id\":\"https:\\\/\\\/fjala.info\\\/2009-2015\\\/#organization\"},\"image\":{\"@id\":\"https:\\\/\\\/fjala.info\\\/2009-2015\\\/nje-pacavure-patriotizmi\\\/#primaryimage\"},\"thumbnailUrl\":\"http:\\\/\\\/www.shkoder.net\\\/images\\\/fjala\\\/mero_baze1.jpg\",\"articleSection\":[\"Artikuj\"],\"inLanguage\":\"sq-AL\",\"potentialAction\":[{\"@type\":\"CommentAction\",\"name\":\"Comment\",\"target\":[\"https:\\\/\\\/fjala.info\\\/2009-2015\\\/nje-pacavure-patriotizmi\\\/#respond\"]}]},{\"@type\":\"WebPage\",\"@id\":\"https:\\\/\\\/fjala.info\\\/2009-2015\\\/nje-pacavure-patriotizmi\\\/\",\"url\":\"https:\\\/\\\/fjala.info\\\/2009-2015\\\/nje-pacavure-patriotizmi\\\/\",\"name\":\"Nj\u00eb pa\u00e7avure patriotizmi - FjALA e LIR\u00cb - Arkivi\",\"isPartOf\":{\"@id\":\"https:\\\/\\\/fjala.info\\\/2009-2015\\\/#website\"},\"primaryImageOfPage\":{\"@id\":\"https:\\\/\\\/fjala.info\\\/2009-2015\\\/nje-pacavure-patriotizmi\\\/#primaryimage\"},\"image\":{\"@id\":\"https:\\\/\\\/fjala.info\\\/2009-2015\\\/nje-pacavure-patriotizmi\\\/#primaryimage\"},\"thumbnailUrl\":\"http:\\\/\\\/www.shkoder.net\\\/images\\\/fjala\\\/mero_baze1.jpg\",\"datePublished\":\"2012-05-17T21:28:59+00:00\",\"breadcrumb\":{\"@id\":\"https:\\\/\\\/fjala.info\\\/2009-2015\\\/nje-pacavure-patriotizmi\\\/#breadcrumb\"},\"inLanguage\":\"sq-AL\",\"potentialAction\":[{\"@type\":\"ReadAction\",\"target\":[\"https:\\\/\\\/fjala.info\\\/2009-2015\\\/nje-pacavure-patriotizmi\\\/\"]}]},{\"@type\":\"ImageObject\",\"inLanguage\":\"sq-AL\",\"@id\":\"https:\\\/\\\/fjala.info\\\/2009-2015\\\/nje-pacavure-patriotizmi\\\/#primaryimage\",\"url\":\"http:\\\/\\\/www.shkoder.net\\\/images\\\/fjala\\\/mero_baze1.jpg\",\"contentUrl\":\"http:\\\/\\\/www.shkoder.net\\\/images\\\/fjala\\\/mero_baze1.jpg\"},{\"@type\":\"BreadcrumbList\",\"@id\":\"https:\\\/\\\/fjala.info\\\/2009-2015\\\/nje-pacavure-patriotizmi\\\/#breadcrumb\",\"itemListElement\":[{\"@type\":\"ListItem\",\"position\":1,\"name\":\"Home\",\"item\":\"https:\\\/\\\/fjala.info\\\/2009-2015\\\/\"},{\"@type\":\"ListItem\",\"position\":2,\"name\":\"Nj\u00eb pa\u00e7avure patriotizmi\"}]},{\"@type\":\"WebSite\",\"@id\":\"https:\\\/\\\/fjala.info\\\/2009-2015\\\/#website\",\"url\":\"https:\\\/\\\/fjala.info\\\/2009-2015\\\/\",\"name\":\"FjALA e LIR\u00cb - Arkivi\",\"description\":\"Arkivi 2009-2015\",\"publisher\":{\"@id\":\"https:\\\/\\\/fjala.info\\\/2009-2015\\\/#organization\"},\"potentialAction\":[{\"@type\":\"SearchAction\",\"target\":{\"@type\":\"EntryPoint\",\"urlTemplate\":\"https:\\\/\\\/fjala.info\\\/2009-2015\\\/?s={search_term_string}\"},\"query-input\":{\"@type\":\"PropertyValueSpecification\",\"valueRequired\":true,\"valueName\":\"search_term_string\"}}],\"inLanguage\":\"sq-AL\"},{\"@type\":\"Organization\",\"@id\":\"https:\\\/\\\/fjala.info\\\/2009-2015\\\/#organization\",\"name\":\"FjALA e LIR\u00cb - Arkivi\",\"url\":\"https:\\\/\\\/fjala.info\\\/2009-2015\\\/\",\"logo\":{\"@type\":\"ImageObject\",\"inLanguage\":\"sq-AL\",\"@id\":\"https:\\\/\\\/fjala.info\\\/2009-2015\\\/#\\\/schema\\\/logo\\\/image\\\/\",\"url\":\"\",\"contentUrl\":\"\",\"caption\":\"FjALA e LIR\u00cb - Arkivi\"},\"image\":{\"@id\":\"https:\\\/\\\/fjala.info\\\/2009-2015\\\/#\\\/schema\\\/logo\\\/image\\\/\"}},{\"@type\":\"Person\",\"@id\":\"https:\\\/\\\/fjala.info\\\/2009-2015\\\/#\\\/schema\\\/person\\\/3aa1163ef05469c496fc94e77611ada2\",\"name\":\"admin\",\"image\":{\"@type\":\"ImageObject\",\"inLanguage\":\"sq-AL\",\"@id\":\"https:\\\/\\\/fjala.info\\\/2009-2015\\\/wp-content\\\/uploads\\\/2012\\\/02\\\/arben_cokaj-120x150.jpg\",\"url\":\"https:\\\/\\\/fjala.info\\\/2009-2015\\\/wp-content\\\/uploads\\\/2012\\\/02\\\/arben_cokaj-120x150.jpg\",\"contentUrl\":\"https:\\\/\\\/fjala.info\\\/2009-2015\\\/wp-content\\\/uploads\\\/2012\\\/02\\\/arben_cokaj-120x150.jpg\",\"caption\":\"admin\"},\"description\":\"Admin, Fjala e Lir\u00eb\",\"sameAs\":[\"https:\\\/\\\/fjala.info\\\/\"],\"url\":\"https:\\\/\\\/fjala.info\\\/2009-2015\\\/author\\\/admin\\\/\"}]}<\/script>\n<!-- \/ Yoast SEO plugin. -->","yoast_head_json":{"title":"Nj\u00eb pa\u00e7avure patriotizmi - FjALA e LIR\u00cb - Arkivi","robots":{"index":"index","follow":"follow","max-snippet":"max-snippet:-1","max-image-preview":"max-image-preview:large","max-video-preview":"max-video-preview:-1"},"canonical":"https:\/\/fjala.info\/2009-2015\/nje-pacavure-patriotizmi\/","og_locale":"sq_AL","og_type":"article","og_title":"Nj\u00eb pa\u00e7avure patriotizmi - FjALA e LIR\u00cb - Arkivi","og_description":"Nga Mero Baze, 17 Maj 2012 Nuk m\u00eb kishte shkuar mendja q\u00eb kemi pasur abetare t\u00eb ndryshme me Kosov\u00ebn. P\u00ebr m\u00eb tep\u00ebr nuk e kisha menduar kurr\u00eb q\u00eb nj\u00eb sht\u00ebpi botuese, e lidhur me Genc Pollon n\u00eb Tiran\u00eb, dhe nj\u00eb sht\u00ebpi botuese, e lidhur nuk di me k\u00eb nga Kosova, do t\u00eb sillnin nj\u00eb dit\u00eb [&hellip;]","og_url":"https:\/\/fjala.info\/2009-2015\/nje-pacavure-patriotizmi\/","og_site_name":"FjALA e LIR\u00cb - Arkivi","article_published_time":"2012-05-17T21:28:59+00:00","og_image":[{"url":"http:\/\/www.shkoder.net\/images\/fjala\/mero_baze1.jpg","type":"","width":"","height":""}],"author":"admin","twitter_card":"summary_large_image","twitter_misc":{"Written by":"admin","Est. reading time":"7 minutes"},"schema":{"@context":"https:\/\/schema.org","@graph":[{"@type":"Article","@id":"https:\/\/fjala.info\/2009-2015\/nje-pacavure-patriotizmi\/#article","isPartOf":{"@id":"https:\/\/fjala.info\/2009-2015\/nje-pacavure-patriotizmi\/"},"author":{"name":"admin","@id":"https:\/\/fjala.info\/2009-2015\/#\/schema\/person\/3aa1163ef05469c496fc94e77611ada2"},"headline":"Nj\u00eb pa\u00e7avure patriotizmi","datePublished":"2012-05-17T21:28:59+00:00","mainEntityOfPage":{"@id":"https:\/\/fjala.info\/2009-2015\/nje-pacavure-patriotizmi\/"},"wordCount":1498,"commentCount":0,"publisher":{"@id":"https:\/\/fjala.info\/2009-2015\/#organization"},"image":{"@id":"https:\/\/fjala.info\/2009-2015\/nje-pacavure-patriotizmi\/#primaryimage"},"thumbnailUrl":"http:\/\/www.shkoder.net\/images\/fjala\/mero_baze1.jpg","articleSection":["Artikuj"],"inLanguage":"sq-AL","potentialAction":[{"@type":"CommentAction","name":"Comment","target":["https:\/\/fjala.info\/2009-2015\/nje-pacavure-patriotizmi\/#respond"]}]},{"@type":"WebPage","@id":"https:\/\/fjala.info\/2009-2015\/nje-pacavure-patriotizmi\/","url":"https:\/\/fjala.info\/2009-2015\/nje-pacavure-patriotizmi\/","name":"Nj\u00eb pa\u00e7avure patriotizmi - FjALA e LIR\u00cb - Arkivi","isPartOf":{"@id":"https:\/\/fjala.info\/2009-2015\/#website"},"primaryImageOfPage":{"@id":"https:\/\/fjala.info\/2009-2015\/nje-pacavure-patriotizmi\/#primaryimage"},"image":{"@id":"https:\/\/fjala.info\/2009-2015\/nje-pacavure-patriotizmi\/#primaryimage"},"thumbnailUrl":"http:\/\/www.shkoder.net\/images\/fjala\/mero_baze1.jpg","datePublished":"2012-05-17T21:28:59+00:00","breadcrumb":{"@id":"https:\/\/fjala.info\/2009-2015\/nje-pacavure-patriotizmi\/#breadcrumb"},"inLanguage":"sq-AL","potentialAction":[{"@type":"ReadAction","target":["https:\/\/fjala.info\/2009-2015\/nje-pacavure-patriotizmi\/"]}]},{"@type":"ImageObject","inLanguage":"sq-AL","@id":"https:\/\/fjala.info\/2009-2015\/nje-pacavure-patriotizmi\/#primaryimage","url":"http:\/\/www.shkoder.net\/images\/fjala\/mero_baze1.jpg","contentUrl":"http:\/\/www.shkoder.net\/images\/fjala\/mero_baze1.jpg"},{"@type":"BreadcrumbList","@id":"https:\/\/fjala.info\/2009-2015\/nje-pacavure-patriotizmi\/#breadcrumb","itemListElement":[{"@type":"ListItem","position":1,"name":"Home","item":"https:\/\/fjala.info\/2009-2015\/"},{"@type":"ListItem","position":2,"name":"Nj\u00eb pa\u00e7avure patriotizmi"}]},{"@type":"WebSite","@id":"https:\/\/fjala.info\/2009-2015\/#website","url":"https:\/\/fjala.info\/2009-2015\/","name":"FjALA e LIR\u00cb - Arkivi","description":"Arkivi 2009-2015","publisher":{"@id":"https:\/\/fjala.info\/2009-2015\/#organization"},"potentialAction":[{"@type":"SearchAction","target":{"@type":"EntryPoint","urlTemplate":"https:\/\/fjala.info\/2009-2015\/?s={search_term_string}"},"query-input":{"@type":"PropertyValueSpecification","valueRequired":true,"valueName":"search_term_string"}}],"inLanguage":"sq-AL"},{"@type":"Organization","@id":"https:\/\/fjala.info\/2009-2015\/#organization","name":"FjALA e LIR\u00cb - Arkivi","url":"https:\/\/fjala.info\/2009-2015\/","logo":{"@type":"ImageObject","inLanguage":"sq-AL","@id":"https:\/\/fjala.info\/2009-2015\/#\/schema\/logo\/image\/","url":"","contentUrl":"","caption":"FjALA e LIR\u00cb - Arkivi"},"image":{"@id":"https:\/\/fjala.info\/2009-2015\/#\/schema\/logo\/image\/"}},{"@type":"Person","@id":"https:\/\/fjala.info\/2009-2015\/#\/schema\/person\/3aa1163ef05469c496fc94e77611ada2","name":"admin","image":{"@type":"ImageObject","inLanguage":"sq-AL","@id":"https:\/\/fjala.info\/2009-2015\/wp-content\/uploads\/2012\/02\/arben_cokaj-120x150.jpg","url":"https:\/\/fjala.info\/2009-2015\/wp-content\/uploads\/2012\/02\/arben_cokaj-120x150.jpg","contentUrl":"https:\/\/fjala.info\/2009-2015\/wp-content\/uploads\/2012\/02\/arben_cokaj-120x150.jpg","caption":"admin"},"description":"Admin, Fjala e Lir\u00eb","sameAs":["https:\/\/fjala.info\/"],"url":"https:\/\/fjala.info\/2009-2015\/author\/admin\/"}]}},"_links":{"self":[{"href":"https:\/\/fjala.info\/2009-2015\/wp-json\/wp\/v2\/posts\/11827","targetHints":{"allow":["GET"]}}],"collection":[{"href":"https:\/\/fjala.info\/2009-2015\/wp-json\/wp\/v2\/posts"}],"about":[{"href":"https:\/\/fjala.info\/2009-2015\/wp-json\/wp\/v2\/types\/post"}],"author":[{"embeddable":true,"href":"https:\/\/fjala.info\/2009-2015\/wp-json\/wp\/v2\/users\/1"}],"replies":[{"embeddable":true,"href":"https:\/\/fjala.info\/2009-2015\/wp-json\/wp\/v2\/comments?post=11827"}],"version-history":[{"count":0,"href":"https:\/\/fjala.info\/2009-2015\/wp-json\/wp\/v2\/posts\/11827\/revisions"}],"wp:attachment":[{"href":"https:\/\/fjala.info\/2009-2015\/wp-json\/wp\/v2\/media?parent=11827"}],"wp:term":[{"taxonomy":"category","embeddable":true,"href":"https:\/\/fjala.info\/2009-2015\/wp-json\/wp\/v2\/categories?post=11827"},{"taxonomy":"post_tag","embeddable":true,"href":"https:\/\/fjala.info\/2009-2015\/wp-json\/wp\/v2\/tags?post=11827"}],"curies":[{"name":"wp","href":"https:\/\/api.w.org\/{rel}","templated":true}]}}