{"id":11826,"date":"2012-05-17T22:24:26","date_gmt":"2012-05-17T21:24:26","guid":{"rendered":"http:\/\/fjala.shkoder.net\/?p=2808"},"modified":"2012-05-17T22:24:26","modified_gmt":"2012-05-17T21:24:26","slug":"flet-donika-gervalla-e-verteta-e-vrasjes-se-tim-eti","status":"publish","type":"post","link":"https:\/\/fjala.info\/2009-2015\/flet-donika-gervalla-e-verteta-e-vrasjes-se-tim-eti\/","title":{"rendered":"Flet Donika G\u00ebrvalla: E v\u00ebrteta e vrasjes s\u00eb tim eti"},"content":{"rendered":"<p><img decoding=\"async\" class=\"alignright size-thumbnail wp-image-7236\" title=\"Donika G\u00ebrvalla\" src=\"http:\/\/www.shkoder.net\/2012\/donika_gervalla.jpg\" alt=\"\" width=\"200\" \/> <strong>TemA Online<\/strong>, <em>17 Maj 2012<\/em><\/p>\n<p>Nuk ka asnj\u00eb dyshim se urdhrin p\u00ebr vrasjen e Jusuf G\u00ebrvall\u00ebs, Bardhosh G\u00ebrvall\u00ebs dhe Kadri Zek\u00ebs, n\u00eb janar t\u00eb vitit 1982, e ka dh\u00ebn\u00eb sigurimi shtet\u00ebror jugosllav, por vrasja ka mbetur pa u sqaruar ende plot\u00ebsisht, nd\u00ebrsa pretendimet e fundit p\u00ebr autor\u00ebt e vrasjes s\u00eb trefisht\u00eb shihen me dyshime t\u00eb m\u00ebdha nga familjar\u00ebt e Jusuf G\u00ebrvall\u00ebs.<\/p>\n<p>E bija e tij, Donika G\u00ebrvalla, ka hedhur posht\u00eb pretendimet e b\u00ebra nga nj\u00ebri prej themeluesve t\u00eb L\u00ebvizjes Popullore t\u00eb Kosov\u00ebs (LPK), Ibrahim Kelmendi, i cili p\u00ebrmes nj\u00eb libri dhe disa intervistave ka ngritur gishtin e akuz\u00ebs p\u00ebr vrasjen e G\u00ebrvallajve dhe Kadri Zek\u00ebs drejt nj\u00eb tjet\u00ebr aktivisti t\u00eb asaj kohe n\u00eb diaspor\u00eb, Riza Salihut.<\/p>\n<p>N\u00eb nj\u00eb intervist\u00eb me kryeredaktorin e Koh\u00ebs Ditore, Agron Bajramin, p\u00ebr emisionin \u201cPress-ing\u201d, q\u00eb transmetohet t\u00eb premten prej or\u00ebs 20:00, n\u00eb KTV, Donika G\u00ebrvalla ka rr\u00ebfyer p\u00ebr ato q\u00eb i di dhe ato q\u00eb nuk i di n\u00eb lidhje me vrasjen e 17 janarit 1982, n\u00eb Untergruppenbach t\u00eb Gjermanis\u00eb, nd\u00ebrsa ka dh\u00ebn\u00eb edhe vler\u00ebsimin e saj p\u00ebr emrat q\u00eb p\u00ebrmenden, p\u00ebrfshir\u00eb Ibrahim Kelmendin dhe Riza Salihun.<\/p>\n<p>\u201cUn\u00eb, si vajza e tij (Jusuf G\u00ebrvall\u00ebs), jam shum\u00eb e interesuar t\u00eb di se cil\u00ebt persona n\u00eb Beograd, n\u00eb cil\u00ebn zyr\u00eb, k\u00eb porosit\u00ebn q\u00eb ta kryej k\u00ebt\u00eb atentat\u201d, ka th\u00ebn\u00eb Donika G\u00ebrcalla, e cila \u00ebsht\u00eb personi mbase i vet\u00ebm, p\u00ebrve\u00e7 hetuesve gjerman\u00eb, q\u00eb ka pasur rastin t\u00eb shoh\u00eb dosjen e plot\u00eb t\u00eb hetimeve t\u00eb deritanishme p\u00ebr vrasjen e G\u00ebrvallajve dhe Kadri Zek\u00ebs.<\/p>\n<p>Ajo ka folur po ashtu edhe p\u00ebr procesin e hetimeve t\u00eb udh\u00ebhequra me vite nga prokuror\u00ebt gjerman\u00eb, arsyet pse hetimet kurr\u00eb nuk rezultuan me nj\u00eb proces gjyq\u00ebsor p\u00ebr vrasjen, dhe pritjet q\u00eb rasti t\u00eb zbardhet, me gjith\u00eb faktin se nga dita e vrasjes kan\u00eb kaluar m\u00eb shum\u00eb se 30 vjet.<\/p>\n<p>N\u00eb intervist\u00eb, Donika G\u00ebrvalla rr\u00ebfen edhe p\u00ebr jet\u00ebn e familjes s\u00eb saj pas vrasjes s\u00eb babait, shkuarjen n\u00eb Shqip\u00ebri, takimet me Nexhmije Hoxhen dhe Enver Hoxh\u00ebn, dhe zhg\u00ebnjimin me shtetin shqiptar.<\/p>\n<p>Si z\u00ebdh\u00ebn\u00ebse e Lidhjes Demokratike t\u00eb Kosov\u00ebs n\u00eb Gjermani, Donika G\u00ebrvalla flet edhe p\u00ebr pun\u00ebn gjat\u00eb viteve \u201990-t\u00eb n\u00eb diaspor\u00eb, konfliktet q\u00eb ekzistonin mes LDK-s\u00eb me Ibrahim Rugov\u00ebn n\u00eb krye dhe Qeveris\u00eb n\u00eb ekzil t\u00eb Bujar Bukoshit, nd\u00ebrsa nj\u00eb vler\u00ebsim t\u00eb ve\u00e7ant\u00eb e jep edhe p\u00ebr Kosov\u00ebn, ashtu si e sheh ajo sot.<\/p>\n<p>\u201cRepublika e Kosov\u00ebs p\u00ebr t\u00eb cil\u00ebn ai (Jusuf G\u00ebrvalla) n\u00eb fund sakrifikoi jet\u00ebn \u00ebsht\u00eb nj\u00eb shtet i cili identifikohet kryesisht me korrupsion dhe krim t\u00eb organizuar\u201d, thot\u00eb G\u00ebrvalla, duke elaboruar n\u00eb detaje pse mendon k\u00ebshtu.\/KD<\/p>\n","protected":false},"excerpt":{"rendered":"<p>TemA Online, 17 Maj 2012 Nuk ka asnj\u00eb dyshim se urdhrin p\u00ebr vrasjen e Jusuf G\u00ebrvall\u00ebs, Bardhosh G\u00ebrvall\u00ebs dhe Kadri Zek\u00ebs, n\u00eb janar t\u00eb vitit 1982, e ka dh\u00ebn\u00eb sigurimi shtet\u00ebror jugosllav, por vrasja ka mbetur pa u sqaruar ende plot\u00ebsisht, nd\u00ebrsa pretendimet e fundit p\u00ebr autor\u00ebt e vrasjes s\u00eb trefisht\u00eb shihen me dyshime t\u00eb [&hellip;]<\/p>\n","protected":false},"author":1,"featured_media":0,"comment_status":"open","ping_status":"closed","sticky":false,"template":"","format":"standard","meta":{"footnotes":""},"categories":[2],"tags":[],"class_list":{"0":"post-11826","1":"post","2":"type-post","3":"status-publish","4":"format-standard","6":"category-artikuj"},"yoast_head":"<!-- This site is optimized with the Yoast SEO plugin v27.4 - https:\/\/yoast.com\/product\/yoast-seo-wordpress\/ -->\n<title>Flet Donika G\u00ebrvalla: E v\u00ebrteta e vrasjes s\u00eb tim eti - FjALA e LIR\u00cb - Arkivi<\/title>\n<meta name=\"robots\" content=\"index, follow, max-snippet:-1, max-image-preview:large, max-video-preview:-1\" \/>\n<link rel=\"canonical\" href=\"https:\/\/fjala.info\/2009-2015\/flet-donika-gervalla-e-verteta-e-vrasjes-se-tim-eti\/\" \/>\n<meta property=\"og:locale\" content=\"sq_AL\" \/>\n<meta property=\"og:type\" content=\"article\" \/>\n<meta property=\"og:title\" content=\"Flet Donika G\u00ebrvalla: E v\u00ebrteta e vrasjes s\u00eb tim eti - FjALA e LIR\u00cb - Arkivi\" \/>\n<meta property=\"og:description\" content=\"TemA Online, 17 Maj 2012 Nuk ka asnj\u00eb dyshim se urdhrin p\u00ebr vrasjen e Jusuf G\u00ebrvall\u00ebs, Bardhosh G\u00ebrvall\u00ebs dhe Kadri Zek\u00ebs, n\u00eb janar t\u00eb vitit 1982, e ka dh\u00ebn\u00eb sigurimi shtet\u00ebror jugosllav, por vrasja ka mbetur pa u sqaruar ende plot\u00ebsisht, nd\u00ebrsa pretendimet e fundit p\u00ebr autor\u00ebt e vrasjes s\u00eb trefisht\u00eb shihen me dyshime t\u00eb [&hellip;]\" \/>\n<meta property=\"og:url\" content=\"https:\/\/fjala.info\/2009-2015\/flet-donika-gervalla-e-verteta-e-vrasjes-se-tim-eti\/\" \/>\n<meta property=\"og:site_name\" content=\"FjALA e LIR\u00cb - Arkivi\" \/>\n<meta property=\"article:published_time\" content=\"2012-05-17T21:24:26+00:00\" \/>\n<meta property=\"og:image\" content=\"http:\/\/www.shkoder.net\/2012\/donika_gervalla.jpg\" \/>\n<meta name=\"author\" content=\"admin\" \/>\n<meta name=\"twitter:card\" content=\"summary_large_image\" \/>\n<meta name=\"twitter:label1\" content=\"Written by\" \/>\n\t<meta name=\"twitter:data1\" content=\"admin\" \/>\n\t<meta name=\"twitter:label2\" content=\"Est. reading time\" \/>\n\t<meta name=\"twitter:data2\" content=\"2 minutes\" \/>\n<script type=\"application\/ld+json\" class=\"yoast-schema-graph\">{\"@context\":\"https:\\\/\\\/schema.org\",\"@graph\":[{\"@type\":\"Article\",\"@id\":\"https:\\\/\\\/fjala.info\\\/2009-2015\\\/flet-donika-gervalla-e-verteta-e-vrasjes-se-tim-eti\\\/#article\",\"isPartOf\":{\"@id\":\"https:\\\/\\\/fjala.info\\\/2009-2015\\\/flet-donika-gervalla-e-verteta-e-vrasjes-se-tim-eti\\\/\"},\"author\":{\"name\":\"admin\",\"@id\":\"https:\\\/\\\/fjala.info\\\/2009-2015\\\/#\\\/schema\\\/person\\\/3aa1163ef05469c496fc94e77611ada2\"},\"headline\":\"Flet Donika G\u00ebrvalla: E v\u00ebrteta e vrasjes s\u00eb tim eti\",\"datePublished\":\"2012-05-17T21:24:26+00:00\",\"mainEntityOfPage\":{\"@id\":\"https:\\\/\\\/fjala.info\\\/2009-2015\\\/flet-donika-gervalla-e-verteta-e-vrasjes-se-tim-eti\\\/\"},\"wordCount\":503,\"commentCount\":0,\"publisher\":{\"@id\":\"https:\\\/\\\/fjala.info\\\/2009-2015\\\/#organization\"},\"image\":{\"@id\":\"https:\\\/\\\/fjala.info\\\/2009-2015\\\/flet-donika-gervalla-e-verteta-e-vrasjes-se-tim-eti\\\/#primaryimage\"},\"thumbnailUrl\":\"http:\\\/\\\/www.shkoder.net\\\/2012\\\/donika_gervalla.jpg\",\"articleSection\":[\"Artikuj\"],\"inLanguage\":\"sq-AL\",\"potentialAction\":[{\"@type\":\"CommentAction\",\"name\":\"Comment\",\"target\":[\"https:\\\/\\\/fjala.info\\\/2009-2015\\\/flet-donika-gervalla-e-verteta-e-vrasjes-se-tim-eti\\\/#respond\"]}]},{\"@type\":\"WebPage\",\"@id\":\"https:\\\/\\\/fjala.info\\\/2009-2015\\\/flet-donika-gervalla-e-verteta-e-vrasjes-se-tim-eti\\\/\",\"url\":\"https:\\\/\\\/fjala.info\\\/2009-2015\\\/flet-donika-gervalla-e-verteta-e-vrasjes-se-tim-eti\\\/\",\"name\":\"Flet Donika G\u00ebrvalla: E v\u00ebrteta e vrasjes s\u00eb tim eti - FjALA e LIR\u00cb - Arkivi\",\"isPartOf\":{\"@id\":\"https:\\\/\\\/fjala.info\\\/2009-2015\\\/#website\"},\"primaryImageOfPage\":{\"@id\":\"https:\\\/\\\/fjala.info\\\/2009-2015\\\/flet-donika-gervalla-e-verteta-e-vrasjes-se-tim-eti\\\/#primaryimage\"},\"image\":{\"@id\":\"https:\\\/\\\/fjala.info\\\/2009-2015\\\/flet-donika-gervalla-e-verteta-e-vrasjes-se-tim-eti\\\/#primaryimage\"},\"thumbnailUrl\":\"http:\\\/\\\/www.shkoder.net\\\/2012\\\/donika_gervalla.jpg\",\"datePublished\":\"2012-05-17T21:24:26+00:00\",\"breadcrumb\":{\"@id\":\"https:\\\/\\\/fjala.info\\\/2009-2015\\\/flet-donika-gervalla-e-verteta-e-vrasjes-se-tim-eti\\\/#breadcrumb\"},\"inLanguage\":\"sq-AL\",\"potentialAction\":[{\"@type\":\"ReadAction\",\"target\":[\"https:\\\/\\\/fjala.info\\\/2009-2015\\\/flet-donika-gervalla-e-verteta-e-vrasjes-se-tim-eti\\\/\"]}]},{\"@type\":\"ImageObject\",\"inLanguage\":\"sq-AL\",\"@id\":\"https:\\\/\\\/fjala.info\\\/2009-2015\\\/flet-donika-gervalla-e-verteta-e-vrasjes-se-tim-eti\\\/#primaryimage\",\"url\":\"http:\\\/\\\/www.shkoder.net\\\/2012\\\/donika_gervalla.jpg\",\"contentUrl\":\"http:\\\/\\\/www.shkoder.net\\\/2012\\\/donika_gervalla.jpg\"},{\"@type\":\"BreadcrumbList\",\"@id\":\"https:\\\/\\\/fjala.info\\\/2009-2015\\\/flet-donika-gervalla-e-verteta-e-vrasjes-se-tim-eti\\\/#breadcrumb\",\"itemListElement\":[{\"@type\":\"ListItem\",\"position\":1,\"name\":\"Home\",\"item\":\"https:\\\/\\\/fjala.info\\\/2009-2015\\\/\"},{\"@type\":\"ListItem\",\"position\":2,\"name\":\"Flet Donika G\u00ebrvalla: E v\u00ebrteta e vrasjes s\u00eb tim eti\"}]},{\"@type\":\"WebSite\",\"@id\":\"https:\\\/\\\/fjala.info\\\/2009-2015\\\/#website\",\"url\":\"https:\\\/\\\/fjala.info\\\/2009-2015\\\/\",\"name\":\"FjALA e LIR\u00cb - Arkivi\",\"description\":\"Arkivi 2009-2015\",\"publisher\":{\"@id\":\"https:\\\/\\\/fjala.info\\\/2009-2015\\\/#organization\"},\"potentialAction\":[{\"@type\":\"SearchAction\",\"target\":{\"@type\":\"EntryPoint\",\"urlTemplate\":\"https:\\\/\\\/fjala.info\\\/2009-2015\\\/?s={search_term_string}\"},\"query-input\":{\"@type\":\"PropertyValueSpecification\",\"valueRequired\":true,\"valueName\":\"search_term_string\"}}],\"inLanguage\":\"sq-AL\"},{\"@type\":\"Organization\",\"@id\":\"https:\\\/\\\/fjala.info\\\/2009-2015\\\/#organization\",\"name\":\"FjALA e LIR\u00cb - Arkivi\",\"url\":\"https:\\\/\\\/fjala.info\\\/2009-2015\\\/\",\"logo\":{\"@type\":\"ImageObject\",\"inLanguage\":\"sq-AL\",\"@id\":\"https:\\\/\\\/fjala.info\\\/2009-2015\\\/#\\\/schema\\\/logo\\\/image\\\/\",\"url\":\"\",\"contentUrl\":\"\",\"caption\":\"FjALA e LIR\u00cb - Arkivi\"},\"image\":{\"@id\":\"https:\\\/\\\/fjala.info\\\/2009-2015\\\/#\\\/schema\\\/logo\\\/image\\\/\"}},{\"@type\":\"Person\",\"@id\":\"https:\\\/\\\/fjala.info\\\/2009-2015\\\/#\\\/schema\\\/person\\\/3aa1163ef05469c496fc94e77611ada2\",\"name\":\"admin\",\"image\":{\"@type\":\"ImageObject\",\"inLanguage\":\"sq-AL\",\"@id\":\"https:\\\/\\\/fjala.info\\\/2009-2015\\\/wp-content\\\/uploads\\\/2012\\\/02\\\/arben_cokaj-120x150.jpg\",\"url\":\"https:\\\/\\\/fjala.info\\\/2009-2015\\\/wp-content\\\/uploads\\\/2012\\\/02\\\/arben_cokaj-120x150.jpg\",\"contentUrl\":\"https:\\\/\\\/fjala.info\\\/2009-2015\\\/wp-content\\\/uploads\\\/2012\\\/02\\\/arben_cokaj-120x150.jpg\",\"caption\":\"admin\"},\"description\":\"Admin, Fjala e Lir\u00eb\",\"sameAs\":[\"https:\\\/\\\/fjala.info\\\/\"],\"url\":\"https:\\\/\\\/fjala.info\\\/2009-2015\\\/author\\\/admin\\\/\"}]}<\/script>\n<!-- \/ Yoast SEO plugin. -->","yoast_head_json":{"title":"Flet Donika G\u00ebrvalla: E v\u00ebrteta e vrasjes s\u00eb tim eti - FjALA e LIR\u00cb - Arkivi","robots":{"index":"index","follow":"follow","max-snippet":"max-snippet:-1","max-image-preview":"max-image-preview:large","max-video-preview":"max-video-preview:-1"},"canonical":"https:\/\/fjala.info\/2009-2015\/flet-donika-gervalla-e-verteta-e-vrasjes-se-tim-eti\/","og_locale":"sq_AL","og_type":"article","og_title":"Flet Donika G\u00ebrvalla: E v\u00ebrteta e vrasjes s\u00eb tim eti - FjALA e LIR\u00cb - Arkivi","og_description":"TemA Online, 17 Maj 2012 Nuk ka asnj\u00eb dyshim se urdhrin p\u00ebr vrasjen e Jusuf G\u00ebrvall\u00ebs, Bardhosh G\u00ebrvall\u00ebs dhe Kadri Zek\u00ebs, n\u00eb janar t\u00eb vitit 1982, e ka dh\u00ebn\u00eb sigurimi shtet\u00ebror jugosllav, por vrasja ka mbetur pa u sqaruar ende plot\u00ebsisht, nd\u00ebrsa pretendimet e fundit p\u00ebr autor\u00ebt e vrasjes s\u00eb trefisht\u00eb shihen me dyshime t\u00eb [&hellip;]","og_url":"https:\/\/fjala.info\/2009-2015\/flet-donika-gervalla-e-verteta-e-vrasjes-se-tim-eti\/","og_site_name":"FjALA e LIR\u00cb - Arkivi","article_published_time":"2012-05-17T21:24:26+00:00","og_image":[{"url":"http:\/\/www.shkoder.net\/2012\/donika_gervalla.jpg","type":"","width":"","height":""}],"author":"admin","twitter_card":"summary_large_image","twitter_misc":{"Written by":"admin","Est. reading time":"2 minutes"},"schema":{"@context":"https:\/\/schema.org","@graph":[{"@type":"Article","@id":"https:\/\/fjala.info\/2009-2015\/flet-donika-gervalla-e-verteta-e-vrasjes-se-tim-eti\/#article","isPartOf":{"@id":"https:\/\/fjala.info\/2009-2015\/flet-donika-gervalla-e-verteta-e-vrasjes-se-tim-eti\/"},"author":{"name":"admin","@id":"https:\/\/fjala.info\/2009-2015\/#\/schema\/person\/3aa1163ef05469c496fc94e77611ada2"},"headline":"Flet Donika G\u00ebrvalla: E v\u00ebrteta e vrasjes s\u00eb tim eti","datePublished":"2012-05-17T21:24:26+00:00","mainEntityOfPage":{"@id":"https:\/\/fjala.info\/2009-2015\/flet-donika-gervalla-e-verteta-e-vrasjes-se-tim-eti\/"},"wordCount":503,"commentCount":0,"publisher":{"@id":"https:\/\/fjala.info\/2009-2015\/#organization"},"image":{"@id":"https:\/\/fjala.info\/2009-2015\/flet-donika-gervalla-e-verteta-e-vrasjes-se-tim-eti\/#primaryimage"},"thumbnailUrl":"http:\/\/www.shkoder.net\/2012\/donika_gervalla.jpg","articleSection":["Artikuj"],"inLanguage":"sq-AL","potentialAction":[{"@type":"CommentAction","name":"Comment","target":["https:\/\/fjala.info\/2009-2015\/flet-donika-gervalla-e-verteta-e-vrasjes-se-tim-eti\/#respond"]}]},{"@type":"WebPage","@id":"https:\/\/fjala.info\/2009-2015\/flet-donika-gervalla-e-verteta-e-vrasjes-se-tim-eti\/","url":"https:\/\/fjala.info\/2009-2015\/flet-donika-gervalla-e-verteta-e-vrasjes-se-tim-eti\/","name":"Flet Donika G\u00ebrvalla: E v\u00ebrteta e vrasjes s\u00eb tim eti - FjALA e LIR\u00cb - Arkivi","isPartOf":{"@id":"https:\/\/fjala.info\/2009-2015\/#website"},"primaryImageOfPage":{"@id":"https:\/\/fjala.info\/2009-2015\/flet-donika-gervalla-e-verteta-e-vrasjes-se-tim-eti\/#primaryimage"},"image":{"@id":"https:\/\/fjala.info\/2009-2015\/flet-donika-gervalla-e-verteta-e-vrasjes-se-tim-eti\/#primaryimage"},"thumbnailUrl":"http:\/\/www.shkoder.net\/2012\/donika_gervalla.jpg","datePublished":"2012-05-17T21:24:26+00:00","breadcrumb":{"@id":"https:\/\/fjala.info\/2009-2015\/flet-donika-gervalla-e-verteta-e-vrasjes-se-tim-eti\/#breadcrumb"},"inLanguage":"sq-AL","potentialAction":[{"@type":"ReadAction","target":["https:\/\/fjala.info\/2009-2015\/flet-donika-gervalla-e-verteta-e-vrasjes-se-tim-eti\/"]}]},{"@type":"ImageObject","inLanguage":"sq-AL","@id":"https:\/\/fjala.info\/2009-2015\/flet-donika-gervalla-e-verteta-e-vrasjes-se-tim-eti\/#primaryimage","url":"http:\/\/www.shkoder.net\/2012\/donika_gervalla.jpg","contentUrl":"http:\/\/www.shkoder.net\/2012\/donika_gervalla.jpg"},{"@type":"BreadcrumbList","@id":"https:\/\/fjala.info\/2009-2015\/flet-donika-gervalla-e-verteta-e-vrasjes-se-tim-eti\/#breadcrumb","itemListElement":[{"@type":"ListItem","position":1,"name":"Home","item":"https:\/\/fjala.info\/2009-2015\/"},{"@type":"ListItem","position":2,"name":"Flet Donika G\u00ebrvalla: E v\u00ebrteta e vrasjes s\u00eb tim eti"}]},{"@type":"WebSite","@id":"https:\/\/fjala.info\/2009-2015\/#website","url":"https:\/\/fjala.info\/2009-2015\/","name":"FjALA e LIR\u00cb - Arkivi","description":"Arkivi 2009-2015","publisher":{"@id":"https:\/\/fjala.info\/2009-2015\/#organization"},"potentialAction":[{"@type":"SearchAction","target":{"@type":"EntryPoint","urlTemplate":"https:\/\/fjala.info\/2009-2015\/?s={search_term_string}"},"query-input":{"@type":"PropertyValueSpecification","valueRequired":true,"valueName":"search_term_string"}}],"inLanguage":"sq-AL"},{"@type":"Organization","@id":"https:\/\/fjala.info\/2009-2015\/#organization","name":"FjALA e LIR\u00cb - Arkivi","url":"https:\/\/fjala.info\/2009-2015\/","logo":{"@type":"ImageObject","inLanguage":"sq-AL","@id":"https:\/\/fjala.info\/2009-2015\/#\/schema\/logo\/image\/","url":"","contentUrl":"","caption":"FjALA e LIR\u00cb - Arkivi"},"image":{"@id":"https:\/\/fjala.info\/2009-2015\/#\/schema\/logo\/image\/"}},{"@type":"Person","@id":"https:\/\/fjala.info\/2009-2015\/#\/schema\/person\/3aa1163ef05469c496fc94e77611ada2","name":"admin","image":{"@type":"ImageObject","inLanguage":"sq-AL","@id":"https:\/\/fjala.info\/2009-2015\/wp-content\/uploads\/2012\/02\/arben_cokaj-120x150.jpg","url":"https:\/\/fjala.info\/2009-2015\/wp-content\/uploads\/2012\/02\/arben_cokaj-120x150.jpg","contentUrl":"https:\/\/fjala.info\/2009-2015\/wp-content\/uploads\/2012\/02\/arben_cokaj-120x150.jpg","caption":"admin"},"description":"Admin, Fjala e Lir\u00eb","sameAs":["https:\/\/fjala.info\/"],"url":"https:\/\/fjala.info\/2009-2015\/author\/admin\/"}]}},"_links":{"self":[{"href":"https:\/\/fjala.info\/2009-2015\/wp-json\/wp\/v2\/posts\/11826","targetHints":{"allow":["GET"]}}],"collection":[{"href":"https:\/\/fjala.info\/2009-2015\/wp-json\/wp\/v2\/posts"}],"about":[{"href":"https:\/\/fjala.info\/2009-2015\/wp-json\/wp\/v2\/types\/post"}],"author":[{"embeddable":true,"href":"https:\/\/fjala.info\/2009-2015\/wp-json\/wp\/v2\/users\/1"}],"replies":[{"embeddable":true,"href":"https:\/\/fjala.info\/2009-2015\/wp-json\/wp\/v2\/comments?post=11826"}],"version-history":[{"count":0,"href":"https:\/\/fjala.info\/2009-2015\/wp-json\/wp\/v2\/posts\/11826\/revisions"}],"wp:attachment":[{"href":"https:\/\/fjala.info\/2009-2015\/wp-json\/wp\/v2\/media?parent=11826"}],"wp:term":[{"taxonomy":"category","embeddable":true,"href":"https:\/\/fjala.info\/2009-2015\/wp-json\/wp\/v2\/categories?post=11826"},{"taxonomy":"post_tag","embeddable":true,"href":"https:\/\/fjala.info\/2009-2015\/wp-json\/wp\/v2\/tags?post=11826"}],"curies":[{"name":"wp","href":"https:\/\/api.w.org\/{rel}","templated":true}]}}