{"id":11825,"date":"2012-05-17T18:15:58","date_gmt":"2012-05-17T17:15:58","guid":{"rendered":"http:\/\/fjala.shkoder.net\/?p=2805"},"modified":"2012-05-17T18:15:58","modified_gmt":"2012-05-17T17:15:58","slug":"rrotull-nesh-po-behet-kiameti","status":"publish","type":"post","link":"https:\/\/fjala.info\/2009-2015\/rrotull-nesh-po-behet-kiameti\/","title":{"rendered":"Rrotull nesh \u201cpo b\u00ebhet kiameti\u201d"},"content":{"rendered":"<p><img decoding=\"async\" class=\"alignleft size-thumbnail wp-image-7236\" title=\"Mustafa Nano\" src=\"http:\/\/www.shkoder.net\/images\/fjala\/mustafa_nano.jpg\" alt=\"\" width=\"150\" \/> Nga <strong>Mustafa Nano<\/strong>, <em>16 maj 2012<\/em><\/p>\n<p>T\u00eb gjith\u00eb kan\u00eb qen\u00eb me iden\u00eb se Italia ia hodhi me Mario Monti-n. Ky i fundit, edhe n\u00ebn inkurajimin e mb\u00ebshtetjen e agjencive e organizatave nd\u00ebrkomb\u00ebtare, iu vu kursit t\u00eb reformave t\u00eb \u201causteritetit\u201d, dhe tani jan\u00eb agjencit\u00eb nd\u00ebrkomb\u00ebtare t\u00eb rating-ut (m\u00eb sakt\u00eb, \u201cMoody\u2019s\u201d) q\u00eb, p\u00ebr shkak t\u00eb k\u00ebtyre masave \u201ct\u00eb disiplin\u00ebs fiskale e financiare\u201d, po paralajm\u00ebrojn\u00eb dit\u00eb t\u00eb v\u00ebshtira p\u00ebr Italin\u00eb. E kan\u00eb filluar me vler\u00ebsimin negativ t\u00eb 26 bankave italiane, p\u00ebrfshir\u00eb dhe Bank\u00ebn Intesa San Paolo q\u00eb operon n\u00eb Shqip\u00ebri.<\/p>\n<p><img decoding=\"async\" class=\"alignright size-thumbnail wp-image-7236\" title=\"Bank of Greece\" src=\"http:\/\/www.shkoder.net\/2012\/bank_of_greece.jpg\" alt=\"\" width=\"300\" \/>Ky lajm q\u00eb mb\u00ebrriti parmbr\u00ebm\u00eb n\u00eb Rom\u00eb ka provokuar reagimin e zem\u00ebruar t\u00eb italian\u00ebve, t\u00eb cil\u00ebt po shohin nj\u00eb komplot n\u00eb k\u00ebt\u00eb mes. Ca e ca po shohin nj\u00eb hakmarrje ndaj hetimit q\u00eb kan\u00eb nisur vjet prokuror\u00ebt italian\u00eb ndaj tri agjencive t\u00eb famshme, \u201cMoody\u2019s\u201d, \u201cStandard &amp; Poor\u2019s\u2019 dhe \u201cFitch\u201d. Casini, kreu i nj\u00ebr\u00ebs prej partive q\u00eb po mb\u00ebshtesin qeverin\u00eb \u201cMonti\u201d, \u00ebsht\u00eb l\u00ebshuar fort me t\u00eb marr\u00eb vesh k\u00ebt\u00eb mandat\u00eb. \u201cKy \u00ebsht\u00eb agresion ndaj Italis\u00eb, ndaj biznesit, ndaj familjeve e qytetar\u00ebve italian\u00eb\u201d, tha ai. Sindikata e sip\u00ebrmarr\u00ebsve t\u00eb fuqish\u00ebm, Confindustria, ka reaguar po nj\u00ebsoj: Ky \u00ebsht\u00eb nj\u00eb sulm ndaj nesh.<\/p>\n<p>N\u00eb fakt, nuk e kan\u00eb vet\u00ebm me agjencit\u00eb e rating-ut. Koh\u00ebt e fundit jan\u00eb shtuar z\u00ebrat, t\u00eb cil\u00ebt thon\u00eb se Italia do pasoj\u00eb fatin e Greqis\u00eb, se borxhi i saj publik \u00ebsht\u00eb tmerr\u00ebsisht i madh, se reformat e disiplin\u00ebs financiare q\u00eb jan\u00eb kryer e jan\u00eb n\u00eb plan p\u00ebr t\u2019u kryer do t\u00eb bllokojn\u00eb rritjen, se kriza greke q\u00eb do t\u00eb finalizohet me kthimin tek dhrahmia do ta ket\u00eb impaktin m\u00eb t\u00eb par\u00eb mbi Italin\u00eb.<\/p>\n<p>N\u00ebse kan\u00eb pritur mandat\u00ebn nga Greqia, ajo u ka ardhur dje pasdite. Partit\u00eb politike n\u00eb Athin\u00eb e kan\u00eb mbyllur kapitullin e negociatave, n\u00eb p\u00ebrfundim t\u00eb t\u00eb cilave u mor vesh se n\u00eb Parlamentin e dal\u00eb nga zgjedhjet e dy t\u00eb dielave m\u00eb par\u00eb nuk gjendet asnj\u00eb lloj shumice qeveris\u00ebse, dhe se p\u00ebr rrjedhoj\u00eb nuk mund t\u00eb dal\u00eb nj\u00eb qeveri. Krer\u00ebt e partive parlamentare, me Presidentin Papulias n\u00eb buxhak, i kan\u00eb ardhur rrotull muhabetit p\u00ebr dit\u00eb t\u00eb t\u00ebra, kan\u00eb hedhur n\u00eb tryez\u00eb t\u00eb gjith\u00eb versionet e mundshme, kan\u00eb provuar alkimit\u00eb m\u00eb t\u00eb \u00e7uditshme parlamentare (shpresohej p\u00ebr nj\u00eb deus ex machina t\u00eb minut\u00ebs s\u00eb fundit, por asgj\u00eb e till\u00eb nuk ndodhi; atuja e Presidentit ishte nj\u00eb \u201cqeveri profesor\u00ebsh e teknik\u00ebsh\u201d, por i dhan\u00eb munx\u00ebt dhe k\u00ebsaj), e gjith\u00e7ka, e mira publike e grek\u00ebve mbi t\u00eb gjitha, ka mbetur n\u00eb lluc\u00ebn e egoizmave individuale.<\/p>\n<p>Secili pjes\u00ebtar negociatash ka pasur ve\u00e7 nj\u00eb gj\u00eb n\u00eb mendje teksa ka qen\u00eb duke dh\u00ebn\u00eb e marr\u00eb me interlokutor\u00ebt: fitoj apo humbas n\u00eb zgjedhjet e ardhshme n\u00ebse marr pjes\u00eb n\u00eb nj\u00eb koalicion qeveris\u00ebs n\u00eb k\u00ebt\u00eb moment? Dhe p\u00ebrgjigjja q\u00eb ca parti, mes t\u00eb cilave Syriza, i jepnin k\u00ebsaj pyetjeje ish se \u201cve\u00e7 humbje ka nga pjes\u00ebmarrja n\u00eb nj\u00eb koalicion\u201d, duke harruar se duke mos nd\u00ebrtuar nj\u00eb qeveri tani, humbja do t\u00eb jet\u00eb m\u00eb e madhe p\u00ebr t\u00eb gjith\u00eb. Dhe p\u00ebr ta, sigurisht. E nuk \u00ebsht\u00eb fjala p\u00ebr nj\u00eb humbje q\u00eb mund t\u00eb rikuperohet.<\/p>\n<p>Nes\u00ebr do t\u00eb vendoset p\u00ebr t\u00eb nd\u00ebrtuar nj\u00eb qeveri ad interim q\u00eb do ta \u00e7oj\u00eb vendin n\u00eb zgjedhje, t\u00eb cilat do t\u00eb mbahen nga mesi i qershorit. Cili \u00ebsht\u00eb skenari, mbi baz\u00ebn e t\u00eb cilit do t\u00eb rrjedhin ngjarjet? \u00cbsht\u00eb v\u00ebshtir\u00eb t\u00eb flitet me sakt\u00ebsi n\u00eb k\u00ebt\u00eb situat\u00eb, por ca gj\u00ebra dihen, megjithat\u00eb. Teksa jan\u00eb mbledhur k\u00ebto dit\u00eb, krer\u00ebt e partive greke kan\u00eb mundur t\u00eb lexojn\u00eb dhe nj\u00eb dokument t\u00eb hartuar nga Kryeministri i fundit Lukas Papademos, n\u00eb t\u00eb cilin thuhet se \u201cbankat greke jan\u00eb ende t\u00eb brishta, dhe se burimet financiare p\u00ebr t\u00eb paguar pensionet e pagat e administrat\u00ebs mbajn\u00eb deri n\u00eb qershor\u201d.<\/p>\n<p>Nj\u00eb kjo. S\u00eb dyti, menj\u00ebher\u00eb pas p\u00ebrhapjes s\u00eb lajmit mbi d\u00ebshtimin e negociatave, u shtuan z\u00ebrat europian\u00eb q\u00eb linin t\u00eb kuptoheshin mesazhe k\u00ebrc\u00ebnuese. Ministrja austriake e Financave, Maria Fekter, ai gjerman Wolfgang Shaueble (q\u00eb \u201ce ka z\u00ebn\u00eb keq me grek\u00ebt\u201d) e deri dhe Presidenti i Komisionit Europian, Jos\u00e9 Manuel Barroso, kan\u00eb p\u00ebrcjell\u00eb sinjale dy e m\u00eb shum\u00ebkuptim\u00ebshe. U desh nj\u00eb nd\u00ebrhyrje e Kryeministrit luksemburgez, Jean-Claude Juncker (ky \u00ebsht\u00eb dhe kreu i Ecofin-it, ndryshe K\u00ebshilli i Pun\u00ebve Ekonomike e Financiare t\u00eb BE-s\u00eb), i cili nuk e sheh gjendjen t\u00eb pashpres\u00eb. \u201cNuk \u00ebsht\u00eb folur n\u00eb asnj\u00eb rast p\u00ebr ta b\u00ebr\u00eb dalje Greqin\u00eb; do b\u00ebjm\u00eb \u00e7mos q\u00eb ta mbajm\u00eb brenda Eurozon\u00ebs\u201d, tha ai.<\/p>\n<p>\u00cbsht\u00eb v\u00ebrtet k\u00ebshtu? Edhe mundet, por nd\u00ebrkoh\u00eb ca t\u00eb tjer\u00eb po p\u00ebrgatiten p\u00ebr variantin m\u00eb t\u00eb keq, d.m.th p\u00ebr largimin e Greqis\u00eb nga Zona Euro, e p\u00ebr \u201crishpikjen\u201d e dhrahmis\u00eb. Madje, n\u00eb t\u00eb p\u00ebrditshmen italiane \u201cLa Repubblica\u201d ndiqej hap pas hapi p\u00ebrthyerja imagjinare e katastrof\u00ebs (autor ish Ettore Livini): \u201cBrenda nj\u00eb jave formalizohet dalja e Greqis\u00eb nga monedha europiane; pastaj \u00ebsht\u00eb hera e nj\u00eb tollovie; Banka e Greqis\u00eb do t\u00eb konvertoj\u00eb brenda nat\u00ebs depozitat, kredit\u00eb e debit\u00eb n\u00eb dhrahmi, duke iu mbajtur kursit t\u00eb k\u00ebmbimit para se Greqia t\u00eb futej n\u00eb Euro, d.m.th 340,75 dhrahmi p\u00ebr nj\u00eb euro; \u00ebsht\u00eb fjala p\u00ebr nj\u00eb vler\u00eb virtuale, pasi n\u00eb harkun e nj\u00eb kohe t\u00eb shkurt\u00ebr, monedha greke do t\u00eb p\u00ebsoj\u00eb nj\u00eb zhvleft\u00ebsim t\u00eb nivelit 40-70%; p\u00ebr t\u00eb shmangur dyndjet n\u00ebp\u00ebr sportelet e bankave, Athina do t\u00eb bllokoj\u00eb bankomatet, do t\u00eb kufizoj\u00eb t\u00ebrheqjet, e do t\u00eb kontrolloj\u00eb transferimet e parave jasht\u00eb vendit; GDP-ja do t\u00eb bjer\u00eb; do t\u00eb rritet inflacioni; ndihmat e BE-FMN-s\u00eb do t\u2019i nd\u00ebrpriten (rreth 150 miliard\u00eb euro); impakti do t\u00eb bjer\u00eb dhe mbi vendet e tjera t\u00eb BE-s\u00eb, n\u00eb radh\u00eb t\u00eb par\u00eb mbi Italin\u00eb e mbi Spanj\u00ebn; por edhe t\u00eb tjerat do t\u00eb paguajn\u00eb nj\u00eb kosto nga ky zhvillim, q\u00eb do t\u00eb shkoj\u00eb deri n\u00eb 11 mij\u00eb euro p\u00ebr \u00e7do qytetar europian\u201d.<\/p>\n<p>T\u00eb kuptohemi, ky \u00ebsht\u00eb skenari m\u00eb i keq i mundsh\u00ebm. Ka ende mund\u00ebsi q\u00eb t\u00eb evitohet ky skenar. Por gj\u00ebrat varen nga politikan\u00ebt grek\u00eb. Syt\u00eb e t\u00eb gjith\u00ebve jan\u00eb drejtuar tek ta. Cili do t\u00eb jet\u00eb hapi i radh\u00ebs n\u00eb Athin\u00eb?<\/p>\n<p>Burimi: <em>Shqip<\/em><\/p>\n","protected":false},"excerpt":{"rendered":"<p>Nga Mustafa Nano, 16 maj 2012 T\u00eb gjith\u00eb kan\u00eb qen\u00eb me iden\u00eb se Italia ia hodhi me Mario Monti-n. Ky i fundit, edhe n\u00ebn inkurajimin e mb\u00ebshtetjen e agjencive e organizatave nd\u00ebrkomb\u00ebtare, iu vu kursit t\u00eb reformave t\u00eb \u201causteritetit\u201d, dhe tani jan\u00eb agjencit\u00eb nd\u00ebrkomb\u00ebtare t\u00eb rating-ut (m\u00eb sakt\u00eb, \u201cMoody\u2019s\u201d) q\u00eb, p\u00ebr shkak t\u00eb k\u00ebtyre masave [&hellip;]<\/p>\n","protected":false},"author":1,"featured_media":0,"comment_status":"open","ping_status":"closed","sticky":false,"template":"","format":"standard","meta":{"footnotes":""},"categories":[2],"tags":[],"class_list":{"0":"post-11825","1":"post","2":"type-post","3":"status-publish","4":"format-standard","6":"category-artikuj"},"yoast_head":"<!-- This site is optimized with the Yoast SEO plugin v27.4 - https:\/\/yoast.com\/product\/yoast-seo-wordpress\/ -->\n<title>Rrotull nesh \u201cpo b\u00ebhet kiameti\u201d - FjALA e LIR\u00cb - Arkivi<\/title>\n<meta name=\"robots\" content=\"index, follow, max-snippet:-1, max-image-preview:large, max-video-preview:-1\" \/>\n<link rel=\"canonical\" href=\"https:\/\/fjala.info\/2009-2015\/rrotull-nesh-po-behet-kiameti\/\" \/>\n<meta property=\"og:locale\" content=\"sq_AL\" \/>\n<meta property=\"og:type\" content=\"article\" \/>\n<meta property=\"og:title\" content=\"Rrotull nesh \u201cpo b\u00ebhet kiameti\u201d - FjALA e LIR\u00cb - Arkivi\" \/>\n<meta property=\"og:description\" content=\"Nga Mustafa Nano, 16 maj 2012 T\u00eb gjith\u00eb kan\u00eb qen\u00eb me iden\u00eb se Italia ia hodhi me Mario Monti-n. Ky i fundit, edhe n\u00ebn inkurajimin e mb\u00ebshtetjen e agjencive e organizatave nd\u00ebrkomb\u00ebtare, iu vu kursit t\u00eb reformave t\u00eb \u201causteritetit\u201d, dhe tani jan\u00eb agjencit\u00eb nd\u00ebrkomb\u00ebtare t\u00eb rating-ut (m\u00eb sakt\u00eb, \u201cMoody\u2019s\u201d) q\u00eb, p\u00ebr shkak t\u00eb k\u00ebtyre masave [&hellip;]\" \/>\n<meta property=\"og:url\" content=\"https:\/\/fjala.info\/2009-2015\/rrotull-nesh-po-behet-kiameti\/\" \/>\n<meta property=\"og:site_name\" content=\"FjALA e LIR\u00cb - Arkivi\" \/>\n<meta property=\"article:published_time\" content=\"2012-05-17T17:15:58+00:00\" \/>\n<meta property=\"og:image\" content=\"http:\/\/www.shkoder.net\/images\/fjala\/mustafa_nano.jpg\" \/>\n<meta name=\"author\" content=\"admin\" \/>\n<meta name=\"twitter:card\" content=\"summary_large_image\" \/>\n<meta name=\"twitter:label1\" content=\"Written by\" \/>\n\t<meta name=\"twitter:data1\" content=\"admin\" \/>\n\t<meta name=\"twitter:label2\" content=\"Est. reading time\" \/>\n\t<meta name=\"twitter:data2\" content=\"5 minutes\" \/>\n<script type=\"application\/ld+json\" class=\"yoast-schema-graph\">{\"@context\":\"https:\\\/\\\/schema.org\",\"@graph\":[{\"@type\":\"Article\",\"@id\":\"https:\\\/\\\/fjala.info\\\/2009-2015\\\/rrotull-nesh-po-behet-kiameti\\\/#article\",\"isPartOf\":{\"@id\":\"https:\\\/\\\/fjala.info\\\/2009-2015\\\/rrotull-nesh-po-behet-kiameti\\\/\"},\"author\":{\"name\":\"admin\",\"@id\":\"https:\\\/\\\/fjala.info\\\/2009-2015\\\/#\\\/schema\\\/person\\\/3aa1163ef05469c496fc94e77611ada2\"},\"headline\":\"Rrotull nesh \u201cpo b\u00ebhet kiameti\u201d\",\"datePublished\":\"2012-05-17T17:15:58+00:00\",\"mainEntityOfPage\":{\"@id\":\"https:\\\/\\\/fjala.info\\\/2009-2015\\\/rrotull-nesh-po-behet-kiameti\\\/\"},\"wordCount\":1101,\"commentCount\":0,\"publisher\":{\"@id\":\"https:\\\/\\\/fjala.info\\\/2009-2015\\\/#organization\"},\"image\":{\"@id\":\"https:\\\/\\\/fjala.info\\\/2009-2015\\\/rrotull-nesh-po-behet-kiameti\\\/#primaryimage\"},\"thumbnailUrl\":\"http:\\\/\\\/www.shkoder.net\\\/images\\\/fjala\\\/mustafa_nano.jpg\",\"articleSection\":[\"Artikuj\"],\"inLanguage\":\"sq-AL\",\"potentialAction\":[{\"@type\":\"CommentAction\",\"name\":\"Comment\",\"target\":[\"https:\\\/\\\/fjala.info\\\/2009-2015\\\/rrotull-nesh-po-behet-kiameti\\\/#respond\"]}]},{\"@type\":\"WebPage\",\"@id\":\"https:\\\/\\\/fjala.info\\\/2009-2015\\\/rrotull-nesh-po-behet-kiameti\\\/\",\"url\":\"https:\\\/\\\/fjala.info\\\/2009-2015\\\/rrotull-nesh-po-behet-kiameti\\\/\",\"name\":\"Rrotull nesh \u201cpo b\u00ebhet kiameti\u201d - FjALA e LIR\u00cb - Arkivi\",\"isPartOf\":{\"@id\":\"https:\\\/\\\/fjala.info\\\/2009-2015\\\/#website\"},\"primaryImageOfPage\":{\"@id\":\"https:\\\/\\\/fjala.info\\\/2009-2015\\\/rrotull-nesh-po-behet-kiameti\\\/#primaryimage\"},\"image\":{\"@id\":\"https:\\\/\\\/fjala.info\\\/2009-2015\\\/rrotull-nesh-po-behet-kiameti\\\/#primaryimage\"},\"thumbnailUrl\":\"http:\\\/\\\/www.shkoder.net\\\/images\\\/fjala\\\/mustafa_nano.jpg\",\"datePublished\":\"2012-05-17T17:15:58+00:00\",\"breadcrumb\":{\"@id\":\"https:\\\/\\\/fjala.info\\\/2009-2015\\\/rrotull-nesh-po-behet-kiameti\\\/#breadcrumb\"},\"inLanguage\":\"sq-AL\",\"potentialAction\":[{\"@type\":\"ReadAction\",\"target\":[\"https:\\\/\\\/fjala.info\\\/2009-2015\\\/rrotull-nesh-po-behet-kiameti\\\/\"]}]},{\"@type\":\"ImageObject\",\"inLanguage\":\"sq-AL\",\"@id\":\"https:\\\/\\\/fjala.info\\\/2009-2015\\\/rrotull-nesh-po-behet-kiameti\\\/#primaryimage\",\"url\":\"http:\\\/\\\/www.shkoder.net\\\/images\\\/fjala\\\/mustafa_nano.jpg\",\"contentUrl\":\"http:\\\/\\\/www.shkoder.net\\\/images\\\/fjala\\\/mustafa_nano.jpg\"},{\"@type\":\"BreadcrumbList\",\"@id\":\"https:\\\/\\\/fjala.info\\\/2009-2015\\\/rrotull-nesh-po-behet-kiameti\\\/#breadcrumb\",\"itemListElement\":[{\"@type\":\"ListItem\",\"position\":1,\"name\":\"Home\",\"item\":\"https:\\\/\\\/fjala.info\\\/2009-2015\\\/\"},{\"@type\":\"ListItem\",\"position\":2,\"name\":\"Rrotull nesh \u201cpo b\u00ebhet kiameti\u201d\"}]},{\"@type\":\"WebSite\",\"@id\":\"https:\\\/\\\/fjala.info\\\/2009-2015\\\/#website\",\"url\":\"https:\\\/\\\/fjala.info\\\/2009-2015\\\/\",\"name\":\"FjALA e LIR\u00cb - Arkivi\",\"description\":\"Arkivi 2009-2015\",\"publisher\":{\"@id\":\"https:\\\/\\\/fjala.info\\\/2009-2015\\\/#organization\"},\"potentialAction\":[{\"@type\":\"SearchAction\",\"target\":{\"@type\":\"EntryPoint\",\"urlTemplate\":\"https:\\\/\\\/fjala.info\\\/2009-2015\\\/?s={search_term_string}\"},\"query-input\":{\"@type\":\"PropertyValueSpecification\",\"valueRequired\":true,\"valueName\":\"search_term_string\"}}],\"inLanguage\":\"sq-AL\"},{\"@type\":\"Organization\",\"@id\":\"https:\\\/\\\/fjala.info\\\/2009-2015\\\/#organization\",\"name\":\"FjALA e LIR\u00cb - Arkivi\",\"url\":\"https:\\\/\\\/fjala.info\\\/2009-2015\\\/\",\"logo\":{\"@type\":\"ImageObject\",\"inLanguage\":\"sq-AL\",\"@id\":\"https:\\\/\\\/fjala.info\\\/2009-2015\\\/#\\\/schema\\\/logo\\\/image\\\/\",\"url\":\"\",\"contentUrl\":\"\",\"caption\":\"FjALA e LIR\u00cb - Arkivi\"},\"image\":{\"@id\":\"https:\\\/\\\/fjala.info\\\/2009-2015\\\/#\\\/schema\\\/logo\\\/image\\\/\"}},{\"@type\":\"Person\",\"@id\":\"https:\\\/\\\/fjala.info\\\/2009-2015\\\/#\\\/schema\\\/person\\\/3aa1163ef05469c496fc94e77611ada2\",\"name\":\"admin\",\"image\":{\"@type\":\"ImageObject\",\"inLanguage\":\"sq-AL\",\"@id\":\"https:\\\/\\\/fjala.info\\\/2009-2015\\\/wp-content\\\/uploads\\\/2012\\\/02\\\/arben_cokaj-120x150.jpg\",\"url\":\"https:\\\/\\\/fjala.info\\\/2009-2015\\\/wp-content\\\/uploads\\\/2012\\\/02\\\/arben_cokaj-120x150.jpg\",\"contentUrl\":\"https:\\\/\\\/fjala.info\\\/2009-2015\\\/wp-content\\\/uploads\\\/2012\\\/02\\\/arben_cokaj-120x150.jpg\",\"caption\":\"admin\"},\"description\":\"Admin, Fjala e Lir\u00eb\",\"sameAs\":[\"https:\\\/\\\/fjala.info\\\/\"],\"url\":\"https:\\\/\\\/fjala.info\\\/2009-2015\\\/author\\\/admin\\\/\"}]}<\/script>\n<!-- \/ Yoast SEO plugin. -->","yoast_head_json":{"title":"Rrotull nesh \u201cpo b\u00ebhet kiameti\u201d - FjALA e LIR\u00cb - Arkivi","robots":{"index":"index","follow":"follow","max-snippet":"max-snippet:-1","max-image-preview":"max-image-preview:large","max-video-preview":"max-video-preview:-1"},"canonical":"https:\/\/fjala.info\/2009-2015\/rrotull-nesh-po-behet-kiameti\/","og_locale":"sq_AL","og_type":"article","og_title":"Rrotull nesh \u201cpo b\u00ebhet kiameti\u201d - FjALA e LIR\u00cb - Arkivi","og_description":"Nga Mustafa Nano, 16 maj 2012 T\u00eb gjith\u00eb kan\u00eb qen\u00eb me iden\u00eb se Italia ia hodhi me Mario Monti-n. Ky i fundit, edhe n\u00ebn inkurajimin e mb\u00ebshtetjen e agjencive e organizatave nd\u00ebrkomb\u00ebtare, iu vu kursit t\u00eb reformave t\u00eb \u201causteritetit\u201d, dhe tani jan\u00eb agjencit\u00eb nd\u00ebrkomb\u00ebtare t\u00eb rating-ut (m\u00eb sakt\u00eb, \u201cMoody\u2019s\u201d) q\u00eb, p\u00ebr shkak t\u00eb k\u00ebtyre masave [&hellip;]","og_url":"https:\/\/fjala.info\/2009-2015\/rrotull-nesh-po-behet-kiameti\/","og_site_name":"FjALA e LIR\u00cb - Arkivi","article_published_time":"2012-05-17T17:15:58+00:00","og_image":[{"url":"http:\/\/www.shkoder.net\/images\/fjala\/mustafa_nano.jpg","type":"","width":"","height":""}],"author":"admin","twitter_card":"summary_large_image","twitter_misc":{"Written by":"admin","Est. reading time":"5 minutes"},"schema":{"@context":"https:\/\/schema.org","@graph":[{"@type":"Article","@id":"https:\/\/fjala.info\/2009-2015\/rrotull-nesh-po-behet-kiameti\/#article","isPartOf":{"@id":"https:\/\/fjala.info\/2009-2015\/rrotull-nesh-po-behet-kiameti\/"},"author":{"name":"admin","@id":"https:\/\/fjala.info\/2009-2015\/#\/schema\/person\/3aa1163ef05469c496fc94e77611ada2"},"headline":"Rrotull nesh \u201cpo b\u00ebhet kiameti\u201d","datePublished":"2012-05-17T17:15:58+00:00","mainEntityOfPage":{"@id":"https:\/\/fjala.info\/2009-2015\/rrotull-nesh-po-behet-kiameti\/"},"wordCount":1101,"commentCount":0,"publisher":{"@id":"https:\/\/fjala.info\/2009-2015\/#organization"},"image":{"@id":"https:\/\/fjala.info\/2009-2015\/rrotull-nesh-po-behet-kiameti\/#primaryimage"},"thumbnailUrl":"http:\/\/www.shkoder.net\/images\/fjala\/mustafa_nano.jpg","articleSection":["Artikuj"],"inLanguage":"sq-AL","potentialAction":[{"@type":"CommentAction","name":"Comment","target":["https:\/\/fjala.info\/2009-2015\/rrotull-nesh-po-behet-kiameti\/#respond"]}]},{"@type":"WebPage","@id":"https:\/\/fjala.info\/2009-2015\/rrotull-nesh-po-behet-kiameti\/","url":"https:\/\/fjala.info\/2009-2015\/rrotull-nesh-po-behet-kiameti\/","name":"Rrotull nesh \u201cpo b\u00ebhet kiameti\u201d - FjALA e LIR\u00cb - Arkivi","isPartOf":{"@id":"https:\/\/fjala.info\/2009-2015\/#website"},"primaryImageOfPage":{"@id":"https:\/\/fjala.info\/2009-2015\/rrotull-nesh-po-behet-kiameti\/#primaryimage"},"image":{"@id":"https:\/\/fjala.info\/2009-2015\/rrotull-nesh-po-behet-kiameti\/#primaryimage"},"thumbnailUrl":"http:\/\/www.shkoder.net\/images\/fjala\/mustafa_nano.jpg","datePublished":"2012-05-17T17:15:58+00:00","breadcrumb":{"@id":"https:\/\/fjala.info\/2009-2015\/rrotull-nesh-po-behet-kiameti\/#breadcrumb"},"inLanguage":"sq-AL","potentialAction":[{"@type":"ReadAction","target":["https:\/\/fjala.info\/2009-2015\/rrotull-nesh-po-behet-kiameti\/"]}]},{"@type":"ImageObject","inLanguage":"sq-AL","@id":"https:\/\/fjala.info\/2009-2015\/rrotull-nesh-po-behet-kiameti\/#primaryimage","url":"http:\/\/www.shkoder.net\/images\/fjala\/mustafa_nano.jpg","contentUrl":"http:\/\/www.shkoder.net\/images\/fjala\/mustafa_nano.jpg"},{"@type":"BreadcrumbList","@id":"https:\/\/fjala.info\/2009-2015\/rrotull-nesh-po-behet-kiameti\/#breadcrumb","itemListElement":[{"@type":"ListItem","position":1,"name":"Home","item":"https:\/\/fjala.info\/2009-2015\/"},{"@type":"ListItem","position":2,"name":"Rrotull nesh \u201cpo b\u00ebhet kiameti\u201d"}]},{"@type":"WebSite","@id":"https:\/\/fjala.info\/2009-2015\/#website","url":"https:\/\/fjala.info\/2009-2015\/","name":"FjALA e LIR\u00cb - Arkivi","description":"Arkivi 2009-2015","publisher":{"@id":"https:\/\/fjala.info\/2009-2015\/#organization"},"potentialAction":[{"@type":"SearchAction","target":{"@type":"EntryPoint","urlTemplate":"https:\/\/fjala.info\/2009-2015\/?s={search_term_string}"},"query-input":{"@type":"PropertyValueSpecification","valueRequired":true,"valueName":"search_term_string"}}],"inLanguage":"sq-AL"},{"@type":"Organization","@id":"https:\/\/fjala.info\/2009-2015\/#organization","name":"FjALA e LIR\u00cb - Arkivi","url":"https:\/\/fjala.info\/2009-2015\/","logo":{"@type":"ImageObject","inLanguage":"sq-AL","@id":"https:\/\/fjala.info\/2009-2015\/#\/schema\/logo\/image\/","url":"","contentUrl":"","caption":"FjALA e LIR\u00cb - Arkivi"},"image":{"@id":"https:\/\/fjala.info\/2009-2015\/#\/schema\/logo\/image\/"}},{"@type":"Person","@id":"https:\/\/fjala.info\/2009-2015\/#\/schema\/person\/3aa1163ef05469c496fc94e77611ada2","name":"admin","image":{"@type":"ImageObject","inLanguage":"sq-AL","@id":"https:\/\/fjala.info\/2009-2015\/wp-content\/uploads\/2012\/02\/arben_cokaj-120x150.jpg","url":"https:\/\/fjala.info\/2009-2015\/wp-content\/uploads\/2012\/02\/arben_cokaj-120x150.jpg","contentUrl":"https:\/\/fjala.info\/2009-2015\/wp-content\/uploads\/2012\/02\/arben_cokaj-120x150.jpg","caption":"admin"},"description":"Admin, Fjala e Lir\u00eb","sameAs":["https:\/\/fjala.info\/"],"url":"https:\/\/fjala.info\/2009-2015\/author\/admin\/"}]}},"_links":{"self":[{"href":"https:\/\/fjala.info\/2009-2015\/wp-json\/wp\/v2\/posts\/11825","targetHints":{"allow":["GET"]}}],"collection":[{"href":"https:\/\/fjala.info\/2009-2015\/wp-json\/wp\/v2\/posts"}],"about":[{"href":"https:\/\/fjala.info\/2009-2015\/wp-json\/wp\/v2\/types\/post"}],"author":[{"embeddable":true,"href":"https:\/\/fjala.info\/2009-2015\/wp-json\/wp\/v2\/users\/1"}],"replies":[{"embeddable":true,"href":"https:\/\/fjala.info\/2009-2015\/wp-json\/wp\/v2\/comments?post=11825"}],"version-history":[{"count":0,"href":"https:\/\/fjala.info\/2009-2015\/wp-json\/wp\/v2\/posts\/11825\/revisions"}],"wp:attachment":[{"href":"https:\/\/fjala.info\/2009-2015\/wp-json\/wp\/v2\/media?parent=11825"}],"wp:term":[{"taxonomy":"category","embeddable":true,"href":"https:\/\/fjala.info\/2009-2015\/wp-json\/wp\/v2\/categories?post=11825"},{"taxonomy":"post_tag","embeddable":true,"href":"https:\/\/fjala.info\/2009-2015\/wp-json\/wp\/v2\/tags?post=11825"}],"curies":[{"name":"wp","href":"https:\/\/api.w.org\/{rel}","templated":true}]}}