{"id":11823,"date":"2012-05-15T23:01:58","date_gmt":"2012-05-15T22:01:58","guid":{"rendered":"http:\/\/fjala.shkoder.net\/?p=2795"},"modified":"2012-05-15T23:01:58","modified_gmt":"2012-05-15T22:01:58","slug":"ministri-danez-per-evropen-sjell-mesazhin-e-be-se-ne-tirane-president-konsensual","status":"publish","type":"post","link":"https:\/\/fjala.info\/2009-2015\/ministri-danez-per-evropen-sjell-mesazhin-e-be-se-ne-tirane-president-konsensual\/","title":{"rendered":"Ministri danez p\u00ebr Evrop\u00ebn sjell mesazhin e BE-s\u00eb n\u00eb Tiran\u00eb: President konsensual"},"content":{"rendered":"<p><img decoding=\"async\" class=\"alignright size-thumbnail wp-image-7236\" title=\"Topi - Uamen\" src=\"http:\/\/www.shkoder.net\/2012\/nikolai_uamen_takim.jpg\" alt=\"\" width=\"300\" \/> <em>Presidenti i Shqip\u00ebris\u00eb me ministrin danez<\/em><\/p>\n<p>Nikolai Uamen, ministri danez p\u00ebr Evrop\u00ebn, vendi q\u00eb mban presidenc\u00ebn e radh\u00ebs s\u00eb BE-s\u00eb, ka nisur nj\u00eb vizit\u00eb dyditore n\u00eb Shqip\u00ebri. Vamen, i shoq\u00ebruar nga ambasadori danez n\u00eb Tiran\u00eb, Karsten Jense, \u00ebsht\u00eb takuar fillimisht me presidentin, Bamir Topi. Kreu i shtetit pasi ka shprehur fal\u00ebnderim p\u00ebr mb\u00ebshtetjen e Danimark\u00ebs drejt\u00eb integrimit n\u00eb BE dhe ka n\u00ebnvizuar se p\u00ebr marrjen statusit kandidat duhet bashk\u00ebpunim i gjithansh\u00ebm.<\/p>\n<p>\u201cMarrja nga Shqip\u00ebria e statusit t\u00eb vendit kandidat p\u00ebr n\u00eb BE k\u00ebrkon nj\u00eb angazhim maksimal t\u00eb institucioneve dhe t\u00eb klas\u00ebs politike shqiptare, dialog serioz dhe sjellje dinjitoze t\u00eb t\u00eb gjith\u00eb aktor\u00ebve politik\u00eb, p\u00ebrkushtim dhe zbatim korrekt t\u00eb legjislacionit n\u00eb fuqi, si dhe nj\u00eb bashk\u00ebpunim intensiv me Presidenc\u00ebn daneze dhe delegacionin e Bashkimit Evropian n\u00eb Tiran\u00eb\u201d.<\/p>\n<p>Nga ana e tij Vamen, pasi b\u00ebri me dije se nj\u00eb nd\u00ebr p\u00ebrpar\u00ebsit\u00eb e programit t\u00eb presidenc\u00ebs daneze mbetet vazhdim\u00ebsia e procesit t\u00eb zgjerimit dhe ndihmesa ndaj Shqip\u00ebris\u00eb dhe vendeve t\u00eb tjera t\u00eb Ballkanit Per\u00ebndimor p\u00ebr t\u00eb marr\u00eb statusin e vendit kandidat, garantoi p\u00ebrkrahjen e m\u00ebtejshme.<\/p>\n<p>Ministri danez theksoi r\u00ebnd\u00ebsin\u00eb e p\u00ebrmbushjes s\u00eb kritereve politike nga ana e Shqip\u00ebris\u00eb dhe p\u00ebrfundimin me sukses t\u00eb reformave t\u00eb nevojshme p\u00ebr an\u00ebtar\u00ebsim si ajo zgjedhore, reforma parlamentare si dhe zgjedhja me konsensus e kreut t\u00eb ri t\u00eb shtetit shqiptar, i cili duhet t\u00eb p\u00ebrfaq\u00ebsoj\u00eb unitetin e t\u00eb gjith\u00eb popullit.<\/p>\n<p>Gjat\u00eb q\u00ebndrimit n\u00eb Tiran\u00eb, Vamen pritet t\u00eb takohet dhe me kryetaren e Kuvendit, Jozefina Topalli, kryeministrin, Sali Berisha, zv.kryeministrin dhe ministrin e Jasht\u00ebm, Edmond Haxhinasto dhe ministren e Integrimit, Majlinda Bregu dhe kreun e opozit\u00ebs, Edi Rama.<\/p>\n<p>Vizita e Uamen vjen dy dit\u00eb pas takimit n\u00eb Bruksel t\u00eb p\u00ebrfaq\u00ebsuesve t\u00eb Shqip\u00ebris\u00eb dhe Parlamentit Evropian, ku u shk\u00ebmbyen pik\u00ebpamjet lidhur me procesin e integrimit n\u00eb BE. \/F.Stafa\/<\/p>\n","protected":false},"excerpt":{"rendered":"<p>Presidenti i Shqip\u00ebris\u00eb me ministrin danez Nikolai Uamen, ministri danez p\u00ebr Evrop\u00ebn, vendi q\u00eb mban presidenc\u00ebn e radh\u00ebs s\u00eb BE-s\u00eb, ka nisur nj\u00eb vizit\u00eb dyditore n\u00eb Shqip\u00ebri. Vamen, i shoq\u00ebruar nga ambasadori danez n\u00eb Tiran\u00eb, Karsten Jense, \u00ebsht\u00eb takuar fillimisht me presidentin, Bamir Topi. Kreu i shtetit pasi ka shprehur fal\u00ebnderim p\u00ebr mb\u00ebshtetjen e Danimark\u00ebs [&hellip;]<\/p>\n","protected":false},"author":1,"featured_media":0,"comment_status":"open","ping_status":"closed","sticky":false,"template":"","format":"standard","meta":{"footnotes":""},"categories":[2],"tags":[],"class_list":{"0":"post-11823","1":"post","2":"type-post","3":"status-publish","4":"format-standard","6":"category-artikuj"},"yoast_head":"<!-- This site is optimized with the Yoast SEO plugin v27.4 - https:\/\/yoast.com\/product\/yoast-seo-wordpress\/ -->\n<title>Ministri danez p\u00ebr Evrop\u00ebn sjell mesazhin e BE-s\u00eb n\u00eb Tiran\u00eb: President konsensual - FjALA e LIR\u00cb - Arkivi<\/title>\n<meta name=\"robots\" content=\"index, follow, max-snippet:-1, max-image-preview:large, max-video-preview:-1\" \/>\n<link rel=\"canonical\" href=\"https:\/\/fjala.info\/2009-2015\/ministri-danez-per-evropen-sjell-mesazhin-e-be-se-ne-tirane-president-konsensual\/\" \/>\n<meta property=\"og:locale\" content=\"sq_AL\" \/>\n<meta property=\"og:type\" content=\"article\" \/>\n<meta property=\"og:title\" content=\"Ministri danez p\u00ebr Evrop\u00ebn sjell mesazhin e BE-s\u00eb n\u00eb Tiran\u00eb: President konsensual - FjALA e LIR\u00cb - Arkivi\" \/>\n<meta property=\"og:description\" content=\"Presidenti i Shqip\u00ebris\u00eb me ministrin danez Nikolai Uamen, ministri danez p\u00ebr Evrop\u00ebn, vendi q\u00eb mban presidenc\u00ebn e radh\u00ebs s\u00eb BE-s\u00eb, ka nisur nj\u00eb vizit\u00eb dyditore n\u00eb Shqip\u00ebri. Vamen, i shoq\u00ebruar nga ambasadori danez n\u00eb Tiran\u00eb, Karsten Jense, \u00ebsht\u00eb takuar fillimisht me presidentin, Bamir Topi. Kreu i shtetit pasi ka shprehur fal\u00ebnderim p\u00ebr mb\u00ebshtetjen e Danimark\u00ebs [&hellip;]\" \/>\n<meta property=\"og:url\" content=\"https:\/\/fjala.info\/2009-2015\/ministri-danez-per-evropen-sjell-mesazhin-e-be-se-ne-tirane-president-konsensual\/\" \/>\n<meta property=\"og:site_name\" content=\"FjALA e LIR\u00cb - Arkivi\" \/>\n<meta property=\"article:published_time\" content=\"2012-05-15T22:01:58+00:00\" \/>\n<meta property=\"og:image\" content=\"http:\/\/www.shkoder.net\/2012\/nikolai_uamen_takim.jpg\" \/>\n<meta name=\"author\" content=\"admin\" \/>\n<meta name=\"twitter:card\" content=\"summary_large_image\" \/>\n<meta name=\"twitter:label1\" content=\"Written by\" \/>\n\t<meta name=\"twitter:data1\" content=\"admin\" \/>\n\t<meta name=\"twitter:label2\" content=\"Est. reading time\" \/>\n\t<meta name=\"twitter:data2\" content=\"2 minutes\" \/>\n<script type=\"application\/ld+json\" class=\"yoast-schema-graph\">{\"@context\":\"https:\\\/\\\/schema.org\",\"@graph\":[{\"@type\":\"Article\",\"@id\":\"https:\\\/\\\/fjala.info\\\/2009-2015\\\/ministri-danez-per-evropen-sjell-mesazhin-e-be-se-ne-tirane-president-konsensual\\\/#article\",\"isPartOf\":{\"@id\":\"https:\\\/\\\/fjala.info\\\/2009-2015\\\/ministri-danez-per-evropen-sjell-mesazhin-e-be-se-ne-tirane-president-konsensual\\\/\"},\"author\":{\"name\":\"admin\",\"@id\":\"https:\\\/\\\/fjala.info\\\/2009-2015\\\/#\\\/schema\\\/person\\\/3aa1163ef05469c496fc94e77611ada2\"},\"headline\":\"Ministri danez p\u00ebr Evrop\u00ebn sjell mesazhin e BE-s\u00eb n\u00eb Tiran\u00eb: President konsensual\",\"datePublished\":\"2012-05-15T22:01:58+00:00\",\"mainEntityOfPage\":{\"@id\":\"https:\\\/\\\/fjala.info\\\/2009-2015\\\/ministri-danez-per-evropen-sjell-mesazhin-e-be-se-ne-tirane-president-konsensual\\\/\"},\"wordCount\":356,\"commentCount\":0,\"publisher\":{\"@id\":\"https:\\\/\\\/fjala.info\\\/2009-2015\\\/#organization\"},\"image\":{\"@id\":\"https:\\\/\\\/fjala.info\\\/2009-2015\\\/ministri-danez-per-evropen-sjell-mesazhin-e-be-se-ne-tirane-president-konsensual\\\/#primaryimage\"},\"thumbnailUrl\":\"http:\\\/\\\/www.shkoder.net\\\/2012\\\/nikolai_uamen_takim.jpg\",\"articleSection\":[\"Artikuj\"],\"inLanguage\":\"sq-AL\",\"potentialAction\":[{\"@type\":\"CommentAction\",\"name\":\"Comment\",\"target\":[\"https:\\\/\\\/fjala.info\\\/2009-2015\\\/ministri-danez-per-evropen-sjell-mesazhin-e-be-se-ne-tirane-president-konsensual\\\/#respond\"]}]},{\"@type\":\"WebPage\",\"@id\":\"https:\\\/\\\/fjala.info\\\/2009-2015\\\/ministri-danez-per-evropen-sjell-mesazhin-e-be-se-ne-tirane-president-konsensual\\\/\",\"url\":\"https:\\\/\\\/fjala.info\\\/2009-2015\\\/ministri-danez-per-evropen-sjell-mesazhin-e-be-se-ne-tirane-president-konsensual\\\/\",\"name\":\"Ministri danez p\u00ebr Evrop\u00ebn sjell mesazhin e BE-s\u00eb n\u00eb Tiran\u00eb: President konsensual - FjALA e LIR\u00cb - Arkivi\",\"isPartOf\":{\"@id\":\"https:\\\/\\\/fjala.info\\\/2009-2015\\\/#website\"},\"primaryImageOfPage\":{\"@id\":\"https:\\\/\\\/fjala.info\\\/2009-2015\\\/ministri-danez-per-evropen-sjell-mesazhin-e-be-se-ne-tirane-president-konsensual\\\/#primaryimage\"},\"image\":{\"@id\":\"https:\\\/\\\/fjala.info\\\/2009-2015\\\/ministri-danez-per-evropen-sjell-mesazhin-e-be-se-ne-tirane-president-konsensual\\\/#primaryimage\"},\"thumbnailUrl\":\"http:\\\/\\\/www.shkoder.net\\\/2012\\\/nikolai_uamen_takim.jpg\",\"datePublished\":\"2012-05-15T22:01:58+00:00\",\"breadcrumb\":{\"@id\":\"https:\\\/\\\/fjala.info\\\/2009-2015\\\/ministri-danez-per-evropen-sjell-mesazhin-e-be-se-ne-tirane-president-konsensual\\\/#breadcrumb\"},\"inLanguage\":\"sq-AL\",\"potentialAction\":[{\"@type\":\"ReadAction\",\"target\":[\"https:\\\/\\\/fjala.info\\\/2009-2015\\\/ministri-danez-per-evropen-sjell-mesazhin-e-be-se-ne-tirane-president-konsensual\\\/\"]}]},{\"@type\":\"ImageObject\",\"inLanguage\":\"sq-AL\",\"@id\":\"https:\\\/\\\/fjala.info\\\/2009-2015\\\/ministri-danez-per-evropen-sjell-mesazhin-e-be-se-ne-tirane-president-konsensual\\\/#primaryimage\",\"url\":\"http:\\\/\\\/www.shkoder.net\\\/2012\\\/nikolai_uamen_takim.jpg\",\"contentUrl\":\"http:\\\/\\\/www.shkoder.net\\\/2012\\\/nikolai_uamen_takim.jpg\"},{\"@type\":\"BreadcrumbList\",\"@id\":\"https:\\\/\\\/fjala.info\\\/2009-2015\\\/ministri-danez-per-evropen-sjell-mesazhin-e-be-se-ne-tirane-president-konsensual\\\/#breadcrumb\",\"itemListElement\":[{\"@type\":\"ListItem\",\"position\":1,\"name\":\"Home\",\"item\":\"https:\\\/\\\/fjala.info\\\/2009-2015\\\/\"},{\"@type\":\"ListItem\",\"position\":2,\"name\":\"Ministri danez p\u00ebr Evrop\u00ebn sjell mesazhin e BE-s\u00eb n\u00eb Tiran\u00eb: President konsensual\"}]},{\"@type\":\"WebSite\",\"@id\":\"https:\\\/\\\/fjala.info\\\/2009-2015\\\/#website\",\"url\":\"https:\\\/\\\/fjala.info\\\/2009-2015\\\/\",\"name\":\"FjALA e LIR\u00cb - Arkivi\",\"description\":\"Arkivi 2009-2015\",\"publisher\":{\"@id\":\"https:\\\/\\\/fjala.info\\\/2009-2015\\\/#organization\"},\"potentialAction\":[{\"@type\":\"SearchAction\",\"target\":{\"@type\":\"EntryPoint\",\"urlTemplate\":\"https:\\\/\\\/fjala.info\\\/2009-2015\\\/?s={search_term_string}\"},\"query-input\":{\"@type\":\"PropertyValueSpecification\",\"valueRequired\":true,\"valueName\":\"search_term_string\"}}],\"inLanguage\":\"sq-AL\"},{\"@type\":\"Organization\",\"@id\":\"https:\\\/\\\/fjala.info\\\/2009-2015\\\/#organization\",\"name\":\"FjALA e LIR\u00cb - Arkivi\",\"url\":\"https:\\\/\\\/fjala.info\\\/2009-2015\\\/\",\"logo\":{\"@type\":\"ImageObject\",\"inLanguage\":\"sq-AL\",\"@id\":\"https:\\\/\\\/fjala.info\\\/2009-2015\\\/#\\\/schema\\\/logo\\\/image\\\/\",\"url\":\"\",\"contentUrl\":\"\",\"caption\":\"FjALA e LIR\u00cb - Arkivi\"},\"image\":{\"@id\":\"https:\\\/\\\/fjala.info\\\/2009-2015\\\/#\\\/schema\\\/logo\\\/image\\\/\"}},{\"@type\":\"Person\",\"@id\":\"https:\\\/\\\/fjala.info\\\/2009-2015\\\/#\\\/schema\\\/person\\\/3aa1163ef05469c496fc94e77611ada2\",\"name\":\"admin\",\"image\":{\"@type\":\"ImageObject\",\"inLanguage\":\"sq-AL\",\"@id\":\"https:\\\/\\\/fjala.info\\\/2009-2015\\\/wp-content\\\/uploads\\\/2012\\\/02\\\/arben_cokaj-120x150.jpg\",\"url\":\"https:\\\/\\\/fjala.info\\\/2009-2015\\\/wp-content\\\/uploads\\\/2012\\\/02\\\/arben_cokaj-120x150.jpg\",\"contentUrl\":\"https:\\\/\\\/fjala.info\\\/2009-2015\\\/wp-content\\\/uploads\\\/2012\\\/02\\\/arben_cokaj-120x150.jpg\",\"caption\":\"admin\"},\"description\":\"Admin, Fjala e Lir\u00eb\",\"sameAs\":[\"https:\\\/\\\/fjala.info\\\/\"],\"url\":\"https:\\\/\\\/fjala.info\\\/2009-2015\\\/author\\\/admin\\\/\"}]}<\/script>\n<!-- \/ Yoast SEO plugin. -->","yoast_head_json":{"title":"Ministri danez p\u00ebr Evrop\u00ebn sjell mesazhin e BE-s\u00eb n\u00eb Tiran\u00eb: President konsensual - FjALA e LIR\u00cb - Arkivi","robots":{"index":"index","follow":"follow","max-snippet":"max-snippet:-1","max-image-preview":"max-image-preview:large","max-video-preview":"max-video-preview:-1"},"canonical":"https:\/\/fjala.info\/2009-2015\/ministri-danez-per-evropen-sjell-mesazhin-e-be-se-ne-tirane-president-konsensual\/","og_locale":"sq_AL","og_type":"article","og_title":"Ministri danez p\u00ebr Evrop\u00ebn sjell mesazhin e BE-s\u00eb n\u00eb Tiran\u00eb: President konsensual - FjALA e LIR\u00cb - Arkivi","og_description":"Presidenti i Shqip\u00ebris\u00eb me ministrin danez Nikolai Uamen, ministri danez p\u00ebr Evrop\u00ebn, vendi q\u00eb mban presidenc\u00ebn e radh\u00ebs s\u00eb BE-s\u00eb, ka nisur nj\u00eb vizit\u00eb dyditore n\u00eb Shqip\u00ebri. Vamen, i shoq\u00ebruar nga ambasadori danez n\u00eb Tiran\u00eb, Karsten Jense, \u00ebsht\u00eb takuar fillimisht me presidentin, Bamir Topi. Kreu i shtetit pasi ka shprehur fal\u00ebnderim p\u00ebr mb\u00ebshtetjen e Danimark\u00ebs [&hellip;]","og_url":"https:\/\/fjala.info\/2009-2015\/ministri-danez-per-evropen-sjell-mesazhin-e-be-se-ne-tirane-president-konsensual\/","og_site_name":"FjALA e LIR\u00cb - Arkivi","article_published_time":"2012-05-15T22:01:58+00:00","og_image":[{"url":"http:\/\/www.shkoder.net\/2012\/nikolai_uamen_takim.jpg","type":"","width":"","height":""}],"author":"admin","twitter_card":"summary_large_image","twitter_misc":{"Written by":"admin","Est. reading time":"2 minutes"},"schema":{"@context":"https:\/\/schema.org","@graph":[{"@type":"Article","@id":"https:\/\/fjala.info\/2009-2015\/ministri-danez-per-evropen-sjell-mesazhin-e-be-se-ne-tirane-president-konsensual\/#article","isPartOf":{"@id":"https:\/\/fjala.info\/2009-2015\/ministri-danez-per-evropen-sjell-mesazhin-e-be-se-ne-tirane-president-konsensual\/"},"author":{"name":"admin","@id":"https:\/\/fjala.info\/2009-2015\/#\/schema\/person\/3aa1163ef05469c496fc94e77611ada2"},"headline":"Ministri danez p\u00ebr Evrop\u00ebn sjell mesazhin e BE-s\u00eb n\u00eb Tiran\u00eb: President konsensual","datePublished":"2012-05-15T22:01:58+00:00","mainEntityOfPage":{"@id":"https:\/\/fjala.info\/2009-2015\/ministri-danez-per-evropen-sjell-mesazhin-e-be-se-ne-tirane-president-konsensual\/"},"wordCount":356,"commentCount":0,"publisher":{"@id":"https:\/\/fjala.info\/2009-2015\/#organization"},"image":{"@id":"https:\/\/fjala.info\/2009-2015\/ministri-danez-per-evropen-sjell-mesazhin-e-be-se-ne-tirane-president-konsensual\/#primaryimage"},"thumbnailUrl":"http:\/\/www.shkoder.net\/2012\/nikolai_uamen_takim.jpg","articleSection":["Artikuj"],"inLanguage":"sq-AL","potentialAction":[{"@type":"CommentAction","name":"Comment","target":["https:\/\/fjala.info\/2009-2015\/ministri-danez-per-evropen-sjell-mesazhin-e-be-se-ne-tirane-president-konsensual\/#respond"]}]},{"@type":"WebPage","@id":"https:\/\/fjala.info\/2009-2015\/ministri-danez-per-evropen-sjell-mesazhin-e-be-se-ne-tirane-president-konsensual\/","url":"https:\/\/fjala.info\/2009-2015\/ministri-danez-per-evropen-sjell-mesazhin-e-be-se-ne-tirane-president-konsensual\/","name":"Ministri danez p\u00ebr Evrop\u00ebn sjell mesazhin e BE-s\u00eb n\u00eb Tiran\u00eb: President konsensual - FjALA e LIR\u00cb - Arkivi","isPartOf":{"@id":"https:\/\/fjala.info\/2009-2015\/#website"},"primaryImageOfPage":{"@id":"https:\/\/fjala.info\/2009-2015\/ministri-danez-per-evropen-sjell-mesazhin-e-be-se-ne-tirane-president-konsensual\/#primaryimage"},"image":{"@id":"https:\/\/fjala.info\/2009-2015\/ministri-danez-per-evropen-sjell-mesazhin-e-be-se-ne-tirane-president-konsensual\/#primaryimage"},"thumbnailUrl":"http:\/\/www.shkoder.net\/2012\/nikolai_uamen_takim.jpg","datePublished":"2012-05-15T22:01:58+00:00","breadcrumb":{"@id":"https:\/\/fjala.info\/2009-2015\/ministri-danez-per-evropen-sjell-mesazhin-e-be-se-ne-tirane-president-konsensual\/#breadcrumb"},"inLanguage":"sq-AL","potentialAction":[{"@type":"ReadAction","target":["https:\/\/fjala.info\/2009-2015\/ministri-danez-per-evropen-sjell-mesazhin-e-be-se-ne-tirane-president-konsensual\/"]}]},{"@type":"ImageObject","inLanguage":"sq-AL","@id":"https:\/\/fjala.info\/2009-2015\/ministri-danez-per-evropen-sjell-mesazhin-e-be-se-ne-tirane-president-konsensual\/#primaryimage","url":"http:\/\/www.shkoder.net\/2012\/nikolai_uamen_takim.jpg","contentUrl":"http:\/\/www.shkoder.net\/2012\/nikolai_uamen_takim.jpg"},{"@type":"BreadcrumbList","@id":"https:\/\/fjala.info\/2009-2015\/ministri-danez-per-evropen-sjell-mesazhin-e-be-se-ne-tirane-president-konsensual\/#breadcrumb","itemListElement":[{"@type":"ListItem","position":1,"name":"Home","item":"https:\/\/fjala.info\/2009-2015\/"},{"@type":"ListItem","position":2,"name":"Ministri danez p\u00ebr Evrop\u00ebn sjell mesazhin e BE-s\u00eb n\u00eb Tiran\u00eb: President konsensual"}]},{"@type":"WebSite","@id":"https:\/\/fjala.info\/2009-2015\/#website","url":"https:\/\/fjala.info\/2009-2015\/","name":"FjALA e LIR\u00cb - Arkivi","description":"Arkivi 2009-2015","publisher":{"@id":"https:\/\/fjala.info\/2009-2015\/#organization"},"potentialAction":[{"@type":"SearchAction","target":{"@type":"EntryPoint","urlTemplate":"https:\/\/fjala.info\/2009-2015\/?s={search_term_string}"},"query-input":{"@type":"PropertyValueSpecification","valueRequired":true,"valueName":"search_term_string"}}],"inLanguage":"sq-AL"},{"@type":"Organization","@id":"https:\/\/fjala.info\/2009-2015\/#organization","name":"FjALA e LIR\u00cb - Arkivi","url":"https:\/\/fjala.info\/2009-2015\/","logo":{"@type":"ImageObject","inLanguage":"sq-AL","@id":"https:\/\/fjala.info\/2009-2015\/#\/schema\/logo\/image\/","url":"","contentUrl":"","caption":"FjALA e LIR\u00cb - Arkivi"},"image":{"@id":"https:\/\/fjala.info\/2009-2015\/#\/schema\/logo\/image\/"}},{"@type":"Person","@id":"https:\/\/fjala.info\/2009-2015\/#\/schema\/person\/3aa1163ef05469c496fc94e77611ada2","name":"admin","image":{"@type":"ImageObject","inLanguage":"sq-AL","@id":"https:\/\/fjala.info\/2009-2015\/wp-content\/uploads\/2012\/02\/arben_cokaj-120x150.jpg","url":"https:\/\/fjala.info\/2009-2015\/wp-content\/uploads\/2012\/02\/arben_cokaj-120x150.jpg","contentUrl":"https:\/\/fjala.info\/2009-2015\/wp-content\/uploads\/2012\/02\/arben_cokaj-120x150.jpg","caption":"admin"},"description":"Admin, Fjala e Lir\u00eb","sameAs":["https:\/\/fjala.info\/"],"url":"https:\/\/fjala.info\/2009-2015\/author\/admin\/"}]}},"_links":{"self":[{"href":"https:\/\/fjala.info\/2009-2015\/wp-json\/wp\/v2\/posts\/11823","targetHints":{"allow":["GET"]}}],"collection":[{"href":"https:\/\/fjala.info\/2009-2015\/wp-json\/wp\/v2\/posts"}],"about":[{"href":"https:\/\/fjala.info\/2009-2015\/wp-json\/wp\/v2\/types\/post"}],"author":[{"embeddable":true,"href":"https:\/\/fjala.info\/2009-2015\/wp-json\/wp\/v2\/users\/1"}],"replies":[{"embeddable":true,"href":"https:\/\/fjala.info\/2009-2015\/wp-json\/wp\/v2\/comments?post=11823"}],"version-history":[{"count":0,"href":"https:\/\/fjala.info\/2009-2015\/wp-json\/wp\/v2\/posts\/11823\/revisions"}],"wp:attachment":[{"href":"https:\/\/fjala.info\/2009-2015\/wp-json\/wp\/v2\/media?parent=11823"}],"wp:term":[{"taxonomy":"category","embeddable":true,"href":"https:\/\/fjala.info\/2009-2015\/wp-json\/wp\/v2\/categories?post=11823"},{"taxonomy":"post_tag","embeddable":true,"href":"https:\/\/fjala.info\/2009-2015\/wp-json\/wp\/v2\/tags?post=11823"}],"curies":[{"name":"wp","href":"https:\/\/api.w.org\/{rel}","templated":true}]}}