{"id":11822,"date":"2012-05-15T22:46:35","date_gmt":"2012-05-15T21:46:35","guid":{"rendered":"http:\/\/fjala.shkoder.net\/?p=2793"},"modified":"2012-05-15T22:46:35","modified_gmt":"2012-05-15T21:46:35","slug":"cfare-ilacesh-pi-doktori-yne","status":"publish","type":"post","link":"https:\/\/fjala.info\/2009-2015\/cfare-ilacesh-pi-doktori-yne\/","title":{"rendered":"\u00c7far\u00eb ila\u00e7esh pi Doktori yn\u00eb?"},"content":{"rendered":"<p><img decoding=\"async\" class=\"alignright size-thumbnail wp-image-7236\" title=\"Bledi Mane\" src=\"http:\/\/www.shkoder.net\/2012\/bledi_mane.jpg\" alt=\"\" width=\"150\" \/> Nga <strong>Bledi Mane<\/strong>, <em>15 Maj 2012<\/em><br \/>\n<a href=\"http:\/\/www.facebook.com\/bledi.mane\">www.facebook.com\/bledi.mane<\/a><\/p>\n<p><strong>1.\/B\u00ebri sha!<\/strong><\/p>\n<p>Ritvan Peshk\u00ebpia, ish deputet i PD-s\u00eb dhe kryetar i forumit rinor politik t\u00eb partis\u00eb son\u00eb, ma prezantoi p\u00ebr her\u00eb t\u00eb par\u00eb nga af\u00ebr. Ishte fillimvjeshta e 1991-shit dhe Tirana e sp\u00ebrkatur me nj\u00eb shi t\u00eb veremosur zverdhte nga pisll\u00ebku dhe fukarall\u00ebku. Kishim takimin e radh\u00ebs s\u00eb FRPD-s\u00eb, i cili k\u00ebsaj here zhvillohej pran\u00eb selis\u00eb s\u00eb vjet\u00ebr aty nga fundi i rrug\u00ebs s\u00eb Kavaj\u00ebs ku sot ndodhet poliambulanca italiane.<\/p>\n<p>Mes dhjet\u00ebra t\u00eb rinjve nga gjith\u00eb vendi, mua s\u00eb bashku me delegatin e La\u00e7it m\u00eb zgjodh\u00ebn t\u00eb takonim nga af\u00ebr korifeun, idhullin, Dalai Lam\u00ebn e nj\u00eb prej zgjimeve historike t\u00eb shqiptar\u00ebve. S\u00eb bashku me nj\u00eb \u00e7ift gazetar\u00ebsh hungarez\u00eb q\u00eb kishin ardhur p\u00ebr nj\u00eb intervist\u00eb me t\u00eb, Ritvani na ngjiti n\u00eb katin e dyt\u00eb t\u00eb selis\u00eb ku Doktori na priste n\u00eb zyr\u00ebn e tij gjigande me pamje nga oborri dhe nga rruga ku ia behnin her\u00eb pas here makinat e para private t\u00eb ardhura lodhsh\u00ebm nga jasht\u00eb.<\/p>\n<p>Takohesha dhe prekesha me Sali Berish\u00ebn, njeriun, i cili ishte b\u00ebr\u00eb tmerri i nj\u00eb diktature q\u00eb l\u00ebngonte, flisja me njeriun, populizmi i t\u00eb cilit po ngordhte Ramiz Alin\u00eb, d\u00ebgjoja me sy e vesh\u00eb energjikun, i cili dukej se ishte i vetmi shp\u00ebtim i nj\u00eb vendi q\u00eb ende hallakatej radh\u00ebve t\u00eb buk\u00ebs e vajgurit.<\/p>\n<p>* * *<\/p>\n<p>Mbaj mend nj\u00eb Sali Berish\u00eb q\u00eb balluket i vareshin ballit sa her\u00eb fliste plot pasion, i cili p\u00ebrnj\u00ebher\u00ebsh jepte intervist\u00eb n\u00eb anglisht, na buz\u00ebqeshte ne adoleshent\u00ebve, \u00e7ohej dhe i p\u00ebrgjigjej telefonit t\u00eb zyr\u00ebs, kontrollonte fakset e ardhura pa pushim, pyeste Ritvanin e s\u00ebrish u kthehej gazetar\u00ebve t\u00eb huaj me p\u00ebrgjigje plot retorik\u00eb.<\/p>\n<p>Imazhi i Sali Berish\u00ebs u gdhend n\u00eb kok\u00ebn time si dishepulli i nj\u00eb kauze, p\u00ebr t\u00eb cil\u00ebn jo vet\u00ebm un\u00eb kisha nevoj\u00eb, por nj\u00eb vendi t\u00eb t\u00ebr\u00eb i dukej sikur historis\u00eb s\u00eb tij plot defekte po i bashk\u00ebngjitej nj\u00eb Mesi ungjillore e ardhur nga kush e di se ku.<\/p>\n<p>Energjia e tij m\u00eb mahnit shum\u00eb edhe tani q\u00eb po shkruaj ashtu si\u00e7 m\u00eb mahnit edhe posht\u00ebrsia dhe negativiteti me t\u00eb cilin po i laton p\u00ebrfundimisht dit\u00ebt e fundit t\u00eb karrier\u00ebs dhe ymrit. I sprovuar dhe i kalitur qysh para viteve \u201990 me rafinimin e mbijetes\u00ebs, jo vet\u00ebm n\u00eb politik\u00eb, njeriu q\u00eb zbriti rr\u00ebmbimthi nga Bjeshk\u00ebt, ka p\u00ebrcjell\u00eb rehatsh\u00ebm deri tani dy gjenerata lider\u00ebsh n\u00eb Ballkan e n\u00eb kontinent.<\/p>\n<p>Greqis\u00eb ia kaloi me finte me Micotaq\u00eb e Papandre, e nisi karrier\u00ebn kur ishte gjall\u00eb ende ish Jugosllavia me Sllobodan tashm\u00eb t\u00eb vdekur e vazhdon me brezin e ri t\u00eb 8 republikave t\u00eb reja. Ibrahim Rugov\u00ebn e njohu kur ishte president ilegal e pas 21 vitesh ende n\u00eb politik\u00eb aktive e p\u00ebrcolli me ceremoni n\u00eb varrezat e d\u00ebshmor\u00ebve t\u00eb Prishtin\u00ebs. Qeverisjet rumune dhe bullgare i ka hedhur n\u00eb tu\u00e7, nd\u00ebrsa politikan\u00ebt e republi\u00e7k\u00ebs s\u00eb Malit t\u00eb Zi pasi i ngopi me naft\u00eb e arm\u00eb tani po i ngop edhe me leksione posht\u00ebrsie mbijetese.<\/p>\n<p>Lindi pa vdekur ende Mbreti Zog, t\u00eb cilin partia e tij e par\u00eb e kishte b\u00ebr\u00eb okso e pasi u poq e u vajis me dallaveret e pushtetit e rehabilitoi dhe ia p\u00ebrdori pasardh\u00ebsit deri sa tre prej tyre i varrosi vet\u00eb n\u00eb Tiran\u00eb. Me politikan\u00eb per\u00ebndimor\u00eb nuk ka t\u00eb krahasuar, por vet\u00ebm me Elisabet\u00ebn e Anglis\u00eb, Huan Karlosin e Spanj\u00ebs, Beatrix-en e Holand\u00ebs dhe Margarit\u00ebn e Danimark\u00ebs e ka gjetur belaja. Jo sepse k\u00ebta t\u00eb fundit din\u00eb si t\u00eb shkelin mbi kufomat e pushtetit, por fatkeq\u00ebsisht jan\u00eb deklaruar monark\u00eb dhe jan\u00eb t\u00eb detyruar t\u00eb respektojn\u00eb trash\u00ebgimin\u00eb.<\/p>\n<p>Shikoja dje Nikola Sarkozi t\u00eb p\u00ebrcillej lamtumirsh\u00ebm me pasardh\u00ebsin e ri Fransua Holland n\u00ebp\u00ebr tapetet e kuq t\u00eb Elizes\u00eb e nd\u00ebr sy m\u00eb shfaqej seriali i gjat\u00eb bardh e zi kur Ramiz Alia iku nga presidenca dhe i la pushtetin \u201cKetij\u201d. Kur m\u00eb 1997-n e p\u00ebrcolli mes plumbave Rexhep Meidani, e ky pa sikletin m\u00eb t\u00eb vog\u00ebl q\u00ebronte nga zyra dy her\u00eb Fatos Nanon me dhun\u00eb 1998, me vot\u00eb 2005. Kur n\u00eb 2009-n nuk ia b\u00ebri syri t\u00ebrr, por si ujk i vjet\u00ebr molepsi t\u00eb majt\u00ebn dhe me konsensusin kushtetues t\u00eb ndryshimeve nuk ka burr\u00eb q\u00eb ta luaj\u00eb nga karrigia e pushtetit. Flet serbes si bobat kolumbian\u00eb t\u00eb aziluar n\u00eb Venezuel\u00eb dhe 71 vota i b\u00ebn pa merak nat\u00ebn apo dit\u00ebn p\u00ebr t\u00eb jozefinosur presidenc\u00ebn a p\u00ebr ta ulur s\u00ebrish byth\u00ebn e tij edhe 5 vjet t\u00eb tjera.<\/p>\n<p>* * *<\/p>\n<p><strong>Kush \u00ebsht\u00eb, nga vjen, ku shkon ky soj njeriu?<\/strong><\/p>\n<p>\u00c7far\u00eb ha e pi, \u00e7far\u00eb tabletash p\u00ebrdor p\u00ebr stimulim, \u00e7far\u00eb fuqie hyjnore fshihet n\u00eb t\u00eb, \u00e7far\u00eb lexon e kush e k\u00ebshillon?<\/p>\n<p>Si mundet q\u00eb nj\u00eb, nj\u00eb individ i vet\u00ebm t\u00eb zot\u00ebroj\u00eb e t\u00eb komandoj\u00eb k\u00ebt\u00eb republik\u00eb evropiane?<\/p>\n<p>Si mundet njeriu q\u00eb fajdosi e vodhi miliona dollar\u00eb nga miliona njer\u00ebz t\u00eb jet\u00eb n\u00eb krye t\u00eb tyre s\u00ebrish. Si mundet Washingtoni e Brukseli, t\u00eb cil\u00ebt e q\u00ebruan me fanfara e me shkelm byth\u00ebve para 15 vjet\u00ebsh si politikanin e nj\u00eb hibridi t\u00eb keq diktature, ta rifusin n\u00eb zyrat e tyre e ta d\u00ebgjojn\u00eb tek k\u00ebput bro\u00e7kulla boll\u00ebku e p\u00ebrparimi. Si mundet t\u00eb flas\u00eb p\u00ebr respekt minoritetesh rome dhe homoseksual\u00ebsh ish presidenti q\u00eb vajtosi nj\u00eb vend e vrau 2 mij\u00eb qytetar\u00eb t\u00eb pafajsh\u00ebm, njeriu q\u00eb na dha n\u00eb duar arm\u00ebt me t\u00eb cilat po vritemi ende, njeriu q\u00eb g\u00ebrdecosi jo vet\u00ebm nj\u00eb fshat t\u00eb t\u00ebr\u00eb, njeriu q\u00eb ta v\u00ebrsh\u00ebllen plumbin kok\u00ebs edhe n\u00ebse i shkon me lule t\u2019i protestosh posht\u00eb zyr\u00ebs.<\/p>\n<p>Si mundet t\u00eb mbijetoj\u00eb kaq gjat\u00eb n\u00eb politik\u00eb e n\u00eb k\u00ebt\u00eb dynja njeriu, t\u00eb cilit kotherja e misrit ia ka g\u00ebrvishtur stomakun qysh n\u00eb djep. Si mundet t\u00eb na t\u00ebrheq\u00eb prej hund\u00ebsh njeriu ,i cili n\u00eb jet\u00ebn e tij nuk pati nj\u00eb dashnore, nuk piu kurr\u00eb nj\u00eb got\u00eb ver\u00eb, nuk thithi nj\u00eb cigare (jo hashash jo), nuk u arg\u00ebtua kurr\u00eb n\u00eb nj\u00eb club nate, nuk flirtoi nj\u00eb her\u00eb t\u00eb vetme me nj\u00eb vart\u00ebse apo eprore (po me lulen e bashkis\u00eb?)\u2026<\/p>\n<p>E imagjinoni dot si e komandon rehatsh\u00ebm drejt\u00ebsin\u00eb nj\u00eb mal\u00ebsor, i cili flinte fshehur pas fr\u00ebngjis\u00eb me kanunin e Lek\u00ebs si jast\u00ebk. Si d\u00ebrd\u00ebllis p\u00ebr artet dhe arsimin njeriu, i cili kur pa televizor p\u00ebr her\u00eb t\u00eb par\u00eb k\u00ebrkonte t\u00eb futej nga pas tij t\u00eb shfaqej edhe vet\u00eb n\u00eb ekran, njeriu q\u00eb m\u00ebsuesen e par\u00eb kishte arush\u00ebn dhe teksa hapi abetaren tek germa T e h\u00ebngri gjith\u00eb flet\u00ebn ku ishte pikturuar nj\u00eb trangull i trash\u00eb me gunga\u2026 kishte uri.<\/p>\n<p>Ne ia kemi len\u00eb n\u00eb dor\u00eb vendin dhe fatet tona k\u00ebtij malukati sepse nuk duam ta prishim tradit\u00ebn e lider\u00ebve tan\u00eb historik\u00eb. Ia kemi varur m\u00ebl\u00e7it\u00eb n\u00eb qaf\u00eb ujkut plak sepse duket ashiqare q\u00eb nuk kemi respekt as p\u00ebr veten, as p\u00ebr komshiun, as p\u00ebr atdheun e as p\u00ebr k\u00ebt\u00eb qiell. Ne i p\u00ebrqafohemi e i jargavosemi k\u00ebtij njeriu se duksh\u00ebm na mungon statura e Enverit t\u00eb Nexhmijes, e nj\u00eb diktatori tjet\u00ebr pa t\u00eb cil\u00ebt nuk ka kuptim jeta jon\u00eb, ngrysjet tona. Ne si\u00e7 duket nuk dim\u00eb t\u00eb vet\u00ebrregullojm\u00eb jet\u00ebn, sht\u00ebpin\u00eb, krevatin, lagjen, rrug\u00ebn, vendin e pun\u00ebs e na mjafton nj\u00eb komandant kaq brutal e katil. K\u00ebnaqemi me racionin ditor t\u00eb ushqimit dhe ajrit e nuk na prish terezin\u00eb mungesa e liris\u00eb. Paskemi ego t\u00eb kalbur e nuk pretendojm\u00eb q\u00eb vendi i liderit t\u00eb rotacionohet p\u00ebr t\u00eb gjith\u00eb duke u ardhur radha edhe f\u00ebmij\u00ebve tan\u00eb.<\/p>\n<p>Para tij rri gati tu Zhani Ciko dhe fatorinoja i Kombinatit, rri gati tu Baba Mondi dhe Rudina q\u00eb shet te tezgat e malores p\u00ebrball\u00eb, Dhori Kule dhe Anxhela transvestitja e grop\u00ebs, Rajmonda Bulku dhe Lymi pacient i onkologjikut, Kastriot Islami dhe drejtoresha e teatrit t\u00eb kukullave\u2026 Gati tu rri edhe nj\u00eb pjes\u00eb e opozit\u00ebs e askush nuk i b\u00ebn derman. Shkojn\u00eb e vijn\u00eb ambasador\u00eb e ky Berisha yn\u00eb ve\u00e7 lul\u00ebzon, nd\u00ebrrohen kudo qeveri me zgjedhje n\u00eb koh\u00eb e para kohe e p\u00ebrs\u00ebri ky Berisha yn\u00eb lundron i qet\u00eb, e izolojn\u00eb p\u00ebr nj\u00eb far\u00eb kohe, por nuk vonojn\u00eb t\u2019ia an\u00ebtar\u00ebsojn\u00eb Shqip\u00ebrin\u00eb e lodhur e t\u00eb trembur n\u00eb NATO, burgos e posht\u00ebron gazetar\u00eb si Sand\u00ebr Frangaj e Frrok \u00c7upi, por m\u00eb shum\u00eb e duan k\u00ebta t\u00eb fundit, dhunon dhe z\u00eb me shpulla pleq flok\u00ebbardh\u00eb si Neritan Ceka, por k\u00ebta nuk i ndahen deri n\u00eb vdekje\u2026<\/p>\n<p>\u00cbsht\u00eb hyjnor, magjik, na e ka hedhur sir\u00ebn trurit dhe syve, e meritojm\u00eb, nuk jemi gati p\u00ebr lider\u00eb t\u00eb rinj?<\/p>\n<p><strong>2.\/Presim m\u00eb kot q\u00eb t\u00eb s\u00ebmuret<\/strong><\/p>\n<p>Kush \u00ebsht\u00eb, nga vjen, ku shkon ky soj njeriu?<\/p>\n<p>Po ti Fatos Nano na jep dot ndonj\u00eb p\u00ebrgjigje?<\/p>\n<p>Ti duhet ta njoh\u00ebsh mir\u00eb se ty ta shk\u00ebrdheu lirin\u00eb 4 vjet andej nga B\u00ebn\u00e7a, ta vdiq n\u00ebn\u00ebn t\u00ebnde t\u00eb nderuar Marije Nano prej breng\u00ebs dhe vuajtjeve t\u00eb tua, t\u00eb q\u00ebrroi nga kryeministria me grusht shteti n\u00eb shtator 1998, ta p\u00ebrdhosi familjen e vjet\u00ebr e t\u00eb re, tu fut qindra her\u00eb n\u00eb krevat tek flije me Xhoan\u00ebn, tu fut qindra her\u00eb n\u00eb gotat e kristalta t\u00eb whiskey-t tek pije, tu fut mes vrimave t\u00eb hund\u00ebs e t\u00eb kontrollonte mos ishe i mallosur, t\u00eb q\u00ebroi nga pushteti me vot\u00ebn e 2005-\u00ebs, t\u00eb p\u00ebrdori e t\u00eb bleu n\u00eb 2007-n &amp; 2009-n e nd\u00ebrsa tani po tall trapin me ty. Po tall trapin me ty nat\u00eb e dit\u00eb pa pik\u00ebn e sikletit e ti si langaraq flok\u00ebkarrot\u00eb lyer me k\u00ebna vjeneze i shkon pas si zagar\u00ebt e Vinit t\u00eb Myneverit q\u00eb shtrihen t\u00eb drobitur posht\u00eb tezgave t\u00eb tregut t\u00eb shallvareve n\u00eb pritje t\u00eb nj\u00eb kocke.<\/p>\n<p>Faleminderit Nano p\u00ebr demokracin\u00eb q\u00eb na le pas!<\/p>\n<p><strong>3.\/Njoftim i r\u00ebnd\u00ebsish\u00ebm<\/strong><\/p>\n<p>Mir\u00ebse erdh\u00ebt n\u00eb board. Njoftohen t\u00eb gjith\u00eb pasagjer\u00ebt se ky \u00ebsht\u00eb fluturimi i fundit Tiran\u00eb-Vjen\u00eb. Ju lutemi lidhni rripat e sigurimit dhe mbani poltronin drejt. Udh\u00ebtim t\u00eb mbar\u00eb!<\/p>\n","protected":false},"excerpt":{"rendered":"<p>Nga Bledi Mane, 15 Maj 2012 www.facebook.com\/bledi.mane 1.\/B\u00ebri sha! Ritvan Peshk\u00ebpia, ish deputet i PD-s\u00eb dhe kryetar i forumit rinor politik t\u00eb partis\u00eb son\u00eb, ma prezantoi p\u00ebr her\u00eb t\u00eb par\u00eb nga af\u00ebr. Ishte fillimvjeshta e 1991-shit dhe Tirana e sp\u00ebrkatur me nj\u00eb shi t\u00eb veremosur zverdhte nga pisll\u00ebku dhe fukarall\u00ebku. Kishim takimin e radh\u00ebs s\u00eb [&hellip;]<\/p>\n","protected":false},"author":1,"featured_media":0,"comment_status":"open","ping_status":"closed","sticky":false,"template":"","format":"standard","meta":{"footnotes":""},"categories":[2],"tags":[],"class_list":{"0":"post-11822","1":"post","2":"type-post","3":"status-publish","4":"format-standard","6":"category-artikuj"},"yoast_head":"<!-- This site is optimized with the Yoast SEO plugin v27.4 - https:\/\/yoast.com\/product\/yoast-seo-wordpress\/ -->\n<title>\u00c7far\u00eb ila\u00e7esh pi Doktori yn\u00eb? - FjALA e LIR\u00cb - Arkivi<\/title>\n<meta name=\"robots\" content=\"index, follow, max-snippet:-1, max-image-preview:large, max-video-preview:-1\" \/>\n<link rel=\"canonical\" href=\"https:\/\/fjala.info\/2009-2015\/cfare-ilacesh-pi-doktori-yne\/\" \/>\n<meta property=\"og:locale\" content=\"sq_AL\" \/>\n<meta property=\"og:type\" content=\"article\" \/>\n<meta property=\"og:title\" content=\"\u00c7far\u00eb ila\u00e7esh pi Doktori yn\u00eb? - FjALA e LIR\u00cb - Arkivi\" \/>\n<meta property=\"og:description\" content=\"Nga Bledi Mane, 15 Maj 2012 www.facebook.com\/bledi.mane 1.\/B\u00ebri sha! Ritvan Peshk\u00ebpia, ish deputet i PD-s\u00eb dhe kryetar i forumit rinor politik t\u00eb partis\u00eb son\u00eb, ma prezantoi p\u00ebr her\u00eb t\u00eb par\u00eb nga af\u00ebr. Ishte fillimvjeshta e 1991-shit dhe Tirana e sp\u00ebrkatur me nj\u00eb shi t\u00eb veremosur zverdhte nga pisll\u00ebku dhe fukarall\u00ebku. Kishim takimin e radh\u00ebs s\u00eb [&hellip;]\" \/>\n<meta property=\"og:url\" content=\"https:\/\/fjala.info\/2009-2015\/cfare-ilacesh-pi-doktori-yne\/\" \/>\n<meta property=\"og:site_name\" content=\"FjALA e LIR\u00cb - Arkivi\" \/>\n<meta property=\"article:published_time\" content=\"2012-05-15T21:46:35+00:00\" \/>\n<meta property=\"og:image\" content=\"http:\/\/www.shkoder.net\/2012\/bledi_mane.jpg\" \/>\n<meta name=\"author\" content=\"admin\" \/>\n<meta name=\"twitter:card\" content=\"summary_large_image\" \/>\n<meta name=\"twitter:label1\" content=\"Written by\" \/>\n\t<meta name=\"twitter:data1\" content=\"admin\" \/>\n\t<meta name=\"twitter:label2\" content=\"Est. reading time\" \/>\n\t<meta name=\"twitter:data2\" content=\"9 minutes\" \/>\n<script type=\"application\/ld+json\" class=\"yoast-schema-graph\">{\"@context\":\"https:\\\/\\\/schema.org\",\"@graph\":[{\"@type\":\"Article\",\"@id\":\"https:\\\/\\\/fjala.info\\\/2009-2015\\\/cfare-ilacesh-pi-doktori-yne\\\/#article\",\"isPartOf\":{\"@id\":\"https:\\\/\\\/fjala.info\\\/2009-2015\\\/cfare-ilacesh-pi-doktori-yne\\\/\"},\"author\":{\"name\":\"admin\",\"@id\":\"https:\\\/\\\/fjala.info\\\/2009-2015\\\/#\\\/schema\\\/person\\\/3aa1163ef05469c496fc94e77611ada2\"},\"headline\":\"\u00c7far\u00eb ila\u00e7esh pi Doktori yn\u00eb?\",\"datePublished\":\"2012-05-15T21:46:35+00:00\",\"mainEntityOfPage\":{\"@id\":\"https:\\\/\\\/fjala.info\\\/2009-2015\\\/cfare-ilacesh-pi-doktori-yne\\\/\"},\"wordCount\":1792,\"commentCount\":0,\"publisher\":{\"@id\":\"https:\\\/\\\/fjala.info\\\/2009-2015\\\/#organization\"},\"image\":{\"@id\":\"https:\\\/\\\/fjala.info\\\/2009-2015\\\/cfare-ilacesh-pi-doktori-yne\\\/#primaryimage\"},\"thumbnailUrl\":\"http:\\\/\\\/www.shkoder.net\\\/2012\\\/bledi_mane.jpg\",\"articleSection\":[\"Artikuj\"],\"inLanguage\":\"sq-AL\",\"potentialAction\":[{\"@type\":\"CommentAction\",\"name\":\"Comment\",\"target\":[\"https:\\\/\\\/fjala.info\\\/2009-2015\\\/cfare-ilacesh-pi-doktori-yne\\\/#respond\"]}]},{\"@type\":\"WebPage\",\"@id\":\"https:\\\/\\\/fjala.info\\\/2009-2015\\\/cfare-ilacesh-pi-doktori-yne\\\/\",\"url\":\"https:\\\/\\\/fjala.info\\\/2009-2015\\\/cfare-ilacesh-pi-doktori-yne\\\/\",\"name\":\"\u00c7far\u00eb ila\u00e7esh pi Doktori yn\u00eb? - FjALA e LIR\u00cb - Arkivi\",\"isPartOf\":{\"@id\":\"https:\\\/\\\/fjala.info\\\/2009-2015\\\/#website\"},\"primaryImageOfPage\":{\"@id\":\"https:\\\/\\\/fjala.info\\\/2009-2015\\\/cfare-ilacesh-pi-doktori-yne\\\/#primaryimage\"},\"image\":{\"@id\":\"https:\\\/\\\/fjala.info\\\/2009-2015\\\/cfare-ilacesh-pi-doktori-yne\\\/#primaryimage\"},\"thumbnailUrl\":\"http:\\\/\\\/www.shkoder.net\\\/2012\\\/bledi_mane.jpg\",\"datePublished\":\"2012-05-15T21:46:35+00:00\",\"breadcrumb\":{\"@id\":\"https:\\\/\\\/fjala.info\\\/2009-2015\\\/cfare-ilacesh-pi-doktori-yne\\\/#breadcrumb\"},\"inLanguage\":\"sq-AL\",\"potentialAction\":[{\"@type\":\"ReadAction\",\"target\":[\"https:\\\/\\\/fjala.info\\\/2009-2015\\\/cfare-ilacesh-pi-doktori-yne\\\/\"]}]},{\"@type\":\"ImageObject\",\"inLanguage\":\"sq-AL\",\"@id\":\"https:\\\/\\\/fjala.info\\\/2009-2015\\\/cfare-ilacesh-pi-doktori-yne\\\/#primaryimage\",\"url\":\"http:\\\/\\\/www.shkoder.net\\\/2012\\\/bledi_mane.jpg\",\"contentUrl\":\"http:\\\/\\\/www.shkoder.net\\\/2012\\\/bledi_mane.jpg\"},{\"@type\":\"BreadcrumbList\",\"@id\":\"https:\\\/\\\/fjala.info\\\/2009-2015\\\/cfare-ilacesh-pi-doktori-yne\\\/#breadcrumb\",\"itemListElement\":[{\"@type\":\"ListItem\",\"position\":1,\"name\":\"Home\",\"item\":\"https:\\\/\\\/fjala.info\\\/2009-2015\\\/\"},{\"@type\":\"ListItem\",\"position\":2,\"name\":\"\u00c7far\u00eb ila\u00e7esh pi Doktori yn\u00eb?\"}]},{\"@type\":\"WebSite\",\"@id\":\"https:\\\/\\\/fjala.info\\\/2009-2015\\\/#website\",\"url\":\"https:\\\/\\\/fjala.info\\\/2009-2015\\\/\",\"name\":\"FjALA e LIR\u00cb - Arkivi\",\"description\":\"Arkivi 2009-2015\",\"publisher\":{\"@id\":\"https:\\\/\\\/fjala.info\\\/2009-2015\\\/#organization\"},\"potentialAction\":[{\"@type\":\"SearchAction\",\"target\":{\"@type\":\"EntryPoint\",\"urlTemplate\":\"https:\\\/\\\/fjala.info\\\/2009-2015\\\/?s={search_term_string}\"},\"query-input\":{\"@type\":\"PropertyValueSpecification\",\"valueRequired\":true,\"valueName\":\"search_term_string\"}}],\"inLanguage\":\"sq-AL\"},{\"@type\":\"Organization\",\"@id\":\"https:\\\/\\\/fjala.info\\\/2009-2015\\\/#organization\",\"name\":\"FjALA e LIR\u00cb - Arkivi\",\"url\":\"https:\\\/\\\/fjala.info\\\/2009-2015\\\/\",\"logo\":{\"@type\":\"ImageObject\",\"inLanguage\":\"sq-AL\",\"@id\":\"https:\\\/\\\/fjala.info\\\/2009-2015\\\/#\\\/schema\\\/logo\\\/image\\\/\",\"url\":\"\",\"contentUrl\":\"\",\"caption\":\"FjALA e LIR\u00cb - Arkivi\"},\"image\":{\"@id\":\"https:\\\/\\\/fjala.info\\\/2009-2015\\\/#\\\/schema\\\/logo\\\/image\\\/\"}},{\"@type\":\"Person\",\"@id\":\"https:\\\/\\\/fjala.info\\\/2009-2015\\\/#\\\/schema\\\/person\\\/3aa1163ef05469c496fc94e77611ada2\",\"name\":\"admin\",\"image\":{\"@type\":\"ImageObject\",\"inLanguage\":\"sq-AL\",\"@id\":\"https:\\\/\\\/fjala.info\\\/2009-2015\\\/wp-content\\\/uploads\\\/2012\\\/02\\\/arben_cokaj-120x150.jpg\",\"url\":\"https:\\\/\\\/fjala.info\\\/2009-2015\\\/wp-content\\\/uploads\\\/2012\\\/02\\\/arben_cokaj-120x150.jpg\",\"contentUrl\":\"https:\\\/\\\/fjala.info\\\/2009-2015\\\/wp-content\\\/uploads\\\/2012\\\/02\\\/arben_cokaj-120x150.jpg\",\"caption\":\"admin\"},\"description\":\"Admin, Fjala e Lir\u00eb\",\"sameAs\":[\"https:\\\/\\\/fjala.info\\\/\"],\"url\":\"https:\\\/\\\/fjala.info\\\/2009-2015\\\/author\\\/admin\\\/\"}]}<\/script>\n<!-- \/ Yoast SEO plugin. -->","yoast_head_json":{"title":"\u00c7far\u00eb ila\u00e7esh pi Doktori yn\u00eb? - FjALA e LIR\u00cb - Arkivi","robots":{"index":"index","follow":"follow","max-snippet":"max-snippet:-1","max-image-preview":"max-image-preview:large","max-video-preview":"max-video-preview:-1"},"canonical":"https:\/\/fjala.info\/2009-2015\/cfare-ilacesh-pi-doktori-yne\/","og_locale":"sq_AL","og_type":"article","og_title":"\u00c7far\u00eb ila\u00e7esh pi Doktori yn\u00eb? - FjALA e LIR\u00cb - Arkivi","og_description":"Nga Bledi Mane, 15 Maj 2012 www.facebook.com\/bledi.mane 1.\/B\u00ebri sha! Ritvan Peshk\u00ebpia, ish deputet i PD-s\u00eb dhe kryetar i forumit rinor politik t\u00eb partis\u00eb son\u00eb, ma prezantoi p\u00ebr her\u00eb t\u00eb par\u00eb nga af\u00ebr. Ishte fillimvjeshta e 1991-shit dhe Tirana e sp\u00ebrkatur me nj\u00eb shi t\u00eb veremosur zverdhte nga pisll\u00ebku dhe fukarall\u00ebku. Kishim takimin e radh\u00ebs s\u00eb [&hellip;]","og_url":"https:\/\/fjala.info\/2009-2015\/cfare-ilacesh-pi-doktori-yne\/","og_site_name":"FjALA e LIR\u00cb - Arkivi","article_published_time":"2012-05-15T21:46:35+00:00","og_image":[{"url":"http:\/\/www.shkoder.net\/2012\/bledi_mane.jpg","type":"","width":"","height":""}],"author":"admin","twitter_card":"summary_large_image","twitter_misc":{"Written by":"admin","Est. reading time":"9 minutes"},"schema":{"@context":"https:\/\/schema.org","@graph":[{"@type":"Article","@id":"https:\/\/fjala.info\/2009-2015\/cfare-ilacesh-pi-doktori-yne\/#article","isPartOf":{"@id":"https:\/\/fjala.info\/2009-2015\/cfare-ilacesh-pi-doktori-yne\/"},"author":{"name":"admin","@id":"https:\/\/fjala.info\/2009-2015\/#\/schema\/person\/3aa1163ef05469c496fc94e77611ada2"},"headline":"\u00c7far\u00eb ila\u00e7esh pi Doktori yn\u00eb?","datePublished":"2012-05-15T21:46:35+00:00","mainEntityOfPage":{"@id":"https:\/\/fjala.info\/2009-2015\/cfare-ilacesh-pi-doktori-yne\/"},"wordCount":1792,"commentCount":0,"publisher":{"@id":"https:\/\/fjala.info\/2009-2015\/#organization"},"image":{"@id":"https:\/\/fjala.info\/2009-2015\/cfare-ilacesh-pi-doktori-yne\/#primaryimage"},"thumbnailUrl":"http:\/\/www.shkoder.net\/2012\/bledi_mane.jpg","articleSection":["Artikuj"],"inLanguage":"sq-AL","potentialAction":[{"@type":"CommentAction","name":"Comment","target":["https:\/\/fjala.info\/2009-2015\/cfare-ilacesh-pi-doktori-yne\/#respond"]}]},{"@type":"WebPage","@id":"https:\/\/fjala.info\/2009-2015\/cfare-ilacesh-pi-doktori-yne\/","url":"https:\/\/fjala.info\/2009-2015\/cfare-ilacesh-pi-doktori-yne\/","name":"\u00c7far\u00eb ila\u00e7esh pi Doktori yn\u00eb? - FjALA e LIR\u00cb - Arkivi","isPartOf":{"@id":"https:\/\/fjala.info\/2009-2015\/#website"},"primaryImageOfPage":{"@id":"https:\/\/fjala.info\/2009-2015\/cfare-ilacesh-pi-doktori-yne\/#primaryimage"},"image":{"@id":"https:\/\/fjala.info\/2009-2015\/cfare-ilacesh-pi-doktori-yne\/#primaryimage"},"thumbnailUrl":"http:\/\/www.shkoder.net\/2012\/bledi_mane.jpg","datePublished":"2012-05-15T21:46:35+00:00","breadcrumb":{"@id":"https:\/\/fjala.info\/2009-2015\/cfare-ilacesh-pi-doktori-yne\/#breadcrumb"},"inLanguage":"sq-AL","potentialAction":[{"@type":"ReadAction","target":["https:\/\/fjala.info\/2009-2015\/cfare-ilacesh-pi-doktori-yne\/"]}]},{"@type":"ImageObject","inLanguage":"sq-AL","@id":"https:\/\/fjala.info\/2009-2015\/cfare-ilacesh-pi-doktori-yne\/#primaryimage","url":"http:\/\/www.shkoder.net\/2012\/bledi_mane.jpg","contentUrl":"http:\/\/www.shkoder.net\/2012\/bledi_mane.jpg"},{"@type":"BreadcrumbList","@id":"https:\/\/fjala.info\/2009-2015\/cfare-ilacesh-pi-doktori-yne\/#breadcrumb","itemListElement":[{"@type":"ListItem","position":1,"name":"Home","item":"https:\/\/fjala.info\/2009-2015\/"},{"@type":"ListItem","position":2,"name":"\u00c7far\u00eb ila\u00e7esh pi Doktori yn\u00eb?"}]},{"@type":"WebSite","@id":"https:\/\/fjala.info\/2009-2015\/#website","url":"https:\/\/fjala.info\/2009-2015\/","name":"FjALA e LIR\u00cb - Arkivi","description":"Arkivi 2009-2015","publisher":{"@id":"https:\/\/fjala.info\/2009-2015\/#organization"},"potentialAction":[{"@type":"SearchAction","target":{"@type":"EntryPoint","urlTemplate":"https:\/\/fjala.info\/2009-2015\/?s={search_term_string}"},"query-input":{"@type":"PropertyValueSpecification","valueRequired":true,"valueName":"search_term_string"}}],"inLanguage":"sq-AL"},{"@type":"Organization","@id":"https:\/\/fjala.info\/2009-2015\/#organization","name":"FjALA e LIR\u00cb - Arkivi","url":"https:\/\/fjala.info\/2009-2015\/","logo":{"@type":"ImageObject","inLanguage":"sq-AL","@id":"https:\/\/fjala.info\/2009-2015\/#\/schema\/logo\/image\/","url":"","contentUrl":"","caption":"FjALA e LIR\u00cb - Arkivi"},"image":{"@id":"https:\/\/fjala.info\/2009-2015\/#\/schema\/logo\/image\/"}},{"@type":"Person","@id":"https:\/\/fjala.info\/2009-2015\/#\/schema\/person\/3aa1163ef05469c496fc94e77611ada2","name":"admin","image":{"@type":"ImageObject","inLanguage":"sq-AL","@id":"https:\/\/fjala.info\/2009-2015\/wp-content\/uploads\/2012\/02\/arben_cokaj-120x150.jpg","url":"https:\/\/fjala.info\/2009-2015\/wp-content\/uploads\/2012\/02\/arben_cokaj-120x150.jpg","contentUrl":"https:\/\/fjala.info\/2009-2015\/wp-content\/uploads\/2012\/02\/arben_cokaj-120x150.jpg","caption":"admin"},"description":"Admin, Fjala e Lir\u00eb","sameAs":["https:\/\/fjala.info\/"],"url":"https:\/\/fjala.info\/2009-2015\/author\/admin\/"}]}},"_links":{"self":[{"href":"https:\/\/fjala.info\/2009-2015\/wp-json\/wp\/v2\/posts\/11822","targetHints":{"allow":["GET"]}}],"collection":[{"href":"https:\/\/fjala.info\/2009-2015\/wp-json\/wp\/v2\/posts"}],"about":[{"href":"https:\/\/fjala.info\/2009-2015\/wp-json\/wp\/v2\/types\/post"}],"author":[{"embeddable":true,"href":"https:\/\/fjala.info\/2009-2015\/wp-json\/wp\/v2\/users\/1"}],"replies":[{"embeddable":true,"href":"https:\/\/fjala.info\/2009-2015\/wp-json\/wp\/v2\/comments?post=11822"}],"version-history":[{"count":0,"href":"https:\/\/fjala.info\/2009-2015\/wp-json\/wp\/v2\/posts\/11822\/revisions"}],"wp:attachment":[{"href":"https:\/\/fjala.info\/2009-2015\/wp-json\/wp\/v2\/media?parent=11822"}],"wp:term":[{"taxonomy":"category","embeddable":true,"href":"https:\/\/fjala.info\/2009-2015\/wp-json\/wp\/v2\/categories?post=11822"},{"taxonomy":"post_tag","embeddable":true,"href":"https:\/\/fjala.info\/2009-2015\/wp-json\/wp\/v2\/tags?post=11822"}],"curies":[{"name":"wp","href":"https:\/\/api.w.org\/{rel}","templated":true}]}}