{"id":11821,"date":"2012-05-15T10:25:52","date_gmt":"2012-05-15T09:25:52","guid":{"rendered":"http:\/\/fjala.shkoder.net\/?p=2791"},"modified":"2012-05-15T10:25:52","modified_gmt":"2012-05-15T09:25:52","slug":"rreth-levizjeve-te-fundit-te-edi-rames","status":"publish","type":"post","link":"https:\/\/fjala.info\/2009-2015\/rreth-levizjeve-te-fundit-te-edi-rames\/","title":{"rendered":"Rreth l\u00ebvizjeve t\u00eb fundit t\u00eb Edi Ram\u00ebs"},"content":{"rendered":"<p><img decoding=\"async\" class=\"alignright size-thumbnail wp-image-7236\" title=\"Pre\u00e7 Zogaj\" src=\"http:\/\/www.shkoder.net\/images\/fjala\/prec_zogaj.jpg\" alt=\"\" width=\"150\" \/> <strong>Pre\u00e7 Zogaj<\/strong><\/p>\n<p>Kat\u00ebr jan\u00eb l\u00ebvizjet e fundit t\u00eb krytetari t\u00eb PS-s\u00eb, Edi Rama, jo t\u00eb kat\u00ebrta t\u00eb nj\u00eb kategorie, t\u00eb cilat kan\u00eb provokuar reagime dhe debate t\u00eb pazakonta n\u00eb aul\u00ebn politike dhe mediataike t\u00eb vendit. 1-Kandidimi i Adrian Vish\u00ebs p\u00ebr postin vakant t\u00eb an\u00ebtarit t\u00eb K\u00ebshillit t\u00eb Lart\u00eb t\u00eb Drejt\u00ebsis\u00eb . 2-Protagonizmi p\u00ebr zgjedhjen e Presidentit. 3-Vajtja n\u00eb emisionin \u201cOpinion\u201d t\u00eb Blendi Fevziut.4 -Takimi m\u00eb Ilir Met\u00ebn n\u00eb vil\u00ebn e k\u00ebtij t\u00eb fundit n\u00eb gjirin e Lalzit.<\/p>\n<p>K\u00ebto l\u00ebvizje, sidomos e para dhe e kat\u00ebrta, kan\u00eb krijuar turbulenc\u00eb sepse p\u00ebrfaq\u00ebsojn\u00eb nj\u00eb moment pag\u00ebzimi apo rilindjeje t\u00eb Edi Ram\u00ebs si pragamatist, pasi ishte investuar disa vite me radh\u00eb n\u00eb imazhin e nj\u00eb misionari. P\u00ebrball\u00eb val\u00ebs s\u00eb reagimeve kund\u00ebrth\u00ebn\u00ebse, zoti Rama e ka ndjer\u00eb t\u00eb nevojshme t\u00eb zbres\u00eb vet\u00eb n\u00eb agoren e shtypit p\u00ebr t\u00eb shpjeguar e argumentuar pse dhe qysh, duke i p\u00ebrfshir\u00eb l\u00ebvizjet e tij n\u00ebn egid\u00ebn apo ombrell\u00ebn e politik\u00ebs s\u00eb re t\u00eb pjesmarrjes, p\u00ebrgjegj\u00ebsis\u00eb dhe dialogut, q\u00eb jan\u00eb v\u00ebrtet\u00eb tri fjal\u00eb ky\u00e7e t\u00eb politik\u00ebs kontruktive. Nuk ka dyshim se kjo lloj politike, e nevojshme si uj\u00ebt e pak\u00ebt p\u00ebr Shqip\u00ebrin\u00eb, nuk e ka t\u00eb leht\u00eb n\u00eb fush\u00ebn e minuar me paragjykime, injoranc\u00eb dhe urrejtje. Nj\u00eb pjes\u00eb e kund\u00ebrshtive q\u00eb kan\u00eb hasur l\u00ebvizjet e Ram\u00ebs lidhen edhe me mend\u00ebsin\u00eb e llogoreve, me kultur\u00ebn e konfliktualiteti dhe me s\u00ebmundjet e tjera t\u00eb politik\u00ebs s\u00eb vjet\u00ebr, nga t\u00eb cilat politika e re n\u00eb k\u00ebt\u00eb vend, ngado q\u00eb t\u00eb vij\u00eb, duhej t\u00eb shk\u00ebputet nj\u00ebher\u00eb e mir\u00eb. E kemi n\u00ebnvizuar me dhjetra her\u00eb. Pal\u00ebt n\u00eb politik\u00eb i krijon populli me vot\u00eb. Dialog me vetem nuk ka. O me t\u00eb tjer\u00ebt, o fare.<\/p>\n<p>Por duke b\u00ebr\u00eb k\u00ebt\u00eb pohim t\u00eb p\u00ebrgjithsh\u00ebm q\u00eb justifikon, rehabiliton dhe lart\u00ebson \u00e7do p\u00ebrpjekje p\u00ebr t\u00eb ushqyer kultur\u00ebn e p\u00ebrfshirjes dhe dialogut politik n\u00eb vend, q\u00eb ka ekzistuar edhe m\u00eb par\u00eb n\u00eb Shqip\u00ebri, n\u00eb momente edhe m\u00eb t\u00eb v\u00ebshtira se sot, duhet t\u00eb sh\u00ebnojm\u00eb gjithashtu se pjesmarrja dhe p\u00ebrgjegj\u00ebsia marrin vlera ose kund\u00ebrvlera n\u00eb q\u00ebndrimet konkrete t\u00eb liderit n\u00eb rrethana konkrete. K\u00ebndej, duke u nisur nga rastet konkrete, kan\u00eb lindur edhe reagimet dizaprovuese t\u00eb shum\u00eb koleg\u00ebve mendjehapur. Sidoqoft\u00eb, l\u00ebvizjet e lartpermendura nuk jan\u00eb p\u00ebr tu futur n\u00eb nj\u00eb thes, apo n\u00ebn nj\u00eb ombrell\u00eb. T\u2019i marrim me radh\u00eb, si sipas radh\u00ebs.<\/p>\n<p>Vajta n\u00eb emisionin \u201cOpinion\u201d te Blendi Fevziut<br \/>\nS\u2019ia vlen t\u00eb diskutohet. Marrja distanc\u00eb nga nj\u00eb media apo emision popullor mund t\u00eb p\u00ebrligjet si q\u00ebndrim intelektual, por nuk ka sens p\u00ebr nj\u00eb lid\u00ebr politik, q\u00eb synon ta \u00e7oj\u00eb mesazhin e tij te sa me shum\u00eb njer\u00ebz. Frekuenca dhe momenti i vajtjeve jan\u00eb tjet\u00ebr gj\u00eb. K\u00ebto varen nga \u201csekretet\u201d e shumta t\u00eb komunikimit publik, q\u00eb keshilltar\u00ebt e medias apo vet\u00eb lid\u00ebrit duhet t\u2019i njohin. Un\u00eb habitem q\u00eb Berisha nuk shkon te Sokol Balla apo Rudina Xhunga n\u00eb Top Chanell.<\/p>\n<p>Protagonizmi p\u00ebr Presidentin<br \/>\nOpozita dhe kreu i saj mir\u00ebpriten n\u00eb rolin aktiv q\u00eb duan t\u00eb luajn\u00eb p\u00ebr zgjedhjen e Presidentit, edhe pse realisht e kan\u00eb shkarkuar ndjesh\u00ebm veten e tyre nga detyrimet e k\u00ebsaj natyre me ndryshimet kushtetuese t\u00eb vitit 2008, sipas t\u00eb cilave Presidenti, n\u00eb rundin e kat\u00ebrt zgjidhet me shumic\u00eb t\u00eb thjesht\u00eb votash, shtat\u00ebdhjet\u00eb plus nj\u00eb. Por kan\u00eb ndodhur shum\u00eb ngjarje, ka disa pritshm\u00ebri q\u00eb diktojn\u00eb rikthimin te shumica e cil\u00ebsuar. Rama dhe opozita kan\u00eb arritur di\u00e7ka n\u00eb betej\u00ebn parimore q\u00eb po zhvillojn\u00eb : kan\u00eb b\u00ebr\u00eb q\u00eb kryeministri Berisha t\u00eb vij\u00eb dora-dor\u00ebs, edhe fal\u00eb ndikimit t\u00eb nd\u00ebrkomb\u00ebtar\u00ebve, te opsioni i nj\u00eb presidenti t\u00eb negociuar. \u201cPresidenti i negociuar\u201d \u00ebsht\u00eb akoma nj\u00eb nocion i mjaft i pap\u00ebrputhsh\u00ebm me \u201cpresidentin konsensual\u201d. Berisha e mban n\u00eb hava konceptin e tij p\u00ebr t\u00eb manovruar dhe p\u00ebr t\u00eb dal\u00eb sa m\u00eb i lar\u00eb n\u00eb loj\u00ebn e interesave t\u00eb veta. Atij do t\u2019i p\u00eblqente dhe do t\u00eb ishte i justifikuar para nd\u00ebrkomb\u00ebtr\u00ebve n\u00ebse Rama punon p\u00ebr nj\u00eb president t\u00eb aleancave fluide, q\u00eb do t\u00eb zgjidhej me shumic\u00eb t\u00eb thjesht\u00eb. Kjo bet\u00ebj\u00eb mund t\u00eb b\u00ebh\u00ebt, por \u00ebsht\u00eb me rrezik se mund ta fitoj\u00eb Berisha dhe askush nuk mund t\u2019i thot\u00eb gj\u00eb. Un\u00eb mendoj se Rama do t\u00eb vijoj\u00eb t\u00eb ruaj\u00eb nj\u00eb protagoniz\u00ebm efikas dhe t\u00eb pad\u00ebmsh\u00ebm p\u00ebr Presidentin, duke shtyr\u00eb p\u00ebrpara me konsekuenc\u00eb formul\u00ebn e marr\u00ebveshjes me grupin e shumic\u00ebs. N\u00ebqoft\u00ebse Rama nuk do t\u00eb ket\u00eb ekuivoke n\u00eb k\u00ebt\u00eb q\u00ebndrim, Berisha nuk do t\u00eb ket\u00eb arsye t\u00eb mos e l\u00ebshoj\u00eb Presidentin,n\u00eb kuptimin q\u00eb t\u00eb mos e k\u00ebrkoj\u00eb patjet\u00ebr nga partia e tij. Nuk i duhet. N\u00eb k\u00ebt\u00eb betej\u00eb t\u00eb ve\u00e7ant\u00eb, ku loja vlen m\u00eb shum\u00eb se rrezultati, zgjidhjet e nd\u00ebrmjetme jan\u00eb t\u00eb shk\u00ebllishueshme. Ose marr\u00ebveshje, ose t\u00ebrheqje, ose opozita, n\u00eb nj\u00eb rrethan\u00eb specifike, vendos t\u00eb dal\u00eb me kandidatin e saj politik, me t\u00eb cil\u00ebn k\u00ebrkon t\u00eb provoj\u00eb ndershm\u00ebrisht n\u00eb kutin\u00eb e fsheht\u00eb dhe t\u00eb b\u00ebj\u00eb diferenc\u00ebn n\u00eb planin moral me shumic\u00ebn.<\/p>\n<p>Propozimi i Vish\u00ebs si an\u00ebtar i KLD-s\u00eb<br \/>\nSa m\u00eb shum\u00eb shpjegohet, aq m\u00eb i r\u00ebnd\u00eb b\u00ebh\u00ebt. Visha u propozua nga PS p\u00ebr t\u00eb tentuar nj\u00eb rrjedhje votash nga shumica. Pra u propozua fiks si avokat i Fatmir Mediut p\u00ebr \u00e7\u00ebshtjen e G\u00ebrdecit. Kriteri nuk ishte kandidati m\u00eb i mir\u00eb, por kandidati q\u00eb mund t\u00eb marr\u00eb vota nga pala kund\u00ebshtare. K\u00ebtu nuk hyn fare zot\u00ebsia apo pazot\u00ebsia e Vish\u00ebs si jurist, sikurse nuk \u00ebsht\u00eb n\u00eb shyrtim faj\u00ebsia apo pafaj\u00ebsia e prezumuar e Mediut. Me k\u00ebt\u00eb propozim propozuesi e ekspozoi dashje pa dashje q\u00ebndrimin e metejsh\u00ebm ndaj G\u00ebrdecit si retorik\u00eb. Un\u00eb nuk e p\u00ebrjashtoj, madje e quaj t\u00eb ndershme, edhe pse nuk ndaj t\u00eb nj\u00ebjtin mendim, q\u00eb ashtu si juristi socialist A. Visha t\u00eb ket\u00eb edhe jurist\u00eb e politikan\u00eb t\u00eb tjer\u00eb n\u00eb PS q\u00eb ta konsiderojn\u00eb t\u00eb ezuaruar \u00e7eshtjen e G\u00ebrdecit n\u00eb suaz\u00ebn e hetimeve q\u00eb jan\u00eb kryer dhe d\u00ebnim\u00ebve q\u00eb jan\u00eb dh\u00ebn\u00eb. Por n\u00eb planin e zgjedhjes politike \u201cVisha\u201d dhe \u201cG\u00ebrdeci\u201d nuk mund t\u00eb rrin\u00eb bashk\u00eb. Nuk \u00ebsht\u00eb n\u00eb shijen time, por do t\u00eb pranoja q\u00eb opozita t\u00eb synoj\u00eb t\u00eb marr\u00eb di\u00e7ka q\u00eb nuk i p\u00ebrket kur i del n\u00eb shteg. Nuk jan\u00eb n\u00eb shijet e mia, por do t\u2019i pranoja edhe aleancat fluide p\u00ebr \u00e7eshtje me r\u00ebnd\u00ebsi t\u00eb ve\u00e7anta. Por kurr\u00eb duke l\u00ebnduar plag\u00eb t\u00eb hapura, apo duke shkelur brezin e zonj\u00ebs Marie, si\u00e7 thot\u00eb populli. Nuk arrij ta kuptoj, Rama duhet t\u00eb reflektoj\u00eb p\u00ebr k\u00ebt\u00eb history, t\u00eb jap\u00eb garanci se q\u00ebndron mbi kolonin\u00eb e jurist\u00ebve pa ngjyr\u00eb, q\u00eb ushqehen s\u00ebbashku n\u00eb tenderin e madh t\u00eb Drejt\u00ebsis\u00eb; t\u00eb d\u00ebshmoj\u00eb se kjo me Vish\u00ebn ishte nj\u00eb ngjarje e shk\u00ebputur, q\u00eb nuk tregon orjentimin e neserm t\u00eb meritokracis\u00eb n\u00eb n\u00eb at\u00eb parti.<\/p>\n<p>Takimi me Met\u00ebn n\u00eb vil\u00ebn e k\u00ebtij t\u00eb fundit<br \/>\nNj\u00eb arsye shum\u00eb fort\u00eb padyshim e ka nisur shefin e opozit\u00ebs dret Lalzit, ku Meta ka nj\u00eb vil\u00eb banimi q\u00eb ka marr\u00eb edhe trajtat e nj\u00eb vile pune. Cila arsye? Do t\u00eb rrezikonim t\u00eb dukeshim qesharak\u00eb, po t\u00eb thoshnim \u00e7eshtja e Presidentit. Kjo mbetet n\u00eb diskrecionin e shefit t\u00eb opzozit\u00ebs, i cili me shum\u00eb se asnj\u00eb opozitar tjet\u00ebr ka pavar\u00ebsin\u00eb t\u00eb mendoj\u00eb e veproj\u00eb p\u00ebr planin e fitores. Rama mund t\u2019i kap\u00ebrcej\u00eb, si\u00e7 kan\u00eb b\u00ebr\u00eb t\u00eb tjer\u00ebt p\u00ebrpara tij, fyerjet, sharjet, sfidat. Rama madje mund t\u00eb vendos\u00eb t\u00eb dor\u00ebzohet n\u00eb frontin e etik\u00ebs, duke rehabilituar me pragmatizmin e tij t\u00eb ri gjuh\u00ebn e mllefit t\u00eb skajsh\u00ebm dhe dhun\u00ebs verbale t\u00eb kund\u00ebrshtar\u00ebve t\u00eb tij. Un\u00eb do ta vajtoja k\u00ebt\u00eb humbje, por vet\u00ebm kaq. Problemi i dark\u00ebs s\u00eb tij me Ilir Met\u00ebn, q\u00eb nuk ka t\u00eb b\u00ebj\u00eb fare me pragmatizmin, \u00ebsht\u00eb konteksti politik.<br \/>\nN\u00eb jehon\u00ebn e tij t\u00eb kontrolluar apo spontane takimi p\u00ebrcjell mesazhin se opozita, pas tre vjet\u00ebsh aksion politik kund\u00ebr nj\u00eb qeverie q\u00eb vazhdon t\u00eb qeveris\u00eb n\u00eb kriz\u00eb, nuk fiton dot pa b\u00ebr\u00eb aleanc\u00eb me nj\u00eb parti qeveritare, si\u00e7 \u00ebsht\u00eb LSI-ja. Kjo \u00ebsht\u00eb nj\u00eblloj si t\u00eb deklarosh kapitullimin dhe ta l\u00ebsh fatin e fitores n\u00eb dor\u00eb t\u00eb t\u00eb tjer\u00ebve. Akoma m\u00eb e r\u00ebnd\u00eb b\u00ebh\u00ebt anomalia n\u00eb fjal\u00eb, kur mendon se takimi \u00ebsht\u00eb zhvilluar n\u00eb momentin m\u00eb t\u00eb keq p\u00ebr qeverin\u00eb p\u00ebrsa i p\u00ebrket rreshqitjes s\u00eb treguesve t\u00eb kriz\u00ebs. Takimi nd\u00ebrkaq \u00ebsht\u00eb zhvilluar edhe n\u00eb kushtet e nj\u00eb krize apo ngrirjeje relative t\u00eb Ram\u00ebs me aleat\u00ebt e Opozit\u00ebs s\u00eb Bashkuar, me t\u00eb cil\u00ebt ka zhvilluar deri tani disa nga betejat e tij kryesore. Marr\u00ebdh\u00ebniet e PS-s\u00eb me aleat\u00ebt opozitar\u00eb kan\u00eb ve\u00e7orit\u00eb e tyre. Mund t\u00eb zgjerohen, mund edhe t\u00eb zvog\u00eblohen n\u00eb vart\u00ebsi t\u00eb zhvillimeve dhe marr\u00ebveshjeve. Kjo \u00ebsht\u00eb nj\u00eb histori me vete. Por shefit t\u00eb Opozit\u00ebs nuk do t\u2019i shkonte n\u00eb asnj\u00eb rrethan\u00eb t\u2019i jepte status t\u00eb dyfisht\u00eb nj\u00eb partie qeveritare, sikur ajo nuk \u00ebsht\u00eb p\u00ebr tu mundur, por paska lindur p\u00ebr t\u00eb qen\u00eb gjithnj\u00eb n\u00eb qeveri. Kjo nuk \u00ebsht\u00eb d\u00ebgjuar, \u00ebsht\u00eb e panatyrshme dhe me kosto p\u00ebr opozit\u00ebn. Po t\u2019i jap\u00eb populli Ilir Met\u00ebs p\u00ebrs\u00ebri votat p\u00ebr t\u00eb qen\u00eb qeveriber\u00ebs dhe po t\u00eb dal\u00eb koalicioni opozitar p\u00ebrpara koalicionit qeveritar, Meta vjen vet\u00eb n\u00eb qeveri, e t\u00ebrheq vet\u00eb era e pushtetit, s\u2019ka nevoj\u00eb fare p\u00ebr dark\u00eb n\u00eb gjirin e Lalzit. Diskutimi q\u00eb tani p\u00ebr nj\u00eb aleanc\u00eb t\u00eb mundshme PS-LSI fillon me daljen e LSI-s\u00eb n\u00eb opozit\u00eb. Ky \u00ebsht\u00eb hapi i par\u00eb elementar dhe themelor. \u00c7do diskutim apo veprim q\u00eb injoron k\u00ebt\u00eb hap \u00ebsht\u00eb thjesht nj\u00eb lajthitje. Meta ka th\u00ebn\u00eb se nuk do t\u00eb l\u00ebviz\u00eb deri n\u00eb vitin 2013. Do t\u00eb thot\u00eb se mund t\u00eb l\u00ebviz\u00eb pas zgjedhjeve, por \u00e7\u00ebshtja \u00ebsht\u00eb se si do t\u00eb kandidoj\u00eb: si parti qeveritare apo opozitare. Hileja nuk mund t\u00eb funksionoj\u00eb dy her\u00eb. Her\u00ebn e par\u00eb votat q\u00eb mori p\u00ebr t\u00eb larguar Berish\u00ebn i p\u00ebrdori p\u00ebr ta mbajtur at\u00eb. Do t\u00eb ishte nj\u00eb \u00e7udi e madhe e tij tij q\u00eb her\u00ebn e dyt\u00eb t\u00eb marr\u00eb vota me Berish\u00ebn p\u00ebr t\u2019i p\u00ebrdorur p\u00ebr t\u00eb kund\u00ebrt\u00ebn. Problemi \u00ebsht\u00eb se k\u00ebtu askush me p\u00ebrjashtim t\u00eb Kreshnik Spahiut nuk po llogarit se ka edhe publik, ka zgjedh\u00ebs, ka qetetar\u00eb, ka popull. T\u00eb gjith\u00eb e marrin elektoratin t\u00eb ndar\u00eb me feta, si nj\u00eb gj\u00eb t\u00eb ngrir\u00eb, q\u00eb nuk gjykon, nuk ndryshon. Disa t\u00eb tjer\u00eb llogarisin t\u00eb blejn\u00eb ose edhe t\u2019i vjedhin votat e tyre, q\u00eb i lejojn\u00eb t\u00eb zd\u00ebrhallen si pallallar\u00eb me fatet e vendit.<\/p>\n<p>I pari q\u00eb po p\u00ebrpiqet q\u00eb kjo histori t\u00eb arshivohet nj\u00ebher\u00eb e p\u00ebrgjithmon\u00eb \u00ebsht\u00eb e duhet t\u00eb jet\u00eb shefi i opozit\u00ebs, Edi Rama. Ky ka p\u00ebrqafuar prej disa muajsh kursin e ri, q\u00eb n\u00eb thelb \u00ebsht\u00eb kund\u00ebrkursi i politik\u00ebs s\u00eb forc\u00ebs, i protestave, bojkotit dhe distanc\u00ebs q\u00eb u ndoq n\u00eb dy vitet e para. Kursi i i pjesmarrjes dhe p\u00ebrgjegj\u00ebsis\u00eb nuk mund t\u00eb jet\u00eb i ri duke u shartuar me t\u00eb vjetrat e zakoneve politike n\u00eb k\u00ebt\u00eb vend. P\u00ebrkundrazi. Nj\u00eb shartim i arsyesh\u00ebm i misionarit me pragmatistin, pa e shdukur t\u00eb parin dhe pa e tepruar me t\u00eb dytin- kjo do t\u00eb ishte sipas meje figura adekuate e shefit aktual t\u00eb opozit\u00ebs n\u00eb k\u00ebt\u00eb p\u00ebriudh\u00eb.<\/p>\n","protected":false},"excerpt":{"rendered":"<p>Pre\u00e7 Zogaj Kat\u00ebr jan\u00eb l\u00ebvizjet e fundit t\u00eb krytetari t\u00eb PS-s\u00eb, Edi Rama, jo t\u00eb kat\u00ebrta t\u00eb nj\u00eb kategorie, t\u00eb cilat kan\u00eb provokuar reagime dhe debate t\u00eb pazakonta n\u00eb aul\u00ebn politike dhe mediataike t\u00eb vendit. 1-Kandidimi i Adrian Vish\u00ebs p\u00ebr postin vakant t\u00eb an\u00ebtarit t\u00eb K\u00ebshillit t\u00eb Lart\u00eb t\u00eb Drejt\u00ebsis\u00eb . 2-Protagonizmi p\u00ebr zgjedhjen e [&hellip;]<\/p>\n","protected":false},"author":1,"featured_media":0,"comment_status":"open","ping_status":"closed","sticky":false,"template":"","format":"standard","meta":{"footnotes":""},"categories":[2],"tags":[],"class_list":{"0":"post-11821","1":"post","2":"type-post","3":"status-publish","4":"format-standard","6":"category-artikuj"},"yoast_head":"<!-- This site is optimized with the Yoast SEO plugin v27.4 - https:\/\/yoast.com\/product\/yoast-seo-wordpress\/ -->\n<title>Rreth l\u00ebvizjeve t\u00eb fundit t\u00eb Edi Ram\u00ebs - FjALA e LIR\u00cb - Arkivi<\/title>\n<meta name=\"robots\" content=\"index, follow, max-snippet:-1, max-image-preview:large, max-video-preview:-1\" \/>\n<link rel=\"canonical\" href=\"https:\/\/fjala.info\/2009-2015\/rreth-levizjeve-te-fundit-te-edi-rames\/\" \/>\n<meta property=\"og:locale\" content=\"sq_AL\" \/>\n<meta property=\"og:type\" content=\"article\" \/>\n<meta property=\"og:title\" content=\"Rreth l\u00ebvizjeve t\u00eb fundit t\u00eb Edi Ram\u00ebs - FjALA e LIR\u00cb - Arkivi\" \/>\n<meta property=\"og:description\" content=\"Pre\u00e7 Zogaj Kat\u00ebr jan\u00eb l\u00ebvizjet e fundit t\u00eb krytetari t\u00eb PS-s\u00eb, Edi Rama, jo t\u00eb kat\u00ebrta t\u00eb nj\u00eb kategorie, t\u00eb cilat kan\u00eb provokuar reagime dhe debate t\u00eb pazakonta n\u00eb aul\u00ebn politike dhe mediataike t\u00eb vendit. 1-Kandidimi i Adrian Vish\u00ebs p\u00ebr postin vakant t\u00eb an\u00ebtarit t\u00eb K\u00ebshillit t\u00eb Lart\u00eb t\u00eb Drejt\u00ebsis\u00eb . 2-Protagonizmi p\u00ebr zgjedhjen e [&hellip;]\" \/>\n<meta property=\"og:url\" content=\"https:\/\/fjala.info\/2009-2015\/rreth-levizjeve-te-fundit-te-edi-rames\/\" \/>\n<meta property=\"og:site_name\" content=\"FjALA e LIR\u00cb - Arkivi\" \/>\n<meta property=\"article:published_time\" content=\"2012-05-15T09:25:52+00:00\" \/>\n<meta property=\"og:image\" content=\"http:\/\/www.shkoder.net\/images\/fjala\/prec_zogaj.jpg\" \/>\n<meta name=\"author\" content=\"admin\" \/>\n<meta name=\"twitter:card\" content=\"summary_large_image\" \/>\n<meta name=\"twitter:label1\" content=\"Written by\" \/>\n\t<meta name=\"twitter:data1\" content=\"admin\" \/>\n\t<meta name=\"twitter:label2\" content=\"Est. reading time\" \/>\n\t<meta name=\"twitter:data2\" content=\"10 minutes\" \/>\n<script type=\"application\/ld+json\" class=\"yoast-schema-graph\">{\"@context\":\"https:\\\/\\\/schema.org\",\"@graph\":[{\"@type\":\"Article\",\"@id\":\"https:\\\/\\\/fjala.info\\\/2009-2015\\\/rreth-levizjeve-te-fundit-te-edi-rames\\\/#article\",\"isPartOf\":{\"@id\":\"https:\\\/\\\/fjala.info\\\/2009-2015\\\/rreth-levizjeve-te-fundit-te-edi-rames\\\/\"},\"author\":{\"name\":\"admin\",\"@id\":\"https:\\\/\\\/fjala.info\\\/2009-2015\\\/#\\\/schema\\\/person\\\/3aa1163ef05469c496fc94e77611ada2\"},\"headline\":\"Rreth l\u00ebvizjeve t\u00eb fundit t\u00eb Edi Ram\u00ebs\",\"datePublished\":\"2012-05-15T09:25:52+00:00\",\"mainEntityOfPage\":{\"@id\":\"https:\\\/\\\/fjala.info\\\/2009-2015\\\/rreth-levizjeve-te-fundit-te-edi-rames\\\/\"},\"wordCount\":2048,\"commentCount\":0,\"publisher\":{\"@id\":\"https:\\\/\\\/fjala.info\\\/2009-2015\\\/#organization\"},\"image\":{\"@id\":\"https:\\\/\\\/fjala.info\\\/2009-2015\\\/rreth-levizjeve-te-fundit-te-edi-rames\\\/#primaryimage\"},\"thumbnailUrl\":\"http:\\\/\\\/www.shkoder.net\\\/images\\\/fjala\\\/prec_zogaj.jpg\",\"articleSection\":[\"Artikuj\"],\"inLanguage\":\"sq-AL\",\"potentialAction\":[{\"@type\":\"CommentAction\",\"name\":\"Comment\",\"target\":[\"https:\\\/\\\/fjala.info\\\/2009-2015\\\/rreth-levizjeve-te-fundit-te-edi-rames\\\/#respond\"]}]},{\"@type\":\"WebPage\",\"@id\":\"https:\\\/\\\/fjala.info\\\/2009-2015\\\/rreth-levizjeve-te-fundit-te-edi-rames\\\/\",\"url\":\"https:\\\/\\\/fjala.info\\\/2009-2015\\\/rreth-levizjeve-te-fundit-te-edi-rames\\\/\",\"name\":\"Rreth l\u00ebvizjeve t\u00eb fundit t\u00eb Edi Ram\u00ebs - FjALA e LIR\u00cb - Arkivi\",\"isPartOf\":{\"@id\":\"https:\\\/\\\/fjala.info\\\/2009-2015\\\/#website\"},\"primaryImageOfPage\":{\"@id\":\"https:\\\/\\\/fjala.info\\\/2009-2015\\\/rreth-levizjeve-te-fundit-te-edi-rames\\\/#primaryimage\"},\"image\":{\"@id\":\"https:\\\/\\\/fjala.info\\\/2009-2015\\\/rreth-levizjeve-te-fundit-te-edi-rames\\\/#primaryimage\"},\"thumbnailUrl\":\"http:\\\/\\\/www.shkoder.net\\\/images\\\/fjala\\\/prec_zogaj.jpg\",\"datePublished\":\"2012-05-15T09:25:52+00:00\",\"breadcrumb\":{\"@id\":\"https:\\\/\\\/fjala.info\\\/2009-2015\\\/rreth-levizjeve-te-fundit-te-edi-rames\\\/#breadcrumb\"},\"inLanguage\":\"sq-AL\",\"potentialAction\":[{\"@type\":\"ReadAction\",\"target\":[\"https:\\\/\\\/fjala.info\\\/2009-2015\\\/rreth-levizjeve-te-fundit-te-edi-rames\\\/\"]}]},{\"@type\":\"ImageObject\",\"inLanguage\":\"sq-AL\",\"@id\":\"https:\\\/\\\/fjala.info\\\/2009-2015\\\/rreth-levizjeve-te-fundit-te-edi-rames\\\/#primaryimage\",\"url\":\"http:\\\/\\\/www.shkoder.net\\\/images\\\/fjala\\\/prec_zogaj.jpg\",\"contentUrl\":\"http:\\\/\\\/www.shkoder.net\\\/images\\\/fjala\\\/prec_zogaj.jpg\"},{\"@type\":\"BreadcrumbList\",\"@id\":\"https:\\\/\\\/fjala.info\\\/2009-2015\\\/rreth-levizjeve-te-fundit-te-edi-rames\\\/#breadcrumb\",\"itemListElement\":[{\"@type\":\"ListItem\",\"position\":1,\"name\":\"Home\",\"item\":\"https:\\\/\\\/fjala.info\\\/2009-2015\\\/\"},{\"@type\":\"ListItem\",\"position\":2,\"name\":\"Rreth l\u00ebvizjeve t\u00eb fundit t\u00eb Edi Ram\u00ebs\"}]},{\"@type\":\"WebSite\",\"@id\":\"https:\\\/\\\/fjala.info\\\/2009-2015\\\/#website\",\"url\":\"https:\\\/\\\/fjala.info\\\/2009-2015\\\/\",\"name\":\"FjALA e LIR\u00cb - Arkivi\",\"description\":\"Arkivi 2009-2015\",\"publisher\":{\"@id\":\"https:\\\/\\\/fjala.info\\\/2009-2015\\\/#organization\"},\"potentialAction\":[{\"@type\":\"SearchAction\",\"target\":{\"@type\":\"EntryPoint\",\"urlTemplate\":\"https:\\\/\\\/fjala.info\\\/2009-2015\\\/?s={search_term_string}\"},\"query-input\":{\"@type\":\"PropertyValueSpecification\",\"valueRequired\":true,\"valueName\":\"search_term_string\"}}],\"inLanguage\":\"sq-AL\"},{\"@type\":\"Organization\",\"@id\":\"https:\\\/\\\/fjala.info\\\/2009-2015\\\/#organization\",\"name\":\"FjALA e LIR\u00cb - Arkivi\",\"url\":\"https:\\\/\\\/fjala.info\\\/2009-2015\\\/\",\"logo\":{\"@type\":\"ImageObject\",\"inLanguage\":\"sq-AL\",\"@id\":\"https:\\\/\\\/fjala.info\\\/2009-2015\\\/#\\\/schema\\\/logo\\\/image\\\/\",\"url\":\"\",\"contentUrl\":\"\",\"caption\":\"FjALA e LIR\u00cb - Arkivi\"},\"image\":{\"@id\":\"https:\\\/\\\/fjala.info\\\/2009-2015\\\/#\\\/schema\\\/logo\\\/image\\\/\"}},{\"@type\":\"Person\",\"@id\":\"https:\\\/\\\/fjala.info\\\/2009-2015\\\/#\\\/schema\\\/person\\\/3aa1163ef05469c496fc94e77611ada2\",\"name\":\"admin\",\"image\":{\"@type\":\"ImageObject\",\"inLanguage\":\"sq-AL\",\"@id\":\"https:\\\/\\\/fjala.info\\\/2009-2015\\\/wp-content\\\/uploads\\\/2012\\\/02\\\/arben_cokaj-120x150.jpg\",\"url\":\"https:\\\/\\\/fjala.info\\\/2009-2015\\\/wp-content\\\/uploads\\\/2012\\\/02\\\/arben_cokaj-120x150.jpg\",\"contentUrl\":\"https:\\\/\\\/fjala.info\\\/2009-2015\\\/wp-content\\\/uploads\\\/2012\\\/02\\\/arben_cokaj-120x150.jpg\",\"caption\":\"admin\"},\"description\":\"Admin, Fjala e Lir\u00eb\",\"sameAs\":[\"https:\\\/\\\/fjala.info\\\/\"],\"url\":\"https:\\\/\\\/fjala.info\\\/2009-2015\\\/author\\\/admin\\\/\"}]}<\/script>\n<!-- \/ Yoast SEO plugin. -->","yoast_head_json":{"title":"Rreth l\u00ebvizjeve t\u00eb fundit t\u00eb Edi Ram\u00ebs - FjALA e LIR\u00cb - Arkivi","robots":{"index":"index","follow":"follow","max-snippet":"max-snippet:-1","max-image-preview":"max-image-preview:large","max-video-preview":"max-video-preview:-1"},"canonical":"https:\/\/fjala.info\/2009-2015\/rreth-levizjeve-te-fundit-te-edi-rames\/","og_locale":"sq_AL","og_type":"article","og_title":"Rreth l\u00ebvizjeve t\u00eb fundit t\u00eb Edi Ram\u00ebs - FjALA e LIR\u00cb - Arkivi","og_description":"Pre\u00e7 Zogaj Kat\u00ebr jan\u00eb l\u00ebvizjet e fundit t\u00eb krytetari t\u00eb PS-s\u00eb, Edi Rama, jo t\u00eb kat\u00ebrta t\u00eb nj\u00eb kategorie, t\u00eb cilat kan\u00eb provokuar reagime dhe debate t\u00eb pazakonta n\u00eb aul\u00ebn politike dhe mediataike t\u00eb vendit. 1-Kandidimi i Adrian Vish\u00ebs p\u00ebr postin vakant t\u00eb an\u00ebtarit t\u00eb K\u00ebshillit t\u00eb Lart\u00eb t\u00eb Drejt\u00ebsis\u00eb . 2-Protagonizmi p\u00ebr zgjedhjen e [&hellip;]","og_url":"https:\/\/fjala.info\/2009-2015\/rreth-levizjeve-te-fundit-te-edi-rames\/","og_site_name":"FjALA e LIR\u00cb - Arkivi","article_published_time":"2012-05-15T09:25:52+00:00","og_image":[{"url":"http:\/\/www.shkoder.net\/images\/fjala\/prec_zogaj.jpg","type":"","width":"","height":""}],"author":"admin","twitter_card":"summary_large_image","twitter_misc":{"Written by":"admin","Est. reading time":"10 minutes"},"schema":{"@context":"https:\/\/schema.org","@graph":[{"@type":"Article","@id":"https:\/\/fjala.info\/2009-2015\/rreth-levizjeve-te-fundit-te-edi-rames\/#article","isPartOf":{"@id":"https:\/\/fjala.info\/2009-2015\/rreth-levizjeve-te-fundit-te-edi-rames\/"},"author":{"name":"admin","@id":"https:\/\/fjala.info\/2009-2015\/#\/schema\/person\/3aa1163ef05469c496fc94e77611ada2"},"headline":"Rreth l\u00ebvizjeve t\u00eb fundit t\u00eb Edi Ram\u00ebs","datePublished":"2012-05-15T09:25:52+00:00","mainEntityOfPage":{"@id":"https:\/\/fjala.info\/2009-2015\/rreth-levizjeve-te-fundit-te-edi-rames\/"},"wordCount":2048,"commentCount":0,"publisher":{"@id":"https:\/\/fjala.info\/2009-2015\/#organization"},"image":{"@id":"https:\/\/fjala.info\/2009-2015\/rreth-levizjeve-te-fundit-te-edi-rames\/#primaryimage"},"thumbnailUrl":"http:\/\/www.shkoder.net\/images\/fjala\/prec_zogaj.jpg","articleSection":["Artikuj"],"inLanguage":"sq-AL","potentialAction":[{"@type":"CommentAction","name":"Comment","target":["https:\/\/fjala.info\/2009-2015\/rreth-levizjeve-te-fundit-te-edi-rames\/#respond"]}]},{"@type":"WebPage","@id":"https:\/\/fjala.info\/2009-2015\/rreth-levizjeve-te-fundit-te-edi-rames\/","url":"https:\/\/fjala.info\/2009-2015\/rreth-levizjeve-te-fundit-te-edi-rames\/","name":"Rreth l\u00ebvizjeve t\u00eb fundit t\u00eb Edi Ram\u00ebs - FjALA e LIR\u00cb - Arkivi","isPartOf":{"@id":"https:\/\/fjala.info\/2009-2015\/#website"},"primaryImageOfPage":{"@id":"https:\/\/fjala.info\/2009-2015\/rreth-levizjeve-te-fundit-te-edi-rames\/#primaryimage"},"image":{"@id":"https:\/\/fjala.info\/2009-2015\/rreth-levizjeve-te-fundit-te-edi-rames\/#primaryimage"},"thumbnailUrl":"http:\/\/www.shkoder.net\/images\/fjala\/prec_zogaj.jpg","datePublished":"2012-05-15T09:25:52+00:00","breadcrumb":{"@id":"https:\/\/fjala.info\/2009-2015\/rreth-levizjeve-te-fundit-te-edi-rames\/#breadcrumb"},"inLanguage":"sq-AL","potentialAction":[{"@type":"ReadAction","target":["https:\/\/fjala.info\/2009-2015\/rreth-levizjeve-te-fundit-te-edi-rames\/"]}]},{"@type":"ImageObject","inLanguage":"sq-AL","@id":"https:\/\/fjala.info\/2009-2015\/rreth-levizjeve-te-fundit-te-edi-rames\/#primaryimage","url":"http:\/\/www.shkoder.net\/images\/fjala\/prec_zogaj.jpg","contentUrl":"http:\/\/www.shkoder.net\/images\/fjala\/prec_zogaj.jpg"},{"@type":"BreadcrumbList","@id":"https:\/\/fjala.info\/2009-2015\/rreth-levizjeve-te-fundit-te-edi-rames\/#breadcrumb","itemListElement":[{"@type":"ListItem","position":1,"name":"Home","item":"https:\/\/fjala.info\/2009-2015\/"},{"@type":"ListItem","position":2,"name":"Rreth l\u00ebvizjeve t\u00eb fundit t\u00eb Edi Ram\u00ebs"}]},{"@type":"WebSite","@id":"https:\/\/fjala.info\/2009-2015\/#website","url":"https:\/\/fjala.info\/2009-2015\/","name":"FjALA e LIR\u00cb - Arkivi","description":"Arkivi 2009-2015","publisher":{"@id":"https:\/\/fjala.info\/2009-2015\/#organization"},"potentialAction":[{"@type":"SearchAction","target":{"@type":"EntryPoint","urlTemplate":"https:\/\/fjala.info\/2009-2015\/?s={search_term_string}"},"query-input":{"@type":"PropertyValueSpecification","valueRequired":true,"valueName":"search_term_string"}}],"inLanguage":"sq-AL"},{"@type":"Organization","@id":"https:\/\/fjala.info\/2009-2015\/#organization","name":"FjALA e LIR\u00cb - Arkivi","url":"https:\/\/fjala.info\/2009-2015\/","logo":{"@type":"ImageObject","inLanguage":"sq-AL","@id":"https:\/\/fjala.info\/2009-2015\/#\/schema\/logo\/image\/","url":"","contentUrl":"","caption":"FjALA e LIR\u00cb - Arkivi"},"image":{"@id":"https:\/\/fjala.info\/2009-2015\/#\/schema\/logo\/image\/"}},{"@type":"Person","@id":"https:\/\/fjala.info\/2009-2015\/#\/schema\/person\/3aa1163ef05469c496fc94e77611ada2","name":"admin","image":{"@type":"ImageObject","inLanguage":"sq-AL","@id":"https:\/\/fjala.info\/2009-2015\/wp-content\/uploads\/2012\/02\/arben_cokaj-120x150.jpg","url":"https:\/\/fjala.info\/2009-2015\/wp-content\/uploads\/2012\/02\/arben_cokaj-120x150.jpg","contentUrl":"https:\/\/fjala.info\/2009-2015\/wp-content\/uploads\/2012\/02\/arben_cokaj-120x150.jpg","caption":"admin"},"description":"Admin, Fjala e Lir\u00eb","sameAs":["https:\/\/fjala.info\/"],"url":"https:\/\/fjala.info\/2009-2015\/author\/admin\/"}]}},"_links":{"self":[{"href":"https:\/\/fjala.info\/2009-2015\/wp-json\/wp\/v2\/posts\/11821","targetHints":{"allow":["GET"]}}],"collection":[{"href":"https:\/\/fjala.info\/2009-2015\/wp-json\/wp\/v2\/posts"}],"about":[{"href":"https:\/\/fjala.info\/2009-2015\/wp-json\/wp\/v2\/types\/post"}],"author":[{"embeddable":true,"href":"https:\/\/fjala.info\/2009-2015\/wp-json\/wp\/v2\/users\/1"}],"replies":[{"embeddable":true,"href":"https:\/\/fjala.info\/2009-2015\/wp-json\/wp\/v2\/comments?post=11821"}],"version-history":[{"count":0,"href":"https:\/\/fjala.info\/2009-2015\/wp-json\/wp\/v2\/posts\/11821\/revisions"}],"wp:attachment":[{"href":"https:\/\/fjala.info\/2009-2015\/wp-json\/wp\/v2\/media?parent=11821"}],"wp:term":[{"taxonomy":"category","embeddable":true,"href":"https:\/\/fjala.info\/2009-2015\/wp-json\/wp\/v2\/categories?post=11821"},{"taxonomy":"post_tag","embeddable":true,"href":"https:\/\/fjala.info\/2009-2015\/wp-json\/wp\/v2\/tags?post=11821"}],"curies":[{"name":"wp","href":"https:\/\/api.w.org\/{rel}","templated":true}]}}