{"id":11820,"date":"2012-05-15T09:56:31","date_gmt":"2012-05-15T08:56:31","guid":{"rendered":"http:\/\/fjala.shkoder.net\/?p=2789"},"modified":"2012-05-15T09:56:31","modified_gmt":"2012-05-15T08:56:31","slug":"brace-berisha-nuk-u-di-kuptimin-fjaleve-qe-thoteeshte-nje-njeri-kallekeq","status":"publish","type":"post","link":"https:\/\/fjala.info\/2009-2015\/brace-berisha-nuk-u-di-kuptimin-fjaleve-qe-thoteeshte-nje-njeri-kallekeq\/","title":{"rendered":"Bra\u00e7e: Berisha nuk u di kuptimin fjal\u00ebve q\u00eb thot\u00eb,\u00ebsht\u00eb nj\u00eb njeri kall\u00ebkeq"},"content":{"rendered":"<p><img decoding=\"async\" class=\"alignright size-thumbnail wp-image-7236\" title=\"Erjon Bra\u00e7e\" src=\"http:\/\/www.shkoder.net\/images\/fjala\/erjon_brace.jpg\" alt=\"\" width=\"150\" \/>\u00a0<em>15 maj 2012<\/em><\/p>\n<p>Kreu i qeveris\u00eb ka sulmuar gazetaren Rudina Xhunga,e cila shp\u00ebrtheu n\u00eb varrimin e Ardian Klosit, ku tha se &#8220;<strong>Nuk duhet ta lem\u00eb k\u00ebt\u00eb vend t\u00eb na vras\u00eb<\/strong>&#8220;. Berisha e quajti gazetaren e njohur kallogjere, mir\u00ebpo gjeti belan\u00eb mek\u00ebt\u00eb sepse deputeti Erjon Bra\u00e7e i ka treguar kryeministrit kuptimine fjal\u00ebs &#8220;kallogjere&#8221; dhe shpjegon se Berisha thot\u00eb fjali pa kuptim, pasi k\u00ebto fjali p\u00ebrmbajn\u00eb fjal\u00eb q\u00eb nuk lidhen.<\/p>\n<p>&#8220;Sali Berisha \u00ebsht\u00eb nj\u00eb \u201cshar\u00ebs\u201d kampion, por i paditur edhe n\u00eb k\u00ebt\u00eb aspekt.&#8221; thot\u00eb Bra\u00e7e dhe shton:<br \/>\nShan k\u00ebdo, grua apo burr\u00eb, i gjall\u00eb apo i vdekur, prind apo njeri i lir\u00eb! E shan! Nuk ka turp!<br \/>\nPor, Sali Berisha \u00ebsht\u00eb i vetmi shar\u00ebs q\u00eb nuk di kuptimin e sharjes q\u00eb artikulon.<br \/>\nSot ka shar\u00eb Rudina Xhung\u00ebn, i tha \u201ckallogjere\u201d. Jam i bindur q\u00eb nuk i di kuptimin fjal\u00eb-sharjes. Thjesht e ka d\u00ebgjuar dikur n\u00eb mosh\u00ebn e tij nga Enver Hoxha.<\/p>\n<p>Sipas fjalorit t\u00eb gjuh\u00ebs shqipe:<br \/>\n\u201cKallogjer,-i m. sh -e, -et. 1. Murg ortodoks (n\u00eb vendet ku vepron kisha ortodokse). 2. Njeri q\u00eb b\u00ebn jet\u00eb t\u00eb mbyllur\u201d.<\/p>\n<p>Besoj se shpjegimi \u00ebsht\u00eb dometh\u00ebn\u00ebs p\u00ebr t\u00eb kuptuar se \u00e7\u2019kryeminist\u00ebr t\u00eb paditur kemi.<br \/>\nSi\u00e7 kuptohet leht\u00ebsisht, \u201ckallogjer\u201d p\u00ebrdoret p\u00ebr meshkuj dhe i referohet vet\u00ebm murgjve. Kurrkujt tjet\u00ebr. K\u00ebshtu e p\u00ebrdorte drejt\u00eb Enver Hoxha, udh\u00ebheq\u00ebsi i Sali Berish\u00ebs, n\u00eb fjalime kund\u00ebr nacionalist\u00ebve greke.<\/p>\n<p>Nejse, k\u00ebt\u00eb t\u00eb paditur kemi n\u00eb krye, ai kaq di dhe kaq thot\u00eb.<br \/>\nUn\u00eb di q\u00eb atij i ka dhembur fort ajo klithma e Rudin\u00ebs mbi varrin e t\u00eb ndjerit Adrian Klosi:<br \/>\n\u201c<strong>Mos e l\u00ebn\u00e7im k\u00ebt\u00eb vend t\u00eb na vras\u00eb<\/strong>\u201d!<br \/>\nSot e d\u00ebshmoi! Por \u00ebsht\u00eb fort i \u00e7oroditur, shan po nuk i di p\u00ebrmbajtjen.<\/p>\n<p>Duke k\u00ebrkuar n\u00eb fjalor gjeta nj\u00eb fjal\u00eb puro shqipe q\u00eb i shkon p\u00ebr shtat.<br \/>\nPo e shaj edhe un\u00eb: Sali, je kall\u00ebkeq.<\/p>\n<p><strong>Fusnot\u00eb<\/strong>:<br \/>\n<em>Do t\u00eb thot\u00eb: \u201cq\u00eb nxit dik\u00eb p\u00ebr t\u00eb keq, q\u00eb shtie kalla; ngat\u00ebrrestar. Njeri kall\u00ebkeq<\/em>.<\/p>\n","protected":false},"excerpt":{"rendered":"<p>\u00a015 maj 2012 Kreu i qeveris\u00eb ka sulmuar gazetaren Rudina Xhunga,e cila shp\u00ebrtheu n\u00eb varrimin e Ardian Klosit, ku tha se &#8220;Nuk duhet ta lem\u00eb k\u00ebt\u00eb vend t\u00eb na vras\u00eb&#8220;. Berisha e quajti gazetaren e njohur kallogjere, mir\u00ebpo gjeti belan\u00eb mek\u00ebt\u00eb sepse deputeti Erjon Bra\u00e7e i ka treguar kryeministrit kuptimine fjal\u00ebs &#8220;kallogjere&#8221; dhe shpjegon se [&hellip;]<\/p>\n","protected":false},"author":1,"featured_media":0,"comment_status":"open","ping_status":"closed","sticky":false,"template":"","format":"standard","meta":{"footnotes":""},"categories":[2,5],"tags":[],"class_list":{"0":"post-11820","1":"post","2":"type-post","3":"status-publish","4":"format-standard","6":"category-artikuj","7":"category-lajme"},"yoast_head":"<!-- This site is optimized with the Yoast SEO plugin v27.4 - https:\/\/yoast.com\/product\/yoast-seo-wordpress\/ -->\n<title>Bra\u00e7e: Berisha nuk u di kuptimin fjal\u00ebve q\u00eb thot\u00eb,\u00ebsht\u00eb nj\u00eb njeri kall\u00ebkeq - FjALA e LIR\u00cb - Arkivi<\/title>\n<meta name=\"robots\" content=\"index, follow, max-snippet:-1, max-image-preview:large, max-video-preview:-1\" \/>\n<link rel=\"canonical\" href=\"https:\/\/fjala.info\/2009-2015\/brace-berisha-nuk-u-di-kuptimin-fjaleve-qe-thoteeshte-nje-njeri-kallekeq\/\" \/>\n<meta property=\"og:locale\" content=\"sq_AL\" \/>\n<meta property=\"og:type\" content=\"article\" \/>\n<meta property=\"og:title\" content=\"Bra\u00e7e: Berisha nuk u di kuptimin fjal\u00ebve q\u00eb thot\u00eb,\u00ebsht\u00eb nj\u00eb njeri kall\u00ebkeq - FjALA e LIR\u00cb - Arkivi\" \/>\n<meta property=\"og:description\" content=\"\u00a015 maj 2012 Kreu i qeveris\u00eb ka sulmuar gazetaren Rudina Xhunga,e cila shp\u00ebrtheu n\u00eb varrimin e Ardian Klosit, ku tha se &#8220;Nuk duhet ta lem\u00eb k\u00ebt\u00eb vend t\u00eb na vras\u00eb&#8220;. Berisha e quajti gazetaren e njohur kallogjere, mir\u00ebpo gjeti belan\u00eb mek\u00ebt\u00eb sepse deputeti Erjon Bra\u00e7e i ka treguar kryeministrit kuptimine fjal\u00ebs &#8220;kallogjere&#8221; dhe shpjegon se [&hellip;]\" \/>\n<meta property=\"og:url\" content=\"https:\/\/fjala.info\/2009-2015\/brace-berisha-nuk-u-di-kuptimin-fjaleve-qe-thoteeshte-nje-njeri-kallekeq\/\" \/>\n<meta property=\"og:site_name\" content=\"FjALA e LIR\u00cb - Arkivi\" \/>\n<meta property=\"article:published_time\" content=\"2012-05-15T08:56:31+00:00\" \/>\n<meta property=\"og:image\" content=\"http:\/\/www.shkoder.net\/images\/fjala\/erjon_brace.jpg\" \/>\n<meta name=\"author\" content=\"admin\" \/>\n<meta name=\"twitter:card\" content=\"summary_large_image\" \/>\n<meta name=\"twitter:label1\" content=\"Written by\" \/>\n\t<meta name=\"twitter:data1\" content=\"admin\" \/>\n\t<meta name=\"twitter:label2\" content=\"Est. reading time\" \/>\n\t<meta name=\"twitter:data2\" content=\"2 minutes\" \/>\n<script type=\"application\/ld+json\" class=\"yoast-schema-graph\">{\"@context\":\"https:\\\/\\\/schema.org\",\"@graph\":[{\"@type\":\"Article\",\"@id\":\"https:\\\/\\\/fjala.info\\\/2009-2015\\\/brace-berisha-nuk-u-di-kuptimin-fjaleve-qe-thoteeshte-nje-njeri-kallekeq\\\/#article\",\"isPartOf\":{\"@id\":\"https:\\\/\\\/fjala.info\\\/2009-2015\\\/brace-berisha-nuk-u-di-kuptimin-fjaleve-qe-thoteeshte-nje-njeri-kallekeq\\\/\"},\"author\":{\"name\":\"admin\",\"@id\":\"https:\\\/\\\/fjala.info\\\/2009-2015\\\/#\\\/schema\\\/person\\\/3aa1163ef05469c496fc94e77611ada2\"},\"headline\":\"Bra\u00e7e: Berisha nuk u di kuptimin fjal\u00ebve q\u00eb thot\u00eb,\u00ebsht\u00eb nj\u00eb njeri kall\u00ebkeq\",\"datePublished\":\"2012-05-15T08:56:31+00:00\",\"mainEntityOfPage\":{\"@id\":\"https:\\\/\\\/fjala.info\\\/2009-2015\\\/brace-berisha-nuk-u-di-kuptimin-fjaleve-qe-thoteeshte-nje-njeri-kallekeq\\\/\"},\"wordCount\":371,\"commentCount\":0,\"publisher\":{\"@id\":\"https:\\\/\\\/fjala.info\\\/2009-2015\\\/#organization\"},\"image\":{\"@id\":\"https:\\\/\\\/fjala.info\\\/2009-2015\\\/brace-berisha-nuk-u-di-kuptimin-fjaleve-qe-thoteeshte-nje-njeri-kallekeq\\\/#primaryimage\"},\"thumbnailUrl\":\"http:\\\/\\\/www.shkoder.net\\\/images\\\/fjala\\\/erjon_brace.jpg\",\"articleSection\":[\"Artikuj\",\"Lajme\"],\"inLanguage\":\"sq-AL\",\"potentialAction\":[{\"@type\":\"CommentAction\",\"name\":\"Comment\",\"target\":[\"https:\\\/\\\/fjala.info\\\/2009-2015\\\/brace-berisha-nuk-u-di-kuptimin-fjaleve-qe-thoteeshte-nje-njeri-kallekeq\\\/#respond\"]}]},{\"@type\":\"WebPage\",\"@id\":\"https:\\\/\\\/fjala.info\\\/2009-2015\\\/brace-berisha-nuk-u-di-kuptimin-fjaleve-qe-thoteeshte-nje-njeri-kallekeq\\\/\",\"url\":\"https:\\\/\\\/fjala.info\\\/2009-2015\\\/brace-berisha-nuk-u-di-kuptimin-fjaleve-qe-thoteeshte-nje-njeri-kallekeq\\\/\",\"name\":\"Bra\u00e7e: Berisha nuk u di kuptimin fjal\u00ebve q\u00eb thot\u00eb,\u00ebsht\u00eb nj\u00eb njeri kall\u00ebkeq - FjALA e LIR\u00cb - Arkivi\",\"isPartOf\":{\"@id\":\"https:\\\/\\\/fjala.info\\\/2009-2015\\\/#website\"},\"primaryImageOfPage\":{\"@id\":\"https:\\\/\\\/fjala.info\\\/2009-2015\\\/brace-berisha-nuk-u-di-kuptimin-fjaleve-qe-thoteeshte-nje-njeri-kallekeq\\\/#primaryimage\"},\"image\":{\"@id\":\"https:\\\/\\\/fjala.info\\\/2009-2015\\\/brace-berisha-nuk-u-di-kuptimin-fjaleve-qe-thoteeshte-nje-njeri-kallekeq\\\/#primaryimage\"},\"thumbnailUrl\":\"http:\\\/\\\/www.shkoder.net\\\/images\\\/fjala\\\/erjon_brace.jpg\",\"datePublished\":\"2012-05-15T08:56:31+00:00\",\"breadcrumb\":{\"@id\":\"https:\\\/\\\/fjala.info\\\/2009-2015\\\/brace-berisha-nuk-u-di-kuptimin-fjaleve-qe-thoteeshte-nje-njeri-kallekeq\\\/#breadcrumb\"},\"inLanguage\":\"sq-AL\",\"potentialAction\":[{\"@type\":\"ReadAction\",\"target\":[\"https:\\\/\\\/fjala.info\\\/2009-2015\\\/brace-berisha-nuk-u-di-kuptimin-fjaleve-qe-thoteeshte-nje-njeri-kallekeq\\\/\"]}]},{\"@type\":\"ImageObject\",\"inLanguage\":\"sq-AL\",\"@id\":\"https:\\\/\\\/fjala.info\\\/2009-2015\\\/brace-berisha-nuk-u-di-kuptimin-fjaleve-qe-thoteeshte-nje-njeri-kallekeq\\\/#primaryimage\",\"url\":\"http:\\\/\\\/www.shkoder.net\\\/images\\\/fjala\\\/erjon_brace.jpg\",\"contentUrl\":\"http:\\\/\\\/www.shkoder.net\\\/images\\\/fjala\\\/erjon_brace.jpg\"},{\"@type\":\"BreadcrumbList\",\"@id\":\"https:\\\/\\\/fjala.info\\\/2009-2015\\\/brace-berisha-nuk-u-di-kuptimin-fjaleve-qe-thoteeshte-nje-njeri-kallekeq\\\/#breadcrumb\",\"itemListElement\":[{\"@type\":\"ListItem\",\"position\":1,\"name\":\"Home\",\"item\":\"https:\\\/\\\/fjala.info\\\/2009-2015\\\/\"},{\"@type\":\"ListItem\",\"position\":2,\"name\":\"Bra\u00e7e: Berisha nuk u di kuptimin fjal\u00ebve q\u00eb thot\u00eb,\u00ebsht\u00eb nj\u00eb njeri kall\u00ebkeq\"}]},{\"@type\":\"WebSite\",\"@id\":\"https:\\\/\\\/fjala.info\\\/2009-2015\\\/#website\",\"url\":\"https:\\\/\\\/fjala.info\\\/2009-2015\\\/\",\"name\":\"FjALA e LIR\u00cb - Arkivi\",\"description\":\"Arkivi 2009-2015\",\"publisher\":{\"@id\":\"https:\\\/\\\/fjala.info\\\/2009-2015\\\/#organization\"},\"potentialAction\":[{\"@type\":\"SearchAction\",\"target\":{\"@type\":\"EntryPoint\",\"urlTemplate\":\"https:\\\/\\\/fjala.info\\\/2009-2015\\\/?s={search_term_string}\"},\"query-input\":{\"@type\":\"PropertyValueSpecification\",\"valueRequired\":true,\"valueName\":\"search_term_string\"}}],\"inLanguage\":\"sq-AL\"},{\"@type\":\"Organization\",\"@id\":\"https:\\\/\\\/fjala.info\\\/2009-2015\\\/#organization\",\"name\":\"FjALA e LIR\u00cb - Arkivi\",\"url\":\"https:\\\/\\\/fjala.info\\\/2009-2015\\\/\",\"logo\":{\"@type\":\"ImageObject\",\"inLanguage\":\"sq-AL\",\"@id\":\"https:\\\/\\\/fjala.info\\\/2009-2015\\\/#\\\/schema\\\/logo\\\/image\\\/\",\"url\":\"\",\"contentUrl\":\"\",\"caption\":\"FjALA e LIR\u00cb - Arkivi\"},\"image\":{\"@id\":\"https:\\\/\\\/fjala.info\\\/2009-2015\\\/#\\\/schema\\\/logo\\\/image\\\/\"}},{\"@type\":\"Person\",\"@id\":\"https:\\\/\\\/fjala.info\\\/2009-2015\\\/#\\\/schema\\\/person\\\/3aa1163ef05469c496fc94e77611ada2\",\"name\":\"admin\",\"image\":{\"@type\":\"ImageObject\",\"inLanguage\":\"sq-AL\",\"@id\":\"https:\\\/\\\/fjala.info\\\/2009-2015\\\/wp-content\\\/uploads\\\/2012\\\/02\\\/arben_cokaj-120x150.jpg\",\"url\":\"https:\\\/\\\/fjala.info\\\/2009-2015\\\/wp-content\\\/uploads\\\/2012\\\/02\\\/arben_cokaj-120x150.jpg\",\"contentUrl\":\"https:\\\/\\\/fjala.info\\\/2009-2015\\\/wp-content\\\/uploads\\\/2012\\\/02\\\/arben_cokaj-120x150.jpg\",\"caption\":\"admin\"},\"description\":\"Admin, Fjala e Lir\u00eb\",\"sameAs\":[\"https:\\\/\\\/fjala.info\\\/\"],\"url\":\"https:\\\/\\\/fjala.info\\\/2009-2015\\\/author\\\/admin\\\/\"}]}<\/script>\n<!-- \/ Yoast SEO plugin. -->","yoast_head_json":{"title":"Bra\u00e7e: Berisha nuk u di kuptimin fjal\u00ebve q\u00eb thot\u00eb,\u00ebsht\u00eb nj\u00eb njeri kall\u00ebkeq - FjALA e LIR\u00cb - Arkivi","robots":{"index":"index","follow":"follow","max-snippet":"max-snippet:-1","max-image-preview":"max-image-preview:large","max-video-preview":"max-video-preview:-1"},"canonical":"https:\/\/fjala.info\/2009-2015\/brace-berisha-nuk-u-di-kuptimin-fjaleve-qe-thoteeshte-nje-njeri-kallekeq\/","og_locale":"sq_AL","og_type":"article","og_title":"Bra\u00e7e: Berisha nuk u di kuptimin fjal\u00ebve q\u00eb thot\u00eb,\u00ebsht\u00eb nj\u00eb njeri kall\u00ebkeq - FjALA e LIR\u00cb - Arkivi","og_description":"\u00a015 maj 2012 Kreu i qeveris\u00eb ka sulmuar gazetaren Rudina Xhunga,e cila shp\u00ebrtheu n\u00eb varrimin e Ardian Klosit, ku tha se &#8220;Nuk duhet ta lem\u00eb k\u00ebt\u00eb vend t\u00eb na vras\u00eb&#8220;. Berisha e quajti gazetaren e njohur kallogjere, mir\u00ebpo gjeti belan\u00eb mek\u00ebt\u00eb sepse deputeti Erjon Bra\u00e7e i ka treguar kryeministrit kuptimine fjal\u00ebs &#8220;kallogjere&#8221; dhe shpjegon se [&hellip;]","og_url":"https:\/\/fjala.info\/2009-2015\/brace-berisha-nuk-u-di-kuptimin-fjaleve-qe-thoteeshte-nje-njeri-kallekeq\/","og_site_name":"FjALA e LIR\u00cb - Arkivi","article_published_time":"2012-05-15T08:56:31+00:00","og_image":[{"url":"http:\/\/www.shkoder.net\/images\/fjala\/erjon_brace.jpg","type":"","width":"","height":""}],"author":"admin","twitter_card":"summary_large_image","twitter_misc":{"Written by":"admin","Est. reading time":"2 minutes"},"schema":{"@context":"https:\/\/schema.org","@graph":[{"@type":"Article","@id":"https:\/\/fjala.info\/2009-2015\/brace-berisha-nuk-u-di-kuptimin-fjaleve-qe-thoteeshte-nje-njeri-kallekeq\/#article","isPartOf":{"@id":"https:\/\/fjala.info\/2009-2015\/brace-berisha-nuk-u-di-kuptimin-fjaleve-qe-thoteeshte-nje-njeri-kallekeq\/"},"author":{"name":"admin","@id":"https:\/\/fjala.info\/2009-2015\/#\/schema\/person\/3aa1163ef05469c496fc94e77611ada2"},"headline":"Bra\u00e7e: Berisha nuk u di kuptimin fjal\u00ebve q\u00eb thot\u00eb,\u00ebsht\u00eb nj\u00eb njeri kall\u00ebkeq","datePublished":"2012-05-15T08:56:31+00:00","mainEntityOfPage":{"@id":"https:\/\/fjala.info\/2009-2015\/brace-berisha-nuk-u-di-kuptimin-fjaleve-qe-thoteeshte-nje-njeri-kallekeq\/"},"wordCount":371,"commentCount":0,"publisher":{"@id":"https:\/\/fjala.info\/2009-2015\/#organization"},"image":{"@id":"https:\/\/fjala.info\/2009-2015\/brace-berisha-nuk-u-di-kuptimin-fjaleve-qe-thoteeshte-nje-njeri-kallekeq\/#primaryimage"},"thumbnailUrl":"http:\/\/www.shkoder.net\/images\/fjala\/erjon_brace.jpg","articleSection":["Artikuj","Lajme"],"inLanguage":"sq-AL","potentialAction":[{"@type":"CommentAction","name":"Comment","target":["https:\/\/fjala.info\/2009-2015\/brace-berisha-nuk-u-di-kuptimin-fjaleve-qe-thoteeshte-nje-njeri-kallekeq\/#respond"]}]},{"@type":"WebPage","@id":"https:\/\/fjala.info\/2009-2015\/brace-berisha-nuk-u-di-kuptimin-fjaleve-qe-thoteeshte-nje-njeri-kallekeq\/","url":"https:\/\/fjala.info\/2009-2015\/brace-berisha-nuk-u-di-kuptimin-fjaleve-qe-thoteeshte-nje-njeri-kallekeq\/","name":"Bra\u00e7e: Berisha nuk u di kuptimin fjal\u00ebve q\u00eb thot\u00eb,\u00ebsht\u00eb nj\u00eb njeri kall\u00ebkeq - FjALA e LIR\u00cb - Arkivi","isPartOf":{"@id":"https:\/\/fjala.info\/2009-2015\/#website"},"primaryImageOfPage":{"@id":"https:\/\/fjala.info\/2009-2015\/brace-berisha-nuk-u-di-kuptimin-fjaleve-qe-thoteeshte-nje-njeri-kallekeq\/#primaryimage"},"image":{"@id":"https:\/\/fjala.info\/2009-2015\/brace-berisha-nuk-u-di-kuptimin-fjaleve-qe-thoteeshte-nje-njeri-kallekeq\/#primaryimage"},"thumbnailUrl":"http:\/\/www.shkoder.net\/images\/fjala\/erjon_brace.jpg","datePublished":"2012-05-15T08:56:31+00:00","breadcrumb":{"@id":"https:\/\/fjala.info\/2009-2015\/brace-berisha-nuk-u-di-kuptimin-fjaleve-qe-thoteeshte-nje-njeri-kallekeq\/#breadcrumb"},"inLanguage":"sq-AL","potentialAction":[{"@type":"ReadAction","target":["https:\/\/fjala.info\/2009-2015\/brace-berisha-nuk-u-di-kuptimin-fjaleve-qe-thoteeshte-nje-njeri-kallekeq\/"]}]},{"@type":"ImageObject","inLanguage":"sq-AL","@id":"https:\/\/fjala.info\/2009-2015\/brace-berisha-nuk-u-di-kuptimin-fjaleve-qe-thoteeshte-nje-njeri-kallekeq\/#primaryimage","url":"http:\/\/www.shkoder.net\/images\/fjala\/erjon_brace.jpg","contentUrl":"http:\/\/www.shkoder.net\/images\/fjala\/erjon_brace.jpg"},{"@type":"BreadcrumbList","@id":"https:\/\/fjala.info\/2009-2015\/brace-berisha-nuk-u-di-kuptimin-fjaleve-qe-thoteeshte-nje-njeri-kallekeq\/#breadcrumb","itemListElement":[{"@type":"ListItem","position":1,"name":"Home","item":"https:\/\/fjala.info\/2009-2015\/"},{"@type":"ListItem","position":2,"name":"Bra\u00e7e: Berisha nuk u di kuptimin fjal\u00ebve q\u00eb thot\u00eb,\u00ebsht\u00eb nj\u00eb njeri kall\u00ebkeq"}]},{"@type":"WebSite","@id":"https:\/\/fjala.info\/2009-2015\/#website","url":"https:\/\/fjala.info\/2009-2015\/","name":"FjALA e LIR\u00cb - Arkivi","description":"Arkivi 2009-2015","publisher":{"@id":"https:\/\/fjala.info\/2009-2015\/#organization"},"potentialAction":[{"@type":"SearchAction","target":{"@type":"EntryPoint","urlTemplate":"https:\/\/fjala.info\/2009-2015\/?s={search_term_string}"},"query-input":{"@type":"PropertyValueSpecification","valueRequired":true,"valueName":"search_term_string"}}],"inLanguage":"sq-AL"},{"@type":"Organization","@id":"https:\/\/fjala.info\/2009-2015\/#organization","name":"FjALA e LIR\u00cb - Arkivi","url":"https:\/\/fjala.info\/2009-2015\/","logo":{"@type":"ImageObject","inLanguage":"sq-AL","@id":"https:\/\/fjala.info\/2009-2015\/#\/schema\/logo\/image\/","url":"","contentUrl":"","caption":"FjALA e LIR\u00cb - Arkivi"},"image":{"@id":"https:\/\/fjala.info\/2009-2015\/#\/schema\/logo\/image\/"}},{"@type":"Person","@id":"https:\/\/fjala.info\/2009-2015\/#\/schema\/person\/3aa1163ef05469c496fc94e77611ada2","name":"admin","image":{"@type":"ImageObject","inLanguage":"sq-AL","@id":"https:\/\/fjala.info\/2009-2015\/wp-content\/uploads\/2012\/02\/arben_cokaj-120x150.jpg","url":"https:\/\/fjala.info\/2009-2015\/wp-content\/uploads\/2012\/02\/arben_cokaj-120x150.jpg","contentUrl":"https:\/\/fjala.info\/2009-2015\/wp-content\/uploads\/2012\/02\/arben_cokaj-120x150.jpg","caption":"admin"},"description":"Admin, Fjala e Lir\u00eb","sameAs":["https:\/\/fjala.info\/"],"url":"https:\/\/fjala.info\/2009-2015\/author\/admin\/"}]}},"_links":{"self":[{"href":"https:\/\/fjala.info\/2009-2015\/wp-json\/wp\/v2\/posts\/11820","targetHints":{"allow":["GET"]}}],"collection":[{"href":"https:\/\/fjala.info\/2009-2015\/wp-json\/wp\/v2\/posts"}],"about":[{"href":"https:\/\/fjala.info\/2009-2015\/wp-json\/wp\/v2\/types\/post"}],"author":[{"embeddable":true,"href":"https:\/\/fjala.info\/2009-2015\/wp-json\/wp\/v2\/users\/1"}],"replies":[{"embeddable":true,"href":"https:\/\/fjala.info\/2009-2015\/wp-json\/wp\/v2\/comments?post=11820"}],"version-history":[{"count":0,"href":"https:\/\/fjala.info\/2009-2015\/wp-json\/wp\/v2\/posts\/11820\/revisions"}],"wp:attachment":[{"href":"https:\/\/fjala.info\/2009-2015\/wp-json\/wp\/v2\/media?parent=11820"}],"wp:term":[{"taxonomy":"category","embeddable":true,"href":"https:\/\/fjala.info\/2009-2015\/wp-json\/wp\/v2\/categories?post=11820"},{"taxonomy":"post_tag","embeddable":true,"href":"https:\/\/fjala.info\/2009-2015\/wp-json\/wp\/v2\/tags?post=11820"}],"curies":[{"name":"wp","href":"https:\/\/api.w.org\/{rel}","templated":true}]}}