{"id":11819,"date":"2012-05-15T09:22:51","date_gmt":"2012-05-15T08:22:51","guid":{"rendered":"http:\/\/fjala.shkoder.net\/?p=2785"},"modified":"2012-05-15T09:22:51","modified_gmt":"2012-05-15T08:22:51","slug":"jo-manifestime-me-flamuj-islamike","status":"publish","type":"post","link":"https:\/\/fjala.info\/2009-2015\/jo-manifestime-me-flamuj-islamike\/","title":{"rendered":"Jo manifestime me flamuj islamik\u00eb&#8230;"},"content":{"rendered":"<p><img decoding=\"async\" class=\"alignright size-thumbnail wp-image-7236\" title=\"Xhelal Zejneli\" src=\"http:\/\/www.shkoder.net\/images\/fjala\/2011\/xhelal_zejneli.jpg\" alt=\"\" width=\"150\" \/> <strong>Xhelal Zejneli<\/strong><\/p>\n<p>Ministria e Pun\u00ebve t\u00eb Brendshme e Qeveris\u00eb s\u00eb Maqedonis\u00eb, p\u00ebr vrasjen e pes\u00eb maqedonasve i faj\u00ebsoi \u201cislamist\u00ebt radikal\u00eb\u201d &#8211; shqiptar\u00eb.<\/p>\n<p>Me k\u00ebt\u00eb konstatim, kryeministri maqedonas &#8211; Nikolla Gruevski dhe VMRO-ja e tij, duan t\u2019i tregojn\u00eb bot\u00ebs se:<\/p>\n<p>&#8211; \u00e7\u00ebshtja shqiptare n\u00eb Maqedoni, nuk \u00ebsht\u00eb \u00e7\u00ebshtje komb\u00ebtare, por fetare;<\/p>\n<p>&#8211; shqiptar\u00ebt jan\u00eb p\u00ebr\u00e7ues t\u00eb interesit lindor \u2013 turk, iranian dhe arab;<\/p>\n<p>&#8211; shqiptar\u00ebt i sjellin n\u00eb gadishull dhe n\u00eb Europ\u00ebn e krishter\u00eb vlerat islamike.<\/p>\n<p>Ky \u00ebsht\u00eb thelbi i deklarat\u00ebs s\u00eb sip\u00ebrth\u00ebn\u00eb t\u00eb qeveritar\u00ebve t\u00eb qeveris\u00eb maqedonase.<\/p>\n<p>Se \u00e7\u00ebshtja shqiptare n\u00eb Maqedoni dhe n\u00eb rajon, nuk \u00ebsht\u00eb kauz\u00eb komb\u00ebtare, por fetare, Gruevski dhe VMRO-ja \u201ce argumentojn\u00eb\u201d para bot\u00ebs, me si m\u00eb posht\u00eb:<\/p>\n<p>&#8211; Shqiptar\u00ebt kudo q\u00eb jan\u00eb, nuk k\u00ebrkojn\u00eb gjuh\u00eb dhe flamur, por nd\u00ebrtim xhamish n\u00ebp\u00ebr sheshet e kryeqyteteve shqiptare;<\/p>\n<p>&#8211; Shqiptar\u00ebt k\u00ebrkojn\u00eb q\u00eb m\u00ebsimi fetar t\u00eb jet\u00eb l\u00ebnd\u00eb n\u00ebp\u00ebr shkollat fillore dhe t\u00eb mesme t\u00eb hap\u00ebsirave shqiptare n\u00eb rajon, p\u00ebrkund\u00ebr faktit se, kudo n\u00eb k\u00ebto troje funksionojn\u00eb shkollat fetare dhe medreset\u00eb;<\/p>\n<p>&#8211; Ka shqiptar\u00eb t\u00eb cil\u00ebt k\u00ebrkojn\u00eb q\u00eb vajzave shqiptare t\u2019u lejohet q\u00eb n\u00ebp\u00ebr shkolla si dhe gjat\u00eb or\u00ebve t\u00eb m\u00ebsimit, t\u00eb mbajn\u00eb n\u00eb kok\u00eb shami dhe t\u00eb vishen si n\u00eb Arabi dhe n\u00eb Persi;<\/p>\n<p>&#8211; Ka shqiptar q\u00ebt thon\u00eb se Sk\u00ebnderbeu nuk \u00ebsht\u00eb hero komb\u00ebtar i shqiptar\u00ebve ngase ka luftuar kund\u00ebr turqve dhe p\u00ebr Evrop\u00ebn Per\u00ebndimore;<\/p>\n<p>&#8211; Ka shqiptar\u00eb q\u00eb thon\u00eb se Sk\u00ebnderbeu, duke luftuar kund\u00ebr turqve, \u00ebsht\u00eb e vet\u00ebkuptueshme se ka luftuar edhe kund\u00ebr fes\u00eb islame; Duke luftuar kund\u00ebr islamit, \u00ebsht\u00eb e vet\u00ebkuptueshme se ai ka luftuar p\u00ebr krishterimin;<\/p>\n<p>&#8211; Ka klerik\u00eb islamik\u00eb q\u00eb thon\u00eb se N\u00ebn\u00eb Tereza nuk mund t\u00eb hyj\u00eb n\u00eb parajs\u00eb, ngase s\u2019ka qen\u00eb myslimane;<\/p>\n<p>&#8211; Ka shqiptar\u00eb q\u00eb nuk kan\u00eb dashur t\u00eb lejojn\u00eb vendosjen e shtatores s\u00eb N\u00ebn\u00eb Terez\u00ebs n\u00eb sheshet e qyteteve t\u00eb caktuara, si\u00e7 jan\u00eb Shkodra, Peja&#8230;<\/p>\n<p>&#8211; Ka shqiptar\u00eb q\u00eb p\u00ebr nga imazhi nuk dallohen fort prej fundamentalist\u00ebve islamik\u00eb; mbajn\u00eb mjekra t\u00eb gjata, vishen si n\u00eb Arabi, n\u00eb Iran, n\u00eb Pakistan, n\u00eb Indonezi;<\/p>\n<p>&#8211; Veshja e nj\u00eb numri t\u00eb caktuar shqiptar\u00ebsh d\u00ebshmon se shoq\u00ebria shqiptare funksionon me vlera aziatike, d.m.th. joevropiane dhe joper\u00ebndimore;<\/p>\n<p>&#8211; Prej niveleve t\u00eb larta t\u00eb politik\u00ebs shqiptare dalin deklarata se shqiptar\u00ebt jan\u00eb v\u00ebllez\u00ebr me turqit aziatik\u00eb;<\/p>\n<p>&#8211; Ka shqiptar\u00eb q\u00eb organizojn\u00eb n\u00eb Shkup protest\u00eb anti-izraelite;<\/p>\n<p>&#8211; Ka shqiptar\u00eb q\u00eb kan\u00eb vrar\u00eb ushtar\u00eb amerikan\u00eb;<\/p>\n<p>&#8211; Ka shqiptar\u00eb q\u00eb kan\u00eb qen\u00eb t\u00eb p\u00ebrfshir\u00eb n\u00eb rrjetin e terrorizmit global;<\/p>\n<p>&#8211; Ka shqiptar\u00eb q\u00eb n\u00eb kuad\u00ebr t\u00eb radikalizmit islamik kan\u00eb qen\u00eb pjes\u00eb e planeve p\u00ebr t\u00eb sulmuar kazerma dhe garnizone ushtarake n\u00eb SHBA;<\/p>\n<p>&#8211; Ka shqiptar\u00eb q\u00eb nuk e kan\u00eb kund\u00ebrshtuar n\u00eb m\u00ebnyr\u00eb t\u00eb prer\u00eb k\u00ebrkes\u00ebn e Ankaras\u00eb p\u00ebr rishqyrtimin e periudh\u00ebs osmane t\u00eb historis\u00eb s\u00eb popullit shqiptar;<\/p>\n<p>&#8211; Qendrat politike shqiptare \u2013 Tirana dhe Prishtina, nuk kan\u00eb q\u00ebndrim t\u00eb prer\u00eb ndaj dukurive t\u00eb sip\u00ebrth\u00ebna. P\u00ebrkundrazi, para veprimeve t\u00eb lartp\u00ebrmendura i mbyllin syt\u00eb;<\/p>\n<p>&#8211; Inteligjencia shqiptare n\u00eb Ballkan, akademik\u00ebt, profesor\u00ebt universitar\u00eb, ideolog\u00ebt e mendimit politik bashk\u00ebkohor shqiptar, para veprimeve t\u00eb m\u00ebsip\u00ebrme rin\u00eb indiferent\u00eb;<\/p>\n<p>&#8211; Ka shqiptar\u00eb, madje me p\u00ebrgatitje universitare, t\u00eb cil\u00ebt n\u00eb mediume dhe n\u00eb vende publike, deklarohen haptas si antiamerikan\u00eb dhe si antiper\u00ebndimor\u00eb;<\/p>\n<p>K\u00ebshtu thon\u00eb p\u00ebr shqiptar\u00ebt kryeministri i qeveris\u00eb maqedonase Gruevski si dhe partia e tij \u2013 VMRO-ja.<\/p>\n<p>Kjo politik\u00eb e Gruevskit \u00ebsht\u00eb pjes\u00eb e pandar\u00eb e politik\u00ebs &#8211; historikisht antishqiptare &#8211; t\u00eb Beogradit, t\u00eb Athin\u00ebs dhe t\u00eb Mosk\u00ebs.<\/p>\n<p>Diplomacit\u00eb serbe, greke dhe ruse, q\u00eb nga koha e Kongresit t\u00eb Berlinit (1878) e deri n\u00eb dit\u00ebt tona, jan\u00eb p\u00ebrpjekur q\u00eb n\u00eb kancelarit\u00eb evropiane t\u2019i paraqesin shqiptar\u00ebt si pro-turq. N\u00eb m\u00ebnyr\u00eb tendencioze, ata i kan\u00eb paraqitur shqiptar\u00ebt edhe si pro-islamik\u00eb. K\u00ebshtu kan\u00eb vepruar edhe n\u00eb Konferenc\u00ebn e Ambasador\u00ebve n\u00eb Lond\u00ebr (1912-1913), edhe n\u00eb Konferenc\u00ebn e Paqes n\u00eb Paris (1919-1920), edhe n\u00eb Konferenc\u00ebn e Rambujes\u00eb (1999).<\/p>\n<p>Duhet th\u00ebn\u00eb se n\u00eb shoq\u00ebrin\u00eb shqiptare mbase mund t\u00eb ket\u00eb individ\u00eb dhe grupe pro-turke, pro-arabe dhe pro-iraniane, mir\u00ebpo k\u00ebto grupe nuk jan\u00eb ve\u00e7se segmente t\u00eb vogla t\u00eb shoq\u00ebris\u00eb shqiptare. Ndaj, populli shqiptar nuk mund t\u00eb identifikohet me ta, si\u00e7 pretendojn\u00eb qendrat antishqiptare \u2013 Beogradi, Athina, Gruevski dhe Moska.<\/p>\n<p>Thelbi i politik\u00ebs djall\u00ebzore t\u00eb boshtit antishqiptar sllavo-bizantin t\u00eb sip\u00ebrth\u00ebn\u00eb \u00ebsht\u00eb q\u00eb popullin shqiptar n\u00eb Ballkan, q\u00eb ka orientin pro-amerikan, p\u00ebrkat\u00ebsisht proper\u00ebndimor, ta identifikojn\u00eb me grupet shqiptare pro-turke, pro-arabe, pro-iraniane dhe \u201cpro-islamike\u201d. \u00cbsht\u00eb interes jetik i Beogradit, i Athin\u00ebs, i Gruevskit dhe i Mosk\u00ebs q\u00eb grupet e sip\u00ebrth\u00ebna shqiptare \u2013 me orientim pro-turk, pro-arab, pro-iranian, aziatik, antiamerikan (atniper\u00ebndimor) dhe anti-hebraik &#8211; t\u00eb shtrihen sa m\u00eb shum\u00eb dhe ta shtojn\u00eb ndikimin nd\u00ebr shqiptar\u00eb, n\u00eb m\u00ebnyr\u00eb q\u00eb \u00e7\u00ebshtja shqiptare n\u00eb Ballkan t\u00eb humb\u00eb dimensionin komb\u00ebtar dhe t\u00eb marr\u00eb p\u00ebrmas\u00eb fetare.<\/p>\n<p>Protestat e grupeve shqiptare, me flamuj joshqiptar\u00eb, Beogradi, Athina, Gruevski dhe Moska nuk do t\u2019i ndalojn\u00eb kurr\u00eb. P\u00ebrkundrazi, do t\u2019i mb\u00ebshtesin dhe do t\u2019i nxisin. K\u00ebrko xhami sa t\u00eb duash, vet\u00ebm mos b\u00ebj politik\u00eb komb\u00ebtare. Mos k\u00ebrko zhvillim ekonomik dhe universitete, se ato krijojn\u00eb popull shtet-formues dhe shtet komb\u00ebtar.<\/p>\n<p>N\u00eb koh\u00ebn e Mbret\u00ebris\u00eb Jugosllave, Beogradi nuk e njihte ekzistimin e komb\u00ebsis\u00eb shqiptare. Pushteti serb shqiptar\u00ebt i em\u00ebrtonte si mysliman. Po k\u00ebshtu edhe boshnjak\u00ebt e fes\u00eb islame. Nga kjo del se serb\u00ebve nuk u ka penguar feja islame e shqiptar\u00ebve. Ajo q\u00eb u ka penguar serb\u00ebve, grek\u00ebve dhe rus\u00ebve \u00ebsht\u00eb komb\u00ebsia e shqiptar\u00ebve dhe jo feja islame e tyre. Mund t\u00eb quhesh mysliman sa her\u00eb t\u00eb duash dhe kur t\u00eb duash, por jo edhe shqiptar.<\/p>\n<p>N\u00eb Mbret\u00ebrin\u00eb Jugosllave shqiptar\u00ebt nuk kishin t\u00eb drejt\u00eb shkollimi n\u00eb gjuh\u00ebn amtare. Mir\u00ebpo, pushtetar\u00ebt serb\u00eb nuk ua ndalonin shqiptar\u00ebve shkollimin n\u00eb medresen\u00eb e Shkupit n\u00eb gjuh\u00ebn turke, arabe dhe serbe. Shkollohu n\u00eb frym\u00ebn fetare sa t\u00eb duash por, jo edhe n\u00eb frym\u00ebn e rilind\u00ebsve komb\u00ebtar\u00eb. P\u00ebrse?! K\u00ebshtu sepse feja islame e shqiptar\u00ebve kurr\u00eb s\u2019u ka penguar serb\u00ebve, grek\u00ebve dhe rus\u00ebve. Sot &#8211; edhe sllavo-maqedonasve. Ajo q\u00eb u pengon sllavo-bizantin\u00ebve \u00ebsht\u00eb politika komb\u00ebtare e shqiptar\u00ebve me orientim per\u00ebndimor.<\/p>\n<p>Rajone t\u00eb caktuara shqiptare jan\u00eb n\u00ebn ndikimin e qendrave t\u00eb huaja, mbase edhe p\u00ebr shkaqe ekonomike. Shqiptar\u00ebt duhet t\u00eb nd\u00ebrtojn\u00eb strategji komb\u00ebtare q\u00eb do t\u00eb n\u00ebnkuptonte:<\/p>\n<p>&#8211; zhvillimin ekonomik t\u00eb zonave jo mjaft t\u00eb zhvilluara; dhe<\/p>\n<p>&#8211; arsimimin e t\u00eb rinjve t\u00eb atyre zonave.<\/p>\n<p>Ka edhe t\u00eb till\u00eb q\u00eb e politizojn\u00eb fen\u00eb. Ata q\u00eb fen\u00eb e shnd\u00ebrrojn\u00eb n\u00eb ideologji dhe e politizojn\u00eb at\u00eb, nuk jan\u00eb besimtar\u00eb t\u00eb v\u00ebrtet\u00eb. Besimi n\u00eb Zot nuk \u00ebsht\u00eb politik\u00eb dhe ideologji.<\/p>\n<p>Beogradi, Athina, Shkupi dhe Moska ka koh\u00eb q\u00eb nuk lodhen p\u00ebr t\u2019i denigruar shqiptar\u00ebt si pro-turq, pro-arab\u00eb, pro-iranian\u00eb, pro-aziatik\u00eb, antiamerikan\u00eb apo antiper\u00ebndimor\u00eb. K\u00ebt\u00eb tanim\u00eb e b\u00ebjn\u00eb me devotshm\u00ebri &#8211; vet\u00eb shqiptar\u00ebt.<\/p>\n<p>N\u00ebse \u00e7\u00ebshtjen e Mitrovic\u00ebs veriore nuk arrijn\u00eb ta zgjidhin Uashingtoni dhe Berlini, a thua vall\u00eb do t\u00eb mund\u00eb ta zgjidhin individ\u00eb dhe grupe shqiptare q\u00eb e shajn\u00eb Amerik\u00ebn?! Miqt\u00eb per\u00ebndimor\u00eb t\u00eb shqiptar\u00ebve nuk befasohen aq me ato segmente t\u00eb shoq\u00ebris\u00eb shqiptare q\u00eb mbajn\u00eb flamuj jokomb\u00ebtar\u00eb, aq sa habiten me q\u00ebndrimin oportunist, konformist dhe indiferent ndaj tyre &#8211; t\u00eb faktorit politik dhe t\u00eb inteligjencies shqiptare n\u00eb Tiran\u00eb, n\u00eb Prishtin\u00eb dhe n\u00eb Maqedoni.<\/p>\n<p>\u00c7\u00ebshtja shqiptare n\u00eb Ballkan s\u2019\u00ebsht\u00eb as ideologjike, as fetare, por \u00ebsht\u00eb komb\u00ebtare dhe politike. Kauza shqiptare n\u00eb Ballkan \u00ebsht\u00eb \u00e7\u00ebshtje territoriale. \u00cbsht\u00eb \u00e7\u00ebshtje e popullit t\u00eb ndar\u00eb, t\u00eb rindar\u00eb dhe t\u00eb shtypur. Dhe kjo \u00e7\u00ebshtje e dhimbshme nuk zgjidhet me ato segmente t\u00eb shoq\u00ebris\u00eb shqiptare q\u00eb p\u00ebr v\u00eblla e konsiderojn\u00eb turkun, arabin, iranianin, pakistanezin dhe indonezianin. \u00c7\u00ebshtja shqiptare nuk zgjidhet prej atyre q\u00eb nuk jan\u00eb t\u00eb vet\u00ebdijsh\u00ebm se gjuha, historia dhe prejardhja e p\u00ebrbashk\u00ebt jan\u00eb faktor\u00ebt q\u00eb e bashkojn\u00eb nj\u00eb popull. Shqiptar\u00ebt i bashkon dhe tragjizmi i p\u00ebrbashk\u00ebt. Shqiptar\u00ebt kan\u00eb prejardhje evropiane dhe jo turke, arabe, iraniane apo aziatike.<\/p>\n<p>Si \u00e7\u00ebshtje fetare, kauza shqiptare n\u00eb gadishull do t\u00eb privohej nga mb\u00ebshtetja e qendrave politike nd\u00ebrkomb\u00ebtare t\u00eb vendosjes \u2013 Uashingtonit dhe Brukselit.<\/p>\n<p>Shqiptar\u00ebt do t\u00eb humbnin rastin historik t\u00eb pap\u00ebrs\u00ebritsh\u00ebm t\u00eb zgjidhjes reale t\u00eb kauz\u00ebs s\u00eb tyre komb\u00ebtare. Si gjithmon\u00eb n\u00eb t\u00eb shkuar\u00ebn, shqiptar\u00ebt do t\u00eb sh\u00ebnonin edhe nj\u00eb ngecje historike, tanim\u00eb me pasoja akoma m\u00eb dramatike. Do t\u00eb zhyteshin s\u00ebrish n\u00ebn rob\u00ebrin\u00eb shekullore sllavo-bizantine. P\u00ebr tragjedin\u00eb q\u00eb do t\u00eb p\u00ebsonin, do t\u00eb faj\u00ebsonin jo vetveten, por fuqit\u00eb e m\u00ebdha t\u00eb kontinentit t\u00eb vjet\u00ebr, njashtu si\u00e7 i faj\u00ebsojn\u00eb p\u00ebr Londr\u00ebn e 1912-\u00ebs. Shqiptar\u00ebt s\u2019duhet t\u00eb lejojn\u00eb q\u00eb t\u2019i ndjek\u00eb mallkimi historik. Nuk duhet t\u00eb jen\u00eb i vetmi popull i rruzullit q\u00eb punon kund\u00ebr vetvetes.<\/p>\n<p>Shqiptar\u00ebt dhe SHBA-ja &#8211; Shqiptar\u00ebt nuk duhet t\u00eb harrojn\u00eb se:<\/p>\n<p>&#8211; Presidenti amerikan Vudro Uilson, n\u00eb Parisin e 1919-\u00ebs i mbrojti prej synimeve grabitqare serbe, greke dhe ruse;<\/p>\n<p>&#8211; Presidenti Klinton, i bombardoi forcat kolonialiste serbe n\u00eb Kosov\u00eb dhe bashk\u00eb me Ushtrin\u00eb \u00c7lirimtare t\u00eb Kosov\u00ebs e \u00e7liroi Kosov\u00ebn;<\/p>\n<p>&#8211; Presidenti Xhorxh Bush e paralajm\u00ebroi Beogradin se n\u00eb Kosov\u00eb \u00ebsht\u00eb nj\u00eb vij\u00eb e kuqe t\u00eb cil\u00ebn Serbia nuk do t\u00eb duhet ta kaloj\u00eb;<\/p>\n<p>&#8211; Presidenti Xhorxh W. Bush, me rastin e vizit\u00ebs n\u00eb Arb\u00ebri, e paralajm\u00ebroi shpalljen e pavar\u00ebsis\u00eb s\u00eb Kosov\u00ebs dhe e pranoi Shqip\u00ebrin\u00eb n\u00eb NATO;<\/p>\n<p>&#8211; Lufta e 2001-shit n\u00eb Maqedoni, pa mb\u00ebshtetjen e Uashingtonit, s\u2019do t\u00eb mund t\u00eb p\u00ebrfundonte me sukses;<\/p>\n<p>&#8211; Ekspert\u00ebt amerikan\u00eb dhan\u00eb ndihmes\u00ebn e tyre n\u00eb hartimin e projektit t\u00eb Marr\u00ebveshjes s\u00eb Ohrit;<\/p>\n<p>&#8211; Pa amerikan\u00ebt dhe gjerman\u00ebt, Mitrovica Veriore v\u00ebshtir\u00eb mund t\u00eb vihet n\u00ebn sovranitetin e Prishtin\u00ebs;<\/p>\n<p>&#8211; Pa amerikan\u00ebt, gjendja e shqiptar\u00ebve t\u00eb Kosov\u00ebs Lindore (Preshev\u00eb, Bujanovc, Medvegj\u00eb), si dhe e shqiptar\u00ebve n\u00eb Mal t\u00eb Zi mund t\u00eb b\u00ebhet akoma m\u00eb e v\u00ebshtir\u00eb;<\/p>\n<p>&#8211; Uashingtoni mund t\u00eb ndihmoj\u00eb edhe n\u00eb zgjidhjen e \u00e7\u00ebshtjes \u00e7ame;<\/p>\n<p>&#8211; Bashkimi komb\u00ebtar i shqiptar\u00ebve as q\u00eb mund t\u00eb paramendohet pa amerikan\u00ebt.<\/p>\n<p>Pa amerikan\u00ebt, d.m.th. pa per\u00ebndimor\u00ebt kauza shqiptare n\u00eb Gadishullin Ilirik merr fund.<\/p>\n<p>Q\u00ebllimi kryesor dhe i vet\u00ebm i Beogradit, i Athin\u00ebs, i Gruevskit dhe i Mosk\u00ebs \u00ebsht\u00eb q\u00eb nd\u00ebrmjet shqiptar\u00ebve, n\u00eb nj\u00eb an\u00eb dhe SHBA-s\u00eb, p\u00ebrakt\u00ebsisht Per\u00ebndimit, n\u00eb an\u00ebn tjet\u00ebr, t\u00eb ftohen marr\u00ebdh\u00ebniet dhe t\u00eb lind\u00eb mosbesimi.<\/p>\n<p>Q\u00ebllim i boshtit sllavo-bizantin \u00ebsht\u00eb edhe prishja e marr\u00ebdh\u00ebnieve midis popullit shqiptar dhe popullit hebraik. P\u00ebrse?! P\u00ebr arsye se SHBA-ja dhe Izraeli kan\u00eb lidhje t\u00eb ngushta. Sipas legjend\u00ebs, bashk\u00ebsia hebraike n\u00eb Amerik\u00eb ushtron ndikim t\u00eb theksuar n\u00eb politik\u00ebn amerikane. Thuhet po ashtu se hebrenjt\u00eb ushtrojn\u00eb kontroll edhe mbi institucionet monetare dhe financiare n\u00eb bot\u00eb. Shqiptar\u00ebt nuk duhet t\u00eb lejojn\u00eb q\u00eb miq\u00ebsia shqiptaro-izraelite t\u00eb vihet n\u00eb dyshim. K\u00ebt\u00eb mbase s\u2019do ta d\u00ebshironin as hebrenjt\u00eb. Ata e din\u00eb mir\u00eb se shqiptar\u00ebt jan\u00eb i vetmi popull i planetit i cili Gestapos gjermane nuk ia dor\u00ebzoi as edhe nj\u00eb \u00e7ifut t\u00eb vet\u00ebm. Shqiptari, n\u00eb p\u00ebrputhje me kodin etik komb\u00ebtar \u2013 bes\u00ebn, m\u00eb par\u00eb pranonte t\u00eb vritej prej gjerman\u00ebve, sesa t\u00eb tregonte vendin ku ishte fshehur nj\u00eb familje hebraike.<\/p>\n<p>Shqiptar\u00ebt duan q\u00eb nd\u00ebrmjet palestinez\u00ebve dhe izraelit\u00ebve t\u00eb arrihet nj\u00eb marr\u00ebveshje historike, n\u00eb m\u00ebnyr\u00eb q\u00eb dy shtete sovrane dhe demokratike t\u00eb jetojn\u00eb n\u00eb paqe pran\u00eb nj\u00ebri-tjetrit.<\/p>\n<p>Nd\u00ebrhyrja e falang\u00ebs s\u00eb Gruevskit &#8211; Askund n\u00eb bot\u00eb nuk \u00ebsht\u00eb par\u00eb q\u00eb, p\u00ebr z\u00ebnien e tre t\u00eb dyshuarve, t\u00eb angazhohen 800 polic\u00eb t\u00eb armatosur deri n\u00eb dh\u00ebmb\u00eb dhe t\u00eb shoq\u00ebruar me qen\u00eb. Nj\u00eb potencial i till\u00eb militar mund t\u00eb mbaj\u00eb nj\u00eb front lufte dhe jo t\u00eb shkel\u00eb n\u00eb or\u00ebt e pasmesnat\u00ebs sht\u00ebpit\u00eb e lagjeve periferike t\u00eb Shkupit, q\u00eb t\u00eb p\u00ebrkujtojn\u00eb romanet natyraliste t\u00eb Emil Zol\u00ebs. Ky veprim barbar i qeveris\u00eb s\u00eb Gruevskit paraqet terror shtet\u00ebror dhe \u00ebsht\u00eb n\u00eb kund\u00ebrshti me konventat nd\u00ebrkomb\u00ebtare. Faktori nd\u00ebrkomb\u00ebtar duhet t\u00eb pushoj\u00eb s\u00eb ledhatuari Maqedonin\u00eb. Nd\u00ebrhyrja e k\u00ebsaj falange n\u00eb dhomat e gjumit t\u00eb shqiptar\u00ebve e komprometon me t\u00eb madhe edhe faktorin nd\u00ebrkomb\u00ebtar. Vet\u00eb fakti se kjo milici speciale nuk hasi n\u00eb kurrfar\u00eb rezistence, d\u00ebshmon qart\u00eb se jan\u00eb bastisur sht\u00ebpi qytetar\u00ebsh t\u00eb pafajsh\u00ebm.<\/p>\n<p>Nj\u00eb dit\u00eb para se t\u00eb mbahen zgjedhjet n\u00eb Serbi, ministri serb i Pun\u00ebve t\u00eb Brendshme \u2013 Ivica Da\u00e7iq, q\u00eb t\u2019i rritet rejtingu dit\u00ebn e zgjedhjeve, urdh\u00ebroi burgosjen e pes\u00eb shqiptar\u00ebve t\u00eb Preshev\u00ebs. Dhe ia doli. Korri rezultat m\u00eb t\u00eb mir\u00eb se \u00e7\u2019priste.<\/p>\n<p>Faktori nd\u00ebrkomb\u00ebtar duhet t\u2019i parandaloj\u00eb sllavo-bizantin\u00ebt q\u00eb t\u00eb eksperimentojn\u00eb me jet\u00ebn e shqiptar\u00ebve t\u00eb pafajsh\u00ebm.<\/p>\n<p>Shqiptar\u00ebt dhe m\u00ebsimi i historis\u00eb &#8211; Shqiptar\u00ebt duhet t\u2019i kushtojn\u00eb r\u00ebnd\u00ebsi m\u00eb t\u00eb madhe historis\u00eb komb\u00ebtare. Historia e shkruar n\u00eb frym\u00ebn e ideologjis\u00eb komuniste, ku miqt\u00eb tan\u00eb historik\u00eb paraqiten si armiq, duhet t\u00eb rishqyrtohet. Brezat e sot\u00ebm dhe ata q\u00eb do t\u00eb pasojn\u00eb, duhet ta din\u00eb nga tekstet e historis\u00eb se k\u00eb pat\u00ebm miq dhe k\u00eb armiq. Cil\u00ebt ishin ata q\u00eb na ndihmuan p\u00ebr ta krijuar nj\u00eb gjysm\u00eb Shqip\u00ebrie dhe kush ishin ata q\u00eb e shkaktuan cop\u00ebtimin e saj.<\/p>\n<p>Trojet shqiptare n\u00eb gadishull, q\u00eb nga Kriza a dytr\u00eb lindore (1877) e k\u00ebndej, u cop\u00ebtuan n\u00eb gjasht\u00eb pjes\u00eb: Shqip\u00ebria, Kosova, Kosova lindore (Preshev\u00eb, Bujanovc, Medvegj\u00eb), Maqedonia veri-per\u00ebndimore, viset shqiptare n\u00eb Mal t\u00eb Zi dhe \u00c7am\u00ebria. Pjes\u00eb e kombit shqiptar \u00ebsht\u00eb edhe diaspora shqiptare \u2013 n\u00eb Evrop\u00eb, n\u00eb SHBA dhe gjetk\u00eb.<\/p>\n<p>Shqiptar\u00ebt e din\u00eb se miq historik\u00eb t\u00eb tyre kan\u00eb qen\u00eb dhe jan\u00eb: SHBA-ja, Gjermania, Vjena, Roma, Londra, Kroacia. Shqiptar\u00ebt i jan\u00eb mir\u00ebnjoh\u00ebs ish-presidentit francez &#8211; Sarkozis\u00eb. Armiq historik\u00eb t\u00eb shqiptar\u00ebve kan\u00eb qen\u00eb dhe jan\u00eb: Beogradi, Athina dhe Moska. N\u00eb vitet 1981-1990 u intensifikua veprimtaria antishqiptare e boshtit t\u00eb s\u00eb keqes Titograd-Boegrad-Shkup.<\/p>\n<p>Zvarritja e zgjidhjes s\u00eb problemeve n\u00eb hap\u00ebsirat shqiptare n\u00eb rajon dhe riciklimi i tyre i vazhduesh\u00ebm d\u00ebshmon se per\u00ebndimor\u00ebt jan\u00eb t\u00eb zhg\u00ebnjyer me politikan\u00ebt dhe me inteligjencien shqiptare.<\/p>\n<p>Edhe nj\u00eb vonim n\u00eb histori do t\u00eb jet\u00eb i pap\u00ebrballuesh\u00ebm p\u00ebr shqiptar\u00ebt.<\/p>\n","protected":false},"excerpt":{"rendered":"<p>Xhelal Zejneli Ministria e Pun\u00ebve t\u00eb Brendshme e Qeveris\u00eb s\u00eb Maqedonis\u00eb, p\u00ebr vrasjen e pes\u00eb maqedonasve i faj\u00ebsoi \u201cislamist\u00ebt radikal\u00eb\u201d &#8211; shqiptar\u00eb. Me k\u00ebt\u00eb konstatim, kryeministri maqedonas &#8211; Nikolla Gruevski dhe VMRO-ja e tij, duan t\u2019i tregojn\u00eb bot\u00ebs se: &#8211; \u00e7\u00ebshtja shqiptare n\u00eb Maqedoni, nuk \u00ebsht\u00eb \u00e7\u00ebshtje komb\u00ebtare, por fetare; &#8211; shqiptar\u00ebt jan\u00eb p\u00ebr\u00e7ues t\u00eb [&hellip;]<\/p>\n","protected":false},"author":1,"featured_media":0,"comment_status":"open","ping_status":"closed","sticky":false,"template":"","format":"standard","meta":{"footnotes":""},"categories":[2],"tags":[],"class_list":{"0":"post-11819","1":"post","2":"type-post","3":"status-publish","4":"format-standard","6":"category-artikuj"},"yoast_head":"<!-- This site is optimized with the Yoast SEO plugin v27.4 - https:\/\/yoast.com\/product\/yoast-seo-wordpress\/ -->\n<title>Jo manifestime me flamuj islamik\u00eb... - FjALA e LIR\u00cb - Arkivi<\/title>\n<meta name=\"robots\" content=\"index, follow, max-snippet:-1, max-image-preview:large, max-video-preview:-1\" \/>\n<link rel=\"canonical\" href=\"https:\/\/fjala.info\/2009-2015\/jo-manifestime-me-flamuj-islamike\/\" \/>\n<meta property=\"og:locale\" content=\"sq_AL\" \/>\n<meta property=\"og:type\" content=\"article\" \/>\n<meta property=\"og:title\" content=\"Jo manifestime me flamuj islamik\u00eb... - FjALA e LIR\u00cb - Arkivi\" \/>\n<meta property=\"og:description\" content=\"Xhelal Zejneli Ministria e Pun\u00ebve t\u00eb Brendshme e Qeveris\u00eb s\u00eb Maqedonis\u00eb, p\u00ebr vrasjen e pes\u00eb maqedonasve i faj\u00ebsoi \u201cislamist\u00ebt radikal\u00eb\u201d &#8211; shqiptar\u00eb. Me k\u00ebt\u00eb konstatim, kryeministri maqedonas &#8211; Nikolla Gruevski dhe VMRO-ja e tij, duan t\u2019i tregojn\u00eb bot\u00ebs se: &#8211; \u00e7\u00ebshtja shqiptare n\u00eb Maqedoni, nuk \u00ebsht\u00eb \u00e7\u00ebshtje komb\u00ebtare, por fetare; &#8211; shqiptar\u00ebt jan\u00eb p\u00ebr\u00e7ues t\u00eb [&hellip;]\" \/>\n<meta property=\"og:url\" content=\"https:\/\/fjala.info\/2009-2015\/jo-manifestime-me-flamuj-islamike\/\" \/>\n<meta property=\"og:site_name\" content=\"FjALA e LIR\u00cb - Arkivi\" \/>\n<meta property=\"article:published_time\" content=\"2012-05-15T08:22:51+00:00\" \/>\n<meta property=\"og:image\" content=\"http:\/\/www.shkoder.net\/images\/fjala\/2011\/xhelal_zejneli.jpg\" \/>\n<meta name=\"author\" content=\"admin\" \/>\n<meta name=\"twitter:card\" content=\"summary_large_image\" \/>\n<meta name=\"twitter:label1\" content=\"Written by\" \/>\n\t<meta name=\"twitter:data1\" content=\"admin\" \/>\n\t<meta name=\"twitter:label2\" content=\"Est. reading time\" \/>\n\t<meta name=\"twitter:data2\" content=\"13 minutes\" \/>\n<script type=\"application\/ld+json\" class=\"yoast-schema-graph\">{\"@context\":\"https:\\\/\\\/schema.org\",\"@graph\":[{\"@type\":\"Article\",\"@id\":\"https:\\\/\\\/fjala.info\\\/2009-2015\\\/jo-manifestime-me-flamuj-islamike\\\/#article\",\"isPartOf\":{\"@id\":\"https:\\\/\\\/fjala.info\\\/2009-2015\\\/jo-manifestime-me-flamuj-islamike\\\/\"},\"author\":{\"name\":\"admin\",\"@id\":\"https:\\\/\\\/fjala.info\\\/2009-2015\\\/#\\\/schema\\\/person\\\/3aa1163ef05469c496fc94e77611ada2\"},\"headline\":\"Jo manifestime me flamuj islamik\u00eb&#8230;\",\"datePublished\":\"2012-05-15T08:22:51+00:00\",\"mainEntityOfPage\":{\"@id\":\"https:\\\/\\\/fjala.info\\\/2009-2015\\\/jo-manifestime-me-flamuj-islamike\\\/\"},\"wordCount\":2524,\"commentCount\":0,\"publisher\":{\"@id\":\"https:\\\/\\\/fjala.info\\\/2009-2015\\\/#organization\"},\"image\":{\"@id\":\"https:\\\/\\\/fjala.info\\\/2009-2015\\\/jo-manifestime-me-flamuj-islamike\\\/#primaryimage\"},\"thumbnailUrl\":\"http:\\\/\\\/www.shkoder.net\\\/images\\\/fjala\\\/2011\\\/xhelal_zejneli.jpg\",\"articleSection\":[\"Artikuj\"],\"inLanguage\":\"sq-AL\",\"potentialAction\":[{\"@type\":\"CommentAction\",\"name\":\"Comment\",\"target\":[\"https:\\\/\\\/fjala.info\\\/2009-2015\\\/jo-manifestime-me-flamuj-islamike\\\/#respond\"]}]},{\"@type\":\"WebPage\",\"@id\":\"https:\\\/\\\/fjala.info\\\/2009-2015\\\/jo-manifestime-me-flamuj-islamike\\\/\",\"url\":\"https:\\\/\\\/fjala.info\\\/2009-2015\\\/jo-manifestime-me-flamuj-islamike\\\/\",\"name\":\"Jo manifestime me flamuj islamik\u00eb... - FjALA e LIR\u00cb - Arkivi\",\"isPartOf\":{\"@id\":\"https:\\\/\\\/fjala.info\\\/2009-2015\\\/#website\"},\"primaryImageOfPage\":{\"@id\":\"https:\\\/\\\/fjala.info\\\/2009-2015\\\/jo-manifestime-me-flamuj-islamike\\\/#primaryimage\"},\"image\":{\"@id\":\"https:\\\/\\\/fjala.info\\\/2009-2015\\\/jo-manifestime-me-flamuj-islamike\\\/#primaryimage\"},\"thumbnailUrl\":\"http:\\\/\\\/www.shkoder.net\\\/images\\\/fjala\\\/2011\\\/xhelal_zejneli.jpg\",\"datePublished\":\"2012-05-15T08:22:51+00:00\",\"breadcrumb\":{\"@id\":\"https:\\\/\\\/fjala.info\\\/2009-2015\\\/jo-manifestime-me-flamuj-islamike\\\/#breadcrumb\"},\"inLanguage\":\"sq-AL\",\"potentialAction\":[{\"@type\":\"ReadAction\",\"target\":[\"https:\\\/\\\/fjala.info\\\/2009-2015\\\/jo-manifestime-me-flamuj-islamike\\\/\"]}]},{\"@type\":\"ImageObject\",\"inLanguage\":\"sq-AL\",\"@id\":\"https:\\\/\\\/fjala.info\\\/2009-2015\\\/jo-manifestime-me-flamuj-islamike\\\/#primaryimage\",\"url\":\"http:\\\/\\\/www.shkoder.net\\\/images\\\/fjala\\\/2011\\\/xhelal_zejneli.jpg\",\"contentUrl\":\"http:\\\/\\\/www.shkoder.net\\\/images\\\/fjala\\\/2011\\\/xhelal_zejneli.jpg\"},{\"@type\":\"BreadcrumbList\",\"@id\":\"https:\\\/\\\/fjala.info\\\/2009-2015\\\/jo-manifestime-me-flamuj-islamike\\\/#breadcrumb\",\"itemListElement\":[{\"@type\":\"ListItem\",\"position\":1,\"name\":\"Home\",\"item\":\"https:\\\/\\\/fjala.info\\\/2009-2015\\\/\"},{\"@type\":\"ListItem\",\"position\":2,\"name\":\"Jo manifestime me flamuj islamik\u00eb&#8230;\"}]},{\"@type\":\"WebSite\",\"@id\":\"https:\\\/\\\/fjala.info\\\/2009-2015\\\/#website\",\"url\":\"https:\\\/\\\/fjala.info\\\/2009-2015\\\/\",\"name\":\"FjALA e LIR\u00cb - Arkivi\",\"description\":\"Arkivi 2009-2015\",\"publisher\":{\"@id\":\"https:\\\/\\\/fjala.info\\\/2009-2015\\\/#organization\"},\"potentialAction\":[{\"@type\":\"SearchAction\",\"target\":{\"@type\":\"EntryPoint\",\"urlTemplate\":\"https:\\\/\\\/fjala.info\\\/2009-2015\\\/?s={search_term_string}\"},\"query-input\":{\"@type\":\"PropertyValueSpecification\",\"valueRequired\":true,\"valueName\":\"search_term_string\"}}],\"inLanguage\":\"sq-AL\"},{\"@type\":\"Organization\",\"@id\":\"https:\\\/\\\/fjala.info\\\/2009-2015\\\/#organization\",\"name\":\"FjALA e LIR\u00cb - Arkivi\",\"url\":\"https:\\\/\\\/fjala.info\\\/2009-2015\\\/\",\"logo\":{\"@type\":\"ImageObject\",\"inLanguage\":\"sq-AL\",\"@id\":\"https:\\\/\\\/fjala.info\\\/2009-2015\\\/#\\\/schema\\\/logo\\\/image\\\/\",\"url\":\"\",\"contentUrl\":\"\",\"caption\":\"FjALA e LIR\u00cb - Arkivi\"},\"image\":{\"@id\":\"https:\\\/\\\/fjala.info\\\/2009-2015\\\/#\\\/schema\\\/logo\\\/image\\\/\"}},{\"@type\":\"Person\",\"@id\":\"https:\\\/\\\/fjala.info\\\/2009-2015\\\/#\\\/schema\\\/person\\\/3aa1163ef05469c496fc94e77611ada2\",\"name\":\"admin\",\"image\":{\"@type\":\"ImageObject\",\"inLanguage\":\"sq-AL\",\"@id\":\"https:\\\/\\\/fjala.info\\\/2009-2015\\\/wp-content\\\/uploads\\\/2012\\\/02\\\/arben_cokaj-120x150.jpg\",\"url\":\"https:\\\/\\\/fjala.info\\\/2009-2015\\\/wp-content\\\/uploads\\\/2012\\\/02\\\/arben_cokaj-120x150.jpg\",\"contentUrl\":\"https:\\\/\\\/fjala.info\\\/2009-2015\\\/wp-content\\\/uploads\\\/2012\\\/02\\\/arben_cokaj-120x150.jpg\",\"caption\":\"admin\"},\"description\":\"Admin, Fjala e Lir\u00eb\",\"sameAs\":[\"https:\\\/\\\/fjala.info\\\/\"],\"url\":\"https:\\\/\\\/fjala.info\\\/2009-2015\\\/author\\\/admin\\\/\"}]}<\/script>\n<!-- \/ Yoast SEO plugin. -->","yoast_head_json":{"title":"Jo manifestime me flamuj islamik\u00eb... - FjALA e LIR\u00cb - Arkivi","robots":{"index":"index","follow":"follow","max-snippet":"max-snippet:-1","max-image-preview":"max-image-preview:large","max-video-preview":"max-video-preview:-1"},"canonical":"https:\/\/fjala.info\/2009-2015\/jo-manifestime-me-flamuj-islamike\/","og_locale":"sq_AL","og_type":"article","og_title":"Jo manifestime me flamuj islamik\u00eb... - FjALA e LIR\u00cb - Arkivi","og_description":"Xhelal Zejneli Ministria e Pun\u00ebve t\u00eb Brendshme e Qeveris\u00eb s\u00eb Maqedonis\u00eb, p\u00ebr vrasjen e pes\u00eb maqedonasve i faj\u00ebsoi \u201cislamist\u00ebt radikal\u00eb\u201d &#8211; shqiptar\u00eb. Me k\u00ebt\u00eb konstatim, kryeministri maqedonas &#8211; Nikolla Gruevski dhe VMRO-ja e tij, duan t\u2019i tregojn\u00eb bot\u00ebs se: &#8211; \u00e7\u00ebshtja shqiptare n\u00eb Maqedoni, nuk \u00ebsht\u00eb \u00e7\u00ebshtje komb\u00ebtare, por fetare; &#8211; shqiptar\u00ebt jan\u00eb p\u00ebr\u00e7ues t\u00eb [&hellip;]","og_url":"https:\/\/fjala.info\/2009-2015\/jo-manifestime-me-flamuj-islamike\/","og_site_name":"FjALA e LIR\u00cb - Arkivi","article_published_time":"2012-05-15T08:22:51+00:00","og_image":[{"url":"http:\/\/www.shkoder.net\/images\/fjala\/2011\/xhelal_zejneli.jpg","type":"","width":"","height":""}],"author":"admin","twitter_card":"summary_large_image","twitter_misc":{"Written by":"admin","Est. reading time":"13 minutes"},"schema":{"@context":"https:\/\/schema.org","@graph":[{"@type":"Article","@id":"https:\/\/fjala.info\/2009-2015\/jo-manifestime-me-flamuj-islamike\/#article","isPartOf":{"@id":"https:\/\/fjala.info\/2009-2015\/jo-manifestime-me-flamuj-islamike\/"},"author":{"name":"admin","@id":"https:\/\/fjala.info\/2009-2015\/#\/schema\/person\/3aa1163ef05469c496fc94e77611ada2"},"headline":"Jo manifestime me flamuj islamik\u00eb&#8230;","datePublished":"2012-05-15T08:22:51+00:00","mainEntityOfPage":{"@id":"https:\/\/fjala.info\/2009-2015\/jo-manifestime-me-flamuj-islamike\/"},"wordCount":2524,"commentCount":0,"publisher":{"@id":"https:\/\/fjala.info\/2009-2015\/#organization"},"image":{"@id":"https:\/\/fjala.info\/2009-2015\/jo-manifestime-me-flamuj-islamike\/#primaryimage"},"thumbnailUrl":"http:\/\/www.shkoder.net\/images\/fjala\/2011\/xhelal_zejneli.jpg","articleSection":["Artikuj"],"inLanguage":"sq-AL","potentialAction":[{"@type":"CommentAction","name":"Comment","target":["https:\/\/fjala.info\/2009-2015\/jo-manifestime-me-flamuj-islamike\/#respond"]}]},{"@type":"WebPage","@id":"https:\/\/fjala.info\/2009-2015\/jo-manifestime-me-flamuj-islamike\/","url":"https:\/\/fjala.info\/2009-2015\/jo-manifestime-me-flamuj-islamike\/","name":"Jo manifestime me flamuj islamik\u00eb... - FjALA e LIR\u00cb - Arkivi","isPartOf":{"@id":"https:\/\/fjala.info\/2009-2015\/#website"},"primaryImageOfPage":{"@id":"https:\/\/fjala.info\/2009-2015\/jo-manifestime-me-flamuj-islamike\/#primaryimage"},"image":{"@id":"https:\/\/fjala.info\/2009-2015\/jo-manifestime-me-flamuj-islamike\/#primaryimage"},"thumbnailUrl":"http:\/\/www.shkoder.net\/images\/fjala\/2011\/xhelal_zejneli.jpg","datePublished":"2012-05-15T08:22:51+00:00","breadcrumb":{"@id":"https:\/\/fjala.info\/2009-2015\/jo-manifestime-me-flamuj-islamike\/#breadcrumb"},"inLanguage":"sq-AL","potentialAction":[{"@type":"ReadAction","target":["https:\/\/fjala.info\/2009-2015\/jo-manifestime-me-flamuj-islamike\/"]}]},{"@type":"ImageObject","inLanguage":"sq-AL","@id":"https:\/\/fjala.info\/2009-2015\/jo-manifestime-me-flamuj-islamike\/#primaryimage","url":"http:\/\/www.shkoder.net\/images\/fjala\/2011\/xhelal_zejneli.jpg","contentUrl":"http:\/\/www.shkoder.net\/images\/fjala\/2011\/xhelal_zejneli.jpg"},{"@type":"BreadcrumbList","@id":"https:\/\/fjala.info\/2009-2015\/jo-manifestime-me-flamuj-islamike\/#breadcrumb","itemListElement":[{"@type":"ListItem","position":1,"name":"Home","item":"https:\/\/fjala.info\/2009-2015\/"},{"@type":"ListItem","position":2,"name":"Jo manifestime me flamuj islamik\u00eb&#8230;"}]},{"@type":"WebSite","@id":"https:\/\/fjala.info\/2009-2015\/#website","url":"https:\/\/fjala.info\/2009-2015\/","name":"FjALA e LIR\u00cb - Arkivi","description":"Arkivi 2009-2015","publisher":{"@id":"https:\/\/fjala.info\/2009-2015\/#organization"},"potentialAction":[{"@type":"SearchAction","target":{"@type":"EntryPoint","urlTemplate":"https:\/\/fjala.info\/2009-2015\/?s={search_term_string}"},"query-input":{"@type":"PropertyValueSpecification","valueRequired":true,"valueName":"search_term_string"}}],"inLanguage":"sq-AL"},{"@type":"Organization","@id":"https:\/\/fjala.info\/2009-2015\/#organization","name":"FjALA e LIR\u00cb - Arkivi","url":"https:\/\/fjala.info\/2009-2015\/","logo":{"@type":"ImageObject","inLanguage":"sq-AL","@id":"https:\/\/fjala.info\/2009-2015\/#\/schema\/logo\/image\/","url":"","contentUrl":"","caption":"FjALA e LIR\u00cb - Arkivi"},"image":{"@id":"https:\/\/fjala.info\/2009-2015\/#\/schema\/logo\/image\/"}},{"@type":"Person","@id":"https:\/\/fjala.info\/2009-2015\/#\/schema\/person\/3aa1163ef05469c496fc94e77611ada2","name":"admin","image":{"@type":"ImageObject","inLanguage":"sq-AL","@id":"https:\/\/fjala.info\/2009-2015\/wp-content\/uploads\/2012\/02\/arben_cokaj-120x150.jpg","url":"https:\/\/fjala.info\/2009-2015\/wp-content\/uploads\/2012\/02\/arben_cokaj-120x150.jpg","contentUrl":"https:\/\/fjala.info\/2009-2015\/wp-content\/uploads\/2012\/02\/arben_cokaj-120x150.jpg","caption":"admin"},"description":"Admin, Fjala e Lir\u00eb","sameAs":["https:\/\/fjala.info\/"],"url":"https:\/\/fjala.info\/2009-2015\/author\/admin\/"}]}},"_links":{"self":[{"href":"https:\/\/fjala.info\/2009-2015\/wp-json\/wp\/v2\/posts\/11819","targetHints":{"allow":["GET"]}}],"collection":[{"href":"https:\/\/fjala.info\/2009-2015\/wp-json\/wp\/v2\/posts"}],"about":[{"href":"https:\/\/fjala.info\/2009-2015\/wp-json\/wp\/v2\/types\/post"}],"author":[{"embeddable":true,"href":"https:\/\/fjala.info\/2009-2015\/wp-json\/wp\/v2\/users\/1"}],"replies":[{"embeddable":true,"href":"https:\/\/fjala.info\/2009-2015\/wp-json\/wp\/v2\/comments?post=11819"}],"version-history":[{"count":0,"href":"https:\/\/fjala.info\/2009-2015\/wp-json\/wp\/v2\/posts\/11819\/revisions"}],"wp:attachment":[{"href":"https:\/\/fjala.info\/2009-2015\/wp-json\/wp\/v2\/media?parent=11819"}],"wp:term":[{"taxonomy":"category","embeddable":true,"href":"https:\/\/fjala.info\/2009-2015\/wp-json\/wp\/v2\/categories?post=11819"},{"taxonomy":"post_tag","embeddable":true,"href":"https:\/\/fjala.info\/2009-2015\/wp-json\/wp\/v2\/tags?post=11819"}],"curies":[{"name":"wp","href":"https:\/\/api.w.org\/{rel}","templated":true}]}}