{"id":11816,"date":"2012-05-12T15:52:58","date_gmt":"2012-05-12T14:52:58","guid":{"rendered":"http:\/\/fjala.shkoder.net\/?p=2758"},"modified":"2012-05-12T15:52:58","modified_gmt":"2012-05-12T14:52:58","slug":"papa-benedikti-xvi-pranon-ftese-e-presidentit-topi-ne-shqiperi-per-festimet-e-100-vjetorit","status":"publish","type":"post","link":"https:\/\/fjala.info\/2009-2015\/papa-benedikti-xvi-pranon-ftese-e-presidentit-topi-ne-shqiperi-per-festimet-e-100-vjetorit\/","title":{"rendered":"Papa Benedikti XVI pranon ftes\u00eb e presidentit Topi, n\u00eb Shqip\u00ebri p\u00ebr festimet e 100 vjetorit"},"content":{"rendered":"<p><em>Papa Benedikti XVI p\u00ebr harmonin\u00eb fetare: \u201cnj\u00eb shembull unik t\u00eb evidentimit t\u00eb vlerave m\u00eb t\u00eb mira paqedash\u00ebse njer\u00ebzore\u201d. Presidenti Topi dhe Zonja e Par\u00eb priten n\u00eb nj\u00eb audienc\u00eb t\u00eb ve\u00e7ant\u00eb nga Ati i Shenjt\u00eb, Papa Benedikti XVI<\/em><\/p>\n<p><img decoding=\"async\" class=\"aligncenter size-thumbnail wp-image-7236\" title=\"Papa - Topi\" src=\"http:\/\/www.shkoder.net\/2012\/papa_topi.jpg\" alt=\"\" width=\"450\" \/><\/p>\n<p>Presidenti i Republik\u00ebs, Prof. Dr. Bamir Topi dhe Zonja e Par\u00eb, Teuta Topi u prit\u00ebn sot paradite n\u00eb nj\u00eb audienc\u00eb t\u00eb ve\u00e7ant\u00eb nga Ati i Shenjt\u00eb, Papa Benedikti XVI, n\u00eb nj\u00eb nga mjediset kryesore t\u00eb Kish\u00ebs Katolike t\u00eb Vatikanit, n\u00eb Rom\u00eb, n\u00eb prani t\u00eb personaliteteve t\u00eb larta t\u00eb Sekretaris\u00eb s\u00eb Shtetit t\u00eb Vatikanit, ku ishte i pranish\u00ebm edhe Ambasadori i Republik\u00ebs s\u00eb Shqip\u00ebris\u00eb pran\u00eb Selis\u00eb s\u00eb Shenjt\u00eb, Rrok Logu.<\/p>\n<p>Pasi fal\u00ebnderoi Pap\u00ebn Benedikti XVI p\u00ebr nderimin e ve\u00e7ant\u00eb, dhe nj\u00ebkoh\u00ebsisht pasi n\u00ebnvizoi k\u00ebnaq\u00ebsin\u00eb e vler\u00ebsimin e madh p\u00ebr k\u00ebt\u00eb takim t\u00eb r\u00ebnd\u00ebsish\u00ebm, Presidenti Topi shprehu \u201cmir\u00ebnjohjen e thell\u00eb p\u00ebr mb\u00ebshtetjen e p\u00ebrkrahjen e vazhdueshme t\u00eb Selis\u00eb s\u00eb Shenjt\u00eb n\u00eb drejtim t\u00eb zhvillimit t\u00eb m\u00ebtejsh\u00ebm t\u00eb marr\u00ebdh\u00ebnieve mes Shqip\u00ebris\u00eb dhe Shtetit t\u00eb Vatikanit, konsolidimit t\u00eb demokracis\u00eb dhe institucioneve shqiptare, sidomos n\u00eb drejtim t\u00eb ruajtjes e forcimit t\u00eb bashk\u00ebjetes\u00ebs e harmonis\u00eb fetare n\u00eb Shqip\u00ebri\u201d.<\/p>\n<p>Duke risjell\u00eb n\u00eb v\u00ebmendje e me krenari faktin q\u00eb \u201ctashm\u00eb jan\u00eb sh\u00ebnuar m\u00eb se 20 vjet t\u00eb rivendosjes s\u00eb marr\u00ebdh\u00ebnieve diplomatike Shqip\u00ebri-Vatikan, n\u00eb rang Nunziature Apostolike\u201d, Kryetari i Shtetit vuri n\u00eb dukje \u201crolin e madh t\u00eb Kish\u00ebs Katolike n\u00eb zhvillimet shpirt\u00ebrore, kulturore e arsimore n\u00eb shoq\u00ebrin\u00eb shqiptare\u201d, duke shprehur besimin se \u201cVatikani do t\u00eb jet\u00eb gjithmon\u00eb n\u00eb krah t\u00eb p\u00ebrpjekjeve e aspiratave t\u00eb popullit shqiptar p\u00ebr t\u2019u b\u00ebr\u00eb pjes\u00eb e r\u00ebnd\u00ebsishme dhe e dobishme e familjes s\u00eb madhe evropiane\u201d.<\/p>\n<p>Gjithashtu, Presidenti Topi vuri n\u00eb pah \u201cvlerat e pap\u00ebrs\u00ebritshme t\u00eb historis\u00eb s\u00eb bashk\u00ebjetes\u00ebs mes besimeve fetare n\u00eb Shqip\u00ebri, si nj\u00eb pasuri e madhe komb\u00ebtare, q\u00eb \u00ebsht\u00eb ruajtur dhe trash\u00ebguar n\u00eb breza nga komunitetet fetare n\u00eb vendin ton\u00eb\u201d, duke vler\u00ebsuar nj\u00ebkoh\u00ebsisht kontributin e p\u00ebrfaq\u00ebsuesve e drejtuesve t\u00eb tyre \u201cn\u00eb realizimin e q\u00ebllimeve fisnike n\u00eb sh\u00ebrbim t\u00eb besimit, harmonis\u00eb, paqes dhe demokracis\u00eb n\u00eb Shqip\u00ebri\u201d.<\/p>\n<p>Papa Benedikti XVI, pasi \u00e7moi pranin\u00eb e Kreut t\u00eb Shtetit shqiptar dhe Zonj\u00ebs s\u00eb Par\u00eb, Teuta Topi n\u00eb k\u00ebt\u00eb audienc\u00eb t\u00eb ve\u00e7ant\u00eb, theksoi se \u201cSelia e Shenjt\u00eb do t\u00eb vazhdoj\u00eb t\u00eb mb\u00ebshtes\u00eb plot\u00ebsisht Shqip\u00ebrin\u00eb n\u00eb t\u00eb gjitha p\u00ebrpjekjet e saj p\u00ebr zhvillimin t\u00eb m\u00ebtejsh\u00ebm t\u00eb vendit n\u00eb t\u00eb gjitha fushat, por dhe n\u00eb realizimin e aspirat\u00ebs integruese p\u00ebr n\u00eb Bashkimin Evropian, edhe n\u00eb kuad\u00ebr t\u00eb kremtimit t\u00eb 100-vjetorit t\u00eb shpalljes s\u00eb Pavar\u00ebsis\u00eb s\u00eb saj\u201d.<\/p>\n<p>Ati i Shenjt\u00eb vler\u00ebsoi lart gjithashtu edhe bashk\u00ebjetes\u00ebn e harmonin\u00eb nd\u00ebrfetare q\u00eb ka karakterizuar popullin shqiptar gjat\u00eb gjith\u00eb historis\u00eb s\u00eb tij shekullore, duke e konsideruar si \u201cnj\u00eb shembull unik t\u00eb evidentimit t\u00eb vlerave m\u00eb t\u00eb mira paqedash\u00ebse njer\u00ebzore\u201d. N\u00eb kuad\u00ebr t\u00eb vitit jubilar t\u00eb 100-vjetorit t\u00eb Pavar\u00ebsis\u00eb, Presidenti i Republik\u00ebs e ftoi Atin e Shenjt\u00eb, Papa Benediktit XVI q\u00eb t\u00eb vizitoj\u00eb Shqip\u00ebrin\u00eb, ftes\u00eb e cila u pranua me shum\u00eb k\u00ebnaq\u00ebsi dhe vizita do t\u00eb realizohet n\u00eb nj\u00eb koh\u00eb t\u00eb p\u00ebrshtatshme.<\/p>\n<p><em>Gazeta Mapo<\/em><\/p>\n","protected":false},"excerpt":{"rendered":"<p>Papa Benedikti XVI p\u00ebr harmonin\u00eb fetare: \u201cnj\u00eb shembull unik t\u00eb evidentimit t\u00eb vlerave m\u00eb t\u00eb mira paqedash\u00ebse njer\u00ebzore\u201d. Presidenti Topi dhe Zonja e Par\u00eb priten n\u00eb nj\u00eb audienc\u00eb t\u00eb ve\u00e7ant\u00eb nga Ati i Shenjt\u00eb, Papa Benedikti XVI Presidenti i Republik\u00ebs, Prof. Dr. Bamir Topi dhe Zonja e Par\u00eb, Teuta Topi u prit\u00ebn sot paradite n\u00eb [&hellip;]<\/p>\n","protected":false},"author":1,"featured_media":0,"comment_status":"open","ping_status":"closed","sticky":false,"template":"","format":"standard","meta":{"footnotes":""},"categories":[2],"tags":[],"class_list":{"0":"post-11816","1":"post","2":"type-post","3":"status-publish","4":"format-standard","6":"category-artikuj"},"yoast_head":"<!-- This site is optimized with the Yoast SEO plugin v27.4 - https:\/\/yoast.com\/product\/yoast-seo-wordpress\/ -->\n<title>Papa Benedikti XVI pranon ftes\u00eb e presidentit Topi, n\u00eb Shqip\u00ebri p\u00ebr festimet e 100 vjetorit - FjALA e LIR\u00cb - Arkivi<\/title>\n<meta name=\"robots\" content=\"index, follow, max-snippet:-1, max-image-preview:large, max-video-preview:-1\" \/>\n<link rel=\"canonical\" href=\"https:\/\/fjala.info\/2009-2015\/papa-benedikti-xvi-pranon-ftese-e-presidentit-topi-ne-shqiperi-per-festimet-e-100-vjetorit\/\" \/>\n<meta property=\"og:locale\" content=\"sq_AL\" \/>\n<meta property=\"og:type\" content=\"article\" \/>\n<meta property=\"og:title\" content=\"Papa Benedikti XVI pranon ftes\u00eb e presidentit Topi, n\u00eb Shqip\u00ebri p\u00ebr festimet e 100 vjetorit - FjALA e LIR\u00cb - Arkivi\" \/>\n<meta property=\"og:description\" content=\"Papa Benedikti XVI p\u00ebr harmonin\u00eb fetare: \u201cnj\u00eb shembull unik t\u00eb evidentimit t\u00eb vlerave m\u00eb t\u00eb mira paqedash\u00ebse njer\u00ebzore\u201d. Presidenti Topi dhe Zonja e Par\u00eb priten n\u00eb nj\u00eb audienc\u00eb t\u00eb ve\u00e7ant\u00eb nga Ati i Shenjt\u00eb, Papa Benedikti XVI Presidenti i Republik\u00ebs, Prof. Dr. Bamir Topi dhe Zonja e Par\u00eb, Teuta Topi u prit\u00ebn sot paradite n\u00eb [&hellip;]\" \/>\n<meta property=\"og:url\" content=\"https:\/\/fjala.info\/2009-2015\/papa-benedikti-xvi-pranon-ftese-e-presidentit-topi-ne-shqiperi-per-festimet-e-100-vjetorit\/\" \/>\n<meta property=\"og:site_name\" content=\"FjALA e LIR\u00cb - Arkivi\" \/>\n<meta property=\"article:published_time\" content=\"2012-05-12T14:52:58+00:00\" \/>\n<meta property=\"og:image\" content=\"http:\/\/www.shkoder.net\/2012\/papa_topi.jpg\" \/>\n<meta name=\"author\" content=\"admin\" \/>\n<meta name=\"twitter:card\" content=\"summary_large_image\" \/>\n<meta name=\"twitter:label1\" content=\"Written by\" \/>\n\t<meta name=\"twitter:data1\" content=\"admin\" \/>\n\t<meta name=\"twitter:label2\" content=\"Est. reading time\" \/>\n\t<meta name=\"twitter:data2\" content=\"3 minutes\" \/>\n<script type=\"application\/ld+json\" class=\"yoast-schema-graph\">{\"@context\":\"https:\\\/\\\/schema.org\",\"@graph\":[{\"@type\":\"Article\",\"@id\":\"https:\\\/\\\/fjala.info\\\/2009-2015\\\/papa-benedikti-xvi-pranon-ftese-e-presidentit-topi-ne-shqiperi-per-festimet-e-100-vjetorit\\\/#article\",\"isPartOf\":{\"@id\":\"https:\\\/\\\/fjala.info\\\/2009-2015\\\/papa-benedikti-xvi-pranon-ftese-e-presidentit-topi-ne-shqiperi-per-festimet-e-100-vjetorit\\\/\"},\"author\":{\"name\":\"admin\",\"@id\":\"https:\\\/\\\/fjala.info\\\/2009-2015\\\/#\\\/schema\\\/person\\\/3aa1163ef05469c496fc94e77611ada2\"},\"headline\":\"Papa Benedikti XVI pranon ftes\u00eb e presidentit Topi, n\u00eb Shqip\u00ebri p\u00ebr festimet e 100 vjetorit\",\"datePublished\":\"2012-05-12T14:52:58+00:00\",\"mainEntityOfPage\":{\"@id\":\"https:\\\/\\\/fjala.info\\\/2009-2015\\\/papa-benedikti-xvi-pranon-ftese-e-presidentit-topi-ne-shqiperi-per-festimet-e-100-vjetorit\\\/\"},\"wordCount\":585,\"commentCount\":0,\"publisher\":{\"@id\":\"https:\\\/\\\/fjala.info\\\/2009-2015\\\/#organization\"},\"image\":{\"@id\":\"https:\\\/\\\/fjala.info\\\/2009-2015\\\/papa-benedikti-xvi-pranon-ftese-e-presidentit-topi-ne-shqiperi-per-festimet-e-100-vjetorit\\\/#primaryimage\"},\"thumbnailUrl\":\"http:\\\/\\\/www.shkoder.net\\\/2012\\\/papa_topi.jpg\",\"articleSection\":[\"Artikuj\"],\"inLanguage\":\"sq-AL\",\"potentialAction\":[{\"@type\":\"CommentAction\",\"name\":\"Comment\",\"target\":[\"https:\\\/\\\/fjala.info\\\/2009-2015\\\/papa-benedikti-xvi-pranon-ftese-e-presidentit-topi-ne-shqiperi-per-festimet-e-100-vjetorit\\\/#respond\"]}]},{\"@type\":\"WebPage\",\"@id\":\"https:\\\/\\\/fjala.info\\\/2009-2015\\\/papa-benedikti-xvi-pranon-ftese-e-presidentit-topi-ne-shqiperi-per-festimet-e-100-vjetorit\\\/\",\"url\":\"https:\\\/\\\/fjala.info\\\/2009-2015\\\/papa-benedikti-xvi-pranon-ftese-e-presidentit-topi-ne-shqiperi-per-festimet-e-100-vjetorit\\\/\",\"name\":\"Papa Benedikti XVI pranon ftes\u00eb e presidentit Topi, n\u00eb Shqip\u00ebri p\u00ebr festimet e 100 vjetorit - FjALA e LIR\u00cb - Arkivi\",\"isPartOf\":{\"@id\":\"https:\\\/\\\/fjala.info\\\/2009-2015\\\/#website\"},\"primaryImageOfPage\":{\"@id\":\"https:\\\/\\\/fjala.info\\\/2009-2015\\\/papa-benedikti-xvi-pranon-ftese-e-presidentit-topi-ne-shqiperi-per-festimet-e-100-vjetorit\\\/#primaryimage\"},\"image\":{\"@id\":\"https:\\\/\\\/fjala.info\\\/2009-2015\\\/papa-benedikti-xvi-pranon-ftese-e-presidentit-topi-ne-shqiperi-per-festimet-e-100-vjetorit\\\/#primaryimage\"},\"thumbnailUrl\":\"http:\\\/\\\/www.shkoder.net\\\/2012\\\/papa_topi.jpg\",\"datePublished\":\"2012-05-12T14:52:58+00:00\",\"breadcrumb\":{\"@id\":\"https:\\\/\\\/fjala.info\\\/2009-2015\\\/papa-benedikti-xvi-pranon-ftese-e-presidentit-topi-ne-shqiperi-per-festimet-e-100-vjetorit\\\/#breadcrumb\"},\"inLanguage\":\"sq-AL\",\"potentialAction\":[{\"@type\":\"ReadAction\",\"target\":[\"https:\\\/\\\/fjala.info\\\/2009-2015\\\/papa-benedikti-xvi-pranon-ftese-e-presidentit-topi-ne-shqiperi-per-festimet-e-100-vjetorit\\\/\"]}]},{\"@type\":\"ImageObject\",\"inLanguage\":\"sq-AL\",\"@id\":\"https:\\\/\\\/fjala.info\\\/2009-2015\\\/papa-benedikti-xvi-pranon-ftese-e-presidentit-topi-ne-shqiperi-per-festimet-e-100-vjetorit\\\/#primaryimage\",\"url\":\"http:\\\/\\\/www.shkoder.net\\\/2012\\\/papa_topi.jpg\",\"contentUrl\":\"http:\\\/\\\/www.shkoder.net\\\/2012\\\/papa_topi.jpg\"},{\"@type\":\"BreadcrumbList\",\"@id\":\"https:\\\/\\\/fjala.info\\\/2009-2015\\\/papa-benedikti-xvi-pranon-ftese-e-presidentit-topi-ne-shqiperi-per-festimet-e-100-vjetorit\\\/#breadcrumb\",\"itemListElement\":[{\"@type\":\"ListItem\",\"position\":1,\"name\":\"Home\",\"item\":\"https:\\\/\\\/fjala.info\\\/2009-2015\\\/\"},{\"@type\":\"ListItem\",\"position\":2,\"name\":\"Papa Benedikti XVI pranon ftes\u00eb e presidentit Topi, n\u00eb Shqip\u00ebri p\u00ebr festimet e 100 vjetorit\"}]},{\"@type\":\"WebSite\",\"@id\":\"https:\\\/\\\/fjala.info\\\/2009-2015\\\/#website\",\"url\":\"https:\\\/\\\/fjala.info\\\/2009-2015\\\/\",\"name\":\"FjALA e LIR\u00cb - Arkivi\",\"description\":\"Arkivi 2009-2015\",\"publisher\":{\"@id\":\"https:\\\/\\\/fjala.info\\\/2009-2015\\\/#organization\"},\"potentialAction\":[{\"@type\":\"SearchAction\",\"target\":{\"@type\":\"EntryPoint\",\"urlTemplate\":\"https:\\\/\\\/fjala.info\\\/2009-2015\\\/?s={search_term_string}\"},\"query-input\":{\"@type\":\"PropertyValueSpecification\",\"valueRequired\":true,\"valueName\":\"search_term_string\"}}],\"inLanguage\":\"sq-AL\"},{\"@type\":\"Organization\",\"@id\":\"https:\\\/\\\/fjala.info\\\/2009-2015\\\/#organization\",\"name\":\"FjALA e LIR\u00cb - Arkivi\",\"url\":\"https:\\\/\\\/fjala.info\\\/2009-2015\\\/\",\"logo\":{\"@type\":\"ImageObject\",\"inLanguage\":\"sq-AL\",\"@id\":\"https:\\\/\\\/fjala.info\\\/2009-2015\\\/#\\\/schema\\\/logo\\\/image\\\/\",\"url\":\"\",\"contentUrl\":\"\",\"caption\":\"FjALA e LIR\u00cb - Arkivi\"},\"image\":{\"@id\":\"https:\\\/\\\/fjala.info\\\/2009-2015\\\/#\\\/schema\\\/logo\\\/image\\\/\"}},{\"@type\":\"Person\",\"@id\":\"https:\\\/\\\/fjala.info\\\/2009-2015\\\/#\\\/schema\\\/person\\\/3aa1163ef05469c496fc94e77611ada2\",\"name\":\"admin\",\"image\":{\"@type\":\"ImageObject\",\"inLanguage\":\"sq-AL\",\"@id\":\"https:\\\/\\\/fjala.info\\\/2009-2015\\\/wp-content\\\/uploads\\\/2012\\\/02\\\/arben_cokaj-120x150.jpg\",\"url\":\"https:\\\/\\\/fjala.info\\\/2009-2015\\\/wp-content\\\/uploads\\\/2012\\\/02\\\/arben_cokaj-120x150.jpg\",\"contentUrl\":\"https:\\\/\\\/fjala.info\\\/2009-2015\\\/wp-content\\\/uploads\\\/2012\\\/02\\\/arben_cokaj-120x150.jpg\",\"caption\":\"admin\"},\"description\":\"Admin, Fjala e Lir\u00eb\",\"sameAs\":[\"https:\\\/\\\/fjala.info\\\/\"],\"url\":\"https:\\\/\\\/fjala.info\\\/2009-2015\\\/author\\\/admin\\\/\"}]}<\/script>\n<!-- \/ Yoast SEO plugin. -->","yoast_head_json":{"title":"Papa Benedikti XVI pranon ftes\u00eb e presidentit Topi, n\u00eb Shqip\u00ebri p\u00ebr festimet e 100 vjetorit - FjALA e LIR\u00cb - Arkivi","robots":{"index":"index","follow":"follow","max-snippet":"max-snippet:-1","max-image-preview":"max-image-preview:large","max-video-preview":"max-video-preview:-1"},"canonical":"https:\/\/fjala.info\/2009-2015\/papa-benedikti-xvi-pranon-ftese-e-presidentit-topi-ne-shqiperi-per-festimet-e-100-vjetorit\/","og_locale":"sq_AL","og_type":"article","og_title":"Papa Benedikti XVI pranon ftes\u00eb e presidentit Topi, n\u00eb Shqip\u00ebri p\u00ebr festimet e 100 vjetorit - FjALA e LIR\u00cb - Arkivi","og_description":"Papa Benedikti XVI p\u00ebr harmonin\u00eb fetare: \u201cnj\u00eb shembull unik t\u00eb evidentimit t\u00eb vlerave m\u00eb t\u00eb mira paqedash\u00ebse njer\u00ebzore\u201d. Presidenti Topi dhe Zonja e Par\u00eb priten n\u00eb nj\u00eb audienc\u00eb t\u00eb ve\u00e7ant\u00eb nga Ati i Shenjt\u00eb, Papa Benedikti XVI Presidenti i Republik\u00ebs, Prof. Dr. Bamir Topi dhe Zonja e Par\u00eb, Teuta Topi u prit\u00ebn sot paradite n\u00eb [&hellip;]","og_url":"https:\/\/fjala.info\/2009-2015\/papa-benedikti-xvi-pranon-ftese-e-presidentit-topi-ne-shqiperi-per-festimet-e-100-vjetorit\/","og_site_name":"FjALA e LIR\u00cb - Arkivi","article_published_time":"2012-05-12T14:52:58+00:00","og_image":[{"url":"http:\/\/www.shkoder.net\/2012\/papa_topi.jpg","type":"","width":"","height":""}],"author":"admin","twitter_card":"summary_large_image","twitter_misc":{"Written by":"admin","Est. reading time":"3 minutes"},"schema":{"@context":"https:\/\/schema.org","@graph":[{"@type":"Article","@id":"https:\/\/fjala.info\/2009-2015\/papa-benedikti-xvi-pranon-ftese-e-presidentit-topi-ne-shqiperi-per-festimet-e-100-vjetorit\/#article","isPartOf":{"@id":"https:\/\/fjala.info\/2009-2015\/papa-benedikti-xvi-pranon-ftese-e-presidentit-topi-ne-shqiperi-per-festimet-e-100-vjetorit\/"},"author":{"name":"admin","@id":"https:\/\/fjala.info\/2009-2015\/#\/schema\/person\/3aa1163ef05469c496fc94e77611ada2"},"headline":"Papa Benedikti XVI pranon ftes\u00eb e presidentit Topi, n\u00eb Shqip\u00ebri p\u00ebr festimet e 100 vjetorit","datePublished":"2012-05-12T14:52:58+00:00","mainEntityOfPage":{"@id":"https:\/\/fjala.info\/2009-2015\/papa-benedikti-xvi-pranon-ftese-e-presidentit-topi-ne-shqiperi-per-festimet-e-100-vjetorit\/"},"wordCount":585,"commentCount":0,"publisher":{"@id":"https:\/\/fjala.info\/2009-2015\/#organization"},"image":{"@id":"https:\/\/fjala.info\/2009-2015\/papa-benedikti-xvi-pranon-ftese-e-presidentit-topi-ne-shqiperi-per-festimet-e-100-vjetorit\/#primaryimage"},"thumbnailUrl":"http:\/\/www.shkoder.net\/2012\/papa_topi.jpg","articleSection":["Artikuj"],"inLanguage":"sq-AL","potentialAction":[{"@type":"CommentAction","name":"Comment","target":["https:\/\/fjala.info\/2009-2015\/papa-benedikti-xvi-pranon-ftese-e-presidentit-topi-ne-shqiperi-per-festimet-e-100-vjetorit\/#respond"]}]},{"@type":"WebPage","@id":"https:\/\/fjala.info\/2009-2015\/papa-benedikti-xvi-pranon-ftese-e-presidentit-topi-ne-shqiperi-per-festimet-e-100-vjetorit\/","url":"https:\/\/fjala.info\/2009-2015\/papa-benedikti-xvi-pranon-ftese-e-presidentit-topi-ne-shqiperi-per-festimet-e-100-vjetorit\/","name":"Papa Benedikti XVI pranon ftes\u00eb e presidentit Topi, n\u00eb Shqip\u00ebri p\u00ebr festimet e 100 vjetorit - FjALA e LIR\u00cb - Arkivi","isPartOf":{"@id":"https:\/\/fjala.info\/2009-2015\/#website"},"primaryImageOfPage":{"@id":"https:\/\/fjala.info\/2009-2015\/papa-benedikti-xvi-pranon-ftese-e-presidentit-topi-ne-shqiperi-per-festimet-e-100-vjetorit\/#primaryimage"},"image":{"@id":"https:\/\/fjala.info\/2009-2015\/papa-benedikti-xvi-pranon-ftese-e-presidentit-topi-ne-shqiperi-per-festimet-e-100-vjetorit\/#primaryimage"},"thumbnailUrl":"http:\/\/www.shkoder.net\/2012\/papa_topi.jpg","datePublished":"2012-05-12T14:52:58+00:00","breadcrumb":{"@id":"https:\/\/fjala.info\/2009-2015\/papa-benedikti-xvi-pranon-ftese-e-presidentit-topi-ne-shqiperi-per-festimet-e-100-vjetorit\/#breadcrumb"},"inLanguage":"sq-AL","potentialAction":[{"@type":"ReadAction","target":["https:\/\/fjala.info\/2009-2015\/papa-benedikti-xvi-pranon-ftese-e-presidentit-topi-ne-shqiperi-per-festimet-e-100-vjetorit\/"]}]},{"@type":"ImageObject","inLanguage":"sq-AL","@id":"https:\/\/fjala.info\/2009-2015\/papa-benedikti-xvi-pranon-ftese-e-presidentit-topi-ne-shqiperi-per-festimet-e-100-vjetorit\/#primaryimage","url":"http:\/\/www.shkoder.net\/2012\/papa_topi.jpg","contentUrl":"http:\/\/www.shkoder.net\/2012\/papa_topi.jpg"},{"@type":"BreadcrumbList","@id":"https:\/\/fjala.info\/2009-2015\/papa-benedikti-xvi-pranon-ftese-e-presidentit-topi-ne-shqiperi-per-festimet-e-100-vjetorit\/#breadcrumb","itemListElement":[{"@type":"ListItem","position":1,"name":"Home","item":"https:\/\/fjala.info\/2009-2015\/"},{"@type":"ListItem","position":2,"name":"Papa Benedikti XVI pranon ftes\u00eb e presidentit Topi, n\u00eb Shqip\u00ebri p\u00ebr festimet e 100 vjetorit"}]},{"@type":"WebSite","@id":"https:\/\/fjala.info\/2009-2015\/#website","url":"https:\/\/fjala.info\/2009-2015\/","name":"FjALA e LIR\u00cb - Arkivi","description":"Arkivi 2009-2015","publisher":{"@id":"https:\/\/fjala.info\/2009-2015\/#organization"},"potentialAction":[{"@type":"SearchAction","target":{"@type":"EntryPoint","urlTemplate":"https:\/\/fjala.info\/2009-2015\/?s={search_term_string}"},"query-input":{"@type":"PropertyValueSpecification","valueRequired":true,"valueName":"search_term_string"}}],"inLanguage":"sq-AL"},{"@type":"Organization","@id":"https:\/\/fjala.info\/2009-2015\/#organization","name":"FjALA e LIR\u00cb - Arkivi","url":"https:\/\/fjala.info\/2009-2015\/","logo":{"@type":"ImageObject","inLanguage":"sq-AL","@id":"https:\/\/fjala.info\/2009-2015\/#\/schema\/logo\/image\/","url":"","contentUrl":"","caption":"FjALA e LIR\u00cb - Arkivi"},"image":{"@id":"https:\/\/fjala.info\/2009-2015\/#\/schema\/logo\/image\/"}},{"@type":"Person","@id":"https:\/\/fjala.info\/2009-2015\/#\/schema\/person\/3aa1163ef05469c496fc94e77611ada2","name":"admin","image":{"@type":"ImageObject","inLanguage":"sq-AL","@id":"https:\/\/fjala.info\/2009-2015\/wp-content\/uploads\/2012\/02\/arben_cokaj-120x150.jpg","url":"https:\/\/fjala.info\/2009-2015\/wp-content\/uploads\/2012\/02\/arben_cokaj-120x150.jpg","contentUrl":"https:\/\/fjala.info\/2009-2015\/wp-content\/uploads\/2012\/02\/arben_cokaj-120x150.jpg","caption":"admin"},"description":"Admin, Fjala e Lir\u00eb","sameAs":["https:\/\/fjala.info\/"],"url":"https:\/\/fjala.info\/2009-2015\/author\/admin\/"}]}},"_links":{"self":[{"href":"https:\/\/fjala.info\/2009-2015\/wp-json\/wp\/v2\/posts\/11816","targetHints":{"allow":["GET"]}}],"collection":[{"href":"https:\/\/fjala.info\/2009-2015\/wp-json\/wp\/v2\/posts"}],"about":[{"href":"https:\/\/fjala.info\/2009-2015\/wp-json\/wp\/v2\/types\/post"}],"author":[{"embeddable":true,"href":"https:\/\/fjala.info\/2009-2015\/wp-json\/wp\/v2\/users\/1"}],"replies":[{"embeddable":true,"href":"https:\/\/fjala.info\/2009-2015\/wp-json\/wp\/v2\/comments?post=11816"}],"version-history":[{"count":0,"href":"https:\/\/fjala.info\/2009-2015\/wp-json\/wp\/v2\/posts\/11816\/revisions"}],"wp:attachment":[{"href":"https:\/\/fjala.info\/2009-2015\/wp-json\/wp\/v2\/media?parent=11816"}],"wp:term":[{"taxonomy":"category","embeddable":true,"href":"https:\/\/fjala.info\/2009-2015\/wp-json\/wp\/v2\/categories?post=11816"},{"taxonomy":"post_tag","embeddable":true,"href":"https:\/\/fjala.info\/2009-2015\/wp-json\/wp\/v2\/tags?post=11816"}],"curies":[{"name":"wp","href":"https:\/\/api.w.org\/{rel}","templated":true}]}}