{"id":11815,"date":"2012-05-11T15:41:38","date_gmt":"2012-05-11T14:41:38","guid":{"rendered":"http:\/\/fjala.shkoder.net\/?p=2754"},"modified":"2012-05-11T15:41:38","modified_gmt":"2012-05-11T14:41:38","slug":"exkomunikimi-dhe-cervishi-bajat","status":"publish","type":"post","link":"https:\/\/fjala.info\/2009-2015\/exkomunikimi-dhe-cervishi-bajat\/","title":{"rendered":"Exkomunikimi dhe \u00e7ervishi bajat!&#8230;"},"content":{"rendered":"<p><img decoding=\"async\" class=\"alignright size-thumbnail wp-image-7236\" title=\"Bekim Rexhepi\" src=\"http:\/\/www.shkoder.net\/images\/fjala\/bekim_rexhepi.jpg\" alt=\"\" width=\"150\" \/> (<em>Reagim mbi pa\u00e7avuren e t\u00eb ashtuquajturit Prof. Dr. Shefqet KRASNIQI me titull \u201dShqiptar\u00ebt jan\u00eb popull i nemun, Allahu i pruft n\u2019men\u201d!<\/em>)<\/p>\n<p>Nga <strong>Bekim Rexhepi<\/strong><\/p>\n<p><em>Po e parafrazoi nj\u00eb fjal\u00eb t\u00eb popullit tim; &#8211; Budall\u00ebku nuk ka skaj. <\/em><\/p>\n<p>Dhe kjo fjal\u00eb e tro\u00e7-ur i shko p\u00ebr shtati n\u00eb p\u00ebrgjigjeje t\u00eb Hoxh\u00ebs\/ Shefqet Krasniqi. K\u00ebtij far\u00eb njeriu i teket, ta z\u00ebm\u00eb, kur do e, me \u00e7do kusht do nj\u00eb perceptimi t\u00eb \u00e7oroditur p\u00ebr shqiptaret e sot\u00ebm, perceptimi dhe m\u00ebsymja drejt\u00eb nj\u00eb realitet t\u00eb \u201cpandryshuesh\u00ebm\u201d, pavar\u00ebsisht historis\u00eb (se shqiptar\u00ebve), drejt\u00eb fatit apo mallkimit t\u00eb tij, shqiptaret nuk mund t\u00eb korrigjohet sipas tekave t\u00eb hoxhallar\u00ebve apo ideologjive disfatiste qe p\u00ebrhapin ithtar\u00ebt e tyre.<\/p>\n<p>Assesi nuk mund t\u00eb perceptohet kombi shqiptar si komb islamit. Shqiptaret n\u00eb historin\u00eb e tyre kan\u00eb kap\u00ebrcyer religjione t\u00eb ndryshme, mitologjike e ideologjike dhe prap\u00eb se prap\u00eb ata mbet\u00ebn si komb m\u00eb vlera t\u00eb ve\u00e7anta kulturore shqiptare.<\/p>\n<p>Vet\u00ebm nj\u00eb budalla i sot\u00ebm p\u00ebr\u00e7on n\u00eb publik formulime t\u00eb tilla si kjo:\u201dShqiptar\u00ebt jan\u00eb popull i nemun, Allahu i pruft n\u2019men\u201d!, i ashtuquajturi: Prof.Dr. Shefqet Krasniqi.<\/p>\n<p>Ia p\u00ebrkujtojm\u00eb p\u00ebr t\u00eb mos harruar se askund n\u00eb bot\u00eb nuk ka popull t\u00eb n\u00ebmur e popull fatlum, por se ka pun\u00eb t\u00eb pakryera n\u00eb p\u00ebrgjith\u00ebsi nga njer\u00ebzit q\u00eb udh\u00ebheqin jet\u00ebn e nj\u00eb populli dhe e b\u00ebjn\u00eb at\u00eb t\u00eb duket \u201ci nemitur\u201d, dhe ka pun\u00eb t\u00eb kryera n\u00eb t\u00eb gjitha segmentet jet\u00ebsore nga njer\u00ebz q\u00eb udh\u00ebheqin jet\u00ebn e nj\u00eb populli dhe e b\u00ebjn\u00eb at\u00eb t\u00eb duket \u201cfatlume\u201d!&#8230;<\/p>\n<p>Pra, n\u00ebse ka nj\u00eb popull t\u00eb till\u00eb t\u00eb n\u00ebmur apo fatlum, at\u00ebher\u00eb mbase duhet shikuar ne kontekstet e zhvillimit t\u00eb tij apo t\u00eb ngecjes s\u00eb tij. Kjo t\u00eb ngjan\u00eb goxha me at\u00eb tregimin historik t\u00eb islamit, se si:\u201d nj\u00eb rob i zotit, qe kishte nd\u00ebrtuar 3 her\u00eb pallatin e tij, p\u00ebr shkak se ky pallat padrejt\u00ebsisht ishte shnd\u00ebrruar n\u00eb element paragjykuese tek populli (dembel i asaj kohe), i cili p\u00ebrve\u00e7se hat\u00ebrohej me robin po hat\u00ebrohej edhe me vet zotin. Fakti i \u201cpopullit dembel\u201d qeponte n\u00eb at\u00eb se pse disi zoti nj\u00ebansh\u00ebm kishte nxjerr\u00eb gjith\u00eb simpatin\u00eb e tij tek robi dhe jo nj\u00ebtrajtsh\u00ebm edhe me t\u00eb tjer\u00ebt.<\/p>\n<p>Gjykimi i zotit n\u00eb k\u00ebt\u00eb m\u00ebnyr\u00eb nga \u201cpopulli dembel\u201d n\u00eb esenc\u00ebn e tregim, gjithsesi orvat\u00ebt t\u00eb d\u00ebshmohet fuqia e argumentimit t\u00eb nj\u00eb sprove ne mes t\u00eb robit pun\u00ebtor dhe t\u00eb popullit dembel. Pra, n\u00eb k\u00ebt\u00eb tregim mbase, individi dhe bashk\u00ebsia duhet t\u00eb b\u00ebj\u00eb besimin dhe pun\u00ebn si nj\u00eb domosdo n\u00eb jet\u00eb qe ajo t\u00eb ket\u00eb m\u00eb shum\u00eb luksin e nj\u00eb \u201cDeux Machina\u201ddhe jo \u201cmjerimin dhe fatin e n\u00ebmur\u201d.<\/p>\n<p>Hoxha kaq budalla sa \u00ebsht\u00eb, dhe kaq i pa skaj sa \u00ebsht\u00eb, nuk arrin t\u00eb kuptoi esenc\u00ebn jet\u00ebsore t\u00eb njer\u00ebzimit, madje p\u00ebrtej hund\u00ebs s\u00eb tij. Nuk mund t\u00eb shtrohen vler\u00ebsim t\u00eb till\u00eb absurd, n\u00eb nj\u00eb shoq\u00ebri e cila ne fakt p\u00ebrjeton bot\u00ebn mekanike, t\u00eb cil\u00ebn n\u00eb t\u00eb shumt\u00ebn e rasteve e b\u00ebn\u00eb p\u00ebr t\u00eb qen\u00eb si zoti i tij, sepse ia leht\u00ebson gj\u00ebrat e liron nga v\u00ebshtirit fizike mendore, etj.<\/p>\n<p>Nuk ka nj\u00eb shqiptar t\u00eb vet\u00ebm qe nuk mund t\u00eb lum\u2019nohet me emrin dhe ekzistenc\u00ebn e N\u00ebn\u00ebs Teres\u00eb, e n\u00ebn\u00ebs shqiptare qe u b\u00eb n\u00ebn\u00eb e sh\u00ebmb\u00eblltyr\u00ebs bot\u00ebrore. Mu tek ky rast t\u00eb p\u00ebrkujtojm\u00eb m\u00ebkatin e Hoxh\u00ebs SH. Krasniqi, t\u00eb hoxh\u00eb ziut, qe u b\u00eb zot m\u00eb i madh se zoti vet, duke ia p\u00ebrcaktuar vendin e prehjes N\u00ebn\u00ebs Teres\u00eb.<\/p>\n<p>K\u00ebtij far\u00eb njeriu i teket, ta z\u00ebm\u00eb, kur do e, me \u00e7do kusht do ti prek me duar t\u00eb zeza, kodet e shqiptar\u00ebve.<\/p>\n<p>Por, \u00e7ka me popullin tani se k\u00ebt\u00eb se kuptojm\u00eb?!.. Populli shqiptar ka kodet e tij, Agroni, Teuta, Sk\u00ebnderbeu, Pjet\u00ebr Bogdani, Gjon Buzukut, N\u00ebna Teres\u00eb, Adem Jashari etj, dhe po preken k\u00ebto kode, e b\u00ebn\u00eb v\u00ebrtet\u00eb karremin, e karremi hoxh\u00eb ziu, mbase po karikaturohet si i njeriu me at\u00eb bomb\u00eb mbi kok\u00eb.<\/p>\n<p><strong>P\u00ebrforcimi i identitetit vehabist <\/strong><\/p>\n<p>Sot jemi d\u00ebshmitar t\u00eb identiteteve t\u00eb sforcuara religjioze qe e dehumanizojn\u00eb njeriun dhe e k\u00ebrc\u00ebnojn\u00eb vazhdimisht shkat\u00ebrrimin e tij si qenje njer\u00ebzore, e zhvendosin at\u00eb n\u00eb zon\u00ebn e disfatizmit dhe e b\u00ebjn\u00eb t\u00eb ndrojtur edhe nga hija e tij. Jan\u00eb struktura t\u00eb infiltruara n\u00eb Kosov\u00eb, qe p\u00ebr shkak t\u00eb reagimeve orvaten t\u00eb zbuten, her\u00ebs t\u00eb b\u00ebjn\u00eb strucin e dit\u00ebs dhe her\u00ebs demonin e nat\u00ebs. Vehabizmi ka nj\u00eb identitet t\u00eb sforcuar n\u00eb Kosov\u00eb, k\u00ebtu i verb\u00ebti mbetet pa shkop sepse realisht prek\u00ebn gj\u00ebrat. Vitin e kaluar m\u00eb rastisi t\u00eb shoh nj\u00eb shqiptare t\u00eb mbuluat me ferexhe, as syt\u00eb dhe asgj\u00eb l\u00ebkure nuk dukej n\u00eb t\u00eb ve\u00e7 mbuloja, kishte hyr\u00eb n\u00eb nj\u00eb byzhiteri, dhe p\u00ebr \u00e7udi t\u00eb zotit, ajo k\u00ebrkoi nj\u00eb buz\u00ebkuq, ky akt n\u00eb k\u00ebt\u00eb koh\u00eb t\u00eb le exkomunikativ, por edhe m\u00eb keq qe s\u2019durohet m\u00eb ky \u00e7ervishi bajat&#8230;<\/p>\n","protected":false},"excerpt":{"rendered":"<p>(Reagim mbi pa\u00e7avuren e t\u00eb ashtuquajturit Prof. Dr. Shefqet KRASNIQI me titull \u201dShqiptar\u00ebt jan\u00eb popull i nemun, Allahu i pruft n\u2019men\u201d!) Nga Bekim Rexhepi Po e parafrazoi nj\u00eb fjal\u00eb t\u00eb popullit tim; &#8211; Budall\u00ebku nuk ka skaj. Dhe kjo fjal\u00eb e tro\u00e7-ur i shko p\u00ebr shtati n\u00eb p\u00ebrgjigjeje t\u00eb Hoxh\u00ebs\/ Shefqet Krasniqi. K\u00ebtij far\u00eb njeriu [&hellip;]<\/p>\n","protected":false},"author":1,"featured_media":0,"comment_status":"open","ping_status":"closed","sticky":false,"template":"","format":"standard","meta":{"footnotes":""},"categories":[2],"tags":[],"class_list":{"0":"post-11815","1":"post","2":"type-post","3":"status-publish","4":"format-standard","6":"category-artikuj"},"yoast_head":"<!-- This site is optimized with the Yoast SEO plugin v27.4 - https:\/\/yoast.com\/product\/yoast-seo-wordpress\/ -->\n<title>Exkomunikimi dhe \u00e7ervishi bajat!... - FjALA e LIR\u00cb - Arkivi<\/title>\n<meta name=\"robots\" content=\"index, follow, max-snippet:-1, max-image-preview:large, max-video-preview:-1\" \/>\n<link rel=\"canonical\" href=\"https:\/\/fjala.info\/2009-2015\/exkomunikimi-dhe-cervishi-bajat\/\" \/>\n<meta property=\"og:locale\" content=\"sq_AL\" \/>\n<meta property=\"og:type\" content=\"article\" \/>\n<meta property=\"og:title\" content=\"Exkomunikimi dhe \u00e7ervishi bajat!... - FjALA e LIR\u00cb - Arkivi\" \/>\n<meta property=\"og:description\" content=\"(Reagim mbi pa\u00e7avuren e t\u00eb ashtuquajturit Prof. Dr. Shefqet KRASNIQI me titull \u201dShqiptar\u00ebt jan\u00eb popull i nemun, Allahu i pruft n\u2019men\u201d!) Nga Bekim Rexhepi Po e parafrazoi nj\u00eb fjal\u00eb t\u00eb popullit tim; &#8211; Budall\u00ebku nuk ka skaj. Dhe kjo fjal\u00eb e tro\u00e7-ur i shko p\u00ebr shtati n\u00eb p\u00ebrgjigjeje t\u00eb Hoxh\u00ebs\/ Shefqet Krasniqi. K\u00ebtij far\u00eb njeriu [&hellip;]\" \/>\n<meta property=\"og:url\" content=\"https:\/\/fjala.info\/2009-2015\/exkomunikimi-dhe-cervishi-bajat\/\" \/>\n<meta property=\"og:site_name\" content=\"FjALA e LIR\u00cb - Arkivi\" \/>\n<meta property=\"article:published_time\" content=\"2012-05-11T14:41:38+00:00\" \/>\n<meta property=\"og:image\" content=\"http:\/\/www.shkoder.net\/images\/fjala\/bekim_rexhepi.jpg\" \/>\n<meta name=\"author\" content=\"admin\" \/>\n<meta name=\"twitter:card\" content=\"summary_large_image\" \/>\n<meta name=\"twitter:label1\" content=\"Written by\" \/>\n\t<meta name=\"twitter:data1\" content=\"admin\" \/>\n\t<meta name=\"twitter:label2\" content=\"Est. reading time\" \/>\n\t<meta name=\"twitter:data2\" content=\"4 minutes\" \/>\n<script type=\"application\/ld+json\" class=\"yoast-schema-graph\">{\"@context\":\"https:\\\/\\\/schema.org\",\"@graph\":[{\"@type\":\"Article\",\"@id\":\"https:\\\/\\\/fjala.info\\\/2009-2015\\\/exkomunikimi-dhe-cervishi-bajat\\\/#article\",\"isPartOf\":{\"@id\":\"https:\\\/\\\/fjala.info\\\/2009-2015\\\/exkomunikimi-dhe-cervishi-bajat\\\/\"},\"author\":{\"name\":\"admin\",\"@id\":\"https:\\\/\\\/fjala.info\\\/2009-2015\\\/#\\\/schema\\\/person\\\/3aa1163ef05469c496fc94e77611ada2\"},\"headline\":\"Exkomunikimi dhe \u00e7ervishi bajat!&#8230;\",\"datePublished\":\"2012-05-11T14:41:38+00:00\",\"mainEntityOfPage\":{\"@id\":\"https:\\\/\\\/fjala.info\\\/2009-2015\\\/exkomunikimi-dhe-cervishi-bajat\\\/\"},\"wordCount\":902,\"commentCount\":0,\"publisher\":{\"@id\":\"https:\\\/\\\/fjala.info\\\/2009-2015\\\/#organization\"},\"image\":{\"@id\":\"https:\\\/\\\/fjala.info\\\/2009-2015\\\/exkomunikimi-dhe-cervishi-bajat\\\/#primaryimage\"},\"thumbnailUrl\":\"http:\\\/\\\/www.shkoder.net\\\/images\\\/fjala\\\/bekim_rexhepi.jpg\",\"articleSection\":[\"Artikuj\"],\"inLanguage\":\"sq-AL\",\"potentialAction\":[{\"@type\":\"CommentAction\",\"name\":\"Comment\",\"target\":[\"https:\\\/\\\/fjala.info\\\/2009-2015\\\/exkomunikimi-dhe-cervishi-bajat\\\/#respond\"]}]},{\"@type\":\"WebPage\",\"@id\":\"https:\\\/\\\/fjala.info\\\/2009-2015\\\/exkomunikimi-dhe-cervishi-bajat\\\/\",\"url\":\"https:\\\/\\\/fjala.info\\\/2009-2015\\\/exkomunikimi-dhe-cervishi-bajat\\\/\",\"name\":\"Exkomunikimi dhe \u00e7ervishi bajat!... - FjALA e LIR\u00cb - Arkivi\",\"isPartOf\":{\"@id\":\"https:\\\/\\\/fjala.info\\\/2009-2015\\\/#website\"},\"primaryImageOfPage\":{\"@id\":\"https:\\\/\\\/fjala.info\\\/2009-2015\\\/exkomunikimi-dhe-cervishi-bajat\\\/#primaryimage\"},\"image\":{\"@id\":\"https:\\\/\\\/fjala.info\\\/2009-2015\\\/exkomunikimi-dhe-cervishi-bajat\\\/#primaryimage\"},\"thumbnailUrl\":\"http:\\\/\\\/www.shkoder.net\\\/images\\\/fjala\\\/bekim_rexhepi.jpg\",\"datePublished\":\"2012-05-11T14:41:38+00:00\",\"breadcrumb\":{\"@id\":\"https:\\\/\\\/fjala.info\\\/2009-2015\\\/exkomunikimi-dhe-cervishi-bajat\\\/#breadcrumb\"},\"inLanguage\":\"sq-AL\",\"potentialAction\":[{\"@type\":\"ReadAction\",\"target\":[\"https:\\\/\\\/fjala.info\\\/2009-2015\\\/exkomunikimi-dhe-cervishi-bajat\\\/\"]}]},{\"@type\":\"ImageObject\",\"inLanguage\":\"sq-AL\",\"@id\":\"https:\\\/\\\/fjala.info\\\/2009-2015\\\/exkomunikimi-dhe-cervishi-bajat\\\/#primaryimage\",\"url\":\"http:\\\/\\\/www.shkoder.net\\\/images\\\/fjala\\\/bekim_rexhepi.jpg\",\"contentUrl\":\"http:\\\/\\\/www.shkoder.net\\\/images\\\/fjala\\\/bekim_rexhepi.jpg\"},{\"@type\":\"BreadcrumbList\",\"@id\":\"https:\\\/\\\/fjala.info\\\/2009-2015\\\/exkomunikimi-dhe-cervishi-bajat\\\/#breadcrumb\",\"itemListElement\":[{\"@type\":\"ListItem\",\"position\":1,\"name\":\"Home\",\"item\":\"https:\\\/\\\/fjala.info\\\/2009-2015\\\/\"},{\"@type\":\"ListItem\",\"position\":2,\"name\":\"Exkomunikimi dhe \u00e7ervishi bajat!&#8230;\"}]},{\"@type\":\"WebSite\",\"@id\":\"https:\\\/\\\/fjala.info\\\/2009-2015\\\/#website\",\"url\":\"https:\\\/\\\/fjala.info\\\/2009-2015\\\/\",\"name\":\"FjALA e LIR\u00cb - Arkivi\",\"description\":\"Arkivi 2009-2015\",\"publisher\":{\"@id\":\"https:\\\/\\\/fjala.info\\\/2009-2015\\\/#organization\"},\"potentialAction\":[{\"@type\":\"SearchAction\",\"target\":{\"@type\":\"EntryPoint\",\"urlTemplate\":\"https:\\\/\\\/fjala.info\\\/2009-2015\\\/?s={search_term_string}\"},\"query-input\":{\"@type\":\"PropertyValueSpecification\",\"valueRequired\":true,\"valueName\":\"search_term_string\"}}],\"inLanguage\":\"sq-AL\"},{\"@type\":\"Organization\",\"@id\":\"https:\\\/\\\/fjala.info\\\/2009-2015\\\/#organization\",\"name\":\"FjALA e LIR\u00cb - Arkivi\",\"url\":\"https:\\\/\\\/fjala.info\\\/2009-2015\\\/\",\"logo\":{\"@type\":\"ImageObject\",\"inLanguage\":\"sq-AL\",\"@id\":\"https:\\\/\\\/fjala.info\\\/2009-2015\\\/#\\\/schema\\\/logo\\\/image\\\/\",\"url\":\"\",\"contentUrl\":\"\",\"caption\":\"FjALA e LIR\u00cb - Arkivi\"},\"image\":{\"@id\":\"https:\\\/\\\/fjala.info\\\/2009-2015\\\/#\\\/schema\\\/logo\\\/image\\\/\"}},{\"@type\":\"Person\",\"@id\":\"https:\\\/\\\/fjala.info\\\/2009-2015\\\/#\\\/schema\\\/person\\\/3aa1163ef05469c496fc94e77611ada2\",\"name\":\"admin\",\"image\":{\"@type\":\"ImageObject\",\"inLanguage\":\"sq-AL\",\"@id\":\"https:\\\/\\\/fjala.info\\\/2009-2015\\\/wp-content\\\/uploads\\\/2012\\\/02\\\/arben_cokaj-120x150.jpg\",\"url\":\"https:\\\/\\\/fjala.info\\\/2009-2015\\\/wp-content\\\/uploads\\\/2012\\\/02\\\/arben_cokaj-120x150.jpg\",\"contentUrl\":\"https:\\\/\\\/fjala.info\\\/2009-2015\\\/wp-content\\\/uploads\\\/2012\\\/02\\\/arben_cokaj-120x150.jpg\",\"caption\":\"admin\"},\"description\":\"Admin, Fjala e Lir\u00eb\",\"sameAs\":[\"https:\\\/\\\/fjala.info\\\/\"],\"url\":\"https:\\\/\\\/fjala.info\\\/2009-2015\\\/author\\\/admin\\\/\"}]}<\/script>\n<!-- \/ Yoast SEO plugin. -->","yoast_head_json":{"title":"Exkomunikimi dhe \u00e7ervishi bajat!... - FjALA e LIR\u00cb - Arkivi","robots":{"index":"index","follow":"follow","max-snippet":"max-snippet:-1","max-image-preview":"max-image-preview:large","max-video-preview":"max-video-preview:-1"},"canonical":"https:\/\/fjala.info\/2009-2015\/exkomunikimi-dhe-cervishi-bajat\/","og_locale":"sq_AL","og_type":"article","og_title":"Exkomunikimi dhe \u00e7ervishi bajat!... - FjALA e LIR\u00cb - Arkivi","og_description":"(Reagim mbi pa\u00e7avuren e t\u00eb ashtuquajturit Prof. Dr. Shefqet KRASNIQI me titull \u201dShqiptar\u00ebt jan\u00eb popull i nemun, Allahu i pruft n\u2019men\u201d!) Nga Bekim Rexhepi Po e parafrazoi nj\u00eb fjal\u00eb t\u00eb popullit tim; &#8211; Budall\u00ebku nuk ka skaj. Dhe kjo fjal\u00eb e tro\u00e7-ur i shko p\u00ebr shtati n\u00eb p\u00ebrgjigjeje t\u00eb Hoxh\u00ebs\/ Shefqet Krasniqi. K\u00ebtij far\u00eb njeriu [&hellip;]","og_url":"https:\/\/fjala.info\/2009-2015\/exkomunikimi-dhe-cervishi-bajat\/","og_site_name":"FjALA e LIR\u00cb - Arkivi","article_published_time":"2012-05-11T14:41:38+00:00","og_image":[{"url":"http:\/\/www.shkoder.net\/images\/fjala\/bekim_rexhepi.jpg","type":"","width":"","height":""}],"author":"admin","twitter_card":"summary_large_image","twitter_misc":{"Written by":"admin","Est. reading time":"4 minutes"},"schema":{"@context":"https:\/\/schema.org","@graph":[{"@type":"Article","@id":"https:\/\/fjala.info\/2009-2015\/exkomunikimi-dhe-cervishi-bajat\/#article","isPartOf":{"@id":"https:\/\/fjala.info\/2009-2015\/exkomunikimi-dhe-cervishi-bajat\/"},"author":{"name":"admin","@id":"https:\/\/fjala.info\/2009-2015\/#\/schema\/person\/3aa1163ef05469c496fc94e77611ada2"},"headline":"Exkomunikimi dhe \u00e7ervishi bajat!&#8230;","datePublished":"2012-05-11T14:41:38+00:00","mainEntityOfPage":{"@id":"https:\/\/fjala.info\/2009-2015\/exkomunikimi-dhe-cervishi-bajat\/"},"wordCount":902,"commentCount":0,"publisher":{"@id":"https:\/\/fjala.info\/2009-2015\/#organization"},"image":{"@id":"https:\/\/fjala.info\/2009-2015\/exkomunikimi-dhe-cervishi-bajat\/#primaryimage"},"thumbnailUrl":"http:\/\/www.shkoder.net\/images\/fjala\/bekim_rexhepi.jpg","articleSection":["Artikuj"],"inLanguage":"sq-AL","potentialAction":[{"@type":"CommentAction","name":"Comment","target":["https:\/\/fjala.info\/2009-2015\/exkomunikimi-dhe-cervishi-bajat\/#respond"]}]},{"@type":"WebPage","@id":"https:\/\/fjala.info\/2009-2015\/exkomunikimi-dhe-cervishi-bajat\/","url":"https:\/\/fjala.info\/2009-2015\/exkomunikimi-dhe-cervishi-bajat\/","name":"Exkomunikimi dhe \u00e7ervishi bajat!... - FjALA e LIR\u00cb - Arkivi","isPartOf":{"@id":"https:\/\/fjala.info\/2009-2015\/#website"},"primaryImageOfPage":{"@id":"https:\/\/fjala.info\/2009-2015\/exkomunikimi-dhe-cervishi-bajat\/#primaryimage"},"image":{"@id":"https:\/\/fjala.info\/2009-2015\/exkomunikimi-dhe-cervishi-bajat\/#primaryimage"},"thumbnailUrl":"http:\/\/www.shkoder.net\/images\/fjala\/bekim_rexhepi.jpg","datePublished":"2012-05-11T14:41:38+00:00","breadcrumb":{"@id":"https:\/\/fjala.info\/2009-2015\/exkomunikimi-dhe-cervishi-bajat\/#breadcrumb"},"inLanguage":"sq-AL","potentialAction":[{"@type":"ReadAction","target":["https:\/\/fjala.info\/2009-2015\/exkomunikimi-dhe-cervishi-bajat\/"]}]},{"@type":"ImageObject","inLanguage":"sq-AL","@id":"https:\/\/fjala.info\/2009-2015\/exkomunikimi-dhe-cervishi-bajat\/#primaryimage","url":"http:\/\/www.shkoder.net\/images\/fjala\/bekim_rexhepi.jpg","contentUrl":"http:\/\/www.shkoder.net\/images\/fjala\/bekim_rexhepi.jpg"},{"@type":"BreadcrumbList","@id":"https:\/\/fjala.info\/2009-2015\/exkomunikimi-dhe-cervishi-bajat\/#breadcrumb","itemListElement":[{"@type":"ListItem","position":1,"name":"Home","item":"https:\/\/fjala.info\/2009-2015\/"},{"@type":"ListItem","position":2,"name":"Exkomunikimi dhe \u00e7ervishi bajat!&#8230;"}]},{"@type":"WebSite","@id":"https:\/\/fjala.info\/2009-2015\/#website","url":"https:\/\/fjala.info\/2009-2015\/","name":"FjALA e LIR\u00cb - Arkivi","description":"Arkivi 2009-2015","publisher":{"@id":"https:\/\/fjala.info\/2009-2015\/#organization"},"potentialAction":[{"@type":"SearchAction","target":{"@type":"EntryPoint","urlTemplate":"https:\/\/fjala.info\/2009-2015\/?s={search_term_string}"},"query-input":{"@type":"PropertyValueSpecification","valueRequired":true,"valueName":"search_term_string"}}],"inLanguage":"sq-AL"},{"@type":"Organization","@id":"https:\/\/fjala.info\/2009-2015\/#organization","name":"FjALA e LIR\u00cb - Arkivi","url":"https:\/\/fjala.info\/2009-2015\/","logo":{"@type":"ImageObject","inLanguage":"sq-AL","@id":"https:\/\/fjala.info\/2009-2015\/#\/schema\/logo\/image\/","url":"","contentUrl":"","caption":"FjALA e LIR\u00cb - Arkivi"},"image":{"@id":"https:\/\/fjala.info\/2009-2015\/#\/schema\/logo\/image\/"}},{"@type":"Person","@id":"https:\/\/fjala.info\/2009-2015\/#\/schema\/person\/3aa1163ef05469c496fc94e77611ada2","name":"admin","image":{"@type":"ImageObject","inLanguage":"sq-AL","@id":"https:\/\/fjala.info\/2009-2015\/wp-content\/uploads\/2012\/02\/arben_cokaj-120x150.jpg","url":"https:\/\/fjala.info\/2009-2015\/wp-content\/uploads\/2012\/02\/arben_cokaj-120x150.jpg","contentUrl":"https:\/\/fjala.info\/2009-2015\/wp-content\/uploads\/2012\/02\/arben_cokaj-120x150.jpg","caption":"admin"},"description":"Admin, Fjala e Lir\u00eb","sameAs":["https:\/\/fjala.info\/"],"url":"https:\/\/fjala.info\/2009-2015\/author\/admin\/"}]}},"_links":{"self":[{"href":"https:\/\/fjala.info\/2009-2015\/wp-json\/wp\/v2\/posts\/11815","targetHints":{"allow":["GET"]}}],"collection":[{"href":"https:\/\/fjala.info\/2009-2015\/wp-json\/wp\/v2\/posts"}],"about":[{"href":"https:\/\/fjala.info\/2009-2015\/wp-json\/wp\/v2\/types\/post"}],"author":[{"embeddable":true,"href":"https:\/\/fjala.info\/2009-2015\/wp-json\/wp\/v2\/users\/1"}],"replies":[{"embeddable":true,"href":"https:\/\/fjala.info\/2009-2015\/wp-json\/wp\/v2\/comments?post=11815"}],"version-history":[{"count":0,"href":"https:\/\/fjala.info\/2009-2015\/wp-json\/wp\/v2\/posts\/11815\/revisions"}],"wp:attachment":[{"href":"https:\/\/fjala.info\/2009-2015\/wp-json\/wp\/v2\/media?parent=11815"}],"wp:term":[{"taxonomy":"category","embeddable":true,"href":"https:\/\/fjala.info\/2009-2015\/wp-json\/wp\/v2\/categories?post=11815"},{"taxonomy":"post_tag","embeddable":true,"href":"https:\/\/fjala.info\/2009-2015\/wp-json\/wp\/v2\/tags?post=11815"}],"curies":[{"name":"wp","href":"https:\/\/api.w.org\/{rel}","templated":true}]}}