{"id":11813,"date":"2012-05-10T21:43:12","date_gmt":"2012-05-10T20:43:12","guid":{"rendered":"http:\/\/fjala.shkoder.net\/?p=2738"},"modified":"2012-05-10T21:43:12","modified_gmt":"2012-05-10T20:43:12","slug":"qeveria-mundohet-te-mbuloje-diellin-e-borxhit-me-shoshe","status":"publish","type":"post","link":"https:\/\/fjala.info\/2009-2015\/qeveria-mundohet-te-mbuloje-diellin-e-borxhit-me-shoshe\/","title":{"rendered":"Qeveria mundohet t\u00eb mbuloj\u00eb diellin e borxhit me shosh\u00eb"},"content":{"rendered":"<p><img decoding=\"async\" class=\"alignright size-thumbnail wp-image-7236\" title=\"Ekon\" src=\"http:\/\/www.shkoder.net\/2012\/ekon.jpg\" alt=\"\" width=\"300\" \/> Nga <strong>Eduard Zaloshnja<\/strong>, <em>10 Maj 2012<\/em><\/p>\n<p>Ju kujtohet blerja e Hotel Dajtit nga Banka e Shqip\u00ebris\u00eb dy vjet m\u00eb par\u00eb? Banka e bleu at\u00eb godin\u00eb nga qeveria p\u00ebr 30 milion\u00eb euro at\u00ebher\u00eb dhe ende nuk e ka v\u00ebn\u00eb n\u00eb shfryt\u00ebzim. Nd\u00ebrsa qeveria i p\u00ebrdori me vrull eurot q\u00eb mori e q\u00eb i duheshin p\u00ebr t\u00eb maskuar nevoj\u00ebn p\u00ebr rritjen e borxhit publik. Nj\u00eb tranzaksion i ngjash\u00ebm \u00ebsht\u00eb kryer p\u00ebrs\u00ebri k\u00ebto dit\u00eb. Nd\u00ebrmarrja e uj\u00ebsjell\u00ebs-kanalizime e Tiran\u00ebs ka bler\u00eb p\u00ebr rreth 15 milion euro, hidrocentralin e Lana-Bregasit, i cili ishte n\u00eb pron\u00ebsi t\u00eb Ministris\u00eb s\u00eb Ekonomis\u00eb dhe Energjitik\u00ebs.<\/p>\n<p>Parat\u00eb p\u00ebr blerjen e HEC-it jan\u00eb marr\u00eb kredi nga bankat tregtare. Duke llogaritur edhe interesat e kredis\u00eb, ky tranzaksion kap vler\u00ebn e rreth 20 milion eurove. Pra qeveria nuk del vet\u00eb n\u00eb treg p\u00ebr t\u00eb marr\u00eb kredi por nxjerr Nd\u00ebrmarrjen e uj\u00ebsjell\u00ebs-kanalizimeve t\u00eb Tiran\u00ebs p\u00ebr ta kryer k\u00ebt\u00eb veprim. N\u00eb k\u00ebt\u00eb m\u00ebnyr\u00eb, n\u00eb librat e saj nuk do t\u00eb figuroj\u00eb nj\u00eb shtes\u00eb e borxhit.<\/p>\n<p>I intervistuar nga Top Channel, Pajtim Bello, nj\u00eb njoh\u00ebs i mir\u00eb i veprave energjetike, ka th\u00ebn\u00eb se edhe \u00e7mimi i shitjes \u00ebsht\u00eb abuziv. Sipas tij, nj\u00eb hidrocentral me fuqi t\u00eb nj\u00ebjt\u00eb sa Lanabregasi mund t\u00eb nd\u00ebrtohet me gjysm\u00ebn e \u00e7mimit q\u00eb po e blen Uj\u00ebsjell\u00ebsi, duke u kursyer qytetar\u00ebve 7.5 deri n\u00eb 8 milion\u00eb euro. \u201cPo ta shikojm\u00eb n\u00eb t\u00ebr\u00ebsin\u00eb e vet, si biznes, po t\u00eb marrim edhe interesat e kredis\u00eb q\u00eb do t\u00eb paguaj\u00eb, i bie q\u00eb diferenca nuk \u00ebsht\u00eb m\u00eb 7.5 ose 8 milion\u00eb euro, \u00ebsht\u00eb diku rreth 11 milion\u00eb euro m\u00eb shum\u00eb. Pra t\u00eb paguash 11 milion\u00eb euro, si pa t\u00eb keq, kur nuk ke arsye t\u00eb paguash\u201d, thot\u00eb Bello.<\/p>\n<p>Shoqata e Nd\u00ebrtuesve ka koh\u00eb q\u00eb thot\u00eb se qeveria u detyrohet nd\u00ebrtuesve rreth 100 milion\u00eb euro p\u00ebr pun\u00eb t\u00eb kryera prej tyre e t\u00eb papaguara. Edhe ky borxh nuk figuron n\u00eb librat e qeveris\u00eb.<\/p>\n<p><a href=\"http:\/\/respublica.al\/artikuj\/2012\/5\/10\/qeveria-mundohet-te-mbuloje-diellin-e-borxhit-me-shoshe\">http:\/\/respublica.al\/artikuj\/2012\/5\/10\/qeveria-mundohet-te-mbuloje-diellin-e-borxhit-me-shoshe<\/a><\/p>\n","protected":false},"excerpt":{"rendered":"<p>Nga Eduard Zaloshnja, 10 Maj 2012 Ju kujtohet blerja e Hotel Dajtit nga Banka e Shqip\u00ebris\u00eb dy vjet m\u00eb par\u00eb? Banka e bleu at\u00eb godin\u00eb nga qeveria p\u00ebr 30 milion\u00eb euro at\u00ebher\u00eb dhe ende nuk e ka v\u00ebn\u00eb n\u00eb shfryt\u00ebzim. Nd\u00ebrsa qeveria i p\u00ebrdori me vrull eurot q\u00eb mori e q\u00eb i duheshin p\u00ebr t\u00eb [&hellip;]<\/p>\n","protected":false},"author":1,"featured_media":0,"comment_status":"open","ping_status":"closed","sticky":false,"template":"","format":"standard","meta":{"footnotes":""},"categories":[2],"tags":[],"class_list":{"0":"post-11813","1":"post","2":"type-post","3":"status-publish","4":"format-standard","6":"category-artikuj"},"yoast_head":"<!-- This site is optimized with the Yoast SEO plugin v27.4 - https:\/\/yoast.com\/product\/yoast-seo-wordpress\/ -->\n<title>Qeveria mundohet t\u00eb mbuloj\u00eb diellin e borxhit me shosh\u00eb - FjALA e LIR\u00cb - Arkivi<\/title>\n<meta name=\"robots\" content=\"index, follow, max-snippet:-1, max-image-preview:large, max-video-preview:-1\" \/>\n<link rel=\"canonical\" href=\"https:\/\/fjala.info\/2009-2015\/qeveria-mundohet-te-mbuloje-diellin-e-borxhit-me-shoshe\/\" \/>\n<meta property=\"og:locale\" content=\"sq_AL\" \/>\n<meta property=\"og:type\" content=\"article\" \/>\n<meta property=\"og:title\" content=\"Qeveria mundohet t\u00eb mbuloj\u00eb diellin e borxhit me shosh\u00eb - FjALA e LIR\u00cb - Arkivi\" \/>\n<meta property=\"og:description\" content=\"Nga Eduard Zaloshnja, 10 Maj 2012 Ju kujtohet blerja e Hotel Dajtit nga Banka e Shqip\u00ebris\u00eb dy vjet m\u00eb par\u00eb? Banka e bleu at\u00eb godin\u00eb nga qeveria p\u00ebr 30 milion\u00eb euro at\u00ebher\u00eb dhe ende nuk e ka v\u00ebn\u00eb n\u00eb shfryt\u00ebzim. Nd\u00ebrsa qeveria i p\u00ebrdori me vrull eurot q\u00eb mori e q\u00eb i duheshin p\u00ebr t\u00eb [&hellip;]\" \/>\n<meta property=\"og:url\" content=\"https:\/\/fjala.info\/2009-2015\/qeveria-mundohet-te-mbuloje-diellin-e-borxhit-me-shoshe\/\" \/>\n<meta property=\"og:site_name\" content=\"FjALA e LIR\u00cb - Arkivi\" \/>\n<meta property=\"article:published_time\" content=\"2012-05-10T20:43:12+00:00\" \/>\n<meta property=\"og:image\" content=\"http:\/\/www.shkoder.net\/2012\/ekon.jpg\" \/>\n<meta name=\"author\" content=\"admin\" \/>\n<meta name=\"twitter:card\" content=\"summary_large_image\" \/>\n<meta name=\"twitter:label1\" content=\"Written by\" \/>\n\t<meta name=\"twitter:data1\" content=\"admin\" \/>\n\t<meta name=\"twitter:label2\" content=\"Est. reading time\" \/>\n\t<meta name=\"twitter:data2\" content=\"2 minutes\" \/>\n<script type=\"application\/ld+json\" class=\"yoast-schema-graph\">{\"@context\":\"https:\\\/\\\/schema.org\",\"@graph\":[{\"@type\":\"Article\",\"@id\":\"https:\\\/\\\/fjala.info\\\/2009-2015\\\/qeveria-mundohet-te-mbuloje-diellin-e-borxhit-me-shoshe\\\/#article\",\"isPartOf\":{\"@id\":\"https:\\\/\\\/fjala.info\\\/2009-2015\\\/qeveria-mundohet-te-mbuloje-diellin-e-borxhit-me-shoshe\\\/\"},\"author\":{\"name\":\"admin\",\"@id\":\"https:\\\/\\\/fjala.info\\\/2009-2015\\\/#\\\/schema\\\/person\\\/3aa1163ef05469c496fc94e77611ada2\"},\"headline\":\"Qeveria mundohet t\u00eb mbuloj\u00eb diellin e borxhit me shosh\u00eb\",\"datePublished\":\"2012-05-10T20:43:12+00:00\",\"mainEntityOfPage\":{\"@id\":\"https:\\\/\\\/fjala.info\\\/2009-2015\\\/qeveria-mundohet-te-mbuloje-diellin-e-borxhit-me-shoshe\\\/\"},\"wordCount\":355,\"commentCount\":1,\"publisher\":{\"@id\":\"https:\\\/\\\/fjala.info\\\/2009-2015\\\/#organization\"},\"image\":{\"@id\":\"https:\\\/\\\/fjala.info\\\/2009-2015\\\/qeveria-mundohet-te-mbuloje-diellin-e-borxhit-me-shoshe\\\/#primaryimage\"},\"thumbnailUrl\":\"http:\\\/\\\/www.shkoder.net\\\/2012\\\/ekon.jpg\",\"articleSection\":[\"Artikuj\"],\"inLanguage\":\"sq-AL\",\"potentialAction\":[{\"@type\":\"CommentAction\",\"name\":\"Comment\",\"target\":[\"https:\\\/\\\/fjala.info\\\/2009-2015\\\/qeveria-mundohet-te-mbuloje-diellin-e-borxhit-me-shoshe\\\/#respond\"]}]},{\"@type\":\"WebPage\",\"@id\":\"https:\\\/\\\/fjala.info\\\/2009-2015\\\/qeveria-mundohet-te-mbuloje-diellin-e-borxhit-me-shoshe\\\/\",\"url\":\"https:\\\/\\\/fjala.info\\\/2009-2015\\\/qeveria-mundohet-te-mbuloje-diellin-e-borxhit-me-shoshe\\\/\",\"name\":\"Qeveria mundohet t\u00eb mbuloj\u00eb diellin e borxhit me shosh\u00eb - FjALA e LIR\u00cb - Arkivi\",\"isPartOf\":{\"@id\":\"https:\\\/\\\/fjala.info\\\/2009-2015\\\/#website\"},\"primaryImageOfPage\":{\"@id\":\"https:\\\/\\\/fjala.info\\\/2009-2015\\\/qeveria-mundohet-te-mbuloje-diellin-e-borxhit-me-shoshe\\\/#primaryimage\"},\"image\":{\"@id\":\"https:\\\/\\\/fjala.info\\\/2009-2015\\\/qeveria-mundohet-te-mbuloje-diellin-e-borxhit-me-shoshe\\\/#primaryimage\"},\"thumbnailUrl\":\"http:\\\/\\\/www.shkoder.net\\\/2012\\\/ekon.jpg\",\"datePublished\":\"2012-05-10T20:43:12+00:00\",\"breadcrumb\":{\"@id\":\"https:\\\/\\\/fjala.info\\\/2009-2015\\\/qeveria-mundohet-te-mbuloje-diellin-e-borxhit-me-shoshe\\\/#breadcrumb\"},\"inLanguage\":\"sq-AL\",\"potentialAction\":[{\"@type\":\"ReadAction\",\"target\":[\"https:\\\/\\\/fjala.info\\\/2009-2015\\\/qeveria-mundohet-te-mbuloje-diellin-e-borxhit-me-shoshe\\\/\"]}]},{\"@type\":\"ImageObject\",\"inLanguage\":\"sq-AL\",\"@id\":\"https:\\\/\\\/fjala.info\\\/2009-2015\\\/qeveria-mundohet-te-mbuloje-diellin-e-borxhit-me-shoshe\\\/#primaryimage\",\"url\":\"http:\\\/\\\/www.shkoder.net\\\/2012\\\/ekon.jpg\",\"contentUrl\":\"http:\\\/\\\/www.shkoder.net\\\/2012\\\/ekon.jpg\"},{\"@type\":\"BreadcrumbList\",\"@id\":\"https:\\\/\\\/fjala.info\\\/2009-2015\\\/qeveria-mundohet-te-mbuloje-diellin-e-borxhit-me-shoshe\\\/#breadcrumb\",\"itemListElement\":[{\"@type\":\"ListItem\",\"position\":1,\"name\":\"Home\",\"item\":\"https:\\\/\\\/fjala.info\\\/2009-2015\\\/\"},{\"@type\":\"ListItem\",\"position\":2,\"name\":\"Qeveria mundohet t\u00eb mbuloj\u00eb diellin e borxhit me shosh\u00eb\"}]},{\"@type\":\"WebSite\",\"@id\":\"https:\\\/\\\/fjala.info\\\/2009-2015\\\/#website\",\"url\":\"https:\\\/\\\/fjala.info\\\/2009-2015\\\/\",\"name\":\"FjALA e LIR\u00cb - Arkivi\",\"description\":\"Arkivi 2009-2015\",\"publisher\":{\"@id\":\"https:\\\/\\\/fjala.info\\\/2009-2015\\\/#organization\"},\"potentialAction\":[{\"@type\":\"SearchAction\",\"target\":{\"@type\":\"EntryPoint\",\"urlTemplate\":\"https:\\\/\\\/fjala.info\\\/2009-2015\\\/?s={search_term_string}\"},\"query-input\":{\"@type\":\"PropertyValueSpecification\",\"valueRequired\":true,\"valueName\":\"search_term_string\"}}],\"inLanguage\":\"sq-AL\"},{\"@type\":\"Organization\",\"@id\":\"https:\\\/\\\/fjala.info\\\/2009-2015\\\/#organization\",\"name\":\"FjALA e LIR\u00cb - Arkivi\",\"url\":\"https:\\\/\\\/fjala.info\\\/2009-2015\\\/\",\"logo\":{\"@type\":\"ImageObject\",\"inLanguage\":\"sq-AL\",\"@id\":\"https:\\\/\\\/fjala.info\\\/2009-2015\\\/#\\\/schema\\\/logo\\\/image\\\/\",\"url\":\"\",\"contentUrl\":\"\",\"caption\":\"FjALA e LIR\u00cb - Arkivi\"},\"image\":{\"@id\":\"https:\\\/\\\/fjala.info\\\/2009-2015\\\/#\\\/schema\\\/logo\\\/image\\\/\"}},{\"@type\":\"Person\",\"@id\":\"https:\\\/\\\/fjala.info\\\/2009-2015\\\/#\\\/schema\\\/person\\\/3aa1163ef05469c496fc94e77611ada2\",\"name\":\"admin\",\"image\":{\"@type\":\"ImageObject\",\"inLanguage\":\"sq-AL\",\"@id\":\"https:\\\/\\\/fjala.info\\\/2009-2015\\\/wp-content\\\/uploads\\\/2012\\\/02\\\/arben_cokaj-120x150.jpg\",\"url\":\"https:\\\/\\\/fjala.info\\\/2009-2015\\\/wp-content\\\/uploads\\\/2012\\\/02\\\/arben_cokaj-120x150.jpg\",\"contentUrl\":\"https:\\\/\\\/fjala.info\\\/2009-2015\\\/wp-content\\\/uploads\\\/2012\\\/02\\\/arben_cokaj-120x150.jpg\",\"caption\":\"admin\"},\"description\":\"Admin, Fjala e Lir\u00eb\",\"sameAs\":[\"https:\\\/\\\/fjala.info\\\/\"],\"url\":\"https:\\\/\\\/fjala.info\\\/2009-2015\\\/author\\\/admin\\\/\"}]}<\/script>\n<!-- \/ Yoast SEO plugin. -->","yoast_head_json":{"title":"Qeveria mundohet t\u00eb mbuloj\u00eb diellin e borxhit me shosh\u00eb - FjALA e LIR\u00cb - Arkivi","robots":{"index":"index","follow":"follow","max-snippet":"max-snippet:-1","max-image-preview":"max-image-preview:large","max-video-preview":"max-video-preview:-1"},"canonical":"https:\/\/fjala.info\/2009-2015\/qeveria-mundohet-te-mbuloje-diellin-e-borxhit-me-shoshe\/","og_locale":"sq_AL","og_type":"article","og_title":"Qeveria mundohet t\u00eb mbuloj\u00eb diellin e borxhit me shosh\u00eb - FjALA e LIR\u00cb - Arkivi","og_description":"Nga Eduard Zaloshnja, 10 Maj 2012 Ju kujtohet blerja e Hotel Dajtit nga Banka e Shqip\u00ebris\u00eb dy vjet m\u00eb par\u00eb? Banka e bleu at\u00eb godin\u00eb nga qeveria p\u00ebr 30 milion\u00eb euro at\u00ebher\u00eb dhe ende nuk e ka v\u00ebn\u00eb n\u00eb shfryt\u00ebzim. Nd\u00ebrsa qeveria i p\u00ebrdori me vrull eurot q\u00eb mori e q\u00eb i duheshin p\u00ebr t\u00eb [&hellip;]","og_url":"https:\/\/fjala.info\/2009-2015\/qeveria-mundohet-te-mbuloje-diellin-e-borxhit-me-shoshe\/","og_site_name":"FjALA e LIR\u00cb - Arkivi","article_published_time":"2012-05-10T20:43:12+00:00","og_image":[{"url":"http:\/\/www.shkoder.net\/2012\/ekon.jpg","type":"","width":"","height":""}],"author":"admin","twitter_card":"summary_large_image","twitter_misc":{"Written by":"admin","Est. reading time":"2 minutes"},"schema":{"@context":"https:\/\/schema.org","@graph":[{"@type":"Article","@id":"https:\/\/fjala.info\/2009-2015\/qeveria-mundohet-te-mbuloje-diellin-e-borxhit-me-shoshe\/#article","isPartOf":{"@id":"https:\/\/fjala.info\/2009-2015\/qeveria-mundohet-te-mbuloje-diellin-e-borxhit-me-shoshe\/"},"author":{"name":"admin","@id":"https:\/\/fjala.info\/2009-2015\/#\/schema\/person\/3aa1163ef05469c496fc94e77611ada2"},"headline":"Qeveria mundohet t\u00eb mbuloj\u00eb diellin e borxhit me shosh\u00eb","datePublished":"2012-05-10T20:43:12+00:00","mainEntityOfPage":{"@id":"https:\/\/fjala.info\/2009-2015\/qeveria-mundohet-te-mbuloje-diellin-e-borxhit-me-shoshe\/"},"wordCount":355,"commentCount":1,"publisher":{"@id":"https:\/\/fjala.info\/2009-2015\/#organization"},"image":{"@id":"https:\/\/fjala.info\/2009-2015\/qeveria-mundohet-te-mbuloje-diellin-e-borxhit-me-shoshe\/#primaryimage"},"thumbnailUrl":"http:\/\/www.shkoder.net\/2012\/ekon.jpg","articleSection":["Artikuj"],"inLanguage":"sq-AL","potentialAction":[{"@type":"CommentAction","name":"Comment","target":["https:\/\/fjala.info\/2009-2015\/qeveria-mundohet-te-mbuloje-diellin-e-borxhit-me-shoshe\/#respond"]}]},{"@type":"WebPage","@id":"https:\/\/fjala.info\/2009-2015\/qeveria-mundohet-te-mbuloje-diellin-e-borxhit-me-shoshe\/","url":"https:\/\/fjala.info\/2009-2015\/qeveria-mundohet-te-mbuloje-diellin-e-borxhit-me-shoshe\/","name":"Qeveria mundohet t\u00eb mbuloj\u00eb diellin e borxhit me shosh\u00eb - FjALA e LIR\u00cb - Arkivi","isPartOf":{"@id":"https:\/\/fjala.info\/2009-2015\/#website"},"primaryImageOfPage":{"@id":"https:\/\/fjala.info\/2009-2015\/qeveria-mundohet-te-mbuloje-diellin-e-borxhit-me-shoshe\/#primaryimage"},"image":{"@id":"https:\/\/fjala.info\/2009-2015\/qeveria-mundohet-te-mbuloje-diellin-e-borxhit-me-shoshe\/#primaryimage"},"thumbnailUrl":"http:\/\/www.shkoder.net\/2012\/ekon.jpg","datePublished":"2012-05-10T20:43:12+00:00","breadcrumb":{"@id":"https:\/\/fjala.info\/2009-2015\/qeveria-mundohet-te-mbuloje-diellin-e-borxhit-me-shoshe\/#breadcrumb"},"inLanguage":"sq-AL","potentialAction":[{"@type":"ReadAction","target":["https:\/\/fjala.info\/2009-2015\/qeveria-mundohet-te-mbuloje-diellin-e-borxhit-me-shoshe\/"]}]},{"@type":"ImageObject","inLanguage":"sq-AL","@id":"https:\/\/fjala.info\/2009-2015\/qeveria-mundohet-te-mbuloje-diellin-e-borxhit-me-shoshe\/#primaryimage","url":"http:\/\/www.shkoder.net\/2012\/ekon.jpg","contentUrl":"http:\/\/www.shkoder.net\/2012\/ekon.jpg"},{"@type":"BreadcrumbList","@id":"https:\/\/fjala.info\/2009-2015\/qeveria-mundohet-te-mbuloje-diellin-e-borxhit-me-shoshe\/#breadcrumb","itemListElement":[{"@type":"ListItem","position":1,"name":"Home","item":"https:\/\/fjala.info\/2009-2015\/"},{"@type":"ListItem","position":2,"name":"Qeveria mundohet t\u00eb mbuloj\u00eb diellin e borxhit me shosh\u00eb"}]},{"@type":"WebSite","@id":"https:\/\/fjala.info\/2009-2015\/#website","url":"https:\/\/fjala.info\/2009-2015\/","name":"FjALA e LIR\u00cb - Arkivi","description":"Arkivi 2009-2015","publisher":{"@id":"https:\/\/fjala.info\/2009-2015\/#organization"},"potentialAction":[{"@type":"SearchAction","target":{"@type":"EntryPoint","urlTemplate":"https:\/\/fjala.info\/2009-2015\/?s={search_term_string}"},"query-input":{"@type":"PropertyValueSpecification","valueRequired":true,"valueName":"search_term_string"}}],"inLanguage":"sq-AL"},{"@type":"Organization","@id":"https:\/\/fjala.info\/2009-2015\/#organization","name":"FjALA e LIR\u00cb - Arkivi","url":"https:\/\/fjala.info\/2009-2015\/","logo":{"@type":"ImageObject","inLanguage":"sq-AL","@id":"https:\/\/fjala.info\/2009-2015\/#\/schema\/logo\/image\/","url":"","contentUrl":"","caption":"FjALA e LIR\u00cb - Arkivi"},"image":{"@id":"https:\/\/fjala.info\/2009-2015\/#\/schema\/logo\/image\/"}},{"@type":"Person","@id":"https:\/\/fjala.info\/2009-2015\/#\/schema\/person\/3aa1163ef05469c496fc94e77611ada2","name":"admin","image":{"@type":"ImageObject","inLanguage":"sq-AL","@id":"https:\/\/fjala.info\/2009-2015\/wp-content\/uploads\/2012\/02\/arben_cokaj-120x150.jpg","url":"https:\/\/fjala.info\/2009-2015\/wp-content\/uploads\/2012\/02\/arben_cokaj-120x150.jpg","contentUrl":"https:\/\/fjala.info\/2009-2015\/wp-content\/uploads\/2012\/02\/arben_cokaj-120x150.jpg","caption":"admin"},"description":"Admin, Fjala e Lir\u00eb","sameAs":["https:\/\/fjala.info\/"],"url":"https:\/\/fjala.info\/2009-2015\/author\/admin\/"}]}},"_links":{"self":[{"href":"https:\/\/fjala.info\/2009-2015\/wp-json\/wp\/v2\/posts\/11813","targetHints":{"allow":["GET"]}}],"collection":[{"href":"https:\/\/fjala.info\/2009-2015\/wp-json\/wp\/v2\/posts"}],"about":[{"href":"https:\/\/fjala.info\/2009-2015\/wp-json\/wp\/v2\/types\/post"}],"author":[{"embeddable":true,"href":"https:\/\/fjala.info\/2009-2015\/wp-json\/wp\/v2\/users\/1"}],"replies":[{"embeddable":true,"href":"https:\/\/fjala.info\/2009-2015\/wp-json\/wp\/v2\/comments?post=11813"}],"version-history":[{"count":0,"href":"https:\/\/fjala.info\/2009-2015\/wp-json\/wp\/v2\/posts\/11813\/revisions"}],"wp:attachment":[{"href":"https:\/\/fjala.info\/2009-2015\/wp-json\/wp\/v2\/media?parent=11813"}],"wp:term":[{"taxonomy":"category","embeddable":true,"href":"https:\/\/fjala.info\/2009-2015\/wp-json\/wp\/v2\/categories?post=11813"},{"taxonomy":"post_tag","embeddable":true,"href":"https:\/\/fjala.info\/2009-2015\/wp-json\/wp\/v2\/tags?post=11813"}],"curies":[{"name":"wp","href":"https:\/\/api.w.org\/{rel}","templated":true}]}}