{"id":11812,"date":"2012-05-10T21:38:54","date_gmt":"2012-05-10T20:38:54","guid":{"rendered":"http:\/\/fjala.shkoder.net\/?p=2736"},"modified":"2012-05-10T21:38:54","modified_gmt":"2012-05-10T20:38:54","slug":"baze-opozita-po-kerkon-koken-e-berishes-jo-karrigen-e-presidentit","status":"publish","type":"post","link":"https:\/\/fjala.info\/2009-2015\/baze-opozita-po-kerkon-koken-e-berishes-jo-karrigen-e-presidentit\/","title":{"rendered":"Baze: Opozita po k\u00ebrkon kok\u00ebn e Berish\u00ebs, jo karrigen e presidentit"},"content":{"rendered":"<p><img decoding=\"async\" class=\"alignright size-thumbnail wp-image-7236\" title=\"Mero Baze\" src=\"http:\/\/www.shkoder.net\/images\/fjala\/mero_baze1.jpg\" alt=\"\" width=\"150\" \/> <strong><em>INTERVISTA e plot\u00eb n\u00eb Vizion Plus<\/em><\/strong><\/p>\n<p><strong>TemA Online<\/strong>, <em>10 Maj 2012<\/em><\/p>\n<p><em>Intervist\u00eb e drejtorit t\u00eb gazet\u00ebs Tema, Mero Baze, n\u00eb emisionin e gazetarit Alfred Peza, n\u00eb Vizion Plus<\/em><\/p>\n<p><strong>Intervista ne Vizion Plus<\/strong><\/p>\n<p><strong>Ndodhemi n\u00eb kulmin e nj\u00eb diskutimi n\u00eb lidhje me zgjedhjen e Presidentit t\u00eb ri t\u00eb Republik\u00ebs. Ka shum\u00eb takime, si kurr\u00eb m\u00eb par\u00eb n\u00eb vitet e fundit, ku pothuajse \u00e7do dit\u00eb ka 2-3 takime t\u00eb r\u00ebnd\u00ebsishme lider\u00ebsh politik\u00eb aq sa po duket sikur nuk \u00ebsht\u00eb m\u00eb lajm takimi por ajo q\u00eb po presin t\u00eb gjith\u00eb \u00ebsht\u00eb produkti. N\u00eb radh\u00eb t\u00eb par\u00eb \u00e7far\u00eb po ndodh me Presidentin e Republik\u00ebs?<\/strong><\/p>\n<p>Mendoj se \u00e7\u00ebshtja e postit t\u00eb ri t\u00eb Presidentit po p\u00ebrdoret si nj\u00eb pretekst p\u00ebr t\u00eb testuar shumic\u00ebn qeveris\u00ebse n\u00eb vend. M\u00eb shum\u00eb se sa p\u00ebrpjekje p\u00ebr t\u00eb zgjedhur nj\u00eb president, kemi nj\u00eb p\u00ebrpjekje, nj\u00eb shantazh, nj\u00eb test, p\u00ebr shumic\u00ebn n\u00eb pushtet, p\u00ebr t\u00eb provuar n\u00ebse ajo \u00ebsht\u00eb e q\u00ebndrueshme ose jo. Risia e k\u00ebtij zhvillimi \u00ebsht\u00eb fakti q\u00eb n\u00eb loj\u00eb p\u00ebr t\u00eb testuar shumic\u00ebn ka hyr\u00eb nj\u00eb pjes\u00eb e shumic\u00ebs, ka hyr\u00eb L\u00ebvizjes Socialiste p\u00ebr Integrim, ose s\u00eb paku, lideri i k\u00ebsaj l\u00ebvizje dhe individ\u00eb t\u00eb tjer\u00eb brenda saj, \u2013 natyrisht n\u00eb p\u00ebrmasa m\u00eb t\u00eb vogla se sa kryetari i LSI \u2013s\u00eb, p\u00ebr ta testuar dhe p\u00ebr t\u00eb rikonfiguruar q\u00ebndrimin brenda saj. Pra, nuk kemi nj\u00eb p\u00ebrpjekje reale negociatash p\u00ebr t\u00eb zgjedhur nj\u00eb president, por kemi nj\u00eb zhvillim real p\u00ebr t\u00eb testuar shumic\u00ebn n\u00eb pushtet.<\/p>\n<p>Duket sikur loja po luhet n\u00eb dy shina, nj\u00ebra ajo q\u00eb that\u00eb dhe tjetra \u00ebsht\u00eb se po b\u00ebhen provat gjenerale p\u00ebr zgjedhjet e 2013 n\u00ebp\u00ebrmjet k\u00ebtij testimi\u2026<\/p>\n<p>E nj\u00ebjta gj\u00eb \u00ebsht\u00eb. N\u00ebse themi se po b\u00ebhet p\u00ebrpjekje p\u00ebr t\u00eb testuar shumic\u00ebn n\u00eb qeveri jemi n\u00eb p\u00ebrpjekje p\u00ebr t\u00eb shkuar n\u00eb zgjedhje me k\u00ebt\u00eb qeveri ose me nj\u00eb qeveri me ndryshim thelb\u00ebsor.<\/p>\n<p><strong>A shihni ndonj\u00eb kontradikt\u00eb midis inflacionit t\u00eb takimeve t\u00eb lider\u00ebve me gj\u00ebrat konkrete n\u00eb lidhje me Presidentin e Republik\u00ebs. Kam parasysh k\u00ebtu faktin q\u00eb nga pik\u00ebpamja kushtetuese t\u00eb pakt\u00ebn 60 dit\u00eb p\u00ebrpara duhet t\u00eb filloj\u00eb zyrtarisht procesi. Pra, mund\u00ebsia p\u00ebr votimin e par\u00eb nga pes\u00eb votimet p\u00ebr Presidentin e Republik\u00ebs. Nd\u00ebrkoh\u00eb q\u00eb vet\u00ebm takime e takime dhe sikur takimet e frytshme dhe diskutimi konkret p\u00ebr emra konkrete dhe p\u00ebr arritjen e nj\u00eb rezultati konkret ndoshta Berisha po e shtyn drejt kufirit limit. Ka di\u00e7ka k\u00ebtu q\u00eb po luhet?<\/strong><\/p>\n<p>T\u00eb gjitha k\u00ebto q\u00eb ju i konsideroni takime, jan\u00eb m\u00eb tep\u00ebr divulgime p\u00ebr t\u00eb testuar shumic\u00ebn n\u00eb pushtet. Kemi takime t\u00eb par\u00ebnd\u00ebsishme p\u00ebr sa i p\u00ebrket pik\u00ebpamjes numerike lidhur me frym\u00ebn Kushtetuese t\u00eb Presidentit. Kushtetuta jon\u00eb parasheh nj\u00eb president t\u00eb zgjedhur me nj\u00eb frym\u00eb konsensual p\u00ebr 84 vota dhe t\u00eb gjith\u00eb k\u00ebto takime, duke p\u00ebrfshir\u00eb liderin e opozit\u00ebs Edi Rama, plus t\u00eb gjith\u00eb t\u00eb tjer\u00ebt q\u00eb takohen, nuk b\u00ebhen 84 vota. Pra, jan\u00eb t\u00eb gjithat takime n\u00eb boshll\u00ebk, jan\u00eb takime q\u00eb shkojn\u00eb deri tek pragu i nj\u00eb presidenti kushtetues, por jo sipas frym\u00ebs kushtetuese. Pra, jemi tek konsultimet p\u00ebr t\u00eb zgjedhur nj\u00eb president me 70+1 dhe ende s\u2019kemi nj\u00eb takim serioz, i cili t\u00eb na mbush\u00eb mendjen q\u00eb k\u00ebto dy pal\u00eb mund t\u00eb zgjedhin nj\u00eb president me 84 vota. Vet\u00ebm Edi Rama dhe Sali Berisha kur t\u00eb takohen bashk\u00eb, n\u00ebse do t\u00eb takohen, kan\u00eb shansin q\u00eb t\u00eb na japin besimin e duhur q\u00eb jan\u00eb duke punuar p\u00ebr nj\u00eb president konsensual. Deri tani jan\u00eb p\u00ebrpjekje p\u00ebr t\u00eb testuar shumic\u00ebn e thjesht\u00eb t\u00eb 71 votave.<\/p>\n<p><strong>Ky takim n\u00eb fakt do t\u00eb ndodh\u00eb, t\u00eb pakt\u00ebn po t\u2019i referohemi asaj \u00e7far\u00eb ka deklaruar zoti Berisha n\u00eb konferenc\u00ebn p\u00ebr shtyp me zotin Fyle, kur tha q\u00eb stafet m\u00eb p\u00ebrpara, por edhe ne, do t\u00eb ulemi m\u00eb dat\u00eb 24 maj, kur \u00ebsht\u00eb dita limit. Por, nga ana tjet\u00ebr, n\u00eb mbledhjen e qeveris\u00eb Berisha ka th\u00ebn\u00eb se do t\u00eb flas\u00eb p\u00ebr Presidentin pas 22 majit, kur ai kthehet nga nj\u00eb samit i \u00c7ikagos n\u00eb SHBA. Thot\u00eb gj\u00eb kjo kur del nga goja e Sali Berish\u00ebs?<\/strong><\/p>\n<p>\u00cbsht\u00eb e qart\u00eb q\u00eb zoti Berisha k\u00ebrkon t\u2019ia ul\u00eb r\u00ebnd\u00ebsin\u00eb l\u00ebvizjeve paraprake t\u00eb kund\u00ebrshtar\u00ebve, por edhe disa t\u00eb aleat\u00ebve t\u00eb vet, t\u00eb cil\u00ebt n\u00eb nj\u00eb far\u00eb m\u00ebnyr\u00eb po luajn\u00eb me porta t\u00eb vogla, po testojn\u00eb se sa \u00ebsht\u00eb e aft\u00eb shumica t\u00eb shkoj\u00eb si e till\u00eb deri n\u00eb zgjedhje. Natyrisht q\u00eb zoti Berisha \u00ebsht\u00eb b\u00ebr\u00eb nervoz nga t\u00eb gjitha k\u00ebto l\u00ebvizje. E ka humbur n\u00eb nj\u00eb far\u00eb m\u00ebnyr\u00eb qet\u00ebsin\u00eb p\u00ebr shkak se aleati i tij kryesor n\u00eb qeveri, aleati q\u00eb i ka dh\u00ebn\u00eb atij t\u00eb drejt\u00ebn p\u00ebr t\u00eb formuar qeverin\u00eb, Ilir Meta, \u00ebsht\u00eb duke u takuar hapur dhe fshehurazi me liderin e opozit\u00ebs. Pra, shihet qart\u00eb se kan\u00eb vendosur nj\u00eb marr\u00ebdh\u00ebnie t\u00eb q\u00ebndrueshme me nj\u00ebri \u2013 tjetrin, nj\u00eb marr\u00ebdh\u00ebnie e cila \u00ebsht\u00eb problematike p\u00ebr Berish\u00ebn dhe ai thjesht \u00ebsht\u00eb duke u p\u00ebrpjekur q\u00eb t\u00eb fsheh\u00eb humbjen e qet\u00ebsis\u00eb, t\u2019i uli r\u00ebnd\u00ebsin\u00eb k\u00ebtyre takimeve, t\u2019i uli r\u00ebnd\u00ebsin\u00eb institucionalizimit t\u00eb dialogut midis opozit\u00ebs dhe nj\u00eb pjes\u00eb t\u00eb aleat\u00ebve t\u00eb tij t\u00eb majt\u00eb, \u00e7ka e b\u00ebn at\u00eb q\u00eb t\u00eb flas\u00eb p\u00ebr takime formale p\u00ebr zgjedhjen e presidentit.<\/p>\n<p>Kjo p\u00ebr shkak se qartazi edhe ai e ka hequr nga mendja iden\u00eb se duhet t\u00eb punoj\u00eb p\u00ebr nj\u00eb president konsensual. Pra, jemi shum\u00eb larg shansit p\u00ebr nj\u00eb president konsensual. T\u00eb gjitha k\u00ebto negociata paraprake, t\u00eb gjitha k\u00ebto paraprake, kan\u00eb orientuar fatkeq\u00ebsisht \u2013 ky \u00ebsht\u00eb zhvillimi m\u00eb negativ p\u00ebr mua -, \u00ebsht\u00eb qe e kan\u00eb orientuar zgjedhjen e presidentit drejt nj\u00eb presidenti kushtetues 70+1, president q\u00eb del nga raundi i kat\u00ebrt ose i pest\u00eb dhe i kan\u00eb hequr shansin krijimit t\u00eb klim\u00ebs s\u00eb besimit midis pal\u00ebve dhe zgjedhjes s\u00eb nj\u00eb presidenti konsensual.<\/p>\n<p><strong>Kush \u00ebsht\u00eb zhvillimi m\u00eb pozitiv meq\u00eb that\u00eb m\u00eb negativin?<\/strong><\/p>\n<p>Zhvillimi m\u00eb pozitiv, por i cili nuk \u00ebsht\u00eb pozitiv si zhvillim p\u00ebr nj\u00eb shoq\u00ebri normale, flasim p\u00ebr rrethanat e nj\u00eb konspiracioni ndaj pushtetit \u00ebsht\u00eb q\u00eb: zoti Berisha mendon se gjendet para nj\u00eb komploti dhe ka humbur qet\u00ebsin\u00eb, e po p\u00ebrpiqet ta fsheh\u00eb.<\/p>\n<p><strong>Kush jan\u00eb shenjat q\u00eb ju b\u00ebjn\u00eb ju ta mendoni k\u00ebt\u00eb gj\u00eb?<\/strong><\/p>\n<p>Institucionalizimi i dialogut midis LSI dhe PS, konkretisht midis takimeve zyrtare zotit Rama dhe Ru\u00e7it me dy drejtues t\u00eb LSI. K\u00ebto jan\u00eb shenja t\u00eb institucionalizimit t\u00eb dialogut midis tyre pasi vijn\u00eb pas disa takimeve jozyrtare t\u00eb tyre. Pra, pavar\u00ebsisht se ato nuk b\u00ebhen publike, ato jan\u00eb thuajse ngjarje t\u00eb sigurta t\u00eb konfirmuara n\u00ebn z\u00eb nga pal\u00ebt, por jo publikisht dhe shihet qart\u00eb q\u00eb jemi n\u00eb nj\u00eb p\u00ebrpjekje p\u00ebr t\u00eb instaluar nj\u00eb dialog. Kjo natyrisht q\u00eb \u00ebsht\u00eb shqet\u00ebsuese p\u00ebr shumic\u00ebn.<\/p>\n<p><strong>Ku e ka shfaqur, \u00ebsht\u00eb shfaqur apo p\u00ebrve\u00e7 q\u00ebndrimeve t\u00eb mediave pran\u00eb Berish\u00ebn ka ndonj\u00eb shenj\u00eb?<\/strong><\/p>\n<p>Nj\u00eb tregues jan\u00eb nervozizmi i mediave t\u00eb qeveris\u00eb. Nj\u00eb tregues tjet\u00ebr \u00ebsht\u00eb p\u00ebrpjekja e Berish\u00ebs p\u00ebr ta n\u00ebnvleft\u00ebsuar ose p\u00ebr ta formalizuar thjesht si nj\u00eb detyrim formal \u00e7\u00ebshtjen e dialogut p\u00ebr presidentin. Kjo p\u00ebr shkak se zoti Berisha do t\u00eb ishte shum\u00eb m\u00eb i fort\u00eb po t\u00eb shkonte n\u00eb dialog p\u00ebr Presidentin n\u00eb em\u00ebr t\u00eb shumic\u00ebs, tani shkon n\u00eb em\u00ebr t\u00eb Partis\u00eb Demokratike. Aleat\u00ebt e tij n\u00eb qeveri, madje edhe republikan\u00ebt e \u00e7am\u00ebt, edhe Ilir Meta, kan\u00eb filluar t\u00eb zhvillojn\u00eb takime indivudale p\u00ebr presidentin, \u00e7far\u00eb do t\u00eb thot\u00eb se ata jan\u00eb duke i treguar zotit Berisha se votat p\u00ebr presidentin, aq pak vota sa kan\u00eb, do t\u2019i administrojn\u00eb n\u00eb m\u00ebnyr\u00eb personale dhe jo si pjes\u00ebtar\u00eb t\u00eb shumic\u00ebs. \u00cbsht\u00eb hera e par\u00eb q\u00eb ndodh nj\u00eb zhvillim i till\u00eb. Edhe n\u00eb zgjedhjet e 2002 dhe t\u00eb 2007 p\u00ebr president, negociatat jan\u00eb zhvilluar midis kampeve dhe jo brenda kampeve.<\/p>\n<p>Kurr\u00eb nuk ka ndodhur q\u00eb fjala vjen, n\u00eb 2002, nj\u00eb parti aleat i Berish\u00ebs t\u00eb zhvillonte negociata personale me Nanon p\u00ebr Presidentin, as n\u00eb 2007 n\u00eb rastin tjet\u00ebr. \u00cbsht\u00eb hera e par\u00eb, \u2013 se tre beteja kemi pasur p\u00ebr zgjedhjen e nj\u00eb presidenti me negociata paraprake \u2013 , q\u00eb ne kemi nj\u00eb divulgim t\u00eb spektrit politik ku partit\u00eb e vogla t\u00eb opozit\u00ebs negociojn\u00eb me Berish\u00ebn dhe parti t\u00eb vogla t\u00eb Berish\u00ebs negociojn\u00eb me liderin e opozit\u00ebs. Ky \u00ebsht\u00eb nj\u00eb zhvillim i cili \u00ebsht\u00eb i ri p\u00ebr nga pik\u00ebpamja dhe humbet integritetin politik t\u00eb pal\u00ebve. Pra, secili po luan p\u00ebr hesapin e vet p\u00ebr nj\u00eb far\u00eb m\u00ebnyr\u00eb dhe ky \u00ebsht\u00eb nj\u00eb zhvillim i cili nuk \u00ebsht\u00eb serioz p\u00ebr shumic\u00ebn, e b\u00ebn at\u00eb t\u00eb paq\u00ebndrueshme p\u00ebr shkak se e paraqet at\u00eb t\u00eb p\u00ebr\u00e7ar\u00eb dhe jo unike n\u00eb bisedime.<\/p>\n<p><strong>A po e luan mir\u00eb pjes\u00ebn e vet t\u00eb loj\u00ebs Ilir Meta si \u201cking maker\u201d dhe a po mundohet t\u00eb luaj\u00eb n\u00eb limitet e mund\u00ebsive t\u00eb veta politike dhe a \u00e7on gj\u00ebkundi kjo p\u00ebr t\u00eb dhe p\u00ebr LSI, qoft\u00eb n\u00eb lidhje me presidentin, qoft\u00eb edhe me at\u00eb \u00e7far\u00eb sjell zgjedhja e presidentit m\u00eb pas?<\/strong><\/p>\n<p>Mendoj q\u00eb deri n\u00eb k\u00ebto momente kemi nj\u00eb faktorizim t\u00eb tepruar t\u00eb LSI, p\u00ebr shkak se n\u00eb m\u00ebnyr\u00eb t\u00eb pazakont\u00eb ajo po tenton t\u00eb jet\u00eb nj\u00eb faktor politik p\u00ebr prodhimin paralel t\u00eb shumicave n\u00eb vend. Sipas logjik\u00ebs politike me t\u00eb cil\u00ebn zoti Meta foli publikisht dje pas takimit me Ram\u00ebn, ai thot\u00eb q\u00eb un\u00eb nuk do t\u00eb largohem nga qeveria dhe do t\u2019i q\u00ebndroj\u00eb marr\u00ebveshjes deri n\u00eb fund, dhe nga ana tjet\u00ebr negocion me kund\u00ebrshtarin politik t\u00eb qeveris\u00eb p\u00ebr nj\u00eb shumic\u00eb t\u00eb re presidenciale. Pra, sipas zotit Meta, gj\u00eb q\u00eb un\u00eb nuk e besoj se kjo gj\u00eb do t\u00eb ndodhi. Zoti Meta po pretendon t\u00eb jet\u00eb faktor politik p\u00ebr dy shumic\u00eb n\u00eb vend: nj\u00eb shumic\u00eb presidenciale dhe nj\u00eb shumic\u00eb qeveris\u00ebse. Kjo nuk \u00ebsht\u00eb korrekte nga pik\u00ebpamja politike n\u00eb nj\u00eb shoq\u00ebri normale dhe nuk besoj se dikush e lejon.<\/p>\n<p>Nj\u00ebri nga faktor\u00ebt kryesor\u00eb politik\u00eb mund t\u00eb mos e lejoj\u00eb k\u00ebt\u00eb gj\u00eb. Pra, nuk mund t\u00eb kemi n\u00eb nj\u00eb vend nj\u00eb tjet\u00ebr shumic\u00eb presidenciale dhe nj\u00eb tjet\u00ebr shumic\u00eb qeverise. Ajo shumic\u00eb q\u00eb zgjedh presidentin m\u00eb 24 korrik, ajo shumic\u00eb duhet t\u00eb qeveris\u00eb vendin nga kjo dat\u00eb deri n\u00eb zgjedhjet e 2013. Pavar\u00ebsisht se nga pik\u00ebpamja formale Meta thot\u00eb q\u00eb un\u00eb do t\u2019i q\u00ebndroj besnik edhe qeveris\u00eb edhe opozit\u00ebs, un\u00eb mendoj se do t\u00eb kemi dy shumica n\u00eb vend, do t\u00eb kemi nj\u00eb shumic\u00eb, shumic\u00ebn q\u00eb del nga zgjedhja e presidentit t\u00eb 24 korrikut. Ajo shumic\u00eb dhe n\u00ebse \u00ebsht\u00eb shumic\u00eb e qeveris\u00eb, edhe n\u00ebse presidentin e zgjedh Berisha pa LSI, Berisha do t\u00eb b\u00ebj\u00eb ndryshime t\u00eb tilla n\u00eb qeveri q\u00eb do t\u00eb qeveris\u00eb pa LSI deri n\u00eb zgjedhjet e 2013.<\/p>\n<p><strong>Mund t\u00eb shkohet deri k\u00ebtu?<\/strong><\/p>\n<p>\u00cbsht\u00eb normale. \u00cbsht\u00eb zhvillimi m\u00eb normal politik. N\u00ebse zoti Rama dhe Meta ia dalin t\u00eb zgjedhin presidentin, qoft\u00eb <strong>edhe marifete, at\u00ebher\u00eb k\u00ebta duhet t\u00eb formojn\u00eb nj\u00eb qeveri teknike deri n\u00eb zgjedhjet e ardhshme.<\/strong><\/p>\n<p><strong>Pra, mund t\u00eb kalohet n\u00eb kriz\u00eb parlamentare\u2026<\/strong><\/p>\n<p>Nuk \u00ebsht\u00eb kriz\u00eb, \u00ebsht\u00eb zhvillim i ri.<\/p>\n<p><strong>Ju keni b\u00ebr\u00eb nj\u00eb editorial n\u00eb gazet\u00ebn tuaj Tema, e keni titulluar \u201cSamiti i Sheratonit dhe samiti i Lal\u00ebzit\u201d. Ka pasur shum\u00eb komente n\u00eb blogje n\u00eb lidhje me k\u00ebt\u00eb shkrim, mbi normale mesatare t\u00eb komenteve q\u00eb b\u00ebhen nga shkrimet tuaja pothuajse t\u00eb p\u00ebrditshme n\u00eb internet. Me pak fjal\u00eb, p\u00ebr ata q\u00eb nuk kan\u00eb pasur rastin ta lexojn\u00eb nga pik\u00ebpamja figurative \u00e7far\u00eb duhet t\u00eb kuptojn\u00eb?<\/strong><\/p>\n<p>Natyrisht q\u00eb \u00ebsht\u00eb nj\u00eb figuracion p\u00ebr ta ekzagjeruar fuqin\u00eb e nj\u00eb takimi t\u00eb zakonsh\u00ebm, p\u00ebr shkak se nuk \u00ebsht\u00eb i zakonsh\u00ebm, \u00ebsht\u00eb nj\u00eb zhvillim i ri dhe \u00ebsht\u00eb m\u00eb 8 maj. 1 vit m\u00eb par\u00eb Ilir Meta u b\u00eb faktor q\u00eb Edi Rama t\u00eb ikte nga Bashkia e Tiran\u00ebs dhe nj\u00eb vit m\u00eb pas po b\u00ebhet faktor p\u00ebr t\u00eb prodhuar nj\u00eb shumic\u00eb t\u00eb re presidenciale. N\u00eb fakt, ekzagjerimi duke i quajtur samite t\u00eb dyja takimet \u00ebsht\u00eb p\u00ebr t\u00eb theksuar r\u00ebnd\u00ebsin\u00eb q\u00eb ka takimi midis dy pal\u00ebve.<\/p>\n<p><strong>Pse \u00ebsht\u00eb i r\u00ebnd\u00ebsish\u00ebm?<\/strong><\/p>\n<p>Faktori LSI ka determinuar k\u00ebt\u00eb zhvillim politik q\u00eb kemi, prodhimin e nj\u00eb shumice t\u00eb re n\u00eb zgjedhjet e qershorit t\u00eb vitit 2009 dhe fakti q\u00eb nj\u00eb vit p\u00ebrpara zgjedhjeve k\u00ebto dy faktor\u00eb politik\u00eb fillojn\u00eb komunikimin midis tyre \u00ebsht\u00eb shum\u00eb i r\u00ebnd\u00ebsish\u00ebm. Un\u00eb e quaj pozitiv faktin se ata jan\u00eb takuar publikisht n\u00eb m\u00ebnyr\u00eb zyrtare dhe kan\u00eb institucionalizuar dialogun. Q\u00ebndrimi im kritik, sidomos p\u00ebr opozit\u00ebn, ka t\u00eb b\u00ebj\u00eb m\u00eb faktin se drejt k\u00ebtij zhvillimi pozitiv, drejt bisedave, \u00ebsht\u00eb shkuar n\u00eb rrug\u00eb t\u00eb n\u00ebndheshme, jo transparente dhe ndoshta me tolerime p\u00ebr kauz\u00ebn politike t\u00eb opozit\u00ebs, t\u00eb cilat mund t\u2019i kushtojn\u00eb opozit\u00ebs n\u00eb t\u00eb ardhmen n\u00eb luft\u00ebn e saj politike.<\/p>\n<p><strong>P\u00ebrmes asaj q\u00eb ju quani Samiti i Lal\u00ebzit?<\/strong><\/p>\n<p>Po. E konsideroj zhvillim shum\u00eb negativ, pavar\u00ebsisht se duket si teori konspiracioni, pavar\u00ebsisht se duket si\u2026<\/p>\n<p>Kush \u00ebsht\u00eb pjesa e n\u00ebndheshme q\u00eb e konsideroni ju negativ. Ne t\u00eb dy ndoshta e kuptojm\u00eb se p\u00ebr \u00e7far\u00eb po flitet, por p\u00ebr ta kuptuar m\u00eb qart\u00eb ata q\u00eb po na ndjekin. Un\u00eb mendoj q\u00eb LSI pavar\u00ebsisht se \u00ebsht\u00eb parti institucionale politike ka qen\u00eb legjitime n\u00eb vendimin e saj p\u00ebr t\u00eb b\u00ebr\u00eb aleanc\u00eb me Sali Berish\u00ebn, n\u00eb vitin 2009, pavar\u00ebsisht profilit t\u00eb ndrysh\u00ebm politik, p\u00ebr shkak se \u00ebsht\u00eb nj\u00eb parti q\u00eb ka b\u00ebr\u00eb koalicion me koalicion e par\u00eb. I \u00ebsht\u00eb dh\u00ebn\u00eb mandati Sali Berish\u00ebs p\u00ebr t\u00eb krijuar qeveri dhe ata jan\u00eb afruar. Nuk mund t\u00eb thuhet se kan\u00eb humbur nga marr\u00ebveshja se kan\u00eb marr\u00eb m\u00eb shum\u00eb pushtet se sa kan\u00eb miratuar, kan\u00eb marr\u00eb 20% t\u00eb administrat\u00ebs.<\/p>\n<p>Zhvillimet q\u00eb kan\u00eb pasur m\u00eb pas kan\u00eb qen\u00eb negative. Kan\u00eb qen\u00eb negative p\u00ebr shkak se LSI e ktheu pjes\u00ebmarrjen n\u00eb pushtet n\u00eb nj\u00eb q\u00ebllim n\u00eb vetvete p\u00ebr t\u00eb qen\u00eb nj\u00eb parti pla\u00e7kit\u00ebse. Ne k\u00ebt\u00eb nuk duhet ta harrojm\u00eb. Nuk duhet t\u00eb harrojm\u00eb faktin q\u00eb PD \u00ebsht\u00eb nj\u00eb parti e madhe, \u00ebsht\u00eb nj\u00eb parti q\u00eb ka nj\u00eb lloj serioziteti n\u00eb qeverisjen e vendit dhe nuk mund t\u00eb krahasojm\u00eb profilin e drejtuesve t\u00eb ardhur nga PD n\u00eb pushtet me qokat dhe bacata\u00e7kinjt\u00eb n\u00eb shumic\u00ebn e rasteve q\u00eb LSI i filtron n\u00eb pushtet p\u00ebr t\u00eb pla\u00e7kitur. Ne kemi nj\u00eb statistik\u00eb e cila \u00ebsht\u00eb e pamohueshme q\u00eb shumica e arrestimeve e peshqve t\u00eb vegj\u00ebl, \u2013 se t\u00eb m\u00ebdhenjt\u00eb nuk i prek njeri \u2013 , n\u00eb administrat\u00ebn publike qoft\u00eb korrupsion t\u00eb vog\u00ebl, t\u00eb mes\u00ebm apo t\u00eb lart\u00eb, jan\u00eb n\u00eb 90% t\u00eb rasteve pjes\u00ebtar\u00eb t\u00eb LSI.<\/p>\n<p><strong>Kjo mund t\u00eb jet\u00eb edhe p\u00ebr shkak se \u00ebsht\u00eb favorizuar m\u00eb shum\u00eb PD dhe p\u00ebr t\u00eb mbushur statistikat iu jan\u00eb turrur administrat\u00ebs q\u00eb vijn\u00eb nga LSI-ja\u2026<\/strong><\/p>\n<p>Po t\u00eb ishte me statistik\u00eb m\u00eb shum\u00eb do t\u00eb arrestoheshin nga PD, se ka m\u00eb shum\u00eb njer\u00ebz n\u00eb administrat\u00eb nga PD. Por, fakti q\u00eb edhe pse k\u00ebta 20% z\u00ebn\u00eb 19% t\u00eb arrestimeve nuk kemi t\u00eb b\u00ebjm\u00eb me ndonj\u00eb persekutim politik, por kemi t\u00eb b\u00ebjm\u00eb me nj\u00eb tendenc\u00eb t\u00eb theksuar t\u00eb pjes\u00ebtar\u00ebve n\u00eb pushtet t\u00eb k\u00ebsaj partie p\u00ebr t\u00eb pla\u00e7kitur. Dometh\u00ebn\u00eb \u00ebsht\u00eb nj\u00eb fenomen i cili u institucionalizua dhe mori nj\u00eb pamje edhe shum\u00eb m\u00eb t\u00eb ashp\u00ebr dhe t\u00eb eg\u00ebr tek vet\u00eb kapja publike e liderit t\u00eb LSI me z\u00eb dhe figur\u00eb me nj\u00eb kaset\u00eb q\u00eb ka tronditur Shqip\u00ebrin\u00eb dhe bot\u00ebn per\u00ebndimore, dhe ende nuk \u00ebsht\u00eb g\u00eblltitur fakti q\u00eb ky njeri doli i pafajsh\u00ebm nga ajo q\u00eb ndodhi.<\/p>\n<p>Kjo \u00ebsht\u00eb nj\u00ebra an\u00eb.<\/p>\n<p>Shum\u00eb personazhe t\u00eb n\u00ebntok\u00ebs politike dhe t\u00eb LSI q\u00eb kan\u00eb qen\u00eb t\u00eb akuzuar gjat\u00eb k\u00ebtij mandati p\u00ebr afera qeveris\u00ebse si\u00e7 \u00ebsht\u00eb rasti i pla\u00e7kitjes t\u00eb uzinave t\u00eb Fierit duke i zhveshur nga ato komplet, l\u00ebnien e hekurit p\u00ebr skrap edhe pse TEC-i ka qen\u00eb n\u00eb gjendje pune, dhe p\u00ebr k\u00ebt\u00eb \u00ebsht\u00eb hapur nj\u00eb proces penal, jan\u00eb njer\u00ebz t\u00eb cil\u00ebt jan\u00eb shum\u00eb t\u00eb af\u00ebrt me kreun e LSI-s\u00eb. Nj\u00ebri prej tyre, Leonard Koka, nj\u00eb person problematik, i njohur n\u00eb Shqip\u00ebri, njeri p\u00ebr t\u00eb cil\u00ebn n\u00eb zgjedhjet e vitit 2005 Durr\u00ebsi ka votuar 8 me 0 kund\u00ebr Partis\u00eb Socialiste, ai ka qen\u00eb nj\u00eb faktor q\u00eb ka votuar qart\u00eb n\u00eb Durr\u00ebs, kan\u00eb votuar kund\u00ebr Fatos Nanos n\u00eb vitin 2005. Tani shfaqet gjithmon\u00eb e m\u00eb af\u00ebr pran\u00eb LSI-s\u00eb dhe \u00e7far\u00eb \u00ebsht\u00eb m\u00eb e turpshme, shfaqet edhe n\u00eb tryez\u00ebn e takimeve t\u00eb fshehtave midis Ram\u00ebs dhe Met\u00ebs.<\/p>\n<p>Kjo s\u2019\u00ebsht\u00eb faji i tij, \u00ebsht\u00eb merit\u00eb e tij.<\/p>\n<p>Nuk \u00ebsht\u00eb merit\u00eb, \u00ebsht\u00eb turpi i atij q\u00eb e p\u00ebrdor at\u00eb. Natyrisht nuk \u00ebsht\u00eb ndonj\u00eb p\u00ebrgjegj\u00ebsi shum\u00eb e madhe e zotit Rama q\u00eb e ka gjetur at\u00eb n\u00eb tavolin\u00ebn e bisedimeve. Por, fakti q\u00eb faktor\u00eb t\u00eb till\u00eb rigjall\u00ebrohen nga zhvillimet politike \u00ebsht\u00eb nj\u00eb gj\u00eb jo shum\u00eb produktive n\u00eb aspektin etik, p\u00ebr shkak se vet\u00eb PS n\u00eb zgjedhjet e vitit 2011, e ka defaktorizuar faktorin Koka n\u00eb Durr\u00ebs, edhe pse ata u rreshtuan me t\u00eb gjitha masat represive apo shpeshher\u00eb jo legjitime q\u00eb ata p\u00ebrdorin p\u00ebr zgjedhje n\u00eb Durr\u00ebs. Kryetari i Bashkis\u00eb s\u00eb Durr\u00ebsit, Vangjush Daku, e ka mundur me 2500 vota diferenc\u00eb. Pra, p\u00ebr her\u00eb t\u00eb par\u00eb \u00ebsht\u00eb provuar q\u00eb kush \u00ebsht\u00eb me Nar Kok\u00ebn n\u00eb Durr\u00ebs humbet. Ishte Nano n\u00eb vitin 2005 humbi thell\u00eb, ishte Berisha n\u00eb 2011 humbi thell\u00eb. Pra, \u00ebsht\u00eb nj\u00eb faktor jo politik n\u00eb Durr\u00ebs. Pra \u00ebsht\u00eb nj\u00eb faktor q\u00eb t\u00eb b\u00ebn d\u00ebm. Pra, kush e ka armik \u00ebsht\u00eb i nderuar n\u00eb nj\u00eb far\u00eb m\u00ebnyr\u00eb.<\/p>\n<p><strong>N\u00eb aspektin elektoral\u2026<\/strong><\/p>\n<p>N\u00eb faktin elektoral. Fakti q\u00eb njer\u00ebz t\u00eb till\u00eb p\u00ebrs\u00ebri gjenden n\u00eb tryeza bisedimesh politike tregojn\u00eb inkriminim e lart\u00eb q\u00eb ka politika me faktor\u00eb t\u00eb till\u00eb negativ dhe ringjallja e k\u00ebtyre element\u00ebve \u00ebsht\u00eb nj\u00eb zhvillim negativ. Thash\u00eb, q\u00eb kjo nuk \u00ebsht\u00eb ndonj\u00eb p\u00ebrgjegj\u00ebsi direkte dhe e madhe zotit Rama. Por n\u00eb nj\u00eb far\u00eb m\u00ebnyr\u00eb \u00ebsht\u00eb nj\u00eb d\u00ebm q\u00eb zoti Rama i b\u00ebn kryetarit t\u00eb Bashkis\u00eb s\u00eb Durr\u00ebsit dhe an\u00ebtarit t\u00eb Kryesis\u00eb t\u00eb PS-s\u00eb, i cili e ka defaktorizuar me vota k\u00ebt\u00eb faktor. Pra, \u00ebsht\u00eb tjet\u00ebr gj\u00eb t\u00eb bisedosh me Ilir Met\u00ebn dhe LSI-n\u00eb, dhe tjet\u00ebr gj\u00eb \u00ebsht\u00eb q\u00eb drejt k\u00ebtyre negociatave t\u00eb shkosh me nj\u00eb bot\u00eb t\u00eb n\u00ebndheshme. Kjo \u00ebsht\u00eb nj\u00eb rezerv\u00eb e madhe q\u00eb un\u00eb kam p\u00ebr faktor\u00ebt q\u00eb e gjall\u00ebrojn\u00eb k\u00ebt\u00eb. Rezerva e dyt\u00eb q\u00eb kam n\u00eb k\u00ebt\u00eb \u00ebsht\u00eb objektivi parimor.<\/p>\n<p>Objektivi parimor k\u00ebtu mungon p\u00ebr shkak se negociatat midis Ilir Met\u00ebs dhe Edi Ram\u00ebs jan\u00eb n\u00eb kund\u00ebrshtim me platform\u00ebn publike q\u00eb Edi Rama ka b\u00ebr\u00eb p\u00ebr Presidentin e Republik\u00ebs. PS dhe zoti Rama kan\u00eb shpallur para nj\u00eb jave nj\u00eb platform\u00eb p\u00ebr zgjedhjen e Presidentit konsensual. President konsensual me shantazhe ndaj shumic\u00ebs nuk ka, pasi duhen, minimumi 84 vota. Presidenti konsensual arrihet me nj\u00eb tryez\u00eb t\u00eb p\u00ebrbashk\u00ebt bisedimesh me Berish\u00ebn. K\u00ebshtu q\u00eb, n\u00eb nj\u00eb far\u00eb m\u00ebnyr\u00eb zoti Rama e ka asgj\u00ebsuar objektivin p\u00ebr president konsensual, se Berisha nuk besoj m\u00eb t\u00eb ulet n\u00eb bisedime serioze, ai mund t\u00eb ulet n\u00eb bisedime formale, por jo serioze p\u00ebr president konsensual. E vetmja gj\u00eb q\u00eb ngelet \u00ebsht\u00eb q\u00eb zoti Rama t\u00eb p\u00ebrdori testin p\u00ebr president konsensual p\u00ebr t\u00eb shk\u00ebrmoqur shumic\u00ebn.<\/p>\n<p><strong>Ka t\u00eb dh\u00ebna se \u00e7far\u00eb ka arritur zoti Rama n\u00eb takimin me zoti Meta, qofshin k\u00ebto t\u00eb fshehta ose publike? A kan\u00eb r\u00ebn\u00eb dakord p\u00ebr ndonj\u00eb pik\u00eb? Kam t\u00eb dh\u00ebna q\u00eb kan\u00eb arritur t\u00eb bien dakord p\u00ebr 4 pika t\u00eb p\u00ebrbashk\u00ebta\u2026<\/strong><\/p>\n<p>Un\u00eb mendoj se arritja m\u00eb e madhe \u00ebsht\u00eb takimi. Vet\u00ebm takimi si institucion, takimi i Met\u00ebs dhe Ram\u00ebs prodhon m\u00eb shum\u00eb politik\u00eb se sa g\u00ebnjeshtrat apo bes\u00ebn q\u00eb i japin ata nj\u00ebrit \u2013 tjetrit. Fakti q\u00eb ata t\u00eb dy takohen publikisht, fakti q\u00eb t\u00eb gjith\u00eb jemi t\u00eb bindur se ata kan\u00eb institucionalizuar nj\u00eb dialog midis tyre prodhon m\u00eb shum\u00eb politik\u00eb se gjith\u00e7ka tjet\u00ebr, prodhon shqet\u00ebsim te Berisha, prodhon nervoziz\u00ebm tek ai, prodhon vendime t\u00eb nj\u00ebanshme t\u00eb tij dhe natyrisht e kthen gar\u00ebn p\u00ebr president n\u00eb nj\u00eb gar\u00eb numrash dhe jo m\u00eb n\u00eb nj\u00eb gar\u00eb politike. Nj\u00eb gar\u00eb numrash nga e cila opozita dhe Ilir Meta do ta ken\u00eb shum\u00eb t\u00eb v\u00ebshtir\u00eb t\u00eb mbajn\u00eb nj\u00eb shumic\u00eb t\u00eb bashkuar prej 71 votash, Berisha e ka pak m\u00eb t\u00eb leht\u00eb, s\u00eb paku mund t\u00eb mbaj\u00eb 68 vota n\u00eb rresht dhe mund t\u00eb luftoj\u00eb p\u00ebr 3 vota.<\/p>\n<p>Kurse ata do ta ken\u00eb pak m\u00eb t\u00eb v\u00ebshtir\u00eb p\u00ebr t\u00eb mbajtur 71 vota. Elementi i fundit q\u00eb mund t\u00eb dal\u00eb nga kjo p\u00ebrleshje nervoze \u00ebsht\u00eb q\u00eb Berisha tani \u00ebsht\u00eb m\u00eb n\u00eb t\u00eb drejt\u00ebn e zotit \u2013 n\u00eb kuptimin politik t\u00eb fjal\u00ebs \u2013 p\u00ebr t\u00eb zgjedhur kandidat nj\u00eb figur\u00eb t\u00eb r\u00ebnd\u00ebsishme t\u00eb PD-s\u00eb, si\u00e7 \u00ebsht\u00eb zonja Topalli. P\u00ebr shkak se vet\u00ebm nj\u00eb figur\u00eb e r\u00ebnd\u00ebsishme e PD-s\u00eb mund t\u00eb mbaj\u00eb t\u00eb bashkuar pjes\u00ebn m\u00eb t\u00eb madhe t\u00eb grupit t\u00eb tij dhe te ai t\u00eb negocioj\u00eb nj\u00eb pakic\u00eb m\u00eb t\u00eb vog\u00ebl. \u00c7do figur\u00eb e diskutueshme q\u00eb nuk \u00ebsht\u00eb nj\u00eb figur\u00eb e r\u00ebnd\u00ebsishme politike mund ta vendos\u00eb Berish\u00ebn n\u00eb pozita m\u00eb t\u00eb disfavorshme p\u00ebr shumic\u00ebn e re presidenciale se sa opozita.<\/p>\n<p><strong>Nga ato q\u00eb p\u00ebrfliten si pika mund t\u00eb ken\u00eb r\u00ebn\u00eb dakord Rama dhe Met\u00ebn nj\u00ebri \u00ebsht\u00eb q\u00eb t\u00eb zgjidhet nj\u00eb president jo i Sali Berish\u00ebs, nj\u00eb tjet\u00ebr \u00ebsht\u00eb r\u00ebn\u00eb dakord q\u00eb t\u00eb ket\u00eb nj\u00eb korrektim t\u00eb sistemit zgjedhor, megjith\u00ebse komisioni i reform\u00ebs parlamentare \u00ebsht\u00eb n\u00eb limitet e koh\u00ebs. Por nga ana tjet\u00ebr \u00ebsht\u00eb r\u00ebn\u00eb dakord q\u00eb LSI ta mb\u00ebshtes\u00eb PS-n\u00eb n\u00eb votimin parlamentar p\u00ebr reform\u00ebn parlamentare mbi votimin e fsheht\u00eb dhe di\u00e7ka tjet\u00ebr t\u00eb k\u00ebsaj natyre. Mund t\u00eb funksionojn\u00eb k\u00ebto?<\/strong><\/p>\n<p>Mendoj se pikat q\u00eb jan\u00eb r\u00ebn\u00eb dakord q\u00eb jan\u00eb marr\u00eb vesh, jan\u00eb formale, por jan\u00eb t\u00eb r\u00ebnd\u00ebsishme p\u00ebr shkak se synojn\u00eb ta vendosin Berish\u00ebn p\u00ebrpara nj\u00eb situate tep\u00ebr nervoze. Fakti q\u00eb k\u00ebta k\u00ebrkojn\u00eb korrektimin komb\u00ebtar t\u00eb zgjedhjeve \u00ebsht\u00eb q\u00eb t\u00eb b\u00ebjn\u00eb aleat t\u00eb gjitha partit\u00eb e vogla, pra t\u00eb krijohet nj\u00eb aleanc\u00eb shum\u00eb e fuqishme t\u00eb cil\u00ebn mund ta p\u00ebrdorin p\u00ebr zgjedhjen e presidentit kund\u00ebr Berish\u00ebs. Pra, m\u00eb shum\u00eb se sa k\u00ebrkesa shihet qart\u00eb se jan\u00eb t\u00eb vendosur p\u00ebr ta b\u00ebr\u00eb nervoz Berish\u00ebn. Jan\u00eb t\u00eb vendosur, \u00ebsht\u00eb institucionalizuar dialogu p\u00ebr nj\u00eb shumic\u00eb t\u00eb re presidenciale. Fakti tjet\u00ebr q\u00eb t\u00eb mos jet\u00eb figur\u00eb e PD-s\u00eb \u00ebsht\u00eb q\u00eb ta detyrojn\u00eb Berish\u00ebn, natyrisht nuk besoj se ai bie n\u00eb k\u00ebt\u00eb kurth, por \u00ebsht\u00eb q\u00eb ta detyrojn\u00eb at\u00eb t\u00eb zgjedh\u00eb n\u00eb figur\u00eb jo t\u00eb lart\u00eb t\u00eb PD-s\u00eb, me q\u00ebllim q\u00eb edhe gara presidenciale t\u00eb jet\u00eb m\u00eb e leht\u00eb.<\/p>\n<p>Sapo e thash\u00eb pak m\u00eb par\u00eb q\u00eb kjo situat\u00eb do t\u00eb detyroj\u00eb Berish\u00ebn fiks zonj\u00ebn Topalli kandidate p\u00ebr presidente, p\u00ebr shkak se duhet nj\u00eb figur\u00eb shum\u00eb e r\u00ebnd\u00ebsishme e PD-s\u00eb p\u00ebr t\u00eb mbajtur votat e bashkuara dhe p\u00ebr t\u00eb negociuara p\u00ebr nj\u00eb pakic\u00eb t\u00eb vog\u00ebl votash. Pra, do t\u00eb jemi p\u00ebrpara zhvillimit t\u00eb vitit 2007, ku n\u00eb fillim Berisha ra dakord p\u00ebr nj\u00eb figur\u00eb neutrale, nj\u00eb oficer q\u00eb ishte n\u00eb Bruksel dhe q\u00eb tani e kan\u00eb l\u00ebn\u00eb pa pun\u00eb. Nd\u00ebrkoh\u00eb q\u00eb sapo situata u agravua dhe Nano po mblidhte firmat p\u00ebr t\u00eb hyr\u00eb n\u00eb loj\u00eb at\u00ebher\u00eb Berisha caktoi fiks figur\u00ebn m\u00eb t\u00eb r\u00ebnd\u00ebsishme t\u00eb PD-s\u00eb, Bamir Topin, p\u00ebr t\u00eb mbajtur t\u00eb bashkuara votat e PD-s\u00eb dhe iu desh t\u00eb negocionte me Fatos Nanon p\u00ebr 6 vota. I nj\u00ebjti zhvillim ka p\u00ebr t\u00eb ndodhur edhe tani, Berisha do t\u00eb vendos\u00eb nj\u00eb figur\u00eb t\u00eb r\u00ebnd\u00ebsishme t\u00eb PD-s\u00eb n\u00ebse dialogu midis Ram\u00ebs dhe Met\u00ebs do t\u00eb evoluoj\u00eb, do t\u00eb jet\u00eb n\u00eb vazhdim n\u00eb publik dhe Rama e Meta t\u00eb gjejn\u00eb nj\u00eb figur\u00eb q\u00eb t\u00eb bashkoj\u00eb 71 votat e tjera t\u00eb parlamentit, p\u00ebr t\u00eb cil\u00ebn jan\u00eb shum\u00eb dyshues.<\/p>\n<p>Por, ajo q\u00eb llogarit Rama dhe Meta n\u00eb k\u00ebt\u00eb histori \u00ebsht\u00eb q\u00eb edhe sikur t\u00eb mos e zgjedhin presidentin konsensual, ata do t\u00eb ken\u00eb gati nj\u00eb sebep p\u00ebr nj\u00eb shumic\u00eb t\u00eb re qeveris\u00ebse. Do t\u00eb thon\u00eb i Berish\u00ebs q\u00eb nuk na respektove k\u00ebrkesat tona dhe do t\u00eb gjendemi p\u00ebrpara nj\u00eb situate ku koalicioni mund t\u00eb prishet. Pra, \u00ebsht\u00eb nj\u00eb ekuacion taktik, t\u00ebr\u00ebsisht taktik, i cili mund t\u00eb prodhoj\u00eb nj\u00eb shumic\u00eb t\u00eb re, n\u00eb mos presidenciale, qeveris\u00ebse.<\/p>\n<p><strong>N\u00eb t\u00eb gjith\u00eb k\u00ebt\u00eb histori, t\u00eb gjitha veprimet e Edi Ram\u00ebs dhe PS-s\u00eb duken t\u00eb kuptueshme. Ilir Meta pse?<\/strong><\/p>\n<p>Ilir Meta \u00ebsht\u00eb m\u00eb i r\u00ebnd\u00ebsish\u00ebm se kurr\u00eb k\u00ebt\u00eb muaj.<\/p>\n<p>Po pra, por pse loj\u00ebn po e b\u00ebn me Edi Ram\u00ebn dhe jo me Sali Berish\u00ebn? Ka ndodhur gj\u00eb n\u00eb thelb, ka ndonj\u00eb \u00e7arje apo n\u00eb thyerje parimore t\u00eb fort\u00eb dhe t\u00eb thell\u00eb, e cila po provokohet, o t\u00eb ngjitet ose t\u00eb shk\u00ebputet p\u00ebrfundimisht?<\/p>\n<p>Mendoj q\u00eb problemi m\u00eb i madh q\u00eb ka Ilir Meta jan\u00eb zgjedhjet e ardhshme, pafuqia e tij politike p\u00ebr t\u00eb qen\u00eb nj\u00eb faktor politik n\u00eb zgjedhjet e ardhshme. Shihet qart\u00eb, n\u00ebse Ilir Meta do t\u00eb jet\u00eb n\u00eb koalicion me PD-n\u00eb dhe do t\u00eb futet n\u00eb gar\u00eb s\u00ebbashku me Berish\u00ebn, ai do t\u00eb jet\u00eb partia e dyt\u00eb e atij koalicioni do t\u00eb marr\u00eb mandate deputet\u00ebsh se sa i takojn\u00eb, p\u00ebr shkak t\u00eb formul\u00ebs, e do t\u00eb zerroj\u00eb t\u00eb gjith\u00eb partit\u00eb e tjera brenda koalicionit t\u00eb djatht\u00eb. Kjo gj\u00eb natyrisht q\u00eb ka b\u00ebr\u00eb nervoz t\u00eb gjith\u00eb aleat\u00ebt e Berish\u00ebs brenda koalicionit t\u00eb cil\u00ebt e shikojn\u00eb Ilir Met\u00ebn si nj\u00eb magnet q\u00eb do t\u00eb thith\u00eb t\u00eb gjith\u00eb mandatet e tyre dhe askush nuk ka aq besim tek Ilir Meta sa ta nxjerri nga kjo gar\u00eb me 10 deputet\u00eb dhe pastaj ta nxjerrin me dyfish n\u00eb dor\u00eb sa \u00e7far\u00eb jan\u00eb tani. K\u00ebshtu q\u00eb, t\u00eb gjith\u00eb p\u00ebrpjekjet reale t\u00eb Berish\u00ebs jan\u00eb q\u00eb Meta t\u00eb kandidoj\u00eb n\u00eb zgjedhjet e ardhshme si nj\u00eb parti jasht\u00eb koalicioni t\u00eb PD dhe Berisha t\u00eb b\u00ebj\u00eb koalicion me t\u00eb gjith\u00eb partit\u00eb e tjera dhe t\u00eb ribashkohen pas zgjedhjeve.<\/p>\n<p><strong>Nd\u00ebrkoh\u00eb q\u00eb synimi i Met\u00ebs me sa dim\u00eb \u00ebsht\u00eb q\u00eb t\u00eb marr\u00eb 10 mandate n\u00eb tavolin\u00eb p\u00ebrpara se t\u00eb hyj\u00eb n\u00eb zgjedhje\u2026<\/strong><\/p>\n<p>Kjo \u00ebsht\u00eb e gjitha. Ai n\u00ebse hyn n\u00eb koalicion me Berish\u00ebn i merr 10 mandate, me kaq vota sa ka, me k\u00ebt\u00eb formul\u00eb q\u00eb \u00ebsht\u00eb, ai i merr 10 vota. Kjo \u00ebsht\u00eb nj\u00eb nga krizat e m\u00ebdha q\u00eb ka Berisha.<\/p>\n<p><strong>Pra q\u00eb Berisha nuk do q\u00eb t\u00eb faktorizohet m\u00eb shum\u00eb se \u00e7far\u00eb \u00ebsht\u00eb sot LSI-ja nes\u00ebr\u2026<\/strong><\/p>\n<p>Berisha do ta mbaj\u00eb me k\u00ebt\u00eb nivel q\u00eb ka dhe ta p\u00ebrdor\u00eb p\u00ebrs\u00ebri p\u00ebr zgjedhje n\u00eb koalicion paszgjedhor. Meta do paraprakisht t\u00eb hyj\u00eb n\u00eb koalicion, t\u00eb marr\u00eb 10 mandate dhe pastaj pazari me t\u00eb do t\u00eb jet\u00eb shum\u00eb m\u00eb i v\u00ebshtir\u00eb.<\/p>\n<p><strong>K\u00ebt\u00eb mund ta garantoj\u00eb q\u00eb tani p\u00ebrmes zgjedhjes s\u00eb presidentit ose s\u2019mund ta miratoj\u00eb\u2026<\/strong><\/p>\n<p>\u00cbsht\u00eb n\u00eb nj\u00eb fare m\u00ebnyr\u00eb p\u00ebr t\u2019i th\u00ebn\u00eb Berish\u00ebs se n\u00ebse nuk mi jep ti, mi jep ky tjetri. Pra \u00ebsht\u00eb duke b\u00ebr\u00eb shantazh p\u00ebr t\u00eb rritur pazarin.<\/p>\n<p><strong>Po e arrin n\u00eb fakt deri tani?<\/strong><\/p>\n<p>Kjo \u00ebsht\u00eb p\u00ebr t\u2019u par\u00eb. \u00cbsht\u00eb p\u00ebr t\u2019u par\u00eb se sa do t\u00eb funksionoj\u00eb taktike \u2013 politike q\u00eb ai po ndjek me Ram\u00ebn dhe \u00ebsht\u00eb p\u00ebr t\u2019u par\u00eb deri sa Berisha do t\u00eb bjer\u00eb pre e shantazhit t\u00eb tij. Por, p\u00ebr nj\u00eb gj\u00eb jam i sigurt, q\u00eb LSI n\u00ebse del e vetme n\u00eb zgjedhjet e ardhshme ka mund\u00ebsi q\u00eb t\u00eb mos p\u00ebrfaq\u00ebsohet si forc\u00eb politike dhe jo m\u00eb si koalicion. K\u00ebshtu q\u00eb, Meta e ka jetike faktin q\u00eb ose Berisha duhet t\u2019i thoj\u00eb sot se do t\u00eb jesh n\u00eb koalicion me mua dhe ke 10 mandate, dhe kjo mund t\u00eb nxjerr\u00eb huq t\u00eb gjitha l\u00ebvizjet e Edi Ram\u00ebs. Ose Edi Rama do ta p\u00ebrdor\u00eb Ilir Met\u00ebn p\u00ebr t\u00eb rr\u00ebzuar sot Sali Berish\u00ebn. Kur them sot kam parasysh zgjedhjen e presidentit. At\u00ebher\u00eb do t\u00eb kemi nj\u00eb parti opozitare p\u00ebr nj\u00eb vit me t\u00eb drejt\u00eb morale p\u00ebr t\u2019iu bashkuar koalicionit t\u00eb ardhsh\u00ebm opozitar. N\u00eb t\u00eb dyja rastet duket sikur i qajm\u00eb hallin nj\u00eb partie e cila m\u00eb mir\u00eb mos t\u00eb ishte n\u00eb sken\u00ebn politike shqiptare me at\u00eb imazh q\u00eb ka prodhuar. Por, \u00ebsht\u00eb nj\u00eb zhvillim nga i cili nuk shp\u00ebtojm\u00eb dot.<\/p>\n<p><strong>Nga e gjith\u00eb kjo loj\u00eb gjithmon\u00eb \u00ebsht\u00eb kritikuar Edi Rama dhe PS q\u00eb a luan mir\u00eb, a s\u2019po luan mir\u00eb, a po e b\u00ebn mir\u00eb loj\u00ebn politike mbi baz\u00ebn e rrethanave t\u00eb krijuara, si po duket, \u00ebsht\u00eb n\u00eb t\u00eb gjith\u00eb at\u00eb gjat\u00ebsin\u00eb e val\u00ebs dhe t\u00eb drejt\u00ebn e val\u00ebs dhe a \u00ebsht\u00eb duke aktruar mir\u00eb deri tani t\u00eb pakt\u00ebn si lider i opozit\u00ebs hap\u00ebsir\u00ebn q\u00eb \u00ebsht\u00eb krijuar?<\/strong><\/p>\n<p>Ka dy standarde p\u00ebr ta vler\u00ebsuar k\u00ebt\u00eb. N\u00ebse nisemi me standardin parimor, moral se si Rama ka zhvilluar opozit\u00ebn pas vitit 2009, me kauz\u00ebn e tij p\u00ebr vjedhjen e votave, me kauz\u00ebn e tij t\u00eb 21 janarit, e cila n\u00eb nj\u00eb far\u00eb m\u00ebnyr\u00eb u prodhua edhe nga ajo shfaqje e tmerrshme publike me z\u00eb dhe figur\u00eb e Ilir Met\u00ebs duke mbajtur sh\u00ebnim n\u00eb bllok parat\u00eb e taksapaguesve shqiptar\u00eb, nuk \u00ebsht\u00eb nj\u00eb zhvillim i duhur kjo q\u00eb zoti Rama po b\u00ebn. Nuk kemi nj\u00eb zhvillim parimor politik, \u00ebsht\u00eb nj\u00eb ikje nga q\u00ebndrimet morale dhe nga parimet mbi t\u00eb cilat PS ka ardhur deri m\u00eb sot. Por \u00ebsht\u00eb nj\u00eb zhvillim pragmatist t\u00eb cilin zoti Rama mund ta justifikoj\u00eb me produktin q\u00eb do t\u00eb nxjerr\u00eb. N\u00ebse do t\u00eb isha un\u00eb lider i PS nuk do t\u00eb kisha hyr\u00eb n\u00eb k\u00ebt\u00eb histori, mund t\u00eb ket\u00eb t\u00eb tjer\u00eb q\u00eb s\u2019do t\u00eb hynin. Zoti Rama ka hyr\u00eb dhe ka hyr\u00eb me p\u00ebrgjegj\u00ebsin\u00eb e tij politike.<\/p>\n<p>Pra, ai \u00ebsht\u00eb duke b\u00ebr\u00eb nj\u00eb gj\u00eb p\u00ebr t\u00eb cil\u00ebn do t\u00eb marr\u00eb vete p\u00ebrgjegj\u00ebsin\u00eb politike dhe ne do t\u00eb shikojm\u00eb vet\u00ebm se \u00e7far\u00eb do t\u00eb nxjerr\u00eb nga kjo histori, nuk kemi t\u00eb drejt\u00eb t\u2019i themi \u201cStop\u201d se nuk mund ta b\u00ebjm\u00eb k\u00ebt\u00eb pun\u00eb. N\u00eb rast se q\u00ebllimi jon\u00eb \u00ebsht\u00eb q\u00eb t\u00eb largojm\u00eb Berish\u00ebn nga pushteti dhe n\u00ebse zoti Rama si lider i opozit\u00ebs \u00ebsht\u00eb duke menduar nj\u00eb plan taktik q\u00eb mund ta b\u00ebj\u00eb k\u00ebt\u00eb, ne thjesht duhet t\u00eb shikojm\u00eb produktin. Por, ata q\u00eb do ta mb\u00ebshtesin k\u00ebt\u00eb zhvillim, k\u00ebt\u00eb l\u00ebvizje taktike t\u00eb zotit Rama do ta ken\u00eb shum\u00eb t\u00eb v\u00ebshtir\u00eb n\u00eb fushat\u00ebn elektorale t\u00eb mbrojn\u00eb kauzat e tjera. N\u00eb nj\u00eb far\u00eb m\u00ebnyr\u00eb kauza e historis\u00eb s\u00eb korrupsioni politik t\u00eb G\u00ebrdecit ku realisht \u00ebsht\u00eb i p\u00ebrfshir\u00eb i biri i kryeministrit, por n\u00eb fokus \u00ebsht\u00eb Ministri i Mbrojtjes, i cili nuk po d\u00ebnohet p\u00ebr k\u00ebt\u00eb shkak, u d\u00ebmtua r\u00ebnd\u00eb nga fakti se nga nj\u00eb veprim i till\u00eb\u2026<\/p>\n<p><strong>Ka pasur nj\u00eb zhvillim n\u00eb Gjykat\u00ebn Kushtetuese q\u00eb i ka dh\u00ebn\u00eb t\u00eb drejt\u00ebn gjykat\u00ebs q\u00eb ta gjykoj\u00eb Fatmir Mediun\u2026<\/strong><\/p>\n<p>Ta shqyrtoj\u00eb p\u00ebr nj\u00eb d\u00ebmtim civil dhe do t\u00eb ket\u00eb p\u00ebrs\u00ebri avokat Vish\u00ebn. Fakti q\u00eb her\u00ebn e kaluar zoti Rama nj\u00eb muaj m\u00eb par\u00eb hyri n\u00eb nj\u00eb histori t\u00eb ngjashme si kjo q\u00eb po hyn me Ilir Met\u00ebn p\u00ebr rastin e Adrian Vish\u00ebs, ku u p\u00ebrfshi n\u00eb nj\u00eb l\u00ebvizje taktike duke num\u00ebruar votat 7 i kemi k\u00ebtu, 2 i kemi atje, 1 e kemi aty dhe do t\u00eb mundim Berish\u00eb dhe nuk ia dol\u00ebn.<\/p>\n<p><strong>Nuk besoj se kjo \u00ebsht\u00eb e nj\u00ebjta gj\u00eb\u2026<\/strong><\/p>\n<p>Qart\u00eb. Mori nj\u00eb kosto publike dhe n\u00eb nj\u00eb far\u00eb m\u00ebnyr\u00eb d\u00ebmtoi shum\u00eb kauz\u00ebn morale t\u00eb \u00e7\u00ebshtjes s\u00eb G\u00ebrdecit. N\u00ebse edhe nga kjo histori del e humbur, ka d\u00ebmtuar r\u00ebnd\u00eb kauz\u00ebn e 21-janarit. Kjo p\u00ebr shkak se \u00ebsht\u00eb p\u00ebrfshir\u00eb n\u00eb nj\u00eb l\u00ebvizje taktike me nj\u00eb nga personat ky\u00e7 i cili shkaktoi at\u00eb q\u00eb shkaktoi, u b\u00eb shkak p\u00ebr vrasjet e 21 janarit, vrasjet i b\u00ebri Sali Berisha, por ky ishte nj\u00eb nga shkaqet politike q\u00eb njer\u00ebzit dol\u00ebn t\u00eb revoltuar. K\u00ebshtu q\u00eb, \u00ebsht\u00eb nj\u00eb gj\u00eb t\u00eb cil\u00ebn zotit Rama nuk mund t\u2019i marrim dor\u00ebn sepse \u00ebsht\u00eb kryetari i PS-s\u00eb, partis\u00eb m\u00eb t\u00eb madhe t\u00eb opozit\u00ebs dhe ka edhe mandatin e duhur nga partia e tij, derisa e ka at\u00eb mandat, p\u00ebr t\u00eb b\u00ebr\u00eb edhe l\u00ebvizje taktike e pragmatiste, n\u00ebse ato rezultojn\u00eb me sukses\u2026 \u00cbsht\u00eb \u00e7\u00ebshtje lidershipit.<\/p>\n<p><strong>Kjo do t\u00eb thot\u00eb se n\u00ebse PS rikthehet n\u00eb pushtet m\u00eb 2013 t\u00eb gjitha jan\u00eb t\u00eb justifikuara?<\/strong><\/p>\n<p>Jo \u00e7do mjet justifikon q\u00ebllimin n\u00eb k\u00ebt\u00eb rast, p\u00ebr shkak se ajo do t\u00eb duhet t\u00eb ndeshet p\u00ebr t\u00eb fituar n\u00eb vitin 2013 me vizionin e saj p\u00ebr qeverisje. Por, m\u00ebnyra p\u00ebr t\u00eb dob\u00ebsuar nj\u00eb regjim i cili p\u00ebrdor t\u00eb gjitha mjetet p\u00ebr t\u00eb q\u00ebndruar n\u00eb pushtet, t\u00eb detyron t\u00eb p\u00ebrdor\u00ebsh ndonj\u00ebher\u00eb t\u00eb gjitha mjetet p\u00ebr ta rr\u00ebzuar, ose t\u00eb pakt\u00ebn p\u00ebr ta plasaritur at\u00eb. Por, drejt pushtetit duhet t\u00eb shkohet me zgjedhje t\u00eb lira e t\u00eb ndershme.<\/p>\n<p><strong>Dhe kjo nuk shkon edhe aq shum\u00eb n\u00eb sinkron me filozofin\u00eb \u201cNj\u00eb rilindje komb\u00ebtare\u201d\u2026?<\/strong><\/p>\n<p>Nuk shkon me t\u00eb th\u00ebn\u00eb t\u00eb drejt\u00ebn n\u00eb kuptimin e t\u00eb ruajtjes s\u00eb parimeve p\u00ebr t\u00eb cilat opozita besohet se u vodh n\u00eb vitin 2009 dhe u persekutua gjat\u00eb k\u00ebtyre 3 viteve. Por, shkon n\u00eb kuptimin e pafuqis\u00eb n\u00eb t\u00eb cil\u00ebn gjendesh n\u00eb regjime t\u00eb tilla autokrate p\u00ebr shkak se k\u00ebto nuk jan\u00eb regjime normale ku ti ke liri shtypi, pavar\u00ebsi intelektuale, debat publik. K\u00ebtu jemi n\u00eb shoq\u00ebri civile. K\u00ebtu jemi n\u00eb nj\u00eb vend ku t\u00eb gjitha k\u00ebto kanale jan\u00eb mbyllur.<\/p>\n<p>K\u00ebtu ndonj\u00eb media mbijeton, ndonj\u00eb intelektual mbijeton, ndonj\u00eb pjes\u00ebtar i shoq\u00ebris\u00eb civile thot\u00eb ndonj\u00eb gj\u00eb aty ku mundet dhe shoq\u00ebria \u00ebsht\u00eb e ngulfatur, dhe kemi nj\u00eb vullnetariz\u00ebm p\u00ebr t\u2019i sh\u00ebrbyer regjimit. Rrethana t\u00eb tilla natyrisht q\u00eb jan\u00eb shum\u00eb entuziaste, mund t\u00eb plasaritin regjimin dhe mund t\u00eb prodhojn\u00eb pastaj energji t\u00eb tjera ndaj qeveris\u00eb q\u00eb do t\u00eb vij\u00eb n\u00eb pushtet p\u00ebr ta vendosur at\u00eb n\u00eb rrug\u00ebn e duhur. Detyrimi i k\u00ebsaj opozitare, n\u00ebse arrin ta plasarit\u00eb regjimin \u00ebsht\u00eb q\u00eb t\u00eb krijoj\u00eb nj\u00eb standard t\u00eb ri n\u00eb shoq\u00ebrin\u00eb shqiptare p\u00ebr t\u00eb mos p\u00ebrs\u00ebritur m\u00eb historin\u00eb e k\u00ebtij regjimi ku askush t\u00eb mos ket\u00eb mund\u00ebsi t\u00eb flas\u00eb asgj\u00eb kund\u00ebr k\u00ebtij regjimi.<\/p>\n<p><strong>N\u00eb lidhje me takimin Meta \u2013 Rama, kur jan\u00eb ulur besoj her\u00ebn e par\u00eb dikush dikujt i ka k\u00ebrkuar falje p\u00ebr di\u00e7ka, kush mund t\u00eb ket\u00eb qen\u00eb nga k\u00ebto t\u00eb dy dhe p\u00ebr \u00e7\u2019far\u00eb kan\u00eb k\u00ebrkuar fjal\u00eb?<\/strong><\/p>\n<p>Kam iden\u00eb q\u00eb do e ken\u00eb harruar k\u00ebt\u00eb pjes\u00eb. Nuk jan\u00eb aq etik\u00eb.<\/p>\n<p><strong>P\u00ebrfliten legjenda urbane se dikush ka k\u00ebrkuar falje disa her\u00eb\u2026<\/strong><\/p>\n<p>Kam frik\u00eb se e kan\u00eb kaluar k\u00ebt\u00eb pjes\u00eb, kan\u00eb kaluar tek pika dy.<\/p>\n<p>Zoti Baze, n\u00eb k\u00ebto takime kemi par\u00eb nj\u00eb reagim t\u00eb zotit Rama, i cili \u00ebsht\u00eb shprehur q\u00eb: Kujt \u00e7uditet dhe kujt mllefoset nga takimi i sot\u00ebm me Ilir Met\u00ebn etj,.. etj,. Duket sikur ka nj\u00eb p\u00ebrpjekje t\u00eb zotit Rama p\u00ebr t\u00eb justifikuar publikisht veprimet q\u00eb b\u00ebn. Nj\u00eb prej t\u00eb cil\u00ebve lidhet me nj\u00eb editorial \u201cT\u00eb enjten pse n\u00eb Opinion\u201d\u2026.<\/p>\n<p>Ka pasur p\u00ebrpara nj\u00eb editorial p\u00ebr Adrian Vish\u00ebn se pse e ka votuar, do t\u00eb ket\u00eb edhe sot nj\u00eb Editorial se pse e ka takuar Ilir Met\u00ebn. K\u00ebshtu q\u00eb, mos u \u00e7udit nga p\u00ebrpjekjet e tij p\u00ebr t\u00eb sqaruar opinionin publik.<\/p>\n<p><strong>Pse ky reagim? Pse nuk \u00ebsht\u00eb kaq i sigurt Rama p\u00ebr veprimet q\u00eb b\u00ebn?<\/strong><\/p>\n<p>Nuk mund t\u00eb themi se s\u2019\u00ebsht\u00eb i sigurt p\u00ebr veprimet q\u00eb b\u00ebn, pro \u00ebsht\u00eb n\u00eb nj\u00eb bilanc natyrisht t\u00eb friksh\u00ebm pas reagimit t\u00eb opinionit publik t\u00eb opozit\u00ebs ndaj ikjes nga kauza morale e opozit\u00ebs. Pra, ka qen\u00eb rasti i Vish\u00ebs, ka qen\u00eb rasti i q\u00ebndrimit ndaj Klanit, ka qen\u00eb historia e Ilir Met\u00ebs, p\u00ebr t\u00eb cilat zoti Rama \u00ebsht\u00eb i qart\u00eb q\u00eb do t\u00eb ket\u00eb debat t\u00eb ashp\u00ebr publik me opozit\u00ebn dhe do t\u00eb p\u00ebrpiqet t\u2019i dal\u00eb p\u00ebrpara, t\u2019i sqaroj\u00eb p\u00ebr shkak se ai \u00ebsht\u00eb duke vepruar me koshienc\u00eb, duke tentuar t\u00eb b\u00ebj\u00eb nj\u00eb rrug\u00eb pragmatike p\u00ebr t\u00eb plasaritur shumic\u00ebn. Pra, \u00ebsht\u00eb duke b\u00ebr\u00eb nj\u00eb veprim taktik, jo politik. \u00cbsht\u00eb nj\u00eb veprim q\u00eb i ik\u00ebn kauzave morale dhe politike q\u00eb ai ka mbrojtur deri m\u00eb sot me q\u00ebllimin q\u00eb t\u00eb arrij\u00eb t\u00eb nj\u00ebjtin rezultat. Po b\u00ebn p\u00ebrpjekje t\u00eb m\u00ebdha p\u00ebr t\u2019i sqaruar k\u00ebto. P\u00ebr mendimin tim, n\u00eb dy rastet e para kan\u00eb qen\u00eb sqarime t\u00eb panevojshme. Sidomos sqarimi p\u00ebr t\u00eb vajtur tek Tv Klan ka qen\u00eb krejt i panevojsh\u00ebm.<\/p>\n<p><strong>Nj\u00eb editorial shum\u00eb i gjat\u00eb\u2026<\/strong><\/p>\n<p>Nj\u00eb sqarim i panevojsh\u00ebm fare. Tek Klan mund t\u00eb shkosh dhe ato q\u00eb i thua n\u00eb editorial ik dhe thuaja Fevziut n\u00eb studio dhe Snadrit, b\u00ebji t\u00eb fala n\u00eb fund dhe ik, se s\u2019ka nj\u00eb problem t\u00eb madh. Ajo ka qen\u00eb krejt e panevojshme. Kjo q\u00eb ka nxjerr\u00eb t\u00eb m\u00ebrkur\u00ebn \u00ebsht\u00eb pak m\u00eb logjike p\u00ebr shkak se reaksioni ndaj Ilir Met\u00ebs \u00ebsht\u00eb shum\u00eb i madh n\u00eb opozit\u00eb, jo vet\u00ebm se ai u b\u00eb nj\u00eb faktor q\u00eb mblodhi votat e s\u00eb majt\u00ebs dhe i \u00e7oi tek Berisha, por q\u00ebndrimet q\u00eb mbajti n\u00eb momentet e zhvillimeve ky\u00e7e si\u00e7 ishte janari: Iu tha kok\u00ebpalar\u00eb atyre q\u00eb dol\u00ebn demonstrata dhe q\u00eb n\u00eb nj\u00eb far\u00eb m\u00ebnyr\u00eb kan\u00eb rritur shum\u00eb dhe sensibilitetin e familjeve t\u00eb viktimave ndaj opozit\u00ebs. Zoti Rama \u00ebsht\u00eb i shqet\u00ebsuar p\u00ebr t\u00eb sqaruar pozicionin e tij dhe p\u00ebr t\u00eb shpjeguar se kjo \u00ebsht\u00eb p\u00ebrs\u00ebri p\u00ebr t\u00eb nj\u00ebjtin q\u00ebllim p\u00ebr t\u00eb plasaritur shumic\u00ebn.<\/p>\n<p>Pra, n\u00eb nj\u00eb far\u00eb m\u00ebnyr\u00eb kemi dilemat q\u00eb ai ka vet\u00eb si lider p\u00ebr veprimet q\u00eb po b\u00ebn, veprime t\u00eb cilat po b\u00ebn, veprime t\u00eb cilat ai i konsideron pragmatiste dhe nuk mund t\u00eb p\u00ebrzihemi n\u00eb k\u00ebt\u00eb histori. Jan\u00eb vendime q\u00eb i merr lideri i opozit\u00ebs, ne thjesht mund ta v\u00ebzhgojm\u00eb, ta urojm\u00eb po ia doli. Jemi t\u00eb detyruar t\u00eb q\u00ebndrojm\u00eb jasht\u00eb taktikave t\u00eb tij, t\u00eb mos b\u00ebhemi pjes\u00eb e p\u00ebrpjekjeve. Un\u00eb si gazetar do t\u00eb mbroj at\u00eb q\u00eb kam shkruar p\u00ebr 21-janarin dhe Ilir Met\u00ebn. Por n\u00ebse zoti Rama ia del t\u00eb rr\u00ebzoj\u00eb Sali Berish\u00ebn apo ta plasarit\u00eb k\u00ebt\u00eb, ai \u00ebsht\u00eb p\u00ebrpara nj\u00eb produkti politik pozitiv se mund t\u00eb \u00e7liroj\u00eb energji t\u00eb reja n\u00eb shoq\u00ebrin\u00eb shqiptare, e cila mund t\u00eb \u00e7lirohet nga diktati i Berish\u00ebs dhe t\u00eb prodhoj\u00eb nj\u00eb debat shum\u00eb m\u00eb t\u00eb sh\u00ebndetsh\u00ebm se sa ai q\u00eb ka vet\u00eb Edi Rama p\u00ebr t\u00eb rr\u00ebzuar pushtetin. K\u00ebshtu q\u00eb, ne thjesht jemi duke i dh\u00ebn\u00eb atij q\u00eb t\u00eb marr\u00eb p\u00ebrgjegj\u00ebsit\u00eb p\u00ebr at\u00eb q\u00eb b\u00ebn.<\/p>\n<p><strong>Pyetja n\u00eb fakt prodhon nj\u00eb pyetje tjet\u00ebr se \u00e7far\u00eb lideri \u00ebsht\u00eb Edi Rama dhe n\u00eb prag t\u00eb zgjedhjeve t\u00eb 2013, nj\u00eb vit p\u00ebrpara, nj\u00eb lider politik p\u00ebrcakton pikat n\u00eb horizont dhe pikat n\u00eb horizont t\u00eb nj\u00eb lideri n\u00eb politik\u00eb \u00ebsht\u00eb t\u00eb rikthehet n\u00eb pushtet dhe pak r\u00ebnd\u00ebsi ka trajektorja q\u00eb ndjek\u2026<\/strong><\/p>\n<p>Jo, ka r\u00ebnd\u00ebsi dhe trajektorja. Mos ta b\u00ebjm\u00eb k\u00ebt\u00eb sikur do t\u00eb harrojm\u00eb. Po harruam se \u00e7far\u00eb ka b\u00ebr\u00eb Edi Rama, do t\u00eb harrojm\u00eb \u00e7far\u00eb ka b\u00ebr\u00eb Sali Berisha, \u00e7far\u00eb ka b\u00ebr\u00eb Ilir Meta dhe ta b\u00ebjm\u00eb k\u00ebt\u00eb shoq\u00ebri pa kujtese.<\/p>\n<p><strong>Kjo \u00ebsht\u00eb pra, q\u00eb duhet domosdoshm\u00ebrish q\u00eb ta llogarisim n\u00eb pik\u00ebn e horizontit apo edhe tek trajektorja q\u00eb ndjek. Si duhet gjykuar nj\u00eb lider?<\/strong><\/p>\n<p>Un\u00eb do t\u00eb doja q\u00eb Sali Berisha t\u00eb mundej, nuk do t\u00eb doja q\u00eb Sali Berisha t\u00eb zbohej nga pushteti, t\u2019i vidheshin disa vota, t\u2019i merrej nj\u00eb k\u00ebtu e aty dhe t\u00eb ikte. Un\u00eb dua q\u00eb Sali Berisha t\u00eb mundet politikisht dhe t\u00eb mbaj\u00eb p\u00ebrgjegj\u00ebsi pastaj p\u00ebr at\u00eb q\u00eb ka b\u00ebr\u00eb. N\u00ebse rezultati p\u00ebr ta zbuar Berish\u00ebn nga pushteti jan\u00eb marifete t\u00eb vogla dhe n\u00ebse ky veprim nuk prodhon energji t\u00eb reja p\u00ebr shoq\u00ebrin\u00eb shqiptare, nuk prodhon nj\u00eb opozit\u00eb t\u00eb re t\u00eb sh\u00ebndetshme deri n\u00eb zgjedhje, q\u00eb ne t\u00eb kemi mund\u00ebsi ta mundim Sali Berish\u00ebn. N\u00ebse Sali Berish\u00ebn e heqim nga pushteti duke marr\u00eb nj\u00eb aty dhe dy aty, Sali Berish\u00ebn do ta kemi n\u00eb politik\u00eb, do ta kemi t\u00eb viktimizuar, do ta kemi t\u00eb pastruar dit\u00ebn e par\u00eb q\u00eb ikim nga pushteti, se fundja ata q\u00eb do t\u00eb qeverisja un\u00eb m\u2019i mor\u00ebt ju, un\u00eb skam \u00e7far\u00eb b\u00ebj dhe un\u00eb kauz\u00ebn time dhe k\u00ebshtu do ta kemi shum\u00eb m\u00eb t\u00eb v\u00ebshtir\u00eb t\u00eb ndeshemi me fenomenin Berisha, p\u00ebr shkak se nj\u00eb pjes\u00eb e kusureve t\u00eb tij do t\u2019i mbarti pushteti i ri.<\/p>\n<p>Prandaj do t\u00eb desha q\u00eb nga k\u00ebto l\u00ebvize taktike pragmatiste t\u00eb opozit\u00ebs t\u00eb plasaritej pushteti me \u00e7do kusht, kjo \u00ebsht\u00eb nj\u00eb gj\u00eb shum\u00eb pozitive. Por, plasaritja t\u00eb prodhoj\u00eb nj\u00eb opozitariz\u00ebm t\u00eb ri, nj\u00eb qeveri me t\u00eb cil\u00ebn t\u00eb vazhdoj\u00eb t\u00eb dominoj\u00eb kauz\u00ebn morale. Do t\u00eb vazhdojn\u00eb t\u00eb dominojn\u00eb premtimet p\u00ebr t\u00eb mbrojtur parimet mbi t\u00eb cilat kjo opozit\u00eb pati probleme qoft\u00eb me lirin\u00eb e zgjedhjeve, qoft\u00eb me lirin\u00eb e shtypit, qoft\u00eb me lirin\u00eb ekonomike n\u00eb vend, qoft\u00eb n\u00eb marr\u00ebdh\u00ebniet midis institucioneve t\u00eb cilat u kthyen n\u00eb problematike p\u00ebr imazhin e vendit dhe po d\u00ebshtojn\u00eb p\u00ebr her\u00eb t\u00eb tret\u00eb statusin e Shqip\u00ebris\u00eb p\u00ebr n\u00eb Bashkimin Europian. Pra, nuk duhet t\u2019i biem shkurt t\u00eb themi q\u00eb mjafton t\u00eb ndryshoj\u00eb pushteti se t\u00eb gjitha t\u00eb tjerat harrohen. Asnj\u00eb nuk duhet t\u00eb harrohet. As vjedhja e votave t\u00eb Edi Ram\u00ebs nuk do t\u00eb harrohet, as kaseta e Ilir Met\u00ebs, as 21-janari, as 8-maji i vitit t\u00eb kaluar. Pra asgj\u00eb nuk duhet t\u00eb harrojm\u00eb se n\u00ebse harrojm\u00eb do t\u00eb jemi t\u00eb d\u00ebnuar t\u2019i p\u00ebrs\u00ebrisim t\u00eb gjitha gabimet.<\/p>\n<p><strong>Kjo \u00ebsht\u00eb si puna e nj\u00eb parulle dikur, armiku m\u00eb i rreziksh\u00ebm \u00ebsht\u00eb ai q\u00eb harrohet\u2026<\/strong><\/p>\n<p>\u00cbsht\u00eb nj\u00eb virus q\u00eb do t\u00eb ngelet brenda nesh dhe kur t\u00eb na p\u00ebrs\u00ebritet do t\u00eb themi po, na ndodhi edhe nj\u00eb her\u00eb.<\/p>\n<p><strong>Q\u00eb t\u00eb arrihet kjo gj\u00eb, q\u00eb t\u00eb mos humbi fryma dhe le t\u00eb themi kauzat morale p\u00ebr t\u2019u rikthyer n\u00eb pushtet ose jo, p\u00ebr t\u00eb b\u00ebr\u00eb rotacion politik ose jo, p\u00ebr t\u2019u mundur Sali Berisha ose jo, duhet nj\u00eb frym\u00eb ndryshimi. K\u00ebt\u00eb frym\u00eb n\u00eb fakt e kemi par\u00eb n\u00eb vitin 2004 \u2013 2005, p\u00ebrpara se Sali Berisha t\u00eb rikthehej n\u00eb pushtet p\u00ebrmes vot\u00ebs dhe do t\u00eb largoheshin socialist\u00ebt. A po krijohet kjo frym\u00eb? Po t\u00eb kemi parasysh q\u00eb k\u00ebto q\u00eb po analizojm\u00eb, k\u00ebto gabime, k\u00ebto element\u00eb t\u00eb kritikuesh\u00ebm ose jo t\u00eb veprimeve politike t\u00eb Edi Ram\u00ebs, k\u00ebto vendime t\u00eb Edi Ram\u00ebs, si\u00e7 mund t\u00eb ken\u00eb p\u00ebr shembull element\u00eb t\u00eb kritikuesh\u00ebm edhe fakti q\u00eb caktoi disa an\u00ebtar\u00eb t\u00eb Kryesis\u00eb s\u00eb PS p\u00ebr t\u00eb shkuar nga nj\u00eb zon\u00eb n\u00eb nj\u00eb zon\u00eb t\u00eb tjet\u00ebr dhe Erion Bra\u00e7e vazhdon ta sfidoj\u00eb duke mos shkuar. A krijojn\u00eb k\u00ebta tek Edi Rama figur\u00ebn e nj\u00eb lideri politik t\u00eb till\u00eb q\u00eb ta krijoj\u00eb k\u00ebt\u00eb frym\u00eb, ta orientoj\u00eb dhe ta drejtoj\u00eb k\u00ebt\u00eb frym\u00eb, ta \u00e7oj\u00eb k\u00ebt\u00eb opozit\u00eb drejt nj\u00eb marrje t\u00eb pushtetit dhe rikthimin e saj n\u00eb pushtet?<\/strong><\/p>\n<p>Nuk jan\u00eb opozita t\u00eb ngjashme opozita e Berish\u00ebs dhe e Ram\u00ebs. Opozita e Berish\u00ebs ka qen\u00eb shum\u00eb refraktare, shum\u00eb e ngulfatur tek 2-3 parime t\u00eb saj, tek besnik\u00ebria politike, tek beteja kund\u00ebr korrupsioni, tek lideri autoritar. Di gj\u00eb nuk ndodh tek kjo opozit\u00eb. Nuk them se ato jan\u00eb m\u00eb t\u00eb mira dhe ato jan\u00eb m\u00eb t\u00eb k\u00ebqija, por nuk ka t\u00eb ngjashme. Opozita e Ram\u00ebs \u00ebsht\u00eb krejt e ndryshme, \u00ebsht\u00eb e bazuar me moderacionin politik t\u00eb Ram\u00ebs, \u00ebsht\u00eb e bazuar me nj\u00eb lider shum\u00eb m\u00eb t\u00eb preksh\u00ebm dhe m\u00eb konkret qoft\u00eb nga pik\u00ebpamja autoritative, qoft\u00eb nga pik\u00ebpamja sociale. \u00cbsht\u00eb nj\u00eb njeri q\u00eb ulet shkruan, boton libra, merret me nj\u00eb jet\u00eb m\u00eb sociale se Berisha i cili komunikon me shqiptar\u00ebt vet\u00ebm p\u00ebrmes z\u00ebdh\u00ebn\u00ebsit, p\u00ebrmes deklaratave t\u00eb ashpra, p\u00ebrmes q\u00ebndrimeve shum\u00eb refraktare ndaj pushtetit, p\u00ebrmes besnik\u00ebris\u00eb s\u00eb fort\u00eb politike me t\u00eb cil\u00ebn kontrollonte opozit\u00ebn dhe derisa shkoi drejt ndryshimit t\u00eb vitit t\u00eb fundit, i cili prodhoi frym\u00eb.<\/p>\n<p>Pra, fryma q\u00eb prodhoi Berisha q\u00eb dukej sikur ndryshoi vinte nga \u00e7lirimi i autoritetit t\u00eb Berish\u00ebs. Pra, ai filloi t\u00eb dor\u00ebzonte pak nga autoriteti i vet, t\u00eb b\u00ebhej m\u00eb social, m\u00eb tok\u00ebsor dhe ajo prodhoi nj\u00eb frym\u00eb e re. Rama e ka k\u00ebt\u00eb frym\u00eb, e ka n\u00eb individualitetin e tij si lider i opozit\u00ebs, n\u00eb m\u00ebnyr\u00ebn se si ka b\u00ebr\u00eb opozit\u00eb. Ndonj\u00ebher\u00eb \u00ebsht\u00eb aq i bezdissh\u00ebm n\u00eb shpjegimin e programit sa ka 3-4 muaj q\u00eb shpjegon programin p\u00ebr sportin, rinin\u00eb, bujq\u00ebsin\u00eb, blegtorin\u00eb, blet\u00ebt, moll\u00ebt, rrushin, pra \u00ebsht\u00eb i p\u00ebrfshir\u00eb n\u00eb debate p\u00ebr t\u00eb cilat jan\u00eb shum\u00eb interesante po t\u00eb kesh v\u00ebmendjen e duhur p\u00ebr t\u2019i par\u00eb, por nuk jan\u00eb brenda frym\u00ebs q\u00eb ka prodhuar opozita p\u00ebr ndryshimin dhe askush nuk e quan m\u00eb t\u00eb r\u00ebnd\u00ebsishme. Jan\u00eb realisht t\u00eb r\u00ebnd\u00ebsishme. Pra, nuk jemi n\u00eb nj\u00eb pik\u00eb kritike, nuk \u00ebsht\u00eb arritur nj\u00eb mas\u00eb kritike ku ne t\u00eb shikojm\u00eb q\u00eb opozita ka k\u00ebto profil dhe tani po prodhon nj\u00eb frym\u00eb val\u00eb ndryshimi.<\/p>\n<p>Kjo \u00ebsht\u00eb beteja e fundit q\u00eb Rama po b\u00ebn. \u00cbsht\u00eb beteja p\u00ebr t\u00eb plasaritur shumic\u00ebn n\u00eb pushtet p\u00ebrmes veprimeve taktike, p\u00ebrmes aleancave fluide, p\u00ebrmes bisedimeve n\u00ebntok\u00ebsore p\u00ebr t\u00eb plasaritur autoritetin e qeveris\u00eb. Kjo mund t\u00eb prodhoj\u00eb, n\u00ebse ia del, nj\u00eb frym\u00eb p\u00ebr ndryshimin e pushtetit, ku autoriteti i opozit\u00ebs do t\u00eb rritet, opozita do t\u00eb dal\u00eb e fituar nga plasaritja e k\u00ebtij pushteti dhe mund t\u00eb shkoj\u00eb duke u rritur drejt vitit t\u00eb fundit elektoral. Por, mund t\u00eb jet\u00eb edhe nj\u00eb kosto e r\u00ebnd\u00eb n\u00ebse d\u00ebshton dhe n\u00ebse Ilir Meta e g\u00eblltit humbjen apo posht\u00ebrimin q\u00eb Berisha mund t\u2019i b\u00ebj\u00eb me zgjedhjen e Presidentit. Pra, llogaritet fakti q\u00eb Berisha mund ta zgjedh\u00eb presidentin edhe pas k\u00ebtyre taktikave t\u00eb Ram\u00ebs me Met\u00ebs dhe ky i fundit t\u00eb zem\u00ebrohet dhe t\u00eb prish\u00eb qeverin\u00eb. Por, mundet q\u00eb Meta t\u00eb mos zem\u00ebrohet dhe at\u00ebher\u00eb do t\u00eb jet\u00eb nj\u00eb p\u00ebrgjegj\u00ebsi shum\u00eb e madhe p\u00ebr l\u00ebvizjet taktike t\u00eb Edi Ram\u00ebs n\u00eb k\u00ebt\u00eb pik\u00eb. K\u00ebshtu q\u00eb, un\u00eb pres nj\u00eb pik\u00eb kthese pas zgjedhjes s\u00eb presidentit. Presidenti i ri do t\u00eb prodhoj\u00eb nj\u00eb qeveri t\u00eb re, ose qeveri t\u00eb Berish\u00ebs, ose qeveri teknike, kjo mbetet p\u00ebr t\u2019u par\u00eb. Pas asaj natyrisht q\u00eb do t\u00eb ket\u00eb nj\u00eb frym\u00eb t\u00eb re p\u00ebr zgjedhjet.<\/p>\n<p><strong>Pyetja q\u00eb shtrohet m\u00eb pas \u00ebsht\u00eb q\u00eb kush ka m\u00eb shum\u00eb vler\u00eb: programi, fryma, kauza morale, betejat, 21-janari, protestat, tryezat me grupet e interesit apo nj\u00eb takim i thjesht\u00eb me Ilir Met\u00ebn, nj\u00eb takim i thjesht\u00eb dhe m\u00eb shum\u00eb tronditje nga nj\u00eb takim 1 or\u00eb se sa 8 vite radhazi?<\/strong><\/p>\n<p>Po, k\u00ebshtu duket n\u00eb pamje t\u00eb par\u00eb p\u00ebr shkak se nuk kemi t\u00eb b\u00ebjm\u00eb me nj\u00eb regjim normal, nuk kemi t\u00eb b\u00ebjm\u00eb me nj\u00eb qeveri q\u00eb respekton opinionin publik, q\u00eb respekton shtypin e lir\u00eb, q\u00eb respekton zhvillimet negative dhe pozitive t\u00eb vendit. Pra i shikon ato me syrin kritik. Vendi \u00ebsht\u00eb duke shkruar n\u00eb kriz\u00eb ekonomike, kemi nj\u00eb kryeminist\u00ebr q\u00eb thot\u00eb se jemi vendi i dyt\u00eb pas Gjermanis\u00eb, na b\u00ebn qesharak. Jemi nj\u00eb vend i cili kemi problem me pagat dhe pensionet n\u00eb fund t\u00eb muajit dhe jemi me nj\u00eb kryeminist\u00ebr me butafori q\u00eb b\u00ebn premtime financiare t\u00eb cilat i bie t\u00eb fik\u00ebt kur i d\u00ebgjon dhe ministri i tij i Financave.<\/p>\n<p>Pra, ne nuk na qeveris nj\u00eb qeveri reale q\u00eb bazohet mbi realitetin dhe ne ta godasim at\u00eb n\u00eb pika reale dhe t\u00eb ndikojm\u00eb mbi opinionin publik. Jemi n\u00eb nj\u00eb qeveri q\u00eb nuk d\u00ebgjon, q\u00eb nuk shikon, q\u00eb nuk do t\u2019ia di m\u00eb se \u00e7far\u00eb ndodh m\u00eb n\u00eb k\u00ebt\u00eb vend dhe k\u00ebshtu q\u00eb fiton vler\u00eb, kjo q\u00eb thoni ju, q\u00eb takimi Rama \u2013 Meta fiton shum\u00eb vler\u00eb p\u00ebr shkak se gjendet pika e arkimedit ku mund t\u00eb ngrihet gjith\u00eb pesha e pushtetit dhe t\u00eb rr\u00ebzohet. Por, kjo nuk do t\u00eb thot\u00eb q\u00eb kjo duhet t\u00eb jet\u00eb kauz\u00eb e opozit\u00ebs. Kauz\u00eb e opozit\u00ebs duhet t\u00eb jet\u00eb q\u00eb t\u00eb mbroj\u00eb parimet e saj, t\u2019i bind\u00eb shqiptar\u00ebt me ndryshimin e programit p\u00ebr t\u00eb b\u00ebr\u00eb nj\u00eb ndryshim t\u00eb madh n\u00eb Shqip\u00ebri. Kurr\u00eb nuk duhet t\u00eb heq\u00eb dor\u00eb nga ajo, kurr\u00eb nuk duhet ta konsiderojm\u00eb largimin e Berish\u00ebs nga pushteti si \u00e7\u00ebshtje marifetesh apo koalicionesh.<\/p>\n<p>Ky zhvillim pragmatik \u00ebsht\u00eb i r\u00ebnd\u00ebsish\u00ebm n\u00ebse prodhon nj\u00eb frym\u00eb t\u00eb re, at\u00eb q\u00eb quhet fryma e ndryshimit t\u00eb pushtetit n\u00eb Shqip\u00ebri dhe mund t\u00eb kthej\u00eb v\u00ebmendjen p\u00ebrs\u00ebri pastaj ngas programi i PS, nga konceptet e saj p\u00ebr shtetin ligjor, p\u00ebr drejt\u00ebsin\u00eb, p\u00ebr lirin\u00eb e shtypit, p\u00ebr lirin\u00eb ekonomike dhe p\u00ebr t\u00eb gjitha problemet q\u00eb kan\u00eb shoq\u00ebruar mbar\u00ebvajtjen nd\u00ebrmjet\u00ebs institucioneve n\u00eb Shqip\u00ebri, t\u00eb cilat na kan\u00eb katandisur keq n\u00eb syt\u00eb e Europ\u00ebs. Por, kurrsesi ne nuk duhet t\u00eb shpresojm\u00eb dhe nuk duhet t\u00eb g\u00ebzojm\u00eb n\u00ebse ne Berish\u00ebn e mundim jav\u00ebn e fundit, heqim kat\u00ebr vota k\u00ebndej dhe kalojm\u00eb andej dhe l\u00ebm\u00eb n\u00eb t\u00eb nj\u00ebjt\u00ebn vark\u00eb t\u00eb nj\u00ebjtat personazhe.<\/p>\n<p><strong>N\u00eb nj\u00eb emision n\u00eb Vizion Plus, n\u00eb \u201cA Show\u201d, t\u00eb Adi Krast\u00ebs, ambasadori amerikan Arvizu ka deklaruar n\u00eb lidhje me \u00e7\u00ebshtjen e presidentit q\u00eb nuk \u00ebsht\u00eb e th\u00ebn\u00eb domosdoshm\u00ebrish q\u00eb kush garon i pari, domosdoshm\u00ebrish do t\u00eb zgjidhet dhe presidenti. Madje ka l\u00ebn\u00eb t\u00eb kuptohet q\u00eb emrat q\u00eb p\u00ebrfliten m\u00eb shpejt dhe m\u00eb shpesh m\u00eb s\u00eb shumti nuk arrijn\u00eb t\u00eb zgjidhen president, duke l\u00ebn\u00eb t\u00eb kuptohet q\u00eb k\u00ebta emra q\u00eb p\u00ebrfliten sot, mund t\u00eb mos jet\u00eb asnj\u00ebri prej tyre, president mund t\u00eb jet\u00eb dikush i panjohur. T\u00eb pakt\u00ebn tani si em\u00ebr dhe si kandidat. A \u00ebsht\u00eb ky mesazh p\u00ebr Nanon n\u00eb fakt?<\/strong><\/p>\n<p>Nuk mendoj q\u00eb \u00ebsht\u00eb nj\u00eb mesazh p\u00ebr Nanon m\u00eb shum\u00eb se sa \u00ebsht\u00eb nj\u00eb mesazh p\u00ebr t\u00eb treguar q\u00eb SHBA-t\u00eb jan\u00eb t\u00eb interesuar p\u00ebr nj\u00eb president jopolitik, jopartiak n\u00eb Shqip\u00ebri, nj\u00eb president q\u00eb duhet t\u00eb respektoj\u00eb frym\u00ebn konsensual. Por, nga ana tjet\u00ebr, nuk jam i bindur q\u00eb Berisha \u00ebsht\u00eb duke d\u00ebgjuar qeverin\u00eb e SHBA-ve n\u00eb k\u00ebt\u00eb pik\u00eb. Ai i ka d\u00ebgjuar ata derisa ka arritur t\u00eb realizoj\u00eb nj\u00eb takim me sekretaren e Shtetit n\u00eb Uashington, ku natyrisht q\u00eb \u00ebsht\u00eb folur p\u00ebr nj\u00eb president konsensual. U ka premtuar atyre konsultime me opozit\u00ebn p\u00ebr k\u00ebt\u00eb \u00e7\u00ebshtje. Zhvillimet e koh\u00ebve t\u00eb fundit e b\u00ebjn\u00eb Berish\u00ebn m\u00eb t\u00eb justifikuar p\u00ebr t\u00eb shkuar drejt nj\u00eb presidenti kushtetues dhe jo t\u00eb nj\u00eb presidenti q\u00eb t\u00eb respektoj\u00eb frym\u00ebn Kushtetuese t\u00eb konsensusit.<\/p>\n<p>K\u00ebshtu q\u00eb, \u00ebsht\u00eb thjesht nj\u00eb d\u00ebshir\u00eb e ambasadorit amerikan p\u00ebr t\u00eb zgjedhur nj\u00eb president konsensual. Ambasadori amerikan k\u00ebtu ka dh\u00ebn\u00eb prova q\u00eb ka kund\u00ebrshtuar hapur zotin Berisha p\u00ebr disa veprime. Por, kur zoti Berisha nuk e ka pyetur, e ka mb\u00ebshtetur zoti Berisha. Pra kund\u00ebrshton hapur zgjedhjet n\u00eb Tiran\u00eb dhe vjedhjen e mandatit t\u00eb opozit\u00ebs, por kur Lulzim Basha e ka marr\u00eb, ka h\u00ebng\u00ebr dhe ka pir\u00eb darka tek sht\u00ebpia e Lulzim Bash\u00ebs. K\u00ebshtu q\u00eb, nuk ka ndonj\u00eb brerje nd\u00ebrgjegje n\u00ebse nuk ndodh ajo q\u00eb nuk do Amerika. Thjesht ai b\u00ebn detyr\u00ebn e tij si ambasador i SHBA q\u00eb t\u00eb thoj\u00eb se duan nj\u00eb president konsensual. N\u00ebse nuk ndodh, nuk ndodh qameti p\u00ebr ata, thjesht respektojn\u00eb presidentin e radh\u00ebs q\u00eb \u00ebsht\u00eb.<\/p>\n<p><strong>Po tre musketjer\u00ebt, kan\u00eb ndonj\u00eb rol n\u00eb k\u00ebt\u00eb proces?<\/strong><\/p>\n<p>I vetmi i r\u00ebnd\u00ebsish\u00ebm k\u00ebtu \u00ebsht\u00eb presidenti i SHBA-ve, kurse ambasadori i BE dhe i OSBE-s\u00eb kan\u00eb prodhuar nj\u00eb profil shum\u00eb t\u00eb ul\u00ebt publik n\u00eb shoq\u00ebrin\u00eb shqiptare, p\u00ebr t\u00eb mos th\u00ebn\u00eb q\u00eb ambasadori i OSBE-s\u00eb ka prodhuar profil qesharak n\u00eb shoq\u00ebrin\u00eb shqiptare, i ka b\u00ebr\u00eb nj\u00eb d\u00ebm t\u00eb madh imazhit t\u00eb OSBE-s\u00eb n\u00eb Shqip\u00ebri. Dometh\u00ebn\u00eb, gati-gati, q\u00eb nga vendosja e OSBE-s\u00eb n\u00eb Shqip\u00ebri n\u00eb mars t\u00eb vitit 1997, ne nuk kemi par\u00eb askund nj\u00eb ambasador t\u00eb OSBE-s\u00eb me nj\u00eb profil kaq t\u00eb ul\u00ebt publik dhe kaq larg objektivit t\u00eb OSBE-s\u00eb p\u00ebr t\u00eb qen\u00eb n\u00eb Shqip\u00ebri. OSBE-ja n\u00eb Shqip\u00ebri, \u2013 n\u00ebse ambasadori i tanish\u00ebm nuk e di -, \u00ebsht\u00eb vendosur n\u00eb momentin q\u00eb ra shteti shqiptar p\u00ebr shkak t\u00eb Sali Berish\u00ebs, kur ishte President Sali Berisha dhe kur ka ardhur prezenca e OSBE-s\u00eb as media nuk dilte n\u00eb Shqip\u00ebri\u2026<\/p>\n<p><strong>40 dit\u00eb nuk dol\u00ebn n\u00eb treg\u2026<\/strong><\/p>\n<p>\u2026Dhe misioni kryesor i OSBE-s\u00eb \u00ebsht\u00eb liria e shtypit dhe zgjedhjet e lira n\u00eb vend. Nuk ka asnj\u00eb detyr\u00eb tjet\u00ebr. N\u00ebse ambasadori i Gjermanis\u00eb, i Franc\u00ebs, i Italis\u00eb, i Amerik\u00ebs, mund t\u00eb interesohen edhe p\u00ebr ferma, edhe p\u00ebr investime amerikane apo gjermane, apo italiane n\u00eb Shqip\u00ebri, apo p\u00ebr fabrika birrash, apo p\u00ebr fabrika qoftesh, ambasadori i OSBE-s\u00eb ka p\u00ebr detyr\u00eb t\u00eb merret vet\u00ebm me lirin\u00eb e shtypit dhe demokracin\u00eb n\u00eb vendin ton\u00eb. Me t\u00eb vetmen gj\u00eb q\u00eb ky ambasador nuk \u00ebsht\u00eb marr\u00eb n\u00eb Shqip\u00ebri \u00ebsht\u00eb liria e shtypit. Kan\u00eb ndodhur qamete m\u00eb t\u00eb m\u00ebdha p\u00ebr lirin\u00eb e shtypit dhe nuk dim\u00eb, nuk kemi asnj\u00eb deklarat\u00eb mb\u00ebshtet\u00ebse nga misioni i OSBE-s\u00eb p\u00ebr lirin\u00eb e shtypit n\u00eb Shqip\u00ebri.<\/p>\n<p>P\u00ebrkundrazi, kemi veprime shpeshher\u00eb aleanca t\u00eb f\u00eblliqura t\u00eb tyre p\u00ebrkrah qeveris\u00eb kund\u00ebr liris\u00eb s\u00eb shtypit n\u00eb Shqip\u00ebris\u00eb p\u00ebr t\u2019i marr\u00eb ndonj\u00eb fond m\u00eb shum\u00eb qeveris\u00eb, p\u00ebr t\u00eb vepruar si nj\u00eb OJQ n\u00eb krah t\u00eb qeveris\u00eb. Kemi q\u00ebndrime t\u00ebr\u00ebsisht luajale me qeverin\u00eb p\u00ebr lirin\u00eb e zgjedhjeve dhe zgjedhjet e lira n\u00eb Shqip\u00ebri. Mendoj se sidomos profili i k\u00ebtij ambasadori e ka b\u00ebr\u00eb qesharak misionin e OSBE-s\u00eb, e ka b\u00ebr\u00eb totlaisht t\u00eb panevojsh\u00ebm, p\u00ebr t\u00eb mos th\u00ebn\u00eb t\u00eb d\u00ebmsh\u00ebm p\u00ebr demokracin\u00eb n\u00eb Shqip\u00ebri, edhe pse p\u00ebrfaq\u00ebson konsensusin e t\u00eb gjith\u00eb shteteve per\u00ebndimore plus SHBA-n\u00eb dhe Kanadan\u00eb.<\/p>\n<p>Ambasadori i BE veprimi m\u00eb popullor q\u00eb ka b\u00ebr\u00eb \u00ebsht\u00eb q\u00eb ka hyr\u00eb n\u00eb Big Brother, nuk \u00ebsht\u00eb se ka pasur ndonj\u00eb rol thelb\u00ebsor n\u00eb politik\u00ebn shqiptare, ka mbajtur q\u00ebndrime pothuajse t\u00eb p\u00ebshtira bashk\u00eb me ambasadorin e OSBE-s\u00eb p\u00ebr ngjarje t\u00eb r\u00ebnda si\u00e7 ishte 21-janari dhe nuk jan\u00eb faktorizuar dot si diplomat\u00eb n\u00eb historin\u00eb e zhvillimeve politike t\u00eb viteve t\u00eb fundit. K\u00ebshtu q\u00eb, nuk mendoj se kan\u00eb as nj\u00eb rol n\u00eb zgjedhjen e presidentit. Thjesht duan ta marrin vesh nj\u00eb or\u00eb m\u00eb par\u00eb se kush do t\u00eb zgjidhet q\u00eb t\u2019i shkojn\u00eb atje ta urojn\u00eb dhe do t\u00eb ikin. Nuk kan\u00eb ndonj\u00eb rol.<\/p>\n<p>Ambasadori i SHBA-ve ka nj\u00eb profil m\u00eb t\u00eb ngritur edhe p\u00ebr shkak t\u00eb tradit\u00ebs s\u00eb ambasad\u00ebs s\u00eb SHBA n\u00eb Shqip\u00ebri dhe natyrisht \u00ebsht\u00eb m\u00eb i p\u00ebrfshir\u00eb n\u00eb zhvillimet politike n\u00eb vend, por ata kan\u00eb t\u00eb b\u00ebjn\u00eb me nj\u00eb udh\u00ebheq\u00ebs i cili i di mir\u00eb, i njeh mir\u00eb ambasador\u00ebt. Zoti Berisha nuk \u00ebsht\u00eb njeri q\u00eb impresionohet as nga deklaratat e ambasador\u00ebve, as nga drekat e darkat me to, i d\u00ebgjon, i respekton, b\u00ebjn\u00eb pun\u00ebt e veta dhe ata pastaj respektojn\u00eb Berish\u00ebn.<\/p>\n<p><strong>Fatos Nano sa shanse ka t\u00eb jet\u00eb president?<\/strong><\/p>\n<p>Mendoj q\u00eb s\u2019ka asnj\u00eb shans sidomos pas zhvillimeve t\u00eb fundit midis LSI-s\u00eb dhe PS-s\u00eb \u00ebsht\u00eb b\u00ebr\u00eb m\u00eb shpesh se sa duhet qesharak se sa duhet n\u00eb k\u00ebt\u00eb histori, \u00ebsht\u00eb m\u00eb mir\u00eb q\u00eb ta mbyll\u00eb sa m\u00eb shpejt.<\/p>\n<p><strong>P\u00ebrflitet q\u00eb pjes\u00eb e loj\u00ebs \u00ebsht\u00eb q\u00eb Ilir Meta flitet sikur ka ambicie, pavar\u00ebsisht se nuk e besoj k\u00ebt\u00eb gj\u00eb, ju mendoni k\u00ebt\u00eb gj\u00eb? Keni ju informacion q\u00eb t\u00eb b\u00ebjn\u00eb t\u00eb besosh se Ilir Meta personalisht ose ndonj\u00eb personazh i partis\u00eb s\u00eb tij ka ambicie p\u00ebr ta caktuar ai apo LSI-ja presidentin apo \u00ebsht\u00eb pjes\u00eb e t\u00eb gjith\u00eb asaj loj\u00ebs q\u00eb fol\u00ebm deri tani?<\/strong><\/p>\n<p>Un\u00eb mendoj q\u00eb marr\u00ebveshja midis Edi Ram\u00ebs dhe Ilir Met\u00ebs \u00ebsht\u00eb q\u00eb Ilir Meta t\u00eb caktoj\u00eb Presidentin e Shqip\u00ebris\u00eb, n\u00ebse arrin dot.<\/p>\n<p>Kjo \u00ebsht\u00eb?<\/p>\n<p>Absolutisht nuk ka logjik\u00eb tjet\u00ebr.<\/p>\n<p><strong>Ju besoni se Presidenti do t\u00eb jet\u00eb i LSI-s\u00eb apo ka di\u00e7ka tjet\u00ebr dhe do t\u00eb shkojm\u00eb n\u00eb nj\u00eb skenar krejt t\u00eb panjohur?<\/strong><\/p>\n<p>Un\u00eb ajo \u00e7\u2019far\u00eb besoj m\u00eb shum\u00eb n\u00eb k\u00ebto zhvillime \u00ebsht\u00eb q\u00eb presidentin do ta caktoj\u00eb Sali Berisha dhe nuk do ta caktoj\u00eb Ilir Meta me Edi Ram\u00ebn. Shpresoj q\u00eb Edi Rama t\u00eb p\u00ebrfitoj\u00eb nga fakti se Berisha do t\u00eb armiq\u00ebsohet me Ilir Met\u00ebn dhe t\u00eb prodhoj\u00eb nj\u00eb realitet t\u00eb ri pas zgjedhjeve. Por me k\u00ebto zhvillime q\u00eb duket un\u00eb mendoj se presidentin do ta caktoj\u00eb Sali Berisha.<\/p>\n","protected":false},"excerpt":{"rendered":"<p>INTERVISTA e plot\u00eb n\u00eb Vizion Plus TemA Online, 10 Maj 2012 Intervist\u00eb e drejtorit t\u00eb gazet\u00ebs Tema, Mero Baze, n\u00eb emisionin e gazetarit Alfred Peza, n\u00eb Vizion Plus Intervista ne Vizion Plus Ndodhemi n\u00eb kulmin e nj\u00eb diskutimi n\u00eb lidhje me zgjedhjen e Presidentit t\u00eb ri t\u00eb Republik\u00ebs. Ka shum\u00eb takime, si kurr\u00eb m\u00eb par\u00eb [&hellip;]<\/p>\n","protected":false},"author":1,"featured_media":0,"comment_status":"open","ping_status":"closed","sticky":false,"template":"","format":"standard","meta":{"footnotes":""},"categories":[4],"tags":[],"class_list":{"0":"post-11812","1":"post","2":"type-post","3":"status-publish","4":"format-standard","6":"category-intervista"},"yoast_head":"<!-- This site is optimized with the Yoast SEO plugin v27.4 - https:\/\/yoast.com\/product\/yoast-seo-wordpress\/ -->\n<title>Baze: Opozita po k\u00ebrkon kok\u00ebn e Berish\u00ebs, jo karrigen e presidentit - FjALA e LIR\u00cb - Arkivi<\/title>\n<meta name=\"robots\" content=\"index, follow, max-snippet:-1, max-image-preview:large, max-video-preview:-1\" \/>\n<link rel=\"canonical\" href=\"https:\/\/fjala.info\/2009-2015\/baze-opozita-po-kerkon-koken-e-berishes-jo-karrigen-e-presidentit\/\" \/>\n<meta property=\"og:locale\" content=\"sq_AL\" \/>\n<meta property=\"og:type\" content=\"article\" \/>\n<meta property=\"og:title\" content=\"Baze: Opozita po k\u00ebrkon kok\u00ebn e Berish\u00ebs, jo karrigen e presidentit - FjALA e LIR\u00cb - Arkivi\" \/>\n<meta property=\"og:description\" content=\"INTERVISTA e plot\u00eb n\u00eb Vizion Plus TemA Online, 10 Maj 2012 Intervist\u00eb e drejtorit t\u00eb gazet\u00ebs Tema, Mero Baze, n\u00eb emisionin e gazetarit Alfred Peza, n\u00eb Vizion Plus Intervista ne Vizion Plus Ndodhemi n\u00eb kulmin e nj\u00eb diskutimi n\u00eb lidhje me zgjedhjen e Presidentit t\u00eb ri t\u00eb Republik\u00ebs. Ka shum\u00eb takime, si kurr\u00eb m\u00eb par\u00eb [&hellip;]\" \/>\n<meta property=\"og:url\" content=\"https:\/\/fjala.info\/2009-2015\/baze-opozita-po-kerkon-koken-e-berishes-jo-karrigen-e-presidentit\/\" \/>\n<meta property=\"og:site_name\" content=\"FjALA e LIR\u00cb - Arkivi\" \/>\n<meta property=\"article:published_time\" content=\"2012-05-10T20:38:54+00:00\" \/>\n<meta property=\"og:image\" content=\"http:\/\/www.shkoder.net\/images\/fjala\/mero_baze1.jpg\" \/>\n<meta name=\"author\" content=\"admin\" \/>\n<meta name=\"twitter:card\" content=\"summary_large_image\" \/>\n<meta name=\"twitter:label1\" content=\"Written by\" \/>\n\t<meta name=\"twitter:data1\" content=\"admin\" \/>\n\t<meta name=\"twitter:label2\" content=\"Est. reading time\" \/>\n\t<meta name=\"twitter:data2\" content=\"50 minutes\" \/>\n<script type=\"application\/ld+json\" class=\"yoast-schema-graph\">{\"@context\":\"https:\\\/\\\/schema.org\",\"@graph\":[{\"@type\":\"Article\",\"@id\":\"https:\\\/\\\/fjala.info\\\/2009-2015\\\/baze-opozita-po-kerkon-koken-e-berishes-jo-karrigen-e-presidentit\\\/#article\",\"isPartOf\":{\"@id\":\"https:\\\/\\\/fjala.info\\\/2009-2015\\\/baze-opozita-po-kerkon-koken-e-berishes-jo-karrigen-e-presidentit\\\/\"},\"author\":{\"name\":\"admin\",\"@id\":\"https:\\\/\\\/fjala.info\\\/2009-2015\\\/#\\\/schema\\\/person\\\/3aa1163ef05469c496fc94e77611ada2\"},\"headline\":\"Baze: Opozita po k\u00ebrkon kok\u00ebn e Berish\u00ebs, jo karrigen e presidentit\",\"datePublished\":\"2012-05-10T20:38:54+00:00\",\"mainEntityOfPage\":{\"@id\":\"https:\\\/\\\/fjala.info\\\/2009-2015\\\/baze-opozita-po-kerkon-koken-e-berishes-jo-karrigen-e-presidentit\\\/\"},\"wordCount\":9988,\"commentCount\":1,\"publisher\":{\"@id\":\"https:\\\/\\\/fjala.info\\\/2009-2015\\\/#organization\"},\"image\":{\"@id\":\"https:\\\/\\\/fjala.info\\\/2009-2015\\\/baze-opozita-po-kerkon-koken-e-berishes-jo-karrigen-e-presidentit\\\/#primaryimage\"},\"thumbnailUrl\":\"http:\\\/\\\/www.shkoder.net\\\/images\\\/fjala\\\/mero_baze1.jpg\",\"articleSection\":[\"Intervista\"],\"inLanguage\":\"sq-AL\",\"potentialAction\":[{\"@type\":\"CommentAction\",\"name\":\"Comment\",\"target\":[\"https:\\\/\\\/fjala.info\\\/2009-2015\\\/baze-opozita-po-kerkon-koken-e-berishes-jo-karrigen-e-presidentit\\\/#respond\"]}]},{\"@type\":\"WebPage\",\"@id\":\"https:\\\/\\\/fjala.info\\\/2009-2015\\\/baze-opozita-po-kerkon-koken-e-berishes-jo-karrigen-e-presidentit\\\/\",\"url\":\"https:\\\/\\\/fjala.info\\\/2009-2015\\\/baze-opozita-po-kerkon-koken-e-berishes-jo-karrigen-e-presidentit\\\/\",\"name\":\"Baze: Opozita po k\u00ebrkon kok\u00ebn e Berish\u00ebs, jo karrigen e presidentit - FjALA e LIR\u00cb - Arkivi\",\"isPartOf\":{\"@id\":\"https:\\\/\\\/fjala.info\\\/2009-2015\\\/#website\"},\"primaryImageOfPage\":{\"@id\":\"https:\\\/\\\/fjala.info\\\/2009-2015\\\/baze-opozita-po-kerkon-koken-e-berishes-jo-karrigen-e-presidentit\\\/#primaryimage\"},\"image\":{\"@id\":\"https:\\\/\\\/fjala.info\\\/2009-2015\\\/baze-opozita-po-kerkon-koken-e-berishes-jo-karrigen-e-presidentit\\\/#primaryimage\"},\"thumbnailUrl\":\"http:\\\/\\\/www.shkoder.net\\\/images\\\/fjala\\\/mero_baze1.jpg\",\"datePublished\":\"2012-05-10T20:38:54+00:00\",\"breadcrumb\":{\"@id\":\"https:\\\/\\\/fjala.info\\\/2009-2015\\\/baze-opozita-po-kerkon-koken-e-berishes-jo-karrigen-e-presidentit\\\/#breadcrumb\"},\"inLanguage\":\"sq-AL\",\"potentialAction\":[{\"@type\":\"ReadAction\",\"target\":[\"https:\\\/\\\/fjala.info\\\/2009-2015\\\/baze-opozita-po-kerkon-koken-e-berishes-jo-karrigen-e-presidentit\\\/\"]}]},{\"@type\":\"ImageObject\",\"inLanguage\":\"sq-AL\",\"@id\":\"https:\\\/\\\/fjala.info\\\/2009-2015\\\/baze-opozita-po-kerkon-koken-e-berishes-jo-karrigen-e-presidentit\\\/#primaryimage\",\"url\":\"http:\\\/\\\/www.shkoder.net\\\/images\\\/fjala\\\/mero_baze1.jpg\",\"contentUrl\":\"http:\\\/\\\/www.shkoder.net\\\/images\\\/fjala\\\/mero_baze1.jpg\"},{\"@type\":\"BreadcrumbList\",\"@id\":\"https:\\\/\\\/fjala.info\\\/2009-2015\\\/baze-opozita-po-kerkon-koken-e-berishes-jo-karrigen-e-presidentit\\\/#breadcrumb\",\"itemListElement\":[{\"@type\":\"ListItem\",\"position\":1,\"name\":\"Home\",\"item\":\"https:\\\/\\\/fjala.info\\\/2009-2015\\\/\"},{\"@type\":\"ListItem\",\"position\":2,\"name\":\"Baze: Opozita po k\u00ebrkon kok\u00ebn e Berish\u00ebs, jo karrigen e presidentit\"}]},{\"@type\":\"WebSite\",\"@id\":\"https:\\\/\\\/fjala.info\\\/2009-2015\\\/#website\",\"url\":\"https:\\\/\\\/fjala.info\\\/2009-2015\\\/\",\"name\":\"FjALA e LIR\u00cb - Arkivi\",\"description\":\"Arkivi 2009-2015\",\"publisher\":{\"@id\":\"https:\\\/\\\/fjala.info\\\/2009-2015\\\/#organization\"},\"potentialAction\":[{\"@type\":\"SearchAction\",\"target\":{\"@type\":\"EntryPoint\",\"urlTemplate\":\"https:\\\/\\\/fjala.info\\\/2009-2015\\\/?s={search_term_string}\"},\"query-input\":{\"@type\":\"PropertyValueSpecification\",\"valueRequired\":true,\"valueName\":\"search_term_string\"}}],\"inLanguage\":\"sq-AL\"},{\"@type\":\"Organization\",\"@id\":\"https:\\\/\\\/fjala.info\\\/2009-2015\\\/#organization\",\"name\":\"FjALA e LIR\u00cb - Arkivi\",\"url\":\"https:\\\/\\\/fjala.info\\\/2009-2015\\\/\",\"logo\":{\"@type\":\"ImageObject\",\"inLanguage\":\"sq-AL\",\"@id\":\"https:\\\/\\\/fjala.info\\\/2009-2015\\\/#\\\/schema\\\/logo\\\/image\\\/\",\"url\":\"\",\"contentUrl\":\"\",\"caption\":\"FjALA e LIR\u00cb - Arkivi\"},\"image\":{\"@id\":\"https:\\\/\\\/fjala.info\\\/2009-2015\\\/#\\\/schema\\\/logo\\\/image\\\/\"}},{\"@type\":\"Person\",\"@id\":\"https:\\\/\\\/fjala.info\\\/2009-2015\\\/#\\\/schema\\\/person\\\/3aa1163ef05469c496fc94e77611ada2\",\"name\":\"admin\",\"image\":{\"@type\":\"ImageObject\",\"inLanguage\":\"sq-AL\",\"@id\":\"https:\\\/\\\/fjala.info\\\/2009-2015\\\/wp-content\\\/uploads\\\/2012\\\/02\\\/arben_cokaj-120x150.jpg\",\"url\":\"https:\\\/\\\/fjala.info\\\/2009-2015\\\/wp-content\\\/uploads\\\/2012\\\/02\\\/arben_cokaj-120x150.jpg\",\"contentUrl\":\"https:\\\/\\\/fjala.info\\\/2009-2015\\\/wp-content\\\/uploads\\\/2012\\\/02\\\/arben_cokaj-120x150.jpg\",\"caption\":\"admin\"},\"description\":\"Admin, Fjala e Lir\u00eb\",\"sameAs\":[\"https:\\\/\\\/fjala.info\\\/\"],\"url\":\"https:\\\/\\\/fjala.info\\\/2009-2015\\\/author\\\/admin\\\/\"}]}<\/script>\n<!-- \/ Yoast SEO plugin. -->","yoast_head_json":{"title":"Baze: Opozita po k\u00ebrkon kok\u00ebn e Berish\u00ebs, jo karrigen e presidentit - FjALA e LIR\u00cb - Arkivi","robots":{"index":"index","follow":"follow","max-snippet":"max-snippet:-1","max-image-preview":"max-image-preview:large","max-video-preview":"max-video-preview:-1"},"canonical":"https:\/\/fjala.info\/2009-2015\/baze-opozita-po-kerkon-koken-e-berishes-jo-karrigen-e-presidentit\/","og_locale":"sq_AL","og_type":"article","og_title":"Baze: Opozita po k\u00ebrkon kok\u00ebn e Berish\u00ebs, jo karrigen e presidentit - FjALA e LIR\u00cb - Arkivi","og_description":"INTERVISTA e plot\u00eb n\u00eb Vizion Plus TemA Online, 10 Maj 2012 Intervist\u00eb e drejtorit t\u00eb gazet\u00ebs Tema, Mero Baze, n\u00eb emisionin e gazetarit Alfred Peza, n\u00eb Vizion Plus Intervista ne Vizion Plus Ndodhemi n\u00eb kulmin e nj\u00eb diskutimi n\u00eb lidhje me zgjedhjen e Presidentit t\u00eb ri t\u00eb Republik\u00ebs. Ka shum\u00eb takime, si kurr\u00eb m\u00eb par\u00eb [&hellip;]","og_url":"https:\/\/fjala.info\/2009-2015\/baze-opozita-po-kerkon-koken-e-berishes-jo-karrigen-e-presidentit\/","og_site_name":"FjALA e LIR\u00cb - Arkivi","article_published_time":"2012-05-10T20:38:54+00:00","og_image":[{"url":"http:\/\/www.shkoder.net\/images\/fjala\/mero_baze1.jpg","type":"","width":"","height":""}],"author":"admin","twitter_card":"summary_large_image","twitter_misc":{"Written by":"admin","Est. reading time":"50 minutes"},"schema":{"@context":"https:\/\/schema.org","@graph":[{"@type":"Article","@id":"https:\/\/fjala.info\/2009-2015\/baze-opozita-po-kerkon-koken-e-berishes-jo-karrigen-e-presidentit\/#article","isPartOf":{"@id":"https:\/\/fjala.info\/2009-2015\/baze-opozita-po-kerkon-koken-e-berishes-jo-karrigen-e-presidentit\/"},"author":{"name":"admin","@id":"https:\/\/fjala.info\/2009-2015\/#\/schema\/person\/3aa1163ef05469c496fc94e77611ada2"},"headline":"Baze: Opozita po k\u00ebrkon kok\u00ebn e Berish\u00ebs, jo karrigen e presidentit","datePublished":"2012-05-10T20:38:54+00:00","mainEntityOfPage":{"@id":"https:\/\/fjala.info\/2009-2015\/baze-opozita-po-kerkon-koken-e-berishes-jo-karrigen-e-presidentit\/"},"wordCount":9988,"commentCount":1,"publisher":{"@id":"https:\/\/fjala.info\/2009-2015\/#organization"},"image":{"@id":"https:\/\/fjala.info\/2009-2015\/baze-opozita-po-kerkon-koken-e-berishes-jo-karrigen-e-presidentit\/#primaryimage"},"thumbnailUrl":"http:\/\/www.shkoder.net\/images\/fjala\/mero_baze1.jpg","articleSection":["Intervista"],"inLanguage":"sq-AL","potentialAction":[{"@type":"CommentAction","name":"Comment","target":["https:\/\/fjala.info\/2009-2015\/baze-opozita-po-kerkon-koken-e-berishes-jo-karrigen-e-presidentit\/#respond"]}]},{"@type":"WebPage","@id":"https:\/\/fjala.info\/2009-2015\/baze-opozita-po-kerkon-koken-e-berishes-jo-karrigen-e-presidentit\/","url":"https:\/\/fjala.info\/2009-2015\/baze-opozita-po-kerkon-koken-e-berishes-jo-karrigen-e-presidentit\/","name":"Baze: Opozita po k\u00ebrkon kok\u00ebn e Berish\u00ebs, jo karrigen e presidentit - FjALA e LIR\u00cb - Arkivi","isPartOf":{"@id":"https:\/\/fjala.info\/2009-2015\/#website"},"primaryImageOfPage":{"@id":"https:\/\/fjala.info\/2009-2015\/baze-opozita-po-kerkon-koken-e-berishes-jo-karrigen-e-presidentit\/#primaryimage"},"image":{"@id":"https:\/\/fjala.info\/2009-2015\/baze-opozita-po-kerkon-koken-e-berishes-jo-karrigen-e-presidentit\/#primaryimage"},"thumbnailUrl":"http:\/\/www.shkoder.net\/images\/fjala\/mero_baze1.jpg","datePublished":"2012-05-10T20:38:54+00:00","breadcrumb":{"@id":"https:\/\/fjala.info\/2009-2015\/baze-opozita-po-kerkon-koken-e-berishes-jo-karrigen-e-presidentit\/#breadcrumb"},"inLanguage":"sq-AL","potentialAction":[{"@type":"ReadAction","target":["https:\/\/fjala.info\/2009-2015\/baze-opozita-po-kerkon-koken-e-berishes-jo-karrigen-e-presidentit\/"]}]},{"@type":"ImageObject","inLanguage":"sq-AL","@id":"https:\/\/fjala.info\/2009-2015\/baze-opozita-po-kerkon-koken-e-berishes-jo-karrigen-e-presidentit\/#primaryimage","url":"http:\/\/www.shkoder.net\/images\/fjala\/mero_baze1.jpg","contentUrl":"http:\/\/www.shkoder.net\/images\/fjala\/mero_baze1.jpg"},{"@type":"BreadcrumbList","@id":"https:\/\/fjala.info\/2009-2015\/baze-opozita-po-kerkon-koken-e-berishes-jo-karrigen-e-presidentit\/#breadcrumb","itemListElement":[{"@type":"ListItem","position":1,"name":"Home","item":"https:\/\/fjala.info\/2009-2015\/"},{"@type":"ListItem","position":2,"name":"Baze: Opozita po k\u00ebrkon kok\u00ebn e Berish\u00ebs, jo karrigen e presidentit"}]},{"@type":"WebSite","@id":"https:\/\/fjala.info\/2009-2015\/#website","url":"https:\/\/fjala.info\/2009-2015\/","name":"FjALA e LIR\u00cb - Arkivi","description":"Arkivi 2009-2015","publisher":{"@id":"https:\/\/fjala.info\/2009-2015\/#organization"},"potentialAction":[{"@type":"SearchAction","target":{"@type":"EntryPoint","urlTemplate":"https:\/\/fjala.info\/2009-2015\/?s={search_term_string}"},"query-input":{"@type":"PropertyValueSpecification","valueRequired":true,"valueName":"search_term_string"}}],"inLanguage":"sq-AL"},{"@type":"Organization","@id":"https:\/\/fjala.info\/2009-2015\/#organization","name":"FjALA e LIR\u00cb - Arkivi","url":"https:\/\/fjala.info\/2009-2015\/","logo":{"@type":"ImageObject","inLanguage":"sq-AL","@id":"https:\/\/fjala.info\/2009-2015\/#\/schema\/logo\/image\/","url":"","contentUrl":"","caption":"FjALA e LIR\u00cb - Arkivi"},"image":{"@id":"https:\/\/fjala.info\/2009-2015\/#\/schema\/logo\/image\/"}},{"@type":"Person","@id":"https:\/\/fjala.info\/2009-2015\/#\/schema\/person\/3aa1163ef05469c496fc94e77611ada2","name":"admin","image":{"@type":"ImageObject","inLanguage":"sq-AL","@id":"https:\/\/fjala.info\/2009-2015\/wp-content\/uploads\/2012\/02\/arben_cokaj-120x150.jpg","url":"https:\/\/fjala.info\/2009-2015\/wp-content\/uploads\/2012\/02\/arben_cokaj-120x150.jpg","contentUrl":"https:\/\/fjala.info\/2009-2015\/wp-content\/uploads\/2012\/02\/arben_cokaj-120x150.jpg","caption":"admin"},"description":"Admin, Fjala e Lir\u00eb","sameAs":["https:\/\/fjala.info\/"],"url":"https:\/\/fjala.info\/2009-2015\/author\/admin\/"}]}},"_links":{"self":[{"href":"https:\/\/fjala.info\/2009-2015\/wp-json\/wp\/v2\/posts\/11812","targetHints":{"allow":["GET"]}}],"collection":[{"href":"https:\/\/fjala.info\/2009-2015\/wp-json\/wp\/v2\/posts"}],"about":[{"href":"https:\/\/fjala.info\/2009-2015\/wp-json\/wp\/v2\/types\/post"}],"author":[{"embeddable":true,"href":"https:\/\/fjala.info\/2009-2015\/wp-json\/wp\/v2\/users\/1"}],"replies":[{"embeddable":true,"href":"https:\/\/fjala.info\/2009-2015\/wp-json\/wp\/v2\/comments?post=11812"}],"version-history":[{"count":0,"href":"https:\/\/fjala.info\/2009-2015\/wp-json\/wp\/v2\/posts\/11812\/revisions"}],"wp:attachment":[{"href":"https:\/\/fjala.info\/2009-2015\/wp-json\/wp\/v2\/media?parent=11812"}],"wp:term":[{"taxonomy":"category","embeddable":true,"href":"https:\/\/fjala.info\/2009-2015\/wp-json\/wp\/v2\/categories?post=11812"},{"taxonomy":"post_tag","embeddable":true,"href":"https:\/\/fjala.info\/2009-2015\/wp-json\/wp\/v2\/tags?post=11812"}],"curies":[{"name":"wp","href":"https:\/\/api.w.org\/{rel}","templated":true}]}}