{"id":11811,"date":"2012-05-03T16:11:57","date_gmt":"2012-05-03T15:11:57","guid":{"rendered":"http:\/\/fjala.shkoder.net\/?p=2764"},"modified":"2012-05-03T16:11:57","modified_gmt":"2012-05-03T15:11:57","slug":"maqedoni-arrestohen-20-shqiptare-myslimane-vehabiste","status":"publish","type":"post","link":"https:\/\/fjala.info\/2009-2015\/maqedoni-arrestohen-20-shqiptare-myslimane-vehabiste\/","title":{"rendered":"Maqedoni: Arrestohen 20 shqiptar\u00eb mysliman\u00eb vehabist\u00eb"},"content":{"rendered":"<p><img decoding=\"async\" class=\"alignright size-thumbnail wp-image-7236\" title=\"Mak. Police Press\" src=\"http:\/\/www.shkoder.net\/2012\/mac_police_press.jpg\" alt=\"\" width=\"300\" \/>Jan\u00eb \u201c<em>vehabist\u00ebt<\/em>\u201d shqiptar\u00eb ata q\u00eb kryen krimin e pes\u00ebfisht\u00eb n\u00eb Maqedoni. Policia maqedonase, n\u00eb aksionin e djesh\u00ebm, ku kishte angazhuar 800 efektiv\u00eb t\u00eb saj arrestoi 20 shqiptar\u00eb, mes t\u00eb cil\u00ebve edhe nj\u00eb grua, t\u00eb cil\u00ebt akuzohen p\u00ebr vrasjen e Kire Tri\u00e7kovski, Aleksandar Naqeski, Filip Sllavkovski dhe Cvetan\u00e7o Acevski, t\u00eb mosh\u00ebs prej 18 deri 20 vje\u00e7 Bor\u00e7e Stefanovski 45, vrasje t\u00eb ndodhur n\u00eb bregun e liqenit af\u00ebr Smilkovcit m\u00eb 13 prill t\u00eb k\u00ebtij viti.<\/p>\n<p>Arrestimet e aksionit t\u00eb koduar \u201cMonst\u00ebr\u201d u kryen n\u00eb disa lagje t\u00eb Shkupit, duke arritur k\u00ebshtu n\u00eb zbardhjen e nj\u00eb prej vrasjeve m\u00eb t\u00eb frikshme t\u00eb ndodhura n\u00eb shtetin fqinj, pik\u00ebrisht n\u00eb nj\u00eb moment delikat t\u00eb marr\u00ebdh\u00ebnieve mes dy etnive, at\u00eb shqiptare dhe maqedonase. Ministrja e Brendshme, Jordana Jankullovska, menj\u00ebher\u00eb pas p\u00ebrfundimit t\u00eb aksionit \u00ebsht\u00eb shprehur se \u201ct\u00eb arrestuarit jan\u00eb \u2018islamik\u00eb radikal\u00eb\u2019 q\u00eb u b\u00ebjn\u00eb keq si musliman\u00ebve ashtu dhe katolik\u00ebve\u201d. Me k\u00ebt\u00eb deklarat\u00eb ajo u p\u00ebrpoq \u00eb t\u00eb zbuste disi tensionet mes pal\u00ebve, sa i takon k\u00ebsaj vrasjeve t\u00eb shum\u00ebfisht\u00eb.<br \/>\nMotivi<\/p>\n<p>Ministria e Brendshme dhe zyrtar\u00ebt e saj ende nuk e kan\u00eb t\u00eb qart\u00eb motivin e k\u00ebsaj vrasjeje, por deri m\u00eb tani kan\u00eb b\u00ebr\u00eb t\u00eb ditur dyshimet n\u00eb lidhje me k\u00ebt\u00eb fakt.<\/p>\n<p>\u201cDisa prej t\u00eb arrestuarve kan\u00eb luftuar kund\u00ebr trupave t\u00eb NATO-s n\u00eb Afganistan dhe n\u00eb Pakistan\u201d, \u2013 u shpreh dje Jankullovska n\u00eb nj\u00eb deklarat\u00eb p\u00ebr mediat dh\u00ebn\u00eb dje. Sipas saj, mbase ideja e tyre ishte q\u00eb t\u00eb vrasin n\u00eb em\u00ebr t\u00eb \u201cislamizmit radikal\u201d dhe q\u00ebllimi i tyre ka qen\u00eb pik\u00ebrisht p\u00ebr t\u00eb p\u00ebrhapur frik\u00eb dhe pasiguri n\u00eb popull. \u201cKur b\u00ebhet fjal\u00eb p\u00ebr terroriz\u00ebm viktimat nuk kan\u00eb lidhje direkte me organizuesit e aktit apo me motivet p\u00ebr t\u00eb cilat \u00ebsht\u00eb kryer vrasja\u201d, \u2013 theksoi ajo m\u00eb tej. N\u00eb lidhje me faktin, n\u00ebse nj\u00eb vrasje e till\u00eb e b\u00ebn Maqedonin\u00eb nj\u00eb nga vendet objektiv t\u00eb sulmeve t\u00eb tjera terroriste, ministrja e Brendshme e Maqedonis\u00eb, vuri n\u00eb dukje se Maqedonia \u00ebsht\u00eb pjes\u00eb e vendeve antiterroriz\u00ebm.<\/p>\n<p>\u201cRepublika e Maqedonis\u00eb \u00ebsht\u00eb n\u00eb an\u00ebn e vendeve q\u00eb mund t\u00eb jen\u00eb objektiv i radikal\u00ebve islamik\u00eb. Nuk po e n\u00ebnvler\u00ebsojm\u00eb situat\u00ebn, e cila \u00ebsht\u00eb vazhdim i disa akteve t\u00eb tjera t\u00eb ndodhura m\u00eb par\u00eb dhe nuk p\u00ebrjashtojm\u00eb mund\u00ebsin\u00eb e l\u00ebvizjeve t\u00eb individ\u00ebve apo grupeve radikale\u201d, \u2013 b\u00ebri t\u00eb ditur Jankullovska. Sipas saj, po bashk\u00ebpunohet ngusht\u00eb edhe me zyrtar\u00eb t\u00eb Sigurimit t\u00eb Shtetit dhe po monitorohet situata dhe se t\u00eb gjitha aksionet e nd\u00ebrmarra dhe q\u00eb do t\u00eb nd\u00ebrmirren n\u00eb t\u00eb ardhmen do t\u00eb ken\u00eb si objektiv parandalimin e sulmeve t\u00eb tilla, \u201csepse asgj\u00eb nuk mund t\u00eb ndryshoj\u00eb m\u00ebnyr\u00ebn ton\u00eb t\u00eb jetes\u00ebs\u201d.<\/p>\n<p>\u201cDuhet t\u00eb bashk\u00ebjetojm\u00eb n\u00eb paqe me t\u00eb gjith\u00eb qytetar\u00ebt e Maqedonis\u00eb. Gjith\u00ebsesi aksioni i policis\u00eb nuk do t\u00eb thot\u00eb q\u00eb ne do t\u00eb pushojm\u00eb, por do t\u00eb vazhdojm\u00eb t\u00eb jemi t\u00eb v\u00ebmendsh\u00ebm ndaj situatave t\u00eb tilla pasi ndjek\u00ebsit e islamit radikal jan\u00eb t\u00eb p\u00ebrgatitur p\u00ebr akte t\u00eb frikshme kriminale dhe vrasjeve, nj\u00ebra prej t\u00eb cilave ishte edhe ajo e fshatit Smilkovc\u201d, \u2013 b\u00ebri t\u00eb ditur ajo. Personave t\u00eb arrestuar, disa prej t\u00eb cil\u00ebve jan\u00eb pjesmarr\u00ebs n\u00eb vrasjen e pes\u00ebfisht\u00eb dhe disa t\u00eb tjer\u00eb vet\u00ebm mb\u00ebshtet\u00ebs t\u00eb aksionit, gjat\u00eb kontrollit n\u00ebp\u00ebr banesa u jan\u00eb kapur nj\u00eb sasi e madhe arm\u00ebsh dhe l\u00ebnd\u00eb shp\u00ebrthyese. Por emrat e personave t\u00eb arrestuar nuk jan\u00eb b\u00ebr\u00eb ende t\u00eb ditur.<\/p>\n<p>http:\/\/www.balkanweb.com\/gazetav5\/artikull.php?id=115237<\/p>\n","protected":false},"excerpt":{"rendered":"<p>Jan\u00eb \u201cvehabist\u00ebt\u201d shqiptar\u00eb ata q\u00eb kryen krimin e pes\u00ebfisht\u00eb n\u00eb Maqedoni. Policia maqedonase, n\u00eb aksionin e djesh\u00ebm, ku kishte angazhuar 800 efektiv\u00eb t\u00eb saj arrestoi 20 shqiptar\u00eb, mes t\u00eb cil\u00ebve edhe nj\u00eb grua, t\u00eb cil\u00ebt akuzohen p\u00ebr vrasjen e Kire Tri\u00e7kovski, Aleksandar Naqeski, Filip Sllavkovski dhe Cvetan\u00e7o Acevski, t\u00eb mosh\u00ebs prej 18 deri 20 vje\u00e7 [&hellip;]<\/p>\n","protected":false},"author":1,"featured_media":0,"comment_status":"open","ping_status":"closed","sticky":false,"template":"","format":"standard","meta":{"footnotes":""},"categories":[2],"tags":[],"class_list":{"0":"post-11811","1":"post","2":"type-post","3":"status-publish","4":"format-standard","6":"category-artikuj"},"yoast_head":"<!-- This site is optimized with the Yoast SEO plugin v27.4 - https:\/\/yoast.com\/product\/yoast-seo-wordpress\/ -->\n<title>Maqedoni: Arrestohen 20 shqiptar\u00eb mysliman\u00eb vehabist\u00eb - FjALA e LIR\u00cb - Arkivi<\/title>\n<meta name=\"robots\" content=\"index, follow, max-snippet:-1, max-image-preview:large, max-video-preview:-1\" \/>\n<link rel=\"canonical\" href=\"https:\/\/fjala.info\/2009-2015\/maqedoni-arrestohen-20-shqiptare-myslimane-vehabiste\/\" \/>\n<meta property=\"og:locale\" content=\"sq_AL\" \/>\n<meta property=\"og:type\" content=\"article\" \/>\n<meta property=\"og:title\" content=\"Maqedoni: Arrestohen 20 shqiptar\u00eb mysliman\u00eb vehabist\u00eb - FjALA e LIR\u00cb - Arkivi\" \/>\n<meta property=\"og:description\" content=\"Jan\u00eb \u201cvehabist\u00ebt\u201d shqiptar\u00eb ata q\u00eb kryen krimin e pes\u00ebfisht\u00eb n\u00eb Maqedoni. Policia maqedonase, n\u00eb aksionin e djesh\u00ebm, ku kishte angazhuar 800 efektiv\u00eb t\u00eb saj arrestoi 20 shqiptar\u00eb, mes t\u00eb cil\u00ebve edhe nj\u00eb grua, t\u00eb cil\u00ebt akuzohen p\u00ebr vrasjen e Kire Tri\u00e7kovski, Aleksandar Naqeski, Filip Sllavkovski dhe Cvetan\u00e7o Acevski, t\u00eb mosh\u00ebs prej 18 deri 20 vje\u00e7 [&hellip;]\" \/>\n<meta property=\"og:url\" content=\"https:\/\/fjala.info\/2009-2015\/maqedoni-arrestohen-20-shqiptare-myslimane-vehabiste\/\" \/>\n<meta property=\"og:site_name\" content=\"FjALA e LIR\u00cb - Arkivi\" \/>\n<meta property=\"article:published_time\" content=\"2012-05-03T15:11:57+00:00\" \/>\n<meta property=\"og:image\" content=\"http:\/\/www.shkoder.net\/2012\/mac_police_press.jpg\" \/>\n<meta name=\"author\" content=\"admin\" \/>\n<meta name=\"twitter:card\" content=\"summary_large_image\" \/>\n<meta name=\"twitter:label1\" content=\"Written by\" \/>\n\t<meta name=\"twitter:data1\" content=\"admin\" \/>\n\t<meta name=\"twitter:label2\" content=\"Est. reading time\" \/>\n\t<meta name=\"twitter:data2\" content=\"3 minutes\" \/>\n<script type=\"application\/ld+json\" class=\"yoast-schema-graph\">{\"@context\":\"https:\\\/\\\/schema.org\",\"@graph\":[{\"@type\":\"Article\",\"@id\":\"https:\\\/\\\/fjala.info\\\/2009-2015\\\/maqedoni-arrestohen-20-shqiptare-myslimane-vehabiste\\\/#article\",\"isPartOf\":{\"@id\":\"https:\\\/\\\/fjala.info\\\/2009-2015\\\/maqedoni-arrestohen-20-shqiptare-myslimane-vehabiste\\\/\"},\"author\":{\"name\":\"admin\",\"@id\":\"https:\\\/\\\/fjala.info\\\/2009-2015\\\/#\\\/schema\\\/person\\\/3aa1163ef05469c496fc94e77611ada2\"},\"headline\":\"Maqedoni: Arrestohen 20 shqiptar\u00eb mysliman\u00eb vehabist\u00eb\",\"datePublished\":\"2012-05-03T15:11:57+00:00\",\"mainEntityOfPage\":{\"@id\":\"https:\\\/\\\/fjala.info\\\/2009-2015\\\/maqedoni-arrestohen-20-shqiptare-myslimane-vehabiste\\\/\"},\"wordCount\":618,\"commentCount\":0,\"publisher\":{\"@id\":\"https:\\\/\\\/fjala.info\\\/2009-2015\\\/#organization\"},\"image\":{\"@id\":\"https:\\\/\\\/fjala.info\\\/2009-2015\\\/maqedoni-arrestohen-20-shqiptare-myslimane-vehabiste\\\/#primaryimage\"},\"thumbnailUrl\":\"http:\\\/\\\/www.shkoder.net\\\/2012\\\/mac_police_press.jpg\",\"articleSection\":[\"Artikuj\"],\"inLanguage\":\"sq-AL\",\"potentialAction\":[{\"@type\":\"CommentAction\",\"name\":\"Comment\",\"target\":[\"https:\\\/\\\/fjala.info\\\/2009-2015\\\/maqedoni-arrestohen-20-shqiptare-myslimane-vehabiste\\\/#respond\"]}]},{\"@type\":\"WebPage\",\"@id\":\"https:\\\/\\\/fjala.info\\\/2009-2015\\\/maqedoni-arrestohen-20-shqiptare-myslimane-vehabiste\\\/\",\"url\":\"https:\\\/\\\/fjala.info\\\/2009-2015\\\/maqedoni-arrestohen-20-shqiptare-myslimane-vehabiste\\\/\",\"name\":\"Maqedoni: Arrestohen 20 shqiptar\u00eb mysliman\u00eb vehabist\u00eb - FjALA e LIR\u00cb - Arkivi\",\"isPartOf\":{\"@id\":\"https:\\\/\\\/fjala.info\\\/2009-2015\\\/#website\"},\"primaryImageOfPage\":{\"@id\":\"https:\\\/\\\/fjala.info\\\/2009-2015\\\/maqedoni-arrestohen-20-shqiptare-myslimane-vehabiste\\\/#primaryimage\"},\"image\":{\"@id\":\"https:\\\/\\\/fjala.info\\\/2009-2015\\\/maqedoni-arrestohen-20-shqiptare-myslimane-vehabiste\\\/#primaryimage\"},\"thumbnailUrl\":\"http:\\\/\\\/www.shkoder.net\\\/2012\\\/mac_police_press.jpg\",\"datePublished\":\"2012-05-03T15:11:57+00:00\",\"breadcrumb\":{\"@id\":\"https:\\\/\\\/fjala.info\\\/2009-2015\\\/maqedoni-arrestohen-20-shqiptare-myslimane-vehabiste\\\/#breadcrumb\"},\"inLanguage\":\"sq-AL\",\"potentialAction\":[{\"@type\":\"ReadAction\",\"target\":[\"https:\\\/\\\/fjala.info\\\/2009-2015\\\/maqedoni-arrestohen-20-shqiptare-myslimane-vehabiste\\\/\"]}]},{\"@type\":\"ImageObject\",\"inLanguage\":\"sq-AL\",\"@id\":\"https:\\\/\\\/fjala.info\\\/2009-2015\\\/maqedoni-arrestohen-20-shqiptare-myslimane-vehabiste\\\/#primaryimage\",\"url\":\"http:\\\/\\\/www.shkoder.net\\\/2012\\\/mac_police_press.jpg\",\"contentUrl\":\"http:\\\/\\\/www.shkoder.net\\\/2012\\\/mac_police_press.jpg\"},{\"@type\":\"BreadcrumbList\",\"@id\":\"https:\\\/\\\/fjala.info\\\/2009-2015\\\/maqedoni-arrestohen-20-shqiptare-myslimane-vehabiste\\\/#breadcrumb\",\"itemListElement\":[{\"@type\":\"ListItem\",\"position\":1,\"name\":\"Home\",\"item\":\"https:\\\/\\\/fjala.info\\\/2009-2015\\\/\"},{\"@type\":\"ListItem\",\"position\":2,\"name\":\"Maqedoni: Arrestohen 20 shqiptar\u00eb mysliman\u00eb vehabist\u00eb\"}]},{\"@type\":\"WebSite\",\"@id\":\"https:\\\/\\\/fjala.info\\\/2009-2015\\\/#website\",\"url\":\"https:\\\/\\\/fjala.info\\\/2009-2015\\\/\",\"name\":\"FjALA e LIR\u00cb - Arkivi\",\"description\":\"Arkivi 2009-2015\",\"publisher\":{\"@id\":\"https:\\\/\\\/fjala.info\\\/2009-2015\\\/#organization\"},\"potentialAction\":[{\"@type\":\"SearchAction\",\"target\":{\"@type\":\"EntryPoint\",\"urlTemplate\":\"https:\\\/\\\/fjala.info\\\/2009-2015\\\/?s={search_term_string}\"},\"query-input\":{\"@type\":\"PropertyValueSpecification\",\"valueRequired\":true,\"valueName\":\"search_term_string\"}}],\"inLanguage\":\"sq-AL\"},{\"@type\":\"Organization\",\"@id\":\"https:\\\/\\\/fjala.info\\\/2009-2015\\\/#organization\",\"name\":\"FjALA e LIR\u00cb - Arkivi\",\"url\":\"https:\\\/\\\/fjala.info\\\/2009-2015\\\/\",\"logo\":{\"@type\":\"ImageObject\",\"inLanguage\":\"sq-AL\",\"@id\":\"https:\\\/\\\/fjala.info\\\/2009-2015\\\/#\\\/schema\\\/logo\\\/image\\\/\",\"url\":\"\",\"contentUrl\":\"\",\"caption\":\"FjALA e LIR\u00cb - Arkivi\"},\"image\":{\"@id\":\"https:\\\/\\\/fjala.info\\\/2009-2015\\\/#\\\/schema\\\/logo\\\/image\\\/\"}},{\"@type\":\"Person\",\"@id\":\"https:\\\/\\\/fjala.info\\\/2009-2015\\\/#\\\/schema\\\/person\\\/3aa1163ef05469c496fc94e77611ada2\",\"name\":\"admin\",\"image\":{\"@type\":\"ImageObject\",\"inLanguage\":\"sq-AL\",\"@id\":\"https:\\\/\\\/fjala.info\\\/2009-2015\\\/wp-content\\\/uploads\\\/2012\\\/02\\\/arben_cokaj-120x150.jpg\",\"url\":\"https:\\\/\\\/fjala.info\\\/2009-2015\\\/wp-content\\\/uploads\\\/2012\\\/02\\\/arben_cokaj-120x150.jpg\",\"contentUrl\":\"https:\\\/\\\/fjala.info\\\/2009-2015\\\/wp-content\\\/uploads\\\/2012\\\/02\\\/arben_cokaj-120x150.jpg\",\"caption\":\"admin\"},\"description\":\"Admin, Fjala e Lir\u00eb\",\"sameAs\":[\"https:\\\/\\\/fjala.info\\\/\"],\"url\":\"https:\\\/\\\/fjala.info\\\/2009-2015\\\/author\\\/admin\\\/\"}]}<\/script>\n<!-- \/ Yoast SEO plugin. -->","yoast_head_json":{"title":"Maqedoni: Arrestohen 20 shqiptar\u00eb mysliman\u00eb vehabist\u00eb - FjALA e LIR\u00cb - Arkivi","robots":{"index":"index","follow":"follow","max-snippet":"max-snippet:-1","max-image-preview":"max-image-preview:large","max-video-preview":"max-video-preview:-1"},"canonical":"https:\/\/fjala.info\/2009-2015\/maqedoni-arrestohen-20-shqiptare-myslimane-vehabiste\/","og_locale":"sq_AL","og_type":"article","og_title":"Maqedoni: Arrestohen 20 shqiptar\u00eb mysliman\u00eb vehabist\u00eb - FjALA e LIR\u00cb - Arkivi","og_description":"Jan\u00eb \u201cvehabist\u00ebt\u201d shqiptar\u00eb ata q\u00eb kryen krimin e pes\u00ebfisht\u00eb n\u00eb Maqedoni. Policia maqedonase, n\u00eb aksionin e djesh\u00ebm, ku kishte angazhuar 800 efektiv\u00eb t\u00eb saj arrestoi 20 shqiptar\u00eb, mes t\u00eb cil\u00ebve edhe nj\u00eb grua, t\u00eb cil\u00ebt akuzohen p\u00ebr vrasjen e Kire Tri\u00e7kovski, Aleksandar Naqeski, Filip Sllavkovski dhe Cvetan\u00e7o Acevski, t\u00eb mosh\u00ebs prej 18 deri 20 vje\u00e7 [&hellip;]","og_url":"https:\/\/fjala.info\/2009-2015\/maqedoni-arrestohen-20-shqiptare-myslimane-vehabiste\/","og_site_name":"FjALA e LIR\u00cb - Arkivi","article_published_time":"2012-05-03T15:11:57+00:00","og_image":[{"url":"http:\/\/www.shkoder.net\/2012\/mac_police_press.jpg","type":"","width":"","height":""}],"author":"admin","twitter_card":"summary_large_image","twitter_misc":{"Written by":"admin","Est. reading time":"3 minutes"},"schema":{"@context":"https:\/\/schema.org","@graph":[{"@type":"Article","@id":"https:\/\/fjala.info\/2009-2015\/maqedoni-arrestohen-20-shqiptare-myslimane-vehabiste\/#article","isPartOf":{"@id":"https:\/\/fjala.info\/2009-2015\/maqedoni-arrestohen-20-shqiptare-myslimane-vehabiste\/"},"author":{"name":"admin","@id":"https:\/\/fjala.info\/2009-2015\/#\/schema\/person\/3aa1163ef05469c496fc94e77611ada2"},"headline":"Maqedoni: Arrestohen 20 shqiptar\u00eb mysliman\u00eb vehabist\u00eb","datePublished":"2012-05-03T15:11:57+00:00","mainEntityOfPage":{"@id":"https:\/\/fjala.info\/2009-2015\/maqedoni-arrestohen-20-shqiptare-myslimane-vehabiste\/"},"wordCount":618,"commentCount":0,"publisher":{"@id":"https:\/\/fjala.info\/2009-2015\/#organization"},"image":{"@id":"https:\/\/fjala.info\/2009-2015\/maqedoni-arrestohen-20-shqiptare-myslimane-vehabiste\/#primaryimage"},"thumbnailUrl":"http:\/\/www.shkoder.net\/2012\/mac_police_press.jpg","articleSection":["Artikuj"],"inLanguage":"sq-AL","potentialAction":[{"@type":"CommentAction","name":"Comment","target":["https:\/\/fjala.info\/2009-2015\/maqedoni-arrestohen-20-shqiptare-myslimane-vehabiste\/#respond"]}]},{"@type":"WebPage","@id":"https:\/\/fjala.info\/2009-2015\/maqedoni-arrestohen-20-shqiptare-myslimane-vehabiste\/","url":"https:\/\/fjala.info\/2009-2015\/maqedoni-arrestohen-20-shqiptare-myslimane-vehabiste\/","name":"Maqedoni: Arrestohen 20 shqiptar\u00eb mysliman\u00eb vehabist\u00eb - FjALA e LIR\u00cb - Arkivi","isPartOf":{"@id":"https:\/\/fjala.info\/2009-2015\/#website"},"primaryImageOfPage":{"@id":"https:\/\/fjala.info\/2009-2015\/maqedoni-arrestohen-20-shqiptare-myslimane-vehabiste\/#primaryimage"},"image":{"@id":"https:\/\/fjala.info\/2009-2015\/maqedoni-arrestohen-20-shqiptare-myslimane-vehabiste\/#primaryimage"},"thumbnailUrl":"http:\/\/www.shkoder.net\/2012\/mac_police_press.jpg","datePublished":"2012-05-03T15:11:57+00:00","breadcrumb":{"@id":"https:\/\/fjala.info\/2009-2015\/maqedoni-arrestohen-20-shqiptare-myslimane-vehabiste\/#breadcrumb"},"inLanguage":"sq-AL","potentialAction":[{"@type":"ReadAction","target":["https:\/\/fjala.info\/2009-2015\/maqedoni-arrestohen-20-shqiptare-myslimane-vehabiste\/"]}]},{"@type":"ImageObject","inLanguage":"sq-AL","@id":"https:\/\/fjala.info\/2009-2015\/maqedoni-arrestohen-20-shqiptare-myslimane-vehabiste\/#primaryimage","url":"http:\/\/www.shkoder.net\/2012\/mac_police_press.jpg","contentUrl":"http:\/\/www.shkoder.net\/2012\/mac_police_press.jpg"},{"@type":"BreadcrumbList","@id":"https:\/\/fjala.info\/2009-2015\/maqedoni-arrestohen-20-shqiptare-myslimane-vehabiste\/#breadcrumb","itemListElement":[{"@type":"ListItem","position":1,"name":"Home","item":"https:\/\/fjala.info\/2009-2015\/"},{"@type":"ListItem","position":2,"name":"Maqedoni: Arrestohen 20 shqiptar\u00eb mysliman\u00eb vehabist\u00eb"}]},{"@type":"WebSite","@id":"https:\/\/fjala.info\/2009-2015\/#website","url":"https:\/\/fjala.info\/2009-2015\/","name":"FjALA e LIR\u00cb - Arkivi","description":"Arkivi 2009-2015","publisher":{"@id":"https:\/\/fjala.info\/2009-2015\/#organization"},"potentialAction":[{"@type":"SearchAction","target":{"@type":"EntryPoint","urlTemplate":"https:\/\/fjala.info\/2009-2015\/?s={search_term_string}"},"query-input":{"@type":"PropertyValueSpecification","valueRequired":true,"valueName":"search_term_string"}}],"inLanguage":"sq-AL"},{"@type":"Organization","@id":"https:\/\/fjala.info\/2009-2015\/#organization","name":"FjALA e LIR\u00cb - Arkivi","url":"https:\/\/fjala.info\/2009-2015\/","logo":{"@type":"ImageObject","inLanguage":"sq-AL","@id":"https:\/\/fjala.info\/2009-2015\/#\/schema\/logo\/image\/","url":"","contentUrl":"","caption":"FjALA e LIR\u00cb - Arkivi"},"image":{"@id":"https:\/\/fjala.info\/2009-2015\/#\/schema\/logo\/image\/"}},{"@type":"Person","@id":"https:\/\/fjala.info\/2009-2015\/#\/schema\/person\/3aa1163ef05469c496fc94e77611ada2","name":"admin","image":{"@type":"ImageObject","inLanguage":"sq-AL","@id":"https:\/\/fjala.info\/2009-2015\/wp-content\/uploads\/2012\/02\/arben_cokaj-120x150.jpg","url":"https:\/\/fjala.info\/2009-2015\/wp-content\/uploads\/2012\/02\/arben_cokaj-120x150.jpg","contentUrl":"https:\/\/fjala.info\/2009-2015\/wp-content\/uploads\/2012\/02\/arben_cokaj-120x150.jpg","caption":"admin"},"description":"Admin, Fjala e Lir\u00eb","sameAs":["https:\/\/fjala.info\/"],"url":"https:\/\/fjala.info\/2009-2015\/author\/admin\/"}]}},"_links":{"self":[{"href":"https:\/\/fjala.info\/2009-2015\/wp-json\/wp\/v2\/posts\/11811","targetHints":{"allow":["GET"]}}],"collection":[{"href":"https:\/\/fjala.info\/2009-2015\/wp-json\/wp\/v2\/posts"}],"about":[{"href":"https:\/\/fjala.info\/2009-2015\/wp-json\/wp\/v2\/types\/post"}],"author":[{"embeddable":true,"href":"https:\/\/fjala.info\/2009-2015\/wp-json\/wp\/v2\/users\/1"}],"replies":[{"embeddable":true,"href":"https:\/\/fjala.info\/2009-2015\/wp-json\/wp\/v2\/comments?post=11811"}],"version-history":[{"count":0,"href":"https:\/\/fjala.info\/2009-2015\/wp-json\/wp\/v2\/posts\/11811\/revisions"}],"wp:attachment":[{"href":"https:\/\/fjala.info\/2009-2015\/wp-json\/wp\/v2\/media?parent=11811"}],"wp:term":[{"taxonomy":"category","embeddable":true,"href":"https:\/\/fjala.info\/2009-2015\/wp-json\/wp\/v2\/categories?post=11811"},{"taxonomy":"post_tag","embeddable":true,"href":"https:\/\/fjala.info\/2009-2015\/wp-json\/wp\/v2\/tags?post=11811"}],"curies":[{"name":"wp","href":"https:\/\/api.w.org\/{rel}","templated":true}]}}