{"id":11810,"date":"2012-05-06T16:04:18","date_gmt":"2012-05-06T15:04:18","guid":{"rendered":"http:\/\/fjala.shkoder.net\/?p=2760"},"modified":"2012-05-06T16:04:18","modified_gmt":"2012-05-06T15:04:18","slug":"revolte-shqiptare-apo-protesta-arabe-kunder-aksionit-policor-monstrum-ne-shkup","status":"publish","type":"post","link":"https:\/\/fjala.info\/2009-2015\/revolte-shqiptare-apo-protesta-arabe-kunder-aksionit-policor-monstrum-ne-shkup\/","title":{"rendered":"Revolt\u00eb shqiptare apo \u201cprotesta arabe\u201d kund\u00ebr aksionit policor \u201cMonstrum\u201d n\u00eb Shkup"},"content":{"rendered":"<p><img decoding=\"async\" class=\"alignright size-thumbnail wp-image-7236\" title=\"Protest\u00eb n\u00eb Shkup\" src=\"http:\/\/www.shkoder.net\/2012\/albanian_protest_in_skopje_macedonia_may12.jpg\" alt=\"\" width=\"300\" \/> <strong>Gjergj Kabashi<\/strong><\/p>\n<p>Kjo foto flet vet, madje kjo flet ma shum\u00eb dhe ma fort se i gjith\u00eb arsenali propagandistik i politik\u00ebs antishqiptare sllavomaqedonase, e cila gjat\u00eb k\u00ebtyre dit\u00ebve b\u00ebri t\u00eb pamundshmen q\u00eb shqiptar\u00ebt e atjesh\u00ebm t\u2019i paraqes para bot\u00ebs si fundamentalist islamik, apo islamik radikal.<\/p>\n<p>N\u00eb t\u00eb v\u00ebrtet\u00eb, rrjedha e gjith\u00eb k\u00ebsaj propagande mizore antishqiptare del t\u00eb mos jet\u00eb e till\u00eb si e kishin menduar dhe prezentuar qarqet shtet\u00ebrore maqedonase, pasi shumica e t\u00eb arrerstuar\u00ebve u liruan n\u00eb munges\u00eb provash q\u00eb do t\u2019i lidhnin me veprimtari antishtet\u00ebrore e antinjer\u00ebzore dhe mbeti ajo pakic\u00eb p\u00ebr t\u00eb cil\u00ebn hetimet dhe vendimet gjyq\u00ebsore do t\u00eb tregojn\u00eb se kush ishin dhe se cka b\u00ebn\u00eb apo nuk b\u00ebn\u00eb.<\/p>\n<p>Mir\u00ebpo, e keqja \u00ebsht\u00eb se disa mjedise shqiptare an\u00ebsore, ashtu sikur edhe disa mjedise t\u00eb tjera t\u00eb etnikumit shqiptar, i jan\u00eb n\u00ebnshtruar edukimit enorm fetar Islam, t\u00eb nxitur e stimuluar nga qarqe antishqiptare, duke i sjell\u00eb deri n\u00eb at\u00eb gjendje sa t\u00eb deklarohen se jan\u00eb \u201cshqiptar musliman\u201d e edhe m\u00eb keq e m\u00eb zi, duke protestuar ndaj dhun\u00ebs antishqiptare nga pozita panislamiste e jo shqiptare, q\u00eb p\u00ebrgjasojn\u00eb me \u201cprotesta arabe\u201d nga Lindja e Mesme, me \u201cAllahu Ekbar\u201detj.<\/p>\n<p>Islamizimi i vet\u00ebdijes-nd\u00ebrgjegj\u00ebs shqiptare n\u00eb hap\u00ebsir\u00ebn shqiptare n\u00eb Maqedoni ka marr\u00eb p\u00ebrmas\u00ebn m\u00eb t\u00eb rrezikshme t\u00eb mundshme, q\u00eb mund t\u00eb shpie deri tek shkat\u00ebrrimi p\u00ebrfundimtar i c\u00ebshtjes komb\u00ebtare shqiptare atje, n\u00ebse k\u00ebsaj t\u00eb keqeje nuk i dilet p\u00ebrpara sa m\u00eb par\u00eb dhe sa m\u00eb me vendosm\u00ebri shqiptare. Po t\u00eb ekzistonte nj\u00eb politik\u00eb e nd\u00ebrgjegjshme, e vet\u00ebdijshme dhe moderne shqiptare n\u00eb Tiran\u00eb dhe Prishtin\u00eb, ndikimi i saj pozitiv do t\u00eb ishte par\u00eb me koh\u00eb dhe jo vet\u00ebm tek shqiptar\u00ebt e Maqedonis\u00eb por edhe gjetiu n\u00eb hap\u00ebsirat e tjera t\u00eb skajshme t\u00eb etnikumit shqiptar, ku qarqet antishqiptare jan\u00eb duke e orientuar nj\u00eb popull t\u00eb t\u00ebr\u00eb drejt islamizimit, do t\u00eb thot\u00eb drejt shkat\u00ebrrimit t\u00eb vetvet\u00ebs.<\/p>\n<p>K\u00ebta \u201cshqiptar\u201d q\u00eb Sot i shohim n\u00eb k\u00ebt\u00eb foto nga Shkupi, derdh\u00ebn n\u00eb protest\u00eb jo si qytetar\u00eb shqiptar\u00eb q\u00eb duhet t\u00eb luftojn\u00eb p\u00ebr realizimin e t\u00eb drejtave t\u00eb veta qytetare e nacionale, por si \u201dxhemat\u2019 i xhamive\u201ddhe si \u201cmusliman\u201d krenar, si e vetmja perspektive nga korridori i ngusht\u00eb i \u201ct\u00eb drejtave dhe jet\u00ebs sociale\u201d q\u00eb ua lejon pushteti maqedonas q\u00eb, edhe me fajin e t\u00eb till\u00ebve, sillet si pushtues me ta. Dhe, k\u00ebta njer\u00ebz t\u00eb dehur me Muslimaniz\u00ebm, e t\u00eb mburrur deri n\u00eb dhimbje me \u201cKur\u2019anin\u201d e tyre t\u00eb shenjt\u00eb, nj\u00ebherit aq t\u00eb pavet\u00ebdijsh\u00ebm komb\u00ebtarisht p\u00ebr shkak t\u00eb k\u00ebsaj dehjeje fetare, k\u00ebt\u00eb e kan si t\u00eb vetmin lib\u00ebr ndaj t\u00eb cilit Maqedonia sllave tregon liberaliz\u00ebm t\u00eb skajsh\u00ebm dhe mir\u00ebkuptim enorm ndaj \u201cnevojave t\u00eb tyre\u201d, q\u00eb nj\u00ebherit jan\u00eb edhe nevoja dhe strategjia shtet\u00ebrore e politik\u00ebs s\u00eb Maqedonis\u00eb.<\/p>\n<p>K\u00ebta shqipfol\u00ebs t\u00eb sotsh\u00ebm q\u00eb nes\u00ebr me aq leht\u00ebsi mund t\u00eb rr\u00ebshqasin n\u00eb identitetin turk-o-arab, nuk kan mund\u00ebsi ta v\u00ebrejn\u00eb gjendjen e tyre tejet t\u00eb mjer\u00eb tok\u00ebsore si shqiptar\u00eb t\u00eb mohuar, ata nuk jan\u00eb n\u00eb gjendje ta kuptojn\u00eb se jan\u00eb t\u00eb pushtuar si shqiptar, por pandehin gabimisht se jan\u00eb t\u00eb keqtrajtuar e pa t\u00eb drejta njer\u00ebzore, pasi nj\u00eb pjes\u00eb e tyre praktikojn\u00eb besimin islam. K\u00ebta protestues tragjikomik paraqesin nj\u00eb shembull dramatik se cilat mund t\u00eb jen\u00eb efektet e nj\u00eb trushp\u00ebrlarjeje t\u00eb planifikuar ndaj tyre nga politika e nj\u00eb kombi tjet\u00ebr, e cila i shpie p\u00ebrpara planet e veta antishqiptare me seriozitetin dhe rigorozitetin e duhur shtet\u00ebror, me duart\u00eb e viktim\u00ebs s\u00eb tyre s\u00eb cil\u00ebs ia l\u00ebn\u00eb n\u00eb duar flamujt arab, flamujt turk apo cdo flamur tjet\u00ebr p\u00ebrmes t\u00eb cilit do ta paraqisnin si jovend\u00ebs, q\u00eb lufton e p\u00ebrpiqet p\u00ebr t\u00eb drejta t\u00eb huaja, n\u00eb nj\u00eb dhe t\u00eb huaj?!\u2026<\/p>\n<p>Fotoja e till\u00eb flet tep\u00ebr shum\u00eb dhe flet zi e terr p\u00ebr theqafjen e c\u00ebshtjes shqiptare n\u00eb Maqedoni. K\u00ebsi shqiptar\u00ebsh t\u00eb dehur nga feja e \u201ctyre\u201d deri n\u00eb \u00e7menduri, i duhen \u00e7\u2019do armiku t\u00eb kombit ton\u00eb t\u00eb l\u00ebnduar nga pushtimet e gjata, t\u00eb jashtme e t\u00eb brendshme.<\/p>\n<p>Po t\u00eb kishin fytyr\u00eb, politikan\u00ebt shqiptar\u00eb nga Maqedonia do t\u00eb duhej t\u00eb ndjeheshin pafund\u00ebsisht t\u00eb turp\u00ebruar, se k\u00ebta flamuj t\u00eb ngritur n\u00eb aj\u00ebr jan\u00eb nj\u00ebherit edhe shenja t\u00eb qarta t\u00eb gjurm\u00ebve t\u00eb tyre si politikan, t\u00eb pun\u00ebs s\u00eb tyre t\u00eb mbrapsht, pothuaj antishqiptare me popullin e vet.<br \/>\nJo feja Islame, por virusi i islamizimit tragjik t\u00eb pjes\u00ebs s\u00eb kombit shqiptar n\u00eb Maqedoni dhe shnd\u00ebrrimi i tyre n\u00eb misionar\u00eb turko-arab n\u00eb k\u00ebt\u00eb pjes\u00eb t\u00eb hap\u00ebsir\u00ebs shqiptare-evropiane, do t\u00eb duhej ndaluar me \u00e7\u2019do kusht e mjet, jo p\u00ebr shkak se na dalin krijesa t\u00eb tilla t\u00eb shfytyruara q\u00eb identifikohen ma nacionalizmin turk apo arab, por p\u00ebr shkak se na dhimbet e nuk e l\u00ebm\u00eb tjet\u00ebrsimin e tok\u00ebs son\u00eb shqiptare n\u00eb Maqedonin\u00eb e sotshme.<\/p>\n<p>Pa k\u00ebta armiq t\u00eb vetvet\u00ebs, t\u00eb cil\u00ebt shihet hapur se e kan gabuar koh\u00ebn dhe hap\u00ebsir\u00ebn e veprimit, &#8211; mundemi,- se p\u00ebr k\u00ebto hijena me pamje njer\u00ebzore nuk m\u00ebzitet askush; por nuk mundemi n\u00eb asnj\u00eb m\u00ebnyr\u00eb pa at\u00eb tok\u00eb t\u00eb shtrenjt\u00eb e t\u00eb shenjt\u00eb shqiptare. K\u00ebta njer\u00ebz t\u00eb shfytyruar kan\u00eb harruar se jan\u00eb shqiptar\u00eb ose shqiptarizmi i tyre \u00ebsht\u00eb formal, nj\u00eb fjal\u00eb goje, pasi k\u00ebtyre nuk \u00ebsht\u00eb ofruar asgj\u00eb nga perspektiva shqiptare, as puna, as jeta e sigurt\u00eb, as kultura komb\u00ebtare shqiptare; nuk u \u00ebsht\u00eb ofruar edukimi shqiptar, propaganda shqiptare, arsimimi i mir\u00ebfillt\u00eb komb\u00ebtar shqiptar etj, etj.<\/p>\n<p>P\u00ebr k\u00ebta njer\u00ebz nuk ka autoritet tjet\u00ebr p\u00ebrve\u00e7 hoxh\u00ebs, i cili i lidh\u00eb me t\u00eb drejtat \u201cqiellore\u201d q\u00eb u takojn\u00eb\u2026 K\u00ebtyre njer\u00ebzve hoxha i mbrapsht e trushp\u00ebrlar\u00eb nga nd\u00ebrgjegja kombetare shqiptare,- i edukuar e arsimuar me rr\u00ebnj\u00eb n\u00eb kultur\u00ebn arabo-turke,u ka th\u00ebn\u00eb me mij\u00ebra her\u00eb se \u201cne jemi Musliman\u201d dhe keta, si\u00e7 shihet n\u00eb k\u00ebt\u00eb foto tragjike t\u00eb dhimbjes son\u00eb, n\u00eb fund edhe e kan besuar efektin e pers\u00ebritjes s\u00eb till\u00eb propagandistike antishqiptare.<\/p>\n<p>N\u00ebse profecia e Faik Konic\u00ebs se, \u201carmiku m\u00eb i madh i shqiptarit, \u00ebsht\u00eb vet shqiptari\u201d ka nxit\u00eb t\u00eb mendojn\u00eb Shqip gjenerata t\u00eb t\u00ebra shqiptar\u00ebsh, n\u00eb k\u00ebt\u00eb rast ajo v\u00ebrtetohet n\u00eb t\u00ebr\u00ebsin\u00eb e saj kuptimore, madje n\u00eb koh\u00ebn kur keta njer\u00ebz pa minimumin e t\u00eb drejtave n\u00eb Atdheun e vet, i drejtohen nj\u00eb fuqie tjet\u00ebr, hyjnores, joreales dhe t\u00eb kobshme p\u00ebr ta, nj\u00eb \u201c\u00e7\u00ebshtjeje\u201d religjioze q\u00eb nuk \u00ebsht\u00eb e tyre, por \u00ebsht\u00eb e shtyp\u00ebsve t\u00eb tyre, maqedonasve!<\/p>\n<p>K\u00ebta njer\u00ebz t\u00eb pa identitet t\u00eb qart\u00eb komb\u00ebtar, kan r\u00ebn\u00eb n\u00eb grack\u00ebn e iluzioneve t\u00eb veta, n\u00eb kurthin e mashtrimit nga qarqe joshqiptare, t\u00eb religjiozitetit t\u00eb tyre antishqiptar, andaj ata nj\u00ebherit duhen ndihmuar, por edhe duhet t\u00eb pengohen q\u00eb dehjes s\u00eb tyre antishqiptare Islame mos t\u2019ua shoh sherrin Dheu i Arb\u00ebris\u00eb son\u00eb.<\/p>\n<p>Dhuna dhe terrori i policis\u00eb speciale maqedonase ndaj shqiptar\u00ebve n\u00eb Maqedoni, i ka kaluar t\u00eb gjitha p\u00ebrmasat e luftimit t\u00eb veprimtaris\u00eb kriminale q\u00eb e ushtron cdo shtet brenda territorit t\u00eb vet, pasi ajo dhun\u00eb tashm\u00eb \u00ebsht\u00eb plot\u00ebsisht e identifikueshme si dhun\u00eb ndaj shqiptar\u00ebve t\u00eb atysh\u00ebm dhe, t\u00ebrthorazi, \u00ebsht\u00eb edhe provokim luftarak ndaj gjith\u00eb kombit shqiptar. Dhe, ky nuk \u00ebsht\u00eb provokimi i vet\u00ebm ndaj shqiptar\u00ebve.<\/p>\n<p>Ajo nuk mund t\u00eb jet\u00eb dhun\u00eb ndaj shqiptar\u00ebve q\u00eb e praktikojn\u00eb Islamin si fe, pasi kombi shqiptar atje nuk ka asnj\u00eb \u201d\u00e7\u00ebshtje islame t\u00eb pazgjidhur\u201d pasi p\u00ebr \u201czgjidhjen\u201d e saj jan\u00eb kujdesur n\u00eb vazhdim\u00ebsi politikan\u00ebt maqedonas e t\u00eb tjer\u00eb q\u00eb nga krijimi i k\u00ebtij shteti, qoft\u00eb nga periudha e ish-fedetrat\u00ebs jugosllave apo ajo e ish Mbret\u00ebris\u00eb Serbo-Kroato-Sllovene; por e ka t\u00eb pa zgjidhur vet\u00ebm c\u00ebshtjen komb\u00ebtare shqiptare,t\u00eb cil\u00ebn jan\u00eb duke e dekompozuar si \u00e7\u00ebshtje e si breng\u00eb shqiptare Islamist\u00ebt e shfytyruar \u201cshqiptar\u201d, mu ashtu si e duan armiqt\u00eb e k\u00ebtij kombi me aksionin \u201cMonstrum\u201d, duke e shnd\u00ebrruar n\u00eb nj\u00eb jonjeri, nj\u00eb \u201cmonst\u00ebr\u201d njer\u00ebzore q\u00eb lufton p\u00ebr c\u00ebshtje e q\u00ebllime t\u00eb huaja n\u00eb Atdheun Shqiptar(!?), pik\u00ebrisht n\u00eb at\u00eb frym\u00eb p\u00ebrmalluese t\u00eb miletit turko-osman, si ua p\u00ebrkujtoj me nostalgji dhe pretendime t\u00eb pafshehura t\u00eb ringjalljes s\u00eb nj\u00eb fantazme t\u00eb shekujve t\u00eb shkuar, vitin e kaluar tek \u201cXhamia e Larme\u201d n\u00eb Tetov\u00eb, kryeminstri aktual i Turqis\u00eb, Rexhep Tayp Erdogan, n\u00eb fjalimin q\u00eb e mbajti p\u00ebrpara popullit t\u00eb tubuar; p\u00ebrpara mas\u00ebs s\u00eb entuziazmuar, t\u00eb rinjve, burrave dhe grave me dimi, i cili pati th\u00ebn\u00eb se : \u201cN\u00eb syt\u00eb e juv i shoh pasardh\u00ebsit e osman\u00ebve\u2026\u201d<\/p>\n<p>Dhe, e gjith\u00eb ajo mas\u00eb delirante duartrokiste nga k\u00ebnaqesia e k\u00ebtij identifikimi posht\u00ebrues p\u00ebr shqiptar\u00ebt\u2026<\/p>\n<p>Duhet th\u00ebn\u00eb hapur, pa e fshehur fare shqet\u00ebsimin dhe breng\u00ebn v\u00ebllaz\u00ebrore, se disa shqiptar\u00eb nga Maqedonia,- qoft\u00eb edhe pa qen\u00eb t\u00eb vet\u00ebdijsh\u00ebm, jan\u00eb shnd\u00ebrruar n\u00eb ca dele t\u00eb zeza p\u00ebrbrenda kombit shqiptar; n\u00eb dofar\u00eb \u201cnamuzlish\u00eb\u201d me mendje \u201cshehit\u00ebsh\u201d q\u00eb nuk u shqiten dyerve t\u00eb xhamive, k\u00ebtyre \u201cfabrikave p\u00ebr prodhimin e turqve\u201d(vr.ime:Teki Dervishi) dhe t\u00eb arab\u00ebve, do t\u00eb shtoja une, t\u00eb cil\u00ebt po ia \u201czbardhin fytyr\u00ebn\u201d bot\u00ebs arabo-turkoislamike, dhe po ia nxijn\u00eb p\u00ebr dit\u00eb e m\u00eb shum\u00eb fytyr\u00ebn dhe ardhm\u00ebrin\u00eb shqiptare t\u00eb kombit ton\u00eb.<\/p>\n","protected":false},"excerpt":{"rendered":"<p>Gjergj Kabashi Kjo foto flet vet, madje kjo flet ma shum\u00eb dhe ma fort se i gjith\u00eb arsenali propagandistik i politik\u00ebs antishqiptare sllavomaqedonase, e cila gjat\u00eb k\u00ebtyre dit\u00ebve b\u00ebri t\u00eb pamundshmen q\u00eb shqiptar\u00ebt e atjesh\u00ebm t\u2019i paraqes para bot\u00ebs si fundamentalist islamik, apo islamik radikal. N\u00eb t\u00eb v\u00ebrtet\u00eb, rrjedha e gjith\u00eb k\u00ebsaj propagande mizore antishqiptare [&hellip;]<\/p>\n","protected":false},"author":1,"featured_media":0,"comment_status":"open","ping_status":"closed","sticky":false,"template":"","format":"standard","meta":{"footnotes":""},"categories":[2],"tags":[],"class_list":{"0":"post-11810","1":"post","2":"type-post","3":"status-publish","4":"format-standard","6":"category-artikuj"},"yoast_head":"<!-- This site is optimized with the Yoast SEO plugin v27.4 - https:\/\/yoast.com\/product\/yoast-seo-wordpress\/ -->\n<title>Revolt\u00eb shqiptare apo \u201cprotesta arabe\u201d kund\u00ebr aksionit policor \u201cMonstrum\u201d n\u00eb Shkup - FjALA e LIR\u00cb - Arkivi<\/title>\n<meta name=\"robots\" content=\"index, follow, max-snippet:-1, max-image-preview:large, max-video-preview:-1\" \/>\n<link rel=\"canonical\" href=\"https:\/\/fjala.info\/2009-2015\/revolte-shqiptare-apo-protesta-arabe-kunder-aksionit-policor-monstrum-ne-shkup\/\" \/>\n<meta property=\"og:locale\" content=\"sq_AL\" \/>\n<meta property=\"og:type\" content=\"article\" \/>\n<meta property=\"og:title\" content=\"Revolt\u00eb shqiptare apo \u201cprotesta arabe\u201d kund\u00ebr aksionit policor \u201cMonstrum\u201d n\u00eb Shkup - FjALA e LIR\u00cb - Arkivi\" \/>\n<meta property=\"og:description\" content=\"Gjergj Kabashi Kjo foto flet vet, madje kjo flet ma shum\u00eb dhe ma fort se i gjith\u00eb arsenali propagandistik i politik\u00ebs antishqiptare sllavomaqedonase, e cila gjat\u00eb k\u00ebtyre dit\u00ebve b\u00ebri t\u00eb pamundshmen q\u00eb shqiptar\u00ebt e atjesh\u00ebm t\u2019i paraqes para bot\u00ebs si fundamentalist islamik, apo islamik radikal. N\u00eb t\u00eb v\u00ebrtet\u00eb, rrjedha e gjith\u00eb k\u00ebsaj propagande mizore antishqiptare [&hellip;]\" \/>\n<meta property=\"og:url\" content=\"https:\/\/fjala.info\/2009-2015\/revolte-shqiptare-apo-protesta-arabe-kunder-aksionit-policor-monstrum-ne-shkup\/\" \/>\n<meta property=\"og:site_name\" content=\"FjALA e LIR\u00cb - Arkivi\" \/>\n<meta property=\"article:published_time\" content=\"2012-05-06T15:04:18+00:00\" \/>\n<meta property=\"og:image\" content=\"http:\/\/www.shkoder.net\/2012\/albanian_protest_in_skopje_macedonia_may12.jpg\" \/>\n<meta name=\"author\" content=\"admin\" \/>\n<meta name=\"twitter:card\" content=\"summary_large_image\" \/>\n<meta name=\"twitter:label1\" content=\"Written by\" \/>\n\t<meta name=\"twitter:data1\" content=\"admin\" \/>\n\t<meta name=\"twitter:label2\" content=\"Est. reading time\" \/>\n\t<meta name=\"twitter:data2\" content=\"8 minutes\" \/>\n<script type=\"application\/ld+json\" class=\"yoast-schema-graph\">{\"@context\":\"https:\\\/\\\/schema.org\",\"@graph\":[{\"@type\":\"Article\",\"@id\":\"https:\\\/\\\/fjala.info\\\/2009-2015\\\/revolte-shqiptare-apo-protesta-arabe-kunder-aksionit-policor-monstrum-ne-shkup\\\/#article\",\"isPartOf\":{\"@id\":\"https:\\\/\\\/fjala.info\\\/2009-2015\\\/revolte-shqiptare-apo-protesta-arabe-kunder-aksionit-policor-monstrum-ne-shkup\\\/\"},\"author\":{\"name\":\"admin\",\"@id\":\"https:\\\/\\\/fjala.info\\\/2009-2015\\\/#\\\/schema\\\/person\\\/3aa1163ef05469c496fc94e77611ada2\"},\"headline\":\"Revolt\u00eb shqiptare apo \u201cprotesta arabe\u201d kund\u00ebr aksionit policor \u201cMonstrum\u201d n\u00eb Shkup\",\"datePublished\":\"2012-05-06T15:04:18+00:00\",\"mainEntityOfPage\":{\"@id\":\"https:\\\/\\\/fjala.info\\\/2009-2015\\\/revolte-shqiptare-apo-protesta-arabe-kunder-aksionit-policor-monstrum-ne-shkup\\\/\"},\"wordCount\":1659,\"commentCount\":0,\"publisher\":{\"@id\":\"https:\\\/\\\/fjala.info\\\/2009-2015\\\/#organization\"},\"image\":{\"@id\":\"https:\\\/\\\/fjala.info\\\/2009-2015\\\/revolte-shqiptare-apo-protesta-arabe-kunder-aksionit-policor-monstrum-ne-shkup\\\/#primaryimage\"},\"thumbnailUrl\":\"http:\\\/\\\/www.shkoder.net\\\/2012\\\/albanian_protest_in_skopje_macedonia_may12.jpg\",\"articleSection\":[\"Artikuj\"],\"inLanguage\":\"sq-AL\",\"potentialAction\":[{\"@type\":\"CommentAction\",\"name\":\"Comment\",\"target\":[\"https:\\\/\\\/fjala.info\\\/2009-2015\\\/revolte-shqiptare-apo-protesta-arabe-kunder-aksionit-policor-monstrum-ne-shkup\\\/#respond\"]}]},{\"@type\":\"WebPage\",\"@id\":\"https:\\\/\\\/fjala.info\\\/2009-2015\\\/revolte-shqiptare-apo-protesta-arabe-kunder-aksionit-policor-monstrum-ne-shkup\\\/\",\"url\":\"https:\\\/\\\/fjala.info\\\/2009-2015\\\/revolte-shqiptare-apo-protesta-arabe-kunder-aksionit-policor-monstrum-ne-shkup\\\/\",\"name\":\"Revolt\u00eb shqiptare apo \u201cprotesta arabe\u201d kund\u00ebr aksionit policor \u201cMonstrum\u201d n\u00eb Shkup - FjALA e LIR\u00cb - Arkivi\",\"isPartOf\":{\"@id\":\"https:\\\/\\\/fjala.info\\\/2009-2015\\\/#website\"},\"primaryImageOfPage\":{\"@id\":\"https:\\\/\\\/fjala.info\\\/2009-2015\\\/revolte-shqiptare-apo-protesta-arabe-kunder-aksionit-policor-monstrum-ne-shkup\\\/#primaryimage\"},\"image\":{\"@id\":\"https:\\\/\\\/fjala.info\\\/2009-2015\\\/revolte-shqiptare-apo-protesta-arabe-kunder-aksionit-policor-monstrum-ne-shkup\\\/#primaryimage\"},\"thumbnailUrl\":\"http:\\\/\\\/www.shkoder.net\\\/2012\\\/albanian_protest_in_skopje_macedonia_may12.jpg\",\"datePublished\":\"2012-05-06T15:04:18+00:00\",\"breadcrumb\":{\"@id\":\"https:\\\/\\\/fjala.info\\\/2009-2015\\\/revolte-shqiptare-apo-protesta-arabe-kunder-aksionit-policor-monstrum-ne-shkup\\\/#breadcrumb\"},\"inLanguage\":\"sq-AL\",\"potentialAction\":[{\"@type\":\"ReadAction\",\"target\":[\"https:\\\/\\\/fjala.info\\\/2009-2015\\\/revolte-shqiptare-apo-protesta-arabe-kunder-aksionit-policor-monstrum-ne-shkup\\\/\"]}]},{\"@type\":\"ImageObject\",\"inLanguage\":\"sq-AL\",\"@id\":\"https:\\\/\\\/fjala.info\\\/2009-2015\\\/revolte-shqiptare-apo-protesta-arabe-kunder-aksionit-policor-monstrum-ne-shkup\\\/#primaryimage\",\"url\":\"http:\\\/\\\/www.shkoder.net\\\/2012\\\/albanian_protest_in_skopje_macedonia_may12.jpg\",\"contentUrl\":\"http:\\\/\\\/www.shkoder.net\\\/2012\\\/albanian_protest_in_skopje_macedonia_may12.jpg\"},{\"@type\":\"BreadcrumbList\",\"@id\":\"https:\\\/\\\/fjala.info\\\/2009-2015\\\/revolte-shqiptare-apo-protesta-arabe-kunder-aksionit-policor-monstrum-ne-shkup\\\/#breadcrumb\",\"itemListElement\":[{\"@type\":\"ListItem\",\"position\":1,\"name\":\"Home\",\"item\":\"https:\\\/\\\/fjala.info\\\/2009-2015\\\/\"},{\"@type\":\"ListItem\",\"position\":2,\"name\":\"Revolt\u00eb shqiptare apo \u201cprotesta arabe\u201d kund\u00ebr aksionit policor \u201cMonstrum\u201d n\u00eb Shkup\"}]},{\"@type\":\"WebSite\",\"@id\":\"https:\\\/\\\/fjala.info\\\/2009-2015\\\/#website\",\"url\":\"https:\\\/\\\/fjala.info\\\/2009-2015\\\/\",\"name\":\"FjALA e LIR\u00cb - Arkivi\",\"description\":\"Arkivi 2009-2015\",\"publisher\":{\"@id\":\"https:\\\/\\\/fjala.info\\\/2009-2015\\\/#organization\"},\"potentialAction\":[{\"@type\":\"SearchAction\",\"target\":{\"@type\":\"EntryPoint\",\"urlTemplate\":\"https:\\\/\\\/fjala.info\\\/2009-2015\\\/?s={search_term_string}\"},\"query-input\":{\"@type\":\"PropertyValueSpecification\",\"valueRequired\":true,\"valueName\":\"search_term_string\"}}],\"inLanguage\":\"sq-AL\"},{\"@type\":\"Organization\",\"@id\":\"https:\\\/\\\/fjala.info\\\/2009-2015\\\/#organization\",\"name\":\"FjALA e LIR\u00cb - Arkivi\",\"url\":\"https:\\\/\\\/fjala.info\\\/2009-2015\\\/\",\"logo\":{\"@type\":\"ImageObject\",\"inLanguage\":\"sq-AL\",\"@id\":\"https:\\\/\\\/fjala.info\\\/2009-2015\\\/#\\\/schema\\\/logo\\\/image\\\/\",\"url\":\"\",\"contentUrl\":\"\",\"caption\":\"FjALA e LIR\u00cb - Arkivi\"},\"image\":{\"@id\":\"https:\\\/\\\/fjala.info\\\/2009-2015\\\/#\\\/schema\\\/logo\\\/image\\\/\"}},{\"@type\":\"Person\",\"@id\":\"https:\\\/\\\/fjala.info\\\/2009-2015\\\/#\\\/schema\\\/person\\\/3aa1163ef05469c496fc94e77611ada2\",\"name\":\"admin\",\"image\":{\"@type\":\"ImageObject\",\"inLanguage\":\"sq-AL\",\"@id\":\"https:\\\/\\\/fjala.info\\\/2009-2015\\\/wp-content\\\/uploads\\\/2012\\\/02\\\/arben_cokaj-120x150.jpg\",\"url\":\"https:\\\/\\\/fjala.info\\\/2009-2015\\\/wp-content\\\/uploads\\\/2012\\\/02\\\/arben_cokaj-120x150.jpg\",\"contentUrl\":\"https:\\\/\\\/fjala.info\\\/2009-2015\\\/wp-content\\\/uploads\\\/2012\\\/02\\\/arben_cokaj-120x150.jpg\",\"caption\":\"admin\"},\"description\":\"Admin, Fjala e Lir\u00eb\",\"sameAs\":[\"https:\\\/\\\/fjala.info\\\/\"],\"url\":\"https:\\\/\\\/fjala.info\\\/2009-2015\\\/author\\\/admin\\\/\"}]}<\/script>\n<!-- \/ Yoast SEO plugin. -->","yoast_head_json":{"title":"Revolt\u00eb shqiptare apo \u201cprotesta arabe\u201d kund\u00ebr aksionit policor \u201cMonstrum\u201d n\u00eb Shkup - FjALA e LIR\u00cb - Arkivi","robots":{"index":"index","follow":"follow","max-snippet":"max-snippet:-1","max-image-preview":"max-image-preview:large","max-video-preview":"max-video-preview:-1"},"canonical":"https:\/\/fjala.info\/2009-2015\/revolte-shqiptare-apo-protesta-arabe-kunder-aksionit-policor-monstrum-ne-shkup\/","og_locale":"sq_AL","og_type":"article","og_title":"Revolt\u00eb shqiptare apo \u201cprotesta arabe\u201d kund\u00ebr aksionit policor \u201cMonstrum\u201d n\u00eb Shkup - FjALA e LIR\u00cb - Arkivi","og_description":"Gjergj Kabashi Kjo foto flet vet, madje kjo flet ma shum\u00eb dhe ma fort se i gjith\u00eb arsenali propagandistik i politik\u00ebs antishqiptare sllavomaqedonase, e cila gjat\u00eb k\u00ebtyre dit\u00ebve b\u00ebri t\u00eb pamundshmen q\u00eb shqiptar\u00ebt e atjesh\u00ebm t\u2019i paraqes para bot\u00ebs si fundamentalist islamik, apo islamik radikal. N\u00eb t\u00eb v\u00ebrtet\u00eb, rrjedha e gjith\u00eb k\u00ebsaj propagande mizore antishqiptare [&hellip;]","og_url":"https:\/\/fjala.info\/2009-2015\/revolte-shqiptare-apo-protesta-arabe-kunder-aksionit-policor-monstrum-ne-shkup\/","og_site_name":"FjALA e LIR\u00cb - Arkivi","article_published_time":"2012-05-06T15:04:18+00:00","og_image":[{"url":"http:\/\/www.shkoder.net\/2012\/albanian_protest_in_skopje_macedonia_may12.jpg","type":"","width":"","height":""}],"author":"admin","twitter_card":"summary_large_image","twitter_misc":{"Written by":"admin","Est. reading time":"8 minutes"},"schema":{"@context":"https:\/\/schema.org","@graph":[{"@type":"Article","@id":"https:\/\/fjala.info\/2009-2015\/revolte-shqiptare-apo-protesta-arabe-kunder-aksionit-policor-monstrum-ne-shkup\/#article","isPartOf":{"@id":"https:\/\/fjala.info\/2009-2015\/revolte-shqiptare-apo-protesta-arabe-kunder-aksionit-policor-monstrum-ne-shkup\/"},"author":{"name":"admin","@id":"https:\/\/fjala.info\/2009-2015\/#\/schema\/person\/3aa1163ef05469c496fc94e77611ada2"},"headline":"Revolt\u00eb shqiptare apo \u201cprotesta arabe\u201d kund\u00ebr aksionit policor \u201cMonstrum\u201d n\u00eb Shkup","datePublished":"2012-05-06T15:04:18+00:00","mainEntityOfPage":{"@id":"https:\/\/fjala.info\/2009-2015\/revolte-shqiptare-apo-protesta-arabe-kunder-aksionit-policor-monstrum-ne-shkup\/"},"wordCount":1659,"commentCount":0,"publisher":{"@id":"https:\/\/fjala.info\/2009-2015\/#organization"},"image":{"@id":"https:\/\/fjala.info\/2009-2015\/revolte-shqiptare-apo-protesta-arabe-kunder-aksionit-policor-monstrum-ne-shkup\/#primaryimage"},"thumbnailUrl":"http:\/\/www.shkoder.net\/2012\/albanian_protest_in_skopje_macedonia_may12.jpg","articleSection":["Artikuj"],"inLanguage":"sq-AL","potentialAction":[{"@type":"CommentAction","name":"Comment","target":["https:\/\/fjala.info\/2009-2015\/revolte-shqiptare-apo-protesta-arabe-kunder-aksionit-policor-monstrum-ne-shkup\/#respond"]}]},{"@type":"WebPage","@id":"https:\/\/fjala.info\/2009-2015\/revolte-shqiptare-apo-protesta-arabe-kunder-aksionit-policor-monstrum-ne-shkup\/","url":"https:\/\/fjala.info\/2009-2015\/revolte-shqiptare-apo-protesta-arabe-kunder-aksionit-policor-monstrum-ne-shkup\/","name":"Revolt\u00eb shqiptare apo \u201cprotesta arabe\u201d kund\u00ebr aksionit policor \u201cMonstrum\u201d n\u00eb Shkup - FjALA e LIR\u00cb - Arkivi","isPartOf":{"@id":"https:\/\/fjala.info\/2009-2015\/#website"},"primaryImageOfPage":{"@id":"https:\/\/fjala.info\/2009-2015\/revolte-shqiptare-apo-protesta-arabe-kunder-aksionit-policor-monstrum-ne-shkup\/#primaryimage"},"image":{"@id":"https:\/\/fjala.info\/2009-2015\/revolte-shqiptare-apo-protesta-arabe-kunder-aksionit-policor-monstrum-ne-shkup\/#primaryimage"},"thumbnailUrl":"http:\/\/www.shkoder.net\/2012\/albanian_protest_in_skopje_macedonia_may12.jpg","datePublished":"2012-05-06T15:04:18+00:00","breadcrumb":{"@id":"https:\/\/fjala.info\/2009-2015\/revolte-shqiptare-apo-protesta-arabe-kunder-aksionit-policor-monstrum-ne-shkup\/#breadcrumb"},"inLanguage":"sq-AL","potentialAction":[{"@type":"ReadAction","target":["https:\/\/fjala.info\/2009-2015\/revolte-shqiptare-apo-protesta-arabe-kunder-aksionit-policor-monstrum-ne-shkup\/"]}]},{"@type":"ImageObject","inLanguage":"sq-AL","@id":"https:\/\/fjala.info\/2009-2015\/revolte-shqiptare-apo-protesta-arabe-kunder-aksionit-policor-monstrum-ne-shkup\/#primaryimage","url":"http:\/\/www.shkoder.net\/2012\/albanian_protest_in_skopje_macedonia_may12.jpg","contentUrl":"http:\/\/www.shkoder.net\/2012\/albanian_protest_in_skopje_macedonia_may12.jpg"},{"@type":"BreadcrumbList","@id":"https:\/\/fjala.info\/2009-2015\/revolte-shqiptare-apo-protesta-arabe-kunder-aksionit-policor-monstrum-ne-shkup\/#breadcrumb","itemListElement":[{"@type":"ListItem","position":1,"name":"Home","item":"https:\/\/fjala.info\/2009-2015\/"},{"@type":"ListItem","position":2,"name":"Revolt\u00eb shqiptare apo \u201cprotesta arabe\u201d kund\u00ebr aksionit policor \u201cMonstrum\u201d n\u00eb Shkup"}]},{"@type":"WebSite","@id":"https:\/\/fjala.info\/2009-2015\/#website","url":"https:\/\/fjala.info\/2009-2015\/","name":"FjALA e LIR\u00cb - Arkivi","description":"Arkivi 2009-2015","publisher":{"@id":"https:\/\/fjala.info\/2009-2015\/#organization"},"potentialAction":[{"@type":"SearchAction","target":{"@type":"EntryPoint","urlTemplate":"https:\/\/fjala.info\/2009-2015\/?s={search_term_string}"},"query-input":{"@type":"PropertyValueSpecification","valueRequired":true,"valueName":"search_term_string"}}],"inLanguage":"sq-AL"},{"@type":"Organization","@id":"https:\/\/fjala.info\/2009-2015\/#organization","name":"FjALA e LIR\u00cb - Arkivi","url":"https:\/\/fjala.info\/2009-2015\/","logo":{"@type":"ImageObject","inLanguage":"sq-AL","@id":"https:\/\/fjala.info\/2009-2015\/#\/schema\/logo\/image\/","url":"","contentUrl":"","caption":"FjALA e LIR\u00cb - Arkivi"},"image":{"@id":"https:\/\/fjala.info\/2009-2015\/#\/schema\/logo\/image\/"}},{"@type":"Person","@id":"https:\/\/fjala.info\/2009-2015\/#\/schema\/person\/3aa1163ef05469c496fc94e77611ada2","name":"admin","image":{"@type":"ImageObject","inLanguage":"sq-AL","@id":"https:\/\/fjala.info\/2009-2015\/wp-content\/uploads\/2012\/02\/arben_cokaj-120x150.jpg","url":"https:\/\/fjala.info\/2009-2015\/wp-content\/uploads\/2012\/02\/arben_cokaj-120x150.jpg","contentUrl":"https:\/\/fjala.info\/2009-2015\/wp-content\/uploads\/2012\/02\/arben_cokaj-120x150.jpg","caption":"admin"},"description":"Admin, Fjala e Lir\u00eb","sameAs":["https:\/\/fjala.info\/"],"url":"https:\/\/fjala.info\/2009-2015\/author\/admin\/"}]}},"_links":{"self":[{"href":"https:\/\/fjala.info\/2009-2015\/wp-json\/wp\/v2\/posts\/11810","targetHints":{"allow":["GET"]}}],"collection":[{"href":"https:\/\/fjala.info\/2009-2015\/wp-json\/wp\/v2\/posts"}],"about":[{"href":"https:\/\/fjala.info\/2009-2015\/wp-json\/wp\/v2\/types\/post"}],"author":[{"embeddable":true,"href":"https:\/\/fjala.info\/2009-2015\/wp-json\/wp\/v2\/users\/1"}],"replies":[{"embeddable":true,"href":"https:\/\/fjala.info\/2009-2015\/wp-json\/wp\/v2\/comments?post=11810"}],"version-history":[{"count":0,"href":"https:\/\/fjala.info\/2009-2015\/wp-json\/wp\/v2\/posts\/11810\/revisions"}],"wp:attachment":[{"href":"https:\/\/fjala.info\/2009-2015\/wp-json\/wp\/v2\/media?parent=11810"}],"wp:term":[{"taxonomy":"category","embeddable":true,"href":"https:\/\/fjala.info\/2009-2015\/wp-json\/wp\/v2\/categories?post=11810"},{"taxonomy":"post_tag","embeddable":true,"href":"https:\/\/fjala.info\/2009-2015\/wp-json\/wp\/v2\/tags?post=11810"}],"curies":[{"name":"wp","href":"https:\/\/api.w.org\/{rel}","templated":true}]}}