{"id":11808,"date":"2012-05-01T21:58:04","date_gmt":"2012-05-01T20:58:04","guid":{"rendered":"http:\/\/fjala.shkoder.net\/?p=2702"},"modified":"2012-05-01T21:58:04","modified_gmt":"2012-05-01T20:58:04","slug":"fytyre-e-mbjelle-mbi-alpe","status":"publish","type":"post","link":"https:\/\/fjala.info\/2009-2015\/fytyre-e-mbjelle-mbi-alpe\/","title":{"rendered":"FYTYR\u00cb E \u201cMBJELL\u00cb\u201d MBI ALPE\u2026"},"content":{"rendered":"<p><img decoding=\"async\" class=\"alignright size-thumbnail wp-image-7236\" title=\"Zef Mulaj dhe Murat Gecaj\" src=\"http:\/\/www.shkoder.net\/2012\/zef_mulaj_murat_gecaj.jpg\" alt=\"\" width=\"300\" \/>Nga: <strong>Prof. Murat Gecaj<\/strong>,<br \/>\n<em>publicist e studiues<\/em><\/p>\n<p><em>Nga e majta: Zefi e Murati<\/em><\/p>\n<p>Kur miku e kolegu dhe bashk\u00ebkrahinasi, Dr. Zef Mulaj m\u00eb tregoi p\u00ebrmes Internetit, se kishte p\u00ebrfunduar nj\u00eb v\u00ebllim me poezi, nuk u befasova. Kjo ndodhi pasi prej tij i kisha lexuar poezit\u00eb n\u00eb dy v\u00ebllime, t\u00eb botuara koh\u00eb m\u00eb pare. N\u00eb to do kisha shijuar frym\u00ebzimet e tij t\u00eb pjekura, reflekse dhe t\u00eb mosh\u00ebs s\u00eb vet. Por, kur m\u00ebsova se ai tani kishte shkruar n\u00eb nj\u00eb form\u00eb disi t\u00eb rrall\u00eb p\u00ebr gjinin\u00eb e poezis\u00eb, pra me vargje haiku, nd\u00ebrrova mendim.<\/p>\n<p>T\u00eb them t\u00eb v\u00ebrtet\u00ebn, pak vite m\u00eb par\u00eb un\u00eb nuk e kam njohur k\u00ebt\u00eb lloj poezie. Por, duke komunikuar n\u00eb udh\u00eb t\u00eb ndryshme me miqt\u00eb e mi, poet\u00ebt tashm\u00eb t\u00eb afirmuar, Halil Haxhosaj n\u00eb Gjakov\u00eb dhe Gjon Ne\u00e7aj n\u00eb Mal\u00ebsin\u00eb e Gjakov\u00ebs (Tropoj\u00eb), e shijova bukurin\u00eb e k\u00ebtyre vargjeve dhe, sidoqoft\u00eb, u p\u00ebrshtata me ta.<\/p>\n<p>Ja, tani kam p\u00ebrpara nj\u00eb tuf\u00eb bukur t\u00eb madhe me poezi haiku, nga poeti Zef Mulaj. Nd\u00ebrsa i lexoja ato, sillja nd\u00ebrmend vendlindjen e tij, aty n\u00eb fshatin Mulaj t\u00eb krahin\u00ebs alpine Nikaj-M\u00ebrtur. Por me dilte para edhe vepra e tij studimore, e rrall\u00eb n\u00eb llojin e vet, p\u00ebr 880 bim\u00eb mjek\u00ebsore n\u00eb Alpet e Shqip\u00ebris\u00eb. Megjith\u00ebse jo n\u00eb profesionin e tij t\u00eb farmacistit, pata rastin q\u00eb ta redaktoja at\u00eb liber.<\/p>\n<p>K\u00ebshtu, u binda p\u00ebr aft\u00ebsit\u00eb e tij k\u00ebrkimore, studimore dhe p\u00ebrgjith\u00ebsuese n\u00eb k\u00ebt\u00eb fush\u00eb t\u00eb ve\u00e7ant\u00eb t\u00eb mjek\u00ebsis\u00eb. Pra, n\u00eb nj\u00eb far\u00eb m\u00ebnyre, e dija paraprakisht se periudha, kur ai i kishte qarkuar bjeshk\u00ebt dhe kishte thithur arom\u00ebn e k\u00ebndshme t\u00eb bim\u00ebsis\u00eb s\u00eb l\u00ebndinave, shpateve e maj\u00ebmaleve alpine, do t\u00eb kishte ndikuar duksh\u00ebm n\u00eb krijimet e tij t\u00eb reja, n\u00eb poezit\u00eb haiku.<\/p>\n<p>N\u00eb kat\u00ebr vargje t\u00eb frym\u00ebzuara, me nj\u00eb rim\u00eb paksa t\u00eb \u00e7rregullt, autori ka ditur t\u00eb rrok\u00eb dhe trajtoj\u00eb bukur shum\u00eb ngjarje, dukuri e veprimtari jet\u00ebsore. N\u00eb mendjen e tij jan\u00eb skalitur, si me dalt\u00ebn e mjeshtrit t\u00eb gdhendjes s\u00eb gurit: vatra st\u00ebrgjyshore, ku lindi e p\u00ebrjetoi f\u00ebmij\u00ebrin\u00eb; kulla me mbuloj\u00ebn, ku lirsh\u00ebm rr\u00ebshqet bora n\u00eb dim\u00ebr; prind\u00ebrit e moshuar; bleg\u00ebrima e kecave, q\u00eb zgjedhin gjethin e malit; zogjt\u00eb shtegtar\u00eb dhe shqipet n\u00eb fluturim\u2026Pra, kudo l\u00ebvrin natyrsh\u00ebm mendimi e frym\u00ebzimi poetik n\u00eb vargje, ngarkuar me polen lulesh, gurgullima krojesh, f\u00ebshf\u00ebrima \u00e7etinash, k\u00ebng\u00eb bareshash n\u00eb shpate malesh dhe lugina lulebukura.<\/p>\n<p>I ndodhur prej vitesh n\u00eb emigracion, n\u00eb rreshtat e tij t\u00eb haikut, ai ka derdhur mallin e pashuar p\u00ebr Atdheun. Por ka marr\u00eb pjes\u00eb edhe n\u00eb dhimbjen e shkaktuar, t\u00eb n\u00ebnave e motrave, p\u00ebr largimet e \u201cbim\u00ebve t\u00eb zemr\u00ebs\u201d nga trualli amtar dhe shp\u00ebrndarjen n\u00ebp\u00ebr dyert e bot\u00ebs, larg vendbanimeve t\u00eb Shqip\u00ebris\u00eb. Me vargje t\u00eb ndjeshme, duke ecur \u201cudh\u00ebve t\u00eb Mal\u00ebsis\u00eb sime\u201d, me sinqeritet dhe figuracion t\u00eb bukur poetik, \u201cudh\u00ebtari i bjeshk\u00ebve\u201d shprehet se \u201cfytyr\u00ebn e kam mbjell\u00eb n\u00eb Alpe\u201d.<\/p>\n<p>N\u00eb vargjet e fundit t\u00eb k\u00ebtij v\u00ebllimi t\u00eb ri, autori Dr. Zef Mulaj largohet paksa nga nostalgjit\u00eb e fillimit, nga shprehja e dhimbjeve p\u00ebr dukurit\u00eb e koh\u00ebs dhe flet p\u00ebr dashuri e martesa, p\u00ebr trash\u00ebgimin\u00eb e brezave n\u00eb trojet shqiptare. Ato jan\u00eb t\u00eb mbushura me frym\u00eb optimiste p\u00ebr jet\u00ebn, p\u00ebr traditat tona, p\u00ebr bukurit\u00eb e natyr\u00ebs shqiptare dhe p\u00ebr vendlindjen, e cila p\u00ebrher\u00eb do t\u00eb mbetet n\u00eb mendjen e zemr\u00ebn e \u00e7do m\u00ebrgimtari, pra edhe k\u00ebtij poeti, q\u00eb tani na dhuron k\u00ebt\u00eb v\u00ebllim t\u00eb ri me poezi haiku. Nd\u00ebrsa mua m\u00eb mbet\u00ebn n\u00eb kujtes\u00eb vargjet:<\/p>\n<blockquote><p><em>Nisja kurr\u00eb nuk dihet,<br \/>\nas fundi i udh\u00ebtimit.<br \/>\n\u00ebnd\u00ebrrime t\u00eb reja shoh&#8230;<\/em><\/p><\/blockquote>\n<p>Me k\u00ebt\u00eb rast, i urojm\u00eb k\u00ebtij poeti, q\u00eb tani na dhuron bujarisht \u201clulet e shpirtit\u201d t\u00eb tij, shum\u00eb g\u00ebzime e lumturi n\u00eb familje, frym\u00ebzime dhe energji t\u00eb pashterrshme p\u00ebr krijime e studime t\u00eb frytshme!<\/p>\n<p><em>Tiran\u00eb, mars 2012 <\/em><\/p>\n","protected":false},"excerpt":{"rendered":"<p>Nga: Prof. Murat Gecaj, publicist e studiues Nga e majta: Zefi e Murati Kur miku e kolegu dhe bashk\u00ebkrahinasi, Dr. Zef Mulaj m\u00eb tregoi p\u00ebrmes Internetit, se kishte p\u00ebrfunduar nj\u00eb v\u00ebllim me poezi, nuk u befasova. Kjo ndodhi pasi prej tij i kisha lexuar poezit\u00eb n\u00eb dy v\u00ebllime, t\u00eb botuara koh\u00eb m\u00eb pare. N\u00eb to [&hellip;]<\/p>\n","protected":false},"author":1,"featured_media":0,"comment_status":"open","ping_status":"closed","sticky":false,"template":"","format":"standard","meta":{"footnotes":""},"categories":[2],"tags":[],"class_list":{"0":"post-11808","1":"post","2":"type-post","3":"status-publish","4":"format-standard","6":"category-artikuj"},"yoast_head":"<!-- This site is optimized with the Yoast SEO plugin v27.4 - https:\/\/yoast.com\/product\/yoast-seo-wordpress\/ -->\n<title>FYTYR\u00cb E \u201cMBJELL\u00cb\u201d MBI ALPE\u2026 - FjALA e LIR\u00cb - Arkivi<\/title>\n<meta name=\"robots\" content=\"index, follow, max-snippet:-1, max-image-preview:large, max-video-preview:-1\" \/>\n<link rel=\"canonical\" href=\"https:\/\/fjala.info\/2009-2015\/fytyre-e-mbjelle-mbi-alpe\/\" \/>\n<meta property=\"og:locale\" content=\"sq_AL\" \/>\n<meta property=\"og:type\" content=\"article\" \/>\n<meta property=\"og:title\" content=\"FYTYR\u00cb E \u201cMBJELL\u00cb\u201d MBI ALPE\u2026 - FjALA e LIR\u00cb - Arkivi\" \/>\n<meta property=\"og:description\" content=\"Nga: Prof. Murat Gecaj, publicist e studiues Nga e majta: Zefi e Murati Kur miku e kolegu dhe bashk\u00ebkrahinasi, Dr. Zef Mulaj m\u00eb tregoi p\u00ebrmes Internetit, se kishte p\u00ebrfunduar nj\u00eb v\u00ebllim me poezi, nuk u befasova. Kjo ndodhi pasi prej tij i kisha lexuar poezit\u00eb n\u00eb dy v\u00ebllime, t\u00eb botuara koh\u00eb m\u00eb pare. N\u00eb to [&hellip;]\" \/>\n<meta property=\"og:url\" content=\"https:\/\/fjala.info\/2009-2015\/fytyre-e-mbjelle-mbi-alpe\/\" \/>\n<meta property=\"og:site_name\" content=\"FjALA e LIR\u00cb - Arkivi\" \/>\n<meta property=\"article:published_time\" content=\"2012-05-01T20:58:04+00:00\" \/>\n<meta property=\"og:image\" content=\"http:\/\/www.shkoder.net\/2012\/zef_mulaj_murat_gecaj.jpg\" \/>\n<meta name=\"author\" content=\"admin\" \/>\n<meta name=\"twitter:card\" content=\"summary_large_image\" \/>\n<meta name=\"twitter:label1\" content=\"Written by\" \/>\n\t<meta name=\"twitter:data1\" content=\"admin\" \/>\n\t<meta name=\"twitter:label2\" content=\"Est. reading time\" \/>\n\t<meta name=\"twitter:data2\" content=\"4 minutes\" \/>\n<script type=\"application\/ld+json\" class=\"yoast-schema-graph\">{\"@context\":\"https:\\\/\\\/schema.org\",\"@graph\":[{\"@type\":\"Article\",\"@id\":\"https:\\\/\\\/fjala.info\\\/2009-2015\\\/fytyre-e-mbjelle-mbi-alpe\\\/#article\",\"isPartOf\":{\"@id\":\"https:\\\/\\\/fjala.info\\\/2009-2015\\\/fytyre-e-mbjelle-mbi-alpe\\\/\"},\"author\":{\"name\":\"admin\",\"@id\":\"https:\\\/\\\/fjala.info\\\/2009-2015\\\/#\\\/schema\\\/person\\\/3aa1163ef05469c496fc94e77611ada2\"},\"headline\":\"FYTYR\u00cb E \u201cMBJELL\u00cb\u201d MBI ALPE\u2026\",\"datePublished\":\"2012-05-01T20:58:04+00:00\",\"mainEntityOfPage\":{\"@id\":\"https:\\\/\\\/fjala.info\\\/2009-2015\\\/fytyre-e-mbjelle-mbi-alpe\\\/\"},\"wordCount\":715,\"commentCount\":0,\"publisher\":{\"@id\":\"https:\\\/\\\/fjala.info\\\/2009-2015\\\/#organization\"},\"image\":{\"@id\":\"https:\\\/\\\/fjala.info\\\/2009-2015\\\/fytyre-e-mbjelle-mbi-alpe\\\/#primaryimage\"},\"thumbnailUrl\":\"http:\\\/\\\/www.shkoder.net\\\/2012\\\/zef_mulaj_murat_gecaj.jpg\",\"articleSection\":[\"Artikuj\"],\"inLanguage\":\"sq-AL\",\"potentialAction\":[{\"@type\":\"CommentAction\",\"name\":\"Comment\",\"target\":[\"https:\\\/\\\/fjala.info\\\/2009-2015\\\/fytyre-e-mbjelle-mbi-alpe\\\/#respond\"]}]},{\"@type\":\"WebPage\",\"@id\":\"https:\\\/\\\/fjala.info\\\/2009-2015\\\/fytyre-e-mbjelle-mbi-alpe\\\/\",\"url\":\"https:\\\/\\\/fjala.info\\\/2009-2015\\\/fytyre-e-mbjelle-mbi-alpe\\\/\",\"name\":\"FYTYR\u00cb E \u201cMBJELL\u00cb\u201d MBI ALPE\u2026 - FjALA e LIR\u00cb - Arkivi\",\"isPartOf\":{\"@id\":\"https:\\\/\\\/fjala.info\\\/2009-2015\\\/#website\"},\"primaryImageOfPage\":{\"@id\":\"https:\\\/\\\/fjala.info\\\/2009-2015\\\/fytyre-e-mbjelle-mbi-alpe\\\/#primaryimage\"},\"image\":{\"@id\":\"https:\\\/\\\/fjala.info\\\/2009-2015\\\/fytyre-e-mbjelle-mbi-alpe\\\/#primaryimage\"},\"thumbnailUrl\":\"http:\\\/\\\/www.shkoder.net\\\/2012\\\/zef_mulaj_murat_gecaj.jpg\",\"datePublished\":\"2012-05-01T20:58:04+00:00\",\"breadcrumb\":{\"@id\":\"https:\\\/\\\/fjala.info\\\/2009-2015\\\/fytyre-e-mbjelle-mbi-alpe\\\/#breadcrumb\"},\"inLanguage\":\"sq-AL\",\"potentialAction\":[{\"@type\":\"ReadAction\",\"target\":[\"https:\\\/\\\/fjala.info\\\/2009-2015\\\/fytyre-e-mbjelle-mbi-alpe\\\/\"]}]},{\"@type\":\"ImageObject\",\"inLanguage\":\"sq-AL\",\"@id\":\"https:\\\/\\\/fjala.info\\\/2009-2015\\\/fytyre-e-mbjelle-mbi-alpe\\\/#primaryimage\",\"url\":\"http:\\\/\\\/www.shkoder.net\\\/2012\\\/zef_mulaj_murat_gecaj.jpg\",\"contentUrl\":\"http:\\\/\\\/www.shkoder.net\\\/2012\\\/zef_mulaj_murat_gecaj.jpg\"},{\"@type\":\"BreadcrumbList\",\"@id\":\"https:\\\/\\\/fjala.info\\\/2009-2015\\\/fytyre-e-mbjelle-mbi-alpe\\\/#breadcrumb\",\"itemListElement\":[{\"@type\":\"ListItem\",\"position\":1,\"name\":\"Home\",\"item\":\"https:\\\/\\\/fjala.info\\\/2009-2015\\\/\"},{\"@type\":\"ListItem\",\"position\":2,\"name\":\"FYTYR\u00cb E \u201cMBJELL\u00cb\u201d MBI ALPE\u2026\"}]},{\"@type\":\"WebSite\",\"@id\":\"https:\\\/\\\/fjala.info\\\/2009-2015\\\/#website\",\"url\":\"https:\\\/\\\/fjala.info\\\/2009-2015\\\/\",\"name\":\"FjALA e LIR\u00cb - Arkivi\",\"description\":\"Arkivi 2009-2015\",\"publisher\":{\"@id\":\"https:\\\/\\\/fjala.info\\\/2009-2015\\\/#organization\"},\"potentialAction\":[{\"@type\":\"SearchAction\",\"target\":{\"@type\":\"EntryPoint\",\"urlTemplate\":\"https:\\\/\\\/fjala.info\\\/2009-2015\\\/?s={search_term_string}\"},\"query-input\":{\"@type\":\"PropertyValueSpecification\",\"valueRequired\":true,\"valueName\":\"search_term_string\"}}],\"inLanguage\":\"sq-AL\"},{\"@type\":\"Organization\",\"@id\":\"https:\\\/\\\/fjala.info\\\/2009-2015\\\/#organization\",\"name\":\"FjALA e LIR\u00cb - Arkivi\",\"url\":\"https:\\\/\\\/fjala.info\\\/2009-2015\\\/\",\"logo\":{\"@type\":\"ImageObject\",\"inLanguage\":\"sq-AL\",\"@id\":\"https:\\\/\\\/fjala.info\\\/2009-2015\\\/#\\\/schema\\\/logo\\\/image\\\/\",\"url\":\"\",\"contentUrl\":\"\",\"caption\":\"FjALA e LIR\u00cb - Arkivi\"},\"image\":{\"@id\":\"https:\\\/\\\/fjala.info\\\/2009-2015\\\/#\\\/schema\\\/logo\\\/image\\\/\"}},{\"@type\":\"Person\",\"@id\":\"https:\\\/\\\/fjala.info\\\/2009-2015\\\/#\\\/schema\\\/person\\\/3aa1163ef05469c496fc94e77611ada2\",\"name\":\"admin\",\"image\":{\"@type\":\"ImageObject\",\"inLanguage\":\"sq-AL\",\"@id\":\"https:\\\/\\\/fjala.info\\\/2009-2015\\\/wp-content\\\/uploads\\\/2012\\\/02\\\/arben_cokaj-120x150.jpg\",\"url\":\"https:\\\/\\\/fjala.info\\\/2009-2015\\\/wp-content\\\/uploads\\\/2012\\\/02\\\/arben_cokaj-120x150.jpg\",\"contentUrl\":\"https:\\\/\\\/fjala.info\\\/2009-2015\\\/wp-content\\\/uploads\\\/2012\\\/02\\\/arben_cokaj-120x150.jpg\",\"caption\":\"admin\"},\"description\":\"Admin, Fjala e Lir\u00eb\",\"sameAs\":[\"https:\\\/\\\/fjala.info\\\/\"],\"url\":\"https:\\\/\\\/fjala.info\\\/2009-2015\\\/author\\\/admin\\\/\"}]}<\/script>\n<!-- \/ Yoast SEO plugin. -->","yoast_head_json":{"title":"FYTYR\u00cb E \u201cMBJELL\u00cb\u201d MBI ALPE\u2026 - FjALA e LIR\u00cb - Arkivi","robots":{"index":"index","follow":"follow","max-snippet":"max-snippet:-1","max-image-preview":"max-image-preview:large","max-video-preview":"max-video-preview:-1"},"canonical":"https:\/\/fjala.info\/2009-2015\/fytyre-e-mbjelle-mbi-alpe\/","og_locale":"sq_AL","og_type":"article","og_title":"FYTYR\u00cb E \u201cMBJELL\u00cb\u201d MBI ALPE\u2026 - FjALA e LIR\u00cb - Arkivi","og_description":"Nga: Prof. Murat Gecaj, publicist e studiues Nga e majta: Zefi e Murati Kur miku e kolegu dhe bashk\u00ebkrahinasi, Dr. Zef Mulaj m\u00eb tregoi p\u00ebrmes Internetit, se kishte p\u00ebrfunduar nj\u00eb v\u00ebllim me poezi, nuk u befasova. Kjo ndodhi pasi prej tij i kisha lexuar poezit\u00eb n\u00eb dy v\u00ebllime, t\u00eb botuara koh\u00eb m\u00eb pare. N\u00eb to [&hellip;]","og_url":"https:\/\/fjala.info\/2009-2015\/fytyre-e-mbjelle-mbi-alpe\/","og_site_name":"FjALA e LIR\u00cb - Arkivi","article_published_time":"2012-05-01T20:58:04+00:00","og_image":[{"url":"http:\/\/www.shkoder.net\/2012\/zef_mulaj_murat_gecaj.jpg","type":"","width":"","height":""}],"author":"admin","twitter_card":"summary_large_image","twitter_misc":{"Written by":"admin","Est. reading time":"4 minutes"},"schema":{"@context":"https:\/\/schema.org","@graph":[{"@type":"Article","@id":"https:\/\/fjala.info\/2009-2015\/fytyre-e-mbjelle-mbi-alpe\/#article","isPartOf":{"@id":"https:\/\/fjala.info\/2009-2015\/fytyre-e-mbjelle-mbi-alpe\/"},"author":{"name":"admin","@id":"https:\/\/fjala.info\/2009-2015\/#\/schema\/person\/3aa1163ef05469c496fc94e77611ada2"},"headline":"FYTYR\u00cb E \u201cMBJELL\u00cb\u201d MBI ALPE\u2026","datePublished":"2012-05-01T20:58:04+00:00","mainEntityOfPage":{"@id":"https:\/\/fjala.info\/2009-2015\/fytyre-e-mbjelle-mbi-alpe\/"},"wordCount":715,"commentCount":0,"publisher":{"@id":"https:\/\/fjala.info\/2009-2015\/#organization"},"image":{"@id":"https:\/\/fjala.info\/2009-2015\/fytyre-e-mbjelle-mbi-alpe\/#primaryimage"},"thumbnailUrl":"http:\/\/www.shkoder.net\/2012\/zef_mulaj_murat_gecaj.jpg","articleSection":["Artikuj"],"inLanguage":"sq-AL","potentialAction":[{"@type":"CommentAction","name":"Comment","target":["https:\/\/fjala.info\/2009-2015\/fytyre-e-mbjelle-mbi-alpe\/#respond"]}]},{"@type":"WebPage","@id":"https:\/\/fjala.info\/2009-2015\/fytyre-e-mbjelle-mbi-alpe\/","url":"https:\/\/fjala.info\/2009-2015\/fytyre-e-mbjelle-mbi-alpe\/","name":"FYTYR\u00cb E \u201cMBJELL\u00cb\u201d MBI ALPE\u2026 - FjALA e LIR\u00cb - Arkivi","isPartOf":{"@id":"https:\/\/fjala.info\/2009-2015\/#website"},"primaryImageOfPage":{"@id":"https:\/\/fjala.info\/2009-2015\/fytyre-e-mbjelle-mbi-alpe\/#primaryimage"},"image":{"@id":"https:\/\/fjala.info\/2009-2015\/fytyre-e-mbjelle-mbi-alpe\/#primaryimage"},"thumbnailUrl":"http:\/\/www.shkoder.net\/2012\/zef_mulaj_murat_gecaj.jpg","datePublished":"2012-05-01T20:58:04+00:00","breadcrumb":{"@id":"https:\/\/fjala.info\/2009-2015\/fytyre-e-mbjelle-mbi-alpe\/#breadcrumb"},"inLanguage":"sq-AL","potentialAction":[{"@type":"ReadAction","target":["https:\/\/fjala.info\/2009-2015\/fytyre-e-mbjelle-mbi-alpe\/"]}]},{"@type":"ImageObject","inLanguage":"sq-AL","@id":"https:\/\/fjala.info\/2009-2015\/fytyre-e-mbjelle-mbi-alpe\/#primaryimage","url":"http:\/\/www.shkoder.net\/2012\/zef_mulaj_murat_gecaj.jpg","contentUrl":"http:\/\/www.shkoder.net\/2012\/zef_mulaj_murat_gecaj.jpg"},{"@type":"BreadcrumbList","@id":"https:\/\/fjala.info\/2009-2015\/fytyre-e-mbjelle-mbi-alpe\/#breadcrumb","itemListElement":[{"@type":"ListItem","position":1,"name":"Home","item":"https:\/\/fjala.info\/2009-2015\/"},{"@type":"ListItem","position":2,"name":"FYTYR\u00cb E \u201cMBJELL\u00cb\u201d MBI ALPE\u2026"}]},{"@type":"WebSite","@id":"https:\/\/fjala.info\/2009-2015\/#website","url":"https:\/\/fjala.info\/2009-2015\/","name":"FjALA e LIR\u00cb - Arkivi","description":"Arkivi 2009-2015","publisher":{"@id":"https:\/\/fjala.info\/2009-2015\/#organization"},"potentialAction":[{"@type":"SearchAction","target":{"@type":"EntryPoint","urlTemplate":"https:\/\/fjala.info\/2009-2015\/?s={search_term_string}"},"query-input":{"@type":"PropertyValueSpecification","valueRequired":true,"valueName":"search_term_string"}}],"inLanguage":"sq-AL"},{"@type":"Organization","@id":"https:\/\/fjala.info\/2009-2015\/#organization","name":"FjALA e LIR\u00cb - Arkivi","url":"https:\/\/fjala.info\/2009-2015\/","logo":{"@type":"ImageObject","inLanguage":"sq-AL","@id":"https:\/\/fjala.info\/2009-2015\/#\/schema\/logo\/image\/","url":"","contentUrl":"","caption":"FjALA e LIR\u00cb - Arkivi"},"image":{"@id":"https:\/\/fjala.info\/2009-2015\/#\/schema\/logo\/image\/"}},{"@type":"Person","@id":"https:\/\/fjala.info\/2009-2015\/#\/schema\/person\/3aa1163ef05469c496fc94e77611ada2","name":"admin","image":{"@type":"ImageObject","inLanguage":"sq-AL","@id":"https:\/\/fjala.info\/2009-2015\/wp-content\/uploads\/2012\/02\/arben_cokaj-120x150.jpg","url":"https:\/\/fjala.info\/2009-2015\/wp-content\/uploads\/2012\/02\/arben_cokaj-120x150.jpg","contentUrl":"https:\/\/fjala.info\/2009-2015\/wp-content\/uploads\/2012\/02\/arben_cokaj-120x150.jpg","caption":"admin"},"description":"Admin, Fjala e Lir\u00eb","sameAs":["https:\/\/fjala.info\/"],"url":"https:\/\/fjala.info\/2009-2015\/author\/admin\/"}]}},"_links":{"self":[{"href":"https:\/\/fjala.info\/2009-2015\/wp-json\/wp\/v2\/posts\/11808","targetHints":{"allow":["GET"]}}],"collection":[{"href":"https:\/\/fjala.info\/2009-2015\/wp-json\/wp\/v2\/posts"}],"about":[{"href":"https:\/\/fjala.info\/2009-2015\/wp-json\/wp\/v2\/types\/post"}],"author":[{"embeddable":true,"href":"https:\/\/fjala.info\/2009-2015\/wp-json\/wp\/v2\/users\/1"}],"replies":[{"embeddable":true,"href":"https:\/\/fjala.info\/2009-2015\/wp-json\/wp\/v2\/comments?post=11808"}],"version-history":[{"count":0,"href":"https:\/\/fjala.info\/2009-2015\/wp-json\/wp\/v2\/posts\/11808\/revisions"}],"wp:attachment":[{"href":"https:\/\/fjala.info\/2009-2015\/wp-json\/wp\/v2\/media?parent=11808"}],"wp:term":[{"taxonomy":"category","embeddable":true,"href":"https:\/\/fjala.info\/2009-2015\/wp-json\/wp\/v2\/categories?post=11808"},{"taxonomy":"post_tag","embeddable":true,"href":"https:\/\/fjala.info\/2009-2015\/wp-json\/wp\/v2\/tags?post=11808"}],"curies":[{"name":"wp","href":"https:\/\/api.w.org\/{rel}","templated":true}]}}