{"id":11807,"date":"2012-05-01T12:27:18","date_gmt":"2012-05-01T11:27:18","guid":{"rendered":"http:\/\/fjala.shkoder.net\/?p=2700"},"modified":"2012-05-01T12:27:18","modified_gmt":"2012-05-01T11:27:18","slug":"policia-pergjon-te-pafajshmit-kriminelet-livadhisin","status":"publish","type":"post","link":"https:\/\/fjala.info\/2009-2015\/policia-pergjon-te-pafajshmit-kriminelet-livadhisin\/","title":{"rendered":"Policia p\u00ebrgjon t\u00eb pafajshmit, kriminel\u00ebt livadhisin"},"content":{"rendered":"<p><img decoding=\"async\" class=\"alignright size-thumbnail wp-image-7236\" title=\"Avenir Peka, Bujar Nishani dhe Hysni Burgaj\" src=\"http:\/\/www.shkoder.net\/2012\/analize_policia_shtetit.jpg\" alt=\"\" width=\"300\" \/> <em>Avenir Peka, Bujar Nishani dhe Hysni Burgaj<\/em><\/p>\n<p><strong>Lindita \u00c7ela<\/strong><\/p>\n<p>P\u00ebr kryeprokuroren Ina Rama ristrukturimi i Drejtoris\u00eb s\u00eb P\u00ebrgjithshme t\u00eb Policis\u00eb s\u00eb Shtetit \u00ebsht\u00eb nj\u00eb domosdoshm\u00ebri p\u00ebr t\u00eb luftuar krimin e organizuar dhe trafikun e l\u00ebnd\u00ebve narkotike, q\u00eb po kap p\u00ebrmasa t\u00eb frikshme. S\u00eb paku, ky \u00ebsht\u00eb sugjerimi q\u00eb kryeprokurorja ka b\u00ebr\u00eb n\u00eb let\u00ebrk\u00ebmbimin m\u00eb t\u00eb fundit q\u00eb ka pasur me kreun e Policis\u00eb s\u00eb Shtetit, Hysni Burgajn.<\/p>\n<p>N\u00eb raportin e saj, Ina Rama ka parashtruar arsyet e rezultateve zhg\u00ebnjyese q\u00eb organet e hetimit kan\u00eb pasur koh\u00ebt e fundit ndaj krimit t\u00eb organizuar dhe zbardhjeve t\u00eb ngjarjeve q\u00eb kan\u00eb tronditur opinionin publike. N\u00eb shkres\u00ebn e saj m\u00eb t\u00eb fundit, 15 mars t\u00eb vitit 2012, Kryeprokurorja ngre shqet\u00ebsimet e d\u00ebshtimit t\u00eb operacioneve, rezultateve t\u00eb dob\u00ebta t\u00eb zbardhjeve t\u00eb krimeve, trafikimin e l\u00ebnd\u00ebve narkotike, nd\u00ebrkoh\u00eb q\u00eb k\u00ebrkon nd\u00ebrhyrjen p\u00ebr ristrukturimin e Policis\u00eb e Shtetit.<\/p>\n<p><strong>Shqip\u00ebria vend tranzit i drog\u00ebs<\/strong><\/p>\n<p>Dy vitet e fundit duket se ka pasur nj\u00eb korrespondenc\u00eb t\u00eb ngjeshur mes kryeprokurores Ina Rama dhe Drejtorit t\u00eb P\u00ebrgjithsh\u00ebm t\u00eb Policis\u00eb s\u00eb shtetit. N\u00eb t\u00eb gjitha k\u00ebto dokumente, kryeprokurorja ngre shqet\u00ebsimin e mos goditjes s\u00eb krimit t\u00eb organizuar si dhe t\u00eb trafikimit t\u00eb sasive t\u00eb konsiderueshme t\u00eb l\u00ebnd\u00ebve narkotike. N\u00eb shkres\u00ebn e nj\u00eb muaj m\u00eb par\u00eb, Prokurorja e P\u00ebrgjithshme k\u00ebrkon nd\u00ebrhyrjen e menj\u00ebhershme p\u00ebr t\u00eb ristrukturuar Policin\u00eb e Shtetit, efektivat dhe drejtuesit e s\u00eb cil\u00ebs i vler\u00ebson larg pritshm\u00ebris\u00eb dhe objektivave t\u00eb vendosura p\u00ebr luft\u00ebn kund\u00ebr krimit t\u00eb organizuar.<\/p>\n<p>N\u00eb nj\u00eb raport t\u00eb ndar\u00eb n\u00eb 4 \u00e7\u00ebshtje, kryeprokurorja analizon veprimtarin\u00eb e kriminalitetit n\u00eb vend gjat\u00eb vitit 2011. Sipas saj, numri i veprave penale t\u00eb referuara mbi baz\u00ebn e hetimeve proaktive ka qen\u00eb mjaft i ul\u00ebt, p\u00ebr t\u00eb mos folur m\u00eb pas p\u00ebr cil\u00ebsin\u00eb e k\u00ebtyre referimeve. \u201c Gjat\u00eb 2011 n\u00eb Prokurorin\u00eb e Krimeve t\u00eb R\u00ebnda jan\u00eb referuar vet\u00ebm 17 \u00e7\u00ebshtje nga ana e Drejtoris\u00eb s\u00eb P\u00ebrgjithshme t\u00eb Policis\u00eb s\u00eb Shtetit q\u00eb kan\u00eb t\u00eb b\u00ebjn\u00eb me trafikimin e l\u00ebnd\u00ebve narkotike. Ky num\u00ebr nuk i p\u00ebrgjigjet situat\u00ebs n\u00eb vend t\u00eb k\u00ebtij lloji kriminalitetit. N\u00eb mjaft raste konstatohet se subjektet e referuara p\u00ebr hetim nuk kan\u00eb nj\u00eb aktivitet t\u00eb krimit t\u00eb organizuar\u201d &#8211; thuhet n\u00eb analiz\u00ebn e kryeprokurores Ina Rama.<\/p>\n<p>K\u00ebshtu, gjat\u00eb vitit 2011, n\u00eb funksion t\u00eb referimeve p\u00ebr hetime proaktive nga prokuroria jan\u00eb v\u00ebn\u00eb n\u00eb dispozicion 431 pajisje fundore p\u00ebrgjimi p\u00ebr zbardhjen e veprimtaris\u00eb kriminale, por rezultatet kan\u00eb qen\u00eb thuajse minimale. Jan\u00eb nisur vet\u00ebm 4 procedime penale dhe jan\u00eb sekuestruar 269 kg canabis dhe 0.5 kg heroine. \u201cK\u00ebto shifra vler\u00ebsohen si shum\u00eb t\u00eb ul\u00ebta n\u00eb raport me situat\u00ebn e trafikimit t\u00eb drog\u00ebs n\u00eb vend. N\u00ebse k\u00ebt\u00eb shif\u00ebr e vendosim n\u00eb raport me totalin e \u00e7\u00ebshtjeve t\u00eb regjistruara trafikim narkotik\u00ebsh p\u00ebr 2011 q\u00eb \u00ebsht\u00eb 55, apo t\u00eb hetuara p\u00ebr \u201ctrafikim t\u00eb l\u00ebnd\u00ebve narkotike q\u00eb \u00ebsht\u00eb 106, v\u00ebrejm\u00eb se jemi n\u00eb nivele shqet\u00ebsuese\u201d-thuhet n\u00eb raportin e dat\u00ebs 15 mars 2012. Kryeprokurorja pohon n\u00eb letr\u00ebn e saj se n\u00eb Shqip\u00ebri ekziston nj\u00eb aktivitet i dendur kriminal n\u00eb trafikimin dhe prodhimin e l\u00ebnd\u00ebve narkotike.<\/p>\n<p>E, p\u00ebr k\u00ebt\u00eb konkluzion ai i referohet raporteve homologe t\u00eb shteteve fqinj\u00eb, q\u00eb n\u00eb m\u00ebnyr\u00eb rast\u00ebsore sekuestrojn\u00eb sasi t\u00eb konsiderueshme droge ku Shqip\u00ebria shfryt\u00ebzohet si vend tranzit. \u201cNumri i kapjeve rast\u00ebsore n\u00eb kufi i sasive t\u00eb m\u00ebdha t\u00eb l\u00ebnd\u00ebs narkotike d\u00ebshmon p\u00ebr nj\u00eb aktivitet t\u00eb dendur kriminal n\u00eb k\u00ebt\u00eb drejtim nd\u00ebrkoh\u00eb q\u00eb dhe nga kontaktet me homolog\u00ebt n\u00eb vendet per\u00ebndimore v\u00ebrejm\u00eb se niveli i trafikimit t\u00eb l\u00ebnd\u00ebve narkotike nga Shqip\u00ebria ngelet i p\u00ebrmasave t\u00eb r\u00ebnd\u00ebsishme\u201d-thuhet m\u00eb tej n\u00eb raportin e kryeprokurores. E, p\u00ebr t\u00eb v\u00ebrtetuar t\u00eb dh\u00ebnat e saj, Ina Rama i referohet rasteve t\u00eb sekuestrimit t\u00eb nj\u00eb sasie t\u00eb konsiderueshme kokaine nga autoritetet belge e destinuar p\u00ebr Shqip\u00ebrin\u00eb.<\/p>\n<p>Por, m\u00eb shum\u00eb se sa rritja e p\u00ebrmasave t\u00eb k\u00ebtij aktiviteti kriminal, Prokuroren e P\u00ebrgjithshme e shqet\u00ebson nisja e hetimeve ndaj individ\u00ebve me nj\u00eb profil mjaft\u00eb t\u00eb ul\u00ebt n\u00eb k\u00ebt\u00eb lloj veprimtari kriminale. \u201cMungesa e hetimit t\u00eb grupeve t\u00eb organizuara t\u00eb trafikimit t\u00eb l\u00ebnd\u00ebve narkotike do t\u00eb sjell\u00eb pasoja n\u00eb pasjen e rezultateve, nd\u00ebrkoh\u00eb q\u00eb konstatojm\u00eb se subjektet q\u00eb hetohen nuk disponojn\u00eb pasuri apo shuma t\u00eb m\u00ebdha parash q\u00eb mund t\u00eb sekuestrohen apo konfiskohen. Ky \u00ebsht\u00eb nj\u00eb tregues dometh\u00ebn\u00ebs i rrezikshm\u00ebris\u00eb dhe potencialit t\u00eb ul\u00ebt q\u00eb paraqesin subjektet e hetuara n\u00eb kuad\u00ebr t\u00eb referimeve t\u00eb Policis\u00eb s\u00eb Shtetit\u201d-thot\u00eb kryeprokurorja.<\/p>\n<p><strong>Paaft\u00ebsia e policis\u00eb<\/strong><\/p>\n<p>P\u00ebr kryeprokuroren mosgoditja e kriminalitetit n\u00eb vend vjen p\u00ebr shkak t\u00eb organizimit t\u00eb drejtorive n\u00eb Drejtorin\u00eb e P\u00ebrgjithshme t\u00eb Policis\u00eb s\u00eb Shtetit si dhe m\u00ebnyr\u00ebs s\u00eb funksionimit t\u00eb saj. Sipas Ina Ram\u00ebs, shum\u00eb drejtori funksionojn\u00eb si organ koordinues t\u00eb drejtorive n\u00eb qarqe dhe jo si organ hetimi. Sipas kryeprokurores, drejtorit\u00eb e policis\u00eb jan\u00eb krejt t\u00eb pap\u00ebrgatitura p\u00ebr t\u00eb kryer hetime t\u00eb nj\u00eb niveli t\u00eb lart\u00eb t\u00eb krimit t\u00eb organizuar nd\u00ebrkoh\u00eb q\u00eb rreziku i dekonspirimit t\u00eb hetimeve \u00ebsht\u00eb gjithmon\u00eb i pranish\u00ebm.<\/p>\n<p>\u201cP\u00ebrfundimisht vler\u00ebsojm\u00eb se situata aktuale e kriminalitetit, problemet strukturore n\u00eb Policin\u00eb e Shtetit, mungesa e kapaciteteve t\u00eb policis\u00eb si dhe vet\u00eb ve\u00e7orit\u00eb e luft\u00ebs ndaj krimit t\u00eb organizuar e b\u00ebjn\u00eb t\u00eb domosdoshme rishikimin e m\u00ebnyr\u00ebs s\u00eb strukturimit t\u00eb drejtorive n\u00eb Drejtorin\u00eb e P\u00ebrgjithshme t\u00eb Policis\u00eb s\u00eb Shtetit p\u00ebr t\u2019i p\u00ebrshtatur ato me problematikat e v\u00ebrejtura\u201d-p\u00ebrfundon shkresa e kryeprokurores Ina Rama drejtuar n\u00eb mars t\u00eb vitit 2012 Drejtorit t\u00eb P\u00ebrgjithsh\u00ebm t\u00eb Policis\u00eb s\u00eb Shtetit, Hysni Burgaj.<\/p>\n<p><strong>SHKB, asnj\u00eb hetim p\u00ebr polic\u00ebt \u201cdekonspirues\u201d<\/strong><\/p>\n<p>Dekonspirimi i operacioneve dhe bashk\u00ebpunimit t\u00eb oficer\u00ebve t\u00eb policis\u00eb me grupet kriminale \u00ebsht\u00eb nj\u00eb nga akuzat m\u00eb t\u00eb r\u00ebnda q\u00eb kryeprokurorja Ina Rama ngre n\u00eb let\u00ebrk\u00ebmbimin e saj me kreun e Policis\u00eb s\u00eb Shtetit. Por nga t\u00eb dh\u00ebnat q\u00eb disponon gazeta, prej vitesh n\u00eb Drejtorin\u00eb e Sh\u00ebrbimit t\u00eb Kontrollit t\u00eb Brendsh\u00ebm t\u00eb Ministris\u00eb s\u00eb Brendshme nuk ka qoft\u00eb nj\u00eb hetim p\u00ebr nj\u00eb punonj\u00ebs policie q\u00eb t\u00eb jet\u00eb shpallur fajtor p\u00ebr k\u00ebt\u00eb akuz\u00eb t\u00eb r\u00ebnd\u00eb.<\/p>\n<p>Megjithat\u00eb kryeprokurorja edhe n\u00eb letr\u00ebn m\u00eb t\u00eb fundit t\u00eb saj, dekonspirimin e veprimeve hetimore n\u00eb drejtorit\u00eb e policive e shikon si nj\u00eb shqet\u00ebsim t\u00eb madh krahas rezultateve zhg\u00ebnjyese p\u00ebr zbardhjen e vrasjeve t\u00eb kryera vitet e fundit q\u00eb kan\u00eb tronditur opinionin publik. K\u00ebshtu, n\u00eb baz\u00eb t\u00eb statistikave ka nj\u00eb s\u00ebr\u00eb krimesh t\u00eb ndodhura n\u00eb Tiran\u00eb, ku policia e kryeqytetit ende nuk ka asnj\u00eb autor t\u00eb ngjarjes, p\u00ebrve\u00e7 dyshimeve t\u00eb hedhura p\u00ebr vrasje tipike mafioze apo dhe ekzekutime t\u00eb kryera nd\u00ebrmjet bandave rivale n\u00eb kryeqytet.<\/p>\n<p>E megjith\u00ebse, Ina Rama pohon ekzistenc\u00ebn e krimit t\u00eb organizuar, Drejtoria e P\u00ebrgjithshme e Policis\u00eb s\u00eb Shtetit ngjarjet i raporton n\u00eb t\u00eb shumt\u00ebn e rasteve si vrasje p\u00ebr \u201cmotive t\u00eb dob\u00ebta\u201d ku autori pas ekzekutimit t\u00eb tipit mafioz largohet n\u00eb drejtim t\u00eb paditur. \u201cAjo q\u00eb ne konstatojm\u00eb \u00ebsht\u00eb se cil\u00ebsia e informacioneve operative q\u00eb vijn\u00eb nga terreni e q\u00eb jan\u00eb thelb\u00ebsore n\u00eb zbulimin e k\u00ebtyre ngjarjeve l\u00ebn\u00eb shum\u00eb p\u00ebr t\u00eb d\u00ebshiruar me gjith\u00eb krijimin e t\u00eb gjitha hap\u00ebsirave q\u00eb lejon ligji strukturave t\u00eb specializuara t\u00eb policis\u00eb n\u00eb hetimin e k\u00ebtyre ngjarjeve\u201d-thuhet analiz\u00ebn e kryeprokurores Ina Rama.<\/p>\n<p>Sipas saj, hetimi i k\u00ebtyre ngjarjeve \u00ebsht\u00eb v\u00ebshtir\u00ebsuar edhe nga problemet e natyr\u00ebs teknike q\u00eb jan\u00eb konstatuar tek kompanit\u00eb telefonike. K\u00ebshtu \u00ebsht\u00eb thuajse e pamundur t\u00eb verifikohen p\u00ebrmes kontrat\u00ebs p\u00ebrdoruesit real t\u00eb kartave telefonike pasi rezulton q\u00eb mij\u00ebra karta telefonike t\u00eb jen\u00eb t\u00eb regjistruara n\u00eb em\u00ebr t\u00eb nj\u00eb shtetasi t\u00eb vet\u00ebm. Vet\u00ebm nj\u00eb pjes\u00eb e shoq\u00ebrive \u00ebsht\u00eb n\u00eb gjendje t\u00eb kryej\u00eb bllokimin e thirrjeve nga telefonat q\u00eb p\u00ebrdorin karta telefonike t\u00eb nxjerra prej tyre, mjaft e r\u00ebnd\u00ebsishme kjo p\u00ebr parandalimin dhe zbulimin e akteve t\u00eb r\u00ebnda kriminale si vrasjet apo dhe aktet terroriste\u201d-thuhet n\u00eb raportin e Prokurores s\u00eb P\u00ebrgjithshme, Ina Rama.<\/p>\n","protected":false},"excerpt":{"rendered":"<p>Avenir Peka, Bujar Nishani dhe Hysni Burgaj Lindita \u00c7ela P\u00ebr kryeprokuroren Ina Rama ristrukturimi i Drejtoris\u00eb s\u00eb P\u00ebrgjithshme t\u00eb Policis\u00eb s\u00eb Shtetit \u00ebsht\u00eb nj\u00eb domosdoshm\u00ebri p\u00ebr t\u00eb luftuar krimin e organizuar dhe trafikun e l\u00ebnd\u00ebve narkotike, q\u00eb po kap p\u00ebrmasa t\u00eb frikshme. S\u00eb paku, ky \u00ebsht\u00eb sugjerimi q\u00eb kryeprokurorja ka b\u00ebr\u00eb n\u00eb let\u00ebrk\u00ebmbimin m\u00eb t\u00eb [&hellip;]<\/p>\n","protected":false},"author":1,"featured_media":0,"comment_status":"open","ping_status":"closed","sticky":false,"template":"","format":"standard","meta":{"footnotes":""},"categories":[2],"tags":[],"class_list":{"0":"post-11807","1":"post","2":"type-post","3":"status-publish","4":"format-standard","6":"category-artikuj"},"yoast_head":"<!-- This site is optimized with the Yoast SEO plugin v27.4 - https:\/\/yoast.com\/product\/yoast-seo-wordpress\/ -->\n<title>Policia p\u00ebrgjon t\u00eb pafajshmit, kriminel\u00ebt livadhisin - FjALA e LIR\u00cb - Arkivi<\/title>\n<meta name=\"robots\" content=\"index, follow, max-snippet:-1, max-image-preview:large, max-video-preview:-1\" \/>\n<link rel=\"canonical\" href=\"https:\/\/fjala.info\/2009-2015\/policia-pergjon-te-pafajshmit-kriminelet-livadhisin\/\" \/>\n<meta property=\"og:locale\" content=\"sq_AL\" \/>\n<meta property=\"og:type\" content=\"article\" \/>\n<meta property=\"og:title\" content=\"Policia p\u00ebrgjon t\u00eb pafajshmit, kriminel\u00ebt livadhisin - FjALA e LIR\u00cb - Arkivi\" \/>\n<meta property=\"og:description\" content=\"Avenir Peka, Bujar Nishani dhe Hysni Burgaj Lindita \u00c7ela P\u00ebr kryeprokuroren Ina Rama ristrukturimi i Drejtoris\u00eb s\u00eb P\u00ebrgjithshme t\u00eb Policis\u00eb s\u00eb Shtetit \u00ebsht\u00eb nj\u00eb domosdoshm\u00ebri p\u00ebr t\u00eb luftuar krimin e organizuar dhe trafikun e l\u00ebnd\u00ebve narkotike, q\u00eb po kap p\u00ebrmasa t\u00eb frikshme. S\u00eb paku, ky \u00ebsht\u00eb sugjerimi q\u00eb kryeprokurorja ka b\u00ebr\u00eb n\u00eb let\u00ebrk\u00ebmbimin m\u00eb t\u00eb [&hellip;]\" \/>\n<meta property=\"og:url\" content=\"https:\/\/fjala.info\/2009-2015\/policia-pergjon-te-pafajshmit-kriminelet-livadhisin\/\" \/>\n<meta property=\"og:site_name\" content=\"FjALA e LIR\u00cb - Arkivi\" \/>\n<meta property=\"article:published_time\" content=\"2012-05-01T11:27:18+00:00\" \/>\n<meta property=\"og:image\" content=\"http:\/\/www.shkoder.net\/2012\/analize_policia_shtetit.jpg\" \/>\n<meta name=\"author\" content=\"admin\" \/>\n<meta name=\"twitter:card\" content=\"summary_large_image\" \/>\n<meta name=\"twitter:label1\" content=\"Written by\" \/>\n\t<meta name=\"twitter:data1\" content=\"admin\" \/>\n\t<meta name=\"twitter:label2\" content=\"Est. reading time\" \/>\n\t<meta name=\"twitter:data2\" content=\"7 minutes\" \/>\n<script type=\"application\/ld+json\" class=\"yoast-schema-graph\">{\"@context\":\"https:\\\/\\\/schema.org\",\"@graph\":[{\"@type\":\"Article\",\"@id\":\"https:\\\/\\\/fjala.info\\\/2009-2015\\\/policia-pergjon-te-pafajshmit-kriminelet-livadhisin\\\/#article\",\"isPartOf\":{\"@id\":\"https:\\\/\\\/fjala.info\\\/2009-2015\\\/policia-pergjon-te-pafajshmit-kriminelet-livadhisin\\\/\"},\"author\":{\"name\":\"admin\",\"@id\":\"https:\\\/\\\/fjala.info\\\/2009-2015\\\/#\\\/schema\\\/person\\\/3aa1163ef05469c496fc94e77611ada2\"},\"headline\":\"Policia p\u00ebrgjon t\u00eb pafajshmit, kriminel\u00ebt livadhisin\",\"datePublished\":\"2012-05-01T11:27:18+00:00\",\"mainEntityOfPage\":{\"@id\":\"https:\\\/\\\/fjala.info\\\/2009-2015\\\/policia-pergjon-te-pafajshmit-kriminelet-livadhisin\\\/\"},\"wordCount\":1422,\"commentCount\":0,\"publisher\":{\"@id\":\"https:\\\/\\\/fjala.info\\\/2009-2015\\\/#organization\"},\"image\":{\"@id\":\"https:\\\/\\\/fjala.info\\\/2009-2015\\\/policia-pergjon-te-pafajshmit-kriminelet-livadhisin\\\/#primaryimage\"},\"thumbnailUrl\":\"http:\\\/\\\/www.shkoder.net\\\/2012\\\/analize_policia_shtetit.jpg\",\"articleSection\":[\"Artikuj\"],\"inLanguage\":\"sq-AL\",\"potentialAction\":[{\"@type\":\"CommentAction\",\"name\":\"Comment\",\"target\":[\"https:\\\/\\\/fjala.info\\\/2009-2015\\\/policia-pergjon-te-pafajshmit-kriminelet-livadhisin\\\/#respond\"]}]},{\"@type\":\"WebPage\",\"@id\":\"https:\\\/\\\/fjala.info\\\/2009-2015\\\/policia-pergjon-te-pafajshmit-kriminelet-livadhisin\\\/\",\"url\":\"https:\\\/\\\/fjala.info\\\/2009-2015\\\/policia-pergjon-te-pafajshmit-kriminelet-livadhisin\\\/\",\"name\":\"Policia p\u00ebrgjon t\u00eb pafajshmit, kriminel\u00ebt livadhisin - FjALA e LIR\u00cb - Arkivi\",\"isPartOf\":{\"@id\":\"https:\\\/\\\/fjala.info\\\/2009-2015\\\/#website\"},\"primaryImageOfPage\":{\"@id\":\"https:\\\/\\\/fjala.info\\\/2009-2015\\\/policia-pergjon-te-pafajshmit-kriminelet-livadhisin\\\/#primaryimage\"},\"image\":{\"@id\":\"https:\\\/\\\/fjala.info\\\/2009-2015\\\/policia-pergjon-te-pafajshmit-kriminelet-livadhisin\\\/#primaryimage\"},\"thumbnailUrl\":\"http:\\\/\\\/www.shkoder.net\\\/2012\\\/analize_policia_shtetit.jpg\",\"datePublished\":\"2012-05-01T11:27:18+00:00\",\"breadcrumb\":{\"@id\":\"https:\\\/\\\/fjala.info\\\/2009-2015\\\/policia-pergjon-te-pafajshmit-kriminelet-livadhisin\\\/#breadcrumb\"},\"inLanguage\":\"sq-AL\",\"potentialAction\":[{\"@type\":\"ReadAction\",\"target\":[\"https:\\\/\\\/fjala.info\\\/2009-2015\\\/policia-pergjon-te-pafajshmit-kriminelet-livadhisin\\\/\"]}]},{\"@type\":\"ImageObject\",\"inLanguage\":\"sq-AL\",\"@id\":\"https:\\\/\\\/fjala.info\\\/2009-2015\\\/policia-pergjon-te-pafajshmit-kriminelet-livadhisin\\\/#primaryimage\",\"url\":\"http:\\\/\\\/www.shkoder.net\\\/2012\\\/analize_policia_shtetit.jpg\",\"contentUrl\":\"http:\\\/\\\/www.shkoder.net\\\/2012\\\/analize_policia_shtetit.jpg\"},{\"@type\":\"BreadcrumbList\",\"@id\":\"https:\\\/\\\/fjala.info\\\/2009-2015\\\/policia-pergjon-te-pafajshmit-kriminelet-livadhisin\\\/#breadcrumb\",\"itemListElement\":[{\"@type\":\"ListItem\",\"position\":1,\"name\":\"Home\",\"item\":\"https:\\\/\\\/fjala.info\\\/2009-2015\\\/\"},{\"@type\":\"ListItem\",\"position\":2,\"name\":\"Policia p\u00ebrgjon t\u00eb pafajshmit, kriminel\u00ebt livadhisin\"}]},{\"@type\":\"WebSite\",\"@id\":\"https:\\\/\\\/fjala.info\\\/2009-2015\\\/#website\",\"url\":\"https:\\\/\\\/fjala.info\\\/2009-2015\\\/\",\"name\":\"FjALA e LIR\u00cb - Arkivi\",\"description\":\"Arkivi 2009-2015\",\"publisher\":{\"@id\":\"https:\\\/\\\/fjala.info\\\/2009-2015\\\/#organization\"},\"potentialAction\":[{\"@type\":\"SearchAction\",\"target\":{\"@type\":\"EntryPoint\",\"urlTemplate\":\"https:\\\/\\\/fjala.info\\\/2009-2015\\\/?s={search_term_string}\"},\"query-input\":{\"@type\":\"PropertyValueSpecification\",\"valueRequired\":true,\"valueName\":\"search_term_string\"}}],\"inLanguage\":\"sq-AL\"},{\"@type\":\"Organization\",\"@id\":\"https:\\\/\\\/fjala.info\\\/2009-2015\\\/#organization\",\"name\":\"FjALA e LIR\u00cb - Arkivi\",\"url\":\"https:\\\/\\\/fjala.info\\\/2009-2015\\\/\",\"logo\":{\"@type\":\"ImageObject\",\"inLanguage\":\"sq-AL\",\"@id\":\"https:\\\/\\\/fjala.info\\\/2009-2015\\\/#\\\/schema\\\/logo\\\/image\\\/\",\"url\":\"\",\"contentUrl\":\"\",\"caption\":\"FjALA e LIR\u00cb - Arkivi\"},\"image\":{\"@id\":\"https:\\\/\\\/fjala.info\\\/2009-2015\\\/#\\\/schema\\\/logo\\\/image\\\/\"}},{\"@type\":\"Person\",\"@id\":\"https:\\\/\\\/fjala.info\\\/2009-2015\\\/#\\\/schema\\\/person\\\/3aa1163ef05469c496fc94e77611ada2\",\"name\":\"admin\",\"image\":{\"@type\":\"ImageObject\",\"inLanguage\":\"sq-AL\",\"@id\":\"https:\\\/\\\/fjala.info\\\/2009-2015\\\/wp-content\\\/uploads\\\/2012\\\/02\\\/arben_cokaj-120x150.jpg\",\"url\":\"https:\\\/\\\/fjala.info\\\/2009-2015\\\/wp-content\\\/uploads\\\/2012\\\/02\\\/arben_cokaj-120x150.jpg\",\"contentUrl\":\"https:\\\/\\\/fjala.info\\\/2009-2015\\\/wp-content\\\/uploads\\\/2012\\\/02\\\/arben_cokaj-120x150.jpg\",\"caption\":\"admin\"},\"description\":\"Admin, Fjala e Lir\u00eb\",\"sameAs\":[\"https:\\\/\\\/fjala.info\\\/\"],\"url\":\"https:\\\/\\\/fjala.info\\\/2009-2015\\\/author\\\/admin\\\/\"}]}<\/script>\n<!-- \/ Yoast SEO plugin. -->","yoast_head_json":{"title":"Policia p\u00ebrgjon t\u00eb pafajshmit, kriminel\u00ebt livadhisin - FjALA e LIR\u00cb - Arkivi","robots":{"index":"index","follow":"follow","max-snippet":"max-snippet:-1","max-image-preview":"max-image-preview:large","max-video-preview":"max-video-preview:-1"},"canonical":"https:\/\/fjala.info\/2009-2015\/policia-pergjon-te-pafajshmit-kriminelet-livadhisin\/","og_locale":"sq_AL","og_type":"article","og_title":"Policia p\u00ebrgjon t\u00eb pafajshmit, kriminel\u00ebt livadhisin - FjALA e LIR\u00cb - Arkivi","og_description":"Avenir Peka, Bujar Nishani dhe Hysni Burgaj Lindita \u00c7ela P\u00ebr kryeprokuroren Ina Rama ristrukturimi i Drejtoris\u00eb s\u00eb P\u00ebrgjithshme t\u00eb Policis\u00eb s\u00eb Shtetit \u00ebsht\u00eb nj\u00eb domosdoshm\u00ebri p\u00ebr t\u00eb luftuar krimin e organizuar dhe trafikun e l\u00ebnd\u00ebve narkotike, q\u00eb po kap p\u00ebrmasa t\u00eb frikshme. S\u00eb paku, ky \u00ebsht\u00eb sugjerimi q\u00eb kryeprokurorja ka b\u00ebr\u00eb n\u00eb let\u00ebrk\u00ebmbimin m\u00eb t\u00eb [&hellip;]","og_url":"https:\/\/fjala.info\/2009-2015\/policia-pergjon-te-pafajshmit-kriminelet-livadhisin\/","og_site_name":"FjALA e LIR\u00cb - Arkivi","article_published_time":"2012-05-01T11:27:18+00:00","og_image":[{"url":"http:\/\/www.shkoder.net\/2012\/analize_policia_shtetit.jpg","type":"","width":"","height":""}],"author":"admin","twitter_card":"summary_large_image","twitter_misc":{"Written by":"admin","Est. reading time":"7 minutes"},"schema":{"@context":"https:\/\/schema.org","@graph":[{"@type":"Article","@id":"https:\/\/fjala.info\/2009-2015\/policia-pergjon-te-pafajshmit-kriminelet-livadhisin\/#article","isPartOf":{"@id":"https:\/\/fjala.info\/2009-2015\/policia-pergjon-te-pafajshmit-kriminelet-livadhisin\/"},"author":{"name":"admin","@id":"https:\/\/fjala.info\/2009-2015\/#\/schema\/person\/3aa1163ef05469c496fc94e77611ada2"},"headline":"Policia p\u00ebrgjon t\u00eb pafajshmit, kriminel\u00ebt livadhisin","datePublished":"2012-05-01T11:27:18+00:00","mainEntityOfPage":{"@id":"https:\/\/fjala.info\/2009-2015\/policia-pergjon-te-pafajshmit-kriminelet-livadhisin\/"},"wordCount":1422,"commentCount":0,"publisher":{"@id":"https:\/\/fjala.info\/2009-2015\/#organization"},"image":{"@id":"https:\/\/fjala.info\/2009-2015\/policia-pergjon-te-pafajshmit-kriminelet-livadhisin\/#primaryimage"},"thumbnailUrl":"http:\/\/www.shkoder.net\/2012\/analize_policia_shtetit.jpg","articleSection":["Artikuj"],"inLanguage":"sq-AL","potentialAction":[{"@type":"CommentAction","name":"Comment","target":["https:\/\/fjala.info\/2009-2015\/policia-pergjon-te-pafajshmit-kriminelet-livadhisin\/#respond"]}]},{"@type":"WebPage","@id":"https:\/\/fjala.info\/2009-2015\/policia-pergjon-te-pafajshmit-kriminelet-livadhisin\/","url":"https:\/\/fjala.info\/2009-2015\/policia-pergjon-te-pafajshmit-kriminelet-livadhisin\/","name":"Policia p\u00ebrgjon t\u00eb pafajshmit, kriminel\u00ebt livadhisin - FjALA e LIR\u00cb - Arkivi","isPartOf":{"@id":"https:\/\/fjala.info\/2009-2015\/#website"},"primaryImageOfPage":{"@id":"https:\/\/fjala.info\/2009-2015\/policia-pergjon-te-pafajshmit-kriminelet-livadhisin\/#primaryimage"},"image":{"@id":"https:\/\/fjala.info\/2009-2015\/policia-pergjon-te-pafajshmit-kriminelet-livadhisin\/#primaryimage"},"thumbnailUrl":"http:\/\/www.shkoder.net\/2012\/analize_policia_shtetit.jpg","datePublished":"2012-05-01T11:27:18+00:00","breadcrumb":{"@id":"https:\/\/fjala.info\/2009-2015\/policia-pergjon-te-pafajshmit-kriminelet-livadhisin\/#breadcrumb"},"inLanguage":"sq-AL","potentialAction":[{"@type":"ReadAction","target":["https:\/\/fjala.info\/2009-2015\/policia-pergjon-te-pafajshmit-kriminelet-livadhisin\/"]}]},{"@type":"ImageObject","inLanguage":"sq-AL","@id":"https:\/\/fjala.info\/2009-2015\/policia-pergjon-te-pafajshmit-kriminelet-livadhisin\/#primaryimage","url":"http:\/\/www.shkoder.net\/2012\/analize_policia_shtetit.jpg","contentUrl":"http:\/\/www.shkoder.net\/2012\/analize_policia_shtetit.jpg"},{"@type":"BreadcrumbList","@id":"https:\/\/fjala.info\/2009-2015\/policia-pergjon-te-pafajshmit-kriminelet-livadhisin\/#breadcrumb","itemListElement":[{"@type":"ListItem","position":1,"name":"Home","item":"https:\/\/fjala.info\/2009-2015\/"},{"@type":"ListItem","position":2,"name":"Policia p\u00ebrgjon t\u00eb pafajshmit, kriminel\u00ebt livadhisin"}]},{"@type":"WebSite","@id":"https:\/\/fjala.info\/2009-2015\/#website","url":"https:\/\/fjala.info\/2009-2015\/","name":"FjALA e LIR\u00cb - Arkivi","description":"Arkivi 2009-2015","publisher":{"@id":"https:\/\/fjala.info\/2009-2015\/#organization"},"potentialAction":[{"@type":"SearchAction","target":{"@type":"EntryPoint","urlTemplate":"https:\/\/fjala.info\/2009-2015\/?s={search_term_string}"},"query-input":{"@type":"PropertyValueSpecification","valueRequired":true,"valueName":"search_term_string"}}],"inLanguage":"sq-AL"},{"@type":"Organization","@id":"https:\/\/fjala.info\/2009-2015\/#organization","name":"FjALA e LIR\u00cb - Arkivi","url":"https:\/\/fjala.info\/2009-2015\/","logo":{"@type":"ImageObject","inLanguage":"sq-AL","@id":"https:\/\/fjala.info\/2009-2015\/#\/schema\/logo\/image\/","url":"","contentUrl":"","caption":"FjALA e LIR\u00cb - Arkivi"},"image":{"@id":"https:\/\/fjala.info\/2009-2015\/#\/schema\/logo\/image\/"}},{"@type":"Person","@id":"https:\/\/fjala.info\/2009-2015\/#\/schema\/person\/3aa1163ef05469c496fc94e77611ada2","name":"admin","image":{"@type":"ImageObject","inLanguage":"sq-AL","@id":"https:\/\/fjala.info\/2009-2015\/wp-content\/uploads\/2012\/02\/arben_cokaj-120x150.jpg","url":"https:\/\/fjala.info\/2009-2015\/wp-content\/uploads\/2012\/02\/arben_cokaj-120x150.jpg","contentUrl":"https:\/\/fjala.info\/2009-2015\/wp-content\/uploads\/2012\/02\/arben_cokaj-120x150.jpg","caption":"admin"},"description":"Admin, Fjala e Lir\u00eb","sameAs":["https:\/\/fjala.info\/"],"url":"https:\/\/fjala.info\/2009-2015\/author\/admin\/"}]}},"_links":{"self":[{"href":"https:\/\/fjala.info\/2009-2015\/wp-json\/wp\/v2\/posts\/11807","targetHints":{"allow":["GET"]}}],"collection":[{"href":"https:\/\/fjala.info\/2009-2015\/wp-json\/wp\/v2\/posts"}],"about":[{"href":"https:\/\/fjala.info\/2009-2015\/wp-json\/wp\/v2\/types\/post"}],"author":[{"embeddable":true,"href":"https:\/\/fjala.info\/2009-2015\/wp-json\/wp\/v2\/users\/1"}],"replies":[{"embeddable":true,"href":"https:\/\/fjala.info\/2009-2015\/wp-json\/wp\/v2\/comments?post=11807"}],"version-history":[{"count":0,"href":"https:\/\/fjala.info\/2009-2015\/wp-json\/wp\/v2\/posts\/11807\/revisions"}],"wp:attachment":[{"href":"https:\/\/fjala.info\/2009-2015\/wp-json\/wp\/v2\/media?parent=11807"}],"wp:term":[{"taxonomy":"category","embeddable":true,"href":"https:\/\/fjala.info\/2009-2015\/wp-json\/wp\/v2\/categories?post=11807"},{"taxonomy":"post_tag","embeddable":true,"href":"https:\/\/fjala.info\/2009-2015\/wp-json\/wp\/v2\/tags?post=11807"}],"curies":[{"name":"wp","href":"https:\/\/api.w.org\/{rel}","templated":true}]}}