{"id":11805,"date":"2012-04-30T21:51:37","date_gmt":"2012-04-30T20:51:37","guid":{"rendered":"http:\/\/fjala.shkoder.net\/?p=2692"},"modified":"2012-04-30T21:51:37","modified_gmt":"2012-04-30T20:51:37","slug":"klintonet-dhe-dyfishi-i-kohes-me-berishen","status":"publish","type":"post","link":"https:\/\/fjala.info\/2009-2015\/klintonet-dhe-dyfishi-i-kohes-me-berishen\/","title":{"rendered":"Klinton\u00ebt dhe dyfishi i koh\u00ebs me Berish\u00ebn"},"content":{"rendered":"<p><img decoding=\"async\" class=\"alignright size-thumbnail wp-image-7236\" title=\"Mero Baze\" src=\"http:\/\/www.shkoder.net\/images\/fjala\/mero_baze1.jpg\" alt=\"\" width=\"150\" \/> Nga <strong>Mero Baze<\/strong>, <em>30 Prill 2012<\/em><\/p>\n<p>Mu kujtua Azem Hajdari. Kur Sali Berisha shkoi n\u00eb vizit\u00ebn e tij zyrtare n\u00eb SHBA n\u00eb vitin 1995, n\u00eb m\u00ebnyr\u00eb t\u00eb \u00e7uditshme ai k\u00ebmb\u00ebngulte se do t\u00eb merrte PD m\u00eb qaf\u00eb. Kishte nj\u00eb bindje q\u00eb vizita do t\u00eb hidhte n\u00eb er\u00eb pushtetin e PD-s\u00eb. Por n\u00eb dukje ishte ndryshe, vizita ishte shum\u00eb e suksesshme dhe kur Presidenti Berisha doli nga takimi me Klintonin, foli n\u00eb Z\u00ebrin e Amerik\u00ebs dhe n\u00eb TVSH dhe ve\u00e7oi si detaj se ai kishte q\u00ebndruar dyfishin e koh\u00ebs me Presidentin Klinton.<\/p>\n<p>Edhe at\u00ebher\u00eb nuk tha asgj\u00eb konkrete. Tha q\u00eb SHBA do na ndihmoj\u00eb p\u00ebr demokracin\u00eb dhe integrimin evropian. Nj\u00ebsoj si 17 vjet m\u00eb pas. T\u00eb gjitha k\u00ebto ishin arsye q\u00eb ne t\u2019i kujtonim Azemit se ia kishte futur kot. Por Azemi, i cili me sa duket kishte mbushur para Berish\u00ebs dosjen e tij n\u00eb Uashington, nuk i ikte ides\u00eb s\u00eb tij fikse se fakti q\u00eb ka q\u00ebndruar dyfishin e koh\u00ebs, ishte nj\u00eb shenj\u00eb edhe m\u00eb e keqe.<\/p>\n<p>Dje pas kthimit n\u00eb Shqip\u00ebri nga vizita e fundit n\u00eb SHBA, kryeministri Berisha arriti t\u00eb ve\u00e7oj\u00eb p\u00ebrs\u00ebri nga gjith\u00eb takimi me zonj\u00ebn Klinton se ka q\u00ebndruar dyfishin e koh\u00ebs s\u00eb planifikuar me t\u00eb. P\u00ebr shum\u00eb vet\u00eb kjo duket nj\u00eb mburrje pa lidhje e nj\u00eb njeriu t\u00eb stresuar nga izolimi, por n\u00eb fakt p\u00ebr Sali Berish\u00ebn \u00ebsht\u00eb nj\u00eb detaj i mbetur n\u00eb subkoshienc\u00ebn e tij p\u00ebr vizitat n\u00eb SHBA. N\u00eb subkoshienc\u00ebn e tij fle takimi me Presidentin Klinton dhe dyfishi i koh\u00ebs i bised\u00ebs me t\u00eb.<\/p>\n<p>Pas asaj vizite p\u00ebr Berish\u00ebn filloi tat\u00ebpjeta n\u00eb raportet e tij me SHBA. N\u00eb gjysm\u00ebn e dyt\u00eb t\u00eb koh\u00ebs, si\u00e7 tregon dhe vet\u00eb Berisha m\u00eb von\u00eb kur u prish me SHBA, brenda kish hyr\u00eb Stefanopullosi, k\u00ebshilltari i presidentit Klinton, biseda kishte devijuar tek t\u00eb drejtat e grek\u00ebve n\u00eb Shqip\u00ebri, tek arrestimi i t\u00eb pest\u00ebve dhe deformimet e demokracis\u00eb. Kur u kthye n\u00eb atdhe, Berisha nuk b\u00ebri asgj\u00eb nga ato q\u00eb premtoi aty n\u00eb dyfishin e koh\u00ebs, dhe m\u00eb pas deformimet shkuan deri tek manipulimi i zgjedhjeve dhe tentativa p\u00ebr t\u00eb destabilizuar Kosov\u00ebn, e cila derdhi pik\u00ebn nga gota e pushtetit t\u00eb tij.<\/p>\n<p>Tashm\u00eb Berisha pas kthimit nga SHBA nuk po thot\u00eb asgj\u00eb konkrete \u00e7far\u00eb ka biseduar. T\u00eb gjith\u00eb thon\u00eb se ka folur dhe pranuar nj\u00eb president konsensual, por ai nuk e pranon. T\u00eb gjith\u00eb thon\u00eb dhe pranojn\u00eb se ai ka marr\u00eb kritika t\u00eb ashpra mbi kontrollin mbi gjyq\u00ebsorin n\u00eb luft\u00ebn kund\u00ebr korrupsionit, dhe sidomos mosnd\u00ebshkueshm\u00ebrin\u00eb e zyrtar\u00ebve t\u00eb lart\u00eb, por ai nuk e pranon. T\u00eb gjith\u00eb thon\u00eb se ai ka marr\u00eb paralajm\u00ebrime t\u00eb qarta p\u00ebr t\u00eb mos prekur ekspertiz\u00ebn e FBI p\u00ebr 21 Janarin, por ai nuk e pranon. Ai n\u00eb t\u00eb v\u00ebrtet\u00eb nuk po thot\u00eb asgj\u00eb se \u00e7far\u00eb ka biseduar konkretisht. Si nj\u00eb njeri i traumatizuar nga nj\u00eb emocion i fort\u00eb, qysh kur ka dal\u00eb nga zyra e zonj\u00ebs Klinton, ky po thot\u00eb vet\u00ebm faktin se ka q\u00ebndruar dyfishin e koh\u00ebs me zonj\u00ebn Klinton.<\/p>\n<p><strong>P\u00ebrse vall\u00eb?<\/strong><\/p>\n<p>Nuk besoj se zonja Klinton nuk ka takuar ndonj\u00eb burr\u00eb m\u00eb t\u00eb k\u00ebndsh\u00ebm se Sali Berisha, q\u00eb t\u00eb hutohej e mos t\u00eb shikonte or\u00ebn. Nuk besoj se k\u00ebshilltar\u00ebt e saj nuk kan\u00eb pasur or\u00eb p\u00ebr t\u2019i treguar se shkoi afati. Nuk besoj as q\u00eb ajo \u00ebsht\u00eb e ngeshme dhe pret e rri sa t\u00eb doj\u00eb me njer\u00ebzit. E vetmja gj\u00eb q\u00eb besohet \u00ebsht\u00eb se dosja e tij n\u00eb Departament t\u00eb Shtetit \u00ebsht\u00eb shum\u00eb e trash\u00eb dhe zonj\u00ebs Klinton i \u00ebsht\u00eb dashur dyfishi i koh\u00ebs p\u00ebr t\u00eb sqaruar pozicionin e SHBA dhe pozicionin e Berish\u00ebs n\u00eb kriz\u00ebn shqiptare.<\/p>\n<p>Duket qart\u00eb se Berisha nuk do t\u00eb flas\u00eb p\u00ebr asgj\u00eb. P\u00ebr asnj\u00eb detaj, p\u00ebr asnj\u00eb problem dhe p\u00ebr asnj\u00eb sukses apo d\u00ebshtim n\u00eb k\u00ebt\u00eb vizit\u00eb. Ai ngjan si nj\u00eb i dehur i trullosur q\u00eb i ka ngelur n\u00eb mendje vet\u00ebm koha kur ka hyr\u00eb dhe kur ka dal\u00eb, e cila \u00ebsht\u00eb dyfishi i koh\u00ebs q\u00eb i kishin premtuar lobist\u00ebt q\u00eb e \u00e7uan aty. I kujtohet pik\u00ebrisht se dyfishi i koh\u00ebs me burrin e zonj\u00ebs Klinton ka qen\u00eb nj\u00eb fatalitet p\u00ebr t\u00eb.<\/p>\n<p>Pas kthimit nga SHBA, edhe pse ne b\u00ebnim humor me paranojat e Azemit, ai mori tat\u00ebpjet\u00ebn dhe kaloi gati n\u00eb konflikt ushtarak me SHBA. Tashm\u00eb ai po p\u00ebrpiqet t\u00eb harroj\u00eb \u00e7ka biseduar, po p\u00ebrpiqet t\u2019i mbaj\u00eb larg publikut problemet e shumta q\u00eb i jan\u00eb dashur zonj\u00ebs Klinton t\u2019i parashtroj\u00eb. Po na thot\u00eb vet\u00ebm q\u00eb q\u00ebndroi gjat\u00eb, shum\u00eb gjat\u00eb, dyfishin e koh\u00ebs\u2026. Si me burrin e saj 17 vjet m\u00eb par\u00eb. Le t\u00eb shpresojm\u00eb t\u00eb mos shohim t\u00eb nj\u00ebjtin film pas k\u00ebsaj. Dosjen e ka po aq t\u00eb trash\u00eb me probleme.<\/p>\n","protected":false},"excerpt":{"rendered":"<p>Nga Mero Baze, 30 Prill 2012 Mu kujtua Azem Hajdari. Kur Sali Berisha shkoi n\u00eb vizit\u00ebn e tij zyrtare n\u00eb SHBA n\u00eb vitin 1995, n\u00eb m\u00ebnyr\u00eb t\u00eb \u00e7uditshme ai k\u00ebmb\u00ebngulte se do t\u00eb merrte PD m\u00eb qaf\u00eb. Kishte nj\u00eb bindje q\u00eb vizita do t\u00eb hidhte n\u00eb er\u00eb pushtetin e PD-s\u00eb. Por n\u00eb dukje ishte ndryshe, [&hellip;]<\/p>\n","protected":false},"author":1,"featured_media":0,"comment_status":"open","ping_status":"closed","sticky":false,"template":"","format":"standard","meta":{"footnotes":""},"categories":[2],"tags":[],"class_list":{"0":"post-11805","1":"post","2":"type-post","3":"status-publish","4":"format-standard","6":"category-artikuj"},"yoast_head":"<!-- This site is optimized with the Yoast SEO plugin v27.4 - https:\/\/yoast.com\/product\/yoast-seo-wordpress\/ -->\n<title>Klinton\u00ebt dhe dyfishi i koh\u00ebs me Berish\u00ebn - FjALA e LIR\u00cb - Arkivi<\/title>\n<meta name=\"robots\" content=\"index, follow, max-snippet:-1, max-image-preview:large, max-video-preview:-1\" \/>\n<link rel=\"canonical\" href=\"https:\/\/fjala.info\/2009-2015\/klintonet-dhe-dyfishi-i-kohes-me-berishen\/\" \/>\n<meta property=\"og:locale\" content=\"sq_AL\" \/>\n<meta property=\"og:type\" content=\"article\" \/>\n<meta property=\"og:title\" content=\"Klinton\u00ebt dhe dyfishi i koh\u00ebs me Berish\u00ebn - FjALA e LIR\u00cb - Arkivi\" \/>\n<meta property=\"og:description\" content=\"Nga Mero Baze, 30 Prill 2012 Mu kujtua Azem Hajdari. Kur Sali Berisha shkoi n\u00eb vizit\u00ebn e tij zyrtare n\u00eb SHBA n\u00eb vitin 1995, n\u00eb m\u00ebnyr\u00eb t\u00eb \u00e7uditshme ai k\u00ebmb\u00ebngulte se do t\u00eb merrte PD m\u00eb qaf\u00eb. Kishte nj\u00eb bindje q\u00eb vizita do t\u00eb hidhte n\u00eb er\u00eb pushtetin e PD-s\u00eb. Por n\u00eb dukje ishte ndryshe, [&hellip;]\" \/>\n<meta property=\"og:url\" content=\"https:\/\/fjala.info\/2009-2015\/klintonet-dhe-dyfishi-i-kohes-me-berishen\/\" \/>\n<meta property=\"og:site_name\" content=\"FjALA e LIR\u00cb - Arkivi\" \/>\n<meta property=\"article:published_time\" content=\"2012-04-30T20:51:37+00:00\" \/>\n<meta property=\"og:image\" content=\"http:\/\/www.shkoder.net\/images\/fjala\/mero_baze1.jpg\" \/>\n<meta name=\"author\" content=\"admin\" \/>\n<meta name=\"twitter:card\" content=\"summary_large_image\" \/>\n<meta name=\"twitter:label1\" content=\"Written by\" \/>\n\t<meta name=\"twitter:data1\" content=\"admin\" \/>\n\t<meta name=\"twitter:label2\" content=\"Est. reading time\" \/>\n\t<meta name=\"twitter:data2\" content=\"4 minutes\" \/>\n<script type=\"application\/ld+json\" class=\"yoast-schema-graph\">{\"@context\":\"https:\\\/\\\/schema.org\",\"@graph\":[{\"@type\":\"Article\",\"@id\":\"https:\\\/\\\/fjala.info\\\/2009-2015\\\/klintonet-dhe-dyfishi-i-kohes-me-berishen\\\/#article\",\"isPartOf\":{\"@id\":\"https:\\\/\\\/fjala.info\\\/2009-2015\\\/klintonet-dhe-dyfishi-i-kohes-me-berishen\\\/\"},\"author\":{\"name\":\"admin\",\"@id\":\"https:\\\/\\\/fjala.info\\\/2009-2015\\\/#\\\/schema\\\/person\\\/3aa1163ef05469c496fc94e77611ada2\"},\"headline\":\"Klinton\u00ebt dhe dyfishi i koh\u00ebs me Berish\u00ebn\",\"datePublished\":\"2012-04-30T20:51:37+00:00\",\"mainEntityOfPage\":{\"@id\":\"https:\\\/\\\/fjala.info\\\/2009-2015\\\/klintonet-dhe-dyfishi-i-kohes-me-berishen\\\/\"},\"wordCount\":863,\"commentCount\":0,\"publisher\":{\"@id\":\"https:\\\/\\\/fjala.info\\\/2009-2015\\\/#organization\"},\"image\":{\"@id\":\"https:\\\/\\\/fjala.info\\\/2009-2015\\\/klintonet-dhe-dyfishi-i-kohes-me-berishen\\\/#primaryimage\"},\"thumbnailUrl\":\"http:\\\/\\\/www.shkoder.net\\\/images\\\/fjala\\\/mero_baze1.jpg\",\"articleSection\":[\"Artikuj\"],\"inLanguage\":\"sq-AL\",\"potentialAction\":[{\"@type\":\"CommentAction\",\"name\":\"Comment\",\"target\":[\"https:\\\/\\\/fjala.info\\\/2009-2015\\\/klintonet-dhe-dyfishi-i-kohes-me-berishen\\\/#respond\"]}]},{\"@type\":\"WebPage\",\"@id\":\"https:\\\/\\\/fjala.info\\\/2009-2015\\\/klintonet-dhe-dyfishi-i-kohes-me-berishen\\\/\",\"url\":\"https:\\\/\\\/fjala.info\\\/2009-2015\\\/klintonet-dhe-dyfishi-i-kohes-me-berishen\\\/\",\"name\":\"Klinton\u00ebt dhe dyfishi i koh\u00ebs me Berish\u00ebn - FjALA e LIR\u00cb - Arkivi\",\"isPartOf\":{\"@id\":\"https:\\\/\\\/fjala.info\\\/2009-2015\\\/#website\"},\"primaryImageOfPage\":{\"@id\":\"https:\\\/\\\/fjala.info\\\/2009-2015\\\/klintonet-dhe-dyfishi-i-kohes-me-berishen\\\/#primaryimage\"},\"image\":{\"@id\":\"https:\\\/\\\/fjala.info\\\/2009-2015\\\/klintonet-dhe-dyfishi-i-kohes-me-berishen\\\/#primaryimage\"},\"thumbnailUrl\":\"http:\\\/\\\/www.shkoder.net\\\/images\\\/fjala\\\/mero_baze1.jpg\",\"datePublished\":\"2012-04-30T20:51:37+00:00\",\"breadcrumb\":{\"@id\":\"https:\\\/\\\/fjala.info\\\/2009-2015\\\/klintonet-dhe-dyfishi-i-kohes-me-berishen\\\/#breadcrumb\"},\"inLanguage\":\"sq-AL\",\"potentialAction\":[{\"@type\":\"ReadAction\",\"target\":[\"https:\\\/\\\/fjala.info\\\/2009-2015\\\/klintonet-dhe-dyfishi-i-kohes-me-berishen\\\/\"]}]},{\"@type\":\"ImageObject\",\"inLanguage\":\"sq-AL\",\"@id\":\"https:\\\/\\\/fjala.info\\\/2009-2015\\\/klintonet-dhe-dyfishi-i-kohes-me-berishen\\\/#primaryimage\",\"url\":\"http:\\\/\\\/www.shkoder.net\\\/images\\\/fjala\\\/mero_baze1.jpg\",\"contentUrl\":\"http:\\\/\\\/www.shkoder.net\\\/images\\\/fjala\\\/mero_baze1.jpg\"},{\"@type\":\"BreadcrumbList\",\"@id\":\"https:\\\/\\\/fjala.info\\\/2009-2015\\\/klintonet-dhe-dyfishi-i-kohes-me-berishen\\\/#breadcrumb\",\"itemListElement\":[{\"@type\":\"ListItem\",\"position\":1,\"name\":\"Home\",\"item\":\"https:\\\/\\\/fjala.info\\\/2009-2015\\\/\"},{\"@type\":\"ListItem\",\"position\":2,\"name\":\"Klinton\u00ebt dhe dyfishi i koh\u00ebs me Berish\u00ebn\"}]},{\"@type\":\"WebSite\",\"@id\":\"https:\\\/\\\/fjala.info\\\/2009-2015\\\/#website\",\"url\":\"https:\\\/\\\/fjala.info\\\/2009-2015\\\/\",\"name\":\"FjALA e LIR\u00cb - Arkivi\",\"description\":\"Arkivi 2009-2015\",\"publisher\":{\"@id\":\"https:\\\/\\\/fjala.info\\\/2009-2015\\\/#organization\"},\"potentialAction\":[{\"@type\":\"SearchAction\",\"target\":{\"@type\":\"EntryPoint\",\"urlTemplate\":\"https:\\\/\\\/fjala.info\\\/2009-2015\\\/?s={search_term_string}\"},\"query-input\":{\"@type\":\"PropertyValueSpecification\",\"valueRequired\":true,\"valueName\":\"search_term_string\"}}],\"inLanguage\":\"sq-AL\"},{\"@type\":\"Organization\",\"@id\":\"https:\\\/\\\/fjala.info\\\/2009-2015\\\/#organization\",\"name\":\"FjALA e LIR\u00cb - Arkivi\",\"url\":\"https:\\\/\\\/fjala.info\\\/2009-2015\\\/\",\"logo\":{\"@type\":\"ImageObject\",\"inLanguage\":\"sq-AL\",\"@id\":\"https:\\\/\\\/fjala.info\\\/2009-2015\\\/#\\\/schema\\\/logo\\\/image\\\/\",\"url\":\"\",\"contentUrl\":\"\",\"caption\":\"FjALA e LIR\u00cb - Arkivi\"},\"image\":{\"@id\":\"https:\\\/\\\/fjala.info\\\/2009-2015\\\/#\\\/schema\\\/logo\\\/image\\\/\"}},{\"@type\":\"Person\",\"@id\":\"https:\\\/\\\/fjala.info\\\/2009-2015\\\/#\\\/schema\\\/person\\\/3aa1163ef05469c496fc94e77611ada2\",\"name\":\"admin\",\"image\":{\"@type\":\"ImageObject\",\"inLanguage\":\"sq-AL\",\"@id\":\"https:\\\/\\\/fjala.info\\\/2009-2015\\\/wp-content\\\/uploads\\\/2012\\\/02\\\/arben_cokaj-120x150.jpg\",\"url\":\"https:\\\/\\\/fjala.info\\\/2009-2015\\\/wp-content\\\/uploads\\\/2012\\\/02\\\/arben_cokaj-120x150.jpg\",\"contentUrl\":\"https:\\\/\\\/fjala.info\\\/2009-2015\\\/wp-content\\\/uploads\\\/2012\\\/02\\\/arben_cokaj-120x150.jpg\",\"caption\":\"admin\"},\"description\":\"Admin, Fjala e Lir\u00eb\",\"sameAs\":[\"https:\\\/\\\/fjala.info\\\/\"],\"url\":\"https:\\\/\\\/fjala.info\\\/2009-2015\\\/author\\\/admin\\\/\"}]}<\/script>\n<!-- \/ Yoast SEO plugin. -->","yoast_head_json":{"title":"Klinton\u00ebt dhe dyfishi i koh\u00ebs me Berish\u00ebn - FjALA e LIR\u00cb - Arkivi","robots":{"index":"index","follow":"follow","max-snippet":"max-snippet:-1","max-image-preview":"max-image-preview:large","max-video-preview":"max-video-preview:-1"},"canonical":"https:\/\/fjala.info\/2009-2015\/klintonet-dhe-dyfishi-i-kohes-me-berishen\/","og_locale":"sq_AL","og_type":"article","og_title":"Klinton\u00ebt dhe dyfishi i koh\u00ebs me Berish\u00ebn - FjALA e LIR\u00cb - Arkivi","og_description":"Nga Mero Baze, 30 Prill 2012 Mu kujtua Azem Hajdari. Kur Sali Berisha shkoi n\u00eb vizit\u00ebn e tij zyrtare n\u00eb SHBA n\u00eb vitin 1995, n\u00eb m\u00ebnyr\u00eb t\u00eb \u00e7uditshme ai k\u00ebmb\u00ebngulte se do t\u00eb merrte PD m\u00eb qaf\u00eb. Kishte nj\u00eb bindje q\u00eb vizita do t\u00eb hidhte n\u00eb er\u00eb pushtetin e PD-s\u00eb. Por n\u00eb dukje ishte ndryshe, [&hellip;]","og_url":"https:\/\/fjala.info\/2009-2015\/klintonet-dhe-dyfishi-i-kohes-me-berishen\/","og_site_name":"FjALA e LIR\u00cb - Arkivi","article_published_time":"2012-04-30T20:51:37+00:00","og_image":[{"url":"http:\/\/www.shkoder.net\/images\/fjala\/mero_baze1.jpg","type":"","width":"","height":""}],"author":"admin","twitter_card":"summary_large_image","twitter_misc":{"Written by":"admin","Est. reading time":"4 minutes"},"schema":{"@context":"https:\/\/schema.org","@graph":[{"@type":"Article","@id":"https:\/\/fjala.info\/2009-2015\/klintonet-dhe-dyfishi-i-kohes-me-berishen\/#article","isPartOf":{"@id":"https:\/\/fjala.info\/2009-2015\/klintonet-dhe-dyfishi-i-kohes-me-berishen\/"},"author":{"name":"admin","@id":"https:\/\/fjala.info\/2009-2015\/#\/schema\/person\/3aa1163ef05469c496fc94e77611ada2"},"headline":"Klinton\u00ebt dhe dyfishi i koh\u00ebs me Berish\u00ebn","datePublished":"2012-04-30T20:51:37+00:00","mainEntityOfPage":{"@id":"https:\/\/fjala.info\/2009-2015\/klintonet-dhe-dyfishi-i-kohes-me-berishen\/"},"wordCount":863,"commentCount":0,"publisher":{"@id":"https:\/\/fjala.info\/2009-2015\/#organization"},"image":{"@id":"https:\/\/fjala.info\/2009-2015\/klintonet-dhe-dyfishi-i-kohes-me-berishen\/#primaryimage"},"thumbnailUrl":"http:\/\/www.shkoder.net\/images\/fjala\/mero_baze1.jpg","articleSection":["Artikuj"],"inLanguage":"sq-AL","potentialAction":[{"@type":"CommentAction","name":"Comment","target":["https:\/\/fjala.info\/2009-2015\/klintonet-dhe-dyfishi-i-kohes-me-berishen\/#respond"]}]},{"@type":"WebPage","@id":"https:\/\/fjala.info\/2009-2015\/klintonet-dhe-dyfishi-i-kohes-me-berishen\/","url":"https:\/\/fjala.info\/2009-2015\/klintonet-dhe-dyfishi-i-kohes-me-berishen\/","name":"Klinton\u00ebt dhe dyfishi i koh\u00ebs me Berish\u00ebn - FjALA e LIR\u00cb - Arkivi","isPartOf":{"@id":"https:\/\/fjala.info\/2009-2015\/#website"},"primaryImageOfPage":{"@id":"https:\/\/fjala.info\/2009-2015\/klintonet-dhe-dyfishi-i-kohes-me-berishen\/#primaryimage"},"image":{"@id":"https:\/\/fjala.info\/2009-2015\/klintonet-dhe-dyfishi-i-kohes-me-berishen\/#primaryimage"},"thumbnailUrl":"http:\/\/www.shkoder.net\/images\/fjala\/mero_baze1.jpg","datePublished":"2012-04-30T20:51:37+00:00","breadcrumb":{"@id":"https:\/\/fjala.info\/2009-2015\/klintonet-dhe-dyfishi-i-kohes-me-berishen\/#breadcrumb"},"inLanguage":"sq-AL","potentialAction":[{"@type":"ReadAction","target":["https:\/\/fjala.info\/2009-2015\/klintonet-dhe-dyfishi-i-kohes-me-berishen\/"]}]},{"@type":"ImageObject","inLanguage":"sq-AL","@id":"https:\/\/fjala.info\/2009-2015\/klintonet-dhe-dyfishi-i-kohes-me-berishen\/#primaryimage","url":"http:\/\/www.shkoder.net\/images\/fjala\/mero_baze1.jpg","contentUrl":"http:\/\/www.shkoder.net\/images\/fjala\/mero_baze1.jpg"},{"@type":"BreadcrumbList","@id":"https:\/\/fjala.info\/2009-2015\/klintonet-dhe-dyfishi-i-kohes-me-berishen\/#breadcrumb","itemListElement":[{"@type":"ListItem","position":1,"name":"Home","item":"https:\/\/fjala.info\/2009-2015\/"},{"@type":"ListItem","position":2,"name":"Klinton\u00ebt dhe dyfishi i koh\u00ebs me Berish\u00ebn"}]},{"@type":"WebSite","@id":"https:\/\/fjala.info\/2009-2015\/#website","url":"https:\/\/fjala.info\/2009-2015\/","name":"FjALA e LIR\u00cb - Arkivi","description":"Arkivi 2009-2015","publisher":{"@id":"https:\/\/fjala.info\/2009-2015\/#organization"},"potentialAction":[{"@type":"SearchAction","target":{"@type":"EntryPoint","urlTemplate":"https:\/\/fjala.info\/2009-2015\/?s={search_term_string}"},"query-input":{"@type":"PropertyValueSpecification","valueRequired":true,"valueName":"search_term_string"}}],"inLanguage":"sq-AL"},{"@type":"Organization","@id":"https:\/\/fjala.info\/2009-2015\/#organization","name":"FjALA e LIR\u00cb - Arkivi","url":"https:\/\/fjala.info\/2009-2015\/","logo":{"@type":"ImageObject","inLanguage":"sq-AL","@id":"https:\/\/fjala.info\/2009-2015\/#\/schema\/logo\/image\/","url":"","contentUrl":"","caption":"FjALA e LIR\u00cb - Arkivi"},"image":{"@id":"https:\/\/fjala.info\/2009-2015\/#\/schema\/logo\/image\/"}},{"@type":"Person","@id":"https:\/\/fjala.info\/2009-2015\/#\/schema\/person\/3aa1163ef05469c496fc94e77611ada2","name":"admin","image":{"@type":"ImageObject","inLanguage":"sq-AL","@id":"https:\/\/fjala.info\/2009-2015\/wp-content\/uploads\/2012\/02\/arben_cokaj-120x150.jpg","url":"https:\/\/fjala.info\/2009-2015\/wp-content\/uploads\/2012\/02\/arben_cokaj-120x150.jpg","contentUrl":"https:\/\/fjala.info\/2009-2015\/wp-content\/uploads\/2012\/02\/arben_cokaj-120x150.jpg","caption":"admin"},"description":"Admin, Fjala e Lir\u00eb","sameAs":["https:\/\/fjala.info\/"],"url":"https:\/\/fjala.info\/2009-2015\/author\/admin\/"}]}},"_links":{"self":[{"href":"https:\/\/fjala.info\/2009-2015\/wp-json\/wp\/v2\/posts\/11805","targetHints":{"allow":["GET"]}}],"collection":[{"href":"https:\/\/fjala.info\/2009-2015\/wp-json\/wp\/v2\/posts"}],"about":[{"href":"https:\/\/fjala.info\/2009-2015\/wp-json\/wp\/v2\/types\/post"}],"author":[{"embeddable":true,"href":"https:\/\/fjala.info\/2009-2015\/wp-json\/wp\/v2\/users\/1"}],"replies":[{"embeddable":true,"href":"https:\/\/fjala.info\/2009-2015\/wp-json\/wp\/v2\/comments?post=11805"}],"version-history":[{"count":0,"href":"https:\/\/fjala.info\/2009-2015\/wp-json\/wp\/v2\/posts\/11805\/revisions"}],"wp:attachment":[{"href":"https:\/\/fjala.info\/2009-2015\/wp-json\/wp\/v2\/media?parent=11805"}],"wp:term":[{"taxonomy":"category","embeddable":true,"href":"https:\/\/fjala.info\/2009-2015\/wp-json\/wp\/v2\/categories?post=11805"},{"taxonomy":"post_tag","embeddable":true,"href":"https:\/\/fjala.info\/2009-2015\/wp-json\/wp\/v2\/tags?post=11805"}],"curies":[{"name":"wp","href":"https:\/\/api.w.org\/{rel}","templated":true}]}}