{"id":11803,"date":"2012-04-28T22:15:02","date_gmt":"2012-04-28T21:15:02","guid":{"rendered":"http:\/\/fjala.shkoder.net\/?p=2688"},"modified":"2012-04-28T22:15:02","modified_gmt":"2012-04-28T21:15:02","slug":"mos-e-lencim-kete-vend-te-na-vrase","status":"publish","type":"post","link":"https:\/\/fjala.info\/2009-2015\/mos-e-lencim-kete-vend-te-na-vrase\/","title":{"rendered":"Mos e l\u00ebn\u00e7im k\u00ebt\u00eb vend t\u00eb na vras\u00eb!"},"content":{"rendered":"<p><img decoding=\"async\" class=\"alignleft size-thumbnail wp-image-7236\" title=\"Rudina Xhunga\" src=\"http:\/\/www.shkoder.net\/2012\/rudina_xhunga.jpg\" alt=\"\" width=\"150\" \/> Nga <strong>Rudina Xhunga<\/strong>, <em>28 Prill 2012<\/em><\/p>\n<p>Kur Robert Elsie m\u00eb tha gjat\u00eb nj\u00eb interviste se po t\u00eb ishte shqiptar, do t\u00eb ishte \u00e7mendur, un\u00eb mendova p\u00ebr Ardianin.<\/p>\n<p>\u201cUn\u00eb jam i brisht\u00eb,\u201d tha Elsie. \u201cJam si nj\u00eb lepur. Nuk do ia kisha dal\u00eb dot k\u00ebtu.\u201d<\/p>\n<p>Doja q\u00eb Ardiani ta kishte d\u00ebgjuar at\u00eb intervist\u00eb.<\/p>\n<p>Pastaj pyeta Johnathan Franzen, si ia kishte b\u00ebr\u00eb ai q\u00eb ia kishte dale, kur shoku i tij m\u00eb i mir\u00eb, rivali dhe kolegu, David Foster Wallace, kishte vrar\u00eb veten.<\/p>\n<p>Dhe kur Franzen rr\u00ebfente p\u00ebr shokun, mikun, kolegun dhe rivalin e vet\u00ebvrar\u00eb, un\u00eb mendoja p\u00ebrs\u00ebri p\u00ebr Ardianin.<\/p>\n<p>Doja ta d\u00ebgjonte edhe k\u00ebt\u00eb intervist\u00eb.<\/p>\n<p>Sot, tek jam k\u00ebtu p\u00ebr takimin e fundit, nuk arrij t\u00eb kuptoj pse i bija aq larg edhe gjat\u00eb?<\/p>\n<p>Pse nuk e ndaloja, nj\u00ebr\u00ebn prej her\u00ebve, kur e ndeshja n\u00eb sh\u00ebtitjen liqenit, dhe thjesht ta pyesja?<\/p>\n<p>Pse b\u00ebja sikur nuk e shikoja kur ai vinte p\u00ebrball\u00eb meje me bi\u00e7iklete dhe un\u00eb me kapele e syze ulja kok\u00ebn?<\/p>\n<p>Ishte kaq e thjesht\u00eb.<\/p>\n<p>Un\u00eb e nderlikoja, duke dashur t\u2019i d\u00ebrgoja mesazhe n\u00eb hap\u00ebsir\u00eb, kur ai ishte dy hapa af\u00ebr, \u00e7do pasdite nga liqeni.<\/p>\n<p>Mund ta kisha pyetur \u00e7donjeren prej atyre dit\u00ebve: \u201cSi je Dan? Bej dot gj\u00eb p\u00ebr ty?\u201d<\/p>\n<p>Sot \u00ebsht\u00eb von\u00eb. Klosi iku.<\/p>\n<p>Iku nga jeta e vet. Sepse n\u00eb jet\u00ebn ton\u00eb, n\u00eb jet\u00ebn time \u00ebsht\u00eb akoma.<\/p>\n<p>\u00cbsht\u00eb me takimin e par\u00eb, kur Edi m\u00eb njohu me t\u00eb, \u00ebsht\u00eb n\u00eb kafen e par\u00eb, n\u00eb pun\u00ebn e par\u00eb, n\u00eb inatin e par\u00eb dhe emisionin e fundit me t\u00eb.<\/p>\n<p>\u00cbsht\u00eb me trishtimin, hutimin, shk\u00eblqimin, humorin dhe vet\u00ebironine, \u00ebsht\u00eb me numrin e tij t\u00eb telefonit ende n\u00eb celular\u00ebt ton\u00eb.<\/p>\n<p>Ardian Klosi iku nga jeta e vet. Por nuk iku nga jeta jon\u00eb.<\/p>\n<p>\u00cbsht\u00eb n\u00eb jet\u00ebn time dhe ton\u00ebn si d\u00ebshp\u00ebrim, si frik\u00eb, si ankth, si besim, si mallkim, si urim, si premtim:<\/p>\n<p>Mos e l\u00ebn\u00e7im k\u00ebt\u00eb vend t\u00eb na vras\u00eb!<\/p>\n<p>***<\/p>\n<p>K\u00ebtu, n\u00eb Sharr\u00eb, \u00ebsht\u00eb nj\u00eb qytet q\u00eb po shtohet e zgjerohet p\u00ebrdit\u00eb. Qyteti i banes\u00ebs son\u00eb t\u00eb fundit.<\/p>\n<p>Kemi k\u00ebtu njer\u00ebz t\u00eb dashur.<\/p>\n<p>Sot po sjellim Ardianin.<\/p>\n<p>T\u00eb qoft\u00eb i leht\u00eb dheu me t\u00eb cilin do t\u00eb t\u00eb mbulojm\u00eb, Dan!<\/p>\n<p>Takofsh njer\u00ebz t\u00eb dashur atje ku po shkon!<\/p>\n<p>Por mbaje nj\u00eb sy k\u00ebtej, nga njer\u00ebzit e tu t\u00eb zemr\u00ebs.<\/p>\n<p>Dhe nj\u00eb vesh p\u00ebr ne, q\u00eb kemi beteja t\u00eb l\u00ebna p\u00ebrgjysm\u00eb.<\/p>\n<p>Ti ishe nj\u00eb qytetar i rrall\u00eb Ardian Klosi. Do t\u00eb na mungosh!<\/p>\n<p>* <em>Fjala e lamtumir\u00ebs mbi varrin e Ardian Klosit<\/em><\/p>\n","protected":false},"excerpt":{"rendered":"<p>Nga Rudina Xhunga, 28 Prill 2012 Kur Robert Elsie m\u00eb tha gjat\u00eb nj\u00eb interviste se po t\u00eb ishte shqiptar, do t\u00eb ishte \u00e7mendur, un\u00eb mendova p\u00ebr Ardianin. \u201cUn\u00eb jam i brisht\u00eb,\u201d tha Elsie. \u201cJam si nj\u00eb lepur. Nuk do ia kisha dal\u00eb dot k\u00ebtu.\u201d Doja q\u00eb Ardiani ta kishte d\u00ebgjuar at\u00eb intervist\u00eb. Pastaj pyeta Johnathan [&hellip;]<\/p>\n","protected":false},"author":1,"featured_media":0,"comment_status":"open","ping_status":"closed","sticky":false,"template":"","format":"standard","meta":{"footnotes":""},"categories":[2,5],"tags":[],"class_list":{"0":"post-11803","1":"post","2":"type-post","3":"status-publish","4":"format-standard","6":"category-artikuj","7":"category-lajme"},"yoast_head":"<!-- This site is optimized with the Yoast SEO plugin v27.4 - https:\/\/yoast.com\/product\/yoast-seo-wordpress\/ -->\n<title>Mos e l\u00ebn\u00e7im k\u00ebt\u00eb vend t\u00eb na vras\u00eb! - FjALA e LIR\u00cb - Arkivi<\/title>\n<meta name=\"robots\" content=\"index, follow, max-snippet:-1, max-image-preview:large, max-video-preview:-1\" \/>\n<link rel=\"canonical\" href=\"https:\/\/fjala.info\/2009-2015\/mos-e-lencim-kete-vend-te-na-vrase\/\" \/>\n<meta property=\"og:locale\" content=\"sq_AL\" \/>\n<meta property=\"og:type\" content=\"article\" \/>\n<meta property=\"og:title\" content=\"Mos e l\u00ebn\u00e7im k\u00ebt\u00eb vend t\u00eb na vras\u00eb! - FjALA e LIR\u00cb - Arkivi\" \/>\n<meta property=\"og:description\" content=\"Nga Rudina Xhunga, 28 Prill 2012 Kur Robert Elsie m\u00eb tha gjat\u00eb nj\u00eb interviste se po t\u00eb ishte shqiptar, do t\u00eb ishte \u00e7mendur, un\u00eb mendova p\u00ebr Ardianin. \u201cUn\u00eb jam i brisht\u00eb,\u201d tha Elsie. \u201cJam si nj\u00eb lepur. Nuk do ia kisha dal\u00eb dot k\u00ebtu.\u201d Doja q\u00eb Ardiani ta kishte d\u00ebgjuar at\u00eb intervist\u00eb. Pastaj pyeta Johnathan [&hellip;]\" \/>\n<meta property=\"og:url\" content=\"https:\/\/fjala.info\/2009-2015\/mos-e-lencim-kete-vend-te-na-vrase\/\" \/>\n<meta property=\"og:site_name\" content=\"FjALA e LIR\u00cb - Arkivi\" \/>\n<meta property=\"article:published_time\" content=\"2012-04-28T21:15:02+00:00\" \/>\n<meta property=\"og:image\" content=\"http:\/\/www.shkoder.net\/2012\/rudina_xhunga.jpg\" \/>\n<meta name=\"author\" content=\"admin\" \/>\n<meta name=\"twitter:card\" content=\"summary_large_image\" \/>\n<meta name=\"twitter:label1\" content=\"Written by\" \/>\n\t<meta name=\"twitter:data1\" content=\"admin\" \/>\n\t<meta name=\"twitter:label2\" content=\"Est. reading time\" \/>\n\t<meta name=\"twitter:data2\" content=\"2 minutes\" \/>\n<script type=\"application\/ld+json\" class=\"yoast-schema-graph\">{\"@context\":\"https:\\\/\\\/schema.org\",\"@graph\":[{\"@type\":\"Article\",\"@id\":\"https:\\\/\\\/fjala.info\\\/2009-2015\\\/mos-e-lencim-kete-vend-te-na-vrase\\\/#article\",\"isPartOf\":{\"@id\":\"https:\\\/\\\/fjala.info\\\/2009-2015\\\/mos-e-lencim-kete-vend-te-na-vrase\\\/\"},\"author\":{\"name\":\"admin\",\"@id\":\"https:\\\/\\\/fjala.info\\\/2009-2015\\\/#\\\/schema\\\/person\\\/3aa1163ef05469c496fc94e77611ada2\"},\"headline\":\"Mos e l\u00ebn\u00e7im k\u00ebt\u00eb vend t\u00eb na vras\u00eb!\",\"datePublished\":\"2012-04-28T21:15:02+00:00\",\"mainEntityOfPage\":{\"@id\":\"https:\\\/\\\/fjala.info\\\/2009-2015\\\/mos-e-lencim-kete-vend-te-na-vrase\\\/\"},\"wordCount\":463,\"commentCount\":1,\"publisher\":{\"@id\":\"https:\\\/\\\/fjala.info\\\/2009-2015\\\/#organization\"},\"image\":{\"@id\":\"https:\\\/\\\/fjala.info\\\/2009-2015\\\/mos-e-lencim-kete-vend-te-na-vrase\\\/#primaryimage\"},\"thumbnailUrl\":\"http:\\\/\\\/www.shkoder.net\\\/2012\\\/rudina_xhunga.jpg\",\"articleSection\":[\"Artikuj\",\"Lajme\"],\"inLanguage\":\"sq-AL\",\"potentialAction\":[{\"@type\":\"CommentAction\",\"name\":\"Comment\",\"target\":[\"https:\\\/\\\/fjala.info\\\/2009-2015\\\/mos-e-lencim-kete-vend-te-na-vrase\\\/#respond\"]}]},{\"@type\":\"WebPage\",\"@id\":\"https:\\\/\\\/fjala.info\\\/2009-2015\\\/mos-e-lencim-kete-vend-te-na-vrase\\\/\",\"url\":\"https:\\\/\\\/fjala.info\\\/2009-2015\\\/mos-e-lencim-kete-vend-te-na-vrase\\\/\",\"name\":\"Mos e l\u00ebn\u00e7im k\u00ebt\u00eb vend t\u00eb na vras\u00eb! - FjALA e LIR\u00cb - Arkivi\",\"isPartOf\":{\"@id\":\"https:\\\/\\\/fjala.info\\\/2009-2015\\\/#website\"},\"primaryImageOfPage\":{\"@id\":\"https:\\\/\\\/fjala.info\\\/2009-2015\\\/mos-e-lencim-kete-vend-te-na-vrase\\\/#primaryimage\"},\"image\":{\"@id\":\"https:\\\/\\\/fjala.info\\\/2009-2015\\\/mos-e-lencim-kete-vend-te-na-vrase\\\/#primaryimage\"},\"thumbnailUrl\":\"http:\\\/\\\/www.shkoder.net\\\/2012\\\/rudina_xhunga.jpg\",\"datePublished\":\"2012-04-28T21:15:02+00:00\",\"breadcrumb\":{\"@id\":\"https:\\\/\\\/fjala.info\\\/2009-2015\\\/mos-e-lencim-kete-vend-te-na-vrase\\\/#breadcrumb\"},\"inLanguage\":\"sq-AL\",\"potentialAction\":[{\"@type\":\"ReadAction\",\"target\":[\"https:\\\/\\\/fjala.info\\\/2009-2015\\\/mos-e-lencim-kete-vend-te-na-vrase\\\/\"]}]},{\"@type\":\"ImageObject\",\"inLanguage\":\"sq-AL\",\"@id\":\"https:\\\/\\\/fjala.info\\\/2009-2015\\\/mos-e-lencim-kete-vend-te-na-vrase\\\/#primaryimage\",\"url\":\"http:\\\/\\\/www.shkoder.net\\\/2012\\\/rudina_xhunga.jpg\",\"contentUrl\":\"http:\\\/\\\/www.shkoder.net\\\/2012\\\/rudina_xhunga.jpg\"},{\"@type\":\"BreadcrumbList\",\"@id\":\"https:\\\/\\\/fjala.info\\\/2009-2015\\\/mos-e-lencim-kete-vend-te-na-vrase\\\/#breadcrumb\",\"itemListElement\":[{\"@type\":\"ListItem\",\"position\":1,\"name\":\"Home\",\"item\":\"https:\\\/\\\/fjala.info\\\/2009-2015\\\/\"},{\"@type\":\"ListItem\",\"position\":2,\"name\":\"Mos e l\u00ebn\u00e7im k\u00ebt\u00eb vend t\u00eb na vras\u00eb!\"}]},{\"@type\":\"WebSite\",\"@id\":\"https:\\\/\\\/fjala.info\\\/2009-2015\\\/#website\",\"url\":\"https:\\\/\\\/fjala.info\\\/2009-2015\\\/\",\"name\":\"FjALA e LIR\u00cb - Arkivi\",\"description\":\"Arkivi 2009-2015\",\"publisher\":{\"@id\":\"https:\\\/\\\/fjala.info\\\/2009-2015\\\/#organization\"},\"potentialAction\":[{\"@type\":\"SearchAction\",\"target\":{\"@type\":\"EntryPoint\",\"urlTemplate\":\"https:\\\/\\\/fjala.info\\\/2009-2015\\\/?s={search_term_string}\"},\"query-input\":{\"@type\":\"PropertyValueSpecification\",\"valueRequired\":true,\"valueName\":\"search_term_string\"}}],\"inLanguage\":\"sq-AL\"},{\"@type\":\"Organization\",\"@id\":\"https:\\\/\\\/fjala.info\\\/2009-2015\\\/#organization\",\"name\":\"FjALA e LIR\u00cb - Arkivi\",\"url\":\"https:\\\/\\\/fjala.info\\\/2009-2015\\\/\",\"logo\":{\"@type\":\"ImageObject\",\"inLanguage\":\"sq-AL\",\"@id\":\"https:\\\/\\\/fjala.info\\\/2009-2015\\\/#\\\/schema\\\/logo\\\/image\\\/\",\"url\":\"\",\"contentUrl\":\"\",\"caption\":\"FjALA e LIR\u00cb - Arkivi\"},\"image\":{\"@id\":\"https:\\\/\\\/fjala.info\\\/2009-2015\\\/#\\\/schema\\\/logo\\\/image\\\/\"}},{\"@type\":\"Person\",\"@id\":\"https:\\\/\\\/fjala.info\\\/2009-2015\\\/#\\\/schema\\\/person\\\/3aa1163ef05469c496fc94e77611ada2\",\"name\":\"admin\",\"image\":{\"@type\":\"ImageObject\",\"inLanguage\":\"sq-AL\",\"@id\":\"https:\\\/\\\/fjala.info\\\/2009-2015\\\/wp-content\\\/uploads\\\/2012\\\/02\\\/arben_cokaj-120x150.jpg\",\"url\":\"https:\\\/\\\/fjala.info\\\/2009-2015\\\/wp-content\\\/uploads\\\/2012\\\/02\\\/arben_cokaj-120x150.jpg\",\"contentUrl\":\"https:\\\/\\\/fjala.info\\\/2009-2015\\\/wp-content\\\/uploads\\\/2012\\\/02\\\/arben_cokaj-120x150.jpg\",\"caption\":\"admin\"},\"description\":\"Admin, Fjala e Lir\u00eb\",\"sameAs\":[\"https:\\\/\\\/fjala.info\\\/\"],\"url\":\"https:\\\/\\\/fjala.info\\\/2009-2015\\\/author\\\/admin\\\/\"}]}<\/script>\n<!-- \/ Yoast SEO plugin. -->","yoast_head_json":{"title":"Mos e l\u00ebn\u00e7im k\u00ebt\u00eb vend t\u00eb na vras\u00eb! - FjALA e LIR\u00cb - Arkivi","robots":{"index":"index","follow":"follow","max-snippet":"max-snippet:-1","max-image-preview":"max-image-preview:large","max-video-preview":"max-video-preview:-1"},"canonical":"https:\/\/fjala.info\/2009-2015\/mos-e-lencim-kete-vend-te-na-vrase\/","og_locale":"sq_AL","og_type":"article","og_title":"Mos e l\u00ebn\u00e7im k\u00ebt\u00eb vend t\u00eb na vras\u00eb! - FjALA e LIR\u00cb - Arkivi","og_description":"Nga Rudina Xhunga, 28 Prill 2012 Kur Robert Elsie m\u00eb tha gjat\u00eb nj\u00eb interviste se po t\u00eb ishte shqiptar, do t\u00eb ishte \u00e7mendur, un\u00eb mendova p\u00ebr Ardianin. \u201cUn\u00eb jam i brisht\u00eb,\u201d tha Elsie. \u201cJam si nj\u00eb lepur. Nuk do ia kisha dal\u00eb dot k\u00ebtu.\u201d Doja q\u00eb Ardiani ta kishte d\u00ebgjuar at\u00eb intervist\u00eb. Pastaj pyeta Johnathan [&hellip;]","og_url":"https:\/\/fjala.info\/2009-2015\/mos-e-lencim-kete-vend-te-na-vrase\/","og_site_name":"FjALA e LIR\u00cb - Arkivi","article_published_time":"2012-04-28T21:15:02+00:00","og_image":[{"url":"http:\/\/www.shkoder.net\/2012\/rudina_xhunga.jpg","type":"","width":"","height":""}],"author":"admin","twitter_card":"summary_large_image","twitter_misc":{"Written by":"admin","Est. reading time":"2 minutes"},"schema":{"@context":"https:\/\/schema.org","@graph":[{"@type":"Article","@id":"https:\/\/fjala.info\/2009-2015\/mos-e-lencim-kete-vend-te-na-vrase\/#article","isPartOf":{"@id":"https:\/\/fjala.info\/2009-2015\/mos-e-lencim-kete-vend-te-na-vrase\/"},"author":{"name":"admin","@id":"https:\/\/fjala.info\/2009-2015\/#\/schema\/person\/3aa1163ef05469c496fc94e77611ada2"},"headline":"Mos e l\u00ebn\u00e7im k\u00ebt\u00eb vend t\u00eb na vras\u00eb!","datePublished":"2012-04-28T21:15:02+00:00","mainEntityOfPage":{"@id":"https:\/\/fjala.info\/2009-2015\/mos-e-lencim-kete-vend-te-na-vrase\/"},"wordCount":463,"commentCount":1,"publisher":{"@id":"https:\/\/fjala.info\/2009-2015\/#organization"},"image":{"@id":"https:\/\/fjala.info\/2009-2015\/mos-e-lencim-kete-vend-te-na-vrase\/#primaryimage"},"thumbnailUrl":"http:\/\/www.shkoder.net\/2012\/rudina_xhunga.jpg","articleSection":["Artikuj","Lajme"],"inLanguage":"sq-AL","potentialAction":[{"@type":"CommentAction","name":"Comment","target":["https:\/\/fjala.info\/2009-2015\/mos-e-lencim-kete-vend-te-na-vrase\/#respond"]}]},{"@type":"WebPage","@id":"https:\/\/fjala.info\/2009-2015\/mos-e-lencim-kete-vend-te-na-vrase\/","url":"https:\/\/fjala.info\/2009-2015\/mos-e-lencim-kete-vend-te-na-vrase\/","name":"Mos e l\u00ebn\u00e7im k\u00ebt\u00eb vend t\u00eb na vras\u00eb! - FjALA e LIR\u00cb - Arkivi","isPartOf":{"@id":"https:\/\/fjala.info\/2009-2015\/#website"},"primaryImageOfPage":{"@id":"https:\/\/fjala.info\/2009-2015\/mos-e-lencim-kete-vend-te-na-vrase\/#primaryimage"},"image":{"@id":"https:\/\/fjala.info\/2009-2015\/mos-e-lencim-kete-vend-te-na-vrase\/#primaryimage"},"thumbnailUrl":"http:\/\/www.shkoder.net\/2012\/rudina_xhunga.jpg","datePublished":"2012-04-28T21:15:02+00:00","breadcrumb":{"@id":"https:\/\/fjala.info\/2009-2015\/mos-e-lencim-kete-vend-te-na-vrase\/#breadcrumb"},"inLanguage":"sq-AL","potentialAction":[{"@type":"ReadAction","target":["https:\/\/fjala.info\/2009-2015\/mos-e-lencim-kete-vend-te-na-vrase\/"]}]},{"@type":"ImageObject","inLanguage":"sq-AL","@id":"https:\/\/fjala.info\/2009-2015\/mos-e-lencim-kete-vend-te-na-vrase\/#primaryimage","url":"http:\/\/www.shkoder.net\/2012\/rudina_xhunga.jpg","contentUrl":"http:\/\/www.shkoder.net\/2012\/rudina_xhunga.jpg"},{"@type":"BreadcrumbList","@id":"https:\/\/fjala.info\/2009-2015\/mos-e-lencim-kete-vend-te-na-vrase\/#breadcrumb","itemListElement":[{"@type":"ListItem","position":1,"name":"Home","item":"https:\/\/fjala.info\/2009-2015\/"},{"@type":"ListItem","position":2,"name":"Mos e l\u00ebn\u00e7im k\u00ebt\u00eb vend t\u00eb na vras\u00eb!"}]},{"@type":"WebSite","@id":"https:\/\/fjala.info\/2009-2015\/#website","url":"https:\/\/fjala.info\/2009-2015\/","name":"FjALA e LIR\u00cb - Arkivi","description":"Arkivi 2009-2015","publisher":{"@id":"https:\/\/fjala.info\/2009-2015\/#organization"},"potentialAction":[{"@type":"SearchAction","target":{"@type":"EntryPoint","urlTemplate":"https:\/\/fjala.info\/2009-2015\/?s={search_term_string}"},"query-input":{"@type":"PropertyValueSpecification","valueRequired":true,"valueName":"search_term_string"}}],"inLanguage":"sq-AL"},{"@type":"Organization","@id":"https:\/\/fjala.info\/2009-2015\/#organization","name":"FjALA e LIR\u00cb - Arkivi","url":"https:\/\/fjala.info\/2009-2015\/","logo":{"@type":"ImageObject","inLanguage":"sq-AL","@id":"https:\/\/fjala.info\/2009-2015\/#\/schema\/logo\/image\/","url":"","contentUrl":"","caption":"FjALA e LIR\u00cb - Arkivi"},"image":{"@id":"https:\/\/fjala.info\/2009-2015\/#\/schema\/logo\/image\/"}},{"@type":"Person","@id":"https:\/\/fjala.info\/2009-2015\/#\/schema\/person\/3aa1163ef05469c496fc94e77611ada2","name":"admin","image":{"@type":"ImageObject","inLanguage":"sq-AL","@id":"https:\/\/fjala.info\/2009-2015\/wp-content\/uploads\/2012\/02\/arben_cokaj-120x150.jpg","url":"https:\/\/fjala.info\/2009-2015\/wp-content\/uploads\/2012\/02\/arben_cokaj-120x150.jpg","contentUrl":"https:\/\/fjala.info\/2009-2015\/wp-content\/uploads\/2012\/02\/arben_cokaj-120x150.jpg","caption":"admin"},"description":"Admin, Fjala e Lir\u00eb","sameAs":["https:\/\/fjala.info\/"],"url":"https:\/\/fjala.info\/2009-2015\/author\/admin\/"}]}},"_links":{"self":[{"href":"https:\/\/fjala.info\/2009-2015\/wp-json\/wp\/v2\/posts\/11803","targetHints":{"allow":["GET"]}}],"collection":[{"href":"https:\/\/fjala.info\/2009-2015\/wp-json\/wp\/v2\/posts"}],"about":[{"href":"https:\/\/fjala.info\/2009-2015\/wp-json\/wp\/v2\/types\/post"}],"author":[{"embeddable":true,"href":"https:\/\/fjala.info\/2009-2015\/wp-json\/wp\/v2\/users\/1"}],"replies":[{"embeddable":true,"href":"https:\/\/fjala.info\/2009-2015\/wp-json\/wp\/v2\/comments?post=11803"}],"version-history":[{"count":0,"href":"https:\/\/fjala.info\/2009-2015\/wp-json\/wp\/v2\/posts\/11803\/revisions"}],"wp:attachment":[{"href":"https:\/\/fjala.info\/2009-2015\/wp-json\/wp\/v2\/media?parent=11803"}],"wp:term":[{"taxonomy":"category","embeddable":true,"href":"https:\/\/fjala.info\/2009-2015\/wp-json\/wp\/v2\/categories?post=11803"},{"taxonomy":"post_tag","embeddable":true,"href":"https:\/\/fjala.info\/2009-2015\/wp-json\/wp\/v2\/tags?post=11803"}],"curies":[{"name":"wp","href":"https:\/\/api.w.org\/{rel}","templated":true}]}}