{"id":11799,"date":"2012-04-26T22:35:20","date_gmt":"2012-04-26T21:35:20","guid":{"rendered":"http:\/\/fjala.shkoder.net\/?p=2641"},"modified":"2012-04-26T22:35:20","modified_gmt":"2012-04-26T21:35:20","slug":"ju-lutemi-per-ndihme-nga-ojq-jeta-ne-kastriot","status":"publish","type":"post","link":"https:\/\/fjala.info\/2009-2015\/ju-lutemi-per-ndihme-nga-ojq-jeta-ne-kastriot\/","title":{"rendered":"Ju lutemi p\u00ebr ndihm\u00eb nga OJQ \u201cJETA N\u00cb KASTRIOT\u201d"},"content":{"rendered":"<p>(<em>k\u00ebrkojm\u00eb ta bleni librin ton\u00eb p\u00ebr ta ndihmuar udh\u00ebtimin e viktimave<\/em>)<br \/>\n<img decoding=\"async\" class=\"alignright size-thumbnail wp-image-7236\" title=\"Jeta n\u00eb Kastriot\" src=\"http:\/\/www.shkoder.net\/2012\/jeta_ne_kastriot.jpg\" alt=\"\" width=\"150\" \/><br \/>\nNe p\u00ebrkujdesemi p\u00ebr 2016 femra t\u00eb p\u00ebrdhunuara dhe 307 jetim\u00ebt e k\u00ebsaj kategorie. Zakonisht ne, \u00e7do muaj sigurojm\u00eb gj\u00ebrat elementare p\u00ebr t\u00eb jetuar p\u00ebr 150 viktima, por patjet\u00ebr na duhet tu sigurojm\u00eb parat p\u00ebr barnat e tyre dhe pakot ushqimore. Ju lutem bleni nga nj\u00eb lib\u00ebr q\u00eb t\u00eb mund t\u00eb sigurojm\u00eb udh\u00ebtimin e dy viktimave p\u00ebr operacion jasht\u00eb vendit, sakt\u00ebsisht n\u00eb Norvegji.<\/p>\n<p>Ju lutem bleni nga nj\u00eb lib\u00ebr me titullin Rrefimet e femrave t\u00eb dhunuara gjat\u00eb luft\u00ebs n\u00eb Kosov\u00eb q\u00eb kushton 10 Euro dhe mjetet derdhen n\u00eb xhirollogarin\u00eb organizat\u00ebs me \u00e7ka ju mund\u00ebsojm\u00eb dy viktimave udh\u00ebtimin pasi q\u00eb p\u00ebr operacion kemi gjetur donatorin. Edhe n\u00eb lib\u00ebr jan\u00eb p\u00ebrjetimet e femrave t\u00eb dhunuara ndaj ju lutemi na ndihmoni ti d\u00ebrgojm\u00eb ato jasht\u00eb vendit p\u00ebr sh\u00ebrim dhe t\u00eb ua b\u00ebjm\u00eb jet\u00ebn sa m\u00eb t\u00eb let\u00eb atyre. Nj\u00eb blet kthyese kushton 480 euro, dhe ne duhet ti sigurojm parat deri me 04 maj 2012.<br \/>\n<img decoding=\"async\" class=\"alignright size-thumbnail wp-image-7236\" title=\"Rr\u00ebfime trondit\u00ebse\" src=\"http:\/\/www.shkoder.net\/2012\/rrefime_tronditese.jpg\" alt=\"\" width=\"200\" \/><br \/>\nPakoja e gjerave ushqimore dhe sanitare p\u00ebr nj\u00eb familje p\u00ebrmban:<\/p>\n<p>5 kg mielli, 1 kg krip\u00eb, 2 qese makorona, 2 qese shpageta, 2 qese oriz,<br \/>\n1 biber p\u00ebr gjella, 1 shtojc p\u00ebr gjella (vegeta), 1 kofe, djath t\u00eb but\u00eb (q\u00eb sh\u00ebrben edhe p\u00ebr pite),<\/p>\n<p>1 kove xhem ose aerokrem, 1 thes me patate, 1 thes me qep\u00eb, 2 kg fasule,<br \/>\n2 kg sheqer, 200 gram \u00e7aj , 1 thes detergjent ,1 shampo p\u00ebr flok\u00eb, 1 shampo p\u00ebr en\u00eb,<br \/>\n1 shampo p\u00ebr duar, 1 past\u00eb p\u00ebr dhemb\u00eb, 1.dizenfektues, i shpuz\u00eb p\u00ebr larjen e en\u00ebve,<br \/>\n1 kg suxhuk ose sallama, 3 litra vaj.<br \/>\nSuxhuku dhe salami zakonisht z\u00ebvendsohet me kavanoza (konzerva).<br \/>\nGjithashtu kerkojm veshmbaje te p\u00ebrdorura sepse edhe ato na hyn ne pune.<\/p>\n<p>Kontribiti juaj do t\u00eb reklamohet tek www.vajzat.com.<br \/>\nN\u00ebse ju d\u00ebshironi t\u00eb ndihmoni, ju lutemi na kontaktoni n\u00eb telefonin (0377) 044 209 651 ose n\u00ebse vendosni t\u00eb na ndihmoni me mjete, k\u00ebt\u00eb mund ta b\u00ebni n\u00eb k\u00ebt\u00eb xhirollogarin\u00eb e Organizat\u00ebs. Ju lutem leht\u00ebsoni jet\u00ebn e atyre q\u00eb kan\u00eb shum\u00eb nevoj\u00eb p\u00ebr ndihm\u00ebn dhe p\u00ebrkrahjen tuaj.<br \/>\nJa xhirollogarija e Organizat\u00ebs :<br \/>\nLLOGARIJA P\u00cbR N\u00cb KOSOV\u00cb:<br \/>\nProCredit Bank<br \/>\nNGO-SHOQATA E GRUAS JETA N\u00cb KASTRIOT<br \/>\nNumri I llogaris\u00eb 1110172740000153<br \/>\nnd\u00ebrsa ata q\u00eb jan\u00eb jasht\u00eb Kosov\u00ebs p.sh. n\u00eb Gjemani, Shqip\u00ebri&#8230; mund t\u00eb d\u00ebrgojn\u00eb p\u00ebrmes k\u00ebsaj llogarie n\u00eb PROCREDIT BANK<br \/>\nNumri i pranuesit : 1110172740000153<br \/>\nemri dhe mbiemri i pranuesit : NGO- Shoqata e gruas Jeta n\u00eb Kastriot<br \/>\nadresa : Rruga Hajdar Dushi hyrja 2 num\u00ebr 5 Prishtin\u00eb<br \/>\ntelefoni 00377 44 209651<br \/>\nBanka : PROCREDIT BANK KOSOVO<br \/>\nFilialja e llogaris\u00eb perfituese: Prishtin\u00eb<br \/>\nSWIFIT CODE: MBKOCS22<\/p>\n<p>Kush jemi ne:<br \/>\nOrganizata e gruas \u201cJeta n\u00eb Kastriot\u201c \u00ebsht\u00eb organizat\u00eb e regjistruar dhe ka numrin e regjistrimit 5100725-5, si dhe ka statuesin e benificuar. Ne p\u00ebrkujdesemi p\u00ebr 2016 femra t\u00eb cilat jan\u00eb t\u00eb dhunuara seksualisht nga policia dhe ushtria serbe gjat\u00eb luft\u00ebs s\u00eb fundit dhe tani ato kan\u00eb nevoj\u00eb p\u00ebr trajtim mj\u00ebksor dhe ndihma t\u00eb tjera &#8230; Deri m\u00eb sot punojm\u00eb nj\u00eb ekip prej 15 vetash q\u00eb b\u00ebjm\u00eb pun\u00eb vullnetare dhe q\u00eb ndihmojm\u00eb femrat t\u00eb cilat kan\u00eb qen\u00eb viktima t\u00eb dhun\u00ebs seksuale, fizike dhe psikike, t\u00eb cilat kan\u00eb nevoj\u00eb dhe tash jan\u00eb n\u00eb mb\u00ebshtetjen ton\u00eb.<\/p>\n<p>Ne gjat\u00eb pun\u00ebs n\u00eb terren kemi identifikuar 2019 femra t\u00eb cilat jan\u00eb dhunuar, t\u00eb cilat tash p\u00ebr tash p\u00ebrve\u00e7 se 114 prej tyre q\u00eb kan\u00eb plag\u00eb t\u00eb dukshme n\u00eb trup (kan\u00eb gjinj\u00eb t\u00eb prer\u00eb, gishtrinj\u00eb t\u00eb k\u00ebputur, 9 me nj\u00eb sy t\u00eb verbuar ose t\u00eb d\u00ebmtuar q\u00eb nuk sheh fare dhe 37 me plag\u00eb t\u00eb hapura n\u00eb fytyr\u00eb, kan\u00eb prerje t\u00eb ndryshme n\u00eb trup, djegje me cigare dhe gjera tjera, etj.). Tri nga ato kan\u00eb b\u00ebr\u00eb vet\u00ebvrasje gjat\u00eb vitit q\u00eb shkoi.<\/p>\n<p>Ato jan\u00eb n\u00eb gjendje t\u00eb r\u00ebnd\u00eb sh\u00ebndet\u00ebsore, psikike ato detyrohen t\u00eb kujdes\u00ebn p\u00ebrve\u00e7 p\u00ebr veten edhe p\u00ebr f\u00ebmij\u00ebt q\u00eb n\u00eb k\u00ebt\u00eb rast nga t\u00eb gjitha t\u00eb dhunuarat 2016 femra t\u00eb dhunuara sa ne i mbajn\u00eb n\u00ebn p\u00ebrkujdesje mjek\u00ebsore, ato kan\u00eb 3007 f\u00ebmij\u00eb q\u00eb rriten jetim\u00eb dhe vet\u00ebm n\u00ebn p\u00ebrkujdesin e n\u00ebn\u00ebs, e cila \u00ebsht\u00eb n\u00ebn presion e dhunimit, frik\u00ebs, skamjes dhe p\u00ebrbuzjes nga rrethi, institucionet, nd\u00ebrsa t\u00eb braktisura nga burrat jan\u00eb 386 gra p\u00ebr shkak se kan\u00eb qen\u00eb t\u00eb dhunuara.<\/p>\n<p>Ne p\u00ebrpiqemi q\u00eb p\u00ebrve\u00e7 ndihm\u00ebs profesionale t\u00eb mjek\u00ebve q\u00eb jan\u00eb t\u00eb t\u00eb gjith\u00eb profesionist\u00eb, synojm\u00eb q\u00eb s\u00eb paku p\u00ebr disa koh\u00eb t\u2019i financojm\u00eb f\u00ebmij\u00ebt e tyre dhe ne duam n\u00ebp\u00ebr mes trajtimit mjek\u00ebsor t\u2019i largojm\u00eb nga gjendja e v\u00ebshtir\u00eb dhe q\u00eb koh\u00eb m\u00eb pas ato t\u00eb mund t\u00eb gjenden n\u00eb shoq\u00ebri, pasi t\u2019i ken\u00eb kaluar problemet psikike dhe fizike, t\u00eb munden t\u00eb gjenden n\u00eb shoq\u00ebri pa ndihm\u00ebn ton\u00eb. N\u00ebnat e dhunuara, jan\u00eb gra t\u00eb traomatizuara , q\u00eb presin ndihm\u00ebn nga t\u00eb tjer\u00ebt, sepse mendojn\u00eb se vet\u00ebm jan\u00eb t\u00eb pafuqishme dhe f\u00ebmij\u00ebt e viktimave q\u00eb kan\u00eb nevoj\u00eb p\u00ebr ndihm\u00eb dhe p\u00ebrkrahje.<\/p>\n<p>Organizata jon\u00eb b\u00ebn\u00eb pun\u00eb vullnetare, duke i shfryt\u00ebzuar pasurit\u00eb personale vet\u00ebm e vet\u00ebm p\u00ebr t\u00eb b\u00ebr\u00eb nj\u00eb pun\u00eb q\u00eb mendojm\u00eb se meriton dhe se ia vlen sakrifica. Ne nga krijimi i OJQ \u201cJeta n\u00eb Kastriot\u201d gjat\u00eb viti 1999, por edhe para se t\u00eb regjistrohej, ne kemi punuar si ekip prej 15 vetash q\u00eb t\u00eb ndihmojm\u00eb femrat t\u00eb cilat kan\u00eb qen\u00eb viktima t\u00eb dhun\u00ebs seksuale, fizike dhe psikike t\u00eb cilat kan\u00eb nevoj\u00eb tash p\u00ebr mb\u00ebshtetjen ton\u00eb. Ne punojm\u00eb 15 veta dhe at\u00eb 10 mjeke, udh\u00ebheq\u00ebsja, kordinatorja dhe ndihm\u00ebsja, dhe tri motra medicionale (infermjere).<\/p>\n<p>Natyrisht se shum\u00eb shpesh na mungojn\u00eb edhe mjetet themelore p\u00ebr pun\u00eb e q\u00eb jan\u00eb shum\u00eb t\u00eb domosdoshme, sepse ne po k\u00ebrkojm\u00eb vet\u00ebm ato q\u00eb t\u00eb mund t\u00eb kemi sukses patjet\u00ebr n\u00eb pun\u00ebn ton\u00eb dhe zvog\u00eblimin dhe eliminimin e dhembjes.<\/p>\n<p>Ne b\u00ebjm\u00eb sigurimin e branave p\u00ebr 1500 paciente, nga t\u00eb cilat kan\u00eb nevoj\u00eb p\u00ebr trajtim mjek\u00ebsor dhe k\u00ebt\u00eb nuk kan\u00eb mund\u00ebsi ta b\u00ebjn\u00eb p\u00ebr arsye se do t\u00eb identifikohen nga rrethi q\u00eb jan\u00eb t\u00eb dhunuara, do t\u00eb b\u00ebjm\u00eb ket\u00eb n\u00eb m\u00ebnyr\u00eb t\u00eb fshehur sikur po kontrollojm\u00eb t\u00eb gjitha banor\u00ebt e fshatrave, lagjeve vet\u00ebm e vet\u00ebm q\u00eb ato mos t\u00eb mbesin jasht\u00eb kujdesit mjek\u00ebsor.<\/p>\n<p>Deri m\u00eb tani si pasoj\u00eb e asaj q\u00eb grat\u00eb i kan\u00eb treguar familjar\u00ebve t\u00eb tyre, kryesisht burrave dhe familjar\u00ebve t\u00eb burrit se kan\u00eb qen\u00eb t\u00eb dhunuara, numri grave t\u00eb braktisura me f\u00ebmij\u00eb por edhe pa f\u00ebmij\u00eb po rritet \u00e7do dit\u00eb m\u00eb shum\u00eb. Ne shfryt\u00ebzojm\u00eb m\u00ebnyr\u00ebn si e kemi b\u00ebr\u00eb deri me tani n\u00ebp\u00ebrmes vizitave t\u00eb tilla q\u00eb askush mos t\u00eb vihet n\u00eb pozit\u00eb t\u00eb v\u00ebshtir\u00eb dhe q\u00eb m\u00eb shum\u00eb askush mos t\u00eb p\u00ebsoj\u00eb p\u00ebr shkak se atyre iu duhet trajtimi.etj&#8230;<\/p>\n<p>Ju lutem leht\u00ebsoni jet\u00ebn e atyre q\u00eb kan\u00eb shum\u00eb nevoj\u00eb p\u00ebr ndihm\u00ebn dhe p\u00ebrkrahjen tuaj.<br \/>\nMe nderime nga stafi i organizates<br \/>\nMe gjer\u00ebsisht gjith\u00e7ka p\u00ebr ne mund t\u00eb lexoni tek: www.vajzat.com<\/p>\n<p>Telefoni 044 209 651<br \/>\nEmali: <a href=\"mailto:luljetasb@gmail.com\">luljetasb@gmail.com<\/a><br \/>\nJU LUTEMI SHPERNDAJENI ME TUTJE QE TE NA NDIHMONI<\/p>\n","protected":false},"excerpt":{"rendered":"<p>(k\u00ebrkojm\u00eb ta bleni librin ton\u00eb p\u00ebr ta ndihmuar udh\u00ebtimin e viktimave) Ne p\u00ebrkujdesemi p\u00ebr 2016 femra t\u00eb p\u00ebrdhunuara dhe 307 jetim\u00ebt e k\u00ebsaj kategorie. Zakonisht ne, \u00e7do muaj sigurojm\u00eb gj\u00ebrat elementare p\u00ebr t\u00eb jetuar p\u00ebr 150 viktima, por patjet\u00ebr na duhet tu sigurojm\u00eb parat p\u00ebr barnat e tyre dhe pakot ushqimore. Ju lutem bleni nga [&hellip;]<\/p>\n","protected":false},"author":1,"featured_media":0,"comment_status":"open","ping_status":"closed","sticky":false,"template":"","format":"standard","meta":{"footnotes":""},"categories":[2],"tags":[],"class_list":{"0":"post-11799","1":"post","2":"type-post","3":"status-publish","4":"format-standard","6":"category-artikuj"},"yoast_head":"<!-- This site is optimized with the Yoast SEO plugin v27.4 - https:\/\/yoast.com\/product\/yoast-seo-wordpress\/ -->\n<title>Ju lutemi p\u00ebr ndihm\u00eb nga OJQ \u201cJETA N\u00cb KASTRIOT\u201d - FjALA e LIR\u00cb - Arkivi<\/title>\n<meta name=\"robots\" content=\"index, follow, max-snippet:-1, max-image-preview:large, max-video-preview:-1\" \/>\n<link rel=\"canonical\" href=\"https:\/\/fjala.info\/2009-2015\/ju-lutemi-per-ndihme-nga-ojq-jeta-ne-kastriot\/\" \/>\n<meta property=\"og:locale\" content=\"sq_AL\" \/>\n<meta property=\"og:type\" content=\"article\" \/>\n<meta property=\"og:title\" content=\"Ju lutemi p\u00ebr ndihm\u00eb nga OJQ \u201cJETA N\u00cb KASTRIOT\u201d - FjALA e LIR\u00cb - Arkivi\" \/>\n<meta property=\"og:description\" content=\"(k\u00ebrkojm\u00eb ta bleni librin ton\u00eb p\u00ebr ta ndihmuar udh\u00ebtimin e viktimave) Ne p\u00ebrkujdesemi p\u00ebr 2016 femra t\u00eb p\u00ebrdhunuara dhe 307 jetim\u00ebt e k\u00ebsaj kategorie. Zakonisht ne, \u00e7do muaj sigurojm\u00eb gj\u00ebrat elementare p\u00ebr t\u00eb jetuar p\u00ebr 150 viktima, por patjet\u00ebr na duhet tu sigurojm\u00eb parat p\u00ebr barnat e tyre dhe pakot ushqimore. Ju lutem bleni nga [&hellip;]\" \/>\n<meta property=\"og:url\" content=\"https:\/\/fjala.info\/2009-2015\/ju-lutemi-per-ndihme-nga-ojq-jeta-ne-kastriot\/\" \/>\n<meta property=\"og:site_name\" content=\"FjALA e LIR\u00cb - Arkivi\" \/>\n<meta property=\"article:published_time\" content=\"2012-04-26T21:35:20+00:00\" \/>\n<meta property=\"og:image\" content=\"http:\/\/www.shkoder.net\/2012\/jeta_ne_kastriot.jpg\" \/>\n<meta name=\"author\" content=\"admin\" \/>\n<meta name=\"twitter:card\" content=\"summary_large_image\" \/>\n<meta name=\"twitter:label1\" content=\"Written by\" \/>\n\t<meta name=\"twitter:data1\" content=\"admin\" \/>\n\t<meta name=\"twitter:label2\" content=\"Est. reading time\" \/>\n\t<meta name=\"twitter:data2\" content=\"6 minutes\" \/>\n<script type=\"application\/ld+json\" class=\"yoast-schema-graph\">{\"@context\":\"https:\\\/\\\/schema.org\",\"@graph\":[{\"@type\":\"Article\",\"@id\":\"https:\\\/\\\/fjala.info\\\/2009-2015\\\/ju-lutemi-per-ndihme-nga-ojq-jeta-ne-kastriot\\\/#article\",\"isPartOf\":{\"@id\":\"https:\\\/\\\/fjala.info\\\/2009-2015\\\/ju-lutemi-per-ndihme-nga-ojq-jeta-ne-kastriot\\\/\"},\"author\":{\"name\":\"admin\",\"@id\":\"https:\\\/\\\/fjala.info\\\/2009-2015\\\/#\\\/schema\\\/person\\\/3aa1163ef05469c496fc94e77611ada2\"},\"headline\":\"Ju lutemi p\u00ebr ndihm\u00eb nga OJQ \u201cJETA N\u00cb KASTRIOT\u201d\",\"datePublished\":\"2012-04-26T21:35:20+00:00\",\"mainEntityOfPage\":{\"@id\":\"https:\\\/\\\/fjala.info\\\/2009-2015\\\/ju-lutemi-per-ndihme-nga-ojq-jeta-ne-kastriot\\\/\"},\"wordCount\":1235,\"commentCount\":0,\"publisher\":{\"@id\":\"https:\\\/\\\/fjala.info\\\/2009-2015\\\/#organization\"},\"image\":{\"@id\":\"https:\\\/\\\/fjala.info\\\/2009-2015\\\/ju-lutemi-per-ndihme-nga-ojq-jeta-ne-kastriot\\\/#primaryimage\"},\"thumbnailUrl\":\"http:\\\/\\\/www.shkoder.net\\\/2012\\\/jeta_ne_kastriot.jpg\",\"articleSection\":[\"Artikuj\"],\"inLanguage\":\"sq-AL\",\"potentialAction\":[{\"@type\":\"CommentAction\",\"name\":\"Comment\",\"target\":[\"https:\\\/\\\/fjala.info\\\/2009-2015\\\/ju-lutemi-per-ndihme-nga-ojq-jeta-ne-kastriot\\\/#respond\"]}]},{\"@type\":\"WebPage\",\"@id\":\"https:\\\/\\\/fjala.info\\\/2009-2015\\\/ju-lutemi-per-ndihme-nga-ojq-jeta-ne-kastriot\\\/\",\"url\":\"https:\\\/\\\/fjala.info\\\/2009-2015\\\/ju-lutemi-per-ndihme-nga-ojq-jeta-ne-kastriot\\\/\",\"name\":\"Ju lutemi p\u00ebr ndihm\u00eb nga OJQ \u201cJETA N\u00cb KASTRIOT\u201d - FjALA e LIR\u00cb - Arkivi\",\"isPartOf\":{\"@id\":\"https:\\\/\\\/fjala.info\\\/2009-2015\\\/#website\"},\"primaryImageOfPage\":{\"@id\":\"https:\\\/\\\/fjala.info\\\/2009-2015\\\/ju-lutemi-per-ndihme-nga-ojq-jeta-ne-kastriot\\\/#primaryimage\"},\"image\":{\"@id\":\"https:\\\/\\\/fjala.info\\\/2009-2015\\\/ju-lutemi-per-ndihme-nga-ojq-jeta-ne-kastriot\\\/#primaryimage\"},\"thumbnailUrl\":\"http:\\\/\\\/www.shkoder.net\\\/2012\\\/jeta_ne_kastriot.jpg\",\"datePublished\":\"2012-04-26T21:35:20+00:00\",\"breadcrumb\":{\"@id\":\"https:\\\/\\\/fjala.info\\\/2009-2015\\\/ju-lutemi-per-ndihme-nga-ojq-jeta-ne-kastriot\\\/#breadcrumb\"},\"inLanguage\":\"sq-AL\",\"potentialAction\":[{\"@type\":\"ReadAction\",\"target\":[\"https:\\\/\\\/fjala.info\\\/2009-2015\\\/ju-lutemi-per-ndihme-nga-ojq-jeta-ne-kastriot\\\/\"]}]},{\"@type\":\"ImageObject\",\"inLanguage\":\"sq-AL\",\"@id\":\"https:\\\/\\\/fjala.info\\\/2009-2015\\\/ju-lutemi-per-ndihme-nga-ojq-jeta-ne-kastriot\\\/#primaryimage\",\"url\":\"http:\\\/\\\/www.shkoder.net\\\/2012\\\/jeta_ne_kastriot.jpg\",\"contentUrl\":\"http:\\\/\\\/www.shkoder.net\\\/2012\\\/jeta_ne_kastriot.jpg\"},{\"@type\":\"BreadcrumbList\",\"@id\":\"https:\\\/\\\/fjala.info\\\/2009-2015\\\/ju-lutemi-per-ndihme-nga-ojq-jeta-ne-kastriot\\\/#breadcrumb\",\"itemListElement\":[{\"@type\":\"ListItem\",\"position\":1,\"name\":\"Home\",\"item\":\"https:\\\/\\\/fjala.info\\\/2009-2015\\\/\"},{\"@type\":\"ListItem\",\"position\":2,\"name\":\"Ju lutemi p\u00ebr ndihm\u00eb nga OJQ \u201cJETA N\u00cb KASTRIOT\u201d\"}]},{\"@type\":\"WebSite\",\"@id\":\"https:\\\/\\\/fjala.info\\\/2009-2015\\\/#website\",\"url\":\"https:\\\/\\\/fjala.info\\\/2009-2015\\\/\",\"name\":\"FjALA e LIR\u00cb - Arkivi\",\"description\":\"Arkivi 2009-2015\",\"publisher\":{\"@id\":\"https:\\\/\\\/fjala.info\\\/2009-2015\\\/#organization\"},\"potentialAction\":[{\"@type\":\"SearchAction\",\"target\":{\"@type\":\"EntryPoint\",\"urlTemplate\":\"https:\\\/\\\/fjala.info\\\/2009-2015\\\/?s={search_term_string}\"},\"query-input\":{\"@type\":\"PropertyValueSpecification\",\"valueRequired\":true,\"valueName\":\"search_term_string\"}}],\"inLanguage\":\"sq-AL\"},{\"@type\":\"Organization\",\"@id\":\"https:\\\/\\\/fjala.info\\\/2009-2015\\\/#organization\",\"name\":\"FjALA e LIR\u00cb - Arkivi\",\"url\":\"https:\\\/\\\/fjala.info\\\/2009-2015\\\/\",\"logo\":{\"@type\":\"ImageObject\",\"inLanguage\":\"sq-AL\",\"@id\":\"https:\\\/\\\/fjala.info\\\/2009-2015\\\/#\\\/schema\\\/logo\\\/image\\\/\",\"url\":\"\",\"contentUrl\":\"\",\"caption\":\"FjALA e LIR\u00cb - Arkivi\"},\"image\":{\"@id\":\"https:\\\/\\\/fjala.info\\\/2009-2015\\\/#\\\/schema\\\/logo\\\/image\\\/\"}},{\"@type\":\"Person\",\"@id\":\"https:\\\/\\\/fjala.info\\\/2009-2015\\\/#\\\/schema\\\/person\\\/3aa1163ef05469c496fc94e77611ada2\",\"name\":\"admin\",\"image\":{\"@type\":\"ImageObject\",\"inLanguage\":\"sq-AL\",\"@id\":\"https:\\\/\\\/fjala.info\\\/2009-2015\\\/wp-content\\\/uploads\\\/2012\\\/02\\\/arben_cokaj-120x150.jpg\",\"url\":\"https:\\\/\\\/fjala.info\\\/2009-2015\\\/wp-content\\\/uploads\\\/2012\\\/02\\\/arben_cokaj-120x150.jpg\",\"contentUrl\":\"https:\\\/\\\/fjala.info\\\/2009-2015\\\/wp-content\\\/uploads\\\/2012\\\/02\\\/arben_cokaj-120x150.jpg\",\"caption\":\"admin\"},\"description\":\"Admin, Fjala e Lir\u00eb\",\"sameAs\":[\"https:\\\/\\\/fjala.info\\\/\"],\"url\":\"https:\\\/\\\/fjala.info\\\/2009-2015\\\/author\\\/admin\\\/\"}]}<\/script>\n<!-- \/ Yoast SEO plugin. -->","yoast_head_json":{"title":"Ju lutemi p\u00ebr ndihm\u00eb nga OJQ \u201cJETA N\u00cb KASTRIOT\u201d - FjALA e LIR\u00cb - Arkivi","robots":{"index":"index","follow":"follow","max-snippet":"max-snippet:-1","max-image-preview":"max-image-preview:large","max-video-preview":"max-video-preview:-1"},"canonical":"https:\/\/fjala.info\/2009-2015\/ju-lutemi-per-ndihme-nga-ojq-jeta-ne-kastriot\/","og_locale":"sq_AL","og_type":"article","og_title":"Ju lutemi p\u00ebr ndihm\u00eb nga OJQ \u201cJETA N\u00cb KASTRIOT\u201d - FjALA e LIR\u00cb - Arkivi","og_description":"(k\u00ebrkojm\u00eb ta bleni librin ton\u00eb p\u00ebr ta ndihmuar udh\u00ebtimin e viktimave) Ne p\u00ebrkujdesemi p\u00ebr 2016 femra t\u00eb p\u00ebrdhunuara dhe 307 jetim\u00ebt e k\u00ebsaj kategorie. Zakonisht ne, \u00e7do muaj sigurojm\u00eb gj\u00ebrat elementare p\u00ebr t\u00eb jetuar p\u00ebr 150 viktima, por patjet\u00ebr na duhet tu sigurojm\u00eb parat p\u00ebr barnat e tyre dhe pakot ushqimore. Ju lutem bleni nga [&hellip;]","og_url":"https:\/\/fjala.info\/2009-2015\/ju-lutemi-per-ndihme-nga-ojq-jeta-ne-kastriot\/","og_site_name":"FjALA e LIR\u00cb - Arkivi","article_published_time":"2012-04-26T21:35:20+00:00","og_image":[{"url":"http:\/\/www.shkoder.net\/2012\/jeta_ne_kastriot.jpg","type":"","width":"","height":""}],"author":"admin","twitter_card":"summary_large_image","twitter_misc":{"Written by":"admin","Est. reading time":"6 minutes"},"schema":{"@context":"https:\/\/schema.org","@graph":[{"@type":"Article","@id":"https:\/\/fjala.info\/2009-2015\/ju-lutemi-per-ndihme-nga-ojq-jeta-ne-kastriot\/#article","isPartOf":{"@id":"https:\/\/fjala.info\/2009-2015\/ju-lutemi-per-ndihme-nga-ojq-jeta-ne-kastriot\/"},"author":{"name":"admin","@id":"https:\/\/fjala.info\/2009-2015\/#\/schema\/person\/3aa1163ef05469c496fc94e77611ada2"},"headline":"Ju lutemi p\u00ebr ndihm\u00eb nga OJQ \u201cJETA N\u00cb KASTRIOT\u201d","datePublished":"2012-04-26T21:35:20+00:00","mainEntityOfPage":{"@id":"https:\/\/fjala.info\/2009-2015\/ju-lutemi-per-ndihme-nga-ojq-jeta-ne-kastriot\/"},"wordCount":1235,"commentCount":0,"publisher":{"@id":"https:\/\/fjala.info\/2009-2015\/#organization"},"image":{"@id":"https:\/\/fjala.info\/2009-2015\/ju-lutemi-per-ndihme-nga-ojq-jeta-ne-kastriot\/#primaryimage"},"thumbnailUrl":"http:\/\/www.shkoder.net\/2012\/jeta_ne_kastriot.jpg","articleSection":["Artikuj"],"inLanguage":"sq-AL","potentialAction":[{"@type":"CommentAction","name":"Comment","target":["https:\/\/fjala.info\/2009-2015\/ju-lutemi-per-ndihme-nga-ojq-jeta-ne-kastriot\/#respond"]}]},{"@type":"WebPage","@id":"https:\/\/fjala.info\/2009-2015\/ju-lutemi-per-ndihme-nga-ojq-jeta-ne-kastriot\/","url":"https:\/\/fjala.info\/2009-2015\/ju-lutemi-per-ndihme-nga-ojq-jeta-ne-kastriot\/","name":"Ju lutemi p\u00ebr ndihm\u00eb nga OJQ \u201cJETA N\u00cb KASTRIOT\u201d - FjALA e LIR\u00cb - Arkivi","isPartOf":{"@id":"https:\/\/fjala.info\/2009-2015\/#website"},"primaryImageOfPage":{"@id":"https:\/\/fjala.info\/2009-2015\/ju-lutemi-per-ndihme-nga-ojq-jeta-ne-kastriot\/#primaryimage"},"image":{"@id":"https:\/\/fjala.info\/2009-2015\/ju-lutemi-per-ndihme-nga-ojq-jeta-ne-kastriot\/#primaryimage"},"thumbnailUrl":"http:\/\/www.shkoder.net\/2012\/jeta_ne_kastriot.jpg","datePublished":"2012-04-26T21:35:20+00:00","breadcrumb":{"@id":"https:\/\/fjala.info\/2009-2015\/ju-lutemi-per-ndihme-nga-ojq-jeta-ne-kastriot\/#breadcrumb"},"inLanguage":"sq-AL","potentialAction":[{"@type":"ReadAction","target":["https:\/\/fjala.info\/2009-2015\/ju-lutemi-per-ndihme-nga-ojq-jeta-ne-kastriot\/"]}]},{"@type":"ImageObject","inLanguage":"sq-AL","@id":"https:\/\/fjala.info\/2009-2015\/ju-lutemi-per-ndihme-nga-ojq-jeta-ne-kastriot\/#primaryimage","url":"http:\/\/www.shkoder.net\/2012\/jeta_ne_kastriot.jpg","contentUrl":"http:\/\/www.shkoder.net\/2012\/jeta_ne_kastriot.jpg"},{"@type":"BreadcrumbList","@id":"https:\/\/fjala.info\/2009-2015\/ju-lutemi-per-ndihme-nga-ojq-jeta-ne-kastriot\/#breadcrumb","itemListElement":[{"@type":"ListItem","position":1,"name":"Home","item":"https:\/\/fjala.info\/2009-2015\/"},{"@type":"ListItem","position":2,"name":"Ju lutemi p\u00ebr ndihm\u00eb nga OJQ \u201cJETA N\u00cb KASTRIOT\u201d"}]},{"@type":"WebSite","@id":"https:\/\/fjala.info\/2009-2015\/#website","url":"https:\/\/fjala.info\/2009-2015\/","name":"FjALA e LIR\u00cb - Arkivi","description":"Arkivi 2009-2015","publisher":{"@id":"https:\/\/fjala.info\/2009-2015\/#organization"},"potentialAction":[{"@type":"SearchAction","target":{"@type":"EntryPoint","urlTemplate":"https:\/\/fjala.info\/2009-2015\/?s={search_term_string}"},"query-input":{"@type":"PropertyValueSpecification","valueRequired":true,"valueName":"search_term_string"}}],"inLanguage":"sq-AL"},{"@type":"Organization","@id":"https:\/\/fjala.info\/2009-2015\/#organization","name":"FjALA e LIR\u00cb - Arkivi","url":"https:\/\/fjala.info\/2009-2015\/","logo":{"@type":"ImageObject","inLanguage":"sq-AL","@id":"https:\/\/fjala.info\/2009-2015\/#\/schema\/logo\/image\/","url":"","contentUrl":"","caption":"FjALA e LIR\u00cb - Arkivi"},"image":{"@id":"https:\/\/fjala.info\/2009-2015\/#\/schema\/logo\/image\/"}},{"@type":"Person","@id":"https:\/\/fjala.info\/2009-2015\/#\/schema\/person\/3aa1163ef05469c496fc94e77611ada2","name":"admin","image":{"@type":"ImageObject","inLanguage":"sq-AL","@id":"https:\/\/fjala.info\/2009-2015\/wp-content\/uploads\/2012\/02\/arben_cokaj-120x150.jpg","url":"https:\/\/fjala.info\/2009-2015\/wp-content\/uploads\/2012\/02\/arben_cokaj-120x150.jpg","contentUrl":"https:\/\/fjala.info\/2009-2015\/wp-content\/uploads\/2012\/02\/arben_cokaj-120x150.jpg","caption":"admin"},"description":"Admin, Fjala e Lir\u00eb","sameAs":["https:\/\/fjala.info\/"],"url":"https:\/\/fjala.info\/2009-2015\/author\/admin\/"}]}},"_links":{"self":[{"href":"https:\/\/fjala.info\/2009-2015\/wp-json\/wp\/v2\/posts\/11799","targetHints":{"allow":["GET"]}}],"collection":[{"href":"https:\/\/fjala.info\/2009-2015\/wp-json\/wp\/v2\/posts"}],"about":[{"href":"https:\/\/fjala.info\/2009-2015\/wp-json\/wp\/v2\/types\/post"}],"author":[{"embeddable":true,"href":"https:\/\/fjala.info\/2009-2015\/wp-json\/wp\/v2\/users\/1"}],"replies":[{"embeddable":true,"href":"https:\/\/fjala.info\/2009-2015\/wp-json\/wp\/v2\/comments?post=11799"}],"version-history":[{"count":0,"href":"https:\/\/fjala.info\/2009-2015\/wp-json\/wp\/v2\/posts\/11799\/revisions"}],"wp:attachment":[{"href":"https:\/\/fjala.info\/2009-2015\/wp-json\/wp\/v2\/media?parent=11799"}],"wp:term":[{"taxonomy":"category","embeddable":true,"href":"https:\/\/fjala.info\/2009-2015\/wp-json\/wp\/v2\/categories?post=11799"},{"taxonomy":"post_tag","embeddable":true,"href":"https:\/\/fjala.info\/2009-2015\/wp-json\/wp\/v2\/tags?post=11799"}],"curies":[{"name":"wp","href":"https:\/\/api.w.org\/{rel}","templated":true}]}}