{"id":11798,"date":"2012-04-26T18:13:47","date_gmt":"2012-04-26T17:13:47","guid":{"rendered":"http:\/\/fjala.shkoder.net\/?p=2631"},"modified":"2012-04-26T18:13:47","modified_gmt":"2012-04-26T17:13:47","slug":"shqiperia-e-bukur-e-pazbuluar-dhe-e-lire-ekonomike","status":"publish","type":"post","link":"https:\/\/fjala.info\/2009-2015\/shqiperia-e-bukur-e-pazbuluar-dhe-e-lire-ekonomike\/","title":{"rendered":"Shqip\u00ebria: E bukur, e pazbuluar dhe e lir\u00eb (ekonomike)"},"content":{"rendered":"<p><strong>Brynjar Skj\u00e6rli<\/strong><\/p>\n<p>A do t\u00eb d\u00ebshiroje q\u00eb t\u00eb gjendej nj\u00eb vend me t\u00eb nj\u00ebjtin bregdet si Greqia, por pa turist\u00eb? Pusho s\u00eb \u00ebnd\u00ebrruari. N\u00eb veri t\u00eb Greqis\u00eb vazhdon linja bregdetare, dhe turist\u00ebt nuk kan\u00eb ardhur akoma.<\/p>\n<p>Lonely Planet ka zgjedhur Shqip\u00ebrin\u00eb si vendi m\u00eb interesant p\u00ebr pushime p\u00ebr kohen, dhe si dashuria e re e Mesdheut, dhe Eurostati e ka renditur Shqip\u00ebrine si vendi m\u00eb i lir\u00eb p\u00ebr pushime.<br \/>\nN\u00eb veri, bregdeti grek vazhdon p\u00ebrgjat\u00eb detit Jon n\u00eb at\u00eb q\u00eb quhet \u00abriviera shqiptare\u00bb. K\u00ebtu jan\u00eb kilometra t\u00eb t\u00ebra me plazhet m\u00eb t\u00eb bukura q\u00eb mund t\u00eb imagjinohen.<br \/>\nUji \u00ebsht\u00eb i kalt\u00ebr dhe formacionet shk\u00ebmbore b\u00ebjn\u00eb q\u00eb plazhe kilometrike t\u00eb nd\u00ebrpriten nga gjire t\u00eb vogla q\u00eb kalohen me v\u00ebshtir\u00ebsi.<\/p>\n<p>Gji i mrekulluesh\u00ebm<br \/>\n&#8211; Mund t\u00eb gjenden plazhe perla t\u00eb vogla krejt\u00ebsisht t\u00eb izoluara, thot\u00eb Cecilie Endresen, e cila ka mbrojtur doktoratur\u00ebn me nj\u00eb tem\u00eb p\u00ebr Shqip\u00ebrine, dhe ka jetuar si dhe ka kaluar pushime shum\u00eb her\u00eb n\u00eb Shqip\u00ebri.<\/p>\n<p>Kur VG (emri i gazet\u00ebs) vizitoi n\u00eb vjesht\u00eb bregdetin m\u00eb jugor, mund\u00ebm t\u00eb ecnim p\u00ebr kilometra t\u00eb t\u00ebra p\u00ebrgjat\u00eb plazheve t\u00eb shkreta n\u00eb Dh\u00ebrmi pa takuar pothuasje asnj\u00eb njeri.<br \/>\nPlazhi n\u00eb t\u00eb cilin shkuam ishte nj\u00eb p\u00ebrzierje r\u00ebre dhe gur\u00ebsh t\u00eb rrumbullak\u00ebt. Kur ai u nd\u00ebrpre nga nj\u00eb shk\u00ebmb q\u00eb dilte n\u00eb det, u kacavor\u00ebm p\u00ebr t\u00eb par\u00eb cfar\u00eb kishte pas tij. At\u00ebhere u hap para nesh nj\u00eb gji i vog\u00ebl, i mrekulluesh\u00ebm, q\u00eb rrethohej nga nj\u00eb pyll i ngusht\u00eb dhe shk\u00ebmbinj t\u00eb pjerr\u00ebt. Ishte nj\u00eb surpriz\u00eb e madhe p\u00ebr ne kur pam\u00eb q\u00eb aty shtrihej i vet\u00ebm nj\u00eb burr\u00eb dhe b\u00ebnte banjo dielli nudo.<br \/>\nSidoqoft\u00eb k\u00ebto formacione jan\u00eb tipike p\u00ebr bregdetin shqiptar.<\/p>\n<p>N\u00ebse dikush do q\u00eb t\u00eb ket\u00eb pushime t\u00eb qeta, me koh\u00eb cil\u00ebsore n\u00eb plazhe t\u00eb virgj\u00ebra, k\u00ebtu \u00ebsht\u00eb perfekt. Ky \u00ebsht\u00eb sekreti i fundit n\u00eb k\u00ebt\u00eb planet, \u00ebsht\u00eb i mrekulluesh\u00ebm, por askush nuk di p\u00ebr t\u00eb, thot\u00eb Romeo Bollano, t\u00eb cilin VG e takoi n\u00eb barin e tij n\u00eb Himar\u00eb.<br \/>\nAi ka gjithashtu edhe nj\u00eb hotel dhe jep dhoma me qera.<\/p>\n<p>Restorante t\u00eb mira<\/p>\n<p>-Gjysma e poshtme e bregdetit ne jugper\u00ebndim \u00ebsht\u00eb jasht\u00ebzakonisht e bukur. N\u00eb disa prej k\u00ebtyre plazheve mund t\u00eb provosh efektin q\u00eb quhet \u2018verbim nga bora\u2019, sepse r\u00ebra \u00ebsht\u00eb kaq e bardh\u00eb, thot\u00eb Endresen q\u00eb ka nj\u00eb apartament t\u00eb sajin pushimesh n\u00eb Sarand\u00eb. K\u00ebt\u00eb t\u00eb fundit ajo e p\u00ebrshkruan si \u201cnj\u00eb qytet i k\u00ebndsh\u00ebm n\u00eb det, me nj\u00eb sh\u00ebtitore t\u00eb bukur n\u00eb plazh, restorante t\u00eb mira dhe nj\u00eb kala t\u00eb vjeter me pamje spektakolare\u201d.<\/p>\n<p>Bukuria megjithat\u00eb nd\u00ebrpritet nga plehrat. N\u00eb shum\u00eb vende plehrat pluskojn\u00eb. N\u00eb t\u00eb nj\u00ebjt\u00ebn koh\u00eb sht\u00ebpit\u00eb gjys\u00ebm t\u00eb nd\u00ebrtuara ose t\u00eb shkat\u00ebrruara jan\u00eb ne radh\u00eb. Ky vend \u00ebsht\u00eb shum\u00eb larg t\u00eb q\u00ebnurit nj\u00eb \u2018makineri turistike\u2019.<\/p>\n<p>-Kjo linj\u00eb bregdetare varion nga plazhet me r\u00ebr\u00eb fine n\u00eb ato me gur\u00eb t\u00eb rrumbullak\u00ebt. Plazhet e m\u00ebdha jan\u00eb te virgj\u00ebra. Nuk jan\u00eb plazhe turistike nga ato q\u00eb gjenden n\u00eb Spanj\u00eb, por ka bare, restorante dhe vende p\u00ebr t\u00eb kaluar nat\u00ebn. Ajo cfar\u00eb duhet t\u00eb b\u00ebsh \u00ebsht\u00eb t\u00eb marr\u00ebsh nj\u00eb pal\u00eb k\u00ebpuc\u00eb t\u00eb mira, t\u00eb p\u00ebrgatit\u00ebsh nj\u00eb cant\u00eb dhe t\u00eb shkosh p\u00ebr piknik, thot\u00eb Marit Endresen, e \u00ebma e Cecilias, e cila nga interesi i s\u00eb bij\u00ebs p\u00ebr k\u00ebt\u00eb vend filloi edhe ajo t\u00eb udh\u00ebtonte n\u00eb Shqip\u00ebri- gj\u00eb q\u00eb b\u00ebri q\u00eb ajo t\u00eb dashurohej me Shqip\u00ebrin\u00eb.<\/p>\n<p>Plazhe t\u00eb mrekullueshme<br \/>\n-Plazhet jan\u00eb fantastike, i gjith\u00eb bregdeti i Jonit \u00ebsht\u00eb i till\u00eb, nd\u00ebrsa Tale \u00ebsht\u00eb vendi m\u00eb i k\u00ebndsh\u00ebm n\u00eb bregdetin Adriatik, thot\u00eb biznesmeni norvegjez Kjell H\u00f8ibraaten q\u00eb ka jetuar n\u00eb Shqip\u00ebri q\u00eb nga 1993.<br \/>\nPronari i barit dhe hotelit, Bollano, ka k\u00ebto argumenta p\u00ebrse turist\u00ebt duhet t\u00eb vizitojn\u00eb vendin e tij t\u00eb lindjes:<\/p>\n<p>&#8211; Natyra, historia e pasur e Shqip\u00ebris\u00eb, mitologjia, cil\u00ebsia dhe cmimet e pijeve dhe ushqimeve. K\u00ebtu mund t\u00eb gjesh ushqim t\u00eb fshatit, peshkun e marrim nga deti, vajin e ullirit nga pem\u00ebt e ullinjve k\u00ebtu dhe djathin nga dhit\u00eb, thot\u00eb ai.<\/p>\n<p>Ushqimi i detit<br \/>\n&#8211; Mund t\u00eb gjesh restorante t\u00eb vogla t\u00eb bukura me ushqime deti fantastike dhe t\u00eb pish sa t\u00eb duash vet\u00ebm me 100 korona norvegjeze, thot\u00eb Marit Endresen dhe shton:<br \/>\n&#8211; P\u00ebr m\u00eb teper, ushqimi \u00ebsht\u00eb i sigurt\u00eb, dhe \u00ebsht\u00eb i lir\u00eb e shum\u00eb i shijsh\u00ebm. Vendet p\u00ebr t\u00eb kaluar nat\u00ebn jan\u00eb t\u00eb pastra dhe t\u00eb k\u00ebndshme.<br \/>\nBollano tregon q\u00eb m\u00eb shume turist\u00eb ka n\u00eb periudh\u00ebn nd\u00ebrmjet 15 Korrikut dhe 15 Gushtit.<br \/>\n&#8211; Prilli dhe Maji, gjithashtu edhe Shtatori, jan\u00eb muajt e mi t\u00eb preferuar n\u00eb Shqip\u00ebri, thot\u00eb Cecilie Endresen.<br \/>\nKur VG vizitoi bregdetin n\u00eb Tetor mund t\u00eb laheshe akoma n\u00eb det dhe dielli ishte mjaft i ngroht\u00eb p\u00ebr t\u00eb b\u00ebr\u00eb banjo dielli. N\u00eb mbr\u00ebmje kalohej mir\u00eb me nj\u00eb triko ose xhaket\u00eb.<\/p>\n<p>Shqip\u00ebria \u00ebsht\u00eb e sigurt\u00eb<br \/>\nShqip\u00ebria ka nj\u00eb fam\u00eb sikur \u00ebsht\u00eb e lidhur ngusht\u00eb me banda kriminele q\u00eb kan\u00eb pllakosur edhe Norvegjin\u00eb. Sipas bashk\u00ebbiseduesve t\u00eb VG, t\u00eb cil\u00ebt e njohin mir\u00eb vendin, Shqip\u00ebria nuk \u00ebsht\u00eb nj\u00eb destinacion i friksh\u00ebm udh\u00ebtimi.<br \/>\n&#8211; Shqip\u00ebria \u00ebsht\u00eb nj\u00eb vend i sigurt\u00eb, mund edhe t\u00eb l\u00ebsh portofolin n\u00eb nj\u00eb vend dhe askush nuk e nget. Kjo ka t\u00eb b\u00ebj\u00eb me kultur\u00ebn, m\u00eb e r\u00ebnd\u00ebsishmja \u00ebsht\u00eb t\u00eb kujdesesh mir\u00eb p\u00ebr miqt\u00eb e tu, thot\u00eb Marit Endresen.<br \/>\n&#8211; Shqiptar\u00ebt jan\u00eb nj\u00eb popull i hapur, dhe norvegjez\u00ebt vecan\u00ebrisht jan\u00eb popullor\u00eb k\u00ebtu, thot\u00eb Kjell H\u00f8ibraaten.<br \/>\n&#8211; Shqiptar\u00ebt jan\u00eb shum\u00eb entuziast\u00eb p\u00ebr turist\u00ebt. Ata b\u00ebjn\u00eb cmos p\u00ebr t\u00eb ndihmuar t\u00eb huajt q\u00eb t\u2019i b\u00ebjn\u00eb ata t\u00eb ndihen mire, thot\u00eb Cecilie Endresen.<br \/>\nRrug\u00eb t\u00eb reja<\/p>\n<p>Trafiku n\u00eb Shqip\u00ebri nuk \u00ebsht\u00eb si n\u00eb Norvegji, por jan\u00eb nd\u00ebrtuar shum\u00eb rrug\u00eb t\u00eb reja dhe t\u00eb gjera vitet e fundit.<br \/>\n&#8211; T\u00eb ngas\u00ebsh makin\u00ebn n\u00eb Shqip\u00ebri \u00ebsht\u00eb mir\u00eb, por duhet t\u00eb jesh vazhdimisht i kujdessh\u00ebm dhe n\u00eb mbrojtje, sepse \u00ebsht\u00eb nj\u00eb nga vendet m\u00eb t\u00eb v\u00ebshtira p\u00ebr t\u00eb ngar\u00eb makinen. Kultura e ngarjes s\u00eb makin\u00ebs k\u00ebtu \u00ebsht\u00eb relativisht e re, 20 vjet, dhe papritur t\u00eb mbijn\u00eb p\u00ebrpara njer\u00ebz e bag\u00ebti. Duhet t\u00eb ndjek\u00ebsh rrug\u00ebt kryesore dhe t\u00eb mos humbas\u00ebsh n\u00eb rrug\u00ebt e vogla, thot\u00eb Marit Endresen q\u00eb i ka dh\u00ebn\u00eb makin\u00ebs shum\u00eb rreth e qark Shqip\u00ebris\u00eb.<br \/>\nFestat n\u00eb plazh<br \/>\nNqs je i ri, dhe t\u00eb p\u00eblqejn\u00eb mbr\u00ebmjet dhe jeta e plazhit, m\u00eb tep\u00ebr ndoshta sesa p\u00ebrjetime t\u00eb qeta t\u00eb natyr\u00ebs, edhe p\u00ebr ty Shqip\u00ebria ka dicka p\u00ebr t\u00eb ofruar.<br \/>\n&#8211; Dh\u00ebrmiu \u00ebsht\u00eb vendi ku ka me t\u00eb v\u00ebrtet\u00eb jet\u00eb dhe q\u00eb mund t\u2019u p\u00eblqej\u00eb t\u00eb rinjve. \u00cbsht\u00eb si Ibiza. Festa t\u00eb m\u00ebdha, t\u00eb cmendura, thot\u00eb Romeo Bollano. Dy vite m\u00eb par\u00eb ishte Dj Tiesto n\u00eb koncert k\u00ebtu n\u00eb plazh me 25 000 persona. Shqip\u00ebria ka deri tani birr\u00ebn m\u00eb t\u00eb lir\u00eb n\u00eb Europ\u00eb sipas pintprice.com<\/p>\n<p>Kombinim i pushimeve n\u00eb plazh me kultur\u00eb dhe histori<br \/>\n&#8211; Shqip\u00ebria \u00ebsht\u00eb fantastike p\u00ebr ata q\u00eb jan\u00eb t\u00eb interesuar pas historis\u00eb dhe kultur\u00ebs.<br \/>\nK\u00ebt\u00eb e thot\u00eb norvegjezi Kjell H\u00f8ibraaten q\u00eb ka jetuar k\u00ebtu q\u00eb nga 1993.<br \/>\nCecilie Endresen, q\u00eb ka b\u00ebr\u00eb k\u00ebrkime n\u00eb Shqip\u00ebri, vecon k\u00ebto vende:<\/p>\n<p>&#8211; Gjirokastra \u00ebsht\u00eb nj\u00eb qytet n\u00eb list\u00ebn e UNESCOs. \u00cbsht\u00eb mistike dhe tipike shqiptare me rrug\u00ebt e saj t\u00eb kalldr\u00ebmta n\u00eb pjes\u00ebn e vog\u00ebl t\u00eb qytetit t\u00eb vjet\u00ebr.<br \/>\n&#8211; Berati \u00ebsht\u00eb nj\u00eb qytet k\u00ebshtjell\u00eb me shum\u00eb rrug\u00eb t\u00eb vogla, t\u00eb ngushta dhe t\u00eb bukura. \u00cbsht\u00eb shum\u00eb bukur t\u00eb ec\u00ebsh p\u00ebrreth. Vendi i ngjan pak qyteteve greke, me vejusha t\u00eb veshura n\u00eb t\u00eb zeza q\u00eb ulen para mureve t\u00eb bardha t\u00eb sht\u00ebpive.<\/p>\n<p>&#8211; N\u00eb veri pervec t\u00eb tjerave \u00ebsht\u00eb nj\u00eb lugin\u00eb q\u00eb quhet Valbona, aty \u00ebsht\u00eb nj\u00eb vend i jasht\u00ebzakonsh\u00ebm dhe m\u00eb kujton nacionalizmin romantik norvegjez (nj\u00eb l\u00ebvizje artistike kulturore e letrare n\u00eb Norvegji n\u00eb vitet 1840-1867, q\u00eb kishte n\u00eb qend\u00ebr natyr\u00ebn norvegjeze dhe identitetin komb\u00ebtar).<br \/>\n&#8211; Tiran\u00ebn duhet ta p\u00ebrjetosh, \u00ebsht\u00eb nj\u00eb qytet \u2018i cmendur\u2019, me shum\u00eb ngjyra ngado. Qyteti ka numrin m\u00eb t\u00eb madh t\u00eb lokaleve p\u00ebr frym\u00eb n\u00eb bot\u00eb, plot restorante t\u00eb mira dhe t\u00eb lira, kafene dhe njer\u00ebz t\u00eb k\u00ebndsh\u00ebm- n\u00eb t\u00eb nj\u00ebjt\u00ebn koh\u00eb \u00ebsht\u00eb nj\u00eb mund\u00ebsi e vetme p\u00ebr t\u00eb par\u00eb statujat e vjetra komuniste, q\u00eb tani jan\u00eb t\u00eb vendosura n\u00eb kopshtin pas Galeris\u00eb Komb\u00ebtare.<\/p>\n<p>-Rreth e qark Kruj\u00ebs gjenden vende t\u00eb shenjta muslimane sufi, dhe t\u00eb tilla ka shum\u00eb n\u00eb Shqip\u00ebri.<br \/>\nH\u00f8ibraaten tregon edhe p\u00ebr mund\u00ebsit\u00eb p\u00ebr t\u00eb ecur n\u00eb male n\u00eb nj\u00eb terren t\u00eb bukur n\u00eb veri, dhe p\u00ebrmend nj\u00eb sh\u00ebtitje t\u00eb bukur mes Thethit dhe lugin\u00ebs s\u00eb Valbon\u00ebs.<\/p>\n<p>P.S. Artikulli n\u00eb fund mbyllet me sugjerime itineraresh p\u00ebr t\u00eb udh\u00ebtuar n\u00eb Shqip\u00ebri.<\/p>\n<p>P\u00ebrktheu nga shtypi norvegjez: <strong>Suela Kacerja<\/strong><\/p>\n","protected":false},"excerpt":{"rendered":"<p>Brynjar Skj\u00e6rli A do t\u00eb d\u00ebshiroje q\u00eb t\u00eb gjendej nj\u00eb vend me t\u00eb nj\u00ebjtin bregdet si Greqia, por pa turist\u00eb? Pusho s\u00eb \u00ebnd\u00ebrruari. N\u00eb veri t\u00eb Greqis\u00eb vazhdon linja bregdetare, dhe turist\u00ebt nuk kan\u00eb ardhur akoma. Lonely Planet ka zgjedhur Shqip\u00ebrin\u00eb si vendi m\u00eb interesant p\u00ebr pushime p\u00ebr kohen, dhe si dashuria e re e [&hellip;]<\/p>\n","protected":false},"author":1,"featured_media":0,"comment_status":"open","ping_status":"closed","sticky":false,"template":"","format":"standard","meta":{"footnotes":""},"categories":[2],"tags":[],"class_list":{"0":"post-11798","1":"post","2":"type-post","3":"status-publish","4":"format-standard","6":"category-artikuj"},"yoast_head":"<!-- This site is optimized with the Yoast SEO plugin v27.4 - https:\/\/yoast.com\/product\/yoast-seo-wordpress\/ -->\n<title>Shqip\u00ebria: E bukur, e pazbuluar dhe e lir\u00eb (ekonomike) - FjALA e LIR\u00cb - Arkivi<\/title>\n<meta name=\"robots\" content=\"index, follow, max-snippet:-1, max-image-preview:large, max-video-preview:-1\" \/>\n<link rel=\"canonical\" href=\"https:\/\/fjala.info\/2009-2015\/shqiperia-e-bukur-e-pazbuluar-dhe-e-lire-ekonomike\/\" \/>\n<meta property=\"og:locale\" content=\"sq_AL\" \/>\n<meta property=\"og:type\" content=\"article\" \/>\n<meta property=\"og:title\" content=\"Shqip\u00ebria: E bukur, e pazbuluar dhe e lir\u00eb (ekonomike) - FjALA e LIR\u00cb - Arkivi\" \/>\n<meta property=\"og:description\" content=\"Brynjar Skj\u00e6rli A do t\u00eb d\u00ebshiroje q\u00eb t\u00eb gjendej nj\u00eb vend me t\u00eb nj\u00ebjtin bregdet si Greqia, por pa turist\u00eb? Pusho s\u00eb \u00ebnd\u00ebrruari. N\u00eb veri t\u00eb Greqis\u00eb vazhdon linja bregdetare, dhe turist\u00ebt nuk kan\u00eb ardhur akoma. Lonely Planet ka zgjedhur Shqip\u00ebrin\u00eb si vendi m\u00eb interesant p\u00ebr pushime p\u00ebr kohen, dhe si dashuria e re e [&hellip;]\" \/>\n<meta property=\"og:url\" content=\"https:\/\/fjala.info\/2009-2015\/shqiperia-e-bukur-e-pazbuluar-dhe-e-lire-ekonomike\/\" \/>\n<meta property=\"og:site_name\" content=\"FjALA e LIR\u00cb - Arkivi\" \/>\n<meta property=\"article:published_time\" content=\"2012-04-26T17:13:47+00:00\" \/>\n<meta name=\"author\" content=\"admin\" \/>\n<meta name=\"twitter:card\" content=\"summary_large_image\" \/>\n<meta name=\"twitter:label1\" content=\"Written by\" \/>\n\t<meta name=\"twitter:data1\" content=\"admin\" \/>\n\t<meta name=\"twitter:label2\" content=\"Est. reading time\" \/>\n\t<meta name=\"twitter:data2\" content=\"8 minutes\" \/>\n<script type=\"application\/ld+json\" class=\"yoast-schema-graph\">{\"@context\":\"https:\\\/\\\/schema.org\",\"@graph\":[{\"@type\":\"Article\",\"@id\":\"https:\\\/\\\/fjala.info\\\/2009-2015\\\/shqiperia-e-bukur-e-pazbuluar-dhe-e-lire-ekonomike\\\/#article\",\"isPartOf\":{\"@id\":\"https:\\\/\\\/fjala.info\\\/2009-2015\\\/shqiperia-e-bukur-e-pazbuluar-dhe-e-lire-ekonomike\\\/\"},\"author\":{\"name\":\"admin\",\"@id\":\"https:\\\/\\\/fjala.info\\\/2009-2015\\\/#\\\/schema\\\/person\\\/3aa1163ef05469c496fc94e77611ada2\"},\"headline\":\"Shqip\u00ebria: E bukur, e pazbuluar dhe e lir\u00eb (ekonomike)\",\"datePublished\":\"2012-04-26T17:13:47+00:00\",\"mainEntityOfPage\":{\"@id\":\"https:\\\/\\\/fjala.info\\\/2009-2015\\\/shqiperia-e-bukur-e-pazbuluar-dhe-e-lire-ekonomike\\\/\"},\"wordCount\":1592,\"commentCount\":0,\"publisher\":{\"@id\":\"https:\\\/\\\/fjala.info\\\/2009-2015\\\/#organization\"},\"articleSection\":[\"Artikuj\"],\"inLanguage\":\"sq-AL\",\"potentialAction\":[{\"@type\":\"CommentAction\",\"name\":\"Comment\",\"target\":[\"https:\\\/\\\/fjala.info\\\/2009-2015\\\/shqiperia-e-bukur-e-pazbuluar-dhe-e-lire-ekonomike\\\/#respond\"]}]},{\"@type\":\"WebPage\",\"@id\":\"https:\\\/\\\/fjala.info\\\/2009-2015\\\/shqiperia-e-bukur-e-pazbuluar-dhe-e-lire-ekonomike\\\/\",\"url\":\"https:\\\/\\\/fjala.info\\\/2009-2015\\\/shqiperia-e-bukur-e-pazbuluar-dhe-e-lire-ekonomike\\\/\",\"name\":\"Shqip\u00ebria: E bukur, e pazbuluar dhe e lir\u00eb (ekonomike) - FjALA e LIR\u00cb - Arkivi\",\"isPartOf\":{\"@id\":\"https:\\\/\\\/fjala.info\\\/2009-2015\\\/#website\"},\"datePublished\":\"2012-04-26T17:13:47+00:00\",\"breadcrumb\":{\"@id\":\"https:\\\/\\\/fjala.info\\\/2009-2015\\\/shqiperia-e-bukur-e-pazbuluar-dhe-e-lire-ekonomike\\\/#breadcrumb\"},\"inLanguage\":\"sq-AL\",\"potentialAction\":[{\"@type\":\"ReadAction\",\"target\":[\"https:\\\/\\\/fjala.info\\\/2009-2015\\\/shqiperia-e-bukur-e-pazbuluar-dhe-e-lire-ekonomike\\\/\"]}]},{\"@type\":\"BreadcrumbList\",\"@id\":\"https:\\\/\\\/fjala.info\\\/2009-2015\\\/shqiperia-e-bukur-e-pazbuluar-dhe-e-lire-ekonomike\\\/#breadcrumb\",\"itemListElement\":[{\"@type\":\"ListItem\",\"position\":1,\"name\":\"Home\",\"item\":\"https:\\\/\\\/fjala.info\\\/2009-2015\\\/\"},{\"@type\":\"ListItem\",\"position\":2,\"name\":\"Shqip\u00ebria: E bukur, e pazbuluar dhe e lir\u00eb (ekonomike)\"}]},{\"@type\":\"WebSite\",\"@id\":\"https:\\\/\\\/fjala.info\\\/2009-2015\\\/#website\",\"url\":\"https:\\\/\\\/fjala.info\\\/2009-2015\\\/\",\"name\":\"FjALA e LIR\u00cb - Arkivi\",\"description\":\"Arkivi 2009-2015\",\"publisher\":{\"@id\":\"https:\\\/\\\/fjala.info\\\/2009-2015\\\/#organization\"},\"potentialAction\":[{\"@type\":\"SearchAction\",\"target\":{\"@type\":\"EntryPoint\",\"urlTemplate\":\"https:\\\/\\\/fjala.info\\\/2009-2015\\\/?s={search_term_string}\"},\"query-input\":{\"@type\":\"PropertyValueSpecification\",\"valueRequired\":true,\"valueName\":\"search_term_string\"}}],\"inLanguage\":\"sq-AL\"},{\"@type\":\"Organization\",\"@id\":\"https:\\\/\\\/fjala.info\\\/2009-2015\\\/#organization\",\"name\":\"FjALA e LIR\u00cb - Arkivi\",\"url\":\"https:\\\/\\\/fjala.info\\\/2009-2015\\\/\",\"logo\":{\"@type\":\"ImageObject\",\"inLanguage\":\"sq-AL\",\"@id\":\"https:\\\/\\\/fjala.info\\\/2009-2015\\\/#\\\/schema\\\/logo\\\/image\\\/\",\"url\":\"\",\"contentUrl\":\"\",\"caption\":\"FjALA e LIR\u00cb - Arkivi\"},\"image\":{\"@id\":\"https:\\\/\\\/fjala.info\\\/2009-2015\\\/#\\\/schema\\\/logo\\\/image\\\/\"}},{\"@type\":\"Person\",\"@id\":\"https:\\\/\\\/fjala.info\\\/2009-2015\\\/#\\\/schema\\\/person\\\/3aa1163ef05469c496fc94e77611ada2\",\"name\":\"admin\",\"image\":{\"@type\":\"ImageObject\",\"inLanguage\":\"sq-AL\",\"@id\":\"https:\\\/\\\/fjala.info\\\/2009-2015\\\/wp-content\\\/uploads\\\/2012\\\/02\\\/arben_cokaj-120x150.jpg\",\"url\":\"https:\\\/\\\/fjala.info\\\/2009-2015\\\/wp-content\\\/uploads\\\/2012\\\/02\\\/arben_cokaj-120x150.jpg\",\"contentUrl\":\"https:\\\/\\\/fjala.info\\\/2009-2015\\\/wp-content\\\/uploads\\\/2012\\\/02\\\/arben_cokaj-120x150.jpg\",\"caption\":\"admin\"},\"description\":\"Admin, Fjala e Lir\u00eb\",\"sameAs\":[\"https:\\\/\\\/fjala.info\\\/\"],\"url\":\"https:\\\/\\\/fjala.info\\\/2009-2015\\\/author\\\/admin\\\/\"}]}<\/script>\n<!-- \/ Yoast SEO plugin. -->","yoast_head_json":{"title":"Shqip\u00ebria: E bukur, e pazbuluar dhe e lir\u00eb (ekonomike) - FjALA e LIR\u00cb - Arkivi","robots":{"index":"index","follow":"follow","max-snippet":"max-snippet:-1","max-image-preview":"max-image-preview:large","max-video-preview":"max-video-preview:-1"},"canonical":"https:\/\/fjala.info\/2009-2015\/shqiperia-e-bukur-e-pazbuluar-dhe-e-lire-ekonomike\/","og_locale":"sq_AL","og_type":"article","og_title":"Shqip\u00ebria: E bukur, e pazbuluar dhe e lir\u00eb (ekonomike) - FjALA e LIR\u00cb - Arkivi","og_description":"Brynjar Skj\u00e6rli A do t\u00eb d\u00ebshiroje q\u00eb t\u00eb gjendej nj\u00eb vend me t\u00eb nj\u00ebjtin bregdet si Greqia, por pa turist\u00eb? Pusho s\u00eb \u00ebnd\u00ebrruari. N\u00eb veri t\u00eb Greqis\u00eb vazhdon linja bregdetare, dhe turist\u00ebt nuk kan\u00eb ardhur akoma. Lonely Planet ka zgjedhur Shqip\u00ebrin\u00eb si vendi m\u00eb interesant p\u00ebr pushime p\u00ebr kohen, dhe si dashuria e re e [&hellip;]","og_url":"https:\/\/fjala.info\/2009-2015\/shqiperia-e-bukur-e-pazbuluar-dhe-e-lire-ekonomike\/","og_site_name":"FjALA e LIR\u00cb - Arkivi","article_published_time":"2012-04-26T17:13:47+00:00","author":"admin","twitter_card":"summary_large_image","twitter_misc":{"Written by":"admin","Est. reading time":"8 minutes"},"schema":{"@context":"https:\/\/schema.org","@graph":[{"@type":"Article","@id":"https:\/\/fjala.info\/2009-2015\/shqiperia-e-bukur-e-pazbuluar-dhe-e-lire-ekonomike\/#article","isPartOf":{"@id":"https:\/\/fjala.info\/2009-2015\/shqiperia-e-bukur-e-pazbuluar-dhe-e-lire-ekonomike\/"},"author":{"name":"admin","@id":"https:\/\/fjala.info\/2009-2015\/#\/schema\/person\/3aa1163ef05469c496fc94e77611ada2"},"headline":"Shqip\u00ebria: E bukur, e pazbuluar dhe e lir\u00eb (ekonomike)","datePublished":"2012-04-26T17:13:47+00:00","mainEntityOfPage":{"@id":"https:\/\/fjala.info\/2009-2015\/shqiperia-e-bukur-e-pazbuluar-dhe-e-lire-ekonomike\/"},"wordCount":1592,"commentCount":0,"publisher":{"@id":"https:\/\/fjala.info\/2009-2015\/#organization"},"articleSection":["Artikuj"],"inLanguage":"sq-AL","potentialAction":[{"@type":"CommentAction","name":"Comment","target":["https:\/\/fjala.info\/2009-2015\/shqiperia-e-bukur-e-pazbuluar-dhe-e-lire-ekonomike\/#respond"]}]},{"@type":"WebPage","@id":"https:\/\/fjala.info\/2009-2015\/shqiperia-e-bukur-e-pazbuluar-dhe-e-lire-ekonomike\/","url":"https:\/\/fjala.info\/2009-2015\/shqiperia-e-bukur-e-pazbuluar-dhe-e-lire-ekonomike\/","name":"Shqip\u00ebria: E bukur, e pazbuluar dhe e lir\u00eb (ekonomike) - FjALA e LIR\u00cb - Arkivi","isPartOf":{"@id":"https:\/\/fjala.info\/2009-2015\/#website"},"datePublished":"2012-04-26T17:13:47+00:00","breadcrumb":{"@id":"https:\/\/fjala.info\/2009-2015\/shqiperia-e-bukur-e-pazbuluar-dhe-e-lire-ekonomike\/#breadcrumb"},"inLanguage":"sq-AL","potentialAction":[{"@type":"ReadAction","target":["https:\/\/fjala.info\/2009-2015\/shqiperia-e-bukur-e-pazbuluar-dhe-e-lire-ekonomike\/"]}]},{"@type":"BreadcrumbList","@id":"https:\/\/fjala.info\/2009-2015\/shqiperia-e-bukur-e-pazbuluar-dhe-e-lire-ekonomike\/#breadcrumb","itemListElement":[{"@type":"ListItem","position":1,"name":"Home","item":"https:\/\/fjala.info\/2009-2015\/"},{"@type":"ListItem","position":2,"name":"Shqip\u00ebria: E bukur, e pazbuluar dhe e lir\u00eb (ekonomike)"}]},{"@type":"WebSite","@id":"https:\/\/fjala.info\/2009-2015\/#website","url":"https:\/\/fjala.info\/2009-2015\/","name":"FjALA e LIR\u00cb - Arkivi","description":"Arkivi 2009-2015","publisher":{"@id":"https:\/\/fjala.info\/2009-2015\/#organization"},"potentialAction":[{"@type":"SearchAction","target":{"@type":"EntryPoint","urlTemplate":"https:\/\/fjala.info\/2009-2015\/?s={search_term_string}"},"query-input":{"@type":"PropertyValueSpecification","valueRequired":true,"valueName":"search_term_string"}}],"inLanguage":"sq-AL"},{"@type":"Organization","@id":"https:\/\/fjala.info\/2009-2015\/#organization","name":"FjALA e LIR\u00cb - Arkivi","url":"https:\/\/fjala.info\/2009-2015\/","logo":{"@type":"ImageObject","inLanguage":"sq-AL","@id":"https:\/\/fjala.info\/2009-2015\/#\/schema\/logo\/image\/","url":"","contentUrl":"","caption":"FjALA e LIR\u00cb - Arkivi"},"image":{"@id":"https:\/\/fjala.info\/2009-2015\/#\/schema\/logo\/image\/"}},{"@type":"Person","@id":"https:\/\/fjala.info\/2009-2015\/#\/schema\/person\/3aa1163ef05469c496fc94e77611ada2","name":"admin","image":{"@type":"ImageObject","inLanguage":"sq-AL","@id":"https:\/\/fjala.info\/2009-2015\/wp-content\/uploads\/2012\/02\/arben_cokaj-120x150.jpg","url":"https:\/\/fjala.info\/2009-2015\/wp-content\/uploads\/2012\/02\/arben_cokaj-120x150.jpg","contentUrl":"https:\/\/fjala.info\/2009-2015\/wp-content\/uploads\/2012\/02\/arben_cokaj-120x150.jpg","caption":"admin"},"description":"Admin, Fjala e Lir\u00eb","sameAs":["https:\/\/fjala.info\/"],"url":"https:\/\/fjala.info\/2009-2015\/author\/admin\/"}]}},"_links":{"self":[{"href":"https:\/\/fjala.info\/2009-2015\/wp-json\/wp\/v2\/posts\/11798","targetHints":{"allow":["GET"]}}],"collection":[{"href":"https:\/\/fjala.info\/2009-2015\/wp-json\/wp\/v2\/posts"}],"about":[{"href":"https:\/\/fjala.info\/2009-2015\/wp-json\/wp\/v2\/types\/post"}],"author":[{"embeddable":true,"href":"https:\/\/fjala.info\/2009-2015\/wp-json\/wp\/v2\/users\/1"}],"replies":[{"embeddable":true,"href":"https:\/\/fjala.info\/2009-2015\/wp-json\/wp\/v2\/comments?post=11798"}],"version-history":[{"count":0,"href":"https:\/\/fjala.info\/2009-2015\/wp-json\/wp\/v2\/posts\/11798\/revisions"}],"wp:attachment":[{"href":"https:\/\/fjala.info\/2009-2015\/wp-json\/wp\/v2\/media?parent=11798"}],"wp:term":[{"taxonomy":"category","embeddable":true,"href":"https:\/\/fjala.info\/2009-2015\/wp-json\/wp\/v2\/categories?post=11798"},{"taxonomy":"post_tag","embeddable":true,"href":"https:\/\/fjala.info\/2009-2015\/wp-json\/wp\/v2\/tags?post=11798"}],"curies":[{"name":"wp","href":"https:\/\/api.w.org\/{rel}","templated":true}]}}