{"id":11796,"date":"2012-04-26T08:21:05","date_gmt":"2012-04-26T07:21:05","guid":{"rendered":"http:\/\/fjala.shkoder.net\/?p=2621"},"modified":"2012-04-26T08:21:05","modified_gmt":"2012-04-26T07:21:05","slug":"100-vjetori-ose-me-hillarin-ose-me-erdoganin","status":"publish","type":"post","link":"https:\/\/fjala.info\/2009-2015\/100-vjetori-ose-me-hillarin-ose-me-erdoganin\/","title":{"rendered":"100 vjetori: Ose me Hillarin ose me Erdoganin!"},"content":{"rendered":"<p><img decoding=\"async\" class=\"alignright size-thumbnail wp-image-7236\" title=\"Mero Baze\" src=\"http:\/\/www.shkoder.net\/images\/fjala\/mero_baze1.jpg\" alt=\"\" width=\"150\" \/> Nga <strong>Mero Baze<\/strong>, <em>25 Prill 2012<\/em><\/p>\n<p>Sali Berisha u shfaq me Sekretaren e Shtetit, Hillari Klinton, para zyr\u00ebs s\u00eb saj, me nj\u00eb deklarat\u00eb paraprake p\u00ebr kamerat, ku shpalli si q\u00ebllim t\u00eb k\u00ebrkes\u00ebs s\u00eb tij p\u00ebr takim me zonj\u00ebn Klinton, ftes\u00ebn q\u00eb ajo t\u00eb vizitoj\u00eb Shqip\u00ebrin\u00eb me rastin e 100 vjetorit t\u00eb pavar\u00ebsis\u00eb. E justifikoi k\u00ebt\u00eb me rolin q\u00eb ka luajtur SHBA n\u00eb konsolidimin e pavar\u00ebsis\u00eb s\u00eb Shqip\u00ebris\u00eb, ashtu si nj\u00eb muaj m\u00eb par\u00eb ftoi Erdoganin, liderin e vendit q\u00eb kemi zbuar p\u00ebr t\u00eb fituar pavar\u00ebsin\u00eb me arsyetimin se jemi v\u00ebllez\u00ebr. E gjith\u00eb kjo tregon se kryeministri yn\u00eb, n\u00eb gjith\u00eb takimet e tij nd\u00ebrkomb\u00ebtare koh\u00ebt e fundit, nuk ka asnj\u00eb axhend\u00eb publike, dhe nuk ka si t\u2019i justifikoj\u00eb pazaret e tij private apo hallet e tij private, p\u00ebrve\u00e7 qerasjes me nj\u00eb llokume p\u00ebr 100 vjetorin e pavar\u00ebsis\u00eb.<\/p>\n<p>N\u00eb rastin konkret ai takimin me Sekretaren Klinton jo vet\u00ebm q\u00eb e ka k\u00ebrkuar me ngulm dhe nj\u00eb \u00e7mim t\u00eb lart\u00eb, jo vet\u00ebm politik, por dhe e ka k\u00ebrkuar p\u00ebr nj\u00eb axhend\u00eb konkrete personale n\u00eb karrier\u00ebn e tij politike, n\u00eb nj\u00eb moment kritik, kur raportet e tij me SHBA po p\u00ebrkeq\u00ebsohen ndjesh\u00ebm p\u00ebr shkak t\u00eb asaj q\u00eb SHBA e ka quajtur degradim t\u00eb standardeve t\u00eb Shqip\u00ebris\u00eb qysh pas an\u00ebtar\u00ebsimit n\u00eb NATO n\u00eb vitin 2009.<\/p>\n<p>Berisha ka refuzuar t\u00eb l\u00ebr\u00eb t\u00eb lir\u00eb drejt\u00ebsin\u00eb dhe t\u00eb konsideroj\u00eb hetimet e 21 Janarit prej FBI si profesionale, ka injoruar k\u00ebrkes\u00ebn e SHBA p\u00ebr t\u00eb l\u00ebn\u00eb m\u00ebnjan\u00eb luft\u00ebn me institucionet e tjera si Presidenti apo Prokuroria si dhe s\u00eb fundmi ka nj\u00eb mospajtim t\u00eb duksh\u00ebm mes qeveris\u00eb amerikane dhe Berish\u00ebs lidhur me zgjedhjen e presidentit t\u00eb ri. Sali Berisha e k\u00ebrkoi me ngulm k\u00ebt\u00eb takim pik\u00ebrisht p\u00ebr k\u00ebto probleme q\u00eb ka me administrat\u00ebn amerikane.<\/p>\n<p>Takimi me zonj\u00ebn Klinton nuk e sh\u00ebron dot Sali Berish\u00ebn nga k\u00ebto viruse q\u00eb ka futur n\u00eb demokracin\u00eb shqiptare, por ai ka nevoj\u00eb p\u00ebr siguri sa t\u00eb hedh\u00eb dhe nj\u00eb her\u00eb lumin, duke b\u00ebr\u00eb l\u00ebshime t\u00eb pjesshme ose duke e g\u00ebnjyer sa t\u00eb kaloj\u00eb dhe ky qershor. Duke pasur nj\u00eb axhend\u00eb kaq konkrete dhe probleme kaq t\u00eb hapura me SHBA, deklarata e tij paraprake se ka k\u00ebrkuar t\u00eb takohet me zonj\u00ebn Klinton p\u00ebr ta ftuar p\u00ebr 100 vjetorin e pavar\u00ebsis\u00eb, tregon thelbin e karakterit t\u00eb lider\u00ebve autokrat\u00eb ish- komunist\u00eb, t\u00eb cil\u00ebt hallet e tyre personale i kthejn\u00eb n\u00eb halle komb\u00ebtare dhe festat komb\u00ebtare i kthejn\u00eb n\u00eb fasad\u00eb p\u00ebr hallet personale.<\/p>\n<p>Sali Berisha po e p\u00ebrdor 100 vjetorin e pavar\u00ebsis\u00eb p\u00ebr \u00e7do problem q\u00eb i del p\u00ebrpara. I duhet t\u2019i jap\u00eb ca para miqve t\u00eb tij austriak\u00eb apo klient\u00ebve t\u00eb vajz\u00ebs s\u00eb tij dhe shpall nd\u00ebrtimin e nj\u00eb parlamenti super t\u00eb shtrenjt\u00eb duke na mbyllur goj\u00ebn se i duhet Shqip\u00ebris\u00eb p\u00ebr 100 vjetorin. E shpall fituesin m\u00eb t\u00eb shtrenjt\u00eb dhe si p\u00ebrfundim parlamentin nuk e b\u00ebn.<\/p>\n<p>Shpall nd\u00ebrtimin e nj\u00eb stadiumi t\u00eb shtrenjt\u00eb n\u00eb mes t\u00eb Tiran\u00ebs p\u00ebr t\u00eb k\u00ebnaqur klient\u00ebt e medies n\u00eb pushtet, e justifikon at\u00eb me 100 vjetorin, por pastaj ngaq\u00eb s\u2019ka pare nuk e b\u00ebn, por i mban ata angazhuar p\u00ebr t\u2019i b\u00ebr\u00eb fresk. Shkon n\u00eb Turqi p\u00ebr pazaret e veta, gjen mb\u00ebshtetje tek analogu i tij Erdogan dhe e justifikon dashurin\u00eb ndaj tij me faktin q\u00eb jemi v\u00ebllez\u00ebr dhe se do ta ftoj p\u00ebr 100 vjetorin e Pavar\u00ebsis\u00eb.<\/p>\n<p>Tashm\u00eb ka p\u00ebrball\u00eb problemin e radh\u00ebs, at\u00eb t\u00eb zgjedhjes s\u00eb presidentit t\u00eb Republik\u00ebs, p\u00ebr t\u00eb cilin SHBA ka shprehur hapur mospajtimin me nj\u00eb kandidatur\u00eb t\u00eb kontrolluar nga Berisha. Ai b\u00ebn gjith\u00e7ka t\u00eb shkoj n\u00eb Uashington, ia arrin k\u00ebsaj p\u00ebrmes lobist\u00ebve t\u00eb vet, takon Sekretaren Klinton n\u00eb nj\u00eb udh\u00ebtim jozyrtar dhe p\u00ebr t\u00eb treguar se nuk ka ndonj\u00eb hall t\u00eb tij, por ka hallin e Shqip\u00ebris\u00eb, thot\u00eb se q\u00ebllimi i vizit\u00ebs \u00ebsht\u00eb t\u00eb ftoj\u00eb zonj\u00ebn Klinton n\u00eb 100 vjetorin e pavar\u00ebsis\u00eb.<\/p>\n<p>Ky karakter hipokrit dhe patetik mund t\u00eb gjendet vet\u00ebm tek nj\u00eb ish-komunist q\u00eb e shikon demokracin\u00eb si nj\u00eb formalitet q\u00eb duhet justifikuar me retorik\u00eb komb\u00ebtare. Zonja Klinton do t\u00eb udh\u00ebtoj\u00eb n\u00eb fund t\u00eb k\u00ebtij viti n\u00eb rajon, n\u00eb nj\u00eb vizit\u00eb t\u00eb p\u00ebrgatitur nga Departamenti i Shtetit p\u00ebr t\u00eb vizituar Serbin\u00eb, Bosnj\u00ebn, Shqip\u00ebrin\u00eb dhe Maqedonin\u00eb edhe p\u00ebr shkak t\u00eb rritjes s\u00eb tensionit n\u00eb k\u00ebt\u00eb rajon, dhe mund t\u00eb ndodh\u00eb q\u00eb t\u00eb jet\u00eb dhe n\u00eb fund t\u00eb n\u00ebntorit n\u00eb k\u00ebto an\u00eb. Ajo nuk vjen as vet\u00ebm p\u00ebr Shqip\u00ebrin\u00eb, as p\u00ebr Berish\u00ebn dhe as fest\u00ebn ton\u00eb komb\u00ebtare. Ajo vjen se ka axhend\u00ebn e saj shum\u00eb publike dhe shum\u00eb t\u00eb r\u00ebnd\u00ebsishme q\u00eb ka t\u00eb b\u00ebj\u00eb me stabilitetin e rajonit.<\/p>\n<p>Sali Berisha brenda hallit t\u00eb vet, brenda pazarit q\u00eb mendon se po b\u00ebn p\u00ebr ta kaluar kriz\u00ebn e presidentit apo raportet e k\u00ebqija me Per\u00ebndimin, mendon se \u00ebsht\u00eb duke na g\u00ebnjyer, duke na u paraqitur si Baba i Kombit, t\u00eb cilin e shqet\u00ebson vet\u00ebm protokolli i Fest\u00ebs s\u00eb Pavar\u00ebsis\u00eb dhe jo degradimi i p\u00ebrditsh\u00ebm i Shqip\u00ebris\u00eb n\u00eb nj\u00eb shtet privat, pa ligje, pa institucione, pa zgjedhje t\u00eb lira, pa perspektiv\u00eb ekonomike dhe mbi t\u00eb gjitha me nj\u00eb ndarje q\u00eb vjen duke u thelluar p\u00ebr shkak t\u00eb frym\u00ebs klasore t\u00eb politikave t\u00eb k\u00ebtij kryeministri.<\/p>\n<p>Gjat\u00eb 100 viteve ky shtet \u00ebsht\u00eb rr\u00ebzuar dy her\u00eb, nj\u00eb her\u00eb m\u00eb 1924 dhe nj\u00eb her\u00eb m\u00eb 1997, dhe n\u00eb t\u00eb dyja rastet kur kryeministrat autokrat\u00eb t\u00eb k\u00ebtij vendi kan\u00eb tentuar t\u00eb eliminojn\u00eb opozit\u00ebn dhe ta b\u00ebjn\u00eb nj\u00eb shtet p\u00ebr interesa t\u00eb tyre private, n\u00eb em\u00ebr t\u00eb kombit. Sali Berisha po na e risjell virusin e shkat\u00ebrrimit t\u00eb shtetit pik\u00ebrisht n\u00eb 100 vjetorin e tij, duke v\u00ebn\u00eb n\u00eb dyshim t\u00eb ardhmen e tij per\u00ebndimore, p\u00ebr t\u00eb cil\u00ebn u shk\u00ebput\u00ebm nga Turqia.<\/p>\n<p>Ai mendon se 100 vjetori i pavar\u00ebsis\u00eb, \u00ebsht\u00eb nj\u00eb pjatanc\u00eb me llokume, e cila i ka mbetur n\u00eb dor\u00eb Sali Berish\u00ebs dhe me t\u00eb mund t\u00eb qeras\u00eb k\u00ebdo p\u00ebr hallet e veta, edhe Erdoganin, edhe Klintonin. N\u00eb t\u00eb v\u00ebrtet\u00eb gostit\u00eb jan\u00eb zakone turke, q\u00eb nuk ngaz\u00ebllejn\u00eb ask\u00ebnd n\u00eb Uashington. Atje je i lir\u00eb t\u00eb g\u00ebzohesh dhe ndoshta t\u00eb g\u00ebnjesh vet\u00ebm kur hyn. Kur del, \u00ebsht\u00eb mir\u00eb t\u00eb mos b\u00ebsh fotografi dhe t\u00eb mos flas\u00ebsh. Si\u00e7 shpresojm\u00eb t\u00eb ndodh\u00eb.<\/p>\n","protected":false},"excerpt":{"rendered":"<p>Nga Mero Baze, 25 Prill 2012 Sali Berisha u shfaq me Sekretaren e Shtetit, Hillari Klinton, para zyr\u00ebs s\u00eb saj, me nj\u00eb deklarat\u00eb paraprake p\u00ebr kamerat, ku shpalli si q\u00ebllim t\u00eb k\u00ebrkes\u00ebs s\u00eb tij p\u00ebr takim me zonj\u00ebn Klinton, ftes\u00ebn q\u00eb ajo t\u00eb vizitoj\u00eb Shqip\u00ebrin\u00eb me rastin e 100 vjetorit t\u00eb pavar\u00ebsis\u00eb. E justifikoi k\u00ebt\u00eb [&hellip;]<\/p>\n","protected":false},"author":1,"featured_media":0,"comment_status":"open","ping_status":"closed","sticky":false,"template":"","format":"standard","meta":{"footnotes":""},"categories":[2],"tags":[],"class_list":{"0":"post-11796","1":"post","2":"type-post","3":"status-publish","4":"format-standard","6":"category-artikuj"},"yoast_head":"<!-- This site is optimized with the Yoast SEO plugin v27.4 - https:\/\/yoast.com\/product\/yoast-seo-wordpress\/ -->\n<title>100 vjetori: Ose me Hillarin ose me Erdoganin! - FjALA e LIR\u00cb - Arkivi<\/title>\n<meta name=\"robots\" content=\"index, follow, max-snippet:-1, max-image-preview:large, max-video-preview:-1\" \/>\n<link rel=\"canonical\" href=\"https:\/\/fjala.info\/2009-2015\/100-vjetori-ose-me-hillarin-ose-me-erdoganin\/\" \/>\n<meta property=\"og:locale\" content=\"sq_AL\" \/>\n<meta property=\"og:type\" content=\"article\" \/>\n<meta property=\"og:title\" content=\"100 vjetori: Ose me Hillarin ose me Erdoganin! - FjALA e LIR\u00cb - Arkivi\" \/>\n<meta property=\"og:description\" content=\"Nga Mero Baze, 25 Prill 2012 Sali Berisha u shfaq me Sekretaren e Shtetit, Hillari Klinton, para zyr\u00ebs s\u00eb saj, me nj\u00eb deklarat\u00eb paraprake p\u00ebr kamerat, ku shpalli si q\u00ebllim t\u00eb k\u00ebrkes\u00ebs s\u00eb tij p\u00ebr takim me zonj\u00ebn Klinton, ftes\u00ebn q\u00eb ajo t\u00eb vizitoj\u00eb Shqip\u00ebrin\u00eb me rastin e 100 vjetorit t\u00eb pavar\u00ebsis\u00eb. E justifikoi k\u00ebt\u00eb [&hellip;]\" \/>\n<meta property=\"og:url\" content=\"https:\/\/fjala.info\/2009-2015\/100-vjetori-ose-me-hillarin-ose-me-erdoganin\/\" \/>\n<meta property=\"og:site_name\" content=\"FjALA e LIR\u00cb - Arkivi\" \/>\n<meta property=\"article:published_time\" content=\"2012-04-26T07:21:05+00:00\" \/>\n<meta property=\"og:image\" content=\"http:\/\/www.shkoder.net\/images\/fjala\/mero_baze1.jpg\" \/>\n<meta name=\"author\" content=\"admin\" \/>\n<meta name=\"twitter:card\" content=\"summary_large_image\" \/>\n<meta name=\"twitter:label1\" content=\"Written by\" \/>\n\t<meta name=\"twitter:data1\" content=\"admin\" \/>\n\t<meta name=\"twitter:label2\" content=\"Est. reading time\" \/>\n\t<meta name=\"twitter:data2\" content=\"6 minutes\" \/>\n<script type=\"application\/ld+json\" class=\"yoast-schema-graph\">{\"@context\":\"https:\\\/\\\/schema.org\",\"@graph\":[{\"@type\":\"Article\",\"@id\":\"https:\\\/\\\/fjala.info\\\/2009-2015\\\/100-vjetori-ose-me-hillarin-ose-me-erdoganin\\\/#article\",\"isPartOf\":{\"@id\":\"https:\\\/\\\/fjala.info\\\/2009-2015\\\/100-vjetori-ose-me-hillarin-ose-me-erdoganin\\\/\"},\"author\":{\"name\":\"admin\",\"@id\":\"https:\\\/\\\/fjala.info\\\/2009-2015\\\/#\\\/schema\\\/person\\\/3aa1163ef05469c496fc94e77611ada2\"},\"headline\":\"100 vjetori: Ose me Hillarin ose me Erdoganin!\",\"datePublished\":\"2012-04-26T07:21:05+00:00\",\"mainEntityOfPage\":{\"@id\":\"https:\\\/\\\/fjala.info\\\/2009-2015\\\/100-vjetori-ose-me-hillarin-ose-me-erdoganin\\\/\"},\"wordCount\":1155,\"commentCount\":0,\"publisher\":{\"@id\":\"https:\\\/\\\/fjala.info\\\/2009-2015\\\/#organization\"},\"image\":{\"@id\":\"https:\\\/\\\/fjala.info\\\/2009-2015\\\/100-vjetori-ose-me-hillarin-ose-me-erdoganin\\\/#primaryimage\"},\"thumbnailUrl\":\"http:\\\/\\\/www.shkoder.net\\\/images\\\/fjala\\\/mero_baze1.jpg\",\"articleSection\":[\"Artikuj\"],\"inLanguage\":\"sq-AL\",\"potentialAction\":[{\"@type\":\"CommentAction\",\"name\":\"Comment\",\"target\":[\"https:\\\/\\\/fjala.info\\\/2009-2015\\\/100-vjetori-ose-me-hillarin-ose-me-erdoganin\\\/#respond\"]}]},{\"@type\":\"WebPage\",\"@id\":\"https:\\\/\\\/fjala.info\\\/2009-2015\\\/100-vjetori-ose-me-hillarin-ose-me-erdoganin\\\/\",\"url\":\"https:\\\/\\\/fjala.info\\\/2009-2015\\\/100-vjetori-ose-me-hillarin-ose-me-erdoganin\\\/\",\"name\":\"100 vjetori: Ose me Hillarin ose me Erdoganin! - FjALA e LIR\u00cb - Arkivi\",\"isPartOf\":{\"@id\":\"https:\\\/\\\/fjala.info\\\/2009-2015\\\/#website\"},\"primaryImageOfPage\":{\"@id\":\"https:\\\/\\\/fjala.info\\\/2009-2015\\\/100-vjetori-ose-me-hillarin-ose-me-erdoganin\\\/#primaryimage\"},\"image\":{\"@id\":\"https:\\\/\\\/fjala.info\\\/2009-2015\\\/100-vjetori-ose-me-hillarin-ose-me-erdoganin\\\/#primaryimage\"},\"thumbnailUrl\":\"http:\\\/\\\/www.shkoder.net\\\/images\\\/fjala\\\/mero_baze1.jpg\",\"datePublished\":\"2012-04-26T07:21:05+00:00\",\"breadcrumb\":{\"@id\":\"https:\\\/\\\/fjala.info\\\/2009-2015\\\/100-vjetori-ose-me-hillarin-ose-me-erdoganin\\\/#breadcrumb\"},\"inLanguage\":\"sq-AL\",\"potentialAction\":[{\"@type\":\"ReadAction\",\"target\":[\"https:\\\/\\\/fjala.info\\\/2009-2015\\\/100-vjetori-ose-me-hillarin-ose-me-erdoganin\\\/\"]}]},{\"@type\":\"ImageObject\",\"inLanguage\":\"sq-AL\",\"@id\":\"https:\\\/\\\/fjala.info\\\/2009-2015\\\/100-vjetori-ose-me-hillarin-ose-me-erdoganin\\\/#primaryimage\",\"url\":\"http:\\\/\\\/www.shkoder.net\\\/images\\\/fjala\\\/mero_baze1.jpg\",\"contentUrl\":\"http:\\\/\\\/www.shkoder.net\\\/images\\\/fjala\\\/mero_baze1.jpg\"},{\"@type\":\"BreadcrumbList\",\"@id\":\"https:\\\/\\\/fjala.info\\\/2009-2015\\\/100-vjetori-ose-me-hillarin-ose-me-erdoganin\\\/#breadcrumb\",\"itemListElement\":[{\"@type\":\"ListItem\",\"position\":1,\"name\":\"Home\",\"item\":\"https:\\\/\\\/fjala.info\\\/2009-2015\\\/\"},{\"@type\":\"ListItem\",\"position\":2,\"name\":\"100 vjetori: Ose me Hillarin ose me Erdoganin!\"}]},{\"@type\":\"WebSite\",\"@id\":\"https:\\\/\\\/fjala.info\\\/2009-2015\\\/#website\",\"url\":\"https:\\\/\\\/fjala.info\\\/2009-2015\\\/\",\"name\":\"FjALA e LIR\u00cb - Arkivi\",\"description\":\"Arkivi 2009-2015\",\"publisher\":{\"@id\":\"https:\\\/\\\/fjala.info\\\/2009-2015\\\/#organization\"},\"potentialAction\":[{\"@type\":\"SearchAction\",\"target\":{\"@type\":\"EntryPoint\",\"urlTemplate\":\"https:\\\/\\\/fjala.info\\\/2009-2015\\\/?s={search_term_string}\"},\"query-input\":{\"@type\":\"PropertyValueSpecification\",\"valueRequired\":true,\"valueName\":\"search_term_string\"}}],\"inLanguage\":\"sq-AL\"},{\"@type\":\"Organization\",\"@id\":\"https:\\\/\\\/fjala.info\\\/2009-2015\\\/#organization\",\"name\":\"FjALA e LIR\u00cb - Arkivi\",\"url\":\"https:\\\/\\\/fjala.info\\\/2009-2015\\\/\",\"logo\":{\"@type\":\"ImageObject\",\"inLanguage\":\"sq-AL\",\"@id\":\"https:\\\/\\\/fjala.info\\\/2009-2015\\\/#\\\/schema\\\/logo\\\/image\\\/\",\"url\":\"\",\"contentUrl\":\"\",\"caption\":\"FjALA e LIR\u00cb - Arkivi\"},\"image\":{\"@id\":\"https:\\\/\\\/fjala.info\\\/2009-2015\\\/#\\\/schema\\\/logo\\\/image\\\/\"}},{\"@type\":\"Person\",\"@id\":\"https:\\\/\\\/fjala.info\\\/2009-2015\\\/#\\\/schema\\\/person\\\/3aa1163ef05469c496fc94e77611ada2\",\"name\":\"admin\",\"image\":{\"@type\":\"ImageObject\",\"inLanguage\":\"sq-AL\",\"@id\":\"https:\\\/\\\/fjala.info\\\/2009-2015\\\/wp-content\\\/uploads\\\/2012\\\/02\\\/arben_cokaj-120x150.jpg\",\"url\":\"https:\\\/\\\/fjala.info\\\/2009-2015\\\/wp-content\\\/uploads\\\/2012\\\/02\\\/arben_cokaj-120x150.jpg\",\"contentUrl\":\"https:\\\/\\\/fjala.info\\\/2009-2015\\\/wp-content\\\/uploads\\\/2012\\\/02\\\/arben_cokaj-120x150.jpg\",\"caption\":\"admin\"},\"description\":\"Admin, Fjala e Lir\u00eb\",\"sameAs\":[\"https:\\\/\\\/fjala.info\\\/\"],\"url\":\"https:\\\/\\\/fjala.info\\\/2009-2015\\\/author\\\/admin\\\/\"}]}<\/script>\n<!-- \/ Yoast SEO plugin. -->","yoast_head_json":{"title":"100 vjetori: Ose me Hillarin ose me Erdoganin! - FjALA e LIR\u00cb - Arkivi","robots":{"index":"index","follow":"follow","max-snippet":"max-snippet:-1","max-image-preview":"max-image-preview:large","max-video-preview":"max-video-preview:-1"},"canonical":"https:\/\/fjala.info\/2009-2015\/100-vjetori-ose-me-hillarin-ose-me-erdoganin\/","og_locale":"sq_AL","og_type":"article","og_title":"100 vjetori: Ose me Hillarin ose me Erdoganin! - FjALA e LIR\u00cb - Arkivi","og_description":"Nga Mero Baze, 25 Prill 2012 Sali Berisha u shfaq me Sekretaren e Shtetit, Hillari Klinton, para zyr\u00ebs s\u00eb saj, me nj\u00eb deklarat\u00eb paraprake p\u00ebr kamerat, ku shpalli si q\u00ebllim t\u00eb k\u00ebrkes\u00ebs s\u00eb tij p\u00ebr takim me zonj\u00ebn Klinton, ftes\u00ebn q\u00eb ajo t\u00eb vizitoj\u00eb Shqip\u00ebrin\u00eb me rastin e 100 vjetorit t\u00eb pavar\u00ebsis\u00eb. E justifikoi k\u00ebt\u00eb [&hellip;]","og_url":"https:\/\/fjala.info\/2009-2015\/100-vjetori-ose-me-hillarin-ose-me-erdoganin\/","og_site_name":"FjALA e LIR\u00cb - Arkivi","article_published_time":"2012-04-26T07:21:05+00:00","og_image":[{"url":"http:\/\/www.shkoder.net\/images\/fjala\/mero_baze1.jpg","type":"","width":"","height":""}],"author":"admin","twitter_card":"summary_large_image","twitter_misc":{"Written by":"admin","Est. reading time":"6 minutes"},"schema":{"@context":"https:\/\/schema.org","@graph":[{"@type":"Article","@id":"https:\/\/fjala.info\/2009-2015\/100-vjetori-ose-me-hillarin-ose-me-erdoganin\/#article","isPartOf":{"@id":"https:\/\/fjala.info\/2009-2015\/100-vjetori-ose-me-hillarin-ose-me-erdoganin\/"},"author":{"name":"admin","@id":"https:\/\/fjala.info\/2009-2015\/#\/schema\/person\/3aa1163ef05469c496fc94e77611ada2"},"headline":"100 vjetori: Ose me Hillarin ose me Erdoganin!","datePublished":"2012-04-26T07:21:05+00:00","mainEntityOfPage":{"@id":"https:\/\/fjala.info\/2009-2015\/100-vjetori-ose-me-hillarin-ose-me-erdoganin\/"},"wordCount":1155,"commentCount":0,"publisher":{"@id":"https:\/\/fjala.info\/2009-2015\/#organization"},"image":{"@id":"https:\/\/fjala.info\/2009-2015\/100-vjetori-ose-me-hillarin-ose-me-erdoganin\/#primaryimage"},"thumbnailUrl":"http:\/\/www.shkoder.net\/images\/fjala\/mero_baze1.jpg","articleSection":["Artikuj"],"inLanguage":"sq-AL","potentialAction":[{"@type":"CommentAction","name":"Comment","target":["https:\/\/fjala.info\/2009-2015\/100-vjetori-ose-me-hillarin-ose-me-erdoganin\/#respond"]}]},{"@type":"WebPage","@id":"https:\/\/fjala.info\/2009-2015\/100-vjetori-ose-me-hillarin-ose-me-erdoganin\/","url":"https:\/\/fjala.info\/2009-2015\/100-vjetori-ose-me-hillarin-ose-me-erdoganin\/","name":"100 vjetori: Ose me Hillarin ose me Erdoganin! - FjALA e LIR\u00cb - Arkivi","isPartOf":{"@id":"https:\/\/fjala.info\/2009-2015\/#website"},"primaryImageOfPage":{"@id":"https:\/\/fjala.info\/2009-2015\/100-vjetori-ose-me-hillarin-ose-me-erdoganin\/#primaryimage"},"image":{"@id":"https:\/\/fjala.info\/2009-2015\/100-vjetori-ose-me-hillarin-ose-me-erdoganin\/#primaryimage"},"thumbnailUrl":"http:\/\/www.shkoder.net\/images\/fjala\/mero_baze1.jpg","datePublished":"2012-04-26T07:21:05+00:00","breadcrumb":{"@id":"https:\/\/fjala.info\/2009-2015\/100-vjetori-ose-me-hillarin-ose-me-erdoganin\/#breadcrumb"},"inLanguage":"sq-AL","potentialAction":[{"@type":"ReadAction","target":["https:\/\/fjala.info\/2009-2015\/100-vjetori-ose-me-hillarin-ose-me-erdoganin\/"]}]},{"@type":"ImageObject","inLanguage":"sq-AL","@id":"https:\/\/fjala.info\/2009-2015\/100-vjetori-ose-me-hillarin-ose-me-erdoganin\/#primaryimage","url":"http:\/\/www.shkoder.net\/images\/fjala\/mero_baze1.jpg","contentUrl":"http:\/\/www.shkoder.net\/images\/fjala\/mero_baze1.jpg"},{"@type":"BreadcrumbList","@id":"https:\/\/fjala.info\/2009-2015\/100-vjetori-ose-me-hillarin-ose-me-erdoganin\/#breadcrumb","itemListElement":[{"@type":"ListItem","position":1,"name":"Home","item":"https:\/\/fjala.info\/2009-2015\/"},{"@type":"ListItem","position":2,"name":"100 vjetori: Ose me Hillarin ose me Erdoganin!"}]},{"@type":"WebSite","@id":"https:\/\/fjala.info\/2009-2015\/#website","url":"https:\/\/fjala.info\/2009-2015\/","name":"FjALA e LIR\u00cb - Arkivi","description":"Arkivi 2009-2015","publisher":{"@id":"https:\/\/fjala.info\/2009-2015\/#organization"},"potentialAction":[{"@type":"SearchAction","target":{"@type":"EntryPoint","urlTemplate":"https:\/\/fjala.info\/2009-2015\/?s={search_term_string}"},"query-input":{"@type":"PropertyValueSpecification","valueRequired":true,"valueName":"search_term_string"}}],"inLanguage":"sq-AL"},{"@type":"Organization","@id":"https:\/\/fjala.info\/2009-2015\/#organization","name":"FjALA e LIR\u00cb - Arkivi","url":"https:\/\/fjala.info\/2009-2015\/","logo":{"@type":"ImageObject","inLanguage":"sq-AL","@id":"https:\/\/fjala.info\/2009-2015\/#\/schema\/logo\/image\/","url":"","contentUrl":"","caption":"FjALA e LIR\u00cb - Arkivi"},"image":{"@id":"https:\/\/fjala.info\/2009-2015\/#\/schema\/logo\/image\/"}},{"@type":"Person","@id":"https:\/\/fjala.info\/2009-2015\/#\/schema\/person\/3aa1163ef05469c496fc94e77611ada2","name":"admin","image":{"@type":"ImageObject","inLanguage":"sq-AL","@id":"https:\/\/fjala.info\/2009-2015\/wp-content\/uploads\/2012\/02\/arben_cokaj-120x150.jpg","url":"https:\/\/fjala.info\/2009-2015\/wp-content\/uploads\/2012\/02\/arben_cokaj-120x150.jpg","contentUrl":"https:\/\/fjala.info\/2009-2015\/wp-content\/uploads\/2012\/02\/arben_cokaj-120x150.jpg","caption":"admin"},"description":"Admin, Fjala e Lir\u00eb","sameAs":["https:\/\/fjala.info\/"],"url":"https:\/\/fjala.info\/2009-2015\/author\/admin\/"}]}},"_links":{"self":[{"href":"https:\/\/fjala.info\/2009-2015\/wp-json\/wp\/v2\/posts\/11796","targetHints":{"allow":["GET"]}}],"collection":[{"href":"https:\/\/fjala.info\/2009-2015\/wp-json\/wp\/v2\/posts"}],"about":[{"href":"https:\/\/fjala.info\/2009-2015\/wp-json\/wp\/v2\/types\/post"}],"author":[{"embeddable":true,"href":"https:\/\/fjala.info\/2009-2015\/wp-json\/wp\/v2\/users\/1"}],"replies":[{"embeddable":true,"href":"https:\/\/fjala.info\/2009-2015\/wp-json\/wp\/v2\/comments?post=11796"}],"version-history":[{"count":0,"href":"https:\/\/fjala.info\/2009-2015\/wp-json\/wp\/v2\/posts\/11796\/revisions"}],"wp:attachment":[{"href":"https:\/\/fjala.info\/2009-2015\/wp-json\/wp\/v2\/media?parent=11796"}],"wp:term":[{"taxonomy":"category","embeddable":true,"href":"https:\/\/fjala.info\/2009-2015\/wp-json\/wp\/v2\/categories?post=11796"},{"taxonomy":"post_tag","embeddable":true,"href":"https:\/\/fjala.info\/2009-2015\/wp-json\/wp\/v2\/tags?post=11796"}],"curies":[{"name":"wp","href":"https:\/\/api.w.org\/{rel}","templated":true}]}}