{"id":11795,"date":"2012-04-22T08:21:56","date_gmt":"2012-04-22T07:21:56","guid":{"rendered":"http:\/\/fjala.shkoder.net\/?p=2623"},"modified":"2012-04-22T08:21:56","modified_gmt":"2012-04-22T07:21:56","slug":"perse-nuk-ndeshkohet-turqia-per-gjenocidin-ne-shqipni","status":"publish","type":"post","link":"https:\/\/fjala.info\/2009-2015\/perse-nuk-ndeshkohet-turqia-per-gjenocidin-ne-shqipni\/","title":{"rendered":"P\u00ebrse nuk nd\u00ebshkohet Turqia p\u00ebr gjenocidin n\u00eb Shqipni?"},"content":{"rendered":"<p><img decoding=\"async\" class=\"alignleft size-thumbnail wp-image-7236\" title=\"Ushtri turko-osmane\" src=\"http:\/\/www.shkoder.net\/2012\/ushtria_turkosmane.jpg\" alt=\"\" width=\"300\" \/> <strong>Ndri\u00e7im Shkambi<\/strong>\/Proletari.Com<\/p>\n<p><strong>Pak hyrje<\/strong>.<br \/>\nNd\u00ebshkimi moral i agresorit asht\u00eb nj\u00eb e drejt\u00eb humane dhe nj\u00eb akt\u00eb ligjor. K\u00ebrkimi i faljes nga agresori asht\u00eb nj\u00eb detyrim human dhe ligjor, por edhe nj\u00eb m\u00ebnyr\u00eb p\u00ebr t\u2019u pajtue me viktim\u00ebn. Viktima pretendon paqe, q\u00eb kupton; dhanien e s\u00eb drejt\u00ebs nga agresori duke kryer pendimin, k\u00ebrkimin e faljes dhe shtrirjes t\u00eb dor\u00ebs.<\/p>\n<p>Armenia si vendi i viktim\u00ebs prej 98 vjet\u00ebsh nuk asht\u00eb ba asnj\u00eb p\u00ebrpjekje nga shteti i Turqis\u00eb, q\u00eb s\u00eb paku t\u00eb k\u00ebrkoji falje p\u00ebr likujdimin n\u00eb vitin 1915 t\u00eb 1.5 milion njerzve armen t\u00eb paarmatosun, por demonstron t\u00eb mos ta njohi, duke e mohue dhe duke e minimizue numrin e viktim\u00ebs dei n\u00eb gjys\u00ebm milion dhe ishte luft\u00eb at\u00ebhere. Qeveria turke demonstron me k\u00ebt\u00eb sjellje arroganc\u00eb, munges\u00eb sinqeriteti, ftyr\u00ebn e zez\u00eb e stepave aziatike si dhe trash\u00ebgimin e rac\u00ebs bastardhe t\u00eb perandoris\u00eb osmane, q\u00eb vet\u00ebm vrau, grabiti, p\u00ebrdhunoi dhe nuk nd\u00ebrtoi asnj\u00eb gj\u00eb. La koka t\u00eb prera me miliona, fusha e male t\u00eb p\u00ebrgjakura, dogji njer\u00ebz, sht\u00ebpia, me shpat\u00eb e hu dhe detyroi t\u00eb b\u00ebheshin vehabista islamik\u00eb popujt e shumt\u00eb.<\/p>\n<p>Turqia harroi se historia i regjistroi at\u00ebhere kronikat e p\u00ebrgjakura edhe n\u00eb Armeni dhe nj\u00eb dit\u00eb duhej t\u00eb p\u00ebrgjigjej Europ\u00ebs p\u00ebr 1.5 milion armen\u00eb t\u00eb prer\u00eb, t\u00eb djegur e t\u00eb torturar e t\u00eb shkretuarit. Perandoria turke ka shum\u00eb borxhe edhe Shqip\u00ebris\u00eb. Hyn edeln\u00eb Tiran\u00eb, ban biznes dhe ushtron presion qeveris\u00eb shqiptare q\u00eb t\u00eb mos shohi me sy bustet dhe tablot\u00eb e Sk\u00ebnderbeut si dhe k\u00ebrkon me forc\u00eb t\u00eb shfaroset Libri i Luftrave p\u00ebr liri dhe pavarsi t\u00eb popullit shqiptar n\u00eb shekuj kund\u00ebr Turqis\u00eb.<\/p>\n<p>At\u00ebhere s\u2019ka se si sh\u00ebndoshet ndjenjat urrejt\u00ebse t\u00eb popullit shqiptar ndaj kombit turk, pasi qeveria turke nuk k\u00ebrkon paqe me njerzi, por ushtron arroganc\u00eb me humor. Turqia nuk e \u00e7mon historin\u00eb, prandaj vazhdon t\u00eb gaboj\u00eb, t\u00eb ec\u00eb n\u00eb gjurm\u00ebt e perandoris\u00eb osmane sikur asht\u00eb ringjall\u00eb me partin\u00eb vehabiste \u2013 islamike n\u00eb pushtet.<\/p>\n<p>Na vjen n\u00eb shqip nga shqiptar\u00ebt nj\u00eb njoftim nga Parlamenti Francez:<br \/>\nNews24, 22.12.2011<\/p>\n<p>Parlamenti Francez me mb\u00ebshtjeten e shumic\u00ebs s\u00eb deputeteve miraton ligjin : P\u00ebr gjenocidin osman \u2013 turk ndaj Armenis\u00eb, ku n\u00eb vitin 1915 deri n\u00eb 1917 u shfaros\u00ebn 1.5 milion armenas. N\u00eb Franc\u00eb mohimi i gjenocidit p\u00ebrb\u00ebn vep\u00ebr penale\u2026Vitin q\u00eb vjen k\u00ebt\u00eb ligj e miraton edhe Senati Francez.<br \/>\nN\u00eb vitin 2001 e ka njohur qeveria e Franc\u00ebs bot\u00ebrisht\u00eb Gjenocidin armen\u00eb nga perandoria osmane n\u00eb ekzekutimin me tortura 1.5 milion armen\u00eb prej vitit 1915 deri n\u00eb vitin 1917 p\u00ebr fajin se nuk pranuen t\u00eb nd\u00ebrrojn\u00eb fen\u00eb nga katolik n\u00eb islamik vehabist\u00eb<\/p>\n<p>Parlamenti francez vendosi t\u00eb mart\u00ebn e dat\u00ebs 20.XII.2011 t\u00eb mbante t\u00eb enjten e dt. 22.XII.2011 rishikimin e nj\u00eb projekt-ligj t\u00eb vitit 2001, q\u00eb d\u00ebnon mohimin e Gjenocidit armene nga qeveria e Turqis\u00eb, e cila prek\u00eb ndjenjat e t\u00eb kaluar\u00ebs t\u00eb hordhive barbare t\u00eb Turqis\u00eb<br \/>\nNikolas Sarkozi u ka premtuar para zgjedhjes s\u00eb tij si president n\u00eb vitin 2007 \u201carmen\u00ebve n\u00eb Franc\u00eb\u201d, q\u00eb jan\u00eb rreth gjysm\u00eb milioni armen\u00eb, p\u00ebr t\u00eb mb\u00ebshtetur nj\u00eb tekst t\u00eb till\u00eb.<br \/>\nNa vjen edhe ky reagim i shqiptarve n\u00ebp\u00ebr bot\u00eb;<\/p>\n<p>Aprovimi prej Asambles\u00eb Komb\u00ebtare t\u00eb Franc\u00ebs i ligjit per njohjen e Gjenocidit mbi popullin e Armenis\u00eb \u00ebsht\u00eb nje gjest civil dhe historik i nj\u00eb r\u00ebnd\u00ebsie t\u00eb ve\u00e7ant\u00eb. Reagimet e kryeministrit Rexhep Tahyp Erdogan dhe grupeve islamo \u2013 nacionaliste turke jan\u00eb shprehje e primitivizmit dhe i munges\u00ebs t\u00eb pendes\u00ebs, p\u00ebr krimet barbare t\u00eb hordhive osmane ndaj nje populli te papmbrojtur armen. Me q\u00eb \u00ebshte rasti, lipset q\u00eb edhe parlamenti shqiptar, t\u00eb njoh\u00eb barbarit\u00eb e hordhive osmane, t\u00eb kryera ndaj popullit ton\u00eb shqiptar, gjate sundimit afro pes\u00eb shekullor n\u00ebp\u00ebrmjet parlamentit.<\/p>\n<p><strong>Reaksioni i islamistve qeveritar turk<\/strong>:<br \/>\nRexhep Tahyp Erdogan deklaroi se vet\u00eb 500 mij\u00eb armen\u00eb u vran\u00eb. Pse bahet gjith\u00eb kjo zhurm\u00eb?? Sipas Erdoganit le t\u00eb shikoji Franca gjenocidet q\u00eb ka ushtrue mbi popujt algjerian dhe ruandez t\u00eb Afrik\u00ebs. Kryeministri turk, Tahyp Erdogani kishte paralajm\u00ebruar gjat\u00eb dit\u00ebve t\u00eb fundit, kund\u00ebr \u201cpasoja t\u00eb pariparueshme\u201d, n\u00eb marr\u00ebdh\u00ebniet midis dy vendeve, n\u00ebse ligji q\u00eb kriminalizon mohimin e gjenocidit osman mbi 1.5 milion armen\u00eb miratohet nga ana e asambles\u00eb.<\/p>\n<p>Nga Turqia pritet t\u00eb rezultoj\u00eb nj\u00eb hakmarrjet diplomatike dhe ekonomike kund\u00ebr Franc\u00ebs. Kultura e hakmarrjes asht\u00eb shprehja e munges\u00eb s\u00eb civilizimit t\u00eb qeveris\u00eb islamike t\u00eb Turqis\u00eb. Sjellja e hakmarrjes nga qeveria turke tregon n\u00eb shekullin e qytet\u00ebrimit se ka mbetur pjes\u00eb e mbeturin\u00ebs t\u00eb hordhive osmane. Partia Islamike n\u00eb pushtet e Rexhep Tahyp Erdogani n\u00eb Turqi eshte kunder termit \u201cgjenocid\u201d\u2026dhe akuzon Franc\u00ebn q\u00eb para 60 vjetve ka ushtrue gjenocid mbi popullin algjerian.<br \/>\nVet\u00ebm p\u00ebr vitin 2010 marr\u00ebdhaniet Turqi- Franc\u00eb kishin vler\u00eb mbi 12 miliard euro.<\/p>\n<p><strong>Pse populli shqiptar duhet t\u00eb p\u00ebrkrah\u00eb Vendimin e Parlamentit t\u00eb Franc\u00ebs?<\/strong><\/p>\n<p>S\u00ebpari asht\u00eb nj\u00eb lajm i gzuesh\u00ebm q\u00eb shpreh civilizimin, kurajon franceze mbi nd\u00ebshkimin moral t\u00eb nj\u00eb ngjarje tragjike t\u00eb historis\u00eb armene t\u00eb viteve 1915, q\u00eb u ushtrue Gjenocidi i perandoris\u00eb osmane mbi nj\u00eb popull t\u00eb lir\u00eb e sovran armen p\u00ebr shkakun e vet\u00ebm se nuk ishin t\u00eb besimit otoman.<br \/>\nG\u00ebzimi i popujve t\u00eb civilizuem europian asht\u00eb i ligjsh\u00ebm sepse moralisht\u00eb v\u00ebhet n\u00eb vend drejt\u00ebsia.<br \/>\nKy vendim juridik nd\u00ebrkomb\u00ebtar i parlamentit francez asht me p\u00ebrmasa humane e t\u00eb drejt\u00ebs nd\u00ebrkomb\u00ebtare n\u00eb mbrojtje t\u00eb nj\u00eb populli viktim\u00eb e gjenocidit otoman mbi nj\u00eb popull tjet\u00ebr, q\u00eb ende vazhdon ta vuaji k\u00ebt\u00eb mizori t\u00eb hordhive turke.<\/p>\n<p>Prandaj duhen sipas dekretit t\u00eb parlamentit francez t\u00eb marrin vendime edhe t\u00eb gjitha ato ish kolonit\u00eb e perandoris\u00eb osmane-turke p\u00ebr ta nd\u00ebshkuar me Ligjin e Njohjes t\u00eb Gjenocidit ndaj popullit shqiptar p\u00ebr afro 500 vjet pushtim. Ku duhet bazue ky hap\u00eb?<\/p>\n<p><strong>Ndaj krimeve barbare ndaj popullit shqiptar<\/strong><br \/>\nN\u00eb ushtrimin e presionit t\u00eb qeveris\u00eb fondamentaliste islamike t\u00eb Rexhep Tahyp Erdogani<br \/>\nndaj shtetit n\u00eb djegien e Librit t\u00eb Historis\u00eb t\u00eb Gjergj Kastriotit Sk\u00ebnderbe dhe librin e Historis\u00eb t\u00eb Gjenocidit Osman p\u00ebr 444 vjet mbi popullin shqiptar prej vitit 2005 kur mori pushtetin Sali Efendi Berisha, fanatiku i bindur i bot\u00ebs islame si dhe kur erdhi n\u00eb krye t\u00eb presidenc\u00ebs, Bamir Topi, miku i verb\u00ebt dhe fanatiku islamik i arabve, e n\u00eb ve\u00e7anti i Turqis\u00eb.<br \/>\nShqipnia tashm\u00eb asht\u00eb pjes\u00eb e NATO-s, e BE-s, q\u00eb do t\u00eb thot\u00eb nj\u00eb rikthim n\u00eb familjen<br \/>\ncivilizuese europiane.<\/p>\n<p>IV. Nj\u00eb e drejt\u00eb e ligj\u00ebshme e nd\u00ebshkimit moral t\u00eb shtetit turk q\u00eb t\u00eb sh\u00ebndoshi sadopak ndjenjat e popullit shqiptar. Derisa qeveria turke t\u00eb mos k\u00ebrkoji falje, pendes\u00eb popullit shqiptar p\u00ebr gjenocidin afro 500 vje\u00e7ar dhe p\u00ebr coptimin e Shqipnis\u00eb,\u2026..kurr\u00eb nuk do t\u00eb ket\u00eb paqe n\u00eb vet\u00ebdij\u00ebn e popullit shqiptar. Nuk sh\u00ebndoshen ndjenjat e s\u00eb kaluar t\u00eb hidhur t\u00eb popullit shqiptar duke i ba presion Turqia qeveris\u00eb shqiptare dhe asaj kosovare, por i ruan ende n\u00eb gjendje konservimi, akulimi dhe rikujtimi i andrr\u00ebs mizore t\u00eb turqve.<\/p>\n<p>Populli shqiptar k\u00ebrkon paqe t\u00eb vendos\u00eb me popullin turk, por qeveria islamike arrogante, e pamoralshme, e t\u00ebrbuar nga rizgjimi i popujve p\u00ebr t\u00eb k\u00ebrkue falje e pengon sepse e vler\u00ebson si normale tragjedit\u00eb mbi popujt e pafajsh\u00ebm. Ishte Turqia ajo q\u00eb vrau n\u00eb vendet e huaja, prandaj obligimi historik mbetet p\u00ebrher\u00eb parim human dhe logjik.<\/p>\n<p>Shqip\u00ebria ka kushte historike komode p\u00ebr t\u2019u bashkangjit\u00eb Vendimit t\u00eb Parlamentit t\u00eb Franc\u00ebs p\u00ebr k\u00ebto shkaqe t\u00eb ligj\u00ebshme:<br \/>\n&#8211; Me pushtimin barbar pas 1468, Osman\u00ebt turq\u00eb ngrit\u00ebn murin me Europ\u00ebn p\u00ebr mbi 600 vjet\u00eb<br \/>\n&#8211; Asgj\u00ebsoi gjith\u00eb arsenalin e kultur\u00ebs artistike dhe antike<br \/>\n&#8211; Grabiti pasuni n\u00eb monedha arit, piktura, skullptura,\u2026<br \/>\n&#8211; Vrau, syrgjynosi, dhunoi moralin e femn\u00ebs me shpat\u00eb n\u00eb dor\u00eb duke prish\u00eb rac\u00ebn shqiptare<br \/>\n&#8211; Ndaloi besimin dhe ushtroi gjenocid mbi popullin katolik shqiptar<br \/>\n&#8211; Ushtroi dhun\u00eb dhe sjellje imorale n\u00eb konvertimin e fes\u00eb nga katolik n\u00eb islamiz\u00ebm vehabiste.<\/p>\n<p>Pasoja katastrofale t\u00eb pallogaritshme Shqipnis\u00eb, q\u00eb ende i vuen;<br \/>\nPasojat e pushtimit osman ishin po aq katastrofike n\u00eb disa aspekte;<br \/>\n&#8211; La shkatrrim dhe vese ma t\u00eb sh\u00ebmtuara, p\u00ebr\u00e7arje, spiunll\u00ebkun dhe damtoi rrac\u00ebn arb\u00ebrore.<br \/>\n&#8211; E p\u00ebrgjysmoi Shqipnin\u00eb n\u00eb vitin 1877-1878 duke ja dhurue si pla\u00e7k\u00eb t\u00eb tij sllav\u00ebve dhe grek\u00ebrve duke ba pazare me Rusin\u00eb p\u00ebr interesa t\u00eb veta n\u00eb territore t\u00eb pushtueme.<br \/>\n&#8211; Edhe pas vitit 1878 coptoi tokat shqiptare n\u00eb dobi t\u00eb fqinjve sllave-grek\u00eb p\u00ebr interesa globale t\u00eb saj duke bashk\u00ebpunuar me Serbin\u00eb n\u00eb d\u00ebbimin e mijra shqiptarve nga Kosova p\u00ebr n\u00eb shkret\u00ebtirat e Turqis\u00eb pas viteve 1944.<\/p>\n<p>&#8211; Edhe sot kryeministri i Turqis\u00eb, Rexhep Tahyp Erdogani nd\u00ebrhyn n\u00eb pun\u00ebt e brendshme t\u00eb Shqipnis\u00eb duke p\u00ebrdor mjete korruptive dhe presion dallkauk\u00ebve, derdemen\u00ebve n\u00eb pushtet\u00eb, n\u00eb presidenc\u00eb, q\u00eb t\u00eb shfarosin librin e Historis\u00eb s\u00eb Luftrave Shqiptaro- Osmane gati 500 vje\u00e7ar, dhe heroin e Madh, Gjergj Kastriotin. Nj\u00eb and\u00ebrr e \u00e7mendun!<\/p>\n<p>Dhe k\u00ebta sekser\u00eb t\u00eb interesave shqiptare, q\u00eb jan\u00eb n\u00eb akademi, n\u00eb presidenc\u00eb, n\u00eb qeveri, n\u00eb parlament\u00eb, n\u00eb diplomaci, n\u00eb drejtsi, n\u00eb ushtri, n\u00eb sh\u00ebndetsi\u2026n\u00eb krye t\u00eb partive e n\u00eb krye t\u00eb bizneseve jan\u00eb gati ta zhdukin nga memoria brezave t\u00eb ardhsh\u00ebm librin\u201dGjergj Kastriotin dhe gjith\u00eb historin\u00eb e pushtimit gati 500 vje\u00e7ar otoman n\u00eb Shqipni\u201d me synim q\u00eb n\u00eb nj\u00eb dit\u00eb me diell tja lejojn\u00eb ripushtimin me forma tjera ma t\u00eb alambikueme vendit ton\u00eb sepse e ndjejn\u00eb veten e tyre m\u00eb komod me neo-otoman\u00ebt e Turqis\u00eb se sa me familjen e Europ\u00ebs.<\/p>\n<p>Shenjat i kan\u00eb dhan\u00eb k\u00ebta jeni\u00e7er\u00ebt e Rexhep Tahyp Erdoganit duke hequr prej mureve e shqelmosun p\u00ebrtok\u00eb bustet dhe tablot\u00eb e Gjergj Kastriotit sepse hidh\u00ebrohen v\u00ebllaznit e tyre t\u00eb &#8220;nj\u00eb gjaku&#8221; turk. E lejoi politika, qeveria, presidenca dhe akademite, universitetet n\u00eb vitin 2010, propogand\u00ebn e Shp\u00ebrfytyrimit t\u00eb heroit legjendar Sk\u00ebnderbeu n\u00ebp\u00ebrmjet nj\u00eb fare renegati vandal serbo-zviceran- neo-otoman Oliver Shmidt, q\u00eb shiti librin e tij t\u00eb p\u00ebrkthyer nga nj\u00eb armik i Shqipnis\u00eb, nj\u00ebsoj rruga\u00e7i i paskrupullt\u00eb, biri i nomenklatur\u00ebs komuniste-enveriste-antishqiptare, Ardian Klosi, q\u00eb me k\u00ebto vepra po i vejn\u00eb zjarrin Shqipnis\u00eb me an\u00eb t\u00eb falsifikimit dituris\u00eb.<\/p>\n<p>E mandej me shpat\u00eb do t\u00eb vijn\u00eb vet\u00eb miqt\u00eb anadollak\u00eb t\u00eb tij dhe shum\u00eb t\u00eb tjerve duke pre e djeg\u00eb kultur\u00ebn e identitetit shqiptar. C\u00ebnimi i figur\u00ebs t\u00eb Gjergj Kastriotit \u00ebsht\u00eb c\u00ebnimi i historis\u00eb s\u00eb luftrave p\u00ebr liri dhe pavarsi, lufta p\u00ebr dije dhe t\u00eb drejt\u00ebn e besimit fetar sipas vullnetit t\u00eb popullit shqiptar. Sk\u00ebnderbeu parapriu n\u00eb beteja p\u00ebr 25 vjet duke fitue n\u00eb beteja kund\u00ebr harbutve osman\u00eb. Ai ishte flamur i rezistenc\u00ebs dhe preludi i epok\u00ebs t\u00eb rilindjes iluministe n\u00eb Shqipni. Ai ishte flamur i betejave t\u00eb shqiptarve n\u00eb Kosov\u00eb q\u00eb p\u00ebrfundoi me pavarsin\u00eb e saj, n\u00eb betejat p\u00ebr liri t\u00eb shqiptarve n\u00eb Maqedoni edhe n\u00eb shekullin 21.<\/p>\n<p>Sk\u00ebnderbeu ishte dhe mbeti identiteti i kombit t\u00eb shqiptarve p\u00ebr afro 600 vjet. Trash\u00ebgimtar\u00ebt osman\u00eb n\u00eb Turqi guxojn\u00eb edhe n\u00eb shekullin XXI t\u00eb fyejn\u00eb historin\u00eb e luftrave p\u00ebr liri dhe pavarsi sepse ka gjet\u00eb terren nga renegat\u00ebt shqiptar n\u00eb krye t\u00eb piramid\u00ebs t\u00eb shtetit, presidenc\u00ebs, akademis\u00eb, drejtsis\u00eb, universiteteve, shoqatave shkencore historike, arkeologjike, albanalogjike, t\u00eb mediave vizive \u2013 elektronike e gazetareske dhe t\u00eb partive, ku i p\u00ebrkasin besimit islamik.<br \/>\nP\u00ebrse nuk nxjerr\u00eb vendim edhe parlamenti shqiptar p\u00ebr Gjenocidin osman mbi popullin shqiptar?<br \/>\nK\u00ebta nuk trajtuen Gjenocidin komunist e jo m\u00eb at\u00eb turk sepse i duhet t\u00eb d\u00ebnojn\u00eb vedin dy her\u00eb;<\/p>\n<p>1- T\u00eb fusin vedin n\u00eb burgje ose s\u00ebpaku t\u00eb hidhen n\u00eb ushtrin\u00eb e t\u00eb papunve.<br \/>\n2 \u2013 Frigohen se mos i detyron vendimi i parlamentit t\u00eb kthehen te feja e t\u00eb parve.<br \/>\n3 \u2013 Pronar\u00ebt e tokave dhe t\u00eb fshatrave frigohen se do t\u2019i kthejn\u00eb pronat sepse jua dha perandoria osmane t\u00eb parve t\u00eb tyne p\u00ebr merita se ishin kriminela, ndrruan fen\u00eb, i sh\u00ebrbyen me trim\u00ebri p\u00ebr shtypjen me barbari t\u00eb popullit shqiptar dhe n\u00eb kolonit\u00eb e tyre.<\/p>\n<p><strong>Parlamentit shqiptar t\u00eb d\u00ebnoji urgjentisht\u00eb Gjenocidin turk dhe pasojat mbi Shqip\u00ebrin\u00eb<\/strong><\/p>\n<p>Parlamenti kat \u00eb drejta eskluzive q\u00eb t\u00eb trajtoj\u00eb p\u00ebr kapituj tragjik t\u00eb historis\u00eb, sikurse nd\u00ebrmorri hapa e ngriti komision mbi Masakr\u00ebn e Tivarit. Hap\u00ebsira morale e juridike ka, prandaj duhet q\u00eb t\u00eb mos humbet ma koh\u00eb t\u00eb marri vendim p\u00ebr Nd\u00ebshkimin e Gjenocidit osman n\u00eb Shqip\u00ebri.<br \/>\nSa fat i madh ta trajtoji parlamenti shqiptar k\u00ebt akt\u00eb t\u00eb turpsh\u00ebm turk mbi popullin shqiptar! N\u00ebse realizohet ky akt do t\u00eb jet\u00eb nj\u00eb akt historik i drejt\u00eb dhe me pasoja t\u00eb sh\u00ebndoshjes n\u00ebse qeveria turke i k\u00ebrkon falje popullit shqiptar.<\/p>\n<p>And\u00ebrr!<br \/>\nEdhe kjo and\u00ebrr!<br \/>\nMe trash\u00ebgimtar\u00ebt osman\u00eb nuk mund t\u00eb pranosh qytet\u00ebrim sepse koh\u00ebt e fundit kan\u00eb ngreh shpatat kund\u00ebr Europ\u00ebs dhe ish vendeve t\u00eb rob\u00ebrueme.<\/p>\n<p><strong>\u00c7\u2019ka t\u00eb bajm\u00eb?<\/strong><br \/>\nT\u00eb luajm\u00eb der\u00ebn si t\u00eb marr\u00eb e t\u00eb p\u00ebrkundemi me andrra t\u00eb parealizueme dhe t\u00eb hedhim vner mbi shtetin dhe shoq\u00ebrin\u00eb turke.<br \/>\nNdoshta nuk e zb\u00ebrtheva n\u00eb kontekst historiko-politik sa duhet se nuk jam i lapsit, por di\u00e7ka pruna n\u00eb memorien e popullit shqiptar.<\/p>\n<p>E shtun\u00eb, m\u00eb dt. 24.XII.2011<\/p>\n","protected":false},"excerpt":{"rendered":"<p>Ndri\u00e7im Shkambi\/Proletari.Com Pak hyrje. Nd\u00ebshkimi moral i agresorit asht\u00eb nj\u00eb e drejt\u00eb humane dhe nj\u00eb akt\u00eb ligjor. K\u00ebrkimi i faljes nga agresori asht\u00eb nj\u00eb detyrim human dhe ligjor, por edhe nj\u00eb m\u00ebnyr\u00eb p\u00ebr t\u2019u pajtue me viktim\u00ebn. Viktima pretendon paqe, q\u00eb kupton; dhanien e s\u00eb drejt\u00ebs nga agresori duke kryer pendimin, k\u00ebrkimin e faljes dhe [&hellip;]<\/p>\n","protected":false},"author":1,"featured_media":0,"comment_status":"open","ping_status":"closed","sticky":false,"template":"","format":"standard","meta":{"footnotes":""},"categories":[2],"tags":[],"class_list":{"0":"post-11795","1":"post","2":"type-post","3":"status-publish","4":"format-standard","6":"category-artikuj"},"yoast_head":"<!-- This site is optimized with the Yoast SEO plugin v27.4 - https:\/\/yoast.com\/product\/yoast-seo-wordpress\/ -->\n<title>P\u00ebrse nuk nd\u00ebshkohet Turqia p\u00ebr gjenocidin n\u00eb Shqipni? - FjALA e LIR\u00cb - Arkivi<\/title>\n<meta name=\"robots\" content=\"index, follow, max-snippet:-1, max-image-preview:large, max-video-preview:-1\" \/>\n<link rel=\"canonical\" href=\"https:\/\/fjala.info\/2009-2015\/perse-nuk-ndeshkohet-turqia-per-gjenocidin-ne-shqipni\/\" \/>\n<meta property=\"og:locale\" content=\"sq_AL\" \/>\n<meta property=\"og:type\" content=\"article\" \/>\n<meta property=\"og:title\" content=\"P\u00ebrse nuk nd\u00ebshkohet Turqia p\u00ebr gjenocidin n\u00eb Shqipni? - FjALA e LIR\u00cb - Arkivi\" \/>\n<meta property=\"og:description\" content=\"Ndri\u00e7im Shkambi\/Proletari.Com Pak hyrje. Nd\u00ebshkimi moral i agresorit asht\u00eb nj\u00eb e drejt\u00eb humane dhe nj\u00eb akt\u00eb ligjor. K\u00ebrkimi i faljes nga agresori asht\u00eb nj\u00eb detyrim human dhe ligjor, por edhe nj\u00eb m\u00ebnyr\u00eb p\u00ebr t\u2019u pajtue me viktim\u00ebn. Viktima pretendon paqe, q\u00eb kupton; dhanien e s\u00eb drejt\u00ebs nga agresori duke kryer pendimin, k\u00ebrkimin e faljes dhe [&hellip;]\" \/>\n<meta property=\"og:url\" content=\"https:\/\/fjala.info\/2009-2015\/perse-nuk-ndeshkohet-turqia-per-gjenocidin-ne-shqipni\/\" \/>\n<meta property=\"og:site_name\" content=\"FjALA e LIR\u00cb - Arkivi\" \/>\n<meta property=\"article:published_time\" content=\"2012-04-22T07:21:56+00:00\" \/>\n<meta property=\"og:image\" content=\"http:\/\/www.shkoder.net\/2012\/ushtria_turkosmane.jpg\" \/>\n<meta name=\"author\" content=\"admin\" \/>\n<meta name=\"twitter:card\" content=\"summary_large_image\" \/>\n<meta name=\"twitter:label1\" content=\"Written by\" \/>\n\t<meta name=\"twitter:data1\" content=\"admin\" \/>\n\t<meta name=\"twitter:label2\" content=\"Est. reading time\" \/>\n\t<meta name=\"twitter:data2\" content=\"11 minutes\" \/>\n<script type=\"application\/ld+json\" class=\"yoast-schema-graph\">{\"@context\":\"https:\\\/\\\/schema.org\",\"@graph\":[{\"@type\":\"Article\",\"@id\":\"https:\\\/\\\/fjala.info\\\/2009-2015\\\/perse-nuk-ndeshkohet-turqia-per-gjenocidin-ne-shqipni\\\/#article\",\"isPartOf\":{\"@id\":\"https:\\\/\\\/fjala.info\\\/2009-2015\\\/perse-nuk-ndeshkohet-turqia-per-gjenocidin-ne-shqipni\\\/\"},\"author\":{\"name\":\"admin\",\"@id\":\"https:\\\/\\\/fjala.info\\\/2009-2015\\\/#\\\/schema\\\/person\\\/3aa1163ef05469c496fc94e77611ada2\"},\"headline\":\"P\u00ebrse nuk nd\u00ebshkohet Turqia p\u00ebr gjenocidin n\u00eb Shqipni?\",\"datePublished\":\"2012-04-22T07:21:56+00:00\",\"mainEntityOfPage\":{\"@id\":\"https:\\\/\\\/fjala.info\\\/2009-2015\\\/perse-nuk-ndeshkohet-turqia-per-gjenocidin-ne-shqipni\\\/\"},\"wordCount\":2266,\"commentCount\":0,\"publisher\":{\"@id\":\"https:\\\/\\\/fjala.info\\\/2009-2015\\\/#organization\"},\"image\":{\"@id\":\"https:\\\/\\\/fjala.info\\\/2009-2015\\\/perse-nuk-ndeshkohet-turqia-per-gjenocidin-ne-shqipni\\\/#primaryimage\"},\"thumbnailUrl\":\"http:\\\/\\\/www.shkoder.net\\\/2012\\\/ushtria_turkosmane.jpg\",\"articleSection\":[\"Artikuj\"],\"inLanguage\":\"sq-AL\",\"potentialAction\":[{\"@type\":\"CommentAction\",\"name\":\"Comment\",\"target\":[\"https:\\\/\\\/fjala.info\\\/2009-2015\\\/perse-nuk-ndeshkohet-turqia-per-gjenocidin-ne-shqipni\\\/#respond\"]}]},{\"@type\":\"WebPage\",\"@id\":\"https:\\\/\\\/fjala.info\\\/2009-2015\\\/perse-nuk-ndeshkohet-turqia-per-gjenocidin-ne-shqipni\\\/\",\"url\":\"https:\\\/\\\/fjala.info\\\/2009-2015\\\/perse-nuk-ndeshkohet-turqia-per-gjenocidin-ne-shqipni\\\/\",\"name\":\"P\u00ebrse nuk nd\u00ebshkohet Turqia p\u00ebr gjenocidin n\u00eb Shqipni? - FjALA e LIR\u00cb - Arkivi\",\"isPartOf\":{\"@id\":\"https:\\\/\\\/fjala.info\\\/2009-2015\\\/#website\"},\"primaryImageOfPage\":{\"@id\":\"https:\\\/\\\/fjala.info\\\/2009-2015\\\/perse-nuk-ndeshkohet-turqia-per-gjenocidin-ne-shqipni\\\/#primaryimage\"},\"image\":{\"@id\":\"https:\\\/\\\/fjala.info\\\/2009-2015\\\/perse-nuk-ndeshkohet-turqia-per-gjenocidin-ne-shqipni\\\/#primaryimage\"},\"thumbnailUrl\":\"http:\\\/\\\/www.shkoder.net\\\/2012\\\/ushtria_turkosmane.jpg\",\"datePublished\":\"2012-04-22T07:21:56+00:00\",\"breadcrumb\":{\"@id\":\"https:\\\/\\\/fjala.info\\\/2009-2015\\\/perse-nuk-ndeshkohet-turqia-per-gjenocidin-ne-shqipni\\\/#breadcrumb\"},\"inLanguage\":\"sq-AL\",\"potentialAction\":[{\"@type\":\"ReadAction\",\"target\":[\"https:\\\/\\\/fjala.info\\\/2009-2015\\\/perse-nuk-ndeshkohet-turqia-per-gjenocidin-ne-shqipni\\\/\"]}]},{\"@type\":\"ImageObject\",\"inLanguage\":\"sq-AL\",\"@id\":\"https:\\\/\\\/fjala.info\\\/2009-2015\\\/perse-nuk-ndeshkohet-turqia-per-gjenocidin-ne-shqipni\\\/#primaryimage\",\"url\":\"http:\\\/\\\/www.shkoder.net\\\/2012\\\/ushtria_turkosmane.jpg\",\"contentUrl\":\"http:\\\/\\\/www.shkoder.net\\\/2012\\\/ushtria_turkosmane.jpg\"},{\"@type\":\"BreadcrumbList\",\"@id\":\"https:\\\/\\\/fjala.info\\\/2009-2015\\\/perse-nuk-ndeshkohet-turqia-per-gjenocidin-ne-shqipni\\\/#breadcrumb\",\"itemListElement\":[{\"@type\":\"ListItem\",\"position\":1,\"name\":\"Home\",\"item\":\"https:\\\/\\\/fjala.info\\\/2009-2015\\\/\"},{\"@type\":\"ListItem\",\"position\":2,\"name\":\"P\u00ebrse nuk nd\u00ebshkohet Turqia p\u00ebr gjenocidin n\u00eb Shqipni?\"}]},{\"@type\":\"WebSite\",\"@id\":\"https:\\\/\\\/fjala.info\\\/2009-2015\\\/#website\",\"url\":\"https:\\\/\\\/fjala.info\\\/2009-2015\\\/\",\"name\":\"FjALA e LIR\u00cb - Arkivi\",\"description\":\"Arkivi 2009-2015\",\"publisher\":{\"@id\":\"https:\\\/\\\/fjala.info\\\/2009-2015\\\/#organization\"},\"potentialAction\":[{\"@type\":\"SearchAction\",\"target\":{\"@type\":\"EntryPoint\",\"urlTemplate\":\"https:\\\/\\\/fjala.info\\\/2009-2015\\\/?s={search_term_string}\"},\"query-input\":{\"@type\":\"PropertyValueSpecification\",\"valueRequired\":true,\"valueName\":\"search_term_string\"}}],\"inLanguage\":\"sq-AL\"},{\"@type\":\"Organization\",\"@id\":\"https:\\\/\\\/fjala.info\\\/2009-2015\\\/#organization\",\"name\":\"FjALA e LIR\u00cb - Arkivi\",\"url\":\"https:\\\/\\\/fjala.info\\\/2009-2015\\\/\",\"logo\":{\"@type\":\"ImageObject\",\"inLanguage\":\"sq-AL\",\"@id\":\"https:\\\/\\\/fjala.info\\\/2009-2015\\\/#\\\/schema\\\/logo\\\/image\\\/\",\"url\":\"\",\"contentUrl\":\"\",\"caption\":\"FjALA e LIR\u00cb - Arkivi\"},\"image\":{\"@id\":\"https:\\\/\\\/fjala.info\\\/2009-2015\\\/#\\\/schema\\\/logo\\\/image\\\/\"}},{\"@type\":\"Person\",\"@id\":\"https:\\\/\\\/fjala.info\\\/2009-2015\\\/#\\\/schema\\\/person\\\/3aa1163ef05469c496fc94e77611ada2\",\"name\":\"admin\",\"image\":{\"@type\":\"ImageObject\",\"inLanguage\":\"sq-AL\",\"@id\":\"https:\\\/\\\/fjala.info\\\/2009-2015\\\/wp-content\\\/uploads\\\/2012\\\/02\\\/arben_cokaj-120x150.jpg\",\"url\":\"https:\\\/\\\/fjala.info\\\/2009-2015\\\/wp-content\\\/uploads\\\/2012\\\/02\\\/arben_cokaj-120x150.jpg\",\"contentUrl\":\"https:\\\/\\\/fjala.info\\\/2009-2015\\\/wp-content\\\/uploads\\\/2012\\\/02\\\/arben_cokaj-120x150.jpg\",\"caption\":\"admin\"},\"description\":\"Admin, Fjala e Lir\u00eb\",\"sameAs\":[\"https:\\\/\\\/fjala.info\\\/\"],\"url\":\"https:\\\/\\\/fjala.info\\\/2009-2015\\\/author\\\/admin\\\/\"}]}<\/script>\n<!-- \/ Yoast SEO plugin. -->","yoast_head_json":{"title":"P\u00ebrse nuk nd\u00ebshkohet Turqia p\u00ebr gjenocidin n\u00eb Shqipni? - FjALA e LIR\u00cb - Arkivi","robots":{"index":"index","follow":"follow","max-snippet":"max-snippet:-1","max-image-preview":"max-image-preview:large","max-video-preview":"max-video-preview:-1"},"canonical":"https:\/\/fjala.info\/2009-2015\/perse-nuk-ndeshkohet-turqia-per-gjenocidin-ne-shqipni\/","og_locale":"sq_AL","og_type":"article","og_title":"P\u00ebrse nuk nd\u00ebshkohet Turqia p\u00ebr gjenocidin n\u00eb Shqipni? - FjALA e LIR\u00cb - Arkivi","og_description":"Ndri\u00e7im Shkambi\/Proletari.Com Pak hyrje. Nd\u00ebshkimi moral i agresorit asht\u00eb nj\u00eb e drejt\u00eb humane dhe nj\u00eb akt\u00eb ligjor. K\u00ebrkimi i faljes nga agresori asht\u00eb nj\u00eb detyrim human dhe ligjor, por edhe nj\u00eb m\u00ebnyr\u00eb p\u00ebr t\u2019u pajtue me viktim\u00ebn. Viktima pretendon paqe, q\u00eb kupton; dhanien e s\u00eb drejt\u00ebs nga agresori duke kryer pendimin, k\u00ebrkimin e faljes dhe [&hellip;]","og_url":"https:\/\/fjala.info\/2009-2015\/perse-nuk-ndeshkohet-turqia-per-gjenocidin-ne-shqipni\/","og_site_name":"FjALA e LIR\u00cb - Arkivi","article_published_time":"2012-04-22T07:21:56+00:00","og_image":[{"url":"http:\/\/www.shkoder.net\/2012\/ushtria_turkosmane.jpg","type":"","width":"","height":""}],"author":"admin","twitter_card":"summary_large_image","twitter_misc":{"Written by":"admin","Est. reading time":"11 minutes"},"schema":{"@context":"https:\/\/schema.org","@graph":[{"@type":"Article","@id":"https:\/\/fjala.info\/2009-2015\/perse-nuk-ndeshkohet-turqia-per-gjenocidin-ne-shqipni\/#article","isPartOf":{"@id":"https:\/\/fjala.info\/2009-2015\/perse-nuk-ndeshkohet-turqia-per-gjenocidin-ne-shqipni\/"},"author":{"name":"admin","@id":"https:\/\/fjala.info\/2009-2015\/#\/schema\/person\/3aa1163ef05469c496fc94e77611ada2"},"headline":"P\u00ebrse nuk nd\u00ebshkohet Turqia p\u00ebr gjenocidin n\u00eb Shqipni?","datePublished":"2012-04-22T07:21:56+00:00","mainEntityOfPage":{"@id":"https:\/\/fjala.info\/2009-2015\/perse-nuk-ndeshkohet-turqia-per-gjenocidin-ne-shqipni\/"},"wordCount":2266,"commentCount":0,"publisher":{"@id":"https:\/\/fjala.info\/2009-2015\/#organization"},"image":{"@id":"https:\/\/fjala.info\/2009-2015\/perse-nuk-ndeshkohet-turqia-per-gjenocidin-ne-shqipni\/#primaryimage"},"thumbnailUrl":"http:\/\/www.shkoder.net\/2012\/ushtria_turkosmane.jpg","articleSection":["Artikuj"],"inLanguage":"sq-AL","potentialAction":[{"@type":"CommentAction","name":"Comment","target":["https:\/\/fjala.info\/2009-2015\/perse-nuk-ndeshkohet-turqia-per-gjenocidin-ne-shqipni\/#respond"]}]},{"@type":"WebPage","@id":"https:\/\/fjala.info\/2009-2015\/perse-nuk-ndeshkohet-turqia-per-gjenocidin-ne-shqipni\/","url":"https:\/\/fjala.info\/2009-2015\/perse-nuk-ndeshkohet-turqia-per-gjenocidin-ne-shqipni\/","name":"P\u00ebrse nuk nd\u00ebshkohet Turqia p\u00ebr gjenocidin n\u00eb Shqipni? - FjALA e LIR\u00cb - Arkivi","isPartOf":{"@id":"https:\/\/fjala.info\/2009-2015\/#website"},"primaryImageOfPage":{"@id":"https:\/\/fjala.info\/2009-2015\/perse-nuk-ndeshkohet-turqia-per-gjenocidin-ne-shqipni\/#primaryimage"},"image":{"@id":"https:\/\/fjala.info\/2009-2015\/perse-nuk-ndeshkohet-turqia-per-gjenocidin-ne-shqipni\/#primaryimage"},"thumbnailUrl":"http:\/\/www.shkoder.net\/2012\/ushtria_turkosmane.jpg","datePublished":"2012-04-22T07:21:56+00:00","breadcrumb":{"@id":"https:\/\/fjala.info\/2009-2015\/perse-nuk-ndeshkohet-turqia-per-gjenocidin-ne-shqipni\/#breadcrumb"},"inLanguage":"sq-AL","potentialAction":[{"@type":"ReadAction","target":["https:\/\/fjala.info\/2009-2015\/perse-nuk-ndeshkohet-turqia-per-gjenocidin-ne-shqipni\/"]}]},{"@type":"ImageObject","inLanguage":"sq-AL","@id":"https:\/\/fjala.info\/2009-2015\/perse-nuk-ndeshkohet-turqia-per-gjenocidin-ne-shqipni\/#primaryimage","url":"http:\/\/www.shkoder.net\/2012\/ushtria_turkosmane.jpg","contentUrl":"http:\/\/www.shkoder.net\/2012\/ushtria_turkosmane.jpg"},{"@type":"BreadcrumbList","@id":"https:\/\/fjala.info\/2009-2015\/perse-nuk-ndeshkohet-turqia-per-gjenocidin-ne-shqipni\/#breadcrumb","itemListElement":[{"@type":"ListItem","position":1,"name":"Home","item":"https:\/\/fjala.info\/2009-2015\/"},{"@type":"ListItem","position":2,"name":"P\u00ebrse nuk nd\u00ebshkohet Turqia p\u00ebr gjenocidin n\u00eb Shqipni?"}]},{"@type":"WebSite","@id":"https:\/\/fjala.info\/2009-2015\/#website","url":"https:\/\/fjala.info\/2009-2015\/","name":"FjALA e LIR\u00cb - Arkivi","description":"Arkivi 2009-2015","publisher":{"@id":"https:\/\/fjala.info\/2009-2015\/#organization"},"potentialAction":[{"@type":"SearchAction","target":{"@type":"EntryPoint","urlTemplate":"https:\/\/fjala.info\/2009-2015\/?s={search_term_string}"},"query-input":{"@type":"PropertyValueSpecification","valueRequired":true,"valueName":"search_term_string"}}],"inLanguage":"sq-AL"},{"@type":"Organization","@id":"https:\/\/fjala.info\/2009-2015\/#organization","name":"FjALA e LIR\u00cb - Arkivi","url":"https:\/\/fjala.info\/2009-2015\/","logo":{"@type":"ImageObject","inLanguage":"sq-AL","@id":"https:\/\/fjala.info\/2009-2015\/#\/schema\/logo\/image\/","url":"","contentUrl":"","caption":"FjALA e LIR\u00cb - Arkivi"},"image":{"@id":"https:\/\/fjala.info\/2009-2015\/#\/schema\/logo\/image\/"}},{"@type":"Person","@id":"https:\/\/fjala.info\/2009-2015\/#\/schema\/person\/3aa1163ef05469c496fc94e77611ada2","name":"admin","image":{"@type":"ImageObject","inLanguage":"sq-AL","@id":"https:\/\/fjala.info\/2009-2015\/wp-content\/uploads\/2012\/02\/arben_cokaj-120x150.jpg","url":"https:\/\/fjala.info\/2009-2015\/wp-content\/uploads\/2012\/02\/arben_cokaj-120x150.jpg","contentUrl":"https:\/\/fjala.info\/2009-2015\/wp-content\/uploads\/2012\/02\/arben_cokaj-120x150.jpg","caption":"admin"},"description":"Admin, Fjala e Lir\u00eb","sameAs":["https:\/\/fjala.info\/"],"url":"https:\/\/fjala.info\/2009-2015\/author\/admin\/"}]}},"_links":{"self":[{"href":"https:\/\/fjala.info\/2009-2015\/wp-json\/wp\/v2\/posts\/11795","targetHints":{"allow":["GET"]}}],"collection":[{"href":"https:\/\/fjala.info\/2009-2015\/wp-json\/wp\/v2\/posts"}],"about":[{"href":"https:\/\/fjala.info\/2009-2015\/wp-json\/wp\/v2\/types\/post"}],"author":[{"embeddable":true,"href":"https:\/\/fjala.info\/2009-2015\/wp-json\/wp\/v2\/users\/1"}],"replies":[{"embeddable":true,"href":"https:\/\/fjala.info\/2009-2015\/wp-json\/wp\/v2\/comments?post=11795"}],"version-history":[{"count":0,"href":"https:\/\/fjala.info\/2009-2015\/wp-json\/wp\/v2\/posts\/11795\/revisions"}],"wp:attachment":[{"href":"https:\/\/fjala.info\/2009-2015\/wp-json\/wp\/v2\/media?parent=11795"}],"wp:term":[{"taxonomy":"category","embeddable":true,"href":"https:\/\/fjala.info\/2009-2015\/wp-json\/wp\/v2\/categories?post=11795"},{"taxonomy":"post_tag","embeddable":true,"href":"https:\/\/fjala.info\/2009-2015\/wp-json\/wp\/v2\/tags?post=11795"}],"curies":[{"name":"wp","href":"https:\/\/api.w.org\/{rel}","templated":true}]}}