{"id":11793,"date":"2012-04-20T20:39:29","date_gmt":"2012-04-20T19:39:29","guid":{"rendered":"http:\/\/fjala.shkoder.net\/?p=2592"},"modified":"2012-04-20T20:39:29","modified_gmt":"2012-04-20T19:39:29","slug":"ne-kujtim-te-epopese-se-mic-sokolit-simbol-i-luftes-se-shqiptareve-per-liri","status":"publish","type":"post","link":"https:\/\/fjala.info\/2009-2015\/ne-kujtim-te-epopese-se-mic-sokolit-simbol-i-luftes-se-shqiptareve-per-liri\/","title":{"rendered":"N\u00eb kujtim t\u00eb epopes\u00eb s\u00eb Mic Sokolit, simbol i luft\u00ebs s\u00eb shqiptar\u00ebve p\u00ebr liri!"},"content":{"rendered":"<p><img decoding=\"async\" class=\"alignleft size-thumbnail wp-image-7236\" title=\"Mic Sokoli\" src=\"http:\/\/www.shkoder.net\/2012\/mic_sokoli.jpg\" alt=\"\" width=\"200\" \/> <strong>Prilli i vitit 1881 <\/strong>sh\u00ebnonte betejat e fundme t\u00eb Lidhjes s\u00eb Prizrenit dhe shp\u00ebrndarjen e saj nga Porta e Lart\u00eb, q\u00eb nisi ekspedit\u00ebn e kryesuar nga Dervish Pasha p\u00ebr t\u00eb shtypur me forc\u00eb l\u00ebvizjen autonomiste t\u00eb shqiptar\u00ebve. M\u00eb 20 prill 1881 ushtrit\u00eb osmane, t\u00eb ndara n\u00eb dy kolona, mor\u00ebn urdh\u00ebr t\u00eb fillonin sulmin kund\u00ebr forcave shqiptare t\u00eb vendosura n\u00eb Slivov\u00eb dhe n\u00eb Shtimje.<\/p>\n<p>Ndeshja e par\u00eb me ushtrit\u00eb osmane ndodhi m\u00eb 20 prill n\u00eb Slivov\u00eb. Edhe pse me municion t\u00eb pak\u00ebt, n\u00eb saje t\u00eb q\u00ebndrueshm\u00ebris\u00eb s\u00eb tyre, shqiptar\u00ebt e ndal\u00ebn p\u00ebr mjaft or\u00eb p\u00ebrparimin e armikut. Por gjendja e tyre u keq\u00ebsua kur hyri n\u00eb veprim artileria fushore turke. Duke par\u00eb d\u00ebmin q\u00eb po u shkaktonte luft\u00ebtar\u00ebve nj\u00eb bateri e armikut, komandanti i k\u00ebtij sektori, Mic Sokoli nga Bujani i Mal\u00ebsis\u00eb s\u00eb Gjakov\u00ebs, s\u00eb bashku me disa luft\u00ebtar\u00eb t\u00eb tjer\u00eb, lan\u00eb pozicionet mbrojt\u00ebse dhe u hodh\u00ebn drejt kodr\u00ebs ku ishte vendosur artileria turke. Q\u00ebllimi i tyre ishte t\u00eb sulmonin dhe t\u00eb asgj\u00ebsonin baterin\u00eb e armatosur, q\u00eb po u shkaktonte d\u00ebme shqiptar\u00ebve.<\/p>\n<p>T\u00eb gjith\u00eb k\u00ebta luft\u00ebtar\u00eb trima, s\u00eb bashku me komandantin e tyre Mic Sokolin, u vran\u00eb duke u v\u00ebn\u00eb gjoksin grykave t\u00eb topave t\u00eb artileris\u00eb osmane. Luftonte gjoksi i shqiptarit kund\u00ebr topit t\u00eb turkut! Heroizmi i Mic Sokolit mbeti n\u00eb histori e u b\u00eb frym\u00ebzim p\u00ebr vijimin e luft\u00ebs p\u00ebr liri. Po aq frym\u00ebzoi edhe artist\u00ebt q\u00eb e pikturuan, e skalit\u00ebn e i k\u00ebnduan trim\u00ebris\u00eb s\u00eb pashoqe t\u00eb prij\u00ebsit shqiptar e shok\u00ebve t\u00eb tij, q\u00eb u b\u00ebn\u00eb simbol lirie! Por p\u00ebrball\u00eb ep\u00ebrsis\u00eb s\u00eb armikut n\u00eb num\u00ebr e n\u00eb armatime, shqiptar\u00ebt, me gjith\u00eb heroizmin q\u00eb treguan, u detyruan t\u00eb t\u00ebrhiqeshin nga Slivova n\u00eb Shtimje, ku q\u00ebndronin forcat kryesore t\u00eb Lidhjes s\u00eb Prizrenit.<\/p>\n<p>Beteja e dyt\u00eb ndodhi t\u00eb nes\u00ebrmen, m\u00eb 21 prill 1881, n\u00eb Shtimje. K\u00ebtu luftimet qen\u00eb m\u00eb t\u00eb p\u00ebrgjakshme se n\u00eb Slivov\u00eb. N\u00eb luftimet e ashpra, t\u00eb cilat vazhduan m\u00eb tep\u00ebr se 2 or\u00eb, mor\u00ebn pjes\u00eb edhe vet\u00eb an\u00ebtar\u00ebt e shtabit shqiptar, si Sulejman Vokshi, Ali Ibra, Binak Alia, Rustem Sadria e t\u00eb tjer\u00eb. Edhe k\u00ebtu vullnetar\u00ebt shqiptar\u00eb luftuan me heroiz\u00ebm t\u00eb rrall\u00eb, por n\u00ebn bresh\u00ebrin\u00eb e dendur t\u00eb artileris\u00eb s\u00eb armikut dhe kur municioni i arm\u00ebve t\u00eb tyre filloi t\u00eb shteronte, u detyruan t\u00eb t\u00ebrhiqeshin n\u00eb drejtim t\u00eb Suharek\u00ebs.<\/p>\n<p>N\u00eb betejat e Slivov\u00ebs e t\u00eb Shtimjes t\u00eb dyja pal\u00ebt pat\u00ebn shum\u00eb t\u00eb vrar\u00eb e t\u00eb plagosur: turqit rreth 800 veta, nd\u00ebrsa shqiptar\u00ebt 1 200 veta. Pas Shtimjes forcat e Lidhjes Shqiptare u b\u00ebn\u00eb m\u00eb 22 prill 1881 tri prita t\u00eb tjera ushtrive osmane, n\u00eb Gryk\u00ebn e Carralev\u00ebs, n\u00eb fshatin Dule dhe n\u00eb hyrje t\u00eb Suharek\u00ebs, por marshimin e tyre nuk e ndal\u00ebn dot. T\u00eb nes\u00ebrmen, m\u00eb 23 prill 1881, pasi theu q\u00ebndres\u00ebn e shqiptar\u00ebve, Dervish Pasha, i shoq\u00ebruar nga 7 gjeneral\u00eb dhe me 24 batalione, hyri n\u00eb Prizren ku shpalli menj\u00ebher\u00eb shtetrrethimin dhe b\u00ebri arrestime t\u00eb shumta.<\/p>\n<p>Q\u00ebllimi i Port\u00ebs s\u00eb Lart\u00eb nuk ishte vet\u00ebm q\u00eb t\u00eb shtypte kryengritjen e armatosur kund\u00ebrosmane, por t\u00eb mbyste edhe iden\u00eb e autonomis\u00eb s\u00eb Shqip\u00ebris\u00eb, duke p\u00ebrfshir\u00eb k\u00ebtu edhe k\u00ebrkes\u00ebn p\u00ebr formimin e nj\u00eb vilajeti t\u00eb vet\u00ebm shqiptar. P\u00ebr k\u00ebt\u00eb, pasi shtypi q\u00ebndres\u00ebn n\u00eb Prizren, Dervish Pasha thirri k\u00ebtu m\u00eb 30 prill krer\u00ebt e dikursh\u00ebm t\u00eb Lidhjes p\u00ebr sanxhak\u00ebt e Prizrenit, t\u00eb Prishtin\u00ebs, t\u00eb Pej\u00ebs, t\u00eb Mitrovic\u00ebs, t\u00eb Shkupit, t\u00eb Dibr\u00ebs, t\u00eb Shkodr\u00ebs, t\u00eb Manastirit etj., si edhe p\u00ebrfaq\u00ebsuesit e qarqeve sulltaniste. Ai u k\u00ebrkoi atyre t\u00eb n\u00ebnshkruanin nj\u00eb deklarat\u00eb, ku d\u00ebnohej veprimtaria e Lidhjes Shqiptare dhe sidomos k\u00ebrkesa e saj p\u00ebr bashkimin e vilajeteve shqiptare, t\u00eb cil\u00ebn e quante nj\u00eb akt armiq\u00ebsor.<\/p>\n<p>K\u00ebtu erdh\u00ebn kryesisht krer\u00ebt sulltanist\u00eb dhe vet\u00ebm disa nga drejtuesit e moderuar t\u00eb Lidhjes, si Ali Pash\u00eb Gucia, Iljaz Pash\u00eb Dibra, Hasan Pash\u00eb Dervalla dhe Esat Pash\u00eb Tetova, t\u00eb cil\u00ebt e n\u00ebnshkruan deklarat\u00ebn e Dervish Pash\u00ebs. Si rrjedhim, krer\u00ebt e moderuar, q\u00eb e d\u00ebnuan me shkrim iden\u00eb e vilajetit autonom, u quajt\u00ebn nga sulltani t\u00eb falur, madje disa prej tyre, si Ali Pash\u00eb Gucia etj., u em\u00ebruan n\u00eb poste t\u00eb r\u00ebnd\u00ebsishme n\u00eb administrat\u00ebn e vilajeteve t\u00eb Kosov\u00ebs e t\u00eb Manastirit. E nd\u00ebrsa krer\u00ebt tradhtar\u00eb do t\u2019i g\u00ebzonin p\u00ebr pak koh\u00eb postet e larta, heronjt\u00eb e betejave t\u00eb fundit t\u00eb Lidhjes s\u00eb Prizrenit do t\u00eb uleshin n\u00eb nj\u00eb post t\u00eb p\u00ebrjetsh\u00ebm: n\u00eb kujtes\u00ebn e popullit t\u00eb vet!<\/p>\n<p>http:\/\/www.radiovaticana.org\/alb\/Articolo.asp?c=581500<\/p>\n","protected":false},"excerpt":{"rendered":"<p>Prilli i vitit 1881 sh\u00ebnonte betejat e fundme t\u00eb Lidhjes s\u00eb Prizrenit dhe shp\u00ebrndarjen e saj nga Porta e Lart\u00eb, q\u00eb nisi ekspedit\u00ebn e kryesuar nga Dervish Pasha p\u00ebr t\u00eb shtypur me forc\u00eb l\u00ebvizjen autonomiste t\u00eb shqiptar\u00ebve. M\u00eb 20 prill 1881 ushtrit\u00eb osmane, t\u00eb ndara n\u00eb dy kolona, mor\u00ebn urdh\u00ebr t\u00eb fillonin sulmin kund\u00ebr forcave [&hellip;]<\/p>\n","protected":false},"author":1,"featured_media":0,"comment_status":"open","ping_status":"closed","sticky":false,"template":"","format":"standard","meta":{"footnotes":""},"categories":[2],"tags":[],"class_list":{"0":"post-11793","1":"post","2":"type-post","3":"status-publish","4":"format-standard","6":"category-artikuj"},"yoast_head":"<!-- This site is optimized with the Yoast SEO plugin v27.4 - https:\/\/yoast.com\/product\/yoast-seo-wordpress\/ -->\n<title>N\u00eb kujtim t\u00eb epopes\u00eb s\u00eb Mic Sokolit, simbol i luft\u00ebs s\u00eb shqiptar\u00ebve p\u00ebr liri! - FjALA e LIR\u00cb - Arkivi<\/title>\n<meta name=\"robots\" content=\"index, follow, max-snippet:-1, max-image-preview:large, max-video-preview:-1\" \/>\n<link rel=\"canonical\" href=\"https:\/\/fjala.info\/2009-2015\/ne-kujtim-te-epopese-se-mic-sokolit-simbol-i-luftes-se-shqiptareve-per-liri\/\" \/>\n<meta property=\"og:locale\" content=\"sq_AL\" \/>\n<meta property=\"og:type\" content=\"article\" \/>\n<meta property=\"og:title\" content=\"N\u00eb kujtim t\u00eb epopes\u00eb s\u00eb Mic Sokolit, simbol i luft\u00ebs s\u00eb shqiptar\u00ebve p\u00ebr liri! - FjALA e LIR\u00cb - Arkivi\" \/>\n<meta property=\"og:description\" content=\"Prilli i vitit 1881 sh\u00ebnonte betejat e fundme t\u00eb Lidhjes s\u00eb Prizrenit dhe shp\u00ebrndarjen e saj nga Porta e Lart\u00eb, q\u00eb nisi ekspedit\u00ebn e kryesuar nga Dervish Pasha p\u00ebr t\u00eb shtypur me forc\u00eb l\u00ebvizjen autonomiste t\u00eb shqiptar\u00ebve. M\u00eb 20 prill 1881 ushtrit\u00eb osmane, t\u00eb ndara n\u00eb dy kolona, mor\u00ebn urdh\u00ebr t\u00eb fillonin sulmin kund\u00ebr forcave [&hellip;]\" \/>\n<meta property=\"og:url\" content=\"https:\/\/fjala.info\/2009-2015\/ne-kujtim-te-epopese-se-mic-sokolit-simbol-i-luftes-se-shqiptareve-per-liri\/\" \/>\n<meta property=\"og:site_name\" content=\"FjALA e LIR\u00cb - Arkivi\" \/>\n<meta property=\"article:published_time\" content=\"2012-04-20T19:39:29+00:00\" \/>\n<meta property=\"og:image\" content=\"http:\/\/www.shkoder.net\/2012\/mic_sokoli.jpg\" \/>\n<meta name=\"author\" content=\"admin\" \/>\n<meta name=\"twitter:card\" content=\"summary_large_image\" \/>\n<meta name=\"twitter:label1\" content=\"Written by\" \/>\n\t<meta name=\"twitter:data1\" content=\"admin\" \/>\n\t<meta name=\"twitter:label2\" content=\"Est. reading time\" \/>\n\t<meta name=\"twitter:data2\" content=\"4 minutes\" \/>\n<script type=\"application\/ld+json\" class=\"yoast-schema-graph\">{\"@context\":\"https:\\\/\\\/schema.org\",\"@graph\":[{\"@type\":\"Article\",\"@id\":\"https:\\\/\\\/fjala.info\\\/2009-2015\\\/ne-kujtim-te-epopese-se-mic-sokolit-simbol-i-luftes-se-shqiptareve-per-liri\\\/#article\",\"isPartOf\":{\"@id\":\"https:\\\/\\\/fjala.info\\\/2009-2015\\\/ne-kujtim-te-epopese-se-mic-sokolit-simbol-i-luftes-se-shqiptareve-per-liri\\\/\"},\"author\":{\"name\":\"admin\",\"@id\":\"https:\\\/\\\/fjala.info\\\/2009-2015\\\/#\\\/schema\\\/person\\\/3aa1163ef05469c496fc94e77611ada2\"},\"headline\":\"N\u00eb kujtim t\u00eb epopes\u00eb s\u00eb Mic Sokolit, simbol i luft\u00ebs s\u00eb shqiptar\u00ebve p\u00ebr liri!\",\"datePublished\":\"2012-04-20T19:39:29+00:00\",\"mainEntityOfPage\":{\"@id\":\"https:\\\/\\\/fjala.info\\\/2009-2015\\\/ne-kujtim-te-epopese-se-mic-sokolit-simbol-i-luftes-se-shqiptareve-per-liri\\\/\"},\"wordCount\":847,\"commentCount\":0,\"publisher\":{\"@id\":\"https:\\\/\\\/fjala.info\\\/2009-2015\\\/#organization\"},\"image\":{\"@id\":\"https:\\\/\\\/fjala.info\\\/2009-2015\\\/ne-kujtim-te-epopese-se-mic-sokolit-simbol-i-luftes-se-shqiptareve-per-liri\\\/#primaryimage\"},\"thumbnailUrl\":\"http:\\\/\\\/www.shkoder.net\\\/2012\\\/mic_sokoli.jpg\",\"articleSection\":[\"Artikuj\"],\"inLanguage\":\"sq-AL\",\"potentialAction\":[{\"@type\":\"CommentAction\",\"name\":\"Comment\",\"target\":[\"https:\\\/\\\/fjala.info\\\/2009-2015\\\/ne-kujtim-te-epopese-se-mic-sokolit-simbol-i-luftes-se-shqiptareve-per-liri\\\/#respond\"]}]},{\"@type\":\"WebPage\",\"@id\":\"https:\\\/\\\/fjala.info\\\/2009-2015\\\/ne-kujtim-te-epopese-se-mic-sokolit-simbol-i-luftes-se-shqiptareve-per-liri\\\/\",\"url\":\"https:\\\/\\\/fjala.info\\\/2009-2015\\\/ne-kujtim-te-epopese-se-mic-sokolit-simbol-i-luftes-se-shqiptareve-per-liri\\\/\",\"name\":\"N\u00eb kujtim t\u00eb epopes\u00eb s\u00eb Mic Sokolit, simbol i luft\u00ebs s\u00eb shqiptar\u00ebve p\u00ebr liri! - FjALA e LIR\u00cb - Arkivi\",\"isPartOf\":{\"@id\":\"https:\\\/\\\/fjala.info\\\/2009-2015\\\/#website\"},\"primaryImageOfPage\":{\"@id\":\"https:\\\/\\\/fjala.info\\\/2009-2015\\\/ne-kujtim-te-epopese-se-mic-sokolit-simbol-i-luftes-se-shqiptareve-per-liri\\\/#primaryimage\"},\"image\":{\"@id\":\"https:\\\/\\\/fjala.info\\\/2009-2015\\\/ne-kujtim-te-epopese-se-mic-sokolit-simbol-i-luftes-se-shqiptareve-per-liri\\\/#primaryimage\"},\"thumbnailUrl\":\"http:\\\/\\\/www.shkoder.net\\\/2012\\\/mic_sokoli.jpg\",\"datePublished\":\"2012-04-20T19:39:29+00:00\",\"breadcrumb\":{\"@id\":\"https:\\\/\\\/fjala.info\\\/2009-2015\\\/ne-kujtim-te-epopese-se-mic-sokolit-simbol-i-luftes-se-shqiptareve-per-liri\\\/#breadcrumb\"},\"inLanguage\":\"sq-AL\",\"potentialAction\":[{\"@type\":\"ReadAction\",\"target\":[\"https:\\\/\\\/fjala.info\\\/2009-2015\\\/ne-kujtim-te-epopese-se-mic-sokolit-simbol-i-luftes-se-shqiptareve-per-liri\\\/\"]}]},{\"@type\":\"ImageObject\",\"inLanguage\":\"sq-AL\",\"@id\":\"https:\\\/\\\/fjala.info\\\/2009-2015\\\/ne-kujtim-te-epopese-se-mic-sokolit-simbol-i-luftes-se-shqiptareve-per-liri\\\/#primaryimage\",\"url\":\"http:\\\/\\\/www.shkoder.net\\\/2012\\\/mic_sokoli.jpg\",\"contentUrl\":\"http:\\\/\\\/www.shkoder.net\\\/2012\\\/mic_sokoli.jpg\"},{\"@type\":\"BreadcrumbList\",\"@id\":\"https:\\\/\\\/fjala.info\\\/2009-2015\\\/ne-kujtim-te-epopese-se-mic-sokolit-simbol-i-luftes-se-shqiptareve-per-liri\\\/#breadcrumb\",\"itemListElement\":[{\"@type\":\"ListItem\",\"position\":1,\"name\":\"Home\",\"item\":\"https:\\\/\\\/fjala.info\\\/2009-2015\\\/\"},{\"@type\":\"ListItem\",\"position\":2,\"name\":\"N\u00eb kujtim t\u00eb epopes\u00eb s\u00eb Mic Sokolit, simbol i luft\u00ebs s\u00eb shqiptar\u00ebve p\u00ebr liri!\"}]},{\"@type\":\"WebSite\",\"@id\":\"https:\\\/\\\/fjala.info\\\/2009-2015\\\/#website\",\"url\":\"https:\\\/\\\/fjala.info\\\/2009-2015\\\/\",\"name\":\"FjALA e LIR\u00cb - Arkivi\",\"description\":\"Arkivi 2009-2015\",\"publisher\":{\"@id\":\"https:\\\/\\\/fjala.info\\\/2009-2015\\\/#organization\"},\"potentialAction\":[{\"@type\":\"SearchAction\",\"target\":{\"@type\":\"EntryPoint\",\"urlTemplate\":\"https:\\\/\\\/fjala.info\\\/2009-2015\\\/?s={search_term_string}\"},\"query-input\":{\"@type\":\"PropertyValueSpecification\",\"valueRequired\":true,\"valueName\":\"search_term_string\"}}],\"inLanguage\":\"sq-AL\"},{\"@type\":\"Organization\",\"@id\":\"https:\\\/\\\/fjala.info\\\/2009-2015\\\/#organization\",\"name\":\"FjALA e LIR\u00cb - Arkivi\",\"url\":\"https:\\\/\\\/fjala.info\\\/2009-2015\\\/\",\"logo\":{\"@type\":\"ImageObject\",\"inLanguage\":\"sq-AL\",\"@id\":\"https:\\\/\\\/fjala.info\\\/2009-2015\\\/#\\\/schema\\\/logo\\\/image\\\/\",\"url\":\"\",\"contentUrl\":\"\",\"caption\":\"FjALA e LIR\u00cb - Arkivi\"},\"image\":{\"@id\":\"https:\\\/\\\/fjala.info\\\/2009-2015\\\/#\\\/schema\\\/logo\\\/image\\\/\"}},{\"@type\":\"Person\",\"@id\":\"https:\\\/\\\/fjala.info\\\/2009-2015\\\/#\\\/schema\\\/person\\\/3aa1163ef05469c496fc94e77611ada2\",\"name\":\"admin\",\"image\":{\"@type\":\"ImageObject\",\"inLanguage\":\"sq-AL\",\"@id\":\"https:\\\/\\\/fjala.info\\\/2009-2015\\\/wp-content\\\/uploads\\\/2012\\\/02\\\/arben_cokaj-120x150.jpg\",\"url\":\"https:\\\/\\\/fjala.info\\\/2009-2015\\\/wp-content\\\/uploads\\\/2012\\\/02\\\/arben_cokaj-120x150.jpg\",\"contentUrl\":\"https:\\\/\\\/fjala.info\\\/2009-2015\\\/wp-content\\\/uploads\\\/2012\\\/02\\\/arben_cokaj-120x150.jpg\",\"caption\":\"admin\"},\"description\":\"Admin, Fjala e Lir\u00eb\",\"sameAs\":[\"https:\\\/\\\/fjala.info\\\/\"],\"url\":\"https:\\\/\\\/fjala.info\\\/2009-2015\\\/author\\\/admin\\\/\"}]}<\/script>\n<!-- \/ Yoast SEO plugin. -->","yoast_head_json":{"title":"N\u00eb kujtim t\u00eb epopes\u00eb s\u00eb Mic Sokolit, simbol i luft\u00ebs s\u00eb shqiptar\u00ebve p\u00ebr liri! - FjALA e LIR\u00cb - Arkivi","robots":{"index":"index","follow":"follow","max-snippet":"max-snippet:-1","max-image-preview":"max-image-preview:large","max-video-preview":"max-video-preview:-1"},"canonical":"https:\/\/fjala.info\/2009-2015\/ne-kujtim-te-epopese-se-mic-sokolit-simbol-i-luftes-se-shqiptareve-per-liri\/","og_locale":"sq_AL","og_type":"article","og_title":"N\u00eb kujtim t\u00eb epopes\u00eb s\u00eb Mic Sokolit, simbol i luft\u00ebs s\u00eb shqiptar\u00ebve p\u00ebr liri! - FjALA e LIR\u00cb - Arkivi","og_description":"Prilli i vitit 1881 sh\u00ebnonte betejat e fundme t\u00eb Lidhjes s\u00eb Prizrenit dhe shp\u00ebrndarjen e saj nga Porta e Lart\u00eb, q\u00eb nisi ekspedit\u00ebn e kryesuar nga Dervish Pasha p\u00ebr t\u00eb shtypur me forc\u00eb l\u00ebvizjen autonomiste t\u00eb shqiptar\u00ebve. M\u00eb 20 prill 1881 ushtrit\u00eb osmane, t\u00eb ndara n\u00eb dy kolona, mor\u00ebn urdh\u00ebr t\u00eb fillonin sulmin kund\u00ebr forcave [&hellip;]","og_url":"https:\/\/fjala.info\/2009-2015\/ne-kujtim-te-epopese-se-mic-sokolit-simbol-i-luftes-se-shqiptareve-per-liri\/","og_site_name":"FjALA e LIR\u00cb - Arkivi","article_published_time":"2012-04-20T19:39:29+00:00","og_image":[{"url":"http:\/\/www.shkoder.net\/2012\/mic_sokoli.jpg","type":"","width":"","height":""}],"author":"admin","twitter_card":"summary_large_image","twitter_misc":{"Written by":"admin","Est. reading time":"4 minutes"},"schema":{"@context":"https:\/\/schema.org","@graph":[{"@type":"Article","@id":"https:\/\/fjala.info\/2009-2015\/ne-kujtim-te-epopese-se-mic-sokolit-simbol-i-luftes-se-shqiptareve-per-liri\/#article","isPartOf":{"@id":"https:\/\/fjala.info\/2009-2015\/ne-kujtim-te-epopese-se-mic-sokolit-simbol-i-luftes-se-shqiptareve-per-liri\/"},"author":{"name":"admin","@id":"https:\/\/fjala.info\/2009-2015\/#\/schema\/person\/3aa1163ef05469c496fc94e77611ada2"},"headline":"N\u00eb kujtim t\u00eb epopes\u00eb s\u00eb Mic Sokolit, simbol i luft\u00ebs s\u00eb shqiptar\u00ebve p\u00ebr liri!","datePublished":"2012-04-20T19:39:29+00:00","mainEntityOfPage":{"@id":"https:\/\/fjala.info\/2009-2015\/ne-kujtim-te-epopese-se-mic-sokolit-simbol-i-luftes-se-shqiptareve-per-liri\/"},"wordCount":847,"commentCount":0,"publisher":{"@id":"https:\/\/fjala.info\/2009-2015\/#organization"},"image":{"@id":"https:\/\/fjala.info\/2009-2015\/ne-kujtim-te-epopese-se-mic-sokolit-simbol-i-luftes-se-shqiptareve-per-liri\/#primaryimage"},"thumbnailUrl":"http:\/\/www.shkoder.net\/2012\/mic_sokoli.jpg","articleSection":["Artikuj"],"inLanguage":"sq-AL","potentialAction":[{"@type":"CommentAction","name":"Comment","target":["https:\/\/fjala.info\/2009-2015\/ne-kujtim-te-epopese-se-mic-sokolit-simbol-i-luftes-se-shqiptareve-per-liri\/#respond"]}]},{"@type":"WebPage","@id":"https:\/\/fjala.info\/2009-2015\/ne-kujtim-te-epopese-se-mic-sokolit-simbol-i-luftes-se-shqiptareve-per-liri\/","url":"https:\/\/fjala.info\/2009-2015\/ne-kujtim-te-epopese-se-mic-sokolit-simbol-i-luftes-se-shqiptareve-per-liri\/","name":"N\u00eb kujtim t\u00eb epopes\u00eb s\u00eb Mic Sokolit, simbol i luft\u00ebs s\u00eb shqiptar\u00ebve p\u00ebr liri! - FjALA e LIR\u00cb - Arkivi","isPartOf":{"@id":"https:\/\/fjala.info\/2009-2015\/#website"},"primaryImageOfPage":{"@id":"https:\/\/fjala.info\/2009-2015\/ne-kujtim-te-epopese-se-mic-sokolit-simbol-i-luftes-se-shqiptareve-per-liri\/#primaryimage"},"image":{"@id":"https:\/\/fjala.info\/2009-2015\/ne-kujtim-te-epopese-se-mic-sokolit-simbol-i-luftes-se-shqiptareve-per-liri\/#primaryimage"},"thumbnailUrl":"http:\/\/www.shkoder.net\/2012\/mic_sokoli.jpg","datePublished":"2012-04-20T19:39:29+00:00","breadcrumb":{"@id":"https:\/\/fjala.info\/2009-2015\/ne-kujtim-te-epopese-se-mic-sokolit-simbol-i-luftes-se-shqiptareve-per-liri\/#breadcrumb"},"inLanguage":"sq-AL","potentialAction":[{"@type":"ReadAction","target":["https:\/\/fjala.info\/2009-2015\/ne-kujtim-te-epopese-se-mic-sokolit-simbol-i-luftes-se-shqiptareve-per-liri\/"]}]},{"@type":"ImageObject","inLanguage":"sq-AL","@id":"https:\/\/fjala.info\/2009-2015\/ne-kujtim-te-epopese-se-mic-sokolit-simbol-i-luftes-se-shqiptareve-per-liri\/#primaryimage","url":"http:\/\/www.shkoder.net\/2012\/mic_sokoli.jpg","contentUrl":"http:\/\/www.shkoder.net\/2012\/mic_sokoli.jpg"},{"@type":"BreadcrumbList","@id":"https:\/\/fjala.info\/2009-2015\/ne-kujtim-te-epopese-se-mic-sokolit-simbol-i-luftes-se-shqiptareve-per-liri\/#breadcrumb","itemListElement":[{"@type":"ListItem","position":1,"name":"Home","item":"https:\/\/fjala.info\/2009-2015\/"},{"@type":"ListItem","position":2,"name":"N\u00eb kujtim t\u00eb epopes\u00eb s\u00eb Mic Sokolit, simbol i luft\u00ebs s\u00eb shqiptar\u00ebve p\u00ebr liri!"}]},{"@type":"WebSite","@id":"https:\/\/fjala.info\/2009-2015\/#website","url":"https:\/\/fjala.info\/2009-2015\/","name":"FjALA e LIR\u00cb - Arkivi","description":"Arkivi 2009-2015","publisher":{"@id":"https:\/\/fjala.info\/2009-2015\/#organization"},"potentialAction":[{"@type":"SearchAction","target":{"@type":"EntryPoint","urlTemplate":"https:\/\/fjala.info\/2009-2015\/?s={search_term_string}"},"query-input":{"@type":"PropertyValueSpecification","valueRequired":true,"valueName":"search_term_string"}}],"inLanguage":"sq-AL"},{"@type":"Organization","@id":"https:\/\/fjala.info\/2009-2015\/#organization","name":"FjALA e LIR\u00cb - Arkivi","url":"https:\/\/fjala.info\/2009-2015\/","logo":{"@type":"ImageObject","inLanguage":"sq-AL","@id":"https:\/\/fjala.info\/2009-2015\/#\/schema\/logo\/image\/","url":"","contentUrl":"","caption":"FjALA e LIR\u00cb - Arkivi"},"image":{"@id":"https:\/\/fjala.info\/2009-2015\/#\/schema\/logo\/image\/"}},{"@type":"Person","@id":"https:\/\/fjala.info\/2009-2015\/#\/schema\/person\/3aa1163ef05469c496fc94e77611ada2","name":"admin","image":{"@type":"ImageObject","inLanguage":"sq-AL","@id":"https:\/\/fjala.info\/2009-2015\/wp-content\/uploads\/2012\/02\/arben_cokaj-120x150.jpg","url":"https:\/\/fjala.info\/2009-2015\/wp-content\/uploads\/2012\/02\/arben_cokaj-120x150.jpg","contentUrl":"https:\/\/fjala.info\/2009-2015\/wp-content\/uploads\/2012\/02\/arben_cokaj-120x150.jpg","caption":"admin"},"description":"Admin, Fjala e Lir\u00eb","sameAs":["https:\/\/fjala.info\/"],"url":"https:\/\/fjala.info\/2009-2015\/author\/admin\/"}]}},"_links":{"self":[{"href":"https:\/\/fjala.info\/2009-2015\/wp-json\/wp\/v2\/posts\/11793","targetHints":{"allow":["GET"]}}],"collection":[{"href":"https:\/\/fjala.info\/2009-2015\/wp-json\/wp\/v2\/posts"}],"about":[{"href":"https:\/\/fjala.info\/2009-2015\/wp-json\/wp\/v2\/types\/post"}],"author":[{"embeddable":true,"href":"https:\/\/fjala.info\/2009-2015\/wp-json\/wp\/v2\/users\/1"}],"replies":[{"embeddable":true,"href":"https:\/\/fjala.info\/2009-2015\/wp-json\/wp\/v2\/comments?post=11793"}],"version-history":[{"count":0,"href":"https:\/\/fjala.info\/2009-2015\/wp-json\/wp\/v2\/posts\/11793\/revisions"}],"wp:attachment":[{"href":"https:\/\/fjala.info\/2009-2015\/wp-json\/wp\/v2\/media?parent=11793"}],"wp:term":[{"taxonomy":"category","embeddable":true,"href":"https:\/\/fjala.info\/2009-2015\/wp-json\/wp\/v2\/categories?post=11793"},{"taxonomy":"post_tag","embeddable":true,"href":"https:\/\/fjala.info\/2009-2015\/wp-json\/wp\/v2\/tags?post=11793"}],"curies":[{"name":"wp","href":"https:\/\/api.w.org\/{rel}","templated":true}]}}