{"id":11780,"date":"2012-04-16T22:47:13","date_gmt":"2012-04-16T21:47:13","guid":{"rendered":"http:\/\/fjala.shkoder.net\/?p=2518"},"modified":"2012-04-16T22:47:13","modified_gmt":"2012-04-16T21:47:13","slug":"e-plote-shkelzen-berisha-fazllici-dhe-vuk-hamovic-takim-ne-vjene-per-te-shmangur-kosoven-nga-transmetimi-i-energjise","status":"publish","type":"post","link":"https:\/\/fjala.info\/2009-2015\/e-plote-shkelzen-berisha-fazllici-dhe-vuk-hamovic-takim-ne-vjene-per-te-shmangur-kosoven-nga-transmetimi-i-energjise\/","title":{"rendered":"E PLOTE\/ Shk\u00eblzen Berisha, Fazlli\u00e7i dhe Vuk Hamovi\u00e7, takim n\u00eb Vjen\u00eb p\u00ebr t\u00eb shmangur Kosov\u00ebn nga transmetimi i energjis\u00eb"},"content":{"rendered":"<p><img decoding=\"async\" class=\"alignright size-thumbnail wp-image-7236\" title=\"Z\u00ebri - Berisha me Mafin\u00eb serbe\" src=\"http:\/\/www.shkoder.net\/2012\/zeri_berisha_me_mafine.jpg\" alt=\"\" width=\"300\" \/><em>P\u00ebr m\u00eb shum\u00eb se nj\u00eb vit, kryeministri i Shqip\u00ebris\u00eb, Sali Berisha ka bllokuar tenderin p\u00ebr nd\u00ebrtimin e linj\u00ebs s\u00eb interkonjeksionit Kosov\u00eb \u2013 Shqip\u00ebri. Me k\u00ebt\u00eb veprim favorizohen tregtar\u00ebt serb\u00eb t\u00eb energjis\u00eb, t\u00eb cil\u00ebt kan\u00eb lidhje me djalin e kryeministrit<\/em><\/p>\n<p>Nga <strong>Enis Veliu<\/strong>, <em>Z\u00ebri<\/em>, <em>16 Prill 2012<\/em><\/p>\n<p>Kryeministri i Shqip\u00ebris\u00eb, Sali Berisha, ka m\u00eb shum\u00eb se nj\u00eb vit q\u00eb ka bllokuar projektin p\u00ebr nd\u00ebrtimin e linj\u00ebs 400 kilovolt\u00ebshe t\u00eb interkonjeksionit, e cila lidh Kosov\u00ebn me Shqip\u00ebrin\u00eb. Bllokimi i k\u00ebtij projekti nga ana e kryeministrit Berisha i ka siguruar shtetit t\u00eb Serbis\u00eb monopol n\u00eb importin e energjis\u00eb n\u00eb Kosov\u00eb, pasi p\u00ebr momentin Kosova t\u00eb vetmen rrug\u00eb p\u00ebr import t\u00eb energjis\u00eb ka fqinjin verior.<\/p>\n<p>Burime t\u00eb gazet\u00ebs \u201cZ\u00ebri\u201d b\u00ebjn\u00eb t\u00eb ditur se n\u00eb mars t\u00eb vitit 2011 \u00ebsht\u00eb hapur tenderi p\u00ebr linj\u00ebn e transmetimit t\u00eb energjis\u00eb, Shqip\u00ebri-Kosov\u00eb, me kapacitet 400 kilovolt\u00ebsh, projekt ky i cili financohet nga banka gjermane KFW, ku nd\u00ebrtimi i k\u00ebsaj linje midis Shqip\u00ebris\u00eb dhe Kosov\u00ebs do t\u2019i sillte vendit pavar\u00ebsin\u00eb nga linjat serbe. Sipas k\u00ebtyre burimeve, biznesmeni serb, Vuk Hamovi\u00e7, nj\u00ebri nga njer\u00ebzit m\u00eb t\u00eb pasur n\u00eb Ballkan, i cili operon n\u00eb k\u00ebt\u00eb biznes, n\u00eb bashk\u00ebpunim me Damir Fazli\u00e7, jan\u00eb takuar n\u00eb Vjen\u00eb t\u00eb Austris\u00eb me djalin e kryeministrit, Shk\u00eblzen Berisha. \u201cBiznesmen\u00ebt serb\u00eb kan\u00eb paguar shuma t\u00eb m\u00ebdha n\u00eb instanca t\u00eb larta shtet\u00ebrore n\u00eb Shqip\u00ebri p\u00ebr bllokimin e nd\u00ebrtimit t\u00eb linj\u00ebs\u201d, tha burimi i gazet\u00ebs.<\/p>\n<p>Burime t\u00eb gazet\u00ebs \u201cZ\u00ebri\u201d b\u00ebjn\u00eb t\u00eb ditur se pas procedurave t\u00eb rregulla t\u00eb tenderit, mor\u00ebn pjes\u00eb disa kompani t\u00eb njohura t\u00eb k\u00ebsaj fushe, si: \u201cDalekovod\u201d nga Kroacia dhe \u201cEnergo Invest\u201d nga Bosnj\u00eb e Hercegovina. \u201cKompania e par\u00eb \u2018Dalekovod\u2019, \u00ebsht\u00eb nj\u00eb kompani shum\u00eb e suksesshme n\u00eb k\u00ebt\u00eb fush\u00eb n\u00eb mbar\u00eb bot\u00ebn, e cila ka p\u00ebrfunduar me sukses dhe linj\u00ebn e transmetimit t\u00eb energjis\u00eb Elbasan- Podgoric\u00eb, me nj\u00eb kapacitet po ashtu 400 kilovolt\u00ebsh. Pas vler\u00ebsimit nga komisioni i tenderit, ku merrnin pjes\u00eb OST, KOST, si dhe konsulenti gjerman \u2018Intech Gopa\u2019, fitues i tenderit u shpall kompania kroate \u2018Dalekovod\u2019\u201d, tha burimi i besuesh\u00ebm i gazet\u00ebs.<\/p>\n<p>Por, pas em\u00ebrimit t\u00eb drejtorit t\u00eb ri t\u00eb Operatorit t\u00eb Sistemit t\u00eb Transmisionit (OST), Arben Ibroja, ish-truproj\u00eb e Sali Berish\u00ebs, dhe ish-drejtori i Dogan\u00ebs s\u00eb Durr\u00ebsit, ky projekt mbeti n\u00ebn m\u00ebshir\u00ebn e koh\u00ebs. Ibroja, udh\u00ebzuar nga Sali Berisha, bllokoi k\u00ebt\u00eb projekt p\u00ebr nj\u00eb koh\u00eb t\u00eb pacaktuar. Bllokimi i k\u00ebtij projekti t\u00eb r\u00ebnd\u00ebsish\u00ebm n\u00eb mas\u00eb t\u00eb madhe ka indinjuar edhe drejtuesit e bank\u00ebs gjermane KFW.<\/p>\n<p>N\u00eb letr\u00ebn drejtuar Ministris\u00eb s\u00eb Financave drejtori i KFWs\u00eb, Roland Siller, ka shprehur shqet\u00ebsimin p\u00ebr vonesa t\u00eb realizimit t\u00eb k\u00ebtij projekti. \u201cNe po i shikojm\u00eb me shqet\u00ebsim t\u00eb shtuar vonesat n\u00eb procesin e dh\u00ebnies s\u00eb kontrat\u00ebs p\u00ebr ofertuesit m\u00eb t\u00eb mir\u00eb p\u00ebr k\u00ebto dy projekte t\u00eb m\u00ebdha energjetike. Ndon\u00ebse p\u00ebr t\u00eb dyja projektet raportet finale u jan\u00eb d\u00ebrguar jav\u00eb m\u00eb par\u00eb, por deri m\u00eb tash aprovimi p\u00ebrfundimtar nga OST nuk \u00ebsht\u00eb dh\u00ebn\u00eb, ku si rrjedhoj\u00eb edhe vonuar fillimi i negociatave p\u00ebr kontrat\u00ebn dhe n\u00ebnshkrimin e saj\u201d, thuhet n\u00eb letr\u00ebn e Siller d\u00ebrguar Ministris\u00eb s\u00eb Financave, m\u00eb 5 dhjetor t\u00eb vitit 2011.<\/p>\n<p>M\u00eb tej drejtori i KFW k\u00ebrkon nga Qeveria e Shqip\u00ebris\u00eb q\u00eb ta rishikoj\u00eb edhe nj\u00eb her\u00eb k\u00ebt\u00eb \u00e7\u00ebshtje dhe t\u00eb siguroj\u00eb se ky proces nuk do t\u00eb vonohet m\u00eb tej. Po, kjo let\u00ebr e KFW ka hasur n\u00eb vesh t\u00eb shurdh\u00ebr, pasi askush nga njer\u00ebzit e inkuadruar n\u00eb k\u00ebt\u00eb projekt nuk i \u00ebsht\u00eb p\u00ebrgjigjur KFW-s\u00eb.<\/p>\n<p>Po ashtu m\u00eb 7 shkurt t\u00eb k\u00ebtij viti, KFW i \u00ebsht\u00eb drejtuar edhe me nj\u00eb let\u00ebr Ministris\u00eb s\u00eb Financave, ku s\u00ebrish nga ta ka k\u00ebrkuar p\u00ebrshpejtimin e k\u00ebtij procesi. \u201cK\u00ebshtu q\u00eb ne dy her\u00eb kemi ardhur n\u00eb Tiran\u00eb k\u00ebt\u00eb vit p\u00ebr t\u00eb diskutuar lidhur me tenderin p\u00ebr nd\u00ebrtimin e transmisionit 400 KW. K\u00ebto vonesa po shkaktojn\u00eb kosto ekstra masive\u201d, thuhet n\u00eb fund t\u00eb letr\u00ebs s\u00eb dyt\u00eb d\u00ebrguar n\u00eb adres\u00eb t\u00eb ministrit t\u00eb Financave dhe kryeministrit Sali Berisha.<\/p>\n<p>Sipas korrespondenc\u00ebs q\u00eb e ka siguruar gazeta shihet se banka gjermane disa her\u00eb i \u00ebsht\u00eb drejtuar kryeministrit, por ky i fundit nuk e ka par\u00eb t\u00eb arsyeshme t\u2019i p\u00ebrgjigjet. \u201cBllokimi prej nj\u00eb viti i projektit p\u00ebrb\u00ebn nj\u00eb procedur\u00eb kriminale nga ana e bllokuesve, i cili sjell dhe shum\u00eb humbje financiare p\u00ebr Shqip\u00ebrin\u00eb. Gjat\u00eb k\u00ebsaj kohe linja do t\u00eb ishte n\u00eb prag t\u00eb p\u00ebrfundimit\u201d, tha m\u00eb tej burimi i besuesh\u00ebm i gazet\u00ebs.<\/p>\n<p>Po ashtu, t\u00eb zhg\u00ebnjyer m\u00eb k\u00ebt\u00eb \u00e7ka po ndodh jan\u00eb shprehur edhe zyrtar\u00eb t\u00eb kompanis\u00eb \u201cDalekovod\u201d, e cila \u00ebsht\u00eb fituese e tenderit p\u00ebr nd\u00ebrtimin e transmisionit. N\u00eb nj\u00eb let\u00ebr drejtuar OST-s\u00eb, zyrtar\u00eb nga kjo kompani thon\u00eb se prej m\u00eb shum\u00eb se 3 muaj e gjysm\u00eb nuk ka asgj\u00eb lidhur m\u00eb projektin p\u00ebr t\u00eb cilin kjo kompani \u00ebsht\u00eb shpallur fituese. Po, edhe ky shqet\u00ebsim i kompanis\u00eb fituese ka hasur n\u00eb vesh t\u00eb shurdh\u00ebr tek autoritetet shqiptare.<\/p>\n<p><strong>Askush nuk p\u00ebrgjigjet<\/strong><\/p>\n<p>Gazeta \u201cZ\u00ebri\u201d p\u00ebr k\u00ebt\u00eb \u00e7\u00ebshtje ka provuar t\u00eb kontaktoj\u00eb zyrtar\u00eb m\u00eb t\u00eb lart\u00eb t\u00eb Ministris\u00eb s\u00eb Financave n\u00eb Shqip\u00ebri, por edhe OST-n\u00eb, por kontakti me ta ka qen\u00eb i pamundur. Gazeta po ashtu u ka d\u00ebrguar pyetje zyrtare OST-s\u00eb dhe Ministris\u00eb s\u00eb Financave, por asnjeri nga ta nuk \u00ebsht\u00eb p\u00ebrgjigjur n\u00eb pyetjet e gazet\u00ebs.<\/p>\n","protected":false},"excerpt":{"rendered":"<p>P\u00ebr m\u00eb shum\u00eb se nj\u00eb vit, kryeministri i Shqip\u00ebris\u00eb, Sali Berisha ka bllokuar tenderin p\u00ebr nd\u00ebrtimin e linj\u00ebs s\u00eb interkonjeksionit Kosov\u00eb \u2013 Shqip\u00ebri. Me k\u00ebt\u00eb veprim favorizohen tregtar\u00ebt serb\u00eb t\u00eb energjis\u00eb, t\u00eb cil\u00ebt kan\u00eb lidhje me djalin e kryeministrit Nga Enis Veliu, Z\u00ebri, 16 Prill 2012 Kryeministri i Shqip\u00ebris\u00eb, Sali Berisha, ka m\u00eb shum\u00eb se [&hellip;]<\/p>\n","protected":false},"author":1,"featured_media":0,"comment_status":"open","ping_status":"closed","sticky":false,"template":"","format":"standard","meta":{"footnotes":""},"categories":[2],"tags":[],"class_list":{"0":"post-11780","1":"post","2":"type-post","3":"status-publish","4":"format-standard","6":"category-artikuj"},"yoast_head":"<!-- This site is optimized with the Yoast SEO plugin v27.4 - https:\/\/yoast.com\/product\/yoast-seo-wordpress\/ -->\n<title>E PLOTE\/ Shk\u00eblzen Berisha, Fazlli\u00e7i dhe Vuk Hamovi\u00e7, takim n\u00eb Vjen\u00eb p\u00ebr t\u00eb shmangur Kosov\u00ebn nga transmetimi i energjis\u00eb - FjALA e LIR\u00cb - Arkivi<\/title>\n<meta name=\"robots\" content=\"index, follow, max-snippet:-1, max-image-preview:large, max-video-preview:-1\" \/>\n<link rel=\"canonical\" href=\"https:\/\/fjala.info\/2009-2015\/e-plote-shkelzen-berisha-fazllici-dhe-vuk-hamovic-takim-ne-vjene-per-te-shmangur-kosoven-nga-transmetimi-i-energjise\/\" \/>\n<meta property=\"og:locale\" content=\"sq_AL\" \/>\n<meta property=\"og:type\" content=\"article\" \/>\n<meta property=\"og:title\" content=\"E PLOTE\/ Shk\u00eblzen Berisha, Fazlli\u00e7i dhe Vuk Hamovi\u00e7, takim n\u00eb Vjen\u00eb p\u00ebr t\u00eb shmangur Kosov\u00ebn nga transmetimi i energjis\u00eb - FjALA e LIR\u00cb - Arkivi\" \/>\n<meta property=\"og:description\" content=\"P\u00ebr m\u00eb shum\u00eb se nj\u00eb vit, kryeministri i Shqip\u00ebris\u00eb, Sali Berisha ka bllokuar tenderin p\u00ebr nd\u00ebrtimin e linj\u00ebs s\u00eb interkonjeksionit Kosov\u00eb \u2013 Shqip\u00ebri. Me k\u00ebt\u00eb veprim favorizohen tregtar\u00ebt serb\u00eb t\u00eb energjis\u00eb, t\u00eb cil\u00ebt kan\u00eb lidhje me djalin e kryeministrit Nga Enis Veliu, Z\u00ebri, 16 Prill 2012 Kryeministri i Shqip\u00ebris\u00eb, Sali Berisha, ka m\u00eb shum\u00eb se [&hellip;]\" \/>\n<meta property=\"og:url\" content=\"https:\/\/fjala.info\/2009-2015\/e-plote-shkelzen-berisha-fazllici-dhe-vuk-hamovic-takim-ne-vjene-per-te-shmangur-kosoven-nga-transmetimi-i-energjise\/\" \/>\n<meta property=\"og:site_name\" content=\"FjALA e LIR\u00cb - Arkivi\" \/>\n<meta property=\"article:published_time\" content=\"2012-04-16T21:47:13+00:00\" \/>\n<meta property=\"og:image\" content=\"http:\/\/www.shkoder.net\/2012\/zeri_berisha_me_mafine.jpg\" \/>\n<meta name=\"author\" content=\"admin\" \/>\n<meta name=\"twitter:card\" content=\"summary_large_image\" \/>\n<meta name=\"twitter:label1\" content=\"Written by\" \/>\n\t<meta name=\"twitter:data1\" content=\"admin\" \/>\n\t<meta name=\"twitter:label2\" content=\"Est. reading time\" \/>\n\t<meta name=\"twitter:data2\" content=\"5 minutes\" \/>\n<script type=\"application\/ld+json\" class=\"yoast-schema-graph\">{\"@context\":\"https:\\\/\\\/schema.org\",\"@graph\":[{\"@type\":\"Article\",\"@id\":\"https:\\\/\\\/fjala.info\\\/2009-2015\\\/e-plote-shkelzen-berisha-fazllici-dhe-vuk-hamovic-takim-ne-vjene-per-te-shmangur-kosoven-nga-transmetimi-i-energjise\\\/#article\",\"isPartOf\":{\"@id\":\"https:\\\/\\\/fjala.info\\\/2009-2015\\\/e-plote-shkelzen-berisha-fazllici-dhe-vuk-hamovic-takim-ne-vjene-per-te-shmangur-kosoven-nga-transmetimi-i-energjise\\\/\"},\"author\":{\"name\":\"admin\",\"@id\":\"https:\\\/\\\/fjala.info\\\/2009-2015\\\/#\\\/schema\\\/person\\\/3aa1163ef05469c496fc94e77611ada2\"},\"headline\":\"E PLOTE\\\/ Shk\u00eblzen Berisha, Fazlli\u00e7i dhe Vuk Hamovi\u00e7, takim n\u00eb Vjen\u00eb p\u00ebr t\u00eb shmangur Kosov\u00ebn nga transmetimi i energjis\u00eb\",\"datePublished\":\"2012-04-16T21:47:13+00:00\",\"mainEntityOfPage\":{\"@id\":\"https:\\\/\\\/fjala.info\\\/2009-2015\\\/e-plote-shkelzen-berisha-fazllici-dhe-vuk-hamovic-takim-ne-vjene-per-te-shmangur-kosoven-nga-transmetimi-i-energjise\\\/\"},\"wordCount\":985,\"commentCount\":0,\"publisher\":{\"@id\":\"https:\\\/\\\/fjala.info\\\/2009-2015\\\/#organization\"},\"image\":{\"@id\":\"https:\\\/\\\/fjala.info\\\/2009-2015\\\/e-plote-shkelzen-berisha-fazllici-dhe-vuk-hamovic-takim-ne-vjene-per-te-shmangur-kosoven-nga-transmetimi-i-energjise\\\/#primaryimage\"},\"thumbnailUrl\":\"http:\\\/\\\/www.shkoder.net\\\/2012\\\/zeri_berisha_me_mafine.jpg\",\"articleSection\":[\"Artikuj\"],\"inLanguage\":\"sq-AL\",\"potentialAction\":[{\"@type\":\"CommentAction\",\"name\":\"Comment\",\"target\":[\"https:\\\/\\\/fjala.info\\\/2009-2015\\\/e-plote-shkelzen-berisha-fazllici-dhe-vuk-hamovic-takim-ne-vjene-per-te-shmangur-kosoven-nga-transmetimi-i-energjise\\\/#respond\"]}]},{\"@type\":\"WebPage\",\"@id\":\"https:\\\/\\\/fjala.info\\\/2009-2015\\\/e-plote-shkelzen-berisha-fazllici-dhe-vuk-hamovic-takim-ne-vjene-per-te-shmangur-kosoven-nga-transmetimi-i-energjise\\\/\",\"url\":\"https:\\\/\\\/fjala.info\\\/2009-2015\\\/e-plote-shkelzen-berisha-fazllici-dhe-vuk-hamovic-takim-ne-vjene-per-te-shmangur-kosoven-nga-transmetimi-i-energjise\\\/\",\"name\":\"E PLOTE\\\/ Shk\u00eblzen Berisha, Fazlli\u00e7i dhe Vuk Hamovi\u00e7, takim n\u00eb Vjen\u00eb p\u00ebr t\u00eb shmangur Kosov\u00ebn nga transmetimi i energjis\u00eb - FjALA e LIR\u00cb - Arkivi\",\"isPartOf\":{\"@id\":\"https:\\\/\\\/fjala.info\\\/2009-2015\\\/#website\"},\"primaryImageOfPage\":{\"@id\":\"https:\\\/\\\/fjala.info\\\/2009-2015\\\/e-plote-shkelzen-berisha-fazllici-dhe-vuk-hamovic-takim-ne-vjene-per-te-shmangur-kosoven-nga-transmetimi-i-energjise\\\/#primaryimage\"},\"image\":{\"@id\":\"https:\\\/\\\/fjala.info\\\/2009-2015\\\/e-plote-shkelzen-berisha-fazllici-dhe-vuk-hamovic-takim-ne-vjene-per-te-shmangur-kosoven-nga-transmetimi-i-energjise\\\/#primaryimage\"},\"thumbnailUrl\":\"http:\\\/\\\/www.shkoder.net\\\/2012\\\/zeri_berisha_me_mafine.jpg\",\"datePublished\":\"2012-04-16T21:47:13+00:00\",\"breadcrumb\":{\"@id\":\"https:\\\/\\\/fjala.info\\\/2009-2015\\\/e-plote-shkelzen-berisha-fazllici-dhe-vuk-hamovic-takim-ne-vjene-per-te-shmangur-kosoven-nga-transmetimi-i-energjise\\\/#breadcrumb\"},\"inLanguage\":\"sq-AL\",\"potentialAction\":[{\"@type\":\"ReadAction\",\"target\":[\"https:\\\/\\\/fjala.info\\\/2009-2015\\\/e-plote-shkelzen-berisha-fazllici-dhe-vuk-hamovic-takim-ne-vjene-per-te-shmangur-kosoven-nga-transmetimi-i-energjise\\\/\"]}]},{\"@type\":\"ImageObject\",\"inLanguage\":\"sq-AL\",\"@id\":\"https:\\\/\\\/fjala.info\\\/2009-2015\\\/e-plote-shkelzen-berisha-fazllici-dhe-vuk-hamovic-takim-ne-vjene-per-te-shmangur-kosoven-nga-transmetimi-i-energjise\\\/#primaryimage\",\"url\":\"http:\\\/\\\/www.shkoder.net\\\/2012\\\/zeri_berisha_me_mafine.jpg\",\"contentUrl\":\"http:\\\/\\\/www.shkoder.net\\\/2012\\\/zeri_berisha_me_mafine.jpg\"},{\"@type\":\"BreadcrumbList\",\"@id\":\"https:\\\/\\\/fjala.info\\\/2009-2015\\\/e-plote-shkelzen-berisha-fazllici-dhe-vuk-hamovic-takim-ne-vjene-per-te-shmangur-kosoven-nga-transmetimi-i-energjise\\\/#breadcrumb\",\"itemListElement\":[{\"@type\":\"ListItem\",\"position\":1,\"name\":\"Home\",\"item\":\"https:\\\/\\\/fjala.info\\\/2009-2015\\\/\"},{\"@type\":\"ListItem\",\"position\":2,\"name\":\"E PLOTE\\\/ Shk\u00eblzen Berisha, Fazlli\u00e7i dhe Vuk Hamovi\u00e7, takim n\u00eb Vjen\u00eb p\u00ebr t\u00eb shmangur Kosov\u00ebn nga transmetimi i energjis\u00eb\"}]},{\"@type\":\"WebSite\",\"@id\":\"https:\\\/\\\/fjala.info\\\/2009-2015\\\/#website\",\"url\":\"https:\\\/\\\/fjala.info\\\/2009-2015\\\/\",\"name\":\"FjALA e LIR\u00cb - Arkivi\",\"description\":\"Arkivi 2009-2015\",\"publisher\":{\"@id\":\"https:\\\/\\\/fjala.info\\\/2009-2015\\\/#organization\"},\"potentialAction\":[{\"@type\":\"SearchAction\",\"target\":{\"@type\":\"EntryPoint\",\"urlTemplate\":\"https:\\\/\\\/fjala.info\\\/2009-2015\\\/?s={search_term_string}\"},\"query-input\":{\"@type\":\"PropertyValueSpecification\",\"valueRequired\":true,\"valueName\":\"search_term_string\"}}],\"inLanguage\":\"sq-AL\"},{\"@type\":\"Organization\",\"@id\":\"https:\\\/\\\/fjala.info\\\/2009-2015\\\/#organization\",\"name\":\"FjALA e LIR\u00cb - Arkivi\",\"url\":\"https:\\\/\\\/fjala.info\\\/2009-2015\\\/\",\"logo\":{\"@type\":\"ImageObject\",\"inLanguage\":\"sq-AL\",\"@id\":\"https:\\\/\\\/fjala.info\\\/2009-2015\\\/#\\\/schema\\\/logo\\\/image\\\/\",\"url\":\"\",\"contentUrl\":\"\",\"caption\":\"FjALA e LIR\u00cb - Arkivi\"},\"image\":{\"@id\":\"https:\\\/\\\/fjala.info\\\/2009-2015\\\/#\\\/schema\\\/logo\\\/image\\\/\"}},{\"@type\":\"Person\",\"@id\":\"https:\\\/\\\/fjala.info\\\/2009-2015\\\/#\\\/schema\\\/person\\\/3aa1163ef05469c496fc94e77611ada2\",\"name\":\"admin\",\"image\":{\"@type\":\"ImageObject\",\"inLanguage\":\"sq-AL\",\"@id\":\"https:\\\/\\\/fjala.info\\\/2009-2015\\\/wp-content\\\/uploads\\\/2012\\\/02\\\/arben_cokaj-120x150.jpg\",\"url\":\"https:\\\/\\\/fjala.info\\\/2009-2015\\\/wp-content\\\/uploads\\\/2012\\\/02\\\/arben_cokaj-120x150.jpg\",\"contentUrl\":\"https:\\\/\\\/fjala.info\\\/2009-2015\\\/wp-content\\\/uploads\\\/2012\\\/02\\\/arben_cokaj-120x150.jpg\",\"caption\":\"admin\"},\"description\":\"Admin, Fjala e Lir\u00eb\",\"sameAs\":[\"https:\\\/\\\/fjala.info\\\/\"],\"url\":\"https:\\\/\\\/fjala.info\\\/2009-2015\\\/author\\\/admin\\\/\"}]}<\/script>\n<!-- \/ Yoast SEO plugin. -->","yoast_head_json":{"title":"E PLOTE\/ Shk\u00eblzen Berisha, Fazlli\u00e7i dhe Vuk Hamovi\u00e7, takim n\u00eb Vjen\u00eb p\u00ebr t\u00eb shmangur Kosov\u00ebn nga transmetimi i energjis\u00eb - FjALA e LIR\u00cb - Arkivi","robots":{"index":"index","follow":"follow","max-snippet":"max-snippet:-1","max-image-preview":"max-image-preview:large","max-video-preview":"max-video-preview:-1"},"canonical":"https:\/\/fjala.info\/2009-2015\/e-plote-shkelzen-berisha-fazllici-dhe-vuk-hamovic-takim-ne-vjene-per-te-shmangur-kosoven-nga-transmetimi-i-energjise\/","og_locale":"sq_AL","og_type":"article","og_title":"E PLOTE\/ Shk\u00eblzen Berisha, Fazlli\u00e7i dhe Vuk Hamovi\u00e7, takim n\u00eb Vjen\u00eb p\u00ebr t\u00eb shmangur Kosov\u00ebn nga transmetimi i energjis\u00eb - FjALA e LIR\u00cb - Arkivi","og_description":"P\u00ebr m\u00eb shum\u00eb se nj\u00eb vit, kryeministri i Shqip\u00ebris\u00eb, Sali Berisha ka bllokuar tenderin p\u00ebr nd\u00ebrtimin e linj\u00ebs s\u00eb interkonjeksionit Kosov\u00eb \u2013 Shqip\u00ebri. Me k\u00ebt\u00eb veprim favorizohen tregtar\u00ebt serb\u00eb t\u00eb energjis\u00eb, t\u00eb cil\u00ebt kan\u00eb lidhje me djalin e kryeministrit Nga Enis Veliu, Z\u00ebri, 16 Prill 2012 Kryeministri i Shqip\u00ebris\u00eb, Sali Berisha, ka m\u00eb shum\u00eb se [&hellip;]","og_url":"https:\/\/fjala.info\/2009-2015\/e-plote-shkelzen-berisha-fazllici-dhe-vuk-hamovic-takim-ne-vjene-per-te-shmangur-kosoven-nga-transmetimi-i-energjise\/","og_site_name":"FjALA e LIR\u00cb - Arkivi","article_published_time":"2012-04-16T21:47:13+00:00","og_image":[{"url":"http:\/\/www.shkoder.net\/2012\/zeri_berisha_me_mafine.jpg","type":"","width":"","height":""}],"author":"admin","twitter_card":"summary_large_image","twitter_misc":{"Written by":"admin","Est. reading time":"5 minutes"},"schema":{"@context":"https:\/\/schema.org","@graph":[{"@type":"Article","@id":"https:\/\/fjala.info\/2009-2015\/e-plote-shkelzen-berisha-fazllici-dhe-vuk-hamovic-takim-ne-vjene-per-te-shmangur-kosoven-nga-transmetimi-i-energjise\/#article","isPartOf":{"@id":"https:\/\/fjala.info\/2009-2015\/e-plote-shkelzen-berisha-fazllici-dhe-vuk-hamovic-takim-ne-vjene-per-te-shmangur-kosoven-nga-transmetimi-i-energjise\/"},"author":{"name":"admin","@id":"https:\/\/fjala.info\/2009-2015\/#\/schema\/person\/3aa1163ef05469c496fc94e77611ada2"},"headline":"E PLOTE\/ Shk\u00eblzen Berisha, Fazlli\u00e7i dhe Vuk Hamovi\u00e7, takim n\u00eb Vjen\u00eb p\u00ebr t\u00eb shmangur Kosov\u00ebn nga transmetimi i energjis\u00eb","datePublished":"2012-04-16T21:47:13+00:00","mainEntityOfPage":{"@id":"https:\/\/fjala.info\/2009-2015\/e-plote-shkelzen-berisha-fazllici-dhe-vuk-hamovic-takim-ne-vjene-per-te-shmangur-kosoven-nga-transmetimi-i-energjise\/"},"wordCount":985,"commentCount":0,"publisher":{"@id":"https:\/\/fjala.info\/2009-2015\/#organization"},"image":{"@id":"https:\/\/fjala.info\/2009-2015\/e-plote-shkelzen-berisha-fazllici-dhe-vuk-hamovic-takim-ne-vjene-per-te-shmangur-kosoven-nga-transmetimi-i-energjise\/#primaryimage"},"thumbnailUrl":"http:\/\/www.shkoder.net\/2012\/zeri_berisha_me_mafine.jpg","articleSection":["Artikuj"],"inLanguage":"sq-AL","potentialAction":[{"@type":"CommentAction","name":"Comment","target":["https:\/\/fjala.info\/2009-2015\/e-plote-shkelzen-berisha-fazllici-dhe-vuk-hamovic-takim-ne-vjene-per-te-shmangur-kosoven-nga-transmetimi-i-energjise\/#respond"]}]},{"@type":"WebPage","@id":"https:\/\/fjala.info\/2009-2015\/e-plote-shkelzen-berisha-fazllici-dhe-vuk-hamovic-takim-ne-vjene-per-te-shmangur-kosoven-nga-transmetimi-i-energjise\/","url":"https:\/\/fjala.info\/2009-2015\/e-plote-shkelzen-berisha-fazllici-dhe-vuk-hamovic-takim-ne-vjene-per-te-shmangur-kosoven-nga-transmetimi-i-energjise\/","name":"E PLOTE\/ Shk\u00eblzen Berisha, Fazlli\u00e7i dhe Vuk Hamovi\u00e7, takim n\u00eb Vjen\u00eb p\u00ebr t\u00eb shmangur Kosov\u00ebn nga transmetimi i energjis\u00eb - FjALA e LIR\u00cb - Arkivi","isPartOf":{"@id":"https:\/\/fjala.info\/2009-2015\/#website"},"primaryImageOfPage":{"@id":"https:\/\/fjala.info\/2009-2015\/e-plote-shkelzen-berisha-fazllici-dhe-vuk-hamovic-takim-ne-vjene-per-te-shmangur-kosoven-nga-transmetimi-i-energjise\/#primaryimage"},"image":{"@id":"https:\/\/fjala.info\/2009-2015\/e-plote-shkelzen-berisha-fazllici-dhe-vuk-hamovic-takim-ne-vjene-per-te-shmangur-kosoven-nga-transmetimi-i-energjise\/#primaryimage"},"thumbnailUrl":"http:\/\/www.shkoder.net\/2012\/zeri_berisha_me_mafine.jpg","datePublished":"2012-04-16T21:47:13+00:00","breadcrumb":{"@id":"https:\/\/fjala.info\/2009-2015\/e-plote-shkelzen-berisha-fazllici-dhe-vuk-hamovic-takim-ne-vjene-per-te-shmangur-kosoven-nga-transmetimi-i-energjise\/#breadcrumb"},"inLanguage":"sq-AL","potentialAction":[{"@type":"ReadAction","target":["https:\/\/fjala.info\/2009-2015\/e-plote-shkelzen-berisha-fazllici-dhe-vuk-hamovic-takim-ne-vjene-per-te-shmangur-kosoven-nga-transmetimi-i-energjise\/"]}]},{"@type":"ImageObject","inLanguage":"sq-AL","@id":"https:\/\/fjala.info\/2009-2015\/e-plote-shkelzen-berisha-fazllici-dhe-vuk-hamovic-takim-ne-vjene-per-te-shmangur-kosoven-nga-transmetimi-i-energjise\/#primaryimage","url":"http:\/\/www.shkoder.net\/2012\/zeri_berisha_me_mafine.jpg","contentUrl":"http:\/\/www.shkoder.net\/2012\/zeri_berisha_me_mafine.jpg"},{"@type":"BreadcrumbList","@id":"https:\/\/fjala.info\/2009-2015\/e-plote-shkelzen-berisha-fazllici-dhe-vuk-hamovic-takim-ne-vjene-per-te-shmangur-kosoven-nga-transmetimi-i-energjise\/#breadcrumb","itemListElement":[{"@type":"ListItem","position":1,"name":"Home","item":"https:\/\/fjala.info\/2009-2015\/"},{"@type":"ListItem","position":2,"name":"E PLOTE\/ Shk\u00eblzen Berisha, Fazlli\u00e7i dhe Vuk Hamovi\u00e7, takim n\u00eb Vjen\u00eb p\u00ebr t\u00eb shmangur Kosov\u00ebn nga transmetimi i energjis\u00eb"}]},{"@type":"WebSite","@id":"https:\/\/fjala.info\/2009-2015\/#website","url":"https:\/\/fjala.info\/2009-2015\/","name":"FjALA e LIR\u00cb - Arkivi","description":"Arkivi 2009-2015","publisher":{"@id":"https:\/\/fjala.info\/2009-2015\/#organization"},"potentialAction":[{"@type":"SearchAction","target":{"@type":"EntryPoint","urlTemplate":"https:\/\/fjala.info\/2009-2015\/?s={search_term_string}"},"query-input":{"@type":"PropertyValueSpecification","valueRequired":true,"valueName":"search_term_string"}}],"inLanguage":"sq-AL"},{"@type":"Organization","@id":"https:\/\/fjala.info\/2009-2015\/#organization","name":"FjALA e LIR\u00cb - Arkivi","url":"https:\/\/fjala.info\/2009-2015\/","logo":{"@type":"ImageObject","inLanguage":"sq-AL","@id":"https:\/\/fjala.info\/2009-2015\/#\/schema\/logo\/image\/","url":"","contentUrl":"","caption":"FjALA e LIR\u00cb - Arkivi"},"image":{"@id":"https:\/\/fjala.info\/2009-2015\/#\/schema\/logo\/image\/"}},{"@type":"Person","@id":"https:\/\/fjala.info\/2009-2015\/#\/schema\/person\/3aa1163ef05469c496fc94e77611ada2","name":"admin","image":{"@type":"ImageObject","inLanguage":"sq-AL","@id":"https:\/\/fjala.info\/2009-2015\/wp-content\/uploads\/2012\/02\/arben_cokaj-120x150.jpg","url":"https:\/\/fjala.info\/2009-2015\/wp-content\/uploads\/2012\/02\/arben_cokaj-120x150.jpg","contentUrl":"https:\/\/fjala.info\/2009-2015\/wp-content\/uploads\/2012\/02\/arben_cokaj-120x150.jpg","caption":"admin"},"description":"Admin, Fjala e Lir\u00eb","sameAs":["https:\/\/fjala.info\/"],"url":"https:\/\/fjala.info\/2009-2015\/author\/admin\/"}]}},"_links":{"self":[{"href":"https:\/\/fjala.info\/2009-2015\/wp-json\/wp\/v2\/posts\/11780","targetHints":{"allow":["GET"]}}],"collection":[{"href":"https:\/\/fjala.info\/2009-2015\/wp-json\/wp\/v2\/posts"}],"about":[{"href":"https:\/\/fjala.info\/2009-2015\/wp-json\/wp\/v2\/types\/post"}],"author":[{"embeddable":true,"href":"https:\/\/fjala.info\/2009-2015\/wp-json\/wp\/v2\/users\/1"}],"replies":[{"embeddable":true,"href":"https:\/\/fjala.info\/2009-2015\/wp-json\/wp\/v2\/comments?post=11780"}],"version-history":[{"count":0,"href":"https:\/\/fjala.info\/2009-2015\/wp-json\/wp\/v2\/posts\/11780\/revisions"}],"wp:attachment":[{"href":"https:\/\/fjala.info\/2009-2015\/wp-json\/wp\/v2\/media?parent=11780"}],"wp:term":[{"taxonomy":"category","embeddable":true,"href":"https:\/\/fjala.info\/2009-2015\/wp-json\/wp\/v2\/categories?post=11780"},{"taxonomy":"post_tag","embeddable":true,"href":"https:\/\/fjala.info\/2009-2015\/wp-json\/wp\/v2\/tags?post=11780"}],"curies":[{"name":"wp","href":"https:\/\/api.w.org\/{rel}","templated":true}]}}