{"id":11779,"date":"2012-04-16T22:36:18","date_gmt":"2012-04-16T21:36:18","guid":{"rendered":"http:\/\/fjala.shkoder.net\/?p=2516"},"modified":"2012-04-16T22:36:18","modified_gmt":"2012-04-16T21:36:18","slug":"redan-bushati-gjendjen-e-arsimit-ne-shqiperi-e-permiresojne-strehsat-dhe-vlerat","status":"publish","type":"post","link":"https:\/\/fjala.info\/2009-2015\/redan-bushati-gjendjen-e-arsimit-ne-shqiperi-e-permiresojne-strehsat-dhe-vlerat\/","title":{"rendered":"Redan BUSHATI: Gjendjen e arsimit n\u00eb Shqip\u00ebri e p\u00ebrmir\u00ebsojn\u00eb strehsat dhe vlerat"},"content":{"rendered":"<p><img decoding=\"async\" class=\"alignright size-thumbnail wp-image-7236\" title=\"Ermira BABAMUSTA\" src=\"http:\/\/www.shkoder.net\/2012\/ermira_babamusta.jpg\" alt=\"\" width=\"150\" \/> Intervistoi: <strong>Ermira BABAMUSTA<\/strong>, <strong>Ph.D<\/strong>. \u2013 <em>New York<\/em><\/p>\n<p><em>Kryetari i K\u00ebshillit Studentor t\u00eb Universitetit t\u00eb Shkodr\u00ebs (K.S.U.SH), Redan Bushati, flet p\u00ebr k\u00ebt\u00eb struktur\u00eb studentore si dhe p\u00ebr problemet m\u00eb t\u00eb mprehta q\u00eb shqet\u00ebsojn\u00eb jet\u00ebn akademike n\u00eb Universitetin e Shkodr\u00ebs. N\u00eb k\u00ebt\u00eb intervist\u00eb t\u00eb realizuar nga Dr. Ermira Babamusta, z. Bushati flet edhe n\u00eb t\u00ebr\u00ebsi p\u00ebr reformat e nevojshme n\u00eb arsimin shqiptar, si dhe tregon shkaqet e gjendjes s\u00eb tij t\u00eb r\u00ebnduar. Gjithashtu, Bushati jep edhe ila\u00e7in, i cili mund t\u00eb zhvilloj\u00eb arsimin modern shqiptar: ulja e vlerave n\u00eb krye t\u00eb institucionit t\u00eb arsimit t\u00eb lart\u00eb. <\/em><\/p>\n<p>P\u00ebr m\u00eb tep\u00ebr ndiqeni intervist\u00ebn e plot\u00eb me z. Redan Bushati.<\/p>\n<p><strong>Dr. Ermira Babamusta: Cili \u00ebsht\u00eb misioni dhe roli i K.S.U.SH-s\u00eb?<\/strong><\/p>\n<p><strong>Redan Bushati<\/strong>: K\u00ebshilli Studentor i Universitetit t\u00eb Shkodr\u00ebs (K.S.U.SH) \u00ebsht\u00eb nj\u00eb organiz\u00ebm i pavarur i student\u00ebve t\u00eb Universitetit \u00abLuigj Gurakuqi\u00bb t\u00eb Shkodr\u00ebs, i cili nuk zhvillon veprimtari politike dhe ekonomike. Kjo struktur\u00eb studentore promovon pjes\u00ebmarrjen e student\u00ebve dhe koordinon p\u00ebrfaq\u00ebsimin e tyre n\u00eb organet drejtuese t\u00eb institucioneve t\u00eb arsimit t\u00eb lart\u00eb.<\/p>\n<p>Ky k\u00ebshill student\u00ebsh shpreh mendime dhe propozime p\u00ebr t\u00eb gjitha problemet me interes t\u00eb p\u00ebrgjithsh\u00ebm n\u00eb jet\u00ebn akademike t\u00eb k\u00ebtij universiteti. N\u00eb m\u00ebnyr\u00eb t\u00eb konkretizuar do t\u00eb shtoja se: roli i k\u00ebsaj strukture studentore, q\u00eb p\u00ebrfaq\u00ebson institucionalisht rreth 12 000 student\u00eb q\u00eb ndjekin studimet n\u00eb USH-n\u00eb \u00abL.Gurakuqi\u00bb, \u00ebsht\u00eb p\u00ebrfaq\u00ebsimi dinjitoz i vlerave m\u00eb t\u00eb mira akademike dhe intelektuale. Misioni i K.S.U.SH-s\u00eb gjen veten n\u00eb objektivat tan\u00eb: rritjen e kapaciteteve m\u00ebsimnx\u00ebn\u00ebse dhe m\u00ebsimdh\u00ebn\u00ebse, si dhe n\u00eb p\u00ebrmir\u00ebsimin e imazhit t\u00eb r\u00ebnduar universitar.<\/p>\n<p><strong>Dr. Ermira Babamusta: N\u00eb cilat aspekte t\u00eb arsimit si dhe jet\u00ebs s\u00eb student\u00ebve ka ndikuar m\u00eb shum\u00eb K.S.U.SH?<\/strong><\/p>\n<p><strong>Redan Bushati<\/strong>: S\u00eb bashku me p\u00ebrfaq\u00ebsuesit e tjer\u00eb t\u00eb k\u00ebtij k\u00ebshilli jemi p\u00ebrpjekur t\u00eb arrijm\u00eb marr\u00ebdh\u00ebnie t\u00eb nd\u00ebrsjellta me student\u00ebt dhe stafet pedagogjike. Kemi arritur, disa her\u00eb, t\u00eb bashkojm\u00eb n\u00eb mjedise t\u00eb ndryshme akademike dhe sociale, student\u00ebt me pedagog\u00ebt, duke arritur drejt shk\u00ebmbimit njer\u00ebzor t\u00eb marr\u00ebdh\u00ebnieve student-pedagog, e duke krijuar k\u00ebsisoj kushtet n\u00eb p\u00ebrmir\u00ebsimin dhe thellimin e marr\u00ebdh\u00ebnieve mes tyre.<\/p>\n<p>Duke filluar nga sh\u00ebrbimet informuese p\u00ebr student\u00ebt: njoftimet p\u00ebr regjistrime, njoftimet p\u00ebr provime, njoftimet p\u00ebr bursa, njoftimet p\u00ebr kuota pranimi, njoftimet n\u00eb vazhdim\u00ebsi p\u00ebr procesin m\u00ebsimor, njoftime p\u00ebr konferenca, simpoziume, tryeza t\u00eb hapura, takime t\u00eb gjera mes student\u00ebve etj. dhe duke mb\u00ebrritur deri tek organizimet dhe fushatat e m\u00ebdha n\u00eb ndihm\u00eb t\u00eb komunitetit, jan\u00eb p\u00ebrpjekjet tona t\u00eb vazhdueshme q\u00eb kemi realizuar gjat\u00eb veprimtaris\u00eb son\u00eb.<\/p>\n<p><strong>Dr. Ermira Babamusta: Cilat hapa duhen marr\u00eb p\u00ebr ta zhvilluar arsimin shqiptar n\u00eb nivele bashk\u00ebkohore?<\/strong><\/p>\n<p><strong>Redan Bushati<\/strong>: Duhet t\u00eb kuptojm\u00eb qart\u00eb, nj\u00ebher\u00eb e p\u00ebrgjithmon\u00eb, se ndryshimi i ngjyrave qeveris\u00ebse n\u00eb drejtimin e institucioneve t\u00eb shtetit, si rrjedhoj\u00eb edhe t\u00eb institucionit t\u00eb arsimit t\u00eb lart\u00eb n\u00eb vend, nuk duhet t\u00eb jet\u00eb kurrsesi ndryshim i platformave zhvilluese dhe i linj\u00ebs s\u00eb reformave t\u00eb nisura, kur ato jan\u00eb n\u00eb sh\u00ebrbim t\u00eb p\u00ebrmir\u00ebsimit t\u00eb arsimit n\u00eb vend. Arsimi, vatra e shpres\u00ebs s\u00eb ardhme t\u00eb nj\u00eb vendi, \u00ebsht\u00eb m\u00eb shum\u00eb se e pashpres\u00eb, kur bie fjala p\u00ebr vendin ton\u00eb. Gjendja nuk \u00ebsht\u00eb aspak e leht\u00eb p\u00ebr t&#8217;u p\u00ebrmir\u00ebsuar. Por, jo e pap\u00ebrmir\u00ebsueshme.<\/p>\n<p>Mundet ta b\u00ebjm\u00eb arsimin europian, mundet ta zhvillojm\u00eb at\u00eb, mundet ta fusim n\u00eb shinat moderne, por ama ve\u00e7se me njer\u00ebz t\u00eb aft\u00eb p\u00ebr t&#8217;i dh\u00ebn\u00eb drejtimin pun\u00ebve, n\u00eb k\u00ebt\u00eb institucion me p\u00ebrgjegj\u00ebsi t\u00eb madhe. P\u00ebrkund\u00ebr \u00e7do mohimi shprese q\u00ebndrojn\u00eb p\u00ebrball\u00eb vlerat. Jan\u00eb pik\u00ebrisht k\u00ebto t\u00eb fundit, t\u00eb cilat n\u00ebse mbizot\u00ebrojn\u00eb n\u00eb arsimin shqiptar, at\u00ebher\u00eb vendi yn\u00eb mund t\u00eb ndjek\u00eb ritmin dhe standartet e fort k\u00ebrkuara europiane. At\u00ebher\u00eb edhe arsimi yn\u00eb do t\u00eb njohin modernitetin e tij. Arsim modern nuk mund t\u00eb ket\u00eb kurr\u00eb me mohsa, por vet\u00ebm me strehsa.<\/p>\n<p>Pra, hapi i par\u00eb emergjent \u00ebsht\u00eb ulja n\u00eb pozicionin e ministrit t\u00eb arsimit t\u00eb nj\u00eb njeriu me vlera intelektuale, akademike, kulturore etj. Pas ardhjes s\u00eb t\u00eb supozuarit n\u00eb k\u00ebt\u00eb post, t\u00eb tjerat vijn\u00eb pas tij. Por, bashk\u00eb me t\u00eb duhet t\u00eb krijohet edhe profili i nj\u00eb institucioni t\u00eb papreksh\u00ebm nga debati politik dhe interesat e tij t\u00eb dit\u00ebs. E fundit fare, p\u00ebr ta kuptuar edhe se si mund dhe duhet t\u00eb jet\u00eb arsimi shqiptar, m\u00eb lejoni t&#8217;ju them se: me teneqexhi dhe teseruka partish, largmendsh nuk mund t\u00eb ket\u00eb zhvillim arsimi n\u00eb Shqip\u00ebri. Ai mund t\u00eb zhvillohet vet\u00ebm kur n\u00eb krye t\u00eb tij t\u00eb renditen vlerat reale t\u00eb shoq\u00ebris\u00eb son\u00eb.<\/p>\n<p><strong>Dr. Ermira Babamusta: Cilat jan\u00eb nevojat e student\u00ebve t\u00eb Universitetit t\u00eb Shkodr\u00ebs p\u00ebr vitin 2012?<\/strong><\/p>\n<p><strong>Redan Bushati<\/strong>: Ashtu si bashk\u00ebkomb\u00ebsit e tjer\u00eb, koleg\u00eb t\u00eb tyre, edhe student\u00ebt e Universitetit t\u00eb Shkodr\u00ebs k\u00ebrkojn\u00eb po t\u00eb nj\u00ebjtat gj\u00ebra n\u00eb thelbin e tyre: infrastruktur\u00eb moderne me hap\u00ebsira t\u00eb nevojshme p\u00ebr zhvillimin e procesit m\u00ebsimor; rritje t\u00eb kapaciteteve prodhuese dhe m\u00ebsimdh\u00ebn\u00ebse; respektim t\u00eb orareve t\u00eb procesit m\u00ebsimor, sekretarive m\u00ebsimore dhe n\u00eb t\u00ebr\u00ebsi respektim t\u00eb orarit t\u00eb pun\u00ebs nga pedagog\u00ebt, shefat e departamenteve, dekan\u00ebt (ka prej atyre q\u00eb me v\u00ebshtir\u00ebsi gjejn\u00eb edhe zyr\u00ebn e tyre) etj. K\u00ebto jan\u00eb k\u00ebrkesat dhe nevojat e student\u00ebve tan\u00eb, p\u00ebr t\u00eb cilat ka nevoj\u00eb jeta akademike, por nga t\u00eb cilat nuk presim p\u00ebrmir\u00ebsim n\u00eb mas\u00ebn 100% t\u00eb tyre, por s\u00eb paku t\u00eb njohin hapat e p\u00ebrmir\u00ebsimit ndaj k\u00ebtyre k\u00ebrkesave t\u00eb student\u00ebve.<\/p>\n<p><strong>Dr. Ermira Babamusta: Di\u00e7ka mbi veprimtarin\u00eb e K\u00ebshillit Studentor.<\/strong><\/p>\n<p><strong>Redan Bushati<\/strong>: Nga aktivitetet sociale vlen t\u00eb p\u00ebrmenden disa prej tyre, si: kontributi n\u00eb Sht\u00ebpin\u00eb e F\u00ebmij\u00ebs Shkod\u00ebr 6-14 vje\u00e7, dhurimi i gjakut p\u00ebr nevojat ekzistenciale t\u00eb talasemik\u00ebve, ndihma p\u00ebr pleq e plaka n\u00eb nevoj\u00eb humane, ndihma financiare dhe materiale p\u00ebr banor\u00ebt e zonave t\u00eb prekura nga p\u00ebrmbytjet n\u00eb Qarkun e Shkodr\u00ebs, pastrimi i plazhit t\u00eb Velipoj\u00ebs turistike dhe mahnit\u00ebse p\u00ebr nga vlerat e dhuntit\u00eb natyrore, pastrimi i mbeturinave p\u00ebrgjat\u00eb Liqenit t\u00eb Shkodr\u00ebs apo edhe n\u00eb lagjen periferike &#8221;Iliria&#8221; t\u00eb qytetit ton\u00eb etj.<\/p>\n<p>Nga aktivitetet t\u00ebr\u00ebsisht dhe thell\u00ebsisht akademike e me nivel t\u00eb lart\u00eb p\u00ebrfaq\u00ebsimi qytetar-intelektual vlen t\u00eb theksohen organizimet tona n\u00eb Bibliotek\u00ebn Universitare Shkencore, n\u00eb sallat moderne t\u00eb konferencave n\u00eb Grand Hotel Europa dhe Colosseo Hotel apo edhe n\u00eb Hotel Tirana apo Sheraton. Nd\u00ebrsa nga bashk\u00ebpunimet dhe lidhjet n\u00eb partneritet reciprok ve\u00e7ojm\u00eb mes tyre ato me IOM, GTZ, OSBE, QSHDNJ, EUIC Shkod\u00ebr etj. N\u00ebp\u00ebrmes bashk\u00ebpunimeve t\u00eb nd\u00ebrsjellta apo vet\u00ebfinancimit t\u00eb aktiviteteve akademike, ne kemi arritur t\u00eb krijojm\u00eb nj\u00eb profil qart\u00ebsisht grup student\u00ebsh europian, q\u00eb k\u00ebrkojn\u00eb p\u00ebr vete dhe jet\u00ebn e tyre akademike kushte m\u00eb t\u00eb pranueshme n\u00eb transmetimin e dijeve, nd\u00ebrtimin e infrastruktur\u00ebs moderne dhe shembuj t\u00eb meritokracis\u00eb s\u00eb vjeljes s\u00eb rezultatave, shum\u00ebher\u00eb t\u00eb munguara p\u00ebrreth nesh.<\/p>\n<p><strong>Dr. Ermira Babamusta: Cilat organizime ju kan\u00eb sjallur m\u00eb tep\u00ebr k\u00ebnaq\u00ebsi?<\/strong><\/p>\n<p><strong>Redan Bushati<\/strong>: P\u00ebr nga emocionet p\u00ebrcjell\u00ebse e fryma humane: ndihma q\u00eb dham\u00eb dhe dita q\u00eb kaluam me femij\u00ebt jetim\u00eb t\u00eb qytetit t\u00eb Shkodr\u00ebs mbetet m\u00eb e realizuara, m\u00eb e bukura dhe e ve\u00e7anta.<\/p>\n<p>P\u00ebr nga vlerat akademike, &#8220;Plag\u00ebt tona&#8221; dhe &#8220;Sfida dhe horizonte n\u00eb praktik\u00ebn e k\u00ebshillimit&#8221; mbesin simpoziumet m\u00eb p\u00ebrfaq\u00ebsuese nga niveli intelektual p\u00ebrfshir\u00ebs dhe shtjellues. N\u00eb k\u00ebt\u00eb p\u00ebrmendje t\u00eb shkurt\u00ebr t\u00eb klimaksitetit t\u00eb aktiviteteve tona, nuk mundet kurrsesi q\u00eb t\u00eb mos v\u00ebm\u00eb n\u00eb dukje edhe bashk\u00ebpunimet e frytshme t\u00eb her\u00ebpashershme me Qendren e Informimit t\u00eb BE-s\u00eb n\u00eb Shkod\u00ebr.<\/p>\n<p><strong>Dr. Ermira Babamusta: Ju faleminderit p\u00ebr intervist\u00ebn.<\/strong><br \/>\n<strong>Redan Bushati<\/strong>: Ju faleminderit juve.<\/p>\n","protected":false},"excerpt":{"rendered":"<p>Intervistoi: Ermira BABAMUSTA, Ph.D. \u2013 New York Kryetari i K\u00ebshillit Studentor t\u00eb Universitetit t\u00eb Shkodr\u00ebs (K.S.U.SH), Redan Bushati, flet p\u00ebr k\u00ebt\u00eb struktur\u00eb studentore si dhe p\u00ebr problemet m\u00eb t\u00eb mprehta q\u00eb shqet\u00ebsojn\u00eb jet\u00ebn akademike n\u00eb Universitetin e Shkodr\u00ebs. N\u00eb k\u00ebt\u00eb intervist\u00eb t\u00eb realizuar nga Dr. Ermira Babamusta, z. Bushati flet edhe n\u00eb t\u00ebr\u00ebsi p\u00ebr reformat [&hellip;]<\/p>\n","protected":false},"author":1,"featured_media":0,"comment_status":"open","ping_status":"closed","sticky":false,"template":"","format":"standard","meta":{"footnotes":""},"categories":[4],"tags":[],"class_list":{"0":"post-11779","1":"post","2":"type-post","3":"status-publish","4":"format-standard","6":"category-intervista"},"yoast_head":"<!-- This site is optimized with the Yoast SEO plugin v27.4 - https:\/\/yoast.com\/product\/yoast-seo-wordpress\/ -->\n<title>Redan BUSHATI: Gjendjen e arsimit n\u00eb Shqip\u00ebri e p\u00ebrmir\u00ebsojn\u00eb strehsat dhe vlerat - FjALA e LIR\u00cb - Arkivi<\/title>\n<meta name=\"robots\" content=\"index, follow, max-snippet:-1, max-image-preview:large, max-video-preview:-1\" \/>\n<link rel=\"canonical\" href=\"https:\/\/fjala.info\/2009-2015\/redan-bushati-gjendjen-e-arsimit-ne-shqiperi-e-permiresojne-strehsat-dhe-vlerat\/\" \/>\n<meta property=\"og:locale\" content=\"sq_AL\" \/>\n<meta property=\"og:type\" content=\"article\" \/>\n<meta property=\"og:title\" content=\"Redan BUSHATI: Gjendjen e arsimit n\u00eb Shqip\u00ebri e p\u00ebrmir\u00ebsojn\u00eb strehsat dhe vlerat - FjALA e LIR\u00cb - Arkivi\" \/>\n<meta property=\"og:description\" content=\"Intervistoi: Ermira BABAMUSTA, Ph.D. \u2013 New York Kryetari i K\u00ebshillit Studentor t\u00eb Universitetit t\u00eb Shkodr\u00ebs (K.S.U.SH), Redan Bushati, flet p\u00ebr k\u00ebt\u00eb struktur\u00eb studentore si dhe p\u00ebr problemet m\u00eb t\u00eb mprehta q\u00eb shqet\u00ebsojn\u00eb jet\u00ebn akademike n\u00eb Universitetin e Shkodr\u00ebs. N\u00eb k\u00ebt\u00eb intervist\u00eb t\u00eb realizuar nga Dr. Ermira Babamusta, z. Bushati flet edhe n\u00eb t\u00ebr\u00ebsi p\u00ebr reformat [&hellip;]\" \/>\n<meta property=\"og:url\" content=\"https:\/\/fjala.info\/2009-2015\/redan-bushati-gjendjen-e-arsimit-ne-shqiperi-e-permiresojne-strehsat-dhe-vlerat\/\" \/>\n<meta property=\"og:site_name\" content=\"FjALA e LIR\u00cb - Arkivi\" \/>\n<meta property=\"article:published_time\" content=\"2012-04-16T21:36:18+00:00\" \/>\n<meta property=\"og:image\" content=\"http:\/\/www.shkoder.net\/2012\/ermira_babamusta.jpg\" \/>\n<meta name=\"author\" content=\"admin\" \/>\n<meta name=\"twitter:card\" content=\"summary_large_image\" \/>\n<meta name=\"twitter:label1\" content=\"Written by\" \/>\n\t<meta name=\"twitter:data1\" content=\"admin\" \/>\n\t<meta name=\"twitter:label2\" content=\"Est. reading time\" \/>\n\t<meta name=\"twitter:data2\" content=\"7 minutes\" \/>\n<script type=\"application\/ld+json\" class=\"yoast-schema-graph\">{\"@context\":\"https:\\\/\\\/schema.org\",\"@graph\":[{\"@type\":\"Article\",\"@id\":\"https:\\\/\\\/fjala.info\\\/2009-2015\\\/redan-bushati-gjendjen-e-arsimit-ne-shqiperi-e-permiresojne-strehsat-dhe-vlerat\\\/#article\",\"isPartOf\":{\"@id\":\"https:\\\/\\\/fjala.info\\\/2009-2015\\\/redan-bushati-gjendjen-e-arsimit-ne-shqiperi-e-permiresojne-strehsat-dhe-vlerat\\\/\"},\"author\":{\"name\":\"admin\",\"@id\":\"https:\\\/\\\/fjala.info\\\/2009-2015\\\/#\\\/schema\\\/person\\\/3aa1163ef05469c496fc94e77611ada2\"},\"headline\":\"Redan BUSHATI: Gjendjen e arsimit n\u00eb Shqip\u00ebri e p\u00ebrmir\u00ebsojn\u00eb strehsat dhe vlerat\",\"datePublished\":\"2012-04-16T21:36:18+00:00\",\"mainEntityOfPage\":{\"@id\":\"https:\\\/\\\/fjala.info\\\/2009-2015\\\/redan-bushati-gjendjen-e-arsimit-ne-shqiperi-e-permiresojne-strehsat-dhe-vlerat\\\/\"},\"wordCount\":1412,\"commentCount\":0,\"publisher\":{\"@id\":\"https:\\\/\\\/fjala.info\\\/2009-2015\\\/#organization\"},\"image\":{\"@id\":\"https:\\\/\\\/fjala.info\\\/2009-2015\\\/redan-bushati-gjendjen-e-arsimit-ne-shqiperi-e-permiresojne-strehsat-dhe-vlerat\\\/#primaryimage\"},\"thumbnailUrl\":\"http:\\\/\\\/www.shkoder.net\\\/2012\\\/ermira_babamusta.jpg\",\"articleSection\":[\"Intervista\"],\"inLanguage\":\"sq-AL\",\"potentialAction\":[{\"@type\":\"CommentAction\",\"name\":\"Comment\",\"target\":[\"https:\\\/\\\/fjala.info\\\/2009-2015\\\/redan-bushati-gjendjen-e-arsimit-ne-shqiperi-e-permiresojne-strehsat-dhe-vlerat\\\/#respond\"]}]},{\"@type\":\"WebPage\",\"@id\":\"https:\\\/\\\/fjala.info\\\/2009-2015\\\/redan-bushati-gjendjen-e-arsimit-ne-shqiperi-e-permiresojne-strehsat-dhe-vlerat\\\/\",\"url\":\"https:\\\/\\\/fjala.info\\\/2009-2015\\\/redan-bushati-gjendjen-e-arsimit-ne-shqiperi-e-permiresojne-strehsat-dhe-vlerat\\\/\",\"name\":\"Redan BUSHATI: Gjendjen e arsimit n\u00eb Shqip\u00ebri e p\u00ebrmir\u00ebsojn\u00eb strehsat dhe vlerat - FjALA e LIR\u00cb - Arkivi\",\"isPartOf\":{\"@id\":\"https:\\\/\\\/fjala.info\\\/2009-2015\\\/#website\"},\"primaryImageOfPage\":{\"@id\":\"https:\\\/\\\/fjala.info\\\/2009-2015\\\/redan-bushati-gjendjen-e-arsimit-ne-shqiperi-e-permiresojne-strehsat-dhe-vlerat\\\/#primaryimage\"},\"image\":{\"@id\":\"https:\\\/\\\/fjala.info\\\/2009-2015\\\/redan-bushati-gjendjen-e-arsimit-ne-shqiperi-e-permiresojne-strehsat-dhe-vlerat\\\/#primaryimage\"},\"thumbnailUrl\":\"http:\\\/\\\/www.shkoder.net\\\/2012\\\/ermira_babamusta.jpg\",\"datePublished\":\"2012-04-16T21:36:18+00:00\",\"breadcrumb\":{\"@id\":\"https:\\\/\\\/fjala.info\\\/2009-2015\\\/redan-bushati-gjendjen-e-arsimit-ne-shqiperi-e-permiresojne-strehsat-dhe-vlerat\\\/#breadcrumb\"},\"inLanguage\":\"sq-AL\",\"potentialAction\":[{\"@type\":\"ReadAction\",\"target\":[\"https:\\\/\\\/fjala.info\\\/2009-2015\\\/redan-bushati-gjendjen-e-arsimit-ne-shqiperi-e-permiresojne-strehsat-dhe-vlerat\\\/\"]}]},{\"@type\":\"ImageObject\",\"inLanguage\":\"sq-AL\",\"@id\":\"https:\\\/\\\/fjala.info\\\/2009-2015\\\/redan-bushati-gjendjen-e-arsimit-ne-shqiperi-e-permiresojne-strehsat-dhe-vlerat\\\/#primaryimage\",\"url\":\"http:\\\/\\\/www.shkoder.net\\\/2012\\\/ermira_babamusta.jpg\",\"contentUrl\":\"http:\\\/\\\/www.shkoder.net\\\/2012\\\/ermira_babamusta.jpg\"},{\"@type\":\"BreadcrumbList\",\"@id\":\"https:\\\/\\\/fjala.info\\\/2009-2015\\\/redan-bushati-gjendjen-e-arsimit-ne-shqiperi-e-permiresojne-strehsat-dhe-vlerat\\\/#breadcrumb\",\"itemListElement\":[{\"@type\":\"ListItem\",\"position\":1,\"name\":\"Home\",\"item\":\"https:\\\/\\\/fjala.info\\\/2009-2015\\\/\"},{\"@type\":\"ListItem\",\"position\":2,\"name\":\"Redan BUSHATI: Gjendjen e arsimit n\u00eb Shqip\u00ebri e p\u00ebrmir\u00ebsojn\u00eb strehsat dhe vlerat\"}]},{\"@type\":\"WebSite\",\"@id\":\"https:\\\/\\\/fjala.info\\\/2009-2015\\\/#website\",\"url\":\"https:\\\/\\\/fjala.info\\\/2009-2015\\\/\",\"name\":\"FjALA e LIR\u00cb - Arkivi\",\"description\":\"Arkivi 2009-2015\",\"publisher\":{\"@id\":\"https:\\\/\\\/fjala.info\\\/2009-2015\\\/#organization\"},\"potentialAction\":[{\"@type\":\"SearchAction\",\"target\":{\"@type\":\"EntryPoint\",\"urlTemplate\":\"https:\\\/\\\/fjala.info\\\/2009-2015\\\/?s={search_term_string}\"},\"query-input\":{\"@type\":\"PropertyValueSpecification\",\"valueRequired\":true,\"valueName\":\"search_term_string\"}}],\"inLanguage\":\"sq-AL\"},{\"@type\":\"Organization\",\"@id\":\"https:\\\/\\\/fjala.info\\\/2009-2015\\\/#organization\",\"name\":\"FjALA e LIR\u00cb - Arkivi\",\"url\":\"https:\\\/\\\/fjala.info\\\/2009-2015\\\/\",\"logo\":{\"@type\":\"ImageObject\",\"inLanguage\":\"sq-AL\",\"@id\":\"https:\\\/\\\/fjala.info\\\/2009-2015\\\/#\\\/schema\\\/logo\\\/image\\\/\",\"url\":\"\",\"contentUrl\":\"\",\"caption\":\"FjALA e LIR\u00cb - Arkivi\"},\"image\":{\"@id\":\"https:\\\/\\\/fjala.info\\\/2009-2015\\\/#\\\/schema\\\/logo\\\/image\\\/\"}},{\"@type\":\"Person\",\"@id\":\"https:\\\/\\\/fjala.info\\\/2009-2015\\\/#\\\/schema\\\/person\\\/3aa1163ef05469c496fc94e77611ada2\",\"name\":\"admin\",\"image\":{\"@type\":\"ImageObject\",\"inLanguage\":\"sq-AL\",\"@id\":\"https:\\\/\\\/fjala.info\\\/2009-2015\\\/wp-content\\\/uploads\\\/2012\\\/02\\\/arben_cokaj-120x150.jpg\",\"url\":\"https:\\\/\\\/fjala.info\\\/2009-2015\\\/wp-content\\\/uploads\\\/2012\\\/02\\\/arben_cokaj-120x150.jpg\",\"contentUrl\":\"https:\\\/\\\/fjala.info\\\/2009-2015\\\/wp-content\\\/uploads\\\/2012\\\/02\\\/arben_cokaj-120x150.jpg\",\"caption\":\"admin\"},\"description\":\"Admin, Fjala e Lir\u00eb\",\"sameAs\":[\"https:\\\/\\\/fjala.info\\\/\"],\"url\":\"https:\\\/\\\/fjala.info\\\/2009-2015\\\/author\\\/admin\\\/\"}]}<\/script>\n<!-- \/ Yoast SEO plugin. -->","yoast_head_json":{"title":"Redan BUSHATI: Gjendjen e arsimit n\u00eb Shqip\u00ebri e p\u00ebrmir\u00ebsojn\u00eb strehsat dhe vlerat - FjALA e LIR\u00cb - Arkivi","robots":{"index":"index","follow":"follow","max-snippet":"max-snippet:-1","max-image-preview":"max-image-preview:large","max-video-preview":"max-video-preview:-1"},"canonical":"https:\/\/fjala.info\/2009-2015\/redan-bushati-gjendjen-e-arsimit-ne-shqiperi-e-permiresojne-strehsat-dhe-vlerat\/","og_locale":"sq_AL","og_type":"article","og_title":"Redan BUSHATI: Gjendjen e arsimit n\u00eb Shqip\u00ebri e p\u00ebrmir\u00ebsojn\u00eb strehsat dhe vlerat - FjALA e LIR\u00cb - Arkivi","og_description":"Intervistoi: Ermira BABAMUSTA, Ph.D. \u2013 New York Kryetari i K\u00ebshillit Studentor t\u00eb Universitetit t\u00eb Shkodr\u00ebs (K.S.U.SH), Redan Bushati, flet p\u00ebr k\u00ebt\u00eb struktur\u00eb studentore si dhe p\u00ebr problemet m\u00eb t\u00eb mprehta q\u00eb shqet\u00ebsojn\u00eb jet\u00ebn akademike n\u00eb Universitetin e Shkodr\u00ebs. N\u00eb k\u00ebt\u00eb intervist\u00eb t\u00eb realizuar nga Dr. Ermira Babamusta, z. Bushati flet edhe n\u00eb t\u00ebr\u00ebsi p\u00ebr reformat [&hellip;]","og_url":"https:\/\/fjala.info\/2009-2015\/redan-bushati-gjendjen-e-arsimit-ne-shqiperi-e-permiresojne-strehsat-dhe-vlerat\/","og_site_name":"FjALA e LIR\u00cb - Arkivi","article_published_time":"2012-04-16T21:36:18+00:00","og_image":[{"url":"http:\/\/www.shkoder.net\/2012\/ermira_babamusta.jpg","type":"","width":"","height":""}],"author":"admin","twitter_card":"summary_large_image","twitter_misc":{"Written by":"admin","Est. reading time":"7 minutes"},"schema":{"@context":"https:\/\/schema.org","@graph":[{"@type":"Article","@id":"https:\/\/fjala.info\/2009-2015\/redan-bushati-gjendjen-e-arsimit-ne-shqiperi-e-permiresojne-strehsat-dhe-vlerat\/#article","isPartOf":{"@id":"https:\/\/fjala.info\/2009-2015\/redan-bushati-gjendjen-e-arsimit-ne-shqiperi-e-permiresojne-strehsat-dhe-vlerat\/"},"author":{"name":"admin","@id":"https:\/\/fjala.info\/2009-2015\/#\/schema\/person\/3aa1163ef05469c496fc94e77611ada2"},"headline":"Redan BUSHATI: Gjendjen e arsimit n\u00eb Shqip\u00ebri e p\u00ebrmir\u00ebsojn\u00eb strehsat dhe vlerat","datePublished":"2012-04-16T21:36:18+00:00","mainEntityOfPage":{"@id":"https:\/\/fjala.info\/2009-2015\/redan-bushati-gjendjen-e-arsimit-ne-shqiperi-e-permiresojne-strehsat-dhe-vlerat\/"},"wordCount":1412,"commentCount":0,"publisher":{"@id":"https:\/\/fjala.info\/2009-2015\/#organization"},"image":{"@id":"https:\/\/fjala.info\/2009-2015\/redan-bushati-gjendjen-e-arsimit-ne-shqiperi-e-permiresojne-strehsat-dhe-vlerat\/#primaryimage"},"thumbnailUrl":"http:\/\/www.shkoder.net\/2012\/ermira_babamusta.jpg","articleSection":["Intervista"],"inLanguage":"sq-AL","potentialAction":[{"@type":"CommentAction","name":"Comment","target":["https:\/\/fjala.info\/2009-2015\/redan-bushati-gjendjen-e-arsimit-ne-shqiperi-e-permiresojne-strehsat-dhe-vlerat\/#respond"]}]},{"@type":"WebPage","@id":"https:\/\/fjala.info\/2009-2015\/redan-bushati-gjendjen-e-arsimit-ne-shqiperi-e-permiresojne-strehsat-dhe-vlerat\/","url":"https:\/\/fjala.info\/2009-2015\/redan-bushati-gjendjen-e-arsimit-ne-shqiperi-e-permiresojne-strehsat-dhe-vlerat\/","name":"Redan BUSHATI: Gjendjen e arsimit n\u00eb Shqip\u00ebri e p\u00ebrmir\u00ebsojn\u00eb strehsat dhe vlerat - FjALA e LIR\u00cb - Arkivi","isPartOf":{"@id":"https:\/\/fjala.info\/2009-2015\/#website"},"primaryImageOfPage":{"@id":"https:\/\/fjala.info\/2009-2015\/redan-bushati-gjendjen-e-arsimit-ne-shqiperi-e-permiresojne-strehsat-dhe-vlerat\/#primaryimage"},"image":{"@id":"https:\/\/fjala.info\/2009-2015\/redan-bushati-gjendjen-e-arsimit-ne-shqiperi-e-permiresojne-strehsat-dhe-vlerat\/#primaryimage"},"thumbnailUrl":"http:\/\/www.shkoder.net\/2012\/ermira_babamusta.jpg","datePublished":"2012-04-16T21:36:18+00:00","breadcrumb":{"@id":"https:\/\/fjala.info\/2009-2015\/redan-bushati-gjendjen-e-arsimit-ne-shqiperi-e-permiresojne-strehsat-dhe-vlerat\/#breadcrumb"},"inLanguage":"sq-AL","potentialAction":[{"@type":"ReadAction","target":["https:\/\/fjala.info\/2009-2015\/redan-bushati-gjendjen-e-arsimit-ne-shqiperi-e-permiresojne-strehsat-dhe-vlerat\/"]}]},{"@type":"ImageObject","inLanguage":"sq-AL","@id":"https:\/\/fjala.info\/2009-2015\/redan-bushati-gjendjen-e-arsimit-ne-shqiperi-e-permiresojne-strehsat-dhe-vlerat\/#primaryimage","url":"http:\/\/www.shkoder.net\/2012\/ermira_babamusta.jpg","contentUrl":"http:\/\/www.shkoder.net\/2012\/ermira_babamusta.jpg"},{"@type":"BreadcrumbList","@id":"https:\/\/fjala.info\/2009-2015\/redan-bushati-gjendjen-e-arsimit-ne-shqiperi-e-permiresojne-strehsat-dhe-vlerat\/#breadcrumb","itemListElement":[{"@type":"ListItem","position":1,"name":"Home","item":"https:\/\/fjala.info\/2009-2015\/"},{"@type":"ListItem","position":2,"name":"Redan BUSHATI: Gjendjen e arsimit n\u00eb Shqip\u00ebri e p\u00ebrmir\u00ebsojn\u00eb strehsat dhe vlerat"}]},{"@type":"WebSite","@id":"https:\/\/fjala.info\/2009-2015\/#website","url":"https:\/\/fjala.info\/2009-2015\/","name":"FjALA e LIR\u00cb - Arkivi","description":"Arkivi 2009-2015","publisher":{"@id":"https:\/\/fjala.info\/2009-2015\/#organization"},"potentialAction":[{"@type":"SearchAction","target":{"@type":"EntryPoint","urlTemplate":"https:\/\/fjala.info\/2009-2015\/?s={search_term_string}"},"query-input":{"@type":"PropertyValueSpecification","valueRequired":true,"valueName":"search_term_string"}}],"inLanguage":"sq-AL"},{"@type":"Organization","@id":"https:\/\/fjala.info\/2009-2015\/#organization","name":"FjALA e LIR\u00cb - Arkivi","url":"https:\/\/fjala.info\/2009-2015\/","logo":{"@type":"ImageObject","inLanguage":"sq-AL","@id":"https:\/\/fjala.info\/2009-2015\/#\/schema\/logo\/image\/","url":"","contentUrl":"","caption":"FjALA e LIR\u00cb - Arkivi"},"image":{"@id":"https:\/\/fjala.info\/2009-2015\/#\/schema\/logo\/image\/"}},{"@type":"Person","@id":"https:\/\/fjala.info\/2009-2015\/#\/schema\/person\/3aa1163ef05469c496fc94e77611ada2","name":"admin","image":{"@type":"ImageObject","inLanguage":"sq-AL","@id":"https:\/\/fjala.info\/2009-2015\/wp-content\/uploads\/2012\/02\/arben_cokaj-120x150.jpg","url":"https:\/\/fjala.info\/2009-2015\/wp-content\/uploads\/2012\/02\/arben_cokaj-120x150.jpg","contentUrl":"https:\/\/fjala.info\/2009-2015\/wp-content\/uploads\/2012\/02\/arben_cokaj-120x150.jpg","caption":"admin"},"description":"Admin, Fjala e Lir\u00eb","sameAs":["https:\/\/fjala.info\/"],"url":"https:\/\/fjala.info\/2009-2015\/author\/admin\/"}]}},"_links":{"self":[{"href":"https:\/\/fjala.info\/2009-2015\/wp-json\/wp\/v2\/posts\/11779","targetHints":{"allow":["GET"]}}],"collection":[{"href":"https:\/\/fjala.info\/2009-2015\/wp-json\/wp\/v2\/posts"}],"about":[{"href":"https:\/\/fjala.info\/2009-2015\/wp-json\/wp\/v2\/types\/post"}],"author":[{"embeddable":true,"href":"https:\/\/fjala.info\/2009-2015\/wp-json\/wp\/v2\/users\/1"}],"replies":[{"embeddable":true,"href":"https:\/\/fjala.info\/2009-2015\/wp-json\/wp\/v2\/comments?post=11779"}],"version-history":[{"count":0,"href":"https:\/\/fjala.info\/2009-2015\/wp-json\/wp\/v2\/posts\/11779\/revisions"}],"wp:attachment":[{"href":"https:\/\/fjala.info\/2009-2015\/wp-json\/wp\/v2\/media?parent=11779"}],"wp:term":[{"taxonomy":"category","embeddable":true,"href":"https:\/\/fjala.info\/2009-2015\/wp-json\/wp\/v2\/categories?post=11779"},{"taxonomy":"post_tag","embeddable":true,"href":"https:\/\/fjala.info\/2009-2015\/wp-json\/wp\/v2\/tags?post=11779"}],"curies":[{"name":"wp","href":"https:\/\/api.w.org\/{rel}","templated":true}]}}