{"id":11778,"date":"2012-04-11T22:37:18","date_gmt":"2012-04-11T21:37:18","guid":{"rendered":"http:\/\/fjala.shkoder.net\/?p=2461"},"modified":"2012-04-11T22:37:18","modified_gmt":"2012-04-11T21:37:18","slug":"vellezer","status":"publish","type":"post","link":"https:\/\/fjala.info\/2009-2015\/vellezer\/","title":{"rendered":"V\u00ebllez\u00ebr?"},"content":{"rendered":"<p><img decoding=\"async\" class=\"alignright size-thumbnail wp-image-7236\" title=\"Erdogan - Berisha\" src=\"http:\/\/www.shkoder.net\/2012\/erdogan_berisha.jpg\" alt=\"\" width=\"300\" \/> Nga <strong>Lorenc Vangjeli<\/strong>, <em>10 prill 2012<\/em><\/p>\n<p>Ka disa steriotipe t\u00eb cil\u00ebt \u00ebsht\u00eb v\u00ebshtir\u00eb t\u00eb ndryshojn\u00eb. Ato vazhdojn\u00eb t\u00eb jetojn\u00eb sa nga padija, sa nga injoranca &#8211; shkalla m\u00eb e lart\u00eb e padijes &#8211; sa nga lig\u00ebsia, e cila, e bashkuar me padije dhe injoranc\u00eb jep nj\u00eb p\u00ebrzierje t\u00eb frikshme dhe shkat\u00ebrruese. Ky nuk \u00ebsht\u00eb rasti i kryeministrit shqiptar Sali Berisha. Ai \u00ebsht\u00eb nj\u00eb burr\u00eb goxha i k\u00ebnduar. N\u00eb politik\u00eb ka d\u00ebshmuar vazhdimisht at\u00eb sens pragmatizmi t\u00eb diktuar nga origjina e tij, modelet q\u00eb ka ndjekur dhe nga ideologjia komuniste q\u00eb besonte dikur. Si politikan aktiv, n\u00eb em\u00ebr t\u00eb q\u00ebllimit t\u00eb tij t\u00eb pandryshuesh\u00ebm, pushtetit, ka justifikuar \u00e7do mjet, ka p\u00ebrdorur \u00e7do mjet dhe ka shenjt\u00ebruar \u00e7do mjet q\u00eb i ka sh\u00ebrbyer p\u00ebr q\u00ebllimet e tij. Nj\u00eb prej tyre, \u00ebsht\u00eb dhe p\u00ebrdorimi i steriotipeve t\u00eb vjet\u00ebr komunist\u00eb.<\/p>\n<p>N\u00eb fund t\u00eb viteve 70\u2019, propaganda komuniste kishte krijuar steriotipin zyrtar p\u00ebr marr\u00ebdh\u00ebnie t\u00eb ngrohta me \u201cmiqt\u00eb kosovar\u00eb dhe v\u00ebllez\u00ebrit turq\u201d. Zoti Berisha ka ndryshuar vet\u00ebm nj\u00ebrin kah t\u00eb pohimit dhe ka b\u00ebr\u00eb mir\u00eb; miqt\u00eb kosovar\u00eb jan\u00eb b\u00ebr\u00eb v\u00ebllez\u00ebrit kosovar\u00eb, por ripranon se turqit jan\u00eb gjithashtu v\u00ebllez\u00ebr t\u00eb shqiptar\u00ebve. Madje shkon dhe shum\u00eb m\u00eb tej, kur pohon se kemi lidhje gjaku me ta. Nj\u00eb tez\u00eb jo fort e re, e d\u00ebgjuar shpesh dhe fort nga fqinj\u00ebt verior\u00eb t\u00eb Shqip\u00ebris\u00eb, serb\u00ebt, t\u00eb cil\u00ebt pik\u00ebrisht k\u00ebshtu i kan\u00eb konsideruar shqiptar\u00ebt, turq. Duke hequr nj\u00eb linj\u00eb q\u00eb bashkon besimin fetar me p\u00ebrkat\u00ebsin\u00eb etnike dhe duke i konsideruar praktikisht t\u00eb nj\u00ebjt\u00ebn gj\u00eb. Si\u00e7 b\u00ebjn\u00eb r\u00ebndom edhe grek\u00ebt me ortodoks\u00ebt.<\/p>\n<p>Jemi v\u00ebrtet v\u00ebllez\u00ebr me turqit? Esht\u00eb i v\u00ebrtet\u00eb ky pohim plot eufemiz\u00ebm, tek i cili gjendet edhe shum\u00eb serviliz\u00ebm, dallkaukll\u00ebk, interes i \u00e7astit, por edhe steriotip i ngulitur tashm\u00eb? N\u00ebse kjo do t\u00eb ishte e v\u00ebrtet\u00eb, at\u00ebher\u00eb i bie q\u00eb ushtrit\u00eb osmane n\u00eb pes\u00eb shekuj pushtim t\u00eb Shqip\u00ebris\u00eb, t\u00eb ken\u00eb sh\u00ebtitur her\u00eb n\u00ebn fustanellat e gjysheve shqiptare e her\u00eb n\u00ebn \u00e7itjanet e tyre kur nj\u00eb pjes\u00eb e gjysheve ndryshuan mod\u00ebn e veshjes. N\u00ebse kjo do t\u00eb ishte e v\u00ebrtet\u00eb, at\u00ebher\u00eb i bie edhe q\u00eb nizam\u00ebt e shumt\u00eb shqiptar\u00eb q\u00eb luftuan dikur n\u00ebn flamurin me gjysm\u00eb h\u00ebn\u00eb, t\u00eb kishin trazuar epshin e tyre viseve t\u00eb Anadollit, aty ku nj\u00eb pjes\u00eb e tyre u b\u00ebn\u00eb vezir\u00eb e pashallar\u00eb.<\/p>\n<p>Ka nj\u00eb bindje t\u00eb fort\u00eb, t\u00eb p\u00ebrs\u00ebritur shum\u00eb shpesh dhe nga zyrtar\u00ebt m\u00eb t\u00eb lart\u00eb t\u00eb Ankaras\u00eb, se n\u00eb Turqin\u00eb e sotme jetojn\u00eb rreth 6 milion\u00eb qytetar\u00eb me origjin\u00eb t\u00eb larg\u00ebt shqiptare. T\u00ebr\u00ebsisht t\u00eb asimiluar dhe t\u00eb papranuar zyrtarisht ndonj\u00ebher\u00eb si minoritet n\u00eb vendin e madh, pak Evrop\u00eb dhe shum\u00eb Azi. Prejardhja e tyre \u00ebsht\u00eb e vjet\u00ebr dhe e re dhe \u00ebsht\u00eb krijuar kryesisht nga l\u00ebvizjet e popullsis\u00eb brenda p\u00ebr brenda kufinjve t\u00eb vjet\u00ebr t\u00eb p\u00ebrbashk\u00ebt t\u00eb Perandoris\u00eb turke, por edhe nga shp\u00ebrnguljet e reja t\u00eb shekullit t\u00eb shkuar, n\u00eb shk\u00ebmbimet e popullsis\u00eb n\u00eb dy kahe, nga Ballkani n\u00eb Turqi dhe anasjelltas. Mjafton ky detaj tjet\u00ebr q\u00eb t\u00eb gjenden mes shqiptar\u00ebve dhe turqve t\u00eb sot\u00ebm prind\u00ebr t\u00eb p\u00ebrbashk\u00ebt, q\u00eb qoft\u00eb dhe nj\u00eb nat\u00eb t\u00eb vetme kan\u00eb ndar\u00eb shtratin, p\u00ebr t\u00eb ndar\u00eb m\u00eb pas gjakun me nj\u00ebri-tjetrin? V\u00ebshtir\u00eb t\u00eb thuhet!<\/p>\n<p>Ka di\u00e7ka tjet\u00ebr n\u00eb t\u00eb gjith\u00eb k\u00ebt\u00eb histori t\u00eb vrullshme dashurie mes zotit Berisha dhe homologut t\u00eb tij turk. Ataturku i madh, krijuesi i Turqis\u00eb moderne, e riktheu vendin e tij brenda kufinjve n\u00eb nj\u00eb lloj izolacionizmi q\u00eb kujdesej m\u00eb shum\u00eb p\u00ebr hallet e brendshme sesa p\u00ebr hovjet heroike me jatagan\u00eb, palla dhe dyfek\u00eb nga nj\u00ebri cep i Azis\u00eb n\u00eb cepin tjet\u00ebr t\u00eb Ballkanit. Sot koh\u00ebt kan\u00eb ndryshuar. Prej gati 20 vjet\u00ebsh, Ankaraja po ringjall dhe jo pa sukses, mend\u00ebsin\u00eb e dikurshme perandorake t\u00eb otoman\u00ebve t\u00eb dikursh\u00ebm. Duke e konsideruar \u00e7far\u00eb ka ndodhur me vendet n\u00eb t\u00eb cil\u00ebt ata dep\u00ebrtuan me forc\u00eb si nj\u00eb histori t\u00eb p\u00ebrbashk\u00ebt suksesi, bashk\u00ebqeverisjeje dhe jo histori pushtimi.<\/p>\n<p>T\u00eb d\u00ebgjosh \u201cneohistorianin\u201d Berisha, do t\u00eb thot\u00eb se nuk mund t\u00eb ket\u00eb marr\u00ebdh\u00ebnie pushtimi mes v\u00ebllez\u00ebrish, por vet\u00ebm \u201ckeqkuptime\u201d nga ato q\u00eb i krijon vet\u00ebm pirja e gjakut t\u00eb nxeht\u00eb nga damar\u00ebt e nj\u00ebri-tjetrit. N\u00eb Ballkan, jan\u00eb t\u00eb gjitha shanset q\u00eb kur p\u00ebr historin\u00eb flasin politikan\u00ebt, historia t\u00eb pushoj\u00eb s\u00eb qeni e till\u00eb. K\u00ebshtu ndodh dhe me kryeministrin, q\u00eb tashm\u00eb duhet t\u00eb pranoj\u00eb nj\u00ebrin ose t\u00eb dy pohimet ve\u00e7 e ve\u00e7, q\u00eb ose gjyshet shqiptare kan\u00eb r\u00ebnkuar me ushtar\u00ebt turq t\u00eb garnizoneve pushtuese, ose hamshor\u00ebt shqiptar\u00eb kan\u00eb b\u00ebr\u00eb namin n\u00eb viset e vjetra t\u00eb gjysm\u00ebh\u00ebn\u00ebs q\u00eb po k\u00ebrkon t\u00eb rilind\u00eb s\u00ebrish n\u00eb t\u00eb nj\u00ebjt\u00ebn koh\u00eb me Turqin\u00eb n\u00eb mes, q\u00eb nga Afganistani e deri n\u00eb Bosnj\u00eb Hercegovin\u00eb.<\/p>\n<p><em>P.S. Nj\u00eb shoq\u00ebri me kultin e mashkullit si shoq\u00ebria shqiptare, \u201cta b\u00ebsh\u201d e konsideron trim\u00ebri, \u201ct\u00eb ta b\u00ebjn\u00eb\u201d e quan \u00e7nderim. N\u00eb t\u00eb gjitha rrethanat, qoft\u00eb dhe p\u00ebrkoh\u00ebsisht, ndoshta kryeministri Berisha mund t\u00eb jap\u00eb nj\u00eb dor\u00eb n\u00eb favor t\u00eb tez\u00ebs q\u00eb l\u00ebvdon lavdin\u00eb dhe pall\u00ebn e nizam\u00ebve t\u00eb vjet\u00ebr shqiptar\u00eb q\u00eb fati i detyroi ta p\u00ebrdorin p\u00ebr nj\u00eb Perandori q\u00eb k\u00ebrkon ringjallje. <\/em><\/p>\n<p><em>Java<\/em><\/p>\n","protected":false},"excerpt":{"rendered":"<p>Nga Lorenc Vangjeli, 10 prill 2012 Ka disa steriotipe t\u00eb cil\u00ebt \u00ebsht\u00eb v\u00ebshtir\u00eb t\u00eb ndryshojn\u00eb. Ato vazhdojn\u00eb t\u00eb jetojn\u00eb sa nga padija, sa nga injoranca &#8211; shkalla m\u00eb e lart\u00eb e padijes &#8211; sa nga lig\u00ebsia, e cila, e bashkuar me padije dhe injoranc\u00eb jep nj\u00eb p\u00ebrzierje t\u00eb frikshme dhe shkat\u00ebrruese. Ky nuk \u00ebsht\u00eb rasti [&hellip;]<\/p>\n","protected":false},"author":1,"featured_media":0,"comment_status":"open","ping_status":"closed","sticky":false,"template":"","format":"standard","meta":{"footnotes":""},"categories":[2],"tags":[],"class_list":{"0":"post-11778","1":"post","2":"type-post","3":"status-publish","4":"format-standard","6":"category-artikuj"},"yoast_head":"<!-- This site is optimized with the Yoast SEO plugin v27.4 - https:\/\/yoast.com\/product\/yoast-seo-wordpress\/ -->\n<title>V\u00ebllez\u00ebr? - FjALA e LIR\u00cb - Arkivi<\/title>\n<meta name=\"robots\" content=\"index, follow, max-snippet:-1, max-image-preview:large, max-video-preview:-1\" \/>\n<link rel=\"canonical\" href=\"https:\/\/fjala.info\/2009-2015\/vellezer\/\" \/>\n<meta property=\"og:locale\" content=\"sq_AL\" \/>\n<meta property=\"og:type\" content=\"article\" \/>\n<meta property=\"og:title\" content=\"V\u00ebllez\u00ebr? - FjALA e LIR\u00cb - Arkivi\" \/>\n<meta property=\"og:description\" content=\"Nga Lorenc Vangjeli, 10 prill 2012 Ka disa steriotipe t\u00eb cil\u00ebt \u00ebsht\u00eb v\u00ebshtir\u00eb t\u00eb ndryshojn\u00eb. Ato vazhdojn\u00eb t\u00eb jetojn\u00eb sa nga padija, sa nga injoranca &#8211; shkalla m\u00eb e lart\u00eb e padijes &#8211; sa nga lig\u00ebsia, e cila, e bashkuar me padije dhe injoranc\u00eb jep nj\u00eb p\u00ebrzierje t\u00eb frikshme dhe shkat\u00ebrruese. Ky nuk \u00ebsht\u00eb rasti [&hellip;]\" \/>\n<meta property=\"og:url\" content=\"https:\/\/fjala.info\/2009-2015\/vellezer\/\" \/>\n<meta property=\"og:site_name\" content=\"FjALA e LIR\u00cb - Arkivi\" \/>\n<meta property=\"article:published_time\" content=\"2012-04-11T21:37:18+00:00\" \/>\n<meta property=\"og:image\" content=\"http:\/\/www.shkoder.net\/2012\/erdogan_berisha.jpg\" \/>\n<meta name=\"author\" content=\"admin\" \/>\n<meta name=\"twitter:card\" content=\"summary_large_image\" \/>\n<meta name=\"twitter:label1\" content=\"Written by\" \/>\n\t<meta name=\"twitter:data1\" content=\"admin\" \/>\n\t<meta name=\"twitter:label2\" content=\"Est. reading time\" \/>\n\t<meta name=\"twitter:data2\" content=\"5 minutes\" \/>\n<script type=\"application\/ld+json\" class=\"yoast-schema-graph\">{\"@context\":\"https:\\\/\\\/schema.org\",\"@graph\":[{\"@type\":\"Article\",\"@id\":\"https:\\\/\\\/fjala.info\\\/2009-2015\\\/vellezer\\\/#article\",\"isPartOf\":{\"@id\":\"https:\\\/\\\/fjala.info\\\/2009-2015\\\/vellezer\\\/\"},\"author\":{\"name\":\"admin\",\"@id\":\"https:\\\/\\\/fjala.info\\\/2009-2015\\\/#\\\/schema\\\/person\\\/3aa1163ef05469c496fc94e77611ada2\"},\"headline\":\"V\u00ebllez\u00ebr?\",\"datePublished\":\"2012-04-11T21:37:18+00:00\",\"mainEntityOfPage\":{\"@id\":\"https:\\\/\\\/fjala.info\\\/2009-2015\\\/vellezer\\\/\"},\"wordCount\":947,\"commentCount\":0,\"publisher\":{\"@id\":\"https:\\\/\\\/fjala.info\\\/2009-2015\\\/#organization\"},\"image\":{\"@id\":\"https:\\\/\\\/fjala.info\\\/2009-2015\\\/vellezer\\\/#primaryimage\"},\"thumbnailUrl\":\"http:\\\/\\\/www.shkoder.net\\\/2012\\\/erdogan_berisha.jpg\",\"articleSection\":[\"Artikuj\"],\"inLanguage\":\"sq-AL\",\"potentialAction\":[{\"@type\":\"CommentAction\",\"name\":\"Comment\",\"target\":[\"https:\\\/\\\/fjala.info\\\/2009-2015\\\/vellezer\\\/#respond\"]}]},{\"@type\":\"WebPage\",\"@id\":\"https:\\\/\\\/fjala.info\\\/2009-2015\\\/vellezer\\\/\",\"url\":\"https:\\\/\\\/fjala.info\\\/2009-2015\\\/vellezer\\\/\",\"name\":\"V\u00ebllez\u00ebr? - FjALA e LIR\u00cb - Arkivi\",\"isPartOf\":{\"@id\":\"https:\\\/\\\/fjala.info\\\/2009-2015\\\/#website\"},\"primaryImageOfPage\":{\"@id\":\"https:\\\/\\\/fjala.info\\\/2009-2015\\\/vellezer\\\/#primaryimage\"},\"image\":{\"@id\":\"https:\\\/\\\/fjala.info\\\/2009-2015\\\/vellezer\\\/#primaryimage\"},\"thumbnailUrl\":\"http:\\\/\\\/www.shkoder.net\\\/2012\\\/erdogan_berisha.jpg\",\"datePublished\":\"2012-04-11T21:37:18+00:00\",\"breadcrumb\":{\"@id\":\"https:\\\/\\\/fjala.info\\\/2009-2015\\\/vellezer\\\/#breadcrumb\"},\"inLanguage\":\"sq-AL\",\"potentialAction\":[{\"@type\":\"ReadAction\",\"target\":[\"https:\\\/\\\/fjala.info\\\/2009-2015\\\/vellezer\\\/\"]}]},{\"@type\":\"ImageObject\",\"inLanguage\":\"sq-AL\",\"@id\":\"https:\\\/\\\/fjala.info\\\/2009-2015\\\/vellezer\\\/#primaryimage\",\"url\":\"http:\\\/\\\/www.shkoder.net\\\/2012\\\/erdogan_berisha.jpg\",\"contentUrl\":\"http:\\\/\\\/www.shkoder.net\\\/2012\\\/erdogan_berisha.jpg\"},{\"@type\":\"BreadcrumbList\",\"@id\":\"https:\\\/\\\/fjala.info\\\/2009-2015\\\/vellezer\\\/#breadcrumb\",\"itemListElement\":[{\"@type\":\"ListItem\",\"position\":1,\"name\":\"Home\",\"item\":\"https:\\\/\\\/fjala.info\\\/2009-2015\\\/\"},{\"@type\":\"ListItem\",\"position\":2,\"name\":\"V\u00ebllez\u00ebr?\"}]},{\"@type\":\"WebSite\",\"@id\":\"https:\\\/\\\/fjala.info\\\/2009-2015\\\/#website\",\"url\":\"https:\\\/\\\/fjala.info\\\/2009-2015\\\/\",\"name\":\"FjALA e LIR\u00cb - Arkivi\",\"description\":\"Arkivi 2009-2015\",\"publisher\":{\"@id\":\"https:\\\/\\\/fjala.info\\\/2009-2015\\\/#organization\"},\"potentialAction\":[{\"@type\":\"SearchAction\",\"target\":{\"@type\":\"EntryPoint\",\"urlTemplate\":\"https:\\\/\\\/fjala.info\\\/2009-2015\\\/?s={search_term_string}\"},\"query-input\":{\"@type\":\"PropertyValueSpecification\",\"valueRequired\":true,\"valueName\":\"search_term_string\"}}],\"inLanguage\":\"sq-AL\"},{\"@type\":\"Organization\",\"@id\":\"https:\\\/\\\/fjala.info\\\/2009-2015\\\/#organization\",\"name\":\"FjALA e LIR\u00cb - Arkivi\",\"url\":\"https:\\\/\\\/fjala.info\\\/2009-2015\\\/\",\"logo\":{\"@type\":\"ImageObject\",\"inLanguage\":\"sq-AL\",\"@id\":\"https:\\\/\\\/fjala.info\\\/2009-2015\\\/#\\\/schema\\\/logo\\\/image\\\/\",\"url\":\"\",\"contentUrl\":\"\",\"caption\":\"FjALA e LIR\u00cb - Arkivi\"},\"image\":{\"@id\":\"https:\\\/\\\/fjala.info\\\/2009-2015\\\/#\\\/schema\\\/logo\\\/image\\\/\"}},{\"@type\":\"Person\",\"@id\":\"https:\\\/\\\/fjala.info\\\/2009-2015\\\/#\\\/schema\\\/person\\\/3aa1163ef05469c496fc94e77611ada2\",\"name\":\"admin\",\"image\":{\"@type\":\"ImageObject\",\"inLanguage\":\"sq-AL\",\"@id\":\"https:\\\/\\\/fjala.info\\\/2009-2015\\\/wp-content\\\/uploads\\\/2012\\\/02\\\/arben_cokaj-120x150.jpg\",\"url\":\"https:\\\/\\\/fjala.info\\\/2009-2015\\\/wp-content\\\/uploads\\\/2012\\\/02\\\/arben_cokaj-120x150.jpg\",\"contentUrl\":\"https:\\\/\\\/fjala.info\\\/2009-2015\\\/wp-content\\\/uploads\\\/2012\\\/02\\\/arben_cokaj-120x150.jpg\",\"caption\":\"admin\"},\"description\":\"Admin, Fjala e Lir\u00eb\",\"sameAs\":[\"https:\\\/\\\/fjala.info\\\/\"],\"url\":\"https:\\\/\\\/fjala.info\\\/2009-2015\\\/author\\\/admin\\\/\"}]}<\/script>\n<!-- \/ Yoast SEO plugin. -->","yoast_head_json":{"title":"V\u00ebllez\u00ebr? - FjALA e LIR\u00cb - Arkivi","robots":{"index":"index","follow":"follow","max-snippet":"max-snippet:-1","max-image-preview":"max-image-preview:large","max-video-preview":"max-video-preview:-1"},"canonical":"https:\/\/fjala.info\/2009-2015\/vellezer\/","og_locale":"sq_AL","og_type":"article","og_title":"V\u00ebllez\u00ebr? - FjALA e LIR\u00cb - Arkivi","og_description":"Nga Lorenc Vangjeli, 10 prill 2012 Ka disa steriotipe t\u00eb cil\u00ebt \u00ebsht\u00eb v\u00ebshtir\u00eb t\u00eb ndryshojn\u00eb. Ato vazhdojn\u00eb t\u00eb jetojn\u00eb sa nga padija, sa nga injoranca &#8211; shkalla m\u00eb e lart\u00eb e padijes &#8211; sa nga lig\u00ebsia, e cila, e bashkuar me padije dhe injoranc\u00eb jep nj\u00eb p\u00ebrzierje t\u00eb frikshme dhe shkat\u00ebrruese. Ky nuk \u00ebsht\u00eb rasti [&hellip;]","og_url":"https:\/\/fjala.info\/2009-2015\/vellezer\/","og_site_name":"FjALA e LIR\u00cb - Arkivi","article_published_time":"2012-04-11T21:37:18+00:00","og_image":[{"url":"http:\/\/www.shkoder.net\/2012\/erdogan_berisha.jpg","type":"","width":"","height":""}],"author":"admin","twitter_card":"summary_large_image","twitter_misc":{"Written by":"admin","Est. reading time":"5 minutes"},"schema":{"@context":"https:\/\/schema.org","@graph":[{"@type":"Article","@id":"https:\/\/fjala.info\/2009-2015\/vellezer\/#article","isPartOf":{"@id":"https:\/\/fjala.info\/2009-2015\/vellezer\/"},"author":{"name":"admin","@id":"https:\/\/fjala.info\/2009-2015\/#\/schema\/person\/3aa1163ef05469c496fc94e77611ada2"},"headline":"V\u00ebllez\u00ebr?","datePublished":"2012-04-11T21:37:18+00:00","mainEntityOfPage":{"@id":"https:\/\/fjala.info\/2009-2015\/vellezer\/"},"wordCount":947,"commentCount":0,"publisher":{"@id":"https:\/\/fjala.info\/2009-2015\/#organization"},"image":{"@id":"https:\/\/fjala.info\/2009-2015\/vellezer\/#primaryimage"},"thumbnailUrl":"http:\/\/www.shkoder.net\/2012\/erdogan_berisha.jpg","articleSection":["Artikuj"],"inLanguage":"sq-AL","potentialAction":[{"@type":"CommentAction","name":"Comment","target":["https:\/\/fjala.info\/2009-2015\/vellezer\/#respond"]}]},{"@type":"WebPage","@id":"https:\/\/fjala.info\/2009-2015\/vellezer\/","url":"https:\/\/fjala.info\/2009-2015\/vellezer\/","name":"V\u00ebllez\u00ebr? - FjALA e LIR\u00cb - Arkivi","isPartOf":{"@id":"https:\/\/fjala.info\/2009-2015\/#website"},"primaryImageOfPage":{"@id":"https:\/\/fjala.info\/2009-2015\/vellezer\/#primaryimage"},"image":{"@id":"https:\/\/fjala.info\/2009-2015\/vellezer\/#primaryimage"},"thumbnailUrl":"http:\/\/www.shkoder.net\/2012\/erdogan_berisha.jpg","datePublished":"2012-04-11T21:37:18+00:00","breadcrumb":{"@id":"https:\/\/fjala.info\/2009-2015\/vellezer\/#breadcrumb"},"inLanguage":"sq-AL","potentialAction":[{"@type":"ReadAction","target":["https:\/\/fjala.info\/2009-2015\/vellezer\/"]}]},{"@type":"ImageObject","inLanguage":"sq-AL","@id":"https:\/\/fjala.info\/2009-2015\/vellezer\/#primaryimage","url":"http:\/\/www.shkoder.net\/2012\/erdogan_berisha.jpg","contentUrl":"http:\/\/www.shkoder.net\/2012\/erdogan_berisha.jpg"},{"@type":"BreadcrumbList","@id":"https:\/\/fjala.info\/2009-2015\/vellezer\/#breadcrumb","itemListElement":[{"@type":"ListItem","position":1,"name":"Home","item":"https:\/\/fjala.info\/2009-2015\/"},{"@type":"ListItem","position":2,"name":"V\u00ebllez\u00ebr?"}]},{"@type":"WebSite","@id":"https:\/\/fjala.info\/2009-2015\/#website","url":"https:\/\/fjala.info\/2009-2015\/","name":"FjALA e LIR\u00cb - Arkivi","description":"Arkivi 2009-2015","publisher":{"@id":"https:\/\/fjala.info\/2009-2015\/#organization"},"potentialAction":[{"@type":"SearchAction","target":{"@type":"EntryPoint","urlTemplate":"https:\/\/fjala.info\/2009-2015\/?s={search_term_string}"},"query-input":{"@type":"PropertyValueSpecification","valueRequired":true,"valueName":"search_term_string"}}],"inLanguage":"sq-AL"},{"@type":"Organization","@id":"https:\/\/fjala.info\/2009-2015\/#organization","name":"FjALA e LIR\u00cb - Arkivi","url":"https:\/\/fjala.info\/2009-2015\/","logo":{"@type":"ImageObject","inLanguage":"sq-AL","@id":"https:\/\/fjala.info\/2009-2015\/#\/schema\/logo\/image\/","url":"","contentUrl":"","caption":"FjALA e LIR\u00cb - Arkivi"},"image":{"@id":"https:\/\/fjala.info\/2009-2015\/#\/schema\/logo\/image\/"}},{"@type":"Person","@id":"https:\/\/fjala.info\/2009-2015\/#\/schema\/person\/3aa1163ef05469c496fc94e77611ada2","name":"admin","image":{"@type":"ImageObject","inLanguage":"sq-AL","@id":"https:\/\/fjala.info\/2009-2015\/wp-content\/uploads\/2012\/02\/arben_cokaj-120x150.jpg","url":"https:\/\/fjala.info\/2009-2015\/wp-content\/uploads\/2012\/02\/arben_cokaj-120x150.jpg","contentUrl":"https:\/\/fjala.info\/2009-2015\/wp-content\/uploads\/2012\/02\/arben_cokaj-120x150.jpg","caption":"admin"},"description":"Admin, Fjala e Lir\u00eb","sameAs":["https:\/\/fjala.info\/"],"url":"https:\/\/fjala.info\/2009-2015\/author\/admin\/"}]}},"_links":{"self":[{"href":"https:\/\/fjala.info\/2009-2015\/wp-json\/wp\/v2\/posts\/11778","targetHints":{"allow":["GET"]}}],"collection":[{"href":"https:\/\/fjala.info\/2009-2015\/wp-json\/wp\/v2\/posts"}],"about":[{"href":"https:\/\/fjala.info\/2009-2015\/wp-json\/wp\/v2\/types\/post"}],"author":[{"embeddable":true,"href":"https:\/\/fjala.info\/2009-2015\/wp-json\/wp\/v2\/users\/1"}],"replies":[{"embeddable":true,"href":"https:\/\/fjala.info\/2009-2015\/wp-json\/wp\/v2\/comments?post=11778"}],"version-history":[{"count":0,"href":"https:\/\/fjala.info\/2009-2015\/wp-json\/wp\/v2\/posts\/11778\/revisions"}],"wp:attachment":[{"href":"https:\/\/fjala.info\/2009-2015\/wp-json\/wp\/v2\/media?parent=11778"}],"wp:term":[{"taxonomy":"category","embeddable":true,"href":"https:\/\/fjala.info\/2009-2015\/wp-json\/wp\/v2\/categories?post=11778"},{"taxonomy":"post_tag","embeddable":true,"href":"https:\/\/fjala.info\/2009-2015\/wp-json\/wp\/v2\/tags?post=11778"}],"curies":[{"name":"wp","href":"https:\/\/api.w.org\/{rel}","templated":true}]}}