{"id":11777,"date":"2012-04-11T22:33:24","date_gmt":"2012-04-11T21:33:24","guid":{"rendered":"http:\/\/fjala.shkoder.net\/?p=2459"},"modified":"2012-04-11T22:33:24","modified_gmt":"2012-04-11T21:33:24","slug":"nje-histori-mes-perdhunimit-dhe-dashurise","status":"publish","type":"post","link":"https:\/\/fjala.info\/2009-2015\/nje-histori-mes-perdhunimit-dhe-dashurise\/","title":{"rendered":"Nj\u00eb histori mes p\u00ebrdhunimit dhe dashuris\u00eb"},"content":{"rendered":"<p><img decoding=\"async\" class=\"alignleft size-thumbnail wp-image-7236\" title=\"Berisha gjak turk\" src=\"http:\/\/www.shkoder.net\/2012\/saliu_firmos_me_turkun.jpg\" alt=\"\" width=\"300\" \/><strong>Alban Guri<\/strong><\/p>\n<p>Sqarimin e m\u00ebposht\u00ebm do ta b\u00ebj p\u00ebr \u00e7do naiv, p\u00ebr \u00e7do dashakeqas, p\u00ebr \u00e7do intrigant, sikurse edhe p\u00ebr \u00e7do spektator neutral q\u00eb sodit nga af\u00ebr por edhe nga larg n\u00eb m\u00ebnyr\u00eb sportive ndodhit\u00eb e k\u00ebtij vendi. Performanc\u00ebn qesharake: Ne me turqit jemi v\u00ebllez\u00ebr\u201d. E kan\u00eb th\u00ebn\u00eb dhe do e thon\u00eb pafund\u00ebsisht t\u00eb gjith\u00eb antishqiptar\u00ebt, t\u00eb gjith\u00eb maskarenjt\u00eb, t\u00eb gjith\u00eb injorantet, por edhe intrigant\u00ebt, ata q\u00eb hedhin gurin e fshehin dor\u00ebn. Por turqit na kan\u00eb sulmuar dhe p\u00ebrdhunuar sa m\u00eb keq s`b\u00ebhet. Fill pas r\u00ebnies s\u00eb rezistenc\u00ebs s\u00eb principatave shqiptare, t\u00eb cilat disa emigruan n\u00eb Itali, disa u strehuan n\u00eb male, e disa u konvertuan formalisht.<\/p>\n<p>Popuj barbar\u00eb, mongol\u00eb, hun\u00eb, t\u00eb bashkuar n\u00ebn simbolin e islamizmit thjesht iu v\u00ebrsul\u00ebn edhe nj\u00ebher\u00eb Ballkanit p\u00ebr pla\u00e7kitje, por si synim kryesor kishin Rom\u00ebn, djepin dhe tribun\u00ebn e qytet\u00ebrimit evropian. Turqit, pra hun\u00ebt apo mongol\u00ebt, nuk e kishin p\u00ebr her\u00eb t\u00eb par\u00eb k\u00ebt\u00eb rrug\u00ebtim t\u00eb dhunsh\u00ebm pla\u00e7kit\u00ebs drejt Rom\u00ebs n\u00ebp\u00ebrmjet Ballkanit. Pa shum\u00eb zig-zage: turqit n\u00eb k\u00ebto troje erdh\u00ebn me dhun\u00eb, jo p\u00ebr miq\u00ebsi apo krushqi. Sot kan\u00eb kaluar pothuajse 600 vjet, por asnj\u00ebher\u00eb koha nuk ia ndryshon titullin dhe tekstin kronik\u00ebs. Nj\u00eb strategji perverse nuk merr aspak parasysh termin qytet\u00ebrim, histori e p\u00ebrgjakur n\u00eb shekuj, p\u00ebrdhunime, gjenocide, dinjitet dhe moral njer\u00ebzor. Dua ta sqaroj p\u00ebr t\u00eb gjith\u00eb se ne me turqit nuk jemi v\u00ebllez\u00ebr, as miq.<\/p>\n<p>N\u00ebse na i kan\u00eb p\u00ebrdhunuar gjyshet e st\u00ebrgjyshet, kjo nuk na b\u00ebn v\u00ebllez\u00ebr. M\u00eb kujtohen vitet e para t\u00eb f\u00ebmij\u00ebris\u00eb time k\u00ebtu n\u00eb kryeqytet kur na thuhej kudo e pareshtur, si n\u00eb shkoll\u00eb ashtu edhe n\u00eb familje apo shoq\u00ebri, se \u00e7do gj\u00eb turke ishte demode. Kjo ka ndodhur n\u00eb Tiran\u00eb, gjat\u00eb viteve t\u00eb soc-realizmit. K\u00ebt\u00eb q\u00eb d\u00ebshmova nuk mund ta zhb\u00ebj\u00eb dot nj\u00eb grup sharlatan\u00ebsh, politikan\u00ebsh, historian\u00ebsh, tifoz\u00ebsh, spektator\u00ebsh apo turist\u00ebsh, t\u00eb cil\u00ebt jan\u00eb thjesht t\u00eb bler\u00eb aq lir\u00eb sa do t`i vinte turp edhe tuf\u00ebs s\u00eb majdanozit p\u00ebr \u00e7mimin e tyre.<\/p>\n<p>Pa dashur ta thelloj argumentin, as p\u00ebr t\u00eb ndezur nj\u00eb konflikt banal alla-ballkanik me turqit, po mundohem vet\u00ebm t\u00eb them se turqit jan\u00eb mir\u00eb aty ku jan\u00eb. Ne nuk i duam, edhe pse jemi n\u00eb kriz\u00eb ekonomike. Nuk kemi \u00e7`t\u00eb marrim prej tyre dhe as ata nuk kan\u00eb \u00e7`t\u00eb na japin. T\u00eb jesh shqiptar nuk \u00ebsht\u00eb nj\u00eb opinion. Turqit duhet t\u00eb na k\u00ebrkojn\u00eb falje. Turqit duhet t\u00eb na paguajn\u00eb shum\u00eb d\u00ebme morale e materiale. Dhe jo vet\u00ebm turqit, por edhe fqinj\u00ebt. Po ashtu edhe kumbar\u00ebt e loj\u00ebrave gjeopolitike t\u00eb mbar\u00eb bot\u00ebs.<\/p>\n","protected":false},"excerpt":{"rendered":"<p>Alban Guri Sqarimin e m\u00ebposht\u00ebm do ta b\u00ebj p\u00ebr \u00e7do naiv, p\u00ebr \u00e7do dashakeqas, p\u00ebr \u00e7do intrigant, sikurse edhe p\u00ebr \u00e7do spektator neutral q\u00eb sodit nga af\u00ebr por edhe nga larg n\u00eb m\u00ebnyr\u00eb sportive ndodhit\u00eb e k\u00ebtij vendi. Performanc\u00ebn qesharake: Ne me turqit jemi v\u00ebllez\u00ebr\u201d. E kan\u00eb th\u00ebn\u00eb dhe do e thon\u00eb pafund\u00ebsisht t\u00eb gjith\u00eb [&hellip;]<\/p>\n","protected":false},"author":1,"featured_media":0,"comment_status":"open","ping_status":"closed","sticky":false,"template":"","format":"standard","meta":{"footnotes":""},"categories":[2],"tags":[],"class_list":{"0":"post-11777","1":"post","2":"type-post","3":"status-publish","4":"format-standard","6":"category-artikuj"},"yoast_head":"<!-- This site is optimized with the Yoast SEO plugin v27.4 - https:\/\/yoast.com\/product\/yoast-seo-wordpress\/ -->\n<title>Nj\u00eb histori mes p\u00ebrdhunimit dhe dashuris\u00eb - FjALA e LIR\u00cb - Arkivi<\/title>\n<meta name=\"robots\" content=\"index, follow, max-snippet:-1, max-image-preview:large, max-video-preview:-1\" \/>\n<link rel=\"canonical\" href=\"https:\/\/fjala.info\/2009-2015\/nje-histori-mes-perdhunimit-dhe-dashurise\/\" \/>\n<meta property=\"og:locale\" content=\"sq_AL\" \/>\n<meta property=\"og:type\" content=\"article\" \/>\n<meta property=\"og:title\" content=\"Nj\u00eb histori mes p\u00ebrdhunimit dhe dashuris\u00eb - FjALA e LIR\u00cb - Arkivi\" \/>\n<meta property=\"og:description\" content=\"Alban Guri Sqarimin e m\u00ebposht\u00ebm do ta b\u00ebj p\u00ebr \u00e7do naiv, p\u00ebr \u00e7do dashakeqas, p\u00ebr \u00e7do intrigant, sikurse edhe p\u00ebr \u00e7do spektator neutral q\u00eb sodit nga af\u00ebr por edhe nga larg n\u00eb m\u00ebnyr\u00eb sportive ndodhit\u00eb e k\u00ebtij vendi. Performanc\u00ebn qesharake: Ne me turqit jemi v\u00ebllez\u00ebr\u201d. E kan\u00eb th\u00ebn\u00eb dhe do e thon\u00eb pafund\u00ebsisht t\u00eb gjith\u00eb [&hellip;]\" \/>\n<meta property=\"og:url\" content=\"https:\/\/fjala.info\/2009-2015\/nje-histori-mes-perdhunimit-dhe-dashurise\/\" \/>\n<meta property=\"og:site_name\" content=\"FjALA e LIR\u00cb - Arkivi\" \/>\n<meta property=\"article:published_time\" content=\"2012-04-11T21:33:24+00:00\" \/>\n<meta property=\"og:image\" content=\"http:\/\/www.shkoder.net\/2012\/saliu_firmos_me_turkun.jpg\" \/>\n<meta name=\"author\" content=\"admin\" \/>\n<meta name=\"twitter:card\" content=\"summary_large_image\" \/>\n<meta name=\"twitter:label1\" content=\"Written by\" \/>\n\t<meta name=\"twitter:data1\" content=\"admin\" \/>\n\t<meta name=\"twitter:label2\" content=\"Est. reading time\" \/>\n\t<meta name=\"twitter:data2\" content=\"2 minutes\" \/>\n<script type=\"application\/ld+json\" class=\"yoast-schema-graph\">{\"@context\":\"https:\\\/\\\/schema.org\",\"@graph\":[{\"@type\":\"Article\",\"@id\":\"https:\\\/\\\/fjala.info\\\/2009-2015\\\/nje-histori-mes-perdhunimit-dhe-dashurise\\\/#article\",\"isPartOf\":{\"@id\":\"https:\\\/\\\/fjala.info\\\/2009-2015\\\/nje-histori-mes-perdhunimit-dhe-dashurise\\\/\"},\"author\":{\"name\":\"admin\",\"@id\":\"https:\\\/\\\/fjala.info\\\/2009-2015\\\/#\\\/schema\\\/person\\\/3aa1163ef05469c496fc94e77611ada2\"},\"headline\":\"Nj\u00eb histori mes p\u00ebrdhunimit dhe dashuris\u00eb\",\"datePublished\":\"2012-04-11T21:33:24+00:00\",\"mainEntityOfPage\":{\"@id\":\"https:\\\/\\\/fjala.info\\\/2009-2015\\\/nje-histori-mes-perdhunimit-dhe-dashurise\\\/\"},\"wordCount\":501,\"commentCount\":0,\"publisher\":{\"@id\":\"https:\\\/\\\/fjala.info\\\/2009-2015\\\/#organization\"},\"image\":{\"@id\":\"https:\\\/\\\/fjala.info\\\/2009-2015\\\/nje-histori-mes-perdhunimit-dhe-dashurise\\\/#primaryimage\"},\"thumbnailUrl\":\"http:\\\/\\\/www.shkoder.net\\\/2012\\\/saliu_firmos_me_turkun.jpg\",\"articleSection\":[\"Artikuj\"],\"inLanguage\":\"sq-AL\",\"potentialAction\":[{\"@type\":\"CommentAction\",\"name\":\"Comment\",\"target\":[\"https:\\\/\\\/fjala.info\\\/2009-2015\\\/nje-histori-mes-perdhunimit-dhe-dashurise\\\/#respond\"]}]},{\"@type\":\"WebPage\",\"@id\":\"https:\\\/\\\/fjala.info\\\/2009-2015\\\/nje-histori-mes-perdhunimit-dhe-dashurise\\\/\",\"url\":\"https:\\\/\\\/fjala.info\\\/2009-2015\\\/nje-histori-mes-perdhunimit-dhe-dashurise\\\/\",\"name\":\"Nj\u00eb histori mes p\u00ebrdhunimit dhe dashuris\u00eb - FjALA e LIR\u00cb - Arkivi\",\"isPartOf\":{\"@id\":\"https:\\\/\\\/fjala.info\\\/2009-2015\\\/#website\"},\"primaryImageOfPage\":{\"@id\":\"https:\\\/\\\/fjala.info\\\/2009-2015\\\/nje-histori-mes-perdhunimit-dhe-dashurise\\\/#primaryimage\"},\"image\":{\"@id\":\"https:\\\/\\\/fjala.info\\\/2009-2015\\\/nje-histori-mes-perdhunimit-dhe-dashurise\\\/#primaryimage\"},\"thumbnailUrl\":\"http:\\\/\\\/www.shkoder.net\\\/2012\\\/saliu_firmos_me_turkun.jpg\",\"datePublished\":\"2012-04-11T21:33:24+00:00\",\"breadcrumb\":{\"@id\":\"https:\\\/\\\/fjala.info\\\/2009-2015\\\/nje-histori-mes-perdhunimit-dhe-dashurise\\\/#breadcrumb\"},\"inLanguage\":\"sq-AL\",\"potentialAction\":[{\"@type\":\"ReadAction\",\"target\":[\"https:\\\/\\\/fjala.info\\\/2009-2015\\\/nje-histori-mes-perdhunimit-dhe-dashurise\\\/\"]}]},{\"@type\":\"ImageObject\",\"inLanguage\":\"sq-AL\",\"@id\":\"https:\\\/\\\/fjala.info\\\/2009-2015\\\/nje-histori-mes-perdhunimit-dhe-dashurise\\\/#primaryimage\",\"url\":\"http:\\\/\\\/www.shkoder.net\\\/2012\\\/saliu_firmos_me_turkun.jpg\",\"contentUrl\":\"http:\\\/\\\/www.shkoder.net\\\/2012\\\/saliu_firmos_me_turkun.jpg\"},{\"@type\":\"BreadcrumbList\",\"@id\":\"https:\\\/\\\/fjala.info\\\/2009-2015\\\/nje-histori-mes-perdhunimit-dhe-dashurise\\\/#breadcrumb\",\"itemListElement\":[{\"@type\":\"ListItem\",\"position\":1,\"name\":\"Home\",\"item\":\"https:\\\/\\\/fjala.info\\\/2009-2015\\\/\"},{\"@type\":\"ListItem\",\"position\":2,\"name\":\"Nj\u00eb histori mes p\u00ebrdhunimit dhe dashuris\u00eb\"}]},{\"@type\":\"WebSite\",\"@id\":\"https:\\\/\\\/fjala.info\\\/2009-2015\\\/#website\",\"url\":\"https:\\\/\\\/fjala.info\\\/2009-2015\\\/\",\"name\":\"FjALA e LIR\u00cb - Arkivi\",\"description\":\"Arkivi 2009-2015\",\"publisher\":{\"@id\":\"https:\\\/\\\/fjala.info\\\/2009-2015\\\/#organization\"},\"potentialAction\":[{\"@type\":\"SearchAction\",\"target\":{\"@type\":\"EntryPoint\",\"urlTemplate\":\"https:\\\/\\\/fjala.info\\\/2009-2015\\\/?s={search_term_string}\"},\"query-input\":{\"@type\":\"PropertyValueSpecification\",\"valueRequired\":true,\"valueName\":\"search_term_string\"}}],\"inLanguage\":\"sq-AL\"},{\"@type\":\"Organization\",\"@id\":\"https:\\\/\\\/fjala.info\\\/2009-2015\\\/#organization\",\"name\":\"FjALA e LIR\u00cb - Arkivi\",\"url\":\"https:\\\/\\\/fjala.info\\\/2009-2015\\\/\",\"logo\":{\"@type\":\"ImageObject\",\"inLanguage\":\"sq-AL\",\"@id\":\"https:\\\/\\\/fjala.info\\\/2009-2015\\\/#\\\/schema\\\/logo\\\/image\\\/\",\"url\":\"\",\"contentUrl\":\"\",\"caption\":\"FjALA e LIR\u00cb - Arkivi\"},\"image\":{\"@id\":\"https:\\\/\\\/fjala.info\\\/2009-2015\\\/#\\\/schema\\\/logo\\\/image\\\/\"}},{\"@type\":\"Person\",\"@id\":\"https:\\\/\\\/fjala.info\\\/2009-2015\\\/#\\\/schema\\\/person\\\/3aa1163ef05469c496fc94e77611ada2\",\"name\":\"admin\",\"image\":{\"@type\":\"ImageObject\",\"inLanguage\":\"sq-AL\",\"@id\":\"https:\\\/\\\/fjala.info\\\/2009-2015\\\/wp-content\\\/uploads\\\/2012\\\/02\\\/arben_cokaj-120x150.jpg\",\"url\":\"https:\\\/\\\/fjala.info\\\/2009-2015\\\/wp-content\\\/uploads\\\/2012\\\/02\\\/arben_cokaj-120x150.jpg\",\"contentUrl\":\"https:\\\/\\\/fjala.info\\\/2009-2015\\\/wp-content\\\/uploads\\\/2012\\\/02\\\/arben_cokaj-120x150.jpg\",\"caption\":\"admin\"},\"description\":\"Admin, Fjala e Lir\u00eb\",\"sameAs\":[\"https:\\\/\\\/fjala.info\\\/\"],\"url\":\"https:\\\/\\\/fjala.info\\\/2009-2015\\\/author\\\/admin\\\/\"}]}<\/script>\n<!-- \/ Yoast SEO plugin. -->","yoast_head_json":{"title":"Nj\u00eb histori mes p\u00ebrdhunimit dhe dashuris\u00eb - FjALA e LIR\u00cb - Arkivi","robots":{"index":"index","follow":"follow","max-snippet":"max-snippet:-1","max-image-preview":"max-image-preview:large","max-video-preview":"max-video-preview:-1"},"canonical":"https:\/\/fjala.info\/2009-2015\/nje-histori-mes-perdhunimit-dhe-dashurise\/","og_locale":"sq_AL","og_type":"article","og_title":"Nj\u00eb histori mes p\u00ebrdhunimit dhe dashuris\u00eb - FjALA e LIR\u00cb - Arkivi","og_description":"Alban Guri Sqarimin e m\u00ebposht\u00ebm do ta b\u00ebj p\u00ebr \u00e7do naiv, p\u00ebr \u00e7do dashakeqas, p\u00ebr \u00e7do intrigant, sikurse edhe p\u00ebr \u00e7do spektator neutral q\u00eb sodit nga af\u00ebr por edhe nga larg n\u00eb m\u00ebnyr\u00eb sportive ndodhit\u00eb e k\u00ebtij vendi. Performanc\u00ebn qesharake: Ne me turqit jemi v\u00ebllez\u00ebr\u201d. E kan\u00eb th\u00ebn\u00eb dhe do e thon\u00eb pafund\u00ebsisht t\u00eb gjith\u00eb [&hellip;]","og_url":"https:\/\/fjala.info\/2009-2015\/nje-histori-mes-perdhunimit-dhe-dashurise\/","og_site_name":"FjALA e LIR\u00cb - Arkivi","article_published_time":"2012-04-11T21:33:24+00:00","og_image":[{"url":"http:\/\/www.shkoder.net\/2012\/saliu_firmos_me_turkun.jpg","type":"","width":"","height":""}],"author":"admin","twitter_card":"summary_large_image","twitter_misc":{"Written by":"admin","Est. reading time":"2 minutes"},"schema":{"@context":"https:\/\/schema.org","@graph":[{"@type":"Article","@id":"https:\/\/fjala.info\/2009-2015\/nje-histori-mes-perdhunimit-dhe-dashurise\/#article","isPartOf":{"@id":"https:\/\/fjala.info\/2009-2015\/nje-histori-mes-perdhunimit-dhe-dashurise\/"},"author":{"name":"admin","@id":"https:\/\/fjala.info\/2009-2015\/#\/schema\/person\/3aa1163ef05469c496fc94e77611ada2"},"headline":"Nj\u00eb histori mes p\u00ebrdhunimit dhe dashuris\u00eb","datePublished":"2012-04-11T21:33:24+00:00","mainEntityOfPage":{"@id":"https:\/\/fjala.info\/2009-2015\/nje-histori-mes-perdhunimit-dhe-dashurise\/"},"wordCount":501,"commentCount":0,"publisher":{"@id":"https:\/\/fjala.info\/2009-2015\/#organization"},"image":{"@id":"https:\/\/fjala.info\/2009-2015\/nje-histori-mes-perdhunimit-dhe-dashurise\/#primaryimage"},"thumbnailUrl":"http:\/\/www.shkoder.net\/2012\/saliu_firmos_me_turkun.jpg","articleSection":["Artikuj"],"inLanguage":"sq-AL","potentialAction":[{"@type":"CommentAction","name":"Comment","target":["https:\/\/fjala.info\/2009-2015\/nje-histori-mes-perdhunimit-dhe-dashurise\/#respond"]}]},{"@type":"WebPage","@id":"https:\/\/fjala.info\/2009-2015\/nje-histori-mes-perdhunimit-dhe-dashurise\/","url":"https:\/\/fjala.info\/2009-2015\/nje-histori-mes-perdhunimit-dhe-dashurise\/","name":"Nj\u00eb histori mes p\u00ebrdhunimit dhe dashuris\u00eb - FjALA e LIR\u00cb - Arkivi","isPartOf":{"@id":"https:\/\/fjala.info\/2009-2015\/#website"},"primaryImageOfPage":{"@id":"https:\/\/fjala.info\/2009-2015\/nje-histori-mes-perdhunimit-dhe-dashurise\/#primaryimage"},"image":{"@id":"https:\/\/fjala.info\/2009-2015\/nje-histori-mes-perdhunimit-dhe-dashurise\/#primaryimage"},"thumbnailUrl":"http:\/\/www.shkoder.net\/2012\/saliu_firmos_me_turkun.jpg","datePublished":"2012-04-11T21:33:24+00:00","breadcrumb":{"@id":"https:\/\/fjala.info\/2009-2015\/nje-histori-mes-perdhunimit-dhe-dashurise\/#breadcrumb"},"inLanguage":"sq-AL","potentialAction":[{"@type":"ReadAction","target":["https:\/\/fjala.info\/2009-2015\/nje-histori-mes-perdhunimit-dhe-dashurise\/"]}]},{"@type":"ImageObject","inLanguage":"sq-AL","@id":"https:\/\/fjala.info\/2009-2015\/nje-histori-mes-perdhunimit-dhe-dashurise\/#primaryimage","url":"http:\/\/www.shkoder.net\/2012\/saliu_firmos_me_turkun.jpg","contentUrl":"http:\/\/www.shkoder.net\/2012\/saliu_firmos_me_turkun.jpg"},{"@type":"BreadcrumbList","@id":"https:\/\/fjala.info\/2009-2015\/nje-histori-mes-perdhunimit-dhe-dashurise\/#breadcrumb","itemListElement":[{"@type":"ListItem","position":1,"name":"Home","item":"https:\/\/fjala.info\/2009-2015\/"},{"@type":"ListItem","position":2,"name":"Nj\u00eb histori mes p\u00ebrdhunimit dhe dashuris\u00eb"}]},{"@type":"WebSite","@id":"https:\/\/fjala.info\/2009-2015\/#website","url":"https:\/\/fjala.info\/2009-2015\/","name":"FjALA e LIR\u00cb - Arkivi","description":"Arkivi 2009-2015","publisher":{"@id":"https:\/\/fjala.info\/2009-2015\/#organization"},"potentialAction":[{"@type":"SearchAction","target":{"@type":"EntryPoint","urlTemplate":"https:\/\/fjala.info\/2009-2015\/?s={search_term_string}"},"query-input":{"@type":"PropertyValueSpecification","valueRequired":true,"valueName":"search_term_string"}}],"inLanguage":"sq-AL"},{"@type":"Organization","@id":"https:\/\/fjala.info\/2009-2015\/#organization","name":"FjALA e LIR\u00cb - Arkivi","url":"https:\/\/fjala.info\/2009-2015\/","logo":{"@type":"ImageObject","inLanguage":"sq-AL","@id":"https:\/\/fjala.info\/2009-2015\/#\/schema\/logo\/image\/","url":"","contentUrl":"","caption":"FjALA e LIR\u00cb - Arkivi"},"image":{"@id":"https:\/\/fjala.info\/2009-2015\/#\/schema\/logo\/image\/"}},{"@type":"Person","@id":"https:\/\/fjala.info\/2009-2015\/#\/schema\/person\/3aa1163ef05469c496fc94e77611ada2","name":"admin","image":{"@type":"ImageObject","inLanguage":"sq-AL","@id":"https:\/\/fjala.info\/2009-2015\/wp-content\/uploads\/2012\/02\/arben_cokaj-120x150.jpg","url":"https:\/\/fjala.info\/2009-2015\/wp-content\/uploads\/2012\/02\/arben_cokaj-120x150.jpg","contentUrl":"https:\/\/fjala.info\/2009-2015\/wp-content\/uploads\/2012\/02\/arben_cokaj-120x150.jpg","caption":"admin"},"description":"Admin, Fjala e Lir\u00eb","sameAs":["https:\/\/fjala.info\/"],"url":"https:\/\/fjala.info\/2009-2015\/author\/admin\/"}]}},"_links":{"self":[{"href":"https:\/\/fjala.info\/2009-2015\/wp-json\/wp\/v2\/posts\/11777","targetHints":{"allow":["GET"]}}],"collection":[{"href":"https:\/\/fjala.info\/2009-2015\/wp-json\/wp\/v2\/posts"}],"about":[{"href":"https:\/\/fjala.info\/2009-2015\/wp-json\/wp\/v2\/types\/post"}],"author":[{"embeddable":true,"href":"https:\/\/fjala.info\/2009-2015\/wp-json\/wp\/v2\/users\/1"}],"replies":[{"embeddable":true,"href":"https:\/\/fjala.info\/2009-2015\/wp-json\/wp\/v2\/comments?post=11777"}],"version-history":[{"count":0,"href":"https:\/\/fjala.info\/2009-2015\/wp-json\/wp\/v2\/posts\/11777\/revisions"}],"wp:attachment":[{"href":"https:\/\/fjala.info\/2009-2015\/wp-json\/wp\/v2\/media?parent=11777"}],"wp:term":[{"taxonomy":"category","embeddable":true,"href":"https:\/\/fjala.info\/2009-2015\/wp-json\/wp\/v2\/categories?post=11777"},{"taxonomy":"post_tag","embeddable":true,"href":"https:\/\/fjala.info\/2009-2015\/wp-json\/wp\/v2\/tags?post=11777"}],"curies":[{"name":"wp","href":"https:\/\/api.w.org\/{rel}","templated":true}]}}