{"id":11776,"date":"2012-04-10T23:12:26","date_gmt":"2012-04-10T22:12:26","guid":{"rendered":"http:\/\/fjala.shkoder.net\/?p=2451"},"modified":"2012-04-10T23:12:26","modified_gmt":"2012-04-10T22:12:26","slug":"intervista-moisiu-nuk-kemi-ende-shtet-qeveritaret-tane-jane-nenshtruar-ndaj-fqinjeve","status":"publish","type":"post","link":"https:\/\/fjala.info\/2009-2015\/intervista-moisiu-nuk-kemi-ende-shtet-qeveritaret-tane-jane-nenshtruar-ndaj-fqinjeve\/","title":{"rendered":"INTERVISTA\/ Moisiu: Nuk kemi ende shtet. Qeveritar\u00ebt tan\u00eb jan\u00eb n\u00ebnshtruar ndaj fqinj\u00ebve"},"content":{"rendered":"<p><img decoding=\"async\" class=\"alignright size-thumbnail wp-image-7236\" title=\"Aleksand\u00ebr Maisiu\" src=\"http:\/\/www.shkoder.net\/2012\/moisiu.jpg\" alt=\"\" width=\"200\" \/> <strong>TemA Online<\/strong>, <em>10 Prill 2012<\/em><\/p>\n<p>Koh\u00ebt e fundit, ish-presidenti i vendit ka qen\u00eb shum\u00eb aktiv. Z. Alfred Moisiu me forumin q\u00eb drejton me ish presidentin paraardh\u00ebs Rexhep Mejdani, mendojn\u00eb se presidenti duhet zgjedhur nga populli, pasi duhet t\u00eb jet\u00eb realisht mbi pal\u00ebt; \u00ebsht\u00eb \u2018i pam\u00ebshir\u00eb\u2019 me qeverin\u00eb aktuale dhe z.Berisha, por q\u00eb n\u00eb fund gjithmon\u00eb e p\u00ebrgjith\u00ebson me shum\u00ebsin:politikan\u00ebt tan\u00eb. I vetmi moment, kur shprehet fort \u00ebsht\u00eb momenti q\u00eb lidhet me em\u00ebrimin e fundit t\u00eb ministrit p\u00ebr Komandantin e Forcave Detare: Kjo \u00ebsht\u00eb nj\u00eb sjellje bajraktareske, shprehet dhe m\u00eb t\u00eb fort\u00ebn akoma: \u201cNe jemi nj\u00eb shtet trial\u201d<\/p>\n<p>Nga <strong>Ben Andoni<\/strong>, <em>JAVA<\/em><\/p>\n<p><strong>Gjendja politike-sociale dhe ekonomike e Shqip\u00ebris\u00eb n\u00eb koh\u00ebt e fundit \u00ebsht\u00eb shum\u00eb e v\u00ebshtir\u00eb. A mendoni se politika e ndjekur nga qeveria n\u00eb fuqi, nuk i ka gjetur dot mekanizmat p\u00ebr ta liruar vendin nga kriza e saj?<\/strong><\/p>\n<p>\u201cDua ta diskutoj gjer\u00eb k\u00ebt\u00eb pyetje. P\u00ebr mendimin tim dhe fatin e keq t\u00eb vendit ton\u00eb, qeverit\u00eb tona, gjat\u00eb k\u00ebtyre 22 viteve, shum\u00eb pak jan\u00eb marr\u00eb me ekonomin\u00eb. Dihet se n\u00eb ekonomin\u00eb e tregut qeveria luan rolin e rregullatorit, sepse gjith\u00e7ka \u00ebsht\u00eb pron\u00eb private. Qeverit\u00eb tona m\u00eb shum\u00eb jan\u00eb t\u00eb interesuara t\u00eb mbledhin taksat, t\u00eb ndihmojn\u00eb dhe t\u00eb favorizojn\u00eb kompanin\u00eb dhe personat, q\u00eb jan\u00eb pran\u00eb tyre, t\u2019u krijojn\u00eb atyre kushte shpesh padrejt\u00ebsisht, q\u00eb vet\u00ebm ato t\u00eb zhvillojn\u00eb biznesin.<\/p>\n<p>N\u00eb \u00e7do moment, jan\u00eb p\u00ebrpjekur t\u00eb b\u00ebjn\u00eb di\u00e7ka thjesht n\u00eb funksion t\u00eb marrjes s\u00eb vot\u00ebs, ngaq\u00eb p\u00ebr fat t\u00eb keq, q\u00ebllimi dhe objektivi kryesor m\u00eb i r\u00ebnd\u00ebsish\u00ebm i tyre mbetet marrja dhe mbajtja e pushtetit sesa realisht zhvillimi i Shqip\u00ebris\u00eb. Dihet se ekonomia \u00ebsht\u00eb baza e zhvillimit t\u00eb nj\u00eb vendi dhe vet\u00eb politika \u00ebsht\u00eb shprehje e koncentruar e ekonomis\u00eb. Pra, politika jon\u00eb e mbrapsht\u00eb ka qen\u00eb bazuar vet\u00ebm n\u00eb k\u00ebto kushte t\u00eb disfavorshme t\u00eb zhvillimit t\u00eb ekonomis\u00eb. Un\u00eb mund t\u00eb them se ve\u00e7an\u00ebrisht kjo mazhoranc\u00eb \u00ebsht\u00eb e p\u00ebrfshir\u00eb shum\u00eb nga euforia dhe \u00e7do gj\u00eb e paraqet dhe e tregon si super, me shprehje bombastike. T\u00eb tilla shprehje, q\u00eb p\u00ebrdoren sot, jan\u00eb t\u00eb njohura vet\u00ebm p\u00ebr ato personalitete q\u00eb drejtojn\u00eb vendin e tyre n\u00eb m\u00ebnyr\u00eb shum\u00eb autoritare, p\u00ebr t\u00eb mos th\u00ebn\u00eb diktatoriale, elemente aspak t\u00eb njohura p\u00ebr nj\u00eb shtet demokratik.<\/p>\n<p>Ekonomin\u00eb ton\u00eb mund ta gjykosh po t\u00eb shikosh bujq\u00ebsin\u00eb, se duhet t\u00eb pranojm\u00eb se me industrin\u00eb na duhet shum\u00eb pun\u00eb. K\u00ebt\u00eb t\u00eb fundit, e kemi shp\u00ebrdoruar padrejt\u00ebsisht dhe pa e studiuar dhe menduar m\u00eb par\u00eb se \u00e7far\u00eb mund t\u00eb p\u00ebrmir\u00ebsohej dhe \u00e7ohej m\u00eb tej. Ne e \u00e7uam thjesht n\u00eb zero. Ka qen\u00eb nj\u00eb gabim fatal, t\u00eb cilin po e paguajm\u00eb r\u00ebnd\u00eb. Ne q\u00eb kemi jetuar n\u00eb periudh\u00ebn e socializmit, kemi shum\u00eb p\u00ebr t\u00eb th\u00ebn\u00eb p\u00ebr at\u00eb lloj industrie q\u00eb ka pasur ky vend, e cila u shk\u00ebrmoq pa asnj\u00eb llogjik\u00eb dhe m\u00ebshir\u00eb, n\u00eb vend q\u00eb t\u00eb mendohej se si mund t\u00eb b\u00ebhej efi\u00e7ente n\u00eb kushtet e ekonomis\u00eb s\u00eb tregut. Nga ana tjet\u00ebr, tek qeverit\u00eb tona, nuk kam par\u00eb qoft\u00eb tani dhe m\u00eb par\u00eb se po e ndihmojn\u00eb zhvillimin bujq\u00ebsor.<\/p>\n<p>Mos harrojm\u00eb se bujq\u00ebsia mund t\u00eb ishte nj\u00eb m\u00ebnyr\u00eb e mir\u00eb dep\u00ebrtimi n\u00eb Evrop\u00ebn e Bashkuar, p\u00ebr faktin q\u00eb prodhimet tona jan\u00eb bio dhe, vet\u00ebm si t\u00eb t\u00eb tilla, ato mund t\u00eb z\u00ebn\u00eb vend n\u00eb tregun e ngopur europian. Nd\u00ebrsa ne nuk kemi siguruar as tregun, as kualifikimin, transportin dhe shum\u00eb facilitete t\u00eb tjera t\u00eb nevojshme, t\u00eb pakt\u00ebn me ato q\u00eb d\u00ebgjoj nga bujqit tan\u00eb . Ata jan\u00eb t\u00eb d\u00ebrrmuar nga sistemi i doganave dhe korrupsioni doganor, q\u00eb i b\u00ebn ata t\u00eb vuajn\u00eb dhe t\u00eb mos jen\u00eb n\u00eb gjendje t\u00eb p\u00ebrballojn\u00eb mallrat e huaja q\u00eb importohen. Pra, un\u00eb them se mekanizmat p\u00ebr rregullimin e ekonomis\u00eb p\u00ebr politikan\u00ebt e sot\u00ebm kan\u00eb qen\u00eb n\u00eb plan t\u00eb dyt\u00eb p\u00ebr t\u00eb mos th\u00ebn\u00eb t\u00eb tret\u00eb. Atyre u nevojitet vet\u00ebm ajo pjes\u00eb q\u00eb i ndihmon p\u00ebr pushtetin\u2026\u201d<\/p>\n<p><strong>Ka pasur disa angazhime publike nga presidenti Topi dhe njer\u00ebz pran\u00eb tij, p\u00ebr krijimin e nj\u00eb formacioni politik, e cila sot njihet me emrin e tij. A mendoni se n\u00eb nj\u00eb pozit\u00eb t\u00eb till\u00eb, ky projekt do kishte m\u00eb jet\u00eb\u2026 n\u00ebse ai vet\u00eb do t\u00eb jepte dor\u00ebheqje?<\/strong><\/p>\n<p>\u201cUn\u00eb nuk mund t\u00eb hyj n\u00eb mendjen apo n\u00eb politik\u00ebb\u00ebrjen e Topit dhe as nuk do d\u00ebshiroja t\u00eb hyja, sepse \u00ebsht\u00eb parimi im q\u00eb nuk dua t\u00eb gjykoj: qoft\u00eb paraardh\u00ebsin tim por qoft\u00eb edhe pasardh\u00ebsin e detyr\u00ebs s\u00eb kryetarit t\u00eb shtetit, pasi k\u00ebt\u00eb e quaj t\u00eb padrejt\u00eb ve\u00e7an\u00ebrisht, nga nj\u00eb njeri me statur\u00ebn e ish-presidentit. Por, dua t\u00eb them se dh\u00ebnia e dor\u00ebheqjes p\u00ebr Presidentin n\u00eb dit\u00ebt tona \u00ebsht\u00eb shum\u00eb e v\u00ebshtir\u00eb. N\u00eb kuptimin se krijon probleme pik\u00ebrisht p\u00ebr sa i p\u00ebrket em\u00ebrimeve t\u00eb disa pozitave ky\u00e7e t\u00eb institucioneve t\u00eb pavarura. Kjo \u00ebsht\u00eb shum\u00eb delikate dhe pik\u00ebrisht p\u00ebr k\u00ebt\u00eb nuk do t\u00eb isha dakord q\u00eb kjo t\u00eb ndodhte\u2026\u201d.<\/p>\n<p><strong>Jeni shprehur pak koh\u00eb m\u00eb par\u00eb p\u00ebr zgjedhje t\u00eb parakohshme. A mendoni se \u00ebsht\u00eb realisht koha p\u00ebr tu b\u00ebr\u00eb k\u00ebto ndryshime?<\/strong><\/p>\n<p>\u201cZgjedhjet e parakohshme n\u00eb nj\u00eb shtet demokratik jan\u00eb krejt\u00ebsisht normale, kur krijohen premisat, n\u00eb rastin e vendit ton\u00eb ato jan\u00eb thjesht tabu. K\u00ebt\u00eb e kam shprehur dhe her\u00eb tjet\u00ebr, por k\u00ebto jan\u00eb si z\u00ebra n\u00eb vesh t\u00eb shurdh\u00ebr p\u00ebr politik\u00ebn e sotme shqiptare\u201d.<\/p>\n<p><strong>A mendoni se n\u00eb k\u00ebto hap\u00ebsira q\u00eb ka kushtetuta shqiptare, mundej t\u00eb gjendeshin mund\u00ebsi q\u00eb presidenti t\u00eb kalonte ng\u00ebr\u00e7et ligjore q\u00eb krijohen?<\/strong><\/p>\n<p>\u201cUn\u00eb mendoj se kushtetuta \u00ebsht\u00eb kushtetut\u00eb. Dhe, kjo e jona, \u00ebsht\u00eb shum\u00eb e mir\u00eb, pavar\u00ebsisht d\u00ebmeve q\u00eb iu b\u00ebn\u00eb asaj m\u00eb 2008, q\u00eb p\u00ebr mua ishin mjaft serioze. Por, \u00e7\u00ebshtja e kompetencave t\u00eb presidentit \u00ebsht\u00eb nj\u00eb element shum\u00eb elastik. Presidenti, sipas kushtetut\u00ebs, \u00ebsht\u00eb i detyruar t\u00eb ruaj\u00eb unitetin e popullit dhe ta p\u00ebrfaq\u00ebsoj\u00eb k\u00ebt\u00eb unitet. \u00c7do problem ose \u00e7do zgjidhje q\u00eb e d\u00ebmton k\u00ebt\u00eb unitet, e b\u00ebn presidentin t\u00eb nd\u00ebrhyj\u00eb dhe ai duhet t\u00eb nd\u00ebrhyj\u00eb. Sigurisht, q\u00eb k\u00ebt\u00eb nd\u00ebrhyrje ai duhet ta justifikoj\u00eb me nd\u00ebrhyrjen n\u00eb momentin e duhur konkret. Un\u00eb mendoj se, qoft\u00eb edhe p\u00ebr kushtetut\u00ebn ton\u00eb, presidenti i ka t\u00eb gjitha mund\u00ebsit\u00eb, ku ai nuk mund t\u00eb rrij\u00eb pa shfaqur verdiktin e tij p\u00ebr zhvillime t\u00eb r\u00ebnd\u00ebsishme t\u00eb vendit\u201d.<\/p>\n<p><strong>\u00c7far\u00eb e pengon z. Topi, at\u00ebher\u00eb p\u00ebr t\u00eb gjith\u00eb k\u00ebt\u00eb apati?<\/strong><\/p>\n<p>\u201c\u00c7do president ka m\u00ebnyr\u00ebn e tij t\u00eb veprimit\u2026\u201d.<\/p>\n<p><strong>Ju keni b\u00ebr\u00eb disa angazhime edhe p\u00ebrmes Fondacionit tuaj p\u00ebr Kushtetut\u00ebn. A mendoni se forma e cila e paraqet tani Ligjin themeltar t\u00eb shtetit \u00ebsht\u00eb e vjetruar p\u00ebr zhvillimet politike shqiptare, edhe pse ndryshimet e fundit n\u00eb t\u00eb jan\u00eb b\u00ebr\u00eb vet\u00ebm n\u00eb vitin 2008, q\u00eb ju s\u2019i keni shum\u00eb qejf?<\/strong><\/p>\n<p>\u201cJo vet\u00ebm si kam p\u00ebr qejf, por edhe i kam kund\u00ebrshtuar q\u00eb at\u00ebher\u00eb dhe e kam mb\u00ebshtetur edhe iniciativ\u00ebn e LSI-s\u00eb, e cila, p\u00ebr mendimin tim, me t\u00eb drejt\u00eb mori flamurin p\u00ebr nj\u00eb referendum p\u00ebr anulimin e ndryshimeve kushtetuese, q\u00eb e ndryshuan dokumentin themeltar t\u00eb vendit. Nuk mund t\u00eb ndryshohet kushtetuta brenda nat\u00ebs. Ka qen\u00eb nj\u00eb gabim i r\u00ebnd\u00eb, pa\u00e7ka arsyeve pse dhe qysh. P\u00ebr t\u00eb ndryshuar kushtetut\u00ebn, duhet nj\u00eb pun\u00eb e gjat\u00eb dhe shum\u00eb serioze. Dhe po t\u00eb marrim qoft\u00eb dhe vet\u00ebm Kosov\u00ebn (vet\u00ebm tre vjet shtet), tani q\u00eb po merren me k\u00ebt\u00eb dokument themeltar, komisioni i tyre p\u00ebr ndryshimet kushtetuese ka b\u00ebr\u00eb disa konferenca, mban kontakt t\u00eb gjer\u00eb me specialist\u00eb, median, me shum\u00eb faktor\u00eb t\u00eb tjer\u00eb, p\u00ebr t\u00eb arritur n\u00eb konkluzione se \u00e7far\u00eb duhet b\u00ebr\u00eb dhe se \u00e7far\u00eb s\u2019duhet b\u00ebr\u00eb. Dhe, megjithat\u00eb, komisioni p\u00ebr ndryshimet kushtetuese ende se ka mbaruar pun\u00ebn e tij. Ajo \u00ebsht\u00eb pun\u00eb serioze dhe kur flitet p\u00ebr ne, tregon nj\u00eb far\u00eb dilentatizmi n\u00eb politik\u00ebn ton\u00eb.<\/p>\n<p>Kushtetuta s\u2019\u00ebsht\u00eb ndonj\u00eb ngrehin\u00eb mbi rrota, si\u00e7 mund ta gjykonim po t\u00eb sillnim nd\u00ebrmend nj\u00eb shprehje t\u00eb Nastardinit, i cili e vuri sht\u00ebpin\u00eb n\u00eb rrota dhe e kthente nga e donte i zoti. Un\u00eb kam qen\u00eb kund\u00ebr ndryshimeve t\u00eb menj\u00ebhershme dhe jam q\u00eb k\u00ebto gj\u00ebra duhen rishikuar. Dhe forumi yn\u00eb, si\u00e7 e dini, po punon n\u00eb iden\u00eb q\u00eb presidenti duhet t\u00eb zgjidhet nga populli. Pse? Vet\u00ebm k\u00ebshtu mund t\u00eb gjykosh p\u00ebr nj\u00eb president mbi pal\u00ebt, sepse si \u00ebsht\u00eb b\u00ebr\u00eb kushtetuta, ai na del thjesht si nj\u00eb n\u00ebpun\u00ebs i em\u00ebruar nga maxhoranca. Dhe, n\u00ebse presidentin e kthen n\u00eb nj\u00eb n\u00ebpun\u00ebs (q\u00eb p\u00ebr mua, ai \u00ebsht\u00eb i pari i konakut, sipas konsiderat\u00ebs s\u00eb popullit ton\u00eb), kjo \u00ebsht\u00eb nj\u00eb gj\u00eb shum\u00eb negative\u201d.<\/p>\n<p><strong>Nuk ju duket se formimi i klas\u00ebs politike shqiptar\u00eb \u00ebsht\u00eb parapolitik. \u00c7far\u00eb mund ta b\u00ebnte m\u00eb profesional aktivitetin e tyre? <\/strong><\/p>\n<p>\u201cUn\u00eb dua t\u2019ju them nj\u00eb gj\u00eb, pa menduar se do jem i bezdissh\u00ebm, t\u00eb p\u00ebrs\u00ebritur q\u00eb kur isha n\u00eb krye t\u00eb shtetit, se politikan\u00ebt shqiptar\u00ebt udh\u00ebhiqen vet\u00ebm nga gj\u00eb: Marrja dhe mbajtja e pushtetit me \u00e7do kusht. Un\u00eb e kuptoj q\u00eb hyhet n\u00eb politik\u00eb p\u00ebr t\u00eb marr\u00eb pushtetin, por jo me \u00e7do kusht. Ai duhet marr\u00eb sipas rregullave, ligjeve, kushtetut\u00ebs dhe gjithmon\u00eb drejt\u00ebsisht, ashtu si t\u00eb vendos\u00eb populli q\u00eb voton. Por \u00ebsht\u00eb edhe m\u00eb e trishtueshme kur shoh t\u00eb rinj q\u00eb hyjn\u00eb n\u00eb politik\u00eb, dhe k\u00ebt\u00eb e vler\u00ebsoj, por \u00ebsht\u00eb zhg\u00ebnjyese kur mendon sesa negative \u00ebsht\u00eb udha dhe q\u00ebllimi se si ata futen. Futen thjesht t\u00eb pasurohen.<\/p>\n<p>\u00cbsht\u00eb kthyer e gjitha n\u00eb biznes. Si ka mund\u00ebsi, q\u00eb nj\u00eb politikan t\u00eb ket\u00eb n\u00eb llogarin\u00eb e tij bankare qindra mij\u00ebra euro, vila, sht\u00ebpi? Si ka mund\u00ebsi t\u2019i b\u00ebj\u00eb ai ato me at\u00eb rrog\u00eb q\u00eb merr. Un\u00eb kam qen\u00eb nj\u00eb mandat president dhe kam pasur rrog\u00ebn m\u00eb t\u00eb lart\u00eb n\u00eb shtet. U ktheva n\u00eb at\u00eb sht\u00ebpi q\u00eb kisha. Po t\u00eb abuzoja mund t\u2019i kisha leht\u00ebsisht ato q\u00eb kan\u00eb arritur sot shumica e politikan\u00ebve. N\u00ebpun\u00ebsi, \u2013 pasi politikani \u00ebsht\u00eb n\u00ebpun\u00ebs, \u2013 duhet t\u00eb punoj p\u00ebr vendin, popullin dhe shtetin, ky i fundit duhet t\u00eb mendoj p\u00ebr t\u00eb. N\u00eb kuptimin e krijimit t\u00eb mund\u00ebsive q\u00eb ai mos t\u00eb abuzoj\u00eb n\u00eb detyr\u00ebn e tij. Politikan\u00ebt tan\u00eb jan\u00eb tamam parapolitik\u00eb. Ata futen me d\u00ebshir\u00ebn jo q\u00eb t\u00eb b\u00ebjn\u00eb politik\u00eb (sigurisht jo t\u00eb gjith\u00eb), por shumica thjesht p\u00ebr t\u00eb p\u00ebrfituar, \u00ebsht\u00eb p\u00ebr t\u00eb ardhur keq, por ky \u00ebsht\u00eb realiteti\u201d.<\/p>\n<p><strong>Si e vler\u00ebsoni sot pas l\u00ebnies s\u00eb presidenc\u00ebs zhvillimin politik dhe munges\u00ebn e vazhdueshme t\u00eb koherenc\u00ebs nga ana e kryeministrit Berisha?<\/strong><\/p>\n<p>\u201cKam folur q\u00eb kur isha n\u00eb krye t\u00eb shtetit p\u00ebr k\u00ebt\u00eb dhe isha i drejtp\u00ebrdrejt\u00eb. Jo p\u00ebr pak\u00ebnaq\u00ebsi personale ndaj Sali Berish\u00ebs apo Fatos Nanos, por p\u00ebr m\u00ebnyr\u00ebn sesi ata e kan\u00eb kryer detyr\u00ebn n\u00eb momente t\u00eb caktuara. Kam qen\u00eb gjithmon\u00eb kritik n\u00eb momente dhe p\u00ebr gj\u00ebra t\u00eb caktuara lidhur me metodat e pun\u00ebs s\u00eb ndjekur nga qeverit\u00eb Berisha dhe Nano. Duhet hequr dor\u00eb nga ajo q\u00eb aq shum\u00eb i mundon politikan\u00ebt tan\u00eb, nga nj\u00eb far\u00eb makiavelizmi q\u00eb \u00ebsht\u00eb i tepruar: I r\u00ebnd\u00ebsish\u00ebm q\u00ebllimi, pa\u00e7ka mjeteve. P\u00ebr fat t\u00eb keq, Berisha e ka n\u00eb plan t\u00eb par\u00eb k\u00ebt\u00eb postulat\u201d.<\/p>\n<p><strong>A mendoni se kreu i opozit\u00ebs, Rama, e ka statur\u00ebn e nevojshme p\u00ebr t\u00eb qen\u00eb kryeminist\u00ebr i ardhsh\u00ebm i vendit?<\/strong><\/p>\n<p>\u201cUn\u00eb nuk di t\u00eb ket\u00eb ndonj\u00eb shkoll\u00eb p\u00ebr t\u2019u b\u00ebr\u00eb minist\u00ebr, kryeminist\u00ebr apo president. Nisur nga p\u00ebrvoja e drejtimit t\u00eb bashkis\u00eb, q\u00eb e kishte t\u00eb suksesshme, gjykoj se mund ta b\u00ebj\u00eb k\u00ebt\u00eb pun\u00eb. Edhe pse n\u00eb Shqip\u00ebri po dole p\u00ebr nj\u00eb vox pop dhe pyet njer\u00ebzit e thjesht\u00eb, mund t\u00eb dalin t\u00eb gatsh\u00ebm 10.000 kryeministra dhe po aq president\u00eb. Ne i dalim p\u00ebr Zot gjith\u00e7kaje. Megjithat\u00eb, Rama ka pasur defekte n\u00eb politik\u00eb, q\u00eb m\u00eb duket se po i riparon. Duhet t\u00eb kujtojm\u00eb se nj\u00eb kryeminist\u00ebr duhet t\u00eb jet\u00eb drejtues, organizator dhe nj\u00eb politikan i mir\u00eb. Dhe, ai, k\u00ebto aft\u00ebsi po i fiton. Megjithat\u00eb, \u00ebsht\u00eb e v\u00ebshtir\u00eb t\u00eb parashikosh\u201d.<\/p>\n<p><strong>\u00c7far\u00eb shikoni t\u00eb p\u00ebrbashk\u00ebt n\u00eb artikulimin politik t\u00eb dy forcave kryesore n\u00eb vend? <\/strong><\/p>\n<p>\u201cUn\u00eb shoh nj\u00eb konsum t\u00eb madh premtimesh, n\u00eb t\u00ebr\u00ebsi n\u00eb politik\u00ebn shqiptare. Nd\u00ebrsa, as politikan\u00ebt, as forcat politike, as analist\u00ebt, por edhe populli kur voton, asnj\u00ebher\u00eb s\u2019b\u00ebn rezyme se \u00e7far\u00eb kan\u00eb b\u00ebr\u00eb deri m\u00eb tani. Dhe ky \u00ebsht\u00eb nj\u00eb defekt i madh, si p\u00ebr politikan\u00ebt, dhe p\u00ebr forcat politike, por qoft\u00eb p\u00ebr mediat dhe ne si popull\u201d.<\/p>\n<p><strong>A mendoni se do t\u00eb jet\u00eb nj\u00eb faktor n\u00eb zgjedhjet e ardhshme Aleanca Kuq-e-zi?<\/strong><\/p>\n<p>\u201cAleanca Kuq e zi kapi disa element\u00eb interesant\u00eb n\u00eb fillim, dhe un\u00eb personalisht, n\u00eb p\u00ebrgjith\u00ebsi, e shikoj si l\u00ebvizje interesante, por e kam t\u00eb v\u00ebshtir\u00eb tani t\u00eb mendoj se \u00e7far\u00eb do arrij\u00eb dhe se kur do e arrij\u00eb. Ka nj\u00eb gj\u00eb pozitive, sepse tenton t\u00eb ndryshoj\u00eb er\u00ebn e politik\u00ebs shqiptare, q\u00eb do t\u00eb thot\u00eb se do shtohen faktor\u00ebt e politik\u00ebs shqiptare, ndryshe nga ato tradicionalet, \u00e7ka na b\u00ebn m\u00eb optimist\u00eb p\u00ebr ndryshime m\u00eb t\u00eb shpejta\u201d.<\/p>\n<p><strong>\u00cbsht\u00eb m\u00eb mir\u00eb q\u00eb zgjedhja e presidentit t\u00eb b\u00ebhet nga populli, apo n\u00eb form\u00ebn q\u00eb zgjidhet tani? Si i keni par\u00eb anatemat e d\u00ebrguara ndaj presidentit prej an\u00ebtar\u00ebve t\u00eb qeveris\u00eb dhe kreut t\u00eb Kuvendit Popullor?<\/strong><\/p>\n<p>\u201cP\u00ebr mendimin tim, k\u00ebshtu si shkojn\u00eb gj\u00ebrat tek ne, \u00ebsht\u00eb m\u00eb e arsyeshme q\u00eb ai t\u00eb zgjidhet nga populli. Po t\u00eb shikosh, e gjith\u00eb ish-Lindja, me p\u00ebrjashtim t\u00eb \u00c7ekis\u00eb dhe Hungaris\u00eb, e zgjedh presidentin nga populli. \u00cbsht\u00eb tamam p\u00ebr k\u00ebto arsye q\u00eb p\u00ebrparimi yn\u00eb i demokracis\u00eb nuk t\u00eb siguron v\u00ebrtet q\u00eb n\u00eb krye t\u00eb shtetit t\u00eb jet\u00eb nj\u00eb personazh q\u00eb e meriton dhe q\u00eb i duhet vendit, ngaq\u00eb shpesh d\u00ebgjon analist\u00eb dhe politikan\u00eb q\u00eb thon\u00eb k\u00ebshtu e ka Italia dhe Greqia. N\u00eb ato vende v\u00ebrtet ashtu \u00ebsht\u00eb, por nuk duhet harruar se ata e kan\u00eb demokracin\u00eb me tradita dhe, si t\u00eb thuash, q\u00eb e ka treguar veten. Po t\u00eb shikosh thjesht rastin n\u00eb Greqi: Papuliasin e propozoi Karemanlis, gj\u00eb e cila as nuk mund t\u00eb mendohet n\u00eb Shqip\u00ebri. K\u00ebtu thuhet gati hapur q\u00eb duhet ta kem un\u00eb presidentin. Q\u00eb do t\u00eb thot\u00eb: Ta kem n\u00ebn komand\u00eb. Pik\u00ebrisht k\u00ebtu humbet ndarja e pushteteve, humbet demokracia dhe dalim n\u00eb momentet e remineshenc\u00ebs s\u00eb t\u00eb shkuar\u00ebs, te Nj\u00ebshi\u201d.<\/p>\n<p><strong>Si gjeneral, si ju \u00ebsht\u00eb dukur largimi i disa emrave t\u00eb njohur dhe konfrontimi i Ministrit t\u00eb Mbrojtjes me Presidentin, pas p\u00ebrplasjes s\u00eb kompetencave\u2026?<\/strong><\/p>\n<p>\u201cPyetjen mund t\u00eb ma b\u00ebni edhe si gjeneral dhe si president. Kjo \u00ebsht\u00eb nd\u00ebrhyrje flagrante ndaj detyrave t\u00eb kompetencave t\u00eb presidentit, si ndodhi dhe me em\u00ebrimin e fundit n\u00eb Forcat Detare. Personalisht, un\u00eb, t\u00eb tilla gj\u00ebra, as nuk mund t\u2019i mendoj. Nuk e imagjinoj dot, e jo vet\u00ebm un\u00eb po gjith\u00eb ata q\u00eb e duan shtetin dhe kushtetut\u00ebn. Kjo \u00ebsht\u00eb nj\u00eb sjellje bajraktareske. Kjo tregon qart\u00eb se ne kemi nj\u00eb shtet tribal dhe jo ligjor. T\u00eb marr\u00ebsh grad\u00ebn e gjeneralit s\u2019\u00ebsht\u00eb e leht\u00eb. Kuptohet se k\u00ebtu nuk zbatohet shum\u00eb me rigorozitet, por titullin gjeneral s\u2019e merr dot kushdo, pasi nga niveli i tij, p\u00ebrvoja, pjekuria, do t\u00eb thot\u00eb q\u00eb \u00ebsht\u00eb nj\u00eb personalitet q\u00eb ka nj\u00eb p\u00ebrgatitje t\u00eb gjithanshme, jo thjesht ushtarake. Pra, me gjeneral\u00ebt duhet t\u00eb sillesh me kujdes.<\/p>\n<p>Por politikan\u00ebt tan\u00eb vazhdojn\u00eb me iden\u00eb e Partis\u00eb s\u00eb Pun\u00ebs, q\u00eb i b\u00ebnte gjeneral\u00eb dhe pastaj i shnd\u00ebrronte n\u00eb kapter\u00eb, ose i fuste n\u00eb burg apo i internonte. K\u00ebto nuk ndodhin n\u00eb vende normale. Ne, v\u00ebrtet\u00eb, e kritikojm\u00eb Enver Hoxh\u00ebn, por vazhdojm\u00eb me metodat e tij. Ushtria, n\u00eb kushtet tona dhe ato t\u00eb NATO-s, si pjes\u00eb e saj p\u00ebrb\u00ebr\u00ebse, ka ndryshuar strategjin\u00eb dhe p\u00ebrgatitjen, sepse \u00ebsht\u00eb n\u00eb kushte t\u00eb tjera. E megjithat\u00eb, p\u00ebr ushtrin\u00eb, politikan\u00ebt tan\u00eb kujtohen kur ka fatkeq\u00ebsi natyrore: p\u00ebrmbytje apo t\u00ebrmete, apo kur duhen d\u00ebrguar ushtar\u00eb n\u00eb Afganistan dhe n\u00eb Irak\u2026 T\u00eb sillesh n\u00eb k\u00ebt\u00eb m\u00ebnyr\u00eb, shkat\u00ebrron tradit\u00ebn dhe e kthen at\u00eb nga ushtri, q\u00eb nderon tradit\u00ebn e saj, n\u00eb ushtri mercenare, q\u00eb \u00ebsht\u00eb n\u00eb funksion t\u00eb politik\u00ebs\u201d.<\/p>\n<p><strong>\u00c7far\u00eb do t\u00eb ve\u00e7onit n\u00eb k\u00ebto 100 vite t\u00eb shtetit shqiptar?<\/strong><\/p>\n<p>\u201cNe v\u00ebrtet\u00eb kemi 100 vjet shtet, por, p\u00ebr fat t\u00eb keq, ende s\u2019kemi shtet si duhet. Ky \u00ebsht\u00eb nj\u00eb defekt shum\u00eb serioz dhe k\u00ebt\u00eb e tregon m\u00eb s\u00eb miri m\u00ebnyra se si sillen fqinj\u00ebt me ne. Ata na e njohin k\u00ebt\u00eb ve\u00e7ori dhe k\u00ebt\u00eb mosarritje. Nd\u00ebrsa politika jon\u00eb as q\u00eb shqet\u00ebsohet fare p\u00ebr t\u00eb. Arrestohen si pa gj\u00eb t\u00eb keq polic\u00ebt kosovar\u00eb, peshkatar\u00ebt nuk lejohen dhe arrestohen n\u00eb uj\u00ebrat tona, pa\u00e7ka se Gjykata e Lart\u00eb e vendit ton\u00eb s\u2019e ka njohur marr\u00ebveshjen detare. Nd\u00ebrkoh\u00eb shteti grek ende mban n\u00eb fuqi Ligjin e Luft\u00ebs, pasi nuk bie dakord parlamenti tyre, nd\u00ebrsa vendimet e gjykat\u00ebs ton\u00eb mund t\u00eb konsiderohen jo me shum\u00eb vler\u00eb. Me pak fjal\u00eb, reciprociteti me t\u00eb tjer\u00ebt n\u00eb politik\u00ebn ton\u00eb nuk funksionon, pasi politikan\u00ebt jan\u00eb t\u00eb gatsh\u00ebm t\u00eb sakrifikojn\u00eb p\u00ebr \u00e7do gj\u00eb, ngaq\u00eb duan nj\u00eb mb\u00ebshtetje nga X apo Y, thjesht p\u00ebr t\u00eb mbajtur pushtetin. Por, po nuk u zhvesh\u00ebm nga ky mentalitet do vuajm\u00eb. Ishim t\u00eb par\u00ebt n\u00eb list\u00ebn p\u00ebr Integrimin Evropian dhe dol\u00ebm dhe pas Serbis\u00eb, q\u00eb p\u00ebr 10 vjet e dogji dhe e vrau Ballkanin. Kjo \u00ebsht\u00eb e turpshme dhe na ngarkon shum\u00eb\u2026\u201d.<\/p>\n<p><strong>\u00c7far\u00eb angazhimesh keni momentalisht?<\/strong><\/p>\n<p>\u201cJam nj\u00eb qytetar i lir\u00eb si gjith\u00eb t\u00eb tjer\u00ebt. Kam mbi shpatulla t\u00eb kaluar\u00ebn time, n\u00eb funksionet shtet\u00ebrore dhe ato politike. Vazhdoj t\u00eb punoj, sepse jam m\u00ebsuar t\u00eb rri gjithnj\u00eb n\u00eb pun\u00eb dhe dua t\u2019i sh\u00ebrbej vendit tim derisa t\u00eb kem frym\u00eb. Kam krijuar dhe nj\u00eb fondacion q\u00eb quhet \u2018Moisiu\u2019. Dhe po p\u00ebrpiqem q\u00eb t\u00eb nd\u00ebrtoj nj\u00eb muze n\u00eb nderimin e artistit t\u00eb madh Aleksand\u00ebr Moisiu n\u00eb Kavaj\u00eb, sepse \u00ebsht\u00eb nj\u00eb mang\u00ebsi p\u00ebr nj\u00eb figur\u00eb t\u00eb madhe q\u00eb e respekton e gjith\u00eb Evropa e Kulturuar. T\u00eb mendosh se kur isha n\u00eb detyr\u00eb t\u00eb huajt m\u00eb pyesnin se ku ishte muzeu n\u00eb nderim t\u00eb tij dhe nuk kisha p\u00ebrgjigje. E fillova pun\u00ebn por, p\u00ebr fatin e keq, Aleksandri e ka mbiemrin Moisiu dhe politikan\u00ebt e penguan vazhdimisht b\u00ebrjen e tij\u2026\u201d.<\/p>\n","protected":false},"excerpt":{"rendered":"<p>TemA Online, 10 Prill 2012 Koh\u00ebt e fundit, ish-presidenti i vendit ka qen\u00eb shum\u00eb aktiv. Z. Alfred Moisiu me forumin q\u00eb drejton me ish presidentin paraardh\u00ebs Rexhep Mejdani, mendojn\u00eb se presidenti duhet zgjedhur nga populli, pasi duhet t\u00eb jet\u00eb realisht mbi pal\u00ebt; \u00ebsht\u00eb \u2018i pam\u00ebshir\u00eb\u2019 me qeverin\u00eb aktuale dhe z.Berisha, por q\u00eb n\u00eb fund gjithmon\u00eb [&hellip;]<\/p>\n","protected":false},"author":1,"featured_media":0,"comment_status":"open","ping_status":"closed","sticky":false,"template":"","format":"standard","meta":{"footnotes":""},"categories":[2],"tags":[],"class_list":{"0":"post-11776","1":"post","2":"type-post","3":"status-publish","4":"format-standard","6":"category-artikuj"},"yoast_head":"<!-- This site is optimized with the Yoast SEO plugin v27.4 - https:\/\/yoast.com\/product\/yoast-seo-wordpress\/ -->\n<title>INTERVISTA\/ Moisiu: Nuk kemi ende shtet. Qeveritar\u00ebt tan\u00eb jan\u00eb n\u00ebnshtruar ndaj fqinj\u00ebve - FjALA e LIR\u00cb - Arkivi<\/title>\n<meta name=\"robots\" content=\"index, follow, max-snippet:-1, max-image-preview:large, max-video-preview:-1\" \/>\n<link rel=\"canonical\" href=\"https:\/\/fjala.info\/2009-2015\/intervista-moisiu-nuk-kemi-ende-shtet-qeveritaret-tane-jane-nenshtruar-ndaj-fqinjeve\/\" \/>\n<meta property=\"og:locale\" content=\"sq_AL\" \/>\n<meta property=\"og:type\" content=\"article\" \/>\n<meta property=\"og:title\" content=\"INTERVISTA\/ Moisiu: Nuk kemi ende shtet. Qeveritar\u00ebt tan\u00eb jan\u00eb n\u00ebnshtruar ndaj fqinj\u00ebve - FjALA e LIR\u00cb - Arkivi\" \/>\n<meta property=\"og:description\" content=\"TemA Online, 10 Prill 2012 Koh\u00ebt e fundit, ish-presidenti i vendit ka qen\u00eb shum\u00eb aktiv. Z. Alfred Moisiu me forumin q\u00eb drejton me ish presidentin paraardh\u00ebs Rexhep Mejdani, mendojn\u00eb se presidenti duhet zgjedhur nga populli, pasi duhet t\u00eb jet\u00eb realisht mbi pal\u00ebt; \u00ebsht\u00eb \u2018i pam\u00ebshir\u00eb\u2019 me qeverin\u00eb aktuale dhe z.Berisha, por q\u00eb n\u00eb fund gjithmon\u00eb [&hellip;]\" \/>\n<meta property=\"og:url\" content=\"https:\/\/fjala.info\/2009-2015\/intervista-moisiu-nuk-kemi-ende-shtet-qeveritaret-tane-jane-nenshtruar-ndaj-fqinjeve\/\" \/>\n<meta property=\"og:site_name\" content=\"FjALA e LIR\u00cb - Arkivi\" \/>\n<meta property=\"article:published_time\" content=\"2012-04-10T22:12:26+00:00\" \/>\n<meta property=\"og:image\" content=\"http:\/\/www.shkoder.net\/2012\/moisiu.jpg\" \/>\n<meta name=\"author\" content=\"admin\" \/>\n<meta name=\"twitter:card\" content=\"summary_large_image\" \/>\n<meta name=\"twitter:label1\" content=\"Written by\" \/>\n\t<meta name=\"twitter:data1\" content=\"admin\" \/>\n\t<meta name=\"twitter:label2\" content=\"Est. reading time\" \/>\n\t<meta name=\"twitter:data2\" content=\"16 minutes\" \/>\n<script type=\"application\/ld+json\" class=\"yoast-schema-graph\">{\"@context\":\"https:\\\/\\\/schema.org\",\"@graph\":[{\"@type\":\"Article\",\"@id\":\"https:\\\/\\\/fjala.info\\\/2009-2015\\\/intervista-moisiu-nuk-kemi-ende-shtet-qeveritaret-tane-jane-nenshtruar-ndaj-fqinjeve\\\/#article\",\"isPartOf\":{\"@id\":\"https:\\\/\\\/fjala.info\\\/2009-2015\\\/intervista-moisiu-nuk-kemi-ende-shtet-qeveritaret-tane-jane-nenshtruar-ndaj-fqinjeve\\\/\"},\"author\":{\"name\":\"admin\",\"@id\":\"https:\\\/\\\/fjala.info\\\/2009-2015\\\/#\\\/schema\\\/person\\\/3aa1163ef05469c496fc94e77611ada2\"},\"headline\":\"INTERVISTA\\\/ Moisiu: Nuk kemi ende shtet. Qeveritar\u00ebt tan\u00eb jan\u00eb n\u00ebnshtruar ndaj fqinj\u00ebve\",\"datePublished\":\"2012-04-10T22:12:26+00:00\",\"mainEntityOfPage\":{\"@id\":\"https:\\\/\\\/fjala.info\\\/2009-2015\\\/intervista-moisiu-nuk-kemi-ende-shtet-qeveritaret-tane-jane-nenshtruar-ndaj-fqinjeve\\\/\"},\"wordCount\":3260,\"commentCount\":0,\"publisher\":{\"@id\":\"https:\\\/\\\/fjala.info\\\/2009-2015\\\/#organization\"},\"image\":{\"@id\":\"https:\\\/\\\/fjala.info\\\/2009-2015\\\/intervista-moisiu-nuk-kemi-ende-shtet-qeveritaret-tane-jane-nenshtruar-ndaj-fqinjeve\\\/#primaryimage\"},\"thumbnailUrl\":\"http:\\\/\\\/www.shkoder.net\\\/2012\\\/moisiu.jpg\",\"articleSection\":[\"Artikuj\"],\"inLanguage\":\"sq-AL\",\"potentialAction\":[{\"@type\":\"CommentAction\",\"name\":\"Comment\",\"target\":[\"https:\\\/\\\/fjala.info\\\/2009-2015\\\/intervista-moisiu-nuk-kemi-ende-shtet-qeveritaret-tane-jane-nenshtruar-ndaj-fqinjeve\\\/#respond\"]}]},{\"@type\":\"WebPage\",\"@id\":\"https:\\\/\\\/fjala.info\\\/2009-2015\\\/intervista-moisiu-nuk-kemi-ende-shtet-qeveritaret-tane-jane-nenshtruar-ndaj-fqinjeve\\\/\",\"url\":\"https:\\\/\\\/fjala.info\\\/2009-2015\\\/intervista-moisiu-nuk-kemi-ende-shtet-qeveritaret-tane-jane-nenshtruar-ndaj-fqinjeve\\\/\",\"name\":\"INTERVISTA\\\/ Moisiu: Nuk kemi ende shtet. Qeveritar\u00ebt tan\u00eb jan\u00eb n\u00ebnshtruar ndaj fqinj\u00ebve - FjALA e LIR\u00cb - Arkivi\",\"isPartOf\":{\"@id\":\"https:\\\/\\\/fjala.info\\\/2009-2015\\\/#website\"},\"primaryImageOfPage\":{\"@id\":\"https:\\\/\\\/fjala.info\\\/2009-2015\\\/intervista-moisiu-nuk-kemi-ende-shtet-qeveritaret-tane-jane-nenshtruar-ndaj-fqinjeve\\\/#primaryimage\"},\"image\":{\"@id\":\"https:\\\/\\\/fjala.info\\\/2009-2015\\\/intervista-moisiu-nuk-kemi-ende-shtet-qeveritaret-tane-jane-nenshtruar-ndaj-fqinjeve\\\/#primaryimage\"},\"thumbnailUrl\":\"http:\\\/\\\/www.shkoder.net\\\/2012\\\/moisiu.jpg\",\"datePublished\":\"2012-04-10T22:12:26+00:00\",\"breadcrumb\":{\"@id\":\"https:\\\/\\\/fjala.info\\\/2009-2015\\\/intervista-moisiu-nuk-kemi-ende-shtet-qeveritaret-tane-jane-nenshtruar-ndaj-fqinjeve\\\/#breadcrumb\"},\"inLanguage\":\"sq-AL\",\"potentialAction\":[{\"@type\":\"ReadAction\",\"target\":[\"https:\\\/\\\/fjala.info\\\/2009-2015\\\/intervista-moisiu-nuk-kemi-ende-shtet-qeveritaret-tane-jane-nenshtruar-ndaj-fqinjeve\\\/\"]}]},{\"@type\":\"ImageObject\",\"inLanguage\":\"sq-AL\",\"@id\":\"https:\\\/\\\/fjala.info\\\/2009-2015\\\/intervista-moisiu-nuk-kemi-ende-shtet-qeveritaret-tane-jane-nenshtruar-ndaj-fqinjeve\\\/#primaryimage\",\"url\":\"http:\\\/\\\/www.shkoder.net\\\/2012\\\/moisiu.jpg\",\"contentUrl\":\"http:\\\/\\\/www.shkoder.net\\\/2012\\\/moisiu.jpg\"},{\"@type\":\"BreadcrumbList\",\"@id\":\"https:\\\/\\\/fjala.info\\\/2009-2015\\\/intervista-moisiu-nuk-kemi-ende-shtet-qeveritaret-tane-jane-nenshtruar-ndaj-fqinjeve\\\/#breadcrumb\",\"itemListElement\":[{\"@type\":\"ListItem\",\"position\":1,\"name\":\"Home\",\"item\":\"https:\\\/\\\/fjala.info\\\/2009-2015\\\/\"},{\"@type\":\"ListItem\",\"position\":2,\"name\":\"INTERVISTA\\\/ Moisiu: Nuk kemi ende shtet. Qeveritar\u00ebt tan\u00eb jan\u00eb n\u00ebnshtruar ndaj fqinj\u00ebve\"}]},{\"@type\":\"WebSite\",\"@id\":\"https:\\\/\\\/fjala.info\\\/2009-2015\\\/#website\",\"url\":\"https:\\\/\\\/fjala.info\\\/2009-2015\\\/\",\"name\":\"FjALA e LIR\u00cb - Arkivi\",\"description\":\"Arkivi 2009-2015\",\"publisher\":{\"@id\":\"https:\\\/\\\/fjala.info\\\/2009-2015\\\/#organization\"},\"potentialAction\":[{\"@type\":\"SearchAction\",\"target\":{\"@type\":\"EntryPoint\",\"urlTemplate\":\"https:\\\/\\\/fjala.info\\\/2009-2015\\\/?s={search_term_string}\"},\"query-input\":{\"@type\":\"PropertyValueSpecification\",\"valueRequired\":true,\"valueName\":\"search_term_string\"}}],\"inLanguage\":\"sq-AL\"},{\"@type\":\"Organization\",\"@id\":\"https:\\\/\\\/fjala.info\\\/2009-2015\\\/#organization\",\"name\":\"FjALA e LIR\u00cb - Arkivi\",\"url\":\"https:\\\/\\\/fjala.info\\\/2009-2015\\\/\",\"logo\":{\"@type\":\"ImageObject\",\"inLanguage\":\"sq-AL\",\"@id\":\"https:\\\/\\\/fjala.info\\\/2009-2015\\\/#\\\/schema\\\/logo\\\/image\\\/\",\"url\":\"\",\"contentUrl\":\"\",\"caption\":\"FjALA e LIR\u00cb - Arkivi\"},\"image\":{\"@id\":\"https:\\\/\\\/fjala.info\\\/2009-2015\\\/#\\\/schema\\\/logo\\\/image\\\/\"}},{\"@type\":\"Person\",\"@id\":\"https:\\\/\\\/fjala.info\\\/2009-2015\\\/#\\\/schema\\\/person\\\/3aa1163ef05469c496fc94e77611ada2\",\"name\":\"admin\",\"image\":{\"@type\":\"ImageObject\",\"inLanguage\":\"sq-AL\",\"@id\":\"https:\\\/\\\/fjala.info\\\/2009-2015\\\/wp-content\\\/uploads\\\/2012\\\/02\\\/arben_cokaj-120x150.jpg\",\"url\":\"https:\\\/\\\/fjala.info\\\/2009-2015\\\/wp-content\\\/uploads\\\/2012\\\/02\\\/arben_cokaj-120x150.jpg\",\"contentUrl\":\"https:\\\/\\\/fjala.info\\\/2009-2015\\\/wp-content\\\/uploads\\\/2012\\\/02\\\/arben_cokaj-120x150.jpg\",\"caption\":\"admin\"},\"description\":\"Admin, Fjala e Lir\u00eb\",\"sameAs\":[\"https:\\\/\\\/fjala.info\\\/\"],\"url\":\"https:\\\/\\\/fjala.info\\\/2009-2015\\\/author\\\/admin\\\/\"}]}<\/script>\n<!-- \/ Yoast SEO plugin. -->","yoast_head_json":{"title":"INTERVISTA\/ Moisiu: Nuk kemi ende shtet. Qeveritar\u00ebt tan\u00eb jan\u00eb n\u00ebnshtruar ndaj fqinj\u00ebve - FjALA e LIR\u00cb - Arkivi","robots":{"index":"index","follow":"follow","max-snippet":"max-snippet:-1","max-image-preview":"max-image-preview:large","max-video-preview":"max-video-preview:-1"},"canonical":"https:\/\/fjala.info\/2009-2015\/intervista-moisiu-nuk-kemi-ende-shtet-qeveritaret-tane-jane-nenshtruar-ndaj-fqinjeve\/","og_locale":"sq_AL","og_type":"article","og_title":"INTERVISTA\/ Moisiu: Nuk kemi ende shtet. Qeveritar\u00ebt tan\u00eb jan\u00eb n\u00ebnshtruar ndaj fqinj\u00ebve - FjALA e LIR\u00cb - Arkivi","og_description":"TemA Online, 10 Prill 2012 Koh\u00ebt e fundit, ish-presidenti i vendit ka qen\u00eb shum\u00eb aktiv. Z. Alfred Moisiu me forumin q\u00eb drejton me ish presidentin paraardh\u00ebs Rexhep Mejdani, mendojn\u00eb se presidenti duhet zgjedhur nga populli, pasi duhet t\u00eb jet\u00eb realisht mbi pal\u00ebt; \u00ebsht\u00eb \u2018i pam\u00ebshir\u00eb\u2019 me qeverin\u00eb aktuale dhe z.Berisha, por q\u00eb n\u00eb fund gjithmon\u00eb [&hellip;]","og_url":"https:\/\/fjala.info\/2009-2015\/intervista-moisiu-nuk-kemi-ende-shtet-qeveritaret-tane-jane-nenshtruar-ndaj-fqinjeve\/","og_site_name":"FjALA e LIR\u00cb - Arkivi","article_published_time":"2012-04-10T22:12:26+00:00","og_image":[{"url":"http:\/\/www.shkoder.net\/2012\/moisiu.jpg","type":"","width":"","height":""}],"author":"admin","twitter_card":"summary_large_image","twitter_misc":{"Written by":"admin","Est. reading time":"16 minutes"},"schema":{"@context":"https:\/\/schema.org","@graph":[{"@type":"Article","@id":"https:\/\/fjala.info\/2009-2015\/intervista-moisiu-nuk-kemi-ende-shtet-qeveritaret-tane-jane-nenshtruar-ndaj-fqinjeve\/#article","isPartOf":{"@id":"https:\/\/fjala.info\/2009-2015\/intervista-moisiu-nuk-kemi-ende-shtet-qeveritaret-tane-jane-nenshtruar-ndaj-fqinjeve\/"},"author":{"name":"admin","@id":"https:\/\/fjala.info\/2009-2015\/#\/schema\/person\/3aa1163ef05469c496fc94e77611ada2"},"headline":"INTERVISTA\/ Moisiu: Nuk kemi ende shtet. Qeveritar\u00ebt tan\u00eb jan\u00eb n\u00ebnshtruar ndaj fqinj\u00ebve","datePublished":"2012-04-10T22:12:26+00:00","mainEntityOfPage":{"@id":"https:\/\/fjala.info\/2009-2015\/intervista-moisiu-nuk-kemi-ende-shtet-qeveritaret-tane-jane-nenshtruar-ndaj-fqinjeve\/"},"wordCount":3260,"commentCount":0,"publisher":{"@id":"https:\/\/fjala.info\/2009-2015\/#organization"},"image":{"@id":"https:\/\/fjala.info\/2009-2015\/intervista-moisiu-nuk-kemi-ende-shtet-qeveritaret-tane-jane-nenshtruar-ndaj-fqinjeve\/#primaryimage"},"thumbnailUrl":"http:\/\/www.shkoder.net\/2012\/moisiu.jpg","articleSection":["Artikuj"],"inLanguage":"sq-AL","potentialAction":[{"@type":"CommentAction","name":"Comment","target":["https:\/\/fjala.info\/2009-2015\/intervista-moisiu-nuk-kemi-ende-shtet-qeveritaret-tane-jane-nenshtruar-ndaj-fqinjeve\/#respond"]}]},{"@type":"WebPage","@id":"https:\/\/fjala.info\/2009-2015\/intervista-moisiu-nuk-kemi-ende-shtet-qeveritaret-tane-jane-nenshtruar-ndaj-fqinjeve\/","url":"https:\/\/fjala.info\/2009-2015\/intervista-moisiu-nuk-kemi-ende-shtet-qeveritaret-tane-jane-nenshtruar-ndaj-fqinjeve\/","name":"INTERVISTA\/ Moisiu: Nuk kemi ende shtet. Qeveritar\u00ebt tan\u00eb jan\u00eb n\u00ebnshtruar ndaj fqinj\u00ebve - FjALA e LIR\u00cb - Arkivi","isPartOf":{"@id":"https:\/\/fjala.info\/2009-2015\/#website"},"primaryImageOfPage":{"@id":"https:\/\/fjala.info\/2009-2015\/intervista-moisiu-nuk-kemi-ende-shtet-qeveritaret-tane-jane-nenshtruar-ndaj-fqinjeve\/#primaryimage"},"image":{"@id":"https:\/\/fjala.info\/2009-2015\/intervista-moisiu-nuk-kemi-ende-shtet-qeveritaret-tane-jane-nenshtruar-ndaj-fqinjeve\/#primaryimage"},"thumbnailUrl":"http:\/\/www.shkoder.net\/2012\/moisiu.jpg","datePublished":"2012-04-10T22:12:26+00:00","breadcrumb":{"@id":"https:\/\/fjala.info\/2009-2015\/intervista-moisiu-nuk-kemi-ende-shtet-qeveritaret-tane-jane-nenshtruar-ndaj-fqinjeve\/#breadcrumb"},"inLanguage":"sq-AL","potentialAction":[{"@type":"ReadAction","target":["https:\/\/fjala.info\/2009-2015\/intervista-moisiu-nuk-kemi-ende-shtet-qeveritaret-tane-jane-nenshtruar-ndaj-fqinjeve\/"]}]},{"@type":"ImageObject","inLanguage":"sq-AL","@id":"https:\/\/fjala.info\/2009-2015\/intervista-moisiu-nuk-kemi-ende-shtet-qeveritaret-tane-jane-nenshtruar-ndaj-fqinjeve\/#primaryimage","url":"http:\/\/www.shkoder.net\/2012\/moisiu.jpg","contentUrl":"http:\/\/www.shkoder.net\/2012\/moisiu.jpg"},{"@type":"BreadcrumbList","@id":"https:\/\/fjala.info\/2009-2015\/intervista-moisiu-nuk-kemi-ende-shtet-qeveritaret-tane-jane-nenshtruar-ndaj-fqinjeve\/#breadcrumb","itemListElement":[{"@type":"ListItem","position":1,"name":"Home","item":"https:\/\/fjala.info\/2009-2015\/"},{"@type":"ListItem","position":2,"name":"INTERVISTA\/ Moisiu: Nuk kemi ende shtet. Qeveritar\u00ebt tan\u00eb jan\u00eb n\u00ebnshtruar ndaj fqinj\u00ebve"}]},{"@type":"WebSite","@id":"https:\/\/fjala.info\/2009-2015\/#website","url":"https:\/\/fjala.info\/2009-2015\/","name":"FjALA e LIR\u00cb - Arkivi","description":"Arkivi 2009-2015","publisher":{"@id":"https:\/\/fjala.info\/2009-2015\/#organization"},"potentialAction":[{"@type":"SearchAction","target":{"@type":"EntryPoint","urlTemplate":"https:\/\/fjala.info\/2009-2015\/?s={search_term_string}"},"query-input":{"@type":"PropertyValueSpecification","valueRequired":true,"valueName":"search_term_string"}}],"inLanguage":"sq-AL"},{"@type":"Organization","@id":"https:\/\/fjala.info\/2009-2015\/#organization","name":"FjALA e LIR\u00cb - Arkivi","url":"https:\/\/fjala.info\/2009-2015\/","logo":{"@type":"ImageObject","inLanguage":"sq-AL","@id":"https:\/\/fjala.info\/2009-2015\/#\/schema\/logo\/image\/","url":"","contentUrl":"","caption":"FjALA e LIR\u00cb - Arkivi"},"image":{"@id":"https:\/\/fjala.info\/2009-2015\/#\/schema\/logo\/image\/"}},{"@type":"Person","@id":"https:\/\/fjala.info\/2009-2015\/#\/schema\/person\/3aa1163ef05469c496fc94e77611ada2","name":"admin","image":{"@type":"ImageObject","inLanguage":"sq-AL","@id":"https:\/\/fjala.info\/2009-2015\/wp-content\/uploads\/2012\/02\/arben_cokaj-120x150.jpg","url":"https:\/\/fjala.info\/2009-2015\/wp-content\/uploads\/2012\/02\/arben_cokaj-120x150.jpg","contentUrl":"https:\/\/fjala.info\/2009-2015\/wp-content\/uploads\/2012\/02\/arben_cokaj-120x150.jpg","caption":"admin"},"description":"Admin, Fjala e Lir\u00eb","sameAs":["https:\/\/fjala.info\/"],"url":"https:\/\/fjala.info\/2009-2015\/author\/admin\/"}]}},"_links":{"self":[{"href":"https:\/\/fjala.info\/2009-2015\/wp-json\/wp\/v2\/posts\/11776","targetHints":{"allow":["GET"]}}],"collection":[{"href":"https:\/\/fjala.info\/2009-2015\/wp-json\/wp\/v2\/posts"}],"about":[{"href":"https:\/\/fjala.info\/2009-2015\/wp-json\/wp\/v2\/types\/post"}],"author":[{"embeddable":true,"href":"https:\/\/fjala.info\/2009-2015\/wp-json\/wp\/v2\/users\/1"}],"replies":[{"embeddable":true,"href":"https:\/\/fjala.info\/2009-2015\/wp-json\/wp\/v2\/comments?post=11776"}],"version-history":[{"count":0,"href":"https:\/\/fjala.info\/2009-2015\/wp-json\/wp\/v2\/posts\/11776\/revisions"}],"wp:attachment":[{"href":"https:\/\/fjala.info\/2009-2015\/wp-json\/wp\/v2\/media?parent=11776"}],"wp:term":[{"taxonomy":"category","embeddable":true,"href":"https:\/\/fjala.info\/2009-2015\/wp-json\/wp\/v2\/categories?post=11776"},{"taxonomy":"post_tag","embeddable":true,"href":"https:\/\/fjala.info\/2009-2015\/wp-json\/wp\/v2\/tags?post=11776"}],"curies":[{"name":"wp","href":"https:\/\/api.w.org\/{rel}","templated":true}]}}