{"id":11774,"date":"2012-04-10T21:21:53","date_gmt":"2012-04-10T20:21:53","guid":{"rendered":"http:\/\/fjala.shkoder.net\/?p=2436"},"modified":"2012-04-10T21:21:53","modified_gmt":"2012-04-10T20:21:53","slug":"ju-perfaqesoni-sot-arsimin-e-popullit-shqiptar-ne-kosove-por-te-jeni-dhe-zeri-kushtrim-i-diaspores-zoti-minister","status":"publish","type":"post","link":"https:\/\/fjala.info\/2009-2015\/ju-perfaqesoni-sot-arsimin-e-popullit-shqiptar-ne-kosove-por-te-jeni-dhe-zeri-kushtrim-i-diaspores-zoti-minister\/","title":{"rendered":"Ju p\u00ebrfaq\u00ebsoni sot Arsimin e Popullit Shqiptar n\u00eb Kosov\u00eb, por t\u00eb jeni dhe z\u00ebri kushtrim i Diaspor\u00ebs zoti Minist\u00ebr !!!"},"content":{"rendered":"<p><img decoding=\"async\" class=\"alignright size-thumbnail wp-image-7236\" title=\"Miradije Gashi\" src=\"http:\/\/www.shkoder.net\/2012\/miradije_gashi.jpg\" alt=\"\" width=\"200\" \/> Nga <strong>Miradije Gashi<\/strong>, <em>Stuttgart<\/em><\/p>\n<p>Duke shkruar kurdoher\u00eb drejt, kurdoher\u00eb hapur po hedh t\u00eb gjitha mendimet dhe p\u00ebrshtypjet e mia p\u00ebrsonale ne let\u00ebr k\u00ebtu n\u00eb Stuttgart. Kam m\u00eb se t\u00eb qart\u00eb faktin se p\u00ebr idealet komb\u00ebtare t\u00eb atyre mij\u00ebra patriot\u00ebve shqiptar\u00eb, q\u00eb u dergj\u00ebn n\u00ebp\u00ebr burgjet serbe ishi dhe Ju, ne vargun e ndritur t\u00eb nj\u00eb heroizmi te ri, duke u kthye n\u00eb nj\u00eb simbol t\u00eb madh t\u00eb historis\u00eb komb\u00ebtare! Nj\u00eb klas\u00eb e till\u00eb politike q\u00eb ka arritur t&#8217;i nd\u00ebrroj\u00eb rrjedhat historike t\u00eb fatit t\u00eb Kosov\u00ebs \u00ebsht\u00eb dhe vet\u00eb Buja.<\/p>\n<p>N\u00ebqoft\u00ebse p\u00ebr disa t\u00eb rinj atdheu ishte venlindja, p\u00ebr Buj\u00ebn ishte mbar\u00eb Shqip\u00ebtaria. Natyrisht q\u00eb s\u2019mund t\u00eb le pa faleminderuar Ministrin e Arsimit, Shkenc\u00ebs dhe Teknologjis\u00eb t\u00eb Republik\u00ebs s\u00eb Kosov\u00ebs zotin Ram\u00eb Buja, p\u00ebr vizit\u00ebn dhe p\u00ebrpjekjen e tij fisnike, q\u00eb b\u00ebri me 11.03.2012, t\u00eb dielen ora 17:00, ne konsullaten e shtetit t\u00eb Kosov\u00ebs me seli n\u00eb Stuttgart. M\u00ebsimi plot\u00ebsues i gjuh\u00ebs e historis\u00eb son\u00eb komb\u00ebtare, u b\u00eb q\u00ebllim i jet\u00ebs son\u00eb dhe k\u00ebshtu do t\u2019i sh\u00ebrbejm\u00eb m\u00eb mir\u00eb atdheut ton\u00eb mendojm\u00eb. P\u00ebrballur me k\u00ebto p\u00ebripeci m\u00ebsuesit kan\u00eb mobilizuar t\u00eb gjitha forcat e veta q\u00eb rinis\u00eb ton\u00eb t\u2019i dalin n\u00eb mbrojtje dhe p\u00ebrkund\u00ebr pengesave, m\u00ebsuesit entuziazmin e vet\u00eb e gjejn\u00eb dhe e shohin vet\u00ebm para nx\u00ebn\u00ebsve. Shpirti idealist dhe misioni sh\u00ebnjt\u00eb edukues \u00ebsht\u00eb nj\u00eb tipar i heshtur tek m\u00ebsuesit, \u00ebsht\u00eb detyr\u00eb fisnike q\u00eb shtyn\u00eb p\u00ebr t\u00eb dh\u00ebn\u00eb gjith\u00eb\u00e7ka p\u00ebr vatrat t\u00ebrgjyshore, p\u00ebr rr\u00ebnjet e t\u00eb par\u00ebve tan\u00eb etj.<\/p>\n<p style=\"text-align: center;\"><img decoding=\"async\" class=\"aligncenter size-thumbnail wp-image-7236\" title=\"Miradije Gashi dhe ministri Ram\u00eb Buja\" src=\"http:\/\/www.shkoder.net\/2012\/miradije_gashi_rame_buja.jpg\" alt=\"\" width=\"450\" \/><em>Miradije Gashi dhe Ministri Ram\u00eb Buja, Stuttgart, 11.03.2012<\/em><\/p>\n<p>Ministri Buja \u00ebsht\u00eb takuar nga nj\u00eb num\u00ebr i m\u00ebsimdh\u00ebn\u00ebsve shqiptar\u00eb t\u00eb m\u00ebsimit plot\u00ebsues n\u00eb Baden-W\u00fcttermberg dhe m\u00eb gj\u00ebr\u00eb, m\u00eb \u00e7\u2019rast diskutoi tem\u00ebn e shenuar: \u201cGjendja aktuale e arsimit n\u00eb diaspor\u00eb dhe hapat konkret p\u00ebr institucionalizimin e tij\u201d, pastaj \u00ebsht\u00eb biseduar p\u00ebr pun\u00ebn q\u00eb po b\u00ebhet si dhe p\u00ebr sfidat me t\u00eb cilat ballafaqohen Puntoret e Arsimit n\u00eb M\u00ebrgat\u00ebn Shqiptare. Por, mbi t\u00eb gjitha, mendoj se diskutimi i Ministrit, ngjalli shpresat p\u00ebr t\u00eb vazhduar m\u00eb tej punen tep\u00ebr m\u00eb r\u00ebnd\u00ebsi ndaj brezit q\u00eb po rritet jasht atdheut. Mbledhja vajti mir\u00eb, disa m\u00ebsues diskutuan rreth procesit t\u00eb shkoll\u00ebs shqipe, pyeten p\u00ebr tekstet shkollore, p\u00ebr mjetet financiare por kuptohet pa ngjyra politike, duke ven\u00eb ne pah edhe vler\u00ebsimet pozitive nga konsullata, mb\u00ebshtetjet, inkurajimet etj.<\/p>\n<p style=\"text-align: center;\"><img decoding=\"async\" class=\"aligncenter size-thumbnail wp-image-7236\" title=\"Shkolla Bashkimi n\u00eb pritje t\u00eb ministrit Ram\u00eb Buja\" src=\"http:\/\/www.shkoder.net\/2012\/shkolla_pret_rame_buja.jpg\" alt=\"\" width=\"450\" \/><em>Shkolla shqipe &#8220;Bashkimi Komb\u00ebtar\u201d, n\u00eb pritjen e Ministrit Buja !!!<\/em><\/p>\n<p>Por ja q\u00eb nuk mund t\u00eb tejkalohet as ky shkrim pa evidencuar nj\u00eb dukuri shqet\u00ebsuese! Shqiptar\u00ebt jan\u00eb njer\u00ebz me natyr\u00eb t\u00eb rrept\u00eb, t\u00eb ashp\u00ebr, por me cil\u00ebsi t\u00eb p\u00ebrzem\u00ebrta besnik\u00ebrie, q\u00eb s\u2019p\u00ebrfillin vdekjen kur japin fjal\u00ebn! Por p\u00ebr hir\u00eb t\u00eb s\u00eb v\u00ebrtet\u00ebs q\u00eb ngjau duhet th\u00ebn\u00eb; \u00ebsht\u00eb ndjer\u00eb duksh\u00ebm mungesa e Ministrit Ram\u00eb Buja n\u00eb shkoll\u00ebn shqipe \u201cBashkimi Komb\u00ebtar\u201d, n\u00eb Stuttgart-Cannstatt. Kjo q\u00eb iritim shpirt\u00ebror i m\u00ebsueses, pak\u00ebnaq\u00ebsia e prind\u00ebrve dhe trazimi i dashuris\u00eb s\u00eb nx\u00ebn\u00ebsve, t\u00eb cil\u00ebt me lule e dhurata t\u00eb ndryeshme, prit\u00ebn m\u00ebse dy or\u00eb t\u00eb t\u00ebra p\u00ebr t\u00eb p\u00ebrsh\u00ebndetur e recituar poezit\u00eb m\u00eb t\u00eb bukura q\u00eb kishin p\u00ebrgatitur p\u00ebr figurat e pathyeshm\u00ebris\u00eb ne historin\u00eb e kombit shqiptar v\u00ebllez\u00ebrve G\u00ebrvalla, Kadri Zeka dhe Salih Qekajt.<\/p>\n<p>Imazhi im ndeshej heshturazi n\u2019pa justifikimin e dukurive tilla, kinse ministri kishte nj\u00eb axhend\u00eb tjet\u00ebr dhe duhej patjet\u00ebr t\u00eb kthehej n\u00eb Prishtin\u00eb! Por a do t\u00eb mjaftonte ky arsyetim?! Megjithat\u00eb pa tentuar t\u00eb hyj m\u00eb thell\u00eb, mendoj emigrantet e rinj duke ndjekur shembullin e atdhetar\u00ebve t\u00eb m\u00ebdhenj po punojn\u00eb mjaft p\u00ebr sa i p\u00ebrket mbrojtjes s\u00eb interesit gjith\u00ebshqiptar n\u00eb diaspor\u00eb. Si rrall\u00eb her\u00eb n\u00eb historin\u00eb e shkurt\u00ebr t\u00eb jet\u00ebs s\u00eb imigracionit kujtoj vitin 1995, ne oden e veprimtarit Fehmi Gashi ne Bllumber, dhe takimet e pareshtura q\u00eb mbaheshin nga d\u00ebshmori kombit Salih Qeku. Rrug\u00ebtimin historik q\u00eb b\u00ebri Kolosi Qeku, p\u00ebr lirin\u00eb e popullit, mbetet bazamenti m\u00eb i fort\u00eb n\u00eb historin\u00eb e fundit t\u00eb kombit shqiptar\u00eb.<\/p>\n<p>Kur shp\u00ebrtheu lufta n\u00eb Kosov\u00eb, ai ishte nd\u00ebr t\u00eb par\u00ebt q\u00eb u v\u00ebrsul drejt kufirit. Lavdi gjith\u00eb t\u00eb r\u00ebn\u00ebve p\u00ebr \u00e7lirimin e Kosov\u00ebs. M\u00ebpastaj th\u00ebn\u00eb ne vija t\u00eb p\u00ebrgjithshme dikur emigrant\u00ebt n\u00eb Stuttgart gdhiheshin e ngryseshin pa asnj\u00eb veprimtari arsimore. Shum\u00eb v\u00ebshtir\u00eb m\u2019ishte p\u00ebr t\u2019i bindur disa bash\u00ebatdhetar\u00eb se nx\u00ebn\u00ebsit tan\u00eb duhet ndjekur m\u00ebsimin plot\u00ebsues t\u00eb gjuh\u00ebs shqipe. Me angazhimin dhe insistimin e vazhdueshem edhe t\u00eb bashk\u00ebshortit tim dhe falem\u00ebnderuar disa veprimtar\u00eb tjer\u00eb hapem shkoll\u00ebn e par\u00eb shqipe ne pjes\u00ebn veriore t\u00eb Stuttgartit ne vitin 2003, ne nj\u00eb Sht\u00ebpi Rinie e quajtur Jugendhaus, me vet\u00ebm 21 nx\u00ebn\u00ebs.<\/p>\n<p>Sot disa nga k\u00ebta nx\u00ebn\u00ebs p\u00ebrve\u00e7 q\u00eb frekuentojn\u00eb m\u00ebsimin e rregullt n\u00eb klas\u00eb t\u00eb dhjeta e nj\u00ebmb\u00ebdhjeta, akoma vijojn\u00eb m\u00ebsimin n\u00eb shkoll\u00ebn shqipe. Por jo vet\u00ebm ka\u00e7, sot Stuttgarti me rrethin\u00eb numron num\u00ebr shum\u00eb t\u00eb konsiderueshem t\u00eb nx\u00ebn\u00ebsve shqiptar. Mir\u00ebpo ka ardh\u00eb koha q\u00eb lider\u00ebt politik\u00eb t\u00eb b\u00ebjn\u00eb progres n\u00eb axhend\u00ebn e reformave p\u00ebr ta ofruar bashk\u00ebpunim Kosov\u00ebn-Diaspor\u00eb dhe t\u00eb ardhmen e saj europiane. <strong>Nuk dua t\u00eb st\u00ebrzgjatem m\u00eb shum\u00eb, vet\u00ebm t&#8217;i lutem Shk\u00eblqesis\u00eb s&#8217;Uaj t\u00eb keni mir\u00ebsin\u00eb, dhe presim q\u00eb t\u00eb jini Z\u00ebri kushtrim i Diaspor\u00ebs, n\u00eb k\u00ebrkesat tona unikale.<\/strong><\/p>\n","protected":false},"excerpt":{"rendered":"<p>Nga Miradije Gashi, Stuttgart Duke shkruar kurdoher\u00eb drejt, kurdoher\u00eb hapur po hedh t\u00eb gjitha mendimet dhe p\u00ebrshtypjet e mia p\u00ebrsonale ne let\u00ebr k\u00ebtu n\u00eb Stuttgart. Kam m\u00eb se t\u00eb qart\u00eb faktin se p\u00ebr idealet komb\u00ebtare t\u00eb atyre mij\u00ebra patriot\u00ebve shqiptar\u00eb, q\u00eb u dergj\u00ebn n\u00ebp\u00ebr burgjet serbe ishi dhe Ju, ne vargun e ndritur t\u00eb nj\u00eb [&hellip;]<\/p>\n","protected":false},"author":1,"featured_media":0,"comment_status":"open","ping_status":"closed","sticky":false,"template":"","format":"standard","meta":{"footnotes":""},"categories":[2],"tags":[],"class_list":{"0":"post-11774","1":"post","2":"type-post","3":"status-publish","4":"format-standard","6":"category-artikuj"},"yoast_head":"<!-- This site is optimized with the Yoast SEO plugin v27.4 - https:\/\/yoast.com\/product\/yoast-seo-wordpress\/ -->\n<title>Ju p\u00ebrfaq\u00ebsoni sot Arsimin e Popullit Shqiptar n\u00eb Kosov\u00eb, por t\u00eb jeni dhe z\u00ebri kushtrim i Diaspor\u00ebs zoti Minist\u00ebr !!! - FjALA e LIR\u00cb - Arkivi<\/title>\n<meta name=\"robots\" content=\"index, follow, max-snippet:-1, max-image-preview:large, max-video-preview:-1\" \/>\n<link rel=\"canonical\" href=\"https:\/\/fjala.info\/2009-2015\/ju-perfaqesoni-sot-arsimin-e-popullit-shqiptar-ne-kosove-por-te-jeni-dhe-zeri-kushtrim-i-diaspores-zoti-minister\/\" \/>\n<meta property=\"og:locale\" content=\"sq_AL\" \/>\n<meta property=\"og:type\" content=\"article\" \/>\n<meta property=\"og:title\" content=\"Ju p\u00ebrfaq\u00ebsoni sot Arsimin e Popullit Shqiptar n\u00eb Kosov\u00eb, por t\u00eb jeni dhe z\u00ebri kushtrim i Diaspor\u00ebs zoti Minist\u00ebr !!! - FjALA e LIR\u00cb - Arkivi\" \/>\n<meta property=\"og:description\" content=\"Nga Miradije Gashi, Stuttgart Duke shkruar kurdoher\u00eb drejt, kurdoher\u00eb hapur po hedh t\u00eb gjitha mendimet dhe p\u00ebrshtypjet e mia p\u00ebrsonale ne let\u00ebr k\u00ebtu n\u00eb Stuttgart. Kam m\u00eb se t\u00eb qart\u00eb faktin se p\u00ebr idealet komb\u00ebtare t\u00eb atyre mij\u00ebra patriot\u00ebve shqiptar\u00eb, q\u00eb u dergj\u00ebn n\u00ebp\u00ebr burgjet serbe ishi dhe Ju, ne vargun e ndritur t\u00eb nj\u00eb [&hellip;]\" \/>\n<meta property=\"og:url\" content=\"https:\/\/fjala.info\/2009-2015\/ju-perfaqesoni-sot-arsimin-e-popullit-shqiptar-ne-kosove-por-te-jeni-dhe-zeri-kushtrim-i-diaspores-zoti-minister\/\" \/>\n<meta property=\"og:site_name\" content=\"FjALA e LIR\u00cb - Arkivi\" \/>\n<meta property=\"article:published_time\" content=\"2012-04-10T20:21:53+00:00\" \/>\n<meta property=\"og:image\" content=\"http:\/\/www.shkoder.net\/2012\/miradije_gashi.jpg\" \/>\n<meta name=\"author\" content=\"admin\" \/>\n<meta name=\"twitter:card\" content=\"summary_large_image\" \/>\n<meta name=\"twitter:label1\" content=\"Written by\" \/>\n\t<meta name=\"twitter:data1\" content=\"admin\" \/>\n\t<meta name=\"twitter:label2\" content=\"Est. reading time\" \/>\n\t<meta name=\"twitter:data2\" content=\"5 minutes\" \/>\n<script type=\"application\/ld+json\" class=\"yoast-schema-graph\">{\"@context\":\"https:\\\/\\\/schema.org\",\"@graph\":[{\"@type\":\"Article\",\"@id\":\"https:\\\/\\\/fjala.info\\\/2009-2015\\\/ju-perfaqesoni-sot-arsimin-e-popullit-shqiptar-ne-kosove-por-te-jeni-dhe-zeri-kushtrim-i-diaspores-zoti-minister\\\/#article\",\"isPartOf\":{\"@id\":\"https:\\\/\\\/fjala.info\\\/2009-2015\\\/ju-perfaqesoni-sot-arsimin-e-popullit-shqiptar-ne-kosove-por-te-jeni-dhe-zeri-kushtrim-i-diaspores-zoti-minister\\\/\"},\"author\":{\"name\":\"admin\",\"@id\":\"https:\\\/\\\/fjala.info\\\/2009-2015\\\/#\\\/schema\\\/person\\\/3aa1163ef05469c496fc94e77611ada2\"},\"headline\":\"Ju p\u00ebrfaq\u00ebsoni sot Arsimin e Popullit Shqiptar n\u00eb Kosov\u00eb, por t\u00eb jeni dhe z\u00ebri kushtrim i Diaspor\u00ebs zoti Minist\u00ebr !!!\",\"datePublished\":\"2012-04-10T20:21:53+00:00\",\"mainEntityOfPage\":{\"@id\":\"https:\\\/\\\/fjala.info\\\/2009-2015\\\/ju-perfaqesoni-sot-arsimin-e-popullit-shqiptar-ne-kosove-por-te-jeni-dhe-zeri-kushtrim-i-diaspores-zoti-minister\\\/\"},\"wordCount\":1012,\"commentCount\":0,\"publisher\":{\"@id\":\"https:\\\/\\\/fjala.info\\\/2009-2015\\\/#organization\"},\"image\":{\"@id\":\"https:\\\/\\\/fjala.info\\\/2009-2015\\\/ju-perfaqesoni-sot-arsimin-e-popullit-shqiptar-ne-kosove-por-te-jeni-dhe-zeri-kushtrim-i-diaspores-zoti-minister\\\/#primaryimage\"},\"thumbnailUrl\":\"http:\\\/\\\/www.shkoder.net\\\/2012\\\/miradije_gashi.jpg\",\"articleSection\":[\"Artikuj\"],\"inLanguage\":\"sq-AL\",\"potentialAction\":[{\"@type\":\"CommentAction\",\"name\":\"Comment\",\"target\":[\"https:\\\/\\\/fjala.info\\\/2009-2015\\\/ju-perfaqesoni-sot-arsimin-e-popullit-shqiptar-ne-kosove-por-te-jeni-dhe-zeri-kushtrim-i-diaspores-zoti-minister\\\/#respond\"]}]},{\"@type\":\"WebPage\",\"@id\":\"https:\\\/\\\/fjala.info\\\/2009-2015\\\/ju-perfaqesoni-sot-arsimin-e-popullit-shqiptar-ne-kosove-por-te-jeni-dhe-zeri-kushtrim-i-diaspores-zoti-minister\\\/\",\"url\":\"https:\\\/\\\/fjala.info\\\/2009-2015\\\/ju-perfaqesoni-sot-arsimin-e-popullit-shqiptar-ne-kosove-por-te-jeni-dhe-zeri-kushtrim-i-diaspores-zoti-minister\\\/\",\"name\":\"Ju p\u00ebrfaq\u00ebsoni sot Arsimin e Popullit Shqiptar n\u00eb Kosov\u00eb, por t\u00eb jeni dhe z\u00ebri kushtrim i Diaspor\u00ebs zoti Minist\u00ebr !!! - FjALA e LIR\u00cb - Arkivi\",\"isPartOf\":{\"@id\":\"https:\\\/\\\/fjala.info\\\/2009-2015\\\/#website\"},\"primaryImageOfPage\":{\"@id\":\"https:\\\/\\\/fjala.info\\\/2009-2015\\\/ju-perfaqesoni-sot-arsimin-e-popullit-shqiptar-ne-kosove-por-te-jeni-dhe-zeri-kushtrim-i-diaspores-zoti-minister\\\/#primaryimage\"},\"image\":{\"@id\":\"https:\\\/\\\/fjala.info\\\/2009-2015\\\/ju-perfaqesoni-sot-arsimin-e-popullit-shqiptar-ne-kosove-por-te-jeni-dhe-zeri-kushtrim-i-diaspores-zoti-minister\\\/#primaryimage\"},\"thumbnailUrl\":\"http:\\\/\\\/www.shkoder.net\\\/2012\\\/miradije_gashi.jpg\",\"datePublished\":\"2012-04-10T20:21:53+00:00\",\"breadcrumb\":{\"@id\":\"https:\\\/\\\/fjala.info\\\/2009-2015\\\/ju-perfaqesoni-sot-arsimin-e-popullit-shqiptar-ne-kosove-por-te-jeni-dhe-zeri-kushtrim-i-diaspores-zoti-minister\\\/#breadcrumb\"},\"inLanguage\":\"sq-AL\",\"potentialAction\":[{\"@type\":\"ReadAction\",\"target\":[\"https:\\\/\\\/fjala.info\\\/2009-2015\\\/ju-perfaqesoni-sot-arsimin-e-popullit-shqiptar-ne-kosove-por-te-jeni-dhe-zeri-kushtrim-i-diaspores-zoti-minister\\\/\"]}]},{\"@type\":\"ImageObject\",\"inLanguage\":\"sq-AL\",\"@id\":\"https:\\\/\\\/fjala.info\\\/2009-2015\\\/ju-perfaqesoni-sot-arsimin-e-popullit-shqiptar-ne-kosove-por-te-jeni-dhe-zeri-kushtrim-i-diaspores-zoti-minister\\\/#primaryimage\",\"url\":\"http:\\\/\\\/www.shkoder.net\\\/2012\\\/miradije_gashi.jpg\",\"contentUrl\":\"http:\\\/\\\/www.shkoder.net\\\/2012\\\/miradije_gashi.jpg\"},{\"@type\":\"BreadcrumbList\",\"@id\":\"https:\\\/\\\/fjala.info\\\/2009-2015\\\/ju-perfaqesoni-sot-arsimin-e-popullit-shqiptar-ne-kosove-por-te-jeni-dhe-zeri-kushtrim-i-diaspores-zoti-minister\\\/#breadcrumb\",\"itemListElement\":[{\"@type\":\"ListItem\",\"position\":1,\"name\":\"Home\",\"item\":\"https:\\\/\\\/fjala.info\\\/2009-2015\\\/\"},{\"@type\":\"ListItem\",\"position\":2,\"name\":\"Ju p\u00ebrfaq\u00ebsoni sot Arsimin e Popullit Shqiptar n\u00eb Kosov\u00eb, por t\u00eb jeni dhe z\u00ebri kushtrim i Diaspor\u00ebs zoti Minist\u00ebr !!!\"}]},{\"@type\":\"WebSite\",\"@id\":\"https:\\\/\\\/fjala.info\\\/2009-2015\\\/#website\",\"url\":\"https:\\\/\\\/fjala.info\\\/2009-2015\\\/\",\"name\":\"FjALA e LIR\u00cb - Arkivi\",\"description\":\"Arkivi 2009-2015\",\"publisher\":{\"@id\":\"https:\\\/\\\/fjala.info\\\/2009-2015\\\/#organization\"},\"potentialAction\":[{\"@type\":\"SearchAction\",\"target\":{\"@type\":\"EntryPoint\",\"urlTemplate\":\"https:\\\/\\\/fjala.info\\\/2009-2015\\\/?s={search_term_string}\"},\"query-input\":{\"@type\":\"PropertyValueSpecification\",\"valueRequired\":true,\"valueName\":\"search_term_string\"}}],\"inLanguage\":\"sq-AL\"},{\"@type\":\"Organization\",\"@id\":\"https:\\\/\\\/fjala.info\\\/2009-2015\\\/#organization\",\"name\":\"FjALA e LIR\u00cb - Arkivi\",\"url\":\"https:\\\/\\\/fjala.info\\\/2009-2015\\\/\",\"logo\":{\"@type\":\"ImageObject\",\"inLanguage\":\"sq-AL\",\"@id\":\"https:\\\/\\\/fjala.info\\\/2009-2015\\\/#\\\/schema\\\/logo\\\/image\\\/\",\"url\":\"\",\"contentUrl\":\"\",\"caption\":\"FjALA e LIR\u00cb - Arkivi\"},\"image\":{\"@id\":\"https:\\\/\\\/fjala.info\\\/2009-2015\\\/#\\\/schema\\\/logo\\\/image\\\/\"}},{\"@type\":\"Person\",\"@id\":\"https:\\\/\\\/fjala.info\\\/2009-2015\\\/#\\\/schema\\\/person\\\/3aa1163ef05469c496fc94e77611ada2\",\"name\":\"admin\",\"image\":{\"@type\":\"ImageObject\",\"inLanguage\":\"sq-AL\",\"@id\":\"https:\\\/\\\/fjala.info\\\/2009-2015\\\/wp-content\\\/uploads\\\/2012\\\/02\\\/arben_cokaj-120x150.jpg\",\"url\":\"https:\\\/\\\/fjala.info\\\/2009-2015\\\/wp-content\\\/uploads\\\/2012\\\/02\\\/arben_cokaj-120x150.jpg\",\"contentUrl\":\"https:\\\/\\\/fjala.info\\\/2009-2015\\\/wp-content\\\/uploads\\\/2012\\\/02\\\/arben_cokaj-120x150.jpg\",\"caption\":\"admin\"},\"description\":\"Admin, Fjala e Lir\u00eb\",\"sameAs\":[\"https:\\\/\\\/fjala.info\\\/\"],\"url\":\"https:\\\/\\\/fjala.info\\\/2009-2015\\\/author\\\/admin\\\/\"}]}<\/script>\n<!-- \/ Yoast SEO plugin. -->","yoast_head_json":{"title":"Ju p\u00ebrfaq\u00ebsoni sot Arsimin e Popullit Shqiptar n\u00eb Kosov\u00eb, por t\u00eb jeni dhe z\u00ebri kushtrim i Diaspor\u00ebs zoti Minist\u00ebr !!! - FjALA e LIR\u00cb - Arkivi","robots":{"index":"index","follow":"follow","max-snippet":"max-snippet:-1","max-image-preview":"max-image-preview:large","max-video-preview":"max-video-preview:-1"},"canonical":"https:\/\/fjala.info\/2009-2015\/ju-perfaqesoni-sot-arsimin-e-popullit-shqiptar-ne-kosove-por-te-jeni-dhe-zeri-kushtrim-i-diaspores-zoti-minister\/","og_locale":"sq_AL","og_type":"article","og_title":"Ju p\u00ebrfaq\u00ebsoni sot Arsimin e Popullit Shqiptar n\u00eb Kosov\u00eb, por t\u00eb jeni dhe z\u00ebri kushtrim i Diaspor\u00ebs zoti Minist\u00ebr !!! - FjALA e LIR\u00cb - Arkivi","og_description":"Nga Miradije Gashi, Stuttgart Duke shkruar kurdoher\u00eb drejt, kurdoher\u00eb hapur po hedh t\u00eb gjitha mendimet dhe p\u00ebrshtypjet e mia p\u00ebrsonale ne let\u00ebr k\u00ebtu n\u00eb Stuttgart. Kam m\u00eb se t\u00eb qart\u00eb faktin se p\u00ebr idealet komb\u00ebtare t\u00eb atyre mij\u00ebra patriot\u00ebve shqiptar\u00eb, q\u00eb u dergj\u00ebn n\u00ebp\u00ebr burgjet serbe ishi dhe Ju, ne vargun e ndritur t\u00eb nj\u00eb [&hellip;]","og_url":"https:\/\/fjala.info\/2009-2015\/ju-perfaqesoni-sot-arsimin-e-popullit-shqiptar-ne-kosove-por-te-jeni-dhe-zeri-kushtrim-i-diaspores-zoti-minister\/","og_site_name":"FjALA e LIR\u00cb - Arkivi","article_published_time":"2012-04-10T20:21:53+00:00","og_image":[{"url":"http:\/\/www.shkoder.net\/2012\/miradije_gashi.jpg","type":"","width":"","height":""}],"author":"admin","twitter_card":"summary_large_image","twitter_misc":{"Written by":"admin","Est. reading time":"5 minutes"},"schema":{"@context":"https:\/\/schema.org","@graph":[{"@type":"Article","@id":"https:\/\/fjala.info\/2009-2015\/ju-perfaqesoni-sot-arsimin-e-popullit-shqiptar-ne-kosove-por-te-jeni-dhe-zeri-kushtrim-i-diaspores-zoti-minister\/#article","isPartOf":{"@id":"https:\/\/fjala.info\/2009-2015\/ju-perfaqesoni-sot-arsimin-e-popullit-shqiptar-ne-kosove-por-te-jeni-dhe-zeri-kushtrim-i-diaspores-zoti-minister\/"},"author":{"name":"admin","@id":"https:\/\/fjala.info\/2009-2015\/#\/schema\/person\/3aa1163ef05469c496fc94e77611ada2"},"headline":"Ju p\u00ebrfaq\u00ebsoni sot Arsimin e Popullit Shqiptar n\u00eb Kosov\u00eb, por t\u00eb jeni dhe z\u00ebri kushtrim i Diaspor\u00ebs zoti Minist\u00ebr !!!","datePublished":"2012-04-10T20:21:53+00:00","mainEntityOfPage":{"@id":"https:\/\/fjala.info\/2009-2015\/ju-perfaqesoni-sot-arsimin-e-popullit-shqiptar-ne-kosove-por-te-jeni-dhe-zeri-kushtrim-i-diaspores-zoti-minister\/"},"wordCount":1012,"commentCount":0,"publisher":{"@id":"https:\/\/fjala.info\/2009-2015\/#organization"},"image":{"@id":"https:\/\/fjala.info\/2009-2015\/ju-perfaqesoni-sot-arsimin-e-popullit-shqiptar-ne-kosove-por-te-jeni-dhe-zeri-kushtrim-i-diaspores-zoti-minister\/#primaryimage"},"thumbnailUrl":"http:\/\/www.shkoder.net\/2012\/miradije_gashi.jpg","articleSection":["Artikuj"],"inLanguage":"sq-AL","potentialAction":[{"@type":"CommentAction","name":"Comment","target":["https:\/\/fjala.info\/2009-2015\/ju-perfaqesoni-sot-arsimin-e-popullit-shqiptar-ne-kosove-por-te-jeni-dhe-zeri-kushtrim-i-diaspores-zoti-minister\/#respond"]}]},{"@type":"WebPage","@id":"https:\/\/fjala.info\/2009-2015\/ju-perfaqesoni-sot-arsimin-e-popullit-shqiptar-ne-kosove-por-te-jeni-dhe-zeri-kushtrim-i-diaspores-zoti-minister\/","url":"https:\/\/fjala.info\/2009-2015\/ju-perfaqesoni-sot-arsimin-e-popullit-shqiptar-ne-kosove-por-te-jeni-dhe-zeri-kushtrim-i-diaspores-zoti-minister\/","name":"Ju p\u00ebrfaq\u00ebsoni sot Arsimin e Popullit Shqiptar n\u00eb Kosov\u00eb, por t\u00eb jeni dhe z\u00ebri kushtrim i Diaspor\u00ebs zoti Minist\u00ebr !!! - FjALA e LIR\u00cb - Arkivi","isPartOf":{"@id":"https:\/\/fjala.info\/2009-2015\/#website"},"primaryImageOfPage":{"@id":"https:\/\/fjala.info\/2009-2015\/ju-perfaqesoni-sot-arsimin-e-popullit-shqiptar-ne-kosove-por-te-jeni-dhe-zeri-kushtrim-i-diaspores-zoti-minister\/#primaryimage"},"image":{"@id":"https:\/\/fjala.info\/2009-2015\/ju-perfaqesoni-sot-arsimin-e-popullit-shqiptar-ne-kosove-por-te-jeni-dhe-zeri-kushtrim-i-diaspores-zoti-minister\/#primaryimage"},"thumbnailUrl":"http:\/\/www.shkoder.net\/2012\/miradije_gashi.jpg","datePublished":"2012-04-10T20:21:53+00:00","breadcrumb":{"@id":"https:\/\/fjala.info\/2009-2015\/ju-perfaqesoni-sot-arsimin-e-popullit-shqiptar-ne-kosove-por-te-jeni-dhe-zeri-kushtrim-i-diaspores-zoti-minister\/#breadcrumb"},"inLanguage":"sq-AL","potentialAction":[{"@type":"ReadAction","target":["https:\/\/fjala.info\/2009-2015\/ju-perfaqesoni-sot-arsimin-e-popullit-shqiptar-ne-kosove-por-te-jeni-dhe-zeri-kushtrim-i-diaspores-zoti-minister\/"]}]},{"@type":"ImageObject","inLanguage":"sq-AL","@id":"https:\/\/fjala.info\/2009-2015\/ju-perfaqesoni-sot-arsimin-e-popullit-shqiptar-ne-kosove-por-te-jeni-dhe-zeri-kushtrim-i-diaspores-zoti-minister\/#primaryimage","url":"http:\/\/www.shkoder.net\/2012\/miradije_gashi.jpg","contentUrl":"http:\/\/www.shkoder.net\/2012\/miradije_gashi.jpg"},{"@type":"BreadcrumbList","@id":"https:\/\/fjala.info\/2009-2015\/ju-perfaqesoni-sot-arsimin-e-popullit-shqiptar-ne-kosove-por-te-jeni-dhe-zeri-kushtrim-i-diaspores-zoti-minister\/#breadcrumb","itemListElement":[{"@type":"ListItem","position":1,"name":"Home","item":"https:\/\/fjala.info\/2009-2015\/"},{"@type":"ListItem","position":2,"name":"Ju p\u00ebrfaq\u00ebsoni sot Arsimin e Popullit Shqiptar n\u00eb Kosov\u00eb, por t\u00eb jeni dhe z\u00ebri kushtrim i Diaspor\u00ebs zoti Minist\u00ebr !!!"}]},{"@type":"WebSite","@id":"https:\/\/fjala.info\/2009-2015\/#website","url":"https:\/\/fjala.info\/2009-2015\/","name":"FjALA e LIR\u00cb - Arkivi","description":"Arkivi 2009-2015","publisher":{"@id":"https:\/\/fjala.info\/2009-2015\/#organization"},"potentialAction":[{"@type":"SearchAction","target":{"@type":"EntryPoint","urlTemplate":"https:\/\/fjala.info\/2009-2015\/?s={search_term_string}"},"query-input":{"@type":"PropertyValueSpecification","valueRequired":true,"valueName":"search_term_string"}}],"inLanguage":"sq-AL"},{"@type":"Organization","@id":"https:\/\/fjala.info\/2009-2015\/#organization","name":"FjALA e LIR\u00cb - Arkivi","url":"https:\/\/fjala.info\/2009-2015\/","logo":{"@type":"ImageObject","inLanguage":"sq-AL","@id":"https:\/\/fjala.info\/2009-2015\/#\/schema\/logo\/image\/","url":"","contentUrl":"","caption":"FjALA e LIR\u00cb - Arkivi"},"image":{"@id":"https:\/\/fjala.info\/2009-2015\/#\/schema\/logo\/image\/"}},{"@type":"Person","@id":"https:\/\/fjala.info\/2009-2015\/#\/schema\/person\/3aa1163ef05469c496fc94e77611ada2","name":"admin","image":{"@type":"ImageObject","inLanguage":"sq-AL","@id":"https:\/\/fjala.info\/2009-2015\/wp-content\/uploads\/2012\/02\/arben_cokaj-120x150.jpg","url":"https:\/\/fjala.info\/2009-2015\/wp-content\/uploads\/2012\/02\/arben_cokaj-120x150.jpg","contentUrl":"https:\/\/fjala.info\/2009-2015\/wp-content\/uploads\/2012\/02\/arben_cokaj-120x150.jpg","caption":"admin"},"description":"Admin, Fjala e Lir\u00eb","sameAs":["https:\/\/fjala.info\/"],"url":"https:\/\/fjala.info\/2009-2015\/author\/admin\/"}]}},"_links":{"self":[{"href":"https:\/\/fjala.info\/2009-2015\/wp-json\/wp\/v2\/posts\/11774","targetHints":{"allow":["GET"]}}],"collection":[{"href":"https:\/\/fjala.info\/2009-2015\/wp-json\/wp\/v2\/posts"}],"about":[{"href":"https:\/\/fjala.info\/2009-2015\/wp-json\/wp\/v2\/types\/post"}],"author":[{"embeddable":true,"href":"https:\/\/fjala.info\/2009-2015\/wp-json\/wp\/v2\/users\/1"}],"replies":[{"embeddable":true,"href":"https:\/\/fjala.info\/2009-2015\/wp-json\/wp\/v2\/comments?post=11774"}],"version-history":[{"count":0,"href":"https:\/\/fjala.info\/2009-2015\/wp-json\/wp\/v2\/posts\/11774\/revisions"}],"wp:attachment":[{"href":"https:\/\/fjala.info\/2009-2015\/wp-json\/wp\/v2\/media?parent=11774"}],"wp:term":[{"taxonomy":"category","embeddable":true,"href":"https:\/\/fjala.info\/2009-2015\/wp-json\/wp\/v2\/categories?post=11774"},{"taxonomy":"post_tag","embeddable":true,"href":"https:\/\/fjala.info\/2009-2015\/wp-json\/wp\/v2\/tags?post=11774"}],"curies":[{"name":"wp","href":"https:\/\/api.w.org\/{rel}","templated":true}]}}