{"id":11772,"date":"2012-04-09T10:14:25","date_gmt":"2012-04-09T09:14:25","guid":{"rendered":"http:\/\/fjala.shkoder.net\/?p=2417"},"modified":"2012-04-09T10:14:25","modified_gmt":"2012-04-09T09:14:25","slug":"vdekshmeria-foshnjore-me-e-ulet-ne-kube-se-ne-shba-e-cfare-pastaj","status":"publish","type":"post","link":"https:\/\/fjala.info\/2009-2015\/vdekshmeria-foshnjore-me-e-ulet-ne-kube-se-ne-shba-e-cfare-pastaj\/","title":{"rendered":"Vdekshm\u00ebria foshnjore m\u00eb e ul\u00ebt n\u00eb Kub\u00eb se n\u00eb SHBA. E \u00e7far\u00eb pastaj?"},"content":{"rendered":"<p><img decoding=\"async\" class=\"alignright size-thumbnail wp-image-7236\" title=\"Kuba\" src=\"http:\/\/www.shkoder.net\/2012\/kuba.jpg\" alt=\"\" width=\"300\" \/> <strong>ResPublica.al<\/strong>, <em>9 prill 2012<\/em><\/p>\n<p>Sali Berisha ka mbajtur pardje nj\u00eb takim me Task-Forc\u00ebn e Sh\u00ebndet\u00ebsis\u00eb. Q\u00eb n\u00eb fillim t\u00eb fjal\u00ebs s\u00eb tij, Berisha u shpreh se &#8220;n\u00eb disa nd\u00ebr treguesit me themelore t\u00eb sh\u00ebndetit t\u00eb nj\u00eb vendi, ne renditemi n\u00eb grupin e vendeve t\u00eb zhvilluara&#8221;. P\u00ebr k\u00ebt\u00eb kryeministri iu referua treguesve p\u00ebr vdekshm\u00ebrin\u00eb e popullat\u00ebs dhe vdekshm\u00ebrin\u00eb foshnjore. N\u00eb m\u00ebnyr\u00eb t\u00eb ve\u00e7ant\u00eb Berisha trumbetoi treguesin e vdekshm\u00ebris\u00eb foshnjore. &#8220;Shqip\u00ebria sot arriti t\u00eb ket\u00eb vdekshm\u00ebri foshnjore nj\u00eb shifrore,&#8221; tha ai.<\/p>\n<p>N\u00eb vitin 2009, sipas INSTAT-it, vdekshm\u00ebria foshnjore ishte ne nivelin 13 f\u00ebmij\u00eb t\u00eb vdekur deri n\u00eb mosh\u00ebn nj\u00eb vje\u00e7, p\u00ebr 1000 f\u00ebmij\u00eb t\u00eb lindur gjall\u00eb. Ndoshta fal\u00eb p\u00ebrmir\u00ebsimit t\u00eb metodave statistikore, q\u00eb p\u00ebrdor INSTAT-i dhe p\u00ebrmir\u00ebsimit dramatik t\u00eb sh\u00ebrbimit sh\u00ebndet\u00ebsor, ky tregues ka zbritur tani n\u00eb nivelin 9.7; pra, ne nj\u00eb nivel nj\u00ebshifror.<\/p>\n<p>Duke i hedhur nj\u00eb sy k\u00ebtij treguesi n\u00eb vende t\u00eb ndryshme t\u00eb bot\u00ebs, bie n\u00eb sy se vdekshm\u00ebria foshnjore \u00ebsht\u00eb m\u00eb e ul\u00ebt n\u00eb Kub\u00eb se n\u00eb SHBA (6.0 vs. 7.2). E \u00e7far\u00eb do t\u00eb thot\u00eb kjo? Q\u00eb Kuba \u00ebsht\u00eb af\u00ebr SHBA-s\u00eb nga niveli i zhvillimit??? N\u00eb renditjen e PNUD-it per vitin 2011, bazuar n\u00eb indeksin e zhvillimit human, Kuba \u00ebsht\u00eb shum\u00eb m\u00eb af\u00ebr Shqip\u00ebris\u00eb se sa SHBA-se (SHBA-ja \u00ebsht\u00eb n\u00eb vend t\u00eb 4-\u00ebt, Kuba n\u00eb t\u00eb 51-tin dhe Shqip\u00ebria n\u00eb t\u00eb 70-tin.)<\/p>\n<p><strong>E. Zaloshnja<\/strong><\/p>\n","protected":false},"excerpt":{"rendered":"<p>ResPublica.al, 9 prill 2012 Sali Berisha ka mbajtur pardje nj\u00eb takim me Task-Forc\u00ebn e Sh\u00ebndet\u00ebsis\u00eb. Q\u00eb n\u00eb fillim t\u00eb fjal\u00ebs s\u00eb tij, Berisha u shpreh se &#8220;n\u00eb disa nd\u00ebr treguesit me themelore t\u00eb sh\u00ebndetit t\u00eb nj\u00eb vendi, ne renditemi n\u00eb grupin e vendeve t\u00eb zhvilluara&#8221;. P\u00ebr k\u00ebt\u00eb kryeministri iu referua treguesve p\u00ebr vdekshm\u00ebrin\u00eb e popullat\u00ebs [&hellip;]<\/p>\n","protected":false},"author":1,"featured_media":0,"comment_status":"open","ping_status":"closed","sticky":false,"template":"","format":"standard","meta":{"footnotes":""},"categories":[2],"tags":[],"class_list":{"0":"post-11772","1":"post","2":"type-post","3":"status-publish","4":"format-standard","6":"category-artikuj"},"yoast_head":"<!-- This site is optimized with the Yoast SEO plugin v27.4 - https:\/\/yoast.com\/product\/yoast-seo-wordpress\/ -->\n<title>Vdekshm\u00ebria foshnjore m\u00eb e ul\u00ebt n\u00eb Kub\u00eb se n\u00eb SHBA. E \u00e7far\u00eb pastaj? - FjALA e LIR\u00cb - Arkivi<\/title>\n<meta name=\"robots\" content=\"index, follow, max-snippet:-1, max-image-preview:large, max-video-preview:-1\" \/>\n<link rel=\"canonical\" href=\"https:\/\/fjala.info\/2009-2015\/vdekshmeria-foshnjore-me-e-ulet-ne-kube-se-ne-shba-e-cfare-pastaj\/\" \/>\n<meta property=\"og:locale\" content=\"sq_AL\" \/>\n<meta property=\"og:type\" content=\"article\" \/>\n<meta property=\"og:title\" content=\"Vdekshm\u00ebria foshnjore m\u00eb e ul\u00ebt n\u00eb Kub\u00eb se n\u00eb SHBA. E \u00e7far\u00eb pastaj? - FjALA e LIR\u00cb - Arkivi\" \/>\n<meta property=\"og:description\" content=\"ResPublica.al, 9 prill 2012 Sali Berisha ka mbajtur pardje nj\u00eb takim me Task-Forc\u00ebn e Sh\u00ebndet\u00ebsis\u00eb. Q\u00eb n\u00eb fillim t\u00eb fjal\u00ebs s\u00eb tij, Berisha u shpreh se &#8220;n\u00eb disa nd\u00ebr treguesit me themelore t\u00eb sh\u00ebndetit t\u00eb nj\u00eb vendi, ne renditemi n\u00eb grupin e vendeve t\u00eb zhvilluara&#8221;. P\u00ebr k\u00ebt\u00eb kryeministri iu referua treguesve p\u00ebr vdekshm\u00ebrin\u00eb e popullat\u00ebs [&hellip;]\" \/>\n<meta property=\"og:url\" content=\"https:\/\/fjala.info\/2009-2015\/vdekshmeria-foshnjore-me-e-ulet-ne-kube-se-ne-shba-e-cfare-pastaj\/\" \/>\n<meta property=\"og:site_name\" content=\"FjALA e LIR\u00cb - Arkivi\" \/>\n<meta property=\"article:published_time\" content=\"2012-04-09T09:14:25+00:00\" \/>\n<meta property=\"og:image\" content=\"http:\/\/www.shkoder.net\/2012\/kuba.jpg\" \/>\n<meta name=\"author\" content=\"admin\" \/>\n<meta name=\"twitter:card\" content=\"summary_large_image\" \/>\n<meta name=\"twitter:label1\" content=\"Written by\" \/>\n\t<meta name=\"twitter:data1\" content=\"admin\" \/>\n\t<meta name=\"twitter:label2\" content=\"Est. reading time\" \/>\n\t<meta name=\"twitter:data2\" content=\"1 minute\" \/>\n<script type=\"application\/ld+json\" class=\"yoast-schema-graph\">{\"@context\":\"https:\\\/\\\/schema.org\",\"@graph\":[{\"@type\":\"Article\",\"@id\":\"https:\\\/\\\/fjala.info\\\/2009-2015\\\/vdekshmeria-foshnjore-me-e-ulet-ne-kube-se-ne-shba-e-cfare-pastaj\\\/#article\",\"isPartOf\":{\"@id\":\"https:\\\/\\\/fjala.info\\\/2009-2015\\\/vdekshmeria-foshnjore-me-e-ulet-ne-kube-se-ne-shba-e-cfare-pastaj\\\/\"},\"author\":{\"name\":\"admin\",\"@id\":\"https:\\\/\\\/fjala.info\\\/2009-2015\\\/#\\\/schema\\\/person\\\/3aa1163ef05469c496fc94e77611ada2\"},\"headline\":\"Vdekshm\u00ebria foshnjore m\u00eb e ul\u00ebt n\u00eb Kub\u00eb se n\u00eb SHBA. E \u00e7far\u00eb pastaj?\",\"datePublished\":\"2012-04-09T09:14:25+00:00\",\"mainEntityOfPage\":{\"@id\":\"https:\\\/\\\/fjala.info\\\/2009-2015\\\/vdekshmeria-foshnjore-me-e-ulet-ne-kube-se-ne-shba-e-cfare-pastaj\\\/\"},\"wordCount\":264,\"commentCount\":0,\"publisher\":{\"@id\":\"https:\\\/\\\/fjala.info\\\/2009-2015\\\/#organization\"},\"image\":{\"@id\":\"https:\\\/\\\/fjala.info\\\/2009-2015\\\/vdekshmeria-foshnjore-me-e-ulet-ne-kube-se-ne-shba-e-cfare-pastaj\\\/#primaryimage\"},\"thumbnailUrl\":\"http:\\\/\\\/www.shkoder.net\\\/2012\\\/kuba.jpg\",\"articleSection\":[\"Artikuj\"],\"inLanguage\":\"sq-AL\",\"potentialAction\":[{\"@type\":\"CommentAction\",\"name\":\"Comment\",\"target\":[\"https:\\\/\\\/fjala.info\\\/2009-2015\\\/vdekshmeria-foshnjore-me-e-ulet-ne-kube-se-ne-shba-e-cfare-pastaj\\\/#respond\"]}]},{\"@type\":\"WebPage\",\"@id\":\"https:\\\/\\\/fjala.info\\\/2009-2015\\\/vdekshmeria-foshnjore-me-e-ulet-ne-kube-se-ne-shba-e-cfare-pastaj\\\/\",\"url\":\"https:\\\/\\\/fjala.info\\\/2009-2015\\\/vdekshmeria-foshnjore-me-e-ulet-ne-kube-se-ne-shba-e-cfare-pastaj\\\/\",\"name\":\"Vdekshm\u00ebria foshnjore m\u00eb e ul\u00ebt n\u00eb Kub\u00eb se n\u00eb SHBA. E \u00e7far\u00eb pastaj? - FjALA e LIR\u00cb - Arkivi\",\"isPartOf\":{\"@id\":\"https:\\\/\\\/fjala.info\\\/2009-2015\\\/#website\"},\"primaryImageOfPage\":{\"@id\":\"https:\\\/\\\/fjala.info\\\/2009-2015\\\/vdekshmeria-foshnjore-me-e-ulet-ne-kube-se-ne-shba-e-cfare-pastaj\\\/#primaryimage\"},\"image\":{\"@id\":\"https:\\\/\\\/fjala.info\\\/2009-2015\\\/vdekshmeria-foshnjore-me-e-ulet-ne-kube-se-ne-shba-e-cfare-pastaj\\\/#primaryimage\"},\"thumbnailUrl\":\"http:\\\/\\\/www.shkoder.net\\\/2012\\\/kuba.jpg\",\"datePublished\":\"2012-04-09T09:14:25+00:00\",\"breadcrumb\":{\"@id\":\"https:\\\/\\\/fjala.info\\\/2009-2015\\\/vdekshmeria-foshnjore-me-e-ulet-ne-kube-se-ne-shba-e-cfare-pastaj\\\/#breadcrumb\"},\"inLanguage\":\"sq-AL\",\"potentialAction\":[{\"@type\":\"ReadAction\",\"target\":[\"https:\\\/\\\/fjala.info\\\/2009-2015\\\/vdekshmeria-foshnjore-me-e-ulet-ne-kube-se-ne-shba-e-cfare-pastaj\\\/\"]}]},{\"@type\":\"ImageObject\",\"inLanguage\":\"sq-AL\",\"@id\":\"https:\\\/\\\/fjala.info\\\/2009-2015\\\/vdekshmeria-foshnjore-me-e-ulet-ne-kube-se-ne-shba-e-cfare-pastaj\\\/#primaryimage\",\"url\":\"http:\\\/\\\/www.shkoder.net\\\/2012\\\/kuba.jpg\",\"contentUrl\":\"http:\\\/\\\/www.shkoder.net\\\/2012\\\/kuba.jpg\"},{\"@type\":\"BreadcrumbList\",\"@id\":\"https:\\\/\\\/fjala.info\\\/2009-2015\\\/vdekshmeria-foshnjore-me-e-ulet-ne-kube-se-ne-shba-e-cfare-pastaj\\\/#breadcrumb\",\"itemListElement\":[{\"@type\":\"ListItem\",\"position\":1,\"name\":\"Home\",\"item\":\"https:\\\/\\\/fjala.info\\\/2009-2015\\\/\"},{\"@type\":\"ListItem\",\"position\":2,\"name\":\"Vdekshm\u00ebria foshnjore m\u00eb e ul\u00ebt n\u00eb Kub\u00eb se n\u00eb SHBA. E \u00e7far\u00eb pastaj?\"}]},{\"@type\":\"WebSite\",\"@id\":\"https:\\\/\\\/fjala.info\\\/2009-2015\\\/#website\",\"url\":\"https:\\\/\\\/fjala.info\\\/2009-2015\\\/\",\"name\":\"FjALA e LIR\u00cb - Arkivi\",\"description\":\"Arkivi 2009-2015\",\"publisher\":{\"@id\":\"https:\\\/\\\/fjala.info\\\/2009-2015\\\/#organization\"},\"potentialAction\":[{\"@type\":\"SearchAction\",\"target\":{\"@type\":\"EntryPoint\",\"urlTemplate\":\"https:\\\/\\\/fjala.info\\\/2009-2015\\\/?s={search_term_string}\"},\"query-input\":{\"@type\":\"PropertyValueSpecification\",\"valueRequired\":true,\"valueName\":\"search_term_string\"}}],\"inLanguage\":\"sq-AL\"},{\"@type\":\"Organization\",\"@id\":\"https:\\\/\\\/fjala.info\\\/2009-2015\\\/#organization\",\"name\":\"FjALA e LIR\u00cb - Arkivi\",\"url\":\"https:\\\/\\\/fjala.info\\\/2009-2015\\\/\",\"logo\":{\"@type\":\"ImageObject\",\"inLanguage\":\"sq-AL\",\"@id\":\"https:\\\/\\\/fjala.info\\\/2009-2015\\\/#\\\/schema\\\/logo\\\/image\\\/\",\"url\":\"\",\"contentUrl\":\"\",\"caption\":\"FjALA e LIR\u00cb - Arkivi\"},\"image\":{\"@id\":\"https:\\\/\\\/fjala.info\\\/2009-2015\\\/#\\\/schema\\\/logo\\\/image\\\/\"}},{\"@type\":\"Person\",\"@id\":\"https:\\\/\\\/fjala.info\\\/2009-2015\\\/#\\\/schema\\\/person\\\/3aa1163ef05469c496fc94e77611ada2\",\"name\":\"admin\",\"image\":{\"@type\":\"ImageObject\",\"inLanguage\":\"sq-AL\",\"@id\":\"https:\\\/\\\/fjala.info\\\/2009-2015\\\/wp-content\\\/uploads\\\/2012\\\/02\\\/arben_cokaj-120x150.jpg\",\"url\":\"https:\\\/\\\/fjala.info\\\/2009-2015\\\/wp-content\\\/uploads\\\/2012\\\/02\\\/arben_cokaj-120x150.jpg\",\"contentUrl\":\"https:\\\/\\\/fjala.info\\\/2009-2015\\\/wp-content\\\/uploads\\\/2012\\\/02\\\/arben_cokaj-120x150.jpg\",\"caption\":\"admin\"},\"description\":\"Admin, Fjala e Lir\u00eb\",\"sameAs\":[\"https:\\\/\\\/fjala.info\\\/\"],\"url\":\"https:\\\/\\\/fjala.info\\\/2009-2015\\\/author\\\/admin\\\/\"}]}<\/script>\n<!-- \/ Yoast SEO plugin. -->","yoast_head_json":{"title":"Vdekshm\u00ebria foshnjore m\u00eb e ul\u00ebt n\u00eb Kub\u00eb se n\u00eb SHBA. E \u00e7far\u00eb pastaj? - FjALA e LIR\u00cb - Arkivi","robots":{"index":"index","follow":"follow","max-snippet":"max-snippet:-1","max-image-preview":"max-image-preview:large","max-video-preview":"max-video-preview:-1"},"canonical":"https:\/\/fjala.info\/2009-2015\/vdekshmeria-foshnjore-me-e-ulet-ne-kube-se-ne-shba-e-cfare-pastaj\/","og_locale":"sq_AL","og_type":"article","og_title":"Vdekshm\u00ebria foshnjore m\u00eb e ul\u00ebt n\u00eb Kub\u00eb se n\u00eb SHBA. E \u00e7far\u00eb pastaj? - FjALA e LIR\u00cb - Arkivi","og_description":"ResPublica.al, 9 prill 2012 Sali Berisha ka mbajtur pardje nj\u00eb takim me Task-Forc\u00ebn e Sh\u00ebndet\u00ebsis\u00eb. Q\u00eb n\u00eb fillim t\u00eb fjal\u00ebs s\u00eb tij, Berisha u shpreh se &#8220;n\u00eb disa nd\u00ebr treguesit me themelore t\u00eb sh\u00ebndetit t\u00eb nj\u00eb vendi, ne renditemi n\u00eb grupin e vendeve t\u00eb zhvilluara&#8221;. P\u00ebr k\u00ebt\u00eb kryeministri iu referua treguesve p\u00ebr vdekshm\u00ebrin\u00eb e popullat\u00ebs [&hellip;]","og_url":"https:\/\/fjala.info\/2009-2015\/vdekshmeria-foshnjore-me-e-ulet-ne-kube-se-ne-shba-e-cfare-pastaj\/","og_site_name":"FjALA e LIR\u00cb - Arkivi","article_published_time":"2012-04-09T09:14:25+00:00","og_image":[{"url":"http:\/\/www.shkoder.net\/2012\/kuba.jpg","type":"","width":"","height":""}],"author":"admin","twitter_card":"summary_large_image","twitter_misc":{"Written by":"admin","Est. reading time":"1 minute"},"schema":{"@context":"https:\/\/schema.org","@graph":[{"@type":"Article","@id":"https:\/\/fjala.info\/2009-2015\/vdekshmeria-foshnjore-me-e-ulet-ne-kube-se-ne-shba-e-cfare-pastaj\/#article","isPartOf":{"@id":"https:\/\/fjala.info\/2009-2015\/vdekshmeria-foshnjore-me-e-ulet-ne-kube-se-ne-shba-e-cfare-pastaj\/"},"author":{"name":"admin","@id":"https:\/\/fjala.info\/2009-2015\/#\/schema\/person\/3aa1163ef05469c496fc94e77611ada2"},"headline":"Vdekshm\u00ebria foshnjore m\u00eb e ul\u00ebt n\u00eb Kub\u00eb se n\u00eb SHBA. E \u00e7far\u00eb pastaj?","datePublished":"2012-04-09T09:14:25+00:00","mainEntityOfPage":{"@id":"https:\/\/fjala.info\/2009-2015\/vdekshmeria-foshnjore-me-e-ulet-ne-kube-se-ne-shba-e-cfare-pastaj\/"},"wordCount":264,"commentCount":0,"publisher":{"@id":"https:\/\/fjala.info\/2009-2015\/#organization"},"image":{"@id":"https:\/\/fjala.info\/2009-2015\/vdekshmeria-foshnjore-me-e-ulet-ne-kube-se-ne-shba-e-cfare-pastaj\/#primaryimage"},"thumbnailUrl":"http:\/\/www.shkoder.net\/2012\/kuba.jpg","articleSection":["Artikuj"],"inLanguage":"sq-AL","potentialAction":[{"@type":"CommentAction","name":"Comment","target":["https:\/\/fjala.info\/2009-2015\/vdekshmeria-foshnjore-me-e-ulet-ne-kube-se-ne-shba-e-cfare-pastaj\/#respond"]}]},{"@type":"WebPage","@id":"https:\/\/fjala.info\/2009-2015\/vdekshmeria-foshnjore-me-e-ulet-ne-kube-se-ne-shba-e-cfare-pastaj\/","url":"https:\/\/fjala.info\/2009-2015\/vdekshmeria-foshnjore-me-e-ulet-ne-kube-se-ne-shba-e-cfare-pastaj\/","name":"Vdekshm\u00ebria foshnjore m\u00eb e ul\u00ebt n\u00eb Kub\u00eb se n\u00eb SHBA. E \u00e7far\u00eb pastaj? - FjALA e LIR\u00cb - Arkivi","isPartOf":{"@id":"https:\/\/fjala.info\/2009-2015\/#website"},"primaryImageOfPage":{"@id":"https:\/\/fjala.info\/2009-2015\/vdekshmeria-foshnjore-me-e-ulet-ne-kube-se-ne-shba-e-cfare-pastaj\/#primaryimage"},"image":{"@id":"https:\/\/fjala.info\/2009-2015\/vdekshmeria-foshnjore-me-e-ulet-ne-kube-se-ne-shba-e-cfare-pastaj\/#primaryimage"},"thumbnailUrl":"http:\/\/www.shkoder.net\/2012\/kuba.jpg","datePublished":"2012-04-09T09:14:25+00:00","breadcrumb":{"@id":"https:\/\/fjala.info\/2009-2015\/vdekshmeria-foshnjore-me-e-ulet-ne-kube-se-ne-shba-e-cfare-pastaj\/#breadcrumb"},"inLanguage":"sq-AL","potentialAction":[{"@type":"ReadAction","target":["https:\/\/fjala.info\/2009-2015\/vdekshmeria-foshnjore-me-e-ulet-ne-kube-se-ne-shba-e-cfare-pastaj\/"]}]},{"@type":"ImageObject","inLanguage":"sq-AL","@id":"https:\/\/fjala.info\/2009-2015\/vdekshmeria-foshnjore-me-e-ulet-ne-kube-se-ne-shba-e-cfare-pastaj\/#primaryimage","url":"http:\/\/www.shkoder.net\/2012\/kuba.jpg","contentUrl":"http:\/\/www.shkoder.net\/2012\/kuba.jpg"},{"@type":"BreadcrumbList","@id":"https:\/\/fjala.info\/2009-2015\/vdekshmeria-foshnjore-me-e-ulet-ne-kube-se-ne-shba-e-cfare-pastaj\/#breadcrumb","itemListElement":[{"@type":"ListItem","position":1,"name":"Home","item":"https:\/\/fjala.info\/2009-2015\/"},{"@type":"ListItem","position":2,"name":"Vdekshm\u00ebria foshnjore m\u00eb e ul\u00ebt n\u00eb Kub\u00eb se n\u00eb SHBA. E \u00e7far\u00eb pastaj?"}]},{"@type":"WebSite","@id":"https:\/\/fjala.info\/2009-2015\/#website","url":"https:\/\/fjala.info\/2009-2015\/","name":"FjALA e LIR\u00cb - Arkivi","description":"Arkivi 2009-2015","publisher":{"@id":"https:\/\/fjala.info\/2009-2015\/#organization"},"potentialAction":[{"@type":"SearchAction","target":{"@type":"EntryPoint","urlTemplate":"https:\/\/fjala.info\/2009-2015\/?s={search_term_string}"},"query-input":{"@type":"PropertyValueSpecification","valueRequired":true,"valueName":"search_term_string"}}],"inLanguage":"sq-AL"},{"@type":"Organization","@id":"https:\/\/fjala.info\/2009-2015\/#organization","name":"FjALA e LIR\u00cb - Arkivi","url":"https:\/\/fjala.info\/2009-2015\/","logo":{"@type":"ImageObject","inLanguage":"sq-AL","@id":"https:\/\/fjala.info\/2009-2015\/#\/schema\/logo\/image\/","url":"","contentUrl":"","caption":"FjALA e LIR\u00cb - Arkivi"},"image":{"@id":"https:\/\/fjala.info\/2009-2015\/#\/schema\/logo\/image\/"}},{"@type":"Person","@id":"https:\/\/fjala.info\/2009-2015\/#\/schema\/person\/3aa1163ef05469c496fc94e77611ada2","name":"admin","image":{"@type":"ImageObject","inLanguage":"sq-AL","@id":"https:\/\/fjala.info\/2009-2015\/wp-content\/uploads\/2012\/02\/arben_cokaj-120x150.jpg","url":"https:\/\/fjala.info\/2009-2015\/wp-content\/uploads\/2012\/02\/arben_cokaj-120x150.jpg","contentUrl":"https:\/\/fjala.info\/2009-2015\/wp-content\/uploads\/2012\/02\/arben_cokaj-120x150.jpg","caption":"admin"},"description":"Admin, Fjala e Lir\u00eb","sameAs":["https:\/\/fjala.info\/"],"url":"https:\/\/fjala.info\/2009-2015\/author\/admin\/"}]}},"_links":{"self":[{"href":"https:\/\/fjala.info\/2009-2015\/wp-json\/wp\/v2\/posts\/11772","targetHints":{"allow":["GET"]}}],"collection":[{"href":"https:\/\/fjala.info\/2009-2015\/wp-json\/wp\/v2\/posts"}],"about":[{"href":"https:\/\/fjala.info\/2009-2015\/wp-json\/wp\/v2\/types\/post"}],"author":[{"embeddable":true,"href":"https:\/\/fjala.info\/2009-2015\/wp-json\/wp\/v2\/users\/1"}],"replies":[{"embeddable":true,"href":"https:\/\/fjala.info\/2009-2015\/wp-json\/wp\/v2\/comments?post=11772"}],"version-history":[{"count":0,"href":"https:\/\/fjala.info\/2009-2015\/wp-json\/wp\/v2\/posts\/11772\/revisions"}],"wp:attachment":[{"href":"https:\/\/fjala.info\/2009-2015\/wp-json\/wp\/v2\/media?parent=11772"}],"wp:term":[{"taxonomy":"category","embeddable":true,"href":"https:\/\/fjala.info\/2009-2015\/wp-json\/wp\/v2\/categories?post=11772"},{"taxonomy":"post_tag","embeddable":true,"href":"https:\/\/fjala.info\/2009-2015\/wp-json\/wp\/v2\/tags?post=11772"}],"curies":[{"name":"wp","href":"https:\/\/api.w.org\/{rel}","templated":true}]}}