{"id":11770,"date":"2012-04-07T05:17:57","date_gmt":"2012-04-07T04:17:57","guid":{"rendered":"http:\/\/fjala.shkoder.net\/?p=2392"},"modified":"2012-04-07T05:17:57","modified_gmt":"2012-04-07T04:17:57","slug":"akt-trimnor-dhe-atdhetar-i-prof-nue-oroshi","status":"publish","type":"post","link":"https:\/\/fjala.info\/2009-2015\/akt-trimnor-dhe-atdhetar-i-prof-nue-oroshi\/","title":{"rendered":"AKT TRIMNOR DHE ATDHETAR I PROF. NUE OROSHI"},"content":{"rendered":"<p><img decoding=\"async\" class=\"alignright size-thumbnail wp-image-7236\" title=\"Selim M. Nengurra\" src=\"http:\/\/www.shkoder.net\/2012\/selim_nengurra.jpg\" alt=\"\" width=\"150\" \/> Nga <strong>Selim M. Nengurra<\/strong><\/p>\n<p>Dje n\u00eb disa nga mediat elektronike u ba publik nji shkrim n\u00eb t\u00eb cilin njoftohet opinioni gjithshqiptar se K\u00ebshilltari n\u00eb Asamblen\u00eb komunale t\u00eb Prizrenit, Prof. Nue Oroshi, dha dor\u00ebheqje t\u00eb parevokueshme nga ky funksion.<\/p>\n<p>Akti i dor\u00ebheqjes n\u00eb raste t\u00eb fajsis\u00eb apo gabimi t\u00eb ndonji t\u00eb zgjedhuni t\u00eb popullit asht akt moral dhe burrnor, ama t\u00eb t\u00eb detyrojn\u00eb rrethanat dhe veprimet antikomb\u00ebtare t\u00eb t\u00eb tjer\u00ebve ta bash nji hap t\u00eb till\u00eb, asht dicka tjet\u00ebr.<\/p>\n<p>Pikrisht kjo ndodhi n\u00eb rastin e Prof. Nue Oroshi. Ai dha dor\u00ebheqjen sepse nuk kishte mund\u00ebsi t\u00eb perplasej me gjith\u00eb ato forca antishqiptare shkatrrimtare t\u00eb t\u00eb gjitha kahjeve, q\u00eb shkatrrojn\u00eb gjith\u00e7ka frymon shqip n\u00eb Prizren. Ato forca fatkeq\u00ebsisht jan\u00eb pushtetar\u00ebt e Prizrenit e nga ta shumica asi q\u00eb rrahin gjoks\u00ebt se jan\u00eb ish luft\u00ebtar\u00eb t\u00eb U\u00c7K-s\u00eb, forca t\u00eb cilat e paskan pas ba luft\u00ebn p\u00ebr me ja fal\u00eb Prizrenin Rexhep Taip Erdoganit turk-osmanist-islamist.<br \/>\nProf Nue Oroshi bani aktin ma sublim, ai nuk pranoi t\u00eb perplaset me ta me ato m\u00ebnyrat q\u00eb i meritojn\u00eb ata, jo sepse do binte nen nivelin e njeriut t\u00eb nivelit t\u00eb tyne dhe do dukej si San\u00e7o Pan\u00e7a n\u00eb luft\u00eb me Mullijt e Er\u00ebs n\u00eb &#8220;DON KISHOTIN&#8221; e Servantesit.<\/p>\n<p>Ky burr shqiptar, ky atdhetar, kur e pa se ka mbet\u00eb vetem dhe se zani i tij nuk do jet\u00eb asgja kund\u00ebr gjith\u00eb atyne krakatjeve e ulurimave islamiste n\u00eb Asamblen Komunale me n\u00eb krye &#8220;HISTORIANIN&#8221; Ramadan Muja, q\u00eb asht Prefekt i Prizrenit, z. Nue Oroshi dha dor\u00ebheqje.<br \/>\nDhe k\u00ebt\u00eb e bani publike n\u00eb mjetet elektronike. Po un\u00eb mendoj se ishte dasht\u00eb q\u00eb dor\u00ebheqja e Prof. Nue Oroshi t\u00eb ishte Kryelajm n\u00eb Ditarin e RTK-s\u00eb dhe poashtu edhe Kryeartikull n\u00eb t\u00eb gjitha gazetat shqipe n\u00eb Dardani e n\u00eb Shqipni.<\/p>\n<p>Kjo duhej t\u00eb ishte k\u00ebshtu per shkakun se kjo dor\u00ebheqje nuk asht e zakonshme, nuk asht as perplasje pozit\u00eb-opozit\u00eb, as nuk asht paknaq\u00ebsi personale per ambicje t\u00eb ngritjes n\u00eb karier\u00eb, jo ky asht nji AKT TRIMNOR DHE BURRNOR , ASHT NJI ATDHETARIZEM VETFLIJUES i nji intelektuali t\u00eb mirfillt\u00eb.<br \/>\nDhe kur njeriu lexon qoft\u00eb edhe vet\u00ebm tri arsyet e veprimit t\u00eb z. Nue Oroshi, q\u00eb ai vet\u00eb i ka ba publike, un\u00eb mendoj se mjaftojn\u00eb q\u00eb vet\u00eb kryeministri dhe komplet Qeveria t\u00eb mblidhen urgjentisht e t\u00eb shohin se \u00e7ka po ndodh n\u00eb Prizren.<br \/>\nN\u00eb k\u00ebt\u00eb qytet shqiptar, ku populli, kultura dhe historia shqiptare ka ma s\u00eb shumti histori mbas Luftave nji \u00e7erek shekullit t\u00eb GJERGJ KASTRIOTIT.<\/p>\n<p>Prizreni i LIDHJES SHQIPTARE T\u00cb PRIZRENIT, metropoli e par\u00eb gjithshqiptar n\u00eb histori sot n\u00eb 12 vite t\u00eb \u00e7lirimit t\u00eb Dardanis\u00eb dhe 4 vite shpallje t\u00eb mvet\u00ebsis\u00eb shtetnore asht transformue n\u00eb nji mini Stamboll n\u00eb zemren e Gadishullit Ilirik n\u00eb trojet ilirodardane. Dhe krejt kjo per shkakun se aty n\u00eb pushtet erdhen mafiozet e PDK-s\u00eb.<\/p>\n<p>Un\u00eb do t\u00eb tregoj per lexuesin nji ndodhi timen q\u00eb pata me 19 gusht 2011.<br \/>\nU ngrita n\u00eb mengj\u00ebs dhe mbasi pim\u00eb kaf\u00ebt s\u00eb bashku me bashkshorten time, nuk di pse ajo permendi Prizrenin, un\u00eb pas pak i thash: \u00c7ohu, se do shkojm\u00eb n\u00eb Prizren. Jemi n\u00eb pushime dhe ja vlen ta shohim Atdheun cep m\u00eb cep.<\/p>\n<p>U nisem dhe gjith\u00e7ka shkoi per mrekulli rrug\u00ebs derisa arrita te Rahoveci, nga aty pash se rruga ishte perplot me autobusa me targa turke perplot me udhtar\u00eb. Flamuri turk n\u00eb dritaret e perparme t\u00eb autobusave valonte n\u00eb secilin prej tyne. Kjo situat\u00eb u ba edhe ma e tmerrshme kur arrita t\u00eb udhkryqin q\u00eb vie nga Ferizaj permes Therand\u00ebs, ishte di\u00e7ka q\u00eb thjesht\u00eb nuk mund e shihja. Vozitnin idiot\u00ebt turq dhe tejkalonin, aqsa per kulturen time europiane si pjestar n\u00eb trafik, ato vozitje ishin per t\u2019i gjobit rand\u00eb.<\/p>\n<p>K\u00ebshtu asht n\u00eb shtetin ku nuk ka ligje dhe ku pushteti asht n\u00eb duert e njer\u00ebzve t\u00eb krimit dhe me dosje per krim e korrupsion. E kishin ba sallamadi turqit at\u00eb rrug\u00eb dhe per momentin m\u00eb shkoj mendja a mos jam gabim dhe nuk po shkoj n\u00eb drejtimin e Prizrenit?! Mos jam fut n\u00eb mbrendi t\u00eb Maqedonis\u00eb ku truqit i kan\u00eb marr\u00eb moti ato troje tonat t\u00eb lashta?! K\u00ebshtu m\u00eb shkoj mendja per momentin!<\/p>\n<p>Ma n\u00eb fund pas ma teper se dy or\u00eb rrugtim vet\u00ebm nga aty ku ndesha me autobuset turq arrita n\u00eb Prizren, mezi gjeta vend ta parkoja vetur\u00ebn dhe s\u00eb bashku me bashk\u00ebshorten shkuem te urat buz\u00eb Lumbardhit n\u00eb nji PIZA RESTORAN. Ishte tash koha me hanger di\u00e7ka dhe porositem nga nji pica. Derisa pritnim per ushqimin, kamarieri na solli edhe pijet q\u00eb i porositem dhe aty pari vijne dy MOTRA NDERI si duket ishin Deshmitare t\u00eb Jehovait dhe ishin Austriake. Ndalojn\u00eb dhe ju shperndajn\u00eb njerzve e kalimtar\u00ebve broshurat e tyne. Kur papritmas filluen ulurimat, po po ulurima si ato t\u00eb llavave t\u00eb ujqve n\u00eb bjeshket e Sharrit dimnit kur mbesin pa ushqim.<\/p>\n<p>Per nji moment i gjith\u00eb qyteti ulrinte nga zani trishtues n\u00eb gjuhen arabe ALLAHUEKBER dhe pastaj ato ALABALA HULALALA q\u00eb askush nuk i kuptonte pos atyne q\u00eb moti kan\u00eb shit\u00eb shpirtin n\u00eb terrin e pushtuesit mizor pes\u00eb shekullor. Instiktivisht m\u00eb shkuen syt\u00eb te ato dy Motrat Austriake, ato ngriten kryet perpjet dhe flisnin n\u00eb gjuhen e tyne mes veti n\u00eb vesh t\u00eb njena tjetres sepse asgja nuk ndegjohej nga ulurima arabe e hoxhallar\u00ebve me zanin e tyne t\u00eb kurdisun n\u00eb CD dhe t\u00eb transmetuem permes radios n\u00eb autoparlante maje minareve.<\/p>\n<p>Tek tash pash se sa xhamija ishte n\u00eb Prizren. Ik i tham\u00eb bashkshortes time, ik t\u00eb ikum nga ky vend q\u00eb e paska marr terri dhe tmerri, ajo ngritet dhe me dyja duert mbante veshet e mbyllun, ato \u00e7aste vjen kamarieri me picat, un\u00eb ia paguej dhe i them le t\u2019ia fal\u00eb ndonji t\u00eb varf\u00ebri t\u00eb uritun, se k\u00ebtu nuk qenka per mue. E kuptoi ai dhe dukej se ishte patriot: \u201cKe t\u00eb drejt\u00eb, axh\u00eb \u2013 m\u00eb tha &#8211; se k\u00ebtu ma nuk mund t\u2019i themi PRIZREN\u201d. U ndava me kamarierin dhe as nuk piva as nuk hangra n\u00eb Prizren, sepse ishte tmerr aty.<\/p>\n<p>E tregova k\u00ebt\u00eb rast per ta perkrah veprimin e Prof. Nue Oroshit. Dhe un\u00eb jo vetem se e perkrah, por un\u00eb poashtu k\u00ebtu me k\u00ebt\u00eb shkrim apeloj t\u00eb ngriten shqiptar\u00ebt n\u00eb kamb\u00eb, kudo qofshin ata, dhe t\u2019i thon\u00eb Hashim Thaqit e argatit t\u00eb tij Ramadan Muj\u00ebs se ata mund falin prona t\u00eb vetat private dhe mund t\u00eb ndryshojn\u00eb historit\u00eb e tyne personale e familjare, ama kurr nuk munden me ia fal\u00eb Prizrenin v\u00ebllajt t\u00eb Hashim Thaqit, Rexhep Taip Erdoganit.<\/p>\n<p>Dhe poashtu mendoj se akti burrnor i Prof. Nue Oroshi duhet t\u00eb jet edhe rast trajtimi urgjent n\u00eb Parlament, n\u00eb qeveri dhe n\u00eb zyret e subjekteve nd\u00ebrkomb\u00ebtare q\u00eb kan\u00eb ardh\u00eb dhe jan\u00eb per t\u00eb na ndihmue ta bajm shtetin , shtetin ligjor e qytetar t\u00eb Dardanis\u00eb.<\/p>\n<p>Nese nga Steitdepartementi i SHBA-ve na vin lajme se Sherbimet e Intelegjences amerikane kan konstatue se Myftiu i Dardanis\u00eb Naim Ternava asht kryeshefi i Vahabive ne Dardani ( un\u00eb mendoj jo vetem n\u00eb Dardani, por n\u00eb krejt Gadishullin Ilirik ) dhe se regjimi i Turqis\u00eb me Rexhep Taip Erdoganin n\u00eb krye asht regjimi ma ekstremist islamik n\u00eb bot\u00eb sot, at\u00ebhere duhet t\u2019i hapim syt, duhet edhe aleat\u00ebt tan\u00eb nd\u00ebrkomb\u00ebtar\u00eb t\u00eb na p\u00ebrkrahin dhe ta pastrojm\u00eb Dardanin\u00eb e hapsin\u00ebn ton\u00eb etnike nga mikrrob\u00ebt e virus\u00ebt ekstremist\u00eb islamik.<\/p>\n<p>N\u00eb t\u00eb kunderten, ashtu si ka ik Prizreni dhe asht ba Stambolli vog\u00ebl, po frigohem se s\u00eb shpejti Prishtina do bahet Ankara e dyt\u00eb dhe me radh\u00eb t\u00eb gjitha qytetet tona do bahen qytete t\u00eb pasardh\u00ebsve t\u00eb &#8220;babes&#8221; sulltan.<br \/>\nAferim vepr\u00ebs s\u00eb Nue Oroshit.<\/p>\n<p>Sarpsborg: 04.04.2012<\/p>\n","protected":false},"excerpt":{"rendered":"<p>Nga Selim M. Nengurra Dje n\u00eb disa nga mediat elektronike u ba publik nji shkrim n\u00eb t\u00eb cilin njoftohet opinioni gjithshqiptar se K\u00ebshilltari n\u00eb Asamblen\u00eb komunale t\u00eb Prizrenit, Prof. Nue Oroshi, dha dor\u00ebheqje t\u00eb parevokueshme nga ky funksion. Akti i dor\u00ebheqjes n\u00eb raste t\u00eb fajsis\u00eb apo gabimi t\u00eb ndonji t\u00eb zgjedhuni t\u00eb popullit asht akt [&hellip;]<\/p>\n","protected":false},"author":1,"featured_media":0,"comment_status":"open","ping_status":"closed","sticky":false,"template":"","format":"standard","meta":{"footnotes":""},"categories":[2],"tags":[],"class_list":{"0":"post-11770","1":"post","2":"type-post","3":"status-publish","4":"format-standard","6":"category-artikuj"},"yoast_head":"<!-- This site is optimized with the Yoast SEO plugin v27.4 - https:\/\/yoast.com\/product\/yoast-seo-wordpress\/ -->\n<title>AKT TRIMNOR DHE ATDHETAR I PROF. NUE OROSHI - FjALA e LIR\u00cb - Arkivi<\/title>\n<meta name=\"robots\" content=\"index, follow, max-snippet:-1, max-image-preview:large, max-video-preview:-1\" \/>\n<link rel=\"canonical\" href=\"https:\/\/fjala.info\/2009-2015\/akt-trimnor-dhe-atdhetar-i-prof-nue-oroshi\/\" \/>\n<meta property=\"og:locale\" content=\"sq_AL\" \/>\n<meta property=\"og:type\" content=\"article\" \/>\n<meta property=\"og:title\" content=\"AKT TRIMNOR DHE ATDHETAR I PROF. NUE OROSHI - FjALA e LIR\u00cb - Arkivi\" \/>\n<meta property=\"og:description\" content=\"Nga Selim M. Nengurra Dje n\u00eb disa nga mediat elektronike u ba publik nji shkrim n\u00eb t\u00eb cilin njoftohet opinioni gjithshqiptar se K\u00ebshilltari n\u00eb Asamblen\u00eb komunale t\u00eb Prizrenit, Prof. Nue Oroshi, dha dor\u00ebheqje t\u00eb parevokueshme nga ky funksion. Akti i dor\u00ebheqjes n\u00eb raste t\u00eb fajsis\u00eb apo gabimi t\u00eb ndonji t\u00eb zgjedhuni t\u00eb popullit asht akt [&hellip;]\" \/>\n<meta property=\"og:url\" content=\"https:\/\/fjala.info\/2009-2015\/akt-trimnor-dhe-atdhetar-i-prof-nue-oroshi\/\" \/>\n<meta property=\"og:site_name\" content=\"FjALA e LIR\u00cb - Arkivi\" \/>\n<meta property=\"article:published_time\" content=\"2012-04-07T04:17:57+00:00\" \/>\n<meta property=\"og:image\" content=\"http:\/\/www.shkoder.net\/2012\/selim_nengurra.jpg\" \/>\n<meta name=\"author\" content=\"admin\" \/>\n<meta name=\"twitter:card\" content=\"summary_large_image\" \/>\n<meta name=\"twitter:label1\" content=\"Written by\" \/>\n\t<meta name=\"twitter:data1\" content=\"admin\" \/>\n\t<meta name=\"twitter:label2\" content=\"Est. reading time\" \/>\n\t<meta name=\"twitter:data2\" content=\"7 minutes\" \/>\n<script type=\"application\/ld+json\" class=\"yoast-schema-graph\">{\"@context\":\"https:\\\/\\\/schema.org\",\"@graph\":[{\"@type\":\"Article\",\"@id\":\"https:\\\/\\\/fjala.info\\\/2009-2015\\\/akt-trimnor-dhe-atdhetar-i-prof-nue-oroshi\\\/#article\",\"isPartOf\":{\"@id\":\"https:\\\/\\\/fjala.info\\\/2009-2015\\\/akt-trimnor-dhe-atdhetar-i-prof-nue-oroshi\\\/\"},\"author\":{\"name\":\"admin\",\"@id\":\"https:\\\/\\\/fjala.info\\\/2009-2015\\\/#\\\/schema\\\/person\\\/3aa1163ef05469c496fc94e77611ada2\"},\"headline\":\"AKT TRIMNOR DHE ATDHETAR I PROF. NUE OROSHI\",\"datePublished\":\"2012-04-07T04:17:57+00:00\",\"mainEntityOfPage\":{\"@id\":\"https:\\\/\\\/fjala.info\\\/2009-2015\\\/akt-trimnor-dhe-atdhetar-i-prof-nue-oroshi\\\/\"},\"wordCount\":1311,\"commentCount\":0,\"publisher\":{\"@id\":\"https:\\\/\\\/fjala.info\\\/2009-2015\\\/#organization\"},\"image\":{\"@id\":\"https:\\\/\\\/fjala.info\\\/2009-2015\\\/akt-trimnor-dhe-atdhetar-i-prof-nue-oroshi\\\/#primaryimage\"},\"thumbnailUrl\":\"http:\\\/\\\/www.shkoder.net\\\/2012\\\/selim_nengurra.jpg\",\"articleSection\":[\"Artikuj\"],\"inLanguage\":\"sq-AL\",\"potentialAction\":[{\"@type\":\"CommentAction\",\"name\":\"Comment\",\"target\":[\"https:\\\/\\\/fjala.info\\\/2009-2015\\\/akt-trimnor-dhe-atdhetar-i-prof-nue-oroshi\\\/#respond\"]}]},{\"@type\":\"WebPage\",\"@id\":\"https:\\\/\\\/fjala.info\\\/2009-2015\\\/akt-trimnor-dhe-atdhetar-i-prof-nue-oroshi\\\/\",\"url\":\"https:\\\/\\\/fjala.info\\\/2009-2015\\\/akt-trimnor-dhe-atdhetar-i-prof-nue-oroshi\\\/\",\"name\":\"AKT TRIMNOR DHE ATDHETAR I PROF. NUE OROSHI - FjALA e LIR\u00cb - Arkivi\",\"isPartOf\":{\"@id\":\"https:\\\/\\\/fjala.info\\\/2009-2015\\\/#website\"},\"primaryImageOfPage\":{\"@id\":\"https:\\\/\\\/fjala.info\\\/2009-2015\\\/akt-trimnor-dhe-atdhetar-i-prof-nue-oroshi\\\/#primaryimage\"},\"image\":{\"@id\":\"https:\\\/\\\/fjala.info\\\/2009-2015\\\/akt-trimnor-dhe-atdhetar-i-prof-nue-oroshi\\\/#primaryimage\"},\"thumbnailUrl\":\"http:\\\/\\\/www.shkoder.net\\\/2012\\\/selim_nengurra.jpg\",\"datePublished\":\"2012-04-07T04:17:57+00:00\",\"breadcrumb\":{\"@id\":\"https:\\\/\\\/fjala.info\\\/2009-2015\\\/akt-trimnor-dhe-atdhetar-i-prof-nue-oroshi\\\/#breadcrumb\"},\"inLanguage\":\"sq-AL\",\"potentialAction\":[{\"@type\":\"ReadAction\",\"target\":[\"https:\\\/\\\/fjala.info\\\/2009-2015\\\/akt-trimnor-dhe-atdhetar-i-prof-nue-oroshi\\\/\"]}]},{\"@type\":\"ImageObject\",\"inLanguage\":\"sq-AL\",\"@id\":\"https:\\\/\\\/fjala.info\\\/2009-2015\\\/akt-trimnor-dhe-atdhetar-i-prof-nue-oroshi\\\/#primaryimage\",\"url\":\"http:\\\/\\\/www.shkoder.net\\\/2012\\\/selim_nengurra.jpg\",\"contentUrl\":\"http:\\\/\\\/www.shkoder.net\\\/2012\\\/selim_nengurra.jpg\"},{\"@type\":\"BreadcrumbList\",\"@id\":\"https:\\\/\\\/fjala.info\\\/2009-2015\\\/akt-trimnor-dhe-atdhetar-i-prof-nue-oroshi\\\/#breadcrumb\",\"itemListElement\":[{\"@type\":\"ListItem\",\"position\":1,\"name\":\"Home\",\"item\":\"https:\\\/\\\/fjala.info\\\/2009-2015\\\/\"},{\"@type\":\"ListItem\",\"position\":2,\"name\":\"AKT TRIMNOR DHE ATDHETAR I PROF. NUE OROSHI\"}]},{\"@type\":\"WebSite\",\"@id\":\"https:\\\/\\\/fjala.info\\\/2009-2015\\\/#website\",\"url\":\"https:\\\/\\\/fjala.info\\\/2009-2015\\\/\",\"name\":\"FjALA e LIR\u00cb - Arkivi\",\"description\":\"Arkivi 2009-2015\",\"publisher\":{\"@id\":\"https:\\\/\\\/fjala.info\\\/2009-2015\\\/#organization\"},\"potentialAction\":[{\"@type\":\"SearchAction\",\"target\":{\"@type\":\"EntryPoint\",\"urlTemplate\":\"https:\\\/\\\/fjala.info\\\/2009-2015\\\/?s={search_term_string}\"},\"query-input\":{\"@type\":\"PropertyValueSpecification\",\"valueRequired\":true,\"valueName\":\"search_term_string\"}}],\"inLanguage\":\"sq-AL\"},{\"@type\":\"Organization\",\"@id\":\"https:\\\/\\\/fjala.info\\\/2009-2015\\\/#organization\",\"name\":\"FjALA e LIR\u00cb - Arkivi\",\"url\":\"https:\\\/\\\/fjala.info\\\/2009-2015\\\/\",\"logo\":{\"@type\":\"ImageObject\",\"inLanguage\":\"sq-AL\",\"@id\":\"https:\\\/\\\/fjala.info\\\/2009-2015\\\/#\\\/schema\\\/logo\\\/image\\\/\",\"url\":\"\",\"contentUrl\":\"\",\"caption\":\"FjALA e LIR\u00cb - Arkivi\"},\"image\":{\"@id\":\"https:\\\/\\\/fjala.info\\\/2009-2015\\\/#\\\/schema\\\/logo\\\/image\\\/\"}},{\"@type\":\"Person\",\"@id\":\"https:\\\/\\\/fjala.info\\\/2009-2015\\\/#\\\/schema\\\/person\\\/3aa1163ef05469c496fc94e77611ada2\",\"name\":\"admin\",\"image\":{\"@type\":\"ImageObject\",\"inLanguage\":\"sq-AL\",\"@id\":\"https:\\\/\\\/fjala.info\\\/2009-2015\\\/wp-content\\\/uploads\\\/2012\\\/02\\\/arben_cokaj-120x150.jpg\",\"url\":\"https:\\\/\\\/fjala.info\\\/2009-2015\\\/wp-content\\\/uploads\\\/2012\\\/02\\\/arben_cokaj-120x150.jpg\",\"contentUrl\":\"https:\\\/\\\/fjala.info\\\/2009-2015\\\/wp-content\\\/uploads\\\/2012\\\/02\\\/arben_cokaj-120x150.jpg\",\"caption\":\"admin\"},\"description\":\"Admin, Fjala e Lir\u00eb\",\"sameAs\":[\"https:\\\/\\\/fjala.info\\\/\"],\"url\":\"https:\\\/\\\/fjala.info\\\/2009-2015\\\/author\\\/admin\\\/\"}]}<\/script>\n<!-- \/ Yoast SEO plugin. -->","yoast_head_json":{"title":"AKT TRIMNOR DHE ATDHETAR I PROF. NUE OROSHI - FjALA e LIR\u00cb - Arkivi","robots":{"index":"index","follow":"follow","max-snippet":"max-snippet:-1","max-image-preview":"max-image-preview:large","max-video-preview":"max-video-preview:-1"},"canonical":"https:\/\/fjala.info\/2009-2015\/akt-trimnor-dhe-atdhetar-i-prof-nue-oroshi\/","og_locale":"sq_AL","og_type":"article","og_title":"AKT TRIMNOR DHE ATDHETAR I PROF. NUE OROSHI - FjALA e LIR\u00cb - Arkivi","og_description":"Nga Selim M. Nengurra Dje n\u00eb disa nga mediat elektronike u ba publik nji shkrim n\u00eb t\u00eb cilin njoftohet opinioni gjithshqiptar se K\u00ebshilltari n\u00eb Asamblen\u00eb komunale t\u00eb Prizrenit, Prof. Nue Oroshi, dha dor\u00ebheqje t\u00eb parevokueshme nga ky funksion. Akti i dor\u00ebheqjes n\u00eb raste t\u00eb fajsis\u00eb apo gabimi t\u00eb ndonji t\u00eb zgjedhuni t\u00eb popullit asht akt [&hellip;]","og_url":"https:\/\/fjala.info\/2009-2015\/akt-trimnor-dhe-atdhetar-i-prof-nue-oroshi\/","og_site_name":"FjALA e LIR\u00cb - Arkivi","article_published_time":"2012-04-07T04:17:57+00:00","og_image":[{"url":"http:\/\/www.shkoder.net\/2012\/selim_nengurra.jpg","type":"","width":"","height":""}],"author":"admin","twitter_card":"summary_large_image","twitter_misc":{"Written by":"admin","Est. reading time":"7 minutes"},"schema":{"@context":"https:\/\/schema.org","@graph":[{"@type":"Article","@id":"https:\/\/fjala.info\/2009-2015\/akt-trimnor-dhe-atdhetar-i-prof-nue-oroshi\/#article","isPartOf":{"@id":"https:\/\/fjala.info\/2009-2015\/akt-trimnor-dhe-atdhetar-i-prof-nue-oroshi\/"},"author":{"name":"admin","@id":"https:\/\/fjala.info\/2009-2015\/#\/schema\/person\/3aa1163ef05469c496fc94e77611ada2"},"headline":"AKT TRIMNOR DHE ATDHETAR I PROF. NUE OROSHI","datePublished":"2012-04-07T04:17:57+00:00","mainEntityOfPage":{"@id":"https:\/\/fjala.info\/2009-2015\/akt-trimnor-dhe-atdhetar-i-prof-nue-oroshi\/"},"wordCount":1311,"commentCount":0,"publisher":{"@id":"https:\/\/fjala.info\/2009-2015\/#organization"},"image":{"@id":"https:\/\/fjala.info\/2009-2015\/akt-trimnor-dhe-atdhetar-i-prof-nue-oroshi\/#primaryimage"},"thumbnailUrl":"http:\/\/www.shkoder.net\/2012\/selim_nengurra.jpg","articleSection":["Artikuj"],"inLanguage":"sq-AL","potentialAction":[{"@type":"CommentAction","name":"Comment","target":["https:\/\/fjala.info\/2009-2015\/akt-trimnor-dhe-atdhetar-i-prof-nue-oroshi\/#respond"]}]},{"@type":"WebPage","@id":"https:\/\/fjala.info\/2009-2015\/akt-trimnor-dhe-atdhetar-i-prof-nue-oroshi\/","url":"https:\/\/fjala.info\/2009-2015\/akt-trimnor-dhe-atdhetar-i-prof-nue-oroshi\/","name":"AKT TRIMNOR DHE ATDHETAR I PROF. NUE OROSHI - FjALA e LIR\u00cb - Arkivi","isPartOf":{"@id":"https:\/\/fjala.info\/2009-2015\/#website"},"primaryImageOfPage":{"@id":"https:\/\/fjala.info\/2009-2015\/akt-trimnor-dhe-atdhetar-i-prof-nue-oroshi\/#primaryimage"},"image":{"@id":"https:\/\/fjala.info\/2009-2015\/akt-trimnor-dhe-atdhetar-i-prof-nue-oroshi\/#primaryimage"},"thumbnailUrl":"http:\/\/www.shkoder.net\/2012\/selim_nengurra.jpg","datePublished":"2012-04-07T04:17:57+00:00","breadcrumb":{"@id":"https:\/\/fjala.info\/2009-2015\/akt-trimnor-dhe-atdhetar-i-prof-nue-oroshi\/#breadcrumb"},"inLanguage":"sq-AL","potentialAction":[{"@type":"ReadAction","target":["https:\/\/fjala.info\/2009-2015\/akt-trimnor-dhe-atdhetar-i-prof-nue-oroshi\/"]}]},{"@type":"ImageObject","inLanguage":"sq-AL","@id":"https:\/\/fjala.info\/2009-2015\/akt-trimnor-dhe-atdhetar-i-prof-nue-oroshi\/#primaryimage","url":"http:\/\/www.shkoder.net\/2012\/selim_nengurra.jpg","contentUrl":"http:\/\/www.shkoder.net\/2012\/selim_nengurra.jpg"},{"@type":"BreadcrumbList","@id":"https:\/\/fjala.info\/2009-2015\/akt-trimnor-dhe-atdhetar-i-prof-nue-oroshi\/#breadcrumb","itemListElement":[{"@type":"ListItem","position":1,"name":"Home","item":"https:\/\/fjala.info\/2009-2015\/"},{"@type":"ListItem","position":2,"name":"AKT TRIMNOR DHE ATDHETAR I PROF. NUE OROSHI"}]},{"@type":"WebSite","@id":"https:\/\/fjala.info\/2009-2015\/#website","url":"https:\/\/fjala.info\/2009-2015\/","name":"FjALA e LIR\u00cb - Arkivi","description":"Arkivi 2009-2015","publisher":{"@id":"https:\/\/fjala.info\/2009-2015\/#organization"},"potentialAction":[{"@type":"SearchAction","target":{"@type":"EntryPoint","urlTemplate":"https:\/\/fjala.info\/2009-2015\/?s={search_term_string}"},"query-input":{"@type":"PropertyValueSpecification","valueRequired":true,"valueName":"search_term_string"}}],"inLanguage":"sq-AL"},{"@type":"Organization","@id":"https:\/\/fjala.info\/2009-2015\/#organization","name":"FjALA e LIR\u00cb - Arkivi","url":"https:\/\/fjala.info\/2009-2015\/","logo":{"@type":"ImageObject","inLanguage":"sq-AL","@id":"https:\/\/fjala.info\/2009-2015\/#\/schema\/logo\/image\/","url":"","contentUrl":"","caption":"FjALA e LIR\u00cb - Arkivi"},"image":{"@id":"https:\/\/fjala.info\/2009-2015\/#\/schema\/logo\/image\/"}},{"@type":"Person","@id":"https:\/\/fjala.info\/2009-2015\/#\/schema\/person\/3aa1163ef05469c496fc94e77611ada2","name":"admin","image":{"@type":"ImageObject","inLanguage":"sq-AL","@id":"https:\/\/fjala.info\/2009-2015\/wp-content\/uploads\/2012\/02\/arben_cokaj-120x150.jpg","url":"https:\/\/fjala.info\/2009-2015\/wp-content\/uploads\/2012\/02\/arben_cokaj-120x150.jpg","contentUrl":"https:\/\/fjala.info\/2009-2015\/wp-content\/uploads\/2012\/02\/arben_cokaj-120x150.jpg","caption":"admin"},"description":"Admin, Fjala e Lir\u00eb","sameAs":["https:\/\/fjala.info\/"],"url":"https:\/\/fjala.info\/2009-2015\/author\/admin\/"}]}},"_links":{"self":[{"href":"https:\/\/fjala.info\/2009-2015\/wp-json\/wp\/v2\/posts\/11770","targetHints":{"allow":["GET"]}}],"collection":[{"href":"https:\/\/fjala.info\/2009-2015\/wp-json\/wp\/v2\/posts"}],"about":[{"href":"https:\/\/fjala.info\/2009-2015\/wp-json\/wp\/v2\/types\/post"}],"author":[{"embeddable":true,"href":"https:\/\/fjala.info\/2009-2015\/wp-json\/wp\/v2\/users\/1"}],"replies":[{"embeddable":true,"href":"https:\/\/fjala.info\/2009-2015\/wp-json\/wp\/v2\/comments?post=11770"}],"version-history":[{"count":0,"href":"https:\/\/fjala.info\/2009-2015\/wp-json\/wp\/v2\/posts\/11770\/revisions"}],"wp:attachment":[{"href":"https:\/\/fjala.info\/2009-2015\/wp-json\/wp\/v2\/media?parent=11770"}],"wp:term":[{"taxonomy":"category","embeddable":true,"href":"https:\/\/fjala.info\/2009-2015\/wp-json\/wp\/v2\/categories?post=11770"},{"taxonomy":"post_tag","embeddable":true,"href":"https:\/\/fjala.info\/2009-2015\/wp-json\/wp\/v2\/tags?post=11770"}],"curies":[{"name":"wp","href":"https:\/\/api.w.org\/{rel}","templated":true}]}}