{"id":11769,"date":"2012-04-06T23:01:20","date_gmt":"2012-04-06T22:01:20","guid":{"rendered":"http:\/\/fjala.shkoder.net\/?p=2388"},"modified":"2012-04-06T23:01:20","modified_gmt":"2012-04-06T22:01:20","slug":"suedezet-pastrojne-lushnjen-lushnjaret-ndjekin-shfaqjen-pa-bilete","status":"publish","type":"post","link":"https:\/\/fjala.info\/2009-2015\/suedezet-pastrojne-lushnjen-lushnjaret-ndjekin-shfaqjen-pa-bilete\/","title":{"rendered":"Suedez\u00ebt pastrojn\u00eb Lushnjen; lushnjar\u00ebt ndjekin \u2018shfaqjen pa bilet\u00eb\u2019"},"content":{"rendered":"<p><img decoding=\"async\" class=\"alignleft size-thumbnail wp-image-7236\" title=\"Suedez\u00ebt pastrojn\u00eb Lushnj\u00ebn\" src=\"http:\/\/www.shkoder.net\/2012\/suedezet_pastrojne.jpg\" alt=\"\" width=\"300\" \/> <strong>ResPublica.al<\/strong>, <em>6 prill 2012<\/em><\/p>\n<p>Nj\u00eb kronik\u00eb e televizionit Top-channel t\u00eb linte t\u00eb topitur, pa fjal\u00eb e me nj\u00eb lloj sikleti p\u00ebr faktin q\u00eb jemi pjes\u00eb t\u00eb nj\u00eb komuniteti apatik e t\u00eb p\u00ebrgjumur. B\u00ebhej fjal\u00eb p\u00ebr dhjetra t\u00eb rinj suedez\u00eb, t\u00eb cil\u00ebt kan\u00eb ardhur tok me nj\u00eb prift n\u00eb Lushnj\u00eb, e n\u00ebn shtysa fetare kan\u00eb nd\u00ebrmarr\u00eb nj\u00eb aksion pastrimi t\u00eb qytetit myzeqar. \u201cLushnja \u00ebsht\u00eb shum\u00eb e pist\u00eb dhe ne duam ta p\u00ebrmir\u00ebsojme k\u00ebt\u00eb gjendje, n\u00eb t\u00eb cil\u00ebn ndodhet aktualisht. Ne mund t\u00eb b\u00ebjm\u00eb di\u00e7ka s\u00eb bashku\u201d, thot\u00eb nj\u00ebri syresh.<\/p>\n<p>Kamerat kan\u00eb kapur banor\u00ebt e qytetit, t\u00eb cil\u00ebve nuk u \u00ebsht\u00eb ngacmuar asnj\u00eb nerv civik prej k\u00ebtij aksioni. T\u00eb gjith\u00eb kan\u00eb b\u00ebr\u00eb sehir. Edhe kur grupi i vullnetar\u00ebve suedez\u00eb mb\u00ebrrinte te pragu i ndonj\u00eb sht\u00ebpie private, t\u00eb zot\u00ebt e sht\u00ebpis\u00eb dilnin te porta e b\u00ebheshin spektator\u00eb t\u00eb \u201cshfaqjes\u201d. Nuk u b\u00eb i gjall\u00eb askush p\u00ebr t\u00eb mobilizuar lushnjar\u00ebt n\u00eb mb\u00ebshtetje t\u00eb k\u00ebtij aksioni e pwr t\u2019i nxjerr\u00eb n\u00eb rrug\u00eb krah p\u00ebr krah suedez\u00ebve; nuk u b\u00eb i gjall\u00eb as prefekti, as kryetari i bashkis\u00eb, as kryetar\u00ebt e PD-s\u00eb, PS-s\u00eb, LSI-s\u00eb, as forumet rinore t\u00eb k\u00ebtyre partive q\u00eb n\u00eb rrethana elektorale mbushin sallat plot, as ndonj\u00eb shoqat\u00eb, as drejtori i ndonj\u00eb shkolle, as kishat apo xhamit\u00eb e atyshme, as dega e Aleanc\u00ebs Kuqezi q\u00eb e ka ngritur kuaz\u00ebn e vet mbi vlerat e m\u00ebdha putative humane e kulturore q\u00eb gjenden n\u00eb k\u00ebt\u00eb zg\u00ebq t\u00eb pist\u00eb t\u00eb globit, e q\u00eb p\u00ebr deviz\u00eb ka sloganin \u2018O sa mir\u00eb me qen\u00eb shqiptar!\u201d<\/p>\n<p>N\u00ebse \u00ebsht\u00eb mir\u00eb me qen\u00eb shqiptar, at\u00ebher\u00eb duhet t\u00eb jet\u00eb turp me qen\u00eb suedez. Apo jo?<\/p>\n<p>M.N.<\/p>\n","protected":false},"excerpt":{"rendered":"<p>ResPublica.al, 6 prill 2012 Nj\u00eb kronik\u00eb e televizionit Top-channel t\u00eb linte t\u00eb topitur, pa fjal\u00eb e me nj\u00eb lloj sikleti p\u00ebr faktin q\u00eb jemi pjes\u00eb t\u00eb nj\u00eb komuniteti apatik e t\u00eb p\u00ebrgjumur. B\u00ebhej fjal\u00eb p\u00ebr dhjetra t\u00eb rinj suedez\u00eb, t\u00eb cil\u00ebt kan\u00eb ardhur tok me nj\u00eb prift n\u00eb Lushnj\u00eb, e n\u00ebn shtysa fetare kan\u00eb nd\u00ebrmarr\u00eb [&hellip;]<\/p>\n","protected":false},"author":1,"featured_media":0,"comment_status":"open","ping_status":"closed","sticky":false,"template":"","format":"standard","meta":{"footnotes":""},"categories":[2,5],"tags":[],"class_list":{"0":"post-11769","1":"post","2":"type-post","3":"status-publish","4":"format-standard","6":"category-artikuj","7":"category-lajme"},"yoast_head":"<!-- This site is optimized with the Yoast SEO plugin v27.4 - https:\/\/yoast.com\/product\/yoast-seo-wordpress\/ -->\n<title>Suedez\u00ebt pastrojn\u00eb Lushnjen; lushnjar\u00ebt ndjekin \u2018shfaqjen pa bilet\u00eb\u2019 - FjALA e LIR\u00cb - Arkivi<\/title>\n<meta name=\"robots\" content=\"index, follow, max-snippet:-1, max-image-preview:large, max-video-preview:-1\" \/>\n<link rel=\"canonical\" href=\"https:\/\/fjala.info\/2009-2015\/suedezet-pastrojne-lushnjen-lushnjaret-ndjekin-shfaqjen-pa-bilete\/\" \/>\n<meta property=\"og:locale\" content=\"sq_AL\" \/>\n<meta property=\"og:type\" content=\"article\" \/>\n<meta property=\"og:title\" content=\"Suedez\u00ebt pastrojn\u00eb Lushnjen; lushnjar\u00ebt ndjekin \u2018shfaqjen pa bilet\u00eb\u2019 - FjALA e LIR\u00cb - Arkivi\" \/>\n<meta property=\"og:description\" content=\"ResPublica.al, 6 prill 2012 Nj\u00eb kronik\u00eb e televizionit Top-channel t\u00eb linte t\u00eb topitur, pa fjal\u00eb e me nj\u00eb lloj sikleti p\u00ebr faktin q\u00eb jemi pjes\u00eb t\u00eb nj\u00eb komuniteti apatik e t\u00eb p\u00ebrgjumur. B\u00ebhej fjal\u00eb p\u00ebr dhjetra t\u00eb rinj suedez\u00eb, t\u00eb cil\u00ebt kan\u00eb ardhur tok me nj\u00eb prift n\u00eb Lushnj\u00eb, e n\u00ebn shtysa fetare kan\u00eb nd\u00ebrmarr\u00eb [&hellip;]\" \/>\n<meta property=\"og:url\" content=\"https:\/\/fjala.info\/2009-2015\/suedezet-pastrojne-lushnjen-lushnjaret-ndjekin-shfaqjen-pa-bilete\/\" \/>\n<meta property=\"og:site_name\" content=\"FjALA e LIR\u00cb - Arkivi\" \/>\n<meta property=\"article:published_time\" content=\"2012-04-06T22:01:20+00:00\" \/>\n<meta property=\"og:image\" content=\"http:\/\/www.shkoder.net\/2012\/suedezet_pastrojne.jpg\" \/>\n<meta name=\"author\" content=\"admin\" \/>\n<meta name=\"twitter:card\" content=\"summary_large_image\" \/>\n<meta name=\"twitter:label1\" content=\"Written by\" \/>\n\t<meta name=\"twitter:data1\" content=\"admin\" \/>\n\t<meta name=\"twitter:label2\" content=\"Est. reading time\" \/>\n\t<meta name=\"twitter:data2\" content=\"2 minutes\" \/>\n<script type=\"application\/ld+json\" class=\"yoast-schema-graph\">{\"@context\":\"https:\\\/\\\/schema.org\",\"@graph\":[{\"@type\":\"Article\",\"@id\":\"https:\\\/\\\/fjala.info\\\/2009-2015\\\/suedezet-pastrojne-lushnjen-lushnjaret-ndjekin-shfaqjen-pa-bilete\\\/#article\",\"isPartOf\":{\"@id\":\"https:\\\/\\\/fjala.info\\\/2009-2015\\\/suedezet-pastrojne-lushnjen-lushnjaret-ndjekin-shfaqjen-pa-bilete\\\/\"},\"author\":{\"name\":\"admin\",\"@id\":\"https:\\\/\\\/fjala.info\\\/2009-2015\\\/#\\\/schema\\\/person\\\/3aa1163ef05469c496fc94e77611ada2\"},\"headline\":\"Suedez\u00ebt pastrojn\u00eb Lushnjen; lushnjar\u00ebt ndjekin \u2018shfaqjen pa bilet\u00eb\u2019\",\"datePublished\":\"2012-04-06T22:01:20+00:00\",\"mainEntityOfPage\":{\"@id\":\"https:\\\/\\\/fjala.info\\\/2009-2015\\\/suedezet-pastrojne-lushnjen-lushnjaret-ndjekin-shfaqjen-pa-bilete\\\/\"},\"wordCount\":314,\"commentCount\":0,\"publisher\":{\"@id\":\"https:\\\/\\\/fjala.info\\\/2009-2015\\\/#organization\"},\"image\":{\"@id\":\"https:\\\/\\\/fjala.info\\\/2009-2015\\\/suedezet-pastrojne-lushnjen-lushnjaret-ndjekin-shfaqjen-pa-bilete\\\/#primaryimage\"},\"thumbnailUrl\":\"http:\\\/\\\/www.shkoder.net\\\/2012\\\/suedezet_pastrojne.jpg\",\"articleSection\":[\"Artikuj\",\"Lajme\"],\"inLanguage\":\"sq-AL\",\"potentialAction\":[{\"@type\":\"CommentAction\",\"name\":\"Comment\",\"target\":[\"https:\\\/\\\/fjala.info\\\/2009-2015\\\/suedezet-pastrojne-lushnjen-lushnjaret-ndjekin-shfaqjen-pa-bilete\\\/#respond\"]}]},{\"@type\":\"WebPage\",\"@id\":\"https:\\\/\\\/fjala.info\\\/2009-2015\\\/suedezet-pastrojne-lushnjen-lushnjaret-ndjekin-shfaqjen-pa-bilete\\\/\",\"url\":\"https:\\\/\\\/fjala.info\\\/2009-2015\\\/suedezet-pastrojne-lushnjen-lushnjaret-ndjekin-shfaqjen-pa-bilete\\\/\",\"name\":\"Suedez\u00ebt pastrojn\u00eb Lushnjen; lushnjar\u00ebt ndjekin \u2018shfaqjen pa bilet\u00eb\u2019 - FjALA e LIR\u00cb - Arkivi\",\"isPartOf\":{\"@id\":\"https:\\\/\\\/fjala.info\\\/2009-2015\\\/#website\"},\"primaryImageOfPage\":{\"@id\":\"https:\\\/\\\/fjala.info\\\/2009-2015\\\/suedezet-pastrojne-lushnjen-lushnjaret-ndjekin-shfaqjen-pa-bilete\\\/#primaryimage\"},\"image\":{\"@id\":\"https:\\\/\\\/fjala.info\\\/2009-2015\\\/suedezet-pastrojne-lushnjen-lushnjaret-ndjekin-shfaqjen-pa-bilete\\\/#primaryimage\"},\"thumbnailUrl\":\"http:\\\/\\\/www.shkoder.net\\\/2012\\\/suedezet_pastrojne.jpg\",\"datePublished\":\"2012-04-06T22:01:20+00:00\",\"breadcrumb\":{\"@id\":\"https:\\\/\\\/fjala.info\\\/2009-2015\\\/suedezet-pastrojne-lushnjen-lushnjaret-ndjekin-shfaqjen-pa-bilete\\\/#breadcrumb\"},\"inLanguage\":\"sq-AL\",\"potentialAction\":[{\"@type\":\"ReadAction\",\"target\":[\"https:\\\/\\\/fjala.info\\\/2009-2015\\\/suedezet-pastrojne-lushnjen-lushnjaret-ndjekin-shfaqjen-pa-bilete\\\/\"]}]},{\"@type\":\"ImageObject\",\"inLanguage\":\"sq-AL\",\"@id\":\"https:\\\/\\\/fjala.info\\\/2009-2015\\\/suedezet-pastrojne-lushnjen-lushnjaret-ndjekin-shfaqjen-pa-bilete\\\/#primaryimage\",\"url\":\"http:\\\/\\\/www.shkoder.net\\\/2012\\\/suedezet_pastrojne.jpg\",\"contentUrl\":\"http:\\\/\\\/www.shkoder.net\\\/2012\\\/suedezet_pastrojne.jpg\"},{\"@type\":\"BreadcrumbList\",\"@id\":\"https:\\\/\\\/fjala.info\\\/2009-2015\\\/suedezet-pastrojne-lushnjen-lushnjaret-ndjekin-shfaqjen-pa-bilete\\\/#breadcrumb\",\"itemListElement\":[{\"@type\":\"ListItem\",\"position\":1,\"name\":\"Home\",\"item\":\"https:\\\/\\\/fjala.info\\\/2009-2015\\\/\"},{\"@type\":\"ListItem\",\"position\":2,\"name\":\"Suedez\u00ebt pastrojn\u00eb Lushnjen; lushnjar\u00ebt ndjekin \u2018shfaqjen pa bilet\u00eb\u2019\"}]},{\"@type\":\"WebSite\",\"@id\":\"https:\\\/\\\/fjala.info\\\/2009-2015\\\/#website\",\"url\":\"https:\\\/\\\/fjala.info\\\/2009-2015\\\/\",\"name\":\"FjALA e LIR\u00cb - Arkivi\",\"description\":\"Arkivi 2009-2015\",\"publisher\":{\"@id\":\"https:\\\/\\\/fjala.info\\\/2009-2015\\\/#organization\"},\"potentialAction\":[{\"@type\":\"SearchAction\",\"target\":{\"@type\":\"EntryPoint\",\"urlTemplate\":\"https:\\\/\\\/fjala.info\\\/2009-2015\\\/?s={search_term_string}\"},\"query-input\":{\"@type\":\"PropertyValueSpecification\",\"valueRequired\":true,\"valueName\":\"search_term_string\"}}],\"inLanguage\":\"sq-AL\"},{\"@type\":\"Organization\",\"@id\":\"https:\\\/\\\/fjala.info\\\/2009-2015\\\/#organization\",\"name\":\"FjALA e LIR\u00cb - Arkivi\",\"url\":\"https:\\\/\\\/fjala.info\\\/2009-2015\\\/\",\"logo\":{\"@type\":\"ImageObject\",\"inLanguage\":\"sq-AL\",\"@id\":\"https:\\\/\\\/fjala.info\\\/2009-2015\\\/#\\\/schema\\\/logo\\\/image\\\/\",\"url\":\"\",\"contentUrl\":\"\",\"caption\":\"FjALA e LIR\u00cb - Arkivi\"},\"image\":{\"@id\":\"https:\\\/\\\/fjala.info\\\/2009-2015\\\/#\\\/schema\\\/logo\\\/image\\\/\"}},{\"@type\":\"Person\",\"@id\":\"https:\\\/\\\/fjala.info\\\/2009-2015\\\/#\\\/schema\\\/person\\\/3aa1163ef05469c496fc94e77611ada2\",\"name\":\"admin\",\"image\":{\"@type\":\"ImageObject\",\"inLanguage\":\"sq-AL\",\"@id\":\"https:\\\/\\\/fjala.info\\\/2009-2015\\\/wp-content\\\/uploads\\\/2012\\\/02\\\/arben_cokaj-120x150.jpg\",\"url\":\"https:\\\/\\\/fjala.info\\\/2009-2015\\\/wp-content\\\/uploads\\\/2012\\\/02\\\/arben_cokaj-120x150.jpg\",\"contentUrl\":\"https:\\\/\\\/fjala.info\\\/2009-2015\\\/wp-content\\\/uploads\\\/2012\\\/02\\\/arben_cokaj-120x150.jpg\",\"caption\":\"admin\"},\"description\":\"Admin, Fjala e Lir\u00eb\",\"sameAs\":[\"https:\\\/\\\/fjala.info\\\/\"],\"url\":\"https:\\\/\\\/fjala.info\\\/2009-2015\\\/author\\\/admin\\\/\"}]}<\/script>\n<!-- \/ Yoast SEO plugin. -->","yoast_head_json":{"title":"Suedez\u00ebt pastrojn\u00eb Lushnjen; lushnjar\u00ebt ndjekin \u2018shfaqjen pa bilet\u00eb\u2019 - FjALA e LIR\u00cb - Arkivi","robots":{"index":"index","follow":"follow","max-snippet":"max-snippet:-1","max-image-preview":"max-image-preview:large","max-video-preview":"max-video-preview:-1"},"canonical":"https:\/\/fjala.info\/2009-2015\/suedezet-pastrojne-lushnjen-lushnjaret-ndjekin-shfaqjen-pa-bilete\/","og_locale":"sq_AL","og_type":"article","og_title":"Suedez\u00ebt pastrojn\u00eb Lushnjen; lushnjar\u00ebt ndjekin \u2018shfaqjen pa bilet\u00eb\u2019 - FjALA e LIR\u00cb - Arkivi","og_description":"ResPublica.al, 6 prill 2012 Nj\u00eb kronik\u00eb e televizionit Top-channel t\u00eb linte t\u00eb topitur, pa fjal\u00eb e me nj\u00eb lloj sikleti p\u00ebr faktin q\u00eb jemi pjes\u00eb t\u00eb nj\u00eb komuniteti apatik e t\u00eb p\u00ebrgjumur. B\u00ebhej fjal\u00eb p\u00ebr dhjetra t\u00eb rinj suedez\u00eb, t\u00eb cil\u00ebt kan\u00eb ardhur tok me nj\u00eb prift n\u00eb Lushnj\u00eb, e n\u00ebn shtysa fetare kan\u00eb nd\u00ebrmarr\u00eb [&hellip;]","og_url":"https:\/\/fjala.info\/2009-2015\/suedezet-pastrojne-lushnjen-lushnjaret-ndjekin-shfaqjen-pa-bilete\/","og_site_name":"FjALA e LIR\u00cb - Arkivi","article_published_time":"2012-04-06T22:01:20+00:00","og_image":[{"url":"http:\/\/www.shkoder.net\/2012\/suedezet_pastrojne.jpg","type":"","width":"","height":""}],"author":"admin","twitter_card":"summary_large_image","twitter_misc":{"Written by":"admin","Est. reading time":"2 minutes"},"schema":{"@context":"https:\/\/schema.org","@graph":[{"@type":"Article","@id":"https:\/\/fjala.info\/2009-2015\/suedezet-pastrojne-lushnjen-lushnjaret-ndjekin-shfaqjen-pa-bilete\/#article","isPartOf":{"@id":"https:\/\/fjala.info\/2009-2015\/suedezet-pastrojne-lushnjen-lushnjaret-ndjekin-shfaqjen-pa-bilete\/"},"author":{"name":"admin","@id":"https:\/\/fjala.info\/2009-2015\/#\/schema\/person\/3aa1163ef05469c496fc94e77611ada2"},"headline":"Suedez\u00ebt pastrojn\u00eb Lushnjen; lushnjar\u00ebt ndjekin \u2018shfaqjen pa bilet\u00eb\u2019","datePublished":"2012-04-06T22:01:20+00:00","mainEntityOfPage":{"@id":"https:\/\/fjala.info\/2009-2015\/suedezet-pastrojne-lushnjen-lushnjaret-ndjekin-shfaqjen-pa-bilete\/"},"wordCount":314,"commentCount":0,"publisher":{"@id":"https:\/\/fjala.info\/2009-2015\/#organization"},"image":{"@id":"https:\/\/fjala.info\/2009-2015\/suedezet-pastrojne-lushnjen-lushnjaret-ndjekin-shfaqjen-pa-bilete\/#primaryimage"},"thumbnailUrl":"http:\/\/www.shkoder.net\/2012\/suedezet_pastrojne.jpg","articleSection":["Artikuj","Lajme"],"inLanguage":"sq-AL","potentialAction":[{"@type":"CommentAction","name":"Comment","target":["https:\/\/fjala.info\/2009-2015\/suedezet-pastrojne-lushnjen-lushnjaret-ndjekin-shfaqjen-pa-bilete\/#respond"]}]},{"@type":"WebPage","@id":"https:\/\/fjala.info\/2009-2015\/suedezet-pastrojne-lushnjen-lushnjaret-ndjekin-shfaqjen-pa-bilete\/","url":"https:\/\/fjala.info\/2009-2015\/suedezet-pastrojne-lushnjen-lushnjaret-ndjekin-shfaqjen-pa-bilete\/","name":"Suedez\u00ebt pastrojn\u00eb Lushnjen; lushnjar\u00ebt ndjekin \u2018shfaqjen pa bilet\u00eb\u2019 - FjALA e LIR\u00cb - Arkivi","isPartOf":{"@id":"https:\/\/fjala.info\/2009-2015\/#website"},"primaryImageOfPage":{"@id":"https:\/\/fjala.info\/2009-2015\/suedezet-pastrojne-lushnjen-lushnjaret-ndjekin-shfaqjen-pa-bilete\/#primaryimage"},"image":{"@id":"https:\/\/fjala.info\/2009-2015\/suedezet-pastrojne-lushnjen-lushnjaret-ndjekin-shfaqjen-pa-bilete\/#primaryimage"},"thumbnailUrl":"http:\/\/www.shkoder.net\/2012\/suedezet_pastrojne.jpg","datePublished":"2012-04-06T22:01:20+00:00","breadcrumb":{"@id":"https:\/\/fjala.info\/2009-2015\/suedezet-pastrojne-lushnjen-lushnjaret-ndjekin-shfaqjen-pa-bilete\/#breadcrumb"},"inLanguage":"sq-AL","potentialAction":[{"@type":"ReadAction","target":["https:\/\/fjala.info\/2009-2015\/suedezet-pastrojne-lushnjen-lushnjaret-ndjekin-shfaqjen-pa-bilete\/"]}]},{"@type":"ImageObject","inLanguage":"sq-AL","@id":"https:\/\/fjala.info\/2009-2015\/suedezet-pastrojne-lushnjen-lushnjaret-ndjekin-shfaqjen-pa-bilete\/#primaryimage","url":"http:\/\/www.shkoder.net\/2012\/suedezet_pastrojne.jpg","contentUrl":"http:\/\/www.shkoder.net\/2012\/suedezet_pastrojne.jpg"},{"@type":"BreadcrumbList","@id":"https:\/\/fjala.info\/2009-2015\/suedezet-pastrojne-lushnjen-lushnjaret-ndjekin-shfaqjen-pa-bilete\/#breadcrumb","itemListElement":[{"@type":"ListItem","position":1,"name":"Home","item":"https:\/\/fjala.info\/2009-2015\/"},{"@type":"ListItem","position":2,"name":"Suedez\u00ebt pastrojn\u00eb Lushnjen; lushnjar\u00ebt ndjekin \u2018shfaqjen pa bilet\u00eb\u2019"}]},{"@type":"WebSite","@id":"https:\/\/fjala.info\/2009-2015\/#website","url":"https:\/\/fjala.info\/2009-2015\/","name":"FjALA e LIR\u00cb - Arkivi","description":"Arkivi 2009-2015","publisher":{"@id":"https:\/\/fjala.info\/2009-2015\/#organization"},"potentialAction":[{"@type":"SearchAction","target":{"@type":"EntryPoint","urlTemplate":"https:\/\/fjala.info\/2009-2015\/?s={search_term_string}"},"query-input":{"@type":"PropertyValueSpecification","valueRequired":true,"valueName":"search_term_string"}}],"inLanguage":"sq-AL"},{"@type":"Organization","@id":"https:\/\/fjala.info\/2009-2015\/#organization","name":"FjALA e LIR\u00cb - Arkivi","url":"https:\/\/fjala.info\/2009-2015\/","logo":{"@type":"ImageObject","inLanguage":"sq-AL","@id":"https:\/\/fjala.info\/2009-2015\/#\/schema\/logo\/image\/","url":"","contentUrl":"","caption":"FjALA e LIR\u00cb - Arkivi"},"image":{"@id":"https:\/\/fjala.info\/2009-2015\/#\/schema\/logo\/image\/"}},{"@type":"Person","@id":"https:\/\/fjala.info\/2009-2015\/#\/schema\/person\/3aa1163ef05469c496fc94e77611ada2","name":"admin","image":{"@type":"ImageObject","inLanguage":"sq-AL","@id":"https:\/\/fjala.info\/2009-2015\/wp-content\/uploads\/2012\/02\/arben_cokaj-120x150.jpg","url":"https:\/\/fjala.info\/2009-2015\/wp-content\/uploads\/2012\/02\/arben_cokaj-120x150.jpg","contentUrl":"https:\/\/fjala.info\/2009-2015\/wp-content\/uploads\/2012\/02\/arben_cokaj-120x150.jpg","caption":"admin"},"description":"Admin, Fjala e Lir\u00eb","sameAs":["https:\/\/fjala.info\/"],"url":"https:\/\/fjala.info\/2009-2015\/author\/admin\/"}]}},"_links":{"self":[{"href":"https:\/\/fjala.info\/2009-2015\/wp-json\/wp\/v2\/posts\/11769","targetHints":{"allow":["GET"]}}],"collection":[{"href":"https:\/\/fjala.info\/2009-2015\/wp-json\/wp\/v2\/posts"}],"about":[{"href":"https:\/\/fjala.info\/2009-2015\/wp-json\/wp\/v2\/types\/post"}],"author":[{"embeddable":true,"href":"https:\/\/fjala.info\/2009-2015\/wp-json\/wp\/v2\/users\/1"}],"replies":[{"embeddable":true,"href":"https:\/\/fjala.info\/2009-2015\/wp-json\/wp\/v2\/comments?post=11769"}],"version-history":[{"count":0,"href":"https:\/\/fjala.info\/2009-2015\/wp-json\/wp\/v2\/posts\/11769\/revisions"}],"wp:attachment":[{"href":"https:\/\/fjala.info\/2009-2015\/wp-json\/wp\/v2\/media?parent=11769"}],"wp:term":[{"taxonomy":"category","embeddable":true,"href":"https:\/\/fjala.info\/2009-2015\/wp-json\/wp\/v2\/categories?post=11769"},{"taxonomy":"post_tag","embeddable":true,"href":"https:\/\/fjala.info\/2009-2015\/wp-json\/wp\/v2\/tags?post=11769"}],"curies":[{"name":"wp","href":"https:\/\/api.w.org\/{rel}","templated":true}]}}