{"id":11768,"date":"2012-04-06T22:55:55","date_gmt":"2012-04-06T21:55:55","guid":{"rendered":"http:\/\/fjala.shkoder.net\/?p=2386"},"modified":"2012-04-06T22:55:55","modified_gmt":"2012-04-06T21:55:55","slug":"mos-i-puth-me-duart-e-janullatosit-baba-mondit-rrok-mirdites-e-selim-muces","status":"publish","type":"post","link":"https:\/\/fjala.info\/2009-2015\/mos-i-puth-me-duart-e-janullatosit-baba-mondit-rrok-mirdites-e-selim-muces\/","title":{"rendered":"Mos i puth m\u00eb duart e Janullatosit, Baba Mondit, Rrok Mirdit\u00ebs e Selim Mu\u00e7\u00ebs"},"content":{"rendered":"<p><img decoding=\"async\" class=\"alignright size-thumbnail wp-image-7236\" title=\"Berisha - Janullatos\" src=\"http:\/\/www.shkoder.net\/2012\/berisha_janullatos.jpg\" alt=\"\" width=\"300\" \/> Nga <strong>Bledi Mane<\/strong> &#8211; <em>Public Enemy<\/em>, <em>6 Prill 2012<\/em><br \/>\nwww.facebook.com\/bledi.mane<\/p>\n<p>M\u00ebngjesin e s\u00eb diel\u00ebs q\u00eb po vjen do t\u00eb zgjohen si zakonisht lento-lento. Do t\u00eb shtriqen gjer\u00eb e gjat\u00eb n\u00eb krevatet e tyre me dyshek\u00eb e \u00e7ar\u00e7af\u00eb Stambolli dhe pasi do t\u00eb b\u00ebjn\u00eb sikur p\u00ebrk\u00ebdhelin grat\u00eb e tyre byth\u00ebtrasha do i komplimentojn\u00eb p\u00ebr korset\u00eb bullgare q\u00eb nuk i heqin kurr\u00eb nga trupi prej frik\u00ebs s\u00eb pal\u00ebve t\u00eb dhjamit q\u00eb u varen si bole dashi. Do t\u00eb nisin tu tregojn\u00eb p\u00ebr \u00ebndrrat e frikshme t\u00eb nj\u00eb nate m\u00eb par\u00eb e pasi jan\u00eb ngush\u00eblluar spontanisht do vazhdojn\u00eb me telefonatat e fillimdit\u00ebs. Para se t\u00eb han\u00eb m\u00ebngjesin telefonat\u00ebn e fundit do ta b\u00ebjn\u00eb me shofer\u00ebt e sekretaret e tyre:<\/p>\n<p>-N\u00eb 10 pa \u00e7erek m\u00eb prit me makin\u00eb posht\u00eb sht\u00ebpis\u00eb, n\u00eb or\u00ebn 10 m\u00eb lini takimin. Dua t\u00eb shkoj para atij gomarit, m\u00eb njoftoni kur shkon ambasadori sepse dua t\u00eb duket sikur rastis me t\u00eb. Ajo debilja mos shfaqet kur un\u00eb hyj brenda nd\u00ebrsa gazetar\u00ebve thuajuni t\u00eb mos m\u00eb ngacmojn\u00eb me pyetje pasi t\u00eb dal nga takimi. Thjesht nj\u00eb mesazh me spond do t\u00eb jap nd\u00ebrsa n\u00eb lajmet e drek\u00ebs dua t\u00eb jem kronika e par\u00eb. Desh harrova, News 24 duhet t\u00eb m\u00eb transmetoj\u00eb live\u2026live\u2026<\/p>\n<p>***<\/p>\n<p>K\u00ebt\u00eb t\u00eb diel m\u00eb dat\u00ebn 8 prill fill pas shfaqjes s\u00eb h\u00ebn\u00ebs s\u00eb plot\u00eb pranverore katolik\u00ebt dhe protestant\u00ebt festojn\u00eb Pashk\u00ebn, ringjalljen e Krishtit. Mes breng\u00ebs s\u00eb vdekjes s\u00eb apostulit dhe ngaz\u00ebllimit t\u00eb ringjalljes s\u00eb tij, mes miqsh, shok\u00ebsh e familjar\u00ebsh para drek\u00ebs s\u00eb bekuar t\u00eb Pashk\u00ebs shum\u00ebkush do t\u00eb shkoj\u00eb t\u00eb tok\u00eb duart edhe me imzot Rrok Mirdit\u00ebn, kryepeshkopin e Durr\u00ebsit dhe Tiran\u00ebs. Do t\u00eb tentojn\u00eb t\u2019i afrohen e ta prekin porsi Atin e Shenjt\u00eb sepse n\u00eb mesh\u00ebn e Pashk\u00ebs nuk e pat\u00ebn fatin. Katedralja e Sh\u00ebn Palit n\u00eb bulevardin Zhan D\u2019ark rrethohet si gjithnj\u00eb jasht\u00eb e brenda me polic\u00eb e gardist\u00eb (pa uniformat e 21 janarit) civil\u00eb jo sepse si verior\u00eb q\u00eb jan\u00eb, jan\u00eb patjet\u00ebr edhe katolik\u00eb, por jan\u00eb atje t\u00eb thurin gardhin e siguris\u00eb p\u00ebr at\u00eb, katoliken prej Shkodret, e cila ka 7 vjet q\u00eb nuk mungon n\u00eb mesha pashk\u00ebsh e krishtlindjesh. \u00cbsht\u00eb spikerja e parlamentit t\u00eb k\u00ebtij vendi t\u00eb eg\u00ebr ballkanas dhe si zullumqare e m\u00ebkatare aspak e rafinuar, kujton se prania e saj n\u00eb sht\u00ebpin\u00eb e Zotit do t\u2019ia depilonte porsi qimet, m\u00ebkatet.<\/p>\n<p>Besimtar\u00ebt dhe votuesit e devotsh\u00ebm pavar\u00ebsisht se sistematikisht ndjehen t\u00eb frustruar nga k\u00ebto lloj ceremonish pa grint\u00eb besimi, p\u00ebr hat\u00ebr t\u00eb urt\u00ebsis\u00eb dhe toleranc\u00ebs ungjillore qepin goj\u00ebn, ndezin qiriun, p\u00ebshp\u00ebritin lutjen dhe largohen.<\/p>\n<p>Ata e din\u00eb se tashm\u00eb politika pasi u ka mbir\u00eb n\u00eb sy, n\u00eb ekranet e televizor\u00ebve&amp;kompjuterave, n\u00eb boshll\u00ebkun e frigoriferit dhe portofoleve po ua zapton edhe hap\u00ebsir\u00ebn e paqes.<\/p>\n<p>Krer\u00ebt e paricikluesh\u00ebm legjendar\u00eb 20 vje\u00e7ar\u00eb t\u00eb tranzicionit nuk po u len\u00eb radh\u00eb t\u00eb flasin e t\u00eb rr\u00ebfehen edhe n\u00eb sht\u00ebpit\u00eb q\u00eb vet\u00eb njer\u00ebzit i kan\u00eb ngritur p\u00ebr tu amshuar e p\u00ebr t\u00eb ndjer\u00eb pranin\u00eb e Per\u00ebndis\u00eb.<\/p>\n<p>***<\/p>\n<p>Kudo t\u00eb nj\u00ebjta fytyra perverse hipokrite.<\/p>\n<p>Shkon n\u00eb sht\u00ebpin\u00eb e Rrok Mirdit\u00ebs t\u00eb marr\u00ebsh vez\u00ebn e kuqe t\u00eb Pashk\u00ebs, por nuk t\u00eb le njeri radh\u00eb se politika b\u00ebn adetin.<\/p>\n<p>Te Baba Mondi nuk ke shans t\u00eb hash pak hashure se lug\u00ebn (jo hurin) ta ka rr\u00ebmbyer Ekremi, nd\u00ebrsa tasin Iliri i l\u00ebs\u00ebis\u00eb.<\/p>\n<p>Andej nga ortodok\u00ebsia e Janullatosit sapo shp\u00ebrndahet reja e thimjamit er\u00ebr\u00ebnd\u00eb, siluetat bajate t\u00eb lider\u00ebve i risheh po aty si ikona t\u00eb ceg\u00ebrta prej shekujve.<\/p>\n<p>Kur Selim Mu\u00e7a i sunit\u00ebve ther e b\u00ebn kurbanin e radh\u00ebs, gjaku i qengjit t\u00eb pafajsh\u00ebm sp\u00ebrkat t\u00eb nj\u00ebjtat k\u00ebpuc\u00eb t\u00eb llustrosura politikan\u00ebsh q\u00eb b\u00ebjn\u00eb k\u00ebmb\u00eb dy her\u00eb n\u00eb vit pran\u00eb komunitetit musliman.<\/p>\n<p>E \u00e7uditshme sesi ua hapin dyert djajve, si i fusin brenda, takohen e llafosen gjer\u00eb e gjat\u00eb?<\/p>\n<p>Si mund tu b\u00ebsh vend berishajve t\u00eb politik\u00ebs n\u00eb kish\u00eb, xhami e teqe?<\/p>\n<p>Si mund t\u00eb marr\u00ebsh urim, t\u00eb tok\u00ebsh duart e t\u00eb bekosh njerzit q\u00eb e kan\u00eb mo\u00e7alosur dhe anadollosur vendin ku shkeli k\u00ebmba e Palit t\u00eb shenjt\u00eb, dhe atdheun natyral q\u00eb lindi N\u00ebn\u00eb Terez\u00ebn?<\/p>\n<p>Si nuk ua derdhin mallkimet mbi fytyr\u00eb politikan\u00ebve tan\u00eb hamshor\u00eb t\u00eb posht\u00ebrsive k\u00ebta klerik\u00ebt tan\u00eb?<\/p>\n<p>21 vjet qysh kur feja iu rikthye k\u00ebsaj republike ateiste vizitor\u00ebt dhe prit\u00ebsit jan\u00eb po t\u00eb nj\u00ebjt\u00ebt.<\/p>\n<p>Jam kureshtar t\u00eb di n\u00ebse i flasin dhe i kritikojn\u00eb kur politika ia beh n\u00eb dyert e sht\u00ebpis\u00eb s\u00eb Zotit?<\/p>\n<p>Ua t\u00ebrheqin vall\u00eb veshin p\u00ebr mizerjen e krimit dhe varf\u00ebris\u00eb shpirt\u00ebrore atyre q\u00eb na prijn\u00eb e na prijn\u00eb e na prijn\u00eb deri n\u00eb bajatosje???<\/p>\n<p>Jam skeptik dhe dyshoj n\u00eb bashk\u00ebfaj\u00ebsi. Rroku,baba Mondi, Selimi, Janullatosi n\u00eb em\u00ebr t\u00eb t\u00eb Gjith\u00ebpushtetshmit, n\u00eb em\u00ebr t\u00eb bashk\u00ebjetes\u00ebs dhe paqes, n\u00eb em\u00ebr t\u00eb prosperitetit dhe mir\u00ebqenies duhet tua p\u00ebrplasin n\u00eb fytyr\u00eb dyert e kulteve.<\/p>\n<p>Le t\u00eb ftojn\u00eb p\u00ebr kurban Bajram nj\u00eb student t\u00eb shk\u00eblqyer q\u00eb m\u00ebson e punon mes sakrificash dhe ta bekojn\u00eb e dorovisin me dashuri Allahu.<\/p>\n<p>Le t\u00eb ftojn\u00eb p\u00ebr Krishtlindje e t\u00eb shfaqen ekraneve me nj\u00eb sip\u00ebrmarr\u00ebs t\u00eb ndersh\u00ebm e korrekt q\u00eb i b\u00ebn nder kristianizmit dhe Shqip\u00ebris\u00eb.<\/p>\n<p>Le t\u00eb ftojn\u00eb p\u00ebr Hashure e t\u00eb yshtin me fisnik\u00ebrin\u00eb e Imam Aliut nj\u00eb n\u00ebn\u00eb t\u00eb vuajtur pun\u00ebtore t\u00eb ve e me shum\u00eb f\u00ebmij\u00eb e cili mbijeton mes sakrificash n\u00eb atdheun e f\u00eblliqur t\u00eb Monik\u00ebs, Rajmond\u00ebs, Majlind\u00ebs.<\/p>\n<p>Le t\u00eb ftojn\u00eb p\u00ebr pashk\u00eb nj\u00eb mjek a infermiere t\u00eb ndershme t\u00eb cil\u00ebt 2 mij\u00eb lek\u00ebshin e bakshishit ia vendosin posht\u00eb jast\u00ebkut pacientit q\u00eb ua dha n\u00ebn dor\u00eb kur luftonte me vdekjen.<\/p>\n<p>T\u00eb mos i qasin n\u00eb sht\u00ebpit\u00eb e shenjta t\u00eb Zotit k\u00ebta m\u00ebkatar\u00ebt tan\u00eb q\u00eb vrasin e ndotin atdheun porsi G\u00ebrdeci i Fatmir Mediut.<\/p>\n<p>Jam skeptik dhe dyshoj. Zoti nuk mallkon e nuk hakmerret ndaj poltikan\u00ebve tan\u00eb bushtra sepse sekser\u00eb t\u00eb faljes s\u00eb m\u00ebkateve patjet\u00ebr do t\u00eb jen\u00eb klerik\u00ebt tan\u00eb. Jan\u00eb specie q\u00eb kopjojn\u00eb nj\u00ebri-tjetrin, nuk b\u00ebjn\u00eb dot pa njeri-tjetrin, m\u00ebsojn\u00eb nga njeri-tjetri, fen\u00eb e kan\u00eb politizuar dhe politik\u00ebn e kan\u00eb religjionarizuar. Besimtar\u00ebt i kan\u00eb kthyer n\u00eb elektorat dhe elektoratin n\u00eb besimtar\u00eb e turm\u00eb naive.<\/p>\n<p>Ndaj k\u00ebt\u00eb pashk\u00eb q\u00eb vjen, at\u00eb pashk\u00ebn tjet\u00ebr q\u00eb duket n\u00eb horizont, p\u00ebr bajram t\u00eb vog\u00ebl, t\u00eb madh e p\u00ebr hashure mos shko as n\u00eb kish\u00eb, teqe e xhami. Mos shko t\u00eb puth\u00ebsh duart e Janullatosit, Baba Mondit, Rrok Mirdit\u00ebs e Selim Mu\u00e7\u00ebs. Jo, mos prek buz\u00ebt e tua me duart q\u00eb takojn\u00eb Berish\u00ebn, Jozefin\u00ebn, Fatos Nanon, Lul Bash\u00ebn. Do t\u00eb dukesh si vampir e ke p\u00ebr t\u00eb skuqur buz\u00ebt me gjakun e t\u00eb pafajshm\u00ebve.<\/p>\n<p>Sa her\u00eb q\u00eb Per\u00ebndia t\u00eb ndjell t\u00eb festosh si musliman e si i krishter\u00eb mos guxo t\u00eb puth\u00ebsh duart e klerik\u00ebve tan\u00eb. Mbyll syt\u00eb, thuaj nj\u00eb lutje n\u00eb heshtje, puth f\u00ebmij\u00ebt, t\u00eb dashurit e tu dhe vet\u00eb Zoti do t\u00eb ta shp\u00ebrblej\u00eb.<\/p>\n<p>Mos i puth m\u00eb ato duar. Pesha e m\u00ebkatit nuk do t\u00eb bjer\u00eb m\u00eb mbi ty e ti do t\u00eb \u00e7lirohesh p\u00ebrgjithmon\u00eb\u2026AMEN!!!<\/p>\n","protected":false},"excerpt":{"rendered":"<p>Nga Bledi Mane &#8211; Public Enemy, 6 Prill 2012 www.facebook.com\/bledi.mane M\u00ebngjesin e s\u00eb diel\u00ebs q\u00eb po vjen do t\u00eb zgjohen si zakonisht lento-lento. Do t\u00eb shtriqen gjer\u00eb e gjat\u00eb n\u00eb krevatet e tyre me dyshek\u00eb e \u00e7ar\u00e7af\u00eb Stambolli dhe pasi do t\u00eb b\u00ebjn\u00eb sikur p\u00ebrk\u00ebdhelin grat\u00eb e tyre byth\u00ebtrasha do i komplimentojn\u00eb p\u00ebr korset\u00eb bullgare [&hellip;]<\/p>\n","protected":false},"author":1,"featured_media":0,"comment_status":"open","ping_status":"closed","sticky":false,"template":"","format":"standard","meta":{"footnotes":""},"categories":[2],"tags":[],"class_list":{"0":"post-11768","1":"post","2":"type-post","3":"status-publish","4":"format-standard","6":"category-artikuj"},"yoast_head":"<!-- This site is optimized with the Yoast SEO plugin v27.4 - https:\/\/yoast.com\/product\/yoast-seo-wordpress\/ -->\n<title>Mos i puth m\u00eb duart e Janullatosit, Baba Mondit, Rrok Mirdit\u00ebs e Selim Mu\u00e7\u00ebs - FjALA e LIR\u00cb - Arkivi<\/title>\n<meta name=\"robots\" content=\"index, follow, max-snippet:-1, max-image-preview:large, max-video-preview:-1\" \/>\n<link rel=\"canonical\" href=\"https:\/\/fjala.info\/2009-2015\/mos-i-puth-me-duart-e-janullatosit-baba-mondit-rrok-mirdites-e-selim-muces\/\" \/>\n<meta property=\"og:locale\" content=\"sq_AL\" \/>\n<meta property=\"og:type\" content=\"article\" \/>\n<meta property=\"og:title\" content=\"Mos i puth m\u00eb duart e Janullatosit, Baba Mondit, Rrok Mirdit\u00ebs e Selim Mu\u00e7\u00ebs - FjALA e LIR\u00cb - Arkivi\" \/>\n<meta property=\"og:description\" content=\"Nga Bledi Mane &#8211; Public Enemy, 6 Prill 2012 www.facebook.com\/bledi.mane M\u00ebngjesin e s\u00eb diel\u00ebs q\u00eb po vjen do t\u00eb zgjohen si zakonisht lento-lento. Do t\u00eb shtriqen gjer\u00eb e gjat\u00eb n\u00eb krevatet e tyre me dyshek\u00eb e \u00e7ar\u00e7af\u00eb Stambolli dhe pasi do t\u00eb b\u00ebjn\u00eb sikur p\u00ebrk\u00ebdhelin grat\u00eb e tyre byth\u00ebtrasha do i komplimentojn\u00eb p\u00ebr korset\u00eb bullgare [&hellip;]\" \/>\n<meta property=\"og:url\" content=\"https:\/\/fjala.info\/2009-2015\/mos-i-puth-me-duart-e-janullatosit-baba-mondit-rrok-mirdites-e-selim-muces\/\" \/>\n<meta property=\"og:site_name\" content=\"FjALA e LIR\u00cb - Arkivi\" \/>\n<meta property=\"article:published_time\" content=\"2012-04-06T21:55:55+00:00\" \/>\n<meta property=\"og:image\" content=\"http:\/\/www.shkoder.net\/2012\/berisha_janullatos.jpg\" \/>\n<meta name=\"author\" content=\"admin\" \/>\n<meta name=\"twitter:card\" content=\"summary_large_image\" \/>\n<meta name=\"twitter:label1\" content=\"Written by\" \/>\n\t<meta name=\"twitter:data1\" content=\"admin\" \/>\n\t<meta name=\"twitter:label2\" content=\"Est. reading time\" \/>\n\t<meta name=\"twitter:data2\" content=\"7 minutes\" \/>\n<script type=\"application\/ld+json\" class=\"yoast-schema-graph\">{\"@context\":\"https:\\\/\\\/schema.org\",\"@graph\":[{\"@type\":\"Article\",\"@id\":\"https:\\\/\\\/fjala.info\\\/2009-2015\\\/mos-i-puth-me-duart-e-janullatosit-baba-mondit-rrok-mirdites-e-selim-muces\\\/#article\",\"isPartOf\":{\"@id\":\"https:\\\/\\\/fjala.info\\\/2009-2015\\\/mos-i-puth-me-duart-e-janullatosit-baba-mondit-rrok-mirdites-e-selim-muces\\\/\"},\"author\":{\"name\":\"admin\",\"@id\":\"https:\\\/\\\/fjala.info\\\/2009-2015\\\/#\\\/schema\\\/person\\\/3aa1163ef05469c496fc94e77611ada2\"},\"headline\":\"Mos i puth m\u00eb duart e Janullatosit, Baba Mondit, Rrok Mirdit\u00ebs e Selim Mu\u00e7\u00ebs\",\"datePublished\":\"2012-04-06T21:55:55+00:00\",\"mainEntityOfPage\":{\"@id\":\"https:\\\/\\\/fjala.info\\\/2009-2015\\\/mos-i-puth-me-duart-e-janullatosit-baba-mondit-rrok-mirdites-e-selim-muces\\\/\"},\"wordCount\":1316,\"commentCount\":0,\"publisher\":{\"@id\":\"https:\\\/\\\/fjala.info\\\/2009-2015\\\/#organization\"},\"image\":{\"@id\":\"https:\\\/\\\/fjala.info\\\/2009-2015\\\/mos-i-puth-me-duart-e-janullatosit-baba-mondit-rrok-mirdites-e-selim-muces\\\/#primaryimage\"},\"thumbnailUrl\":\"http:\\\/\\\/www.shkoder.net\\\/2012\\\/berisha_janullatos.jpg\",\"articleSection\":[\"Artikuj\"],\"inLanguage\":\"sq-AL\",\"potentialAction\":[{\"@type\":\"CommentAction\",\"name\":\"Comment\",\"target\":[\"https:\\\/\\\/fjala.info\\\/2009-2015\\\/mos-i-puth-me-duart-e-janullatosit-baba-mondit-rrok-mirdites-e-selim-muces\\\/#respond\"]}]},{\"@type\":\"WebPage\",\"@id\":\"https:\\\/\\\/fjala.info\\\/2009-2015\\\/mos-i-puth-me-duart-e-janullatosit-baba-mondit-rrok-mirdites-e-selim-muces\\\/\",\"url\":\"https:\\\/\\\/fjala.info\\\/2009-2015\\\/mos-i-puth-me-duart-e-janullatosit-baba-mondit-rrok-mirdites-e-selim-muces\\\/\",\"name\":\"Mos i puth m\u00eb duart e Janullatosit, Baba Mondit, Rrok Mirdit\u00ebs e Selim Mu\u00e7\u00ebs - FjALA e LIR\u00cb - Arkivi\",\"isPartOf\":{\"@id\":\"https:\\\/\\\/fjala.info\\\/2009-2015\\\/#website\"},\"primaryImageOfPage\":{\"@id\":\"https:\\\/\\\/fjala.info\\\/2009-2015\\\/mos-i-puth-me-duart-e-janullatosit-baba-mondit-rrok-mirdites-e-selim-muces\\\/#primaryimage\"},\"image\":{\"@id\":\"https:\\\/\\\/fjala.info\\\/2009-2015\\\/mos-i-puth-me-duart-e-janullatosit-baba-mondit-rrok-mirdites-e-selim-muces\\\/#primaryimage\"},\"thumbnailUrl\":\"http:\\\/\\\/www.shkoder.net\\\/2012\\\/berisha_janullatos.jpg\",\"datePublished\":\"2012-04-06T21:55:55+00:00\",\"breadcrumb\":{\"@id\":\"https:\\\/\\\/fjala.info\\\/2009-2015\\\/mos-i-puth-me-duart-e-janullatosit-baba-mondit-rrok-mirdites-e-selim-muces\\\/#breadcrumb\"},\"inLanguage\":\"sq-AL\",\"potentialAction\":[{\"@type\":\"ReadAction\",\"target\":[\"https:\\\/\\\/fjala.info\\\/2009-2015\\\/mos-i-puth-me-duart-e-janullatosit-baba-mondit-rrok-mirdites-e-selim-muces\\\/\"]}]},{\"@type\":\"ImageObject\",\"inLanguage\":\"sq-AL\",\"@id\":\"https:\\\/\\\/fjala.info\\\/2009-2015\\\/mos-i-puth-me-duart-e-janullatosit-baba-mondit-rrok-mirdites-e-selim-muces\\\/#primaryimage\",\"url\":\"http:\\\/\\\/www.shkoder.net\\\/2012\\\/berisha_janullatos.jpg\",\"contentUrl\":\"http:\\\/\\\/www.shkoder.net\\\/2012\\\/berisha_janullatos.jpg\"},{\"@type\":\"BreadcrumbList\",\"@id\":\"https:\\\/\\\/fjala.info\\\/2009-2015\\\/mos-i-puth-me-duart-e-janullatosit-baba-mondit-rrok-mirdites-e-selim-muces\\\/#breadcrumb\",\"itemListElement\":[{\"@type\":\"ListItem\",\"position\":1,\"name\":\"Home\",\"item\":\"https:\\\/\\\/fjala.info\\\/2009-2015\\\/\"},{\"@type\":\"ListItem\",\"position\":2,\"name\":\"Mos i puth m\u00eb duart e Janullatosit, Baba Mondit, Rrok Mirdit\u00ebs e Selim Mu\u00e7\u00ebs\"}]},{\"@type\":\"WebSite\",\"@id\":\"https:\\\/\\\/fjala.info\\\/2009-2015\\\/#website\",\"url\":\"https:\\\/\\\/fjala.info\\\/2009-2015\\\/\",\"name\":\"FjALA e LIR\u00cb - Arkivi\",\"description\":\"Arkivi 2009-2015\",\"publisher\":{\"@id\":\"https:\\\/\\\/fjala.info\\\/2009-2015\\\/#organization\"},\"potentialAction\":[{\"@type\":\"SearchAction\",\"target\":{\"@type\":\"EntryPoint\",\"urlTemplate\":\"https:\\\/\\\/fjala.info\\\/2009-2015\\\/?s={search_term_string}\"},\"query-input\":{\"@type\":\"PropertyValueSpecification\",\"valueRequired\":true,\"valueName\":\"search_term_string\"}}],\"inLanguage\":\"sq-AL\"},{\"@type\":\"Organization\",\"@id\":\"https:\\\/\\\/fjala.info\\\/2009-2015\\\/#organization\",\"name\":\"FjALA e LIR\u00cb - Arkivi\",\"url\":\"https:\\\/\\\/fjala.info\\\/2009-2015\\\/\",\"logo\":{\"@type\":\"ImageObject\",\"inLanguage\":\"sq-AL\",\"@id\":\"https:\\\/\\\/fjala.info\\\/2009-2015\\\/#\\\/schema\\\/logo\\\/image\\\/\",\"url\":\"\",\"contentUrl\":\"\",\"caption\":\"FjALA e LIR\u00cb - Arkivi\"},\"image\":{\"@id\":\"https:\\\/\\\/fjala.info\\\/2009-2015\\\/#\\\/schema\\\/logo\\\/image\\\/\"}},{\"@type\":\"Person\",\"@id\":\"https:\\\/\\\/fjala.info\\\/2009-2015\\\/#\\\/schema\\\/person\\\/3aa1163ef05469c496fc94e77611ada2\",\"name\":\"admin\",\"image\":{\"@type\":\"ImageObject\",\"inLanguage\":\"sq-AL\",\"@id\":\"https:\\\/\\\/fjala.info\\\/2009-2015\\\/wp-content\\\/uploads\\\/2012\\\/02\\\/arben_cokaj-120x150.jpg\",\"url\":\"https:\\\/\\\/fjala.info\\\/2009-2015\\\/wp-content\\\/uploads\\\/2012\\\/02\\\/arben_cokaj-120x150.jpg\",\"contentUrl\":\"https:\\\/\\\/fjala.info\\\/2009-2015\\\/wp-content\\\/uploads\\\/2012\\\/02\\\/arben_cokaj-120x150.jpg\",\"caption\":\"admin\"},\"description\":\"Admin, Fjala e Lir\u00eb\",\"sameAs\":[\"https:\\\/\\\/fjala.info\\\/\"],\"url\":\"https:\\\/\\\/fjala.info\\\/2009-2015\\\/author\\\/admin\\\/\"}]}<\/script>\n<!-- \/ Yoast SEO plugin. -->","yoast_head_json":{"title":"Mos i puth m\u00eb duart e Janullatosit, Baba Mondit, Rrok Mirdit\u00ebs e Selim Mu\u00e7\u00ebs - FjALA e LIR\u00cb - Arkivi","robots":{"index":"index","follow":"follow","max-snippet":"max-snippet:-1","max-image-preview":"max-image-preview:large","max-video-preview":"max-video-preview:-1"},"canonical":"https:\/\/fjala.info\/2009-2015\/mos-i-puth-me-duart-e-janullatosit-baba-mondit-rrok-mirdites-e-selim-muces\/","og_locale":"sq_AL","og_type":"article","og_title":"Mos i puth m\u00eb duart e Janullatosit, Baba Mondit, Rrok Mirdit\u00ebs e Selim Mu\u00e7\u00ebs - FjALA e LIR\u00cb - Arkivi","og_description":"Nga Bledi Mane &#8211; Public Enemy, 6 Prill 2012 www.facebook.com\/bledi.mane M\u00ebngjesin e s\u00eb diel\u00ebs q\u00eb po vjen do t\u00eb zgjohen si zakonisht lento-lento. Do t\u00eb shtriqen gjer\u00eb e gjat\u00eb n\u00eb krevatet e tyre me dyshek\u00eb e \u00e7ar\u00e7af\u00eb Stambolli dhe pasi do t\u00eb b\u00ebjn\u00eb sikur p\u00ebrk\u00ebdhelin grat\u00eb e tyre byth\u00ebtrasha do i komplimentojn\u00eb p\u00ebr korset\u00eb bullgare [&hellip;]","og_url":"https:\/\/fjala.info\/2009-2015\/mos-i-puth-me-duart-e-janullatosit-baba-mondit-rrok-mirdites-e-selim-muces\/","og_site_name":"FjALA e LIR\u00cb - Arkivi","article_published_time":"2012-04-06T21:55:55+00:00","og_image":[{"url":"http:\/\/www.shkoder.net\/2012\/berisha_janullatos.jpg","type":"","width":"","height":""}],"author":"admin","twitter_card":"summary_large_image","twitter_misc":{"Written by":"admin","Est. reading time":"7 minutes"},"schema":{"@context":"https:\/\/schema.org","@graph":[{"@type":"Article","@id":"https:\/\/fjala.info\/2009-2015\/mos-i-puth-me-duart-e-janullatosit-baba-mondit-rrok-mirdites-e-selim-muces\/#article","isPartOf":{"@id":"https:\/\/fjala.info\/2009-2015\/mos-i-puth-me-duart-e-janullatosit-baba-mondit-rrok-mirdites-e-selim-muces\/"},"author":{"name":"admin","@id":"https:\/\/fjala.info\/2009-2015\/#\/schema\/person\/3aa1163ef05469c496fc94e77611ada2"},"headline":"Mos i puth m\u00eb duart e Janullatosit, Baba Mondit, Rrok Mirdit\u00ebs e Selim Mu\u00e7\u00ebs","datePublished":"2012-04-06T21:55:55+00:00","mainEntityOfPage":{"@id":"https:\/\/fjala.info\/2009-2015\/mos-i-puth-me-duart-e-janullatosit-baba-mondit-rrok-mirdites-e-selim-muces\/"},"wordCount":1316,"commentCount":0,"publisher":{"@id":"https:\/\/fjala.info\/2009-2015\/#organization"},"image":{"@id":"https:\/\/fjala.info\/2009-2015\/mos-i-puth-me-duart-e-janullatosit-baba-mondit-rrok-mirdites-e-selim-muces\/#primaryimage"},"thumbnailUrl":"http:\/\/www.shkoder.net\/2012\/berisha_janullatos.jpg","articleSection":["Artikuj"],"inLanguage":"sq-AL","potentialAction":[{"@type":"CommentAction","name":"Comment","target":["https:\/\/fjala.info\/2009-2015\/mos-i-puth-me-duart-e-janullatosit-baba-mondit-rrok-mirdites-e-selim-muces\/#respond"]}]},{"@type":"WebPage","@id":"https:\/\/fjala.info\/2009-2015\/mos-i-puth-me-duart-e-janullatosit-baba-mondit-rrok-mirdites-e-selim-muces\/","url":"https:\/\/fjala.info\/2009-2015\/mos-i-puth-me-duart-e-janullatosit-baba-mondit-rrok-mirdites-e-selim-muces\/","name":"Mos i puth m\u00eb duart e Janullatosit, Baba Mondit, Rrok Mirdit\u00ebs e Selim Mu\u00e7\u00ebs - FjALA e LIR\u00cb - Arkivi","isPartOf":{"@id":"https:\/\/fjala.info\/2009-2015\/#website"},"primaryImageOfPage":{"@id":"https:\/\/fjala.info\/2009-2015\/mos-i-puth-me-duart-e-janullatosit-baba-mondit-rrok-mirdites-e-selim-muces\/#primaryimage"},"image":{"@id":"https:\/\/fjala.info\/2009-2015\/mos-i-puth-me-duart-e-janullatosit-baba-mondit-rrok-mirdites-e-selim-muces\/#primaryimage"},"thumbnailUrl":"http:\/\/www.shkoder.net\/2012\/berisha_janullatos.jpg","datePublished":"2012-04-06T21:55:55+00:00","breadcrumb":{"@id":"https:\/\/fjala.info\/2009-2015\/mos-i-puth-me-duart-e-janullatosit-baba-mondit-rrok-mirdites-e-selim-muces\/#breadcrumb"},"inLanguage":"sq-AL","potentialAction":[{"@type":"ReadAction","target":["https:\/\/fjala.info\/2009-2015\/mos-i-puth-me-duart-e-janullatosit-baba-mondit-rrok-mirdites-e-selim-muces\/"]}]},{"@type":"ImageObject","inLanguage":"sq-AL","@id":"https:\/\/fjala.info\/2009-2015\/mos-i-puth-me-duart-e-janullatosit-baba-mondit-rrok-mirdites-e-selim-muces\/#primaryimage","url":"http:\/\/www.shkoder.net\/2012\/berisha_janullatos.jpg","contentUrl":"http:\/\/www.shkoder.net\/2012\/berisha_janullatos.jpg"},{"@type":"BreadcrumbList","@id":"https:\/\/fjala.info\/2009-2015\/mos-i-puth-me-duart-e-janullatosit-baba-mondit-rrok-mirdites-e-selim-muces\/#breadcrumb","itemListElement":[{"@type":"ListItem","position":1,"name":"Home","item":"https:\/\/fjala.info\/2009-2015\/"},{"@type":"ListItem","position":2,"name":"Mos i puth m\u00eb duart e Janullatosit, Baba Mondit, Rrok Mirdit\u00ebs e Selim Mu\u00e7\u00ebs"}]},{"@type":"WebSite","@id":"https:\/\/fjala.info\/2009-2015\/#website","url":"https:\/\/fjala.info\/2009-2015\/","name":"FjALA e LIR\u00cb - Arkivi","description":"Arkivi 2009-2015","publisher":{"@id":"https:\/\/fjala.info\/2009-2015\/#organization"},"potentialAction":[{"@type":"SearchAction","target":{"@type":"EntryPoint","urlTemplate":"https:\/\/fjala.info\/2009-2015\/?s={search_term_string}"},"query-input":{"@type":"PropertyValueSpecification","valueRequired":true,"valueName":"search_term_string"}}],"inLanguage":"sq-AL"},{"@type":"Organization","@id":"https:\/\/fjala.info\/2009-2015\/#organization","name":"FjALA e LIR\u00cb - Arkivi","url":"https:\/\/fjala.info\/2009-2015\/","logo":{"@type":"ImageObject","inLanguage":"sq-AL","@id":"https:\/\/fjala.info\/2009-2015\/#\/schema\/logo\/image\/","url":"","contentUrl":"","caption":"FjALA e LIR\u00cb - Arkivi"},"image":{"@id":"https:\/\/fjala.info\/2009-2015\/#\/schema\/logo\/image\/"}},{"@type":"Person","@id":"https:\/\/fjala.info\/2009-2015\/#\/schema\/person\/3aa1163ef05469c496fc94e77611ada2","name":"admin","image":{"@type":"ImageObject","inLanguage":"sq-AL","@id":"https:\/\/fjala.info\/2009-2015\/wp-content\/uploads\/2012\/02\/arben_cokaj-120x150.jpg","url":"https:\/\/fjala.info\/2009-2015\/wp-content\/uploads\/2012\/02\/arben_cokaj-120x150.jpg","contentUrl":"https:\/\/fjala.info\/2009-2015\/wp-content\/uploads\/2012\/02\/arben_cokaj-120x150.jpg","caption":"admin"},"description":"Admin, Fjala e Lir\u00eb","sameAs":["https:\/\/fjala.info\/"],"url":"https:\/\/fjala.info\/2009-2015\/author\/admin\/"}]}},"_links":{"self":[{"href":"https:\/\/fjala.info\/2009-2015\/wp-json\/wp\/v2\/posts\/11768","targetHints":{"allow":["GET"]}}],"collection":[{"href":"https:\/\/fjala.info\/2009-2015\/wp-json\/wp\/v2\/posts"}],"about":[{"href":"https:\/\/fjala.info\/2009-2015\/wp-json\/wp\/v2\/types\/post"}],"author":[{"embeddable":true,"href":"https:\/\/fjala.info\/2009-2015\/wp-json\/wp\/v2\/users\/1"}],"replies":[{"embeddable":true,"href":"https:\/\/fjala.info\/2009-2015\/wp-json\/wp\/v2\/comments?post=11768"}],"version-history":[{"count":0,"href":"https:\/\/fjala.info\/2009-2015\/wp-json\/wp\/v2\/posts\/11768\/revisions"}],"wp:attachment":[{"href":"https:\/\/fjala.info\/2009-2015\/wp-json\/wp\/v2\/media?parent=11768"}],"wp:term":[{"taxonomy":"category","embeddable":true,"href":"https:\/\/fjala.info\/2009-2015\/wp-json\/wp\/v2\/categories?post=11768"},{"taxonomy":"post_tag","embeddable":true,"href":"https:\/\/fjala.info\/2009-2015\/wp-json\/wp\/v2\/tags?post=11768"}],"curies":[{"name":"wp","href":"https:\/\/api.w.org\/{rel}","templated":true}]}}